{"id":180583,"date":"2026-03-14T14:23:32","date_gmt":"2026-03-14T11:23:32","guid":{"rendered":"https:\/\/buletin.de\/bucuresti\/?p=180583"},"modified":"2026-03-14T15:09:31","modified_gmt":"2026-03-14T12:09:31","slug":"restrictii-de-trafic-pe-autostrada-a2-bucuresti-constanta-se-circula-doar-pe-a-doua-banda","status":"publish","type":"post","link":"https:\/\/buletin.de\/bucuresti\/restrictii-de-trafic-pe-autostrada-a2-bucuresti-constanta-se-circula-doar-pe-a-doua-banda\/","title":{"rendered":"Restric\u021bii de trafic pe Autostrada A2 Bucure\u0219ti &#8211; Constan\u021ba. Se circul\u0103 doar pe a doua band\u0103"},"content":{"rendered":"\n<p><strong>Traficul este restrictionat pe Autostrada A2 Bucure\u0219ti &#8211; Constan\u021ba. Centrul INFOTRAFIC din Inspectoratul General al Poli\u021biei Rom\u00e2ne\u00a0informeaz\u0103 c\u0103 se circul\u0103 doar pe a doua band\u0103.<\/strong><\/p>\n\n\n\n<p>M\u0103sura este \u00een vigoare, pe tot parcursul zilei de ast\u0103zi, 14 martie.<\/p>\n\n\n\n<p>Traficul este restric\u021bionat pe prima band\u0103 pe Autostrada A2 Bucure\u0219ti &#8211; Constan\u021ba, pe ambele sensuri, \u00eentre kilometrii 160 &#8211; 161, pentru efectuarea lucr\u0103rilor necesare la rosturile de dilata\u021bie. Se va circula doar pe a doua band\u0103, cu limit\u0103 de vitez\u0103 de 60 km\/h.<\/p>\n\n\n\n<p>Conduc\u0103torii auto sunt sf\u0103tui\u021bi s\u0103 respecte semnifica\u021bia semnaliz\u0103rii temporare instituite \u00een zon\u0103, s\u0103 se asigure  \u00eenainte de schimbarea benzii de circula\u021bie, semnaliz\u00e2nd, din timp, efectuarea acestei manevre.<\/p>\n\n\n\n<p><strong>CITE\u0218TE \u0218I:<\/strong> <a href=\"https:\/\/buletin.de\/bucuresti\/patru-linii-stb-ar-putea-fi-deviate-duminica-seara-pentru-meciul-fcsb-metaloglobus\/\"><strong>Patru linii STB ar putea fi deviate, pentru meciul FCSB \u2013 Metaloglobus<\/strong><\/a><\/p>\n\n\n\n<h2 class=\"wp-block-heading\" id=\"h-trafic-restric\u021bionat-\u0219i-pe-\u0219oseaua-mihai-bravu-dupa-ce-o-bucata-din-asfalt-s-a-surpat\">Trafic restric\u021bionat \u0219i pe \u0218oseaua Mihai Bravu dup\u0103 ce o bucat\u0103 din asfalt s-a surpat<\/h2>\n\n\n\n<p><strong>Traficul este restric\u021bionat pe \u0218oseaua Mihai Bravu dup\u0103 ce o bucat\u0103 din asfalt s-a surpat, potrivit unui comunicat de pres\u0103 al&nbsp;<a href=\"https:\/\/b.politiaromana.ro\/\">Brig\u0103zii Rutiere<\/a>. La fa\u021ba locului, au intervenit echipele Temoenegetica, pentru asigurarea zonei afectate.<\/strong><\/p>\n\n\n\n<p>Incidentul s-a produs ast\u0103zi, 14 martie, pe \u0218oseaua Mihai Bravu nr. 307. Poli\u021bi\u0219tii Brig\u0103zii Rutiere au restric\u021bionat traficul pe \u0218oseaua Mihai Bravu de la Calea Vitan, c\u0103tre Bulevardul Camil Ressu.<\/p>\n\n\n\n<p><em>\u201e\u00cen acest context, s-a impus interven\u021bia imediat\u0103 a Companiei Municipale Termoenergetica, fiind afectat\u0103 o por\u021biune de aproximativ 1 m\u00b2 pe \u0218oseaua Mihai Bravu, \u00een proximitatea intersec\u021biei cu Bd. Camil Ressu.\u201d<\/em>&nbsp;au transmis reprezentan\u021bii Direc\u021biei Generale de Poli\u021bie din Capital\u0103.<\/p>\n\n\n\n<p>De asemenea, agen\u021bii de poli\u021bie rutier\u0103 recomand\u0103 \u0219oferilor s\u0103 circule cu pruden\u021b\u0103, s\u0103 evite zona pe durata efectu\u0103rii interven\u021biei, s\u0103 p\u0103streze o distan\u021b\u0103 suficient\u0103 pentru a putea fr\u00e2na \u00een condi\u021bii de siguran\u021b\u0103. Mai mult, \u0219oferii au obliga\u021bia de a respecta semnifica\u021bia semnaliz\u0103rii rutiere temporare, precum \u0219i semnalele \u0219i indica\u021biile poli\u021bi\u0219tilor rutieri.<\/p>\n\n\n\n<p><strong>CITE\u0218TE \u0218I:<\/strong> <a href=\"https:\/\/buletin.de\/bucuresti\/lucrari-pe-alte-patru-loturi-de-linie-de-tramvai-din-capitala-constructorii-asteapta-ordinele-de-incepere-club-feroviar\/\"><strong>Lucr\u0103ri pe alte patru loturi de linie de tramvai din Capital\u0103. Constructorii a\u0219teapt\u0103 ordinele de \u00eencepere | Club feroviar<\/strong><\/a><\/p>\n\n\n\n<p><\/p>\n","protected":false},"excerpt":{"rendered":"<p>Traficul este restrictionat pe Autostrada A2 Bucure\u0219ti &#8211; Constan\u021ba. Centrul INFOTRAFIC din Inspectoratul General al Poli\u021biei Rom\u00e2ne\u00a0informeaz\u0103 c\u0103 se circul\u0103 doar pe a doua band\u0103. M\u0103sura este \u00een vigoare, pe tot parcursul zilei de ast\u0103zi, 14 martie. Traficul este restric\u021bionat pe prima band\u0103 pe Autostrada A2 Bucure\u0219ti &#8211; Constan\u021ba, pe ambele sensuri, \u00eentre kilometrii 160 [&hellip;]<\/p>\n","protected":false},"author":49,"featured_media":137053,"comment_status":"closed","ping_status":"open","sticky":false,"template":"","format":"standard","meta":{"_acf_changed":false,"inline_featured_image":false,"ngg_post_thumbnail":0,"footnotes":""},"categories":[6994,5762,650],"tags":[13540,27092,12514],"ppma_author":[22574],"class_list":["post-180583","post","type-post","status-publish","format-standard","has-post-thumbnail","hentry","category-stiri-2","category-main","category-transport","tag-autostrada-a2","tag-restrictii-de-trafic-a2","tag-soseaua-mihai-bravu-2"],"acf":[],"yoast_head":"<!-- This site is optimized with the Yoast SEO Premium plugin v25.3 (Yoast SEO v27.4) - https:\/\/yoast.com\/product\/yoast-seo-premium-wordpress\/ -->\n<title>Restric\u021bii de trafic pe Autostrada A2 Bucure\u0219ti - Constan\u021ba. Se circul\u0103 doar pe a doua band\u0103 - Buletin de Bucure\u0219ti<\/title>\n<meta name=\"description\" content=\"Traficul este restrictionat pe pe Autostrada A2 Bucure\u0219ti - Constan\u021ba. InfoTrafic: se circul\u0103 doar pe a doua band\u0103.\" \/>\n<meta name=\"robots\" content=\"index, follow, max-snippet:-1, max-image-preview:large, max-video-preview:-1\" \/>\n<link rel=\"canonical\" href=\"https:\/\/buletin.de\/bucuresti\/restrictii-de-trafic-pe-autostrada-a2-bucuresti-constanta-se-circula-doar-pe-a-doua-banda\/\" \/>\n<meta property=\"og:locale\" content=\"en_GB\" \/>\n<meta property=\"og:type\" content=\"article\" \/>\n<meta property=\"og:title\" content=\"Restric\u021bii de trafic pe Autostrada A2 Bucure\u0219ti - Constan\u021ba. Se circul\u0103 doar pe a doua band\u0103\" \/>\n<meta property=\"og:description\" content=\"Traficul este restrictionat pe pe Autostrada A2 Bucure\u0219ti - Constan\u021ba. InfoTrafic: se circul\u0103 doar pe a doua band\u0103.\" \/>\n<meta property=\"og:url\" content=\"https:\/\/buletin.de\/bucuresti\/restrictii-de-trafic-pe-autostrada-a2-bucuresti-constanta-se-circula-doar-pe-a-doua-banda\/\" \/>\n<meta property=\"og:site_name\" content=\"Buletin de Bucure\u0219ti\" \/>\n<meta property=\"article:publisher\" content=\"https:\/\/www.facebook.com\/buletin.de.buc\" \/>\n<meta property=\"article:published_time\" content=\"2026-03-14T11:23:32+00:00\" \/>\n<meta property=\"article:modified_time\" content=\"2026-03-14T12:09:31+00:00\" \/>\n<meta property=\"og:image\" content=\"https:\/\/buletin.de\/bucuresti\/wp-content\/uploads\/2025\/07\/ID254338_INQUAM_Photos_Bogdan_Buda-scaled.jpg\" \/>\n\t<meta property=\"og:image:width\" content=\"2560\" \/>\n\t<meta property=\"og:image:height\" content=\"1707\" \/>\n\t<meta property=\"og:image:type\" content=\"image\/jpeg\" \/>\n<meta name=\"author\" content=\"Diana Matei\" \/>\n<meta name=\"twitter:card\" content=\"summary_large_image\" \/>\n<meta name=\"twitter:label1\" content=\"Written by\" \/>\n\t<meta name=\"twitter:data1\" content=\"Diana Matei\" \/>\n\t<meta name=\"twitter:label2\" content=\"Estimated reading time\" \/>\n\t<meta name=\"twitter:data2\" content=\"2 minutes\" \/>\n<script type=\"application\/ld+json\" class=\"yoast-schema-graph\">{\"@context\":\"https:\\\/\\\/schema.org\",\"@graph\":[{\"@type\":\"Article\",\"@id\":\"https:\\\/\\\/buletin.de\\\/bucuresti\\\/restrictii-de-trafic-pe-autostrada-a2-bucuresti-constanta-se-circula-doar-pe-a-doua-banda\\\/#article\",\"isPartOf\":{\"@id\":\"https:\\\/\\\/buletin.de\\\/bucuresti\\\/restrictii-de-trafic-pe-autostrada-a2-bucuresti-constanta-se-circula-doar-pe-a-doua-banda\\\/\"},\"author\":{\"name\":\"Diana Matei\",\"@id\":\"https:\\\/\\\/buletin.de\\\/bucuresti\\\/#\\\/schema\\\/person\\\/7e46040573290777280a0835d81ea4ea\"},\"headline\":\"Restric\u021bii de trafic pe Autostrada A2 Bucure\u0219ti &#8211; Constan\u021ba. Se circul\u0103 doar pe a doua band\u0103\",\"datePublished\":\"2026-03-14T11:23:32+00:00\",\"dateModified\":\"2026-03-14T12:09:31+00:00\",\"mainEntityOfPage\":{\"@id\":\"https:\\\/\\\/buletin.de\\\/bucuresti\\\/restrictii-de-trafic-pe-autostrada-a2-bucuresti-constanta-se-circula-doar-pe-a-doua-banda\\\/\"},\"wordCount\":376,\"publisher\":{\"@id\":\"https:\\\/\\\/buletin.de\\\/bucuresti\\\/#organization\"},\"image\":{\"@id\":\"https:\\\/\\\/buletin.de\\\/bucuresti\\\/restrictii-de-trafic-pe-autostrada-a2-bucuresti-constanta-se-circula-doar-pe-a-doua-banda\\\/#primaryimage\"},\"thumbnailUrl\":\"https:\\\/\\\/buletin.de\\\/bucuresti\\\/wp-content\\\/uploads\\\/2025\\\/07\\\/ID254338_INQUAM_Photos_Bogdan_Buda-scaled.jpg\",\"keywords\":[\"autostrada A2\",\"restrictii de trafic A2\",\"\u0218oseaua Mihai Bravu\"],\"articleSection\":[\"Articole\",\"Main\",\"Transport\"],\"inLanguage\":\"en-GB\",\"copyrightYear\":\"2026\",\"copyrightHolder\":{\"@id\":\"https:\\\/\\\/buletin.de\\\/bucuresti\\\/#organization\"}},{\"@type\":\"WebPage\",\"@id\":\"https:\\\/\\\/buletin.de\\\/bucuresti\\\/restrictii-de-trafic-pe-autostrada-a2-bucuresti-constanta-se-circula-doar-pe-a-doua-banda\\\/\",\"url\":\"https:\\\/\\\/buletin.de\\\/bucuresti\\\/restrictii-de-trafic-pe-autostrada-a2-bucuresti-constanta-se-circula-doar-pe-a-doua-banda\\\/\",\"name\":\"Restric\u021bii de trafic pe Autostrada A2 Bucure\u0219ti - Constan\u021ba. Se circul\u0103 doar pe a doua band\u0103 - Buletin de Bucure\u0219ti\",\"isPartOf\":{\"@id\":\"https:\\\/\\\/buletin.de\\\/bucuresti\\\/#website\"},\"primaryImageOfPage\":{\"@id\":\"https:\\\/\\\/buletin.de\\\/bucuresti\\\/restrictii-de-trafic-pe-autostrada-a2-bucuresti-constanta-se-circula-doar-pe-a-doua-banda\\\/#primaryimage\"},\"image\":{\"@id\":\"https:\\\/\\\/buletin.de\\\/bucuresti\\\/restrictii-de-trafic-pe-autostrada-a2-bucuresti-constanta-se-circula-doar-pe-a-doua-banda\\\/#primaryimage\"},\"thumbnailUrl\":\"https:\\\/\\\/buletin.de\\\/bucuresti\\\/wp-content\\\/uploads\\\/2025\\\/07\\\/ID254338_INQUAM_Photos_Bogdan_Buda-scaled.jpg\",\"datePublished\":\"2026-03-14T11:23:32+00:00\",\"dateModified\":\"2026-03-14T12:09:31+00:00\",\"description\":\"Traficul este restrictionat pe pe Autostrada A2 Bucure\u0219ti - Constan\u021ba. InfoTrafic: se circul\u0103 doar pe a doua band\u0103.\",\"breadcrumb\":{\"@id\":\"https:\\\/\\\/buletin.de\\\/bucuresti\\\/restrictii-de-trafic-pe-autostrada-a2-bucuresti-constanta-se-circula-doar-pe-a-doua-banda\\\/#breadcrumb\"},\"inLanguage\":\"en-GB\",\"potentialAction\":[{\"@type\":\"ReadAction\",\"target\":[\"https:\\\/\\\/buletin.de\\\/bucuresti\\\/restrictii-de-trafic-pe-autostrada-a2-bucuresti-constanta-se-circula-doar-pe-a-doua-banda\\\/\"]}]},{\"@type\":\"ImageObject\",\"inLanguage\":\"en-GB\",\"@id\":\"https:\\\/\\\/buletin.de\\\/bucuresti\\\/restrictii-de-trafic-pe-autostrada-a2-bucuresti-constanta-se-circula-doar-pe-a-doua-banda\\\/#primaryimage\",\"url\":\"https:\\\/\\\/buletin.de\\\/bucuresti\\\/wp-content\\\/uploads\\\/2025\\\/07\\\/ID254338_INQUAM_Photos_Bogdan_Buda-scaled.jpg\",\"contentUrl\":\"https:\\\/\\\/buletin.de\\\/bucuresti\\\/wp-content\\\/uploads\\\/2025\\\/07\\\/ID254338_INQUAM_Photos_Bogdan_Buda-scaled.jpg\",\"width\":2560,\"height\":1707,\"caption\":\"Restric\u021bii de trafic pe Autostrada A2 Bucure\u0219ti - Constan\u021ba. Se circul\u0103 doar pe a doua band\u0103. FOTO: Arhiva\"},{\"@type\":\"BreadcrumbList\",\"@id\":\"https:\\\/\\\/buletin.de\\\/bucuresti\\\/restrictii-de-trafic-pe-autostrada-a2-bucuresti-constanta-se-circula-doar-pe-a-doua-banda\\\/#breadcrumb\",\"itemListElement\":[{\"@type\":\"ListItem\",\"position\":1,\"name\":\"Acas\u0103\",\"item\":\"https:\\\/\\\/buletin.de\\\/bucuresti\\\/\"},{\"@type\":\"ListItem\",\"position\":2,\"name\":\"Restric\u021bii de trafic pe Autostrada A2 Bucure\u0219ti &#8211; Constan\u021ba. Se circul\u0103 doar pe a doua band\u0103\"}]},{\"@type\":\"WebSite\",\"@id\":\"https:\\\/\\\/buletin.de\\\/bucuresti\\\/#website\",\"url\":\"https:\\\/\\\/buletin.de\\\/bucuresti\\\/\",\"name\":\"Buletin de Bucure\u0219ti\",\"description\":\"\u0218tiri \u0219i investiga\u021bii esen\u021biale din capital\u0103\",\"publisher\":{\"@id\":\"https:\\\/\\\/buletin.de\\\/bucuresti\\\/#organization\"},\"potentialAction\":[{\"@type\":\"SearchAction\",\"target\":{\"@type\":\"EntryPoint\",\"urlTemplate\":\"https:\\\/\\\/buletin.de\\\/bucuresti\\\/?s={search_term_string}\"},\"query-input\":{\"@type\":\"PropertyValueSpecification\",\"valueRequired\":true,\"valueName\":\"search_term_string\"}}],\"inLanguage\":\"en-GB\"},{\"@type\":\"Organization\",\"@id\":\"https:\\\/\\\/buletin.de\\\/bucuresti\\\/#organization\",\"name\":\"Buletin de Bucure\u0219ti\",\"url\":\"https:\\\/\\\/buletin.de\\\/bucuresti\\\/\",\"logo\":{\"@type\":\"ImageObject\",\"inLanguage\":\"en-GB\",\"@id\":\"https:\\\/\\\/buletin.de\\\/bucuresti\\\/#\\\/schema\\\/logo\\\/image\\\/\",\"url\":\"https:\\\/\\\/buletin.de\\\/bucuresti\\\/wp-content\\\/uploads\\\/logo-bdb-full-wide-vernil-transparent.png\",\"contentUrl\":\"https:\\\/\\\/buletin.de\\\/bucuresti\\\/wp-content\\\/uploads\\\/logo-bdb-full-wide-vernil-transparent.png\",\"width\":1782,\"height\":626,\"caption\":\"Buletin de Bucure\u0219ti\"},\"image\":{\"@id\":\"https:\\\/\\\/buletin.de\\\/bucuresti\\\/#\\\/schema\\\/logo\\\/image\\\/\"},\"sameAs\":[\"https:\\\/\\\/www.facebook.com\\\/buletin.de.buc\",\"https:\\\/\\\/www.instagram.com\\\/buletinde.bucuresti\\\/\"]},{\"@type\":\"Person\",\"@id\":\"https:\\\/\\\/buletin.de\\\/bucuresti\\\/#\\\/schema\\\/person\\\/7e46040573290777280a0835d81ea4ea\",\"name\":\"Diana Matei\",\"image\":{\"@type\":\"ImageObject\",\"inLanguage\":\"en-GB\",\"@id\":\"https:\\\/\\\/buletin.de\\\/bucuresti\\\/wp-content\\\/uploads\\\/9-2-96x96.jpg1e8590b30871d70e62ebcdaf2eff570c\",\"url\":\"https:\\\/\\\/buletin.de\\\/bucuresti\\\/wp-content\\\/uploads\\\/9-2-96x96.jpg\",\"contentUrl\":\"https:\\\/\\\/buletin.de\\\/bucuresti\\\/wp-content\\\/uploads\\\/9-2-96x96.jpg\",\"caption\":\"Diana Matei\"},\"url\":\"https:\\\/\\\/buletin.de\\\/bucuresti\\\/author\\\/dianamatei\\\/\"}]}<\/script>\n<!-- \/ Yoast SEO Premium plugin. -->","yoast_head_json":{"title":"Restric\u021bii de trafic pe Autostrada A2 Bucure\u0219ti - Constan\u021ba. Se circul\u0103 doar pe a doua band\u0103 - Buletin de Bucure\u0219ti","description":"Traficul este restrictionat pe pe Autostrada A2 Bucure\u0219ti - Constan\u021ba. InfoTrafic: se circul\u0103 doar pe a doua band\u0103.","robots":{"index":"index","follow":"follow","max-snippet":"max-snippet:-1","max-image-preview":"max-image-preview:large","max-video-preview":"max-video-preview:-1"},"canonical":"https:\/\/buletin.de\/bucuresti\/restrictii-de-trafic-pe-autostrada-a2-bucuresti-constanta-se-circula-doar-pe-a-doua-banda\/","og_locale":"en_GB","og_type":"article","og_title":"Restric\u021bii de trafic pe Autostrada A2 Bucure\u0219ti - Constan\u021ba. Se circul\u0103 doar pe a doua band\u0103","og_description":"Traficul este restrictionat pe pe Autostrada A2 Bucure\u0219ti - Constan\u021ba. InfoTrafic: se circul\u0103 doar pe a doua band\u0103.","og_url":"https:\/\/buletin.de\/bucuresti\/restrictii-de-trafic-pe-autostrada-a2-bucuresti-constanta-se-circula-doar-pe-a-doua-banda\/","og_site_name":"Buletin de Bucure\u0219ti","article_publisher":"https:\/\/www.facebook.com\/buletin.de.buc","article_published_time":"2026-03-14T11:23:32+00:00","article_modified_time":"2026-03-14T12:09:31+00:00","og_image":[{"width":2560,"height":1707,"url":"https:\/\/buletin.de\/bucuresti\/wp-content\/uploads\/2025\/07\/ID254338_INQUAM_Photos_Bogdan_Buda-scaled.jpg","type":"image\/jpeg"}],"author":"Diana Matei","twitter_card":"summary_large_image","twitter_misc":{"Written by":"Diana Matei","Estimated reading time":"2 minutes"},"schema":{"@context":"https:\/\/schema.org","@graph":[{"@type":"Article","@id":"https:\/\/buletin.de\/bucuresti\/restrictii-de-trafic-pe-autostrada-a2-bucuresti-constanta-se-circula-doar-pe-a-doua-banda\/#article","isPartOf":{"@id":"https:\/\/buletin.de\/bucuresti\/restrictii-de-trafic-pe-autostrada-a2-bucuresti-constanta-se-circula-doar-pe-a-doua-banda\/"},"author":{"name":"Diana Matei","@id":"https:\/\/buletin.de\/bucuresti\/#\/schema\/person\/7e46040573290777280a0835d81ea4ea"},"headline":"Restric\u021bii de trafic pe Autostrada A2 Bucure\u0219ti &#8211; Constan\u021ba. Se circul\u0103 doar pe a doua band\u0103","datePublished":"2026-03-14T11:23:32+00:00","dateModified":"2026-03-14T12:09:31+00:00","mainEntityOfPage":{"@id":"https:\/\/buletin.de\/bucuresti\/restrictii-de-trafic-pe-autostrada-a2-bucuresti-constanta-se-circula-doar-pe-a-doua-banda\/"},"wordCount":376,"publisher":{"@id":"https:\/\/buletin.de\/bucuresti\/#organization"},"image":{"@id":"https:\/\/buletin.de\/bucuresti\/restrictii-de-trafic-pe-autostrada-a2-bucuresti-constanta-se-circula-doar-pe-a-doua-banda\/#primaryimage"},"thumbnailUrl":"https:\/\/buletin.de\/bucuresti\/wp-content\/uploads\/2025\/07\/ID254338_INQUAM_Photos_Bogdan_Buda-scaled.jpg","keywords":["autostrada A2","restrictii de trafic A2","\u0218oseaua Mihai Bravu"],"articleSection":["Articole","Main","Transport"],"inLanguage":"en-GB","copyrightYear":"2026","copyrightHolder":{"@id":"https:\/\/buletin.de\/bucuresti\/#organization"}},{"@type":"WebPage","@id":"https:\/\/buletin.de\/bucuresti\/restrictii-de-trafic-pe-autostrada-a2-bucuresti-constanta-se-circula-doar-pe-a-doua-banda\/","url":"https:\/\/buletin.de\/bucuresti\/restrictii-de-trafic-pe-autostrada-a2-bucuresti-constanta-se-circula-doar-pe-a-doua-banda\/","name":"Restric\u021bii de trafic pe Autostrada A2 Bucure\u0219ti - Constan\u021ba. Se circul\u0103 doar pe a doua band\u0103 - Buletin de Bucure\u0219ti","isPartOf":{"@id":"https:\/\/buletin.de\/bucuresti\/#website"},"primaryImageOfPage":{"@id":"https:\/\/buletin.de\/bucuresti\/restrictii-de-trafic-pe-autostrada-a2-bucuresti-constanta-se-circula-doar-pe-a-doua-banda\/#primaryimage"},"image":{"@id":"https:\/\/buletin.de\/bucuresti\/restrictii-de-trafic-pe-autostrada-a2-bucuresti-constanta-se-circula-doar-pe-a-doua-banda\/#primaryimage"},"thumbnailUrl":"https:\/\/buletin.de\/bucuresti\/wp-content\/uploads\/2025\/07\/ID254338_INQUAM_Photos_Bogdan_Buda-scaled.jpg","datePublished":"2026-03-14T11:23:32+00:00","dateModified":"2026-03-14T12:09:31+00:00","description":"Traficul este restrictionat pe pe Autostrada A2 Bucure\u0219ti - Constan\u021ba. InfoTrafic: se circul\u0103 doar pe a doua band\u0103.","breadcrumb":{"@id":"https:\/\/buletin.de\/bucuresti\/restrictii-de-trafic-pe-autostrada-a2-bucuresti-constanta-se-circula-doar-pe-a-doua-banda\/#breadcrumb"},"inLanguage":"en-GB","potentialAction":[{"@type":"ReadAction","target":["https:\/\/buletin.de\/bucuresti\/restrictii-de-trafic-pe-autostrada-a2-bucuresti-constanta-se-circula-doar-pe-a-doua-banda\/"]}]},{"@type":"ImageObject","inLanguage":"en-GB","@id":"https:\/\/buletin.de\/bucuresti\/restrictii-de-trafic-pe-autostrada-a2-bucuresti-constanta-se-circula-doar-pe-a-doua-banda\/#primaryimage","url":"https:\/\/buletin.de\/bucuresti\/wp-content\/uploads\/2025\/07\/ID254338_INQUAM_Photos_Bogdan_Buda-scaled.jpg","contentUrl":"https:\/\/buletin.de\/bucuresti\/wp-content\/uploads\/2025\/07\/ID254338_INQUAM_Photos_Bogdan_Buda-scaled.jpg","width":2560,"height":1707,"caption":"Restric\u021bii de trafic pe Autostrada A2 Bucure\u0219ti - Constan\u021ba. Se circul\u0103 doar pe a doua band\u0103. FOTO: Arhiva"},{"@type":"BreadcrumbList","@id":"https:\/\/buletin.de\/bucuresti\/restrictii-de-trafic-pe-autostrada-a2-bucuresti-constanta-se-circula-doar-pe-a-doua-banda\/#breadcrumb","itemListElement":[{"@type":"ListItem","position":1,"name":"Acas\u0103","item":"https:\/\/buletin.de\/bucuresti\/"},{"@type":"ListItem","position":2,"name":"Restric\u021bii de trafic pe Autostrada A2 Bucure\u0219ti &#8211; Constan\u021ba. Se circul\u0103 doar pe a doua band\u0103"}]},{"@type":"WebSite","@id":"https:\/\/buletin.de\/bucuresti\/#website","url":"https:\/\/buletin.de\/bucuresti\/","name":"Buletin de Bucure\u0219ti","description":"\u0218tiri \u0219i investiga\u021bii esen\u021biale din capital\u0103","publisher":{"@id":"https:\/\/buletin.de\/bucuresti\/#organization"},"potentialAction":[{"@type":"SearchAction","target":{"@type":"EntryPoint","urlTemplate":"https:\/\/buletin.de\/bucuresti\/?s={search_term_string}"},"query-input":{"@type":"PropertyValueSpecification","valueRequired":true,"valueName":"search_term_string"}}],"inLanguage":"en-GB"},{"@type":"Organization","@id":"https:\/\/buletin.de\/bucuresti\/#organization","name":"Buletin de Bucure\u0219ti","url":"https:\/\/buletin.de\/bucuresti\/","logo":{"@type":"ImageObject","inLanguage":"en-GB","@id":"https:\/\/buletin.de\/bucuresti\/#\/schema\/logo\/image\/","url":"https:\/\/buletin.de\/bucuresti\/wp-content\/uploads\/logo-bdb-full-wide-vernil-transparent.png","contentUrl":"https:\/\/buletin.de\/bucuresti\/wp-content\/uploads\/logo-bdb-full-wide-vernil-transparent.png","width":1782,"height":626,"caption":"Buletin de Bucure\u0219ti"},"image":{"@id":"https:\/\/buletin.de\/bucuresti\/#\/schema\/logo\/image\/"},"sameAs":["https:\/\/www.facebook.com\/buletin.de.buc","https:\/\/www.instagram.com\/buletinde.bucuresti\/"]},{"@type":"Person","@id":"https:\/\/buletin.de\/bucuresti\/#\/schema\/person\/7e46040573290777280a0835d81ea4ea","name":"Diana Matei","image":{"@type":"ImageObject","inLanguage":"en-GB","@id":"https:\/\/buletin.de\/bucuresti\/wp-content\/uploads\/9-2-96x96.jpg1e8590b30871d70e62ebcdaf2eff570c","url":"https:\/\/buletin.de\/bucuresti\/wp-content\/uploads\/9-2-96x96.jpg","contentUrl":"https:\/\/buletin.de\/bucuresti\/wp-content\/uploads\/9-2-96x96.jpg","caption":"Diana Matei"},"url":"https:\/\/buletin.de\/bucuresti\/author\/dianamatei\/"}]}},"authors":[{"term_id":22574,"user_id":49,"is_guest":0,"slug":"dianamatei","display_name":"Diana Matei","avatar_url":"https:\/\/buletin.de\/bucuresti\/wp-content\/uploads\/9-2-96x96.jpg","0":null,"1":"","2":"","3":"","4":"","5":"","6":"","7":"","8":""}],"_links":{"self":[{"href":"https:\/\/buletin.de\/bucuresti\/wp-json\/wp\/v2\/posts\/180583","targetHints":{"allow":["GET"]}}],"collection":[{"href":"https:\/\/buletin.de\/bucuresti\/wp-json\/wp\/v2\/posts"}],"about":[{"href":"https:\/\/buletin.de\/bucuresti\/wp-json\/wp\/v2\/types\/post"}],"author":[{"embeddable":true,"href":"https:\/\/buletin.de\/bucuresti\/wp-json\/wp\/v2\/users\/49"}],"replies":[{"embeddable":true,"href":"https:\/\/buletin.de\/bucuresti\/wp-json\/wp\/v2\/comments?post=180583"}],"version-history":[{"count":4,"href":"https:\/\/buletin.de\/bucuresti\/wp-json\/wp\/v2\/posts\/180583\/revisions"}],"predecessor-version":[{"id":180609,"href":"https:\/\/buletin.de\/bucuresti\/wp-json\/wp\/v2\/posts\/180583\/revisions\/180609"}],"wp:featuredmedia":[{"embeddable":true,"href":"https:\/\/buletin.de\/bucuresti\/wp-json\/wp\/v2\/media\/137053"}],"wp:attachment":[{"href":"https:\/\/buletin.de\/bucuresti\/wp-json\/wp\/v2\/media?parent=180583"}],"wp:term":[{"taxonomy":"category","embeddable":true,"href":"https:\/\/buletin.de\/bucuresti\/wp-json\/wp\/v2\/categories?post=180583"},{"taxonomy":"post_tag","embeddable":true,"href":"https:\/\/buletin.de\/bucuresti\/wp-json\/wp\/v2\/tags?post=180583"},{"taxonomy":"author","embeddable":true,"href":"https:\/\/buletin.de\/bucuresti\/wp-json\/wp\/v2\/ppma_author?post=180583"}],"curies":[{"name":"wp","href":"https:\/\/api.w.org\/{rel}","templated":true}]}}