{"id":180556,"date":"2026-03-14T13:22:47","date_gmt":"2026-03-14T10:22:47","guid":{"rendered":"https:\/\/buletin.de\/bucuresti\/?p=180556"},"modified":"2026-03-15T20:54:42","modified_gmt":"2026-03-15T17:54:42","slug":"amenzi-de-peste-10-mii-de-euro-pentru-nerespectarea-legii-antifumat-in-sectorul-2","status":"publish","type":"post","link":"https:\/\/buletin.de\/bucuresti\/amenzi-de-peste-10-mii-de-euro-pentru-nerespectarea-legii-antifumat-in-sectorul-2\/","title":{"rendered":"Amenzi de peste 10.000 de euro pentru nerespectarea legii antifumat, \u00een Sectorul 2"},"content":{"rendered":"\n<p><strong>Nerespectarea legii antifumat a scos din buzunarele operatorilor economici 52.000 de lei. Amenzil au fost date de Poli\u021bia Local\u0103 \u00een Sectorul 2.<\/strong><\/p>\n\n\n\n<p>Poli\u021bi\u0219tii locali din cadrul Direc\u021biei Control &#8211; Compartimentului Control Comercial au desf\u0103\u0219urat ac\u021biuni de control de la \u00eenceputul lunii februarie, \u00een intervalul orar 18:00 \u2013 02:00, \u00een nop\u021bile de vineri \u0219i s\u00e2mb\u0103t\u0103.<\/p>\n\n\n\n<p>Echipele de politi\u0219ti au verificarea respectarea legisla\u021biei privind prevenirea \u0219i combaterea efectelor consumului produselor din tutun.<\/p>\n\n\n\n<p>Bilantul Poli\u021biei Locale este urm\u0103torul:<\/p>\n\n\n\n<ul class=\"wp-block-list\">\n<li>71 loca\u021bii verificate;<\/li>\n\n\n\n<li>13 sanc\u021biuni aplicate;<\/li>\n\n\n\n<li>52.000 lei valoare total\u0103 amenzi.<\/li>\n<\/ul>\n\n\n\n<p>Controalele au vizat agen\u021bii economici care nu respectau prevederile legale, privind fumatul \u00een spa\u021biile unde acesta este interzis.<\/p>\n\n\n\n<p>Poli\u021bia Local\u0103 Sector 2 atrage aten\u021bia operatorilor economici c\u0103 astfel de verific\u0103ri vor continua \u0219i \u00een perioada urm\u0103toare, pentru respectarea legii.<\/p>\n\n\n\n<p><strong>CITE\u0218TE \u0218I:<\/strong> <a href=\"https:\/\/buletin.de\/bucuresti\/retele-electrice-muntenia-intrerupe-curentul-electric-in-bucuresti-ilfov-si-giurgiu-care-sunt-zonele-afectate-7\/\" target=\"_blank\" rel=\"noreferrer noopener\"><strong>Re\u021bele Electrice Muntenia \u00eentrerupe curentul electric \u00een Bucure\u0219ti, Ilfov \u0219i Giurgiu. Care sunt zonele afectate<\/strong><\/a><\/p>\n\n\n\n<h2 class=\"wp-block-heading\" id=\"h-ce-prevede-legea-antifumat\">Ce prevede legea antifumat<\/h2>\n\n\n\n<p>Legea interzice fumatul, \u00een Rom\u00e2nia, \u00een toate spa\u021biile publice \u00eenchise, locurile de munc\u0103, mijloacele de transport \u00een comun \u0219i locurile de joac\u0103 pentru copii. Fumatul este permis doar \u00een spa\u021bii deschise sau \u00een camere special amenajate pentru fumat. Nerespectarea atrage amenzi contraven\u021bionale pentru persoane fizice \u0219i juridice.<\/p>\n\n\n\n<p>Interdic\u021bia se aplic\u0103 \u021bigaretelor, \u021big\u0103rilor de foi, \u021big\u0103rilor electronice, dispozitivelor de vapat \u0219i narghilelei.<\/p>\n\n\n\n<p>Conform legii, spa\u021biului public \u00eenchis \u00eenseamn\u0103 orice spa\u021biu accesibil publicului sau destinat utiliz\u0103rii colective, indiferent de forma de proprietate, cu cel pu\u021bin doi pere\u021bi \u0219i acoperi\u0219.<\/p>\n\n\n\n<p>Pentru nerespectarea legii antifumat, <strong>persoanele fizice<\/strong> primesc amend\u0103 contraven\u021bional\u0103, iar <strong>persoanele juridice<\/strong> amenzi, suspendarea activit\u0103\u021bii sau \u00eenchiderea.<\/p>\n\n\n\n<p>Un proiect de lege, aflat \u00een dezbatere la Senat, propune interzicerea fumatului \u0219i vapatului pentru minori \u00een toate spa\u021biile publice, inclusiv \u00een aer liber. \u00cen propunerea legislativ\u0103 sunt men\u021bionate inclusiv \u021big\u0103rile electronice \u0219i dispozitivele de vapat.<\/p>\n\n\n\n<p><strong>CITE\u0218TE \u0218I:<\/strong> <a href=\"https:\/\/buletin.de\/bucuresti\/apa-nova-anunta-zonele-din-bucuresti-care-raman-fara-apa-rece-saptamana-aceasta\/\" target=\"_blank\" rel=\"noreferrer noopener\"><strong>Apa Nova anun\u021b\u0103 zonele din Bucure\u0219ti care r\u0103m\u00e2n f\u0103r\u0103 ap\u0103 rece s\u0103pt\u0103m\u00e2na viitoare<\/strong><\/a><\/p>\n\n\n\n<p><\/p>\n","protected":false},"excerpt":{"rendered":"<p>Nerespectarea legii antifumat a scos din buzunarele operatorilor economici 52.000 de lei. Amenzil au fost date de Poli\u021bia Local\u0103 \u00een Sectorul 2. Poli\u021bi\u0219tii locali din cadrul Direc\u021biei Control &#8211; Compartimentului Control Comercial au desf\u0103\u0219urat ac\u021biuni de control de la \u00eenceputul lunii februarie, \u00een intervalul orar 18:00 \u2013 02:00, \u00een nop\u021bile de vineri \u0219i s\u00e2mb\u0103t\u0103. Echipele [&hellip;]<\/p>\n","protected":false},"author":49,"featured_media":180569,"comment_status":"closed","ping_status":"open","sticky":false,"template":"","format":"standard","meta":{"_acf_changed":false,"inline_featured_image":false,"ngg_post_thumbnail":0,"footnotes":""},"categories":[6994,62],"tags":[27084,10373,27085,229],"ppma_author":[22574],"class_list":["post-180556","post","type-post","status-publish","format-standard","has-post-thumbnail","hentry","category-stiri-2","category-stiri","tag-legea-antifumat","tag-politia-locala-sector-2","tag-sanctiuni-lege-antifumat","tag-sector-2"],"acf":[],"yoast_head":"<!-- This site is optimized with the Yoast SEO Premium plugin v25.3 (Yoast SEO v27.4) - https:\/\/yoast.com\/product\/yoast-seo-premium-wordpress\/ -->\n<title>Amenzi de peste 10.000 de euro pentru nerespectarea legii antifumat, \u00een Sectorul 2 - Buletin de Bucure\u0219ti<\/title>\n<meta name=\"description\" content=\"Nerespectarea legii antifumat a scos din buzunarele operatorilor economici 52.000 lei, peste 10 mii de euro.\" \/>\n<meta name=\"robots\" content=\"index, follow, max-snippet:-1, max-image-preview:large, max-video-preview:-1\" \/>\n<link rel=\"canonical\" href=\"https:\/\/buletin.de\/bucuresti\/amenzi-de-peste-10-mii-de-euro-pentru-nerespectarea-legii-antifumat-in-sectorul-2\/\" \/>\n<meta property=\"og:locale\" content=\"en_GB\" \/>\n<meta property=\"og:type\" content=\"article\" \/>\n<meta property=\"og:title\" content=\"Amenzi de peste 10.000 de euro pentru nerespectarea legii antifumat, \u00een Sectorul 2\" \/>\n<meta property=\"og:description\" content=\"Nerespectarea legii antifumat a scos din buzunarele operatorilor economici 52.000 lei, peste 10 mii de euro.\" \/>\n<meta property=\"og:url\" content=\"https:\/\/buletin.de\/bucuresti\/amenzi-de-peste-10-mii-de-euro-pentru-nerespectarea-legii-antifumat-in-sectorul-2\/\" \/>\n<meta property=\"og:site_name\" content=\"Buletin de Bucure\u0219ti\" \/>\n<meta property=\"article:publisher\" content=\"https:\/\/www.facebook.com\/buletin.de.buc\" \/>\n<meta property=\"article:published_time\" content=\"2026-03-14T10:22:47+00:00\" \/>\n<meta property=\"article:modified_time\" content=\"2026-03-15T17:54:42+00:00\" \/>\n<meta property=\"og:image\" content=\"https:\/\/buletin.de\/bucuresti\/wp-content\/uploads\/2026\/03\/606481310_1515376130594135_2443084530802266023_n.jpg\" \/>\n\t<meta property=\"og:image:width\" content=\"1044\" \/>\n\t<meta property=\"og:image:height\" content=\"588\" \/>\n\t<meta property=\"og:image:type\" content=\"image\/jpeg\" \/>\n<meta name=\"author\" content=\"Diana Matei\" \/>\n<meta name=\"twitter:card\" content=\"summary_large_image\" \/>\n<meta name=\"twitter:label1\" content=\"Written by\" \/>\n\t<meta name=\"twitter:data1\" content=\"Diana Matei\" \/>\n\t<meta name=\"twitter:label2\" content=\"Estimated reading time\" \/>\n\t<meta name=\"twitter:data2\" content=\"2 minutes\" \/>\n<script type=\"application\/ld+json\" class=\"yoast-schema-graph\">{\"@context\":\"https:\\\/\\\/schema.org\",\"@graph\":[{\"@type\":\"Article\",\"@id\":\"https:\\\/\\\/buletin.de\\\/bucuresti\\\/amenzi-de-peste-10-mii-de-euro-pentru-nerespectarea-legii-antifumat-in-sectorul-2\\\/#article\",\"isPartOf\":{\"@id\":\"https:\\\/\\\/buletin.de\\\/bucuresti\\\/amenzi-de-peste-10-mii-de-euro-pentru-nerespectarea-legii-antifumat-in-sectorul-2\\\/\"},\"author\":{\"name\":\"Diana Matei\",\"@id\":\"https:\\\/\\\/buletin.de\\\/bucuresti\\\/#\\\/schema\\\/person\\\/7e46040573290777280a0835d81ea4ea\"},\"headline\":\"Amenzi de peste 10.000 de euro pentru nerespectarea legii antifumat, \u00een Sectorul 2\",\"datePublished\":\"2026-03-14T10:22:47+00:00\",\"dateModified\":\"2026-03-15T17:54:42+00:00\",\"mainEntityOfPage\":{\"@id\":\"https:\\\/\\\/buletin.de\\\/bucuresti\\\/amenzi-de-peste-10-mii-de-euro-pentru-nerespectarea-legii-antifumat-in-sectorul-2\\\/\"},\"wordCount\":352,\"publisher\":{\"@id\":\"https:\\\/\\\/buletin.de\\\/bucuresti\\\/#organization\"},\"image\":{\"@id\":\"https:\\\/\\\/buletin.de\\\/bucuresti\\\/amenzi-de-peste-10-mii-de-euro-pentru-nerespectarea-legii-antifumat-in-sectorul-2\\\/#primaryimage\"},\"thumbnailUrl\":\"https:\\\/\\\/buletin.de\\\/bucuresti\\\/wp-content\\\/uploads\\\/2026\\\/03\\\/606481310_1515376130594135_2443084530802266023_n.jpg\",\"keywords\":[\"legea antifumat\",\"politia locala sector 2\",\"sanctiuni lege antifumat\",\"Sector 2\"],\"articleSection\":[\"Articole\",\"\u0218tiri\"],\"inLanguage\":\"en-GB\",\"copyrightYear\":\"2026\",\"copyrightHolder\":{\"@id\":\"https:\\\/\\\/buletin.de\\\/bucuresti\\\/#organization\"}},{\"@type\":\"WebPage\",\"@id\":\"https:\\\/\\\/buletin.de\\\/bucuresti\\\/amenzi-de-peste-10-mii-de-euro-pentru-nerespectarea-legii-antifumat-in-sectorul-2\\\/\",\"url\":\"https:\\\/\\\/buletin.de\\\/bucuresti\\\/amenzi-de-peste-10-mii-de-euro-pentru-nerespectarea-legii-antifumat-in-sectorul-2\\\/\",\"name\":\"Amenzi de peste 10.000 de euro pentru nerespectarea legii antifumat, \u00een Sectorul 2 - Buletin de Bucure\u0219ti\",\"isPartOf\":{\"@id\":\"https:\\\/\\\/buletin.de\\\/bucuresti\\\/#website\"},\"primaryImageOfPage\":{\"@id\":\"https:\\\/\\\/buletin.de\\\/bucuresti\\\/amenzi-de-peste-10-mii-de-euro-pentru-nerespectarea-legii-antifumat-in-sectorul-2\\\/#primaryimage\"},\"image\":{\"@id\":\"https:\\\/\\\/buletin.de\\\/bucuresti\\\/amenzi-de-peste-10-mii-de-euro-pentru-nerespectarea-legii-antifumat-in-sectorul-2\\\/#primaryimage\"},\"thumbnailUrl\":\"https:\\\/\\\/buletin.de\\\/bucuresti\\\/wp-content\\\/uploads\\\/2026\\\/03\\\/606481310_1515376130594135_2443084530802266023_n.jpg\",\"datePublished\":\"2026-03-14T10:22:47+00:00\",\"dateModified\":\"2026-03-15T17:54:42+00:00\",\"description\":\"Nerespectarea legii antifumat a scos din buzunarele operatorilor economici 52.000 lei, peste 10 mii de euro.\",\"breadcrumb\":{\"@id\":\"https:\\\/\\\/buletin.de\\\/bucuresti\\\/amenzi-de-peste-10-mii-de-euro-pentru-nerespectarea-legii-antifumat-in-sectorul-2\\\/#breadcrumb\"},\"inLanguage\":\"en-GB\",\"potentialAction\":[{\"@type\":\"ReadAction\",\"target\":[\"https:\\\/\\\/buletin.de\\\/bucuresti\\\/amenzi-de-peste-10-mii-de-euro-pentru-nerespectarea-legii-antifumat-in-sectorul-2\\\/\"]}]},{\"@type\":\"ImageObject\",\"inLanguage\":\"en-GB\",\"@id\":\"https:\\\/\\\/buletin.de\\\/bucuresti\\\/amenzi-de-peste-10-mii-de-euro-pentru-nerespectarea-legii-antifumat-in-sectorul-2\\\/#primaryimage\",\"url\":\"https:\\\/\\\/buletin.de\\\/bucuresti\\\/wp-content\\\/uploads\\\/2026\\\/03\\\/606481310_1515376130594135_2443084530802266023_n.jpg\",\"contentUrl\":\"https:\\\/\\\/buletin.de\\\/bucuresti\\\/wp-content\\\/uploads\\\/2026\\\/03\\\/606481310_1515376130594135_2443084530802266023_n.jpg\",\"width\":1044,\"height\":588,\"caption\":\"Amenzi de peste 10 mii de euro, pentru nerespectarea legii antifumat, \u00een Sectorul 2. FOTO: independent.md\\\/ Facebook\"},{\"@type\":\"BreadcrumbList\",\"@id\":\"https:\\\/\\\/buletin.de\\\/bucuresti\\\/amenzi-de-peste-10-mii-de-euro-pentru-nerespectarea-legii-antifumat-in-sectorul-2\\\/#breadcrumb\",\"itemListElement\":[{\"@type\":\"ListItem\",\"position\":1,\"name\":\"Acas\u0103\",\"item\":\"https:\\\/\\\/buletin.de\\\/bucuresti\\\/\"},{\"@type\":\"ListItem\",\"position\":2,\"name\":\"Amenzi de peste 10.000 de euro pentru nerespectarea legii antifumat, \u00een Sectorul 2\"}]},{\"@type\":\"WebSite\",\"@id\":\"https:\\\/\\\/buletin.de\\\/bucuresti\\\/#website\",\"url\":\"https:\\\/\\\/buletin.de\\\/bucuresti\\\/\",\"name\":\"Buletin de Bucure\u0219ti\",\"description\":\"\u0218tiri \u0219i investiga\u021bii esen\u021biale din capital\u0103\",\"publisher\":{\"@id\":\"https:\\\/\\\/buletin.de\\\/bucuresti\\\/#organization\"},\"potentialAction\":[{\"@type\":\"SearchAction\",\"target\":{\"@type\":\"EntryPoint\",\"urlTemplate\":\"https:\\\/\\\/buletin.de\\\/bucuresti\\\/?s={search_term_string}\"},\"query-input\":{\"@type\":\"PropertyValueSpecification\",\"valueRequired\":true,\"valueName\":\"search_term_string\"}}],\"inLanguage\":\"en-GB\"},{\"@type\":\"Organization\",\"@id\":\"https:\\\/\\\/buletin.de\\\/bucuresti\\\/#organization\",\"name\":\"Buletin de Bucure\u0219ti\",\"url\":\"https:\\\/\\\/buletin.de\\\/bucuresti\\\/\",\"logo\":{\"@type\":\"ImageObject\",\"inLanguage\":\"en-GB\",\"@id\":\"https:\\\/\\\/buletin.de\\\/bucuresti\\\/#\\\/schema\\\/logo\\\/image\\\/\",\"url\":\"https:\\\/\\\/buletin.de\\\/bucuresti\\\/wp-content\\\/uploads\\\/logo-bdb-full-wide-vernil-transparent.png\",\"contentUrl\":\"https:\\\/\\\/buletin.de\\\/bucuresti\\\/wp-content\\\/uploads\\\/logo-bdb-full-wide-vernil-transparent.png\",\"width\":1782,\"height\":626,\"caption\":\"Buletin de Bucure\u0219ti\"},\"image\":{\"@id\":\"https:\\\/\\\/buletin.de\\\/bucuresti\\\/#\\\/schema\\\/logo\\\/image\\\/\"},\"sameAs\":[\"https:\\\/\\\/www.facebook.com\\\/buletin.de.buc\",\"https:\\\/\\\/www.instagram.com\\\/buletinde.bucuresti\\\/\"]},{\"@type\":\"Person\",\"@id\":\"https:\\\/\\\/buletin.de\\\/bucuresti\\\/#\\\/schema\\\/person\\\/7e46040573290777280a0835d81ea4ea\",\"name\":\"Diana Matei\",\"image\":{\"@type\":\"ImageObject\",\"inLanguage\":\"en-GB\",\"@id\":\"https:\\\/\\\/buletin.de\\\/bucuresti\\\/wp-content\\\/uploads\\\/9-2-96x96.jpg1e8590b30871d70e62ebcdaf2eff570c\",\"url\":\"https:\\\/\\\/buletin.de\\\/bucuresti\\\/wp-content\\\/uploads\\\/9-2-96x96.jpg\",\"contentUrl\":\"https:\\\/\\\/buletin.de\\\/bucuresti\\\/wp-content\\\/uploads\\\/9-2-96x96.jpg\",\"caption\":\"Diana Matei\"},\"url\":\"https:\\\/\\\/buletin.de\\\/bucuresti\\\/author\\\/dianamatei\\\/\"}]}<\/script>\n<!-- \/ Yoast SEO Premium plugin. -->","yoast_head_json":{"title":"Amenzi de peste 10.000 de euro pentru nerespectarea legii antifumat, \u00een Sectorul 2 - Buletin de Bucure\u0219ti","description":"Nerespectarea legii antifumat a scos din buzunarele operatorilor economici 52.000 lei, peste 10 mii de euro.","robots":{"index":"index","follow":"follow","max-snippet":"max-snippet:-1","max-image-preview":"max-image-preview:large","max-video-preview":"max-video-preview:-1"},"canonical":"https:\/\/buletin.de\/bucuresti\/amenzi-de-peste-10-mii-de-euro-pentru-nerespectarea-legii-antifumat-in-sectorul-2\/","og_locale":"en_GB","og_type":"article","og_title":"Amenzi de peste 10.000 de euro pentru nerespectarea legii antifumat, \u00een Sectorul 2","og_description":"Nerespectarea legii antifumat a scos din buzunarele operatorilor economici 52.000 lei, peste 10 mii de euro.","og_url":"https:\/\/buletin.de\/bucuresti\/amenzi-de-peste-10-mii-de-euro-pentru-nerespectarea-legii-antifumat-in-sectorul-2\/","og_site_name":"Buletin de Bucure\u0219ti","article_publisher":"https:\/\/www.facebook.com\/buletin.de.buc","article_published_time":"2026-03-14T10:22:47+00:00","article_modified_time":"2026-03-15T17:54:42+00:00","og_image":[{"width":1044,"height":588,"url":"https:\/\/buletin.de\/bucuresti\/wp-content\/uploads\/2026\/03\/606481310_1515376130594135_2443084530802266023_n.jpg","type":"image\/jpeg"}],"author":"Diana Matei","twitter_card":"summary_large_image","twitter_misc":{"Written by":"Diana Matei","Estimated reading time":"2 minutes"},"schema":{"@context":"https:\/\/schema.org","@graph":[{"@type":"Article","@id":"https:\/\/buletin.de\/bucuresti\/amenzi-de-peste-10-mii-de-euro-pentru-nerespectarea-legii-antifumat-in-sectorul-2\/#article","isPartOf":{"@id":"https:\/\/buletin.de\/bucuresti\/amenzi-de-peste-10-mii-de-euro-pentru-nerespectarea-legii-antifumat-in-sectorul-2\/"},"author":{"name":"Diana Matei","@id":"https:\/\/buletin.de\/bucuresti\/#\/schema\/person\/7e46040573290777280a0835d81ea4ea"},"headline":"Amenzi de peste 10.000 de euro pentru nerespectarea legii antifumat, \u00een Sectorul 2","datePublished":"2026-03-14T10:22:47+00:00","dateModified":"2026-03-15T17:54:42+00:00","mainEntityOfPage":{"@id":"https:\/\/buletin.de\/bucuresti\/amenzi-de-peste-10-mii-de-euro-pentru-nerespectarea-legii-antifumat-in-sectorul-2\/"},"wordCount":352,"publisher":{"@id":"https:\/\/buletin.de\/bucuresti\/#organization"},"image":{"@id":"https:\/\/buletin.de\/bucuresti\/amenzi-de-peste-10-mii-de-euro-pentru-nerespectarea-legii-antifumat-in-sectorul-2\/#primaryimage"},"thumbnailUrl":"https:\/\/buletin.de\/bucuresti\/wp-content\/uploads\/2026\/03\/606481310_1515376130594135_2443084530802266023_n.jpg","keywords":["legea antifumat","politia locala sector 2","sanctiuni lege antifumat","Sector 2"],"articleSection":["Articole","\u0218tiri"],"inLanguage":"en-GB","copyrightYear":"2026","copyrightHolder":{"@id":"https:\/\/buletin.de\/bucuresti\/#organization"}},{"@type":"WebPage","@id":"https:\/\/buletin.de\/bucuresti\/amenzi-de-peste-10-mii-de-euro-pentru-nerespectarea-legii-antifumat-in-sectorul-2\/","url":"https:\/\/buletin.de\/bucuresti\/amenzi-de-peste-10-mii-de-euro-pentru-nerespectarea-legii-antifumat-in-sectorul-2\/","name":"Amenzi de peste 10.000 de euro pentru nerespectarea legii antifumat, \u00een Sectorul 2 - Buletin de Bucure\u0219ti","isPartOf":{"@id":"https:\/\/buletin.de\/bucuresti\/#website"},"primaryImageOfPage":{"@id":"https:\/\/buletin.de\/bucuresti\/amenzi-de-peste-10-mii-de-euro-pentru-nerespectarea-legii-antifumat-in-sectorul-2\/#primaryimage"},"image":{"@id":"https:\/\/buletin.de\/bucuresti\/amenzi-de-peste-10-mii-de-euro-pentru-nerespectarea-legii-antifumat-in-sectorul-2\/#primaryimage"},"thumbnailUrl":"https:\/\/buletin.de\/bucuresti\/wp-content\/uploads\/2026\/03\/606481310_1515376130594135_2443084530802266023_n.jpg","datePublished":"2026-03-14T10:22:47+00:00","dateModified":"2026-03-15T17:54:42+00:00","description":"Nerespectarea legii antifumat a scos din buzunarele operatorilor economici 52.000 lei, peste 10 mii de euro.","breadcrumb":{"@id":"https:\/\/buletin.de\/bucuresti\/amenzi-de-peste-10-mii-de-euro-pentru-nerespectarea-legii-antifumat-in-sectorul-2\/#breadcrumb"},"inLanguage":"en-GB","potentialAction":[{"@type":"ReadAction","target":["https:\/\/buletin.de\/bucuresti\/amenzi-de-peste-10-mii-de-euro-pentru-nerespectarea-legii-antifumat-in-sectorul-2\/"]}]},{"@type":"ImageObject","inLanguage":"en-GB","@id":"https:\/\/buletin.de\/bucuresti\/amenzi-de-peste-10-mii-de-euro-pentru-nerespectarea-legii-antifumat-in-sectorul-2\/#primaryimage","url":"https:\/\/buletin.de\/bucuresti\/wp-content\/uploads\/2026\/03\/606481310_1515376130594135_2443084530802266023_n.jpg","contentUrl":"https:\/\/buletin.de\/bucuresti\/wp-content\/uploads\/2026\/03\/606481310_1515376130594135_2443084530802266023_n.jpg","width":1044,"height":588,"caption":"Amenzi de peste 10 mii de euro, pentru nerespectarea legii antifumat, \u00een Sectorul 2. FOTO: independent.md\/ Facebook"},{"@type":"BreadcrumbList","@id":"https:\/\/buletin.de\/bucuresti\/amenzi-de-peste-10-mii-de-euro-pentru-nerespectarea-legii-antifumat-in-sectorul-2\/#breadcrumb","itemListElement":[{"@type":"ListItem","position":1,"name":"Acas\u0103","item":"https:\/\/buletin.de\/bucuresti\/"},{"@type":"ListItem","position":2,"name":"Amenzi de peste 10.000 de euro pentru nerespectarea legii antifumat, \u00een Sectorul 2"}]},{"@type":"WebSite","@id":"https:\/\/buletin.de\/bucuresti\/#website","url":"https:\/\/buletin.de\/bucuresti\/","name":"Buletin de Bucure\u0219ti","description":"\u0218tiri \u0219i investiga\u021bii esen\u021biale din capital\u0103","publisher":{"@id":"https:\/\/buletin.de\/bucuresti\/#organization"},"potentialAction":[{"@type":"SearchAction","target":{"@type":"EntryPoint","urlTemplate":"https:\/\/buletin.de\/bucuresti\/?s={search_term_string}"},"query-input":{"@type":"PropertyValueSpecification","valueRequired":true,"valueName":"search_term_string"}}],"inLanguage":"en-GB"},{"@type":"Organization","@id":"https:\/\/buletin.de\/bucuresti\/#organization","name":"Buletin de Bucure\u0219ti","url":"https:\/\/buletin.de\/bucuresti\/","logo":{"@type":"ImageObject","inLanguage":"en-GB","@id":"https:\/\/buletin.de\/bucuresti\/#\/schema\/logo\/image\/","url":"https:\/\/buletin.de\/bucuresti\/wp-content\/uploads\/logo-bdb-full-wide-vernil-transparent.png","contentUrl":"https:\/\/buletin.de\/bucuresti\/wp-content\/uploads\/logo-bdb-full-wide-vernil-transparent.png","width":1782,"height":626,"caption":"Buletin de Bucure\u0219ti"},"image":{"@id":"https:\/\/buletin.de\/bucuresti\/#\/schema\/logo\/image\/"},"sameAs":["https:\/\/www.facebook.com\/buletin.de.buc","https:\/\/www.instagram.com\/buletinde.bucuresti\/"]},{"@type":"Person","@id":"https:\/\/buletin.de\/bucuresti\/#\/schema\/person\/7e46040573290777280a0835d81ea4ea","name":"Diana Matei","image":{"@type":"ImageObject","inLanguage":"en-GB","@id":"https:\/\/buletin.de\/bucuresti\/wp-content\/uploads\/9-2-96x96.jpg1e8590b30871d70e62ebcdaf2eff570c","url":"https:\/\/buletin.de\/bucuresti\/wp-content\/uploads\/9-2-96x96.jpg","contentUrl":"https:\/\/buletin.de\/bucuresti\/wp-content\/uploads\/9-2-96x96.jpg","caption":"Diana Matei"},"url":"https:\/\/buletin.de\/bucuresti\/author\/dianamatei\/"}]}},"authors":[{"term_id":22574,"user_id":49,"is_guest":0,"slug":"dianamatei","display_name":"Diana Matei","avatar_url":"https:\/\/buletin.de\/bucuresti\/wp-content\/uploads\/9-2-96x96.jpg","0":null,"1":"","2":"","3":"","4":"","5":"","6":"","7":"","8":""}],"_links":{"self":[{"href":"https:\/\/buletin.de\/bucuresti\/wp-json\/wp\/v2\/posts\/180556","targetHints":{"allow":["GET"]}}],"collection":[{"href":"https:\/\/buletin.de\/bucuresti\/wp-json\/wp\/v2\/posts"}],"about":[{"href":"https:\/\/buletin.de\/bucuresti\/wp-json\/wp\/v2\/types\/post"}],"author":[{"embeddable":true,"href":"https:\/\/buletin.de\/bucuresti\/wp-json\/wp\/v2\/users\/49"}],"replies":[{"embeddable":true,"href":"https:\/\/buletin.de\/bucuresti\/wp-json\/wp\/v2\/comments?post=180556"}],"version-history":[{"count":5,"href":"https:\/\/buletin.de\/bucuresti\/wp-json\/wp\/v2\/posts\/180556\/revisions"}],"predecessor-version":[{"id":180611,"href":"https:\/\/buletin.de\/bucuresti\/wp-json\/wp\/v2\/posts\/180556\/revisions\/180611"}],"wp:featuredmedia":[{"embeddable":true,"href":"https:\/\/buletin.de\/bucuresti\/wp-json\/wp\/v2\/media\/180569"}],"wp:attachment":[{"href":"https:\/\/buletin.de\/bucuresti\/wp-json\/wp\/v2\/media?parent=180556"}],"wp:term":[{"taxonomy":"category","embeddable":true,"href":"https:\/\/buletin.de\/bucuresti\/wp-json\/wp\/v2\/categories?post=180556"},{"taxonomy":"post_tag","embeddable":true,"href":"https:\/\/buletin.de\/bucuresti\/wp-json\/wp\/v2\/tags?post=180556"},{"taxonomy":"author","embeddable":true,"href":"https:\/\/buletin.de\/bucuresti\/wp-json\/wp\/v2\/ppma_author?post=180556"}],"curies":[{"name":"wp","href":"https:\/\/api.w.org\/{rel}","templated":true}]}}