{"id":180516,"date":"2026-03-14T12:27:33","date_gmt":"2026-03-14T09:27:33","guid":{"rendered":"https:\/\/buletin.de\/bucuresti\/?p=180516"},"modified":"2026-03-14T16:55:54","modified_gmt":"2026-03-14T13:55:54","slug":"trafic-restrictionat-pe-soseaua-mihai-bravu-dupa-ce-o-bucata-din-asfalt-s-a-surpat","status":"publish","type":"post","link":"https:\/\/buletin.de\/bucuresti\/trafic-restrictionat-pe-soseaua-mihai-bravu-dupa-ce-o-bucata-din-asfalt-s-a-surpat\/","title":{"rendered":"VIDEO | Trafic restric\u021bionat pe \u0218oseaua Mihai Bravu, dup\u0103 ce o bucat\u0103 din asfalt s-a surpat"},"content":{"rendered":"\n<p><strong>Traficul este restric\u021bionat pe \u0218oseaua Mihai Bravu dup\u0103 ce o bucat\u0103 din asfalt s-a surpat, potrivit unui comunicat de pres\u0103 al <a href=\"https:\/\/b.politiaromana.ro\/\">Brig\u0103zii Rutiere<\/a>. La fa\u021ba locului, au intervenit echipele Temoenegetica, pentru asigurarea zonei afectate.<\/strong><\/p>\n\n\n\n<p>Incidentul s-a produs ast\u0103zi, 14 martie, pe \u0218oseaua Mihai Bravu nr. 307. Poli\u021bi\u0219tii Brig\u0103zii Rutiere au restric\u021bionat traficul pe \u0218oseaua Mihai Bravu de la Calea Vitan, c\u0103tre Bulevardul Camil Ressu.<\/p>\n\n\n\n<blockquote class=\"tiktok-embed\" cite=\"https:\/\/www.tiktok.com\/@valentin.halacenco\/video\/7616996559854603542\" data-video-id=\"7616996559854603542\" style=\"max-width: 605px;min-width: 325px;\" > <section> <a target=\"_blank\" title=\"@valentin.halacenco\" href=\"https:\/\/www.tiktok.com\/@valentin.halacenco?refer=embed\">@valentin.halacenco<\/a> Gaura in asfalt pe Mihai Bravu &#47; intersectie cu Camil Ressu.  O intersectie foarte aglomerata. 14&#47;03&#47;2026 <a title=\"bucurestiromania\ud83c\uddf7\ud83c\uddf4\" target=\"_blank\" href=\"https:\/\/www.tiktok.com\/tag\/bucurestiromania%F0%9F%87%B7%F0%9F%87%B4?refer=embed\">#bucurestiromania\ud83c\uddf7\ud83c\uddf4<\/a> <a title=\"fy\" target=\"_blank\" href=\"https:\/\/www.tiktok.com\/tag\/fy?refer=embed\">#fy<\/a> <a title=\"fyp\" target=\"_blank\" href=\"https:\/\/www.tiktok.com\/tag\/fyp?refer=embed\">#fyp<\/a> <a target=\"_blank\" title=\"\u266c sunet original - Valentin Halacenco\" href=\"https:\/\/www.tiktok.com\/music\/sunet-original-7616996603685669654?refer=embed\">\u266c sunet original &#8211; Valentin Halacenco<\/a> <\/section> <\/blockquote> <script async src=\"https:\/\/www.tiktok.com\/embed.js\"><\/script>\n\n\n\n<p><em>\u201e\u00cen acest context, s-a impus interven\u021bia imediat\u0103 a Companiei Municipale Termoenergetica, fiind afectat\u0103 o por\u021biune de aproximativ 1 m\u00b2 pe \u0218oseaua Mihai Bravu, \u00een proximitatea intersec\u021biei cu Bd. Camil Ressu.\u201d<\/em> au transmis reprezentan\u021bii Direc\u021biei Generale de Poli\u021bie din Capital\u0103.<\/p>\n\n\n\n<p>De asemenea, agen\u021bii de poli\u021bie rutier\u0103  recomand\u0103 \u0219oferilor s\u0103 circule cu pruden\u021b\u0103, s\u0103 evite zona pe durata efectu\u0103rii interven\u021biei, s\u0103 p\u0103streze o distan\u021b\u0103 suficient\u0103 pentru a putea fr\u00e2na \u00een condi\u021bii de siguran\u021b\u0103. Mai mult, \u0219oferii au obliga\u021bia de a respecta semnifica\u021bia semnaliz\u0103rii rutiere temporare, precum \u0219i semnalele \u0219i indica\u021biile poli\u021bi\u0219tilor rutieri.<\/p>\n\n\n\n<p><strong>CITE\u0218TE \u0218I: <a href=\"https:\/\/buletin.de\/bucuresti\/retele-electrice-muntenia-intrerupe-curentul-electric-in-bucuresti-ilfov-si-giurgiu-care-sunt-zonele-afectate-7\/\">Re\u021bele Electrice Muntenia \u00eentrerupe curentul electric \u00een Bucure\u0219ti, Ilfov \u0219i Giurgiu. Care sunt zonele afectate<\/a><\/strong><\/p>\n\n\n\n<h2 class=\"wp-block-heading\" id=\"h-incident-similar-pe-calea-victoriei\">Incident similar, pe Calea Victoriei<\/h2>\n\n\n\n<p><strong>Un incident similar a avut loc, pe Calea Victoriei. Vineri, 16 ianuarie, \u00een jurul orei 18:30, asfaltul s-a surpat pe strada C.A. Rosetti nr. 13, la intersec\u021bia cu bulevardul Nicolae B\u0103lcescu, afect\u00e2nd o band\u0103 \u0219i jum\u0103tate de circula\u021bie.<\/strong><\/p>\n\n\n\n<p>Potrivit Brig\u0103zii Rutiere, surparea a fost cauzat\u0103 de o avarie la conducte care apar\u021bin companiei Apa Nova, fiind necesar\u0103 interven\u021bia imediat\u0103 a operatorului.<\/p>\n\n\n\n<p>\u00cen urma incidentului, traficul rutier a fost restric\u021bionat temporar, iar mijloacele de transport \u00een comun ale STB au circulat pe trasee deviate timp de aproape trei ore.<\/p>\n\n\n\n<p>Restric\u021biile au vizat \u00een special autovehiculele de mare tonaj. Brigada Rutier\u0103 a transmis atunci c\u0103 lucr\u0103rile de remediere urmau s\u0103 fie finalizate mar\u021bi, 20 ianuarie.<\/p>\n\n\n\n<p><strong>CITE\u0218TE \u0218I: <a href=\"https:\/\/buletin.de\/bucuresti\/doua-apartamente-din-casa-memoriala-dinu-lipatti-intra-in-patrimoniul-sectorului-1-imobilul-marelui-pianist-va-deveni-centru-cultural-public\/\">Dou\u0103 apartamente din Casa Memorial\u0103 \u201eDinu Lipatti\u201d intr\u0103 \u00een patrimoniul Sectorului 1. Imobilul marelui pianist va deveni Centru Cultural Public<\/a><\/strong><\/p>\n","protected":false},"excerpt":{"rendered":"<p>Traficul este restric\u021bionat pe \u0218oseaua Mihai Bravu dup\u0103 ce o bucat\u0103 din asfalt s-a surpat, potrivit unui comunicat de pres\u0103 al Brig\u0103zii Rutiere. La fa\u021ba locului, au intervenit echipele Temoenegetica, pentru asigurarea zonei afectate. Incidentul s-a produs ast\u0103zi, 14 martie, pe \u0218oseaua Mihai Bravu nr. 307. Poli\u021bi\u0219tii Brig\u0103zii Rutiere au restric\u021bionat traficul pe \u0218oseaua Mihai [&hellip;]<\/p>\n","protected":false},"author":61,"featured_media":180538,"comment_status":"closed","ping_status":"open","sticky":false,"template":"","format":"standard","meta":{"_acf_changed":false,"inline_featured_image":false,"ngg_post_thumbnail":0,"footnotes":""},"categories":[6994,5762,650],"tags":[2685,11756,12514,9175],"ppma_author":[22577],"class_list":["post-180516","post","type-post","status-publish","format-standard","has-post-thumbnail","hentry","category-stiri-2","category-main","category-transport","tag-brigada-rutiera","tag-camil-ressu","tag-soseaua-mihai-bravu-2","tag-trafic-restrictionat"],"acf":[],"yoast_head":"<!-- This site is optimized with the Yoast SEO Premium plugin v25.3 (Yoast SEO v27.4) - https:\/\/yoast.com\/product\/yoast-seo-premium-wordpress\/ -->\n<title>VIDEO | Trafic restric\u021bionat pe \u0218oseaua Mihai Bravu, dup\u0103 ce o bucat\u0103 din asfalt s-a surpat - Buletin de Bucure\u0219ti<\/title>\n<meta name=\"description\" content=\"Traficul este restric\u021bionat pe \u0218oseaua Mihai Bravu dup\u0103 ce o bucat\u0103 din asfalt s-a surpat, potrivit unui comunicat de pres\u0103 al DGPMB.\" \/>\n<meta name=\"robots\" content=\"index, follow, max-snippet:-1, max-image-preview:large, max-video-preview:-1\" \/>\n<link rel=\"canonical\" href=\"https:\/\/buletin.de\/bucuresti\/trafic-restrictionat-pe-soseaua-mihai-bravu-dupa-ce-o-bucata-din-asfalt-s-a-surpat\/\" \/>\n<meta property=\"og:locale\" content=\"en_GB\" \/>\n<meta property=\"og:type\" content=\"article\" \/>\n<meta property=\"og:title\" content=\"VIDEO | Trafic restric\u021bionat pe \u0218oseaua Mihai Bravu, dup\u0103 ce o bucat\u0103 din asfalt s-a surpat\" \/>\n<meta property=\"og:description\" content=\"Traficul este restric\u021bionat pe \u0218oseaua Mihai Bravu dup\u0103 ce o bucat\u0103 din asfalt s-a surpat, potrivit unui comunicat de pres\u0103 al DGPMB.\" \/>\n<meta property=\"og:url\" content=\"https:\/\/buletin.de\/bucuresti\/trafic-restrictionat-pe-soseaua-mihai-bravu-dupa-ce-o-bucata-din-asfalt-s-a-surpat\/\" \/>\n<meta property=\"og:site_name\" content=\"Buletin de Bucure\u0219ti\" \/>\n<meta property=\"article:publisher\" content=\"https:\/\/www.facebook.com\/buletin.de.buc\" \/>\n<meta property=\"article:published_time\" content=\"2026-03-14T09:27:33+00:00\" \/>\n<meta property=\"article:modified_time\" content=\"2026-03-14T13:55:54+00:00\" \/>\n<meta property=\"og:image\" content=\"https:\/\/buletin.de\/bucuresti\/wp-content\/uploads\/2026\/03\/ID316149_INQUAM_Photos_George_Calin-1000x667.jpg\" \/>\n\t<meta property=\"og:image:width\" content=\"1000\" \/>\n\t<meta property=\"og:image:height\" content=\"667\" \/>\n\t<meta property=\"og:image:type\" content=\"image\/jpeg\" \/>\n<meta name=\"author\" content=\"Alexandru Stan\" \/>\n<meta name=\"twitter:card\" content=\"summary_large_image\" \/>\n<meta name=\"twitter:label1\" content=\"Written by\" \/>\n\t<meta name=\"twitter:data1\" content=\"Alexandru Stan\" \/>\n\t<meta name=\"twitter:label2\" content=\"Estimated reading time\" \/>\n\t<meta name=\"twitter:data2\" content=\"2 minutes\" \/>\n<script type=\"application\/ld+json\" class=\"yoast-schema-graph\">{\"@context\":\"https:\\\/\\\/schema.org\",\"@graph\":[{\"@type\":\"Article\",\"@id\":\"https:\\\/\\\/buletin.de\\\/bucuresti\\\/trafic-restrictionat-pe-soseaua-mihai-bravu-dupa-ce-o-bucata-din-asfalt-s-a-surpat\\\/#article\",\"isPartOf\":{\"@id\":\"https:\\\/\\\/buletin.de\\\/bucuresti\\\/trafic-restrictionat-pe-soseaua-mihai-bravu-dupa-ce-o-bucata-din-asfalt-s-a-surpat\\\/\"},\"author\":{\"name\":\"Alexandru Stan\",\"@id\":\"https:\\\/\\\/buletin.de\\\/bucuresti\\\/#\\\/schema\\\/person\\\/104a46bbe8be6e336fecf63974383951\"},\"headline\":\"VIDEO | Trafic restric\u021bionat pe \u0218oseaua Mihai Bravu, dup\u0103 ce o bucat\u0103 din asfalt s-a surpat\",\"datePublished\":\"2026-03-14T09:27:33+00:00\",\"dateModified\":\"2026-03-14T13:55:54+00:00\",\"mainEntityOfPage\":{\"@id\":\"https:\\\/\\\/buletin.de\\\/bucuresti\\\/trafic-restrictionat-pe-soseaua-mihai-bravu-dupa-ce-o-bucata-din-asfalt-s-a-surpat\\\/\"},\"wordCount\":388,\"publisher\":{\"@id\":\"https:\\\/\\\/buletin.de\\\/bucuresti\\\/#organization\"},\"image\":{\"@id\":\"https:\\\/\\\/buletin.de\\\/bucuresti\\\/trafic-restrictionat-pe-soseaua-mihai-bravu-dupa-ce-o-bucata-din-asfalt-s-a-surpat\\\/#primaryimage\"},\"thumbnailUrl\":\"https:\\\/\\\/buletin.de\\\/bucuresti\\\/wp-content\\\/uploads\\\/2026\\\/03\\\/ID316149_INQUAM_Photos_George_Calin.jpg\",\"keywords\":[\"Brigada Rutier\u0103\",\"Camil Ressu\",\"\u0218oseaua Mihai Bravu\",\"Trafic restric\u021bionat\"],\"articleSection\":[\"Articole\",\"Main\",\"Transport\"],\"inLanguage\":\"en-GB\",\"copyrightYear\":\"2026\",\"copyrightHolder\":{\"@id\":\"https:\\\/\\\/buletin.de\\\/bucuresti\\\/#organization\"}},{\"@type\":\"WebPage\",\"@id\":\"https:\\\/\\\/buletin.de\\\/bucuresti\\\/trafic-restrictionat-pe-soseaua-mihai-bravu-dupa-ce-o-bucata-din-asfalt-s-a-surpat\\\/\",\"url\":\"https:\\\/\\\/buletin.de\\\/bucuresti\\\/trafic-restrictionat-pe-soseaua-mihai-bravu-dupa-ce-o-bucata-din-asfalt-s-a-surpat\\\/\",\"name\":\"VIDEO | Trafic restric\u021bionat pe \u0218oseaua Mihai Bravu, dup\u0103 ce o bucat\u0103 din asfalt s-a surpat - Buletin de Bucure\u0219ti\",\"isPartOf\":{\"@id\":\"https:\\\/\\\/buletin.de\\\/bucuresti\\\/#website\"},\"primaryImageOfPage\":{\"@id\":\"https:\\\/\\\/buletin.de\\\/bucuresti\\\/trafic-restrictionat-pe-soseaua-mihai-bravu-dupa-ce-o-bucata-din-asfalt-s-a-surpat\\\/#primaryimage\"},\"image\":{\"@id\":\"https:\\\/\\\/buletin.de\\\/bucuresti\\\/trafic-restrictionat-pe-soseaua-mihai-bravu-dupa-ce-o-bucata-din-asfalt-s-a-surpat\\\/#primaryimage\"},\"thumbnailUrl\":\"https:\\\/\\\/buletin.de\\\/bucuresti\\\/wp-content\\\/uploads\\\/2026\\\/03\\\/ID316149_INQUAM_Photos_George_Calin.jpg\",\"datePublished\":\"2026-03-14T09:27:33+00:00\",\"dateModified\":\"2026-03-14T13:55:54+00:00\",\"description\":\"Traficul este restric\u021bionat pe \u0218oseaua Mihai Bravu dup\u0103 ce o bucat\u0103 din asfalt s-a surpat, potrivit unui comunicat de pres\u0103 al DGPMB.\",\"breadcrumb\":{\"@id\":\"https:\\\/\\\/buletin.de\\\/bucuresti\\\/trafic-restrictionat-pe-soseaua-mihai-bravu-dupa-ce-o-bucata-din-asfalt-s-a-surpat\\\/#breadcrumb\"},\"inLanguage\":\"en-GB\",\"potentialAction\":[{\"@type\":\"ReadAction\",\"target\":[\"https:\\\/\\\/buletin.de\\\/bucuresti\\\/trafic-restrictionat-pe-soseaua-mihai-bravu-dupa-ce-o-bucata-din-asfalt-s-a-surpat\\\/\"]}]},{\"@type\":\"ImageObject\",\"inLanguage\":\"en-GB\",\"@id\":\"https:\\\/\\\/buletin.de\\\/bucuresti\\\/trafic-restrictionat-pe-soseaua-mihai-bravu-dupa-ce-o-bucata-din-asfalt-s-a-surpat\\\/#primaryimage\",\"url\":\"https:\\\/\\\/buletin.de\\\/bucuresti\\\/wp-content\\\/uploads\\\/2026\\\/03\\\/ID316149_INQUAM_Photos_George_Calin.jpg\",\"contentUrl\":\"https:\\\/\\\/buletin.de\\\/bucuresti\\\/wp-content\\\/uploads\\\/2026\\\/03\\\/ID316149_INQUAM_Photos_George_Calin.jpg\",\"width\":8192,\"height\":5464,\"caption\":\"Trafic restric\u021bionat pe \u0218oseaua Mihai Bravu dup\u0103 ce o bucat\u0103 din asfalt s-a surpat. S-a impus interven\u021bia Temoenegetica | FOTO: Inquam Photos \\\/ George C\u0103lin\"},{\"@type\":\"BreadcrumbList\",\"@id\":\"https:\\\/\\\/buletin.de\\\/bucuresti\\\/trafic-restrictionat-pe-soseaua-mihai-bravu-dupa-ce-o-bucata-din-asfalt-s-a-surpat\\\/#breadcrumb\",\"itemListElement\":[{\"@type\":\"ListItem\",\"position\":1,\"name\":\"Acas\u0103\",\"item\":\"https:\\\/\\\/buletin.de\\\/bucuresti\\\/\"},{\"@type\":\"ListItem\",\"position\":2,\"name\":\"VIDEO | Trafic restric\u021bionat pe \u0218oseaua Mihai Bravu, dup\u0103 ce o bucat\u0103 din asfalt s-a surpat\"}]},{\"@type\":\"WebSite\",\"@id\":\"https:\\\/\\\/buletin.de\\\/bucuresti\\\/#website\",\"url\":\"https:\\\/\\\/buletin.de\\\/bucuresti\\\/\",\"name\":\"Buletin de Bucure\u0219ti\",\"description\":\"\u0218tiri \u0219i investiga\u021bii esen\u021biale din capital\u0103\",\"publisher\":{\"@id\":\"https:\\\/\\\/buletin.de\\\/bucuresti\\\/#organization\"},\"potentialAction\":[{\"@type\":\"SearchAction\",\"target\":{\"@type\":\"EntryPoint\",\"urlTemplate\":\"https:\\\/\\\/buletin.de\\\/bucuresti\\\/?s={search_term_string}\"},\"query-input\":{\"@type\":\"PropertyValueSpecification\",\"valueRequired\":true,\"valueName\":\"search_term_string\"}}],\"inLanguage\":\"en-GB\"},{\"@type\":\"Organization\",\"@id\":\"https:\\\/\\\/buletin.de\\\/bucuresti\\\/#organization\",\"name\":\"Buletin de Bucure\u0219ti\",\"url\":\"https:\\\/\\\/buletin.de\\\/bucuresti\\\/\",\"logo\":{\"@type\":\"ImageObject\",\"inLanguage\":\"en-GB\",\"@id\":\"https:\\\/\\\/buletin.de\\\/bucuresti\\\/#\\\/schema\\\/logo\\\/image\\\/\",\"url\":\"https:\\\/\\\/buletin.de\\\/bucuresti\\\/wp-content\\\/uploads\\\/logo-bdb-full-wide-vernil-transparent.png\",\"contentUrl\":\"https:\\\/\\\/buletin.de\\\/bucuresti\\\/wp-content\\\/uploads\\\/logo-bdb-full-wide-vernil-transparent.png\",\"width\":1782,\"height\":626,\"caption\":\"Buletin de Bucure\u0219ti\"},\"image\":{\"@id\":\"https:\\\/\\\/buletin.de\\\/bucuresti\\\/#\\\/schema\\\/logo\\\/image\\\/\"},\"sameAs\":[\"https:\\\/\\\/www.facebook.com\\\/buletin.de.buc\",\"https:\\\/\\\/www.instagram.com\\\/buletinde.bucuresti\\\/\"]},{\"@type\":\"Person\",\"@id\":\"https:\\\/\\\/buletin.de\\\/bucuresti\\\/#\\\/schema\\\/person\\\/104a46bbe8be6e336fecf63974383951\",\"name\":\"Alexandru Stan\",\"image\":{\"@type\":\"ImageObject\",\"inLanguage\":\"en-GB\",\"@id\":\"https:\\\/\\\/buletin.de\\\/bucuresti\\\/wp-content\\\/uploads\\\/2025\\\/12\\\/IMG-20251216-WA0045-e1766134343668-96x96.jpgd0ca12809ae3e1d27116a2afe8926544\",\"url\":\"https:\\\/\\\/buletin.de\\\/bucuresti\\\/wp-content\\\/uploads\\\/2025\\\/12\\\/IMG-20251216-WA0045-e1766134343668-96x96.jpg\",\"contentUrl\":\"https:\\\/\\\/buletin.de\\\/bucuresti\\\/wp-content\\\/uploads\\\/2025\\\/12\\\/IMG-20251216-WA0045-e1766134343668-96x96.jpg\",\"caption\":\"Alexandru Stan\"},\"description\":\"Sunt elev la un colegiu de prestigiu din Capital\u0103 \u0219i reporter la Buletin de Bucure\u0219ti. M-am n\u0103scut \u0219i am crescut cu m\u00e2ndrie \u00een Capital\u0103, ora\u0219 al pove\u0219tilor, al tramvaiului tras de cai \u0219i al c\u0103su\u021belor cu porti\u021b\u0103 \u0219i ci\u0219mea. Prin articolele mele, m\u0103 str\u0103duiesc s\u0103 descriu cu acurate\u021be via\u021ba din Bucure\u0219ti pe ecranele cititorilor no\u0219tri \u0219i \u00eencerc totodat\u0103 s\u0103 fac accesibile subiecte de interes general tuturor, de la mic la mare.\",\"url\":\"https:\\\/\\\/buletin.de\\\/bucuresti\\\/author\\\/alexandru-stan\\\/\"}]}<\/script>\n<!-- \/ Yoast SEO Premium plugin. -->","yoast_head_json":{"title":"VIDEO | Trafic restric\u021bionat pe \u0218oseaua Mihai Bravu, dup\u0103 ce o bucat\u0103 din asfalt s-a surpat - Buletin de Bucure\u0219ti","description":"Traficul este restric\u021bionat pe \u0218oseaua Mihai Bravu dup\u0103 ce o bucat\u0103 din asfalt s-a surpat, potrivit unui comunicat de pres\u0103 al DGPMB.","robots":{"index":"index","follow":"follow","max-snippet":"max-snippet:-1","max-image-preview":"max-image-preview:large","max-video-preview":"max-video-preview:-1"},"canonical":"https:\/\/buletin.de\/bucuresti\/trafic-restrictionat-pe-soseaua-mihai-bravu-dupa-ce-o-bucata-din-asfalt-s-a-surpat\/","og_locale":"en_GB","og_type":"article","og_title":"VIDEO | Trafic restric\u021bionat pe \u0218oseaua Mihai Bravu, dup\u0103 ce o bucat\u0103 din asfalt s-a surpat","og_description":"Traficul este restric\u021bionat pe \u0218oseaua Mihai Bravu dup\u0103 ce o bucat\u0103 din asfalt s-a surpat, potrivit unui comunicat de pres\u0103 al DGPMB.","og_url":"https:\/\/buletin.de\/bucuresti\/trafic-restrictionat-pe-soseaua-mihai-bravu-dupa-ce-o-bucata-din-asfalt-s-a-surpat\/","og_site_name":"Buletin de Bucure\u0219ti","article_publisher":"https:\/\/www.facebook.com\/buletin.de.buc","article_published_time":"2026-03-14T09:27:33+00:00","article_modified_time":"2026-03-14T13:55:54+00:00","og_image":[{"width":1000,"height":667,"url":"https:\/\/buletin.de\/bucuresti\/wp-content\/uploads\/2026\/03\/ID316149_INQUAM_Photos_George_Calin-1000x667.jpg","type":"image\/jpeg"}],"author":"Alexandru Stan","twitter_card":"summary_large_image","twitter_misc":{"Written by":"Alexandru Stan","Estimated reading time":"2 minutes"},"schema":{"@context":"https:\/\/schema.org","@graph":[{"@type":"Article","@id":"https:\/\/buletin.de\/bucuresti\/trafic-restrictionat-pe-soseaua-mihai-bravu-dupa-ce-o-bucata-din-asfalt-s-a-surpat\/#article","isPartOf":{"@id":"https:\/\/buletin.de\/bucuresti\/trafic-restrictionat-pe-soseaua-mihai-bravu-dupa-ce-o-bucata-din-asfalt-s-a-surpat\/"},"author":{"name":"Alexandru Stan","@id":"https:\/\/buletin.de\/bucuresti\/#\/schema\/person\/104a46bbe8be6e336fecf63974383951"},"headline":"VIDEO | Trafic restric\u021bionat pe \u0218oseaua Mihai Bravu, dup\u0103 ce o bucat\u0103 din asfalt s-a surpat","datePublished":"2026-03-14T09:27:33+00:00","dateModified":"2026-03-14T13:55:54+00:00","mainEntityOfPage":{"@id":"https:\/\/buletin.de\/bucuresti\/trafic-restrictionat-pe-soseaua-mihai-bravu-dupa-ce-o-bucata-din-asfalt-s-a-surpat\/"},"wordCount":388,"publisher":{"@id":"https:\/\/buletin.de\/bucuresti\/#organization"},"image":{"@id":"https:\/\/buletin.de\/bucuresti\/trafic-restrictionat-pe-soseaua-mihai-bravu-dupa-ce-o-bucata-din-asfalt-s-a-surpat\/#primaryimage"},"thumbnailUrl":"https:\/\/buletin.de\/bucuresti\/wp-content\/uploads\/2026\/03\/ID316149_INQUAM_Photos_George_Calin.jpg","keywords":["Brigada Rutier\u0103","Camil Ressu","\u0218oseaua Mihai Bravu","Trafic restric\u021bionat"],"articleSection":["Articole","Main","Transport"],"inLanguage":"en-GB","copyrightYear":"2026","copyrightHolder":{"@id":"https:\/\/buletin.de\/bucuresti\/#organization"}},{"@type":"WebPage","@id":"https:\/\/buletin.de\/bucuresti\/trafic-restrictionat-pe-soseaua-mihai-bravu-dupa-ce-o-bucata-din-asfalt-s-a-surpat\/","url":"https:\/\/buletin.de\/bucuresti\/trafic-restrictionat-pe-soseaua-mihai-bravu-dupa-ce-o-bucata-din-asfalt-s-a-surpat\/","name":"VIDEO | Trafic restric\u021bionat pe \u0218oseaua Mihai Bravu, dup\u0103 ce o bucat\u0103 din asfalt s-a surpat - Buletin de Bucure\u0219ti","isPartOf":{"@id":"https:\/\/buletin.de\/bucuresti\/#website"},"primaryImageOfPage":{"@id":"https:\/\/buletin.de\/bucuresti\/trafic-restrictionat-pe-soseaua-mihai-bravu-dupa-ce-o-bucata-din-asfalt-s-a-surpat\/#primaryimage"},"image":{"@id":"https:\/\/buletin.de\/bucuresti\/trafic-restrictionat-pe-soseaua-mihai-bravu-dupa-ce-o-bucata-din-asfalt-s-a-surpat\/#primaryimage"},"thumbnailUrl":"https:\/\/buletin.de\/bucuresti\/wp-content\/uploads\/2026\/03\/ID316149_INQUAM_Photos_George_Calin.jpg","datePublished":"2026-03-14T09:27:33+00:00","dateModified":"2026-03-14T13:55:54+00:00","description":"Traficul este restric\u021bionat pe \u0218oseaua Mihai Bravu dup\u0103 ce o bucat\u0103 din asfalt s-a surpat, potrivit unui comunicat de pres\u0103 al DGPMB.","breadcrumb":{"@id":"https:\/\/buletin.de\/bucuresti\/trafic-restrictionat-pe-soseaua-mihai-bravu-dupa-ce-o-bucata-din-asfalt-s-a-surpat\/#breadcrumb"},"inLanguage":"en-GB","potentialAction":[{"@type":"ReadAction","target":["https:\/\/buletin.de\/bucuresti\/trafic-restrictionat-pe-soseaua-mihai-bravu-dupa-ce-o-bucata-din-asfalt-s-a-surpat\/"]}]},{"@type":"ImageObject","inLanguage":"en-GB","@id":"https:\/\/buletin.de\/bucuresti\/trafic-restrictionat-pe-soseaua-mihai-bravu-dupa-ce-o-bucata-din-asfalt-s-a-surpat\/#primaryimage","url":"https:\/\/buletin.de\/bucuresti\/wp-content\/uploads\/2026\/03\/ID316149_INQUAM_Photos_George_Calin.jpg","contentUrl":"https:\/\/buletin.de\/bucuresti\/wp-content\/uploads\/2026\/03\/ID316149_INQUAM_Photos_George_Calin.jpg","width":8192,"height":5464,"caption":"Trafic restric\u021bionat pe \u0218oseaua Mihai Bravu dup\u0103 ce o bucat\u0103 din asfalt s-a surpat. S-a impus interven\u021bia Temoenegetica | FOTO: Inquam Photos \/ George C\u0103lin"},{"@type":"BreadcrumbList","@id":"https:\/\/buletin.de\/bucuresti\/trafic-restrictionat-pe-soseaua-mihai-bravu-dupa-ce-o-bucata-din-asfalt-s-a-surpat\/#breadcrumb","itemListElement":[{"@type":"ListItem","position":1,"name":"Acas\u0103","item":"https:\/\/buletin.de\/bucuresti\/"},{"@type":"ListItem","position":2,"name":"VIDEO | Trafic restric\u021bionat pe \u0218oseaua Mihai Bravu, dup\u0103 ce o bucat\u0103 din asfalt s-a surpat"}]},{"@type":"WebSite","@id":"https:\/\/buletin.de\/bucuresti\/#website","url":"https:\/\/buletin.de\/bucuresti\/","name":"Buletin de Bucure\u0219ti","description":"\u0218tiri \u0219i investiga\u021bii esen\u021biale din capital\u0103","publisher":{"@id":"https:\/\/buletin.de\/bucuresti\/#organization"},"potentialAction":[{"@type":"SearchAction","target":{"@type":"EntryPoint","urlTemplate":"https:\/\/buletin.de\/bucuresti\/?s={search_term_string}"},"query-input":{"@type":"PropertyValueSpecification","valueRequired":true,"valueName":"search_term_string"}}],"inLanguage":"en-GB"},{"@type":"Organization","@id":"https:\/\/buletin.de\/bucuresti\/#organization","name":"Buletin de Bucure\u0219ti","url":"https:\/\/buletin.de\/bucuresti\/","logo":{"@type":"ImageObject","inLanguage":"en-GB","@id":"https:\/\/buletin.de\/bucuresti\/#\/schema\/logo\/image\/","url":"https:\/\/buletin.de\/bucuresti\/wp-content\/uploads\/logo-bdb-full-wide-vernil-transparent.png","contentUrl":"https:\/\/buletin.de\/bucuresti\/wp-content\/uploads\/logo-bdb-full-wide-vernil-transparent.png","width":1782,"height":626,"caption":"Buletin de Bucure\u0219ti"},"image":{"@id":"https:\/\/buletin.de\/bucuresti\/#\/schema\/logo\/image\/"},"sameAs":["https:\/\/www.facebook.com\/buletin.de.buc","https:\/\/www.instagram.com\/buletinde.bucuresti\/"]},{"@type":"Person","@id":"https:\/\/buletin.de\/bucuresti\/#\/schema\/person\/104a46bbe8be6e336fecf63974383951","name":"Alexandru Stan","image":{"@type":"ImageObject","inLanguage":"en-GB","@id":"https:\/\/buletin.de\/bucuresti\/wp-content\/uploads\/2025\/12\/IMG-20251216-WA0045-e1766134343668-96x96.jpgd0ca12809ae3e1d27116a2afe8926544","url":"https:\/\/buletin.de\/bucuresti\/wp-content\/uploads\/2025\/12\/IMG-20251216-WA0045-e1766134343668-96x96.jpg","contentUrl":"https:\/\/buletin.de\/bucuresti\/wp-content\/uploads\/2025\/12\/IMG-20251216-WA0045-e1766134343668-96x96.jpg","caption":"Alexandru Stan"},"description":"Sunt elev la un colegiu de prestigiu din Capital\u0103 \u0219i reporter la Buletin de Bucure\u0219ti. M-am n\u0103scut \u0219i am crescut cu m\u00e2ndrie \u00een Capital\u0103, ora\u0219 al pove\u0219tilor, al tramvaiului tras de cai \u0219i al c\u0103su\u021belor cu porti\u021b\u0103 \u0219i ci\u0219mea. Prin articolele mele, m\u0103 str\u0103duiesc s\u0103 descriu cu acurate\u021be via\u021ba din Bucure\u0219ti pe ecranele cititorilor no\u0219tri \u0219i \u00eencerc totodat\u0103 s\u0103 fac accesibile subiecte de interes general tuturor, de la mic la mare.","url":"https:\/\/buletin.de\/bucuresti\/author\/alexandru-stan\/"}]}},"authors":[{"term_id":22577,"user_id":61,"is_guest":0,"slug":"alexandru-stan","display_name":"Alexandru Stan","avatar_url":"https:\/\/buletin.de\/bucuresti\/wp-content\/uploads\/2025\/12\/IMG-20251216-WA0045-e1766134343668-96x96.jpg","0":null,"1":"","2":"","3":"","4":"","5":"","6":"","7":"","8":""}],"_links":{"self":[{"href":"https:\/\/buletin.de\/bucuresti\/wp-json\/wp\/v2\/posts\/180516","targetHints":{"allow":["GET"]}}],"collection":[{"href":"https:\/\/buletin.de\/bucuresti\/wp-json\/wp\/v2\/posts"}],"about":[{"href":"https:\/\/buletin.de\/bucuresti\/wp-json\/wp\/v2\/types\/post"}],"author":[{"embeddable":true,"href":"https:\/\/buletin.de\/bucuresti\/wp-json\/wp\/v2\/users\/61"}],"replies":[{"embeddable":true,"href":"https:\/\/buletin.de\/bucuresti\/wp-json\/wp\/v2\/comments?post=180516"}],"version-history":[{"count":13,"href":"https:\/\/buletin.de\/bucuresti\/wp-json\/wp\/v2\/posts\/180516\/revisions"}],"predecessor-version":[{"id":180651,"href":"https:\/\/buletin.de\/bucuresti\/wp-json\/wp\/v2\/posts\/180516\/revisions\/180651"}],"wp:featuredmedia":[{"embeddable":true,"href":"https:\/\/buletin.de\/bucuresti\/wp-json\/wp\/v2\/media\/180538"}],"wp:attachment":[{"href":"https:\/\/buletin.de\/bucuresti\/wp-json\/wp\/v2\/media?parent=180516"}],"wp:term":[{"taxonomy":"category","embeddable":true,"href":"https:\/\/buletin.de\/bucuresti\/wp-json\/wp\/v2\/categories?post=180516"},{"taxonomy":"post_tag","embeddable":true,"href":"https:\/\/buletin.de\/bucuresti\/wp-json\/wp\/v2\/tags?post=180516"},{"taxonomy":"author","embeddable":true,"href":"https:\/\/buletin.de\/bucuresti\/wp-json\/wp\/v2\/ppma_author?post=180516"}],"curies":[{"name":"wp","href":"https:\/\/api.w.org\/{rel}","templated":true}]}}