{"id":180496,"date":"2026-03-14T11:23:14","date_gmt":"2026-03-14T08:23:14","guid":{"rendered":"https:\/\/buletin.de\/bucuresti\/?p=180496"},"modified":"2026-03-15T08:18:46","modified_gmt":"2026-03-15T05:18:46","slug":"compromisul-pe-care-l-a-facut-ciucu-ca-sa-i-fie-votat-auditul-la-stb-consiliul-general-a-aprobat-un-proiect-ilegal-in-folosul-lui-baluta","status":"publish","type":"post","link":"https:\/\/buletin.de\/bucuresti\/compromisul-pe-care-l-a-facut-ciucu-ca-sa-i-fie-votat-auditul-la-stb-consiliul-general-a-aprobat-un-proiect-ilegal-in-folosul-lui-baluta\/","title":{"rendered":"ANALIZ\u0102 | Compromisul pe care l-a f\u0103cut Ciucu ca s\u0103-i fie votat auditul la STB: Consiliul General a aprobat un proiect ilegal, \u00een folosul lui Daniel B\u0103lu\u021b\u0103"},"content":{"rendered":"\n<p><strong>Ciprian Ciucu a reu\u0219it, la a cincea \u00eencercare, s\u0103 ob\u021bin\u0103 acordul Consiliului General al Municipiului Bucure\u0219ti (CGMB) pentru realizarea unui audit extern la Societatea de Transport Bucure\u0219ti \u0219i la Termoenergetica. Pentru ca PSD \u0219i PUSL s\u0103 nu-i mai \u00eencurce planurile, primarul general a acceptat un compromis: a permis introducerea pe ordinea de zi, apoi votarea de c\u0103tre partenerii s\u0103i din alian\u021b\u0103, a unui proiect \u00een folosul primarului Sectorului 4, Daniel B\u0103lu\u021b\u0103, pe care direc\u021biile de specialitate din Prim\u0103ria Capitalei \u00eel consider\u0103 ilegal. <\/strong><\/p>\n\n\n\n<h2 class=\"wp-block-heading\" id=\"h-daniel-balu\u021ba-a-vrut-mai-multe-strazi-pana-in-2040-le-a-primit-pana-in-2031\">Daniel B\u0103lu\u021b\u0103 a vrut mai multe str\u0103zi p\u00e2n\u0103 \u00een 2040. Le-a primit p\u00e2n\u0103 \u00een 2031<\/h2>\n\n\n\n<p><strong>Primarul Sectorului 4 a cerut, prin intermediul consilierilor generali PSD \u0219i PUSL, ca dreptul de administrare a str\u0103zilor pe care le-a primit de la Prim\u0103ria Capitalei \u00een 2017, \u00een timpul mandatului Gabrielei Firea, s\u0103 fie prelungit p\u00e2n\u0103 \u00een 2040.<\/strong><\/p>\n\n\n\n<p>Transferul str\u0103zilor c\u0103tre Prim\u0103ria Sectorului 4 a fost realizat \u201e&nbsp;\u00een vederea derul\u0103rii de lucr\u0103ri de amenajare\/reamenajare a&nbsp;parc\u0103rilor\u201d.&nbsp;<a href=\"https:\/\/hcl.usr.ro\/pmb\/2017\/h148\" target=\"_blank\" rel=\"noreferrer noopener\">Documentul prevedea&nbsp;<\/a>c\u0103 la finalizarea acestor lucr\u0103ri, drumurile trebuia s\u0103 revin\u0103 la Prim\u0103ria Capitalei, \u201elibere de orice sarcini\u201d.<\/p>\n\n\n\n<p>Majoritatea opera\u021biunilor de amenajare s-au \u00eencheiat \u00eenc\u0103 din anul 2020. Cu toate acestea, str\u0103zile au r\u0103mas \u00een continuare la Prim\u0103ria Sectorului 4. Mai mult, institu\u021bia a f\u0103cut \u0219i alte lucr\u0103ri, precum un pasaj suprateran, pentru care nu a avut acordul Prim\u0103riei Capitalei.<\/p>\n\n\n\n<p>\u00cen ciuda acestei situa\u021bii, primarul Daniel B\u0103lu\u021b\u0103 a vrut ca dreptul de administrare s\u0103 fie prelungit cu \u00eenc\u0103 14 ani, p\u00e2n\u0103 \u00een 2040. De aceea, consilierii PSD \u0219i PUSL au convocat o \u0219edin\u021b\u0103 extraordinar\u0103 a CGMB pe 24 februarie,&nbsp;\u00een care urma s\u0103 fie votat\u0103 \u0219i o <a href=\"https:\/\/doc.pmb.ro\/consiliu\/sedinte\/570\/oz\/13152.pdf\" target=\"_blank\" rel=\"noreferrer noopener\">hot\u0103r\u00e2re care s\u0103 legifereze prelungirea<\/a>.<\/p>\n\n\n\n<p><strong>Motivul oficial invocat: Sectorul 4 a f\u0103cut investi\u021bii masive din credite \u0219i buget local \u00een aceste artere \u0219i vrea s\u0103 le administreze p\u00e2n\u0103 \u00ee\u0219i recupereaz\u0103 investi\u021bia.<\/strong><\/p>\n\n\n\n<p><strong>CITE\u0218TE \u0218I: <a href=\"https:\/\/buletin.de\/bucuresti\/primaria-sectorului-4-vrea-sa-pastreze-pana-in-2040-administrarea-strazilor-pe-care-le-a-primit-de-la-firea-acestea-ar-fi-trebuit-sa-revina-deja-la-primaria-capitalei\/\" target=\"_blank\" rel=\"noreferrer noopener\">Prim\u0103ria Sectorului 4 p\u0103streaz\u0103 p\u00e2n\u0103 \u00een 2030 administrarea str\u0103zilor pe care le-a primit de la Firea. Acestea ar fi trebuit s\u0103 revin\u0103 deja la Prim\u0103ria Capitalei<\/a><\/strong><\/p>\n\n\n\n<h2 class=\"wp-block-heading\" id=\"h-sabotajul-psd-fa\u021ba-de-auditul-extern-cerut-de-ciucu-ab\u021binere-la-vot-apoi-trei-neprezentari-consecutive-la-\u0219edin\u021be\">Sabotajul PSD fa\u021b\u0103 de auditul extern cerut de Ciucu: ab\u021binere la vot, apoi trei neprezent\u0103ri consecutive la \u0219edin\u021be<\/h2>\n\n\n\n<p><strong>\u0218edin\u021ba extrardinar\u0103 din 24 februarie a fost sabotat\u0103 de consilierii generali ai coali\u021biei care \u00eel sus\u021bine pe Ciprian Ciucu, care nu au asigurat cvorumul necesar. <\/strong><\/p>\n\n\n\n<p>Atunci, PSD Bucure\u0219ti a declarat c\u0103 intr\u0103 \u00een grev\u0103 general\u0103 \u0219i au aplicat aceea\u0219i metod\u0103 la urm\u0103toarele \u0219edin\u021be, din 26 februarie \u0219i 6 martie, c\u00e2nd ar fi trebuit s\u0103 fie votat auditul extern cerut de primarul general pentru STB \u0219i Termoenergetica. <\/p>\n\n\n\n<p>Anterior, <a href=\"https:\/\/buletin.de\/bucuresti\/cgmb-a-respins-anchetele-fiscale-pentru-stb-si-termoenergetica-ciucu-cui-ii-e-frica-de-transparenta\/\">proiectul picase la vot<\/a>, \u00een \u0219edin\u021ba din 29 ianuarie, dup\u0103 ce consilierii generali ai PSD \u0219i PUSL s-au ab\u021binut de la vot, iar AUR a votat \u00eempotriv\u0103.<\/p>\n\n\n\n<p><strong>CITE\u0218TE \u0218I: <a href=\"https:\/\/buletin.de\/bucuresti\/de-ce-s-a-opus-psd-realizarii-unui-audit-la-stb-si-termoenergetica-baluta-nu-putem-arbitra-o-astfel-de-reglare-de-conturi-in-stil-mafiot-in-pnl\/\" type=\"link\" id=\"https:\/\/buletin.de\/bucuresti\/de-ce-s-a-opus-psd-realizarii-unui-audit-la-stb-si-termoenergetica-baluta-nu-putem-arbitra-o-astfel-de-reglare-de-conturi-in-stil-mafiot-in-pnl\/\" target=\"_blank\" rel=\"noreferrer noopener\">De ce s-a opus PSD realiz\u0103rii unui audit la STB \u0219i Termoenergetica. B\u0103lu\u021b\u0103: \u201eNu putem arbitra o astfel de reglare de conturi \u00een stil mafiot \u00een PNL\u201d<\/a><\/strong><\/p>\n\n\n\n<p>Situa\u021bia din Consiliul General p\u0103rea s\u0103 intre \u00eentr-un blocaj prelungit, \u00een condi\u021biile \u00een care patru \u0219edin\u021be nu au mai avut loc, din lips\u0103 de cvorum, respectiv cele din 16, 24, 26 februarie \u0219i cea din 6 martie.<\/p>\n\n\n\n<p><strong>CITE\u0218TE \u0218I: <a href=\"https:\/\/buletin.de\/bucuresti\/psd-aur-si-pusl-nu-cedeaza-in-confruntarea-cu-ciucu-inca-o-sedinta-de-consiliu-general-fara-cvorum-surse\/\" type=\"link\" id=\"https:\/\/buletin.de\/bucuresti\/psd-aur-si-pusl-nu-cedeaza-in-confruntarea-cu-ciucu-inca-o-sedinta-de-consiliu-general-fara-cvorum-surse\/\" target=\"_blank\" rel=\"noreferrer noopener\">Bucure\u0219tiul, paralizat din lips\u0103 de cvorum \u00een Consiliul General. PSD, AUR \u0219i PUSL nu cedeaz\u0103 \u00een confruntarea cu Ciprian Ciucu<\/a><\/strong><\/p>\n\n\n\n<h2 class=\"wp-block-heading\" id=\"h-pe-6-martie-primarul-general-explica-de-ce-este-un-proiect-ilegal-pe-13-martie-a-inchis-ochii\">Pe 6 martie, primarul general explica de ce este un proiect ilegal. Pe 13 martie a \u00eenchis ochii<\/h2>\n\n\n\n<p>Pe 6 martie, dup\u0103 ce din nou PSD \u0219i PUSL l-au sabotat pe Ciprian Ciucu, prin neprezentarea la \u0219edin\u021b\u0103, primarul general a f\u0103cut o conferin\u021b\u0103 de pres\u0103 \u00een care a explicat c\u0103 cererea lui Daniel B\u0103lu\u021b\u0103 privind prelungirea dreptului de administrare a bulevardelor \u0219i str\u0103zilor din Sectorul 4 a fost f\u0103cut\u0103 printr-un proiect ilegal, ce nu poate fi nici m\u0103car pus pe ordinea de zi.<\/p>\n\n\n\n<p>\u201eTrebuie \u00eendeplinite condi\u021biile legale pentru ca aceste proiecte s\u0103 poat\u0103 fi adoptate. <strong>A cerut bulevardele, pe care le-au luat cu o anumit\u0103 destina\u021bie. Face lucr\u0103ri \u0219i schimb\u0103 destina\u021bia.\u00a0<\/strong><\/p>\n\n\n\n<p>Expir\u0103 termenul p\u00e2n\u0103 la care le-a primit \u00een administrare. \u0218i ca s\u0103 fie prelungit, i se cere s\u0103 fac\u0103 dovada c\u0103 a f\u0103cut toate lucr\u0103rile asumate, respect\u00e2nd destina\u021bia ini\u021bial\u0103 pentru care le-a luat.<\/p>\n\n\n\n<p>El (Daniel B\u0103lu\u021b\u0103 \u2013 n.r.) trebuia s\u0103 vin\u0103 cu recep\u021biile. Dar ce face domnul B\u0103lu\u021b\u0103: vine \u0219i cere s\u0103 i se dea pe perioada amortiz\u0103rii. Vreau s\u0103 \u00eel informez, dac\u0103 nu a aflat dup\u0103 at\u00e2\u021bia ani de c\u00e2nd lucreaz\u0103 \u00een sistemul public, c\u0103 bunurile publice nu se supun amortiz\u0103rii.<\/p>\n\n\n\n<p>Nu exist\u0103 a\u0219a ceva \u00een Codul administrativ. Dar el se duce pe o zon\u0103 din Codul civil, care nu este aplicabil, \u0219i, \u00een loc s\u0103 fac\u0103 dovad\u0103 c\u0103 a respectat destina\u021bia \u2013 c\u0103 tot vorbe\u0219te de abuz \u00een serviciu, o d\u0103 cu mant\u0103 \u0219i bag\u0103 asta cu amortizarea. Adic\u0103 pe 25 de ani\u201d, acuza Ciprian Ciucu \u00een urm\u0103 cu o s\u0103pt\u0103m\u00e2n\u0103. <\/p>\n\n\n\n<p><strong>CITE\u0218TE \u0218I: <a href=\"https:\/\/buletin.de\/bucuresti\/ciucu-despre-dorinta-lui-baluta-de-a-pastra-pana-in-2040-mai-multe-strazi-care-apartin-primariei-capitalei-proiectul-este-ilegal\/\" type=\"link\" id=\"https:\/\/buletin.de\/bucuresti\/ciucu-despre-dorinta-lui-baluta-de-a-pastra-pana-in-2040-mai-multe-strazi-care-apartin-primariei-capitalei-proiectul-este-ilegal\/\" target=\"_blank\" rel=\"noreferrer noopener\">Ciucu despre dorin\u021ba lui B\u0103lu\u021b\u0103 de a p\u0103stra p\u00e2n\u0103 \u00een 2040 mai multe str\u0103zi care apar\u021bin Prim\u0103riei Capitalei: \u201eProiectul este ilegal\u201d<\/a><\/strong><\/p>\n\n\n\n<p>La c\u00e2teva zile dup\u0103 conferin\u021ba de pres\u0103 a primarului general, plin\u0103 de acuze la adresa lui Daniel B\u0103lu\u021b\u0103, PSD Bucure\u0219ti, filial\u0103 condus\u0103 chiar de c\u0103tre primarul Sectorului 4, a anun\u021bat brusc c\u0103 a ajuns la un acord cu Ciprian Ciucu. <\/p>\n\n\n\n<p><strong>\u00centr-adev\u0103r, pe 13 martie, proiectul de hot\u0103r\u00e2re privind str\u0103zile a fost adoptat de c\u0103tre Consiliul General al Municipiului Bucure\u0219ti, cu 33 de voturi pentru, 13 ab\u021bineri \u0219i niciun vot \u00eempotriv\u0103. <\/strong><\/p>\n\n\n\n<p><strong>Coali\u021bia PSD-PUSL-AUR are doar 27 de voturi, prin urmare pentru proiect au votat \u0219i consilieri generali din alian\u021ba care \u00eel sus\u021bine pe Ciprian Ciucu, iar restul s-au ab\u021binut, pentru a nu-l \u00eencurca pe primarul Sectorului 4. <\/strong><\/p>\n\n\n\n<p><strong><mark style=\"background-color:rgba(0, 0, 0, 0)\" class=\"has-inline-color has-vivid-red-color\">Totu\u0219i, dreptul de administrare a fost prelungit doar p\u00e2n\u0103 \u00een 2031, nu p\u00e2n\u0103 \u00een 2040, cum ceruse ini\u021bial Daniel B\u0103lu\u021b\u0103.<\/mark><\/strong> <strong>Deci, doar pentru cinci ani, nu pentru 15.<\/strong><\/p>\n\n\n\n<p><strong>CITE\u0218TE \u0218I: <a href=\"https:\/\/buletin.de\/bucuresti\/compromisul-pe-care-l-a-facut-ciucu-ca-sa-i-fie-votat-auditul-la-stb-consiliul-general-a-aprobat-un-proiect-ilegal-in-folosul-lui-baluta\/\" type=\"link\" id=\"https:\/\/buletin.de\/bucuresti\/compromisul-pe-care-l-a-facut-ciucu-ca-sa-i-fie-votat-auditul-la-stb-consiliul-general-a-aprobat-un-proiect-ilegal-in-folosul-lui-baluta\/\" target=\"_blank\" rel=\"noreferrer noopener\">\u201eLegalizarea\u201d lui B\u0103lu\u021b\u0103 | Dup\u0103 patru ani de \u00eencasat taxe de parcare \u00een locul PMB, Direc\u021bia de Mobilitate Urban\u0103 ajunge \u00een CGMB<\/a><\/strong><\/p>\n\n\n\n<h2 class=\"wp-block-heading\" id=\"h-direc\u021bia-transporturi-din-cadrul-primariei-capitalei-l-a-avertizat-pe-ciucu-de-doua-ori-ca-accepta-un-proiect-ilegal\">Direc\u021bia Transporturi din cadrul Prim\u0103riei Capitalei l-a avertizat pe Ciucu, de dou\u0103 ori, c\u0103 accept\u0103 un proiect ilegal<\/h2>\n\n\n\n<p><strong>Trocul dintre PNL \u0219i PSD \u00een Consiliul General a fost f\u0103cut de\u0219i proiectul incriminat chiar de c\u0103tre Ciprian Ciucu a r\u0103mas unul ilegal.<\/strong><\/p>\n\n\n\n<p>\u00cenaintea \u0219edin\u021bei CGMB din 13 martie, Direc\u021bia Transporturi din cadrul Prim\u0103riei Capitalei l-a informat pe primarul general c\u0103 \u00ee\u0219i men\u021bine punctul de vedere cu privire la faptul c\u0103 Prim\u0103ria Sectorului 4 nu a respectat legea \u0219i angajamentele pe care le-a luat. <\/p>\n\n\n\n<p>\u201eReferitor la adresa DATI nr.30719\/26.02.2026, \u00eenregistrat\u0103 la Direc\u0163ia Transporturi \u00een data de 26.02.2026, prin care s-a transmis proiectul de hot\u0103r\u00e2re depus de grupul de consilieri generali PSD \u0219i PUSL privind modificarea \u0219i completarea HCGMB nr.148\/2017 privind transmiterea unor str\u0103zi din administrarea GCMB &#8211; AS \u00een administrarea CLS4, v\u0103 comunic\u0103m c\u0103 ne men\u0163inem punctul de vedere exprimat anterior, transmis cabinetului Secretarului General prin adresa nr.20527\/19.02.2026\u201d, arat\u0103 Direc\u021bia Transporturi \u00een raportul c\u0103tre secretarul general al municipiului Bucure\u0219ti. <\/p>\n\n\n\n<h5 class=\"wp-block-heading\" id=\"h-care-sunt-problemele-identificate-de-aceasta-direc\u021bie\"><strong>Care sunt problemele identificate de aceast\u0103 direc\u021bie: <\/strong><\/h5>\n\n\n\n<figure class=\"wp-block-image size-large\"><img fetchpriority=\"high\" decoding=\"async\" width=\"1000\" height=\"341\" src=\"data:image\/gif;base64,R0lGODlhAQABAAAAACH5BAEKAAEALAAAAAABAAEAAAICTAEAOw==\" data-src=\"https:\/\/buletin.de\/bucuresti\/wp-content\/uploads\/2026\/03\/problemestrazisector4-1000x341.png\" alt=\"proiect ilegal\" class=\"wp-image-180509 lazyload\" data-sizes=\"auto\" data-srcset=\"https:\/\/buletin.de\/bucuresti\/wp-content\/uploads\/2026\/03\/problemestrazisector4-1000x341.png 1000w, https:\/\/buletin.de\/bucuresti\/wp-content\/uploads\/2026\/03\/problemestrazisector4-300x102.png 300w, https:\/\/buletin.de\/bucuresti\/wp-content\/uploads\/2026\/03\/problemestrazisector4-768x262.png 768w, https:\/\/buletin.de\/bucuresti\/wp-content\/uploads\/2026\/03\/problemestrazisector4-1100x375.png 1100w, https:\/\/buletin.de\/bucuresti\/wp-content\/uploads\/2026\/03\/problemestrazisector4-600x205.png 600w, https:\/\/buletin.de\/bucuresti\/wp-content\/uploads\/2026\/03\/problemestrazisector4-20x7.png 20w, https:\/\/buletin.de\/bucuresti\/wp-content\/uploads\/2026\/03\/problemestrazisector4.png 1200w\" sizes=\"(max-width: 1000px) 100vw, 1000px\" \/><\/figure>\n\n\n\n<figure class=\"wp-block-image size-large\"><img decoding=\"async\" width=\"1000\" height=\"528\" src=\"data:image\/gif;base64,R0lGODlhAQABAAAAACH5BAEKAAEALAAAAAABAAEAAAICTAEAOw==\" data-src=\"https:\/\/buletin.de\/bucuresti\/wp-content\/uploads\/2026\/03\/problemestrazisector41-1000x528.png\" alt=\"\" class=\"wp-image-180511 lazyload\" data-sizes=\"auto\" data-srcset=\"https:\/\/buletin.de\/bucuresti\/wp-content\/uploads\/2026\/03\/problemestrazisector41-1000x528.png 1000w, https:\/\/buletin.de\/bucuresti\/wp-content\/uploads\/2026\/03\/problemestrazisector41-300x158.png 300w, https:\/\/buletin.de\/bucuresti\/wp-content\/uploads\/2026\/03\/problemestrazisector41-768x405.png 768w, https:\/\/buletin.de\/bucuresti\/wp-content\/uploads\/2026\/03\/problemestrazisector41-1536x811.png 1536w, https:\/\/buletin.de\/bucuresti\/wp-content\/uploads\/2026\/03\/problemestrazisector41-1600x844.png 1600w, https:\/\/buletin.de\/bucuresti\/wp-content\/uploads\/2026\/03\/problemestrazisector41-1100x580.png 1100w, https:\/\/buletin.de\/bucuresti\/wp-content\/uploads\/2026\/03\/problemestrazisector41-600x317.png 600w, https:\/\/buletin.de\/bucuresti\/wp-content\/uploads\/2026\/03\/problemestrazisector41-20x11.png 20w, https:\/\/buletin.de\/bucuresti\/wp-content\/uploads\/2026\/03\/problemestrazisector41.png 1626w\" sizes=\"(max-width: 1000px) 100vw, 1000px\" \/><figcaption class=\"wp-element-caption\">De ce consider\u0103 Direc\u021bia de Transporturi c\u0103 este un proiect ilegal<\/figcaption><\/figure>\n\n\n\n<p><strong>Prin urmare, \u00een mod normal, proiectul de hot\u0103r\u00e2re prin care a fost prelungit dreptul de administrare pentru 8 artere din Sectorul 4 nici m\u0103car nu trebuia pus pe ordinea de zi.<\/strong><\/p>\n\n\n\n<p><strong><br><\/strong><\/p>\n\n\n\n<p><strong><br><\/strong><\/p>\n\n\n\n<p><\/p>\n","protected":false},"excerpt":{"rendered":"<p>Ciprian Ciucu a reu\u0219it, la a cincea \u00eencercare, s\u0103 ob\u021bin\u0103 acordul Consiliului General al Municipiului Bucure\u0219ti (CGMB) pentru realizarea unui audit extern la Societatea de Transport Bucure\u0219ti \u0219i la Termoenergetica. Pentru ca PSD \u0219i PUSL s\u0103 nu-i mai \u00eencurce planurile, primarul general a acceptat un compromis: a permis introducerea pe ordinea de zi, apoi votarea [&hellip;]<\/p>\n","protected":false},"author":60,"featured_media":180498,"comment_status":"closed","ping_status":"open","sticky":false,"template":"","format":"standard","meta":{"_acf_changed":false,"inline_featured_image":false,"ngg_post_thumbnail":0,"footnotes":""},"categories":[6215,6994,5762,9025,24],"tags":[349,1114,27078,104,765,27079],"ppma_author":[22582],"class_list":["post-180496","post","type-post","status-publish","format-standard","has-post-thumbnail","hentry","category-analiza","category-stiri-2","category-main","category-politic","category-primarie","tag-baluta","tag-ciucu","tag-noul-usl","tag-pmb","tag-sector-4","tag-strazi-sector-4"],"acf":[],"yoast_head":"<!-- This site is optimized with the Yoast SEO Premium plugin v25.3 (Yoast SEO v27.4) - https:\/\/yoast.com\/product\/yoast-seo-premium-wordpress\/ -->\n<title>ANALIZ\u0102 | Compromisul pe care l-a f\u0103cut Ciucu ca s\u0103-i fie votat auditul la STB: Consiliul General a aprobat un proiect ilegal, \u00een folosul lui Daniel B\u0103lu\u021b\u0103 - Buletin de Bucure\u0219ti<\/title>\n<meta name=\"description\" content=\"Primarul general a acceptat un compromis: a permis introducerea pe ordinea de zi a unui proiect ilegal.\" \/>\n<meta name=\"robots\" content=\"index, follow, max-snippet:-1, max-image-preview:large, max-video-preview:-1\" \/>\n<link rel=\"canonical\" href=\"https:\/\/buletin.de\/bucuresti\/compromisul-pe-care-l-a-facut-ciucu-ca-sa-i-fie-votat-auditul-la-stb-consiliul-general-a-aprobat-un-proiect-ilegal-in-folosul-lui-baluta\/\" \/>\n<meta property=\"og:locale\" content=\"en_GB\" \/>\n<meta property=\"og:type\" content=\"article\" \/>\n<meta property=\"og:title\" content=\"ANALIZ\u0102 | Compromisul pe care l-a f\u0103cut Ciucu ca s\u0103-i fie votat auditul la STB: Consiliul General a aprobat un proiect ilegal, \u00een folosul lui Daniel B\u0103lu\u021b\u0103\" \/>\n<meta property=\"og:description\" content=\"Primarul general a acceptat un compromis: a permis introducerea pe ordinea de zi a unui proiect ilegal.\" \/>\n<meta property=\"og:url\" content=\"https:\/\/buletin.de\/bucuresti\/compromisul-pe-care-l-a-facut-ciucu-ca-sa-i-fie-votat-auditul-la-stb-consiliul-general-a-aprobat-un-proiect-ilegal-in-folosul-lui-baluta\/\" \/>\n<meta property=\"og:site_name\" content=\"Buletin de Bucure\u0219ti\" \/>\n<meta property=\"article:publisher\" content=\"https:\/\/www.facebook.com\/buletin.de.buc\" \/>\n<meta property=\"article:published_time\" content=\"2026-03-14T08:23:14+00:00\" \/>\n<meta property=\"article:modified_time\" content=\"2026-03-15T05:18:46+00:00\" \/>\n<meta property=\"og:image\" content=\"https:\/\/buletin.de\/bucuresti\/wp-content\/uploads\/2026\/03\/ciucucompromis.jpeg\" \/>\n\t<meta property=\"og:image:width\" content=\"1600\" \/>\n\t<meta property=\"og:image:height\" content=\"1152\" \/>\n\t<meta property=\"og:image:type\" content=\"image\/jpeg\" \/>\n<meta name=\"author\" content=\"R\u0103zvan Chiru\u021b\u0103\" \/>\n<meta name=\"twitter:card\" content=\"summary_large_image\" \/>\n<meta name=\"twitter:label1\" content=\"Written by\" \/>\n\t<meta name=\"twitter:data1\" content=\"R\u0103zvan Chiru\u021b\u0103\" \/>\n\t<meta name=\"twitter:label2\" content=\"Estimated reading time\" \/>\n\t<meta name=\"twitter:data2\" content=\"6 minutes\" \/>\n<script type=\"application\/ld+json\" class=\"yoast-schema-graph\">{\"@context\":\"https:\\\/\\\/schema.org\",\"@graph\":[{\"@type\":\"Article\",\"@id\":\"https:\\\/\\\/buletin.de\\\/bucuresti\\\/compromisul-pe-care-l-a-facut-ciucu-ca-sa-i-fie-votat-auditul-la-stb-consiliul-general-a-aprobat-un-proiect-ilegal-in-folosul-lui-baluta\\\/#article\",\"isPartOf\":{\"@id\":\"https:\\\/\\\/buletin.de\\\/bucuresti\\\/compromisul-pe-care-l-a-facut-ciucu-ca-sa-i-fie-votat-auditul-la-stb-consiliul-general-a-aprobat-un-proiect-ilegal-in-folosul-lui-baluta\\\/\"},\"author\":{\"name\":\"R\u0103zvan Chiru\u021b\u0103\",\"@id\":\"https:\\\/\\\/buletin.de\\\/bucuresti\\\/#\\\/schema\\\/person\\\/a76df728dfc913795a9d90e346b253bb\"},\"headline\":\"ANALIZ\u0102 | Compromisul pe care l-a f\u0103cut Ciucu ca s\u0103-i fie votat auditul la STB: Consiliul General a aprobat un proiect ilegal, \u00een folosul lui Daniel B\u0103lu\u021b\u0103\",\"datePublished\":\"2026-03-14T08:23:14+00:00\",\"dateModified\":\"2026-03-15T05:18:46+00:00\",\"mainEntityOfPage\":{\"@id\":\"https:\\\/\\\/buletin.de\\\/bucuresti\\\/compromisul-pe-care-l-a-facut-ciucu-ca-sa-i-fie-votat-auditul-la-stb-consiliul-general-a-aprobat-un-proiect-ilegal-in-folosul-lui-baluta\\\/\"},\"wordCount\":1306,\"publisher\":{\"@id\":\"https:\\\/\\\/buletin.de\\\/bucuresti\\\/#organization\"},\"image\":{\"@id\":\"https:\\\/\\\/buletin.de\\\/bucuresti\\\/compromisul-pe-care-l-a-facut-ciucu-ca-sa-i-fie-votat-auditul-la-stb-consiliul-general-a-aprobat-un-proiect-ilegal-in-folosul-lui-baluta\\\/#primaryimage\"},\"thumbnailUrl\":\"https:\\\/\\\/buletin.de\\\/bucuresti\\\/wp-content\\\/uploads\\\/2026\\\/03\\\/ciucucompromis.jpeg\",\"keywords\":[\"baluta\",\"ciucu\",\"noul usl\",\"pmb\",\"Sector 4\",\"strazi sector 4\"],\"articleSection\":[\"Analiz\u0103\",\"Articole\",\"Main\",\"Politic\",\"Prim\u0103rie\"],\"inLanguage\":\"en-GB\",\"copyrightYear\":\"2026\",\"copyrightHolder\":{\"@id\":\"https:\\\/\\\/buletin.de\\\/bucuresti\\\/#organization\"}},{\"@type\":\"WebPage\",\"@id\":\"https:\\\/\\\/buletin.de\\\/bucuresti\\\/compromisul-pe-care-l-a-facut-ciucu-ca-sa-i-fie-votat-auditul-la-stb-consiliul-general-a-aprobat-un-proiect-ilegal-in-folosul-lui-baluta\\\/\",\"url\":\"https:\\\/\\\/buletin.de\\\/bucuresti\\\/compromisul-pe-care-l-a-facut-ciucu-ca-sa-i-fie-votat-auditul-la-stb-consiliul-general-a-aprobat-un-proiect-ilegal-in-folosul-lui-baluta\\\/\",\"name\":\"ANALIZ\u0102 | Compromisul pe care l-a f\u0103cut Ciucu ca s\u0103-i fie votat auditul la STB: Consiliul General a aprobat un proiect ilegal, \u00een folosul lui Daniel B\u0103lu\u021b\u0103 - Buletin de Bucure\u0219ti\",\"isPartOf\":{\"@id\":\"https:\\\/\\\/buletin.de\\\/bucuresti\\\/#website\"},\"primaryImageOfPage\":{\"@id\":\"https:\\\/\\\/buletin.de\\\/bucuresti\\\/compromisul-pe-care-l-a-facut-ciucu-ca-sa-i-fie-votat-auditul-la-stb-consiliul-general-a-aprobat-un-proiect-ilegal-in-folosul-lui-baluta\\\/#primaryimage\"},\"image\":{\"@id\":\"https:\\\/\\\/buletin.de\\\/bucuresti\\\/compromisul-pe-care-l-a-facut-ciucu-ca-sa-i-fie-votat-auditul-la-stb-consiliul-general-a-aprobat-un-proiect-ilegal-in-folosul-lui-baluta\\\/#primaryimage\"},\"thumbnailUrl\":\"https:\\\/\\\/buletin.de\\\/bucuresti\\\/wp-content\\\/uploads\\\/2026\\\/03\\\/ciucucompromis.jpeg\",\"datePublished\":\"2026-03-14T08:23:14+00:00\",\"dateModified\":\"2026-03-15T05:18:46+00:00\",\"description\":\"Primarul general a acceptat un compromis: a permis introducerea pe ordinea de zi a unui proiect ilegal.\",\"breadcrumb\":{\"@id\":\"https:\\\/\\\/buletin.de\\\/bucuresti\\\/compromisul-pe-care-l-a-facut-ciucu-ca-sa-i-fie-votat-auditul-la-stb-consiliul-general-a-aprobat-un-proiect-ilegal-in-folosul-lui-baluta\\\/#breadcrumb\"},\"inLanguage\":\"en-GB\",\"potentialAction\":[{\"@type\":\"ReadAction\",\"target\":[\"https:\\\/\\\/buletin.de\\\/bucuresti\\\/compromisul-pe-care-l-a-facut-ciucu-ca-sa-i-fie-votat-auditul-la-stb-consiliul-general-a-aprobat-un-proiect-ilegal-in-folosul-lui-baluta\\\/\"]}]},{\"@type\":\"ImageObject\",\"inLanguage\":\"en-GB\",\"@id\":\"https:\\\/\\\/buletin.de\\\/bucuresti\\\/compromisul-pe-care-l-a-facut-ciucu-ca-sa-i-fie-votat-auditul-la-stb-consiliul-general-a-aprobat-un-proiect-ilegal-in-folosul-lui-baluta\\\/#primaryimage\",\"url\":\"https:\\\/\\\/buletin.de\\\/bucuresti\\\/wp-content\\\/uploads\\\/2026\\\/03\\\/ciucucompromis.jpeg\",\"contentUrl\":\"https:\\\/\\\/buletin.de\\\/bucuresti\\\/wp-content\\\/uploads\\\/2026\\\/03\\\/ciucucompromis.jpeg\",\"width\":1600,\"height\":1152,\"caption\":\"Foto: INQUAM_Photos_Pana_Tudor\"},{\"@type\":\"BreadcrumbList\",\"@id\":\"https:\\\/\\\/buletin.de\\\/bucuresti\\\/compromisul-pe-care-l-a-facut-ciucu-ca-sa-i-fie-votat-auditul-la-stb-consiliul-general-a-aprobat-un-proiect-ilegal-in-folosul-lui-baluta\\\/#breadcrumb\",\"itemListElement\":[{\"@type\":\"ListItem\",\"position\":1,\"name\":\"Acas\u0103\",\"item\":\"https:\\\/\\\/buletin.de\\\/bucuresti\\\/\"},{\"@type\":\"ListItem\",\"position\":2,\"name\":\"ANALIZ\u0102 | Compromisul pe care l-a f\u0103cut Ciucu ca s\u0103-i fie votat auditul la STB: Consiliul General a aprobat un proiect ilegal, \u00een folosul lui Daniel B\u0103lu\u021b\u0103\"}]},{\"@type\":\"WebSite\",\"@id\":\"https:\\\/\\\/buletin.de\\\/bucuresti\\\/#website\",\"url\":\"https:\\\/\\\/buletin.de\\\/bucuresti\\\/\",\"name\":\"Buletin de Bucure\u0219ti\",\"description\":\"\u0218tiri \u0219i investiga\u021bii esen\u021biale din capital\u0103\",\"publisher\":{\"@id\":\"https:\\\/\\\/buletin.de\\\/bucuresti\\\/#organization\"},\"potentialAction\":[{\"@type\":\"SearchAction\",\"target\":{\"@type\":\"EntryPoint\",\"urlTemplate\":\"https:\\\/\\\/buletin.de\\\/bucuresti\\\/?s={search_term_string}\"},\"query-input\":{\"@type\":\"PropertyValueSpecification\",\"valueRequired\":true,\"valueName\":\"search_term_string\"}}],\"inLanguage\":\"en-GB\"},{\"@type\":\"Organization\",\"@id\":\"https:\\\/\\\/buletin.de\\\/bucuresti\\\/#organization\",\"name\":\"Buletin de Bucure\u0219ti\",\"url\":\"https:\\\/\\\/buletin.de\\\/bucuresti\\\/\",\"logo\":{\"@type\":\"ImageObject\",\"inLanguage\":\"en-GB\",\"@id\":\"https:\\\/\\\/buletin.de\\\/bucuresti\\\/#\\\/schema\\\/logo\\\/image\\\/\",\"url\":\"https:\\\/\\\/buletin.de\\\/bucuresti\\\/wp-content\\\/uploads\\\/logo-bdb-full-wide-vernil-transparent.png\",\"contentUrl\":\"https:\\\/\\\/buletin.de\\\/bucuresti\\\/wp-content\\\/uploads\\\/logo-bdb-full-wide-vernil-transparent.png\",\"width\":1782,\"height\":626,\"caption\":\"Buletin de Bucure\u0219ti\"},\"image\":{\"@id\":\"https:\\\/\\\/buletin.de\\\/bucuresti\\\/#\\\/schema\\\/logo\\\/image\\\/\"},\"sameAs\":[\"https:\\\/\\\/www.facebook.com\\\/buletin.de.buc\",\"https:\\\/\\\/www.instagram.com\\\/buletinde.bucuresti\\\/\"]},{\"@type\":\"Person\",\"@id\":\"https:\\\/\\\/buletin.de\\\/bucuresti\\\/#\\\/schema\\\/person\\\/a76df728dfc913795a9d90e346b253bb\",\"name\":\"R\u0103zvan Chiru\u021b\u0103\",\"image\":{\"@type\":\"ImageObject\",\"inLanguage\":\"en-GB\",\"@id\":\"https:\\\/\\\/buletin.de\\\/bucuresti\\\/wp-content\\\/uploads\\\/Razvan-Chiruta-96x96.jpge7143b996fd4241fbd6ee1f6b6b7b267\",\"url\":\"https:\\\/\\\/buletin.de\\\/bucuresti\\\/wp-content\\\/uploads\\\/Razvan-Chiruta-96x96.jpg\",\"contentUrl\":\"https:\\\/\\\/buletin.de\\\/bucuresti\\\/wp-content\\\/uploads\\\/Razvan-Chiruta-96x96.jpg\",\"caption\":\"R\u0103zvan Chiru\u021b\u0103\"},\"description\":\"R\u0103zvan Chiru\u021b\u0103 este redactor-\u0219ef adjunct din iulie 2024. A fost redactor-\u0219ef al PRESShub \u00eentre 2022 \u0219i iunie 2024. Anterior, a fost redactor-\u0219ef al Newsweek Rom\u00e2nia, din 2018 p\u00e2n\u0103 \u00een 2021, \u0219i al cotidianului Rom\u00e2nia liber\u0103, \u00eentre 2015 \u0219i 2017. Este absolvent de Jurnalism, \u00een cadrul Universit\u0103\u021bii \u201eAl.I.Cuza\u201d din Ia\u0219i, \u0219i a urmat un master \u00een Managementul institu\u021biilor mass-media (f\u0103r\u0103 diserta\u021bie) la Facultatea de Jurnalism \u0219i \u0218tiin\u021bele Comunic\u0103rii din cadrul Universit\u0103\u021bii din Bucure\u0219ti. \u0218i-a \u00eenceput cariera la Opinia studen\u021beasc\u0103, cunoscuta \u0219coal\u0103 de pres\u0103 din Ia\u0219i. A lucrat \u00een presa local\u0103, apoi a devenit corespondent pentru Ia\u0219i al cotidianului Evenimentul Zilei. Din 2004, a coordonat pentru \u0219ase luni sec\u021bia de coresponden\u021bi a Evenimentului Zilei. A mai lucrat la s\u0103pt\u0103m\u00e2nalul Prezent \u0219i a colaborat cu revistele Dilema Veche \u0219i Suplimentul de Cultur\u0103. Este co-autor \u00een volumele \u201eMass-media \u0219i democra\u021bia \u00een Rom\u00e2nia post-comunist\u0103\u201d (ed. a II-a), Ed. Institutul European, Ia\u0219i, 2013, \u0219i \u201eCOVID - 19. Dimensiuni ale gestionarii pandemiei\u201d, Editura Junimea, Ia\u0219i, 2020.\",\"url\":\"https:\\\/\\\/buletin.de\\\/bucuresti\\\/author\\\/razvan-chiruta\\\/\"}]}<\/script>\n<!-- \/ Yoast SEO Premium plugin. -->","yoast_head_json":{"title":"ANALIZ\u0102 | Compromisul pe care l-a f\u0103cut Ciucu ca s\u0103-i fie votat auditul la STB: Consiliul General a aprobat un proiect ilegal, \u00een folosul lui Daniel B\u0103lu\u021b\u0103 - Buletin de Bucure\u0219ti","description":"Primarul general a acceptat un compromis: a permis introducerea pe ordinea de zi a unui proiect ilegal.","robots":{"index":"index","follow":"follow","max-snippet":"max-snippet:-1","max-image-preview":"max-image-preview:large","max-video-preview":"max-video-preview:-1"},"canonical":"https:\/\/buletin.de\/bucuresti\/compromisul-pe-care-l-a-facut-ciucu-ca-sa-i-fie-votat-auditul-la-stb-consiliul-general-a-aprobat-un-proiect-ilegal-in-folosul-lui-baluta\/","og_locale":"en_GB","og_type":"article","og_title":"ANALIZ\u0102 | Compromisul pe care l-a f\u0103cut Ciucu ca s\u0103-i fie votat auditul la STB: Consiliul General a aprobat un proiect ilegal, \u00een folosul lui Daniel B\u0103lu\u021b\u0103","og_description":"Primarul general a acceptat un compromis: a permis introducerea pe ordinea de zi a unui proiect ilegal.","og_url":"https:\/\/buletin.de\/bucuresti\/compromisul-pe-care-l-a-facut-ciucu-ca-sa-i-fie-votat-auditul-la-stb-consiliul-general-a-aprobat-un-proiect-ilegal-in-folosul-lui-baluta\/","og_site_name":"Buletin de Bucure\u0219ti","article_publisher":"https:\/\/www.facebook.com\/buletin.de.buc","article_published_time":"2026-03-14T08:23:14+00:00","article_modified_time":"2026-03-15T05:18:46+00:00","og_image":[{"width":1600,"height":1152,"url":"https:\/\/buletin.de\/bucuresti\/wp-content\/uploads\/2026\/03\/ciucucompromis.jpeg","type":"image\/jpeg"}],"author":"R\u0103zvan Chiru\u021b\u0103","twitter_card":"summary_large_image","twitter_misc":{"Written by":"R\u0103zvan Chiru\u021b\u0103","Estimated reading time":"6 minutes"},"schema":{"@context":"https:\/\/schema.org","@graph":[{"@type":"Article","@id":"https:\/\/buletin.de\/bucuresti\/compromisul-pe-care-l-a-facut-ciucu-ca-sa-i-fie-votat-auditul-la-stb-consiliul-general-a-aprobat-un-proiect-ilegal-in-folosul-lui-baluta\/#article","isPartOf":{"@id":"https:\/\/buletin.de\/bucuresti\/compromisul-pe-care-l-a-facut-ciucu-ca-sa-i-fie-votat-auditul-la-stb-consiliul-general-a-aprobat-un-proiect-ilegal-in-folosul-lui-baluta\/"},"author":{"name":"R\u0103zvan Chiru\u021b\u0103","@id":"https:\/\/buletin.de\/bucuresti\/#\/schema\/person\/a76df728dfc913795a9d90e346b253bb"},"headline":"ANALIZ\u0102 | Compromisul pe care l-a f\u0103cut Ciucu ca s\u0103-i fie votat auditul la STB: Consiliul General a aprobat un proiect ilegal, \u00een folosul lui Daniel B\u0103lu\u021b\u0103","datePublished":"2026-03-14T08:23:14+00:00","dateModified":"2026-03-15T05:18:46+00:00","mainEntityOfPage":{"@id":"https:\/\/buletin.de\/bucuresti\/compromisul-pe-care-l-a-facut-ciucu-ca-sa-i-fie-votat-auditul-la-stb-consiliul-general-a-aprobat-un-proiect-ilegal-in-folosul-lui-baluta\/"},"wordCount":1306,"publisher":{"@id":"https:\/\/buletin.de\/bucuresti\/#organization"},"image":{"@id":"https:\/\/buletin.de\/bucuresti\/compromisul-pe-care-l-a-facut-ciucu-ca-sa-i-fie-votat-auditul-la-stb-consiliul-general-a-aprobat-un-proiect-ilegal-in-folosul-lui-baluta\/#primaryimage"},"thumbnailUrl":"https:\/\/buletin.de\/bucuresti\/wp-content\/uploads\/2026\/03\/ciucucompromis.jpeg","keywords":["baluta","ciucu","noul usl","pmb","Sector 4","strazi sector 4"],"articleSection":["Analiz\u0103","Articole","Main","Politic","Prim\u0103rie"],"inLanguage":"en-GB","copyrightYear":"2026","copyrightHolder":{"@id":"https:\/\/buletin.de\/bucuresti\/#organization"}},{"@type":"WebPage","@id":"https:\/\/buletin.de\/bucuresti\/compromisul-pe-care-l-a-facut-ciucu-ca-sa-i-fie-votat-auditul-la-stb-consiliul-general-a-aprobat-un-proiect-ilegal-in-folosul-lui-baluta\/","url":"https:\/\/buletin.de\/bucuresti\/compromisul-pe-care-l-a-facut-ciucu-ca-sa-i-fie-votat-auditul-la-stb-consiliul-general-a-aprobat-un-proiect-ilegal-in-folosul-lui-baluta\/","name":"ANALIZ\u0102 | Compromisul pe care l-a f\u0103cut Ciucu ca s\u0103-i fie votat auditul la STB: Consiliul General a aprobat un proiect ilegal, \u00een folosul lui Daniel B\u0103lu\u021b\u0103 - Buletin de Bucure\u0219ti","isPartOf":{"@id":"https:\/\/buletin.de\/bucuresti\/#website"},"primaryImageOfPage":{"@id":"https:\/\/buletin.de\/bucuresti\/compromisul-pe-care-l-a-facut-ciucu-ca-sa-i-fie-votat-auditul-la-stb-consiliul-general-a-aprobat-un-proiect-ilegal-in-folosul-lui-baluta\/#primaryimage"},"image":{"@id":"https:\/\/buletin.de\/bucuresti\/compromisul-pe-care-l-a-facut-ciucu-ca-sa-i-fie-votat-auditul-la-stb-consiliul-general-a-aprobat-un-proiect-ilegal-in-folosul-lui-baluta\/#primaryimage"},"thumbnailUrl":"https:\/\/buletin.de\/bucuresti\/wp-content\/uploads\/2026\/03\/ciucucompromis.jpeg","datePublished":"2026-03-14T08:23:14+00:00","dateModified":"2026-03-15T05:18:46+00:00","description":"Primarul general a acceptat un compromis: a permis introducerea pe ordinea de zi a unui proiect ilegal.","breadcrumb":{"@id":"https:\/\/buletin.de\/bucuresti\/compromisul-pe-care-l-a-facut-ciucu-ca-sa-i-fie-votat-auditul-la-stb-consiliul-general-a-aprobat-un-proiect-ilegal-in-folosul-lui-baluta\/#breadcrumb"},"inLanguage":"en-GB","potentialAction":[{"@type":"ReadAction","target":["https:\/\/buletin.de\/bucuresti\/compromisul-pe-care-l-a-facut-ciucu-ca-sa-i-fie-votat-auditul-la-stb-consiliul-general-a-aprobat-un-proiect-ilegal-in-folosul-lui-baluta\/"]}]},{"@type":"ImageObject","inLanguage":"en-GB","@id":"https:\/\/buletin.de\/bucuresti\/compromisul-pe-care-l-a-facut-ciucu-ca-sa-i-fie-votat-auditul-la-stb-consiliul-general-a-aprobat-un-proiect-ilegal-in-folosul-lui-baluta\/#primaryimage","url":"https:\/\/buletin.de\/bucuresti\/wp-content\/uploads\/2026\/03\/ciucucompromis.jpeg","contentUrl":"https:\/\/buletin.de\/bucuresti\/wp-content\/uploads\/2026\/03\/ciucucompromis.jpeg","width":1600,"height":1152,"caption":"Foto: INQUAM_Photos_Pana_Tudor"},{"@type":"BreadcrumbList","@id":"https:\/\/buletin.de\/bucuresti\/compromisul-pe-care-l-a-facut-ciucu-ca-sa-i-fie-votat-auditul-la-stb-consiliul-general-a-aprobat-un-proiect-ilegal-in-folosul-lui-baluta\/#breadcrumb","itemListElement":[{"@type":"ListItem","position":1,"name":"Acas\u0103","item":"https:\/\/buletin.de\/bucuresti\/"},{"@type":"ListItem","position":2,"name":"ANALIZ\u0102 | Compromisul pe care l-a f\u0103cut Ciucu ca s\u0103-i fie votat auditul la STB: Consiliul General a aprobat un proiect ilegal, \u00een folosul lui Daniel B\u0103lu\u021b\u0103"}]},{"@type":"WebSite","@id":"https:\/\/buletin.de\/bucuresti\/#website","url":"https:\/\/buletin.de\/bucuresti\/","name":"Buletin de Bucure\u0219ti","description":"\u0218tiri \u0219i investiga\u021bii esen\u021biale din capital\u0103","publisher":{"@id":"https:\/\/buletin.de\/bucuresti\/#organization"},"potentialAction":[{"@type":"SearchAction","target":{"@type":"EntryPoint","urlTemplate":"https:\/\/buletin.de\/bucuresti\/?s={search_term_string}"},"query-input":{"@type":"PropertyValueSpecification","valueRequired":true,"valueName":"search_term_string"}}],"inLanguage":"en-GB"},{"@type":"Organization","@id":"https:\/\/buletin.de\/bucuresti\/#organization","name":"Buletin de Bucure\u0219ti","url":"https:\/\/buletin.de\/bucuresti\/","logo":{"@type":"ImageObject","inLanguage":"en-GB","@id":"https:\/\/buletin.de\/bucuresti\/#\/schema\/logo\/image\/","url":"https:\/\/buletin.de\/bucuresti\/wp-content\/uploads\/logo-bdb-full-wide-vernil-transparent.png","contentUrl":"https:\/\/buletin.de\/bucuresti\/wp-content\/uploads\/logo-bdb-full-wide-vernil-transparent.png","width":1782,"height":626,"caption":"Buletin de Bucure\u0219ti"},"image":{"@id":"https:\/\/buletin.de\/bucuresti\/#\/schema\/logo\/image\/"},"sameAs":["https:\/\/www.facebook.com\/buletin.de.buc","https:\/\/www.instagram.com\/buletinde.bucuresti\/"]},{"@type":"Person","@id":"https:\/\/buletin.de\/bucuresti\/#\/schema\/person\/a76df728dfc913795a9d90e346b253bb","name":"R\u0103zvan Chiru\u021b\u0103","image":{"@type":"ImageObject","inLanguage":"en-GB","@id":"https:\/\/buletin.de\/bucuresti\/wp-content\/uploads\/Razvan-Chiruta-96x96.jpge7143b996fd4241fbd6ee1f6b6b7b267","url":"https:\/\/buletin.de\/bucuresti\/wp-content\/uploads\/Razvan-Chiruta-96x96.jpg","contentUrl":"https:\/\/buletin.de\/bucuresti\/wp-content\/uploads\/Razvan-Chiruta-96x96.jpg","caption":"R\u0103zvan Chiru\u021b\u0103"},"description":"R\u0103zvan Chiru\u021b\u0103 este redactor-\u0219ef adjunct din iulie 2024. A fost redactor-\u0219ef al PRESShub \u00eentre 2022 \u0219i iunie 2024. Anterior, a fost redactor-\u0219ef al Newsweek Rom\u00e2nia, din 2018 p\u00e2n\u0103 \u00een 2021, \u0219i al cotidianului Rom\u00e2nia liber\u0103, \u00eentre 2015 \u0219i 2017. Este absolvent de Jurnalism, \u00een cadrul Universit\u0103\u021bii \u201eAl.I.Cuza\u201d din Ia\u0219i, \u0219i a urmat un master \u00een Managementul institu\u021biilor mass-media (f\u0103r\u0103 diserta\u021bie) la Facultatea de Jurnalism \u0219i \u0218tiin\u021bele Comunic\u0103rii din cadrul Universit\u0103\u021bii din Bucure\u0219ti. \u0218i-a \u00eenceput cariera la Opinia studen\u021beasc\u0103, cunoscuta \u0219coal\u0103 de pres\u0103 din Ia\u0219i. A lucrat \u00een presa local\u0103, apoi a devenit corespondent pentru Ia\u0219i al cotidianului Evenimentul Zilei. Din 2004, a coordonat pentru \u0219ase luni sec\u021bia de coresponden\u021bi a Evenimentului Zilei. A mai lucrat la s\u0103pt\u0103m\u00e2nalul Prezent \u0219i a colaborat cu revistele Dilema Veche \u0219i Suplimentul de Cultur\u0103. Este co-autor \u00een volumele \u201eMass-media \u0219i democra\u021bia \u00een Rom\u00e2nia post-comunist\u0103\u201d (ed. a II-a), Ed. Institutul European, Ia\u0219i, 2013, \u0219i \u201eCOVID - 19. Dimensiuni ale gestionarii pandemiei\u201d, Editura Junimea, Ia\u0219i, 2020.","url":"https:\/\/buletin.de\/bucuresti\/author\/razvan-chiruta\/"}]}},"authors":[{"term_id":22582,"user_id":60,"is_guest":0,"slug":"razvan-chiruta","display_name":"R\u0103zvan Chiru\u021b\u0103","avatar_url":"https:\/\/buletin.de\/bucuresti\/wp-content\/uploads\/Razvan-Chiruta-96x96.jpg","0":null,"1":"","2":"","3":"","4":"","5":"","6":"","7":"","8":""}],"_links":{"self":[{"href":"https:\/\/buletin.de\/bucuresti\/wp-json\/wp\/v2\/posts\/180496","targetHints":{"allow":["GET"]}}],"collection":[{"href":"https:\/\/buletin.de\/bucuresti\/wp-json\/wp\/v2\/posts"}],"about":[{"href":"https:\/\/buletin.de\/bucuresti\/wp-json\/wp\/v2\/types\/post"}],"author":[{"embeddable":true,"href":"https:\/\/buletin.de\/bucuresti\/wp-json\/wp\/v2\/users\/60"}],"replies":[{"embeddable":true,"href":"https:\/\/buletin.de\/bucuresti\/wp-json\/wp\/v2\/comments?post=180496"}],"version-history":[{"count":22,"href":"https:\/\/buletin.de\/bucuresti\/wp-json\/wp\/v2\/posts\/180496\/revisions"}],"predecessor-version":[{"id":180705,"href":"https:\/\/buletin.de\/bucuresti\/wp-json\/wp\/v2\/posts\/180496\/revisions\/180705"}],"wp:featuredmedia":[{"embeddable":true,"href":"https:\/\/buletin.de\/bucuresti\/wp-json\/wp\/v2\/media\/180498"}],"wp:attachment":[{"href":"https:\/\/buletin.de\/bucuresti\/wp-json\/wp\/v2\/media?parent=180496"}],"wp:term":[{"taxonomy":"category","embeddable":true,"href":"https:\/\/buletin.de\/bucuresti\/wp-json\/wp\/v2\/categories?post=180496"},{"taxonomy":"post_tag","embeddable":true,"href":"https:\/\/buletin.de\/bucuresti\/wp-json\/wp\/v2\/tags?post=180496"},{"taxonomy":"author","embeddable":true,"href":"https:\/\/buletin.de\/bucuresti\/wp-json\/wp\/v2\/ppma_author?post=180496"}],"curies":[{"name":"wp","href":"https:\/\/api.w.org\/{rel}","templated":true}]}}