{"id":180465,"date":"2026-03-14T06:59:25","date_gmt":"2026-03-14T03:59:25","guid":{"rendered":"https:\/\/buletin.de\/bucuresti\/?p=180465"},"modified":"2026-03-14T06:59:26","modified_gmt":"2026-03-14T03:59:26","slug":"apa-nova-anunta-zonele-din-bucuresti-care-raman-fara-apa-rece-saptamana-aceasta","status":"publish","type":"post","link":"https:\/\/buletin.de\/bucuresti\/apa-nova-anunta-zonele-din-bucuresti-care-raman-fara-apa-rece-saptamana-aceasta\/","title":{"rendered":"Apa Nova anun\u021b\u0103 zonele din Bucure\u0219ti care r\u0103m\u00e2n f\u0103r\u0103 ap\u0103 rece s\u0103pt\u0103m\u00e2na viitoare"},"content":{"rendered":"\n<p><strong>Mai multe zone din Bucure\u0219ti r\u0103m\u00e2n f\u0103r\u0103 ap\u0103 rece \u00eentre 17-20 martie 2026. Furnizarea se \u00eentrerupe pentru lucr\u0103ri de modernizare \u0219i de interven\u021bie, potrivit\u00a0<\/strong><a href=\"https:\/\/www.apanovabucuresti.ro\/\"><strong>APA NOVA.<\/strong><\/a><\/p>\n\n\n\n<h2 class=\"wp-block-heading\" id=\"h-zonele-din-bucure\u0219ti-care-raman-fara-apa-rece\"><strong>Zonele din Bucure\u0219ti care r\u0103m\u00e2n f\u0103r\u0103 ap\u0103 rece<\/strong><\/h2>\n\n\n\n<p><strong>Sector 1<\/strong><\/p>\n\n\n\n<ul class=\"wp-block-list\">\n<li>Str. Izbiceni, Str. Mih\u0103ileni, Str. Jiului, Str. Stelu\u021bei x Str. Neajlovului,  Str. Cire\u0219oaia, Str. Golovi\u021ba, Str. Proletarului, Str. Aeromodelului &#8211; 18 martie &#8211; 09:00-18:00;<\/li>\n\n\n\n<li>Str. Petru \u0219i Pavel, Str. Magheri \u0218tefan, Chitilei, Str. Hotin, Str. \u0218tefan Magheri &#8211; 19 martie &#8211; 09:00-18:00;<\/li>\n\n\n\n<li>Bd. M\u0103r\u0103\u0219ti, Aleea Primo Nebiolo &#8211; 20 martie &#8211; 10:00-16:00.<\/li>\n<\/ul>\n\n\n\n<p><strong>Sector 5<\/strong><\/p>\n\n\n\n<ul class=\"wp-block-list\">\n<li>Str. Garofeanu Ion, Str. Sebastian Mihail &#8211; 18 martie &#8211; 09:00 &#8211; 15:00;<\/li>\n\n\n\n<li>Calea 13 Septembrie, Str. Gara Dealul Spirii, Str. Progresului &#8211; 18 martie &#8211; 09:00 &#8211; 23:00;<\/li>\n\n\n\n<li>Str. Cobadin, Intr. Cobadin, Str. F\u0103t Frumos, Str. Petre Ispirescu &#8211; 19 martie &#8211; 09:00-19:00.<\/li>\n<\/ul>\n\n\n\n<h2 class=\"wp-block-heading\" id=\"h-alte-zone-din-sectorul-6-raman-fara-apa-rece\">Alte zone din Sectorul 6 r\u0103m\u00e2n f\u0103r\u0103 ap\u0103 rece<\/h2>\n\n\n\n<ul class=\"wp-block-list\">\n<li>Str. Valea Cascadelor, Str. Oboga &#8211; 17 martie &#8211; 10:30-16:30.<\/li>\n<\/ul>\n\n\n\n<p><strong>CITE\u0218TE \u0218I:<\/strong> <a href=\"https:\/\/buletin.de\/bucuresti\/proiectul-platesti-cata-caldura-primesti-initiat-de-daniel-baluta-a-fost-adoptat-de-consiliul-general-cum-ar-urma-sa-fie-redusa-factura\/\"><strong>Proiectul \u201ePl\u0103te\u0219ti c\u00e2t\u0103 c\u0103ldur\u0103 prime\u0219ti\u201d, ini\u021biat de Daniel B\u0103lu\u021b\u0103, a fost adoptat de Consiliul General cu modific\u0103ri. Ce s-a schimbat<\/strong><\/a><\/p>\n\n\n\n<h2 class=\"wp-block-heading\" id=\"h-re\u021bele-electrice-muntenia-intrerupe-curentul-electric-in-bucure\u0219ti-ilfov-\u0219i-giurgiu-care-sunt-zonele-afectate\">Re\u021bele Electrice Muntenia \u00eentrerupe curentul electric \u00een Bucure\u0219ti, Ilfov \u0219i Giurgiu. Care sunt zonele afectate<\/h2>\n\n\n\n<p><strong>Unde \u00eentrerupe curentul electric\u00a0<a href=\"https:\/\/www.reteleelectrice.ro\/\">Re\u021bele Electrice Muntenia\u00a0<\/a>\u00een Bucure\u0219ti \u0219i\u00a0Ilfov, \u00een perioada 16-22 martie 2026. \u00centreruperile sunt necesare pentru lucr\u0103ri de repara\u021bii, moderni\u200bzare \u200bsau de mentenan\u021b\u0103, la re\u021beaua electric\u0103.<\/strong><\/p>\n\n\n\n<p>Sist\u0103rile programate se vor face pentru a asigura capacitatea re\u021belei de a func\u021biona \u0219i alimenta clien\u021bii, \u00een condi\u021bii bune.<\/p>\n\n\n\n<h2 class=\"wp-block-heading\" id=\"h-unde-se-intrerupe-curentul-electric-in-bucure\u0219ti\">Unde se \u00eentrerupe curentul electric \u00een Bucure\u0219ti<\/h2>\n\n\n\n<p><strong>Luni, 16.03.2026<\/strong><\/p>\n\n\n\n<ul class=\"wp-block-list\">\n<li><strong>Sector 4,<\/strong> Strada Lalo\u0219u, Str\u0103zile: Cornetului, Ulmetului, Salcetului, Gheorghe Adamescu 09:00 &#8211; 17:00;<\/li>\n\n\n\n<li><strong>Sector 2<\/strong>, Bulevardul Ferdinand I, \u00eentre Str.General Dimitrie Salmen \u0219i Str.Oborul Nou . 09:00 &#8211; 17:00.<\/li>\n<\/ul>\n\n\n\n<p><strong>Mar\u021bi, 17.03.2026<\/strong><\/p>\n\n\n\n<ul class=\"wp-block-list\">\n<li><strong>Sector 3<\/strong>, Drumul Gura Putnei, Str Drumul Gura Putnei ,Drumul Gura Fagetului 09:00 &#8211; 17:00 <\/li>\n\n\n\n<li><strong>Sector 4,<\/strong> Strada Aluni\u0219ului, Str\u0103zile: \u0218tefan Dumitrescu, Duminicii, Giovanni Boccaccio 09:00 &#8211; 17:00.<\/li>\n<\/ul>\n\n\n\n<p><strong>CITE\u0218TE \u0218I:<\/strong> <a href=\"https:\/\/buletin.de\/bucuresti\/banca-locala-de-alimente-din-sectorul-6-se-extinde-in-cladirea-in-care-a-functionat-baia-giulesti\/\"><strong>Banca Local\u0103 de Alimente din Sectorul 6 se extinde \u00een cl\u0103direa \u00een care a func\u021bionat Baia Giule\u0219ti<\/strong><\/a><\/p>\n\n\n\n<h2 class=\"wp-block-heading\" id=\"h-zonele-din-ilfov-unde-se-intrerupe-curentul-electric-in-ilfov\">Zonele din Ilfov unde se \u00eentrerupe curentul electric \u00een Ilfov<\/h2>\n\n\n\n<ul class=\"wp-block-list\">\n<li><strong>Moara Vl\u0103siei,<\/strong> Sta\u021bia de Epurare Moar\u0103 Vl\u0103siei, st.r Canel\u0103, Eroilor, Mihai Eminescu, Lujerului, Prim\u0103verii, Bisericii Sf. Maria, Filip Grigore Lupu, Victoriei, Aleea Zorilor \u0219i str\u0103zi adiacente, str. Rena\u0219terii, Viilor \u0219i str\u0103zi adiacente 09:00 &#8211; 17:00;<\/li>\n\n\n\n<li><strong>Nuci,<\/strong> sat Micsunestii Mari, \u00een \u00eentregime 09:00 &#8211; 17:00;<\/li>\n\n\n\n<li><strong>Br\u0103ne\u0219ti,<\/strong> Strada Nucului, B\u0103jen\u0103ri, Ilfov, Petre Ionel, Trandafirului 10:00 &#8211; 16:00.<\/li>\n<\/ul>\n\n\n\n<p><strong>Mar\u021bi, 17.03.2026<\/strong><\/p>\n\n\n\n<ul class=\"wp-block-list\">\n<li><strong>Corbeanca,<\/strong> str . Garoafei, Trandafirilor, Intrarea Garoafei, Potcovarilor, Unirii, Crinului, Ateneului, Conacului, Bisericii, \u0219i str\u0103zi adiacente, str. Valea cu Flori, Cartier Hystria, C\u00e2mpului, Burlacului, Viena, Atena, Londra \u0219i str\u0103zi adiacente 09:00 &#8211; 17:00;<\/li>\n\n\n\n<li><strong>Pantelimon<\/strong>, Strada Tineretului, Str Brum\u0103ri\u021bei, Z\u0103ganului, Vulturului, Condorului, Gala\u021bi, Tineretului, Ialomi\u021ba, Flamingo, Sitarului Cintezei 09:00 &#8211; 17:00.<\/li>\n<\/ul>\n\n\n\n<p><strong>Miercuri, 18.03.2026<\/strong><\/p>\n\n\n\n<ul class=\"wp-block-list\">\n<li><strong>Corbeanca<\/strong>, CardioRec Corbeanca, Prim\u0103ria Corbeanca, str. Ogorului, Dispensarului, Miori\u021bei, Frumoas\u0103, Medierii, Independen\u021bei, Prim\u0103riei, Unirii \u00eentre str. Cartier Paladin \u0219i str.\u00a0Spiralei \u0219i str\u0103zi adiac 09:00 &#8211; 17:00;<\/li>\n\n\n\n<li><strong>Dobroe\u0219ti<\/strong>, Strada Serei, Str. Rindunicii, Canarului, Melodiei, Serei, Zorilor,Teiului, 09:00 &#8211; 17:00.<\/li>\n<\/ul>\n\n\n\n<p><strong>Joi, 19.03.2026<\/strong><\/p>\n\n\n\n<ul class=\"wp-block-list\">\n<li><strong>Moara Vl\u0103siei<\/strong>, str. Vl\u0103sia, Nucului, Mesteac\u0103nului, Plopului, R\u0103chitei, Duzilor, Eroilor,\u00a0Str\u0103duin\u021bei, Statorniciei \u0219i str\u0103zi adiacente, str. Speran\u021bei, Cai\u0219ilor, St\u0103ruin\u021bei, Cocorilor, Eternit\u0103\u021bii, Cabinei, Lacul Popii \u0219i str\u0103zi adiacente 09:00 &#8211; 17:00.<\/li>\n<\/ul>\n\n\n\n<p><strong>Vineri, 20.03.2026<\/strong><\/p>\n\n\n\n<ul class=\"wp-block-list\">\n<li><strong>Corbeanca,<\/strong> Agen\u021bi economici: API Construct, CardioRec, Pizzeria Bella Italia, Prim\u0103ria Corbeanca, str. Intrarea Speran\u021bei, Speran\u021bei, Soarelui, Dorului, Intrarea Curcubeului, Aviatorilor, Unirii, Arcadei, Zepelinului, Planorului \u0219i str\u0103zi adiacente, str. Planorului, Piscului, Iepurasului \u0219i str\u0103zi adiacente 09:00 &#8211; 17:00.<\/li>\n<\/ul>\n\n\n\n<h2 class=\"wp-block-heading\" id=\"h-localita\u021bile-unde-se-intrerupe-curentul-in-giurgiu\">Localit\u0103\u021bile unde se \u00eentrerupe curentul \u00een Giurgiu<\/h2>\n\n\n\n<p><strong>Luni, 16.03.2026<\/strong><\/p>\n\n\n\n<ul class=\"wp-block-list\">\n<li><strong>Hotarele,<\/strong> Str. Rozmarinului, Str. Petuniei, DJ411, Strada Ficusului, Str. Cazanului, Str. Nuf\u0103rului, Str. Parcului, Str. S\u00e2nzienelor, Str. Violetelor, Str. Ghiocelului, Str. Romani\u021bei, Str. L\u0103cr\u0103mioarei, Str. Crizantemelor, Str. Molidului, Str. Seceri\u0219ului, Str. \u0218colii, Str. G\u0103lbenelelor, Str. Mu\u0219catei, Str. Narcisei, Str. M\u0103rg\u0103ritarului, Autostrada Soarelui, Str. Salviei, Str. Panselu\u021belor, Str. Inului, Str. Mu\u0219e\u021belului 08:00 &#8211; 16:00.<\/li>\n<\/ul>\n\n\n\n<p><strong>Mar\u021bi, 17.03.2026<\/strong><\/p>\n\n\n\n<ul class=\"wp-block-list\">\n<li><strong>Hotarele<\/strong>, Str. M\u0103rg\u0103ritarului, Str. Seceri\u0219ului, Autostrada Soarelui, Str. Narcisei, Str. Mu\u0219catei, Str. Molidului, Str. Crizantemelor, Str. L\u0103cr\u0103mioarei, Str. Romani\u021bei, Str. Ghiocelului, Str. Petuniei, Str. Parcului, DJ411, Strada Ficusului, Str. Cazanului, Str. Mu\u0219e\u021belului, Str. Rozmarinului, Str. Inului, Str. Panselu\u021belor, Str. Violetelor, Str. S\u00e2nzienelor, Str. G\u0103lbenelelor, Str. Nuf\u0103rului, Str. \u0218colii, Str. Salviei 08:00 &#8211; 16:00.<\/li>\n<\/ul>\n\n\n\n<p><strong>Miercuri, 18.03.2026<\/strong><\/p>\n\n\n\n<p><strong>Hotarele<\/strong>, Str. Petuniei, Autostrada Soarelui, Str. Inului, Str. L\u0103cr\u0103mioarei, Str. Romani\u021bei, Str. Seceri\u0219ului, Alte detalii: Strad\u0103 Ficusului, DJ411, Str. Nuf\u0103rului, Str. Mu\u0219e\u021belului, Str. Parcului, Str. \u0218colii, Str. Crizantemelor, Str. Molidului, Str. Cazanului, Str. G\u0103lbenelelor, Str. Ghiocelului, Str. Violetelor, Str. Rozmarinului, Str. S\u00e2nzienelor, Str. Salviei, Str. M\u0103rg\u0103ritarului, Str. Narcisei, Str. Mu\u0219catei, Str. Panselu\u021belor 08:00 &#8211; 16:00.<\/p>\n\n\n\n<p><strong>Joi, 19.03.2026<\/strong><\/p>\n\n\n\n<ul class=\"wp-block-list\">\n<li><strong>Hotarele<\/strong>, Str. Mu\u0219catei, Str. Mu\u0219e\u021belului, Str. Narcisei, Str. M\u0103rg\u0103ritarului, Str. Salviei, Str. \u0218colii, Str. Nuf\u0103rului, Str. G\u0103lbenelelor, Str. S\u00e2nzienelor, Str. Crizantemelor, Str. Molidului, Str. Petuniei, Str. Parcului, Str. Ghiocelului, Str. Panselu\u021belor, Str. Romani\u021bei, Str. L\u0103cr\u0103mioarei, Str. Inului, Str. Rozmarinului, Strada Ficusului, DJ411, Str. Violetelor, Str. Cazanului, Str. Seceri\u0219ului, Autostrada Soarelui 08:00 &#8211; 16:00.<\/li>\n<\/ul>\n\n\n\n<p><strong>Vineri, 20.03.2026<\/strong><\/p>\n\n\n\n<ul class=\"wp-block-list\">\n<li><strong>Hotarele<\/strong>, Strada Basarabiei, Strada M\u0103rului, Str. Valea Ro\u0219ului, Str. Salciei, Intrarea Alunului 08:00 &#8211; 16:00.<\/li>\n<\/ul>\n\n\n\n<p><strong>CITE\u0218TE \u0218I:<\/strong> <a href=\"https:\/\/buletin.de\/bucuresti\/se-inchide-circulatia-pe-doua-artere-din-estul-bucurestiului-pentru-lucrari-de-modernizare-a-liniilor-de-tramvai-club-feroviar\/\"><strong>Se \u00eenchide circula\u021bia pe dou\u0103 artere din estul Bucure\u0219tiului, pentru lucr\u0103ri de modernizare a liniilor de tramvai | Club Feroviar<\/strong><\/a><\/p>\n","protected":false},"excerpt":{"rendered":"<p>Mai multe zone din Bucure\u0219ti r\u0103m\u00e2n f\u0103r\u0103 ap\u0103 rece \u00eentre 17-20 martie 2026. Furnizarea se \u00eentrerupe pentru lucr\u0103ri de modernizare \u0219i de interven\u021bie, potrivit\u00a0APA NOVA. Zonele din Bucure\u0219ti care r\u0103m\u00e2n f\u0103r\u0103 ap\u0103 rece Sector 1 Sector 5 Alte zone din Sectorul 6 r\u0103m\u00e2n f\u0103r\u0103 ap\u0103 rece CITE\u0218TE \u0218I: Proiectul \u201ePl\u0103te\u0219ti c\u00e2t\u0103 c\u0103ldur\u0103 prime\u0219ti\u201d, ini\u021biat de [&hellip;]<\/p>\n","protected":false},"author":49,"featured_media":162253,"comment_status":"closed","ping_status":"open","sticky":false,"template":"","format":"standard","meta":{"_acf_changed":false,"inline_featured_image":false,"ngg_post_thumbnail":0,"footnotes":""},"categories":[6994,62],"tags":[4394,27073,23741,27072,27074],"ppma_author":[22574],"class_list":["post-180465","post","type-post","status-publish","format-standard","has-post-thumbnail","hentry","category-stiri-2","category-stiri","tag-apa-nova","tag-bd-marasti-2","tag-se-intrerupe-apa-rece","tag-str-jiului","tag-str-petre-ispirescu"],"acf":[],"yoast_head":"<!-- This site is optimized with the Yoast SEO Premium plugin v25.3 (Yoast SEO v27.4) - https:\/\/yoast.com\/product\/yoast-seo-premium-wordpress\/ -->\n<title>Apa Nova anun\u021b\u0103 zonele din Bucure\u0219ti care r\u0103m\u00e2n f\u0103r\u0103 ap\u0103 rece s\u0103pt\u0103m\u00e2na viitoare - Buletin de Bucure\u0219ti<\/title>\n<meta name=\"description\" content=\"Mai multe zone din Bucure\u0219ti r\u0103m\u00e2n f\u0103r\u0103 ap\u0103 rece \u00eentre 17-20 martie 2026. Furnizarea se \u00eentrerupe pentru lucr\u0103ri de modernizare.\" \/>\n<meta name=\"robots\" content=\"index, follow, max-snippet:-1, max-image-preview:large, max-video-preview:-1\" \/>\n<link rel=\"canonical\" href=\"https:\/\/buletin.de\/bucuresti\/apa-nova-anunta-zonele-din-bucuresti-care-raman-fara-apa-rece-saptamana-aceasta\/\" \/>\n<meta property=\"og:locale\" content=\"en_GB\" \/>\n<meta property=\"og:type\" content=\"article\" \/>\n<meta property=\"og:title\" content=\"Apa Nova anun\u021b\u0103 zonele din Bucure\u0219ti care r\u0103m\u00e2n f\u0103r\u0103 ap\u0103 rece s\u0103pt\u0103m\u00e2na viitoare\" \/>\n<meta property=\"og:description\" content=\"Mai multe zone din Bucure\u0219ti r\u0103m\u00e2n f\u0103r\u0103 ap\u0103 rece \u00eentre 17-20 martie 2026. Furnizarea se \u00eentrerupe pentru lucr\u0103ri de modernizare.\" \/>\n<meta property=\"og:url\" content=\"https:\/\/buletin.de\/bucuresti\/apa-nova-anunta-zonele-din-bucuresti-care-raman-fara-apa-rece-saptamana-aceasta\/\" \/>\n<meta property=\"og:site_name\" content=\"Buletin de Bucure\u0219ti\" \/>\n<meta property=\"article:publisher\" content=\"https:\/\/www.facebook.com\/buletin.de.buc\" \/>\n<meta property=\"article:published_time\" content=\"2026-03-14T03:59:25+00:00\" \/>\n<meta property=\"article:modified_time\" content=\"2026-03-14T03:59:26+00:00\" \/>\n<meta name=\"author\" content=\"Diana Matei\" \/>\n<meta name=\"twitter:card\" content=\"summary_large_image\" \/>\n<meta name=\"twitter:label1\" content=\"Written by\" \/>\n\t<meta name=\"twitter:data1\" content=\"Diana Matei\" \/>\n\t<meta name=\"twitter:label2\" content=\"Estimated reading time\" \/>\n\t<meta name=\"twitter:data2\" content=\"4 minutes\" \/>\n<script type=\"application\/ld+json\" class=\"yoast-schema-graph\">{\"@context\":\"https:\\\/\\\/schema.org\",\"@graph\":[{\"@type\":\"Article\",\"@id\":\"https:\\\/\\\/buletin.de\\\/bucuresti\\\/apa-nova-anunta-zonele-din-bucuresti-care-raman-fara-apa-rece-saptamana-aceasta\\\/#article\",\"isPartOf\":{\"@id\":\"https:\\\/\\\/buletin.de\\\/bucuresti\\\/apa-nova-anunta-zonele-din-bucuresti-care-raman-fara-apa-rece-saptamana-aceasta\\\/\"},\"author\":{\"name\":\"Diana Matei\",\"@id\":\"https:\\\/\\\/buletin.de\\\/bucuresti\\\/#\\\/schema\\\/person\\\/7e46040573290777280a0835d81ea4ea\"},\"headline\":\"Apa Nova anun\u021b\u0103 zonele din Bucure\u0219ti care r\u0103m\u00e2n f\u0103r\u0103 ap\u0103 rece s\u0103pt\u0103m\u00e2na viitoare\",\"datePublished\":\"2026-03-14T03:59:25+00:00\",\"dateModified\":\"2026-03-14T03:59:26+00:00\",\"mainEntityOfPage\":{\"@id\":\"https:\\\/\\\/buletin.de\\\/bucuresti\\\/apa-nova-anunta-zonele-din-bucuresti-care-raman-fara-apa-rece-saptamana-aceasta\\\/\"},\"wordCount\":932,\"publisher\":{\"@id\":\"https:\\\/\\\/buletin.de\\\/bucuresti\\\/#organization\"},\"image\":{\"@id\":\"https:\\\/\\\/buletin.de\\\/bucuresti\\\/apa-nova-anunta-zonele-din-bucuresti-care-raman-fara-apa-rece-saptamana-aceasta\\\/#primaryimage\"},\"thumbnailUrl\":\"https:\\\/\\\/buletin.de\\\/bucuresti\\\/wp-content\\\/uploads\\\/2025\\\/12\\\/apa-de-la-robinet-1.avif\",\"keywords\":[\"Apa Nova\",\"Bd. M\u0103r\u0103\u0219ti\",\"se intrerupe apa rece\",\"Str. Jiului\",\"Str. Petre Ispirescu\"],\"articleSection\":[\"Articole\",\"\u0218tiri\"],\"inLanguage\":\"en-GB\",\"copyrightYear\":\"2026\",\"copyrightHolder\":{\"@id\":\"https:\\\/\\\/buletin.de\\\/bucuresti\\\/#organization\"}},{\"@type\":\"WebPage\",\"@id\":\"https:\\\/\\\/buletin.de\\\/bucuresti\\\/apa-nova-anunta-zonele-din-bucuresti-care-raman-fara-apa-rece-saptamana-aceasta\\\/\",\"url\":\"https:\\\/\\\/buletin.de\\\/bucuresti\\\/apa-nova-anunta-zonele-din-bucuresti-care-raman-fara-apa-rece-saptamana-aceasta\\\/\",\"name\":\"Apa Nova anun\u021b\u0103 zonele din Bucure\u0219ti care r\u0103m\u00e2n f\u0103r\u0103 ap\u0103 rece s\u0103pt\u0103m\u00e2na viitoare - Buletin de Bucure\u0219ti\",\"isPartOf\":{\"@id\":\"https:\\\/\\\/buletin.de\\\/bucuresti\\\/#website\"},\"primaryImageOfPage\":{\"@id\":\"https:\\\/\\\/buletin.de\\\/bucuresti\\\/apa-nova-anunta-zonele-din-bucuresti-care-raman-fara-apa-rece-saptamana-aceasta\\\/#primaryimage\"},\"image\":{\"@id\":\"https:\\\/\\\/buletin.de\\\/bucuresti\\\/apa-nova-anunta-zonele-din-bucuresti-care-raman-fara-apa-rece-saptamana-aceasta\\\/#primaryimage\"},\"thumbnailUrl\":\"https:\\\/\\\/buletin.de\\\/bucuresti\\\/wp-content\\\/uploads\\\/2025\\\/12\\\/apa-de-la-robinet-1.avif\",\"datePublished\":\"2026-03-14T03:59:25+00:00\",\"dateModified\":\"2026-03-14T03:59:26+00:00\",\"description\":\"Mai multe zone din Bucure\u0219ti r\u0103m\u00e2n f\u0103r\u0103 ap\u0103 rece \u00eentre 17-20 martie 2026. Furnizarea se \u00eentrerupe pentru lucr\u0103ri de modernizare.\",\"breadcrumb\":{\"@id\":\"https:\\\/\\\/buletin.de\\\/bucuresti\\\/apa-nova-anunta-zonele-din-bucuresti-care-raman-fara-apa-rece-saptamana-aceasta\\\/#breadcrumb\"},\"inLanguage\":\"en-GB\",\"potentialAction\":[{\"@type\":\"ReadAction\",\"target\":[\"https:\\\/\\\/buletin.de\\\/bucuresti\\\/apa-nova-anunta-zonele-din-bucuresti-care-raman-fara-apa-rece-saptamana-aceasta\\\/\"]}]},{\"@type\":\"ImageObject\",\"inLanguage\":\"en-GB\",\"@id\":\"https:\\\/\\\/buletin.de\\\/bucuresti\\\/apa-nova-anunta-zonele-din-bucuresti-care-raman-fara-apa-rece-saptamana-aceasta\\\/#primaryimage\",\"url\":\"https:\\\/\\\/buletin.de\\\/bucuresti\\\/wp-content\\\/uploads\\\/2025\\\/12\\\/apa-de-la-robinet-1.avif\",\"contentUrl\":\"https:\\\/\\\/buletin.de\\\/bucuresti\\\/wp-content\\\/uploads\\\/2025\\\/12\\\/apa-de-la-robinet-1.avif\",\"width\":1062,\"height\":809,\"caption\":\"Apa Nova anun\u021b\u0103 zonele din Bucure\u0219ti care r\u0103m\u00e2n f\u0103r\u0103 ap\u0103 rece s\u0103pt\u0103m\u00e2na aceasta. FOTO: Arhiva\"},{\"@type\":\"BreadcrumbList\",\"@id\":\"https:\\\/\\\/buletin.de\\\/bucuresti\\\/apa-nova-anunta-zonele-din-bucuresti-care-raman-fara-apa-rece-saptamana-aceasta\\\/#breadcrumb\",\"itemListElement\":[{\"@type\":\"ListItem\",\"position\":1,\"name\":\"Acas\u0103\",\"item\":\"https:\\\/\\\/buletin.de\\\/bucuresti\\\/\"},{\"@type\":\"ListItem\",\"position\":2,\"name\":\"Apa Nova anun\u021b\u0103 zonele din Bucure\u0219ti care r\u0103m\u00e2n f\u0103r\u0103 ap\u0103 rece s\u0103pt\u0103m\u00e2na viitoare\"}]},{\"@type\":\"WebSite\",\"@id\":\"https:\\\/\\\/buletin.de\\\/bucuresti\\\/#website\",\"url\":\"https:\\\/\\\/buletin.de\\\/bucuresti\\\/\",\"name\":\"Buletin de Bucure\u0219ti\",\"description\":\"\u0218tiri \u0219i investiga\u021bii esen\u021biale din capital\u0103\",\"publisher\":{\"@id\":\"https:\\\/\\\/buletin.de\\\/bucuresti\\\/#organization\"},\"potentialAction\":[{\"@type\":\"SearchAction\",\"target\":{\"@type\":\"EntryPoint\",\"urlTemplate\":\"https:\\\/\\\/buletin.de\\\/bucuresti\\\/?s={search_term_string}\"},\"query-input\":{\"@type\":\"PropertyValueSpecification\",\"valueRequired\":true,\"valueName\":\"search_term_string\"}}],\"inLanguage\":\"en-GB\"},{\"@type\":\"Organization\",\"@id\":\"https:\\\/\\\/buletin.de\\\/bucuresti\\\/#organization\",\"name\":\"Buletin de Bucure\u0219ti\",\"url\":\"https:\\\/\\\/buletin.de\\\/bucuresti\\\/\",\"logo\":{\"@type\":\"ImageObject\",\"inLanguage\":\"en-GB\",\"@id\":\"https:\\\/\\\/buletin.de\\\/bucuresti\\\/#\\\/schema\\\/logo\\\/image\\\/\",\"url\":\"https:\\\/\\\/buletin.de\\\/bucuresti\\\/wp-content\\\/uploads\\\/logo-bdb-full-wide-vernil-transparent.png\",\"contentUrl\":\"https:\\\/\\\/buletin.de\\\/bucuresti\\\/wp-content\\\/uploads\\\/logo-bdb-full-wide-vernil-transparent.png\",\"width\":1782,\"height\":626,\"caption\":\"Buletin de Bucure\u0219ti\"},\"image\":{\"@id\":\"https:\\\/\\\/buletin.de\\\/bucuresti\\\/#\\\/schema\\\/logo\\\/image\\\/\"},\"sameAs\":[\"https:\\\/\\\/www.facebook.com\\\/buletin.de.buc\",\"https:\\\/\\\/www.instagram.com\\\/buletinde.bucuresti\\\/\"]},{\"@type\":\"Person\",\"@id\":\"https:\\\/\\\/buletin.de\\\/bucuresti\\\/#\\\/schema\\\/person\\\/7e46040573290777280a0835d81ea4ea\",\"name\":\"Diana Matei\",\"image\":{\"@type\":\"ImageObject\",\"inLanguage\":\"en-GB\",\"@id\":\"https:\\\/\\\/buletin.de\\\/bucuresti\\\/wp-content\\\/uploads\\\/9-2-96x96.jpg1e8590b30871d70e62ebcdaf2eff570c\",\"url\":\"https:\\\/\\\/buletin.de\\\/bucuresti\\\/wp-content\\\/uploads\\\/9-2-96x96.jpg\",\"contentUrl\":\"https:\\\/\\\/buletin.de\\\/bucuresti\\\/wp-content\\\/uploads\\\/9-2-96x96.jpg\",\"caption\":\"Diana Matei\"},\"url\":\"https:\\\/\\\/buletin.de\\\/bucuresti\\\/author\\\/dianamatei\\\/\"}]}<\/script>\n<!-- \/ Yoast SEO Premium plugin. -->","yoast_head_json":{"title":"Apa Nova anun\u021b\u0103 zonele din Bucure\u0219ti care r\u0103m\u00e2n f\u0103r\u0103 ap\u0103 rece s\u0103pt\u0103m\u00e2na viitoare - Buletin de Bucure\u0219ti","description":"Mai multe zone din Bucure\u0219ti r\u0103m\u00e2n f\u0103r\u0103 ap\u0103 rece \u00eentre 17-20 martie 2026. Furnizarea se \u00eentrerupe pentru lucr\u0103ri de modernizare.","robots":{"index":"index","follow":"follow","max-snippet":"max-snippet:-1","max-image-preview":"max-image-preview:large","max-video-preview":"max-video-preview:-1"},"canonical":"https:\/\/buletin.de\/bucuresti\/apa-nova-anunta-zonele-din-bucuresti-care-raman-fara-apa-rece-saptamana-aceasta\/","og_locale":"en_GB","og_type":"article","og_title":"Apa Nova anun\u021b\u0103 zonele din Bucure\u0219ti care r\u0103m\u00e2n f\u0103r\u0103 ap\u0103 rece s\u0103pt\u0103m\u00e2na viitoare","og_description":"Mai multe zone din Bucure\u0219ti r\u0103m\u00e2n f\u0103r\u0103 ap\u0103 rece \u00eentre 17-20 martie 2026. Furnizarea se \u00eentrerupe pentru lucr\u0103ri de modernizare.","og_url":"https:\/\/buletin.de\/bucuresti\/apa-nova-anunta-zonele-din-bucuresti-care-raman-fara-apa-rece-saptamana-aceasta\/","og_site_name":"Buletin de Bucure\u0219ti","article_publisher":"https:\/\/www.facebook.com\/buletin.de.buc","article_published_time":"2026-03-14T03:59:25+00:00","article_modified_time":"2026-03-14T03:59:26+00:00","author":"Diana Matei","twitter_card":"summary_large_image","twitter_misc":{"Written by":"Diana Matei","Estimated reading time":"4 minutes"},"schema":{"@context":"https:\/\/schema.org","@graph":[{"@type":"Article","@id":"https:\/\/buletin.de\/bucuresti\/apa-nova-anunta-zonele-din-bucuresti-care-raman-fara-apa-rece-saptamana-aceasta\/#article","isPartOf":{"@id":"https:\/\/buletin.de\/bucuresti\/apa-nova-anunta-zonele-din-bucuresti-care-raman-fara-apa-rece-saptamana-aceasta\/"},"author":{"name":"Diana Matei","@id":"https:\/\/buletin.de\/bucuresti\/#\/schema\/person\/7e46040573290777280a0835d81ea4ea"},"headline":"Apa Nova anun\u021b\u0103 zonele din Bucure\u0219ti care r\u0103m\u00e2n f\u0103r\u0103 ap\u0103 rece s\u0103pt\u0103m\u00e2na viitoare","datePublished":"2026-03-14T03:59:25+00:00","dateModified":"2026-03-14T03:59:26+00:00","mainEntityOfPage":{"@id":"https:\/\/buletin.de\/bucuresti\/apa-nova-anunta-zonele-din-bucuresti-care-raman-fara-apa-rece-saptamana-aceasta\/"},"wordCount":932,"publisher":{"@id":"https:\/\/buletin.de\/bucuresti\/#organization"},"image":{"@id":"https:\/\/buletin.de\/bucuresti\/apa-nova-anunta-zonele-din-bucuresti-care-raman-fara-apa-rece-saptamana-aceasta\/#primaryimage"},"thumbnailUrl":"https:\/\/buletin.de\/bucuresti\/wp-content\/uploads\/2025\/12\/apa-de-la-robinet-1.avif","keywords":["Apa Nova","Bd. M\u0103r\u0103\u0219ti","se intrerupe apa rece","Str. Jiului","Str. Petre Ispirescu"],"articleSection":["Articole","\u0218tiri"],"inLanguage":"en-GB","copyrightYear":"2026","copyrightHolder":{"@id":"https:\/\/buletin.de\/bucuresti\/#organization"}},{"@type":"WebPage","@id":"https:\/\/buletin.de\/bucuresti\/apa-nova-anunta-zonele-din-bucuresti-care-raman-fara-apa-rece-saptamana-aceasta\/","url":"https:\/\/buletin.de\/bucuresti\/apa-nova-anunta-zonele-din-bucuresti-care-raman-fara-apa-rece-saptamana-aceasta\/","name":"Apa Nova anun\u021b\u0103 zonele din Bucure\u0219ti care r\u0103m\u00e2n f\u0103r\u0103 ap\u0103 rece s\u0103pt\u0103m\u00e2na viitoare - Buletin de Bucure\u0219ti","isPartOf":{"@id":"https:\/\/buletin.de\/bucuresti\/#website"},"primaryImageOfPage":{"@id":"https:\/\/buletin.de\/bucuresti\/apa-nova-anunta-zonele-din-bucuresti-care-raman-fara-apa-rece-saptamana-aceasta\/#primaryimage"},"image":{"@id":"https:\/\/buletin.de\/bucuresti\/apa-nova-anunta-zonele-din-bucuresti-care-raman-fara-apa-rece-saptamana-aceasta\/#primaryimage"},"thumbnailUrl":"https:\/\/buletin.de\/bucuresti\/wp-content\/uploads\/2025\/12\/apa-de-la-robinet-1.avif","datePublished":"2026-03-14T03:59:25+00:00","dateModified":"2026-03-14T03:59:26+00:00","description":"Mai multe zone din Bucure\u0219ti r\u0103m\u00e2n f\u0103r\u0103 ap\u0103 rece \u00eentre 17-20 martie 2026. Furnizarea se \u00eentrerupe pentru lucr\u0103ri de modernizare.","breadcrumb":{"@id":"https:\/\/buletin.de\/bucuresti\/apa-nova-anunta-zonele-din-bucuresti-care-raman-fara-apa-rece-saptamana-aceasta\/#breadcrumb"},"inLanguage":"en-GB","potentialAction":[{"@type":"ReadAction","target":["https:\/\/buletin.de\/bucuresti\/apa-nova-anunta-zonele-din-bucuresti-care-raman-fara-apa-rece-saptamana-aceasta\/"]}]},{"@type":"ImageObject","inLanguage":"en-GB","@id":"https:\/\/buletin.de\/bucuresti\/apa-nova-anunta-zonele-din-bucuresti-care-raman-fara-apa-rece-saptamana-aceasta\/#primaryimage","url":"https:\/\/buletin.de\/bucuresti\/wp-content\/uploads\/2025\/12\/apa-de-la-robinet-1.avif","contentUrl":"https:\/\/buletin.de\/bucuresti\/wp-content\/uploads\/2025\/12\/apa-de-la-robinet-1.avif","width":1062,"height":809,"caption":"Apa Nova anun\u021b\u0103 zonele din Bucure\u0219ti care r\u0103m\u00e2n f\u0103r\u0103 ap\u0103 rece s\u0103pt\u0103m\u00e2na aceasta. FOTO: Arhiva"},{"@type":"BreadcrumbList","@id":"https:\/\/buletin.de\/bucuresti\/apa-nova-anunta-zonele-din-bucuresti-care-raman-fara-apa-rece-saptamana-aceasta\/#breadcrumb","itemListElement":[{"@type":"ListItem","position":1,"name":"Acas\u0103","item":"https:\/\/buletin.de\/bucuresti\/"},{"@type":"ListItem","position":2,"name":"Apa Nova anun\u021b\u0103 zonele din Bucure\u0219ti care r\u0103m\u00e2n f\u0103r\u0103 ap\u0103 rece s\u0103pt\u0103m\u00e2na viitoare"}]},{"@type":"WebSite","@id":"https:\/\/buletin.de\/bucuresti\/#website","url":"https:\/\/buletin.de\/bucuresti\/","name":"Buletin de Bucure\u0219ti","description":"\u0218tiri \u0219i investiga\u021bii esen\u021biale din capital\u0103","publisher":{"@id":"https:\/\/buletin.de\/bucuresti\/#organization"},"potentialAction":[{"@type":"SearchAction","target":{"@type":"EntryPoint","urlTemplate":"https:\/\/buletin.de\/bucuresti\/?s={search_term_string}"},"query-input":{"@type":"PropertyValueSpecification","valueRequired":true,"valueName":"search_term_string"}}],"inLanguage":"en-GB"},{"@type":"Organization","@id":"https:\/\/buletin.de\/bucuresti\/#organization","name":"Buletin de Bucure\u0219ti","url":"https:\/\/buletin.de\/bucuresti\/","logo":{"@type":"ImageObject","inLanguage":"en-GB","@id":"https:\/\/buletin.de\/bucuresti\/#\/schema\/logo\/image\/","url":"https:\/\/buletin.de\/bucuresti\/wp-content\/uploads\/logo-bdb-full-wide-vernil-transparent.png","contentUrl":"https:\/\/buletin.de\/bucuresti\/wp-content\/uploads\/logo-bdb-full-wide-vernil-transparent.png","width":1782,"height":626,"caption":"Buletin de Bucure\u0219ti"},"image":{"@id":"https:\/\/buletin.de\/bucuresti\/#\/schema\/logo\/image\/"},"sameAs":["https:\/\/www.facebook.com\/buletin.de.buc","https:\/\/www.instagram.com\/buletinde.bucuresti\/"]},{"@type":"Person","@id":"https:\/\/buletin.de\/bucuresti\/#\/schema\/person\/7e46040573290777280a0835d81ea4ea","name":"Diana Matei","image":{"@type":"ImageObject","inLanguage":"en-GB","@id":"https:\/\/buletin.de\/bucuresti\/wp-content\/uploads\/9-2-96x96.jpg1e8590b30871d70e62ebcdaf2eff570c","url":"https:\/\/buletin.de\/bucuresti\/wp-content\/uploads\/9-2-96x96.jpg","contentUrl":"https:\/\/buletin.de\/bucuresti\/wp-content\/uploads\/9-2-96x96.jpg","caption":"Diana Matei"},"url":"https:\/\/buletin.de\/bucuresti\/author\/dianamatei\/"}]}},"authors":[{"term_id":22574,"user_id":49,"is_guest":0,"slug":"dianamatei","display_name":"Diana Matei","avatar_url":"https:\/\/buletin.de\/bucuresti\/wp-content\/uploads\/9-2-96x96.jpg","0":null,"1":"","2":"","3":"","4":"","5":"","6":"","7":"","8":""}],"_links":{"self":[{"href":"https:\/\/buletin.de\/bucuresti\/wp-json\/wp\/v2\/posts\/180465","targetHints":{"allow":["GET"]}}],"collection":[{"href":"https:\/\/buletin.de\/bucuresti\/wp-json\/wp\/v2\/posts"}],"about":[{"href":"https:\/\/buletin.de\/bucuresti\/wp-json\/wp\/v2\/types\/post"}],"author":[{"embeddable":true,"href":"https:\/\/buletin.de\/bucuresti\/wp-json\/wp\/v2\/users\/49"}],"replies":[{"embeddable":true,"href":"https:\/\/buletin.de\/bucuresti\/wp-json\/wp\/v2\/comments?post=180465"}],"version-history":[{"count":9,"href":"https:\/\/buletin.de\/bucuresti\/wp-json\/wp\/v2\/posts\/180465\/revisions"}],"predecessor-version":[{"id":180477,"href":"https:\/\/buletin.de\/bucuresti\/wp-json\/wp\/v2\/posts\/180465\/revisions\/180477"}],"wp:featuredmedia":[{"embeddable":true,"href":"https:\/\/buletin.de\/bucuresti\/wp-json\/wp\/v2\/media\/162253"}],"wp:attachment":[{"href":"https:\/\/buletin.de\/bucuresti\/wp-json\/wp\/v2\/media?parent=180465"}],"wp:term":[{"taxonomy":"category","embeddable":true,"href":"https:\/\/buletin.de\/bucuresti\/wp-json\/wp\/v2\/categories?post=180465"},{"taxonomy":"post_tag","embeddable":true,"href":"https:\/\/buletin.de\/bucuresti\/wp-json\/wp\/v2\/tags?post=180465"},{"taxonomy":"author","embeddable":true,"href":"https:\/\/buletin.de\/bucuresti\/wp-json\/wp\/v2\/ppma_author?post=180465"}],"curies":[{"name":"wp","href":"https:\/\/api.w.org\/{rel}","templated":true}]}}