{"id":180386,"date":"2026-03-14T09:24:13","date_gmt":"2026-03-14T06:24:13","guid":{"rendered":"https:\/\/buletin.de\/bucuresti\/?p=180386"},"modified":"2026-03-14T09:34:39","modified_gmt":"2026-03-14T06:34:39","slug":"doua-apartamente-din-casa-memoriala-dinu-lipatti-intra-in-patrimoniul-sectorului-1-imobilul-marelui-pianist-va-deveni-centru-cultural-public","status":"publish","type":"post","link":"https:\/\/buletin.de\/bucuresti\/doua-apartamente-din-casa-memoriala-dinu-lipatti-intra-in-patrimoniul-sectorului-1-imobilul-marelui-pianist-va-deveni-centru-cultural-public\/","title":{"rendered":"Dou\u0103 apartamente din Casa Memorial\u0103 \u201eDinu Lipatti\u201d intr\u0103 \u00een patrimoniul Sectorului 1. Imobilul marelui pianist va deveni Centru Cultural Public"},"content":{"rendered":"\n<p><strong>Consiliul General al Municipiului Bucure\u0219ti a aprobat proiectul privind achizi\u021bionarea Casei Memoriale \u201eDinu Lipatti\u201d, care va fi transformat\u0103 \u00eentr-un centru cultural deschis comunit\u0103\u021bii. <\/strong><\/p>\n\n\n\n<p>Este vorba despre achizi\u021bionarea a dou\u0103 apartamente din Casa Memorial\u0103 \u201eDinu Lipatti\u201d, aflat\u0103 pe Bulevardul Lasc\u0103r Catargiu nr. 12, care va g\u0103zdui expozi\u021bii, concerte \u0219i evenimente educative, potrivit unui <a href=\"https:\/\/primariasector1.ro\/vot-favorabil-in-consiliul-general-proiectele-casalipatti-si-promenada-verde-intra-in-linie-dreapta\/\" type=\"link\" id=\"https:\/\/primariasector1.ro\/vot-favorabil-in-consiliul-general-proiectele-casalipatti-si-promenada-verde-intra-in-linie-dreapta\/\" target=\"_blank\" rel=\"noreferrer noopener\">comunicat<\/a> al Prim\u0103riei Sectorului 1. <\/p>\n\n\n\n<p><strong>Anul trecut, \u00een Sectorul 1, consilierii locali au votat \u00een unanimitate achizi\u021bionarea monumentului istoric, aflat\u0103 \u00een procedur\u0103 de executare silit\u0103. Casa memorial\u0103 a fost scoas\u0103 la v\u00e2nzare pentru suma de 1,1 milioane de euro. <\/strong><\/p>\n\n\n\n<p>Casa Memorial\u0103 \u201eDinu Lipatti\u201d, construit\u0103 \u00een 1902, este imobilul \u00een care a locuit \u0219i a creat marele pianist \u0219i compozitor rom\u00e2n. Este o cl\u0103dire construit\u0103 \u00een stil Art Nouveau, cu influen\u021be baroce, structurat\u0103 pe subsol, parter \u0219i mansard\u0103. Interiorul p\u0103streaz\u0103 elemente originale, precum lambriuri din lemn \u0219i m\u0103tase, sobe originale \u0219i un salon principal pentru pian. <\/p>\n\n\n\n<p>CITE\u0218TE \u0218I <a href=\"https:\/\/buletin.de\/bucuresti\/sector-1-primaria-vrea-sa-cumpere-casa-memoriala-dinu-lipatti-aflata-in-executare-silita-pentru-11-milioane-de-euro\/\" type=\"link\" id=\"https:\/\/buletin.de\/bucuresti\/sector-1-primaria-vrea-sa-cumpere-casa-memoriala-dinu-lipatti-aflata-in-executare-silita-pentru-11-milioane-de-euro\/\" target=\"_blank\" rel=\"noreferrer noopener\">Sector 1 | Prim\u0103ria vrea s\u0103 cumpere Casa memorial\u0103 \u201eDinu Lipatti\u201d, aflat\u0103 \u00een executare silit\u0103 pentru 1,1 milioane de euro<\/a><\/p>\n\n\n\n<h2 class=\"wp-block-heading\" id=\"h-casa-memoriala-dinu-lipatti-va-deveni-centru-cultural-deschis-publicului\">Casa Memorial\u0103 \u201eDinu Lipatti\u201d va deveni centru cultural deschis publicului <\/h2>\n\n\n\n<p>\u00cen prezent, \u00een cl\u0103dire func\u021bioneaz\u0103 Centrul Cultural Casa Artelor \u201eDinu Lipatti\u201d, \u00eenfiin\u021bat \u00een 2017. \u00cen martie 2018, casa a fost deschis\u0103 publicului, la 101 ani de la na\u0219terea lui Dinu Lipatti. <strong>Activitatea Casei Artelor a fost transferat\u0103, \u00een 2-24, \u00een subordinea Muzeului Municipiului Bucure\u0219ti. <\/strong><\/p>\n\n\n\n<p>Casa a mai fost scoas\u0103 la licita\u021bie \u00een 2016, pentru suma de 1,9 milioane de euro. Licita\u021bia a fost blocat\u0103, atunci, iar Ministerul Culturii nu \u0219i-a putut exercita dreptul de preemp\u021biune. <\/p>\n\n\n\n<p>\u201e\u00cen conformitate cu prevederile Legii nr. 422\/2001 privind protejarea monumentelor istorice, cu modific\u0103rile \u0219i complet\u0103rile ulterioare, autorit\u0103\u021bile administra\u021biei publice locale colaboreaz\u0103 \u0219i r\u0103spund, dup\u0103 caz, pentru activitatea de protejare a monumentelor istorice. <\/p>\n\n\n\n<p>Acela\u0219i act normativ confer\u0103 autorit\u0103\u021bilor centrale \u0219i locale dreptul de a exercita dreptul de preemp\u021biune la v\u00e2nzarea imobilelor incluse \u00een Lista Monumentelor Istorice.<\/p>\n\n\n\n<p>Astfel, monumentele istorice aflate \u00een proprietatea persoanelor fizice sau juridice de drept privat pot fi v\u00e2ndute numai cu respectarea dreptului de preemp\u021biune al statului rom\u00e2n, exercitat prin Ministerul Culturii, serviciile publice deconcentrate ale acestuia sau unit\u0103\u021bile administrativ\u2013teritoriale competente. <strong>Nerespectarea acestui drept atrage sanc\u021biunea nulit\u0103\u021bii absolute a v\u00e2nz\u0103rii.<\/strong>\u201d, se precizeaz\u0103 \u00een raportul de specialitate ata\u0219at <a href=\"https:\/\/doc.pmb.ro\/consiliu\/sedinte\/574\/oz\/13231.pdf\" type=\"link\" id=\"https:\/\/doc.pmb.ro\/consiliu\/sedinte\/574\/oz\/13231.pdf\" target=\"_blank\" rel=\"noreferrer noopener\">proiectului <\/a>votat \u00een Consiliul General, \u00een \u0219edin\u021ba din 13 martie. <\/p>\n\n\n\n<p><strong>\u00cen 2024, Nicu\u0219or Dan, primar general \u00een acea perioad\u0103, a declarat c\u0103<a href=\"https:\/\/buletin.de\/bucuresti\/nicusor-dan-spune-ca-e-de-acord-ca-primaria-sectorului-1-sa-cumpere-casa-dinu-lipatti\/\" type=\"link\" id=\"https:\/\/buletin.de\/bucuresti\/nicusor-dan-spune-ca-e-de-acord-ca-primaria-sectorului-1-sa-cumpere-casa-dinu-lipatti\/\" target=\"_blank\" rel=\"noreferrer noopener\"> este de acord s\u0103 supun\u0103 la vot \u00een Consiliul General achizi\u021bia monumentului istoric <\/a>atunci \u201ec\u00e2nd vor fi preg\u0103tite documentele de c\u0103tre aparatul tehnic\u201d. <\/strong>Acesta a transmis, atunci, c\u0103 monumentul istoric va fi protejat \u015fi dac\u0103 r\u0103m\u00e2ne proprietate privat\u0103<\/p>\n\n\n\n<p><strong>\u00cen perioada urm\u0103toare, Prim\u0103ria Sectorului 1 va demara procedurile pentru evaluarea \u0219i achizi\u021bia apartamentelor. Finan\u021barea este asigurat\u0103 din bugetul local al Sectorului 1. <\/strong><\/p>\n\n\n\n<p>CITE\u0218TE \u0218I <a href=\"https:\/\/buletin.de\/bucuresti\/protectia-animalelor-sector-1-prezenta-la-petexpo-patru-caini-de-la-adapostul-odai-vor-fi-propusi-spre-adoptie\/\" target=\"_blank\" rel=\"noreferrer noopener\">Protec\u021bia Animalelor Sector 1, prezent\u0103 la PetExpo. Patru c\u00e2ini de la Ad\u0103postul Od\u0103i vor fi propu\u0219i spre adop\u021bie<\/a><\/p>\n","protected":false},"excerpt":{"rendered":"<p>Consiliul General al Municipiului Bucure\u0219ti a aprobat proiectul privind achizi\u021bionarea Casei Memoriale \u201eDinu Lipatti\u201d, care va fi transformat\u0103 \u00eentr-un centru cultural deschis comunit\u0103\u021bii. Este vorba despre achizi\u021bionarea a dou\u0103 apartamente din Casa Memorial\u0103 \u201eDinu Lipatti\u201d, aflat\u0103 pe Bulevardul Lasc\u0103r Catargiu nr. 12, care va g\u0103zdui expozi\u021bii, concerte \u0219i evenimente educative, potrivit unui comunicat al Prim\u0103riei [&hellip;]<\/p>\n","protected":false},"author":65,"featured_media":180401,"comment_status":"closed","ping_status":"open","sticky":false,"template":"","format":"standard","meta":{"_acf_changed":false,"inline_featured_image":false,"ngg_post_thumbnail":0,"footnotes":""},"categories":[6994,5762,24],"tags":[19983,27076,27075,27054,27077,3954,25297,4739],"ppma_author":[23912],"class_list":["post-180386","post","type-post","status-publish","format-standard","has-post-thumbnail","hentry","category-stiri-2","category-main","category-primarie","tag-bulevardul-lascar-catargiu","tag-casa-memoriala-dinu-lipatti","tag-consiliul-general-al-municipiului-bucuresti-2","tag-executare-silita-2","tag-legea-422-2001","tag-monument-istoric","tag-patrimoniu-bucuresti-2","tag-primaria-sectorului-1-2"],"acf":[],"yoast_head":"<!-- This site is optimized with the Yoast SEO Premium plugin v25.3 (Yoast SEO v27.4) - https:\/\/yoast.com\/product\/yoast-seo-premium-wordpress\/ -->\n<title>Dou\u0103 apartamente din Casa Memorial\u0103 \u201eDinu Lipatti\u201d intr\u0103 \u00een patrimoniul Sectorului 1. Imobilul marelui pianist va deveni Centru Cultural Public - Buletin de Bucure\u0219ti<\/title>\n<meta name=\"description\" content=\"Consiliul General al Municipiului Bucure\u0219ti a aprobat proiectul privind achizi\u021bionarea Casei Memoriale \u201eDinu Lipatti\u201d.\" \/>\n<meta name=\"robots\" content=\"index, follow, max-snippet:-1, max-image-preview:large, max-video-preview:-1\" \/>\n<link rel=\"canonical\" href=\"https:\/\/buletin.de\/bucuresti\/doua-apartamente-din-casa-memoriala-dinu-lipatti-intra-in-patrimoniul-sectorului-1-imobilul-marelui-pianist-va-deveni-centru-cultural-public\/\" \/>\n<meta property=\"og:locale\" content=\"en_GB\" \/>\n<meta property=\"og:type\" content=\"article\" \/>\n<meta property=\"og:title\" content=\"Dou\u0103 apartamente din Casa Memorial\u0103 \u201eDinu Lipatti\u201d intr\u0103 \u00een patrimoniul Sectorului 1. Imobilul marelui pianist va deveni Centru Cultural Public\" \/>\n<meta property=\"og:description\" content=\"Consiliul General al Municipiului Bucure\u0219ti a aprobat proiectul privind achizi\u021bionarea Casei Memoriale \u201eDinu Lipatti\u201d.\" \/>\n<meta property=\"og:url\" content=\"https:\/\/buletin.de\/bucuresti\/doua-apartamente-din-casa-memoriala-dinu-lipatti-intra-in-patrimoniul-sectorului-1-imobilul-marelui-pianist-va-deveni-centru-cultural-public\/\" \/>\n<meta property=\"og:site_name\" content=\"Buletin de Bucure\u0219ti\" \/>\n<meta property=\"article:publisher\" content=\"https:\/\/www.facebook.com\/buletin.de.buc\" \/>\n<meta property=\"article:published_time\" content=\"2026-03-14T06:24:13+00:00\" \/>\n<meta property=\"article:modified_time\" content=\"2026-03-14T06:34:39+00:00\" \/>\n<meta property=\"og:image\" content=\"https:\/\/buletin.de\/bucuresti\/wp-content\/uploads\/2026\/03\/Casa-Dinu-Lipatti.jpg\" \/>\n\t<meta property=\"og:image:width\" content=\"1200\" \/>\n\t<meta property=\"og:image:height\" content=\"659\" \/>\n\t<meta property=\"og:image:type\" content=\"image\/jpeg\" \/>\n<meta name=\"author\" content=\"Andreea St\u0103n\u0103r\u00eeng\u0103\" \/>\n<meta name=\"twitter:card\" content=\"summary_large_image\" \/>\n<meta name=\"twitter:label1\" content=\"Written by\" \/>\n\t<meta name=\"twitter:data1\" content=\"Andreea St\u0103n\u0103r\u00eeng\u0103\" \/>\n\t<meta name=\"twitter:label2\" content=\"Estimated reading time\" \/>\n\t<meta name=\"twitter:data2\" content=\"3 minutes\" \/>\n<script type=\"application\/ld+json\" class=\"yoast-schema-graph\">{\"@context\":\"https:\\\/\\\/schema.org\",\"@graph\":[{\"@type\":\"Article\",\"@id\":\"https:\\\/\\\/buletin.de\\\/bucuresti\\\/doua-apartamente-din-casa-memoriala-dinu-lipatti-intra-in-patrimoniul-sectorului-1-imobilul-marelui-pianist-va-deveni-centru-cultural-public\\\/#article\",\"isPartOf\":{\"@id\":\"https:\\\/\\\/buletin.de\\\/bucuresti\\\/doua-apartamente-din-casa-memoriala-dinu-lipatti-intra-in-patrimoniul-sectorului-1-imobilul-marelui-pianist-va-deveni-centru-cultural-public\\\/\"},\"author\":{\"name\":\"Andreea St\u0103n\u0103r\u00eeng\u0103\",\"@id\":\"https:\\\/\\\/buletin.de\\\/bucuresti\\\/#\\\/schema\\\/person\\\/81421a46fb84a0887cfd2238f5202586\"},\"headline\":\"Dou\u0103 apartamente din Casa Memorial\u0103 \u201eDinu Lipatti\u201d intr\u0103 \u00een patrimoniul Sectorului 1. Imobilul marelui pianist va deveni Centru Cultural Public\",\"datePublished\":\"2026-03-14T06:24:13+00:00\",\"dateModified\":\"2026-03-14T06:34:39+00:00\",\"mainEntityOfPage\":{\"@id\":\"https:\\\/\\\/buletin.de\\\/bucuresti\\\/doua-apartamente-din-casa-memoriala-dinu-lipatti-intra-in-patrimoniul-sectorului-1-imobilul-marelui-pianist-va-deveni-centru-cultural-public\\\/\"},\"wordCount\":529,\"publisher\":{\"@id\":\"https:\\\/\\\/buletin.de\\\/bucuresti\\\/#organization\"},\"image\":{\"@id\":\"https:\\\/\\\/buletin.de\\\/bucuresti\\\/doua-apartamente-din-casa-memoriala-dinu-lipatti-intra-in-patrimoniul-sectorului-1-imobilul-marelui-pianist-va-deveni-centru-cultural-public\\\/#primaryimage\"},\"thumbnailUrl\":\"https:\\\/\\\/buletin.de\\\/bucuresti\\\/wp-content\\\/uploads\\\/2026\\\/03\\\/Casa-Dinu-Lipatti.jpg\",\"keywords\":[\"Bulevardul Lasc\u0103r Catargiu\",\"Casa Memorial\u0103 Dinu Lipatti\",\"Consiliul General al Municipiului Bucure\u0219ti\",\"executare silit\u0103\",\"Legea 422\\\/2001\",\"monument istoric\",\"patrimoniu Bucure\u0219ti\",\"Prim\u0103ria Sectorului 1\"],\"articleSection\":[\"Articole\",\"Main\",\"Prim\u0103rie\"],\"inLanguage\":\"en-GB\",\"copyrightYear\":\"2026\",\"copyrightHolder\":{\"@id\":\"https:\\\/\\\/buletin.de\\\/bucuresti\\\/#organization\"}},{\"@type\":\"WebPage\",\"@id\":\"https:\\\/\\\/buletin.de\\\/bucuresti\\\/doua-apartamente-din-casa-memoriala-dinu-lipatti-intra-in-patrimoniul-sectorului-1-imobilul-marelui-pianist-va-deveni-centru-cultural-public\\\/\",\"url\":\"https:\\\/\\\/buletin.de\\\/bucuresti\\\/doua-apartamente-din-casa-memoriala-dinu-lipatti-intra-in-patrimoniul-sectorului-1-imobilul-marelui-pianist-va-deveni-centru-cultural-public\\\/\",\"name\":\"Dou\u0103 apartamente din Casa Memorial\u0103 \u201eDinu Lipatti\u201d intr\u0103 \u00een patrimoniul Sectorului 1. Imobilul marelui pianist va deveni Centru Cultural Public - Buletin de Bucure\u0219ti\",\"isPartOf\":{\"@id\":\"https:\\\/\\\/buletin.de\\\/bucuresti\\\/#website\"},\"primaryImageOfPage\":{\"@id\":\"https:\\\/\\\/buletin.de\\\/bucuresti\\\/doua-apartamente-din-casa-memoriala-dinu-lipatti-intra-in-patrimoniul-sectorului-1-imobilul-marelui-pianist-va-deveni-centru-cultural-public\\\/#primaryimage\"},\"image\":{\"@id\":\"https:\\\/\\\/buletin.de\\\/bucuresti\\\/doua-apartamente-din-casa-memoriala-dinu-lipatti-intra-in-patrimoniul-sectorului-1-imobilul-marelui-pianist-va-deveni-centru-cultural-public\\\/#primaryimage\"},\"thumbnailUrl\":\"https:\\\/\\\/buletin.de\\\/bucuresti\\\/wp-content\\\/uploads\\\/2026\\\/03\\\/Casa-Dinu-Lipatti.jpg\",\"datePublished\":\"2026-03-14T06:24:13+00:00\",\"dateModified\":\"2026-03-14T06:34:39+00:00\",\"description\":\"Consiliul General al Municipiului Bucure\u0219ti a aprobat proiectul privind achizi\u021bionarea Casei Memoriale \u201eDinu Lipatti\u201d.\",\"breadcrumb\":{\"@id\":\"https:\\\/\\\/buletin.de\\\/bucuresti\\\/doua-apartamente-din-casa-memoriala-dinu-lipatti-intra-in-patrimoniul-sectorului-1-imobilul-marelui-pianist-va-deveni-centru-cultural-public\\\/#breadcrumb\"},\"inLanguage\":\"en-GB\",\"potentialAction\":[{\"@type\":\"ReadAction\",\"target\":[\"https:\\\/\\\/buletin.de\\\/bucuresti\\\/doua-apartamente-din-casa-memoriala-dinu-lipatti-intra-in-patrimoniul-sectorului-1-imobilul-marelui-pianist-va-deveni-centru-cultural-public\\\/\"]}]},{\"@type\":\"ImageObject\",\"inLanguage\":\"en-GB\",\"@id\":\"https:\\\/\\\/buletin.de\\\/bucuresti\\\/doua-apartamente-din-casa-memoriala-dinu-lipatti-intra-in-patrimoniul-sectorului-1-imobilul-marelui-pianist-va-deveni-centru-cultural-public\\\/#primaryimage\",\"url\":\"https:\\\/\\\/buletin.de\\\/bucuresti\\\/wp-content\\\/uploads\\\/2026\\\/03\\\/Casa-Dinu-Lipatti.jpg\",\"contentUrl\":\"https:\\\/\\\/buletin.de\\\/bucuresti\\\/wp-content\\\/uploads\\\/2026\\\/03\\\/Casa-Dinu-Lipatti.jpg\",\"width\":1200,\"height\":659,\"caption\":\"Casa \u201eDinu Lipatti\u201d va fi transformat\u0103 \u00een centru cultural deschis publicului. Foto: PS1\"},{\"@type\":\"BreadcrumbList\",\"@id\":\"https:\\\/\\\/buletin.de\\\/bucuresti\\\/doua-apartamente-din-casa-memoriala-dinu-lipatti-intra-in-patrimoniul-sectorului-1-imobilul-marelui-pianist-va-deveni-centru-cultural-public\\\/#breadcrumb\",\"itemListElement\":[{\"@type\":\"ListItem\",\"position\":1,\"name\":\"Acas\u0103\",\"item\":\"https:\\\/\\\/buletin.de\\\/bucuresti\\\/\"},{\"@type\":\"ListItem\",\"position\":2,\"name\":\"Dou\u0103 apartamente din Casa Memorial\u0103 \u201eDinu Lipatti\u201d intr\u0103 \u00een patrimoniul Sectorului 1. Imobilul marelui pianist va deveni Centru Cultural Public\"}]},{\"@type\":\"WebSite\",\"@id\":\"https:\\\/\\\/buletin.de\\\/bucuresti\\\/#website\",\"url\":\"https:\\\/\\\/buletin.de\\\/bucuresti\\\/\",\"name\":\"Buletin de Bucure\u0219ti\",\"description\":\"\u0218tiri \u0219i investiga\u021bii esen\u021biale din capital\u0103\",\"publisher\":{\"@id\":\"https:\\\/\\\/buletin.de\\\/bucuresti\\\/#organization\"},\"potentialAction\":[{\"@type\":\"SearchAction\",\"target\":{\"@type\":\"EntryPoint\",\"urlTemplate\":\"https:\\\/\\\/buletin.de\\\/bucuresti\\\/?s={search_term_string}\"},\"query-input\":{\"@type\":\"PropertyValueSpecification\",\"valueRequired\":true,\"valueName\":\"search_term_string\"}}],\"inLanguage\":\"en-GB\"},{\"@type\":\"Organization\",\"@id\":\"https:\\\/\\\/buletin.de\\\/bucuresti\\\/#organization\",\"name\":\"Buletin de Bucure\u0219ti\",\"url\":\"https:\\\/\\\/buletin.de\\\/bucuresti\\\/\",\"logo\":{\"@type\":\"ImageObject\",\"inLanguage\":\"en-GB\",\"@id\":\"https:\\\/\\\/buletin.de\\\/bucuresti\\\/#\\\/schema\\\/logo\\\/image\\\/\",\"url\":\"https:\\\/\\\/buletin.de\\\/bucuresti\\\/wp-content\\\/uploads\\\/logo-bdb-full-wide-vernil-transparent.png\",\"contentUrl\":\"https:\\\/\\\/buletin.de\\\/bucuresti\\\/wp-content\\\/uploads\\\/logo-bdb-full-wide-vernil-transparent.png\",\"width\":1782,\"height\":626,\"caption\":\"Buletin de Bucure\u0219ti\"},\"image\":{\"@id\":\"https:\\\/\\\/buletin.de\\\/bucuresti\\\/#\\\/schema\\\/logo\\\/image\\\/\"},\"sameAs\":[\"https:\\\/\\\/www.facebook.com\\\/buletin.de.buc\",\"https:\\\/\\\/www.instagram.com\\\/buletinde.bucuresti\\\/\"]},{\"@type\":\"Person\",\"@id\":\"https:\\\/\\\/buletin.de\\\/bucuresti\\\/#\\\/schema\\\/person\\\/81421a46fb84a0887cfd2238f5202586\",\"name\":\"Andreea St\u0103n\u0103r\u00eeng\u0103\",\"image\":{\"@type\":\"ImageObject\",\"inLanguage\":\"en-GB\",\"@id\":\"https:\\\/\\\/secure.gravatar.com\\\/avatar\\\/dfa8d227a4388fad0f0bb03add04b5b176f4da34397dbb2eadc563b3d7162ce0?s=96&d=monsterid&r=g72784372b39ffe5a98a45288fe0d0e8a\",\"url\":\"https:\\\/\\\/secure.gravatar.com\\\/avatar\\\/dfa8d227a4388fad0f0bb03add04b5b176f4da34397dbb2eadc563b3d7162ce0?s=96&d=monsterid&r=g\",\"contentUrl\":\"https:\\\/\\\/secure.gravatar.com\\\/avatar\\\/dfa8d227a4388fad0f0bb03add04b5b176f4da34397dbb2eadc563b3d7162ce0?s=96&d=monsterid&r=g\",\"caption\":\"Andreea St\u0103n\u0103r\u00eeng\u0103\"},\"description\":\"Cu o experien\u021b\u0103 de peste 5 ani \u00een pres\u0103, face parte din echipa Buletin de Bucure\u0219ti din septembrie 2025. A colaborat cu c\u00e2teva publica\u021bii, printre care \u0219i Fanatik.ro, unde s-a ocupat de \u0219tiri de lifestyle \u0219i de actualitate. A f\u0103cut un pas c\u0103tre presa local\u0103 pentru a explora Bucure\u0219tiul \u0219i pove\u0219tile care merit\u0103 spuse.\",\"url\":\"https:\\\/\\\/buletin.de\\\/bucuresti\\\/author\\\/andreea-stanaranga\\\/\"}]}<\/script>\n<!-- \/ Yoast SEO Premium plugin. -->","yoast_head_json":{"title":"Dou\u0103 apartamente din Casa Memorial\u0103 \u201eDinu Lipatti\u201d intr\u0103 \u00een patrimoniul Sectorului 1. Imobilul marelui pianist va deveni Centru Cultural Public - Buletin de Bucure\u0219ti","description":"Consiliul General al Municipiului Bucure\u0219ti a aprobat proiectul privind achizi\u021bionarea Casei Memoriale \u201eDinu Lipatti\u201d.","robots":{"index":"index","follow":"follow","max-snippet":"max-snippet:-1","max-image-preview":"max-image-preview:large","max-video-preview":"max-video-preview:-1"},"canonical":"https:\/\/buletin.de\/bucuresti\/doua-apartamente-din-casa-memoriala-dinu-lipatti-intra-in-patrimoniul-sectorului-1-imobilul-marelui-pianist-va-deveni-centru-cultural-public\/","og_locale":"en_GB","og_type":"article","og_title":"Dou\u0103 apartamente din Casa Memorial\u0103 \u201eDinu Lipatti\u201d intr\u0103 \u00een patrimoniul Sectorului 1. Imobilul marelui pianist va deveni Centru Cultural Public","og_description":"Consiliul General al Municipiului Bucure\u0219ti a aprobat proiectul privind achizi\u021bionarea Casei Memoriale \u201eDinu Lipatti\u201d.","og_url":"https:\/\/buletin.de\/bucuresti\/doua-apartamente-din-casa-memoriala-dinu-lipatti-intra-in-patrimoniul-sectorului-1-imobilul-marelui-pianist-va-deveni-centru-cultural-public\/","og_site_name":"Buletin de Bucure\u0219ti","article_publisher":"https:\/\/www.facebook.com\/buletin.de.buc","article_published_time":"2026-03-14T06:24:13+00:00","article_modified_time":"2026-03-14T06:34:39+00:00","og_image":[{"width":1200,"height":659,"url":"https:\/\/buletin.de\/bucuresti\/wp-content\/uploads\/2026\/03\/Casa-Dinu-Lipatti.jpg","type":"image\/jpeg"}],"author":"Andreea St\u0103n\u0103r\u00eeng\u0103","twitter_card":"summary_large_image","twitter_misc":{"Written by":"Andreea St\u0103n\u0103r\u00eeng\u0103","Estimated reading time":"3 minutes"},"schema":{"@context":"https:\/\/schema.org","@graph":[{"@type":"Article","@id":"https:\/\/buletin.de\/bucuresti\/doua-apartamente-din-casa-memoriala-dinu-lipatti-intra-in-patrimoniul-sectorului-1-imobilul-marelui-pianist-va-deveni-centru-cultural-public\/#article","isPartOf":{"@id":"https:\/\/buletin.de\/bucuresti\/doua-apartamente-din-casa-memoriala-dinu-lipatti-intra-in-patrimoniul-sectorului-1-imobilul-marelui-pianist-va-deveni-centru-cultural-public\/"},"author":{"name":"Andreea St\u0103n\u0103r\u00eeng\u0103","@id":"https:\/\/buletin.de\/bucuresti\/#\/schema\/person\/81421a46fb84a0887cfd2238f5202586"},"headline":"Dou\u0103 apartamente din Casa Memorial\u0103 \u201eDinu Lipatti\u201d intr\u0103 \u00een patrimoniul Sectorului 1. Imobilul marelui pianist va deveni Centru Cultural Public","datePublished":"2026-03-14T06:24:13+00:00","dateModified":"2026-03-14T06:34:39+00:00","mainEntityOfPage":{"@id":"https:\/\/buletin.de\/bucuresti\/doua-apartamente-din-casa-memoriala-dinu-lipatti-intra-in-patrimoniul-sectorului-1-imobilul-marelui-pianist-va-deveni-centru-cultural-public\/"},"wordCount":529,"publisher":{"@id":"https:\/\/buletin.de\/bucuresti\/#organization"},"image":{"@id":"https:\/\/buletin.de\/bucuresti\/doua-apartamente-din-casa-memoriala-dinu-lipatti-intra-in-patrimoniul-sectorului-1-imobilul-marelui-pianist-va-deveni-centru-cultural-public\/#primaryimage"},"thumbnailUrl":"https:\/\/buletin.de\/bucuresti\/wp-content\/uploads\/2026\/03\/Casa-Dinu-Lipatti.jpg","keywords":["Bulevardul Lasc\u0103r Catargiu","Casa Memorial\u0103 Dinu Lipatti","Consiliul General al Municipiului Bucure\u0219ti","executare silit\u0103","Legea 422\/2001","monument istoric","patrimoniu Bucure\u0219ti","Prim\u0103ria Sectorului 1"],"articleSection":["Articole","Main","Prim\u0103rie"],"inLanguage":"en-GB","copyrightYear":"2026","copyrightHolder":{"@id":"https:\/\/buletin.de\/bucuresti\/#organization"}},{"@type":"WebPage","@id":"https:\/\/buletin.de\/bucuresti\/doua-apartamente-din-casa-memoriala-dinu-lipatti-intra-in-patrimoniul-sectorului-1-imobilul-marelui-pianist-va-deveni-centru-cultural-public\/","url":"https:\/\/buletin.de\/bucuresti\/doua-apartamente-din-casa-memoriala-dinu-lipatti-intra-in-patrimoniul-sectorului-1-imobilul-marelui-pianist-va-deveni-centru-cultural-public\/","name":"Dou\u0103 apartamente din Casa Memorial\u0103 \u201eDinu Lipatti\u201d intr\u0103 \u00een patrimoniul Sectorului 1. Imobilul marelui pianist va deveni Centru Cultural Public - Buletin de Bucure\u0219ti","isPartOf":{"@id":"https:\/\/buletin.de\/bucuresti\/#website"},"primaryImageOfPage":{"@id":"https:\/\/buletin.de\/bucuresti\/doua-apartamente-din-casa-memoriala-dinu-lipatti-intra-in-patrimoniul-sectorului-1-imobilul-marelui-pianist-va-deveni-centru-cultural-public\/#primaryimage"},"image":{"@id":"https:\/\/buletin.de\/bucuresti\/doua-apartamente-din-casa-memoriala-dinu-lipatti-intra-in-patrimoniul-sectorului-1-imobilul-marelui-pianist-va-deveni-centru-cultural-public\/#primaryimage"},"thumbnailUrl":"https:\/\/buletin.de\/bucuresti\/wp-content\/uploads\/2026\/03\/Casa-Dinu-Lipatti.jpg","datePublished":"2026-03-14T06:24:13+00:00","dateModified":"2026-03-14T06:34:39+00:00","description":"Consiliul General al Municipiului Bucure\u0219ti a aprobat proiectul privind achizi\u021bionarea Casei Memoriale \u201eDinu Lipatti\u201d.","breadcrumb":{"@id":"https:\/\/buletin.de\/bucuresti\/doua-apartamente-din-casa-memoriala-dinu-lipatti-intra-in-patrimoniul-sectorului-1-imobilul-marelui-pianist-va-deveni-centru-cultural-public\/#breadcrumb"},"inLanguage":"en-GB","potentialAction":[{"@type":"ReadAction","target":["https:\/\/buletin.de\/bucuresti\/doua-apartamente-din-casa-memoriala-dinu-lipatti-intra-in-patrimoniul-sectorului-1-imobilul-marelui-pianist-va-deveni-centru-cultural-public\/"]}]},{"@type":"ImageObject","inLanguage":"en-GB","@id":"https:\/\/buletin.de\/bucuresti\/doua-apartamente-din-casa-memoriala-dinu-lipatti-intra-in-patrimoniul-sectorului-1-imobilul-marelui-pianist-va-deveni-centru-cultural-public\/#primaryimage","url":"https:\/\/buletin.de\/bucuresti\/wp-content\/uploads\/2026\/03\/Casa-Dinu-Lipatti.jpg","contentUrl":"https:\/\/buletin.de\/bucuresti\/wp-content\/uploads\/2026\/03\/Casa-Dinu-Lipatti.jpg","width":1200,"height":659,"caption":"Casa \u201eDinu Lipatti\u201d va fi transformat\u0103 \u00een centru cultural deschis publicului. Foto: PS1"},{"@type":"BreadcrumbList","@id":"https:\/\/buletin.de\/bucuresti\/doua-apartamente-din-casa-memoriala-dinu-lipatti-intra-in-patrimoniul-sectorului-1-imobilul-marelui-pianist-va-deveni-centru-cultural-public\/#breadcrumb","itemListElement":[{"@type":"ListItem","position":1,"name":"Acas\u0103","item":"https:\/\/buletin.de\/bucuresti\/"},{"@type":"ListItem","position":2,"name":"Dou\u0103 apartamente din Casa Memorial\u0103 \u201eDinu Lipatti\u201d intr\u0103 \u00een patrimoniul Sectorului 1. Imobilul marelui pianist va deveni Centru Cultural Public"}]},{"@type":"WebSite","@id":"https:\/\/buletin.de\/bucuresti\/#website","url":"https:\/\/buletin.de\/bucuresti\/","name":"Buletin de Bucure\u0219ti","description":"\u0218tiri \u0219i investiga\u021bii esen\u021biale din capital\u0103","publisher":{"@id":"https:\/\/buletin.de\/bucuresti\/#organization"},"potentialAction":[{"@type":"SearchAction","target":{"@type":"EntryPoint","urlTemplate":"https:\/\/buletin.de\/bucuresti\/?s={search_term_string}"},"query-input":{"@type":"PropertyValueSpecification","valueRequired":true,"valueName":"search_term_string"}}],"inLanguage":"en-GB"},{"@type":"Organization","@id":"https:\/\/buletin.de\/bucuresti\/#organization","name":"Buletin de Bucure\u0219ti","url":"https:\/\/buletin.de\/bucuresti\/","logo":{"@type":"ImageObject","inLanguage":"en-GB","@id":"https:\/\/buletin.de\/bucuresti\/#\/schema\/logo\/image\/","url":"https:\/\/buletin.de\/bucuresti\/wp-content\/uploads\/logo-bdb-full-wide-vernil-transparent.png","contentUrl":"https:\/\/buletin.de\/bucuresti\/wp-content\/uploads\/logo-bdb-full-wide-vernil-transparent.png","width":1782,"height":626,"caption":"Buletin de Bucure\u0219ti"},"image":{"@id":"https:\/\/buletin.de\/bucuresti\/#\/schema\/logo\/image\/"},"sameAs":["https:\/\/www.facebook.com\/buletin.de.buc","https:\/\/www.instagram.com\/buletinde.bucuresti\/"]},{"@type":"Person","@id":"https:\/\/buletin.de\/bucuresti\/#\/schema\/person\/81421a46fb84a0887cfd2238f5202586","name":"Andreea St\u0103n\u0103r\u00eeng\u0103","image":{"@type":"ImageObject","inLanguage":"en-GB","@id":"https:\/\/secure.gravatar.com\/avatar\/dfa8d227a4388fad0f0bb03add04b5b176f4da34397dbb2eadc563b3d7162ce0?s=96&d=monsterid&r=g72784372b39ffe5a98a45288fe0d0e8a","url":"https:\/\/secure.gravatar.com\/avatar\/dfa8d227a4388fad0f0bb03add04b5b176f4da34397dbb2eadc563b3d7162ce0?s=96&d=monsterid&r=g","contentUrl":"https:\/\/secure.gravatar.com\/avatar\/dfa8d227a4388fad0f0bb03add04b5b176f4da34397dbb2eadc563b3d7162ce0?s=96&d=monsterid&r=g","caption":"Andreea St\u0103n\u0103r\u00eeng\u0103"},"description":"Cu o experien\u021b\u0103 de peste 5 ani \u00een pres\u0103, face parte din echipa Buletin de Bucure\u0219ti din septembrie 2025. A colaborat cu c\u00e2teva publica\u021bii, printre care \u0219i Fanatik.ro, unde s-a ocupat de \u0219tiri de lifestyle \u0219i de actualitate. A f\u0103cut un pas c\u0103tre presa local\u0103 pentru a explora Bucure\u0219tiul \u0219i pove\u0219tile care merit\u0103 spuse.","url":"https:\/\/buletin.de\/bucuresti\/author\/andreea-stanaranga\/"}]}},"authors":[{"term_id":23912,"user_id":65,"is_guest":0,"slug":"andreea-stanaranga","display_name":"Andreea St\u0103n\u0103r\u00eeng\u0103","avatar_url":"https:\/\/secure.gravatar.com\/avatar\/dfa8d227a4388fad0f0bb03add04b5b176f4da34397dbb2eadc563b3d7162ce0?s=96&d=monsterid&r=g","0":null,"1":"","2":"","3":"","4":"","5":"","6":"","7":"","8":""}],"_links":{"self":[{"href":"https:\/\/buletin.de\/bucuresti\/wp-json\/wp\/v2\/posts\/180386","targetHints":{"allow":["GET"]}}],"collection":[{"href":"https:\/\/buletin.de\/bucuresti\/wp-json\/wp\/v2\/posts"}],"about":[{"href":"https:\/\/buletin.de\/bucuresti\/wp-json\/wp\/v2\/types\/post"}],"author":[{"embeddable":true,"href":"https:\/\/buletin.de\/bucuresti\/wp-json\/wp\/v2\/users\/65"}],"replies":[{"embeddable":true,"href":"https:\/\/buletin.de\/bucuresti\/wp-json\/wp\/v2\/comments?post=180386"}],"version-history":[{"count":11,"href":"https:\/\/buletin.de\/bucuresti\/wp-json\/wp\/v2\/posts\/180386\/revisions"}],"predecessor-version":[{"id":180491,"href":"https:\/\/buletin.de\/bucuresti\/wp-json\/wp\/v2\/posts\/180386\/revisions\/180491"}],"wp:featuredmedia":[{"embeddable":true,"href":"https:\/\/buletin.de\/bucuresti\/wp-json\/wp\/v2\/media\/180401"}],"wp:attachment":[{"href":"https:\/\/buletin.de\/bucuresti\/wp-json\/wp\/v2\/media?parent=180386"}],"wp:term":[{"taxonomy":"category","embeddable":true,"href":"https:\/\/buletin.de\/bucuresti\/wp-json\/wp\/v2\/categories?post=180386"},{"taxonomy":"post_tag","embeddable":true,"href":"https:\/\/buletin.de\/bucuresti\/wp-json\/wp\/v2\/tags?post=180386"},{"taxonomy":"author","embeddable":true,"href":"https:\/\/buletin.de\/bucuresti\/wp-json\/wp\/v2\/ppma_author?post=180386"}],"curies":[{"name":"wp","href":"https:\/\/api.w.org\/{rel}","templated":true}]}}