{"id":180338,"date":"2026-03-14T12:36:10","date_gmt":"2026-03-14T09:36:10","guid":{"rendered":"https:\/\/buletin.de\/bucuresti\/?p=180338"},"modified":"2026-03-14T12:36:11","modified_gmt":"2026-03-14T09:36:11","slug":"cfr-calatori-introduce-o-noua-ruta-din-gara-de-nord-aceasta-va-fi-operata-cu-rame-electrice-alstom","status":"publish","type":"post","link":"https:\/\/buletin.de\/bucuresti\/cfr-calatori-introduce-o-noua-ruta-din-gara-de-nord-aceasta-va-fi-operata-cu-rame-electrice-alstom\/","title":{"rendered":"CFR C\u0103l\u0103tori introduce o nou\u0103 rut\u0103 din Gara de Nord. Aceasta va fi operat\u0103 cu rame electrice Alstom"},"content":{"rendered":"\n<p><strong>CFR C\u0103l\u0103tori introduce o nou\u0103 rut\u0103 din Gara de Nord, potrivit unui <a href=\"https:\/\/www.cfrcalatori.ro\/comunicate\/ruta-noua-trenuri-noi\/\">comunicat <\/a>de pres\u0103 al operatorului de transport. Traseul cuprins \u00eentre Bucure\u0219ti \u0219i Timi\u0219oara va fi operat folosind rame electrice fabricate de francezii de la Alstom.<\/strong><\/p>\n\n\n\n<p><em>\u201eRamele electrice care vor opera aceste trenuri fac parte din lotul complet de 12 unit\u0103\u021bi Alstom, atribuit pentru operare \u00een cadrul primului contract de servicii publice licitat din Rom\u00e2nia (CSP-L1).\u201d<\/em> transmit reprezentan\u021bii companiei na\u021bionale.<\/p>\n\n\n\n<p>Cele dou\u0103 trenuri, care vor ie\u0219i \u00een traseu \u00eencep\u00e2nd cu 14 \u0219i 15 martie, vor circula pe rela\u021bia Bucure\u0219ti &#8211; Timi\u0219oara, cu opriri \u00een Bra\u0219ov, Sighi\u0219oara, Deva \u0219i Arad, dup\u0103 cum urmeaz\u0103:<\/p>\n\n\n\n<ul class=\"wp-block-list\">\n<li><strong>IR 16021<\/strong>\u00a0Bucure\u0219ti Nord (11:20) \u2013 Timi\u0219oara Nord (23:12), \u00eencep\u00e2nd cu 14 martie 2026<\/li>\n\n\n\n<li><strong>IR 16023<\/strong>\u00a0Timi\u0219oara Nord (09:09) \u2013 Bucure\u0219ti Nord (21:11), \u00eencep\u00e2nd cu 15 martie 2026<\/li>\n<\/ul>\n\n\n\n<p>\u00cen prezent, ramele circul\u0103 deja pe mai multe rute principale din \u021bar\u0103, precum \u00a0Bucure\u0219ti Nord \u2013 Constan\u021ba \u0219i retur, Bucure\u0219ti Nord \u2013 Craiova \u0219i retur, Bucure\u0219ti Nord \u2013 Deva \u0219i retur, Bucure\u0219ti Nord \u2013 Craiova \u2013 Timi\u0219oara Nord \u2013 Arad \u0219i retur.<\/p>\n\n\n\n<p><em>\u201eIntroducerea acestor trenuri face parte din programul de modernizare a serviciilor de transport prev\u0103zut \u00een Mersul Trenurilor 2025\u20132026, care are ca obiectiv cre\u0219terea calit\u0103\u021bii transportului feroviar de c\u0103l\u0103tori pe rutele principale din Rom\u00e2nia \u0219i sporirea atractivit\u0103\u021bii acestui tip de transport.\u201d<\/em> au mai ad\u0103ugat reprezentan\u021bii CFR C\u0103l\u0103tori.<\/p>\n\n\n\n<p><strong>CITE\u0218TE \u0218I: <a href=\"https:\/\/buletin.de\/bucuresti\/inalta-curte-a-returnat-la-dna-dosarul-privind-frauda-de-34-milioane-de-euro-de-la-complexul-caraiman-aflat-in-subordinea-primariei-sectorului-1-dupa-sase-ani-de-ancheta\/\">\u00cenalta Curte a returnat la DNA dosarul privind frauda de 3,4 milioane de euro de la Complexul Caraiman, aflat \u00een subordinea Prim\u0103riei Sectorului 1, dup\u0103 \u0219ase ani de anchet\u0103<\/a><\/strong><\/p>\n\n\n\n<h2 class=\"wp-block-heading\" id=\"h-cum-po\u021bi-afla-mai-multe-detalii-despre-trenul-tau\">Cum po\u021bi afla mai multe detalii despre trenul t\u0103u<\/h2>\n\n\n\n<p>Pentru a afla mai multe detalii despre trenurile aflate \u00een circula\u021bie, pasagerii au la dispozi\u021bie mai multe mijoace prin care pot ob\u021bine informa\u021bii despre circula\u021bia trenurilor:<\/p>\n\n\n\n<ul class=\"wp-block-list\">\n<li>la telefon 0219521 \u2013 INFO CFR (trafic intern).<\/li>\n\n\n\n<li>la numerele de telefon din sta\u021biile CFR publicate pe\u00a0<a href=\"http:\/\/www.cfrcalatori.ro\/\">www.cfrcalatori.ro<\/a>\u00a0la sec\u021biunea INFORMA\u021aII TELEFONICE \u2013\u00a0<a href=\"https:\/\/www.cfrcalatori.ro\/informatii-telefonice\/\">https:\/\/www.cfrcalatori.ro\/informatii-telefonice\/<\/a><\/li>\n\n\n\n<li>\u00een aplica\u021bia TRENUL MEU (<a href=\"https:\/\/bilete.cfrcalatori.ro\/ro-RO\/Itineraries\">https:\/\/bilete.cfrcalatori.ro\/ro-RO\/Itineraries<\/a>), se introduce num\u0103rul exact al trenului \u00een c\u0103su\u0163a indicat\u0103 \u015fi click pe Informa\u021bii tren. Se ob\u021bin informa\u0163ii \u00een timp real despre opriri, \u00eent\u00e2rzieri, minutele de sta\u0163ionare \u00een urm\u0103toarea gar\u0103 \u015fi timpul estimat de sosire.<\/li>\n\n\n\n<li>pe site-ul companiei\u00a0<a href=\"http:\/\/www.cfr.ro\/\">www.cfr.ro<\/a>\u00a0sunt func\u021bionale \u0219i actualizate permanent camerele web din g\u0103rile Bucure\u0219ti Nord, Aeroport Henri Coand\u0103, Timi\u0219oara, Craiova, Bra\u0219ov, Ia\u0219i, Cluj Napoca \u0219i Constan\u021ba care indic\u0103 ora de sosire\/de plecare a trenurilor.<\/li>\n\n\n\n<li>pe site-ul\u00a0<a href=\"http:\/\/www.cfrcalatori.ro\/\">www.cfrcalatori.ro<\/a>\u00a0la Mers tren trafic intern.<\/li>\n\n\n\n<li>de la personalul din sta\u0163ii.<\/li>\n<\/ul>\n\n\n\n<p><strong>CITE\u0218TE \u0218I: <a href=\"https:\/\/buletin.de\/bucuresti\/amenzi-de-128-000-de-lei-pentru-nereguli-privind-acordarea-concediilor-medicale-dupa-verificarile-cerute-de-primaria-sectorului-2\/\">Amenzi de 128.000 de lei pentru nereguli privind acordarea concediilor medicale, dup\u0103 verific\u0103rile cerute de Prim\u0103ria Sectorului 2<\/a><\/strong><\/p>\n","protected":false},"excerpt":{"rendered":"<p>CFR C\u0103l\u0103tori introduce o nou\u0103 rut\u0103 din Gara de Nord, potrivit unui comunicat de pres\u0103 al operatorului de transport. Traseul cuprins \u00eentre Bucure\u0219ti \u0219i Timi\u0219oara va fi operat folosind rame electrice fabricate de francezii de la Alstom. \u201eRamele electrice care vor opera aceste trenuri fac parte din lotul complet de 12 unit\u0103\u021bi Alstom, atribuit pentru [&hellip;]<\/p>\n","protected":false},"author":61,"featured_media":180346,"comment_status":"closed","ping_status":"open","sticky":false,"template":"","format":"standard","meta":{"_acf_changed":false,"inline_featured_image":false,"ngg_post_thumbnail":0,"footnotes":""},"categories":[6994,62,650],"tags":[16735,27065,5871,1941,594],"ppma_author":[22577],"class_list":["post-180338","post","type-post","status-publish","format-standard","has-post-thumbnail","hentry","category-stiri-2","category-stiri","category-transport","tag-alstom-coradia","tag-bucuresti-timisoara-2","tag-cfr-calatori-2","tag-gara-de-nord","tag-tren"],"acf":[],"yoast_head":"<!-- This site is optimized with the Yoast SEO Premium plugin v25.3 (Yoast SEO v27.4) - https:\/\/yoast.com\/product\/yoast-seo-premium-wordpress\/ -->\n<title>CFR C\u0103l\u0103tori introduce o nou\u0103 rut\u0103 din Gara de Nord. Aceasta va fi operat\u0103 cu rame electrice Alstom - Buletin de Bucure\u0219ti<\/title>\n<meta name=\"description\" content=\"CFR C\u0103l\u0103tori introduce o nou\u0103 rut\u0103 din Gara de Nord, potrivit unui comunicat de pres\u0103 al operatorului de transport.\" \/>\n<meta name=\"robots\" content=\"index, follow, max-snippet:-1, max-image-preview:large, max-video-preview:-1\" \/>\n<link rel=\"canonical\" href=\"https:\/\/buletin.de\/bucuresti\/cfr-calatori-introduce-o-noua-ruta-din-gara-de-nord-aceasta-va-fi-operata-cu-rame-electrice-alstom\/\" \/>\n<meta property=\"og:locale\" content=\"en_GB\" \/>\n<meta property=\"og:type\" content=\"article\" \/>\n<meta property=\"og:title\" content=\"CFR C\u0103l\u0103tori introduce o nou\u0103 rut\u0103 din Gara de Nord. Aceasta va fi operat\u0103 cu rame electrice Alstom\" \/>\n<meta property=\"og:description\" content=\"CFR C\u0103l\u0103tori introduce o nou\u0103 rut\u0103 din Gara de Nord, potrivit unui comunicat de pres\u0103 al operatorului de transport.\" \/>\n<meta property=\"og:url\" content=\"https:\/\/buletin.de\/bucuresti\/cfr-calatori-introduce-o-noua-ruta-din-gara-de-nord-aceasta-va-fi-operata-cu-rame-electrice-alstom\/\" \/>\n<meta property=\"og:site_name\" content=\"Buletin de Bucure\u0219ti\" \/>\n<meta property=\"article:publisher\" content=\"https:\/\/www.facebook.com\/buletin.de.buc\" \/>\n<meta property=\"article:published_time\" content=\"2026-03-14T09:36:10+00:00\" \/>\n<meta property=\"article:modified_time\" content=\"2026-03-14T09:36:11+00:00\" \/>\n<meta property=\"og:image\" content=\"https:\/\/buletin.de\/bucuresti\/wp-content\/uploads\/2026\/03\/alstom-coradia-fb-ionut-savoiu-1600x1200-1.jpg\" \/>\n\t<meta property=\"og:image:width\" content=\"1600\" \/>\n\t<meta property=\"og:image:height\" content=\"1200\" \/>\n\t<meta property=\"og:image:type\" content=\"image\/jpeg\" \/>\n<meta name=\"author\" content=\"Alexandru Stan\" \/>\n<meta name=\"twitter:card\" content=\"summary_large_image\" \/>\n<meta name=\"twitter:label1\" content=\"Written by\" \/>\n\t<meta name=\"twitter:data1\" content=\"Alexandru Stan\" \/>\n\t<meta name=\"twitter:label2\" content=\"Estimated reading time\" \/>\n\t<meta name=\"twitter:data2\" content=\"2 minutes\" \/>\n<script type=\"application\/ld+json\" class=\"yoast-schema-graph\">{\"@context\":\"https:\\\/\\\/schema.org\",\"@graph\":[{\"@type\":\"Article\",\"@id\":\"https:\\\/\\\/buletin.de\\\/bucuresti\\\/cfr-calatori-introduce-o-noua-ruta-din-gara-de-nord-aceasta-va-fi-operata-cu-rame-electrice-alstom\\\/#article\",\"isPartOf\":{\"@id\":\"https:\\\/\\\/buletin.de\\\/bucuresti\\\/cfr-calatori-introduce-o-noua-ruta-din-gara-de-nord-aceasta-va-fi-operata-cu-rame-electrice-alstom\\\/\"},\"author\":{\"name\":\"Alexandru Stan\",\"@id\":\"https:\\\/\\\/buletin.de\\\/bucuresti\\\/#\\\/schema\\\/person\\\/104a46bbe8be6e336fecf63974383951\"},\"headline\":\"CFR C\u0103l\u0103tori introduce o nou\u0103 rut\u0103 din Gara de Nord. Aceasta va fi operat\u0103 cu rame electrice Alstom\",\"datePublished\":\"2026-03-14T09:36:10+00:00\",\"dateModified\":\"2026-03-14T09:36:11+00:00\",\"mainEntityOfPage\":{\"@id\":\"https:\\\/\\\/buletin.de\\\/bucuresti\\\/cfr-calatori-introduce-o-noua-ruta-din-gara-de-nord-aceasta-va-fi-operata-cu-rame-electrice-alstom\\\/\"},\"wordCount\":493,\"publisher\":{\"@id\":\"https:\\\/\\\/buletin.de\\\/bucuresti\\\/#organization\"},\"image\":{\"@id\":\"https:\\\/\\\/buletin.de\\\/bucuresti\\\/cfr-calatori-introduce-o-noua-ruta-din-gara-de-nord-aceasta-va-fi-operata-cu-rame-electrice-alstom\\\/#primaryimage\"},\"thumbnailUrl\":\"https:\\\/\\\/buletin.de\\\/bucuresti\\\/wp-content\\\/uploads\\\/2026\\\/03\\\/alstom-coradia-fb-ionut-savoiu-1600x1200-1.jpg\",\"keywords\":[\"alstom coradia\",\"bucuresti timisoara\",\"CFR Calatori\",\"gara de nord\",\"tren\"],\"articleSection\":[\"Articole\",\"\u0218tiri\",\"Transport\"],\"inLanguage\":\"en-GB\",\"copyrightYear\":\"2026\",\"copyrightHolder\":{\"@id\":\"https:\\\/\\\/buletin.de\\\/bucuresti\\\/#organization\"}},{\"@type\":\"WebPage\",\"@id\":\"https:\\\/\\\/buletin.de\\\/bucuresti\\\/cfr-calatori-introduce-o-noua-ruta-din-gara-de-nord-aceasta-va-fi-operata-cu-rame-electrice-alstom\\\/\",\"url\":\"https:\\\/\\\/buletin.de\\\/bucuresti\\\/cfr-calatori-introduce-o-noua-ruta-din-gara-de-nord-aceasta-va-fi-operata-cu-rame-electrice-alstom\\\/\",\"name\":\"CFR C\u0103l\u0103tori introduce o nou\u0103 rut\u0103 din Gara de Nord. Aceasta va fi operat\u0103 cu rame electrice Alstom - Buletin de Bucure\u0219ti\",\"isPartOf\":{\"@id\":\"https:\\\/\\\/buletin.de\\\/bucuresti\\\/#website\"},\"primaryImageOfPage\":{\"@id\":\"https:\\\/\\\/buletin.de\\\/bucuresti\\\/cfr-calatori-introduce-o-noua-ruta-din-gara-de-nord-aceasta-va-fi-operata-cu-rame-electrice-alstom\\\/#primaryimage\"},\"image\":{\"@id\":\"https:\\\/\\\/buletin.de\\\/bucuresti\\\/cfr-calatori-introduce-o-noua-ruta-din-gara-de-nord-aceasta-va-fi-operata-cu-rame-electrice-alstom\\\/#primaryimage\"},\"thumbnailUrl\":\"https:\\\/\\\/buletin.de\\\/bucuresti\\\/wp-content\\\/uploads\\\/2026\\\/03\\\/alstom-coradia-fb-ionut-savoiu-1600x1200-1.jpg\",\"datePublished\":\"2026-03-14T09:36:10+00:00\",\"dateModified\":\"2026-03-14T09:36:11+00:00\",\"description\":\"CFR C\u0103l\u0103tori introduce o nou\u0103 rut\u0103 din Gara de Nord, potrivit unui comunicat de pres\u0103 al operatorului de transport.\",\"breadcrumb\":{\"@id\":\"https:\\\/\\\/buletin.de\\\/bucuresti\\\/cfr-calatori-introduce-o-noua-ruta-din-gara-de-nord-aceasta-va-fi-operata-cu-rame-electrice-alstom\\\/#breadcrumb\"},\"inLanguage\":\"en-GB\",\"potentialAction\":[{\"@type\":\"ReadAction\",\"target\":[\"https:\\\/\\\/buletin.de\\\/bucuresti\\\/cfr-calatori-introduce-o-noua-ruta-din-gara-de-nord-aceasta-va-fi-operata-cu-rame-electrice-alstom\\\/\"]}]},{\"@type\":\"ImageObject\",\"inLanguage\":\"en-GB\",\"@id\":\"https:\\\/\\\/buletin.de\\\/bucuresti\\\/cfr-calatori-introduce-o-noua-ruta-din-gara-de-nord-aceasta-va-fi-operata-cu-rame-electrice-alstom\\\/#primaryimage\",\"url\":\"https:\\\/\\\/buletin.de\\\/bucuresti\\\/wp-content\\\/uploads\\\/2026\\\/03\\\/alstom-coradia-fb-ionut-savoiu-1600x1200-1.jpg\",\"contentUrl\":\"https:\\\/\\\/buletin.de\\\/bucuresti\\\/wp-content\\\/uploads\\\/2026\\\/03\\\/alstom-coradia-fb-ionut-savoiu-1600x1200-1.jpg\",\"width\":1600,\"height\":1200,\"caption\":\"CFR C\u0103l\u0103tori introduce o nou\u0103 rut\u0103 din Gara de Nord, operat\u0103 cu rame electrice Alstom | FOTO: FB \\\/ Ionu\u0163 S\u0103voiu\"},{\"@type\":\"BreadcrumbList\",\"@id\":\"https:\\\/\\\/buletin.de\\\/bucuresti\\\/cfr-calatori-introduce-o-noua-ruta-din-gara-de-nord-aceasta-va-fi-operata-cu-rame-electrice-alstom\\\/#breadcrumb\",\"itemListElement\":[{\"@type\":\"ListItem\",\"position\":1,\"name\":\"Acas\u0103\",\"item\":\"https:\\\/\\\/buletin.de\\\/bucuresti\\\/\"},{\"@type\":\"ListItem\",\"position\":2,\"name\":\"CFR C\u0103l\u0103tori introduce o nou\u0103 rut\u0103 din Gara de Nord. Aceasta va fi operat\u0103 cu rame electrice Alstom\"}]},{\"@type\":\"WebSite\",\"@id\":\"https:\\\/\\\/buletin.de\\\/bucuresti\\\/#website\",\"url\":\"https:\\\/\\\/buletin.de\\\/bucuresti\\\/\",\"name\":\"Buletin de Bucure\u0219ti\",\"description\":\"\u0218tiri \u0219i investiga\u021bii esen\u021biale din capital\u0103\",\"publisher\":{\"@id\":\"https:\\\/\\\/buletin.de\\\/bucuresti\\\/#organization\"},\"potentialAction\":[{\"@type\":\"SearchAction\",\"target\":{\"@type\":\"EntryPoint\",\"urlTemplate\":\"https:\\\/\\\/buletin.de\\\/bucuresti\\\/?s={search_term_string}\"},\"query-input\":{\"@type\":\"PropertyValueSpecification\",\"valueRequired\":true,\"valueName\":\"search_term_string\"}}],\"inLanguage\":\"en-GB\"},{\"@type\":\"Organization\",\"@id\":\"https:\\\/\\\/buletin.de\\\/bucuresti\\\/#organization\",\"name\":\"Buletin de Bucure\u0219ti\",\"url\":\"https:\\\/\\\/buletin.de\\\/bucuresti\\\/\",\"logo\":{\"@type\":\"ImageObject\",\"inLanguage\":\"en-GB\",\"@id\":\"https:\\\/\\\/buletin.de\\\/bucuresti\\\/#\\\/schema\\\/logo\\\/image\\\/\",\"url\":\"https:\\\/\\\/buletin.de\\\/bucuresti\\\/wp-content\\\/uploads\\\/logo-bdb-full-wide-vernil-transparent.png\",\"contentUrl\":\"https:\\\/\\\/buletin.de\\\/bucuresti\\\/wp-content\\\/uploads\\\/logo-bdb-full-wide-vernil-transparent.png\",\"width\":1782,\"height\":626,\"caption\":\"Buletin de Bucure\u0219ti\"},\"image\":{\"@id\":\"https:\\\/\\\/buletin.de\\\/bucuresti\\\/#\\\/schema\\\/logo\\\/image\\\/\"},\"sameAs\":[\"https:\\\/\\\/www.facebook.com\\\/buletin.de.buc\",\"https:\\\/\\\/www.instagram.com\\\/buletinde.bucuresti\\\/\"]},{\"@type\":\"Person\",\"@id\":\"https:\\\/\\\/buletin.de\\\/bucuresti\\\/#\\\/schema\\\/person\\\/104a46bbe8be6e336fecf63974383951\",\"name\":\"Alexandru Stan\",\"image\":{\"@type\":\"ImageObject\",\"inLanguage\":\"en-GB\",\"@id\":\"https:\\\/\\\/buletin.de\\\/bucuresti\\\/wp-content\\\/uploads\\\/2025\\\/12\\\/IMG-20251216-WA0045-e1766134343668-96x96.jpgd0ca12809ae3e1d27116a2afe8926544\",\"url\":\"https:\\\/\\\/buletin.de\\\/bucuresti\\\/wp-content\\\/uploads\\\/2025\\\/12\\\/IMG-20251216-WA0045-e1766134343668-96x96.jpg\",\"contentUrl\":\"https:\\\/\\\/buletin.de\\\/bucuresti\\\/wp-content\\\/uploads\\\/2025\\\/12\\\/IMG-20251216-WA0045-e1766134343668-96x96.jpg\",\"caption\":\"Alexandru Stan\"},\"description\":\"Sunt elev la un colegiu de prestigiu din Capital\u0103 \u0219i reporter la Buletin de Bucure\u0219ti. M-am n\u0103scut \u0219i am crescut cu m\u00e2ndrie \u00een Capital\u0103, ora\u0219 al pove\u0219tilor, al tramvaiului tras de cai \u0219i al c\u0103su\u021belor cu porti\u021b\u0103 \u0219i ci\u0219mea. Prin articolele mele, m\u0103 str\u0103duiesc s\u0103 descriu cu acurate\u021be via\u021ba din Bucure\u0219ti pe ecranele cititorilor no\u0219tri \u0219i \u00eencerc totodat\u0103 s\u0103 fac accesibile subiecte de interes general tuturor, de la mic la mare.\",\"url\":\"https:\\\/\\\/buletin.de\\\/bucuresti\\\/author\\\/alexandru-stan\\\/\"}]}<\/script>\n<!-- \/ Yoast SEO Premium plugin. -->","yoast_head_json":{"title":"CFR C\u0103l\u0103tori introduce o nou\u0103 rut\u0103 din Gara de Nord. Aceasta va fi operat\u0103 cu rame electrice Alstom - Buletin de Bucure\u0219ti","description":"CFR C\u0103l\u0103tori introduce o nou\u0103 rut\u0103 din Gara de Nord, potrivit unui comunicat de pres\u0103 al operatorului de transport.","robots":{"index":"index","follow":"follow","max-snippet":"max-snippet:-1","max-image-preview":"max-image-preview:large","max-video-preview":"max-video-preview:-1"},"canonical":"https:\/\/buletin.de\/bucuresti\/cfr-calatori-introduce-o-noua-ruta-din-gara-de-nord-aceasta-va-fi-operata-cu-rame-electrice-alstom\/","og_locale":"en_GB","og_type":"article","og_title":"CFR C\u0103l\u0103tori introduce o nou\u0103 rut\u0103 din Gara de Nord. Aceasta va fi operat\u0103 cu rame electrice Alstom","og_description":"CFR C\u0103l\u0103tori introduce o nou\u0103 rut\u0103 din Gara de Nord, potrivit unui comunicat de pres\u0103 al operatorului de transport.","og_url":"https:\/\/buletin.de\/bucuresti\/cfr-calatori-introduce-o-noua-ruta-din-gara-de-nord-aceasta-va-fi-operata-cu-rame-electrice-alstom\/","og_site_name":"Buletin de Bucure\u0219ti","article_publisher":"https:\/\/www.facebook.com\/buletin.de.buc","article_published_time":"2026-03-14T09:36:10+00:00","article_modified_time":"2026-03-14T09:36:11+00:00","og_image":[{"width":1600,"height":1200,"url":"https:\/\/buletin.de\/bucuresti\/wp-content\/uploads\/2026\/03\/alstom-coradia-fb-ionut-savoiu-1600x1200-1.jpg","type":"image\/jpeg"}],"author":"Alexandru Stan","twitter_card":"summary_large_image","twitter_misc":{"Written by":"Alexandru Stan","Estimated reading time":"2 minutes"},"schema":{"@context":"https:\/\/schema.org","@graph":[{"@type":"Article","@id":"https:\/\/buletin.de\/bucuresti\/cfr-calatori-introduce-o-noua-ruta-din-gara-de-nord-aceasta-va-fi-operata-cu-rame-electrice-alstom\/#article","isPartOf":{"@id":"https:\/\/buletin.de\/bucuresti\/cfr-calatori-introduce-o-noua-ruta-din-gara-de-nord-aceasta-va-fi-operata-cu-rame-electrice-alstom\/"},"author":{"name":"Alexandru Stan","@id":"https:\/\/buletin.de\/bucuresti\/#\/schema\/person\/104a46bbe8be6e336fecf63974383951"},"headline":"CFR C\u0103l\u0103tori introduce o nou\u0103 rut\u0103 din Gara de Nord. Aceasta va fi operat\u0103 cu rame electrice Alstom","datePublished":"2026-03-14T09:36:10+00:00","dateModified":"2026-03-14T09:36:11+00:00","mainEntityOfPage":{"@id":"https:\/\/buletin.de\/bucuresti\/cfr-calatori-introduce-o-noua-ruta-din-gara-de-nord-aceasta-va-fi-operata-cu-rame-electrice-alstom\/"},"wordCount":493,"publisher":{"@id":"https:\/\/buletin.de\/bucuresti\/#organization"},"image":{"@id":"https:\/\/buletin.de\/bucuresti\/cfr-calatori-introduce-o-noua-ruta-din-gara-de-nord-aceasta-va-fi-operata-cu-rame-electrice-alstom\/#primaryimage"},"thumbnailUrl":"https:\/\/buletin.de\/bucuresti\/wp-content\/uploads\/2026\/03\/alstom-coradia-fb-ionut-savoiu-1600x1200-1.jpg","keywords":["alstom coradia","bucuresti timisoara","CFR Calatori","gara de nord","tren"],"articleSection":["Articole","\u0218tiri","Transport"],"inLanguage":"en-GB","copyrightYear":"2026","copyrightHolder":{"@id":"https:\/\/buletin.de\/bucuresti\/#organization"}},{"@type":"WebPage","@id":"https:\/\/buletin.de\/bucuresti\/cfr-calatori-introduce-o-noua-ruta-din-gara-de-nord-aceasta-va-fi-operata-cu-rame-electrice-alstom\/","url":"https:\/\/buletin.de\/bucuresti\/cfr-calatori-introduce-o-noua-ruta-din-gara-de-nord-aceasta-va-fi-operata-cu-rame-electrice-alstom\/","name":"CFR C\u0103l\u0103tori introduce o nou\u0103 rut\u0103 din Gara de Nord. Aceasta va fi operat\u0103 cu rame electrice Alstom - Buletin de Bucure\u0219ti","isPartOf":{"@id":"https:\/\/buletin.de\/bucuresti\/#website"},"primaryImageOfPage":{"@id":"https:\/\/buletin.de\/bucuresti\/cfr-calatori-introduce-o-noua-ruta-din-gara-de-nord-aceasta-va-fi-operata-cu-rame-electrice-alstom\/#primaryimage"},"image":{"@id":"https:\/\/buletin.de\/bucuresti\/cfr-calatori-introduce-o-noua-ruta-din-gara-de-nord-aceasta-va-fi-operata-cu-rame-electrice-alstom\/#primaryimage"},"thumbnailUrl":"https:\/\/buletin.de\/bucuresti\/wp-content\/uploads\/2026\/03\/alstom-coradia-fb-ionut-savoiu-1600x1200-1.jpg","datePublished":"2026-03-14T09:36:10+00:00","dateModified":"2026-03-14T09:36:11+00:00","description":"CFR C\u0103l\u0103tori introduce o nou\u0103 rut\u0103 din Gara de Nord, potrivit unui comunicat de pres\u0103 al operatorului de transport.","breadcrumb":{"@id":"https:\/\/buletin.de\/bucuresti\/cfr-calatori-introduce-o-noua-ruta-din-gara-de-nord-aceasta-va-fi-operata-cu-rame-electrice-alstom\/#breadcrumb"},"inLanguage":"en-GB","potentialAction":[{"@type":"ReadAction","target":["https:\/\/buletin.de\/bucuresti\/cfr-calatori-introduce-o-noua-ruta-din-gara-de-nord-aceasta-va-fi-operata-cu-rame-electrice-alstom\/"]}]},{"@type":"ImageObject","inLanguage":"en-GB","@id":"https:\/\/buletin.de\/bucuresti\/cfr-calatori-introduce-o-noua-ruta-din-gara-de-nord-aceasta-va-fi-operata-cu-rame-electrice-alstom\/#primaryimage","url":"https:\/\/buletin.de\/bucuresti\/wp-content\/uploads\/2026\/03\/alstom-coradia-fb-ionut-savoiu-1600x1200-1.jpg","contentUrl":"https:\/\/buletin.de\/bucuresti\/wp-content\/uploads\/2026\/03\/alstom-coradia-fb-ionut-savoiu-1600x1200-1.jpg","width":1600,"height":1200,"caption":"CFR C\u0103l\u0103tori introduce o nou\u0103 rut\u0103 din Gara de Nord, operat\u0103 cu rame electrice Alstom | FOTO: FB \/ Ionu\u0163 S\u0103voiu"},{"@type":"BreadcrumbList","@id":"https:\/\/buletin.de\/bucuresti\/cfr-calatori-introduce-o-noua-ruta-din-gara-de-nord-aceasta-va-fi-operata-cu-rame-electrice-alstom\/#breadcrumb","itemListElement":[{"@type":"ListItem","position":1,"name":"Acas\u0103","item":"https:\/\/buletin.de\/bucuresti\/"},{"@type":"ListItem","position":2,"name":"CFR C\u0103l\u0103tori introduce o nou\u0103 rut\u0103 din Gara de Nord. Aceasta va fi operat\u0103 cu rame electrice Alstom"}]},{"@type":"WebSite","@id":"https:\/\/buletin.de\/bucuresti\/#website","url":"https:\/\/buletin.de\/bucuresti\/","name":"Buletin de Bucure\u0219ti","description":"\u0218tiri \u0219i investiga\u021bii esen\u021biale din capital\u0103","publisher":{"@id":"https:\/\/buletin.de\/bucuresti\/#organization"},"potentialAction":[{"@type":"SearchAction","target":{"@type":"EntryPoint","urlTemplate":"https:\/\/buletin.de\/bucuresti\/?s={search_term_string}"},"query-input":{"@type":"PropertyValueSpecification","valueRequired":true,"valueName":"search_term_string"}}],"inLanguage":"en-GB"},{"@type":"Organization","@id":"https:\/\/buletin.de\/bucuresti\/#organization","name":"Buletin de Bucure\u0219ti","url":"https:\/\/buletin.de\/bucuresti\/","logo":{"@type":"ImageObject","inLanguage":"en-GB","@id":"https:\/\/buletin.de\/bucuresti\/#\/schema\/logo\/image\/","url":"https:\/\/buletin.de\/bucuresti\/wp-content\/uploads\/logo-bdb-full-wide-vernil-transparent.png","contentUrl":"https:\/\/buletin.de\/bucuresti\/wp-content\/uploads\/logo-bdb-full-wide-vernil-transparent.png","width":1782,"height":626,"caption":"Buletin de Bucure\u0219ti"},"image":{"@id":"https:\/\/buletin.de\/bucuresti\/#\/schema\/logo\/image\/"},"sameAs":["https:\/\/www.facebook.com\/buletin.de.buc","https:\/\/www.instagram.com\/buletinde.bucuresti\/"]},{"@type":"Person","@id":"https:\/\/buletin.de\/bucuresti\/#\/schema\/person\/104a46bbe8be6e336fecf63974383951","name":"Alexandru Stan","image":{"@type":"ImageObject","inLanguage":"en-GB","@id":"https:\/\/buletin.de\/bucuresti\/wp-content\/uploads\/2025\/12\/IMG-20251216-WA0045-e1766134343668-96x96.jpgd0ca12809ae3e1d27116a2afe8926544","url":"https:\/\/buletin.de\/bucuresti\/wp-content\/uploads\/2025\/12\/IMG-20251216-WA0045-e1766134343668-96x96.jpg","contentUrl":"https:\/\/buletin.de\/bucuresti\/wp-content\/uploads\/2025\/12\/IMG-20251216-WA0045-e1766134343668-96x96.jpg","caption":"Alexandru Stan"},"description":"Sunt elev la un colegiu de prestigiu din Capital\u0103 \u0219i reporter la Buletin de Bucure\u0219ti. M-am n\u0103scut \u0219i am crescut cu m\u00e2ndrie \u00een Capital\u0103, ora\u0219 al pove\u0219tilor, al tramvaiului tras de cai \u0219i al c\u0103su\u021belor cu porti\u021b\u0103 \u0219i ci\u0219mea. Prin articolele mele, m\u0103 str\u0103duiesc s\u0103 descriu cu acurate\u021be via\u021ba din Bucure\u0219ti pe ecranele cititorilor no\u0219tri \u0219i \u00eencerc totodat\u0103 s\u0103 fac accesibile subiecte de interes general tuturor, de la mic la mare.","url":"https:\/\/buletin.de\/bucuresti\/author\/alexandru-stan\/"}]}},"authors":[{"term_id":22577,"user_id":61,"is_guest":0,"slug":"alexandru-stan","display_name":"Alexandru Stan","avatar_url":"https:\/\/buletin.de\/bucuresti\/wp-content\/uploads\/2025\/12\/IMG-20251216-WA0045-e1766134343668-96x96.jpg","0":null,"1":"","2":"","3":"","4":"","5":"","6":"","7":"","8":""}],"_links":{"self":[{"href":"https:\/\/buletin.de\/bucuresti\/wp-json\/wp\/v2\/posts\/180338","targetHints":{"allow":["GET"]}}],"collection":[{"href":"https:\/\/buletin.de\/bucuresti\/wp-json\/wp\/v2\/posts"}],"about":[{"href":"https:\/\/buletin.de\/bucuresti\/wp-json\/wp\/v2\/types\/post"}],"author":[{"embeddable":true,"href":"https:\/\/buletin.de\/bucuresti\/wp-json\/wp\/v2\/users\/61"}],"replies":[{"embeddable":true,"href":"https:\/\/buletin.de\/bucuresti\/wp-json\/wp\/v2\/comments?post=180338"}],"version-history":[{"count":3,"href":"https:\/\/buletin.de\/bucuresti\/wp-json\/wp\/v2\/posts\/180338\/revisions"}],"predecessor-version":[{"id":180350,"href":"https:\/\/buletin.de\/bucuresti\/wp-json\/wp\/v2\/posts\/180338\/revisions\/180350"}],"wp:featuredmedia":[{"embeddable":true,"href":"https:\/\/buletin.de\/bucuresti\/wp-json\/wp\/v2\/media\/180346"}],"wp:attachment":[{"href":"https:\/\/buletin.de\/bucuresti\/wp-json\/wp\/v2\/media?parent=180338"}],"wp:term":[{"taxonomy":"category","embeddable":true,"href":"https:\/\/buletin.de\/bucuresti\/wp-json\/wp\/v2\/categories?post=180338"},{"taxonomy":"post_tag","embeddable":true,"href":"https:\/\/buletin.de\/bucuresti\/wp-json\/wp\/v2\/tags?post=180338"},{"taxonomy":"author","embeddable":true,"href":"https:\/\/buletin.de\/bucuresti\/wp-json\/wp\/v2\/ppma_author?post=180338"}],"curies":[{"name":"wp","href":"https:\/\/api.w.org\/{rel}","templated":true}]}}