{"id":180307,"date":"2026-03-13T14:35:18","date_gmt":"2026-03-13T11:35:18","guid":{"rendered":"https:\/\/buletin.de\/bucuresti\/?p=180307"},"modified":"2026-03-13T14:37:56","modified_gmt":"2026-03-13T11:37:56","slug":"inalta-curte-a-returnat-la-dna-dosarul-privind-frauda-de-34-milioane-de-euro-de-la-complexul-caraiman-aflat-in-subordinea-primariei-sectorului-1-dupa-sase-ani-de-ancheta","status":"publish","type":"post","link":"https:\/\/buletin.de\/bucuresti\/inalta-curte-a-returnat-la-dna-dosarul-privind-frauda-de-34-milioane-de-euro-de-la-complexul-caraiman-aflat-in-subordinea-primariei-sectorului-1-dupa-sase-ani-de-ancheta\/","title":{"rendered":"\u00cenalta Curte a returnat la DNA dosarul privind frauda de 3,4 milioane de euro de la Complexul Caraiman, aflat \u00een subordinea Prim\u0103riei Sectorului 1, dup\u0103 \u0219ase ani de anchet\u0103"},"content":{"rendered":"\n<p><strong>\u00cenalta Curte de Casa\u021bie \u0219i Justi\u021bie a decis s\u0103 \u00eentoarc\u0103 la DNA dosarul penal privind o fraud\u0103 care ar fi avut loc \u00een pandemie la Complexul Multifunc\u021bional Caraiman din Sectorul 1.  Prejudiciul invocat de procurori este de 3,4 milioane de euro.<\/strong><\/p>\n\n\n\n<p>\u201eConstat\u0103 c\u0103 rechizitoriul emis \u00een dosarul nr. 236\/P\/2020 (&#8230;) este neregulamentar \u00eentocmit, iar neregularitatea nu a fost remediat\u0103 \u00een termenul prev\u0103zut de art. 345 alin. (3) C.proc.pen. Constat\u0103 \u00een consecin\u021b\u0103 imposibilitatea stabilirii obiectului \u0219i a limitelor judec\u0103\u021bii. <\/p>\n\n\n\n<p>Restituie \u00een consecin\u021b\u0103 la parchet dosarul nr. 236\/P\/202\u201d, se arat\u0103 \u00een <a href=\"https:\/\/portal.just.ro\/3\/SitePages\/Dosar.aspx?id_dosar=300000001084325&amp;id_inst=3\" target=\"_blank\" rel=\"noreferrer noopener\">minuta deciziei, publicat\u0103 pe 12 martie<\/a>.<\/p>\n\n\n\n<p>Solu\u021bia a fost dat\u0103 dup\u0103 \u0219ase ani de c\u00e2nd a fost deschis dosarul penal de c\u0103tre DNA \u0219i la trei ani dup\u0103 ce cinci inculpa\u021bi au fost trimi\u0219i \u00een judecat\u0103. <\/p>\n\n\n\n<p><strong>Printre ace\u0219tia se num\u0103r\u0103 chiar fosta directoare a Complexului Caraiman, Iulia Gomes, o apropiat\u0103 a fostului primar al Sectorului 1, Daniel Tudorache. <\/strong><\/p>\n\n\n\n<p><strong>CITE\u0218TE \u0218I: <a href=\"https:\/\/buletin.de\/bucuresti\/coruptii-capitalei-iii-diamantul-de-la-1-daniel-tudorache-a-scapat-de-inchisoare-desi-omul-care-i-a-intermediat-mita-sta-in-puscarie-9-ani\/\" type=\"link\" id=\"https:\/\/buletin.de\/bucuresti\/coruptii-capitalei-iii-diamantul-de-la-1-daniel-tudorache-a-scapat-de-inchisoare-desi-omul-care-i-a-intermediat-mita-sta-in-puscarie-9-ani\/\" target=\"_blank\" rel=\"noreferrer noopener\">Corup\u021bii Capitalei (III) | \u201eDiamantul\u201d de la 1. Daniel Tudorache a sc\u0103pat de \u00eenchisoare, de\u0219i omul care i-a intermediat mita st\u0103 \u00een pu\u0219c\u0103rie 9 ani<\/a><\/strong><\/p>\n\n\n\n<h2 class=\"wp-block-heading\" id=\"h-complexul-caraiman-a-cumparat-ilegal-2-700-de-holtere-ekg-acuza-dna\">Complexul Caraiman a cump\u0103rat ilegal 2.700 de holtere EKG, acuz\u0103 DNA<\/h2>\n\n\n\n<p><strong>Procurorii anticorup\u021bie au trimis-o \u00een judecat\u0103 pe Iulia Gomes \u00een 2023, al\u0103turi de al\u021bi trei angaja\u021bi de la Complexul Caraiman \u0219i administratorul firmei care a livrat holterele.<\/strong> <\/p>\n\n\n\n<p>Pe fosta directoare, DNA a acuzat-o \u201eabuz \u00een serviciu dac\u0103 func\u021bionarul public a ob\u021binut pentru sine ori pentru altul un folos necuvenit cu consecin\u021be deosebit de grave (dou\u0103 infrac\u021biuni), fals intelectual complicitate la fals intelectual (11 infrac\u021biuni)\u201d, <a href=\"https:\/\/www.pna.ro\/comunicat.xhtml?id=12183\" target=\"_blank\" rel=\"noreferrer noopener\">conform comunicatului oficial al Direc\u021biei Na\u021bionale Anticorup\u021bie<\/a>.<\/p>\n\n\n\n<p>\u201e\u00cen perioada 2019 \u2013 2020, inculpata Gomes Iuliana Livia, \u00een calitate de Director executiv al Complexului Multifunc\u021bional Caraiman, beneficiind de ajutorul inculpatei Ghi\u021b\u0103 Monica, \u00een calitate de \u0219ef Serviciu Achizi\u021bii Publice \u00een cadrul aceluia\u0219i Complex, ar fi dispus \u0219i coordonat derularea formal\u0103 a dou\u0103&nbsp; proceduri de achizi\u021bii publice, \u00een urma c\u0103rora contractele de achizi\u021bie ar fi fost c\u00e2\u0219tigate \u00een mod nelegal de c\u0103tre SC Minimed Solutions SRL \u0219i administratorul acesteia\u201d, se arat\u0103 \u00een comunicatul DNA.<\/p>\n\n\n\n<p><strong>Cele dou\u0103 contracte ce ar fi fost atribuite \u00een mod nelegal f\u0103ceau referire la extinderea sistemului integrat de telemedicin\u0103 \u0219i au presupus cump\u0103rarea a 2.700 de holtere EKG 3 canale, precum \u0219i a dou\u0103 servere.<\/strong><\/p>\n\n\n\n<p>\u201eComplexul Multifunc\u021bional Caraiman ar fi trebuit s\u0103 achizi\u021bioneze 2.700 de holtere EKG 3 canale, precum \u0219i 2 servere, sub pretextul r\u0103sp\u00e2ndirii la nivel na\u021bional a infec\u021biei cu noul virus SARS-COV-2, \u00een ciuda faptului c\u0103 nu exista o documenta\u021bie medical\u0103, atestat\u0103 de speciali\u0219ti, care s\u0103 ateste faptul c\u0103 aceste holtere pot confirma sau nu suspiciunea de infectare cu virusul SARS-COV-2, a\u0219a cum \u00een mod fals s-ar fi precizat \u00een Referatul de necesitate al procedurii de Extindere a Sistemului Integrat (\u2026)\u201d, a mai precizat DNA. <\/p>\n\n\n\n<p><strong>CITE\u0218TE \u0218I: <a href=\"https:\/\/buletin.de\/bucuresti\/prejudiciu-de-peste-17-milioane-de-lei-la-complexul-caraiman-un-fost-consilier-general-al-pmb-de-la-psd-printre-cei-trimisi-in-judecata\/\" type=\"link\" id=\"https:\/\/buletin.de\/bucuresti\/prejudiciu-de-peste-17-milioane-de-lei-la-complexul-caraiman-un-fost-consilier-general-al-pmb-de-la-psd-printre-cei-trimisi-in-judecata\/\" target=\"_blank\" rel=\"noreferrer noopener\">Prejudiciu de peste 3,4 milioane de euro la Complexul Caraiman. Un fost consilier general al PMB de la PSD, printre cei trimi\u0219i \u00een judecat\u0103<\/a><\/strong><\/p>\n\n\n\n<p>Potrivit informa\u021biilor ob\u021binute de Buletin de Bucure\u015fti, administratorul trimis \u00een judecat\u0103 este Mihai Peptan, fost consilier general ales pe listele PSD. Aceste este asociat unic al societ\u0103\u021bii Minimed Solutions, potrivit Monitorului Oficial, partea a IV-a, nr. 514.<\/p>\n\n\n\n<h2 class=\"wp-block-heading\" id=\"h-dosarul-dna-a-pornit-de-la-o-investiga\u021bie-de-presa\">Dosarul DNA a pornit de la o investiga\u021bie de pres\u0103<\/h2>\n\n\n\n<p><a href=\"https:\/\/www.libertatea.ro\/stiri\/ca-sa-ocoleasca-licitatia-pentru-2-700-de-holtere-cardiace-primaria-sectorului-1-s-a-folosit-de-faptul-ca-mai-primise-300-de-aparate-de-la-o-firma-si-i-a-dat-direct-contractul-3020272\" target=\"_blank\" rel=\"noreferrer noopener\">Ca s\u0103 ocoleasc\u0103 licita\u021bia pentru 2.700 de holtere cardiace, Prim\u0103ria Sectorului 1 s-a folosit de faptul c\u0103 mai primise 300 de aparate de la o firm\u0103 \u0219i i-a dat direct contractul,<\/a>\u00a0dezv\u0103luia \u00een 2020 jurnalista Iulia Marin \u00een Libertatea.<\/p>\n\n\n\n<p>\u201eCompania Minimed Solutions, de\u021binut\u0103 de fostul consilier local PSD Mihai Peptan, va \u00eencasa de la prim\u0103ria edilului PSD Dan Tudorache 54 de milioane de lei, ceea ce \u00eenseamn\u0103 c\u0103 un holter EKG cu 3 canale ajunge la 4.140 de euro\u201d, a descoperit atunci jurnalista.<\/p>\n\n\n\n<p>Cu banii ob\u021binu\u021bi fraudulos, potrivit DNA, Mihai Peptan \u0219i-ar fi cump\u0103rat un apartament.<\/p>\n\n\n\n<p><strong>CITE\u0218TE \u0218I: <a href=\"https:\/\/buletin.de\/bucuresti\/robert-negoita-vrea-sa-umple-sectorul-3-de-pasaje-ciprian-ciucu-este-incantat-fac-parte-si-din-viziunea-pmb\/\" type=\"link\" id=\"https:\/\/buletin.de\/bucuresti\/robert-negoita-vrea-sa-umple-sectorul-3-de-pasaje-ciprian-ciucu-este-incantat-fac-parte-si-din-viziunea-pmb\/\" target=\"_blank\" rel=\"noreferrer noopener\">Robert Negoi\u021b\u0103 vrea s\u0103 umple Sectorul 3 de pasaje. Ciprian Ciucu este \u00eenc\u00e2ntat: \u201eFac parte \u0219i din viziunea PMB\u201d<\/a><\/strong><\/p>\n","protected":false},"excerpt":{"rendered":"<p>\u00cenalta Curte de Casa\u021bie \u0219i Justi\u021bie a decis s\u0103 \u00eentoarc\u0103 la DNA dosarul penal privind o fraud\u0103 care ar fi avut loc \u00een pandemie la Complexul Multifunc\u021bional Caraiman din Sectorul 1. Prejudiciul invocat de procurori este de 3,4 milioane de euro. \u201eConstat\u0103 c\u0103 rechizitoriul emis \u00een dosarul nr. 236\/P\/2020 (&#8230;) este neregulamentar \u00eentocmit, iar neregularitatea [&hellip;]<\/p>\n","protected":false},"author":60,"featured_media":180331,"comment_status":"closed","ping_status":"open","sticky":false,"template":"","format":"standard","meta":{"_acf_changed":false,"inline_featured_image":false,"ngg_post_thumbnail":0,"footnotes":""},"categories":[6994,9026,5762],"tags":[1743,1233,875,27063,308],"ppma_author":[22582],"class_list":["post-180307","post","type-post","status-publish","format-standard","has-post-thumbnail","hentry","category-stiri-2","category-eveniment","category-main","tag-complexul-caraiman","tag-daniel-tudorache","tag-dna","tag-iulia-gomes","tag-sector-1"],"acf":[],"yoast_head":"<!-- This site is optimized with the Yoast SEO Premium plugin v25.3 (Yoast SEO v27.4) - https:\/\/yoast.com\/product\/yoast-seo-premium-wordpress\/ -->\n<title>\u00cenalta Curte a returnat la DNA dosarul privind frauda de 3,4 milioane de euro de la Complexul Caraiman, aflat \u00een subordinea Prim\u0103riei Sectorului 1, dup\u0103 \u0219ase ani de anchet\u0103 - Buletin de Bucure\u0219ti<\/title>\n<meta name=\"description\" content=\"ICCJ a returnat la DNA dosarul privind frauda de 3,4 milioane de euro de la Complexul Caraiman, aflat \u00een subordinea Prim\u0103riei Sectorului 1.\" \/>\n<meta name=\"robots\" content=\"index, follow, max-snippet:-1, max-image-preview:large, max-video-preview:-1\" \/>\n<link rel=\"canonical\" href=\"https:\/\/buletin.de\/bucuresti\/inalta-curte-a-returnat-la-dna-dosarul-privind-frauda-de-34-milioane-de-euro-de-la-complexul-caraiman-aflat-in-subordinea-primariei-sectorului-1-dupa-sase-ani-de-ancheta\/\" \/>\n<meta property=\"og:locale\" content=\"en_GB\" \/>\n<meta property=\"og:type\" content=\"article\" \/>\n<meta property=\"og:title\" content=\"\u00cenalta Curte a returnat la DNA dosarul privind frauda de 3,4 milioane de euro de la Complexul Caraiman, aflat \u00een subordinea Prim\u0103riei Sectorului 1, dup\u0103 \u0219ase ani de anchet\u0103\" \/>\n<meta property=\"og:description\" content=\"ICCJ a returnat la DNA dosarul privind frauda de 3,4 milioane de euro de la Complexul Caraiman, aflat \u00een subordinea Prim\u0103riei Sectorului 1.\" \/>\n<meta property=\"og:url\" content=\"https:\/\/buletin.de\/bucuresti\/inalta-curte-a-returnat-la-dna-dosarul-privind-frauda-de-34-milioane-de-euro-de-la-complexul-caraiman-aflat-in-subordinea-primariei-sectorului-1-dupa-sase-ani-de-ancheta\/\" \/>\n<meta property=\"og:site_name\" content=\"Buletin de Bucure\u0219ti\" \/>\n<meta property=\"article:publisher\" content=\"https:\/\/www.facebook.com\/buletin.de.buc\" \/>\n<meta property=\"article:published_time\" content=\"2026-03-13T11:35:18+00:00\" \/>\n<meta property=\"article:modified_time\" content=\"2026-03-13T11:37:56+00:00\" \/>\n<meta property=\"og:image\" content=\"https:\/\/buletin.de\/bucuresti\/wp-content\/uploads\/2026\/03\/iuliagomes.jpeg\" \/>\n\t<meta property=\"og:image:width\" content=\"1600\" \/>\n\t<meta property=\"og:image:height\" content=\"1199\" \/>\n\t<meta property=\"og:image:type\" content=\"image\/jpeg\" \/>\n<meta name=\"author\" content=\"R\u0103zvan Chiru\u021b\u0103\" \/>\n<meta name=\"twitter:card\" content=\"summary_large_image\" \/>\n<meta name=\"twitter:label1\" content=\"Written by\" \/>\n\t<meta name=\"twitter:data1\" content=\"R\u0103zvan Chiru\u021b\u0103\" \/>\n\t<meta name=\"twitter:label2\" content=\"Estimated reading time\" \/>\n\t<meta name=\"twitter:data2\" content=\"3 minutes\" \/>\n<script type=\"application\/ld+json\" class=\"yoast-schema-graph\">{\"@context\":\"https:\\\/\\\/schema.org\",\"@graph\":[{\"@type\":\"Article\",\"@id\":\"https:\\\/\\\/buletin.de\\\/bucuresti\\\/inalta-curte-a-returnat-la-dna-dosarul-privind-frauda-de-34-milioane-de-euro-de-la-complexul-caraiman-aflat-in-subordinea-primariei-sectorului-1-dupa-sase-ani-de-ancheta\\\/#article\",\"isPartOf\":{\"@id\":\"https:\\\/\\\/buletin.de\\\/bucuresti\\\/inalta-curte-a-returnat-la-dna-dosarul-privind-frauda-de-34-milioane-de-euro-de-la-complexul-caraiman-aflat-in-subordinea-primariei-sectorului-1-dupa-sase-ani-de-ancheta\\\/\"},\"author\":{\"name\":\"R\u0103zvan Chiru\u021b\u0103\",\"@id\":\"https:\\\/\\\/buletin.de\\\/bucuresti\\\/#\\\/schema\\\/person\\\/a76df728dfc913795a9d90e346b253bb\"},\"headline\":\"\u00cenalta Curte a returnat la DNA dosarul privind frauda de 3,4 milioane de euro de la Complexul Caraiman, aflat \u00een subordinea Prim\u0103riei Sectorului 1, dup\u0103 \u0219ase ani de anchet\u0103\",\"datePublished\":\"2026-03-13T11:35:18+00:00\",\"dateModified\":\"2026-03-13T11:37:56+00:00\",\"mainEntityOfPage\":{\"@id\":\"https:\\\/\\\/buletin.de\\\/bucuresti\\\/inalta-curte-a-returnat-la-dna-dosarul-privind-frauda-de-34-milioane-de-euro-de-la-complexul-caraiman-aflat-in-subordinea-primariei-sectorului-1-dupa-sase-ani-de-ancheta\\\/\"},\"wordCount\":705,\"publisher\":{\"@id\":\"https:\\\/\\\/buletin.de\\\/bucuresti\\\/#organization\"},\"image\":{\"@id\":\"https:\\\/\\\/buletin.de\\\/bucuresti\\\/inalta-curte-a-returnat-la-dna-dosarul-privind-frauda-de-34-milioane-de-euro-de-la-complexul-caraiman-aflat-in-subordinea-primariei-sectorului-1-dupa-sase-ani-de-ancheta\\\/#primaryimage\"},\"thumbnailUrl\":\"https:\\\/\\\/buletin.de\\\/bucuresti\\\/wp-content\\\/uploads\\\/2026\\\/03\\\/iuliagomes.jpeg\",\"keywords\":[\"complexul caraiman\",\"daniel tudorache\",\"dna\",\"iulia gomes\",\"Sector 1\"],\"articleSection\":[\"Articole\",\"Eveniment\",\"Main\"],\"inLanguage\":\"en-GB\",\"copyrightYear\":\"2026\",\"copyrightHolder\":{\"@id\":\"https:\\\/\\\/buletin.de\\\/bucuresti\\\/#organization\"}},{\"@type\":\"WebPage\",\"@id\":\"https:\\\/\\\/buletin.de\\\/bucuresti\\\/inalta-curte-a-returnat-la-dna-dosarul-privind-frauda-de-34-milioane-de-euro-de-la-complexul-caraiman-aflat-in-subordinea-primariei-sectorului-1-dupa-sase-ani-de-ancheta\\\/\",\"url\":\"https:\\\/\\\/buletin.de\\\/bucuresti\\\/inalta-curte-a-returnat-la-dna-dosarul-privind-frauda-de-34-milioane-de-euro-de-la-complexul-caraiman-aflat-in-subordinea-primariei-sectorului-1-dupa-sase-ani-de-ancheta\\\/\",\"name\":\"\u00cenalta Curte a returnat la DNA dosarul privind frauda de 3,4 milioane de euro de la Complexul Caraiman, aflat \u00een subordinea Prim\u0103riei Sectorului 1, dup\u0103 \u0219ase ani de anchet\u0103 - Buletin de Bucure\u0219ti\",\"isPartOf\":{\"@id\":\"https:\\\/\\\/buletin.de\\\/bucuresti\\\/#website\"},\"primaryImageOfPage\":{\"@id\":\"https:\\\/\\\/buletin.de\\\/bucuresti\\\/inalta-curte-a-returnat-la-dna-dosarul-privind-frauda-de-34-milioane-de-euro-de-la-complexul-caraiman-aflat-in-subordinea-primariei-sectorului-1-dupa-sase-ani-de-ancheta\\\/#primaryimage\"},\"image\":{\"@id\":\"https:\\\/\\\/buletin.de\\\/bucuresti\\\/inalta-curte-a-returnat-la-dna-dosarul-privind-frauda-de-34-milioane-de-euro-de-la-complexul-caraiman-aflat-in-subordinea-primariei-sectorului-1-dupa-sase-ani-de-ancheta\\\/#primaryimage\"},\"thumbnailUrl\":\"https:\\\/\\\/buletin.de\\\/bucuresti\\\/wp-content\\\/uploads\\\/2026\\\/03\\\/iuliagomes.jpeg\",\"datePublished\":\"2026-03-13T11:35:18+00:00\",\"dateModified\":\"2026-03-13T11:37:56+00:00\",\"description\":\"ICCJ a returnat la DNA dosarul privind frauda de 3,4 milioane de euro de la Complexul Caraiman, aflat \u00een subordinea Prim\u0103riei Sectorului 1.\",\"breadcrumb\":{\"@id\":\"https:\\\/\\\/buletin.de\\\/bucuresti\\\/inalta-curte-a-returnat-la-dna-dosarul-privind-frauda-de-34-milioane-de-euro-de-la-complexul-caraiman-aflat-in-subordinea-primariei-sectorului-1-dupa-sase-ani-de-ancheta\\\/#breadcrumb\"},\"inLanguage\":\"en-GB\",\"potentialAction\":[{\"@type\":\"ReadAction\",\"target\":[\"https:\\\/\\\/buletin.de\\\/bucuresti\\\/inalta-curte-a-returnat-la-dna-dosarul-privind-frauda-de-34-milioane-de-euro-de-la-complexul-caraiman-aflat-in-subordinea-primariei-sectorului-1-dupa-sase-ani-de-ancheta\\\/\"]}]},{\"@type\":\"ImageObject\",\"inLanguage\":\"en-GB\",\"@id\":\"https:\\\/\\\/buletin.de\\\/bucuresti\\\/inalta-curte-a-returnat-la-dna-dosarul-privind-frauda-de-34-milioane-de-euro-de-la-complexul-caraiman-aflat-in-subordinea-primariei-sectorului-1-dupa-sase-ani-de-ancheta\\\/#primaryimage\",\"url\":\"https:\\\/\\\/buletin.de\\\/bucuresti\\\/wp-content\\\/uploads\\\/2026\\\/03\\\/iuliagomes.jpeg\",\"contentUrl\":\"https:\\\/\\\/buletin.de\\\/bucuresti\\\/wp-content\\\/uploads\\\/2026\\\/03\\\/iuliagomes.jpeg\",\"width\":1600,\"height\":1199,\"caption\":\"Iulia Gomes, fosta directoare a Complexului Caraiman. Foto: FB Iulia Gomes\"},{\"@type\":\"BreadcrumbList\",\"@id\":\"https:\\\/\\\/buletin.de\\\/bucuresti\\\/inalta-curte-a-returnat-la-dna-dosarul-privind-frauda-de-34-milioane-de-euro-de-la-complexul-caraiman-aflat-in-subordinea-primariei-sectorului-1-dupa-sase-ani-de-ancheta\\\/#breadcrumb\",\"itemListElement\":[{\"@type\":\"ListItem\",\"position\":1,\"name\":\"Acas\u0103\",\"item\":\"https:\\\/\\\/buletin.de\\\/bucuresti\\\/\"},{\"@type\":\"ListItem\",\"position\":2,\"name\":\"\u00cenalta Curte a returnat la DNA dosarul privind frauda de 3,4 milioane de euro de la Complexul Caraiman, aflat \u00een subordinea Prim\u0103riei Sectorului 1, dup\u0103 \u0219ase ani de anchet\u0103\"}]},{\"@type\":\"WebSite\",\"@id\":\"https:\\\/\\\/buletin.de\\\/bucuresti\\\/#website\",\"url\":\"https:\\\/\\\/buletin.de\\\/bucuresti\\\/\",\"name\":\"Buletin de Bucure\u0219ti\",\"description\":\"\u0218tiri \u0219i investiga\u021bii esen\u021biale din capital\u0103\",\"publisher\":{\"@id\":\"https:\\\/\\\/buletin.de\\\/bucuresti\\\/#organization\"},\"potentialAction\":[{\"@type\":\"SearchAction\",\"target\":{\"@type\":\"EntryPoint\",\"urlTemplate\":\"https:\\\/\\\/buletin.de\\\/bucuresti\\\/?s={search_term_string}\"},\"query-input\":{\"@type\":\"PropertyValueSpecification\",\"valueRequired\":true,\"valueName\":\"search_term_string\"}}],\"inLanguage\":\"en-GB\"},{\"@type\":\"Organization\",\"@id\":\"https:\\\/\\\/buletin.de\\\/bucuresti\\\/#organization\",\"name\":\"Buletin de Bucure\u0219ti\",\"url\":\"https:\\\/\\\/buletin.de\\\/bucuresti\\\/\",\"logo\":{\"@type\":\"ImageObject\",\"inLanguage\":\"en-GB\",\"@id\":\"https:\\\/\\\/buletin.de\\\/bucuresti\\\/#\\\/schema\\\/logo\\\/image\\\/\",\"url\":\"https:\\\/\\\/buletin.de\\\/bucuresti\\\/wp-content\\\/uploads\\\/logo-bdb-full-wide-vernil-transparent.png\",\"contentUrl\":\"https:\\\/\\\/buletin.de\\\/bucuresti\\\/wp-content\\\/uploads\\\/logo-bdb-full-wide-vernil-transparent.png\",\"width\":1782,\"height\":626,\"caption\":\"Buletin de Bucure\u0219ti\"},\"image\":{\"@id\":\"https:\\\/\\\/buletin.de\\\/bucuresti\\\/#\\\/schema\\\/logo\\\/image\\\/\"},\"sameAs\":[\"https:\\\/\\\/www.facebook.com\\\/buletin.de.buc\",\"https:\\\/\\\/www.instagram.com\\\/buletinde.bucuresti\\\/\"]},{\"@type\":\"Person\",\"@id\":\"https:\\\/\\\/buletin.de\\\/bucuresti\\\/#\\\/schema\\\/person\\\/a76df728dfc913795a9d90e346b253bb\",\"name\":\"R\u0103zvan Chiru\u021b\u0103\",\"image\":{\"@type\":\"ImageObject\",\"inLanguage\":\"en-GB\",\"@id\":\"https:\\\/\\\/buletin.de\\\/bucuresti\\\/wp-content\\\/uploads\\\/Razvan-Chiruta-96x96.jpge7143b996fd4241fbd6ee1f6b6b7b267\",\"url\":\"https:\\\/\\\/buletin.de\\\/bucuresti\\\/wp-content\\\/uploads\\\/Razvan-Chiruta-96x96.jpg\",\"contentUrl\":\"https:\\\/\\\/buletin.de\\\/bucuresti\\\/wp-content\\\/uploads\\\/Razvan-Chiruta-96x96.jpg\",\"caption\":\"R\u0103zvan Chiru\u021b\u0103\"},\"description\":\"R\u0103zvan Chiru\u021b\u0103 este redactor-\u0219ef adjunct din iulie 2024. A fost redactor-\u0219ef al PRESShub \u00eentre 2022 \u0219i iunie 2024. Anterior, a fost redactor-\u0219ef al Newsweek Rom\u00e2nia, din 2018 p\u00e2n\u0103 \u00een 2021, \u0219i al cotidianului Rom\u00e2nia liber\u0103, \u00eentre 2015 \u0219i 2017. Este absolvent de Jurnalism, \u00een cadrul Universit\u0103\u021bii \u201eAl.I.Cuza\u201d din Ia\u0219i, \u0219i a urmat un master \u00een Managementul institu\u021biilor mass-media (f\u0103r\u0103 diserta\u021bie) la Facultatea de Jurnalism \u0219i \u0218tiin\u021bele Comunic\u0103rii din cadrul Universit\u0103\u021bii din Bucure\u0219ti. \u0218i-a \u00eenceput cariera la Opinia studen\u021beasc\u0103, cunoscuta \u0219coal\u0103 de pres\u0103 din Ia\u0219i. A lucrat \u00een presa local\u0103, apoi a devenit corespondent pentru Ia\u0219i al cotidianului Evenimentul Zilei. Din 2004, a coordonat pentru \u0219ase luni sec\u021bia de coresponden\u021bi a Evenimentului Zilei. A mai lucrat la s\u0103pt\u0103m\u00e2nalul Prezent \u0219i a colaborat cu revistele Dilema Veche \u0219i Suplimentul de Cultur\u0103. Este co-autor \u00een volumele \u201eMass-media \u0219i democra\u021bia \u00een Rom\u00e2nia post-comunist\u0103\u201d (ed. a II-a), Ed. Institutul European, Ia\u0219i, 2013, \u0219i \u201eCOVID - 19. Dimensiuni ale gestionarii pandemiei\u201d, Editura Junimea, Ia\u0219i, 2020.\",\"url\":\"https:\\\/\\\/buletin.de\\\/bucuresti\\\/author\\\/razvan-chiruta\\\/\"}]}<\/script>\n<!-- \/ Yoast SEO Premium plugin. -->","yoast_head_json":{"title":"\u00cenalta Curte a returnat la DNA dosarul privind frauda de 3,4 milioane de euro de la Complexul Caraiman, aflat \u00een subordinea Prim\u0103riei Sectorului 1, dup\u0103 \u0219ase ani de anchet\u0103 - Buletin de Bucure\u0219ti","description":"ICCJ a returnat la DNA dosarul privind frauda de 3,4 milioane de euro de la Complexul Caraiman, aflat \u00een subordinea Prim\u0103riei Sectorului 1.","robots":{"index":"index","follow":"follow","max-snippet":"max-snippet:-1","max-image-preview":"max-image-preview:large","max-video-preview":"max-video-preview:-1"},"canonical":"https:\/\/buletin.de\/bucuresti\/inalta-curte-a-returnat-la-dna-dosarul-privind-frauda-de-34-milioane-de-euro-de-la-complexul-caraiman-aflat-in-subordinea-primariei-sectorului-1-dupa-sase-ani-de-ancheta\/","og_locale":"en_GB","og_type":"article","og_title":"\u00cenalta Curte a returnat la DNA dosarul privind frauda de 3,4 milioane de euro de la Complexul Caraiman, aflat \u00een subordinea Prim\u0103riei Sectorului 1, dup\u0103 \u0219ase ani de anchet\u0103","og_description":"ICCJ a returnat la DNA dosarul privind frauda de 3,4 milioane de euro de la Complexul Caraiman, aflat \u00een subordinea Prim\u0103riei Sectorului 1.","og_url":"https:\/\/buletin.de\/bucuresti\/inalta-curte-a-returnat-la-dna-dosarul-privind-frauda-de-34-milioane-de-euro-de-la-complexul-caraiman-aflat-in-subordinea-primariei-sectorului-1-dupa-sase-ani-de-ancheta\/","og_site_name":"Buletin de Bucure\u0219ti","article_publisher":"https:\/\/www.facebook.com\/buletin.de.buc","article_published_time":"2026-03-13T11:35:18+00:00","article_modified_time":"2026-03-13T11:37:56+00:00","og_image":[{"width":1600,"height":1199,"url":"https:\/\/buletin.de\/bucuresti\/wp-content\/uploads\/2026\/03\/iuliagomes.jpeg","type":"image\/jpeg"}],"author":"R\u0103zvan Chiru\u021b\u0103","twitter_card":"summary_large_image","twitter_misc":{"Written by":"R\u0103zvan Chiru\u021b\u0103","Estimated reading time":"3 minutes"},"schema":{"@context":"https:\/\/schema.org","@graph":[{"@type":"Article","@id":"https:\/\/buletin.de\/bucuresti\/inalta-curte-a-returnat-la-dna-dosarul-privind-frauda-de-34-milioane-de-euro-de-la-complexul-caraiman-aflat-in-subordinea-primariei-sectorului-1-dupa-sase-ani-de-ancheta\/#article","isPartOf":{"@id":"https:\/\/buletin.de\/bucuresti\/inalta-curte-a-returnat-la-dna-dosarul-privind-frauda-de-34-milioane-de-euro-de-la-complexul-caraiman-aflat-in-subordinea-primariei-sectorului-1-dupa-sase-ani-de-ancheta\/"},"author":{"name":"R\u0103zvan Chiru\u021b\u0103","@id":"https:\/\/buletin.de\/bucuresti\/#\/schema\/person\/a76df728dfc913795a9d90e346b253bb"},"headline":"\u00cenalta Curte a returnat la DNA dosarul privind frauda de 3,4 milioane de euro de la Complexul Caraiman, aflat \u00een subordinea Prim\u0103riei Sectorului 1, dup\u0103 \u0219ase ani de anchet\u0103","datePublished":"2026-03-13T11:35:18+00:00","dateModified":"2026-03-13T11:37:56+00:00","mainEntityOfPage":{"@id":"https:\/\/buletin.de\/bucuresti\/inalta-curte-a-returnat-la-dna-dosarul-privind-frauda-de-34-milioane-de-euro-de-la-complexul-caraiman-aflat-in-subordinea-primariei-sectorului-1-dupa-sase-ani-de-ancheta\/"},"wordCount":705,"publisher":{"@id":"https:\/\/buletin.de\/bucuresti\/#organization"},"image":{"@id":"https:\/\/buletin.de\/bucuresti\/inalta-curte-a-returnat-la-dna-dosarul-privind-frauda-de-34-milioane-de-euro-de-la-complexul-caraiman-aflat-in-subordinea-primariei-sectorului-1-dupa-sase-ani-de-ancheta\/#primaryimage"},"thumbnailUrl":"https:\/\/buletin.de\/bucuresti\/wp-content\/uploads\/2026\/03\/iuliagomes.jpeg","keywords":["complexul caraiman","daniel tudorache","dna","iulia gomes","Sector 1"],"articleSection":["Articole","Eveniment","Main"],"inLanguage":"en-GB","copyrightYear":"2026","copyrightHolder":{"@id":"https:\/\/buletin.de\/bucuresti\/#organization"}},{"@type":"WebPage","@id":"https:\/\/buletin.de\/bucuresti\/inalta-curte-a-returnat-la-dna-dosarul-privind-frauda-de-34-milioane-de-euro-de-la-complexul-caraiman-aflat-in-subordinea-primariei-sectorului-1-dupa-sase-ani-de-ancheta\/","url":"https:\/\/buletin.de\/bucuresti\/inalta-curte-a-returnat-la-dna-dosarul-privind-frauda-de-34-milioane-de-euro-de-la-complexul-caraiman-aflat-in-subordinea-primariei-sectorului-1-dupa-sase-ani-de-ancheta\/","name":"\u00cenalta Curte a returnat la DNA dosarul privind frauda de 3,4 milioane de euro de la Complexul Caraiman, aflat \u00een subordinea Prim\u0103riei Sectorului 1, dup\u0103 \u0219ase ani de anchet\u0103 - Buletin de Bucure\u0219ti","isPartOf":{"@id":"https:\/\/buletin.de\/bucuresti\/#website"},"primaryImageOfPage":{"@id":"https:\/\/buletin.de\/bucuresti\/inalta-curte-a-returnat-la-dna-dosarul-privind-frauda-de-34-milioane-de-euro-de-la-complexul-caraiman-aflat-in-subordinea-primariei-sectorului-1-dupa-sase-ani-de-ancheta\/#primaryimage"},"image":{"@id":"https:\/\/buletin.de\/bucuresti\/inalta-curte-a-returnat-la-dna-dosarul-privind-frauda-de-34-milioane-de-euro-de-la-complexul-caraiman-aflat-in-subordinea-primariei-sectorului-1-dupa-sase-ani-de-ancheta\/#primaryimage"},"thumbnailUrl":"https:\/\/buletin.de\/bucuresti\/wp-content\/uploads\/2026\/03\/iuliagomes.jpeg","datePublished":"2026-03-13T11:35:18+00:00","dateModified":"2026-03-13T11:37:56+00:00","description":"ICCJ a returnat la DNA dosarul privind frauda de 3,4 milioane de euro de la Complexul Caraiman, aflat \u00een subordinea Prim\u0103riei Sectorului 1.","breadcrumb":{"@id":"https:\/\/buletin.de\/bucuresti\/inalta-curte-a-returnat-la-dna-dosarul-privind-frauda-de-34-milioane-de-euro-de-la-complexul-caraiman-aflat-in-subordinea-primariei-sectorului-1-dupa-sase-ani-de-ancheta\/#breadcrumb"},"inLanguage":"en-GB","potentialAction":[{"@type":"ReadAction","target":["https:\/\/buletin.de\/bucuresti\/inalta-curte-a-returnat-la-dna-dosarul-privind-frauda-de-34-milioane-de-euro-de-la-complexul-caraiman-aflat-in-subordinea-primariei-sectorului-1-dupa-sase-ani-de-ancheta\/"]}]},{"@type":"ImageObject","inLanguage":"en-GB","@id":"https:\/\/buletin.de\/bucuresti\/inalta-curte-a-returnat-la-dna-dosarul-privind-frauda-de-34-milioane-de-euro-de-la-complexul-caraiman-aflat-in-subordinea-primariei-sectorului-1-dupa-sase-ani-de-ancheta\/#primaryimage","url":"https:\/\/buletin.de\/bucuresti\/wp-content\/uploads\/2026\/03\/iuliagomes.jpeg","contentUrl":"https:\/\/buletin.de\/bucuresti\/wp-content\/uploads\/2026\/03\/iuliagomes.jpeg","width":1600,"height":1199,"caption":"Iulia Gomes, fosta directoare a Complexului Caraiman. Foto: FB Iulia Gomes"},{"@type":"BreadcrumbList","@id":"https:\/\/buletin.de\/bucuresti\/inalta-curte-a-returnat-la-dna-dosarul-privind-frauda-de-34-milioane-de-euro-de-la-complexul-caraiman-aflat-in-subordinea-primariei-sectorului-1-dupa-sase-ani-de-ancheta\/#breadcrumb","itemListElement":[{"@type":"ListItem","position":1,"name":"Acas\u0103","item":"https:\/\/buletin.de\/bucuresti\/"},{"@type":"ListItem","position":2,"name":"\u00cenalta Curte a returnat la DNA dosarul privind frauda de 3,4 milioane de euro de la Complexul Caraiman, aflat \u00een subordinea Prim\u0103riei Sectorului 1, dup\u0103 \u0219ase ani de anchet\u0103"}]},{"@type":"WebSite","@id":"https:\/\/buletin.de\/bucuresti\/#website","url":"https:\/\/buletin.de\/bucuresti\/","name":"Buletin de Bucure\u0219ti","description":"\u0218tiri \u0219i investiga\u021bii esen\u021biale din capital\u0103","publisher":{"@id":"https:\/\/buletin.de\/bucuresti\/#organization"},"potentialAction":[{"@type":"SearchAction","target":{"@type":"EntryPoint","urlTemplate":"https:\/\/buletin.de\/bucuresti\/?s={search_term_string}"},"query-input":{"@type":"PropertyValueSpecification","valueRequired":true,"valueName":"search_term_string"}}],"inLanguage":"en-GB"},{"@type":"Organization","@id":"https:\/\/buletin.de\/bucuresti\/#organization","name":"Buletin de Bucure\u0219ti","url":"https:\/\/buletin.de\/bucuresti\/","logo":{"@type":"ImageObject","inLanguage":"en-GB","@id":"https:\/\/buletin.de\/bucuresti\/#\/schema\/logo\/image\/","url":"https:\/\/buletin.de\/bucuresti\/wp-content\/uploads\/logo-bdb-full-wide-vernil-transparent.png","contentUrl":"https:\/\/buletin.de\/bucuresti\/wp-content\/uploads\/logo-bdb-full-wide-vernil-transparent.png","width":1782,"height":626,"caption":"Buletin de Bucure\u0219ti"},"image":{"@id":"https:\/\/buletin.de\/bucuresti\/#\/schema\/logo\/image\/"},"sameAs":["https:\/\/www.facebook.com\/buletin.de.buc","https:\/\/www.instagram.com\/buletinde.bucuresti\/"]},{"@type":"Person","@id":"https:\/\/buletin.de\/bucuresti\/#\/schema\/person\/a76df728dfc913795a9d90e346b253bb","name":"R\u0103zvan Chiru\u021b\u0103","image":{"@type":"ImageObject","inLanguage":"en-GB","@id":"https:\/\/buletin.de\/bucuresti\/wp-content\/uploads\/Razvan-Chiruta-96x96.jpge7143b996fd4241fbd6ee1f6b6b7b267","url":"https:\/\/buletin.de\/bucuresti\/wp-content\/uploads\/Razvan-Chiruta-96x96.jpg","contentUrl":"https:\/\/buletin.de\/bucuresti\/wp-content\/uploads\/Razvan-Chiruta-96x96.jpg","caption":"R\u0103zvan Chiru\u021b\u0103"},"description":"R\u0103zvan Chiru\u021b\u0103 este redactor-\u0219ef adjunct din iulie 2024. A fost redactor-\u0219ef al PRESShub \u00eentre 2022 \u0219i iunie 2024. Anterior, a fost redactor-\u0219ef al Newsweek Rom\u00e2nia, din 2018 p\u00e2n\u0103 \u00een 2021, \u0219i al cotidianului Rom\u00e2nia liber\u0103, \u00eentre 2015 \u0219i 2017. Este absolvent de Jurnalism, \u00een cadrul Universit\u0103\u021bii \u201eAl.I.Cuza\u201d din Ia\u0219i, \u0219i a urmat un master \u00een Managementul institu\u021biilor mass-media (f\u0103r\u0103 diserta\u021bie) la Facultatea de Jurnalism \u0219i \u0218tiin\u021bele Comunic\u0103rii din cadrul Universit\u0103\u021bii din Bucure\u0219ti. \u0218i-a \u00eenceput cariera la Opinia studen\u021beasc\u0103, cunoscuta \u0219coal\u0103 de pres\u0103 din Ia\u0219i. A lucrat \u00een presa local\u0103, apoi a devenit corespondent pentru Ia\u0219i al cotidianului Evenimentul Zilei. Din 2004, a coordonat pentru \u0219ase luni sec\u021bia de coresponden\u021bi a Evenimentului Zilei. A mai lucrat la s\u0103pt\u0103m\u00e2nalul Prezent \u0219i a colaborat cu revistele Dilema Veche \u0219i Suplimentul de Cultur\u0103. Este co-autor \u00een volumele \u201eMass-media \u0219i democra\u021bia \u00een Rom\u00e2nia post-comunist\u0103\u201d (ed. a II-a), Ed. Institutul European, Ia\u0219i, 2013, \u0219i \u201eCOVID - 19. Dimensiuni ale gestionarii pandemiei\u201d, Editura Junimea, Ia\u0219i, 2020.","url":"https:\/\/buletin.de\/bucuresti\/author\/razvan-chiruta\/"}]}},"authors":[{"term_id":22582,"user_id":60,"is_guest":0,"slug":"razvan-chiruta","display_name":"R\u0103zvan Chiru\u021b\u0103","avatar_url":"https:\/\/buletin.de\/bucuresti\/wp-content\/uploads\/Razvan-Chiruta-96x96.jpg","0":null,"1":"","2":"","3":"","4":"","5":"","6":"","7":"","8":""}],"_links":{"self":[{"href":"https:\/\/buletin.de\/bucuresti\/wp-json\/wp\/v2\/posts\/180307","targetHints":{"allow":["GET"]}}],"collection":[{"href":"https:\/\/buletin.de\/bucuresti\/wp-json\/wp\/v2\/posts"}],"about":[{"href":"https:\/\/buletin.de\/bucuresti\/wp-json\/wp\/v2\/types\/post"}],"author":[{"embeddable":true,"href":"https:\/\/buletin.de\/bucuresti\/wp-json\/wp\/v2\/users\/60"}],"replies":[{"embeddable":true,"href":"https:\/\/buletin.de\/bucuresti\/wp-json\/wp\/v2\/comments?post=180307"}],"version-history":[{"count":4,"href":"https:\/\/buletin.de\/bucuresti\/wp-json\/wp\/v2\/posts\/180307\/revisions"}],"predecessor-version":[{"id":180334,"href":"https:\/\/buletin.de\/bucuresti\/wp-json\/wp\/v2\/posts\/180307\/revisions\/180334"}],"wp:featuredmedia":[{"embeddable":true,"href":"https:\/\/buletin.de\/bucuresti\/wp-json\/wp\/v2\/media\/180331"}],"wp:attachment":[{"href":"https:\/\/buletin.de\/bucuresti\/wp-json\/wp\/v2\/media?parent=180307"}],"wp:term":[{"taxonomy":"category","embeddable":true,"href":"https:\/\/buletin.de\/bucuresti\/wp-json\/wp\/v2\/categories?post=180307"},{"taxonomy":"post_tag","embeddable":true,"href":"https:\/\/buletin.de\/bucuresti\/wp-json\/wp\/v2\/tags?post=180307"},{"taxonomy":"author","embeddable":true,"href":"https:\/\/buletin.de\/bucuresti\/wp-json\/wp\/v2\/ppma_author?post=180307"}],"curies":[{"name":"wp","href":"https:\/\/api.w.org\/{rel}","templated":true}]}}