{"id":180297,"date":"2026-03-13T15:24:38","date_gmt":"2026-03-13T12:24:38","guid":{"rendered":"https:\/\/buletin.de\/bucuresti\/?p=180297"},"modified":"2026-03-13T19:11:40","modified_gmt":"2026-03-13T16:11:40","slug":"proiectul-platesti-cata-caldura-primesti-initiat-de-daniel-baluta-a-fost-adoptat-de-consiliul-general-cum-ar-urma-sa-fie-redusa-factura","status":"publish","type":"post","link":"https:\/\/buletin.de\/bucuresti\/proiectul-platesti-cata-caldura-primesti-initiat-de-daniel-baluta-a-fost-adoptat-de-consiliul-general-cum-ar-urma-sa-fie-redusa-factura\/","title":{"rendered":"Proiectul \u201ePl\u0103te\u0219ti c\u00e2t\u0103 c\u0103ldur\u0103 prime\u0219ti\u201d, ini\u021biat de Daniel B\u0103lu\u021b\u0103, a fost adoptat de Consiliul General cu modific\u0103ri. Ce s-a schimbat"},"content":{"rendered":"\n<p><strong>Proiectul prin care ar urma s\u0103 se modifice modul cum sunt calculate facturile pentru ap\u0103 cald\u0103 \u0219i c\u0103ldur\u0103, a fost adoptat de Consiliul Local al Municipiului Bucure\u0219ti (CGMB) \u00een \u0219edin\u021ba de vineri, 13 martie. <\/strong><\/p>\n\n\n\n<p>Proiectul prevede refacerea diagrama pentru furnizarea energiei termice c\u0103tre popula\u021bie \u0219i asocia\u021biile de proprietari, astfel \u00eenc\u00e2t \u00een cazul \u00een care energia termic\u0103 nu va fi furnizat\u0103 la temperatura convenit\u0103 contractual, conform diagramei, popula\u021bia are dreptul la diminuarea pre\u021bului conform formulei de calcul stabilit\u0103 prin regulament.<\/p>\n\n\n\n<p>Astfel, Asocia\u021biei de Dezvoltare Intercomunitar\u0103 Termoenergetic\u0103 Bucure\u0219ti-Ilfov (ADIT) a fost \u00eemputernicit\u0103 s\u0103 actualizeze diagrama. <\/p>\n\n\n\n<p>Totu\u0219i, fa\u021b\u0103 de proiectul ini\u021bial, propus de primarul Sectorului 4, Daniel B\u0103lu\u021b\u0103, care prevedea ca schimbarea s\u0103 aib\u0103 loc \u00een 90 de zile de la adoptarea unei hot\u0103r\u00e2ri \u00een acest sens, Consiliul General a decis pe 13 martie s\u0103 se \u00eent\u00e2mple dup\u0103 ce va fi realizat \u00eenainte un studiu, timp de jum\u0103tate de an, pentru a g\u0103si solu\u021bia cea mai eficient\u0103.<\/p>\n\n\n\n<p>Pe de alt\u0103 parte, \u00een condi\u021biile \u00een care exist\u0103 deja un mecanism prin care facturile sunt reduse \u00een func\u021bie de temperatura livrat\u0103 c\u0103tre locuin\u021be, Consiliul General a respins propunerea f\u0103cut\u0103 de Daniel B\u0103lu\u021b\u0103 s\u0103 fie creat altul \u0219i a votat ca ADIT s\u0103 verifice cum func\u021bioneaz\u0103 cel vechi.<\/p>\n\n\n\n<p><strong><a href=\"https:\/\/doc.pmb.ro\/consiliu\/sedinte\/574\/oz\/13218.pdf\" type=\"link\" id=\"https:\/\/doc.pmb.ro\/consiliu\/sedinte\/574\/oz\/13218.pdf\" target=\"_blank\" rel=\"noreferrer noopener\">Proiectul de hot\u0103r\u00e2re<\/a> a fost votat cu 40 de voturi pentru, 12 ab\u021bineri \u0219i 0 voturi \u00eempotriv\u0103, dup\u0103 ce de dou\u0103 ori a fost am\u00e2nat\u0103, din lips\u0103 de cvorum.<\/strong><\/p>\n\n\n\n<h2 class=\"wp-block-heading\" id=\"h-diagrama-de-reglaj-va-fi-elaborata-in-cel-pu\u021bin-6-luni\">Diagrama de reglaj va fi elaborat\u0103 \u00een cel pu\u021bin 6 luni<\/h2>\n\n\n\n<p>\u00cen cadrul \u0219edin\u021bei, Ovidiu Zara, consilierul general din partea partidului AUR a \u00eentrebat care va fi termenul pentru finalizarea reglajului. Conform informa\u021biilor de directorul Termoenergetica, diagrama de reglaj urmeaz\u0103 s\u0103 fie elaborat\u0103, \u00een cel mai fericit caz, \u00eentr-un termen de 6 luni. <\/p>\n\n\n\n<p><strong>\u201eReferitor la termenul \u00een care se poate realiza acest reglaj, presupunem c\u0103 este unul de minim 6 luni, cel mai optimist termen. Aceast\u0103 diagram\u0103 de reglaj exist\u0103, ea trebuie s\u0103 fie actualizat\u0103 dup\u0103 caz. Actualizarea se face \u00een func\u021bie de num\u0103rul de blocuri anvelopate, de temperaturile exterioare constatate. Este o diagram\u0103 reglementat\u0103, prev\u0103zut\u0103 de ANRE. Este \u00een sarcina ADITBI s\u0103 realizeze aceast\u0103 diagram\u0103 de reglaje. Datoria noastr\u0103 ca \u0219i Termoenergetica este s\u0103 pun\u0103 la dispozi\u021bie toate datele de care are nevoie\u201d, a declarat directorul Termoenergetica<\/strong>. <\/p>\n\n\n\n<p>Pe l\u00e2ng\u0103 actualizare diagramei de reglaj, proiectul de hot\u0103r\u00e2re prevede \u0219i \u00eemputernicirea ADI Termoenergetica pentru verificarea modului \u00een care se aloc\u0103 desp\u0103gubirile c\u0103tre bucure\u0219tenii care nu au primit agentul termic conform contractului. <\/p>\n\n\n\n<ul class=\"wp-block-list\">\n<li><strong>Se \u00eemputernice\u0219te Asocia\u021bia de Dezvoltare Intercomunitar\u0103 Termoenergetic\u0103 Bucure\u0219ti-llfov s\u0103 verifice procedura instituit\u0103 prin art. 292 din Anexa nr. 1 la contractului de Delegare &#8211; \u201eRegulamentul Serviciului Public de Alimentare cu Energie Termic\u0103 \u00een arealul deservit de Asocia\u021bia de Dezvoltare Intercomunitar\u0103 Termoenergetic\u0103 Bucure\u0219ti-llfov\u201d, aprobat prin HCGMB nr. 625\/2019, privind modul \u00een care se realizeaz\u0103 acordarea de desp\u0103gubiri pentru utilizatorii fa\u021b\u0103 de care nu au fost respectate prevederile contractuale referitoare la calitatea energiei termice furnizate \u0219i la continuitatea serviciului prestat.<\/strong><\/li>\n<\/ul>\n\n\n\n<p><strong>CITE\u0218TE \u0218I <a href=\"https:\/\/buletin.de\/bucuresti\/testul-lui-ciucu-la-o-noua-sedinta-cgmb-proiectele-cu-scandal-din-nou-pe-ordinea-de-zi\/\" type=\"post\" id=\"180271\">LIVETEXT | \u201eTestul\u201d lui Ciucu, la o nou\u0103 \u0219edin\u0163\u0103 CGMB: Proiectele \u201ecu scandal\u201d sunt puse din nou pe ordinea de zi<\/a><\/strong><\/p>\n\n\n\n<h2 class=\"wp-block-heading\" id=\"h-scandal-pe-tema-proiectului-de-hotarare\">Scandal pe tema proiectului de hot\u0103r\u00e2re<\/h2>\n\n\n\n<p>Proiectul ar fi trebuit s\u0103 fie dezb\u0103tut \u0219i votat \u00een cadrul \u0219edin\u021bei din data de 24 februarie 2026. Cu toate astea, din cauza num\u0103rului mic de consilieri prezen\u021bi, doar 28 din 55, nu a fost \u00eentrunit cvorumul de \u0219edin\u021b\u0103, iar proiectul ini\u021biat de Daniel B\u0103lu\u021b\u0103 nu a putut fi votat. <\/p>\n\n\n\n<p>\u00cen acest context, a izbucnit un scandal \u00een Consiliul General. <\/p>\n\n\n\n<p>La momentul respectiv, pre\u0219edintele PSD Bucure\u0219ti, Daniel B\u0103lu\u021b\u0103, a declarat c\u0103 aceast\u0103 nedreptate trebuie s\u0103 fie remediat\u0103 \u0219i a acuzat edilul Capitalei \u0219i aparatul de specialitate al acestuia c\u0103 nu au respectat legea.<\/p>\n\n\n\n<p><strong><em>\u201eA\u0219a cu statul \u0219tie s\u0103 impun\u0103 taxe \u0219i impozite, tot a\u0219a este normal s\u0103 facem dreptate. Nu avem cum s\u0103 facem dreptate cu oameni care \u00ee\u0219i folosesc toat\u0103 energia pentru a bloca ini\u021biative de genul acesta. Spun asta pentru c\u0103 \u00een acest ora\u0219 apa cald\u0103 este pentru to\u021bi. \u0218i pentru cei care voteaz\u0103, \u0219i pentru cei care nu voteaz\u0103, \u0219i pentru cei de st\u00e2nga sau de dreapta. Vorbind despre dreapta, unde este dreapta atunci c\u00e2nd este vorba de dreptate? Nu este prezent\u0103.<\/em><\/strong><\/p>\n\n\n\n<p><em><strong>Cu foarte mult\u0103 triste\u021be v\u0103 spun c\u0103 ast\u0103zi cl\u0103direa Prim\u0103riei Municipiului Bucure\u0219ti, o cl\u0103dire care ar trebui s\u0103 apar\u021bin\u0103 bucure\u0219tenilor, s-a transformat \u00een castelul grofului Ciprian Ciucu \u0219i al celor care nu doresc s\u0103 respecte legea\u201d, declara la momentul respectiv Daniel B\u0103lu\u021b\u0103.<\/strong><\/em><\/p>\n\n\n\n<p><strong>CITE\u0218TE \u0218I <a href=\"https:\/\/buletin.de\/bucuresti\/scandal-in-consiliul-general-cu-amenintari-de-plangeri-penale\/\" type=\"post\" id=\"176331\">Scandal \u00een Consiliul General cu amenin\u021b\u0103ri de pl\u00e2ngeri penale. Daniel B\u0103lu\u021b\u0103 \u00eel acuz\u0103 pe Ciprian Ciucu c\u0103 blocheaz\u0103 proiectul \u201ePl\u0103te\u0219ti c\u00e2t\u0103 c\u0103ldur\u0103 prime\u0219ti\u201d<\/a><\/strong><\/p>\n\n\n\n<h2 class=\"wp-block-heading\" id=\"h-patru-\u0219edin\u021be-amanate-\u0219i-proiecte-blocate\">Patru \u0219edin\u021be am\u00e2nate \u0219i proiecte blocate<\/h2>\n\n\n\n<p>Dup\u0103 disputa din data 24 februarie, consilierii din partidele PSD, AUR \u0219i PUSL au intrat in grev\u0103 \u0219i nu s-au prezentat \u00een cadrul \u0219edin\u021belor de consiliu. Proiectele pentru Bucure\u0219ti au ajuns astfel c\u0103 fie blocate pentru un total de 4 \u0219edin\u021be: 17 februarie, 24 februarie, 26 februarie \u0219i 6 martie. <\/p>\n\n\n\n<p>La \u0219edin\u021ba din 6 martie au fost prezen\u021bi un total de 24 de consilieri generali prezen\u021bi, din 55, 13 \u00een sal\u0103 \u0219i 11 \u00een online.<\/p>\n\n\n\n<p>\u00cen ceea ce prive\u0219te \u0219edin\u021ba care ar fi trebuit s\u0103 aib\u0103 loc \u00een data de 10 martie, aceasta a fost am\u00e2nat\u0103 pentru ziua de vineri, 13 martie.<\/p>\n\n\n\n<p>\u00cen replic\u0103 Ciucu a transmis c\u0103, de\u0219i a preg\u0103tit reforme pentru reducerea cheltuielilor administrative, acestea au fost blocate. Primarul general i-a numit pe consilierii PSD \u201eiresponsabili\u201d.<\/p>\n\n\n\n<p><strong><em>\u201eEste a treia oar\u0103 consecutiv c\u00e2nd PSD nu se prezint\u0103 la \u0219edin\u021be. Nu putem lucra pentru a pune la punct problemele ora\u0219ului, pentru oameni, pentru a putea demara reforme, investi\u021bii, pentru c\u0103 nu se pot \u021bine. Din motiv de lips\u0103 de cvorum. Consilierii generali PSD sunt iresponsabili\u201d<\/em><\/strong><\/p>\n\n\n\n<p><strong><em>Nivelul de iresponsabilitate la care s-a ajuns este \u00eengrijor\u0103tor! L\u0103sa\u021bi pretextele, l\u0103sa\u021bi grevele din motive inventate\u201d, a declarat edilul.<\/em><\/strong><\/p>\n\n\n\n<p><strong>CITE\u0218TE \u0218I <a href=\"https:\/\/buletin.de\/bucuresti\/ciucu-primaria-capitalei-risca-sa-intre-in-incapacitate-de-plata-primarul-cere-psd-sa-adopte-bugetul-de-stat-pe-2026\/\" type=\"post\" id=\"178610\">Ciucu: Prim\u0103ria Capitalei risc\u0103 s\u0103 intre \u00een incapacitate de plat\u0103. Primarul cere PSD s\u0103 adopte bugetul de stat pe 2026<\/a><\/strong><\/p>\n","protected":false},"excerpt":{"rendered":"<p>Proiectul prin care ar urma s\u0103 se modifice modul cum sunt calculate facturile pentru ap\u0103 cald\u0103 \u0219i c\u0103ldur\u0103, a fost adoptat de Consiliul Local al Municipiului Bucure\u0219ti (CGMB) \u00een \u0219edin\u021ba de vineri, 13 martie. Proiectul prevede refacerea diagrama pentru furnizarea energiei termice c\u0103tre popula\u021bie \u0219i asocia\u021biile de proprietari, astfel \u00eenc\u00e2t \u00een cazul \u00een care energia [&hellip;]<\/p>\n","protected":false},"author":66,"featured_media":180313,"comment_status":"closed","ping_status":"open","sticky":false,"template":"","format":"standard","meta":{"_acf_changed":false,"inline_featured_image":false,"ngg_post_thumbnail":0,"footnotes":""},"categories":[6994,24,62],"tags":[148,2120,26701,4381,288],"ppma_author":[26103],"class_list":["post-180297","post","type-post","status-publish","format-standard","has-post-thumbnail","hentry","category-stiri-2","category-primarie","category-stiri","tag-cgmb","tag-daniel-baluta-2","tag-facturi-caldura","tag-proiect-de-hotarare","tag-termoficare"],"acf":[],"yoast_head":"<!-- This site is optimized with the Yoast SEO Premium plugin v25.3 (Yoast SEO v27.4) - https:\/\/yoast.com\/product\/yoast-seo-premium-wordpress\/ -->\n<title>Proiectul \u201ePl\u0103te\u0219ti c\u00e2t\u0103 c\u0103ldur\u0103 prime\u0219ti\u201d, ini\u021biat de Daniel B\u0103lu\u021b\u0103, a fost adoptat de Consiliul General cu modific\u0103ri. Ce s-a schimbat - Buletin de Bucure\u0219ti<\/title>\n<meta name=\"description\" content=\"Proiectul pentru reducerea facturilor pe care bucure\u0219tenii le pl\u0103tesc la c\u0103ldur\u0103 \u201ePl\u0103te\u0219ti c\u00e2t\u0103 c\u0103ldur\u0103 prime\u0219ti\u201d, a fost adoptat de CGMB.\" \/>\n<meta name=\"robots\" content=\"index, follow, max-snippet:-1, max-image-preview:large, max-video-preview:-1\" \/>\n<link rel=\"canonical\" href=\"https:\/\/buletin.de\/bucuresti\/proiectul-platesti-cata-caldura-primesti-initiat-de-daniel-baluta-a-fost-adoptat-de-consiliul-general-cum-ar-urma-sa-fie-redusa-factura\/\" \/>\n<meta property=\"og:locale\" content=\"en_GB\" \/>\n<meta property=\"og:type\" content=\"article\" \/>\n<meta property=\"og:title\" content=\"Proiectul \u201ePl\u0103te\u0219ti c\u00e2t\u0103 c\u0103ldur\u0103 prime\u0219ti\u201d, ini\u021biat de Daniel B\u0103lu\u021b\u0103, a fost adoptat de Consiliul General cu modific\u0103ri. Ce s-a schimbat\" \/>\n<meta property=\"og:description\" content=\"Proiectul pentru reducerea facturilor pe care bucure\u0219tenii le pl\u0103tesc la c\u0103ldur\u0103 \u201ePl\u0103te\u0219ti c\u00e2t\u0103 c\u0103ldur\u0103 prime\u0219ti\u201d, a fost adoptat de CGMB.\" \/>\n<meta property=\"og:url\" content=\"https:\/\/buletin.de\/bucuresti\/proiectul-platesti-cata-caldura-primesti-initiat-de-daniel-baluta-a-fost-adoptat-de-consiliul-general-cum-ar-urma-sa-fie-redusa-factura\/\" \/>\n<meta property=\"og:site_name\" content=\"Buletin de Bucure\u0219ti\" \/>\n<meta property=\"article:publisher\" content=\"https:\/\/www.facebook.com\/buletin.de.buc\" \/>\n<meta property=\"article:published_time\" content=\"2026-03-13T12:24:38+00:00\" \/>\n<meta property=\"article:modified_time\" content=\"2026-03-13T16:11:40+00:00\" \/>\n<meta property=\"og:image\" content=\"https:\/\/buletin.de\/bucuresti\/wp-content\/uploads\/2026\/03\/WhatsApp-Image-2026-03-13-at-13.07.04.jpeg\" \/>\n\t<meta property=\"og:image:width\" content=\"1920\" \/>\n\t<meta property=\"og:image:height\" content=\"1080\" \/>\n\t<meta property=\"og:image:type\" content=\"image\/jpeg\" \/>\n<meta name=\"author\" content=\"Deniz Garguli\" \/>\n<meta name=\"twitter:card\" content=\"summary_large_image\" \/>\n<meta name=\"twitter:label1\" content=\"Written by\" \/>\n\t<meta name=\"twitter:data1\" content=\"Deniz Garguli\" \/>\n\t<meta name=\"twitter:label2\" content=\"Estimated reading time\" \/>\n\t<meta name=\"twitter:data2\" content=\"5 minutes\" \/>\n<script type=\"application\/ld+json\" class=\"yoast-schema-graph\">{\"@context\":\"https:\\\/\\\/schema.org\",\"@graph\":[{\"@type\":\"Article\",\"@id\":\"https:\\\/\\\/buletin.de\\\/bucuresti\\\/proiectul-platesti-cata-caldura-primesti-initiat-de-daniel-baluta-a-fost-adoptat-de-consiliul-general-cum-ar-urma-sa-fie-redusa-factura\\\/#article\",\"isPartOf\":{\"@id\":\"https:\\\/\\\/buletin.de\\\/bucuresti\\\/proiectul-platesti-cata-caldura-primesti-initiat-de-daniel-baluta-a-fost-adoptat-de-consiliul-general-cum-ar-urma-sa-fie-redusa-factura\\\/\"},\"author\":{\"name\":\"Deniz Garguli\",\"@id\":\"https:\\\/\\\/buletin.de\\\/bucuresti\\\/#\\\/schema\\\/person\\\/8badd0805392c02e16b744e0d5cd3625\"},\"headline\":\"Proiectul \u201ePl\u0103te\u0219ti c\u00e2t\u0103 c\u0103ldur\u0103 prime\u0219ti\u201d, ini\u021biat de Daniel B\u0103lu\u021b\u0103, a fost adoptat de Consiliul General cu modific\u0103ri. Ce s-a schimbat\",\"datePublished\":\"2026-03-13T12:24:38+00:00\",\"dateModified\":\"2026-03-13T16:11:40+00:00\",\"mainEntityOfPage\":{\"@id\":\"https:\\\/\\\/buletin.de\\\/bucuresti\\\/proiectul-platesti-cata-caldura-primesti-initiat-de-daniel-baluta-a-fost-adoptat-de-consiliul-general-cum-ar-urma-sa-fie-redusa-factura\\\/\"},\"wordCount\":1078,\"publisher\":{\"@id\":\"https:\\\/\\\/buletin.de\\\/bucuresti\\\/#organization\"},\"image\":{\"@id\":\"https:\\\/\\\/buletin.de\\\/bucuresti\\\/proiectul-platesti-cata-caldura-primesti-initiat-de-daniel-baluta-a-fost-adoptat-de-consiliul-general-cum-ar-urma-sa-fie-redusa-factura\\\/#primaryimage\"},\"thumbnailUrl\":\"https:\\\/\\\/buletin.de\\\/bucuresti\\\/wp-content\\\/uploads\\\/2026\\\/03\\\/WhatsApp-Image-2026-03-13-at-13.07.04.jpeg\",\"keywords\":[\"cgmb\",\"Daniel B\u0103lu\u021b\u0103\",\"Facturi c\u0103ldur\u0103\",\"proiect de hot\u0103r\u00e2re\",\"termoficare\"],\"articleSection\":[\"Articole\",\"Prim\u0103rie\",\"\u0218tiri\"],\"inLanguage\":\"en-GB\",\"copyrightYear\":\"2026\",\"copyrightHolder\":{\"@id\":\"https:\\\/\\\/buletin.de\\\/bucuresti\\\/#organization\"}},{\"@type\":\"WebPage\",\"@id\":\"https:\\\/\\\/buletin.de\\\/bucuresti\\\/proiectul-platesti-cata-caldura-primesti-initiat-de-daniel-baluta-a-fost-adoptat-de-consiliul-general-cum-ar-urma-sa-fie-redusa-factura\\\/\",\"url\":\"https:\\\/\\\/buletin.de\\\/bucuresti\\\/proiectul-platesti-cata-caldura-primesti-initiat-de-daniel-baluta-a-fost-adoptat-de-consiliul-general-cum-ar-urma-sa-fie-redusa-factura\\\/\",\"name\":\"Proiectul \u201ePl\u0103te\u0219ti c\u00e2t\u0103 c\u0103ldur\u0103 prime\u0219ti\u201d, ini\u021biat de Daniel B\u0103lu\u021b\u0103, a fost adoptat de Consiliul General cu modific\u0103ri. Ce s-a schimbat - Buletin de Bucure\u0219ti\",\"isPartOf\":{\"@id\":\"https:\\\/\\\/buletin.de\\\/bucuresti\\\/#website\"},\"primaryImageOfPage\":{\"@id\":\"https:\\\/\\\/buletin.de\\\/bucuresti\\\/proiectul-platesti-cata-caldura-primesti-initiat-de-daniel-baluta-a-fost-adoptat-de-consiliul-general-cum-ar-urma-sa-fie-redusa-factura\\\/#primaryimage\"},\"image\":{\"@id\":\"https:\\\/\\\/buletin.de\\\/bucuresti\\\/proiectul-platesti-cata-caldura-primesti-initiat-de-daniel-baluta-a-fost-adoptat-de-consiliul-general-cum-ar-urma-sa-fie-redusa-factura\\\/#primaryimage\"},\"thumbnailUrl\":\"https:\\\/\\\/buletin.de\\\/bucuresti\\\/wp-content\\\/uploads\\\/2026\\\/03\\\/WhatsApp-Image-2026-03-13-at-13.07.04.jpeg\",\"datePublished\":\"2026-03-13T12:24:38+00:00\",\"dateModified\":\"2026-03-13T16:11:40+00:00\",\"description\":\"Proiectul pentru reducerea facturilor pe care bucure\u0219tenii le pl\u0103tesc la c\u0103ldur\u0103 \u201ePl\u0103te\u0219ti c\u00e2t\u0103 c\u0103ldur\u0103 prime\u0219ti\u201d, a fost adoptat de CGMB.\",\"breadcrumb\":{\"@id\":\"https:\\\/\\\/buletin.de\\\/bucuresti\\\/proiectul-platesti-cata-caldura-primesti-initiat-de-daniel-baluta-a-fost-adoptat-de-consiliul-general-cum-ar-urma-sa-fie-redusa-factura\\\/#breadcrumb\"},\"inLanguage\":\"en-GB\",\"potentialAction\":[{\"@type\":\"ReadAction\",\"target\":[\"https:\\\/\\\/buletin.de\\\/bucuresti\\\/proiectul-platesti-cata-caldura-primesti-initiat-de-daniel-baluta-a-fost-adoptat-de-consiliul-general-cum-ar-urma-sa-fie-redusa-factura\\\/\"]}]},{\"@type\":\"ImageObject\",\"inLanguage\":\"en-GB\",\"@id\":\"https:\\\/\\\/buletin.de\\\/bucuresti\\\/proiectul-platesti-cata-caldura-primesti-initiat-de-daniel-baluta-a-fost-adoptat-de-consiliul-general-cum-ar-urma-sa-fie-redusa-factura\\\/#primaryimage\",\"url\":\"https:\\\/\\\/buletin.de\\\/bucuresti\\\/wp-content\\\/uploads\\\/2026\\\/03\\\/WhatsApp-Image-2026-03-13-at-13.07.04.jpeg\",\"contentUrl\":\"https:\\\/\\\/buletin.de\\\/bucuresti\\\/wp-content\\\/uploads\\\/2026\\\/03\\\/WhatsApp-Image-2026-03-13-at-13.07.04.jpeg\",\"width\":1920,\"height\":1080,\"caption\":\"Proiectul \u201ePl\u0103te\u0219ti c\u00e2t\u0103 c\u0103ldur\u0103 prime\u0219ti\u201d, ini\u021biat de Daniel B\u0103lu\u021b\u0103 a fost adoptat de Consiliul General. FOTO: PMB\\\/FB\"},{\"@type\":\"BreadcrumbList\",\"@id\":\"https:\\\/\\\/buletin.de\\\/bucuresti\\\/proiectul-platesti-cata-caldura-primesti-initiat-de-daniel-baluta-a-fost-adoptat-de-consiliul-general-cum-ar-urma-sa-fie-redusa-factura\\\/#breadcrumb\",\"itemListElement\":[{\"@type\":\"ListItem\",\"position\":1,\"name\":\"Acas\u0103\",\"item\":\"https:\\\/\\\/buletin.de\\\/bucuresti\\\/\"},{\"@type\":\"ListItem\",\"position\":2,\"name\":\"Proiectul \u201ePl\u0103te\u0219ti c\u00e2t\u0103 c\u0103ldur\u0103 prime\u0219ti\u201d, ini\u021biat de Daniel B\u0103lu\u021b\u0103, a fost adoptat de Consiliul General cu modific\u0103ri. Ce s-a schimbat\"}]},{\"@type\":\"WebSite\",\"@id\":\"https:\\\/\\\/buletin.de\\\/bucuresti\\\/#website\",\"url\":\"https:\\\/\\\/buletin.de\\\/bucuresti\\\/\",\"name\":\"Buletin de Bucure\u0219ti\",\"description\":\"\u0218tiri \u0219i investiga\u021bii esen\u021biale din capital\u0103\",\"publisher\":{\"@id\":\"https:\\\/\\\/buletin.de\\\/bucuresti\\\/#organization\"},\"potentialAction\":[{\"@type\":\"SearchAction\",\"target\":{\"@type\":\"EntryPoint\",\"urlTemplate\":\"https:\\\/\\\/buletin.de\\\/bucuresti\\\/?s={search_term_string}\"},\"query-input\":{\"@type\":\"PropertyValueSpecification\",\"valueRequired\":true,\"valueName\":\"search_term_string\"}}],\"inLanguage\":\"en-GB\"},{\"@type\":\"Organization\",\"@id\":\"https:\\\/\\\/buletin.de\\\/bucuresti\\\/#organization\",\"name\":\"Buletin de Bucure\u0219ti\",\"url\":\"https:\\\/\\\/buletin.de\\\/bucuresti\\\/\",\"logo\":{\"@type\":\"ImageObject\",\"inLanguage\":\"en-GB\",\"@id\":\"https:\\\/\\\/buletin.de\\\/bucuresti\\\/#\\\/schema\\\/logo\\\/image\\\/\",\"url\":\"https:\\\/\\\/buletin.de\\\/bucuresti\\\/wp-content\\\/uploads\\\/logo-bdb-full-wide-vernil-transparent.png\",\"contentUrl\":\"https:\\\/\\\/buletin.de\\\/bucuresti\\\/wp-content\\\/uploads\\\/logo-bdb-full-wide-vernil-transparent.png\",\"width\":1782,\"height\":626,\"caption\":\"Buletin de Bucure\u0219ti\"},\"image\":{\"@id\":\"https:\\\/\\\/buletin.de\\\/bucuresti\\\/#\\\/schema\\\/logo\\\/image\\\/\"},\"sameAs\":[\"https:\\\/\\\/www.facebook.com\\\/buletin.de.buc\",\"https:\\\/\\\/www.instagram.com\\\/buletinde.bucuresti\\\/\"]},{\"@type\":\"Person\",\"@id\":\"https:\\\/\\\/buletin.de\\\/bucuresti\\\/#\\\/schema\\\/person\\\/8badd0805392c02e16b744e0d5cd3625\",\"name\":\"Deniz Garguli\",\"image\":{\"@type\":\"ImageObject\",\"inLanguage\":\"en-GB\",\"@id\":\"https:\\\/\\\/buletin.de\\\/bucuresti\\\/wp-content\\\/uploads\\\/2026\\\/01\\\/79b44b20-a270-4ee6-afb3-fdf3c7ef7782-96x96.jpege2491ce6d396dbf7c1362e9ef046c803\",\"url\":\"https:\\\/\\\/buletin.de\\\/bucuresti\\\/wp-content\\\/uploads\\\/2026\\\/01\\\/79b44b20-a270-4ee6-afb3-fdf3c7ef7782-96x96.jpeg\",\"contentUrl\":\"https:\\\/\\\/buletin.de\\\/bucuresti\\\/wp-content\\\/uploads\\\/2026\\\/01\\\/79b44b20-a270-4ee6-afb3-fdf3c7ef7782-96x96.jpeg\",\"caption\":\"Deniz Garguli\"},\"description\":\"N\u0103scut\u0103 \u0219i crescut\u0103 \u00een Capital\u0103, dorin\u021ba de a fi la curent cu tot ce se \u00eent\u00e2mpl\u0103 \u00een Bucure\u0219ti a \u00eempins-o c\u0103tre pres\u0103, mai cu seam\u0103 c\u0103tre cea local\u0103. A lucrat vreme de patru ani la B365, unde s-a ocupat de \u0219tiri despre ora\u0219 \u0219i oamenii care locuiesc \u00een el. Din 2026 s-a al\u0103turat echipei Buletin de Bucure\u0219ti.\",\"url\":\"https:\\\/\\\/buletin.de\\\/bucuresti\\\/author\\\/deniz-garguli\\\/\"}]}<\/script>\n<!-- \/ Yoast SEO Premium plugin. -->","yoast_head_json":{"title":"Proiectul \u201ePl\u0103te\u0219ti c\u00e2t\u0103 c\u0103ldur\u0103 prime\u0219ti\u201d, ini\u021biat de Daniel B\u0103lu\u021b\u0103, a fost adoptat de Consiliul General cu modific\u0103ri. Ce s-a schimbat - Buletin de Bucure\u0219ti","description":"Proiectul pentru reducerea facturilor pe care bucure\u0219tenii le pl\u0103tesc la c\u0103ldur\u0103 \u201ePl\u0103te\u0219ti c\u00e2t\u0103 c\u0103ldur\u0103 prime\u0219ti\u201d, a fost adoptat de CGMB.","robots":{"index":"index","follow":"follow","max-snippet":"max-snippet:-1","max-image-preview":"max-image-preview:large","max-video-preview":"max-video-preview:-1"},"canonical":"https:\/\/buletin.de\/bucuresti\/proiectul-platesti-cata-caldura-primesti-initiat-de-daniel-baluta-a-fost-adoptat-de-consiliul-general-cum-ar-urma-sa-fie-redusa-factura\/","og_locale":"en_GB","og_type":"article","og_title":"Proiectul \u201ePl\u0103te\u0219ti c\u00e2t\u0103 c\u0103ldur\u0103 prime\u0219ti\u201d, ini\u021biat de Daniel B\u0103lu\u021b\u0103, a fost adoptat de Consiliul General cu modific\u0103ri. Ce s-a schimbat","og_description":"Proiectul pentru reducerea facturilor pe care bucure\u0219tenii le pl\u0103tesc la c\u0103ldur\u0103 \u201ePl\u0103te\u0219ti c\u00e2t\u0103 c\u0103ldur\u0103 prime\u0219ti\u201d, a fost adoptat de CGMB.","og_url":"https:\/\/buletin.de\/bucuresti\/proiectul-platesti-cata-caldura-primesti-initiat-de-daniel-baluta-a-fost-adoptat-de-consiliul-general-cum-ar-urma-sa-fie-redusa-factura\/","og_site_name":"Buletin de Bucure\u0219ti","article_publisher":"https:\/\/www.facebook.com\/buletin.de.buc","article_published_time":"2026-03-13T12:24:38+00:00","article_modified_time":"2026-03-13T16:11:40+00:00","og_image":[{"width":1920,"height":1080,"url":"https:\/\/buletin.de\/bucuresti\/wp-content\/uploads\/2026\/03\/WhatsApp-Image-2026-03-13-at-13.07.04.jpeg","type":"image\/jpeg"}],"author":"Deniz Garguli","twitter_card":"summary_large_image","twitter_misc":{"Written by":"Deniz Garguli","Estimated reading time":"5 minutes"},"schema":{"@context":"https:\/\/schema.org","@graph":[{"@type":"Article","@id":"https:\/\/buletin.de\/bucuresti\/proiectul-platesti-cata-caldura-primesti-initiat-de-daniel-baluta-a-fost-adoptat-de-consiliul-general-cum-ar-urma-sa-fie-redusa-factura\/#article","isPartOf":{"@id":"https:\/\/buletin.de\/bucuresti\/proiectul-platesti-cata-caldura-primesti-initiat-de-daniel-baluta-a-fost-adoptat-de-consiliul-general-cum-ar-urma-sa-fie-redusa-factura\/"},"author":{"name":"Deniz Garguli","@id":"https:\/\/buletin.de\/bucuresti\/#\/schema\/person\/8badd0805392c02e16b744e0d5cd3625"},"headline":"Proiectul \u201ePl\u0103te\u0219ti c\u00e2t\u0103 c\u0103ldur\u0103 prime\u0219ti\u201d, ini\u021biat de Daniel B\u0103lu\u021b\u0103, a fost adoptat de Consiliul General cu modific\u0103ri. Ce s-a schimbat","datePublished":"2026-03-13T12:24:38+00:00","dateModified":"2026-03-13T16:11:40+00:00","mainEntityOfPage":{"@id":"https:\/\/buletin.de\/bucuresti\/proiectul-platesti-cata-caldura-primesti-initiat-de-daniel-baluta-a-fost-adoptat-de-consiliul-general-cum-ar-urma-sa-fie-redusa-factura\/"},"wordCount":1078,"publisher":{"@id":"https:\/\/buletin.de\/bucuresti\/#organization"},"image":{"@id":"https:\/\/buletin.de\/bucuresti\/proiectul-platesti-cata-caldura-primesti-initiat-de-daniel-baluta-a-fost-adoptat-de-consiliul-general-cum-ar-urma-sa-fie-redusa-factura\/#primaryimage"},"thumbnailUrl":"https:\/\/buletin.de\/bucuresti\/wp-content\/uploads\/2026\/03\/WhatsApp-Image-2026-03-13-at-13.07.04.jpeg","keywords":["cgmb","Daniel B\u0103lu\u021b\u0103","Facturi c\u0103ldur\u0103","proiect de hot\u0103r\u00e2re","termoficare"],"articleSection":["Articole","Prim\u0103rie","\u0218tiri"],"inLanguage":"en-GB","copyrightYear":"2026","copyrightHolder":{"@id":"https:\/\/buletin.de\/bucuresti\/#organization"}},{"@type":"WebPage","@id":"https:\/\/buletin.de\/bucuresti\/proiectul-platesti-cata-caldura-primesti-initiat-de-daniel-baluta-a-fost-adoptat-de-consiliul-general-cum-ar-urma-sa-fie-redusa-factura\/","url":"https:\/\/buletin.de\/bucuresti\/proiectul-platesti-cata-caldura-primesti-initiat-de-daniel-baluta-a-fost-adoptat-de-consiliul-general-cum-ar-urma-sa-fie-redusa-factura\/","name":"Proiectul \u201ePl\u0103te\u0219ti c\u00e2t\u0103 c\u0103ldur\u0103 prime\u0219ti\u201d, ini\u021biat de Daniel B\u0103lu\u021b\u0103, a fost adoptat de Consiliul General cu modific\u0103ri. Ce s-a schimbat - Buletin de Bucure\u0219ti","isPartOf":{"@id":"https:\/\/buletin.de\/bucuresti\/#website"},"primaryImageOfPage":{"@id":"https:\/\/buletin.de\/bucuresti\/proiectul-platesti-cata-caldura-primesti-initiat-de-daniel-baluta-a-fost-adoptat-de-consiliul-general-cum-ar-urma-sa-fie-redusa-factura\/#primaryimage"},"image":{"@id":"https:\/\/buletin.de\/bucuresti\/proiectul-platesti-cata-caldura-primesti-initiat-de-daniel-baluta-a-fost-adoptat-de-consiliul-general-cum-ar-urma-sa-fie-redusa-factura\/#primaryimage"},"thumbnailUrl":"https:\/\/buletin.de\/bucuresti\/wp-content\/uploads\/2026\/03\/WhatsApp-Image-2026-03-13-at-13.07.04.jpeg","datePublished":"2026-03-13T12:24:38+00:00","dateModified":"2026-03-13T16:11:40+00:00","description":"Proiectul pentru reducerea facturilor pe care bucure\u0219tenii le pl\u0103tesc la c\u0103ldur\u0103 \u201ePl\u0103te\u0219ti c\u00e2t\u0103 c\u0103ldur\u0103 prime\u0219ti\u201d, a fost adoptat de CGMB.","breadcrumb":{"@id":"https:\/\/buletin.de\/bucuresti\/proiectul-platesti-cata-caldura-primesti-initiat-de-daniel-baluta-a-fost-adoptat-de-consiliul-general-cum-ar-urma-sa-fie-redusa-factura\/#breadcrumb"},"inLanguage":"en-GB","potentialAction":[{"@type":"ReadAction","target":["https:\/\/buletin.de\/bucuresti\/proiectul-platesti-cata-caldura-primesti-initiat-de-daniel-baluta-a-fost-adoptat-de-consiliul-general-cum-ar-urma-sa-fie-redusa-factura\/"]}]},{"@type":"ImageObject","inLanguage":"en-GB","@id":"https:\/\/buletin.de\/bucuresti\/proiectul-platesti-cata-caldura-primesti-initiat-de-daniel-baluta-a-fost-adoptat-de-consiliul-general-cum-ar-urma-sa-fie-redusa-factura\/#primaryimage","url":"https:\/\/buletin.de\/bucuresti\/wp-content\/uploads\/2026\/03\/WhatsApp-Image-2026-03-13-at-13.07.04.jpeg","contentUrl":"https:\/\/buletin.de\/bucuresti\/wp-content\/uploads\/2026\/03\/WhatsApp-Image-2026-03-13-at-13.07.04.jpeg","width":1920,"height":1080,"caption":"Proiectul \u201ePl\u0103te\u0219ti c\u00e2t\u0103 c\u0103ldur\u0103 prime\u0219ti\u201d, ini\u021biat de Daniel B\u0103lu\u021b\u0103 a fost adoptat de Consiliul General. FOTO: PMB\/FB"},{"@type":"BreadcrumbList","@id":"https:\/\/buletin.de\/bucuresti\/proiectul-platesti-cata-caldura-primesti-initiat-de-daniel-baluta-a-fost-adoptat-de-consiliul-general-cum-ar-urma-sa-fie-redusa-factura\/#breadcrumb","itemListElement":[{"@type":"ListItem","position":1,"name":"Acas\u0103","item":"https:\/\/buletin.de\/bucuresti\/"},{"@type":"ListItem","position":2,"name":"Proiectul \u201ePl\u0103te\u0219ti c\u00e2t\u0103 c\u0103ldur\u0103 prime\u0219ti\u201d, ini\u021biat de Daniel B\u0103lu\u021b\u0103, a fost adoptat de Consiliul General cu modific\u0103ri. Ce s-a schimbat"}]},{"@type":"WebSite","@id":"https:\/\/buletin.de\/bucuresti\/#website","url":"https:\/\/buletin.de\/bucuresti\/","name":"Buletin de Bucure\u0219ti","description":"\u0218tiri \u0219i investiga\u021bii esen\u021biale din capital\u0103","publisher":{"@id":"https:\/\/buletin.de\/bucuresti\/#organization"},"potentialAction":[{"@type":"SearchAction","target":{"@type":"EntryPoint","urlTemplate":"https:\/\/buletin.de\/bucuresti\/?s={search_term_string}"},"query-input":{"@type":"PropertyValueSpecification","valueRequired":true,"valueName":"search_term_string"}}],"inLanguage":"en-GB"},{"@type":"Organization","@id":"https:\/\/buletin.de\/bucuresti\/#organization","name":"Buletin de Bucure\u0219ti","url":"https:\/\/buletin.de\/bucuresti\/","logo":{"@type":"ImageObject","inLanguage":"en-GB","@id":"https:\/\/buletin.de\/bucuresti\/#\/schema\/logo\/image\/","url":"https:\/\/buletin.de\/bucuresti\/wp-content\/uploads\/logo-bdb-full-wide-vernil-transparent.png","contentUrl":"https:\/\/buletin.de\/bucuresti\/wp-content\/uploads\/logo-bdb-full-wide-vernil-transparent.png","width":1782,"height":626,"caption":"Buletin de Bucure\u0219ti"},"image":{"@id":"https:\/\/buletin.de\/bucuresti\/#\/schema\/logo\/image\/"},"sameAs":["https:\/\/www.facebook.com\/buletin.de.buc","https:\/\/www.instagram.com\/buletinde.bucuresti\/"]},{"@type":"Person","@id":"https:\/\/buletin.de\/bucuresti\/#\/schema\/person\/8badd0805392c02e16b744e0d5cd3625","name":"Deniz Garguli","image":{"@type":"ImageObject","inLanguage":"en-GB","@id":"https:\/\/buletin.de\/bucuresti\/wp-content\/uploads\/2026\/01\/79b44b20-a270-4ee6-afb3-fdf3c7ef7782-96x96.jpege2491ce6d396dbf7c1362e9ef046c803","url":"https:\/\/buletin.de\/bucuresti\/wp-content\/uploads\/2026\/01\/79b44b20-a270-4ee6-afb3-fdf3c7ef7782-96x96.jpeg","contentUrl":"https:\/\/buletin.de\/bucuresti\/wp-content\/uploads\/2026\/01\/79b44b20-a270-4ee6-afb3-fdf3c7ef7782-96x96.jpeg","caption":"Deniz Garguli"},"description":"N\u0103scut\u0103 \u0219i crescut\u0103 \u00een Capital\u0103, dorin\u021ba de a fi la curent cu tot ce se \u00eent\u00e2mpl\u0103 \u00een Bucure\u0219ti a \u00eempins-o c\u0103tre pres\u0103, mai cu seam\u0103 c\u0103tre cea local\u0103. A lucrat vreme de patru ani la B365, unde s-a ocupat de \u0219tiri despre ora\u0219 \u0219i oamenii care locuiesc \u00een el. Din 2026 s-a al\u0103turat echipei Buletin de Bucure\u0219ti.","url":"https:\/\/buletin.de\/bucuresti\/author\/deniz-garguli\/"}]}},"authors":[{"term_id":26103,"user_id":66,"is_guest":0,"slug":"deniz-garguli","display_name":"Deniz Garguli","avatar_url":"https:\/\/buletin.de\/bucuresti\/wp-content\/uploads\/2026\/01\/79b44b20-a270-4ee6-afb3-fdf3c7ef7782-96x96.jpeg","0":null,"1":"","2":"","3":"","4":"","5":"","6":"","7":"","8":""}],"_links":{"self":[{"href":"https:\/\/buletin.de\/bucuresti\/wp-json\/wp\/v2\/posts\/180297","targetHints":{"allow":["GET"]}}],"collection":[{"href":"https:\/\/buletin.de\/bucuresti\/wp-json\/wp\/v2\/posts"}],"about":[{"href":"https:\/\/buletin.de\/bucuresti\/wp-json\/wp\/v2\/types\/post"}],"author":[{"embeddable":true,"href":"https:\/\/buletin.de\/bucuresti\/wp-json\/wp\/v2\/users\/66"}],"replies":[{"embeddable":true,"href":"https:\/\/buletin.de\/bucuresti\/wp-json\/wp\/v2\/comments?post=180297"}],"version-history":[{"count":7,"href":"https:\/\/buletin.de\/bucuresti\/wp-json\/wp\/v2\/posts\/180297\/revisions"}],"predecessor-version":[{"id":180395,"href":"https:\/\/buletin.de\/bucuresti\/wp-json\/wp\/v2\/posts\/180297\/revisions\/180395"}],"wp:featuredmedia":[{"embeddable":true,"href":"https:\/\/buletin.de\/bucuresti\/wp-json\/wp\/v2\/media\/180313"}],"wp:attachment":[{"href":"https:\/\/buletin.de\/bucuresti\/wp-json\/wp\/v2\/media?parent=180297"}],"wp:term":[{"taxonomy":"category","embeddable":true,"href":"https:\/\/buletin.de\/bucuresti\/wp-json\/wp\/v2\/categories?post=180297"},{"taxonomy":"post_tag","embeddable":true,"href":"https:\/\/buletin.de\/bucuresti\/wp-json\/wp\/v2\/tags?post=180297"},{"taxonomy":"author","embeddable":true,"href":"https:\/\/buletin.de\/bucuresti\/wp-json\/wp\/v2\/ppma_author?post=180297"}],"curies":[{"name":"wp","href":"https:\/\/api.w.org\/{rel}","templated":true}]}}