{"id":180271,"date":"2026-03-13T11:09:09","date_gmt":"2026-03-13T08:09:09","guid":{"rendered":"https:\/\/buletin.de\/bucuresti\/?p=180271"},"modified":"2026-03-13T21:02:18","modified_gmt":"2026-03-13T18:02:18","slug":"testul-lui-ciucu-la-o-noua-sedinta-cgmb-proiectele-cu-scandal-din-nou-pe-ordinea-de-zi","status":"publish","type":"post","link":"https:\/\/buletin.de\/bucuresti\/testul-lui-ciucu-la-o-noua-sedinta-cgmb-proiectele-cu-scandal-din-nou-pe-ordinea-de-zi\/","title":{"rendered":"LIVETEXT | \u201eTestul\u201d lui Ciucu, la o nou\u0103 \u0219edin\u0163\u0103 CGMB: Proiectele \u201ecu scandal\u201d au trecut, dup\u0103 ce primarul a acceptat \u0219i dou\u0103 ini\u021biative ale lui Daniel B\u0103lu\u021b\u0103"},"content":{"rendered":"\n<p><strong>Consilierii generali ai Capitalei se \u00eentrunesc vineri \u00eentr-o \u0219edin\u021b\u0103 extraordinar\u0103 convocat\u0103 de grupurile PSD \u0219i PUSL, pentru a tran\u0219a proiecte blocate anterior de lipsa de cvorum. Pe masa ale\u0219ilor locali revin ini\u021biative cu impact direct asupra bugetelor bucure\u0219tenilor, de la mecanismul de reducere a facturilor pentru c\u0103ldur\u0103 livrat\u0103 sub parametri, p\u00e2n\u0103 la scumpirea chiriilor pentru locuin\u021bele convenabile gestionate de municipalitate.<\/strong><\/p>\n\n\n\n<p><strong>\u0218edin\u021ba debuteaz\u0103 cu depunerea jur\u0103m\u00e2ntului de c\u0103tre Georgiana Di\u021b\u0103, din partea REPER, care ar urma s\u0103 completeze schema de vot a Consiliului General al Municipiului Bucure\u0219ti (CGMB), <a href=\"https:\/\/buletin.de\/bucuresti\/ciucu-psd-a-incercat-sa-rupa-consilieri-din-forta-dreptei-pentru-a-bloca-majoritatea-din-consiliul-general\/\">despre care Buletin de Bucure\u0219ti a scris aici.<\/a><\/strong><\/p>\n\n\n\n<h3 class=\"wp-block-heading\" id=\"h-update-16-15-\u0219edin\u021ba-s-a-incheiat-dupa-mai-bine-de-\u0219ase-ore\">Update, 16:15. \u0218edin\u021ba s-a \u00eencheiat dup\u0103 mai bine de \u0219ase ore <\/h3>\n\n\n\n<p>\u0218edin\u021ba Consiliului General s-a \u00eencheiat dup\u0103 mai bine de \u0219ase ore. Au fost adoptate toate proiectele, printre care \u0219i<a href=\"https:\/\/buletin.de\/bucuresti\/fara-artificii-si-petarde-in-bucuresti-proiectul-ajunge-pe-masa-consilierilor-generali-saptamana-viitoare\/\" type=\"link\" id=\"https:\/\/buletin.de\/bucuresti\/fara-artificii-si-petarde-in-bucuresti-proiectul-ajunge-pe-masa-consilierilor-generali-saptamana-viitoare\/\" target=\"_blank\" rel=\"noreferrer noopener\"> interzicerea materialelor pirotehnice \u00een Capital\u0103<\/a>, care a trecut cu 35 de voturi pentru, 4 ab\u021bineri \u0219i 2 \u00eempotriv\u0103. <\/p>\n\n\n\n<p>Au fost adoptate \u0219i proiectele de hot\u0103r\u00e2re ce vizeaz\u0103 lucr\u0103ri de consolidare\/reabilitare a pasajelor Lujerului, Bucur Obor \u0219i a podului B\u0103neasa. <\/p>\n\n\n\n<h3 class=\"wp-block-heading\" id=\"h-update-15-40-mai-multe-proiecte-au-fost-aprobate\">Update 15:40. Mai multe proiecte au fost aprobate  <\/h3>\n\n\n\n<p>Au fost aprobate mai multe proiecte de pe ordinea de zi suplimentar\u0103, printre care \u0219i protocolul de cooperare pentru Prelungirea Ghencea, care a trecut cu 48 de voturi pentru. <\/p>\n\n\n\n<p><strong>De asemenea, consilierii generali au votat \u0219i pentru exproprierile de <a href=\"https:\/\/buletin.de\/bucuresti\/proiect-exproprieri-de-15-milioane-de-euro-pentru-largirea-bulevardului-dimitrie-pompeiu\/\" type=\"link\" id=\"https:\/\/buletin.de\/bucuresti\/proiect-exproprieri-de-15-milioane-de-euro-pentru-largirea-bulevardului-dimitrie-pompeiu\/\" target=\"_blank\" rel=\"noreferrer noopener\">15 milioane de euro, pentru l\u0103rgirea bulevardului Dimitrie Pompeiu<\/a>. Proiectul de hot\u0103r\u00e2re a fost adoptat cu 50 de voturi pentru. <\/strong><\/p>\n\n\n\n<p><em>\u201eCred c\u0103 aceasta este cel mai important proiect de infrastructur\u0103 major\u0103 din Bucure\u0219ti.\u201d<\/em>, a declarat Stelian Bujduveanu \u00een leg\u0103tur\u0103 cu proiectul de hot\u0103r\u00e2re. <\/p>\n\n\n\n<p>Proiecte precum amenajarea unui centru de \u00eenv\u0103\u021bare \u00een aer liber, \u00een Sectorul 6, cump\u0103rarea mai multor terenuri pentru proiectul \u201ePromenada Verde\u201d, \u00een Sectorul 1 \u0219i comasarea dispensarului TBC din strada Salc\u00e2milor cu cel din Dude\u0219ti au fost adoptate \u00een \u0219edin\u021ba de ast\u0103zi. <\/p>\n\n\n\n<hr class=\"wp-block-separator has-alpha-channel-opacity\"\/>\n\n\n\n<h3 class=\"wp-block-heading\" id=\"h-update-15-00-proiectul-privind-aprobarea-termenului-raporturilor-contractuale-pentru-locuin\u021bele-convenabile-aprobat\">Update 15:00: Proiectul privind aprobarea termenului raporturilor contractuale pentru locuin\u021bele convenabile, aprobat <\/h3>\n\n\n\n<p>Proiectul de hot\u0103r\u00e2re privind aprobarea prelungirii termenului raporturilor contractuale pentru locuin\u021bele convenabile aflate \u00een administrarea entit\u0103\u021bilor juridice care func\u021bioneaz\u0103 \u00een baza Hot\u0103r\u00e2rilor Consiliului General al Municipiului Bucure\u0219ti, a contractului-cadru de \u00eenchiriere a locuin\u021belor convenabile \u0219i a tarifelor \u00een lei\/m.p., <strong>a fost aprobat cu 41 de voturi pentru, 5 ab\u021bineri \u0219i 0 \u00eempotriv\u0103. <\/strong><\/p>\n\n\n\n<p>Primarul General a introdus \u0219i un amendament privind sc\u0103derea perioadei de \u00eenchiriere de la 5 la 2 ani, cu posibilitate de prelungire, cu excep\u021bia locuin\u021belor sociale, unde r\u0103m\u00e2ne perioada de 5 ani. Acesta a fost votat cu 37 de voturi pentru, 5 ab\u021bineri \u0219i 0 \u00eempotriv\u0103. <\/p>\n\n\n\n<hr class=\"wp-block-separator has-alpha-channel-opacity\"\/>\n\n\n\n<h3 class=\"wp-block-heading\" id=\"h-update-12-30-auditul-lui-ciucu-a-fost-adoptat-dupa-multe-incercari\">Update 12:30: Auditul lui Ciucu a fost adoptat, dup\u0103 multe \u00eencerc\u0103ri<\/h3>\n\n\n\n<p>Auditul pentru STB \u0219i Termoenergetica a fost adoptat cu 31 voturi pentru, 6 \u00eempotriv\u0103 \u0219i 13 ab\u021bineri.<\/p>\n\n\n\n<p>Primarul Ciprian Ciucu a \u00eencercat \u00eenc\u0103 de la prima \u0219edin\u021b\u0103 la care a participat s\u0103 treac\u0103 acest proiect prin care s\u0103 ob\u021bin\u0103 dreptul de a face audit la STB \u0219i Termoenergetica, companii aflate \u00een subordinea Consiliului General al Municipiului Bucure\u0219ti (CGMB), dup\u0103 ce \u00een luna ianuarie consilieri generali ai PSD, PUSL \u0219i AUR i-au respins solicitarea.<\/p>\n\n\n\n<p>Consilierii AUR au depus un amendament prin care aceste servicii s\u0103 fie f\u0103cute de Curtea de Conturi, \u00eens\u0103 o consilier\u0103 a explicat c\u0103 nu a\u0219a func\u021bioneaz\u0103 institu\u021bia. Curtea de Conturi face audituri din oficiu sau \u00een urma unor sesiz\u0103ri, a explicat consiliera, care i-a \u00eendemnat s\u0103 sesizeze curtea s\u0103 fac\u0103 acest audit. Amendamentul, sus\u021binut \u0219i de PUSL, nu a trecut.<\/p>\n\n\n\n<hr class=\"wp-block-separator has-alpha-channel-opacity\"\/>\n\n\n\n<h3 class=\"wp-block-heading\" id=\"h-update-11-58-proiectul-lui-daniel-balu\u021ba-privind-apa-calda-a-trecut\">Update 11:58: Proiectul lui Daniel B\u0103lu\u021b\u0103 privind apa cald\u0103 a trecut<\/h3>\n\n\n\n<p>Proiectul \u201eNu prime\u0219ti, nu pl\u0103te\u0219ti\u201d, al primarului Sectorului 4, Daniel B\u0103lu\u021b\u0103, a trecut de votul consilierilor generali cu 40 voturi pentru \u0219i 12 ab\u021bineri.<\/p>\n\n\n\n<p>Proiectul prevede implementarea unui mecanism care s\u0103 asigure facturarea \u0219i plata energiei termice \u00een func\u021bie de parametrii contractuali ce au fost asuma\u021bi de p\u0103r\u021bi, \u00een rela\u021bie direct\u0103 cu temperatura efectiv m\u0103surat\u0103 \u0219i livrat\u0103 c\u0103tre bucure\u0219teni. Mai precis, potrivit actulului normativ, factura la c\u0103ldur\u0103 va fi mai mic\u0103 \u00een situa\u021bia \u00een care <\/p>\n\n\n\n<p>Termoenergetica nu livreaz\u0103 agentul termic c\u0103tre bucure\u0219teni \u00een parametrii optimi. Proiectul de hot\u0103r\u00e2re a fost realizat dup\u0103 ce mai mul\u021bi cet\u0103\u021beni s-au pl\u00e2ns c\u0103, de\u0219i pl\u0103tesc facturi mari, fac frigul \u00een case.<\/p>\n\n\n\n<hr class=\"wp-block-separator has-alpha-channel-opacity\"\/>\n\n\n\n<h3 class=\"wp-block-heading\" id=\"h-update-11-30-ciucu-spune-ca-modelul-cu-adi-uri-este-falimentar\">Update 11:30: Ciucu spune c\u0103 \u201emodelul cu ADI-uri este falimentar\u201d<\/h3>\n\n\n\n<p>\u00cen timpul dezbaterii pe tema facturilor la ap\u0103 cald\u0103, Ciprian Ciucu a spus c\u0103 modelul Asocia\u021biilor de Dezvoltare Intercomunitar\u0103 (ADI), precum ADITBI \u0219i ADITPBI, sunt falimentare pentru Bucure\u0219ti.<\/p>\n\n\n\n<p>El a dat din nou exemplu comunelor din Ilfov, precum comuna Peri\u0219, care \u201epoate decide cum merge tramvaiul prin Bucure\u0219ti, de\u0219i ei n-au v\u0103zut tramvaie acolo\u201d.<\/p>\n\n\n\n<p><em>\u201eTrebuie se reg\u00e2ndim acest sistem, poate la nivel na\u021bional. Eu nici nu \u0219tiu unde au sediul, sunt convins c\u0103 au sedii, le \u00eenchiriaz\u0103, nu este foarte clar\u201d<\/em>, a spus edilul.<\/p>\n\n\n\n<hr class=\"wp-block-separator has-alpha-channel-opacity\"\/>\n\n\n\n<h3 class=\"wp-block-heading\" id=\"h-update-11-10-o-noua-majoritate-in-cgmb\">Update 11:10: O nou\u0103 majoritate \u00een CGMB<\/h3>\n\n\n\n<p>Consiliera REPER Georgiana Di\u021b\u0103 \u0219i-a depus jur\u0103m\u00e2ntul. Aceasta s-a prezentat de cinci ori \u00een ultima lun\u0103 pentru a fi \u00eenvestit\u0103, \u00eens\u0103 fie nu a existat decizia de includere a depunerii jur\u0103m\u00e2ntului pe ordinea de zi, fie \u0219edin\u021bele nu au avut cvorum.<\/p>\n\n\n\n<p><strong>Din acest moment, consilierii PNL, USR, REPER, PMP \u0219i For\u021ba Dreptei ar putea forma cvorum indiferent dac\u0103 cei din opozi\u021bie vor fi prezen\u021bi. Aceste partide au acum majoritate \u00een CGMB, cu 28 de consilieri dintr-un total de 53.<\/strong><\/p>\n\n\n\n<h2 class=\"wp-block-heading\" id=\"h-facturi-reduse-pentru-calorifere-reci\"><strong>Facturi reduse pentru calorifere reci<\/strong>?<\/h2>\n\n\n\n<p>Unul dintre punctele centrale ale convoc\u0103rii vizeaz\u0103 dreptul bucure\u0219tenilor de a pl\u0103ti facturi diminuate \u00een situa\u021biile \u00een care energia termic\u0103 furnizat\u0103 prin sistemul centralizat nu respect\u0103 parametrii prev\u0103zu\u021bi \u00een contracte. <\/p>\n\n\n\n<p><strong>CITE\u0218TE \u0218I <a href=\"https:\/\/buletin.de\/bucuresti\/consilierii-generali-ai-psd-anunta-amanarea-sedintei-extraordinare-cgmb-in-care-urma-sa-fie-discutat-proiectul-privind-diminuarea-facturilor-la-caldura\/\">\u0218edin\u021ba extraordinar\u0103 CGMB \u00een care urma s\u0103 fie discutat proiectul privind diminuarea facturilor la c\u0103ldur\u0103 a fost din nou am\u00e2nat\u0103<\/a><\/strong><\/p>\n\n\n\n<p>Conform documenta\u021biei ata\u0219ate proiectului, m\u0103sura ar institui un sistem de compensare pentru perioadele \u00een care apa cald\u0103 sau c\u0103ldura ajung la consumatori sub temperaturile legale. <\/p>\n\n\n\n<p>Propunerea vine pe fondul avariilor constante din re\u021beaua primar\u0103 \u0219i secundar\u0103, unde pierderile de fluid \u0219i sc\u0103derile de presiune afecteaz\u0103 zilnic zeci de mii de apartamente din toate sectoarele Capitalei.<\/p>\n\n\n\n<p><strong>CITE\u0218TE \u0218I <a href=\"https:\/\/buletin.de\/bucuresti\/reportaj-negativul-unei-sedinte-cu-scantei-ciucu-globus-jelea-opozitiei-si-consilierul-chatcgmb-au-regizat-comasarile-biletul-stb-si-gramatica-de-partid\/\">REPORTAJ | \u201eNegativul\u201d unei \u0219edinte cu sc\u00e2ntei: \u201eCiucu Globus\u201d, \u201eJelea Opozi\u021biei\u201d \u0219i consilierul ChatCGMB au \u201eregizat\u201d comas\u0103rile, biletul STB \u0219i gramatica de partid<\/a><\/strong><\/p>\n\n\n\n<p><strong><em>Buletin de Bucure\u0219ti va urm\u0103ri \u0219edin\u021ba CGMB \u0219i v\u0103 va \u021bine la curent cu cele mai relevante informa\u021bii.<\/em><\/strong><\/p>\n\n\n\n<p><strong>CITE\u0218TE \u0218I <a href=\"https:\/\/buletin.de\/bucuresti\/editorial-factura-pentru-mafiile-de-la-periferie-din-bugetul-pe-2026-cum-ajung-banii-bucurestenilor-in-feudele-imobiliare-din-ilfov\/\">EDITORIAL | Factura pentru mafiile de la periferie din bugetul pe 2026. Cum ajung banii bucure\u0219tenilor \u00een feudele imobiliare din Ilfov<\/a><\/strong><\/p>\n\n\n\n<p><\/p>\n","protected":false},"excerpt":{"rendered":"<p>Consilierii generali ai Capitalei se \u00eentrunesc vineri \u00eentr-o \u0219edin\u021b\u0103 extraordinar\u0103 convocat\u0103 de grupurile PSD \u0219i PUSL, pentru a tran\u0219a proiecte blocate anterior de lipsa de cvorum. Pe masa ale\u0219ilor locali revin ini\u021biative cu impact direct asupra bugetelor bucure\u0219tenilor, de la mecanismul de reducere a facturilor pentru c\u0103ldur\u0103 livrat\u0103 sub parametri, p\u00e2n\u0103 la scumpirea chiriilor pentru [&hellip;]<\/p>\n","protected":false},"author":59,"featured_media":170130,"comment_status":"closed","ping_status":"open","sticky":false,"template":"","format":"standard","meta":{"_acf_changed":false,"inline_featured_image":false,"ngg_post_thumbnail":0,"footnotes":""},"categories":[6994,5762,24],"tags":[1816,148,27058,5721,13617,1818,27057,258,3406,402,533],"ppma_author":[22572,22575],"class_list":["post-180271","post","type-post","status-publish","format-standard","has-post-thumbnail","hentry","category-stiri-2","category-main","category-primarie","tag-audit","tag-cgmb","tag-chirii-bucuresti","tag-consiliul-general","tag-dimitrie-pompeiu","tag-exproprieri","tag-facturi-caldura-2","tag-primaria-capitalei","tag-promenada-verde","tag-stb","tag-termoenergetica"],"acf":[],"yoast_head":"<!-- This site is optimized with the Yoast SEO Premium plugin v25.3 (Yoast SEO v27.4) - https:\/\/yoast.com\/product\/yoast-seo-premium-wordpress\/ -->\n<title>LIVETEXT | \u201eTestul\u201d lui Ciucu, la o nou\u0103 \u0219edin\u0163\u0103 CGMB: Proiectele \u201ecu scandal\u201d au trecut, dup\u0103 ce primarul a acceptat \u0219i dou\u0103 ini\u021biative ale lui Daniel B\u0103lu\u021b\u0103 - Buletin de Bucure\u0219ti<\/title>\n<meta name=\"description\" content=\"Consilierii generali ai Capitalei se \u00eentrunesc vineri \u00eentr-o \u0219edin\u021b\u0103 extraordinar\u0103 convocat\u0103 de grupurile PSD \u0219i PUSL, pentru a tran\u0219a proiecte blocate anterior de lipsa de cvorum.\" \/>\n<meta name=\"robots\" content=\"index, follow, max-snippet:-1, max-image-preview:large, max-video-preview:-1\" \/>\n<link rel=\"canonical\" href=\"https:\/\/buletin.de\/bucuresti\/testul-lui-ciucu-la-o-noua-sedinta-cgmb-proiectele-cu-scandal-din-nou-pe-ordinea-de-zi\/\" \/>\n<meta property=\"og:locale\" content=\"en_GB\" \/>\n<meta property=\"og:type\" content=\"article\" \/>\n<meta property=\"og:title\" content=\"LIVETEXT | \u201eTestul\u201d lui Ciucu, la o nou\u0103 \u0219edin\u0163\u0103 CGMB: Proiectele \u201ecu scandal\u201d au trecut, dup\u0103 ce primarul a acceptat \u0219i dou\u0103 ini\u021biative ale lui Daniel B\u0103lu\u021b\u0103\" \/>\n<meta property=\"og:description\" content=\"Consilierii generali ai Capitalei se \u00eentrunesc vineri \u00eentr-o \u0219edin\u021b\u0103 extraordinar\u0103 convocat\u0103 de grupurile PSD \u0219i PUSL, pentru a tran\u0219a proiecte blocate anterior de lipsa de cvorum.\" \/>\n<meta property=\"og:url\" content=\"https:\/\/buletin.de\/bucuresti\/testul-lui-ciucu-la-o-noua-sedinta-cgmb-proiectele-cu-scandal-din-nou-pe-ordinea-de-zi\/\" \/>\n<meta property=\"og:site_name\" content=\"Buletin de Bucure\u0219ti\" \/>\n<meta property=\"article:publisher\" content=\"https:\/\/www.facebook.com\/buletin.de.buc\" \/>\n<meta property=\"article:published_time\" content=\"2026-03-13T08:09:09+00:00\" \/>\n<meta property=\"article:modified_time\" content=\"2026-03-13T18:02:18+00:00\" \/>\n<meta property=\"og:image\" content=\"https:\/\/buletin.de\/bucuresti\/wp-content\/uploads\/2026\/01\/ciucucgmb.png\" \/>\n\t<meta property=\"og:image:width\" content=\"938\" \/>\n\t<meta property=\"og:image:height\" content=\"599\" \/>\n\t<meta property=\"og:image:type\" content=\"image\/png\" \/>\n<meta name=\"author\" content=\"C\u0103t\u0103lin Anghel-Dimache, C\u0103t\u0103lin Dosca\u0219\" \/>\n<meta name=\"twitter:card\" content=\"summary_large_image\" \/>\n<meta name=\"twitter:label1\" content=\"Written by\" \/>\n\t<meta name=\"twitter:data1\" content=\"C\u0103t\u0103lin Anghel-Dimache\" \/>\n\t<meta name=\"twitter:label2\" content=\"Estimated reading time\" \/>\n\t<meta name=\"twitter:data2\" content=\"5 minutes\" \/>\n<script type=\"application\/ld+json\" class=\"yoast-schema-graph\">{\"@context\":\"https:\\\/\\\/schema.org\",\"@graph\":[{\"@type\":\"Article\",\"@id\":\"https:\\\/\\\/buletin.de\\\/bucuresti\\\/testul-lui-ciucu-la-o-noua-sedinta-cgmb-proiectele-cu-scandal-din-nou-pe-ordinea-de-zi\\\/#article\",\"isPartOf\":{\"@id\":\"https:\\\/\\\/buletin.de\\\/bucuresti\\\/testul-lui-ciucu-la-o-noua-sedinta-cgmb-proiectele-cu-scandal-din-nou-pe-ordinea-de-zi\\\/\"},\"author\":{\"name\":\"C\u0103t\u0103lin Anghel-Dimache\",\"@id\":\"https:\\\/\\\/buletin.de\\\/bucuresti\\\/#\\\/schema\\\/person\\\/0ac9db30080482be87c7386a30f98796\"},\"headline\":\"LIVETEXT | \u201eTestul\u201d lui Ciucu, la o nou\u0103 \u0219edin\u0163\u0103 CGMB: Proiectele \u201ecu scandal\u201d au trecut, dup\u0103 ce primarul a acceptat \u0219i dou\u0103 ini\u021biative ale lui Daniel B\u0103lu\u021b\u0103\",\"datePublished\":\"2026-03-13T08:09:09+00:00\",\"dateModified\":\"2026-03-13T18:02:18+00:00\",\"mainEntityOfPage\":{\"@id\":\"https:\\\/\\\/buletin.de\\\/bucuresti\\\/testul-lui-ciucu-la-o-noua-sedinta-cgmb-proiectele-cu-scandal-din-nou-pe-ordinea-de-zi\\\/\"},\"wordCount\":1148,\"publisher\":{\"@id\":\"https:\\\/\\\/buletin.de\\\/bucuresti\\\/#organization\"},\"image\":{\"@id\":\"https:\\\/\\\/buletin.de\\\/bucuresti\\\/testul-lui-ciucu-la-o-noua-sedinta-cgmb-proiectele-cu-scandal-din-nou-pe-ordinea-de-zi\\\/#primaryimage\"},\"thumbnailUrl\":\"https:\\\/\\\/buletin.de\\\/bucuresti\\\/wp-content\\\/uploads\\\/2026\\\/01\\\/ciucucgmb.png\",\"keywords\":[\"audit\",\"cgmb\",\"chirii Bucuresti\",\"consiliul general\",\"dimitrie pompeiu\",\"exproprieri\",\"facturi caldura\",\"primaria capitalei\",\"Promenada Verde\",\"stb\",\"termoenergetica\"],\"articleSection\":[\"Articole\",\"Main\",\"Prim\u0103rie\"],\"inLanguage\":\"en-GB\",\"copyrightYear\":\"2026\",\"copyrightHolder\":{\"@id\":\"https:\\\/\\\/buletin.de\\\/bucuresti\\\/#organization\"}},{\"@type\":\"WebPage\",\"@id\":\"https:\\\/\\\/buletin.de\\\/bucuresti\\\/testul-lui-ciucu-la-o-noua-sedinta-cgmb-proiectele-cu-scandal-din-nou-pe-ordinea-de-zi\\\/\",\"url\":\"https:\\\/\\\/buletin.de\\\/bucuresti\\\/testul-lui-ciucu-la-o-noua-sedinta-cgmb-proiectele-cu-scandal-din-nou-pe-ordinea-de-zi\\\/\",\"name\":\"LIVETEXT | \u201eTestul\u201d lui Ciucu, la o nou\u0103 \u0219edin\u0163\u0103 CGMB: Proiectele \u201ecu scandal\u201d au trecut, dup\u0103 ce primarul a acceptat \u0219i dou\u0103 ini\u021biative ale lui Daniel B\u0103lu\u021b\u0103 - Buletin de Bucure\u0219ti\",\"isPartOf\":{\"@id\":\"https:\\\/\\\/buletin.de\\\/bucuresti\\\/#website\"},\"primaryImageOfPage\":{\"@id\":\"https:\\\/\\\/buletin.de\\\/bucuresti\\\/testul-lui-ciucu-la-o-noua-sedinta-cgmb-proiectele-cu-scandal-din-nou-pe-ordinea-de-zi\\\/#primaryimage\"},\"image\":{\"@id\":\"https:\\\/\\\/buletin.de\\\/bucuresti\\\/testul-lui-ciucu-la-o-noua-sedinta-cgmb-proiectele-cu-scandal-din-nou-pe-ordinea-de-zi\\\/#primaryimage\"},\"thumbnailUrl\":\"https:\\\/\\\/buletin.de\\\/bucuresti\\\/wp-content\\\/uploads\\\/2026\\\/01\\\/ciucucgmb.png\",\"datePublished\":\"2026-03-13T08:09:09+00:00\",\"dateModified\":\"2026-03-13T18:02:18+00:00\",\"description\":\"Consilierii generali ai Capitalei se \u00eentrunesc vineri \u00eentr-o \u0219edin\u021b\u0103 extraordinar\u0103 convocat\u0103 de grupurile PSD \u0219i PUSL, pentru a tran\u0219a proiecte blocate anterior de lipsa de cvorum.\",\"breadcrumb\":{\"@id\":\"https:\\\/\\\/buletin.de\\\/bucuresti\\\/testul-lui-ciucu-la-o-noua-sedinta-cgmb-proiectele-cu-scandal-din-nou-pe-ordinea-de-zi\\\/#breadcrumb\"},\"inLanguage\":\"en-GB\",\"potentialAction\":[{\"@type\":\"ReadAction\",\"target\":[\"https:\\\/\\\/buletin.de\\\/bucuresti\\\/testul-lui-ciucu-la-o-noua-sedinta-cgmb-proiectele-cu-scandal-din-nou-pe-ordinea-de-zi\\\/\"]}]},{\"@type\":\"ImageObject\",\"inLanguage\":\"en-GB\",\"@id\":\"https:\\\/\\\/buletin.de\\\/bucuresti\\\/testul-lui-ciucu-la-o-noua-sedinta-cgmb-proiectele-cu-scandal-din-nou-pe-ordinea-de-zi\\\/#primaryimage\",\"url\":\"https:\\\/\\\/buletin.de\\\/bucuresti\\\/wp-content\\\/uploads\\\/2026\\\/01\\\/ciucucgmb.png\",\"contentUrl\":\"https:\\\/\\\/buletin.de\\\/bucuresti\\\/wp-content\\\/uploads\\\/2026\\\/01\\\/ciucucgmb.png\",\"width\":938,\"height\":599,\"caption\":\"\u201eTestul\u201d lui Ciucu la o nou\u0103 \u0219edin\u0163\u0103 CGMB\"},{\"@type\":\"BreadcrumbList\",\"@id\":\"https:\\\/\\\/buletin.de\\\/bucuresti\\\/testul-lui-ciucu-la-o-noua-sedinta-cgmb-proiectele-cu-scandal-din-nou-pe-ordinea-de-zi\\\/#breadcrumb\",\"itemListElement\":[{\"@type\":\"ListItem\",\"position\":1,\"name\":\"Acas\u0103\",\"item\":\"https:\\\/\\\/buletin.de\\\/bucuresti\\\/\"},{\"@type\":\"ListItem\",\"position\":2,\"name\":\"LIVETEXT | \u201eTestul\u201d lui Ciucu, la o nou\u0103 \u0219edin\u0163\u0103 CGMB: Proiectele \u201ecu scandal\u201d au trecut, dup\u0103 ce primarul a acceptat \u0219i dou\u0103 ini\u021biative ale lui Daniel B\u0103lu\u021b\u0103\"}]},{\"@type\":\"WebSite\",\"@id\":\"https:\\\/\\\/buletin.de\\\/bucuresti\\\/#website\",\"url\":\"https:\\\/\\\/buletin.de\\\/bucuresti\\\/\",\"name\":\"Buletin de Bucure\u0219ti\",\"description\":\"\u0218tiri \u0219i investiga\u021bii esen\u021biale din capital\u0103\",\"publisher\":{\"@id\":\"https:\\\/\\\/buletin.de\\\/bucuresti\\\/#organization\"},\"potentialAction\":[{\"@type\":\"SearchAction\",\"target\":{\"@type\":\"EntryPoint\",\"urlTemplate\":\"https:\\\/\\\/buletin.de\\\/bucuresti\\\/?s={search_term_string}\"},\"query-input\":{\"@type\":\"PropertyValueSpecification\",\"valueRequired\":true,\"valueName\":\"search_term_string\"}}],\"inLanguage\":\"en-GB\"},{\"@type\":\"Organization\",\"@id\":\"https:\\\/\\\/buletin.de\\\/bucuresti\\\/#organization\",\"name\":\"Buletin de Bucure\u0219ti\",\"url\":\"https:\\\/\\\/buletin.de\\\/bucuresti\\\/\",\"logo\":{\"@type\":\"ImageObject\",\"inLanguage\":\"en-GB\",\"@id\":\"https:\\\/\\\/buletin.de\\\/bucuresti\\\/#\\\/schema\\\/logo\\\/image\\\/\",\"url\":\"https:\\\/\\\/buletin.de\\\/bucuresti\\\/wp-content\\\/uploads\\\/logo-bdb-full-wide-vernil-transparent.png\",\"contentUrl\":\"https:\\\/\\\/buletin.de\\\/bucuresti\\\/wp-content\\\/uploads\\\/logo-bdb-full-wide-vernil-transparent.png\",\"width\":1782,\"height\":626,\"caption\":\"Buletin de Bucure\u0219ti\"},\"image\":{\"@id\":\"https:\\\/\\\/buletin.de\\\/bucuresti\\\/#\\\/schema\\\/logo\\\/image\\\/\"},\"sameAs\":[\"https:\\\/\\\/www.facebook.com\\\/buletin.de.buc\",\"https:\\\/\\\/www.instagram.com\\\/buletinde.bucuresti\\\/\"]},{\"@type\":\"Person\",\"@id\":\"https:\\\/\\\/buletin.de\\\/bucuresti\\\/#\\\/schema\\\/person\\\/0ac9db30080482be87c7386a30f98796\",\"name\":\"C\u0103t\u0103lin Anghel-Dimache\",\"image\":{\"@type\":\"ImageObject\",\"inLanguage\":\"en-GB\",\"@id\":\"https:\\\/\\\/buletin.de\\\/bucuresti\\\/wp-content\\\/uploads\\\/Catalin-Anghel-Dimache-96x96.jpgbd9e43c5b25186d5b8e917ac61ad86c4\",\"url\":\"https:\\\/\\\/buletin.de\\\/bucuresti\\\/wp-content\\\/uploads\\\/Catalin-Anghel-Dimache-96x96.jpg\",\"contentUrl\":\"https:\\\/\\\/buletin.de\\\/bucuresti\\\/wp-content\\\/uploads\\\/Catalin-Anghel-Dimache-96x96.jpg\",\"caption\":\"C\u0103t\u0103lin Anghel-Dimache\"},\"description\":\"A absolvit Facultatea de Jurnalism \u0219i \u0218tiin\u021bele Comunic\u0103rii a Universit\u0103\u021bii din Bucure\u0219ti \u00een 2024. Scrie despre mediu \u0219i teme sociale, dar \u0219i despre cum se reflect\u0103 ele \u00een via\u021ba cotidian\u0103 a bucure\u0219tenilor, cu un ochi atent la pove\u0219tile personale din spatele titlurilor. N\u0103scut \u0219i crescut \u00een Bucure\u0219ti, a f\u0103cut un pas c\u0103tre presa local\u0103, din pasiune pentru ora\u0219ul s\u0103u \u0219i oamenii din el.\",\"url\":\"https:\\\/\\\/buletin.de\\\/bucuresti\\\/author\\\/catalin-anghel-dimache\\\/\"}]}<\/script>\n<!-- \/ Yoast SEO Premium plugin. -->","yoast_head_json":{"title":"LIVETEXT | \u201eTestul\u201d lui Ciucu, la o nou\u0103 \u0219edin\u0163\u0103 CGMB: Proiectele \u201ecu scandal\u201d au trecut, dup\u0103 ce primarul a acceptat \u0219i dou\u0103 ini\u021biative ale lui Daniel B\u0103lu\u021b\u0103 - Buletin de Bucure\u0219ti","description":"Consilierii generali ai Capitalei se \u00eentrunesc vineri \u00eentr-o \u0219edin\u021b\u0103 extraordinar\u0103 convocat\u0103 de grupurile PSD \u0219i PUSL, pentru a tran\u0219a proiecte blocate anterior de lipsa de cvorum.","robots":{"index":"index","follow":"follow","max-snippet":"max-snippet:-1","max-image-preview":"max-image-preview:large","max-video-preview":"max-video-preview:-1"},"canonical":"https:\/\/buletin.de\/bucuresti\/testul-lui-ciucu-la-o-noua-sedinta-cgmb-proiectele-cu-scandal-din-nou-pe-ordinea-de-zi\/","og_locale":"en_GB","og_type":"article","og_title":"LIVETEXT | \u201eTestul\u201d lui Ciucu, la o nou\u0103 \u0219edin\u0163\u0103 CGMB: Proiectele \u201ecu scandal\u201d au trecut, dup\u0103 ce primarul a acceptat \u0219i dou\u0103 ini\u021biative ale lui Daniel B\u0103lu\u021b\u0103","og_description":"Consilierii generali ai Capitalei se \u00eentrunesc vineri \u00eentr-o \u0219edin\u021b\u0103 extraordinar\u0103 convocat\u0103 de grupurile PSD \u0219i PUSL, pentru a tran\u0219a proiecte blocate anterior de lipsa de cvorum.","og_url":"https:\/\/buletin.de\/bucuresti\/testul-lui-ciucu-la-o-noua-sedinta-cgmb-proiectele-cu-scandal-din-nou-pe-ordinea-de-zi\/","og_site_name":"Buletin de Bucure\u0219ti","article_publisher":"https:\/\/www.facebook.com\/buletin.de.buc","article_published_time":"2026-03-13T08:09:09+00:00","article_modified_time":"2026-03-13T18:02:18+00:00","og_image":[{"width":938,"height":599,"url":"https:\/\/buletin.de\/bucuresti\/wp-content\/uploads\/2026\/01\/ciucucgmb.png","type":"image\/png"}],"author":"C\u0103t\u0103lin Anghel-Dimache, C\u0103t\u0103lin Dosca\u0219","twitter_card":"summary_large_image","twitter_misc":{"Written by":"C\u0103t\u0103lin Anghel-Dimache","Estimated reading time":"5 minutes"},"schema":{"@context":"https:\/\/schema.org","@graph":[{"@type":"Article","@id":"https:\/\/buletin.de\/bucuresti\/testul-lui-ciucu-la-o-noua-sedinta-cgmb-proiectele-cu-scandal-din-nou-pe-ordinea-de-zi\/#article","isPartOf":{"@id":"https:\/\/buletin.de\/bucuresti\/testul-lui-ciucu-la-o-noua-sedinta-cgmb-proiectele-cu-scandal-din-nou-pe-ordinea-de-zi\/"},"author":{"name":"C\u0103t\u0103lin Anghel-Dimache","@id":"https:\/\/buletin.de\/bucuresti\/#\/schema\/person\/0ac9db30080482be87c7386a30f98796"},"headline":"LIVETEXT | \u201eTestul\u201d lui Ciucu, la o nou\u0103 \u0219edin\u0163\u0103 CGMB: Proiectele \u201ecu scandal\u201d au trecut, dup\u0103 ce primarul a acceptat \u0219i dou\u0103 ini\u021biative ale lui Daniel B\u0103lu\u021b\u0103","datePublished":"2026-03-13T08:09:09+00:00","dateModified":"2026-03-13T18:02:18+00:00","mainEntityOfPage":{"@id":"https:\/\/buletin.de\/bucuresti\/testul-lui-ciucu-la-o-noua-sedinta-cgmb-proiectele-cu-scandal-din-nou-pe-ordinea-de-zi\/"},"wordCount":1148,"publisher":{"@id":"https:\/\/buletin.de\/bucuresti\/#organization"},"image":{"@id":"https:\/\/buletin.de\/bucuresti\/testul-lui-ciucu-la-o-noua-sedinta-cgmb-proiectele-cu-scandal-din-nou-pe-ordinea-de-zi\/#primaryimage"},"thumbnailUrl":"https:\/\/buletin.de\/bucuresti\/wp-content\/uploads\/2026\/01\/ciucucgmb.png","keywords":["audit","cgmb","chirii Bucuresti","consiliul general","dimitrie pompeiu","exproprieri","facturi caldura","primaria capitalei","Promenada Verde","stb","termoenergetica"],"articleSection":["Articole","Main","Prim\u0103rie"],"inLanguage":"en-GB","copyrightYear":"2026","copyrightHolder":{"@id":"https:\/\/buletin.de\/bucuresti\/#organization"}},{"@type":"WebPage","@id":"https:\/\/buletin.de\/bucuresti\/testul-lui-ciucu-la-o-noua-sedinta-cgmb-proiectele-cu-scandal-din-nou-pe-ordinea-de-zi\/","url":"https:\/\/buletin.de\/bucuresti\/testul-lui-ciucu-la-o-noua-sedinta-cgmb-proiectele-cu-scandal-din-nou-pe-ordinea-de-zi\/","name":"LIVETEXT | \u201eTestul\u201d lui Ciucu, la o nou\u0103 \u0219edin\u0163\u0103 CGMB: Proiectele \u201ecu scandal\u201d au trecut, dup\u0103 ce primarul a acceptat \u0219i dou\u0103 ini\u021biative ale lui Daniel B\u0103lu\u021b\u0103 - Buletin de Bucure\u0219ti","isPartOf":{"@id":"https:\/\/buletin.de\/bucuresti\/#website"},"primaryImageOfPage":{"@id":"https:\/\/buletin.de\/bucuresti\/testul-lui-ciucu-la-o-noua-sedinta-cgmb-proiectele-cu-scandal-din-nou-pe-ordinea-de-zi\/#primaryimage"},"image":{"@id":"https:\/\/buletin.de\/bucuresti\/testul-lui-ciucu-la-o-noua-sedinta-cgmb-proiectele-cu-scandal-din-nou-pe-ordinea-de-zi\/#primaryimage"},"thumbnailUrl":"https:\/\/buletin.de\/bucuresti\/wp-content\/uploads\/2026\/01\/ciucucgmb.png","datePublished":"2026-03-13T08:09:09+00:00","dateModified":"2026-03-13T18:02:18+00:00","description":"Consilierii generali ai Capitalei se \u00eentrunesc vineri \u00eentr-o \u0219edin\u021b\u0103 extraordinar\u0103 convocat\u0103 de grupurile PSD \u0219i PUSL, pentru a tran\u0219a proiecte blocate anterior de lipsa de cvorum.","breadcrumb":{"@id":"https:\/\/buletin.de\/bucuresti\/testul-lui-ciucu-la-o-noua-sedinta-cgmb-proiectele-cu-scandal-din-nou-pe-ordinea-de-zi\/#breadcrumb"},"inLanguage":"en-GB","potentialAction":[{"@type":"ReadAction","target":["https:\/\/buletin.de\/bucuresti\/testul-lui-ciucu-la-o-noua-sedinta-cgmb-proiectele-cu-scandal-din-nou-pe-ordinea-de-zi\/"]}]},{"@type":"ImageObject","inLanguage":"en-GB","@id":"https:\/\/buletin.de\/bucuresti\/testul-lui-ciucu-la-o-noua-sedinta-cgmb-proiectele-cu-scandal-din-nou-pe-ordinea-de-zi\/#primaryimage","url":"https:\/\/buletin.de\/bucuresti\/wp-content\/uploads\/2026\/01\/ciucucgmb.png","contentUrl":"https:\/\/buletin.de\/bucuresti\/wp-content\/uploads\/2026\/01\/ciucucgmb.png","width":938,"height":599,"caption":"\u201eTestul\u201d lui Ciucu la o nou\u0103 \u0219edin\u0163\u0103 CGMB"},{"@type":"BreadcrumbList","@id":"https:\/\/buletin.de\/bucuresti\/testul-lui-ciucu-la-o-noua-sedinta-cgmb-proiectele-cu-scandal-din-nou-pe-ordinea-de-zi\/#breadcrumb","itemListElement":[{"@type":"ListItem","position":1,"name":"Acas\u0103","item":"https:\/\/buletin.de\/bucuresti\/"},{"@type":"ListItem","position":2,"name":"LIVETEXT | \u201eTestul\u201d lui Ciucu, la o nou\u0103 \u0219edin\u0163\u0103 CGMB: Proiectele \u201ecu scandal\u201d au trecut, dup\u0103 ce primarul a acceptat \u0219i dou\u0103 ini\u021biative ale lui Daniel B\u0103lu\u021b\u0103"}]},{"@type":"WebSite","@id":"https:\/\/buletin.de\/bucuresti\/#website","url":"https:\/\/buletin.de\/bucuresti\/","name":"Buletin de Bucure\u0219ti","description":"\u0218tiri \u0219i investiga\u021bii esen\u021biale din capital\u0103","publisher":{"@id":"https:\/\/buletin.de\/bucuresti\/#organization"},"potentialAction":[{"@type":"SearchAction","target":{"@type":"EntryPoint","urlTemplate":"https:\/\/buletin.de\/bucuresti\/?s={search_term_string}"},"query-input":{"@type":"PropertyValueSpecification","valueRequired":true,"valueName":"search_term_string"}}],"inLanguage":"en-GB"},{"@type":"Organization","@id":"https:\/\/buletin.de\/bucuresti\/#organization","name":"Buletin de Bucure\u0219ti","url":"https:\/\/buletin.de\/bucuresti\/","logo":{"@type":"ImageObject","inLanguage":"en-GB","@id":"https:\/\/buletin.de\/bucuresti\/#\/schema\/logo\/image\/","url":"https:\/\/buletin.de\/bucuresti\/wp-content\/uploads\/logo-bdb-full-wide-vernil-transparent.png","contentUrl":"https:\/\/buletin.de\/bucuresti\/wp-content\/uploads\/logo-bdb-full-wide-vernil-transparent.png","width":1782,"height":626,"caption":"Buletin de Bucure\u0219ti"},"image":{"@id":"https:\/\/buletin.de\/bucuresti\/#\/schema\/logo\/image\/"},"sameAs":["https:\/\/www.facebook.com\/buletin.de.buc","https:\/\/www.instagram.com\/buletinde.bucuresti\/"]},{"@type":"Person","@id":"https:\/\/buletin.de\/bucuresti\/#\/schema\/person\/0ac9db30080482be87c7386a30f98796","name":"C\u0103t\u0103lin Anghel-Dimache","image":{"@type":"ImageObject","inLanguage":"en-GB","@id":"https:\/\/buletin.de\/bucuresti\/wp-content\/uploads\/Catalin-Anghel-Dimache-96x96.jpgbd9e43c5b25186d5b8e917ac61ad86c4","url":"https:\/\/buletin.de\/bucuresti\/wp-content\/uploads\/Catalin-Anghel-Dimache-96x96.jpg","contentUrl":"https:\/\/buletin.de\/bucuresti\/wp-content\/uploads\/Catalin-Anghel-Dimache-96x96.jpg","caption":"C\u0103t\u0103lin Anghel-Dimache"},"description":"A absolvit Facultatea de Jurnalism \u0219i \u0218tiin\u021bele Comunic\u0103rii a Universit\u0103\u021bii din Bucure\u0219ti \u00een 2024. Scrie despre mediu \u0219i teme sociale, dar \u0219i despre cum se reflect\u0103 ele \u00een via\u021ba cotidian\u0103 a bucure\u0219tenilor, cu un ochi atent la pove\u0219tile personale din spatele titlurilor. N\u0103scut \u0219i crescut \u00een Bucure\u0219ti, a f\u0103cut un pas c\u0103tre presa local\u0103, din pasiune pentru ora\u0219ul s\u0103u \u0219i oamenii din el.","url":"https:\/\/buletin.de\/bucuresti\/author\/catalin-anghel-dimache\/"}]}},"authors":[{"term_id":22572,"user_id":59,"is_guest":0,"slug":"catalin-anghel-dimache","display_name":"C\u0103t\u0103lin Anghel-Dimache","avatar_url":"https:\/\/buletin.de\/bucuresti\/wp-content\/uploads\/Catalin-Anghel-Dimache-96x96.jpg","0":null,"1":"","2":"","3":"","4":"","5":"","6":"","7":"","8":""},{"term_id":22575,"user_id":10,"is_guest":0,"slug":"catalin","display_name":"C\u0103t\u0103lin Dosca\u0219","avatar_url":"https:\/\/buletin.de\/bucuresti\/wp-content\/uploads\/Catalin-Doscas-e1732731064764-96x96.jpg","0":null,"1":"","2":"","3":"","4":"","5":"","6":"","7":"","8":""}],"_links":{"self":[{"href":"https:\/\/buletin.de\/bucuresti\/wp-json\/wp\/v2\/posts\/180271","targetHints":{"allow":["GET"]}}],"collection":[{"href":"https:\/\/buletin.de\/bucuresti\/wp-json\/wp\/v2\/posts"}],"about":[{"href":"https:\/\/buletin.de\/bucuresti\/wp-json\/wp\/v2\/types\/post"}],"author":[{"embeddable":true,"href":"https:\/\/buletin.de\/bucuresti\/wp-json\/wp\/v2\/users\/59"}],"replies":[{"embeddable":true,"href":"https:\/\/buletin.de\/bucuresti\/wp-json\/wp\/v2\/comments?post=180271"}],"version-history":[{"count":16,"href":"https:\/\/buletin.de\/bucuresti\/wp-json\/wp\/v2\/posts\/180271\/revisions"}],"predecessor-version":[{"id":180396,"href":"https:\/\/buletin.de\/bucuresti\/wp-json\/wp\/v2\/posts\/180271\/revisions\/180396"}],"wp:featuredmedia":[{"embeddable":true,"href":"https:\/\/buletin.de\/bucuresti\/wp-json\/wp\/v2\/media\/170130"}],"wp:attachment":[{"href":"https:\/\/buletin.de\/bucuresti\/wp-json\/wp\/v2\/media?parent=180271"}],"wp:term":[{"taxonomy":"category","embeddable":true,"href":"https:\/\/buletin.de\/bucuresti\/wp-json\/wp\/v2\/categories?post=180271"},{"taxonomy":"post_tag","embeddable":true,"href":"https:\/\/buletin.de\/bucuresti\/wp-json\/wp\/v2\/tags?post=180271"},{"taxonomy":"author","embeddable":true,"href":"https:\/\/buletin.de\/bucuresti\/wp-json\/wp\/v2\/ppma_author?post=180271"}],"curies":[{"name":"wp","href":"https:\/\/api.w.org\/{rel}","templated":true}]}}