{"id":180261,"date":"2026-03-13T10:56:35","date_gmt":"2026-03-13T07:56:35","guid":{"rendered":"https:\/\/buletin.de\/bucuresti\/?p=180261"},"modified":"2026-03-13T10:56:58","modified_gmt":"2026-03-13T07:56:58","slug":"prejudiciu-de-25-milioane-de-lei-la-alpab-partidul-ecologist-roman-ocupa-un-apartament-de-lux-fara-sa-plateasca-de-zece-ani-spotmedia","status":"publish","type":"post","link":"https:\/\/buletin.de\/bucuresti\/prejudiciu-de-25-milioane-de-lei-la-alpab-partidul-ecologist-roman-ocupa-un-apartament-de-lux-fara-sa-plateasca-de-zece-ani-spotmedia\/","title":{"rendered":"Prejudiciu la ALPAB. Partidul Ecologist Rom\u00e2n ocup\u0103 un apartament de lux f\u0103r\u0103 s\u0103 pl\u0103teasc\u0103 de zece ani | Spotmedia"},"content":{"rendered":"\n<p><strong>Prim\u0103ria Capitalei are un apartament \u00een Satul Francez ocupat de un partid care nu a pl\u0103tit ani \u00eentregi. Exist\u0103 \u0219anse zero s\u0103 fie recupera\u021bi peste 650.000 de lei, conform datelor centralizate de jurnali\u0219tii de la <a href=\"https:\/\/spotmedia.ro\/stiri\/eveniment\/exclusiv-primaria-capitalei-are-un-apartament-in-satul-francez-ocupat-de-un-partid-care-nu-a-platit-ani-intregi-sanse-zero-sa-fie-recuperati-peste-650-000-de-lei\">Spotmedia.ro<\/a> Proprietarul direct, adic\u0103 Administra\u021bia Lacuri, Parcuri \u0219i Agrement Bucure\u0219ti gestioneaz\u0103 \u00een prezent un deficit total de 2.481.793 de lei. <\/strong><\/p>\n\n\n\n<p><strong>Suma provine exclusiv din ne\u00eencasarea chiriilor \u0219i utilit\u0103\u021bilor aferente spa\u021biilor reziden\u021biale din complexul situat pe \u0218oseaua Nordului. Peste un sfert din acest prejudiciu reprezint\u0103 datoria exclusiv\u0103 a Partidului Ecologist Rom\u00e2n.<\/strong><\/p>\n\n\n\n<p>Complexul imobiliar din proximitatea Parcului Her\u0103str\u0103u cuprinde 10 vile de tip duplex \u0219i 20 de apartamente. Zona exclusivist\u0103 impune pre\u021buri mult peste media pie\u021bei imobiliare din Capital\u0103, scrie <a href=\"https:\/\/spotmedia.ro\/stiri\/eveniment\/exclusiv-primaria-capitalei-are-un-apartament-in-satul-francez-ocupat-de-un-partid-care-nu-a-platit-ani-intregi-sanse-zero-sa-fie-recuperati-peste-650-000-de-lei\">Spotmedia.ro<\/a><\/p>\n\n\n\n<p>Administrarea eficient\u0103 a acestor active ar asigura fonduri constante pentru bugetul local. \u00cen practic\u0103, ansamblul a generat pierderi majore din cauza refuzului ocupan\u021bilor de a elibera spa\u021biile \u0219i a pasivit\u0103\u021bii func\u021bionarilor publici \u00een recuperarea crean\u021belor.<\/p>\n\n\n\n<h2 class=\"wp-block-heading\" id=\"h-contract-semnat-\u0219i-pla\u021bi-sistate-imediat\">Contract semnat \u0219i pl\u0103\u021bi sistate imediat<\/h2>\n\n\n\n<p>ALPAB a semnat \u00een luna mai 2012 un contract de \u00eenchiriere cu Partidul Ecologist Rom\u00e2n pentru un apartament de 100 de metri p\u0103tra\u021bi. Documentul stipula o chirie lunar\u0103 de 500 de euro, calculat\u0103 la cursul B\u0103ncii Na\u021bionale a Rom\u00e2niei. P\u0103r\u021bile au convenit achitarea sumei \u00een avans p\u00e2n\u0103 la jum\u0103tatea lunii, cu o penalizare de 0,2% pentru fiecare zi de \u00eent\u00e2rziere. Chiria\u0219ul \u0219i-a asumat \u0219i plata integral\u0103 a utilit\u0103\u021bilor.<\/p>\n\n\n\n<p>Forma\u021biunea politic\u0103 a sistat orice plat\u0103 \u00een luna iulie 2012, la doar o lun\u0103 de la preluarea imobilului. Conducerea ALPAB a a\u0219teptat 19 luni \u00eenainte de a ac\u021biona debitorul \u00een instan\u021b\u0103 pentru recuperarea unui prim debit de 93.419 lei.<\/p>\n\n\n\n<p><strong><em>Cite\u0219te continuarea <a href=\"https:\/\/spotmedia.ro\/stiri\/eveniment\/exclusiv-primaria-capitalei-are-un-apartament-in-satul-francez-ocupat-de-un-partid-care-nu-a-platit-ani-intregi-sanse-zero-sa-fie-recuperati-peste-650-000-de-lei?fbclid=IwY2xjawQgkrdleHRuA2FlbQIxMQBicmlkETAzWHpHVGlsdW1JSEp6NFhhc3J0YwZhcHBfaWQQMjIyMDM5MTc4ODIwMDg5MgABHqj2Qqh0YjjHn6FDJmTEbvNDluXbBgDHyrsJRB4jdPjzoXVgSNsGlswcnOzm_aem_tXMMw94sZrhi0CA5e1sQ1g\">spotmedia.ro<\/a><\/em><\/strong><\/p>\n\n\n\n<p><strong>CITE\u0218TE \u0218I <a href=\"https:\/\/buletin.de\/bucuresti\/editorial-factura-pentru-mafiile-de-la-periferie-din-bugetul-pe-2026-cum-ajung-banii-bucurestenilor-in-feudele-imobiliare-din-ilfov\/\">EDITORIAL | Factura pentru mafiile de la periferie din bugetul pe 2026. Cum ajung banii bucure\u0219tenilor \u00een feudele imobiliare din Ilfov<\/a><\/strong><\/p>\n\n\n\n<p><\/p>\n","protected":false},"excerpt":{"rendered":"<p>Prim\u0103ria Capitalei are un apartament \u00een Satul Francez ocupat de un partid care nu a pl\u0103tit ani \u00eentregi. Exist\u0103 \u0219anse zero s\u0103 fie recupera\u021bi peste 650.000 de lei, conform datelor centralizate de jurnali\u0219tii de la Spotmedia.ro Proprietarul direct, adic\u0103 Administra\u021bia Lacuri, Parcuri \u0219i Agrement Bucure\u0219ti gestioneaz\u0103 \u00een prezent un deficit total de 2.481.793 de lei. [&hellip;]<\/p>\n","protected":false},"author":1,"featured_media":180263,"comment_status":"closed","ping_status":"open","sticky":false,"template":"","format":"standard","meta":{"_acf_changed":false,"inline_featured_image":false,"ngg_post_thumbnail":0,"footnotes":""},"categories":[6994,24,62],"tags":[635,27048,27047,27044,27046,27050,27056],"ppma_author":[22583],"class_list":["post-180261","post","type-post","status-publish","format-standard","has-post-thumbnail","hentry","category-stiri-2","category-primarie","category-stiri","tag-amccrs","tag-coruptie-administrativa","tag-datorii-chirie","tag-partid-politic","tag-patrimoniu-pmb","tag-pierderi-bugetare","tag-procese-pmb"],"acf":[],"yoast_head":"<!-- This site is optimized with the Yoast SEO Premium plugin v25.3 (Yoast SEO v27.4) - https:\/\/yoast.com\/product\/yoast-seo-premium-wordpress\/ -->\n<title>Prejudiciu la ALPAB. Partidul Ecologist Rom\u00e2n ocup\u0103 un apartament de lux f\u0103r\u0103 s\u0103 pl\u0103teasc\u0103 de zece ani | Spotmedia - Buletin de Bucure\u0219ti<\/title>\n<meta name=\"description\" content=\"Proprietatea situat\u0103 \u00een \u0218oseaua Nordului, una dintre cele mai scumpe zone ale Capitalei, are o suprafa\u021b\u0103 de 120 de metri p\u0103tra\u021bi.\" \/>\n<meta name=\"robots\" content=\"index, follow, max-snippet:-1, max-image-preview:large, max-video-preview:-1\" \/>\n<link rel=\"canonical\" href=\"https:\/\/buletin.de\/bucuresti\/prejudiciu-de-25-milioane-de-lei-la-alpab-partidul-ecologist-roman-ocupa-un-apartament-de-lux-fara-sa-plateasca-de-zece-ani-spotmedia\/\" \/>\n<meta property=\"og:locale\" content=\"en_GB\" \/>\n<meta property=\"og:type\" content=\"article\" \/>\n<meta property=\"og:title\" content=\"Prejudiciu la ALPAB. Partidul Ecologist Rom\u00e2n ocup\u0103 un apartament de lux f\u0103r\u0103 s\u0103 pl\u0103teasc\u0103 de zece ani | Spotmedia\" \/>\n<meta property=\"og:description\" content=\"Proprietatea situat\u0103 \u00een \u0218oseaua Nordului, una dintre cele mai scumpe zone ale Capitalei, are o suprafa\u021b\u0103 de 120 de metri p\u0103tra\u021bi.\" \/>\n<meta property=\"og:url\" content=\"https:\/\/buletin.de\/bucuresti\/prejudiciu-de-25-milioane-de-lei-la-alpab-partidul-ecologist-roman-ocupa-un-apartament-de-lux-fara-sa-plateasca-de-zece-ani-spotmedia\/\" \/>\n<meta property=\"og:site_name\" content=\"Buletin de Bucure\u0219ti\" \/>\n<meta property=\"article:publisher\" content=\"https:\/\/www.facebook.com\/buletin.de.buc\" \/>\n<meta property=\"article:published_time\" content=\"2026-03-13T07:56:35+00:00\" \/>\n<meta property=\"article:modified_time\" content=\"2026-03-13T07:56:58+00:00\" \/>\n<meta property=\"og:image\" content=\"https:\/\/buletin.de\/bucuresti\/wp-content\/uploads\/2026\/03\/satul-Francez-770x540-1.jpg\" \/>\n\t<meta property=\"og:image:width\" content=\"770\" \/>\n\t<meta property=\"og:image:height\" content=\"540\" \/>\n\t<meta property=\"og:image:type\" content=\"image\/jpeg\" \/>\n<meta name=\"author\" content=\"Redac\u021bia Buletin de Bucure\u0219ti\" \/>\n<meta name=\"twitter:card\" content=\"summary_large_image\" \/>\n<meta name=\"twitter:label1\" content=\"Written by\" \/>\n\t<meta name=\"twitter:data1\" content=\"Redac\u021bia Buletin de Bucure\u0219ti\" \/>\n\t<meta name=\"twitter:label2\" content=\"Estimated reading time\" \/>\n\t<meta name=\"twitter:data2\" content=\"2 minutes\" \/>\n<script type=\"application\/ld+json\" class=\"yoast-schema-graph\">{\"@context\":\"https:\\\/\\\/schema.org\",\"@graph\":[{\"@type\":\"Article\",\"@id\":\"https:\\\/\\\/buletin.de\\\/bucuresti\\\/prejudiciu-de-25-milioane-de-lei-la-alpab-partidul-ecologist-roman-ocupa-un-apartament-de-lux-fara-sa-plateasca-de-zece-ani-spotmedia\\\/#article\",\"isPartOf\":{\"@id\":\"https:\\\/\\\/buletin.de\\\/bucuresti\\\/prejudiciu-de-25-milioane-de-lei-la-alpab-partidul-ecologist-roman-ocupa-un-apartament-de-lux-fara-sa-plateasca-de-zece-ani-spotmedia\\\/\"},\"author\":{\"name\":\"Redac\u021bia Buletin de Bucure\u0219ti\",\"@id\":\"https:\\\/\\\/buletin.de\\\/bucuresti\\\/#\\\/schema\\\/person\\\/2bbcf854e5f2419a13804af574d06ab1\"},\"headline\":\"Prejudiciu la ALPAB. Partidul Ecologist Rom\u00e2n ocup\u0103 un apartament de lux f\u0103r\u0103 s\u0103 pl\u0103teasc\u0103 de zece ani | Spotmedia\",\"datePublished\":\"2026-03-13T07:56:35+00:00\",\"dateModified\":\"2026-03-13T07:56:58+00:00\",\"mainEntityOfPage\":{\"@id\":\"https:\\\/\\\/buletin.de\\\/bucuresti\\\/prejudiciu-de-25-milioane-de-lei-la-alpab-partidul-ecologist-roman-ocupa-un-apartament-de-lux-fara-sa-plateasca-de-zece-ani-spotmedia\\\/\"},\"wordCount\":339,\"publisher\":{\"@id\":\"https:\\\/\\\/buletin.de\\\/bucuresti\\\/#organization\"},\"image\":{\"@id\":\"https:\\\/\\\/buletin.de\\\/bucuresti\\\/prejudiciu-de-25-milioane-de-lei-la-alpab-partidul-ecologist-roman-ocupa-un-apartament-de-lux-fara-sa-plateasca-de-zece-ani-spotmedia\\\/#primaryimage\"},\"thumbnailUrl\":\"https:\\\/\\\/buletin.de\\\/bucuresti\\\/wp-content\\\/uploads\\\/2026\\\/03\\\/satul-Francez-770x540-1.jpg\",\"keywords\":[\"amccrs\",\"corup\u021bie administrativ\u0103\",\"datorii chirie\",\"partid politic\",\"patrimoniu PMB\",\"pierderi bugetare.\",\"procese PMB\"],\"articleSection\":[\"Articole\",\"Prim\u0103rie\",\"\u0218tiri\"],\"inLanguage\":\"en-GB\",\"copyrightYear\":\"2026\",\"copyrightHolder\":{\"@id\":\"https:\\\/\\\/buletin.de\\\/bucuresti\\\/#organization\"}},{\"@type\":\"WebPage\",\"@id\":\"https:\\\/\\\/buletin.de\\\/bucuresti\\\/prejudiciu-de-25-milioane-de-lei-la-alpab-partidul-ecologist-roman-ocupa-un-apartament-de-lux-fara-sa-plateasca-de-zece-ani-spotmedia\\\/\",\"url\":\"https:\\\/\\\/buletin.de\\\/bucuresti\\\/prejudiciu-de-25-milioane-de-lei-la-alpab-partidul-ecologist-roman-ocupa-un-apartament-de-lux-fara-sa-plateasca-de-zece-ani-spotmedia\\\/\",\"name\":\"Prejudiciu la ALPAB. Partidul Ecologist Rom\u00e2n ocup\u0103 un apartament de lux f\u0103r\u0103 s\u0103 pl\u0103teasc\u0103 de zece ani | Spotmedia - Buletin de Bucure\u0219ti\",\"isPartOf\":{\"@id\":\"https:\\\/\\\/buletin.de\\\/bucuresti\\\/#website\"},\"primaryImageOfPage\":{\"@id\":\"https:\\\/\\\/buletin.de\\\/bucuresti\\\/prejudiciu-de-25-milioane-de-lei-la-alpab-partidul-ecologist-roman-ocupa-un-apartament-de-lux-fara-sa-plateasca-de-zece-ani-spotmedia\\\/#primaryimage\"},\"image\":{\"@id\":\"https:\\\/\\\/buletin.de\\\/bucuresti\\\/prejudiciu-de-25-milioane-de-lei-la-alpab-partidul-ecologist-roman-ocupa-un-apartament-de-lux-fara-sa-plateasca-de-zece-ani-spotmedia\\\/#primaryimage\"},\"thumbnailUrl\":\"https:\\\/\\\/buletin.de\\\/bucuresti\\\/wp-content\\\/uploads\\\/2026\\\/03\\\/satul-Francez-770x540-1.jpg\",\"datePublished\":\"2026-03-13T07:56:35+00:00\",\"dateModified\":\"2026-03-13T07:56:58+00:00\",\"description\":\"Proprietatea situat\u0103 \u00een \u0218oseaua Nordului, una dintre cele mai scumpe zone ale Capitalei, are o suprafa\u021b\u0103 de 120 de metri p\u0103tra\u021bi.\",\"breadcrumb\":{\"@id\":\"https:\\\/\\\/buletin.de\\\/bucuresti\\\/prejudiciu-de-25-milioane-de-lei-la-alpab-partidul-ecologist-roman-ocupa-un-apartament-de-lux-fara-sa-plateasca-de-zece-ani-spotmedia\\\/#breadcrumb\"},\"inLanguage\":\"en-GB\",\"potentialAction\":[{\"@type\":\"ReadAction\",\"target\":[\"https:\\\/\\\/buletin.de\\\/bucuresti\\\/prejudiciu-de-25-milioane-de-lei-la-alpab-partidul-ecologist-roman-ocupa-un-apartament-de-lux-fara-sa-plateasca-de-zece-ani-spotmedia\\\/\"]}]},{\"@type\":\"ImageObject\",\"inLanguage\":\"en-GB\",\"@id\":\"https:\\\/\\\/buletin.de\\\/bucuresti\\\/prejudiciu-de-25-milioane-de-lei-la-alpab-partidul-ecologist-roman-ocupa-un-apartament-de-lux-fara-sa-plateasca-de-zece-ani-spotmedia\\\/#primaryimage\",\"url\":\"https:\\\/\\\/buletin.de\\\/bucuresti\\\/wp-content\\\/uploads\\\/2026\\\/03\\\/satul-Francez-770x540-1.jpg\",\"contentUrl\":\"https:\\\/\\\/buletin.de\\\/bucuresti\\\/wp-content\\\/uploads\\\/2026\\\/03\\\/satul-Francez-770x540-1.jpg\",\"width\":770,\"height\":540,\"caption\":\"Apartament de lux al Prim\u0103riei Capitalei, cedat gratuit unui partid \u201efantom\u0103\u201d. FOTO: Spotmedia.ro\"},{\"@type\":\"BreadcrumbList\",\"@id\":\"https:\\\/\\\/buletin.de\\\/bucuresti\\\/prejudiciu-de-25-milioane-de-lei-la-alpab-partidul-ecologist-roman-ocupa-un-apartament-de-lux-fara-sa-plateasca-de-zece-ani-spotmedia\\\/#breadcrumb\",\"itemListElement\":[{\"@type\":\"ListItem\",\"position\":1,\"name\":\"Acas\u0103\",\"item\":\"https:\\\/\\\/buletin.de\\\/bucuresti\\\/\"},{\"@type\":\"ListItem\",\"position\":2,\"name\":\"Prejudiciu la ALPAB. Partidul Ecologist Rom\u00e2n ocup\u0103 un apartament de lux f\u0103r\u0103 s\u0103 pl\u0103teasc\u0103 de zece ani | Spotmedia\"}]},{\"@type\":\"WebSite\",\"@id\":\"https:\\\/\\\/buletin.de\\\/bucuresti\\\/#website\",\"url\":\"https:\\\/\\\/buletin.de\\\/bucuresti\\\/\",\"name\":\"Buletin de Bucure\u0219ti\",\"description\":\"\u0218tiri \u0219i investiga\u021bii esen\u021biale din capital\u0103\",\"publisher\":{\"@id\":\"https:\\\/\\\/buletin.de\\\/bucuresti\\\/#organization\"},\"potentialAction\":[{\"@type\":\"SearchAction\",\"target\":{\"@type\":\"EntryPoint\",\"urlTemplate\":\"https:\\\/\\\/buletin.de\\\/bucuresti\\\/?s={search_term_string}\"},\"query-input\":{\"@type\":\"PropertyValueSpecification\",\"valueRequired\":true,\"valueName\":\"search_term_string\"}}],\"inLanguage\":\"en-GB\"},{\"@type\":\"Organization\",\"@id\":\"https:\\\/\\\/buletin.de\\\/bucuresti\\\/#organization\",\"name\":\"Buletin de Bucure\u0219ti\",\"url\":\"https:\\\/\\\/buletin.de\\\/bucuresti\\\/\",\"logo\":{\"@type\":\"ImageObject\",\"inLanguage\":\"en-GB\",\"@id\":\"https:\\\/\\\/buletin.de\\\/bucuresti\\\/#\\\/schema\\\/logo\\\/image\\\/\",\"url\":\"https:\\\/\\\/buletin.de\\\/bucuresti\\\/wp-content\\\/uploads\\\/logo-bdb-full-wide-vernil-transparent.png\",\"contentUrl\":\"https:\\\/\\\/buletin.de\\\/bucuresti\\\/wp-content\\\/uploads\\\/logo-bdb-full-wide-vernil-transparent.png\",\"width\":1782,\"height\":626,\"caption\":\"Buletin de Bucure\u0219ti\"},\"image\":{\"@id\":\"https:\\\/\\\/buletin.de\\\/bucuresti\\\/#\\\/schema\\\/logo\\\/image\\\/\"},\"sameAs\":[\"https:\\\/\\\/www.facebook.com\\\/buletin.de.buc\",\"https:\\\/\\\/www.instagram.com\\\/buletinde.bucuresti\\\/\"]},{\"@type\":\"Person\",\"@id\":\"https:\\\/\\\/buletin.de\\\/bucuresti\\\/#\\\/schema\\\/person\\\/2bbcf854e5f2419a13804af574d06ab1\",\"name\":\"Redac\u021bia Buletin de Bucure\u0219ti\",\"image\":{\"@type\":\"ImageObject\",\"inLanguage\":\"en-GB\",\"@id\":\"https:\\\/\\\/secure.gravatar.com\\\/avatar\\\/18c5342381ed1a08620e6280424e3e5efc958618f5d67c522c9e44c1bc6f9226?s=96&d=monsterid&r=g60c7cd0ad92c68c049fcd4bb3504d609\",\"url\":\"https:\\\/\\\/secure.gravatar.com\\\/avatar\\\/18c5342381ed1a08620e6280424e3e5efc958618f5d67c522c9e44c1bc6f9226?s=96&d=monsterid&r=g\",\"contentUrl\":\"https:\\\/\\\/secure.gravatar.com\\\/avatar\\\/18c5342381ed1a08620e6280424e3e5efc958618f5d67c522c9e44c1bc6f9226?s=96&d=monsterid&r=g\",\"caption\":\"Redac\u021bia Buletin de Bucure\u0219ti\"},\"description\":\"Buletin de Bucure\u0219ti exist\u0103 din vara anului 2019.\",\"url\":\"https:\\\/\\\/buletin.de\\\/bucuresti\\\/author\\\/adminbuletin\\\/\"}]}<\/script>\n<!-- \/ Yoast SEO Premium plugin. -->","yoast_head_json":{"title":"Prejudiciu la ALPAB. Partidul Ecologist Rom\u00e2n ocup\u0103 un apartament de lux f\u0103r\u0103 s\u0103 pl\u0103teasc\u0103 de zece ani | Spotmedia - Buletin de Bucure\u0219ti","description":"Proprietatea situat\u0103 \u00een \u0218oseaua Nordului, una dintre cele mai scumpe zone ale Capitalei, are o suprafa\u021b\u0103 de 120 de metri p\u0103tra\u021bi.","robots":{"index":"index","follow":"follow","max-snippet":"max-snippet:-1","max-image-preview":"max-image-preview:large","max-video-preview":"max-video-preview:-1"},"canonical":"https:\/\/buletin.de\/bucuresti\/prejudiciu-de-25-milioane-de-lei-la-alpab-partidul-ecologist-roman-ocupa-un-apartament-de-lux-fara-sa-plateasca-de-zece-ani-spotmedia\/","og_locale":"en_GB","og_type":"article","og_title":"Prejudiciu la ALPAB. Partidul Ecologist Rom\u00e2n ocup\u0103 un apartament de lux f\u0103r\u0103 s\u0103 pl\u0103teasc\u0103 de zece ani | Spotmedia","og_description":"Proprietatea situat\u0103 \u00een \u0218oseaua Nordului, una dintre cele mai scumpe zone ale Capitalei, are o suprafa\u021b\u0103 de 120 de metri p\u0103tra\u021bi.","og_url":"https:\/\/buletin.de\/bucuresti\/prejudiciu-de-25-milioane-de-lei-la-alpab-partidul-ecologist-roman-ocupa-un-apartament-de-lux-fara-sa-plateasca-de-zece-ani-spotmedia\/","og_site_name":"Buletin de Bucure\u0219ti","article_publisher":"https:\/\/www.facebook.com\/buletin.de.buc","article_published_time":"2026-03-13T07:56:35+00:00","article_modified_time":"2026-03-13T07:56:58+00:00","og_image":[{"width":770,"height":540,"url":"https:\/\/buletin.de\/bucuresti\/wp-content\/uploads\/2026\/03\/satul-Francez-770x540-1.jpg","type":"image\/jpeg"}],"author":"Redac\u021bia Buletin de Bucure\u0219ti","twitter_card":"summary_large_image","twitter_misc":{"Written by":"Redac\u021bia Buletin de Bucure\u0219ti","Estimated reading time":"2 minutes"},"schema":{"@context":"https:\/\/schema.org","@graph":[{"@type":"Article","@id":"https:\/\/buletin.de\/bucuresti\/prejudiciu-de-25-milioane-de-lei-la-alpab-partidul-ecologist-roman-ocupa-un-apartament-de-lux-fara-sa-plateasca-de-zece-ani-spotmedia\/#article","isPartOf":{"@id":"https:\/\/buletin.de\/bucuresti\/prejudiciu-de-25-milioane-de-lei-la-alpab-partidul-ecologist-roman-ocupa-un-apartament-de-lux-fara-sa-plateasca-de-zece-ani-spotmedia\/"},"author":{"name":"Redac\u021bia Buletin de Bucure\u0219ti","@id":"https:\/\/buletin.de\/bucuresti\/#\/schema\/person\/2bbcf854e5f2419a13804af574d06ab1"},"headline":"Prejudiciu la ALPAB. Partidul Ecologist Rom\u00e2n ocup\u0103 un apartament de lux f\u0103r\u0103 s\u0103 pl\u0103teasc\u0103 de zece ani | Spotmedia","datePublished":"2026-03-13T07:56:35+00:00","dateModified":"2026-03-13T07:56:58+00:00","mainEntityOfPage":{"@id":"https:\/\/buletin.de\/bucuresti\/prejudiciu-de-25-milioane-de-lei-la-alpab-partidul-ecologist-roman-ocupa-un-apartament-de-lux-fara-sa-plateasca-de-zece-ani-spotmedia\/"},"wordCount":339,"publisher":{"@id":"https:\/\/buletin.de\/bucuresti\/#organization"},"image":{"@id":"https:\/\/buletin.de\/bucuresti\/prejudiciu-de-25-milioane-de-lei-la-alpab-partidul-ecologist-roman-ocupa-un-apartament-de-lux-fara-sa-plateasca-de-zece-ani-spotmedia\/#primaryimage"},"thumbnailUrl":"https:\/\/buletin.de\/bucuresti\/wp-content\/uploads\/2026\/03\/satul-Francez-770x540-1.jpg","keywords":["amccrs","corup\u021bie administrativ\u0103","datorii chirie","partid politic","patrimoniu PMB","pierderi bugetare.","procese PMB"],"articleSection":["Articole","Prim\u0103rie","\u0218tiri"],"inLanguage":"en-GB","copyrightYear":"2026","copyrightHolder":{"@id":"https:\/\/buletin.de\/bucuresti\/#organization"}},{"@type":"WebPage","@id":"https:\/\/buletin.de\/bucuresti\/prejudiciu-de-25-milioane-de-lei-la-alpab-partidul-ecologist-roman-ocupa-un-apartament-de-lux-fara-sa-plateasca-de-zece-ani-spotmedia\/","url":"https:\/\/buletin.de\/bucuresti\/prejudiciu-de-25-milioane-de-lei-la-alpab-partidul-ecologist-roman-ocupa-un-apartament-de-lux-fara-sa-plateasca-de-zece-ani-spotmedia\/","name":"Prejudiciu la ALPAB. Partidul Ecologist Rom\u00e2n ocup\u0103 un apartament de lux f\u0103r\u0103 s\u0103 pl\u0103teasc\u0103 de zece ani | Spotmedia - Buletin de Bucure\u0219ti","isPartOf":{"@id":"https:\/\/buletin.de\/bucuresti\/#website"},"primaryImageOfPage":{"@id":"https:\/\/buletin.de\/bucuresti\/prejudiciu-de-25-milioane-de-lei-la-alpab-partidul-ecologist-roman-ocupa-un-apartament-de-lux-fara-sa-plateasca-de-zece-ani-spotmedia\/#primaryimage"},"image":{"@id":"https:\/\/buletin.de\/bucuresti\/prejudiciu-de-25-milioane-de-lei-la-alpab-partidul-ecologist-roman-ocupa-un-apartament-de-lux-fara-sa-plateasca-de-zece-ani-spotmedia\/#primaryimage"},"thumbnailUrl":"https:\/\/buletin.de\/bucuresti\/wp-content\/uploads\/2026\/03\/satul-Francez-770x540-1.jpg","datePublished":"2026-03-13T07:56:35+00:00","dateModified":"2026-03-13T07:56:58+00:00","description":"Proprietatea situat\u0103 \u00een \u0218oseaua Nordului, una dintre cele mai scumpe zone ale Capitalei, are o suprafa\u021b\u0103 de 120 de metri p\u0103tra\u021bi.","breadcrumb":{"@id":"https:\/\/buletin.de\/bucuresti\/prejudiciu-de-25-milioane-de-lei-la-alpab-partidul-ecologist-roman-ocupa-un-apartament-de-lux-fara-sa-plateasca-de-zece-ani-spotmedia\/#breadcrumb"},"inLanguage":"en-GB","potentialAction":[{"@type":"ReadAction","target":["https:\/\/buletin.de\/bucuresti\/prejudiciu-de-25-milioane-de-lei-la-alpab-partidul-ecologist-roman-ocupa-un-apartament-de-lux-fara-sa-plateasca-de-zece-ani-spotmedia\/"]}]},{"@type":"ImageObject","inLanguage":"en-GB","@id":"https:\/\/buletin.de\/bucuresti\/prejudiciu-de-25-milioane-de-lei-la-alpab-partidul-ecologist-roman-ocupa-un-apartament-de-lux-fara-sa-plateasca-de-zece-ani-spotmedia\/#primaryimage","url":"https:\/\/buletin.de\/bucuresti\/wp-content\/uploads\/2026\/03\/satul-Francez-770x540-1.jpg","contentUrl":"https:\/\/buletin.de\/bucuresti\/wp-content\/uploads\/2026\/03\/satul-Francez-770x540-1.jpg","width":770,"height":540,"caption":"Apartament de lux al Prim\u0103riei Capitalei, cedat gratuit unui partid \u201efantom\u0103\u201d. FOTO: Spotmedia.ro"},{"@type":"BreadcrumbList","@id":"https:\/\/buletin.de\/bucuresti\/prejudiciu-de-25-milioane-de-lei-la-alpab-partidul-ecologist-roman-ocupa-un-apartament-de-lux-fara-sa-plateasca-de-zece-ani-spotmedia\/#breadcrumb","itemListElement":[{"@type":"ListItem","position":1,"name":"Acas\u0103","item":"https:\/\/buletin.de\/bucuresti\/"},{"@type":"ListItem","position":2,"name":"Prejudiciu la ALPAB. Partidul Ecologist Rom\u00e2n ocup\u0103 un apartament de lux f\u0103r\u0103 s\u0103 pl\u0103teasc\u0103 de zece ani | Spotmedia"}]},{"@type":"WebSite","@id":"https:\/\/buletin.de\/bucuresti\/#website","url":"https:\/\/buletin.de\/bucuresti\/","name":"Buletin de Bucure\u0219ti","description":"\u0218tiri \u0219i investiga\u021bii esen\u021biale din capital\u0103","publisher":{"@id":"https:\/\/buletin.de\/bucuresti\/#organization"},"potentialAction":[{"@type":"SearchAction","target":{"@type":"EntryPoint","urlTemplate":"https:\/\/buletin.de\/bucuresti\/?s={search_term_string}"},"query-input":{"@type":"PropertyValueSpecification","valueRequired":true,"valueName":"search_term_string"}}],"inLanguage":"en-GB"},{"@type":"Organization","@id":"https:\/\/buletin.de\/bucuresti\/#organization","name":"Buletin de Bucure\u0219ti","url":"https:\/\/buletin.de\/bucuresti\/","logo":{"@type":"ImageObject","inLanguage":"en-GB","@id":"https:\/\/buletin.de\/bucuresti\/#\/schema\/logo\/image\/","url":"https:\/\/buletin.de\/bucuresti\/wp-content\/uploads\/logo-bdb-full-wide-vernil-transparent.png","contentUrl":"https:\/\/buletin.de\/bucuresti\/wp-content\/uploads\/logo-bdb-full-wide-vernil-transparent.png","width":1782,"height":626,"caption":"Buletin de Bucure\u0219ti"},"image":{"@id":"https:\/\/buletin.de\/bucuresti\/#\/schema\/logo\/image\/"},"sameAs":["https:\/\/www.facebook.com\/buletin.de.buc","https:\/\/www.instagram.com\/buletinde.bucuresti\/"]},{"@type":"Person","@id":"https:\/\/buletin.de\/bucuresti\/#\/schema\/person\/2bbcf854e5f2419a13804af574d06ab1","name":"Redac\u021bia Buletin de Bucure\u0219ti","image":{"@type":"ImageObject","inLanguage":"en-GB","@id":"https:\/\/secure.gravatar.com\/avatar\/18c5342381ed1a08620e6280424e3e5efc958618f5d67c522c9e44c1bc6f9226?s=96&d=monsterid&r=g60c7cd0ad92c68c049fcd4bb3504d609","url":"https:\/\/secure.gravatar.com\/avatar\/18c5342381ed1a08620e6280424e3e5efc958618f5d67c522c9e44c1bc6f9226?s=96&d=monsterid&r=g","contentUrl":"https:\/\/secure.gravatar.com\/avatar\/18c5342381ed1a08620e6280424e3e5efc958618f5d67c522c9e44c1bc6f9226?s=96&d=monsterid&r=g","caption":"Redac\u021bia Buletin de Bucure\u0219ti"},"description":"Buletin de Bucure\u0219ti exist\u0103 din vara anului 2019.","url":"https:\/\/buletin.de\/bucuresti\/author\/adminbuletin\/"}]}},"authors":[{"term_id":22583,"user_id":1,"is_guest":0,"slug":"adminbuletin","display_name":"Redac\u021bia Buletin de Bucure\u0219ti","avatar_url":"https:\/\/secure.gravatar.com\/avatar\/18c5342381ed1a08620e6280424e3e5efc958618f5d67c522c9e44c1bc6f9226?s=96&d=monsterid&r=g","0":null,"1":"","2":"","3":"","4":"","5":"","6":"","7":"","8":""}],"_links":{"self":[{"href":"https:\/\/buletin.de\/bucuresti\/wp-json\/wp\/v2\/posts\/180261","targetHints":{"allow":["GET"]}}],"collection":[{"href":"https:\/\/buletin.de\/bucuresti\/wp-json\/wp\/v2\/posts"}],"about":[{"href":"https:\/\/buletin.de\/bucuresti\/wp-json\/wp\/v2\/types\/post"}],"author":[{"embeddable":true,"href":"https:\/\/buletin.de\/bucuresti\/wp-json\/wp\/v2\/users\/1"}],"replies":[{"embeddable":true,"href":"https:\/\/buletin.de\/bucuresti\/wp-json\/wp\/v2\/comments?post=180261"}],"version-history":[{"count":3,"href":"https:\/\/buletin.de\/bucuresti\/wp-json\/wp\/v2\/posts\/180261\/revisions"}],"predecessor-version":[{"id":180268,"href":"https:\/\/buletin.de\/bucuresti\/wp-json\/wp\/v2\/posts\/180261\/revisions\/180268"}],"wp:featuredmedia":[{"embeddable":true,"href":"https:\/\/buletin.de\/bucuresti\/wp-json\/wp\/v2\/media\/180263"}],"wp:attachment":[{"href":"https:\/\/buletin.de\/bucuresti\/wp-json\/wp\/v2\/media?parent=180261"}],"wp:term":[{"taxonomy":"category","embeddable":true,"href":"https:\/\/buletin.de\/bucuresti\/wp-json\/wp\/v2\/categories?post=180261"},{"taxonomy":"post_tag","embeddable":true,"href":"https:\/\/buletin.de\/bucuresti\/wp-json\/wp\/v2\/tags?post=180261"},{"taxonomy":"author","embeddable":true,"href":"https:\/\/buletin.de\/bucuresti\/wp-json\/wp\/v2\/ppma_author?post=180261"}],"curies":[{"name":"wp","href":"https:\/\/api.w.org\/{rel}","templated":true}]}}