{"id":180254,"date":"2026-03-13T11:13:16","date_gmt":"2026-03-13T08:13:16","guid":{"rendered":"https:\/\/buletin.de\/bucuresti\/?p=180254"},"modified":"2026-03-13T12:24:05","modified_gmt":"2026-03-13T09:24:05","slug":"negoita-prima-reactia-publica-in-legatura-cu-vila-spatiala-a-parintilor-din-italia-sunt-bani-din-activitate-economica-fara-niciun-fel-de-relatie-cu-statul-publ","status":"publish","type":"post","link":"https:\/\/buletin.de\/bucuresti\/negoita-prima-reactia-publica-in-legatura-cu-vila-spatiala-a-parintilor-din-italia-sunt-bani-din-activitate-economica-fara-niciun-fel-de-relatie-cu-statul-publ\/","title":{"rendered":"Negoi\u021b\u0103, despre vila \u201espa\u021bial\u0103\u201d a p\u0103rin\u021bilor din Italia: \u201eSunt bani din activitate economic\u0103, f\u0103r\u0103 niciun fel de rela\u021bie cu statul\u201d | PublicRecord \u0219i Snoop"},"content":{"rendered":"\n<p><strong>Robert Negoi\u021b\u0103 a dat prima declara\u021bie dup\u0103 publicarea investiga\u021biei ce face referire la propriet\u0103\u021bile p\u0103rin\u021bilor s\u0103i din Italia, din ora\u0219ul Civitavecchia, aflat pe litoralul M\u0103rii Mediterane \u0219i doar la o or\u0103 de Roma. <\/strong><\/p>\n\n\n\n<p>Primarul din Sectorul 3 a negat c\u0103 mama sa ar fi fost scutit\u0103 de impozite de aproape jum\u0103tate de milion de euro, \u0219i a acuzat c\u0103 jurnali\u0219tii de la <a href=\"https:\/\/www.facebook.com\/reel\/1248637430746186\">Public Record<\/a> \u0219i <a href=\"https:\/\/snoop.ro\/parintii-primarului-negoita-au-cumparat-cu-28-milioane-de-euro-o-vila-de-938-de-metri-patrati-si-un-restaurant-pe-plaja-in-italia\/\">Snoop <\/a>dezinformeaz\u0103 popula\u021bia.<\/p>\n\n\n\n<h2 class=\"wp-block-heading\" id=\"h-prima-declara\u021bie-a-lui-negoi\u021ba-despre-proprieta\u021bile-parin\u021bilor-din-italia\">Prima declara\u021bie a lui Negoi\u021b\u0103 despre propriet\u0103\u021bile p\u0103rin\u021bilor din Italia<\/h2>\n\n\n\n<p>Joi, 12 martie, la finalul \u00eent\u00e2lnirii cu asocia\u021biile de proprietari din sectorul pe care \u00eel administreaz\u0103, Robert Negoi\u021b\u0103 a discutat cu jurnali\u0219tii Public Record \u0219i Snoop, oferind prima declara\u021bie \u00een ceea ce prive\u0219te investiga\u021bia despre vila \u0219i restaurantul \u00een valoare de peste 2,8 milioane de euro pe care p\u0103rin\u021bii s\u0103i le-au cump\u0103rat.<\/p>\n\n\n\n<p>Acesta a acuzat jurnali\u0219tii c\u0103 dezinformeaz\u0103, spun\u00e2nd c\u0103 mama sa, Lidia Negoi\u021b\u0103, nu a fost scutit\u0103 de plata impozitului. <\/p>\n\n\n\n<p><strong><em>\u201eMama mea nu a fost scutit\u0103 de nicio plat\u0103 a vreunui impozit. Sau cel pu\u021bin nu \u0219tiu eu. Nu am cuno\u0219tin\u021b\u0103 de a\u0219a ceva \u0219i nu cred c\u0103 ce spune\u021bi dumneavoastr\u0103 este adev\u0103rat. Dar nu-i prima dat\u0103 c\u00e2nd dumneavoastr\u0103 dezinforma\u021bi, ca s\u0103 nu zic c\u0103 min\u021bi\u021bi\u201d, a declarat Negoi\u021b\u0103. <\/em><\/strong><\/p>\n\n\n\n<p>De asemenea, \u00een ceea ce prive\u0219te ancheta DNA, primarul din S3 a declarat c\u0103 aceasta a fost pornit\u0103 \u201e<strong><em>dintr-o prostie<\/em><\/strong>\u201d.<\/p>\n\n\n\n<p><strong>\u00centregul interviu:<\/strong><\/p>\n\n\n\n<div style=\"position:relative;width:100%;max-width:500px;margin:auto;\">\n  <iframe \n    src=\"https:\/\/www.facebook.com\/plugins\/video.php?href=https:\/\/www.facebook.com\/reel\/1248637430746186\/&#038;show_text=false\"\n    width=\"100%\" \n    height=\"700\"\n    style=\"border:none;overflow:hidden\"\n    scrolling=\"no\"\n    frameborder=\"0\"\n    allowfullscreen=\"true\"\n    allow=\"autoplay; clipboard-write; encrypted-media; picture-in-picture; web-share\">\n  <\/iframe>\n<\/div>\n\n\n\n<p><strong>CITE\u0218TE \u0218I <a href=\"https:\/\/buletin.de\/bucuresti\/planse-cum-va-arata-negoita-mall-de-la-hala-laminor-gradina-botanica-hotel-si-magazine-peste-150-de-milioane-de-euro-investiti-din-banii-cetatenilor-sectorului-3\/\" type=\"post\" id=\"178727\">PLAN\u0218E | Cum va ar\u0103ta \u201eNegoi\u021b\u0103 Mall\u201d de la Hala Laminor: gr\u0103din\u0103 botanic\u0103, hotel \u0219i magazine. Peste 150 de milioane de euro pentru afaceri private, din banii cet\u0103\u021benilor Sectorului 3<\/a><\/strong><\/p>\n\n\n\n<h2 class=\"wp-block-heading\" id=\"h-parin\u021bii-au-cumparat-o-vila-\u0219i-un-restaurant-pe-litoralul-marii-mediterane\">P\u0103rin\u021bii au cump\u0103rat o vil\u0103 \u0219i un restaurant pe litoralul M\u0103rii Mediterane<\/h2>\n\n\n\n<p>\u00cen iunie 2024 \u0219i ianuarie 2025, Ilie \u0219i Lidia Negoi\u021b\u0103, p\u0103rin\u021bii lui Robert Negoi\u021b\u0103, au achizi\u021bionat dou\u0103 propriet\u0103\u021bi \u00een Civitavecchia. Villa Riccucci, achizi\u021bionat\u0103 de Lidia Negoi\u021b\u0103 \u00een 2024, are o suprafa\u021b\u0103 de 938 de metri p\u0103tra\u021bi desf\u0103\u0219ura\u021bi \u0219i dispune de: <\/p>\n\n\n\n<ul class=\"wp-block-list\">\n<li>23 de \u00eenc\u0103peri, subsol, parter \u0219i etaj, gr\u0103din\u0103, piscin\u0103, garaj de aproape 100 de metri p\u0103tra\u021bi.<\/li>\n<\/ul>\n\n\n\n<p>\u00cen ianuarie 2025, la doar c\u00e2teva luni de c\u00e2nd numele mamei primarului a fost pus pe panoul casei din Italia, un restaurant de pe plaja din Civitavecchia a fost cump\u0103rat de Ilie Negoi\u021b\u0103, \u00een v\u00e2rst\u0103 de 81 de ani. Pentru aceste propriet\u0103\u021bi, p\u0103rin\u021bii lui Negoi\u021b\u0103 au pl\u0103tit \u00een jur de 2,8 milioane de euro, conform documentelor intrate \u00een posesia c\u0103rora au intrat redac\u021biile de investiga\u021bii Snoop \u0219i Public Record.<\/p>\n\n\n\n<p>De-a lungul timpului, Ilie \u0219i Lidia Negoi\u021b\u0103 au fost asocia\u021bi direct \u00een 16 firme. Dintre acestea, 14 sunt parte dintr-un dosar al DNA clasat dup\u0103 11 ani, o parte dintre fapte fiind prescrise. De asemenea, patru firme sunt judecate, de 6 ani, pentru evaziune fiscal\u0103 \u00eentr-un alt dosar&nbsp;<a href=\"https:\/\/portal.just.ro\/3\/SitePages\/Dosar.aspx?id_dosar=300000000890205&amp;id_inst=3\">la Tribunalul Bucure\u0219ti<\/a>.<\/p>\n\n\n\n<p>Mai multe detalii \u00een&nbsp;<strong><a href=\"https:\/\/snoop.ro\/parintii-primarului-negoita-au-cumparat-cu-28-milioane-de-euro-o-vila-de-938-de-metri-patrati-si-un-restaurant-pe-plaja-in-italia\/\" target=\"_blank\" rel=\"noreferrer noopener\">Snoop<\/a>&nbsp;\u0219i&nbsp;<a href=\"https:\/\/publicrecord.ro\/2026\/03\/10\/doi-parinti-saraci-au-cumparat-o-vila-si-un-restaurant-pe-malul-marii-in-italia\/\" target=\"_blank\" rel=\"noreferrer noopener\">Public Record<\/a><\/strong>.<\/p>\n\n\n\n<p><strong>CITE\u0218TE \u0218I <a href=\"https:\/\/buletin.de\/bucuresti\/editorial-factura-pentru-mafiile-de-la-periferie-din-bugetul-pe-2026-cum-ajung-banii-bucurestenilor-in-feudele-imobiliare-din-ilfov\/\" type=\"post\" id=\"179893\">EDITORIAL | Factura pentru mafiile de la periferie din bugetul pe 2026. Cum ajung banii bucure\u0219tenilor \u00een feudele imobiliare din Ilfov<\/a><\/strong><\/p>\n","protected":false},"excerpt":{"rendered":"<p>Robert Negoi\u021b\u0103 a dat prima declara\u021bie dup\u0103 publicarea investiga\u021biei ce face referire la propriet\u0103\u021bile p\u0103rin\u021bilor s\u0103i din Italia, din ora\u0219ul Civitavecchia, aflat pe litoralul M\u0103rii Mediterane \u0219i doar la o or\u0103 de Roma. Primarul din Sectorul 3 a negat c\u0103 mama sa ar fi fost scutit\u0103 de impozite de aproape jum\u0103tate de milion de euro, [&hellip;]<\/p>\n","protected":false},"author":1,"featured_media":180275,"comment_status":"closed","ping_status":"open","sticky":false,"template":"","format":"standard","meta":{"_acf_changed":false,"inline_featured_image":false,"ngg_post_thumbnail":0,"footnotes":""},"categories":[6994,9026,5762],"tags":[27062,27061,27059,3397,440,27060],"ppma_author":[22583],"class_list":["post-180254","post","type-post","status-publish","format-standard","has-post-thumbnail","hentry","category-stiri-2","category-eveniment","category-main","tag-ilie-negoita","tag-lidia-negoita","tag-parintii-lui-robert-negoita-2","tag-robert-negoita-2","tag-sector-3","tag-vila-italia"],"acf":[],"yoast_head":"<!-- This site is optimized with the Yoast SEO Premium plugin v25.3 (Yoast SEO v27.4) - https:\/\/yoast.com\/product\/yoast-seo-premium-wordpress\/ -->\n<title>Negoi\u021b\u0103, despre vila \u201espa\u021bial\u0103\u201d a p\u0103rin\u021bilor din Italia: \u201eSunt bani din activitate economic\u0103, f\u0103r\u0103 niciun fel de rela\u021bie cu statul\u201d | PublicRecord \u0219i Snoop - Buletin de Bucure\u0219ti<\/title>\n<meta name=\"description\" content=\"Robert Negoi\u021b\u0103 a dat prima declara\u021bie dup\u0103 publicarea investiga\u021biei ce face referire la propriet\u0103\u021bile p\u0103rin\u021bilor s\u0103i din Italia.\" \/>\n<meta name=\"robots\" content=\"index, follow, max-snippet:-1, max-image-preview:large, max-video-preview:-1\" \/>\n<link rel=\"canonical\" href=\"https:\/\/buletin.de\/bucuresti\/negoita-prima-reactia-publica-in-legatura-cu-vila-spatiala-a-parintilor-din-italia-sunt-bani-din-activitate-economica-fara-niciun-fel-de-relatie-cu-statul-publ\/\" \/>\n<meta property=\"og:locale\" content=\"en_GB\" \/>\n<meta property=\"og:type\" content=\"article\" \/>\n<meta property=\"og:title\" content=\"Negoi\u021b\u0103, despre vila \u201espa\u021bial\u0103\u201d a p\u0103rin\u021bilor din Italia: \u201eSunt bani din activitate economic\u0103, f\u0103r\u0103 niciun fel de rela\u021bie cu statul\u201d | PublicRecord \u0219i Snoop\" \/>\n<meta property=\"og:description\" content=\"Robert Negoi\u021b\u0103 a dat prima declara\u021bie dup\u0103 publicarea investiga\u021biei ce face referire la propriet\u0103\u021bile p\u0103rin\u021bilor s\u0103i din Italia.\" \/>\n<meta property=\"og:url\" content=\"https:\/\/buletin.de\/bucuresti\/negoita-prima-reactia-publica-in-legatura-cu-vila-spatiala-a-parintilor-din-italia-sunt-bani-din-activitate-economica-fara-niciun-fel-de-relatie-cu-statul-publ\/\" \/>\n<meta property=\"og:site_name\" content=\"Buletin de Bucure\u0219ti\" \/>\n<meta property=\"article:publisher\" content=\"https:\/\/www.facebook.com\/buletin.de.buc\" \/>\n<meta property=\"article:published_time\" content=\"2026-03-13T08:13:16+00:00\" \/>\n<meta property=\"article:modified_time\" content=\"2026-03-13T09:24:05+00:00\" \/>\n<meta property=\"og:image\" content=\"https:\/\/buletin.de\/bucuresti\/wp-content\/uploads\/2026\/03\/vilaparintilorluinegoita-1600x900-1.jpg\" \/>\n\t<meta property=\"og:image:width\" content=\"1600\" \/>\n\t<meta property=\"og:image:height\" content=\"900\" \/>\n\t<meta property=\"og:image:type\" content=\"image\/jpeg\" \/>\n<meta name=\"author\" content=\"Redac\u021bia Buletin de Bucure\u0219ti\" \/>\n<meta name=\"twitter:card\" content=\"summary_large_image\" \/>\n<meta name=\"twitter:label1\" content=\"Written by\" \/>\n\t<meta name=\"twitter:data1\" content=\"Redac\u021bia Buletin de Bucure\u0219ti\" \/>\n\t<meta name=\"twitter:label2\" content=\"Estimated reading time\" \/>\n\t<meta name=\"twitter:data2\" content=\"3 minutes\" \/>\n<script type=\"application\/ld+json\" class=\"yoast-schema-graph\">{\"@context\":\"https:\\\/\\\/schema.org\",\"@graph\":[{\"@type\":\"Article\",\"@id\":\"https:\\\/\\\/buletin.de\\\/bucuresti\\\/negoita-prima-reactia-publica-in-legatura-cu-vila-spatiala-a-parintilor-din-italia-sunt-bani-din-activitate-economica-fara-niciun-fel-de-relatie-cu-statul-publ\\\/#article\",\"isPartOf\":{\"@id\":\"https:\\\/\\\/buletin.de\\\/bucuresti\\\/negoita-prima-reactia-publica-in-legatura-cu-vila-spatiala-a-parintilor-din-italia-sunt-bani-din-activitate-economica-fara-niciun-fel-de-relatie-cu-statul-publ\\\/\"},\"author\":{\"name\":\"Redac\u021bia Buletin de Bucure\u0219ti\",\"@id\":\"https:\\\/\\\/buletin.de\\\/bucuresti\\\/#\\\/schema\\\/person\\\/2bbcf854e5f2419a13804af574d06ab1\"},\"headline\":\"Negoi\u021b\u0103, despre vila \u201espa\u021bial\u0103\u201d a p\u0103rin\u021bilor din Italia: \u201eSunt bani din activitate economic\u0103, f\u0103r\u0103 niciun fel de rela\u021bie cu statul\u201d | PublicRecord \u0219i Snoop\",\"datePublished\":\"2026-03-13T08:13:16+00:00\",\"dateModified\":\"2026-03-13T09:24:05+00:00\",\"mainEntityOfPage\":{\"@id\":\"https:\\\/\\\/buletin.de\\\/bucuresti\\\/negoita-prima-reactia-publica-in-legatura-cu-vila-spatiala-a-parintilor-din-italia-sunt-bani-din-activitate-economica-fara-niciun-fel-de-relatie-cu-statul-publ\\\/\"},\"wordCount\":556,\"publisher\":{\"@id\":\"https:\\\/\\\/buletin.de\\\/bucuresti\\\/#organization\"},\"image\":{\"@id\":\"https:\\\/\\\/buletin.de\\\/bucuresti\\\/negoita-prima-reactia-publica-in-legatura-cu-vila-spatiala-a-parintilor-din-italia-sunt-bani-din-activitate-economica-fara-niciun-fel-de-relatie-cu-statul-publ\\\/#primaryimage\"},\"thumbnailUrl\":\"https:\\\/\\\/buletin.de\\\/bucuresti\\\/wp-content\\\/uploads\\\/2026\\\/03\\\/vilaparintilorluinegoita-1600x900-1.jpg\",\"keywords\":[\"Ilie Negoi\u021b\u0103\",\"Lidia Negoi\u021b\u0103\",\"P\u0103rin\u021bii lui Robert Negoi\u021b\u0103\",\"Robert Negoi\u021b\u0103\",\"Sector 3\",\"Vil\u0103 Italia\"],\"articleSection\":[\"Articole\",\"Eveniment\",\"Main\"],\"inLanguage\":\"en-GB\",\"copyrightYear\":\"2026\",\"copyrightHolder\":{\"@id\":\"https:\\\/\\\/buletin.de\\\/bucuresti\\\/#organization\"}},{\"@type\":\"WebPage\",\"@id\":\"https:\\\/\\\/buletin.de\\\/bucuresti\\\/negoita-prima-reactia-publica-in-legatura-cu-vila-spatiala-a-parintilor-din-italia-sunt-bani-din-activitate-economica-fara-niciun-fel-de-relatie-cu-statul-publ\\\/\",\"url\":\"https:\\\/\\\/buletin.de\\\/bucuresti\\\/negoita-prima-reactia-publica-in-legatura-cu-vila-spatiala-a-parintilor-din-italia-sunt-bani-din-activitate-economica-fara-niciun-fel-de-relatie-cu-statul-publ\\\/\",\"name\":\"Negoi\u021b\u0103, despre vila \u201espa\u021bial\u0103\u201d a p\u0103rin\u021bilor din Italia: \u201eSunt bani din activitate economic\u0103, f\u0103r\u0103 niciun fel de rela\u021bie cu statul\u201d | PublicRecord \u0219i Snoop - Buletin de Bucure\u0219ti\",\"isPartOf\":{\"@id\":\"https:\\\/\\\/buletin.de\\\/bucuresti\\\/#website\"},\"primaryImageOfPage\":{\"@id\":\"https:\\\/\\\/buletin.de\\\/bucuresti\\\/negoita-prima-reactia-publica-in-legatura-cu-vila-spatiala-a-parintilor-din-italia-sunt-bani-din-activitate-economica-fara-niciun-fel-de-relatie-cu-statul-publ\\\/#primaryimage\"},\"image\":{\"@id\":\"https:\\\/\\\/buletin.de\\\/bucuresti\\\/negoita-prima-reactia-publica-in-legatura-cu-vila-spatiala-a-parintilor-din-italia-sunt-bani-din-activitate-economica-fara-niciun-fel-de-relatie-cu-statul-publ\\\/#primaryimage\"},\"thumbnailUrl\":\"https:\\\/\\\/buletin.de\\\/bucuresti\\\/wp-content\\\/uploads\\\/2026\\\/03\\\/vilaparintilorluinegoita-1600x900-1.jpg\",\"datePublished\":\"2026-03-13T08:13:16+00:00\",\"dateModified\":\"2026-03-13T09:24:05+00:00\",\"description\":\"Robert Negoi\u021b\u0103 a dat prima declara\u021bie dup\u0103 publicarea investiga\u021biei ce face referire la propriet\u0103\u021bile p\u0103rin\u021bilor s\u0103i din Italia.\",\"breadcrumb\":{\"@id\":\"https:\\\/\\\/buletin.de\\\/bucuresti\\\/negoita-prima-reactia-publica-in-legatura-cu-vila-spatiala-a-parintilor-din-italia-sunt-bani-din-activitate-economica-fara-niciun-fel-de-relatie-cu-statul-publ\\\/#breadcrumb\"},\"inLanguage\":\"en-GB\",\"potentialAction\":[{\"@type\":\"ReadAction\",\"target\":[\"https:\\\/\\\/buletin.de\\\/bucuresti\\\/negoita-prima-reactia-publica-in-legatura-cu-vila-spatiala-a-parintilor-din-italia-sunt-bani-din-activitate-economica-fara-niciun-fel-de-relatie-cu-statul-publ\\\/\"]}]},{\"@type\":\"ImageObject\",\"inLanguage\":\"en-GB\",\"@id\":\"https:\\\/\\\/buletin.de\\\/bucuresti\\\/negoita-prima-reactia-publica-in-legatura-cu-vila-spatiala-a-parintilor-din-italia-sunt-bani-din-activitate-economica-fara-niciun-fel-de-relatie-cu-statul-publ\\\/#primaryimage\",\"url\":\"https:\\\/\\\/buletin.de\\\/bucuresti\\\/wp-content\\\/uploads\\\/2026\\\/03\\\/vilaparintilorluinegoita-1600x900-1.jpg\",\"contentUrl\":\"https:\\\/\\\/buletin.de\\\/bucuresti\\\/wp-content\\\/uploads\\\/2026\\\/03\\\/vilaparintilorluinegoita-1600x900-1.jpg\",\"width\":1600,\"height\":900,\"caption\":\"Negoi\u021b\u0103, prima reac\u021bia public\u0103 \u00een leg\u0103tur\u0103 cu vila \u201espa\u021bial\u0103\u201d a p\u0103rin\u021bilor din Italia: \u201eSunt bani din activitate economic\u0103, f\u0103r\u0103 niciun fel de rela\u021bie cu statul\u201d | PublicRecord&Snoop. FOTO: Snoop\"},{\"@type\":\"BreadcrumbList\",\"@id\":\"https:\\\/\\\/buletin.de\\\/bucuresti\\\/negoita-prima-reactia-publica-in-legatura-cu-vila-spatiala-a-parintilor-din-italia-sunt-bani-din-activitate-economica-fara-niciun-fel-de-relatie-cu-statul-publ\\\/#breadcrumb\",\"itemListElement\":[{\"@type\":\"ListItem\",\"position\":1,\"name\":\"Acas\u0103\",\"item\":\"https:\\\/\\\/buletin.de\\\/bucuresti\\\/\"},{\"@type\":\"ListItem\",\"position\":2,\"name\":\"Negoi\u021b\u0103, despre vila \u201espa\u021bial\u0103\u201d a p\u0103rin\u021bilor din Italia: \u201eSunt bani din activitate economic\u0103, f\u0103r\u0103 niciun fel de rela\u021bie cu statul\u201d | PublicRecord \u0219i Snoop\"}]},{\"@type\":\"WebSite\",\"@id\":\"https:\\\/\\\/buletin.de\\\/bucuresti\\\/#website\",\"url\":\"https:\\\/\\\/buletin.de\\\/bucuresti\\\/\",\"name\":\"Buletin de Bucure\u0219ti\",\"description\":\"\u0218tiri \u0219i investiga\u021bii esen\u021biale din capital\u0103\",\"publisher\":{\"@id\":\"https:\\\/\\\/buletin.de\\\/bucuresti\\\/#organization\"},\"potentialAction\":[{\"@type\":\"SearchAction\",\"target\":{\"@type\":\"EntryPoint\",\"urlTemplate\":\"https:\\\/\\\/buletin.de\\\/bucuresti\\\/?s={search_term_string}\"},\"query-input\":{\"@type\":\"PropertyValueSpecification\",\"valueRequired\":true,\"valueName\":\"search_term_string\"}}],\"inLanguage\":\"en-GB\"},{\"@type\":\"Organization\",\"@id\":\"https:\\\/\\\/buletin.de\\\/bucuresti\\\/#organization\",\"name\":\"Buletin de Bucure\u0219ti\",\"url\":\"https:\\\/\\\/buletin.de\\\/bucuresti\\\/\",\"logo\":{\"@type\":\"ImageObject\",\"inLanguage\":\"en-GB\",\"@id\":\"https:\\\/\\\/buletin.de\\\/bucuresti\\\/#\\\/schema\\\/logo\\\/image\\\/\",\"url\":\"https:\\\/\\\/buletin.de\\\/bucuresti\\\/wp-content\\\/uploads\\\/logo-bdb-full-wide-vernil-transparent.png\",\"contentUrl\":\"https:\\\/\\\/buletin.de\\\/bucuresti\\\/wp-content\\\/uploads\\\/logo-bdb-full-wide-vernil-transparent.png\",\"width\":1782,\"height\":626,\"caption\":\"Buletin de Bucure\u0219ti\"},\"image\":{\"@id\":\"https:\\\/\\\/buletin.de\\\/bucuresti\\\/#\\\/schema\\\/logo\\\/image\\\/\"},\"sameAs\":[\"https:\\\/\\\/www.facebook.com\\\/buletin.de.buc\",\"https:\\\/\\\/www.instagram.com\\\/buletinde.bucuresti\\\/\"]},{\"@type\":\"Person\",\"@id\":\"https:\\\/\\\/buletin.de\\\/bucuresti\\\/#\\\/schema\\\/person\\\/2bbcf854e5f2419a13804af574d06ab1\",\"name\":\"Redac\u021bia Buletin de Bucure\u0219ti\",\"image\":{\"@type\":\"ImageObject\",\"inLanguage\":\"en-GB\",\"@id\":\"https:\\\/\\\/secure.gravatar.com\\\/avatar\\\/18c5342381ed1a08620e6280424e3e5efc958618f5d67c522c9e44c1bc6f9226?s=96&d=monsterid&r=g60c7cd0ad92c68c049fcd4bb3504d609\",\"url\":\"https:\\\/\\\/secure.gravatar.com\\\/avatar\\\/18c5342381ed1a08620e6280424e3e5efc958618f5d67c522c9e44c1bc6f9226?s=96&d=monsterid&r=g\",\"contentUrl\":\"https:\\\/\\\/secure.gravatar.com\\\/avatar\\\/18c5342381ed1a08620e6280424e3e5efc958618f5d67c522c9e44c1bc6f9226?s=96&d=monsterid&r=g\",\"caption\":\"Redac\u021bia Buletin de Bucure\u0219ti\"},\"description\":\"Buletin de Bucure\u0219ti exist\u0103 din vara anului 2019.\",\"url\":\"https:\\\/\\\/buletin.de\\\/bucuresti\\\/author\\\/adminbuletin\\\/\"}]}<\/script>\n<!-- \/ Yoast SEO Premium plugin. -->","yoast_head_json":{"title":"Negoi\u021b\u0103, despre vila \u201espa\u021bial\u0103\u201d a p\u0103rin\u021bilor din Italia: \u201eSunt bani din activitate economic\u0103, f\u0103r\u0103 niciun fel de rela\u021bie cu statul\u201d | PublicRecord \u0219i Snoop - Buletin de Bucure\u0219ti","description":"Robert Negoi\u021b\u0103 a dat prima declara\u021bie dup\u0103 publicarea investiga\u021biei ce face referire la propriet\u0103\u021bile p\u0103rin\u021bilor s\u0103i din Italia.","robots":{"index":"index","follow":"follow","max-snippet":"max-snippet:-1","max-image-preview":"max-image-preview:large","max-video-preview":"max-video-preview:-1"},"canonical":"https:\/\/buletin.de\/bucuresti\/negoita-prima-reactia-publica-in-legatura-cu-vila-spatiala-a-parintilor-din-italia-sunt-bani-din-activitate-economica-fara-niciun-fel-de-relatie-cu-statul-publ\/","og_locale":"en_GB","og_type":"article","og_title":"Negoi\u021b\u0103, despre vila \u201espa\u021bial\u0103\u201d a p\u0103rin\u021bilor din Italia: \u201eSunt bani din activitate economic\u0103, f\u0103r\u0103 niciun fel de rela\u021bie cu statul\u201d | PublicRecord \u0219i Snoop","og_description":"Robert Negoi\u021b\u0103 a dat prima declara\u021bie dup\u0103 publicarea investiga\u021biei ce face referire la propriet\u0103\u021bile p\u0103rin\u021bilor s\u0103i din Italia.","og_url":"https:\/\/buletin.de\/bucuresti\/negoita-prima-reactia-publica-in-legatura-cu-vila-spatiala-a-parintilor-din-italia-sunt-bani-din-activitate-economica-fara-niciun-fel-de-relatie-cu-statul-publ\/","og_site_name":"Buletin de Bucure\u0219ti","article_publisher":"https:\/\/www.facebook.com\/buletin.de.buc","article_published_time":"2026-03-13T08:13:16+00:00","article_modified_time":"2026-03-13T09:24:05+00:00","og_image":[{"width":1600,"height":900,"url":"https:\/\/buletin.de\/bucuresti\/wp-content\/uploads\/2026\/03\/vilaparintilorluinegoita-1600x900-1.jpg","type":"image\/jpeg"}],"author":"Redac\u021bia Buletin de Bucure\u0219ti","twitter_card":"summary_large_image","twitter_misc":{"Written by":"Redac\u021bia Buletin de Bucure\u0219ti","Estimated reading time":"3 minutes"},"schema":{"@context":"https:\/\/schema.org","@graph":[{"@type":"Article","@id":"https:\/\/buletin.de\/bucuresti\/negoita-prima-reactia-publica-in-legatura-cu-vila-spatiala-a-parintilor-din-italia-sunt-bani-din-activitate-economica-fara-niciun-fel-de-relatie-cu-statul-publ\/#article","isPartOf":{"@id":"https:\/\/buletin.de\/bucuresti\/negoita-prima-reactia-publica-in-legatura-cu-vila-spatiala-a-parintilor-din-italia-sunt-bani-din-activitate-economica-fara-niciun-fel-de-relatie-cu-statul-publ\/"},"author":{"name":"Redac\u021bia Buletin de Bucure\u0219ti","@id":"https:\/\/buletin.de\/bucuresti\/#\/schema\/person\/2bbcf854e5f2419a13804af574d06ab1"},"headline":"Negoi\u021b\u0103, despre vila \u201espa\u021bial\u0103\u201d a p\u0103rin\u021bilor din Italia: \u201eSunt bani din activitate economic\u0103, f\u0103r\u0103 niciun fel de rela\u021bie cu statul\u201d | PublicRecord \u0219i Snoop","datePublished":"2026-03-13T08:13:16+00:00","dateModified":"2026-03-13T09:24:05+00:00","mainEntityOfPage":{"@id":"https:\/\/buletin.de\/bucuresti\/negoita-prima-reactia-publica-in-legatura-cu-vila-spatiala-a-parintilor-din-italia-sunt-bani-din-activitate-economica-fara-niciun-fel-de-relatie-cu-statul-publ\/"},"wordCount":556,"publisher":{"@id":"https:\/\/buletin.de\/bucuresti\/#organization"},"image":{"@id":"https:\/\/buletin.de\/bucuresti\/negoita-prima-reactia-publica-in-legatura-cu-vila-spatiala-a-parintilor-din-italia-sunt-bani-din-activitate-economica-fara-niciun-fel-de-relatie-cu-statul-publ\/#primaryimage"},"thumbnailUrl":"https:\/\/buletin.de\/bucuresti\/wp-content\/uploads\/2026\/03\/vilaparintilorluinegoita-1600x900-1.jpg","keywords":["Ilie Negoi\u021b\u0103","Lidia Negoi\u021b\u0103","P\u0103rin\u021bii lui Robert Negoi\u021b\u0103","Robert Negoi\u021b\u0103","Sector 3","Vil\u0103 Italia"],"articleSection":["Articole","Eveniment","Main"],"inLanguage":"en-GB","copyrightYear":"2026","copyrightHolder":{"@id":"https:\/\/buletin.de\/bucuresti\/#organization"}},{"@type":"WebPage","@id":"https:\/\/buletin.de\/bucuresti\/negoita-prima-reactia-publica-in-legatura-cu-vila-spatiala-a-parintilor-din-italia-sunt-bani-din-activitate-economica-fara-niciun-fel-de-relatie-cu-statul-publ\/","url":"https:\/\/buletin.de\/bucuresti\/negoita-prima-reactia-publica-in-legatura-cu-vila-spatiala-a-parintilor-din-italia-sunt-bani-din-activitate-economica-fara-niciun-fel-de-relatie-cu-statul-publ\/","name":"Negoi\u021b\u0103, despre vila \u201espa\u021bial\u0103\u201d a p\u0103rin\u021bilor din Italia: \u201eSunt bani din activitate economic\u0103, f\u0103r\u0103 niciun fel de rela\u021bie cu statul\u201d | PublicRecord \u0219i Snoop - Buletin de Bucure\u0219ti","isPartOf":{"@id":"https:\/\/buletin.de\/bucuresti\/#website"},"primaryImageOfPage":{"@id":"https:\/\/buletin.de\/bucuresti\/negoita-prima-reactia-publica-in-legatura-cu-vila-spatiala-a-parintilor-din-italia-sunt-bani-din-activitate-economica-fara-niciun-fel-de-relatie-cu-statul-publ\/#primaryimage"},"image":{"@id":"https:\/\/buletin.de\/bucuresti\/negoita-prima-reactia-publica-in-legatura-cu-vila-spatiala-a-parintilor-din-italia-sunt-bani-din-activitate-economica-fara-niciun-fel-de-relatie-cu-statul-publ\/#primaryimage"},"thumbnailUrl":"https:\/\/buletin.de\/bucuresti\/wp-content\/uploads\/2026\/03\/vilaparintilorluinegoita-1600x900-1.jpg","datePublished":"2026-03-13T08:13:16+00:00","dateModified":"2026-03-13T09:24:05+00:00","description":"Robert Negoi\u021b\u0103 a dat prima declara\u021bie dup\u0103 publicarea investiga\u021biei ce face referire la propriet\u0103\u021bile p\u0103rin\u021bilor s\u0103i din Italia.","breadcrumb":{"@id":"https:\/\/buletin.de\/bucuresti\/negoita-prima-reactia-publica-in-legatura-cu-vila-spatiala-a-parintilor-din-italia-sunt-bani-din-activitate-economica-fara-niciun-fel-de-relatie-cu-statul-publ\/#breadcrumb"},"inLanguage":"en-GB","potentialAction":[{"@type":"ReadAction","target":["https:\/\/buletin.de\/bucuresti\/negoita-prima-reactia-publica-in-legatura-cu-vila-spatiala-a-parintilor-din-italia-sunt-bani-din-activitate-economica-fara-niciun-fel-de-relatie-cu-statul-publ\/"]}]},{"@type":"ImageObject","inLanguage":"en-GB","@id":"https:\/\/buletin.de\/bucuresti\/negoita-prima-reactia-publica-in-legatura-cu-vila-spatiala-a-parintilor-din-italia-sunt-bani-din-activitate-economica-fara-niciun-fel-de-relatie-cu-statul-publ\/#primaryimage","url":"https:\/\/buletin.de\/bucuresti\/wp-content\/uploads\/2026\/03\/vilaparintilorluinegoita-1600x900-1.jpg","contentUrl":"https:\/\/buletin.de\/bucuresti\/wp-content\/uploads\/2026\/03\/vilaparintilorluinegoita-1600x900-1.jpg","width":1600,"height":900,"caption":"Negoi\u021b\u0103, prima reac\u021bia public\u0103 \u00een leg\u0103tur\u0103 cu vila \u201espa\u021bial\u0103\u201d a p\u0103rin\u021bilor din Italia: \u201eSunt bani din activitate economic\u0103, f\u0103r\u0103 niciun fel de rela\u021bie cu statul\u201d | PublicRecord&Snoop. FOTO: Snoop"},{"@type":"BreadcrumbList","@id":"https:\/\/buletin.de\/bucuresti\/negoita-prima-reactia-publica-in-legatura-cu-vila-spatiala-a-parintilor-din-italia-sunt-bani-din-activitate-economica-fara-niciun-fel-de-relatie-cu-statul-publ\/#breadcrumb","itemListElement":[{"@type":"ListItem","position":1,"name":"Acas\u0103","item":"https:\/\/buletin.de\/bucuresti\/"},{"@type":"ListItem","position":2,"name":"Negoi\u021b\u0103, despre vila \u201espa\u021bial\u0103\u201d a p\u0103rin\u021bilor din Italia: \u201eSunt bani din activitate economic\u0103, f\u0103r\u0103 niciun fel de rela\u021bie cu statul\u201d | PublicRecord \u0219i Snoop"}]},{"@type":"WebSite","@id":"https:\/\/buletin.de\/bucuresti\/#website","url":"https:\/\/buletin.de\/bucuresti\/","name":"Buletin de Bucure\u0219ti","description":"\u0218tiri \u0219i investiga\u021bii esen\u021biale din capital\u0103","publisher":{"@id":"https:\/\/buletin.de\/bucuresti\/#organization"},"potentialAction":[{"@type":"SearchAction","target":{"@type":"EntryPoint","urlTemplate":"https:\/\/buletin.de\/bucuresti\/?s={search_term_string}"},"query-input":{"@type":"PropertyValueSpecification","valueRequired":true,"valueName":"search_term_string"}}],"inLanguage":"en-GB"},{"@type":"Organization","@id":"https:\/\/buletin.de\/bucuresti\/#organization","name":"Buletin de Bucure\u0219ti","url":"https:\/\/buletin.de\/bucuresti\/","logo":{"@type":"ImageObject","inLanguage":"en-GB","@id":"https:\/\/buletin.de\/bucuresti\/#\/schema\/logo\/image\/","url":"https:\/\/buletin.de\/bucuresti\/wp-content\/uploads\/logo-bdb-full-wide-vernil-transparent.png","contentUrl":"https:\/\/buletin.de\/bucuresti\/wp-content\/uploads\/logo-bdb-full-wide-vernil-transparent.png","width":1782,"height":626,"caption":"Buletin de Bucure\u0219ti"},"image":{"@id":"https:\/\/buletin.de\/bucuresti\/#\/schema\/logo\/image\/"},"sameAs":["https:\/\/www.facebook.com\/buletin.de.buc","https:\/\/www.instagram.com\/buletinde.bucuresti\/"]},{"@type":"Person","@id":"https:\/\/buletin.de\/bucuresti\/#\/schema\/person\/2bbcf854e5f2419a13804af574d06ab1","name":"Redac\u021bia Buletin de Bucure\u0219ti","image":{"@type":"ImageObject","inLanguage":"en-GB","@id":"https:\/\/secure.gravatar.com\/avatar\/18c5342381ed1a08620e6280424e3e5efc958618f5d67c522c9e44c1bc6f9226?s=96&d=monsterid&r=g60c7cd0ad92c68c049fcd4bb3504d609","url":"https:\/\/secure.gravatar.com\/avatar\/18c5342381ed1a08620e6280424e3e5efc958618f5d67c522c9e44c1bc6f9226?s=96&d=monsterid&r=g","contentUrl":"https:\/\/secure.gravatar.com\/avatar\/18c5342381ed1a08620e6280424e3e5efc958618f5d67c522c9e44c1bc6f9226?s=96&d=monsterid&r=g","caption":"Redac\u021bia Buletin de Bucure\u0219ti"},"description":"Buletin de Bucure\u0219ti exist\u0103 din vara anului 2019.","url":"https:\/\/buletin.de\/bucuresti\/author\/adminbuletin\/"}]}},"authors":[{"term_id":22583,"user_id":1,"is_guest":0,"slug":"adminbuletin","display_name":"Redac\u021bia Buletin de Bucure\u0219ti","avatar_url":"https:\/\/secure.gravatar.com\/avatar\/18c5342381ed1a08620e6280424e3e5efc958618f5d67c522c9e44c1bc6f9226?s=96&d=monsterid&r=g","0":null,"1":"","2":"","3":"","4":"","5":"","6":"","7":"","8":""}],"_links":{"self":[{"href":"https:\/\/buletin.de\/bucuresti\/wp-json\/wp\/v2\/posts\/180254","targetHints":{"allow":["GET"]}}],"collection":[{"href":"https:\/\/buletin.de\/bucuresti\/wp-json\/wp\/v2\/posts"}],"about":[{"href":"https:\/\/buletin.de\/bucuresti\/wp-json\/wp\/v2\/types\/post"}],"author":[{"embeddable":true,"href":"https:\/\/buletin.de\/bucuresti\/wp-json\/wp\/v2\/users\/1"}],"replies":[{"embeddable":true,"href":"https:\/\/buletin.de\/bucuresti\/wp-json\/wp\/v2\/comments?post=180254"}],"version-history":[{"count":6,"href":"https:\/\/buletin.de\/bucuresti\/wp-json\/wp\/v2\/posts\/180254\/revisions"}],"predecessor-version":[{"id":180293,"href":"https:\/\/buletin.de\/bucuresti\/wp-json\/wp\/v2\/posts\/180254\/revisions\/180293"}],"wp:featuredmedia":[{"embeddable":true,"href":"https:\/\/buletin.de\/bucuresti\/wp-json\/wp\/v2\/media\/180275"}],"wp:attachment":[{"href":"https:\/\/buletin.de\/bucuresti\/wp-json\/wp\/v2\/media?parent=180254"}],"wp:term":[{"taxonomy":"category","embeddable":true,"href":"https:\/\/buletin.de\/bucuresti\/wp-json\/wp\/v2\/categories?post=180254"},{"taxonomy":"post_tag","embeddable":true,"href":"https:\/\/buletin.de\/bucuresti\/wp-json\/wp\/v2\/tags?post=180254"},{"taxonomy":"author","embeddable":true,"href":"https:\/\/buletin.de\/bucuresti\/wp-json\/wp\/v2\/ppma_author?post=180254"}],"curies":[{"name":"wp","href":"https:\/\/api.w.org\/{rel}","templated":true}]}}