{"id":180243,"date":"2026-03-13T10:10:08","date_gmt":"2026-03-13T07:10:08","guid":{"rendered":"https:\/\/buletin.de\/bucuresti\/?p=180243"},"modified":"2026-03-13T10:27:55","modified_gmt":"2026-03-13T07:27:55","slug":"pretul-pentru-benzina-si-motorina-continua-sa-creasca-in-bucuresti-cat-costa-un-litru-de-carburant","status":"publish","type":"post","link":"https:\/\/buletin.de\/bucuresti\/pretul-pentru-benzina-si-motorina-continua-sa-creasca-in-bucuresti-cat-costa-un-litru-de-carburant\/","title":{"rendered":"Prag psihologic aproape atins la benzin\u0103riile din Capital\u0103. \u00cen ce zon\u0103 este cel mai mic pre\u021b la carburan\u021bi"},"content":{"rendered":"\n<p><strong>Pre\u021bul carburan\u021bilor continu\u0103 s\u0103 creasc\u0103 \u00een Bucure\u0219ti \u0219i restul Rom\u00e2niei pe fondul conflictului care are loc \u00een Orientul Mijlociu. \u00cen Capital\u0103, benzina se aproprie cu pa\u0219i repezi de pragul de 9 lei, iar \u00een ceea ce prive\u0219te motorina, acest prag a fost deja dep\u0103\u0219it cu pu\u021bin, conform informa\u021biilor oferite de <a href=\"https:\/\/www.peco-online.ro\/index.php#google_vignette\" target=\"_blank\" rel=\"noreferrer noopener\">Peco Online<\/a>. <\/strong><\/p>\n\n\n\n<h2 class=\"wp-block-heading\" id=\"h-care-este-pre\u021bul-pentru-1-litru-de-benzina-motorina-in-bucure\u0219ti\">Care este pre\u021bul pentru 1 litru de benzin\u0103\/motorin\u0103 \u00een Bucure\u0219ti <\/h2>\n\n\n\n<p>Evolu\u021bia petrolului pe pie\u021bele interna\u021bionale se afl\u0103 \u00een str\u00e2ns\u0103 leg\u0103tur\u0103 cu r\u0103zboiul ce are loc la acest moment \u00een Orientul Mijlociu la nivel interna\u021bional. Astfel c\u0103, \u00eencep\u00e2nd din data de 28 februarie, c\u00e2nd Statele Unite ale Americii \u0219i Israelul au atacat Iranul, pre\u021bul motorinei \u0219i al benzinei a crescut constant \u00een Rom\u00e2nia. <\/p>\n\n\n\n<p>\u00cen acest context, \u0219oferii din Bucure\u0219ti pl\u0103tesc \u00een ziua de vineri, 13 martie 2026, peste 8,50 lei pentru un litru de benzin\u0103 \u00een anumite benzin\u0103rii. \u00cen ceea ce prive\u0219te pre\u021bul motorinei, la anumite sta\u021bii de alimentare acesta a trecut de 9 lei. <\/p>\n\n\n\n<p>Cele mai mici pre\u021buri din Bucure\u0219ti: <\/p>\n\n\n\n<ul class=\"wp-block-list\">\n<li><strong>Cel mai mic pre\u021b al benzinei<\/strong> \u00een ziua de vineri a fost \u00eenregistrat \u00een sta\u021bia Rompetrol de pe Bulevardul Bucure\u0219tii Noi 48 &#8211; <strong>8,31\/litru<\/strong>.<\/li>\n\n\n\n<li><strong>Cel mai mic pre\u021b al motorinei <\/strong>\u00een ziua de vineri a fost \u00eenregistrat \u00een sta\u021bia \u00een sta\u021bia Rompetrol de pe \u0218oseaua Mihai Bravu 473-483 &#8211; <strong>8,79 lei\/litru<\/strong>.<\/li>\n<\/ul>\n\n\n\n<p>La polul opus, cele mai mari pre\u021buri din Capital\u0103 au fost \u00eenregistrate dup\u0103 cum urmeaz\u0103: <\/p>\n\n\n\n<ul class=\"wp-block-list\">\n<li><strong>Cel mai mare pre\u021b al benzinei<\/strong> \u00een ziua de vineri a fost \u00eenregistrat \u00een sta\u021bia OMV de pe Strada Od\u0103i nr. 147 A &#8211; <strong>8.60 lei\/litru<\/strong>. <\/li>\n\n\n\n<li><strong>Cel mai mare pre\u021b al motorinei <\/strong>\u00een ziua de vineri a fost \u00eenregistrat \u00een sta\u021bia OMV de pe Strada Od\u0103i nr. 147 A &#8211; <strong>9.05 lei\/litru<\/strong>. <\/li>\n<\/ul>\n\n\n\n<p><strong>CITE\u0218TE \u0218I <a href=\"https:\/\/buletin.de\/bucuresti\/editorial-factura-pentru-mafiile-de-la-periferie-din-bugetul-pe-2026-cum-ajung-banii-bucurestenilor-in-feudele-imobiliare-din-ilfov\/\" type=\"post\" id=\"179893\">EDITORIAL | Factura pentru mafiile de la periferie din bugetul pe 2026. Cum ajung banii bucure\u0219tenilor \u00een feudele imobiliare din Ilfov<\/a><\/strong><\/p>\n\n\n\n<h2 class=\"wp-block-heading\" id=\"h-cat-platesc-\u0219oferii-pentru-benzina-\u0219i-motorina-premium\">C\u00e2t pl\u0103tesc \u0219oferii pentru benzin\u0103 \u0219i motorin\u0103 premium<\/h2>\n\n\n\n<p>Cei care doresc s\u0103 alimenteze cu combustibil premium trebuie s\u0103 scoat\u0103 din buzunare cu mult peste 9 lei pentru un litru de benzin\u0103 \u0219i \u0219i aproape de 10 lei pentru un litru de motorin\u0103. <\/p>\n\n\n\n<p>\u00cen Capital\u0103, cea mai ieftin\u0103 benzin\u0103 superioar\u0103 cost\u0103, \u00een ziua de 13 martie,<strong> 8.91 de lei\/ litru<\/strong> \u00een sta\u021biile Rompetrol. Cea mai scump\u0103 benzin\u0103 superioar\u0103 ajunge la <strong>9.32 de lei\/litru<\/strong>, \u00een sta\u021biile OMV. \u00cen cazul motorinei superioare, cea mai ieftin\u0103 se g\u0103se\u0219te de asemenea \u00een sta\u021biile Rompetrol \u0219i cost\u0103 9.23 de lei\/litru, iar cea mai scump\u0103, \u00een sta\u021biile OMV, ajunge la 9.60 de lei\/ litru. <\/p>\n\n\n\n<p><strong>CITE\u0218TE \u0218I <a href=\"https:\/\/buletin.de\/bucuresti\/agenda-urbana-cu-cosmin-buletin-recomandari-culturale-pentru-13-19-martie\/\" type=\"post\" id=\"180166\">Agenda Urban\u0103 cu Cosmin @ Buletin: Recomand\u0103ri culturale pentru 13-19 martie<\/a><\/strong><\/p>\n\n\n\n<p><\/p>\n","protected":false},"excerpt":{"rendered":"<p>Pre\u021bul carburan\u021bilor continu\u0103 s\u0103 creasc\u0103 \u00een Bucure\u0219ti \u0219i restul Rom\u00e2niei pe fondul conflictului care are loc \u00een Orientul Mijlociu. \u00cen Capital\u0103, benzina se aproprie cu pa\u0219i repezi de pragul de 9 lei, iar \u00een ceea ce prive\u0219te motorina, acest prag a fost deja dep\u0103\u0219it cu pu\u021bin, conform informa\u021biilor oferite de Peco Online. Care este pre\u021bul [&hellip;]<\/p>\n","protected":false},"author":66,"featured_media":180249,"comment_status":"closed","ping_status":"open","sticky":false,"template":"","format":"standard","meta":{"_acf_changed":false,"inline_featured_image":false,"ngg_post_thumbnail":0,"footnotes":""},"categories":[6994,62],"tags":[2063,27043,13817,18326,18325,8556],"ppma_author":[26103],"class_list":["post-180243","post","type-post","status-publish","format-standard","has-post-thumbnail","hentry","category-stiri-2","category-stiri","tag-bucuresti-2","tag-carburanti","tag-orientul-mijlociu","tag-pret-benzina","tag-pret-motorina","tag-scumpiri"],"acf":[],"yoast_head":"<!-- This site is optimized with the Yoast SEO Premium plugin v25.3 (Yoast SEO v27.4) - https:\/\/yoast.com\/product\/yoast-seo-premium-wordpress\/ -->\n<title>Prag psihologic aproape atins la benzin\u0103riile din Capital\u0103. \u00cen ce zon\u0103 este cel mai mic pre\u021b la carburan\u021bi - Buletin de Bucure\u0219ti<\/title>\n<meta name=\"description\" content=\"\u00cen Bucure\u0219ti, benzina se aproprie cu pa\u0219i repezi de 9 lei, iar pre\u021bul pentru motorin\u0103 a trecut deja de acest prag.\" \/>\n<meta name=\"robots\" content=\"index, follow, max-snippet:-1, max-image-preview:large, max-video-preview:-1\" \/>\n<link rel=\"canonical\" href=\"https:\/\/buletin.de\/bucuresti\/pretul-pentru-benzina-si-motorina-continua-sa-creasca-in-bucuresti-cat-costa-un-litru-de-carburant\/\" \/>\n<meta property=\"og:locale\" content=\"en_GB\" \/>\n<meta property=\"og:type\" content=\"article\" \/>\n<meta property=\"og:title\" content=\"Prag psihologic aproape atins la benzin\u0103riile din Capital\u0103. \u00cen ce zon\u0103 este cel mai mic pre\u021b la carburan\u021bi\" \/>\n<meta property=\"og:description\" content=\"\u00cen Bucure\u0219ti, benzina se aproprie cu pa\u0219i repezi de 9 lei, iar pre\u021bul pentru motorin\u0103 a trecut deja de acest prag.\" \/>\n<meta property=\"og:url\" content=\"https:\/\/buletin.de\/bucuresti\/pretul-pentru-benzina-si-motorina-continua-sa-creasca-in-bucuresti-cat-costa-un-litru-de-carburant\/\" \/>\n<meta property=\"og:site_name\" content=\"Buletin de Bucure\u0219ti\" \/>\n<meta property=\"article:publisher\" content=\"https:\/\/www.facebook.com\/buletin.de.buc\" \/>\n<meta property=\"article:published_time\" content=\"2026-03-13T07:10:08+00:00\" \/>\n<meta property=\"article:modified_time\" content=\"2026-03-13T07:27:55+00:00\" \/>\n<meta property=\"og:image\" content=\"https:\/\/buletin.de\/bucuresti\/wp-content\/uploads\/2026\/03\/engin_akyurt-fuel-6999638_1280.jpg\" \/>\n\t<meta property=\"og:image:width\" content=\"1280\" \/>\n\t<meta property=\"og:image:height\" content=\"960\" \/>\n\t<meta property=\"og:image:type\" content=\"image\/jpeg\" \/>\n<meta name=\"author\" content=\"Deniz Garguli\" \/>\n<meta name=\"twitter:card\" content=\"summary_large_image\" \/>\n<meta name=\"twitter:label1\" content=\"Written by\" \/>\n\t<meta name=\"twitter:data1\" content=\"Deniz Garguli\" \/>\n\t<meta name=\"twitter:label2\" content=\"Estimated reading time\" \/>\n\t<meta name=\"twitter:data2\" content=\"3 minutes\" \/>\n<script type=\"application\/ld+json\" class=\"yoast-schema-graph\">{\"@context\":\"https:\\\/\\\/schema.org\",\"@graph\":[{\"@type\":\"Article\",\"@id\":\"https:\\\/\\\/buletin.de\\\/bucuresti\\\/pretul-pentru-benzina-si-motorina-continua-sa-creasca-in-bucuresti-cat-costa-un-litru-de-carburant\\\/#article\",\"isPartOf\":{\"@id\":\"https:\\\/\\\/buletin.de\\\/bucuresti\\\/pretul-pentru-benzina-si-motorina-continua-sa-creasca-in-bucuresti-cat-costa-un-litru-de-carburant\\\/\"},\"author\":{\"name\":\"Deniz Garguli\",\"@id\":\"https:\\\/\\\/buletin.de\\\/bucuresti\\\/#\\\/schema\\\/person\\\/8badd0805392c02e16b744e0d5cd3625\"},\"headline\":\"Prag psihologic aproape atins la benzin\u0103riile din Capital\u0103. \u00cen ce zon\u0103 este cel mai mic pre\u021b la carburan\u021bi\",\"datePublished\":\"2026-03-13T07:10:08+00:00\",\"dateModified\":\"2026-03-13T07:27:55+00:00\",\"mainEntityOfPage\":{\"@id\":\"https:\\\/\\\/buletin.de\\\/bucuresti\\\/pretul-pentru-benzina-si-motorina-continua-sa-creasca-in-bucuresti-cat-costa-un-litru-de-carburant\\\/\"},\"wordCount\":477,\"publisher\":{\"@id\":\"https:\\\/\\\/buletin.de\\\/bucuresti\\\/#organization\"},\"image\":{\"@id\":\"https:\\\/\\\/buletin.de\\\/bucuresti\\\/pretul-pentru-benzina-si-motorina-continua-sa-creasca-in-bucuresti-cat-costa-un-litru-de-carburant\\\/#primaryimage\"},\"thumbnailUrl\":\"https:\\\/\\\/buletin.de\\\/bucuresti\\\/wp-content\\\/uploads\\\/2026\\\/03\\\/engin_akyurt-fuel-6999638_1280.jpg\",\"keywords\":[\"Bucure\u0219ti\",\"carburan\u021bi\",\"Orientul Mijlociu\",\"pre\u021b benzina\",\"pre\u021b motorina\",\"scumpiri\"],\"articleSection\":[\"Articole\",\"\u0218tiri\"],\"inLanguage\":\"en-GB\",\"copyrightYear\":\"2026\",\"copyrightHolder\":{\"@id\":\"https:\\\/\\\/buletin.de\\\/bucuresti\\\/#organization\"}},{\"@type\":\"WebPage\",\"@id\":\"https:\\\/\\\/buletin.de\\\/bucuresti\\\/pretul-pentru-benzina-si-motorina-continua-sa-creasca-in-bucuresti-cat-costa-un-litru-de-carburant\\\/\",\"url\":\"https:\\\/\\\/buletin.de\\\/bucuresti\\\/pretul-pentru-benzina-si-motorina-continua-sa-creasca-in-bucuresti-cat-costa-un-litru-de-carburant\\\/\",\"name\":\"Prag psihologic aproape atins la benzin\u0103riile din Capital\u0103. \u00cen ce zon\u0103 este cel mai mic pre\u021b la carburan\u021bi - Buletin de Bucure\u0219ti\",\"isPartOf\":{\"@id\":\"https:\\\/\\\/buletin.de\\\/bucuresti\\\/#website\"},\"primaryImageOfPage\":{\"@id\":\"https:\\\/\\\/buletin.de\\\/bucuresti\\\/pretul-pentru-benzina-si-motorina-continua-sa-creasca-in-bucuresti-cat-costa-un-litru-de-carburant\\\/#primaryimage\"},\"image\":{\"@id\":\"https:\\\/\\\/buletin.de\\\/bucuresti\\\/pretul-pentru-benzina-si-motorina-continua-sa-creasca-in-bucuresti-cat-costa-un-litru-de-carburant\\\/#primaryimage\"},\"thumbnailUrl\":\"https:\\\/\\\/buletin.de\\\/bucuresti\\\/wp-content\\\/uploads\\\/2026\\\/03\\\/engin_akyurt-fuel-6999638_1280.jpg\",\"datePublished\":\"2026-03-13T07:10:08+00:00\",\"dateModified\":\"2026-03-13T07:27:55+00:00\",\"description\":\"\u00cen Bucure\u0219ti, benzina se aproprie cu pa\u0219i repezi de 9 lei, iar pre\u021bul pentru motorin\u0103 a trecut deja de acest prag.\",\"breadcrumb\":{\"@id\":\"https:\\\/\\\/buletin.de\\\/bucuresti\\\/pretul-pentru-benzina-si-motorina-continua-sa-creasca-in-bucuresti-cat-costa-un-litru-de-carburant\\\/#breadcrumb\"},\"inLanguage\":\"en-GB\",\"potentialAction\":[{\"@type\":\"ReadAction\",\"target\":[\"https:\\\/\\\/buletin.de\\\/bucuresti\\\/pretul-pentru-benzina-si-motorina-continua-sa-creasca-in-bucuresti-cat-costa-un-litru-de-carburant\\\/\"]}]},{\"@type\":\"ImageObject\",\"inLanguage\":\"en-GB\",\"@id\":\"https:\\\/\\\/buletin.de\\\/bucuresti\\\/pretul-pentru-benzina-si-motorina-continua-sa-creasca-in-bucuresti-cat-costa-un-litru-de-carburant\\\/#primaryimage\",\"url\":\"https:\\\/\\\/buletin.de\\\/bucuresti\\\/wp-content\\\/uploads\\\/2026\\\/03\\\/engin_akyurt-fuel-6999638_1280.jpg\",\"contentUrl\":\"https:\\\/\\\/buletin.de\\\/bucuresti\\\/wp-content\\\/uploads\\\/2026\\\/03\\\/engin_akyurt-fuel-6999638_1280.jpg\",\"width\":1280,\"height\":960,\"caption\":\"Pre\u021bul pentru benzin\u0103 \u0219i motorin\u0103 continu\u0103 s\u0103 creasc\u0103 \u00een Bucure\u0219ti. C\u00e2t cost\u0103 un litru de carburant FOTO: Pixabay\"},{\"@type\":\"BreadcrumbList\",\"@id\":\"https:\\\/\\\/buletin.de\\\/bucuresti\\\/pretul-pentru-benzina-si-motorina-continua-sa-creasca-in-bucuresti-cat-costa-un-litru-de-carburant\\\/#breadcrumb\",\"itemListElement\":[{\"@type\":\"ListItem\",\"position\":1,\"name\":\"Acas\u0103\",\"item\":\"https:\\\/\\\/buletin.de\\\/bucuresti\\\/\"},{\"@type\":\"ListItem\",\"position\":2,\"name\":\"Prag psihologic aproape atins la benzin\u0103riile din Capital\u0103. \u00cen ce zon\u0103 este cel mai mic pre\u021b la carburan\u021bi\"}]},{\"@type\":\"WebSite\",\"@id\":\"https:\\\/\\\/buletin.de\\\/bucuresti\\\/#website\",\"url\":\"https:\\\/\\\/buletin.de\\\/bucuresti\\\/\",\"name\":\"Buletin de Bucure\u0219ti\",\"description\":\"\u0218tiri \u0219i investiga\u021bii esen\u021biale din capital\u0103\",\"publisher\":{\"@id\":\"https:\\\/\\\/buletin.de\\\/bucuresti\\\/#organization\"},\"potentialAction\":[{\"@type\":\"SearchAction\",\"target\":{\"@type\":\"EntryPoint\",\"urlTemplate\":\"https:\\\/\\\/buletin.de\\\/bucuresti\\\/?s={search_term_string}\"},\"query-input\":{\"@type\":\"PropertyValueSpecification\",\"valueRequired\":true,\"valueName\":\"search_term_string\"}}],\"inLanguage\":\"en-GB\"},{\"@type\":\"Organization\",\"@id\":\"https:\\\/\\\/buletin.de\\\/bucuresti\\\/#organization\",\"name\":\"Buletin de Bucure\u0219ti\",\"url\":\"https:\\\/\\\/buletin.de\\\/bucuresti\\\/\",\"logo\":{\"@type\":\"ImageObject\",\"inLanguage\":\"en-GB\",\"@id\":\"https:\\\/\\\/buletin.de\\\/bucuresti\\\/#\\\/schema\\\/logo\\\/image\\\/\",\"url\":\"https:\\\/\\\/buletin.de\\\/bucuresti\\\/wp-content\\\/uploads\\\/logo-bdb-full-wide-vernil-transparent.png\",\"contentUrl\":\"https:\\\/\\\/buletin.de\\\/bucuresti\\\/wp-content\\\/uploads\\\/logo-bdb-full-wide-vernil-transparent.png\",\"width\":1782,\"height\":626,\"caption\":\"Buletin de Bucure\u0219ti\"},\"image\":{\"@id\":\"https:\\\/\\\/buletin.de\\\/bucuresti\\\/#\\\/schema\\\/logo\\\/image\\\/\"},\"sameAs\":[\"https:\\\/\\\/www.facebook.com\\\/buletin.de.buc\",\"https:\\\/\\\/www.instagram.com\\\/buletinde.bucuresti\\\/\"]},{\"@type\":\"Person\",\"@id\":\"https:\\\/\\\/buletin.de\\\/bucuresti\\\/#\\\/schema\\\/person\\\/8badd0805392c02e16b744e0d5cd3625\",\"name\":\"Deniz Garguli\",\"image\":{\"@type\":\"ImageObject\",\"inLanguage\":\"en-GB\",\"@id\":\"https:\\\/\\\/buletin.de\\\/bucuresti\\\/wp-content\\\/uploads\\\/2026\\\/01\\\/79b44b20-a270-4ee6-afb3-fdf3c7ef7782-96x96.jpege2491ce6d396dbf7c1362e9ef046c803\",\"url\":\"https:\\\/\\\/buletin.de\\\/bucuresti\\\/wp-content\\\/uploads\\\/2026\\\/01\\\/79b44b20-a270-4ee6-afb3-fdf3c7ef7782-96x96.jpeg\",\"contentUrl\":\"https:\\\/\\\/buletin.de\\\/bucuresti\\\/wp-content\\\/uploads\\\/2026\\\/01\\\/79b44b20-a270-4ee6-afb3-fdf3c7ef7782-96x96.jpeg\",\"caption\":\"Deniz Garguli\"},\"description\":\"N\u0103scut\u0103 \u0219i crescut\u0103 \u00een Capital\u0103, dorin\u021ba de a fi la curent cu tot ce se \u00eent\u00e2mpl\u0103 \u00een Bucure\u0219ti a \u00eempins-o c\u0103tre pres\u0103, mai cu seam\u0103 c\u0103tre cea local\u0103. A lucrat vreme de patru ani la B365, unde s-a ocupat de \u0219tiri despre ora\u0219 \u0219i oamenii care locuiesc \u00een el. Din 2026 s-a al\u0103turat echipei Buletin de Bucure\u0219ti.\",\"url\":\"https:\\\/\\\/buletin.de\\\/bucuresti\\\/author\\\/deniz-garguli\\\/\"}]}<\/script>\n<!-- \/ Yoast SEO Premium plugin. -->","yoast_head_json":{"title":"Prag psihologic aproape atins la benzin\u0103riile din Capital\u0103. \u00cen ce zon\u0103 este cel mai mic pre\u021b la carburan\u021bi - Buletin de Bucure\u0219ti","description":"\u00cen Bucure\u0219ti, benzina se aproprie cu pa\u0219i repezi de 9 lei, iar pre\u021bul pentru motorin\u0103 a trecut deja de acest prag.","robots":{"index":"index","follow":"follow","max-snippet":"max-snippet:-1","max-image-preview":"max-image-preview:large","max-video-preview":"max-video-preview:-1"},"canonical":"https:\/\/buletin.de\/bucuresti\/pretul-pentru-benzina-si-motorina-continua-sa-creasca-in-bucuresti-cat-costa-un-litru-de-carburant\/","og_locale":"en_GB","og_type":"article","og_title":"Prag psihologic aproape atins la benzin\u0103riile din Capital\u0103. \u00cen ce zon\u0103 este cel mai mic pre\u021b la carburan\u021bi","og_description":"\u00cen Bucure\u0219ti, benzina se aproprie cu pa\u0219i repezi de 9 lei, iar pre\u021bul pentru motorin\u0103 a trecut deja de acest prag.","og_url":"https:\/\/buletin.de\/bucuresti\/pretul-pentru-benzina-si-motorina-continua-sa-creasca-in-bucuresti-cat-costa-un-litru-de-carburant\/","og_site_name":"Buletin de Bucure\u0219ti","article_publisher":"https:\/\/www.facebook.com\/buletin.de.buc","article_published_time":"2026-03-13T07:10:08+00:00","article_modified_time":"2026-03-13T07:27:55+00:00","og_image":[{"width":1280,"height":960,"url":"https:\/\/buletin.de\/bucuresti\/wp-content\/uploads\/2026\/03\/engin_akyurt-fuel-6999638_1280.jpg","type":"image\/jpeg"}],"author":"Deniz Garguli","twitter_card":"summary_large_image","twitter_misc":{"Written by":"Deniz Garguli","Estimated reading time":"3 minutes"},"schema":{"@context":"https:\/\/schema.org","@graph":[{"@type":"Article","@id":"https:\/\/buletin.de\/bucuresti\/pretul-pentru-benzina-si-motorina-continua-sa-creasca-in-bucuresti-cat-costa-un-litru-de-carburant\/#article","isPartOf":{"@id":"https:\/\/buletin.de\/bucuresti\/pretul-pentru-benzina-si-motorina-continua-sa-creasca-in-bucuresti-cat-costa-un-litru-de-carburant\/"},"author":{"name":"Deniz Garguli","@id":"https:\/\/buletin.de\/bucuresti\/#\/schema\/person\/8badd0805392c02e16b744e0d5cd3625"},"headline":"Prag psihologic aproape atins la benzin\u0103riile din Capital\u0103. \u00cen ce zon\u0103 este cel mai mic pre\u021b la carburan\u021bi","datePublished":"2026-03-13T07:10:08+00:00","dateModified":"2026-03-13T07:27:55+00:00","mainEntityOfPage":{"@id":"https:\/\/buletin.de\/bucuresti\/pretul-pentru-benzina-si-motorina-continua-sa-creasca-in-bucuresti-cat-costa-un-litru-de-carburant\/"},"wordCount":477,"publisher":{"@id":"https:\/\/buletin.de\/bucuresti\/#organization"},"image":{"@id":"https:\/\/buletin.de\/bucuresti\/pretul-pentru-benzina-si-motorina-continua-sa-creasca-in-bucuresti-cat-costa-un-litru-de-carburant\/#primaryimage"},"thumbnailUrl":"https:\/\/buletin.de\/bucuresti\/wp-content\/uploads\/2026\/03\/engin_akyurt-fuel-6999638_1280.jpg","keywords":["Bucure\u0219ti","carburan\u021bi","Orientul Mijlociu","pre\u021b benzina","pre\u021b motorina","scumpiri"],"articleSection":["Articole","\u0218tiri"],"inLanguage":"en-GB","copyrightYear":"2026","copyrightHolder":{"@id":"https:\/\/buletin.de\/bucuresti\/#organization"}},{"@type":"WebPage","@id":"https:\/\/buletin.de\/bucuresti\/pretul-pentru-benzina-si-motorina-continua-sa-creasca-in-bucuresti-cat-costa-un-litru-de-carburant\/","url":"https:\/\/buletin.de\/bucuresti\/pretul-pentru-benzina-si-motorina-continua-sa-creasca-in-bucuresti-cat-costa-un-litru-de-carburant\/","name":"Prag psihologic aproape atins la benzin\u0103riile din Capital\u0103. \u00cen ce zon\u0103 este cel mai mic pre\u021b la carburan\u021bi - Buletin de Bucure\u0219ti","isPartOf":{"@id":"https:\/\/buletin.de\/bucuresti\/#website"},"primaryImageOfPage":{"@id":"https:\/\/buletin.de\/bucuresti\/pretul-pentru-benzina-si-motorina-continua-sa-creasca-in-bucuresti-cat-costa-un-litru-de-carburant\/#primaryimage"},"image":{"@id":"https:\/\/buletin.de\/bucuresti\/pretul-pentru-benzina-si-motorina-continua-sa-creasca-in-bucuresti-cat-costa-un-litru-de-carburant\/#primaryimage"},"thumbnailUrl":"https:\/\/buletin.de\/bucuresti\/wp-content\/uploads\/2026\/03\/engin_akyurt-fuel-6999638_1280.jpg","datePublished":"2026-03-13T07:10:08+00:00","dateModified":"2026-03-13T07:27:55+00:00","description":"\u00cen Bucure\u0219ti, benzina se aproprie cu pa\u0219i repezi de 9 lei, iar pre\u021bul pentru motorin\u0103 a trecut deja de acest prag.","breadcrumb":{"@id":"https:\/\/buletin.de\/bucuresti\/pretul-pentru-benzina-si-motorina-continua-sa-creasca-in-bucuresti-cat-costa-un-litru-de-carburant\/#breadcrumb"},"inLanguage":"en-GB","potentialAction":[{"@type":"ReadAction","target":["https:\/\/buletin.de\/bucuresti\/pretul-pentru-benzina-si-motorina-continua-sa-creasca-in-bucuresti-cat-costa-un-litru-de-carburant\/"]}]},{"@type":"ImageObject","inLanguage":"en-GB","@id":"https:\/\/buletin.de\/bucuresti\/pretul-pentru-benzina-si-motorina-continua-sa-creasca-in-bucuresti-cat-costa-un-litru-de-carburant\/#primaryimage","url":"https:\/\/buletin.de\/bucuresti\/wp-content\/uploads\/2026\/03\/engin_akyurt-fuel-6999638_1280.jpg","contentUrl":"https:\/\/buletin.de\/bucuresti\/wp-content\/uploads\/2026\/03\/engin_akyurt-fuel-6999638_1280.jpg","width":1280,"height":960,"caption":"Pre\u021bul pentru benzin\u0103 \u0219i motorin\u0103 continu\u0103 s\u0103 creasc\u0103 \u00een Bucure\u0219ti. C\u00e2t cost\u0103 un litru de carburant FOTO: Pixabay"},{"@type":"BreadcrumbList","@id":"https:\/\/buletin.de\/bucuresti\/pretul-pentru-benzina-si-motorina-continua-sa-creasca-in-bucuresti-cat-costa-un-litru-de-carburant\/#breadcrumb","itemListElement":[{"@type":"ListItem","position":1,"name":"Acas\u0103","item":"https:\/\/buletin.de\/bucuresti\/"},{"@type":"ListItem","position":2,"name":"Prag psihologic aproape atins la benzin\u0103riile din Capital\u0103. \u00cen ce zon\u0103 este cel mai mic pre\u021b la carburan\u021bi"}]},{"@type":"WebSite","@id":"https:\/\/buletin.de\/bucuresti\/#website","url":"https:\/\/buletin.de\/bucuresti\/","name":"Buletin de Bucure\u0219ti","description":"\u0218tiri \u0219i investiga\u021bii esen\u021biale din capital\u0103","publisher":{"@id":"https:\/\/buletin.de\/bucuresti\/#organization"},"potentialAction":[{"@type":"SearchAction","target":{"@type":"EntryPoint","urlTemplate":"https:\/\/buletin.de\/bucuresti\/?s={search_term_string}"},"query-input":{"@type":"PropertyValueSpecification","valueRequired":true,"valueName":"search_term_string"}}],"inLanguage":"en-GB"},{"@type":"Organization","@id":"https:\/\/buletin.de\/bucuresti\/#organization","name":"Buletin de Bucure\u0219ti","url":"https:\/\/buletin.de\/bucuresti\/","logo":{"@type":"ImageObject","inLanguage":"en-GB","@id":"https:\/\/buletin.de\/bucuresti\/#\/schema\/logo\/image\/","url":"https:\/\/buletin.de\/bucuresti\/wp-content\/uploads\/logo-bdb-full-wide-vernil-transparent.png","contentUrl":"https:\/\/buletin.de\/bucuresti\/wp-content\/uploads\/logo-bdb-full-wide-vernil-transparent.png","width":1782,"height":626,"caption":"Buletin de Bucure\u0219ti"},"image":{"@id":"https:\/\/buletin.de\/bucuresti\/#\/schema\/logo\/image\/"},"sameAs":["https:\/\/www.facebook.com\/buletin.de.buc","https:\/\/www.instagram.com\/buletinde.bucuresti\/"]},{"@type":"Person","@id":"https:\/\/buletin.de\/bucuresti\/#\/schema\/person\/8badd0805392c02e16b744e0d5cd3625","name":"Deniz Garguli","image":{"@type":"ImageObject","inLanguage":"en-GB","@id":"https:\/\/buletin.de\/bucuresti\/wp-content\/uploads\/2026\/01\/79b44b20-a270-4ee6-afb3-fdf3c7ef7782-96x96.jpege2491ce6d396dbf7c1362e9ef046c803","url":"https:\/\/buletin.de\/bucuresti\/wp-content\/uploads\/2026\/01\/79b44b20-a270-4ee6-afb3-fdf3c7ef7782-96x96.jpeg","contentUrl":"https:\/\/buletin.de\/bucuresti\/wp-content\/uploads\/2026\/01\/79b44b20-a270-4ee6-afb3-fdf3c7ef7782-96x96.jpeg","caption":"Deniz Garguli"},"description":"N\u0103scut\u0103 \u0219i crescut\u0103 \u00een Capital\u0103, dorin\u021ba de a fi la curent cu tot ce se \u00eent\u00e2mpl\u0103 \u00een Bucure\u0219ti a \u00eempins-o c\u0103tre pres\u0103, mai cu seam\u0103 c\u0103tre cea local\u0103. A lucrat vreme de patru ani la B365, unde s-a ocupat de \u0219tiri despre ora\u0219 \u0219i oamenii care locuiesc \u00een el. Din 2026 s-a al\u0103turat echipei Buletin de Bucure\u0219ti.","url":"https:\/\/buletin.de\/bucuresti\/author\/deniz-garguli\/"}]}},"authors":[{"term_id":26103,"user_id":66,"is_guest":0,"slug":"deniz-garguli","display_name":"Deniz Garguli","avatar_url":"https:\/\/buletin.de\/bucuresti\/wp-content\/uploads\/2026\/01\/79b44b20-a270-4ee6-afb3-fdf3c7ef7782-96x96.jpeg","0":null,"1":"","2":"","3":"","4":"","5":"","6":"","7":"","8":""}],"_links":{"self":[{"href":"https:\/\/buletin.de\/bucuresti\/wp-json\/wp\/v2\/posts\/180243","targetHints":{"allow":["GET"]}}],"collection":[{"href":"https:\/\/buletin.de\/bucuresti\/wp-json\/wp\/v2\/posts"}],"about":[{"href":"https:\/\/buletin.de\/bucuresti\/wp-json\/wp\/v2\/types\/post"}],"author":[{"embeddable":true,"href":"https:\/\/buletin.de\/bucuresti\/wp-json\/wp\/v2\/users\/66"}],"replies":[{"embeddable":true,"href":"https:\/\/buletin.de\/bucuresti\/wp-json\/wp\/v2\/comments?post=180243"}],"version-history":[{"count":5,"href":"https:\/\/buletin.de\/bucuresti\/wp-json\/wp\/v2\/posts\/180243\/revisions"}],"predecessor-version":[{"id":180260,"href":"https:\/\/buletin.de\/bucuresti\/wp-json\/wp\/v2\/posts\/180243\/revisions\/180260"}],"wp:featuredmedia":[{"embeddable":true,"href":"https:\/\/buletin.de\/bucuresti\/wp-json\/wp\/v2\/media\/180249"}],"wp:attachment":[{"href":"https:\/\/buletin.de\/bucuresti\/wp-json\/wp\/v2\/media?parent=180243"}],"wp:term":[{"taxonomy":"category","embeddable":true,"href":"https:\/\/buletin.de\/bucuresti\/wp-json\/wp\/v2\/categories?post=180243"},{"taxonomy":"post_tag","embeddable":true,"href":"https:\/\/buletin.de\/bucuresti\/wp-json\/wp\/v2\/tags?post=180243"},{"taxonomy":"author","embeddable":true,"href":"https:\/\/buletin.de\/bucuresti\/wp-json\/wp\/v2\/ppma_author?post=180243"}],"curies":[{"name":"wp","href":"https:\/\/api.w.org\/{rel}","templated":true}]}}