{"id":180216,"date":"2026-03-13T02:15:00","date_gmt":"2026-03-12T23:15:00","guid":{"rendered":"https:\/\/buletin.de\/bucuresti\/?p=180216"},"modified":"2026-03-13T10:11:58","modified_gmt":"2026-03-13T07:11:58","slug":"robert-negoita-vrea-sa-umple-sectorul-3-de-pasaje-ciprian-ciucu-este-incantat-fac-parte-si-din-viziunea-pmb","status":"publish","type":"post","link":"https:\/\/buletin.de\/bucuresti\/robert-negoita-vrea-sa-umple-sectorul-3-de-pasaje-ciprian-ciucu-este-incantat-fac-parte-si-din-viziunea-pmb\/","title":{"rendered":"Robert Negoi\u021b\u0103 vrea s\u0103 umple Sectorul 3 de pasaje. Ciprian Ciucu este \u00eenc\u00e2ntat: \u201eFac parte \u0219i din viziunea PMB\u201d"},"content":{"rendered":"\n<p><strong>Primarul Robert Negoi\u021b\u0103 are \u00een plan s\u0103 construiasc\u0103 mai multe pasaje supra \u0219i subterane, pentru a \u201efluidiza\u201d traficul \u00een Sectorul 3. Primarul general Ciprian Ciucu a aprobat favorabil proiectele, despre care a afirmat c\u0103 majoritatea fac parte \u0219i din \u201eviziunea PMB\u201d.<\/strong><\/p>\n\n\n\n<p>\u201eSuntem de acord c\u0103 odat\u0103 ce vom finaliza PUZ-ul ini\u021biat de Prim\u0103riei Municipiului Bucure\u0219ti pentru inelul median din estul Capitalei, Sectorul 3 s\u0103 \u00ee\u0219i asume realizarea unui pasaj denivelat \u00een intersec\u021bia bulevardelor Camil Ressu \u0219i Nicolae Grigorescu, pasaj realizat cu scopul decongestion\u0103rii traficului pe inelul median;<\/p>\n\n\n\n<p>( Sectorul 3 \u021bine mult la realizarea unui pasaj subteran de-a lungul inelului principal, care s\u0103 rezolve blocajele din intersec\u021biile \u0219oselei Mihai Bravu cu calea Vitan, calea Dude\u0219ti \u0219i strada Baba Novac. <\/p>\n\n\n\n<p>Am \u00eentors proiectul pe toate fe\u021bele, i-am c\u0103utat punctele tari \u0219i dar \u0219i pe cele slabe, iar cele tari mi se par predominante. Aici nu vor \u00eencepe lucr\u0103rile p\u00e2n\u0103 ce PMB nu va finaliza lucr\u0103rile la re\u021beaua de termoficare, dar am decis s\u0103 facem studiile urbanistice necesare\u201d, <a href=\"https:\/\/www.facebook.com\/ciprian.ciucu\/posts\/pfbid029ZDb5jXJf95W2xa7UQYizKMpR35zEcTeKp6QpcsE3DneE9pwakjRMqj2Hp9bSsPcl\" target=\"_blank\" rel=\"noreferrer noopener\">a transmis Ciprian Ciucu<\/a>, dup\u0103 \u00eent\u00e2lnirea pe care a avut-o la Prim\u0103ria Capitalei cu Robert Negoi\u021b\u0103.<\/p>\n\n\n\n<p><strong>CITE\u0218TE \u0218I: <a href=\"https:\/\/buletin.de\/bucuresti\/primarii-de-sector-convocati-la-primaria-capitalei-pentru-proiecte-comune-prioritatile-din-sectorul-1-de-la-zone-pietonale-la-amenajarea-locurilor-de-parcare\/\" type=\"link\" id=\"https:\/\/buletin.de\/bucuresti\/primarii-de-sector-convocati-la-primaria-capitalei-pentru-proiecte-comune-prioritatile-din-sectorul-1-de-la-zone-pietonale-la-amenajarea-locurilor-de-parcare\/\" target=\"_blank\" rel=\"noreferrer noopener\">Primarii de sector, convoca\u021bi la Prim\u0103ria Capitalei, pentru proiecte comune. Priorit\u0103\u021bile din Sectorul 1: de la zone pietonale la amenajarea locurilor de parcare<\/a><\/strong><\/p>\n\n\n\n<h2 class=\"wp-block-heading\" id=\"h-largirea-caii-dude\u0219ti-\u0219i-mai-multe-pasaje-pietonale-in-zonele-laminor-\u0219i-titan\">L\u0103rgirea C\u0103ii Dude\u0219ti \u0219i mai multe pasaje pietonale \u00een zonele Laminor \u0219i Titan<\/h2>\n\n\n\n<p><strong>Primarul general a mai comunicat c\u0103 sectorul 3 \u00ee\u0219i asum\u0103 l\u0103rgirea C\u0103ii Dude\u0219ti la dou\u0103 benzi pe sens, \u00eentre \u0219oseaua Mihai Bravu \u0219i bulevardul Burebista. <\/strong><\/p>\n\n\n\n<p>\u201ePrin acest proiect se reduc blocajele din intersec\u021bia cu \u0219oseaua Mihai Bravu \u0219i se scurteaz\u0103 semnificativ timpul de sta\u021bionare a tramvaiului \u00een trafic. Aici noi, PMB execu\u0103m deja linia de tramvai. Am dat deja ordinul de \u00eencepere.<\/p>\n\n\n\n<p>PMB \u00ee\u0219i asum\u0103 proiectul de l\u0103rgire a inelului median \u00eentre \u0219oseaua Giurgiului \u0219i bulevardul Basarabia, astfel \u00eenc\u00e2t s\u0103 introducem \u0219i linie de tramvai\u201d, a mai transmis Ciprian Ciucu.<\/p>\n\n\n\n<p><strong>Sectorul 3 \u00ee\u0219i asum\u0103 realizarea a dou\u0103 pasaje pietonale subteran \u00een zona Laminor, care s\u0103 permit\u0103 pietonilor ce vin cu metroul s\u0103 ajung\u0103 direct \u00een sta\u021bia de autobuz \u0219i la Hala Laminor, \u0219i care s\u0103 lege sta\u021bia de metrou Titan cu zona de locuit de peste drum.<\/strong><\/p>\n\n\n\n<p>PMB reabiliteaz\u0103 linia de tramvai din intersec\u021bie, astfel c\u0103 cele dou\u0103 institu\u021bii vor coordona lucr\u0103rile.<\/p>\n\n\n\n<p>\u201eA fost nevoie s\u0103 ne compatibiliz\u0103m viziune pentru PUZ de sistematizare a zonei neconstruite dintre bulevardul Pallady \u0219i strada Lunca Cet\u0103\u021bii, demarat de S3. Noi am cerut accent cu accent pe locuire de calitate, utilit\u0103\u021bi dimensionate corect \u0219i zone stabilite clar PENTRU \u0218COLI \u0219i PARC \u0219i alte func\u021biuni publice.<\/p>\n\n\n\n<p><strong>Am discutat \u0219i despre proiectul de regenerare \u0219i reconfigurare a Splaiului Independen\u021bei, pentru punerea \u00een valoare a zonei de promenad\u0103 de l\u00e2ng\u0103 r\u00e2ul D\u00e2mbovi\u021ba \u2013 \u0219i Sectorul 3 se al\u0103tur\u0103 proiectului demarat de PMB. L-am rugat pe Robert Negoi\u021b\u0103 s\u0103 proiecteze proiectul \u021bin\u00e2nd cont deja de viziunea noastr\u0103 \u0219i s\u0103 includ\u0103 temele de proiectare \u0219i elementele pe care deja le-am discutat cu Teodor Frolu.<\/strong><\/p>\n\n\n\n<p>E drept, mult\u0103 infrastructur\u0103 rutier\u0103, dar mare pare din ea deja face parte \u0219i din viziunea PMB care a preg\u0103tit un PUZ pentru inelul median. Sunt proiecte utile, important este s\u0103 g\u0103sim solu\u021bii \u0219i nu s\u0103 ne bloc\u0103m unii pe al\u021bii, doar a\u0219a de flori de m\u0103r\u201d, a precizat primarul general. <\/p>\n\n\n\n<p>\u00cent\u00e2lnirea cu Robert Negoi\u021b\u0103 a f\u0103cut parte din seria de \u00eent\u00e2lniri pe care Ciprian Ciucu o are cu primarii de sector, cu scopul declarat de a g\u0103si puncte \u0219i obiective comune. <\/p>\n\n\n\n<p><strong>CITE\u0218TE \u0218I: <a href=\"https:\/\/buletin.de\/bucuresti\/proiectele-prioritare-din-sectorul-2-discutate-cu-primaria-capitalei-bulevarde-reconfigurate-parcuri-modernizate-si-noi-spatii-pietonale\/\" type=\"link\" id=\"https:\/\/buletin.de\/bucuresti\/proiectele-prioritare-din-sectorul-2-discutate-cu-primaria-capitalei-bulevarde-reconfigurate-parcuri-modernizate-si-noi-spatii-pietonale\/\" target=\"_blank\" rel=\"noreferrer noopener\">Planuri pe h\u00e2rtie din Sectorul 2, discutate cu Prim\u0103ria Capitalei: bulevarde reconfigurate, parcuri modernizate \u0219i noi spa\u021bii pietonale<\/a><\/strong><\/p>\n","protected":false},"excerpt":{"rendered":"<p>Primarul Robert Negoi\u021b\u0103 are \u00een plan s\u0103 construiasc\u0103 mai multe pasaje supra \u0219i subterane, pentru a \u201efluidiza\u201d traficul \u00een Sectorul 3. Primarul general Ciprian Ciucu a aprobat favorabil proiectele, despre care a afirmat c\u0103 majoritatea fac parte \u0219i din \u201eviziunea PMB\u201d. \u201eSuntem de acord c\u0103 odat\u0103 ce vom finaliza PUZ-ul ini\u021biat de Prim\u0103riei Municipiului Bucure\u0219ti [&hellip;]<\/p>\n","protected":false},"author":60,"featured_media":180219,"comment_status":"closed","ping_status":"open","sticky":false,"template":"","format":"standard","meta":{"_acf_changed":false,"inline_featured_image":false,"ngg_post_thumbnail":0,"footnotes":""},"categories":[6994,5762,24],"tags":[1114,1391,1957,104],"ppma_author":[22582],"class_list":["post-180216","post","type-post","status-publish","format-standard","has-post-thumbnail","hentry","category-stiri-2","category-main","category-primarie","tag-ciucu","tag-negoita","tag-pasaje","tag-pmb"],"acf":[],"yoast_head":"<!-- This site is optimized with the Yoast SEO Premium plugin v25.3 (Yoast SEO v27.4) - https:\/\/yoast.com\/product\/yoast-seo-premium-wordpress\/ -->\n<title>Robert Negoi\u021b\u0103 vrea s\u0103 umple Sectorul 3 de pasaje. Ciprian Ciucu este \u00eenc\u00e2ntat: \u201eFac parte \u0219i din viziunea PMB\u201d - Buletin de Bucure\u0219ti<\/title>\n<meta name=\"description\" content=\"Primarul Robert Negoi\u021b\u0103 are \u00een plan s\u0103 construiasc\u0103 mai multe pasaje supra \u0219i subterane, pentru a \u201efluidiza\u201d traficul \u00een Sectorul 3.\" \/>\n<meta name=\"robots\" content=\"index, follow, max-snippet:-1, max-image-preview:large, max-video-preview:-1\" \/>\n<link rel=\"canonical\" href=\"https:\/\/buletin.de\/bucuresti\/robert-negoita-vrea-sa-umple-sectorul-3-de-pasaje-ciprian-ciucu-este-incantat-fac-parte-si-din-viziunea-pmb\/\" \/>\n<meta property=\"og:locale\" content=\"en_GB\" \/>\n<meta property=\"og:type\" content=\"article\" \/>\n<meta property=\"og:title\" content=\"Robert Negoi\u021b\u0103 vrea s\u0103 umple Sectorul 3 de pasaje. Ciprian Ciucu este \u00eenc\u00e2ntat: \u201eFac parte \u0219i din viziunea PMB\u201d\" \/>\n<meta property=\"og:description\" content=\"Primarul Robert Negoi\u021b\u0103 are \u00een plan s\u0103 construiasc\u0103 mai multe pasaje supra \u0219i subterane, pentru a \u201efluidiza\u201d traficul \u00een Sectorul 3.\" \/>\n<meta property=\"og:url\" content=\"https:\/\/buletin.de\/bucuresti\/robert-negoita-vrea-sa-umple-sectorul-3-de-pasaje-ciprian-ciucu-este-incantat-fac-parte-si-din-viziunea-pmb\/\" \/>\n<meta property=\"og:site_name\" content=\"Buletin de Bucure\u0219ti\" \/>\n<meta property=\"article:publisher\" content=\"https:\/\/www.facebook.com\/buletin.de.buc\" \/>\n<meta property=\"article:published_time\" content=\"2026-03-12T23:15:00+00:00\" \/>\n<meta property=\"article:modified_time\" content=\"2026-03-13T07:11:58+00:00\" \/>\n<meta property=\"og:image\" content=\"https:\/\/buletin.de\/bucuresti\/wp-content\/uploads\/2026\/03\/ciucunegoita.jpg\" \/>\n\t<meta property=\"og:image:width\" content=\"1600\" \/>\n\t<meta property=\"og:image:height\" content=\"1066\" \/>\n\t<meta property=\"og:image:type\" content=\"image\/jpeg\" \/>\n<meta name=\"author\" content=\"R\u0103zvan Chiru\u021b\u0103\" \/>\n<meta name=\"twitter:card\" content=\"summary_large_image\" \/>\n<meta name=\"twitter:label1\" content=\"Written by\" \/>\n\t<meta name=\"twitter:data1\" content=\"R\u0103zvan Chiru\u021b\u0103\" \/>\n\t<meta name=\"twitter:label2\" content=\"Estimated reading time\" \/>\n\t<meta name=\"twitter:data2\" content=\"3 minutes\" \/>\n<script type=\"application\/ld+json\" class=\"yoast-schema-graph\">{\"@context\":\"https:\\\/\\\/schema.org\",\"@graph\":[{\"@type\":\"Article\",\"@id\":\"https:\\\/\\\/buletin.de\\\/bucuresti\\\/robert-negoita-vrea-sa-umple-sectorul-3-de-pasaje-ciprian-ciucu-este-incantat-fac-parte-si-din-viziunea-pmb\\\/#article\",\"isPartOf\":{\"@id\":\"https:\\\/\\\/buletin.de\\\/bucuresti\\\/robert-negoita-vrea-sa-umple-sectorul-3-de-pasaje-ciprian-ciucu-este-incantat-fac-parte-si-din-viziunea-pmb\\\/\"},\"author\":{\"name\":\"R\u0103zvan Chiru\u021b\u0103\",\"@id\":\"https:\\\/\\\/buletin.de\\\/bucuresti\\\/#\\\/schema\\\/person\\\/a76df728dfc913795a9d90e346b253bb\"},\"headline\":\"Robert Negoi\u021b\u0103 vrea s\u0103 umple Sectorul 3 de pasaje. Ciprian Ciucu este \u00eenc\u00e2ntat: \u201eFac parte \u0219i din viziunea PMB\u201d\",\"datePublished\":\"2026-03-12T23:15:00+00:00\",\"dateModified\":\"2026-03-13T07:11:58+00:00\",\"mainEntityOfPage\":{\"@id\":\"https:\\\/\\\/buletin.de\\\/bucuresti\\\/robert-negoita-vrea-sa-umple-sectorul-3-de-pasaje-ciprian-ciucu-este-incantat-fac-parte-si-din-viziunea-pmb\\\/\"},\"wordCount\":657,\"publisher\":{\"@id\":\"https:\\\/\\\/buletin.de\\\/bucuresti\\\/#organization\"},\"image\":{\"@id\":\"https:\\\/\\\/buletin.de\\\/bucuresti\\\/robert-negoita-vrea-sa-umple-sectorul-3-de-pasaje-ciprian-ciucu-este-incantat-fac-parte-si-din-viziunea-pmb\\\/#primaryimage\"},\"thumbnailUrl\":\"https:\\\/\\\/buletin.de\\\/bucuresti\\\/wp-content\\\/uploads\\\/2026\\\/03\\\/ciucunegoita.jpg\",\"keywords\":[\"ciucu\",\"negoita\",\"pasaje\",\"pmb\"],\"articleSection\":[\"Articole\",\"Main\",\"Prim\u0103rie\"],\"inLanguage\":\"en-GB\",\"copyrightYear\":\"2026\",\"copyrightHolder\":{\"@id\":\"https:\\\/\\\/buletin.de\\\/bucuresti\\\/#organization\"}},{\"@type\":\"WebPage\",\"@id\":\"https:\\\/\\\/buletin.de\\\/bucuresti\\\/robert-negoita-vrea-sa-umple-sectorul-3-de-pasaje-ciprian-ciucu-este-incantat-fac-parte-si-din-viziunea-pmb\\\/\",\"url\":\"https:\\\/\\\/buletin.de\\\/bucuresti\\\/robert-negoita-vrea-sa-umple-sectorul-3-de-pasaje-ciprian-ciucu-este-incantat-fac-parte-si-din-viziunea-pmb\\\/\",\"name\":\"Robert Negoi\u021b\u0103 vrea s\u0103 umple Sectorul 3 de pasaje. Ciprian Ciucu este \u00eenc\u00e2ntat: \u201eFac parte \u0219i din viziunea PMB\u201d - Buletin de Bucure\u0219ti\",\"isPartOf\":{\"@id\":\"https:\\\/\\\/buletin.de\\\/bucuresti\\\/#website\"},\"primaryImageOfPage\":{\"@id\":\"https:\\\/\\\/buletin.de\\\/bucuresti\\\/robert-negoita-vrea-sa-umple-sectorul-3-de-pasaje-ciprian-ciucu-este-incantat-fac-parte-si-din-viziunea-pmb\\\/#primaryimage\"},\"image\":{\"@id\":\"https:\\\/\\\/buletin.de\\\/bucuresti\\\/robert-negoita-vrea-sa-umple-sectorul-3-de-pasaje-ciprian-ciucu-este-incantat-fac-parte-si-din-viziunea-pmb\\\/#primaryimage\"},\"thumbnailUrl\":\"https:\\\/\\\/buletin.de\\\/bucuresti\\\/wp-content\\\/uploads\\\/2026\\\/03\\\/ciucunegoita.jpg\",\"datePublished\":\"2026-03-12T23:15:00+00:00\",\"dateModified\":\"2026-03-13T07:11:58+00:00\",\"description\":\"Primarul Robert Negoi\u021b\u0103 are \u00een plan s\u0103 construiasc\u0103 mai multe pasaje supra \u0219i subterane, pentru a \u201efluidiza\u201d traficul \u00een Sectorul 3.\",\"breadcrumb\":{\"@id\":\"https:\\\/\\\/buletin.de\\\/bucuresti\\\/robert-negoita-vrea-sa-umple-sectorul-3-de-pasaje-ciprian-ciucu-este-incantat-fac-parte-si-din-viziunea-pmb\\\/#breadcrumb\"},\"inLanguage\":\"en-GB\",\"potentialAction\":[{\"@type\":\"ReadAction\",\"target\":[\"https:\\\/\\\/buletin.de\\\/bucuresti\\\/robert-negoita-vrea-sa-umple-sectorul-3-de-pasaje-ciprian-ciucu-este-incantat-fac-parte-si-din-viziunea-pmb\\\/\"]}]},{\"@type\":\"ImageObject\",\"inLanguage\":\"en-GB\",\"@id\":\"https:\\\/\\\/buletin.de\\\/bucuresti\\\/robert-negoita-vrea-sa-umple-sectorul-3-de-pasaje-ciprian-ciucu-este-incantat-fac-parte-si-din-viziunea-pmb\\\/#primaryimage\",\"url\":\"https:\\\/\\\/buletin.de\\\/bucuresti\\\/wp-content\\\/uploads\\\/2026\\\/03\\\/ciucunegoita.jpg\",\"contentUrl\":\"https:\\\/\\\/buletin.de\\\/bucuresti\\\/wp-content\\\/uploads\\\/2026\\\/03\\\/ciucunegoita.jpg\",\"width\":1600,\"height\":1066,\"caption\":\"Ciprian Ciucu \u0219i Robert Negoi\u021b\u0103, la \u00eent\u00e2lnirea de la Prim\u0103ria Capitalei. Foto: PMB\"},{\"@type\":\"BreadcrumbList\",\"@id\":\"https:\\\/\\\/buletin.de\\\/bucuresti\\\/robert-negoita-vrea-sa-umple-sectorul-3-de-pasaje-ciprian-ciucu-este-incantat-fac-parte-si-din-viziunea-pmb\\\/#breadcrumb\",\"itemListElement\":[{\"@type\":\"ListItem\",\"position\":1,\"name\":\"Acas\u0103\",\"item\":\"https:\\\/\\\/buletin.de\\\/bucuresti\\\/\"},{\"@type\":\"ListItem\",\"position\":2,\"name\":\"Robert Negoi\u021b\u0103 vrea s\u0103 umple Sectorul 3 de pasaje. Ciprian Ciucu este \u00eenc\u00e2ntat: \u201eFac parte \u0219i din viziunea PMB\u201d\"}]},{\"@type\":\"WebSite\",\"@id\":\"https:\\\/\\\/buletin.de\\\/bucuresti\\\/#website\",\"url\":\"https:\\\/\\\/buletin.de\\\/bucuresti\\\/\",\"name\":\"Buletin de Bucure\u0219ti\",\"description\":\"\u0218tiri \u0219i investiga\u021bii esen\u021biale din capital\u0103\",\"publisher\":{\"@id\":\"https:\\\/\\\/buletin.de\\\/bucuresti\\\/#organization\"},\"potentialAction\":[{\"@type\":\"SearchAction\",\"target\":{\"@type\":\"EntryPoint\",\"urlTemplate\":\"https:\\\/\\\/buletin.de\\\/bucuresti\\\/?s={search_term_string}\"},\"query-input\":{\"@type\":\"PropertyValueSpecification\",\"valueRequired\":true,\"valueName\":\"search_term_string\"}}],\"inLanguage\":\"en-GB\"},{\"@type\":\"Organization\",\"@id\":\"https:\\\/\\\/buletin.de\\\/bucuresti\\\/#organization\",\"name\":\"Buletin de Bucure\u0219ti\",\"url\":\"https:\\\/\\\/buletin.de\\\/bucuresti\\\/\",\"logo\":{\"@type\":\"ImageObject\",\"inLanguage\":\"en-GB\",\"@id\":\"https:\\\/\\\/buletin.de\\\/bucuresti\\\/#\\\/schema\\\/logo\\\/image\\\/\",\"url\":\"https:\\\/\\\/buletin.de\\\/bucuresti\\\/wp-content\\\/uploads\\\/logo-bdb-full-wide-vernil-transparent.png\",\"contentUrl\":\"https:\\\/\\\/buletin.de\\\/bucuresti\\\/wp-content\\\/uploads\\\/logo-bdb-full-wide-vernil-transparent.png\",\"width\":1782,\"height\":626,\"caption\":\"Buletin de Bucure\u0219ti\"},\"image\":{\"@id\":\"https:\\\/\\\/buletin.de\\\/bucuresti\\\/#\\\/schema\\\/logo\\\/image\\\/\"},\"sameAs\":[\"https:\\\/\\\/www.facebook.com\\\/buletin.de.buc\",\"https:\\\/\\\/www.instagram.com\\\/buletinde.bucuresti\\\/\"]},{\"@type\":\"Person\",\"@id\":\"https:\\\/\\\/buletin.de\\\/bucuresti\\\/#\\\/schema\\\/person\\\/a76df728dfc913795a9d90e346b253bb\",\"name\":\"R\u0103zvan Chiru\u021b\u0103\",\"image\":{\"@type\":\"ImageObject\",\"inLanguage\":\"en-GB\",\"@id\":\"https:\\\/\\\/buletin.de\\\/bucuresti\\\/wp-content\\\/uploads\\\/Razvan-Chiruta-96x96.jpge7143b996fd4241fbd6ee1f6b6b7b267\",\"url\":\"https:\\\/\\\/buletin.de\\\/bucuresti\\\/wp-content\\\/uploads\\\/Razvan-Chiruta-96x96.jpg\",\"contentUrl\":\"https:\\\/\\\/buletin.de\\\/bucuresti\\\/wp-content\\\/uploads\\\/Razvan-Chiruta-96x96.jpg\",\"caption\":\"R\u0103zvan Chiru\u021b\u0103\"},\"description\":\"R\u0103zvan Chiru\u021b\u0103 este redactor-\u0219ef adjunct din iulie 2024. A fost redactor-\u0219ef al PRESShub \u00eentre 2022 \u0219i iunie 2024. Anterior, a fost redactor-\u0219ef al Newsweek Rom\u00e2nia, din 2018 p\u00e2n\u0103 \u00een 2021, \u0219i al cotidianului Rom\u00e2nia liber\u0103, \u00eentre 2015 \u0219i 2017. Este absolvent de Jurnalism, \u00een cadrul Universit\u0103\u021bii \u201eAl.I.Cuza\u201d din Ia\u0219i, \u0219i a urmat un master \u00een Managementul institu\u021biilor mass-media (f\u0103r\u0103 diserta\u021bie) la Facultatea de Jurnalism \u0219i \u0218tiin\u021bele Comunic\u0103rii din cadrul Universit\u0103\u021bii din Bucure\u0219ti. \u0218i-a \u00eenceput cariera la Opinia studen\u021beasc\u0103, cunoscuta \u0219coal\u0103 de pres\u0103 din Ia\u0219i. A lucrat \u00een presa local\u0103, apoi a devenit corespondent pentru Ia\u0219i al cotidianului Evenimentul Zilei. Din 2004, a coordonat pentru \u0219ase luni sec\u021bia de coresponden\u021bi a Evenimentului Zilei. A mai lucrat la s\u0103pt\u0103m\u00e2nalul Prezent \u0219i a colaborat cu revistele Dilema Veche \u0219i Suplimentul de Cultur\u0103. Este co-autor \u00een volumele \u201eMass-media \u0219i democra\u021bia \u00een Rom\u00e2nia post-comunist\u0103\u201d (ed. a II-a), Ed. Institutul European, Ia\u0219i, 2013, \u0219i \u201eCOVID - 19. Dimensiuni ale gestionarii pandemiei\u201d, Editura Junimea, Ia\u0219i, 2020.\",\"url\":\"https:\\\/\\\/buletin.de\\\/bucuresti\\\/author\\\/razvan-chiruta\\\/\"}]}<\/script>\n<!-- \/ Yoast SEO Premium plugin. -->","yoast_head_json":{"title":"Robert Negoi\u021b\u0103 vrea s\u0103 umple Sectorul 3 de pasaje. Ciprian Ciucu este \u00eenc\u00e2ntat: \u201eFac parte \u0219i din viziunea PMB\u201d - Buletin de Bucure\u0219ti","description":"Primarul Robert Negoi\u021b\u0103 are \u00een plan s\u0103 construiasc\u0103 mai multe pasaje supra \u0219i subterane, pentru a \u201efluidiza\u201d traficul \u00een Sectorul 3.","robots":{"index":"index","follow":"follow","max-snippet":"max-snippet:-1","max-image-preview":"max-image-preview:large","max-video-preview":"max-video-preview:-1"},"canonical":"https:\/\/buletin.de\/bucuresti\/robert-negoita-vrea-sa-umple-sectorul-3-de-pasaje-ciprian-ciucu-este-incantat-fac-parte-si-din-viziunea-pmb\/","og_locale":"en_GB","og_type":"article","og_title":"Robert Negoi\u021b\u0103 vrea s\u0103 umple Sectorul 3 de pasaje. Ciprian Ciucu este \u00eenc\u00e2ntat: \u201eFac parte \u0219i din viziunea PMB\u201d","og_description":"Primarul Robert Negoi\u021b\u0103 are \u00een plan s\u0103 construiasc\u0103 mai multe pasaje supra \u0219i subterane, pentru a \u201efluidiza\u201d traficul \u00een Sectorul 3.","og_url":"https:\/\/buletin.de\/bucuresti\/robert-negoita-vrea-sa-umple-sectorul-3-de-pasaje-ciprian-ciucu-este-incantat-fac-parte-si-din-viziunea-pmb\/","og_site_name":"Buletin de Bucure\u0219ti","article_publisher":"https:\/\/www.facebook.com\/buletin.de.buc","article_published_time":"2026-03-12T23:15:00+00:00","article_modified_time":"2026-03-13T07:11:58+00:00","og_image":[{"width":1600,"height":1066,"url":"https:\/\/buletin.de\/bucuresti\/wp-content\/uploads\/2026\/03\/ciucunegoita.jpg","type":"image\/jpeg"}],"author":"R\u0103zvan Chiru\u021b\u0103","twitter_card":"summary_large_image","twitter_misc":{"Written by":"R\u0103zvan Chiru\u021b\u0103","Estimated reading time":"3 minutes"},"schema":{"@context":"https:\/\/schema.org","@graph":[{"@type":"Article","@id":"https:\/\/buletin.de\/bucuresti\/robert-negoita-vrea-sa-umple-sectorul-3-de-pasaje-ciprian-ciucu-este-incantat-fac-parte-si-din-viziunea-pmb\/#article","isPartOf":{"@id":"https:\/\/buletin.de\/bucuresti\/robert-negoita-vrea-sa-umple-sectorul-3-de-pasaje-ciprian-ciucu-este-incantat-fac-parte-si-din-viziunea-pmb\/"},"author":{"name":"R\u0103zvan Chiru\u021b\u0103","@id":"https:\/\/buletin.de\/bucuresti\/#\/schema\/person\/a76df728dfc913795a9d90e346b253bb"},"headline":"Robert Negoi\u021b\u0103 vrea s\u0103 umple Sectorul 3 de pasaje. Ciprian Ciucu este \u00eenc\u00e2ntat: \u201eFac parte \u0219i din viziunea PMB\u201d","datePublished":"2026-03-12T23:15:00+00:00","dateModified":"2026-03-13T07:11:58+00:00","mainEntityOfPage":{"@id":"https:\/\/buletin.de\/bucuresti\/robert-negoita-vrea-sa-umple-sectorul-3-de-pasaje-ciprian-ciucu-este-incantat-fac-parte-si-din-viziunea-pmb\/"},"wordCount":657,"publisher":{"@id":"https:\/\/buletin.de\/bucuresti\/#organization"},"image":{"@id":"https:\/\/buletin.de\/bucuresti\/robert-negoita-vrea-sa-umple-sectorul-3-de-pasaje-ciprian-ciucu-este-incantat-fac-parte-si-din-viziunea-pmb\/#primaryimage"},"thumbnailUrl":"https:\/\/buletin.de\/bucuresti\/wp-content\/uploads\/2026\/03\/ciucunegoita.jpg","keywords":["ciucu","negoita","pasaje","pmb"],"articleSection":["Articole","Main","Prim\u0103rie"],"inLanguage":"en-GB","copyrightYear":"2026","copyrightHolder":{"@id":"https:\/\/buletin.de\/bucuresti\/#organization"}},{"@type":"WebPage","@id":"https:\/\/buletin.de\/bucuresti\/robert-negoita-vrea-sa-umple-sectorul-3-de-pasaje-ciprian-ciucu-este-incantat-fac-parte-si-din-viziunea-pmb\/","url":"https:\/\/buletin.de\/bucuresti\/robert-negoita-vrea-sa-umple-sectorul-3-de-pasaje-ciprian-ciucu-este-incantat-fac-parte-si-din-viziunea-pmb\/","name":"Robert Negoi\u021b\u0103 vrea s\u0103 umple Sectorul 3 de pasaje. Ciprian Ciucu este \u00eenc\u00e2ntat: \u201eFac parte \u0219i din viziunea PMB\u201d - Buletin de Bucure\u0219ti","isPartOf":{"@id":"https:\/\/buletin.de\/bucuresti\/#website"},"primaryImageOfPage":{"@id":"https:\/\/buletin.de\/bucuresti\/robert-negoita-vrea-sa-umple-sectorul-3-de-pasaje-ciprian-ciucu-este-incantat-fac-parte-si-din-viziunea-pmb\/#primaryimage"},"image":{"@id":"https:\/\/buletin.de\/bucuresti\/robert-negoita-vrea-sa-umple-sectorul-3-de-pasaje-ciprian-ciucu-este-incantat-fac-parte-si-din-viziunea-pmb\/#primaryimage"},"thumbnailUrl":"https:\/\/buletin.de\/bucuresti\/wp-content\/uploads\/2026\/03\/ciucunegoita.jpg","datePublished":"2026-03-12T23:15:00+00:00","dateModified":"2026-03-13T07:11:58+00:00","description":"Primarul Robert Negoi\u021b\u0103 are \u00een plan s\u0103 construiasc\u0103 mai multe pasaje supra \u0219i subterane, pentru a \u201efluidiza\u201d traficul \u00een Sectorul 3.","breadcrumb":{"@id":"https:\/\/buletin.de\/bucuresti\/robert-negoita-vrea-sa-umple-sectorul-3-de-pasaje-ciprian-ciucu-este-incantat-fac-parte-si-din-viziunea-pmb\/#breadcrumb"},"inLanguage":"en-GB","potentialAction":[{"@type":"ReadAction","target":["https:\/\/buletin.de\/bucuresti\/robert-negoita-vrea-sa-umple-sectorul-3-de-pasaje-ciprian-ciucu-este-incantat-fac-parte-si-din-viziunea-pmb\/"]}]},{"@type":"ImageObject","inLanguage":"en-GB","@id":"https:\/\/buletin.de\/bucuresti\/robert-negoita-vrea-sa-umple-sectorul-3-de-pasaje-ciprian-ciucu-este-incantat-fac-parte-si-din-viziunea-pmb\/#primaryimage","url":"https:\/\/buletin.de\/bucuresti\/wp-content\/uploads\/2026\/03\/ciucunegoita.jpg","contentUrl":"https:\/\/buletin.de\/bucuresti\/wp-content\/uploads\/2026\/03\/ciucunegoita.jpg","width":1600,"height":1066,"caption":"Ciprian Ciucu \u0219i Robert Negoi\u021b\u0103, la \u00eent\u00e2lnirea de la Prim\u0103ria Capitalei. Foto: PMB"},{"@type":"BreadcrumbList","@id":"https:\/\/buletin.de\/bucuresti\/robert-negoita-vrea-sa-umple-sectorul-3-de-pasaje-ciprian-ciucu-este-incantat-fac-parte-si-din-viziunea-pmb\/#breadcrumb","itemListElement":[{"@type":"ListItem","position":1,"name":"Acas\u0103","item":"https:\/\/buletin.de\/bucuresti\/"},{"@type":"ListItem","position":2,"name":"Robert Negoi\u021b\u0103 vrea s\u0103 umple Sectorul 3 de pasaje. Ciprian Ciucu este \u00eenc\u00e2ntat: \u201eFac parte \u0219i din viziunea PMB\u201d"}]},{"@type":"WebSite","@id":"https:\/\/buletin.de\/bucuresti\/#website","url":"https:\/\/buletin.de\/bucuresti\/","name":"Buletin de Bucure\u0219ti","description":"\u0218tiri \u0219i investiga\u021bii esen\u021biale din capital\u0103","publisher":{"@id":"https:\/\/buletin.de\/bucuresti\/#organization"},"potentialAction":[{"@type":"SearchAction","target":{"@type":"EntryPoint","urlTemplate":"https:\/\/buletin.de\/bucuresti\/?s={search_term_string}"},"query-input":{"@type":"PropertyValueSpecification","valueRequired":true,"valueName":"search_term_string"}}],"inLanguage":"en-GB"},{"@type":"Organization","@id":"https:\/\/buletin.de\/bucuresti\/#organization","name":"Buletin de Bucure\u0219ti","url":"https:\/\/buletin.de\/bucuresti\/","logo":{"@type":"ImageObject","inLanguage":"en-GB","@id":"https:\/\/buletin.de\/bucuresti\/#\/schema\/logo\/image\/","url":"https:\/\/buletin.de\/bucuresti\/wp-content\/uploads\/logo-bdb-full-wide-vernil-transparent.png","contentUrl":"https:\/\/buletin.de\/bucuresti\/wp-content\/uploads\/logo-bdb-full-wide-vernil-transparent.png","width":1782,"height":626,"caption":"Buletin de Bucure\u0219ti"},"image":{"@id":"https:\/\/buletin.de\/bucuresti\/#\/schema\/logo\/image\/"},"sameAs":["https:\/\/www.facebook.com\/buletin.de.buc","https:\/\/www.instagram.com\/buletinde.bucuresti\/"]},{"@type":"Person","@id":"https:\/\/buletin.de\/bucuresti\/#\/schema\/person\/a76df728dfc913795a9d90e346b253bb","name":"R\u0103zvan Chiru\u021b\u0103","image":{"@type":"ImageObject","inLanguage":"en-GB","@id":"https:\/\/buletin.de\/bucuresti\/wp-content\/uploads\/Razvan-Chiruta-96x96.jpge7143b996fd4241fbd6ee1f6b6b7b267","url":"https:\/\/buletin.de\/bucuresti\/wp-content\/uploads\/Razvan-Chiruta-96x96.jpg","contentUrl":"https:\/\/buletin.de\/bucuresti\/wp-content\/uploads\/Razvan-Chiruta-96x96.jpg","caption":"R\u0103zvan Chiru\u021b\u0103"},"description":"R\u0103zvan Chiru\u021b\u0103 este redactor-\u0219ef adjunct din iulie 2024. A fost redactor-\u0219ef al PRESShub \u00eentre 2022 \u0219i iunie 2024. Anterior, a fost redactor-\u0219ef al Newsweek Rom\u00e2nia, din 2018 p\u00e2n\u0103 \u00een 2021, \u0219i al cotidianului Rom\u00e2nia liber\u0103, \u00eentre 2015 \u0219i 2017. Este absolvent de Jurnalism, \u00een cadrul Universit\u0103\u021bii \u201eAl.I.Cuza\u201d din Ia\u0219i, \u0219i a urmat un master \u00een Managementul institu\u021biilor mass-media (f\u0103r\u0103 diserta\u021bie) la Facultatea de Jurnalism \u0219i \u0218tiin\u021bele Comunic\u0103rii din cadrul Universit\u0103\u021bii din Bucure\u0219ti. \u0218i-a \u00eenceput cariera la Opinia studen\u021beasc\u0103, cunoscuta \u0219coal\u0103 de pres\u0103 din Ia\u0219i. A lucrat \u00een presa local\u0103, apoi a devenit corespondent pentru Ia\u0219i al cotidianului Evenimentul Zilei. Din 2004, a coordonat pentru \u0219ase luni sec\u021bia de coresponden\u021bi a Evenimentului Zilei. A mai lucrat la s\u0103pt\u0103m\u00e2nalul Prezent \u0219i a colaborat cu revistele Dilema Veche \u0219i Suplimentul de Cultur\u0103. Este co-autor \u00een volumele \u201eMass-media \u0219i democra\u021bia \u00een Rom\u00e2nia post-comunist\u0103\u201d (ed. a II-a), Ed. Institutul European, Ia\u0219i, 2013, \u0219i \u201eCOVID - 19. Dimensiuni ale gestionarii pandemiei\u201d, Editura Junimea, Ia\u0219i, 2020.","url":"https:\/\/buletin.de\/bucuresti\/author\/razvan-chiruta\/"}]}},"authors":[{"term_id":22582,"user_id":60,"is_guest":0,"slug":"razvan-chiruta","display_name":"R\u0103zvan Chiru\u021b\u0103","avatar_url":"https:\/\/buletin.de\/bucuresti\/wp-content\/uploads\/Razvan-Chiruta-96x96.jpg","0":null,"1":"","2":"","3":"","4":"","5":"","6":"","7":"","8":""}],"_links":{"self":[{"href":"https:\/\/buletin.de\/bucuresti\/wp-json\/wp\/v2\/posts\/180216","targetHints":{"allow":["GET"]}}],"collection":[{"href":"https:\/\/buletin.de\/bucuresti\/wp-json\/wp\/v2\/posts"}],"about":[{"href":"https:\/\/buletin.de\/bucuresti\/wp-json\/wp\/v2\/types\/post"}],"author":[{"embeddable":true,"href":"https:\/\/buletin.de\/bucuresti\/wp-json\/wp\/v2\/users\/60"}],"replies":[{"embeddable":true,"href":"https:\/\/buletin.de\/bucuresti\/wp-json\/wp\/v2\/comments?post=180216"}],"version-history":[{"count":3,"href":"https:\/\/buletin.de\/bucuresti\/wp-json\/wp\/v2\/posts\/180216\/revisions"}],"predecessor-version":[{"id":180222,"href":"https:\/\/buletin.de\/bucuresti\/wp-json\/wp\/v2\/posts\/180216\/revisions\/180222"}],"wp:featuredmedia":[{"embeddable":true,"href":"https:\/\/buletin.de\/bucuresti\/wp-json\/wp\/v2\/media\/180219"}],"wp:attachment":[{"href":"https:\/\/buletin.de\/bucuresti\/wp-json\/wp\/v2\/media?parent=180216"}],"wp:term":[{"taxonomy":"category","embeddable":true,"href":"https:\/\/buletin.de\/bucuresti\/wp-json\/wp\/v2\/categories?post=180216"},{"taxonomy":"post_tag","embeddable":true,"href":"https:\/\/buletin.de\/bucuresti\/wp-json\/wp\/v2\/tags?post=180216"},{"taxonomy":"author","embeddable":true,"href":"https:\/\/buletin.de\/bucuresti\/wp-json\/wp\/v2\/ppma_author?post=180216"}],"curies":[{"name":"wp","href":"https:\/\/api.w.org\/{rel}","templated":true}]}}