{"id":180166,"date":"2026-03-16T06:46:07","date_gmt":"2026-03-16T03:46:07","guid":{"rendered":"https:\/\/buletin.de\/bucuresti\/?p=180166"},"modified":"2026-03-16T06:46:08","modified_gmt":"2026-03-16T03:46:08","slug":"agenda-urbana-cu-cosmin-buletin-recomandari-culturale-pentru-13-19-martie","status":"publish","type":"post","link":"https:\/\/buletin.de\/bucuresti\/agenda-urbana-cu-cosmin-buletin-recomandari-culturale-pentru-13-19-martie\/","title":{"rendered":"Agenda Urban\u0103 cu Cosmin @ Buletin. Recomand\u0103ri culturale pentru 13-19 martie"},"content":{"rendered":"\n<p><strong>Arcub <a href=\"https:\/\/arcub.ro\/noutati\/arcub-30-de-ani-de-premiere-care-au-schimbat-bucurestiul\" target=\"_blank\" rel=\"noreferrer noopener\">\u00eempline\u0219te 30 de ani<\/a>, ocazie cu care rememoreaz\u0103 tot ce-a f\u0103cut din 1996 \u00eencoace. <a href=\"https:\/\/stirileprotv.ro\/stiri\/social\/vulturul-sur-o-pasare-majestuoasa-disparuta-de-mult-de-la-noi-va-zbura-din-nou-in-romania-romanii-il-cunosc-din-povesti.html\" target=\"_blank\" rel=\"noreferrer noopener\">Revine vulturul sur<\/a> \u00een Rom\u00e2nia, dup\u0103 70 de ani, dar pare c\u0103 prim\u0103vara se las\u0103 un pic a\u0219teptat\u0103, mai ales dimine\u021bile \u0219i serile (ne a\u0219teapt\u0103 \u0219i un pic <a href=\"https:\/\/hotnews.ro\/un-val-de-aer-polar-loveste-romania-in-luna-martie-cand-se-schimba-radical-vremea-2191732\" target=\"_blank\" rel=\"noreferrer noopener\">aer polar<\/a>, mmm). <\/strong><\/p>\n\n\n\n<p>A trecut \u0219i 8 martie, ne-am amintit de femei (\u0219i <a href=\"https:\/\/buletin.de\/bucuresti\/femeile-din-bucuresti-lipsesc-din-nomenclatorul-stradal-si-al-scolilor\/\" target=\"_blank\" rel=\"noreferrer noopener\">c\u00e2t de subreprezentate sunt \u00een spa\u021biul public bucure\u0219tean<\/a>), am v\u0103zut \u0219i <a href=\"https:\/\/www.radioromaniacultural.ro\/emisiuni\/timpul-prezent\/timpul-prezent-manosfera-si-intoarcerea-la-rolurile-traditionale-de-gen-o-discutie-cu-ionela-baluta-id52641.html\" target=\"_blank\" rel=\"noreferrer noopener\">studiul f\u0103cut de Ipsos<\/a> la nivel global care zicea c\u0103 31% dintre dintre b\u0103rba\u021bii \u0219i b\u0103ie\u021bii din genera\u021bia Z (n\u0103scu\u021bi \u00eentre 1997 \u0219i 2012) consider\u0103 c\u0103 so\u021bia ar trebui s\u0103 se supun\u0103 \u00eentotdeauna so\u021bului. <\/p>\n\n\n\n<p>Pe de alt\u0103 parte, numai 13% dintre b\u0103rba\u021bii din genera\u021bia Baby Boomers (n\u0103scu\u021bi \u00eentre 1946 \u0219i 1964) au aceea\u0219i p\u0103rere.&nbsp;<\/p>\n\n\n\n<p>Indiferent c\u0103 e\u0219ti femeie, b\u0103rbat sau orice altceva pe acest spectru non-binar, hai \u00een ora\u0219 s\u0103 dans\u0103m, un c\u00e2ntec vesel s\u0103 c\u00e2nt\u0103m sau orice-\u021bi place \u021bie. Ai de unde alege, este mai bine dec\u00e2t s\u0103 te \u00eensingurezi \u00een cas\u0103, garantat. <\/p>\n\n\n\n<p><strong>D\u0103 click pe link-uri, alege evenimentul care-\u021bi place \u0219i sus\u021bine cultura, at\u00e2t c\u00e2t mai avem \ud83d\ude42<\/strong><\/p>\n\n\n\n<h2 class=\"wp-block-heading\" id=\"h-perspective-de-pus-in-calendar\">Perspective (de pus \u00een calendar)<\/h2>\n\n\n\n<figure class=\"wp-block-image size-large\"><img fetchpriority=\"high\" decoding=\"async\" width=\"1000\" height=\"222\" src=\"data:image\/gif;base64,R0lGODlhAQABAAAAACH5BAEKAAEALAAAAAABAAEAAAICTAEAOw==\" data-src=\"https:\/\/buletin.de\/bucuresti\/wp-content\/uploads\/2026\/03\/image-17-1000x222.png\" alt=\"\" class=\"wp-image-180170 lazyload\" data-sizes=\"auto\" data-srcset=\"https:\/\/buletin.de\/bucuresti\/wp-content\/uploads\/2026\/03\/image-17-1000x222.png 1000w, https:\/\/buletin.de\/bucuresti\/wp-content\/uploads\/2026\/03\/image-17-300x67.png 300w, https:\/\/buletin.de\/bucuresti\/wp-content\/uploads\/2026\/03\/image-17-768x171.png 768w, https:\/\/buletin.de\/bucuresti\/wp-content\/uploads\/2026\/03\/image-17-1100x244.png 1100w, https:\/\/buletin.de\/bucuresti\/wp-content\/uploads\/2026\/03\/image-17-600x133.png 600w, https:\/\/buletin.de\/bucuresti\/wp-content\/uploads\/2026\/03\/image-17-20x4.png 20w, https:\/\/buletin.de\/bucuresti\/wp-content\/uploads\/2026\/03\/image-17.png 1350w\" sizes=\"(max-width: 1000px) 100vw, 1000px\" \/><\/figure>\n\n\n\n<figure class=\"wp-block-image size-large\"><img decoding=\"async\" width=\"800\" height=\"1000\" src=\"data:image\/gif;base64,R0lGODlhAQABAAAAACH5BAEKAAEALAAAAAABAAEAAAICTAEAOw==\" data-src=\"https:\/\/buletin.de\/bucuresti\/wp-content\/uploads\/2026\/03\/image-22-800x1000.png\" alt=\"\" class=\"wp-image-180177 lazyload\" data-sizes=\"auto\" data-srcset=\"https:\/\/buletin.de\/bucuresti\/wp-content\/uploads\/2026\/03\/image-22-800x1000.png 800w, https:\/\/buletin.de\/bucuresti\/wp-content\/uploads\/2026\/03\/image-22-240x300.png 240w, https:\/\/buletin.de\/bucuresti\/wp-content\/uploads\/2026\/03\/image-22-768x960.png 768w, https:\/\/buletin.de\/bucuresti\/wp-content\/uploads\/2026\/03\/image-22-1229x1536.png 1229w, https:\/\/buletin.de\/bucuresti\/wp-content\/uploads\/2026\/03\/image-22-1600x2000.png 1600w, https:\/\/buletin.de\/bucuresti\/wp-content\/uploads\/2026\/03\/image-22-1100x1375.png 1100w, https:\/\/buletin.de\/bucuresti\/wp-content\/uploads\/2026\/03\/image-22-600x750.png 600w, https:\/\/buletin.de\/bucuresti\/wp-content\/uploads\/2026\/03\/image-22-20x25.png 20w, https:\/\/buletin.de\/bucuresti\/wp-content\/uploads\/2026\/03\/image-22.png 1638w\" sizes=\"(max-width: 800px) 100vw, 800px\" \/><\/figure>\n\n\n\n<p><a href=\"https:\/\/www.radioromaniacultural.ro\/galerie\/festivalul-one-world-romania-supravietuieste-la-limita-noua-editie-de-austeritate-intre-24-si-29-aprilie-la-bucuresti-id52679.html\"><\/a><\/p>\n\n\n\n<ul class=\"wp-block-list\">\n<li><strong>Specii, <a href=\"https:\/\/eventbook.ro\/music\/bilete-concert-specii-bucuresti-quantic\" target=\"_blank\" rel=\"noreferrer noopener\">iar \u00een Quantic<\/a>, pe 22 martie (80 de lei), cu Psihotrop, Bocaseca et al.<\/strong><\/li>\n\n\n\n<li>Raluca Radu <a href=\"https:\/\/eventbook.ro\/music\/bilete-saraimanic-raluca-radu-alai-01-04-expirat\" target=\"_blank\" rel=\"noreferrer noopener\">lanseaz\u0103 ALAI<\/a> la Expirat, pe 1 Aprilie (80 de lei).<\/li>\n\n\n\n<li><strong><a href=\"https:\/\/www.entertix.ro\/g\/1146\/matt-rife-stay-golden-world-tour.html\" target=\"_blank\" rel=\"noreferrer noopener\">Matt Rife<\/a>, pe 6 aprilie, la Sala Palatului, cu al s\u0103u <em>Stay Golden World Tour<\/em>.<\/strong><\/li>\n\n\n\n<li>Imediat se face final de aprilie \u0219i vine <a href=\"https:\/\/www.radioromaniacultural.ro\/galerie\/festivalul-one-world-romania-supravietuieste-la-limita-noua-editie-de-austeritate-intre-24-si-29-aprilie-la-bucuresti-id52679.html\" target=\"_blank\" rel=\"noreferrer noopener\">One World<\/a>, \u00een 24 aprilie.<\/li>\n\n\n\n<li><strong>Bogdan Mihai Simion aduce L\u0103utarii de M\u0103tase la <a href=\"https:\/\/www.radioromaniacultural.ro\/sectiuni-articole\/produs-de-radio-romania\/concert-extraordinar-bogdan-mihai-simion-si-lautarii-de-matase-la-gala-premiilor-radio-romania-cultural-id52538.html\" target=\"_blank\" rel=\"noreferrer noopener\">Gala Premiilor Radio Rom\u00e2nia Cultural<\/a>.<\/strong><\/li>\n\n\n\n<li>\u00cencepe <a href=\"https:\/\/www.entertix.ro\/g\/924\/tiriac-open.html\" target=\"_blank\" rel=\"noreferrer noopener\">\u021airiac Open<\/a> \u00een aprilie (bilete de la 65 de lei), \u00eentr-un loc impropriu (c\u0103 <a href=\"https:\/\/www.gsp.ro\/sporturi\/tenis\/arenele-bnr-dregradare-stare-parcare-739783.html\" target=\"_blank\" rel=\"noreferrer noopener\">Arenele BNR<\/a> sunt ruine de ceva timp), dar denumit pompos \u201eCentrul Na\u021bional de Tenis Simona Halep\u201d.<\/li>\n\n\n\n<li><strong><a href=\"https:\/\/www.facebook.com\/events\/770834362438264\/?notif_id=1773328213020441&amp;notif_t=plan_user_invited\" target=\"_blank\" rel=\"noreferrer noopener\">ICon Arts Transylvania Academy and Festival<\/a> are loc \u00eentre 25 iulie \u0219i 2 august, \u00een diverse localit\u0103\u021bi transilv\u0103nene.<\/strong><\/li>\n\n\n\n<li><a href=\"https:\/\/www.entertix.ro\/bilete\/35431\/candace-bushnell-the-real-carrie-bradshaw-29-aprilie-2026-circul-metropolitan-bucuresti-bucuresti.html\" target=\"_blank\" rel=\"noreferrer noopener\">Candace Bushnell<\/a>, autoarea bestsellerului Sex and the City, vine la Circul Metropolitan pe 29 aprilie (bilete de la 102 de lei).<\/li>\n\n\n\n<li><strong>Vine (dup\u0103 ani \u0219i ani) Tricky \u00een RO, pe 11 iunie, la Guesthouse (175 de lei acces general).<\/strong><\/li>\n\n\n\n<li>Festivalul de film documentar muzical <a href=\"https:\/\/eventbook.ro\/festival\/dokstation\" target=\"_blank\" rel=\"noreferrer noopener\">Dokstation<\/a> se \u021bine \u00eentre 21-26 mai, abia a\u0219tept.<\/li>\n\n\n\n<li><strong>Ne preg\u0103tim de <a href=\"https:\/\/tiff.eventbook.ro\/\" target=\"_blank\" rel=\"noreferrer noopener\">TIFF<\/a> \u00eentre 12-21 iunie.<\/strong><\/li>\n<\/ul>\n\n\n\n<p>Pute\u021bi consulta \u0219i <em>perspectivele <\/em>din recomand\u0103rile s\u0103pt\u0103m\u00e2nilor precedente, spicuiesc mai joc c\u00e2teva dintre ele<\/p>\n\n\n\n<ul class=\"wp-block-list\">\n<li><strong><a href=\"https:\/\/jazzinthepark.iabilet.ro\/bilete-jazz-in-the-park-2026-112018\/?utm_campaign=&amp;utm_term=\" target=\"_blank\" rel=\"noreferrer noopener\">Jazz in The Park<\/a> pe 5-7 iunie (389 de lei)<\/strong><\/li>\n\n\n\n<li><a href=\"https:\/\/eventbook.ro\/festival\/jazz-in-church\" target=\"_blank\" rel=\"noreferrer noopener\">Jazz in Church<\/a> (23-27 aprilie (250 de lei)<\/li>\n\n\n\n<li><strong>Festivalul de film horror de la Biertan \u2013 <a href=\"https:\/\/lunaplina.eventbook.ro\/film\/bilete-luna-plina-abonament-full-moon\" target=\"_blank\" rel=\"noreferrer noopener\">Lun\u0103 Plin\u0103<\/a> &#8211; 14-16 august (250 de lei)<\/strong><\/li>\n<\/ul>\n\n\n\n<h2 class=\"wp-block-heading\" id=\"h-recomandari-culturale-pentru-13-19-martie-mai-intai-weekend-ul\">Recomand\u0103ri culturale pentru 13-19 martie. Mai \u00eent\u00e2i weekend-ul<\/h2>\n\n\n\n<p><strong>Expozi\u021bii<\/strong><\/p>\n\n\n\n<ul class=\"wp-block-list\">\n<li><strong>P\u00e2n\u0103 pe 19 aprilie po\u021bi vedea \u201e<a href=\"https:\/\/www.muzeulhartilor.ro\/event-item\/legenda-pentru-un-teritoriu-fragil-alexandra-baranyi\/\" target=\"_blank\" rel=\"noreferrer noopener\">Legend\u0103 pentru un teritoriu fragil<\/a>\u201d, a artistei Alexandra Baranyi, la Muzeul H\u0103r\u021bilor, de miercuri p\u00e2n\u0103 duminic\u0103, p\u00e2n\u0103 \u00een ora 18.00.<\/strong><\/li>\n\n\n\n<li>Po\u021bi vizita \u201e<a href=\"https:\/\/curatorial.ro\/arta\/solo-show-de-desen-in-carbune-la-mntrplusc\/\" target=\"_blank\" rel=\"noreferrer noopener\">Nimic Aici<\/a>\u201d, expozi\u021bia solo a lui Denis Nanciu, p\u00e2n\u0103 pe 30 martie, \u00een spa\u021biul MN\u021aRplusC (miercuri &#8211; duminic\u0103, orele 15.00-18.00).<\/li>\n\n\n\n<li><strong>Po\u021bi trece \u0219i pe la MNAC, s\u0103 vezi <a href=\"https:\/\/mnac.ro\/tickets\/83\/Bilete\/53\" target=\"_blank\" rel=\"noreferrer noopener\">Leviathanul<\/a>, cu focus pe afi\u0219ele din anii 80 ai Epocii de Aur (concept C\u0103lin Dan, curator Irina Radu)<\/strong>.<\/li>\n\n\n\n<li>Sau pe la IOMO Gallery, care aniverseaz\u0103 5 ani cu expozi\u021bia de grup \u201e<a href=\"https:\/\/www.instagram.com\/iomogallery\/p\/DVOV_KbiEL8\/\" target=\"_blank\" rel=\"noreferrer noopener\">Progress Is Not A Straight Line<\/a>\u201d.<\/li>\n<\/ul>\n\n\n\n<p><strong>Film<\/strong><\/p>\n\n\n\n<ul class=\"wp-block-list\">\n<li><strong><a href=\"https:\/\/www.facebook.com\/events\/874990665152781\/\" target=\"_blank\" rel=\"noreferrer noopener\">Sound of Music<\/a> este pe final la Cinema Europa. S\u00e2mb\u0103t\u0103 pute\u021bi vedea \u201eSingin\u2019 in the Rain\u201d (1952), de la 14:30, Grease, de la 17.00, \u0219i La La Land, de la 20.00. Iar duminic\u0103 po\u021bi vedea \u201eMamma Mia!\u201d (de la 14:30), Chicago de la 17.00 \u0219i The Sound of Music de la 20.00.&nbsp;<\/strong><\/li>\n\n\n\n<li>\u201e<a href=\"https:\/\/www.facebook.com\/events\/1106792951587729\/\" target=\"_blank\" rel=\"noreferrer noopener\">El detective y la muerte<\/a>\u201d (1994), de la 20.00, \u00een ambele zile de weekend, la Cinemateca Eforie.<\/li>\n<\/ul>\n\n\n\n<p><strong>Festivaluri, t\u00e2rguri<\/strong><\/p>\n\n\n\n<figure class=\"wp-block-image size-large\"><img decoding=\"async\" width=\"1000\" height=\"558\" src=\"data:image\/gif;base64,R0lGODlhAQABAAAAACH5BAEKAAEALAAAAAABAAEAAAICTAEAOw==\" data-src=\"https:\/\/buletin.de\/bucuresti\/wp-content\/uploads\/2026\/03\/image-20-1000x558.png\" alt=\"13 - 19 martie\" class=\"wp-image-180174 lazyload\" data-sizes=\"auto\" data-srcset=\"https:\/\/buletin.de\/bucuresti\/wp-content\/uploads\/2026\/03\/image-20-1000x558.png 1000w, https:\/\/buletin.de\/bucuresti\/wp-content\/uploads\/2026\/03\/image-20-300x168.png 300w, https:\/\/buletin.de\/bucuresti\/wp-content\/uploads\/2026\/03\/image-20-768x429.png 768w, https:\/\/buletin.de\/bucuresti\/wp-content\/uploads\/2026\/03\/image-20-1536x858.png 1536w, https:\/\/buletin.de\/bucuresti\/wp-content\/uploads\/2026\/03\/image-20-1600x893.png 1600w, https:\/\/buletin.de\/bucuresti\/wp-content\/uploads\/2026\/03\/image-20-1100x614.png 1100w, https:\/\/buletin.de\/bucuresti\/wp-content\/uploads\/2026\/03\/image-20-600x335.png 600w, https:\/\/buletin.de\/bucuresti\/wp-content\/uploads\/2026\/03\/image-20-20x11.png 20w, https:\/\/buletin.de\/bucuresti\/wp-content\/uploads\/2026\/03\/image-20.png 1920w\" sizes=\"(max-width: 1000px) 100vw, 1000px\" \/><figcaption class=\"wp-element-caption\">Recomand\u0103ri culturale pentru 13-19 martie<\/figcaption><\/figure>\n\n\n\n<ul class=\"wp-block-list\">\n<li><a href=\"https:\/\/www.facebook.com\/events\/2133318334164634\/\"><\/a><strong><a href=\"https:\/\/www.facebook.com\/events\/26037343409282682\/\" target=\"_blank\" rel=\"noreferrer noopener\">T\u00e2rgul Na\u021bional Al Mierii<\/a> \u00eentre 8 \u0219i 18, la Platforma Apicol\u0103 B\u0103neasa<\/strong>.<\/li>\n\n\n\n<li>Continu\u0103 festivalul \u201e<a href=\"https:\/\/www.radioromaniacultural.ro\/sectiuni-articole\/literatura\/cartile-prind-viata-a-patra-editie-a-festivalului-cartilor-deschise-intre-6-si-22-martie-2026-la-opera-comica-pentru-copii-id52497.html\" target=\"_blank\" rel=\"noreferrer noopener\">C\u0103r\u021bile prind via\u021b\u0103<\/a>\u201d (p\u00e2n\u0103 pe 22 martie), la Opera Comic\u0103 pentru Copii.<\/li>\n\n\n\n<li><strong>C\u00e2ini robot, workshop-uri \u0219i sesiuni educative pentru posesorii de animale de companie, sus\u021binute de speciali\u0219ti, la <a href=\"https:\/\/www.iabilet.ro\/bilete-petexpo-romania-2026-121790\/\" target=\"_blank\" rel=\"noreferrer noopener\">Pet Expo<\/a> la Romexpo (30 de lei)<\/strong><\/li>\n\n\n\n<li><a href=\"https:\/\/www.facebook.com\/events\/2133318334164634\/\" target=\"_blank\" rel=\"noreferrer noopener\">Chocolate Saga<\/a> a ajuns la edi\u021bia a 9-a, la Biblioteca Na\u021bional\u0103.<\/li>\n\n\n\n<li><strong><a href=\"https:\/\/www.facebook.com\/events\/1475019447318474\/\" target=\"_blank\" rel=\"noreferrer noopener\">Pia\u021b\u0103 \u021a\u0103r\u0103neasc\u0103 de Prim\u0103var\u0103<\/a> la M\u021aR.<\/strong><\/li>\n<\/ul>\n\n\n\n<p><a href=\"https:\/\/www.facebook.com\/events\/cinema-elvire-popesco\/cinema-entre-nous-focus-ivana-mladenovic\/1459985552426477\/\"><\/a><strong>E <a href=\"https:\/\/www.facebook.com\/events\/cinema-elvire-popesco\/cinema-entre-nous-focus-ivana-mladenovic\/1459985552426477\/\" target=\"_blank\" rel=\"noreferrer noopener\">Focus Ivana Mladenovic<\/a> la Elvire Popesco &#8211; chiar m\u0103 \u00eentrebam, dup\u0103 ce-am v\u0103zut <a href=\"https:\/\/www.cinemacity.ro\/films\/sorella-di-clausura\/7968s2r\" target=\"_blank\" rel=\"noreferrer noopener\">Sorella di Clausura<\/a> (recomand!), unde pot vedea \u0219i celelalte filme ale Ivanei. Iat\u0103!<\/strong><\/p>\n\n\n\n<h2 class=\"wp-block-heading\" id=\"h-vineri-13-martie\">Vineri, 13 martie<\/h2>\n\n\n\n<ul class=\"wp-block-list\">\n<li><strong>Spectacolul \u201e<a href=\"https:\/\/eventbook.ro\/other\/bilete-human-bodies-images-ioana-marchidan?hall=linotip-centru-independent-coregrafic\" target=\"_blank\" rel=\"noreferrer noopener\">Humans | Bodies | Images<\/a>\u201d, de Ioana Marchidan, are loc la Linotip, de la 19.00 (80 de lei).<\/strong><\/li>\n\n\n\n<li>De la 19.00, la Cinema City Sun Plaza, are loc proiec\u021bia special\u0103 a primului film rom\u00e2nesc cu protagoni\u015fti t\u0103tari &#8211; <a href=\"https:\/\/tickets.cinemacity.ro\/order\/408942?lang=ro\" target=\"_blank\" rel=\"noreferrer noopener\">Kiz\u00eem<\/a> (r. Radu Potcoav\u0103), \u00een prezen\u021ba echipei.<\/li>\n\n\n\n<li><strong><a href=\"https:\/\/www.iabilet.ro\/bilete-stand-up-comedy-cu-teo-sergiu-mirica-sorin-parcalab-malaele-birtas-la-club-99-124066\/\">Stand-up Comedy cu Teo, Vio, Sorin P\u00e2rc\u0103lab<\/a>, la Club 99 (mai sunt c\u00e2teva bilete).<\/strong><\/li>\n\n\n\n<li>Proiec\u021bie \u201e<a href=\"https:\/\/www.facebook.com\/events\/947604724318061\/\" target=\"_blank\" rel=\"noreferrer noopener\">Silent Observers<\/a>\u201d la Goethe Institut, de la 109.<\/li>\n<\/ul>\n\n\n\n<p><strong>Muzic\u0103 &amp; party<\/strong><\/p>\n\n\n\n<ul class=\"wp-block-list\">\n<li><strong>Rock alternativ cu <a href=\"https:\/\/www.facebook.com\/events\/1253518760047238\/\" target=\"_blank\" rel=\"noreferrer noopener\">Mizantrop<\/a> la Uzina Coffee, de la 20.00.<\/strong><\/li>\n\n\n\n<li><a href=\"https:\/\/eventbook.ro\/music\/bilete-standards-18\" target=\"_blank\" rel=\"noreferrer noopener\">Standards #18<\/a> la Jazzbook, de la 20.00 (80 de lei).<\/li>\n\n\n\n<li><strong>Se petrece la Encore cu <a href=\"https:\/\/www.facebook.com\/events\/1226565779561592\/\" target=\"_blank\" rel=\"noreferrer noopener\">Marinov &#8211; Electronic\u0103 aplicat\u0103<\/a>, de la 23.00 (intrare liber\u0103).<\/strong><\/li>\n\n\n\n<li>\u201e<a href=\"https:\/\/www.facebook.com\/events\/893345930062145\/\" target=\"_blank\" rel=\"noreferrer noopener\">Nicio Noim\u0103<\/a>\u201d este albumul Dianei Yo, pe care-l lanseaz\u0103 la nJOY (intrare liber\u0103).<\/li>\n\n\n\n<li><strong><a href=\"https:\/\/www.facebook.com\/events\/1297440042434768\/\" target=\"_blank\" rel=\"noreferrer noopener\">Disko Anskyete<\/a> cu Corina Sucarov, la Manasia (post-punk, darkwave, goth) de la 22.00.<\/strong><\/li>\n\n\n\n<li><a href=\"https:\/\/www.facebook.com\/events\/1383013603829707\/\" target=\"_blank\" rel=\"noreferrer noopener\">SoundArt Festival 2026<\/a> &#8211; Pax in Natura, vineri \u0219i s\u00e2mb\u0103t\u0103 \u00een Quantic.<\/li>\n\n\n\n<li><strong><a href=\"https:\/\/www.control-club.ro\/event\/?slug=hector-oaks-es\" target=\"_blank\" rel=\"noreferrer noopener\">H\u00e9ctor Oaks<\/a>, KIKA, Admina, C\u0103lin &amp; Eusebio Digital la Control (40 de lei presale).<\/strong><\/li>\n\n\n\n<li><a href=\"https:\/\/www.facebook.com\/events\/960307209765311\/\" target=\"_blank\" rel=\"noreferrer noopener\">Pandutzu<\/a> bag\u0103 muzic\u0103 la J\u2019ai.<\/li>\n\n\n\n<li><strong><a href=\"https:\/\/www.instagram.com\/p\/DUYg8ZzCEqx\/\" target=\"_blank\" rel=\"noreferrer noopener\">Francesco del Garda b2b Christian AB<\/a> la Guesthouse.<\/strong><\/li>\n\n\n\n<li><a href=\"https:\/\/www.facebook.com\/events\/1452325356427696\/\" target=\"_blank\" rel=\"noreferrer noopener\">A sip of Jazz<\/a> la Cr\u0103pelni\u021ba de pe Vulc\u0103nescu 40.<\/li>\n\n\n\n<li><strong><a href=\"https:\/\/www.facebook.com\/events\/1964421514136961\/\" target=\"_blank\" rel=\"noreferrer noopener\">Taraful de la V\u0103rbil\u0103u<\/a> vine la Riviera Park, de la 19.00.<\/strong><\/li>\n<\/ul>\n\n\n\n<figure class=\"wp-block-image size-large\"><img loading=\"lazy\" decoding=\"async\" width=\"1000\" height=\"523\" src=\"data:image\/gif;base64,R0lGODlhAQABAAAAACH5BAEKAAEALAAAAAABAAEAAAICTAEAOw==\" data-src=\"https:\/\/buletin.de\/bucuresti\/wp-content\/uploads\/2026\/03\/taraful-de-la-varbilau-1000x523.jpg\" alt=\"13-19 martie\" class=\"wp-image-180209 lazyload\" data-sizes=\"auto\" data-srcset=\"https:\/\/buletin.de\/bucuresti\/wp-content\/uploads\/2026\/03\/taraful-de-la-varbilau-1000x523.jpg 1000w, https:\/\/buletin.de\/bucuresti\/wp-content\/uploads\/2026\/03\/taraful-de-la-varbilau-300x157.jpg 300w, https:\/\/buletin.de\/bucuresti\/wp-content\/uploads\/2026\/03\/taraful-de-la-varbilau-768x402.jpg 768w, https:\/\/buletin.de\/bucuresti\/wp-content\/uploads\/2026\/03\/taraful-de-la-varbilau-1100x576.jpg 1100w, https:\/\/buletin.de\/bucuresti\/wp-content\/uploads\/2026\/03\/taraful-de-la-varbilau-600x314.jpg 600w, https:\/\/buletin.de\/bucuresti\/wp-content\/uploads\/2026\/03\/taraful-de-la-varbilau-20x10.jpg 20w, https:\/\/buletin.de\/bucuresti\/wp-content\/uploads\/2026\/03\/taraful-de-la-varbilau.jpg 1200w\" sizes=\"(max-width: 1000px) 100vw, 1000px\" \/><figcaption class=\"wp-element-caption\">Recomand\u0103ri culturale pentru 13-19 martie<\/figcaption><\/figure>\n\n\n\n<h2 class=\"wp-block-heading\" id=\"h-sambata-14-martie\">S\u00e2mb\u0103t\u0103, 14 martie<\/h2>\n\n\n\n<p><strong>Altele<\/strong><\/p>\n\n\n\n<ul class=\"wp-block-list\">\n<li>De la 12.00 se pune de un <a href=\"https:\/\/www.facebook.com\/events\/1437345508089380\/\" target=\"_blank\" rel=\"noreferrer noopener\">schimb de plante<\/a> (photos si philodendron) la Masa Bistro, pe Jean-Louis Calderon 56.<\/li>\n\n\n\n<li><strong>Steaua (nu FCSB) prime\u0219te vizita celor de la Poli Ia\u0219i, de la ora 12:30, <a href=\"https:\/\/www.entertix.ro\/evenimente\/36180\/steaua-bucuresti-acsm-politehnica-iasi-14-martie-2026-stadionul-steaua-bucuresti.html\" target=\"_blank\" rel=\"noreferrer noopener\">pe stadionul din Ghencea<\/a> (bilete de la 25 de lei).<\/strong><\/li>\n\n\n\n<li>Dac\u0103 suferi, ca mine, de anxietate climatic\u0103, te po\u021bi \u00eent\u00e2lni la ora 12.00 pe Platoul din parcul IOR cu al\u021bi oameni de genul, \u00een cadrul \u201e<a href=\"https:\/\/www.facebook.com\/events\/917461474483309\/\" target=\"_blank\" rel=\"noreferrer noopener\">Resilience in Nature Walk<\/a>\u201d<\/li>\n\n\n\n<li><strong>De la 16.00, la Pia\u021ba Artizanilor de la The Ark, se \u00eent\u00e2lnesc cei de la <a href=\"https:\/\/www.facebook.com\/events\/4362326100760371\/\" target=\"_blank\" rel=\"noreferrer noopener\">Slow Food \u00een Rom\u00e2nia<\/a>.<\/strong><\/li>\n\n\n\n<li>Edi\u021bia #4 a MARe Talks &#8211; \u201e<a href=\"https:\/\/tickets.mare.ro\/?p=event&amp;e=36046\" target=\"_blank\" rel=\"noreferrer noopener\">Cum a schimbat \u0218tefan Bertalan regulile jocului \u00een arta rom\u00e2neasc\u0103?<\/a>\u201d (60 de lei), de la ora 12.00.<\/li>\n\n\n\n<li><strong><a href=\"https:\/\/www.facebook.com\/events\/930137459401682\/\">Yard Sale<\/a> la Londohome, de la 10:30 la 16.00.<\/strong><\/li>\n\n\n\n<li><a href=\"https:\/\/www.facebook.com\/events\/923237017238287\" target=\"_blank\" rel=\"noreferrer noopener\">T\u00e2rg de viniluri<\/a> pe Academiei.<\/li>\n\n\n\n<li><strong><a href=\"https:\/\/www.facebook.com\/events\/697112653428596\/\" target=\"_blank\" rel=\"noreferrer noopener\">Despre mod\u0103 \u0219i dispari\u021bia speciilor<\/a>, La Firul Ierbii.<\/strong><\/li>\n\n\n\n<li><a href=\"https:\/\/www.facebook.com\/events\/929942676348989\/\" target=\"_blank\" rel=\"noreferrer noopener\">Ridichea Uria\u0219\u0103<\/a> &#8211; atelier de gr\u0103din\u0103rit \u00een B\u0103neasa.<\/li>\n\n\n\n<li><strong>Expozi\u021bia \u201e<a href=\"https:\/\/www.facebook.com\/events\/965066559188329\/\" target=\"_blank\" rel=\"noreferrer noopener\">The Shifting Gaze: Home \/ Elsewhere<\/a>\u201d la Carol 53, de la 19.00.<\/strong><\/li>\n\n\n\n<li><a href=\"https:\/\/www.facebook.com\/events\/1568715227686055\/\" target=\"_blank\" rel=\"noreferrer noopener\">Masterclass de anima\u021bie<\/a>, networking &amp; prezentare de proiect cu M\u00e9lody Boulissi\u00e8re.<\/li>\n\n\n\n<li><strong><a href=\"https:\/\/www.facebook.com\/events\/1594229831851848\/\" target=\"_blank\" rel=\"noreferrer noopener\">Tur pe Dealul Filaret<\/a> cu Rezisten\u021ba Urban\u0103 sau <a href=\"https:\/\/www.facebook.com\/events\/1621129655703585\/\" target=\"_blank\" rel=\"noreferrer noopener\">Safari Foto<\/a>.<\/strong><\/li>\n<\/ul>\n\n\n\n<p><strong>Muzic\u0103<\/strong><\/p>\n\n\n\n<ul class=\"wp-block-list\">\n<li><a href=\"https:\/\/eventbook.ro\/music\/bilete-the-fat-cats?hall=jazzbook\" target=\"_blank\" rel=\"noreferrer noopener\">The Fat Cats<\/a> aduc swing, bebop, cool jazz, funk la Jazzbook, de la 20.00 (80 de lei).<\/li>\n\n\n\n<li><strong>Filarmonica George Enescu are <a href=\"https:\/\/oveit.com\/hub\/event\/clasic-e-fantastic-repetitie-cu-public-Onk1JqzB\" target=\"_blank\" rel=\"noreferrer noopener\">o repeti\u021bie cu public<\/a> \u00een Sala Mare a Ateneului Rom\u00e2n, de la ora 11.00. Biletul cost\u0103 30 de lei.<\/strong><\/li>\n\n\n\n<li><a href=\"https:\/\/www.facebook.com\/events\/804249518838773\/\" target=\"_blank\" rel=\"noreferrer noopener\">Mi\u0219;a\u0219<\/a>, ethno funk, de la 20.00, \u00een concert la Uzina Coffee.<\/li>\n\n\n\n<li><strong>O sear\u0103 acustic\u0103 cu <a href=\"https:\/\/bilete.terasaflorilor.ro\/bilete-o-seara-cu-vlase-de-la-zob-concert-acustic-124364\/?utm_campaign&amp;utm_term\" target=\"_blank\" rel=\"noreferrer noopener\">Vlase de la ZOB<\/a>, la Terasa Florilor, de la 20.00 (40 de lei).<\/strong><\/li>\n\n\n\n<li><a href=\"https:\/\/www.ambilet.ro\/bilete\/grimus-the-pub-universitatii-794025\/\" target=\"_blank\" rel=\"noreferrer noopener\">Grimus<\/a> la The Pub, de la 19.00 \u00eencolo.<\/li>\n<\/ul>\n\n\n\n<p><strong>Teatru &amp; Film<\/strong><\/p>\n\n\n\n<ul class=\"wp-block-list\">\n<li><strong><a href=\"https:\/\/www.asociatiahearth.ro\/event-details\/individual-compus-20-00\" target=\"_blank\" rel=\"noreferrer noopener\">Individual Compus<\/a>, de Andrei M\u0103jeri, la Casa Hearth (70 de lei), de la 18.00 sau 20.00.<\/strong><\/li>\n\n\n\n<li>De la 20.00, la Point, se joac\u0103 one-woman show-ul <a href=\"https:\/\/bilete.pointhub.ro\/bilete-fuk-nikon-123085\/?utm_campaign&amp;utm_term\">Fu*k Nikon<\/a> (63 de lei).<\/li>\n\n\n\n<li><strong><a href=\"https:\/\/eventbook.ro\/film\/bilete-napoli-new-york?hall=cinema-muzeul-taranului-studio-horia-bernea\">Napoli &#8211; New York<\/a> se proiecteaz\u0103 la M\u021aR, de la 21:45 (32 de lei).<\/strong><\/li>\n\n\n\n<li>\u201e<a href=\"https:\/\/eventbook.ro\/film\/bilete-ivana-cea-groaznica-focus-ivana-mladenovic?hall=cinema-elvire-popesco\">Ivana cea Groaznic\u0103<\/a>\u201d ruleaz\u0103 la Elvire Popesco, de la 20.00.<\/li>\n\n\n\n<li><strong>\u201e<a href=\"https:\/\/www.facebook.com\/events\/1710360203279681\/\">Ticket of No Return<\/a>\u201d (1979, r. Ulrike Ottinger) la UNATC, \u00een cadrul Cineclub Film Menu, de la 19.00.<\/strong><\/li>\n<\/ul>\n\n\n\n<p><strong>Party<\/strong><\/p>\n\n\n\n<ul class=\"wp-block-list\">\n<li><a href=\"https:\/\/www.livetickets.ro\/bilete\/pw-x-refuge-worldwide-5-years-bblove-chlorys-no-plastic-obelix-at-platforma-wolff\" target=\"_blank\" rel=\"noreferrer noopener\">PW x Refuge Worldwide 5 Years<\/a> cu bblove, Chlorys, No Plastic, Obelix at Platforma Wolff.<\/li>\n\n\n\n<li><strong><a href=\"https:\/\/www.facebook.com\/events\/767182902706306\/\" target=\"_blank\" rel=\"noreferrer noopener\">Back To The Future<\/a> (80&#8217;s &amp; 90&#8217;s) Party @ B52 The Club.<\/strong><\/li>\n\n\n\n<li><a href=\"https:\/\/www.facebook.com\/events\/2638609086535723\/\" target=\"_blank\" rel=\"noreferrer noopener\">Manele Mi\u0219to Before They Were Cool<\/a> la Manasia, cu Crina Mure\u0219anu \u0219i Adi \u0218chiop.<\/li>\n\n\n\n<li><strong>Black Rhino Residency #25: Iration Steppas, Ma-Kaya, Low Freq, de la 22.00, la Control (50 de lei la intrare)<\/strong>.<\/li>\n<\/ul>\n\n\n\n<h2 class=\"wp-block-heading\" id=\"h-duminica-15-martie\">Duminic\u0103, 15 martie<\/h2>\n\n\n\n<figure class=\"wp-block-image size-large\"><img loading=\"lazy\" decoding=\"async\" width=\"1000\" height=\"222\" src=\"data:image\/gif;base64,R0lGODlhAQABAAAAACH5BAEKAAEALAAAAAABAAEAAAICTAEAOw==\" data-src=\"https:\/\/buletin.de\/bucuresti\/wp-content\/uploads\/2026\/03\/image-17-1000x222.png\" alt=\"13 - 19 martie\" class=\"wp-image-180171 lazyload\" data-sizes=\"auto\" data-srcset=\"https:\/\/buletin.de\/bucuresti\/wp-content\/uploads\/2026\/03\/image-17-1000x222.png 1000w, https:\/\/buletin.de\/bucuresti\/wp-content\/uploads\/2026\/03\/image-17-300x67.png 300w, https:\/\/buletin.de\/bucuresti\/wp-content\/uploads\/2026\/03\/image-17-768x171.png 768w, https:\/\/buletin.de\/bucuresti\/wp-content\/uploads\/2026\/03\/image-17-1100x244.png 1100w, https:\/\/buletin.de\/bucuresti\/wp-content\/uploads\/2026\/03\/image-17-600x133.png 600w, https:\/\/buletin.de\/bucuresti\/wp-content\/uploads\/2026\/03\/image-17-20x4.png 20w, https:\/\/buletin.de\/bucuresti\/wp-content\/uploads\/2026\/03\/image-17.png 1350w\" sizes=\"(max-width: 1000px) 100vw, 1000px\" \/><figcaption class=\"wp-element-caption\">Recomand\u0103ri culturale pentru 13-19 martie<\/figcaption><\/figure>\n\n\n\n<p><a href=\"https:\/\/www.facebook.com\/events\/919308553977100\/\"><\/a><strong>Altele<\/strong><\/p>\n\n\n\n<ul class=\"wp-block-list\">\n<li><strong><a href=\"https:\/\/www.facebook.com\/events\/946442957832961\/\" target=\"_blank\" rel=\"noreferrer noopener\">Banchet literar \u0219i brunch comunitar<\/a> pe Str. Armeneas\u0103 13, de la 12.00 la 15.00.<\/strong><\/li>\n\n\n\n<li>Alternative Bucharest Tour ne propune <a href=\"https:\/\/www.facebook.com\/events\/774913308645184\/\" target=\"_blank\" rel=\"noreferrer noopener\">o incursiune prin ora\u0219<\/a>, \u00eentre cl\u0103diri istorice \u0219i graffiti, de la 10.00.<\/li>\n\n\n\n<li><strong>Spectacolul <a href=\"https:\/\/www.entertix.ro\/g\/735\/aerofonik.html\" target=\"_blank\" rel=\"noreferrer noopener\">Aerofonik<\/a> la Circ, de la ora 11.00&nbsp; &#8211; bilete de la 43 de lei.<\/strong><\/li>\n\n\n\n<li>\u00cen cadrul atelierelor pentru copii \u201e<a href=\"https:\/\/www.facebook.com\/events\/1257804256289371\/1257804262956037\/?active_tab=about\" target=\"_blank\" rel=\"noreferrer noopener\">\u0218tiin\u021ba Sustenabilit\u0103\u021bii cu bricolaj \u0219i experimente<\/a>\u201d &#8211; la Seneca, de la 11.00 &#8211; cei mici afl\u0103 mai multe despre poluarea planetei prin experimente interactive.<\/li>\n\n\n\n<li><strong><a href=\"https:\/\/buletin.de\/bucuresti\/bookisit-festivalul-de-carte-secondhand-are-loc-in-acest-weekend\/\">Bookisit<\/a>, t\u00e2rg de carte second hand, la Maison 13, cu multe activit\u0103\u021bi pentru copii<\/strong>.<\/li>\n\n\n\n<li>De la 18:30, <a href=\"https:\/\/www.facebook.com\/events\/802621756195314\/\" target=\"_blank\" rel=\"noreferrer noopener\">s\u0103rb\u0103torim 14 ani de Revista de Povestiri<\/a> la M\u021aR.<\/li>\n<\/ul>\n\n\n\n<p><strong>Muzic\u0103<\/strong><\/p>\n\n\n\n<ul class=\"wp-block-list\">\n<li><strong>Orchestra Teatrului Evreiesc de Stat te invit\u0103 la \u201e<a href=\"https:\/\/www.facebook.com\/events\/1585051036159787\/\" target=\"_blank\" rel=\"noreferrer noopener\">Perle pe Caldar\u00e2m<\/a>\u201d, de la 11.00 (intrare liber\u0103), la Teatrul omonim.<\/strong><\/li>\n\n\n\n<li><a href=\"https:\/\/www.facebook.com\/events\/4230935070549859\/4230935100549856\/?active_tab=about\" target=\"_blank\" rel=\"noreferrer noopener\">Karaoke duminical<\/a> la Paque Bistro, de la 20.00.<\/li>\n\n\n\n<li><strong><a href=\"https:\/\/eventbook.ro\/music\/bilete-four-s-a-crowd?hall=jazzbook\" target=\"_blank\" rel=\"noreferrer noopener\">Four&#8217;s A Crowd<\/a> la Jazzbook, o c\u0103l\u0103torie prin lumea jazz-ului, cu Teodora Dima &amp; co (80 de lei).<\/strong><\/li>\n\n\n\n<li>Se lanseaz\u0103 prima band\u0103 desenat\u0103 despre istoria hiphop-ului rom\u00e2nesc &#8211; \u201e<a href=\"https:\/\/www.iabilet.ro\/site\/event\/123420\/\" target=\"_blank\" rel=\"noreferrer noopener\">Pove\u0219ti de Cartier<\/a>\u201d, la Expirat, de la 18.00. Vin \u0219i Dacian \u0219i Piele, pentru cei ce \u0219tiu Getto-Daci. De la 21:30 se anun\u021b\u0103 un live-act surpriz\u0103, oare <a href=\"https:\/\/www.google.com\/search?q=ce+mai+face+deceneu+&amp;sxsrf=ANbL-n4zQIKv2rdvKHSduhHwfL5Q3lXtgA%3A1773339028855\" target=\"_blank\" rel=\"noreferrer noopener\">o fi Deceneu<\/a>?<\/li>\n<\/ul>\n\n\n\n<p><strong>Film, teatru<\/strong><\/p>\n\n\n\n<ul class=\"wp-block-list\">\n<li><strong><a href=\"https:\/\/eventbook.ro\/film\/bilete-sound-of-falling?hall=cinema-muzeul-taranului-studio-horia-bernea\" target=\"_blank\" rel=\"noreferrer noopener\">Sound of Falling<\/a> la M\u021aR<\/strong>.<\/li>\n\n\n\n<li><a href=\"https:\/\/www.radioromaniacultural.ro\/sectiuni-articole\/teatru-si-film\/animatii-pentru-cei-mici-la-apollo111-cinema-dimineti-de-duminica-cu-povesti-aventuri-si-imaginatie-id52678.html\" target=\"_blank\" rel=\"noreferrer noopener\">Anima\u021bii pentru cei mici<\/a> la Apollo111 Cinema.<\/li>\n\n\n\n<li><strong><a href=\"https:\/\/www.blt.ro\/calugarita-feminista-si-misoginul-modernist.html%20%C2%A9%20blt.ro\" target=\"_blank\" rel=\"noreferrer noopener\">C\u0103lug\u0103ri\u021ba Feminist\u0103 \u0219i Misoginul Modernist<\/a> se joac\u0103 la Teatrul Amzei, de la ora 18.00 (65 de lei)<\/strong>.<\/li>\n\n\n\n<li><a href=\"https:\/\/eventbook.ro\/film\/bilete-soldatii-poveste-din-ferentari-ivana-mladenovic?hall=cinema-elvire-popesco\" target=\"_blank\" rel=\"noreferrer noopener\">Solda\u021bii<\/a> (dup\u0103 romanul lui Adi \u0218chiop, r. Ivana Mladenovici), la 15.00, la Elvire Popesco.<\/li>\n\n\n\n<li><strong>Spectacolul \u201e<a href=\"https:\/\/www.bilet.ro\/eveniment\/martie-17759-57236\">8 martie<\/a>\u201d se joac\u0103 de la 19.00, la Teatrul Dramaturgilor Rom\u00e2ni<\/strong>.<\/li>\n\n\n\n<li>Comedian\u021bii Delia, Anisia, Costel, Mincu \u0219i Miron urc\u0103 pe scena de la Sala Gloria pentru un <a href=\"https:\/\/talentact.iabilet.ro\/bilete-razi-ca-prostu-improshow-123222\/?utm_campaign=&amp;utm_term=\" target=\"_blank\" rel=\"noreferrer noopener\">ImproShow<\/a>.<\/li>\n\n\n\n<li><strong>Premiera piesei \u201e<a href=\"https:\/\/www.iabilet.ro\/bilete-ce-ramane-dintr-o-alegere-123120\/\" target=\"_blank\" rel=\"noreferrer noopener\">Ce R\u0103m\u00e2ne Dintr-O Alegere<\/a>\u201d, de la ora 19.00, pe \u0218os. Iancului 46.<\/strong><\/li>\n\n\n\n<li>Proiec\u021bia filmului \u201e<a href=\"https:\/\/www.facebook.com\/events\/4297289270554717\/\" target=\"_blank\" rel=\"noreferrer noopener\">No Alternative<\/a>\u201d (2018) la Trei Be\u021bivi.<\/li>\n<\/ul>\n\n\n\n<h2 class=\"wp-block-heading\" id=\"h-luni-16-martie\">Luni 16 martie<\/h2>\n\n\n\n<figure class=\"wp-block-image size-large\"><img loading=\"lazy\" decoding=\"async\" width=\"1000\" height=\"523\" src=\"data:image\/gif;base64,R0lGODlhAQABAAAAACH5BAEKAAEALAAAAAABAAEAAAICTAEAOw==\" data-src=\"https:\/\/buletin.de\/bucuresti\/wp-content\/uploads\/2026\/03\/image-18-1000x523.png\" alt=\"13 - 19 martie\" class=\"wp-image-180173 lazyload\" data-sizes=\"auto\" data-srcset=\"https:\/\/buletin.de\/bucuresti\/wp-content\/uploads\/2026\/03\/image-18-1000x523.png 1000w, https:\/\/buletin.de\/bucuresti\/wp-content\/uploads\/2026\/03\/image-18-300x157.png 300w, https:\/\/buletin.de\/bucuresti\/wp-content\/uploads\/2026\/03\/image-18-768x402.png 768w, https:\/\/buletin.de\/bucuresti\/wp-content\/uploads\/2026\/03\/image-18-1536x804.png 1536w, https:\/\/buletin.de\/bucuresti\/wp-content\/uploads\/2026\/03\/image-18-1600x838.png 1600w, https:\/\/buletin.de\/bucuresti\/wp-content\/uploads\/2026\/03\/image-18-1100x576.png 1100w, https:\/\/buletin.de\/bucuresti\/wp-content\/uploads\/2026\/03\/image-18-600x314.png 600w, https:\/\/buletin.de\/bucuresti\/wp-content\/uploads\/2026\/03\/image-18-20x10.png 20w, https:\/\/buletin.de\/bucuresti\/wp-content\/uploads\/2026\/03\/image-18.png 2048w\" sizes=\"(max-width: 1000px) 100vw, 1000px\" \/><figcaption class=\"wp-element-caption\">Recomand\u0103ri culturale pentru 13-19 martie<\/figcaption><\/figure>\n\n\n\n<ul class=\"wp-block-list\">\n<li><strong><a href=\"https:\/\/www.facebook.com\/events\/4392734711008128\/4392734737674792\/?active_tab=about\" target=\"_blank\" rel=\"noreferrer noopener\">1+1 gratis la Hard Rock Cafe<\/a> (aperitive, cocktail-uri \u0219i ni\u0219te beri)<\/strong>.<\/li>\n\n\n\n<li>\u00cenve\u021bi s\u0103 dansezi swing, mai precis <a href=\"https:\/\/www.facebook.com\/events\/1205880851611269\/1205880864944601\/?active_tab=about\" target=\"_blank\" rel=\"noreferrer noopener\"><em>Big Apple Routine<\/em><\/a>.<\/li>\n\n\n\n<li><strong>Se lanseaz\u0103 documentarul audio \u201e<a href=\"https:\/\/www.radioromaniacultural.ro\/sectiuni-articole\/produs-de-radio-romania\/aman-pur-si-simplu-la-radio-romania-cultural-id52652.html\" target=\"_blank\" rel=\"noreferrer noopener\">Aman. Pur \u0219i simplu<\/a>\u201d la Radio Rom\u00e2nia Cultural.<\/strong><\/li>\n\n\n\n<li><a href=\"https:\/\/www.facebook.com\/events\/1415895336981198\/\" target=\"_blank\" rel=\"noreferrer noopener\">Mischa Blanos vine cu Echtzeit<\/a> la seria ALT JAZZ, de la 19 \u00een Control (intrare liber\u0103).<\/li>\n\n\n\n<li><strong>Documentarul \u201e<a href=\"https:\/\/www.facebook.com\/centrulceh\" target=\"_blank\" rel=\"noreferrer noopener\">Tender Hrabal<\/a>\u201d este ultimul film din seria Documentary Mondays la Centrul Ceh.<\/strong><\/li>\n\n\n\n<li>\u00cencepe <a href=\"https:\/\/www.iabilet.ro\/bilete-asian-spotlight-week-121845\/\" target=\"_blank\" rel=\"noreferrer noopener\">Asian Spotlight Week<\/a> la Cinema Europa.<\/li>\n\n\n\n<li><strong>Roxana Triboi &#8211; Food Commons vorbe\u0219te despre <a href=\"https:\/\/www.facebook.com\/events\/1505206137802701\/1505206167802698\/?active_tab=about\" target=\"_blank\" rel=\"noreferrer noopener\">infrastructura productiv\u0103 (in)vizibil\u0103 a ora\u0219ului<\/a> la Serala de la Londohome.<\/strong><\/li>\n<\/ul>\n\n\n\n<h2 class=\"wp-block-heading\" id=\"h-mar\u021bi-17-martie\">Mar\u021bi, 17 martie<\/h2>\n\n\n\n<ul class=\"wp-block-list\">\n<li><a href=\"https:\/\/culture.hu\/ro\/bucuresti\/evenimente\/istoria-creatiunii-%E2%80%93-concert-de-orga-palur-janos\" target=\"_blank\" rel=\"noreferrer noopener\">Istoria crea\u021biunii<\/a> \u2013 concert de org\u0103 P\u00e1l\u00far J\u00e1nos la Catedrala Sf. Iosif.<\/li>\n\n\n\n<li><strong>Fiction Tuesdays la Centrul Ceh, cu <a href=\"https:\/\/www.facebook.com\/events\/3369127896593795\/\" target=\"_blank\" rel=\"noreferrer noopener\">Closely Watched Trains<\/a> (Ji\u0159\u00ed Menzel, 1966)<\/strong>.<\/li>\n\n\n\n<li>Heavy metal japonez la Encore cu <a href=\"https:\/\/www.iabilet.ro\/bilete-concert-blaze-japonia-karmagmassacre-romania-121973\/\">Blaze<\/a> (74 de lei, mai sunt c\u00e2teva bilete).<\/li>\n\n\n\n<li><strong><a href=\"https:\/\/www.instagram.com\/p\/DUtKn3qDXLH\/\" target=\"_blank\" rel=\"noreferrer noopener\">The Kryptonite Sparks<\/a> celebreaz\u0103 10 ani de \u201e\u0218i Golanii Beau Ceai\u201d printr-un concert aniversar la Expirat, de la 21:30.<\/strong><\/li>\n\n\n\n<li>Ada Milea &amp; Berti Barbera la <a href=\"https:\/\/www.facebook.com\/events\/1280083244017710\/\" target=\"_blank\" rel=\"noreferrer noopener\">Espace Minoux<\/a>, de la 20.00.<\/li>\n<\/ul>\n\n\n\n<h2 class=\"wp-block-heading\" id=\"h-miercuri-18-martie\">Miercuri, 18 martie<\/h2>\n\n\n\n<figure class=\"wp-block-image size-large\"><img loading=\"lazy\" decoding=\"async\" width=\"1000\" height=\"523\" src=\"data:image\/gif;base64,R0lGODlhAQABAAAAACH5BAEKAAEALAAAAAABAAEAAAICTAEAOw==\" data-src=\"https:\/\/buletin.de\/bucuresti\/wp-content\/uploads\/2026\/03\/image-21-1000x523.png\" alt=\"\" class=\"wp-image-180175 lazyload\" data-sizes=\"auto\" data-srcset=\"https:\/\/buletin.de\/bucuresti\/wp-content\/uploads\/2026\/03\/image-21-1000x523.png 1000w, https:\/\/buletin.de\/bucuresti\/wp-content\/uploads\/2026\/03\/image-21-300x157.png 300w, https:\/\/buletin.de\/bucuresti\/wp-content\/uploads\/2026\/03\/image-21-768x402.png 768w, https:\/\/buletin.de\/bucuresti\/wp-content\/uploads\/2026\/03\/image-21-1536x804.png 1536w, https:\/\/buletin.de\/bucuresti\/wp-content\/uploads\/2026\/03\/image-21-1600x838.png 1600w, https:\/\/buletin.de\/bucuresti\/wp-content\/uploads\/2026\/03\/image-21-1100x576.png 1100w, https:\/\/buletin.de\/bucuresti\/wp-content\/uploads\/2026\/03\/image-21-600x314.png 600w, https:\/\/buletin.de\/bucuresti\/wp-content\/uploads\/2026\/03\/image-21-20x10.png 20w, https:\/\/buletin.de\/bucuresti\/wp-content\/uploads\/2026\/03\/image-21.png 2048w\" sizes=\"(max-width: 1000px) 100vw, 1000px\" \/><figcaption class=\"wp-element-caption\">Recomand\u0103ri culturale pentru 13-19 martie<\/figcaption><\/figure>\n\n\n\n<p><a href=\"https:\/\/www.facebook.com\/events\/1330449452442758\/\"><\/a><\/p>\n\n\n\n<ul class=\"wp-block-list\">\n<li><strong>Bogdan Simion \u0219i L\u0103utarii de M\u0103tase &#8211; <a href=\"https:\/\/www.facebook.com\/events\/1330449452442758\/\" target=\"_blank\" rel=\"noreferrer noopener\">C\u00e2nd plecai de la R\u00e2mnic<\/a>, la Expirat (130 de lei acces general), de la 20.00.<\/strong><\/li>\n\n\n\n<li>Este stagiunea \u201eConcerte Simfonice la Palatul \u0218u\u021bu\u201d, prilej cu care te invit s\u0103 mergi la Muzeul Municipiului Bucure\u0219ti de la ora 18.00, la concertul \u201e<a href=\"https:\/\/www.bilete.ro\/de-la-beethoven-la-brahms-ecoul-romantic-al-violoncelului\/\" target=\"_blank\" rel=\"noreferrer noopener\">De la Beethoven la Brahms &#8211; Ecoul romantic al violoncelului<\/a>\u201d (65 de lei)<\/li>\n\n\n\n<li><strong><a href=\"https:\/\/eventbook.ro\/music\/bilete-we-will-meet-again?hall=jazzbook\" target=\"_blank\" rel=\"noreferrer noopener\">We Will Meet Again<\/a> la Jazzbook, de la 20.00, cu Cristian Soleanu, Albert Tajti, Ionut Baranga \u0219i Vlad Popescu (100 de lei)<\/strong><\/li>\n\n\n\n<li><a href=\"https:\/\/www.bilet.ro\/eveniment\/papiloma-party-17567-56561\" target=\"_blank\" rel=\"noreferrer noopener\">Papiloma Party<\/a> este un spectacol despre HPV, la Sala Ioan B\u0103ie\u0219u de la Teatrul Dramaturgilor Rom\u00e2ni de pe Grivi\u021bei 66 (60 de lei).<\/li>\n\n\n\n<li><strong><a href=\"https:\/\/www.control-club.ro\/event\/?slug=midweek-tapes-w-iulian-morar-28\" target=\"_blank\" rel=\"noreferrer noopener\">Midweek Tapes<\/a> la Control.<\/strong><\/li>\n\n\n\n<li>La ora redact\u0103rii acestui articol, mai sunt c\u00e2teva bilete disponibile la stand-up-ul lui Teo (<a href=\"https:\/\/talentact.iabilet.ro\/bilete-bat-campii-stand-up-comedy-cu-teo-123872\/?utm_campaign=&amp;utm_term=\" target=\"_blank\" rel=\"noreferrer noopener\">Bat C\u00e2mpii<\/a>) de la Sala Gloria.<\/li>\n\n\n\n<li><strong>Recital de chitar\u0103 \u201e<a href=\"https:\/\/www.iabilet.ro\/bilete-recital-de-chitara-origini-123680\/\" target=\"_blank\" rel=\"noreferrer noopener\">Origini<\/a>\u201d, de la 19.00, la Preoteasa.<\/strong><\/li>\n<\/ul>\n\n\n\n<h2 class=\"wp-block-heading\" id=\"h-joi-19-martie\">Joi, 19 martie<\/h2>\n\n\n\n<figure class=\"wp-block-image size-large\"><img loading=\"lazy\" decoding=\"async\" width=\"1000\" height=\"523\" src=\"data:image\/gif;base64,R0lGODlhAQABAAAAACH5BAEKAAEALAAAAAABAAEAAAICTAEAOw==\" data-src=\"https:\/\/buletin.de\/bucuresti\/wp-content\/uploads\/2026\/03\/image-19-1000x523.png\" alt=\"\" class=\"wp-image-180172 lazyload\" data-sizes=\"auto\" data-srcset=\"https:\/\/buletin.de\/bucuresti\/wp-content\/uploads\/2026\/03\/image-19-1000x523.png 1000w, https:\/\/buletin.de\/bucuresti\/wp-content\/uploads\/2026\/03\/image-19-300x157.png 300w, https:\/\/buletin.de\/bucuresti\/wp-content\/uploads\/2026\/03\/image-19-768x402.png 768w, https:\/\/buletin.de\/bucuresti\/wp-content\/uploads\/2026\/03\/image-19-1536x804.png 1536w, https:\/\/buletin.de\/bucuresti\/wp-content\/uploads\/2026\/03\/image-19-1600x838.png 1600w, https:\/\/buletin.de\/bucuresti\/wp-content\/uploads\/2026\/03\/image-19-1100x576.png 1100w, https:\/\/buletin.de\/bucuresti\/wp-content\/uploads\/2026\/03\/image-19-600x314.png 600w, https:\/\/buletin.de\/bucuresti\/wp-content\/uploads\/2026\/03\/image-19-20x10.png 20w, https:\/\/buletin.de\/bucuresti\/wp-content\/uploads\/2026\/03\/image-19.png 2048w\" sizes=\"(max-width: 1000px) 100vw, 1000px\" \/><figcaption class=\"wp-element-caption\">Recomand\u0103ri culturale pentru 13-19 martie<\/figcaption><\/figure>\n\n\n\n<ul class=\"wp-block-list\">\n<li><strong><a href=\"https:\/\/www.instagram.com\/p\/DVwMS7ejLin\/?img_index=1\" target=\"_blank\" rel=\"noreferrer noopener\">Tony Gur\u0103 de Aur<\/a> \u0219i alaiul s\u0103u vin la Expirat.<\/strong><\/li>\n\n\n\n<li>Vernisajul expozi\u021biei \u201e<a href=\"https:\/\/www.facebook.com\/events\/944454464768068\/\" target=\"_blank\" rel=\"noreferrer noopener\">Plecat \/ Away<\/a>\u201d (marca Elena Stancu &amp; Cosmin Bumbu\u021b) are loc la MNAC, de la 18:30 &#8211; \u00eemi pare r\u0103u c\u0103 nu pot ajunge, dar merge\u021bi voi pentru mine.<\/li>\n\n\n\n<li><strong>Big Bandul Radio ne cheam\u0103 la concert cu <a href=\"https:\/\/www.bilete.ro\/big-bandul-radio-ovidiu-lipan-tandarica\/\" target=\"_blank\" rel=\"noreferrer noopener\">Ovidiu Lipan \u021aand\u0103ric\u0103<\/a>, de la ora 19.00 (80 de lei)<\/strong>.<\/li>\n\n\n\n<li>Andrei Ro\u0219ca \u021bine, de la ora 20.00, workshop-ul \u201e<a href=\"https:\/\/change.ro\/product\/cum-iesi-din-overdrive\/\" target=\"_blank\" rel=\"noreferrer noopener\">Cum ie\u0219i din mental &amp; emotional overdrive<\/a>\u201d (100 de lei).<\/li>\n\n\n\n<li><strong><a href=\"https:\/\/corks.ro\/event\/degustare-de-sarmale-si-pairing-cu-vinuri-internationale\/\" target=\"_blank\" rel=\"noreferrer noopener\">Degustare de Sarmale \u0219i Pairing cu Vinuri Interna\u021bionale<\/a> la Corks Winebar, de la 19.00 (160 de lei).<\/strong><\/li>\n\n\n\n<li><a href=\"https:\/\/teatruldearta.ro\/events\/oleanna-954-816\/\" target=\"_blank\" rel=\"noreferrer noopener\">Oleanna<\/a> se joac\u0103 la Teatrul de Art\u0103 (75 de lei).<\/li>\n\n\n\n<li><strong><a href=\"https:\/\/bilete.arcub.ro\/bilete-in-memoriam-dinu-lipatti-124523\/?utm_campaign=&amp;utm_term=\" target=\"_blank\" rel=\"noreferrer noopener\">In Memoriam Dinu Lipatti<\/a>, recital de pian la Arcub (42 de lei).<\/strong><\/li>\n\n\n\n<li>Al treilea eveniment din seria \u201e<a href=\"https:\/\/www.facebook.com\/events\/3912664665700391\/\" target=\"_blank\" rel=\"noreferrer noopener\">Istorie Tr\u0103it\u0103, Via\u021b\u0103 Scris\u0103<\/a>\u201d la Institutul Cervantes, inspirat de literatura lui Almudena Grandes, de la ora 18.00.<\/li>\n\n\n\n<li><strong><a href=\"https:\/\/eventbook.ro\/music\/bilete-accordion-in-jazz-by-florin-pana-trio\" target=\"_blank\" rel=\"noreferrer noopener\">Accordion in Jazz by Florin Pana Trio<\/a>, la Jazzbook, de la 20.00 (80 de lei).<\/strong><\/li>\n\n\n\n<li>Lansarea num\u0103rului 143 al revistei Teorie: <a href=\"https:\/\/www.facebook.com\/events\/1296545125691523\/\" target=\"_blank\" rel=\"noreferrer noopener\">[Re]citindu-l pe Marx<\/a>, la C\u0103rture\u0219ti Modul, de la 18.00.<\/li>\n\n\n\n<li><strong><a href=\"https:\/\/bilete.quantic.pub\/bilete-zdob-si-zdub-concert-caritabil-o-mana-de-ajutor-pentru-viitor-123686\/\" target=\"_blank\" rel=\"noreferrer noopener\">Zdob \u0219i Zdub<\/a> &#8211; Concert Caritabil \u201eO M\u00e2n\u0103 de Ajutor pentru Viitor\u201d, \u00een Quantic.<\/strong><\/li>\n<\/ul>\n","protected":false},"excerpt":{"rendered":"<p>Arcub \u00eempline\u0219te 30 de ani, ocazie cu care rememoreaz\u0103 tot ce-a f\u0103cut din 1996 \u00eencoace. Revine vulturul sur \u00een Rom\u00e2nia, dup\u0103 70 de ani, dar pare c\u0103 prim\u0103vara se las\u0103 un pic a\u0219teptat\u0103, mai ales dimine\u021bile \u0219i serile (ne a\u0219teapt\u0103 \u0219i un pic aer polar, mmm). A trecut \u0219i 8 martie, ne-am amintit de femei [&hellip;]<\/p>\n","protected":false},"author":1,"featured_media":180178,"comment_status":"closed","ping_status":"open","sticky":false,"template":"","format":"standard","meta":{"_acf_changed":false,"inline_featured_image":false,"ngg_post_thumbnail":0,"footnotes":""},"categories":[6994,81,5762],"tags":[4364],"ppma_author":[22583,22608],"class_list":["post-180166","post","type-post","status-publish","format-standard","has-post-thumbnail","hentry","category-stiri-2","category-cultura","category-main","tag-recomandari"],"acf":[],"yoast_head":"<!-- This site is optimized with the Yoast SEO Premium plugin v25.3 (Yoast SEO v27.4) - https:\/\/yoast.com\/product\/yoast-seo-premium-wordpress\/ -->\n<title>Agenda Urban\u0103 cu Cosmin @ Buletin. Recomand\u0103ri culturale pentru 13-19 martie - Buletin de Bucure\u0219ti<\/title>\n<meta name=\"description\" content=\"Agenda Urban\u0103 cu Cosmin @ Buletin: Recomand\u0103ri culturale pentru 13-19 martie: hai \u00een ora\u0219 s\u0103 dans\u0103m, un c\u00e2ntec vesel s\u0103 c\u00e2nt\u0103m.\" \/>\n<meta name=\"robots\" content=\"index, follow, max-snippet:-1, max-image-preview:large, max-video-preview:-1\" \/>\n<link rel=\"canonical\" href=\"https:\/\/buletin.de\/bucuresti\/agenda-urbana-cu-cosmin-buletin-recomandari-culturale-pentru-13-19-martie\/\" \/>\n<meta property=\"og:locale\" content=\"en_GB\" \/>\n<meta property=\"og:type\" content=\"article\" \/>\n<meta property=\"og:title\" content=\"Agenda Urban\u0103 cu Cosmin @ Buletin. Recomand\u0103ri culturale pentru 13-19 martie\" \/>\n<meta property=\"og:description\" content=\"Agenda Urban\u0103 cu Cosmin @ Buletin: Recomand\u0103ri culturale pentru 13-19 martie: hai \u00een ora\u0219 s\u0103 dans\u0103m, un c\u00e2ntec vesel s\u0103 c\u00e2nt\u0103m.\" \/>\n<meta property=\"og:url\" content=\"https:\/\/buletin.de\/bucuresti\/agenda-urbana-cu-cosmin-buletin-recomandari-culturale-pentru-13-19-martie\/\" \/>\n<meta property=\"og:site_name\" content=\"Buletin de Bucure\u0219ti\" \/>\n<meta property=\"article:publisher\" content=\"https:\/\/www.facebook.com\/buletin.de.buc\" \/>\n<meta property=\"article:published_time\" content=\"2026-03-16T03:46:07+00:00\" \/>\n<meta property=\"article:modified_time\" content=\"2026-03-16T03:46:08+00:00\" \/>\n<meta property=\"og:image\" content=\"https:\/\/buletin.de\/bucuresti\/wp-content\/uploads\/2026\/03\/649504282_1385386443620416_5195738688862644263_n.jpg\" \/>\n\t<meta property=\"og:image:width\" content=\"600\" \/>\n\t<meta property=\"og:image:height\" content=\"478\" \/>\n\t<meta property=\"og:image:type\" content=\"image\/jpeg\" \/>\n<meta name=\"author\" content=\"Redac\u021bia Buletin de Bucure\u0219ti, Cosmin Pojoranu\" \/>\n<meta name=\"twitter:card\" content=\"summary_large_image\" \/>\n<meta name=\"twitter:label1\" content=\"Written by\" \/>\n\t<meta name=\"twitter:data1\" content=\"Redac\u021bia Buletin de Bucure\u0219ti\" \/>\n\t<meta name=\"twitter:label2\" content=\"Estimated reading time\" \/>\n\t<meta name=\"twitter:data2\" content=\"11 minutes\" \/>\n<script type=\"application\/ld+json\" class=\"yoast-schema-graph\">{\"@context\":\"https:\\\/\\\/schema.org\",\"@graph\":[{\"@type\":\"Article\",\"@id\":\"https:\\\/\\\/buletin.de\\\/bucuresti\\\/agenda-urbana-cu-cosmin-buletin-recomandari-culturale-pentru-13-19-martie\\\/#article\",\"isPartOf\":{\"@id\":\"https:\\\/\\\/buletin.de\\\/bucuresti\\\/agenda-urbana-cu-cosmin-buletin-recomandari-culturale-pentru-13-19-martie\\\/\"},\"author\":{\"name\":\"Redac\u021bia Buletin de Bucure\u0219ti\",\"@id\":\"https:\\\/\\\/buletin.de\\\/bucuresti\\\/#\\\/schema\\\/person\\\/2bbcf854e5f2419a13804af574d06ab1\"},\"headline\":\"Agenda Urban\u0103 cu Cosmin @ Buletin. Recomand\u0103ri culturale pentru 13-19 martie\",\"datePublished\":\"2026-03-16T03:46:07+00:00\",\"dateModified\":\"2026-03-16T03:46:08+00:00\",\"mainEntityOfPage\":{\"@id\":\"https:\\\/\\\/buletin.de\\\/bucuresti\\\/agenda-urbana-cu-cosmin-buletin-recomandari-culturale-pentru-13-19-martie\\\/\"},\"wordCount\":2132,\"publisher\":{\"@id\":\"https:\\\/\\\/buletin.de\\\/bucuresti\\\/#organization\"},\"image\":{\"@id\":\"https:\\\/\\\/buletin.de\\\/bucuresti\\\/agenda-urbana-cu-cosmin-buletin-recomandari-culturale-pentru-13-19-martie\\\/#primaryimage\"},\"thumbnailUrl\":\"https:\\\/\\\/buletin.de\\\/bucuresti\\\/wp-content\\\/uploads\\\/2026\\\/03\\\/649504282_1385386443620416_5195738688862644263_n.jpg\",\"keywords\":[\"recomandari\"],\"articleSection\":[\"Articole\",\"Cultur\u0103\",\"Main\"],\"inLanguage\":\"en-GB\",\"copyrightYear\":\"2026\",\"copyrightHolder\":{\"@id\":\"https:\\\/\\\/buletin.de\\\/bucuresti\\\/#organization\"}},{\"@type\":\"WebPage\",\"@id\":\"https:\\\/\\\/buletin.de\\\/bucuresti\\\/agenda-urbana-cu-cosmin-buletin-recomandari-culturale-pentru-13-19-martie\\\/\",\"url\":\"https:\\\/\\\/buletin.de\\\/bucuresti\\\/agenda-urbana-cu-cosmin-buletin-recomandari-culturale-pentru-13-19-martie\\\/\",\"name\":\"Agenda Urban\u0103 cu Cosmin @ Buletin. Recomand\u0103ri culturale pentru 13-19 martie - Buletin de Bucure\u0219ti\",\"isPartOf\":{\"@id\":\"https:\\\/\\\/buletin.de\\\/bucuresti\\\/#website\"},\"primaryImageOfPage\":{\"@id\":\"https:\\\/\\\/buletin.de\\\/bucuresti\\\/agenda-urbana-cu-cosmin-buletin-recomandari-culturale-pentru-13-19-martie\\\/#primaryimage\"},\"image\":{\"@id\":\"https:\\\/\\\/buletin.de\\\/bucuresti\\\/agenda-urbana-cu-cosmin-buletin-recomandari-culturale-pentru-13-19-martie\\\/#primaryimage\"},\"thumbnailUrl\":\"https:\\\/\\\/buletin.de\\\/bucuresti\\\/wp-content\\\/uploads\\\/2026\\\/03\\\/649504282_1385386443620416_5195738688862644263_n.jpg\",\"datePublished\":\"2026-03-16T03:46:07+00:00\",\"dateModified\":\"2026-03-16T03:46:08+00:00\",\"description\":\"Agenda Urban\u0103 cu Cosmin @ Buletin: Recomand\u0103ri culturale pentru 13-19 martie: hai \u00een ora\u0219 s\u0103 dans\u0103m, un c\u00e2ntec vesel s\u0103 c\u00e2nt\u0103m.\",\"breadcrumb\":{\"@id\":\"https:\\\/\\\/buletin.de\\\/bucuresti\\\/agenda-urbana-cu-cosmin-buletin-recomandari-culturale-pentru-13-19-martie\\\/#breadcrumb\"},\"inLanguage\":\"en-GB\",\"potentialAction\":[{\"@type\":\"ReadAction\",\"target\":[\"https:\\\/\\\/buletin.de\\\/bucuresti\\\/agenda-urbana-cu-cosmin-buletin-recomandari-culturale-pentru-13-19-martie\\\/\"]}]},{\"@type\":\"ImageObject\",\"inLanguage\":\"en-GB\",\"@id\":\"https:\\\/\\\/buletin.de\\\/bucuresti\\\/agenda-urbana-cu-cosmin-buletin-recomandari-culturale-pentru-13-19-martie\\\/#primaryimage\",\"url\":\"https:\\\/\\\/buletin.de\\\/bucuresti\\\/wp-content\\\/uploads\\\/2026\\\/03\\\/649504282_1385386443620416_5195738688862644263_n.jpg\",\"contentUrl\":\"https:\\\/\\\/buletin.de\\\/bucuresti\\\/wp-content\\\/uploads\\\/2026\\\/03\\\/649504282_1385386443620416_5195738688862644263_n.jpg\",\"width\":600,\"height\":478,\"caption\":\"Foto: Aurel Bauh. Bucure\u0219ti, 1957, via Muzeul \u0218colii de Arhitectur\u0103\"},{\"@type\":\"BreadcrumbList\",\"@id\":\"https:\\\/\\\/buletin.de\\\/bucuresti\\\/agenda-urbana-cu-cosmin-buletin-recomandari-culturale-pentru-13-19-martie\\\/#breadcrumb\",\"itemListElement\":[{\"@type\":\"ListItem\",\"position\":1,\"name\":\"Acas\u0103\",\"item\":\"https:\\\/\\\/buletin.de\\\/bucuresti\\\/\"},{\"@type\":\"ListItem\",\"position\":2,\"name\":\"Agenda Urban\u0103 cu Cosmin @ Buletin. Recomand\u0103ri culturale pentru 13-19 martie\"}]},{\"@type\":\"WebSite\",\"@id\":\"https:\\\/\\\/buletin.de\\\/bucuresti\\\/#website\",\"url\":\"https:\\\/\\\/buletin.de\\\/bucuresti\\\/\",\"name\":\"Buletin de Bucure\u0219ti\",\"description\":\"\u0218tiri \u0219i investiga\u021bii esen\u021biale din capital\u0103\",\"publisher\":{\"@id\":\"https:\\\/\\\/buletin.de\\\/bucuresti\\\/#organization\"},\"potentialAction\":[{\"@type\":\"SearchAction\",\"target\":{\"@type\":\"EntryPoint\",\"urlTemplate\":\"https:\\\/\\\/buletin.de\\\/bucuresti\\\/?s={search_term_string}\"},\"query-input\":{\"@type\":\"PropertyValueSpecification\",\"valueRequired\":true,\"valueName\":\"search_term_string\"}}],\"inLanguage\":\"en-GB\"},{\"@type\":\"Organization\",\"@id\":\"https:\\\/\\\/buletin.de\\\/bucuresti\\\/#organization\",\"name\":\"Buletin de Bucure\u0219ti\",\"url\":\"https:\\\/\\\/buletin.de\\\/bucuresti\\\/\",\"logo\":{\"@type\":\"ImageObject\",\"inLanguage\":\"en-GB\",\"@id\":\"https:\\\/\\\/buletin.de\\\/bucuresti\\\/#\\\/schema\\\/logo\\\/image\\\/\",\"url\":\"https:\\\/\\\/buletin.de\\\/bucuresti\\\/wp-content\\\/uploads\\\/logo-bdb-full-wide-vernil-transparent.png\",\"contentUrl\":\"https:\\\/\\\/buletin.de\\\/bucuresti\\\/wp-content\\\/uploads\\\/logo-bdb-full-wide-vernil-transparent.png\",\"width\":1782,\"height\":626,\"caption\":\"Buletin de Bucure\u0219ti\"},\"image\":{\"@id\":\"https:\\\/\\\/buletin.de\\\/bucuresti\\\/#\\\/schema\\\/logo\\\/image\\\/\"},\"sameAs\":[\"https:\\\/\\\/www.facebook.com\\\/buletin.de.buc\",\"https:\\\/\\\/www.instagram.com\\\/buletinde.bucuresti\\\/\"]},{\"@type\":\"Person\",\"@id\":\"https:\\\/\\\/buletin.de\\\/bucuresti\\\/#\\\/schema\\\/person\\\/2bbcf854e5f2419a13804af574d06ab1\",\"name\":\"Redac\u021bia Buletin de Bucure\u0219ti\",\"image\":{\"@type\":\"ImageObject\",\"inLanguage\":\"en-GB\",\"@id\":\"https:\\\/\\\/secure.gravatar.com\\\/avatar\\\/18c5342381ed1a08620e6280424e3e5efc958618f5d67c522c9e44c1bc6f9226?s=96&d=monsterid&r=g60c7cd0ad92c68c049fcd4bb3504d609\",\"url\":\"https:\\\/\\\/secure.gravatar.com\\\/avatar\\\/18c5342381ed1a08620e6280424e3e5efc958618f5d67c522c9e44c1bc6f9226?s=96&d=monsterid&r=g\",\"contentUrl\":\"https:\\\/\\\/secure.gravatar.com\\\/avatar\\\/18c5342381ed1a08620e6280424e3e5efc958618f5d67c522c9e44c1bc6f9226?s=96&d=monsterid&r=g\",\"caption\":\"Redac\u021bia Buletin de Bucure\u0219ti\"},\"description\":\"Buletin de Bucure\u0219ti exist\u0103 din vara anului 2019.\",\"url\":\"https:\\\/\\\/buletin.de\\\/bucuresti\\\/author\\\/adminbuletin\\\/\"}]}<\/script>\n<!-- \/ Yoast SEO Premium plugin. -->","yoast_head_json":{"title":"Agenda Urban\u0103 cu Cosmin @ Buletin. Recomand\u0103ri culturale pentru 13-19 martie - Buletin de Bucure\u0219ti","description":"Agenda Urban\u0103 cu Cosmin @ Buletin: Recomand\u0103ri culturale pentru 13-19 martie: hai \u00een ora\u0219 s\u0103 dans\u0103m, un c\u00e2ntec vesel s\u0103 c\u00e2nt\u0103m.","robots":{"index":"index","follow":"follow","max-snippet":"max-snippet:-1","max-image-preview":"max-image-preview:large","max-video-preview":"max-video-preview:-1"},"canonical":"https:\/\/buletin.de\/bucuresti\/agenda-urbana-cu-cosmin-buletin-recomandari-culturale-pentru-13-19-martie\/","og_locale":"en_GB","og_type":"article","og_title":"Agenda Urban\u0103 cu Cosmin @ Buletin. Recomand\u0103ri culturale pentru 13-19 martie","og_description":"Agenda Urban\u0103 cu Cosmin @ Buletin: Recomand\u0103ri culturale pentru 13-19 martie: hai \u00een ora\u0219 s\u0103 dans\u0103m, un c\u00e2ntec vesel s\u0103 c\u00e2nt\u0103m.","og_url":"https:\/\/buletin.de\/bucuresti\/agenda-urbana-cu-cosmin-buletin-recomandari-culturale-pentru-13-19-martie\/","og_site_name":"Buletin de Bucure\u0219ti","article_publisher":"https:\/\/www.facebook.com\/buletin.de.buc","article_published_time":"2026-03-16T03:46:07+00:00","article_modified_time":"2026-03-16T03:46:08+00:00","og_image":[{"width":600,"height":478,"url":"https:\/\/buletin.de\/bucuresti\/wp-content\/uploads\/2026\/03\/649504282_1385386443620416_5195738688862644263_n.jpg","type":"image\/jpeg"}],"author":"Redac\u021bia Buletin de Bucure\u0219ti, Cosmin Pojoranu","twitter_card":"summary_large_image","twitter_misc":{"Written by":"Redac\u021bia Buletin de Bucure\u0219ti","Estimated reading time":"11 minutes"},"schema":{"@context":"https:\/\/schema.org","@graph":[{"@type":"Article","@id":"https:\/\/buletin.de\/bucuresti\/agenda-urbana-cu-cosmin-buletin-recomandari-culturale-pentru-13-19-martie\/#article","isPartOf":{"@id":"https:\/\/buletin.de\/bucuresti\/agenda-urbana-cu-cosmin-buletin-recomandari-culturale-pentru-13-19-martie\/"},"author":{"name":"Redac\u021bia Buletin de Bucure\u0219ti","@id":"https:\/\/buletin.de\/bucuresti\/#\/schema\/person\/2bbcf854e5f2419a13804af574d06ab1"},"headline":"Agenda Urban\u0103 cu Cosmin @ Buletin. Recomand\u0103ri culturale pentru 13-19 martie","datePublished":"2026-03-16T03:46:07+00:00","dateModified":"2026-03-16T03:46:08+00:00","mainEntityOfPage":{"@id":"https:\/\/buletin.de\/bucuresti\/agenda-urbana-cu-cosmin-buletin-recomandari-culturale-pentru-13-19-martie\/"},"wordCount":2132,"publisher":{"@id":"https:\/\/buletin.de\/bucuresti\/#organization"},"image":{"@id":"https:\/\/buletin.de\/bucuresti\/agenda-urbana-cu-cosmin-buletin-recomandari-culturale-pentru-13-19-martie\/#primaryimage"},"thumbnailUrl":"https:\/\/buletin.de\/bucuresti\/wp-content\/uploads\/2026\/03\/649504282_1385386443620416_5195738688862644263_n.jpg","keywords":["recomandari"],"articleSection":["Articole","Cultur\u0103","Main"],"inLanguage":"en-GB","copyrightYear":"2026","copyrightHolder":{"@id":"https:\/\/buletin.de\/bucuresti\/#organization"}},{"@type":"WebPage","@id":"https:\/\/buletin.de\/bucuresti\/agenda-urbana-cu-cosmin-buletin-recomandari-culturale-pentru-13-19-martie\/","url":"https:\/\/buletin.de\/bucuresti\/agenda-urbana-cu-cosmin-buletin-recomandari-culturale-pentru-13-19-martie\/","name":"Agenda Urban\u0103 cu Cosmin @ Buletin. Recomand\u0103ri culturale pentru 13-19 martie - Buletin de Bucure\u0219ti","isPartOf":{"@id":"https:\/\/buletin.de\/bucuresti\/#website"},"primaryImageOfPage":{"@id":"https:\/\/buletin.de\/bucuresti\/agenda-urbana-cu-cosmin-buletin-recomandari-culturale-pentru-13-19-martie\/#primaryimage"},"image":{"@id":"https:\/\/buletin.de\/bucuresti\/agenda-urbana-cu-cosmin-buletin-recomandari-culturale-pentru-13-19-martie\/#primaryimage"},"thumbnailUrl":"https:\/\/buletin.de\/bucuresti\/wp-content\/uploads\/2026\/03\/649504282_1385386443620416_5195738688862644263_n.jpg","datePublished":"2026-03-16T03:46:07+00:00","dateModified":"2026-03-16T03:46:08+00:00","description":"Agenda Urban\u0103 cu Cosmin @ Buletin: Recomand\u0103ri culturale pentru 13-19 martie: hai \u00een ora\u0219 s\u0103 dans\u0103m, un c\u00e2ntec vesel s\u0103 c\u00e2nt\u0103m.","breadcrumb":{"@id":"https:\/\/buletin.de\/bucuresti\/agenda-urbana-cu-cosmin-buletin-recomandari-culturale-pentru-13-19-martie\/#breadcrumb"},"inLanguage":"en-GB","potentialAction":[{"@type":"ReadAction","target":["https:\/\/buletin.de\/bucuresti\/agenda-urbana-cu-cosmin-buletin-recomandari-culturale-pentru-13-19-martie\/"]}]},{"@type":"ImageObject","inLanguage":"en-GB","@id":"https:\/\/buletin.de\/bucuresti\/agenda-urbana-cu-cosmin-buletin-recomandari-culturale-pentru-13-19-martie\/#primaryimage","url":"https:\/\/buletin.de\/bucuresti\/wp-content\/uploads\/2026\/03\/649504282_1385386443620416_5195738688862644263_n.jpg","contentUrl":"https:\/\/buletin.de\/bucuresti\/wp-content\/uploads\/2026\/03\/649504282_1385386443620416_5195738688862644263_n.jpg","width":600,"height":478,"caption":"Foto: Aurel Bauh. Bucure\u0219ti, 1957, via Muzeul \u0218colii de Arhitectur\u0103"},{"@type":"BreadcrumbList","@id":"https:\/\/buletin.de\/bucuresti\/agenda-urbana-cu-cosmin-buletin-recomandari-culturale-pentru-13-19-martie\/#breadcrumb","itemListElement":[{"@type":"ListItem","position":1,"name":"Acas\u0103","item":"https:\/\/buletin.de\/bucuresti\/"},{"@type":"ListItem","position":2,"name":"Agenda Urban\u0103 cu Cosmin @ Buletin. Recomand\u0103ri culturale pentru 13-19 martie"}]},{"@type":"WebSite","@id":"https:\/\/buletin.de\/bucuresti\/#website","url":"https:\/\/buletin.de\/bucuresti\/","name":"Buletin de Bucure\u0219ti","description":"\u0218tiri \u0219i investiga\u021bii esen\u021biale din capital\u0103","publisher":{"@id":"https:\/\/buletin.de\/bucuresti\/#organization"},"potentialAction":[{"@type":"SearchAction","target":{"@type":"EntryPoint","urlTemplate":"https:\/\/buletin.de\/bucuresti\/?s={search_term_string}"},"query-input":{"@type":"PropertyValueSpecification","valueRequired":true,"valueName":"search_term_string"}}],"inLanguage":"en-GB"},{"@type":"Organization","@id":"https:\/\/buletin.de\/bucuresti\/#organization","name":"Buletin de Bucure\u0219ti","url":"https:\/\/buletin.de\/bucuresti\/","logo":{"@type":"ImageObject","inLanguage":"en-GB","@id":"https:\/\/buletin.de\/bucuresti\/#\/schema\/logo\/image\/","url":"https:\/\/buletin.de\/bucuresti\/wp-content\/uploads\/logo-bdb-full-wide-vernil-transparent.png","contentUrl":"https:\/\/buletin.de\/bucuresti\/wp-content\/uploads\/logo-bdb-full-wide-vernil-transparent.png","width":1782,"height":626,"caption":"Buletin de Bucure\u0219ti"},"image":{"@id":"https:\/\/buletin.de\/bucuresti\/#\/schema\/logo\/image\/"},"sameAs":["https:\/\/www.facebook.com\/buletin.de.buc","https:\/\/www.instagram.com\/buletinde.bucuresti\/"]},{"@type":"Person","@id":"https:\/\/buletin.de\/bucuresti\/#\/schema\/person\/2bbcf854e5f2419a13804af574d06ab1","name":"Redac\u021bia Buletin de Bucure\u0219ti","image":{"@type":"ImageObject","inLanguage":"en-GB","@id":"https:\/\/secure.gravatar.com\/avatar\/18c5342381ed1a08620e6280424e3e5efc958618f5d67c522c9e44c1bc6f9226?s=96&d=monsterid&r=g60c7cd0ad92c68c049fcd4bb3504d609","url":"https:\/\/secure.gravatar.com\/avatar\/18c5342381ed1a08620e6280424e3e5efc958618f5d67c522c9e44c1bc6f9226?s=96&d=monsterid&r=g","contentUrl":"https:\/\/secure.gravatar.com\/avatar\/18c5342381ed1a08620e6280424e3e5efc958618f5d67c522c9e44c1bc6f9226?s=96&d=monsterid&r=g","caption":"Redac\u021bia Buletin de Bucure\u0219ti"},"description":"Buletin de Bucure\u0219ti exist\u0103 din vara anului 2019.","url":"https:\/\/buletin.de\/bucuresti\/author\/adminbuletin\/"}]}},"authors":[{"term_id":22583,"user_id":1,"is_guest":0,"slug":"adminbuletin","display_name":"Redac\u021bia Buletin de Bucure\u0219ti","avatar_url":"https:\/\/secure.gravatar.com\/avatar\/18c5342381ed1a08620e6280424e3e5efc958618f5d67c522c9e44c1bc6f9226?s=96&d=monsterid&r=g","0":null,"1":"","2":"","3":"","4":"","5":"","6":"","7":"","8":""},{"term_id":22608,"user_id":20,"is_guest":0,"slug":"cosmin-pojoranu","display_name":"Cosmin Pojoranu","avatar_url":"https:\/\/buletin.de\/bucuresti\/wp-content\/uploads\/Cosmin-Pojoranu-1-96x96.jpg","0":null,"1":"","2":"","3":"","4":"","5":"","6":"","7":"","8":""}],"_links":{"self":[{"href":"https:\/\/buletin.de\/bucuresti\/wp-json\/wp\/v2\/posts\/180166","targetHints":{"allow":["GET"]}}],"collection":[{"href":"https:\/\/buletin.de\/bucuresti\/wp-json\/wp\/v2\/posts"}],"about":[{"href":"https:\/\/buletin.de\/bucuresti\/wp-json\/wp\/v2\/types\/post"}],"author":[{"embeddable":true,"href":"https:\/\/buletin.de\/bucuresti\/wp-json\/wp\/v2\/users\/1"}],"replies":[{"embeddable":true,"href":"https:\/\/buletin.de\/bucuresti\/wp-json\/wp\/v2\/comments?post=180166"}],"version-history":[{"count":15,"href":"https:\/\/buletin.de\/bucuresti\/wp-json\/wp\/v2\/posts\/180166\/revisions"}],"predecessor-version":[{"id":180804,"href":"https:\/\/buletin.de\/bucuresti\/wp-json\/wp\/v2\/posts\/180166\/revisions\/180804"}],"wp:featuredmedia":[{"embeddable":true,"href":"https:\/\/buletin.de\/bucuresti\/wp-json\/wp\/v2\/media\/180178"}],"wp:attachment":[{"href":"https:\/\/buletin.de\/bucuresti\/wp-json\/wp\/v2\/media?parent=180166"}],"wp:term":[{"taxonomy":"category","embeddable":true,"href":"https:\/\/buletin.de\/bucuresti\/wp-json\/wp\/v2\/categories?post=180166"},{"taxonomy":"post_tag","embeddable":true,"href":"https:\/\/buletin.de\/bucuresti\/wp-json\/wp\/v2\/tags?post=180166"},{"taxonomy":"author","embeddable":true,"href":"https:\/\/buletin.de\/bucuresti\/wp-json\/wp\/v2\/ppma_author?post=180166"}],"curies":[{"name":"wp","href":"https:\/\/api.w.org\/{rel}","templated":true}]}}