{"id":180153,"date":"2026-03-13T05:14:00","date_gmt":"2026-03-13T02:14:00","guid":{"rendered":"https:\/\/buletin.de\/bucuresti\/?p=180153"},"modified":"2026-03-13T00:00:07","modified_gmt":"2026-03-12T21:00:07","slug":"amenzi-de-128-000-de-lei-pentru-nereguli-privind-acordarea-concediilor-medicale-dupa-verificarile-cerute-de-primaria-sectorului-2","status":"publish","type":"post","link":"https:\/\/buletin.de\/bucuresti\/amenzi-de-128-000-de-lei-pentru-nereguli-privind-acordarea-concediilor-medicale-dupa-verificarile-cerute-de-primaria-sectorului-2\/","title":{"rendered":"Amenzi de 128.000 de lei pentru nereguli privind acordarea concediilor medicale, dup\u0103 verific\u0103rile cerute de Prim\u0103ria Sectorului 2"},"content":{"rendered":"\n<p><strong>O anchet\u0103 f\u0103cut\u0103 de corpul de control al primarului Sectorului 2 printre angaja\u021bii administra\u021biei locale a scos la iveal\u0103 numeroase nereguli \u00een acordarea concediilor medicale. <\/strong><\/p>\n\n\n\n<p><strong><a href=\"https:\/\/www.ps2.ro\/\" type=\"link\" id=\"https:\/\/www.ps2.ro\/\" target=\"_blank\" rel=\"noreferrer noopener\">Prim\u0103ria Sectorului 2<\/a> a anun\u021bat c\u0103 a acordat amenzi de 128.000 de lei. <\/strong><\/p>\n\n\n\n<p>Verific\u0103rile au fost solicitate \u00een urma reorganiz\u0103rii aparatului administrativ din iunie 2025, ocazie cu care a fost observat\u0103 o cre\u0219tere semnificativ\u0103 a num\u0103rului de concedii medicale.<\/p>\n\n\n\n<h2 class=\"wp-block-heading\" id=\"h-ce-probleme-au-fost-identificate-in-acordarea-concediilor-medicale\">Ce probleme au fost identificate \u00een acordarea concediilor medicale<\/h2>\n\n\n\n<p><strong>Doar \u00een luna iulie 2025 au fost acordate 113 concedii medicale, cu aproximativ 50% mai multe dec\u00e2t \u00een aceea\u0219i perioad\u0103 a anului precedent, a transmis Prim\u0103ria Sectorului 2. <\/strong><\/p>\n\n\n\n<p>Mai exact, este vorba despre 1.142 de zile de absen\u021b\u0103, care au generat cheltuieli suplimentare de aproximativ 250.000 de lei din bugetul local.<\/p>\n\n\n\n<p>\u00cen septembrie 2025, Prim\u0103ria Sectorului 2 a sesizat Colegiul Medicilor \u00een contextul cre\u0219terii num\u0103rului <a href=\"https:\/\/buletin.de\/bucuresti\/concediile-medicale-dau-peste-cap-activitatea-metrorex-artimon-sunt-10-000-de-zile-de-concediu-de-odihna-rostogolite-de-trei-ani-si-s-a-cronicizat-oboseala\/\" type=\"link\" id=\"https:\/\/buletin.de\/bucuresti\/concediile-medicale-dau-peste-cap-activitatea-metrorex-artimon-sunt-10-000-de-zile-de-concediu-de-odihna-rostogolite-de-trei-ani-si-s-a-cronicizat-oboseala\/\" target=\"_blank\" rel=\"noreferrer noopener\">concediilor medicale<\/a>.<\/p>\n\n\n\n<p><strong>CITE\u0218TE \u0218I <a href=\"https:\/\/buletin.de\/bucuresti\/primaria-sectorului-2-sesizeaza-colegiul-medicilor-dupa-ce-a-primit-intr-o-luna-cereri-pentru-1-142-de-zile-de-concediu-medical-de-la-angajati-costurile-s-ar-ridica-la-aproape-250-000-de-lei\/\" type=\"link\" id=\"https:\/\/buletin.de\/bucuresti\/primaria-sectorului-2-sesizeaza-colegiul-medicilor-dupa-ce-a-primit-intr-o-luna-cereri-pentru-1-142-de-zile-de-concediu-medical-de-la-angajati-costurile-s-ar-ridica-la-aproape-250-000-de-lei\/\" target=\"_blank\" rel=\"noreferrer noopener\">Prim\u0103ria Sectorului 2 sesizeaz\u0103 Colegiul Medicilor dup\u0103 ce a primit, \u00eentr-o lun\u0103, cereri pentru 1.142 de zile de concediu medical de la angaja\u021bi. Costurile s-ar ridica la aproape 250.000 de lei<\/a><\/strong><\/p>\n\n\n\n<p>Este vorba despre 22 de situa\u021bii de abateri, pentru care au fost aplicate 11 avertismente \u0219i 15 amenzi, dup\u0103 cum arat\u0103 raportul rezultat \u00een urma verific\u0103rilor. <\/p>\n\n\n\n<p><strong>Sanc\u021biunile au fost acordate dup\u0103 cum urmeaz\u0103:<\/strong><\/p>\n\n\n\n<ul class=\"wp-block-list\">\n<li>CAS Arge\u0219: 1 avertisment, f\u0103r\u0103 amenzi;<\/li>\n\n\n\n<li>CAS C\u0103l\u0103ra\u0219i: 3 avertismente, f\u0103r\u0103 sanc\u021biuni financiare;<\/li>\n\n\n\n<li>CAS Ilfov: 7 avertismente \u0219i 5 amenzi, \u00een valoare total\u0103 de <strong>38.000 lei<\/strong>;<\/li>\n\n\n\n<li>CAS Municipiul Bucure\u0219ti: 9 amenzi, \u00een valoare total\u0103 de <strong>84.000 lei<\/strong>;<\/li>\n\n\n\n<li>CASA OPSNAJ: 1 amend\u0103, \u00een valoare de<strong> 6.000 lei<\/strong>.<\/li>\n<\/ul>\n\n\n\n<h2 class=\"wp-block-heading\" id=\"h-majoritatea-abaterilor-a-vizat-absen\u021ba-unor-acte\">Majoritatea abaterilor a vizat absen\u021ba unor acte<\/h2>\n\n\n\n<p>Raportul mai arat\u0103 c\u0103 au fost constatate mai multe tipuri de abateri recurente \u00een procesul de eliberare a certificatelor medicale. <\/p>\n\n\n\n<p><strong>Printre cele mai frecvente abateri identificate \u00een urma controalelor se num\u0103r\u0103 urm\u0103toarele: <\/strong><\/p>\n\n\n\n<ul class=\"wp-block-list\">\n<li>lipsa adeverin\u021bei de salariat sau prezentarea acesteia \u00eentr-o form\u0103 neconform\u0103;<\/li>\n\n\n\n<li>eliberarea adeverin\u021belor dup\u0103 acordarea concediului medical sau adeverin\u021be care nu erau valabile la momentul emiterii certificatului;<\/li>\n\n\n\n<li>lipsa men\u021bion\u0103rii regimului igieno-dietetic \u0219i a indica\u021biilor terapeutice \u00een documenta\u021bia medical\u0103;<\/li>\n\n\n\n<li>neconcordan\u021be \u00eentre eviden\u021ba primar\u0103 a cabinetelor medicale \u0219i certificatele de concediu medical eliberate;<\/li>\n\n\n\n<li>nerespectarea prevederilor legale privind data acord\u0103rii concediului medical. <\/li>\n<\/ul>\n\n\n\n<p><strong>\u00cen plus, au fost identificate \u0219i situa\u021bii punctuale, cum ar fi nepropunerea pension\u0103rii pacientului la expirarea perioadei maxime de concediu medical sau eliberarea necorespunz\u0103toare a certificatelor medicale. <\/strong><\/p>\n\n\n\n<p><em>\u201ePrim\u0103ria Sectorului 2 subliniaz\u0103 c\u0103 acest demers nu a avut ca scop sanc\u021bionarea persoanelor care au nevoie real\u0103 de concediu medical, ci protejarea corectitudinii utiliz\u0103rii fondurilor publice.\u201d<\/em>, se precizeaz\u0103 \u00een comunicatul administra\u021biei locale. <\/p>\n\n\n\n<p><strong>CITE\u0218TE \u0218I <a href=\"https:\/\/buletin.de\/bucuresti\/s-a-stabilit-comisia-de-concurs-pentru-alegerea-noului-manager-al-tnb-ministerul-culturii-a-reluat-concursul-dupa-ce-toti-candidatii-au-picat-evaluarea\/\" target=\"_blank\" rel=\"noreferrer noopener\">S-a stabilit comisia de concurs pentru alegerea noului manager al TNB. Ministerul Culturii a reluat concursul, dup\u0103 ce to\u021bi candida\u021bii au picat evaluarea<\/a><\/strong><\/p>\n","protected":false},"excerpt":{"rendered":"<p>O anchet\u0103 f\u0103cut\u0103 de corpul de control al primarului Sectorului 2 printre angaja\u021bii administra\u021biei locale a scos la iveal\u0103 numeroase nereguli \u00een acordarea concediilor medicale. Prim\u0103ria Sectorului 2 a anun\u021bat c\u0103 a acordat amenzi de 128.000 de lei. Verific\u0103rile au fost solicitate \u00een urma reorganiz\u0103rii aparatului administrativ din iunie 2025, ocazie cu care a fost [&hellip;]<\/p>\n","protected":false},"author":65,"featured_media":180168,"comment_status":"closed","ping_status":"open","sticky":false,"template":"","format":"standard","meta":{"_acf_changed":false,"inline_featured_image":false,"ngg_post_thumbnail":0,"footnotes":""},"categories":[6994,5762,24],"tags":[18800,22240,228,229],"ppma_author":[23912],"class_list":["post-180153","post","type-post","status-publish","format-standard","has-post-thumbnail","hentry","category-stiri-2","category-main","category-primarie","tag-concedii-medicale","tag-concedii-medicale-ilegale","tag-primaria-sectorului-2","tag-sector-2"],"acf":[],"yoast_head":"<!-- This site is optimized with the Yoast SEO Premium plugin v25.3 (Yoast SEO v27.4) - https:\/\/yoast.com\/product\/yoast-seo-premium-wordpress\/ -->\n<title>Amenzi de 128.000 de lei pentru nereguli privind acordarea concediilor medicale, dup\u0103 verific\u0103rile cerute de Prim\u0103ria Sectorului 2 - Buletin de Bucure\u0219ti<\/title>\n<meta name=\"description\" content=\"S-au acordat amenzi \u00een valoare de 128.000 de lei pentru nereguli privind acordarea concediilor medicale, la solicitarea Prim\u0103riei Sector 2\" \/>\n<meta name=\"robots\" content=\"index, follow, max-snippet:-1, max-image-preview:large, max-video-preview:-1\" \/>\n<link rel=\"canonical\" href=\"https:\/\/buletin.de\/bucuresti\/amenzi-de-128-000-de-lei-pentru-nereguli-privind-acordarea-concediilor-medicale-dupa-verificarile-cerute-de-primaria-sectorului-2\/\" \/>\n<meta property=\"og:locale\" content=\"en_GB\" \/>\n<meta property=\"og:type\" content=\"article\" \/>\n<meta property=\"og:title\" content=\"Amenzi de 128.000 de lei pentru nereguli privind acordarea concediilor medicale, dup\u0103 verific\u0103rile cerute de Prim\u0103ria Sectorului 2\" \/>\n<meta property=\"og:description\" content=\"S-au acordat amenzi \u00een valoare de 128.000 de lei pentru nereguli privind acordarea concediilor medicale, la solicitarea Prim\u0103riei Sector 2\" \/>\n<meta property=\"og:url\" content=\"https:\/\/buletin.de\/bucuresti\/amenzi-de-128-000-de-lei-pentru-nereguli-privind-acordarea-concediilor-medicale-dupa-verificarile-cerute-de-primaria-sectorului-2\/\" \/>\n<meta property=\"og:site_name\" content=\"Buletin de Bucure\u0219ti\" \/>\n<meta property=\"article:publisher\" content=\"https:\/\/www.facebook.com\/buletin.de.buc\" \/>\n<meta property=\"article:published_time\" content=\"2026-03-13T02:14:00+00:00\" \/>\n<meta property=\"og:image\" content=\"https:\/\/buletin.de\/bucuresti\/wp-content\/uploads\/2026\/03\/36893-e1773342616923.jpg\" \/>\n\t<meta property=\"og:image:width\" content=\"2000\" \/>\n\t<meta property=\"og:image:height\" content=\"1140\" \/>\n\t<meta property=\"og:image:type\" content=\"image\/jpeg\" \/>\n<meta name=\"author\" content=\"Andreea St\u0103n\u0103r\u00eeng\u0103\" \/>\n<meta name=\"twitter:card\" content=\"summary_large_image\" \/>\n<meta name=\"twitter:label1\" content=\"Written by\" \/>\n\t<meta name=\"twitter:data1\" content=\"Andreea St\u0103n\u0103r\u00eeng\u0103\" \/>\n\t<meta name=\"twitter:label2\" content=\"Estimated reading time\" \/>\n\t<meta name=\"twitter:data2\" content=\"3 minutes\" \/>\n<script type=\"application\/ld+json\" class=\"yoast-schema-graph\">{\"@context\":\"https:\\\/\\\/schema.org\",\"@graph\":[{\"@type\":\"Article\",\"@id\":\"https:\\\/\\\/buletin.de\\\/bucuresti\\\/amenzi-de-128-000-de-lei-pentru-nereguli-privind-acordarea-concediilor-medicale-dupa-verificarile-cerute-de-primaria-sectorului-2\\\/#article\",\"isPartOf\":{\"@id\":\"https:\\\/\\\/buletin.de\\\/bucuresti\\\/amenzi-de-128-000-de-lei-pentru-nereguli-privind-acordarea-concediilor-medicale-dupa-verificarile-cerute-de-primaria-sectorului-2\\\/\"},\"author\":{\"name\":\"Andreea St\u0103n\u0103r\u00eeng\u0103\",\"@id\":\"https:\\\/\\\/buletin.de\\\/bucuresti\\\/#\\\/schema\\\/person\\\/81421a46fb84a0887cfd2238f5202586\"},\"headline\":\"Amenzi de 128.000 de lei pentru nereguli privind acordarea concediilor medicale, dup\u0103 verific\u0103rile cerute de Prim\u0103ria Sectorului 2\",\"datePublished\":\"2026-03-13T02:14:00+00:00\",\"mainEntityOfPage\":{\"@id\":\"https:\\\/\\\/buletin.de\\\/bucuresti\\\/amenzi-de-128-000-de-lei-pentru-nereguli-privind-acordarea-concediilor-medicale-dupa-verificarile-cerute-de-primaria-sectorului-2\\\/\"},\"wordCount\":475,\"publisher\":{\"@id\":\"https:\\\/\\\/buletin.de\\\/bucuresti\\\/#organization\"},\"image\":{\"@id\":\"https:\\\/\\\/buletin.de\\\/bucuresti\\\/amenzi-de-128-000-de-lei-pentru-nereguli-privind-acordarea-concediilor-medicale-dupa-verificarile-cerute-de-primaria-sectorului-2\\\/#primaryimage\"},\"thumbnailUrl\":\"https:\\\/\\\/buletin.de\\\/bucuresti\\\/wp-content\\\/uploads\\\/2026\\\/03\\\/36893-e1773342616923.jpg\",\"keywords\":[\"concedii medicale\",\"concedii medicale ilegale\",\"primaria sectorului 2\",\"Sector 2\"],\"articleSection\":[\"Articole\",\"Main\",\"Prim\u0103rie\"],\"inLanguage\":\"en-GB\",\"copyrightYear\":\"2026\",\"copyrightHolder\":{\"@id\":\"https:\\\/\\\/buletin.de\\\/bucuresti\\\/#organization\"}},{\"@type\":\"WebPage\",\"@id\":\"https:\\\/\\\/buletin.de\\\/bucuresti\\\/amenzi-de-128-000-de-lei-pentru-nereguli-privind-acordarea-concediilor-medicale-dupa-verificarile-cerute-de-primaria-sectorului-2\\\/\",\"url\":\"https:\\\/\\\/buletin.de\\\/bucuresti\\\/amenzi-de-128-000-de-lei-pentru-nereguli-privind-acordarea-concediilor-medicale-dupa-verificarile-cerute-de-primaria-sectorului-2\\\/\",\"name\":\"Amenzi de 128.000 de lei pentru nereguli privind acordarea concediilor medicale, dup\u0103 verific\u0103rile cerute de Prim\u0103ria Sectorului 2 - Buletin de Bucure\u0219ti\",\"isPartOf\":{\"@id\":\"https:\\\/\\\/buletin.de\\\/bucuresti\\\/#website\"},\"primaryImageOfPage\":{\"@id\":\"https:\\\/\\\/buletin.de\\\/bucuresti\\\/amenzi-de-128-000-de-lei-pentru-nereguli-privind-acordarea-concediilor-medicale-dupa-verificarile-cerute-de-primaria-sectorului-2\\\/#primaryimage\"},\"image\":{\"@id\":\"https:\\\/\\\/buletin.de\\\/bucuresti\\\/amenzi-de-128-000-de-lei-pentru-nereguli-privind-acordarea-concediilor-medicale-dupa-verificarile-cerute-de-primaria-sectorului-2\\\/#primaryimage\"},\"thumbnailUrl\":\"https:\\\/\\\/buletin.de\\\/bucuresti\\\/wp-content\\\/uploads\\\/2026\\\/03\\\/36893-e1773342616923.jpg\",\"datePublished\":\"2026-03-13T02:14:00+00:00\",\"description\":\"S-au acordat amenzi \u00een valoare de 128.000 de lei pentru nereguli privind acordarea concediilor medicale, la solicitarea Prim\u0103riei Sector 2\",\"breadcrumb\":{\"@id\":\"https:\\\/\\\/buletin.de\\\/bucuresti\\\/amenzi-de-128-000-de-lei-pentru-nereguli-privind-acordarea-concediilor-medicale-dupa-verificarile-cerute-de-primaria-sectorului-2\\\/#breadcrumb\"},\"inLanguage\":\"en-GB\",\"potentialAction\":[{\"@type\":\"ReadAction\",\"target\":[\"https:\\\/\\\/buletin.de\\\/bucuresti\\\/amenzi-de-128-000-de-lei-pentru-nereguli-privind-acordarea-concediilor-medicale-dupa-verificarile-cerute-de-primaria-sectorului-2\\\/\"]}]},{\"@type\":\"ImageObject\",\"inLanguage\":\"en-GB\",\"@id\":\"https:\\\/\\\/buletin.de\\\/bucuresti\\\/amenzi-de-128-000-de-lei-pentru-nereguli-privind-acordarea-concediilor-medicale-dupa-verificarile-cerute-de-primaria-sectorului-2\\\/#primaryimage\",\"url\":\"https:\\\/\\\/buletin.de\\\/bucuresti\\\/wp-content\\\/uploads\\\/2026\\\/03\\\/36893-e1773342616923.jpg\",\"contentUrl\":\"https:\\\/\\\/buletin.de\\\/bucuresti\\\/wp-content\\\/uploads\\\/2026\\\/03\\\/36893-e1773342616923.jpg\",\"width\":2000,\"height\":1140,\"caption\":\"Amenzi de 128.000 de lei pentru nereguli la eliberarea concediilor medicale. Foto: Freepik\"},{\"@type\":\"BreadcrumbList\",\"@id\":\"https:\\\/\\\/buletin.de\\\/bucuresti\\\/amenzi-de-128-000-de-lei-pentru-nereguli-privind-acordarea-concediilor-medicale-dupa-verificarile-cerute-de-primaria-sectorului-2\\\/#breadcrumb\",\"itemListElement\":[{\"@type\":\"ListItem\",\"position\":1,\"name\":\"Acas\u0103\",\"item\":\"https:\\\/\\\/buletin.de\\\/bucuresti\\\/\"},{\"@type\":\"ListItem\",\"position\":2,\"name\":\"Amenzi de 128.000 de lei pentru nereguli privind acordarea concediilor medicale, dup\u0103 verific\u0103rile cerute de Prim\u0103ria Sectorului 2\"}]},{\"@type\":\"WebSite\",\"@id\":\"https:\\\/\\\/buletin.de\\\/bucuresti\\\/#website\",\"url\":\"https:\\\/\\\/buletin.de\\\/bucuresti\\\/\",\"name\":\"Buletin de Bucure\u0219ti\",\"description\":\"\u0218tiri \u0219i investiga\u021bii esen\u021biale din capital\u0103\",\"publisher\":{\"@id\":\"https:\\\/\\\/buletin.de\\\/bucuresti\\\/#organization\"},\"potentialAction\":[{\"@type\":\"SearchAction\",\"target\":{\"@type\":\"EntryPoint\",\"urlTemplate\":\"https:\\\/\\\/buletin.de\\\/bucuresti\\\/?s={search_term_string}\"},\"query-input\":{\"@type\":\"PropertyValueSpecification\",\"valueRequired\":true,\"valueName\":\"search_term_string\"}}],\"inLanguage\":\"en-GB\"},{\"@type\":\"Organization\",\"@id\":\"https:\\\/\\\/buletin.de\\\/bucuresti\\\/#organization\",\"name\":\"Buletin de Bucure\u0219ti\",\"url\":\"https:\\\/\\\/buletin.de\\\/bucuresti\\\/\",\"logo\":{\"@type\":\"ImageObject\",\"inLanguage\":\"en-GB\",\"@id\":\"https:\\\/\\\/buletin.de\\\/bucuresti\\\/#\\\/schema\\\/logo\\\/image\\\/\",\"url\":\"https:\\\/\\\/buletin.de\\\/bucuresti\\\/wp-content\\\/uploads\\\/logo-bdb-full-wide-vernil-transparent.png\",\"contentUrl\":\"https:\\\/\\\/buletin.de\\\/bucuresti\\\/wp-content\\\/uploads\\\/logo-bdb-full-wide-vernil-transparent.png\",\"width\":1782,\"height\":626,\"caption\":\"Buletin de Bucure\u0219ti\"},\"image\":{\"@id\":\"https:\\\/\\\/buletin.de\\\/bucuresti\\\/#\\\/schema\\\/logo\\\/image\\\/\"},\"sameAs\":[\"https:\\\/\\\/www.facebook.com\\\/buletin.de.buc\",\"https:\\\/\\\/www.instagram.com\\\/buletinde.bucuresti\\\/\"]},{\"@type\":\"Person\",\"@id\":\"https:\\\/\\\/buletin.de\\\/bucuresti\\\/#\\\/schema\\\/person\\\/81421a46fb84a0887cfd2238f5202586\",\"name\":\"Andreea St\u0103n\u0103r\u00eeng\u0103\",\"image\":{\"@type\":\"ImageObject\",\"inLanguage\":\"en-GB\",\"@id\":\"https:\\\/\\\/secure.gravatar.com\\\/avatar\\\/dfa8d227a4388fad0f0bb03add04b5b176f4da34397dbb2eadc563b3d7162ce0?s=96&d=monsterid&r=g72784372b39ffe5a98a45288fe0d0e8a\",\"url\":\"https:\\\/\\\/secure.gravatar.com\\\/avatar\\\/dfa8d227a4388fad0f0bb03add04b5b176f4da34397dbb2eadc563b3d7162ce0?s=96&d=monsterid&r=g\",\"contentUrl\":\"https:\\\/\\\/secure.gravatar.com\\\/avatar\\\/dfa8d227a4388fad0f0bb03add04b5b176f4da34397dbb2eadc563b3d7162ce0?s=96&d=monsterid&r=g\",\"caption\":\"Andreea St\u0103n\u0103r\u00eeng\u0103\"},\"description\":\"Cu o experien\u021b\u0103 de peste 5 ani \u00een pres\u0103, face parte din echipa Buletin de Bucure\u0219ti din septembrie 2025. A colaborat cu c\u00e2teva publica\u021bii, printre care \u0219i Fanatik.ro, unde s-a ocupat de \u0219tiri de lifestyle \u0219i de actualitate. A f\u0103cut un pas c\u0103tre presa local\u0103 pentru a explora Bucure\u0219tiul \u0219i pove\u0219tile care merit\u0103 spuse.\",\"url\":\"https:\\\/\\\/buletin.de\\\/bucuresti\\\/author\\\/andreea-stanaranga\\\/\"}]}<\/script>\n<!-- \/ Yoast SEO Premium plugin. -->","yoast_head_json":{"title":"Amenzi de 128.000 de lei pentru nereguli privind acordarea concediilor medicale, dup\u0103 verific\u0103rile cerute de Prim\u0103ria Sectorului 2 - Buletin de Bucure\u0219ti","description":"S-au acordat amenzi \u00een valoare de 128.000 de lei pentru nereguli privind acordarea concediilor medicale, la solicitarea Prim\u0103riei Sector 2","robots":{"index":"index","follow":"follow","max-snippet":"max-snippet:-1","max-image-preview":"max-image-preview:large","max-video-preview":"max-video-preview:-1"},"canonical":"https:\/\/buletin.de\/bucuresti\/amenzi-de-128-000-de-lei-pentru-nereguli-privind-acordarea-concediilor-medicale-dupa-verificarile-cerute-de-primaria-sectorului-2\/","og_locale":"en_GB","og_type":"article","og_title":"Amenzi de 128.000 de lei pentru nereguli privind acordarea concediilor medicale, dup\u0103 verific\u0103rile cerute de Prim\u0103ria Sectorului 2","og_description":"S-au acordat amenzi \u00een valoare de 128.000 de lei pentru nereguli privind acordarea concediilor medicale, la solicitarea Prim\u0103riei Sector 2","og_url":"https:\/\/buletin.de\/bucuresti\/amenzi-de-128-000-de-lei-pentru-nereguli-privind-acordarea-concediilor-medicale-dupa-verificarile-cerute-de-primaria-sectorului-2\/","og_site_name":"Buletin de Bucure\u0219ti","article_publisher":"https:\/\/www.facebook.com\/buletin.de.buc","article_published_time":"2026-03-13T02:14:00+00:00","og_image":[{"width":2000,"height":1140,"url":"https:\/\/buletin.de\/bucuresti\/wp-content\/uploads\/2026\/03\/36893-e1773342616923.jpg","type":"image\/jpeg"}],"author":"Andreea St\u0103n\u0103r\u00eeng\u0103","twitter_card":"summary_large_image","twitter_misc":{"Written by":"Andreea St\u0103n\u0103r\u00eeng\u0103","Estimated reading time":"3 minutes"},"schema":{"@context":"https:\/\/schema.org","@graph":[{"@type":"Article","@id":"https:\/\/buletin.de\/bucuresti\/amenzi-de-128-000-de-lei-pentru-nereguli-privind-acordarea-concediilor-medicale-dupa-verificarile-cerute-de-primaria-sectorului-2\/#article","isPartOf":{"@id":"https:\/\/buletin.de\/bucuresti\/amenzi-de-128-000-de-lei-pentru-nereguli-privind-acordarea-concediilor-medicale-dupa-verificarile-cerute-de-primaria-sectorului-2\/"},"author":{"name":"Andreea St\u0103n\u0103r\u00eeng\u0103","@id":"https:\/\/buletin.de\/bucuresti\/#\/schema\/person\/81421a46fb84a0887cfd2238f5202586"},"headline":"Amenzi de 128.000 de lei pentru nereguli privind acordarea concediilor medicale, dup\u0103 verific\u0103rile cerute de Prim\u0103ria Sectorului 2","datePublished":"2026-03-13T02:14:00+00:00","mainEntityOfPage":{"@id":"https:\/\/buletin.de\/bucuresti\/amenzi-de-128-000-de-lei-pentru-nereguli-privind-acordarea-concediilor-medicale-dupa-verificarile-cerute-de-primaria-sectorului-2\/"},"wordCount":475,"publisher":{"@id":"https:\/\/buletin.de\/bucuresti\/#organization"},"image":{"@id":"https:\/\/buletin.de\/bucuresti\/amenzi-de-128-000-de-lei-pentru-nereguli-privind-acordarea-concediilor-medicale-dupa-verificarile-cerute-de-primaria-sectorului-2\/#primaryimage"},"thumbnailUrl":"https:\/\/buletin.de\/bucuresti\/wp-content\/uploads\/2026\/03\/36893-e1773342616923.jpg","keywords":["concedii medicale","concedii medicale ilegale","primaria sectorului 2","Sector 2"],"articleSection":["Articole","Main","Prim\u0103rie"],"inLanguage":"en-GB","copyrightYear":"2026","copyrightHolder":{"@id":"https:\/\/buletin.de\/bucuresti\/#organization"}},{"@type":"WebPage","@id":"https:\/\/buletin.de\/bucuresti\/amenzi-de-128-000-de-lei-pentru-nereguli-privind-acordarea-concediilor-medicale-dupa-verificarile-cerute-de-primaria-sectorului-2\/","url":"https:\/\/buletin.de\/bucuresti\/amenzi-de-128-000-de-lei-pentru-nereguli-privind-acordarea-concediilor-medicale-dupa-verificarile-cerute-de-primaria-sectorului-2\/","name":"Amenzi de 128.000 de lei pentru nereguli privind acordarea concediilor medicale, dup\u0103 verific\u0103rile cerute de Prim\u0103ria Sectorului 2 - Buletin de Bucure\u0219ti","isPartOf":{"@id":"https:\/\/buletin.de\/bucuresti\/#website"},"primaryImageOfPage":{"@id":"https:\/\/buletin.de\/bucuresti\/amenzi-de-128-000-de-lei-pentru-nereguli-privind-acordarea-concediilor-medicale-dupa-verificarile-cerute-de-primaria-sectorului-2\/#primaryimage"},"image":{"@id":"https:\/\/buletin.de\/bucuresti\/amenzi-de-128-000-de-lei-pentru-nereguli-privind-acordarea-concediilor-medicale-dupa-verificarile-cerute-de-primaria-sectorului-2\/#primaryimage"},"thumbnailUrl":"https:\/\/buletin.de\/bucuresti\/wp-content\/uploads\/2026\/03\/36893-e1773342616923.jpg","datePublished":"2026-03-13T02:14:00+00:00","description":"S-au acordat amenzi \u00een valoare de 128.000 de lei pentru nereguli privind acordarea concediilor medicale, la solicitarea Prim\u0103riei Sector 2","breadcrumb":{"@id":"https:\/\/buletin.de\/bucuresti\/amenzi-de-128-000-de-lei-pentru-nereguli-privind-acordarea-concediilor-medicale-dupa-verificarile-cerute-de-primaria-sectorului-2\/#breadcrumb"},"inLanguage":"en-GB","potentialAction":[{"@type":"ReadAction","target":["https:\/\/buletin.de\/bucuresti\/amenzi-de-128-000-de-lei-pentru-nereguli-privind-acordarea-concediilor-medicale-dupa-verificarile-cerute-de-primaria-sectorului-2\/"]}]},{"@type":"ImageObject","inLanguage":"en-GB","@id":"https:\/\/buletin.de\/bucuresti\/amenzi-de-128-000-de-lei-pentru-nereguli-privind-acordarea-concediilor-medicale-dupa-verificarile-cerute-de-primaria-sectorului-2\/#primaryimage","url":"https:\/\/buletin.de\/bucuresti\/wp-content\/uploads\/2026\/03\/36893-e1773342616923.jpg","contentUrl":"https:\/\/buletin.de\/bucuresti\/wp-content\/uploads\/2026\/03\/36893-e1773342616923.jpg","width":2000,"height":1140,"caption":"Amenzi de 128.000 de lei pentru nereguli la eliberarea concediilor medicale. Foto: Freepik"},{"@type":"BreadcrumbList","@id":"https:\/\/buletin.de\/bucuresti\/amenzi-de-128-000-de-lei-pentru-nereguli-privind-acordarea-concediilor-medicale-dupa-verificarile-cerute-de-primaria-sectorului-2\/#breadcrumb","itemListElement":[{"@type":"ListItem","position":1,"name":"Acas\u0103","item":"https:\/\/buletin.de\/bucuresti\/"},{"@type":"ListItem","position":2,"name":"Amenzi de 128.000 de lei pentru nereguli privind acordarea concediilor medicale, dup\u0103 verific\u0103rile cerute de Prim\u0103ria Sectorului 2"}]},{"@type":"WebSite","@id":"https:\/\/buletin.de\/bucuresti\/#website","url":"https:\/\/buletin.de\/bucuresti\/","name":"Buletin de Bucure\u0219ti","description":"\u0218tiri \u0219i investiga\u021bii esen\u021biale din capital\u0103","publisher":{"@id":"https:\/\/buletin.de\/bucuresti\/#organization"},"potentialAction":[{"@type":"SearchAction","target":{"@type":"EntryPoint","urlTemplate":"https:\/\/buletin.de\/bucuresti\/?s={search_term_string}"},"query-input":{"@type":"PropertyValueSpecification","valueRequired":true,"valueName":"search_term_string"}}],"inLanguage":"en-GB"},{"@type":"Organization","@id":"https:\/\/buletin.de\/bucuresti\/#organization","name":"Buletin de Bucure\u0219ti","url":"https:\/\/buletin.de\/bucuresti\/","logo":{"@type":"ImageObject","inLanguage":"en-GB","@id":"https:\/\/buletin.de\/bucuresti\/#\/schema\/logo\/image\/","url":"https:\/\/buletin.de\/bucuresti\/wp-content\/uploads\/logo-bdb-full-wide-vernil-transparent.png","contentUrl":"https:\/\/buletin.de\/bucuresti\/wp-content\/uploads\/logo-bdb-full-wide-vernil-transparent.png","width":1782,"height":626,"caption":"Buletin de Bucure\u0219ti"},"image":{"@id":"https:\/\/buletin.de\/bucuresti\/#\/schema\/logo\/image\/"},"sameAs":["https:\/\/www.facebook.com\/buletin.de.buc","https:\/\/www.instagram.com\/buletinde.bucuresti\/"]},{"@type":"Person","@id":"https:\/\/buletin.de\/bucuresti\/#\/schema\/person\/81421a46fb84a0887cfd2238f5202586","name":"Andreea St\u0103n\u0103r\u00eeng\u0103","image":{"@type":"ImageObject","inLanguage":"en-GB","@id":"https:\/\/secure.gravatar.com\/avatar\/dfa8d227a4388fad0f0bb03add04b5b176f4da34397dbb2eadc563b3d7162ce0?s=96&d=monsterid&r=g72784372b39ffe5a98a45288fe0d0e8a","url":"https:\/\/secure.gravatar.com\/avatar\/dfa8d227a4388fad0f0bb03add04b5b176f4da34397dbb2eadc563b3d7162ce0?s=96&d=monsterid&r=g","contentUrl":"https:\/\/secure.gravatar.com\/avatar\/dfa8d227a4388fad0f0bb03add04b5b176f4da34397dbb2eadc563b3d7162ce0?s=96&d=monsterid&r=g","caption":"Andreea St\u0103n\u0103r\u00eeng\u0103"},"description":"Cu o experien\u021b\u0103 de peste 5 ani \u00een pres\u0103, face parte din echipa Buletin de Bucure\u0219ti din septembrie 2025. A colaborat cu c\u00e2teva publica\u021bii, printre care \u0219i Fanatik.ro, unde s-a ocupat de \u0219tiri de lifestyle \u0219i de actualitate. A f\u0103cut un pas c\u0103tre presa local\u0103 pentru a explora Bucure\u0219tiul \u0219i pove\u0219tile care merit\u0103 spuse.","url":"https:\/\/buletin.de\/bucuresti\/author\/andreea-stanaranga\/"}]}},"authors":[{"term_id":23912,"user_id":65,"is_guest":0,"slug":"andreea-stanaranga","display_name":"Andreea St\u0103n\u0103r\u00eeng\u0103","avatar_url":"https:\/\/secure.gravatar.com\/avatar\/dfa8d227a4388fad0f0bb03add04b5b176f4da34397dbb2eadc563b3d7162ce0?s=96&d=monsterid&r=g","0":null,"1":"","2":"","3":"","4":"","5":"","6":"","7":"","8":""}],"_links":{"self":[{"href":"https:\/\/buletin.de\/bucuresti\/wp-json\/wp\/v2\/posts\/180153","targetHints":{"allow":["GET"]}}],"collection":[{"href":"https:\/\/buletin.de\/bucuresti\/wp-json\/wp\/v2\/posts"}],"about":[{"href":"https:\/\/buletin.de\/bucuresti\/wp-json\/wp\/v2\/types\/post"}],"author":[{"embeddable":true,"href":"https:\/\/buletin.de\/bucuresti\/wp-json\/wp\/v2\/users\/65"}],"replies":[{"embeddable":true,"href":"https:\/\/buletin.de\/bucuresti\/wp-json\/wp\/v2\/comments?post=180153"}],"version-history":[{"count":11,"href":"https:\/\/buletin.de\/bucuresti\/wp-json\/wp\/v2\/posts\/180153\/revisions"}],"predecessor-version":[{"id":180212,"href":"https:\/\/buletin.de\/bucuresti\/wp-json\/wp\/v2\/posts\/180153\/revisions\/180212"}],"wp:featuredmedia":[{"embeddable":true,"href":"https:\/\/buletin.de\/bucuresti\/wp-json\/wp\/v2\/media\/180168"}],"wp:attachment":[{"href":"https:\/\/buletin.de\/bucuresti\/wp-json\/wp\/v2\/media?parent=180153"}],"wp:term":[{"taxonomy":"category","embeddable":true,"href":"https:\/\/buletin.de\/bucuresti\/wp-json\/wp\/v2\/categories?post=180153"},{"taxonomy":"post_tag","embeddable":true,"href":"https:\/\/buletin.de\/bucuresti\/wp-json\/wp\/v2\/tags?post=180153"},{"taxonomy":"author","embeddable":true,"href":"https:\/\/buletin.de\/bucuresti\/wp-json\/wp\/v2\/ppma_author?post=180153"}],"curies":[{"name":"wp","href":"https:\/\/api.w.org\/{rel}","templated":true}]}}