{"id":180148,"date":"2026-03-13T06:15:00","date_gmt":"2026-03-13T03:15:00","guid":{"rendered":"https:\/\/buletin.de\/bucuresti\/?p=180148"},"modified":"2026-03-13T10:11:12","modified_gmt":"2026-03-13T07:11:12","slug":"banca-locala-de-alimente-din-sectorul-6-se-extinde-in-cladirea-in-care-a-functionat-baia-giulesti","status":"publish","type":"post","link":"https:\/\/buletin.de\/bucuresti\/banca-locala-de-alimente-din-sectorul-6-se-extinde-in-cladirea-in-care-a-functionat-baia-giulesti\/","title":{"rendered":"Banca Local\u0103 de Alimente din Sectorul 6 se extinde \u00een cl\u0103direa \u00een care a func\u021bionat Baia Giule\u0219ti"},"content":{"rendered":"\n<p><strong>Mai mul\u021bi elevi din Sectorul 6 vor beneficia de mas\u0103 cald\u0103, \u00een cadrul\u00a0programului \u201e\u0218coal\u0103 dup\u0103 \u0218coal\u0103\u201d<\/strong>.<strong> Banca Local\u0103 de Alimente se extinde \u00een fosta Baie Giule\u0219ti.<\/strong><\/p>\n\n\n\n<p><strong>Banca Local\u0103 de Alimente Sector 6<\/strong> \u00ee\u0219i extinde activitatea pentru ca elevii din unit\u0103\u021bile de \u00eenv\u0103\u021b\u0103m\u00e2nt din Sectorul 6, \u00eenscri\u0219i \u00een programul \u201e\u0218coal\u0103 dup\u0103 \u0218coal\u0103\u201d, s\u0103 beneficieze de hran\u0103 preparat\u0103 \u0219i livrat\u0103 \u00een condi\u021bii de siguran\u021b\u0103 alimentar\u0103.<\/p>\n\n\n\n<p>Fosta Baie Giule\u0219ti este, acum \u00een ruin\u0103.<\/p>\n\n\n\n<figure class=\"wp-block-gallery has-nested-images columns-default is-cropped wp-block-gallery-1 is-layout-flex wp-block-gallery-is-layout-flex\">\n<figure class=\"wp-block-image size-large\"><img fetchpriority=\"high\" decoding=\"async\" width=\"750\" height=\"1000\" data-id=\"180158\" src=\"data:image\/gif;base64,R0lGODlhAQABAAAAACH5BAEKAAEALAAAAAABAAEAAAICTAEAOw==\" data-src=\"https:\/\/buletin.de\/bucuresti\/wp-content\/uploads\/2026\/03\/649496149_1358760366292204_6374290987430443736_n-750x1000.jpg\" alt=\"\" class=\"wp-image-180158 lazyload\" data-sizes=\"auto\" data-srcset=\"https:\/\/buletin.de\/bucuresti\/wp-content\/uploads\/2026\/03\/649496149_1358760366292204_6374290987430443736_n-750x1000.jpg 750w, https:\/\/buletin.de\/bucuresti\/wp-content\/uploads\/2026\/03\/649496149_1358760366292204_6374290987430443736_n-225x300.jpg 225w, https:\/\/buletin.de\/bucuresti\/wp-content\/uploads\/2026\/03\/649496149_1358760366292204_6374290987430443736_n-768x1024.jpg 768w, https:\/\/buletin.de\/bucuresti\/wp-content\/uploads\/2026\/03\/649496149_1358760366292204_6374290987430443736_n-1152x1536.jpg 1152w, https:\/\/buletin.de\/bucuresti\/wp-content\/uploads\/2026\/03\/649496149_1358760366292204_6374290987430443736_n-1100x1467.jpg 1100w, https:\/\/buletin.de\/bucuresti\/wp-content\/uploads\/2026\/03\/649496149_1358760366292204_6374290987430443736_n-600x800.jpg 600w, https:\/\/buletin.de\/bucuresti\/wp-content\/uploads\/2026\/03\/649496149_1358760366292204_6374290987430443736_n-20x27.jpg 20w, https:\/\/buletin.de\/bucuresti\/wp-content\/uploads\/2026\/03\/649496149_1358760366292204_6374290987430443736_n.jpg 1200w\" sizes=\"(max-width: 750px) 100vw, 750px\" \/><\/figure>\n\n\n\n<figure class=\"wp-block-image size-large\"><img decoding=\"async\" width=\"750\" height=\"1000\" data-id=\"180159\" src=\"data:image\/gif;base64,R0lGODlhAQABAAAAACH5BAEKAAEALAAAAAABAAEAAAICTAEAOw==\" data-src=\"https:\/\/buletin.de\/bucuresti\/wp-content\/uploads\/2026\/03\/649820150_1358760369625537_4250743616994484370_n-750x1000.jpg\" alt=\"\" class=\"wp-image-180159 lazyload\" data-sizes=\"auto\" data-srcset=\"https:\/\/buletin.de\/bucuresti\/wp-content\/uploads\/2026\/03\/649820150_1358760369625537_4250743616994484370_n-750x1000.jpg 750w, https:\/\/buletin.de\/bucuresti\/wp-content\/uploads\/2026\/03\/649820150_1358760369625537_4250743616994484370_n-225x300.jpg 225w, https:\/\/buletin.de\/bucuresti\/wp-content\/uploads\/2026\/03\/649820150_1358760369625537_4250743616994484370_n-768x1024.jpg 768w, https:\/\/buletin.de\/bucuresti\/wp-content\/uploads\/2026\/03\/649820150_1358760369625537_4250743616994484370_n-1152x1536.jpg 1152w, https:\/\/buletin.de\/bucuresti\/wp-content\/uploads\/2026\/03\/649820150_1358760369625537_4250743616994484370_n-1100x1467.jpg 1100w, https:\/\/buletin.de\/bucuresti\/wp-content\/uploads\/2026\/03\/649820150_1358760369625537_4250743616994484370_n-600x800.jpg 600w, https:\/\/buletin.de\/bucuresti\/wp-content\/uploads\/2026\/03\/649820150_1358760369625537_4250743616994484370_n-20x27.jpg 20w, https:\/\/buletin.de\/bucuresti\/wp-content\/uploads\/2026\/03\/649820150_1358760369625537_4250743616994484370_n.jpg 1200w\" sizes=\"(max-width: 750px) 100vw, 750px\" \/><\/figure>\n<figcaption class=\"blocks-gallery-caption wp-element-caption\">FOTO: PS6<\/figcaption><\/figure>\n\n\n\n<p>P\u00e2n\u0103 acum,\u00a0<strong>Banca Local\u0103 de Alimente Sector 6<\/strong>\u00a0a g\u0103tit, preg\u0103tit \u0219i transportat, \u00een condi\u021bii de siguran\u021b\u0103 alimentar\u0103,\u00a0<strong>peste 250.000 de por\u021bii de m\u00e2ncare cald\u0103<\/strong>\u00a0pentru\u00a0<strong>copiii din Sectorul 6<\/strong>. <\/p>\n\n\n\n<p><strong>CITE\u0218TE \u0218I: <\/strong><a href=\"https:\/\/buletin.de\/bucuresti\/sector-6-se-reia-amenajarea-malului-sudic-al-lacului-morii\/\"><strong>Sector 6 | Se reia amenajarea malului sudic al Lacului Morii<\/strong><\/a><\/p>\n\n\n\n<h2 class=\"wp-block-heading\" id=\"h-cine-beneficiaza-de-banca-locala-de-alimente\">Cine beneficiaz\u0103 de Banca Local\u0103 de Alimente<\/h2>\n\n\n\n<p>Activitatea se desf\u0103\u0219oar\u0103 \u00een trei direc\u021bii.<\/p>\n\n\n\n<h3 class=\"wp-block-heading\">1. Copiii inclu\u0219i \u00een programul \u201e\u0218coal\u0103 dup\u0103 \u0218coal\u0103\u201d<\/h3>\n\n\n\n<p>\u00cencep\u00e2nd cu februarie 2025, ofer\u0103 zilnic mese calde \u0219i gust\u0103ri s\u0103n\u0103toase pentru peste 1.750 de elevi din \u0219ase \u0219coli din Sector 6, \u00een cadrul programului \u201e\u0218coal\u0103 dup\u0103 \u0218coal\u0103\u201d.<\/p>\n\n\n\n<h3 class=\"wp-block-heading\">2. Beneficiarii Cantinei Sociale<\/h3>\n\n\n\n<p>La Cantina Social\u0103 din Sector 6,<a href=\"https:\/\/www.foodbank6.ro\/\"> <\/a>se asigur\u0103 zilnic peste 600 de por\u021bii de hran\u0103 g\u0103tit\u0103, preg\u0103tit\u0103 \u0219i livrat\u0103 pentru persoanele aflate \u00een situa\u021bii vulnerabile:<\/p>\n\n\n\n<ul class=\"wp-block-list\">\n<li>v\u00e2rstnici singuri sau cu mobilitate redus\u0103;<\/li>\n\n\n\n<li>persoane cu dizabilit\u0103\u021bi sau afec\u021biuni medicale cronice;<\/li>\n\n\n\n<li>familii cu venituri reduse;<\/li>\n\n\n\n<li>persoane aflate temporar \u00een dificultate.<\/li>\n<\/ul>\n\n\n\n<h3 class=\"wp-block-heading\" id=\"h-3-persoane-sprijinite-in-centrele-sociale\">3. Persoane sprijinite \u00een centrele sociale<\/h3>\n\n\n\n<p>Institu\u021bia ajut\u0103 \u0219i persoanelor aflate \u00een grija centrelor sociale din Sector 6 \u2013 copii \u0219i v\u00e2rstnici din centrele de zi sau reziden\u021biale ale DGASPC \u2013 precum \u0219i beneficiarilor organiza\u021biilor neguvernamentale cu care colaboreaz\u0103.<\/p>\n\n\n\n<p>Alimentele distribuite sunt sub form\u0103 de mese g\u0103tite sau pachete alimentare.<\/p>\n\n\n\n<p><strong>CITE\u0218TE \u0218I:<\/strong> <a href=\"https:\/\/buletin.de\/bucuresti\/lucrari-pe-alte-patru-loturi-de-linie-de-tramvai-din-capitala-constructorii-asteapta-ordinele-de-incepere-club-feroviar\/\"><strong>Lucr\u0103ri pe alte patru loturi de linie de tramvai din Capital\u0103. Constructorii a\u0219teapt\u0103 ordinele de \u00eencepere | Club feroviar<\/strong><\/a><\/p>\n\n\n\n<p><\/p>\n","protected":false},"excerpt":{"rendered":"<p>Mai mul\u021bi elevi din Sectorul 6 vor beneficia de mas\u0103 cald\u0103, \u00een cadrul\u00a0programului \u201e\u0218coal\u0103 dup\u0103 \u0218coal\u0103\u201d. Banca Local\u0103 de Alimente se extinde \u00een fosta Baie Giule\u0219ti. Banca Local\u0103 de Alimente Sector 6 \u00ee\u0219i extinde activitatea pentru ca elevii din unit\u0103\u021bile de \u00eenv\u0103\u021b\u0103m\u00e2nt din Sectorul 6, \u00eenscri\u0219i \u00een programul \u201e\u0218coal\u0103 dup\u0103 \u0218coal\u0103\u201d, s\u0103 beneficieze de hran\u0103 [&hellip;]<\/p>\n","protected":false},"author":49,"featured_media":180162,"comment_status":"closed","ping_status":"open","sticky":false,"template":"","format":"standard","meta":{"_acf_changed":false,"inline_featured_image":false,"ngg_post_thumbnail":0,"footnotes":""},"categories":[6994,24,62],"tags":[27038,13832,3659,3427,523],"ppma_author":[22574],"class_list":["post-180148","post","type-post","status-publish","format-standard","has-post-thumbnail","hentry","category-stiri-2","category-primarie","category-stiri","tag-baia-giulesti","tag-banca-de-alimente","tag-ps6","tag-scoala-dupa-scoala","tag-sector-6"],"acf":[],"yoast_head":"<!-- This site is optimized with the Yoast SEO Premium plugin v25.3 (Yoast SEO v27.4) - https:\/\/yoast.com\/product\/yoast-seo-premium-wordpress\/ -->\n<title>Banca Local\u0103 de Alimente din Sectorul 6 se extinde \u00een cl\u0103direa \u00een care a func\u021bionat Baia Giule\u0219ti - Buletin de Bucure\u0219ti<\/title>\n<meta name=\"description\" content=\"Mai mul\u021bi elevi din Sectorul 6 vor beneficia de mas\u0103 cald\u0103. Banca Local\u0103 de Alimente se extinde \u00een fosta Baie Giule\u0219ti.\" \/>\n<meta name=\"robots\" content=\"index, follow, max-snippet:-1, max-image-preview:large, max-video-preview:-1\" \/>\n<link rel=\"canonical\" href=\"https:\/\/buletin.de\/bucuresti\/banca-locala-de-alimente-din-sectorul-6-se-extinde-in-cladirea-in-care-a-functionat-baia-giulesti\/\" \/>\n<meta property=\"og:locale\" content=\"en_GB\" \/>\n<meta property=\"og:type\" content=\"article\" \/>\n<meta property=\"og:title\" content=\"Banca Local\u0103 de Alimente din Sectorul 6 se extinde \u00een cl\u0103direa \u00een care a func\u021bionat Baia Giule\u0219ti\" \/>\n<meta property=\"og:description\" content=\"Mai mul\u021bi elevi din Sectorul 6 vor beneficia de mas\u0103 cald\u0103. Banca Local\u0103 de Alimente se extinde \u00een fosta Baie Giule\u0219ti.\" \/>\n<meta property=\"og:url\" content=\"https:\/\/buletin.de\/bucuresti\/banca-locala-de-alimente-din-sectorul-6-se-extinde-in-cladirea-in-care-a-functionat-baia-giulesti\/\" \/>\n<meta property=\"og:site_name\" content=\"Buletin de Bucure\u0219ti\" \/>\n<meta property=\"article:publisher\" content=\"https:\/\/www.facebook.com\/buletin.de.buc\" \/>\n<meta property=\"article:published_time\" content=\"2026-03-13T03:15:00+00:00\" \/>\n<meta property=\"article:modified_time\" content=\"2026-03-13T07:11:12+00:00\" \/>\n<meta property=\"og:image\" content=\"https:\/\/buletin.de\/bucuresti\/wp-content\/uploads\/2026\/03\/649143116_1354805113344089_6796686978390973174_n.jpg\" \/>\n\t<meta property=\"og:image:width\" content=\"1920\" \/>\n\t<meta property=\"og:image:height\" content=\"1603\" \/>\n\t<meta property=\"og:image:type\" content=\"image\/jpeg\" \/>\n<meta name=\"author\" content=\"Diana Matei\" \/>\n<meta name=\"twitter:card\" content=\"summary_large_image\" \/>\n<meta name=\"twitter:label1\" content=\"Written by\" \/>\n\t<meta name=\"twitter:data1\" content=\"Diana Matei\" \/>\n\t<meta name=\"twitter:label2\" content=\"Estimated reading time\" \/>\n\t<meta name=\"twitter:data2\" content=\"2 minutes\" \/>\n<script type=\"application\/ld+json\" class=\"yoast-schema-graph\">{\"@context\":\"https:\\\/\\\/schema.org\",\"@graph\":[{\"@type\":\"Article\",\"@id\":\"https:\\\/\\\/buletin.de\\\/bucuresti\\\/banca-locala-de-alimente-din-sectorul-6-se-extinde-in-cladirea-in-care-a-functionat-baia-giulesti\\\/#article\",\"isPartOf\":{\"@id\":\"https:\\\/\\\/buletin.de\\\/bucuresti\\\/banca-locala-de-alimente-din-sectorul-6-se-extinde-in-cladirea-in-care-a-functionat-baia-giulesti\\\/\"},\"author\":{\"name\":\"Diana Matei\",\"@id\":\"https:\\\/\\\/buletin.de\\\/bucuresti\\\/#\\\/schema\\\/person\\\/7e46040573290777280a0835d81ea4ea\"},\"headline\":\"Banca Local\u0103 de Alimente din Sectorul 6 se extinde \u00een cl\u0103direa \u00een care a func\u021bionat Baia Giule\u0219ti\",\"datePublished\":\"2026-03-13T03:15:00+00:00\",\"dateModified\":\"2026-03-13T07:11:12+00:00\",\"mainEntityOfPage\":{\"@id\":\"https:\\\/\\\/buletin.de\\\/bucuresti\\\/banca-locala-de-alimente-din-sectorul-6-se-extinde-in-cladirea-in-care-a-functionat-baia-giulesti\\\/\"},\"wordCount\":323,\"publisher\":{\"@id\":\"https:\\\/\\\/buletin.de\\\/bucuresti\\\/#organization\"},\"image\":{\"@id\":\"https:\\\/\\\/buletin.de\\\/bucuresti\\\/banca-locala-de-alimente-din-sectorul-6-se-extinde-in-cladirea-in-care-a-functionat-baia-giulesti\\\/#primaryimage\"},\"thumbnailUrl\":\"https:\\\/\\\/buletin.de\\\/bucuresti\\\/wp-content\\\/uploads\\\/2026\\\/03\\\/649143116_1354805113344089_6796686978390973174_n.jpg\",\"keywords\":[\"Baia Giulesti\",\"banca de alimente\",\"PS6\",\"scoala dupa scoala\",\"Sector 6\"],\"articleSection\":[\"Articole\",\"Prim\u0103rie\",\"\u0218tiri\"],\"inLanguage\":\"en-GB\",\"copyrightYear\":\"2026\",\"copyrightHolder\":{\"@id\":\"https:\\\/\\\/buletin.de\\\/bucuresti\\\/#organization\"}},{\"@type\":\"WebPage\",\"@id\":\"https:\\\/\\\/buletin.de\\\/bucuresti\\\/banca-locala-de-alimente-din-sectorul-6-se-extinde-in-cladirea-in-care-a-functionat-baia-giulesti\\\/\",\"url\":\"https:\\\/\\\/buletin.de\\\/bucuresti\\\/banca-locala-de-alimente-din-sectorul-6-se-extinde-in-cladirea-in-care-a-functionat-baia-giulesti\\\/\",\"name\":\"Banca Local\u0103 de Alimente din Sectorul 6 se extinde \u00een cl\u0103direa \u00een care a func\u021bionat Baia Giule\u0219ti - Buletin de Bucure\u0219ti\",\"isPartOf\":{\"@id\":\"https:\\\/\\\/buletin.de\\\/bucuresti\\\/#website\"},\"primaryImageOfPage\":{\"@id\":\"https:\\\/\\\/buletin.de\\\/bucuresti\\\/banca-locala-de-alimente-din-sectorul-6-se-extinde-in-cladirea-in-care-a-functionat-baia-giulesti\\\/#primaryimage\"},\"image\":{\"@id\":\"https:\\\/\\\/buletin.de\\\/bucuresti\\\/banca-locala-de-alimente-din-sectorul-6-se-extinde-in-cladirea-in-care-a-functionat-baia-giulesti\\\/#primaryimage\"},\"thumbnailUrl\":\"https:\\\/\\\/buletin.de\\\/bucuresti\\\/wp-content\\\/uploads\\\/2026\\\/03\\\/649143116_1354805113344089_6796686978390973174_n.jpg\",\"datePublished\":\"2026-03-13T03:15:00+00:00\",\"dateModified\":\"2026-03-13T07:11:12+00:00\",\"description\":\"Mai mul\u021bi elevi din Sectorul 6 vor beneficia de mas\u0103 cald\u0103. Banca Local\u0103 de Alimente se extinde \u00een fosta Baie Giule\u0219ti.\",\"breadcrumb\":{\"@id\":\"https:\\\/\\\/buletin.de\\\/bucuresti\\\/banca-locala-de-alimente-din-sectorul-6-se-extinde-in-cladirea-in-care-a-functionat-baia-giulesti\\\/#breadcrumb\"},\"inLanguage\":\"en-GB\",\"potentialAction\":[{\"@type\":\"ReadAction\",\"target\":[\"https:\\\/\\\/buletin.de\\\/bucuresti\\\/banca-locala-de-alimente-din-sectorul-6-se-extinde-in-cladirea-in-care-a-functionat-baia-giulesti\\\/\"]}]},{\"@type\":\"ImageObject\",\"inLanguage\":\"en-GB\",\"@id\":\"https:\\\/\\\/buletin.de\\\/bucuresti\\\/banca-locala-de-alimente-din-sectorul-6-se-extinde-in-cladirea-in-care-a-functionat-baia-giulesti\\\/#primaryimage\",\"url\":\"https:\\\/\\\/buletin.de\\\/bucuresti\\\/wp-content\\\/uploads\\\/2026\\\/03\\\/649143116_1354805113344089_6796686978390973174_n.jpg\",\"contentUrl\":\"https:\\\/\\\/buletin.de\\\/bucuresti\\\/wp-content\\\/uploads\\\/2026\\\/03\\\/649143116_1354805113344089_6796686978390973174_n.jpg\",\"width\":1920,\"height\":1603,\"caption\":\"Banca Local\u0103 de Alimente din Sectorul 6 se extinde \u00een cl\u0103direa \u00een care a func\u021bionat Baia Giule\u0219ti. FOTO: PS6\"},{\"@type\":\"BreadcrumbList\",\"@id\":\"https:\\\/\\\/buletin.de\\\/bucuresti\\\/banca-locala-de-alimente-din-sectorul-6-se-extinde-in-cladirea-in-care-a-functionat-baia-giulesti\\\/#breadcrumb\",\"itemListElement\":[{\"@type\":\"ListItem\",\"position\":1,\"name\":\"Acas\u0103\",\"item\":\"https:\\\/\\\/buletin.de\\\/bucuresti\\\/\"},{\"@type\":\"ListItem\",\"position\":2,\"name\":\"Banca Local\u0103 de Alimente din Sectorul 6 se extinde \u00een cl\u0103direa \u00een care a func\u021bionat Baia Giule\u0219ti\"}]},{\"@type\":\"WebSite\",\"@id\":\"https:\\\/\\\/buletin.de\\\/bucuresti\\\/#website\",\"url\":\"https:\\\/\\\/buletin.de\\\/bucuresti\\\/\",\"name\":\"Buletin de Bucure\u0219ti\",\"description\":\"\u0218tiri \u0219i investiga\u021bii esen\u021biale din capital\u0103\",\"publisher\":{\"@id\":\"https:\\\/\\\/buletin.de\\\/bucuresti\\\/#organization\"},\"potentialAction\":[{\"@type\":\"SearchAction\",\"target\":{\"@type\":\"EntryPoint\",\"urlTemplate\":\"https:\\\/\\\/buletin.de\\\/bucuresti\\\/?s={search_term_string}\"},\"query-input\":{\"@type\":\"PropertyValueSpecification\",\"valueRequired\":true,\"valueName\":\"search_term_string\"}}],\"inLanguage\":\"en-GB\"},{\"@type\":\"Organization\",\"@id\":\"https:\\\/\\\/buletin.de\\\/bucuresti\\\/#organization\",\"name\":\"Buletin de Bucure\u0219ti\",\"url\":\"https:\\\/\\\/buletin.de\\\/bucuresti\\\/\",\"logo\":{\"@type\":\"ImageObject\",\"inLanguage\":\"en-GB\",\"@id\":\"https:\\\/\\\/buletin.de\\\/bucuresti\\\/#\\\/schema\\\/logo\\\/image\\\/\",\"url\":\"https:\\\/\\\/buletin.de\\\/bucuresti\\\/wp-content\\\/uploads\\\/logo-bdb-full-wide-vernil-transparent.png\",\"contentUrl\":\"https:\\\/\\\/buletin.de\\\/bucuresti\\\/wp-content\\\/uploads\\\/logo-bdb-full-wide-vernil-transparent.png\",\"width\":1782,\"height\":626,\"caption\":\"Buletin de Bucure\u0219ti\"},\"image\":{\"@id\":\"https:\\\/\\\/buletin.de\\\/bucuresti\\\/#\\\/schema\\\/logo\\\/image\\\/\"},\"sameAs\":[\"https:\\\/\\\/www.facebook.com\\\/buletin.de.buc\",\"https:\\\/\\\/www.instagram.com\\\/buletinde.bucuresti\\\/\"]},{\"@type\":\"Person\",\"@id\":\"https:\\\/\\\/buletin.de\\\/bucuresti\\\/#\\\/schema\\\/person\\\/7e46040573290777280a0835d81ea4ea\",\"name\":\"Diana Matei\",\"image\":{\"@type\":\"ImageObject\",\"inLanguage\":\"en-GB\",\"@id\":\"https:\\\/\\\/buletin.de\\\/bucuresti\\\/wp-content\\\/uploads\\\/9-2-96x96.jpg1e8590b30871d70e62ebcdaf2eff570c\",\"url\":\"https:\\\/\\\/buletin.de\\\/bucuresti\\\/wp-content\\\/uploads\\\/9-2-96x96.jpg\",\"contentUrl\":\"https:\\\/\\\/buletin.de\\\/bucuresti\\\/wp-content\\\/uploads\\\/9-2-96x96.jpg\",\"caption\":\"Diana Matei\"},\"url\":\"https:\\\/\\\/buletin.de\\\/bucuresti\\\/author\\\/dianamatei\\\/\"}]}<\/script>\n<!-- \/ Yoast SEO Premium plugin. -->","yoast_head_json":{"title":"Banca Local\u0103 de Alimente din Sectorul 6 se extinde \u00een cl\u0103direa \u00een care a func\u021bionat Baia Giule\u0219ti - Buletin de Bucure\u0219ti","description":"Mai mul\u021bi elevi din Sectorul 6 vor beneficia de mas\u0103 cald\u0103. Banca Local\u0103 de Alimente se extinde \u00een fosta Baie Giule\u0219ti.","robots":{"index":"index","follow":"follow","max-snippet":"max-snippet:-1","max-image-preview":"max-image-preview:large","max-video-preview":"max-video-preview:-1"},"canonical":"https:\/\/buletin.de\/bucuresti\/banca-locala-de-alimente-din-sectorul-6-se-extinde-in-cladirea-in-care-a-functionat-baia-giulesti\/","og_locale":"en_GB","og_type":"article","og_title":"Banca Local\u0103 de Alimente din Sectorul 6 se extinde \u00een cl\u0103direa \u00een care a func\u021bionat Baia Giule\u0219ti","og_description":"Mai mul\u021bi elevi din Sectorul 6 vor beneficia de mas\u0103 cald\u0103. Banca Local\u0103 de Alimente se extinde \u00een fosta Baie Giule\u0219ti.","og_url":"https:\/\/buletin.de\/bucuresti\/banca-locala-de-alimente-din-sectorul-6-se-extinde-in-cladirea-in-care-a-functionat-baia-giulesti\/","og_site_name":"Buletin de Bucure\u0219ti","article_publisher":"https:\/\/www.facebook.com\/buletin.de.buc","article_published_time":"2026-03-13T03:15:00+00:00","article_modified_time":"2026-03-13T07:11:12+00:00","og_image":[{"width":1920,"height":1603,"url":"https:\/\/buletin.de\/bucuresti\/wp-content\/uploads\/2026\/03\/649143116_1354805113344089_6796686978390973174_n.jpg","type":"image\/jpeg"}],"author":"Diana Matei","twitter_card":"summary_large_image","twitter_misc":{"Written by":"Diana Matei","Estimated reading time":"2 minutes"},"schema":{"@context":"https:\/\/schema.org","@graph":[{"@type":"Article","@id":"https:\/\/buletin.de\/bucuresti\/banca-locala-de-alimente-din-sectorul-6-se-extinde-in-cladirea-in-care-a-functionat-baia-giulesti\/#article","isPartOf":{"@id":"https:\/\/buletin.de\/bucuresti\/banca-locala-de-alimente-din-sectorul-6-se-extinde-in-cladirea-in-care-a-functionat-baia-giulesti\/"},"author":{"name":"Diana Matei","@id":"https:\/\/buletin.de\/bucuresti\/#\/schema\/person\/7e46040573290777280a0835d81ea4ea"},"headline":"Banca Local\u0103 de Alimente din Sectorul 6 se extinde \u00een cl\u0103direa \u00een care a func\u021bionat Baia Giule\u0219ti","datePublished":"2026-03-13T03:15:00+00:00","dateModified":"2026-03-13T07:11:12+00:00","mainEntityOfPage":{"@id":"https:\/\/buletin.de\/bucuresti\/banca-locala-de-alimente-din-sectorul-6-se-extinde-in-cladirea-in-care-a-functionat-baia-giulesti\/"},"wordCount":323,"publisher":{"@id":"https:\/\/buletin.de\/bucuresti\/#organization"},"image":{"@id":"https:\/\/buletin.de\/bucuresti\/banca-locala-de-alimente-din-sectorul-6-se-extinde-in-cladirea-in-care-a-functionat-baia-giulesti\/#primaryimage"},"thumbnailUrl":"https:\/\/buletin.de\/bucuresti\/wp-content\/uploads\/2026\/03\/649143116_1354805113344089_6796686978390973174_n.jpg","keywords":["Baia Giulesti","banca de alimente","PS6","scoala dupa scoala","Sector 6"],"articleSection":["Articole","Prim\u0103rie","\u0218tiri"],"inLanguage":"en-GB","copyrightYear":"2026","copyrightHolder":{"@id":"https:\/\/buletin.de\/bucuresti\/#organization"}},{"@type":"WebPage","@id":"https:\/\/buletin.de\/bucuresti\/banca-locala-de-alimente-din-sectorul-6-se-extinde-in-cladirea-in-care-a-functionat-baia-giulesti\/","url":"https:\/\/buletin.de\/bucuresti\/banca-locala-de-alimente-din-sectorul-6-se-extinde-in-cladirea-in-care-a-functionat-baia-giulesti\/","name":"Banca Local\u0103 de Alimente din Sectorul 6 se extinde \u00een cl\u0103direa \u00een care a func\u021bionat Baia Giule\u0219ti - Buletin de Bucure\u0219ti","isPartOf":{"@id":"https:\/\/buletin.de\/bucuresti\/#website"},"primaryImageOfPage":{"@id":"https:\/\/buletin.de\/bucuresti\/banca-locala-de-alimente-din-sectorul-6-se-extinde-in-cladirea-in-care-a-functionat-baia-giulesti\/#primaryimage"},"image":{"@id":"https:\/\/buletin.de\/bucuresti\/banca-locala-de-alimente-din-sectorul-6-se-extinde-in-cladirea-in-care-a-functionat-baia-giulesti\/#primaryimage"},"thumbnailUrl":"https:\/\/buletin.de\/bucuresti\/wp-content\/uploads\/2026\/03\/649143116_1354805113344089_6796686978390973174_n.jpg","datePublished":"2026-03-13T03:15:00+00:00","dateModified":"2026-03-13T07:11:12+00:00","description":"Mai mul\u021bi elevi din Sectorul 6 vor beneficia de mas\u0103 cald\u0103. Banca Local\u0103 de Alimente se extinde \u00een fosta Baie Giule\u0219ti.","breadcrumb":{"@id":"https:\/\/buletin.de\/bucuresti\/banca-locala-de-alimente-din-sectorul-6-se-extinde-in-cladirea-in-care-a-functionat-baia-giulesti\/#breadcrumb"},"inLanguage":"en-GB","potentialAction":[{"@type":"ReadAction","target":["https:\/\/buletin.de\/bucuresti\/banca-locala-de-alimente-din-sectorul-6-se-extinde-in-cladirea-in-care-a-functionat-baia-giulesti\/"]}]},{"@type":"ImageObject","inLanguage":"en-GB","@id":"https:\/\/buletin.de\/bucuresti\/banca-locala-de-alimente-din-sectorul-6-se-extinde-in-cladirea-in-care-a-functionat-baia-giulesti\/#primaryimage","url":"https:\/\/buletin.de\/bucuresti\/wp-content\/uploads\/2026\/03\/649143116_1354805113344089_6796686978390973174_n.jpg","contentUrl":"https:\/\/buletin.de\/bucuresti\/wp-content\/uploads\/2026\/03\/649143116_1354805113344089_6796686978390973174_n.jpg","width":1920,"height":1603,"caption":"Banca Local\u0103 de Alimente din Sectorul 6 se extinde \u00een cl\u0103direa \u00een care a func\u021bionat Baia Giule\u0219ti. FOTO: PS6"},{"@type":"BreadcrumbList","@id":"https:\/\/buletin.de\/bucuresti\/banca-locala-de-alimente-din-sectorul-6-se-extinde-in-cladirea-in-care-a-functionat-baia-giulesti\/#breadcrumb","itemListElement":[{"@type":"ListItem","position":1,"name":"Acas\u0103","item":"https:\/\/buletin.de\/bucuresti\/"},{"@type":"ListItem","position":2,"name":"Banca Local\u0103 de Alimente din Sectorul 6 se extinde \u00een cl\u0103direa \u00een care a func\u021bionat Baia Giule\u0219ti"}]},{"@type":"WebSite","@id":"https:\/\/buletin.de\/bucuresti\/#website","url":"https:\/\/buletin.de\/bucuresti\/","name":"Buletin de Bucure\u0219ti","description":"\u0218tiri \u0219i investiga\u021bii esen\u021biale din capital\u0103","publisher":{"@id":"https:\/\/buletin.de\/bucuresti\/#organization"},"potentialAction":[{"@type":"SearchAction","target":{"@type":"EntryPoint","urlTemplate":"https:\/\/buletin.de\/bucuresti\/?s={search_term_string}"},"query-input":{"@type":"PropertyValueSpecification","valueRequired":true,"valueName":"search_term_string"}}],"inLanguage":"en-GB"},{"@type":"Organization","@id":"https:\/\/buletin.de\/bucuresti\/#organization","name":"Buletin de Bucure\u0219ti","url":"https:\/\/buletin.de\/bucuresti\/","logo":{"@type":"ImageObject","inLanguage":"en-GB","@id":"https:\/\/buletin.de\/bucuresti\/#\/schema\/logo\/image\/","url":"https:\/\/buletin.de\/bucuresti\/wp-content\/uploads\/logo-bdb-full-wide-vernil-transparent.png","contentUrl":"https:\/\/buletin.de\/bucuresti\/wp-content\/uploads\/logo-bdb-full-wide-vernil-transparent.png","width":1782,"height":626,"caption":"Buletin de Bucure\u0219ti"},"image":{"@id":"https:\/\/buletin.de\/bucuresti\/#\/schema\/logo\/image\/"},"sameAs":["https:\/\/www.facebook.com\/buletin.de.buc","https:\/\/www.instagram.com\/buletinde.bucuresti\/"]},{"@type":"Person","@id":"https:\/\/buletin.de\/bucuresti\/#\/schema\/person\/7e46040573290777280a0835d81ea4ea","name":"Diana Matei","image":{"@type":"ImageObject","inLanguage":"en-GB","@id":"https:\/\/buletin.de\/bucuresti\/wp-content\/uploads\/9-2-96x96.jpg1e8590b30871d70e62ebcdaf2eff570c","url":"https:\/\/buletin.de\/bucuresti\/wp-content\/uploads\/9-2-96x96.jpg","contentUrl":"https:\/\/buletin.de\/bucuresti\/wp-content\/uploads\/9-2-96x96.jpg","caption":"Diana Matei"},"url":"https:\/\/buletin.de\/bucuresti\/author\/dianamatei\/"}]}},"authors":[{"term_id":22574,"user_id":49,"is_guest":0,"slug":"dianamatei","display_name":"Diana Matei","avatar_url":"https:\/\/buletin.de\/bucuresti\/wp-content\/uploads\/9-2-96x96.jpg","0":null,"1":"","2":"","3":"","4":"","5":"","6":"","7":"","8":""}],"_links":{"self":[{"href":"https:\/\/buletin.de\/bucuresti\/wp-json\/wp\/v2\/posts\/180148","targetHints":{"allow":["GET"]}}],"collection":[{"href":"https:\/\/buletin.de\/bucuresti\/wp-json\/wp\/v2\/posts"}],"about":[{"href":"https:\/\/buletin.de\/bucuresti\/wp-json\/wp\/v2\/types\/post"}],"author":[{"embeddable":true,"href":"https:\/\/buletin.de\/bucuresti\/wp-json\/wp\/v2\/users\/49"}],"replies":[{"embeddable":true,"href":"https:\/\/buletin.de\/bucuresti\/wp-json\/wp\/v2\/comments?post=180148"}],"version-history":[{"count":2,"href":"https:\/\/buletin.de\/bucuresti\/wp-json\/wp\/v2\/posts\/180148\/revisions"}],"predecessor-version":[{"id":180164,"href":"https:\/\/buletin.de\/bucuresti\/wp-json\/wp\/v2\/posts\/180148\/revisions\/180164"}],"wp:featuredmedia":[{"embeddable":true,"href":"https:\/\/buletin.de\/bucuresti\/wp-json\/wp\/v2\/media\/180162"}],"wp:attachment":[{"href":"https:\/\/buletin.de\/bucuresti\/wp-json\/wp\/v2\/media?parent=180148"}],"wp:term":[{"taxonomy":"category","embeddable":true,"href":"https:\/\/buletin.de\/bucuresti\/wp-json\/wp\/v2\/categories?post=180148"},{"taxonomy":"post_tag","embeddable":true,"href":"https:\/\/buletin.de\/bucuresti\/wp-json\/wp\/v2\/tags?post=180148"},{"taxonomy":"author","embeddable":true,"href":"https:\/\/buletin.de\/bucuresti\/wp-json\/wp\/v2\/ppma_author?post=180148"}],"curies":[{"name":"wp","href":"https:\/\/api.w.org\/{rel}","templated":true}]}}