{"id":180133,"date":"2026-03-13T06:00:00","date_gmt":"2026-03-13T03:00:00","guid":{"rendered":"https:\/\/buletin.de\/bucuresti\/?p=180133"},"modified":"2026-03-12T21:08:48","modified_gmt":"2026-03-12T18:08:48","slug":"salonul-felin-international-sofisticat-revine-la-bucuresti-saptamana-viitoare","status":"publish","type":"post","link":"https:\/\/buletin.de\/bucuresti\/salonul-felin-international-sofisticat-revine-la-bucuresti-saptamana-viitoare\/","title":{"rendered":"Salonul Felin Interna\u021bional SofistiCAT revine la Bucure\u0219ti, s\u0103pt\u0103m\u00e2na viitoare"},"content":{"rendered":"\n<p><strong>Salonul Felin Interna\u021bional SofistiCAT revine \u00een Capital\u0103 \u00een weekendul 21 &#8211; 22 martie, la Sala Palatului. Vizitatorii vor descoperi peste 250 de pisici din rase diferite, venite din \u00eentreaga lume. <\/strong><\/p>\n\n\n\n<p>Printre felinele prezente se num\u0103r\u0103 \u0219i ultimii trei campioni mondiali, la competi\u021biile interna\u021bionale care aua avut loc recent. <\/p>\n\n\n\n<h2 class=\"wp-block-heading\" id=\"h-salonul-felin-interna\u021bional-sofisticat-la-sala-palatului-in-weekendul-21-22-martie\">Salonul Felin Interna\u021bional SofistiCAT, la Sala Palatului \u00een weekendul 21 &#8211; 22 martie <\/h2>\n\n\n\n<p><strong>Evenimentul se va desf\u0103\u0219ura<mark style=\"background-color:rgba(0, 0, 0, 0)\" class=\"has-inline-color has-vivid-red-color\"> \u00eentre orele 10:00 \u0219i 17:00<\/mark> at\u00e2t s\u00e2mb\u0103t\u0103, c\u00e2t \u0219i duminic\u0103. <\/strong><\/p>\n\n\n\n<p>\u00cen cadrul evenimentului, vizitatorii vor putea urm\u0103ri juriz\u0103ri live \u0219i vot avea posibilitatea de a participa la tombole, cu premii inclusiv pentru animalele lor de companie. <\/p>\n\n\n\n<p>De asemenea, organizatorii SofistiCAT pun la dispozi\u021bie mai multe activit\u0103\u021bi educative, dar \u0219i distractive, precum \u0219i posibilitatea de a adopta o pisic\u0103. <\/p>\n\n\n\n<p><strong>Biletele pot fi achizi\u021bionate de pe <a href=\"https:\/\/m.iabilet.ro\/bilete-salonul-felin-international-sofisticat-122675\/?utm_source=VenuePage&amp;utm_medium=site&amp;utm_campaign=Sala+Palatului&amp;utm_term=\" type=\"link\" id=\"https:\/\/m.iabilet.ro\/bilete-salonul-felin-international-sofisticat-122675\/?utm_source=VenuePage&amp;utm_medium=site&amp;utm_campaign=Sala+Palatului&amp;utm_term=\" target=\"_blank\" rel=\"noreferrer noopener\">iabilet.ro<\/a>. <\/strong>Pentru o zi, pre\u021bul este de <strong>15 lei <\/strong>\u0219i <strong>10 lei <\/strong>pentru elevi, studen\u021bi \u0219i pensionari. Abonamentul de dou\u0103 zile are pre\u021bul de <strong>30 de lei<\/strong>, iar pre\u021bul este de<strong> 20 de lei <\/strong>pentru elevi, studen\u021bi \u0219i pensionari.<\/p>\n\n\n\n<p>La finalul lunii octombrie, la Romexpo a avut loc Campionatul Mondial de Frumuse\u021be Felin\u0103. Au participat peste 1.000 de feline, din 200 de rase, arbitrate de peste 20 de exper\u021bi interna\u021bionali. <\/p>\n\n\n\n<p>Evenimentul a fost organizat de <a href=\"https:\/\/www.sofisticat.ro\/\" type=\"link\" id=\"https:\/\/www.sofisticat.ro\/\" target=\"_blank\" rel=\"noreferrer noopener\">Asocia\u021bia Felin\u0103 Sofisticat <\/a>\u0219i Federa\u021bia Na\u021bional\u0103 Felinologic\u0103 Rom\u00e2n\u0103, cu sprijinul a peste 150 de voluntari.<\/p>\n\n\n\n<h2 class=\"wp-block-heading\" id=\"h-petexpo-la-romexpo-in-weekendul-14-15-martie\">PetExpo, la Romexpo \u00een weekendul 14 &#8211; 15 martie <\/h2>\n\n\n\n<p><strong>La acest final de s\u0103pt\u0103m\u00e2n\u0103 are loc edi\u021bia din 2026 a celui mai mare t\u00e2rg dedicat animalelor de companie din Rom\u00e2nia, <a href=\"https:\/\/petexpo.ro\/\" type=\"link\" id=\"https:\/\/petexpo.ro\/\" target=\"_blank\" rel=\"noreferrer noopener\">PetExpo<\/a>. Acesta \u00eencepe s\u00e2mb\u0103t\u0103, 14 martie, de la ora 10:00, \u0219i este deschis pentru vizitatori p\u00e2n\u0103 duminic\u0103, 15 martie, la ora 18:00. <\/strong><\/p>\n\n\n\n<p><strong>Intrarea la PetExpo se face pe baz\u0103 de bilete, care au fost puse deja \u00een v\u00e2nzare. <\/strong><\/p>\n\n\n\n<p>T\u00e2rgul are loc la Romexpo, Pavilion C2, iar vizitatorii pot asista la prezent\u0103ri de specii exotice, concursuri, defil\u0103ri de c\u00e2ini \u0219i pisici sau chiar demonstra\u021bii de dresaj. <strong>Mai multe detalii <a href=\"https:\/\/buletin.de\/bucuresti\/petexpo-targul-animalelor-de-companie-e-in-weekend-la-romexpo\/\" type=\"link\" id=\"https:\/\/buletin.de\/bucuresti\/petexpo-targul-animalelor-de-companie-e-in-weekend-la-romexpo\/\" target=\"_blank\" rel=\"noreferrer noopener\">AICI<\/a>. <\/strong><\/p>\n\n\n\n<p>CITE\u0218TE \u0218I <a href=\"https:\/\/buletin.de\/bucuresti\/reprezentantii-speciale-ale-musicalului-familia-addams-la-palatul-copiiilor-din-bucuresti\/\" target=\"_blank\" rel=\"noreferrer noopener\">Reprezenta\u021bii speciale ale musicalului \u201eFamilia Addams\u201d la Palatul Copiilor din Bucure\u0219ti<\/a><\/p>\n\n\n\n<p><\/p>\n","protected":false},"excerpt":{"rendered":"<p>Salonul Felin Interna\u021bional SofistiCAT revine \u00een Capital\u0103 \u00een weekendul 21 &#8211; 22 martie, la Sala Palatului. Vizitatorii vor descoperi peste 250 de pisici din rase diferite, venite din \u00eentreaga lume. Printre felinele prezente se num\u0103r\u0103 \u0219i ultimii trei campioni mondiali, la competi\u021biile interna\u021bionale care aua avut loc recent. Salonul Felin Interna\u021bional SofistiCAT, la Sala Palatului [&hellip;]<\/p>\n","protected":false},"author":65,"featured_media":180146,"comment_status":"closed","ping_status":"open","sticky":false,"template":"","format":"standard","meta":{"_acf_changed":false,"inline_featured_image":false,"ngg_post_thumbnail":0,"footnotes":""},"categories":[6994,1,62],"tags":[7414,11802,27037,4141],"ppma_author":[23912],"class_list":["post-180133","post","type-post","status-publish","format-standard","has-post-thumbnail","hentry","category-stiri-2","category-diverse","category-stiri","tag-sala-palatului","tag-salon-felin","tag-salon-felin-international","tag-sofisticat"],"acf":[],"yoast_head":"<!-- This site is optimized with the Yoast SEO Premium plugin v25.3 (Yoast SEO v27.4) - https:\/\/yoast.com\/product\/yoast-seo-premium-wordpress\/ -->\n<title>Salonul Felin Interna\u021bional SofistiCAT revine la Bucure\u0219ti, s\u0103pt\u0103m\u00e2na viitoare - Buletin de Bucure\u0219ti<\/title>\n<meta name=\"robots\" content=\"index, follow, max-snippet:-1, max-image-preview:large, max-video-preview:-1\" \/>\n<link rel=\"canonical\" href=\"https:\/\/buletin.de\/bucuresti\/salonul-felin-international-sofisticat-revine-la-bucuresti-saptamana-viitoare\/\" \/>\n<meta property=\"og:locale\" content=\"en_GB\" \/>\n<meta property=\"og:type\" content=\"article\" \/>\n<meta property=\"og:title\" content=\"Salonul Felin Interna\u021bional SofistiCAT revine la Bucure\u0219ti, s\u0103pt\u0103m\u00e2na viitoare\" \/>\n<meta property=\"og:description\" content=\"Salonul Felin Interna\u021bional SofistiCAT revine \u00een Capital\u0103 \u00een weekendul 21 &#8211; 22 martie, la Sala Palatului. Vizitatorii vor descoperi peste 250 de pisici din rase diferite, venite din \u00eentreaga lume. Printre felinele prezente se num\u0103r\u0103 \u0219i ultimii trei campioni mondiali, la competi\u021biile interna\u021bionale care aua avut loc recent. Salonul Felin Interna\u021bional SofistiCAT, la Sala Palatului [&hellip;]\" \/>\n<meta property=\"og:url\" content=\"https:\/\/buletin.de\/bucuresti\/salonul-felin-international-sofisticat-revine-la-bucuresti-saptamana-viitoare\/\" \/>\n<meta property=\"og:site_name\" content=\"Buletin de Bucure\u0219ti\" \/>\n<meta property=\"article:publisher\" content=\"https:\/\/www.facebook.com\/buletin.de.buc\" \/>\n<meta property=\"article:published_time\" content=\"2026-03-13T03:00:00+00:00\" \/>\n<meta property=\"og:image\" content=\"https:\/\/buletin.de\/bucuresti\/wp-content\/uploads\/2026\/03\/SofistiCAT-Salonul-Felin-International.jpg\" \/>\n\t<meta property=\"og:image:width\" content=\"1200\" \/>\n\t<meta property=\"og:image:height\" content=\"659\" \/>\n\t<meta property=\"og:image:type\" content=\"image\/jpeg\" \/>\n<meta name=\"author\" content=\"Andreea St\u0103n\u0103r\u00eeng\u0103\" \/>\n<meta name=\"twitter:card\" content=\"summary_large_image\" \/>\n<meta name=\"twitter:label1\" content=\"Written by\" \/>\n\t<meta name=\"twitter:data1\" content=\"Andreea St\u0103n\u0103r\u00eeng\u0103\" \/>\n\t<meta name=\"twitter:label2\" content=\"Estimated reading time\" \/>\n\t<meta name=\"twitter:data2\" content=\"2 minutes\" \/>\n<script type=\"application\/ld+json\" class=\"yoast-schema-graph\">{\"@context\":\"https:\\\/\\\/schema.org\",\"@graph\":[{\"@type\":\"Article\",\"@id\":\"https:\\\/\\\/buletin.de\\\/bucuresti\\\/salonul-felin-international-sofisticat-revine-la-bucuresti-saptamana-viitoare\\\/#article\",\"isPartOf\":{\"@id\":\"https:\\\/\\\/buletin.de\\\/bucuresti\\\/salonul-felin-international-sofisticat-revine-la-bucuresti-saptamana-viitoare\\\/\"},\"author\":{\"name\":\"Andreea St\u0103n\u0103r\u00eeng\u0103\",\"@id\":\"https:\\\/\\\/buletin.de\\\/bucuresti\\\/#\\\/schema\\\/person\\\/81421a46fb84a0887cfd2238f5202586\"},\"headline\":\"Salonul Felin Interna\u021bional SofistiCAT revine la Bucure\u0219ti, s\u0103pt\u0103m\u00e2na viitoare\",\"datePublished\":\"2026-03-13T03:00:00+00:00\",\"mainEntityOfPage\":{\"@id\":\"https:\\\/\\\/buletin.de\\\/bucuresti\\\/salonul-felin-international-sofisticat-revine-la-bucuresti-saptamana-viitoare\\\/\"},\"wordCount\":369,\"publisher\":{\"@id\":\"https:\\\/\\\/buletin.de\\\/bucuresti\\\/#organization\"},\"image\":{\"@id\":\"https:\\\/\\\/buletin.de\\\/bucuresti\\\/salonul-felin-international-sofisticat-revine-la-bucuresti-saptamana-viitoare\\\/#primaryimage\"},\"thumbnailUrl\":\"https:\\\/\\\/buletin.de\\\/bucuresti\\\/wp-content\\\/uploads\\\/2026\\\/03\\\/SofistiCAT-Salonul-Felin-International.jpg\",\"keywords\":[\"Sala Palatului\",\"Salon felin\",\"salon felin international\",\"sofisticat\"],\"articleSection\":[\"Articole\",\"Diverse\",\"\u0218tiri\"],\"inLanguage\":\"en-GB\",\"copyrightYear\":\"2026\",\"copyrightHolder\":{\"@id\":\"https:\\\/\\\/buletin.de\\\/bucuresti\\\/#organization\"}},{\"@type\":\"WebPage\",\"@id\":\"https:\\\/\\\/buletin.de\\\/bucuresti\\\/salonul-felin-international-sofisticat-revine-la-bucuresti-saptamana-viitoare\\\/\",\"url\":\"https:\\\/\\\/buletin.de\\\/bucuresti\\\/salonul-felin-international-sofisticat-revine-la-bucuresti-saptamana-viitoare\\\/\",\"name\":\"Salonul Felin Interna\u021bional SofistiCAT revine la Bucure\u0219ti, s\u0103pt\u0103m\u00e2na viitoare - Buletin de Bucure\u0219ti\",\"isPartOf\":{\"@id\":\"https:\\\/\\\/buletin.de\\\/bucuresti\\\/#website\"},\"primaryImageOfPage\":{\"@id\":\"https:\\\/\\\/buletin.de\\\/bucuresti\\\/salonul-felin-international-sofisticat-revine-la-bucuresti-saptamana-viitoare\\\/#primaryimage\"},\"image\":{\"@id\":\"https:\\\/\\\/buletin.de\\\/bucuresti\\\/salonul-felin-international-sofisticat-revine-la-bucuresti-saptamana-viitoare\\\/#primaryimage\"},\"thumbnailUrl\":\"https:\\\/\\\/buletin.de\\\/bucuresti\\\/wp-content\\\/uploads\\\/2026\\\/03\\\/SofistiCAT-Salonul-Felin-International.jpg\",\"datePublished\":\"2026-03-13T03:00:00+00:00\",\"breadcrumb\":{\"@id\":\"https:\\\/\\\/buletin.de\\\/bucuresti\\\/salonul-felin-international-sofisticat-revine-la-bucuresti-saptamana-viitoare\\\/#breadcrumb\"},\"inLanguage\":\"en-GB\",\"potentialAction\":[{\"@type\":\"ReadAction\",\"target\":[\"https:\\\/\\\/buletin.de\\\/bucuresti\\\/salonul-felin-international-sofisticat-revine-la-bucuresti-saptamana-viitoare\\\/\"]}]},{\"@type\":\"ImageObject\",\"inLanguage\":\"en-GB\",\"@id\":\"https:\\\/\\\/buletin.de\\\/bucuresti\\\/salonul-felin-international-sofisticat-revine-la-bucuresti-saptamana-viitoare\\\/#primaryimage\",\"url\":\"https:\\\/\\\/buletin.de\\\/bucuresti\\\/wp-content\\\/uploads\\\/2026\\\/03\\\/SofistiCAT-Salonul-Felin-International.jpg\",\"contentUrl\":\"https:\\\/\\\/buletin.de\\\/bucuresti\\\/wp-content\\\/uploads\\\/2026\\\/03\\\/SofistiCAT-Salonul-Felin-International.jpg\",\"width\":1200,\"height\":659,\"caption\":\"Salonul Felin Interna\u021bional SofistiCAT, la Sala Palatului. Foto: Facebook\\\/Sofisticat Shows\"},{\"@type\":\"BreadcrumbList\",\"@id\":\"https:\\\/\\\/buletin.de\\\/bucuresti\\\/salonul-felin-international-sofisticat-revine-la-bucuresti-saptamana-viitoare\\\/#breadcrumb\",\"itemListElement\":[{\"@type\":\"ListItem\",\"position\":1,\"name\":\"Acas\u0103\",\"item\":\"https:\\\/\\\/buletin.de\\\/bucuresti\\\/\"},{\"@type\":\"ListItem\",\"position\":2,\"name\":\"Salonul Felin Interna\u021bional SofistiCAT revine la Bucure\u0219ti, s\u0103pt\u0103m\u00e2na viitoare\"}]},{\"@type\":\"WebSite\",\"@id\":\"https:\\\/\\\/buletin.de\\\/bucuresti\\\/#website\",\"url\":\"https:\\\/\\\/buletin.de\\\/bucuresti\\\/\",\"name\":\"Buletin de Bucure\u0219ti\",\"description\":\"\u0218tiri \u0219i investiga\u021bii esen\u021biale din capital\u0103\",\"publisher\":{\"@id\":\"https:\\\/\\\/buletin.de\\\/bucuresti\\\/#organization\"},\"potentialAction\":[{\"@type\":\"SearchAction\",\"target\":{\"@type\":\"EntryPoint\",\"urlTemplate\":\"https:\\\/\\\/buletin.de\\\/bucuresti\\\/?s={search_term_string}\"},\"query-input\":{\"@type\":\"PropertyValueSpecification\",\"valueRequired\":true,\"valueName\":\"search_term_string\"}}],\"inLanguage\":\"en-GB\"},{\"@type\":\"Organization\",\"@id\":\"https:\\\/\\\/buletin.de\\\/bucuresti\\\/#organization\",\"name\":\"Buletin de Bucure\u0219ti\",\"url\":\"https:\\\/\\\/buletin.de\\\/bucuresti\\\/\",\"logo\":{\"@type\":\"ImageObject\",\"inLanguage\":\"en-GB\",\"@id\":\"https:\\\/\\\/buletin.de\\\/bucuresti\\\/#\\\/schema\\\/logo\\\/image\\\/\",\"url\":\"https:\\\/\\\/buletin.de\\\/bucuresti\\\/wp-content\\\/uploads\\\/logo-bdb-full-wide-vernil-transparent.png\",\"contentUrl\":\"https:\\\/\\\/buletin.de\\\/bucuresti\\\/wp-content\\\/uploads\\\/logo-bdb-full-wide-vernil-transparent.png\",\"width\":1782,\"height\":626,\"caption\":\"Buletin de Bucure\u0219ti\"},\"image\":{\"@id\":\"https:\\\/\\\/buletin.de\\\/bucuresti\\\/#\\\/schema\\\/logo\\\/image\\\/\"},\"sameAs\":[\"https:\\\/\\\/www.facebook.com\\\/buletin.de.buc\",\"https:\\\/\\\/www.instagram.com\\\/buletinde.bucuresti\\\/\"]},{\"@type\":\"Person\",\"@id\":\"https:\\\/\\\/buletin.de\\\/bucuresti\\\/#\\\/schema\\\/person\\\/81421a46fb84a0887cfd2238f5202586\",\"name\":\"Andreea St\u0103n\u0103r\u00eeng\u0103\",\"image\":{\"@type\":\"ImageObject\",\"inLanguage\":\"en-GB\",\"@id\":\"https:\\\/\\\/secure.gravatar.com\\\/avatar\\\/dfa8d227a4388fad0f0bb03add04b5b176f4da34397dbb2eadc563b3d7162ce0?s=96&d=monsterid&r=g72784372b39ffe5a98a45288fe0d0e8a\",\"url\":\"https:\\\/\\\/secure.gravatar.com\\\/avatar\\\/dfa8d227a4388fad0f0bb03add04b5b176f4da34397dbb2eadc563b3d7162ce0?s=96&d=monsterid&r=g\",\"contentUrl\":\"https:\\\/\\\/secure.gravatar.com\\\/avatar\\\/dfa8d227a4388fad0f0bb03add04b5b176f4da34397dbb2eadc563b3d7162ce0?s=96&d=monsterid&r=g\",\"caption\":\"Andreea St\u0103n\u0103r\u00eeng\u0103\"},\"description\":\"Cu o experien\u021b\u0103 de peste 5 ani \u00een pres\u0103, face parte din echipa Buletin de Bucure\u0219ti din septembrie 2025. A colaborat cu c\u00e2teva publica\u021bii, printre care \u0219i Fanatik.ro, unde s-a ocupat de \u0219tiri de lifestyle \u0219i de actualitate. A f\u0103cut un pas c\u0103tre presa local\u0103 pentru a explora Bucure\u0219tiul \u0219i pove\u0219tile care merit\u0103 spuse.\",\"url\":\"https:\\\/\\\/buletin.de\\\/bucuresti\\\/author\\\/andreea-stanaranga\\\/\"}]}<\/script>\n<!-- \/ Yoast SEO Premium plugin. -->","yoast_head_json":{"title":"Salonul Felin Interna\u021bional SofistiCAT revine la Bucure\u0219ti, s\u0103pt\u0103m\u00e2na viitoare - Buletin de Bucure\u0219ti","robots":{"index":"index","follow":"follow","max-snippet":"max-snippet:-1","max-image-preview":"max-image-preview:large","max-video-preview":"max-video-preview:-1"},"canonical":"https:\/\/buletin.de\/bucuresti\/salonul-felin-international-sofisticat-revine-la-bucuresti-saptamana-viitoare\/","og_locale":"en_GB","og_type":"article","og_title":"Salonul Felin Interna\u021bional SofistiCAT revine la Bucure\u0219ti, s\u0103pt\u0103m\u00e2na viitoare","og_description":"Salonul Felin Interna\u021bional SofistiCAT revine \u00een Capital\u0103 \u00een weekendul 21 &#8211; 22 martie, la Sala Palatului. Vizitatorii vor descoperi peste 250 de pisici din rase diferite, venite din \u00eentreaga lume. Printre felinele prezente se num\u0103r\u0103 \u0219i ultimii trei campioni mondiali, la competi\u021biile interna\u021bionale care aua avut loc recent. Salonul Felin Interna\u021bional SofistiCAT, la Sala Palatului [&hellip;]","og_url":"https:\/\/buletin.de\/bucuresti\/salonul-felin-international-sofisticat-revine-la-bucuresti-saptamana-viitoare\/","og_site_name":"Buletin de Bucure\u0219ti","article_publisher":"https:\/\/www.facebook.com\/buletin.de.buc","article_published_time":"2026-03-13T03:00:00+00:00","og_image":[{"width":1200,"height":659,"url":"https:\/\/buletin.de\/bucuresti\/wp-content\/uploads\/2026\/03\/SofistiCAT-Salonul-Felin-International.jpg","type":"image\/jpeg"}],"author":"Andreea St\u0103n\u0103r\u00eeng\u0103","twitter_card":"summary_large_image","twitter_misc":{"Written by":"Andreea St\u0103n\u0103r\u00eeng\u0103","Estimated reading time":"2 minutes"},"schema":{"@context":"https:\/\/schema.org","@graph":[{"@type":"Article","@id":"https:\/\/buletin.de\/bucuresti\/salonul-felin-international-sofisticat-revine-la-bucuresti-saptamana-viitoare\/#article","isPartOf":{"@id":"https:\/\/buletin.de\/bucuresti\/salonul-felin-international-sofisticat-revine-la-bucuresti-saptamana-viitoare\/"},"author":{"name":"Andreea St\u0103n\u0103r\u00eeng\u0103","@id":"https:\/\/buletin.de\/bucuresti\/#\/schema\/person\/81421a46fb84a0887cfd2238f5202586"},"headline":"Salonul Felin Interna\u021bional SofistiCAT revine la Bucure\u0219ti, s\u0103pt\u0103m\u00e2na viitoare","datePublished":"2026-03-13T03:00:00+00:00","mainEntityOfPage":{"@id":"https:\/\/buletin.de\/bucuresti\/salonul-felin-international-sofisticat-revine-la-bucuresti-saptamana-viitoare\/"},"wordCount":369,"publisher":{"@id":"https:\/\/buletin.de\/bucuresti\/#organization"},"image":{"@id":"https:\/\/buletin.de\/bucuresti\/salonul-felin-international-sofisticat-revine-la-bucuresti-saptamana-viitoare\/#primaryimage"},"thumbnailUrl":"https:\/\/buletin.de\/bucuresti\/wp-content\/uploads\/2026\/03\/SofistiCAT-Salonul-Felin-International.jpg","keywords":["Sala Palatului","Salon felin","salon felin international","sofisticat"],"articleSection":["Articole","Diverse","\u0218tiri"],"inLanguage":"en-GB","copyrightYear":"2026","copyrightHolder":{"@id":"https:\/\/buletin.de\/bucuresti\/#organization"}},{"@type":"WebPage","@id":"https:\/\/buletin.de\/bucuresti\/salonul-felin-international-sofisticat-revine-la-bucuresti-saptamana-viitoare\/","url":"https:\/\/buletin.de\/bucuresti\/salonul-felin-international-sofisticat-revine-la-bucuresti-saptamana-viitoare\/","name":"Salonul Felin Interna\u021bional SofistiCAT revine la Bucure\u0219ti, s\u0103pt\u0103m\u00e2na viitoare - Buletin de Bucure\u0219ti","isPartOf":{"@id":"https:\/\/buletin.de\/bucuresti\/#website"},"primaryImageOfPage":{"@id":"https:\/\/buletin.de\/bucuresti\/salonul-felin-international-sofisticat-revine-la-bucuresti-saptamana-viitoare\/#primaryimage"},"image":{"@id":"https:\/\/buletin.de\/bucuresti\/salonul-felin-international-sofisticat-revine-la-bucuresti-saptamana-viitoare\/#primaryimage"},"thumbnailUrl":"https:\/\/buletin.de\/bucuresti\/wp-content\/uploads\/2026\/03\/SofistiCAT-Salonul-Felin-International.jpg","datePublished":"2026-03-13T03:00:00+00:00","breadcrumb":{"@id":"https:\/\/buletin.de\/bucuresti\/salonul-felin-international-sofisticat-revine-la-bucuresti-saptamana-viitoare\/#breadcrumb"},"inLanguage":"en-GB","potentialAction":[{"@type":"ReadAction","target":["https:\/\/buletin.de\/bucuresti\/salonul-felin-international-sofisticat-revine-la-bucuresti-saptamana-viitoare\/"]}]},{"@type":"ImageObject","inLanguage":"en-GB","@id":"https:\/\/buletin.de\/bucuresti\/salonul-felin-international-sofisticat-revine-la-bucuresti-saptamana-viitoare\/#primaryimage","url":"https:\/\/buletin.de\/bucuresti\/wp-content\/uploads\/2026\/03\/SofistiCAT-Salonul-Felin-International.jpg","contentUrl":"https:\/\/buletin.de\/bucuresti\/wp-content\/uploads\/2026\/03\/SofistiCAT-Salonul-Felin-International.jpg","width":1200,"height":659,"caption":"Salonul Felin Interna\u021bional SofistiCAT, la Sala Palatului. Foto: Facebook\/Sofisticat Shows"},{"@type":"BreadcrumbList","@id":"https:\/\/buletin.de\/bucuresti\/salonul-felin-international-sofisticat-revine-la-bucuresti-saptamana-viitoare\/#breadcrumb","itemListElement":[{"@type":"ListItem","position":1,"name":"Acas\u0103","item":"https:\/\/buletin.de\/bucuresti\/"},{"@type":"ListItem","position":2,"name":"Salonul Felin Interna\u021bional SofistiCAT revine la Bucure\u0219ti, s\u0103pt\u0103m\u00e2na viitoare"}]},{"@type":"WebSite","@id":"https:\/\/buletin.de\/bucuresti\/#website","url":"https:\/\/buletin.de\/bucuresti\/","name":"Buletin de Bucure\u0219ti","description":"\u0218tiri \u0219i investiga\u021bii esen\u021biale din capital\u0103","publisher":{"@id":"https:\/\/buletin.de\/bucuresti\/#organization"},"potentialAction":[{"@type":"SearchAction","target":{"@type":"EntryPoint","urlTemplate":"https:\/\/buletin.de\/bucuresti\/?s={search_term_string}"},"query-input":{"@type":"PropertyValueSpecification","valueRequired":true,"valueName":"search_term_string"}}],"inLanguage":"en-GB"},{"@type":"Organization","@id":"https:\/\/buletin.de\/bucuresti\/#organization","name":"Buletin de Bucure\u0219ti","url":"https:\/\/buletin.de\/bucuresti\/","logo":{"@type":"ImageObject","inLanguage":"en-GB","@id":"https:\/\/buletin.de\/bucuresti\/#\/schema\/logo\/image\/","url":"https:\/\/buletin.de\/bucuresti\/wp-content\/uploads\/logo-bdb-full-wide-vernil-transparent.png","contentUrl":"https:\/\/buletin.de\/bucuresti\/wp-content\/uploads\/logo-bdb-full-wide-vernil-transparent.png","width":1782,"height":626,"caption":"Buletin de Bucure\u0219ti"},"image":{"@id":"https:\/\/buletin.de\/bucuresti\/#\/schema\/logo\/image\/"},"sameAs":["https:\/\/www.facebook.com\/buletin.de.buc","https:\/\/www.instagram.com\/buletinde.bucuresti\/"]},{"@type":"Person","@id":"https:\/\/buletin.de\/bucuresti\/#\/schema\/person\/81421a46fb84a0887cfd2238f5202586","name":"Andreea St\u0103n\u0103r\u00eeng\u0103","image":{"@type":"ImageObject","inLanguage":"en-GB","@id":"https:\/\/secure.gravatar.com\/avatar\/dfa8d227a4388fad0f0bb03add04b5b176f4da34397dbb2eadc563b3d7162ce0?s=96&d=monsterid&r=g72784372b39ffe5a98a45288fe0d0e8a","url":"https:\/\/secure.gravatar.com\/avatar\/dfa8d227a4388fad0f0bb03add04b5b176f4da34397dbb2eadc563b3d7162ce0?s=96&d=monsterid&r=g","contentUrl":"https:\/\/secure.gravatar.com\/avatar\/dfa8d227a4388fad0f0bb03add04b5b176f4da34397dbb2eadc563b3d7162ce0?s=96&d=monsterid&r=g","caption":"Andreea St\u0103n\u0103r\u00eeng\u0103"},"description":"Cu o experien\u021b\u0103 de peste 5 ani \u00een pres\u0103, face parte din echipa Buletin de Bucure\u0219ti din septembrie 2025. A colaborat cu c\u00e2teva publica\u021bii, printre care \u0219i Fanatik.ro, unde s-a ocupat de \u0219tiri de lifestyle \u0219i de actualitate. A f\u0103cut un pas c\u0103tre presa local\u0103 pentru a explora Bucure\u0219tiul \u0219i pove\u0219tile care merit\u0103 spuse.","url":"https:\/\/buletin.de\/bucuresti\/author\/andreea-stanaranga\/"}]}},"authors":[{"term_id":23912,"user_id":65,"is_guest":0,"slug":"andreea-stanaranga","display_name":"Andreea St\u0103n\u0103r\u00eeng\u0103","avatar_url":"https:\/\/secure.gravatar.com\/avatar\/dfa8d227a4388fad0f0bb03add04b5b176f4da34397dbb2eadc563b3d7162ce0?s=96&d=monsterid&r=g","0":null,"1":"","2":"","3":"","4":"","5":"","6":"","7":"","8":""}],"_links":{"self":[{"href":"https:\/\/buletin.de\/bucuresti\/wp-json\/wp\/v2\/posts\/180133","targetHints":{"allow":["GET"]}}],"collection":[{"href":"https:\/\/buletin.de\/bucuresti\/wp-json\/wp\/v2\/posts"}],"about":[{"href":"https:\/\/buletin.de\/bucuresti\/wp-json\/wp\/v2\/types\/post"}],"author":[{"embeddable":true,"href":"https:\/\/buletin.de\/bucuresti\/wp-json\/wp\/v2\/users\/65"}],"replies":[{"embeddable":true,"href":"https:\/\/buletin.de\/bucuresti\/wp-json\/wp\/v2\/comments?post=180133"}],"version-history":[{"count":3,"href":"https:\/\/buletin.de\/bucuresti\/wp-json\/wp\/v2\/posts\/180133\/revisions"}],"predecessor-version":[{"id":180147,"href":"https:\/\/buletin.de\/bucuresti\/wp-json\/wp\/v2\/posts\/180133\/revisions\/180147"}],"wp:featuredmedia":[{"embeddable":true,"href":"https:\/\/buletin.de\/bucuresti\/wp-json\/wp\/v2\/media\/180146"}],"wp:attachment":[{"href":"https:\/\/buletin.de\/bucuresti\/wp-json\/wp\/v2\/media?parent=180133"}],"wp:term":[{"taxonomy":"category","embeddable":true,"href":"https:\/\/buletin.de\/bucuresti\/wp-json\/wp\/v2\/categories?post=180133"},{"taxonomy":"post_tag","embeddable":true,"href":"https:\/\/buletin.de\/bucuresti\/wp-json\/wp\/v2\/tags?post=180133"},{"taxonomy":"author","embeddable":true,"href":"https:\/\/buletin.de\/bucuresti\/wp-json\/wp\/v2\/ppma_author?post=180133"}],"curies":[{"name":"wp","href":"https:\/\/api.w.org\/{rel}","templated":true}]}}