{"id":180120,"date":"2026-03-12T20:51:34","date_gmt":"2026-03-12T17:51:34","guid":{"rendered":"https:\/\/buletin.de\/bucuresti\/?p=180120"},"modified":"2026-03-12T21:55:03","modified_gmt":"2026-03-12T18:55:03","slug":"video-cum-arata-santierul-de-pe-lotul-1-al-autostrazii-de-centura-tronsonul-s-ar-putea-deschide-in-aceasta-vara","status":"publish","type":"post","link":"https:\/\/buletin.de\/bucuresti\/video-cum-arata-santierul-de-pe-lotul-1-al-autostrazii-de-centura-tronsonul-s-ar-putea-deschide-in-aceasta-vara\/","title":{"rendered":"VIDEO | Cum arat\u0103 \u0219antierul de pe lotul 1 al autostr\u0103zii de centur\u0103 A0 Nord. Tronsonul s-ar putea deschide \u00een aceast\u0103 var\u0103"},"content":{"rendered":"\n<p><strong>\u0218antierul de pe Lotul 1 al Autostr\u0103zii A0 Nord, Centura Bucure\u0219tiului, a avansat considerabil, iar primul tronson ar putea fi deschis circula\u021biei chiar \u00een vara acestui an, sus\u021bine Ionel Scrio\u0219teanu, secretar de Stat \u00een Ministerul Transporturilor. <\/strong><\/p>\n\n\n\n<p><a href=\"https:\/\/www.facebook.com\/reel\/915404677940841\" type=\"link\" id=\"https:\/\/www.facebook.com\/reel\/915404677940841\" target=\"_blank\" rel=\"noreferrer noopener\">Acesta a prezentat <\/a>stadiul lucr\u0103rilor, de la Otopeni p\u00e2n\u0103 \u00een zona cu intersec\u021bia A1 Bucure\u0219ti &#8211; Pite\u0219ti. <\/p>\n\n\n\n<p>Pe tronsonul cuprins \u00eentre DN1 &#8211; DN1A, se aduc zilnic c\u00e2te 5.000 &#8211; 6.000 de tone agregate pe zi, iar cantitatea va cre\u0219te la 10.000 tone\/zi de s\u0103pt\u0103m\u00e2na viitoare. <\/p>\n\n\n\n<p><strong>Tronsonul ar urma s\u0103 fie dat trafic \u00een vara acestui an, a mai precizat Scio\u0219tranu. <\/strong>Pe \u0219antier sunt prezen\u021bi 659 de muncitori \u0219i 279 de utilaje. <\/p>\n\n\n\n<iframe src=\"https:\/\/www.facebook.com\/plugins\/video.php?height=476&#038;href=https%3A%2F%2Fwww.facebook.com%2Freel%2F915404677940841%2F&#038;show_text=false&#038;width=269&#038;t=0\" width=\"269\" height=\"476\" style=\"border:none;overflow:hidden\" scrolling=\"no\" frameborder=\"0\" allowfullscreen=\"true\" allow=\"autoplay; clipboard-write; encrypted-media; picture-in-picture; web-share\" allowFullScreen=\"true\"><\/iframe>\n\n\n\n<h2 class=\"wp-block-heading\" id=\"h-ce-se-intampla-pe-\u0219antierul-de-pe-lotul-1\">Ce se \u00eent\u00e2mpl\u0103 pe \u0219antierul de pe lotul 1<\/h2>\n\n\n\n<p><a href=\"https:\/\/buletin.de\/bucuresti\/lotul-1-al-autostrazii-a0-nord-ar-putea-fi-deschis-cu-aproape-un-an-mai-devreme-care-este-stadiul-lucrarilor\/\" type=\"link\" id=\"https:\/\/buletin.de\/bucuresti\/lotul-1-al-autostrazii-a0-nord-ar-putea-fi-deschis-cu-aproape-un-an-mai-devreme-care-este-stadiul-lucrarilor\/\" target=\"_blank\" rel=\"noreferrer noopener\">Lucr\u0103rile <\/a>la terasamente pe \u00eentregul amplasament al autostr\u0103zii au fost reluate \u00eentr-un ritm crescut, dup\u0103 o perioad\u0103 \u00een care condi\u021biile meteorologice nu au permis astfel de interven\u021bii. De asemenea, stabilizarea terenului de fundare este \u00een curs de finalizare. <\/p>\n\n\n\n<p>\u00cen prezent, se execut\u0103 mai multe tipuri de lucr\u0103ri, dup\u0103 cum urmeaz\u0103: <\/p>\n\n\n\n<ul class=\"wp-block-list\">\n<li>lucr\u0103ri de realizare a stratului de form\u0103, stratului din agregate stabilizate cu liant, a funda\u021biei din balast;<\/li>\n\n\n\n<li>lucr\u0103ri de umpluturi aferente parc\u0103rii de scurt\u0103 durat\u0103 de la km 14+500;<\/li>\n\n\n\n<li>lucr\u0103ri de excavare pentru bazinele de reten\u021bie;<\/li>\n\n\n\n<li>lucr\u0103ri aferente \u0219an\u021bului pereat, rigol\u0103 median\u0103. <\/li>\n<\/ul>\n\n\n\n<p><strong>Totodat\u0103, sunt \u00een curs de finalizare pode\u021bele casetate \u0219i tubulare \u0219i au \u00eenceput lucr\u0103rile de instalare a sistemului de iluminat public. Se execut\u0103 \u00een continuare lucr\u0103rile de relocare a re\u021belelor de utilit\u0103\u021bi. <\/strong><\/p>\n\n\n\n<p><strong>CITE\u0218TE \u0218I:<a href=\"https:\/\/buletin.de\/bucuresti\/loturile-a0-din-estul-bucurestiului-dintre-afumati-si-cernica-ar-putea-fi-date-in-folosinta-abia-in-august-asociatia-pro-infrastructura\/\" type=\"link\" id=\"https:\/\/buletin.de\/bucuresti\/loturile-a0-din-estul-bucurestiului-dintre-afumati-si-cernica-ar-putea-fi-date-in-folosinta-abia-in-august-asociatia-pro-infrastructura\/\" target=\"_blank\" rel=\"noreferrer noopener\"> Loturile A0 din estul Bucure\u0219tiului, dintre Afuma\u021bi \u0219i Cernica, ar putea fi date \u00een folosin\u021b\u0103 abia \u00een august | Asocia\u021bia Pro Infrastructur\u0103<\/a><\/strong><\/p>\n\n\n\n<h2 class=\"wp-block-heading\" id=\"h-tronsonul-ar-putea-fi-deschis-in-iunie\">Tronsonul ar putea fi deschis \u00een iunie<\/h2>\n\n\n\n<p><strong>Pe \u0219antier se lucreaz\u0103 la mai multe pasaje \u0219i poduri, iar stadiul lucr\u0103rilor avanseaz\u0103 \u0219i aici. Pe nodul rutier DN1A, sunt \u00een curs de finalizare lucr\u0103rile de decapare p\u0103m\u00e2nt vegetal, s\u0103p\u0103turi de p\u0103m\u00e2nt, stabilizare teren fundare \u0219i continu\u0103 lucr\u0103rile de umpluturi terasament, strat de form\u0103 \u0219i funda\u021bie de balast.<\/strong><\/p>\n\n\n\n<p>La pasajul peste <strong>CF101 Bucure\u0219ti \u2013 Pite\u0219ti DN7 <\/strong>(733 m), sunt \u00een curs de finalizare lucr\u0103rile de forare, armare \u0219i cofrare pilo\u021bi \u0219i sunt realizate 36 din 40 radiere, 21 din 40 eleva\u021bii, 60 din 204 grinzi de beton. S\u0103pt\u0103m\u00e2na viitoare se vor instala \u00eenc\u0103 24 de grinzi. Continu\u0103 lucr\u0103rile de pozi\u021bionare a predalelor.<\/p>\n\n\n\n<p>\u00cen ceea ce prive\u0219te <strong>pasajul peste r\u00e2ul Colentina, CF 300 Bucure\u0219ti \u2013 Ploie\u0219ti \u0219i CF Mogo\u0219oaia \u2013 Buftea <\/strong>(17 deschideri, 650 m), sunt finalizate 27 din 34 eleva\u021bii \u0219i instalate 108 din 180 grinzi din beton. Aici se execut\u0103 lucr\u0103ri de cofrare \u0219i armare pentru placa de suprastructur\u0103. <\/p>\n\n\n\n<p><strong>Mai multe pasaje au ajuns \u00eentr-un stadiu destul de avansat. De exemplu, sunt finalizate radierele, eleva\u021biile, betonarea pl\u0103cii suprastructurii, grinda parapet \u0219i pilo\u021bii fora\u021bi pe urm\u0103toarele pasaje: <\/strong><\/p>\n\n\n\n<ul class=\"wp-block-list\">\n<li>Pasaj pe DN1A peste autostrad\u0103, km 12+130 (40 metri);<\/li>\n\n\n\n<li>Pasaj pe drum de exploatare peste autostrada, km 18+303 (41 metri);<\/li>\n\n\n\n<li>Pasaj pe drum de exploatare peste autostrad\u0103, km 19+595 (41 metri).<\/li>\n<\/ul>\n\n\n\n<p>Pe podul de autostrad\u0103 peste r\u00e2ul B\u00e2ldana, km 4+024 (53 metri), se execut\u0103 lucr\u0103ri de armare \u0219i cofrare radier. Pe podul pe autostrad\u0103 peste r\u00e2ul D\u00e2mbovi\u021ba, km 2+999 (53 metri), 80% din pilo\u021bii fora\u021bi sunt realiza\u021bi, iar lucr\u0103rile continu\u0103.<\/p>\n\n\n\n<p><strong>CITE\u0218TE \u0218I: <a href=\"https:\/\/buletin.de\/bucuresti\/tronsonul-din-autostrada-a0-care-leaga-a1-de-dn1-nu-poate-fi-gata-in-mai-cu-mobilizare-exemplara-poate-fi-gata-in-iunie-asociatia-pro-infrastructura\/\" type=\"link\" id=\"https:\/\/buletin.de\/bucuresti\/tronsonul-din-autostrada-a0-care-leaga-a1-de-dn1-nu-poate-fi-gata-in-mai-cu-mobilizare-exemplara-poate-fi-gata-in-iunie-asociatia-pro-infrastructura\/\" target=\"_blank\" rel=\"noreferrer noopener\">Tronsonul din autostrada A0 care leag\u0103 A1 de DN1 nu poate fi gata \u00een mai. \u201eCu mobilizare exemplar\u0103, poate fi gata \u00een iunie\u201d | Asocia\u021bia Pro Infrastructur\u0103<\/a><\/strong><\/p>\n","protected":false},"excerpt":{"rendered":"<p>\u0218antierul de pe Lotul 1 al Autostr\u0103zii A0 Nord, Centura Bucure\u0219tiului, a avansat considerabil, iar primul tronson ar putea fi deschis circula\u021biei chiar \u00een vara acestui an, sus\u021bine Ionel Scrio\u0219teanu, secretar de Stat \u00een Ministerul Transporturilor. Acesta a prezentat stadiul lucr\u0103rilor, de la Otopeni p\u00e2n\u0103 \u00een zona cu intersec\u021bia A1 Bucure\u0219ti &#8211; Pite\u0219ti. Pe tronsonul [&hellip;]<\/p>\n","protected":false},"author":65,"featured_media":180127,"comment_status":"closed","ping_status":"open","sticky":false,"template":"","format":"standard","meta":{"_acf_changed":false,"inline_featured_image":false,"ngg_post_thumbnail":0,"footnotes":""},"categories":[6994,5762,650],"tags":[1465,5502,2620,12270],"ppma_author":[23912],"class_list":["post-180120","post","type-post","status-publish","format-standard","has-post-thumbnail","hentry","category-stiri-2","category-main","category-transport","tag-a0","tag-a0-nord","tag-autostrada-a0","tag-lot-1"],"acf":[],"yoast_head":"<!-- This site is optimized with the Yoast SEO Premium plugin v25.3 (Yoast SEO v27.4) - https:\/\/yoast.com\/product\/yoast-seo-premium-wordpress\/ -->\n<title>VIDEO | Cum arat\u0103 \u0219antierul de pe lotul 1 al autostr\u0103zii de centur\u0103 A0 Nord. Tronsonul s-ar putea deschide \u00een aceast\u0103 var\u0103 - Buletin de Bucure\u0219ti<\/title>\n<meta name=\"description\" content=\"Lucr\u0103rile de pe Lotul 1 al Autostr\u0103zii A0 Nord au avansat considerabil, iar primul tronson ar putea fi deschis circula\u021biei chiar la var\u0103.\" \/>\n<meta name=\"robots\" content=\"index, follow, max-snippet:-1, max-image-preview:large, max-video-preview:-1\" \/>\n<link rel=\"canonical\" href=\"https:\/\/buletin.de\/bucuresti\/video-cum-arata-santierul-de-pe-lotul-1-al-autostrazii-de-centura-tronsonul-s-ar-putea-deschide-in-aceasta-vara\/\" \/>\n<meta property=\"og:locale\" content=\"en_GB\" \/>\n<meta property=\"og:type\" content=\"article\" \/>\n<meta property=\"og:title\" content=\"VIDEO | Cum arat\u0103 \u0219antierul de pe lotul 1 al autostr\u0103zii de centur\u0103 A0 Nord. Tronsonul s-ar putea deschide \u00een aceast\u0103 var\u0103\" \/>\n<meta property=\"og:description\" content=\"Lucr\u0103rile de pe Lotul 1 al Autostr\u0103zii A0 Nord au avansat considerabil, iar primul tronson ar putea fi deschis circula\u021biei chiar la var\u0103.\" \/>\n<meta property=\"og:url\" content=\"https:\/\/buletin.de\/bucuresti\/video-cum-arata-santierul-de-pe-lotul-1-al-autostrazii-de-centura-tronsonul-s-ar-putea-deschide-in-aceasta-vara\/\" \/>\n<meta property=\"og:site_name\" content=\"Buletin de Bucure\u0219ti\" \/>\n<meta property=\"article:publisher\" content=\"https:\/\/www.facebook.com\/buletin.de.buc\" \/>\n<meta property=\"article:published_time\" content=\"2026-03-12T17:51:34+00:00\" \/>\n<meta property=\"article:modified_time\" content=\"2026-03-12T18:55:03+00:00\" \/>\n<meta property=\"og:image\" content=\"https:\/\/buletin.de\/bucuresti\/wp-content\/uploads\/2026\/03\/A0-Nord-Lotul-1.jpg\" \/>\n\t<meta property=\"og:image:width\" content=\"1200\" \/>\n\t<meta property=\"og:image:height\" content=\"659\" \/>\n\t<meta property=\"og:image:type\" content=\"image\/jpeg\" \/>\n<meta name=\"author\" content=\"Andreea St\u0103n\u0103r\u00eeng\u0103\" \/>\n<meta name=\"twitter:card\" content=\"summary_large_image\" \/>\n<meta name=\"twitter:label1\" content=\"Written by\" \/>\n\t<meta name=\"twitter:data1\" content=\"Andreea St\u0103n\u0103r\u00eeng\u0103\" \/>\n\t<meta name=\"twitter:label2\" content=\"Estimated reading time\" \/>\n\t<meta name=\"twitter:data2\" content=\"3 minutes\" \/>\n<script type=\"application\/ld+json\" class=\"yoast-schema-graph\">{\"@context\":\"https:\\\/\\\/schema.org\",\"@graph\":[{\"@type\":\"Article\",\"@id\":\"https:\\\/\\\/buletin.de\\\/bucuresti\\\/video-cum-arata-santierul-de-pe-lotul-1-al-autostrazii-de-centura-tronsonul-s-ar-putea-deschide-in-aceasta-vara\\\/#article\",\"isPartOf\":{\"@id\":\"https:\\\/\\\/buletin.de\\\/bucuresti\\\/video-cum-arata-santierul-de-pe-lotul-1-al-autostrazii-de-centura-tronsonul-s-ar-putea-deschide-in-aceasta-vara\\\/\"},\"author\":{\"name\":\"Andreea St\u0103n\u0103r\u00eeng\u0103\",\"@id\":\"https:\\\/\\\/buletin.de\\\/bucuresti\\\/#\\\/schema\\\/person\\\/81421a46fb84a0887cfd2238f5202586\"},\"headline\":\"VIDEO | Cum arat\u0103 \u0219antierul de pe lotul 1 al autostr\u0103zii de centur\u0103 A0 Nord. Tronsonul s-ar putea deschide \u00een aceast\u0103 var\u0103\",\"datePublished\":\"2026-03-12T17:51:34+00:00\",\"dateModified\":\"2026-03-12T18:55:03+00:00\",\"mainEntityOfPage\":{\"@id\":\"https:\\\/\\\/buletin.de\\\/bucuresti\\\/video-cum-arata-santierul-de-pe-lotul-1-al-autostrazii-de-centura-tronsonul-s-ar-putea-deschide-in-aceasta-vara\\\/\"},\"wordCount\":619,\"publisher\":{\"@id\":\"https:\\\/\\\/buletin.de\\\/bucuresti\\\/#organization\"},\"image\":{\"@id\":\"https:\\\/\\\/buletin.de\\\/bucuresti\\\/video-cum-arata-santierul-de-pe-lotul-1-al-autostrazii-de-centura-tronsonul-s-ar-putea-deschide-in-aceasta-vara\\\/#primaryimage\"},\"thumbnailUrl\":\"https:\\\/\\\/buletin.de\\\/bucuresti\\\/wp-content\\\/uploads\\\/2026\\\/03\\\/A0-Nord-Lotul-1.jpg\",\"keywords\":[\"A0\",\"a0 nord\",\"autostrada a0\",\"lot 1\"],\"articleSection\":[\"Articole\",\"Main\",\"Transport\"],\"inLanguage\":\"en-GB\",\"copyrightYear\":\"2026\",\"copyrightHolder\":{\"@id\":\"https:\\\/\\\/buletin.de\\\/bucuresti\\\/#organization\"}},{\"@type\":\"WebPage\",\"@id\":\"https:\\\/\\\/buletin.de\\\/bucuresti\\\/video-cum-arata-santierul-de-pe-lotul-1-al-autostrazii-de-centura-tronsonul-s-ar-putea-deschide-in-aceasta-vara\\\/\",\"url\":\"https:\\\/\\\/buletin.de\\\/bucuresti\\\/video-cum-arata-santierul-de-pe-lotul-1-al-autostrazii-de-centura-tronsonul-s-ar-putea-deschide-in-aceasta-vara\\\/\",\"name\":\"VIDEO | Cum arat\u0103 \u0219antierul de pe lotul 1 al autostr\u0103zii de centur\u0103 A0 Nord. Tronsonul s-ar putea deschide \u00een aceast\u0103 var\u0103 - Buletin de Bucure\u0219ti\",\"isPartOf\":{\"@id\":\"https:\\\/\\\/buletin.de\\\/bucuresti\\\/#website\"},\"primaryImageOfPage\":{\"@id\":\"https:\\\/\\\/buletin.de\\\/bucuresti\\\/video-cum-arata-santierul-de-pe-lotul-1-al-autostrazii-de-centura-tronsonul-s-ar-putea-deschide-in-aceasta-vara\\\/#primaryimage\"},\"image\":{\"@id\":\"https:\\\/\\\/buletin.de\\\/bucuresti\\\/video-cum-arata-santierul-de-pe-lotul-1-al-autostrazii-de-centura-tronsonul-s-ar-putea-deschide-in-aceasta-vara\\\/#primaryimage\"},\"thumbnailUrl\":\"https:\\\/\\\/buletin.de\\\/bucuresti\\\/wp-content\\\/uploads\\\/2026\\\/03\\\/A0-Nord-Lotul-1.jpg\",\"datePublished\":\"2026-03-12T17:51:34+00:00\",\"dateModified\":\"2026-03-12T18:55:03+00:00\",\"description\":\"Lucr\u0103rile de pe Lotul 1 al Autostr\u0103zii A0 Nord au avansat considerabil, iar primul tronson ar putea fi deschis circula\u021biei chiar la var\u0103.\",\"breadcrumb\":{\"@id\":\"https:\\\/\\\/buletin.de\\\/bucuresti\\\/video-cum-arata-santierul-de-pe-lotul-1-al-autostrazii-de-centura-tronsonul-s-ar-putea-deschide-in-aceasta-vara\\\/#breadcrumb\"},\"inLanguage\":\"en-GB\",\"potentialAction\":[{\"@type\":\"ReadAction\",\"target\":[\"https:\\\/\\\/buletin.de\\\/bucuresti\\\/video-cum-arata-santierul-de-pe-lotul-1-al-autostrazii-de-centura-tronsonul-s-ar-putea-deschide-in-aceasta-vara\\\/\"]}]},{\"@type\":\"ImageObject\",\"inLanguage\":\"en-GB\",\"@id\":\"https:\\\/\\\/buletin.de\\\/bucuresti\\\/video-cum-arata-santierul-de-pe-lotul-1-al-autostrazii-de-centura-tronsonul-s-ar-putea-deschide-in-aceasta-vara\\\/#primaryimage\",\"url\":\"https:\\\/\\\/buletin.de\\\/bucuresti\\\/wp-content\\\/uploads\\\/2026\\\/03\\\/A0-Nord-Lotul-1.jpg\",\"contentUrl\":\"https:\\\/\\\/buletin.de\\\/bucuresti\\\/wp-content\\\/uploads\\\/2026\\\/03\\\/A0-Nord-Lotul-1.jpg\",\"width\":1200,\"height\":659,\"caption\":\"Stadiul lucr\u0103rilor pe A0 Nord, Lotul 1. Foto: Asocia\u021bia Pro Infrastructur\u0103\"},{\"@type\":\"BreadcrumbList\",\"@id\":\"https:\\\/\\\/buletin.de\\\/bucuresti\\\/video-cum-arata-santierul-de-pe-lotul-1-al-autostrazii-de-centura-tronsonul-s-ar-putea-deschide-in-aceasta-vara\\\/#breadcrumb\",\"itemListElement\":[{\"@type\":\"ListItem\",\"position\":1,\"name\":\"Acas\u0103\",\"item\":\"https:\\\/\\\/buletin.de\\\/bucuresti\\\/\"},{\"@type\":\"ListItem\",\"position\":2,\"name\":\"VIDEO | Cum arat\u0103 \u0219antierul de pe lotul 1 al autostr\u0103zii de centur\u0103 A0 Nord. Tronsonul s-ar putea deschide \u00een aceast\u0103 var\u0103\"}]},{\"@type\":\"WebSite\",\"@id\":\"https:\\\/\\\/buletin.de\\\/bucuresti\\\/#website\",\"url\":\"https:\\\/\\\/buletin.de\\\/bucuresti\\\/\",\"name\":\"Buletin de Bucure\u0219ti\",\"description\":\"\u0218tiri \u0219i investiga\u021bii esen\u021biale din capital\u0103\",\"publisher\":{\"@id\":\"https:\\\/\\\/buletin.de\\\/bucuresti\\\/#organization\"},\"potentialAction\":[{\"@type\":\"SearchAction\",\"target\":{\"@type\":\"EntryPoint\",\"urlTemplate\":\"https:\\\/\\\/buletin.de\\\/bucuresti\\\/?s={search_term_string}\"},\"query-input\":{\"@type\":\"PropertyValueSpecification\",\"valueRequired\":true,\"valueName\":\"search_term_string\"}}],\"inLanguage\":\"en-GB\"},{\"@type\":\"Organization\",\"@id\":\"https:\\\/\\\/buletin.de\\\/bucuresti\\\/#organization\",\"name\":\"Buletin de Bucure\u0219ti\",\"url\":\"https:\\\/\\\/buletin.de\\\/bucuresti\\\/\",\"logo\":{\"@type\":\"ImageObject\",\"inLanguage\":\"en-GB\",\"@id\":\"https:\\\/\\\/buletin.de\\\/bucuresti\\\/#\\\/schema\\\/logo\\\/image\\\/\",\"url\":\"https:\\\/\\\/buletin.de\\\/bucuresti\\\/wp-content\\\/uploads\\\/logo-bdb-full-wide-vernil-transparent.png\",\"contentUrl\":\"https:\\\/\\\/buletin.de\\\/bucuresti\\\/wp-content\\\/uploads\\\/logo-bdb-full-wide-vernil-transparent.png\",\"width\":1782,\"height\":626,\"caption\":\"Buletin de Bucure\u0219ti\"},\"image\":{\"@id\":\"https:\\\/\\\/buletin.de\\\/bucuresti\\\/#\\\/schema\\\/logo\\\/image\\\/\"},\"sameAs\":[\"https:\\\/\\\/www.facebook.com\\\/buletin.de.buc\",\"https:\\\/\\\/www.instagram.com\\\/buletinde.bucuresti\\\/\"]},{\"@type\":\"Person\",\"@id\":\"https:\\\/\\\/buletin.de\\\/bucuresti\\\/#\\\/schema\\\/person\\\/81421a46fb84a0887cfd2238f5202586\",\"name\":\"Andreea St\u0103n\u0103r\u00eeng\u0103\",\"image\":{\"@type\":\"ImageObject\",\"inLanguage\":\"en-GB\",\"@id\":\"https:\\\/\\\/secure.gravatar.com\\\/avatar\\\/dfa8d227a4388fad0f0bb03add04b5b176f4da34397dbb2eadc563b3d7162ce0?s=96&d=monsterid&r=g72784372b39ffe5a98a45288fe0d0e8a\",\"url\":\"https:\\\/\\\/secure.gravatar.com\\\/avatar\\\/dfa8d227a4388fad0f0bb03add04b5b176f4da34397dbb2eadc563b3d7162ce0?s=96&d=monsterid&r=g\",\"contentUrl\":\"https:\\\/\\\/secure.gravatar.com\\\/avatar\\\/dfa8d227a4388fad0f0bb03add04b5b176f4da34397dbb2eadc563b3d7162ce0?s=96&d=monsterid&r=g\",\"caption\":\"Andreea St\u0103n\u0103r\u00eeng\u0103\"},\"description\":\"Cu o experien\u021b\u0103 de peste 5 ani \u00een pres\u0103, face parte din echipa Buletin de Bucure\u0219ti din septembrie 2025. A colaborat cu c\u00e2teva publica\u021bii, printre care \u0219i Fanatik.ro, unde s-a ocupat de \u0219tiri de lifestyle \u0219i de actualitate. A f\u0103cut un pas c\u0103tre presa local\u0103 pentru a explora Bucure\u0219tiul \u0219i pove\u0219tile care merit\u0103 spuse.\",\"url\":\"https:\\\/\\\/buletin.de\\\/bucuresti\\\/author\\\/andreea-stanaranga\\\/\"}]}<\/script>\n<!-- \/ Yoast SEO Premium plugin. -->","yoast_head_json":{"title":"VIDEO | Cum arat\u0103 \u0219antierul de pe lotul 1 al autostr\u0103zii de centur\u0103 A0 Nord. Tronsonul s-ar putea deschide \u00een aceast\u0103 var\u0103 - Buletin de Bucure\u0219ti","description":"Lucr\u0103rile de pe Lotul 1 al Autostr\u0103zii A0 Nord au avansat considerabil, iar primul tronson ar putea fi deschis circula\u021biei chiar la var\u0103.","robots":{"index":"index","follow":"follow","max-snippet":"max-snippet:-1","max-image-preview":"max-image-preview:large","max-video-preview":"max-video-preview:-1"},"canonical":"https:\/\/buletin.de\/bucuresti\/video-cum-arata-santierul-de-pe-lotul-1-al-autostrazii-de-centura-tronsonul-s-ar-putea-deschide-in-aceasta-vara\/","og_locale":"en_GB","og_type":"article","og_title":"VIDEO | Cum arat\u0103 \u0219antierul de pe lotul 1 al autostr\u0103zii de centur\u0103 A0 Nord. Tronsonul s-ar putea deschide \u00een aceast\u0103 var\u0103","og_description":"Lucr\u0103rile de pe Lotul 1 al Autostr\u0103zii A0 Nord au avansat considerabil, iar primul tronson ar putea fi deschis circula\u021biei chiar la var\u0103.","og_url":"https:\/\/buletin.de\/bucuresti\/video-cum-arata-santierul-de-pe-lotul-1-al-autostrazii-de-centura-tronsonul-s-ar-putea-deschide-in-aceasta-vara\/","og_site_name":"Buletin de Bucure\u0219ti","article_publisher":"https:\/\/www.facebook.com\/buletin.de.buc","article_published_time":"2026-03-12T17:51:34+00:00","article_modified_time":"2026-03-12T18:55:03+00:00","og_image":[{"width":1200,"height":659,"url":"https:\/\/buletin.de\/bucuresti\/wp-content\/uploads\/2026\/03\/A0-Nord-Lotul-1.jpg","type":"image\/jpeg"}],"author":"Andreea St\u0103n\u0103r\u00eeng\u0103","twitter_card":"summary_large_image","twitter_misc":{"Written by":"Andreea St\u0103n\u0103r\u00eeng\u0103","Estimated reading time":"3 minutes"},"schema":{"@context":"https:\/\/schema.org","@graph":[{"@type":"Article","@id":"https:\/\/buletin.de\/bucuresti\/video-cum-arata-santierul-de-pe-lotul-1-al-autostrazii-de-centura-tronsonul-s-ar-putea-deschide-in-aceasta-vara\/#article","isPartOf":{"@id":"https:\/\/buletin.de\/bucuresti\/video-cum-arata-santierul-de-pe-lotul-1-al-autostrazii-de-centura-tronsonul-s-ar-putea-deschide-in-aceasta-vara\/"},"author":{"name":"Andreea St\u0103n\u0103r\u00eeng\u0103","@id":"https:\/\/buletin.de\/bucuresti\/#\/schema\/person\/81421a46fb84a0887cfd2238f5202586"},"headline":"VIDEO | Cum arat\u0103 \u0219antierul de pe lotul 1 al autostr\u0103zii de centur\u0103 A0 Nord. Tronsonul s-ar putea deschide \u00een aceast\u0103 var\u0103","datePublished":"2026-03-12T17:51:34+00:00","dateModified":"2026-03-12T18:55:03+00:00","mainEntityOfPage":{"@id":"https:\/\/buletin.de\/bucuresti\/video-cum-arata-santierul-de-pe-lotul-1-al-autostrazii-de-centura-tronsonul-s-ar-putea-deschide-in-aceasta-vara\/"},"wordCount":619,"publisher":{"@id":"https:\/\/buletin.de\/bucuresti\/#organization"},"image":{"@id":"https:\/\/buletin.de\/bucuresti\/video-cum-arata-santierul-de-pe-lotul-1-al-autostrazii-de-centura-tronsonul-s-ar-putea-deschide-in-aceasta-vara\/#primaryimage"},"thumbnailUrl":"https:\/\/buletin.de\/bucuresti\/wp-content\/uploads\/2026\/03\/A0-Nord-Lotul-1.jpg","keywords":["A0","a0 nord","autostrada a0","lot 1"],"articleSection":["Articole","Main","Transport"],"inLanguage":"en-GB","copyrightYear":"2026","copyrightHolder":{"@id":"https:\/\/buletin.de\/bucuresti\/#organization"}},{"@type":"WebPage","@id":"https:\/\/buletin.de\/bucuresti\/video-cum-arata-santierul-de-pe-lotul-1-al-autostrazii-de-centura-tronsonul-s-ar-putea-deschide-in-aceasta-vara\/","url":"https:\/\/buletin.de\/bucuresti\/video-cum-arata-santierul-de-pe-lotul-1-al-autostrazii-de-centura-tronsonul-s-ar-putea-deschide-in-aceasta-vara\/","name":"VIDEO | Cum arat\u0103 \u0219antierul de pe lotul 1 al autostr\u0103zii de centur\u0103 A0 Nord. Tronsonul s-ar putea deschide \u00een aceast\u0103 var\u0103 - Buletin de Bucure\u0219ti","isPartOf":{"@id":"https:\/\/buletin.de\/bucuresti\/#website"},"primaryImageOfPage":{"@id":"https:\/\/buletin.de\/bucuresti\/video-cum-arata-santierul-de-pe-lotul-1-al-autostrazii-de-centura-tronsonul-s-ar-putea-deschide-in-aceasta-vara\/#primaryimage"},"image":{"@id":"https:\/\/buletin.de\/bucuresti\/video-cum-arata-santierul-de-pe-lotul-1-al-autostrazii-de-centura-tronsonul-s-ar-putea-deschide-in-aceasta-vara\/#primaryimage"},"thumbnailUrl":"https:\/\/buletin.de\/bucuresti\/wp-content\/uploads\/2026\/03\/A0-Nord-Lotul-1.jpg","datePublished":"2026-03-12T17:51:34+00:00","dateModified":"2026-03-12T18:55:03+00:00","description":"Lucr\u0103rile de pe Lotul 1 al Autostr\u0103zii A0 Nord au avansat considerabil, iar primul tronson ar putea fi deschis circula\u021biei chiar la var\u0103.","breadcrumb":{"@id":"https:\/\/buletin.de\/bucuresti\/video-cum-arata-santierul-de-pe-lotul-1-al-autostrazii-de-centura-tronsonul-s-ar-putea-deschide-in-aceasta-vara\/#breadcrumb"},"inLanguage":"en-GB","potentialAction":[{"@type":"ReadAction","target":["https:\/\/buletin.de\/bucuresti\/video-cum-arata-santierul-de-pe-lotul-1-al-autostrazii-de-centura-tronsonul-s-ar-putea-deschide-in-aceasta-vara\/"]}]},{"@type":"ImageObject","inLanguage":"en-GB","@id":"https:\/\/buletin.de\/bucuresti\/video-cum-arata-santierul-de-pe-lotul-1-al-autostrazii-de-centura-tronsonul-s-ar-putea-deschide-in-aceasta-vara\/#primaryimage","url":"https:\/\/buletin.de\/bucuresti\/wp-content\/uploads\/2026\/03\/A0-Nord-Lotul-1.jpg","contentUrl":"https:\/\/buletin.de\/bucuresti\/wp-content\/uploads\/2026\/03\/A0-Nord-Lotul-1.jpg","width":1200,"height":659,"caption":"Stadiul lucr\u0103rilor pe A0 Nord, Lotul 1. Foto: Asocia\u021bia Pro Infrastructur\u0103"},{"@type":"BreadcrumbList","@id":"https:\/\/buletin.de\/bucuresti\/video-cum-arata-santierul-de-pe-lotul-1-al-autostrazii-de-centura-tronsonul-s-ar-putea-deschide-in-aceasta-vara\/#breadcrumb","itemListElement":[{"@type":"ListItem","position":1,"name":"Acas\u0103","item":"https:\/\/buletin.de\/bucuresti\/"},{"@type":"ListItem","position":2,"name":"VIDEO | Cum arat\u0103 \u0219antierul de pe lotul 1 al autostr\u0103zii de centur\u0103 A0 Nord. Tronsonul s-ar putea deschide \u00een aceast\u0103 var\u0103"}]},{"@type":"WebSite","@id":"https:\/\/buletin.de\/bucuresti\/#website","url":"https:\/\/buletin.de\/bucuresti\/","name":"Buletin de Bucure\u0219ti","description":"\u0218tiri \u0219i investiga\u021bii esen\u021biale din capital\u0103","publisher":{"@id":"https:\/\/buletin.de\/bucuresti\/#organization"},"potentialAction":[{"@type":"SearchAction","target":{"@type":"EntryPoint","urlTemplate":"https:\/\/buletin.de\/bucuresti\/?s={search_term_string}"},"query-input":{"@type":"PropertyValueSpecification","valueRequired":true,"valueName":"search_term_string"}}],"inLanguage":"en-GB"},{"@type":"Organization","@id":"https:\/\/buletin.de\/bucuresti\/#organization","name":"Buletin de Bucure\u0219ti","url":"https:\/\/buletin.de\/bucuresti\/","logo":{"@type":"ImageObject","inLanguage":"en-GB","@id":"https:\/\/buletin.de\/bucuresti\/#\/schema\/logo\/image\/","url":"https:\/\/buletin.de\/bucuresti\/wp-content\/uploads\/logo-bdb-full-wide-vernil-transparent.png","contentUrl":"https:\/\/buletin.de\/bucuresti\/wp-content\/uploads\/logo-bdb-full-wide-vernil-transparent.png","width":1782,"height":626,"caption":"Buletin de Bucure\u0219ti"},"image":{"@id":"https:\/\/buletin.de\/bucuresti\/#\/schema\/logo\/image\/"},"sameAs":["https:\/\/www.facebook.com\/buletin.de.buc","https:\/\/www.instagram.com\/buletinde.bucuresti\/"]},{"@type":"Person","@id":"https:\/\/buletin.de\/bucuresti\/#\/schema\/person\/81421a46fb84a0887cfd2238f5202586","name":"Andreea St\u0103n\u0103r\u00eeng\u0103","image":{"@type":"ImageObject","inLanguage":"en-GB","@id":"https:\/\/secure.gravatar.com\/avatar\/dfa8d227a4388fad0f0bb03add04b5b176f4da34397dbb2eadc563b3d7162ce0?s=96&d=monsterid&r=g72784372b39ffe5a98a45288fe0d0e8a","url":"https:\/\/secure.gravatar.com\/avatar\/dfa8d227a4388fad0f0bb03add04b5b176f4da34397dbb2eadc563b3d7162ce0?s=96&d=monsterid&r=g","contentUrl":"https:\/\/secure.gravatar.com\/avatar\/dfa8d227a4388fad0f0bb03add04b5b176f4da34397dbb2eadc563b3d7162ce0?s=96&d=monsterid&r=g","caption":"Andreea St\u0103n\u0103r\u00eeng\u0103"},"description":"Cu o experien\u021b\u0103 de peste 5 ani \u00een pres\u0103, face parte din echipa Buletin de Bucure\u0219ti din septembrie 2025. A colaborat cu c\u00e2teva publica\u021bii, printre care \u0219i Fanatik.ro, unde s-a ocupat de \u0219tiri de lifestyle \u0219i de actualitate. A f\u0103cut un pas c\u0103tre presa local\u0103 pentru a explora Bucure\u0219tiul \u0219i pove\u0219tile care merit\u0103 spuse.","url":"https:\/\/buletin.de\/bucuresti\/author\/andreea-stanaranga\/"}]}},"authors":[{"term_id":23912,"user_id":65,"is_guest":0,"slug":"andreea-stanaranga","display_name":"Andreea St\u0103n\u0103r\u00eeng\u0103","avatar_url":"https:\/\/secure.gravatar.com\/avatar\/dfa8d227a4388fad0f0bb03add04b5b176f4da34397dbb2eadc563b3d7162ce0?s=96&d=monsterid&r=g","0":null,"1":"","2":"","3":"","4":"","5":"","6":"","7":"","8":""}],"_links":{"self":[{"href":"https:\/\/buletin.de\/bucuresti\/wp-json\/wp\/v2\/posts\/180120","targetHints":{"allow":["GET"]}}],"collection":[{"href":"https:\/\/buletin.de\/bucuresti\/wp-json\/wp\/v2\/posts"}],"about":[{"href":"https:\/\/buletin.de\/bucuresti\/wp-json\/wp\/v2\/types\/post"}],"author":[{"embeddable":true,"href":"https:\/\/buletin.de\/bucuresti\/wp-json\/wp\/v2\/users\/65"}],"replies":[{"embeddable":true,"href":"https:\/\/buletin.de\/bucuresti\/wp-json\/wp\/v2\/comments?post=180120"}],"version-history":[{"count":10,"href":"https:\/\/buletin.de\/bucuresti\/wp-json\/wp\/v2\/posts\/180120\/revisions"}],"predecessor-version":[{"id":180161,"href":"https:\/\/buletin.de\/bucuresti\/wp-json\/wp\/v2\/posts\/180120\/revisions\/180161"}],"wp:featuredmedia":[{"embeddable":true,"href":"https:\/\/buletin.de\/bucuresti\/wp-json\/wp\/v2\/media\/180127"}],"wp:attachment":[{"href":"https:\/\/buletin.de\/bucuresti\/wp-json\/wp\/v2\/media?parent=180120"}],"wp:term":[{"taxonomy":"category","embeddable":true,"href":"https:\/\/buletin.de\/bucuresti\/wp-json\/wp\/v2\/categories?post=180120"},{"taxonomy":"post_tag","embeddable":true,"href":"https:\/\/buletin.de\/bucuresti\/wp-json\/wp\/v2\/tags?post=180120"},{"taxonomy":"author","embeddable":true,"href":"https:\/\/buletin.de\/bucuresti\/wp-json\/wp\/v2\/ppma_author?post=180120"}],"curies":[{"name":"wp","href":"https:\/\/api.w.org\/{rel}","templated":true}]}}