{"id":180111,"date":"2026-03-13T05:30:00","date_gmt":"2026-03-13T02:30:00","guid":{"rendered":"https:\/\/buletin.de\/bucuresti\/?p=180111"},"modified":"2026-03-12T20:57:01","modified_gmt":"2026-03-12T17:57:01","slug":"vreme-calda-in-weekend-in-capitala-temperaturile-cresc-la-inceputu","status":"publish","type":"post","link":"https:\/\/buletin.de\/bucuresti\/vreme-calda-in-weekend-in-capitala-temperaturile-cresc-la-inceputu\/","title":{"rendered":"Vreme cald\u0103, \u00een weekend, \u00een Capital\u0103. Temperaturile cresc \u00een prima zi a s\u0103pt\u0103m\u00e2nii viitoare"},"content":{"rendered":"\n<p><strong>Vreme cald\u0103 \u0219i \u00een acest weekend, la Bucure\u0219ti. Cerul va fi mai mult noros iar v\u00e2ntul bate moderat, anun\u021b\u0103 meteorologii.<\/strong><\/p>\n\n\n\n<p><strong>Vineri, 13 martie, <\/strong>vreme cald\u0103, iar temperaturile din timpul zilei se vor situa peste cele specifice perioadei. Cerul va fi variabil, cu nori sau cea\u021b\u0103 \u00een primele ore ale zilei \u0219i \u00een a doua parte a nop\u021bii. V\u00e2ntul va sufla slab p\u00e2n\u0103 la moderat. Temperatura maxim\u0103 se va situa \u00een jurul a 14 grade, iar cea minim\u0103 va fi de -1\u20262 grade.<\/p>\n\n\n\n<p><strong>S\u00e2mb\u0103t\u0103, 14 martie, <\/strong>vremea va fi u\u0219or mai cald\u0103, dec\u00e2t \u00een mod normal pentru aceast\u0103 perioad\u0103. Cerul va fi variabil, cu nori sau cea\u021b\u0103 \u00eendeosebi diminea\u021ba \u0219i \u00een a doua parte a nop\u021bii. V\u00e2ntul va sufla slab \u0219i moderat. Temperatura maxim\u0103 va fi de 12\u202613 grade, iar cea minim\u0103 de 0\u20262 grade.<\/p>\n\n\n\n<p><strong>Duminic\u0103, 15 martie, <\/strong>valorile termice se vor situa \u00een jurul celor normale, pentru mijlocul lunii martie. Cerul va avea \u00eennor\u0103ri mai ales \u00een prima parte a zilei \u0219i noaptea c\u00e2nd vor fi \u0219i condi\u021bii de cea\u021b\u0103. V\u00e2ntul va sufla slab \u0219i moderat. Temperatura maxim\u0103 va fi de 10\u202611 grade, iar cea minim\u0103 de 0\u20261 grad.<\/p>\n\n\n\n<p><strong>CITE\u0218TE \u0218I:<\/strong> <a href=\"https:\/\/buletin.de\/bucuresti\/trustul-hackerilor-filiala-bucuresti-diicot-ancheta-in-comun-cu-procurorii-de-la-paris\/\"><strong>Trustul \u201eHackerilor\u201c, filiala Bucure\u0219ti. DIICOT, anchet\u0103 \u00een comun cu procurorii de la Paris<\/strong><\/a><\/p>\n\n\n\n<h2 class=\"wp-block-heading\" id=\"h-vreme-calda-la-inceputul-saptamanii-viitoare\">Vreme cald\u0103 la \u00eenceputul s\u0103pt\u0103m\u00e2nii viitoare<\/h2>\n\n\n\n<p><strong>Luni, 16 martie, <\/strong>vreme cald\u0103 cu temperaturi diurne ce se vor situa peste normele perioadei. Cerul va fi variabil \u0219i v\u00e2ntul va sufla slab p\u00e2n\u0103 la moderat. Temperatura maxim\u0103 va fi de 14\u202615 grade, iar cea minim\u0103 de 0\u20263 grade.<\/p>\n\n\n\n<p>\u00cen intervalul\u00a017-20 martie 2026, \u00een primele dou\u0103 zile vremea va fi predominant frumoas\u0103 \u0219i mai cald\u0103 dec\u00e2t \u00een mod obi\u0219nuit \u00een a doua jum\u0103tate a lunii martie. La finalul perioadei, temperaturile mai scad si sunt posibile ploi.<\/p>\n\n\n\n<p><strong>CITE\u0218TE \u0218I:<\/strong> <a href=\"https:\/\/buletin.de\/bucuresti\/interimatele-politice-de-la-teatrele-din-bucuresti-pentru-cele-46-de-milioane-de-euro-se-prelungesc-comisia-pentru-concursuri-se-alege-abia-din-aprilie\/\"><strong>Interimatele politice de la teatrele din Bucure\u0219ti pentru cele 46 de milioane de euro se prelungesc. Comisia pentru concursuri se alege abia din aprilie<\/strong><\/a><\/p>\n\n\n\n<p><\/p>\n","protected":false},"excerpt":{"rendered":"<p>Vreme cald\u0103 \u0219i \u00een acest weekend, la Bucure\u0219ti. Cerul va fi mai mult noros iar v\u00e2ntul bate moderat, anun\u021b\u0103 meteorologii. Vineri, 13 martie, vreme cald\u0103, iar temperaturile din timpul zilei se vor situa peste cele specifice perioadei. Cerul va fi variabil, cu nori sau cea\u021b\u0103 \u00een primele ore ale zilei \u0219i \u00een a doua parte [&hellip;]<\/p>\n","protected":false},"author":49,"featured_media":153379,"comment_status":"closed","ping_status":"open","sticky":false,"template":"","format":"standard","meta":{"_acf_changed":false,"inline_featured_image":false,"ngg_post_thumbnail":0,"footnotes":""},"categories":[6994,62],"tags":[5928,5228,6148,10452],"ppma_author":[22574],"class_list":["post-180111","post","type-post","status-publish","format-standard","has-post-thumbnail","hentry","category-stiri-2","category-stiri","tag-anm-prognoza-meteo","tag-meteo","tag-prognoza-anm","tag-temperaturi-bucuresti"],"acf":[],"yoast_head":"<!-- This site is optimized with the Yoast SEO Premium plugin v25.3 (Yoast SEO v27.4) - https:\/\/yoast.com\/product\/yoast-seo-premium-wordpress\/ -->\n<title>Vreme cald\u0103, \u00een weekend, \u00een Capital\u0103. Temperaturile cresc \u00een prima zi a s\u0103pt\u0103m\u00e2nii viitoare - Buletin de Bucure\u0219ti<\/title>\n<meta name=\"description\" content=\"Vreme cald\u0103 \u0219i \u00een acest weekend, la Bucure\u0219ti. Cerul va fi, \u00eens\u0103, mai mult noros iar v\u00e2ntul bate moderat, anun\u021b\u0103 meteorologii.\" \/>\n<meta name=\"robots\" content=\"index, follow, max-snippet:-1, max-image-preview:large, max-video-preview:-1\" \/>\n<link rel=\"canonical\" href=\"https:\/\/buletin.de\/bucuresti\/vreme-calda-in-weekend-in-capitala-temperaturile-cresc-la-inceputu\/\" \/>\n<meta property=\"og:locale\" content=\"en_GB\" \/>\n<meta property=\"og:type\" content=\"article\" \/>\n<meta property=\"og:title\" content=\"Vreme cald\u0103, \u00een weekend, \u00een Capital\u0103. Temperaturile cresc \u00een prima zi a s\u0103pt\u0103m\u00e2nii viitoare\" \/>\n<meta property=\"og:description\" content=\"Vreme cald\u0103 \u0219i \u00een acest weekend, la Bucure\u0219ti. Cerul va fi, \u00eens\u0103, mai mult noros iar v\u00e2ntul bate moderat, anun\u021b\u0103 meteorologii.\" \/>\n<meta property=\"og:url\" content=\"https:\/\/buletin.de\/bucuresti\/vreme-calda-in-weekend-in-capitala-temperaturile-cresc-la-inceputu\/\" \/>\n<meta property=\"og:site_name\" content=\"Buletin de Bucure\u0219ti\" \/>\n<meta property=\"article:publisher\" content=\"https:\/\/www.facebook.com\/buletin.de.buc\" \/>\n<meta property=\"article:published_time\" content=\"2026-03-13T02:30:00+00:00\" \/>\n<meta property=\"og:image\" content=\"https:\/\/buletin.de\/bucuresti\/wp-content\/uploads\/2025\/10\/unnamed-scaled.jpg\" \/>\n\t<meta property=\"og:image:width\" content=\"2560\" \/>\n\t<meta property=\"og:image:height\" content=\"2560\" \/>\n\t<meta property=\"og:image:type\" content=\"image\/jpeg\" \/>\n<meta name=\"author\" content=\"Diana Matei\" \/>\n<meta name=\"twitter:card\" content=\"summary_large_image\" \/>\n<meta name=\"twitter:label1\" content=\"Written by\" \/>\n\t<meta name=\"twitter:data1\" content=\"Diana Matei\" \/>\n\t<meta name=\"twitter:label2\" content=\"Estimated reading time\" \/>\n\t<meta name=\"twitter:data2\" content=\"2 minutes\" \/>\n<script type=\"application\/ld+json\" class=\"yoast-schema-graph\">{\"@context\":\"https:\\\/\\\/schema.org\",\"@graph\":[{\"@type\":\"Article\",\"@id\":\"https:\\\/\\\/buletin.de\\\/bucuresti\\\/vreme-calda-in-weekend-in-capitala-temperaturile-cresc-la-inceputu\\\/#article\",\"isPartOf\":{\"@id\":\"https:\\\/\\\/buletin.de\\\/bucuresti\\\/vreme-calda-in-weekend-in-capitala-temperaturile-cresc-la-inceputu\\\/\"},\"author\":{\"name\":\"Diana Matei\",\"@id\":\"https:\\\/\\\/buletin.de\\\/bucuresti\\\/#\\\/schema\\\/person\\\/7e46040573290777280a0835d81ea4ea\"},\"headline\":\"Vreme cald\u0103, \u00een weekend, \u00een Capital\u0103. Temperaturile cresc \u00een prima zi a s\u0103pt\u0103m\u00e2nii viitoare\",\"datePublished\":\"2026-03-13T02:30:00+00:00\",\"mainEntityOfPage\":{\"@id\":\"https:\\\/\\\/buletin.de\\\/bucuresti\\\/vreme-calda-in-weekend-in-capitala-temperaturile-cresc-la-inceputu\\\/\"},\"wordCount\":346,\"publisher\":{\"@id\":\"https:\\\/\\\/buletin.de\\\/bucuresti\\\/#organization\"},\"image\":{\"@id\":\"https:\\\/\\\/buletin.de\\\/bucuresti\\\/vreme-calda-in-weekend-in-capitala-temperaturile-cresc-la-inceputu\\\/#primaryimage\"},\"thumbnailUrl\":\"https:\\\/\\\/buletin.de\\\/bucuresti\\\/wp-content\\\/uploads\\\/2025\\\/10\\\/unnamed-scaled.jpg\",\"keywords\":[\"anm prognoza meteo\",\"Meteo\",\"prognoza anm\",\"temperaturi Bucuresti\"],\"articleSection\":[\"Articole\",\"\u0218tiri\"],\"inLanguage\":\"en-GB\",\"copyrightYear\":\"2026\",\"copyrightHolder\":{\"@id\":\"https:\\\/\\\/buletin.de\\\/bucuresti\\\/#organization\"}},{\"@type\":\"WebPage\",\"@id\":\"https:\\\/\\\/buletin.de\\\/bucuresti\\\/vreme-calda-in-weekend-in-capitala-temperaturile-cresc-la-inceputu\\\/\",\"url\":\"https:\\\/\\\/buletin.de\\\/bucuresti\\\/vreme-calda-in-weekend-in-capitala-temperaturile-cresc-la-inceputu\\\/\",\"name\":\"Vreme cald\u0103, \u00een weekend, \u00een Capital\u0103. Temperaturile cresc \u00een prima zi a s\u0103pt\u0103m\u00e2nii viitoare - Buletin de Bucure\u0219ti\",\"isPartOf\":{\"@id\":\"https:\\\/\\\/buletin.de\\\/bucuresti\\\/#website\"},\"primaryImageOfPage\":{\"@id\":\"https:\\\/\\\/buletin.de\\\/bucuresti\\\/vreme-calda-in-weekend-in-capitala-temperaturile-cresc-la-inceputu\\\/#primaryimage\"},\"image\":{\"@id\":\"https:\\\/\\\/buletin.de\\\/bucuresti\\\/vreme-calda-in-weekend-in-capitala-temperaturile-cresc-la-inceputu\\\/#primaryimage\"},\"thumbnailUrl\":\"https:\\\/\\\/buletin.de\\\/bucuresti\\\/wp-content\\\/uploads\\\/2025\\\/10\\\/unnamed-scaled.jpg\",\"datePublished\":\"2026-03-13T02:30:00+00:00\",\"description\":\"Vreme cald\u0103 \u0219i \u00een acest weekend, la Bucure\u0219ti. Cerul va fi, \u00eens\u0103, mai mult noros iar v\u00e2ntul bate moderat, anun\u021b\u0103 meteorologii.\",\"breadcrumb\":{\"@id\":\"https:\\\/\\\/buletin.de\\\/bucuresti\\\/vreme-calda-in-weekend-in-capitala-temperaturile-cresc-la-inceputu\\\/#breadcrumb\"},\"inLanguage\":\"en-GB\",\"potentialAction\":[{\"@type\":\"ReadAction\",\"target\":[\"https:\\\/\\\/buletin.de\\\/bucuresti\\\/vreme-calda-in-weekend-in-capitala-temperaturile-cresc-la-inceputu\\\/\"]}]},{\"@type\":\"ImageObject\",\"inLanguage\":\"en-GB\",\"@id\":\"https:\\\/\\\/buletin.de\\\/bucuresti\\\/vreme-calda-in-weekend-in-capitala-temperaturile-cresc-la-inceputu\\\/#primaryimage\",\"url\":\"https:\\\/\\\/buletin.de\\\/bucuresti\\\/wp-content\\\/uploads\\\/2025\\\/10\\\/unnamed-scaled.jpg\",\"contentUrl\":\"https:\\\/\\\/buletin.de\\\/bucuresti\\\/wp-content\\\/uploads\\\/2025\\\/10\\\/unnamed-scaled.jpg\",\"width\":2560,\"height\":2560,\"caption\":\"Vreme cald\u0103, \u00een weekend, \u00een Capital\u0103. Temperaturile cresc \u00een prima zi a s\u0103pt\u0103m\u00e2nii viitoare. FOTO: BdB\"},{\"@type\":\"BreadcrumbList\",\"@id\":\"https:\\\/\\\/buletin.de\\\/bucuresti\\\/vreme-calda-in-weekend-in-capitala-temperaturile-cresc-la-inceputu\\\/#breadcrumb\",\"itemListElement\":[{\"@type\":\"ListItem\",\"position\":1,\"name\":\"Acas\u0103\",\"item\":\"https:\\\/\\\/buletin.de\\\/bucuresti\\\/\"},{\"@type\":\"ListItem\",\"position\":2,\"name\":\"Vreme cald\u0103, \u00een weekend, \u00een Capital\u0103. Temperaturile cresc \u00een prima zi a s\u0103pt\u0103m\u00e2nii viitoare\"}]},{\"@type\":\"WebSite\",\"@id\":\"https:\\\/\\\/buletin.de\\\/bucuresti\\\/#website\",\"url\":\"https:\\\/\\\/buletin.de\\\/bucuresti\\\/\",\"name\":\"Buletin de Bucure\u0219ti\",\"description\":\"\u0218tiri \u0219i investiga\u021bii esen\u021biale din capital\u0103\",\"publisher\":{\"@id\":\"https:\\\/\\\/buletin.de\\\/bucuresti\\\/#organization\"},\"potentialAction\":[{\"@type\":\"SearchAction\",\"target\":{\"@type\":\"EntryPoint\",\"urlTemplate\":\"https:\\\/\\\/buletin.de\\\/bucuresti\\\/?s={search_term_string}\"},\"query-input\":{\"@type\":\"PropertyValueSpecification\",\"valueRequired\":true,\"valueName\":\"search_term_string\"}}],\"inLanguage\":\"en-GB\"},{\"@type\":\"Organization\",\"@id\":\"https:\\\/\\\/buletin.de\\\/bucuresti\\\/#organization\",\"name\":\"Buletin de Bucure\u0219ti\",\"url\":\"https:\\\/\\\/buletin.de\\\/bucuresti\\\/\",\"logo\":{\"@type\":\"ImageObject\",\"inLanguage\":\"en-GB\",\"@id\":\"https:\\\/\\\/buletin.de\\\/bucuresti\\\/#\\\/schema\\\/logo\\\/image\\\/\",\"url\":\"https:\\\/\\\/buletin.de\\\/bucuresti\\\/wp-content\\\/uploads\\\/logo-bdb-full-wide-vernil-transparent.png\",\"contentUrl\":\"https:\\\/\\\/buletin.de\\\/bucuresti\\\/wp-content\\\/uploads\\\/logo-bdb-full-wide-vernil-transparent.png\",\"width\":1782,\"height\":626,\"caption\":\"Buletin de Bucure\u0219ti\"},\"image\":{\"@id\":\"https:\\\/\\\/buletin.de\\\/bucuresti\\\/#\\\/schema\\\/logo\\\/image\\\/\"},\"sameAs\":[\"https:\\\/\\\/www.facebook.com\\\/buletin.de.buc\",\"https:\\\/\\\/www.instagram.com\\\/buletinde.bucuresti\\\/\"]},{\"@type\":\"Person\",\"@id\":\"https:\\\/\\\/buletin.de\\\/bucuresti\\\/#\\\/schema\\\/person\\\/7e46040573290777280a0835d81ea4ea\",\"name\":\"Diana Matei\",\"image\":{\"@type\":\"ImageObject\",\"inLanguage\":\"en-GB\",\"@id\":\"https:\\\/\\\/buletin.de\\\/bucuresti\\\/wp-content\\\/uploads\\\/9-2-96x96.jpg1e8590b30871d70e62ebcdaf2eff570c\",\"url\":\"https:\\\/\\\/buletin.de\\\/bucuresti\\\/wp-content\\\/uploads\\\/9-2-96x96.jpg\",\"contentUrl\":\"https:\\\/\\\/buletin.de\\\/bucuresti\\\/wp-content\\\/uploads\\\/9-2-96x96.jpg\",\"caption\":\"Diana Matei\"},\"url\":\"https:\\\/\\\/buletin.de\\\/bucuresti\\\/author\\\/dianamatei\\\/\"}]}<\/script>\n<!-- \/ Yoast SEO Premium plugin. -->","yoast_head_json":{"title":"Vreme cald\u0103, \u00een weekend, \u00een Capital\u0103. Temperaturile cresc \u00een prima zi a s\u0103pt\u0103m\u00e2nii viitoare - Buletin de Bucure\u0219ti","description":"Vreme cald\u0103 \u0219i \u00een acest weekend, la Bucure\u0219ti. Cerul va fi, \u00eens\u0103, mai mult noros iar v\u00e2ntul bate moderat, anun\u021b\u0103 meteorologii.","robots":{"index":"index","follow":"follow","max-snippet":"max-snippet:-1","max-image-preview":"max-image-preview:large","max-video-preview":"max-video-preview:-1"},"canonical":"https:\/\/buletin.de\/bucuresti\/vreme-calda-in-weekend-in-capitala-temperaturile-cresc-la-inceputu\/","og_locale":"en_GB","og_type":"article","og_title":"Vreme cald\u0103, \u00een weekend, \u00een Capital\u0103. Temperaturile cresc \u00een prima zi a s\u0103pt\u0103m\u00e2nii viitoare","og_description":"Vreme cald\u0103 \u0219i \u00een acest weekend, la Bucure\u0219ti. Cerul va fi, \u00eens\u0103, mai mult noros iar v\u00e2ntul bate moderat, anun\u021b\u0103 meteorologii.","og_url":"https:\/\/buletin.de\/bucuresti\/vreme-calda-in-weekend-in-capitala-temperaturile-cresc-la-inceputu\/","og_site_name":"Buletin de Bucure\u0219ti","article_publisher":"https:\/\/www.facebook.com\/buletin.de.buc","article_published_time":"2026-03-13T02:30:00+00:00","og_image":[{"width":2560,"height":2560,"url":"https:\/\/buletin.de\/bucuresti\/wp-content\/uploads\/2025\/10\/unnamed-scaled.jpg","type":"image\/jpeg"}],"author":"Diana Matei","twitter_card":"summary_large_image","twitter_misc":{"Written by":"Diana Matei","Estimated reading time":"2 minutes"},"schema":{"@context":"https:\/\/schema.org","@graph":[{"@type":"Article","@id":"https:\/\/buletin.de\/bucuresti\/vreme-calda-in-weekend-in-capitala-temperaturile-cresc-la-inceputu\/#article","isPartOf":{"@id":"https:\/\/buletin.de\/bucuresti\/vreme-calda-in-weekend-in-capitala-temperaturile-cresc-la-inceputu\/"},"author":{"name":"Diana Matei","@id":"https:\/\/buletin.de\/bucuresti\/#\/schema\/person\/7e46040573290777280a0835d81ea4ea"},"headline":"Vreme cald\u0103, \u00een weekend, \u00een Capital\u0103. Temperaturile cresc \u00een prima zi a s\u0103pt\u0103m\u00e2nii viitoare","datePublished":"2026-03-13T02:30:00+00:00","mainEntityOfPage":{"@id":"https:\/\/buletin.de\/bucuresti\/vreme-calda-in-weekend-in-capitala-temperaturile-cresc-la-inceputu\/"},"wordCount":346,"publisher":{"@id":"https:\/\/buletin.de\/bucuresti\/#organization"},"image":{"@id":"https:\/\/buletin.de\/bucuresti\/vreme-calda-in-weekend-in-capitala-temperaturile-cresc-la-inceputu\/#primaryimage"},"thumbnailUrl":"https:\/\/buletin.de\/bucuresti\/wp-content\/uploads\/2025\/10\/unnamed-scaled.jpg","keywords":["anm prognoza meteo","Meteo","prognoza anm","temperaturi Bucuresti"],"articleSection":["Articole","\u0218tiri"],"inLanguage":"en-GB","copyrightYear":"2026","copyrightHolder":{"@id":"https:\/\/buletin.de\/bucuresti\/#organization"}},{"@type":"WebPage","@id":"https:\/\/buletin.de\/bucuresti\/vreme-calda-in-weekend-in-capitala-temperaturile-cresc-la-inceputu\/","url":"https:\/\/buletin.de\/bucuresti\/vreme-calda-in-weekend-in-capitala-temperaturile-cresc-la-inceputu\/","name":"Vreme cald\u0103, \u00een weekend, \u00een Capital\u0103. Temperaturile cresc \u00een prima zi a s\u0103pt\u0103m\u00e2nii viitoare - Buletin de Bucure\u0219ti","isPartOf":{"@id":"https:\/\/buletin.de\/bucuresti\/#website"},"primaryImageOfPage":{"@id":"https:\/\/buletin.de\/bucuresti\/vreme-calda-in-weekend-in-capitala-temperaturile-cresc-la-inceputu\/#primaryimage"},"image":{"@id":"https:\/\/buletin.de\/bucuresti\/vreme-calda-in-weekend-in-capitala-temperaturile-cresc-la-inceputu\/#primaryimage"},"thumbnailUrl":"https:\/\/buletin.de\/bucuresti\/wp-content\/uploads\/2025\/10\/unnamed-scaled.jpg","datePublished":"2026-03-13T02:30:00+00:00","description":"Vreme cald\u0103 \u0219i \u00een acest weekend, la Bucure\u0219ti. Cerul va fi, \u00eens\u0103, mai mult noros iar v\u00e2ntul bate moderat, anun\u021b\u0103 meteorologii.","breadcrumb":{"@id":"https:\/\/buletin.de\/bucuresti\/vreme-calda-in-weekend-in-capitala-temperaturile-cresc-la-inceputu\/#breadcrumb"},"inLanguage":"en-GB","potentialAction":[{"@type":"ReadAction","target":["https:\/\/buletin.de\/bucuresti\/vreme-calda-in-weekend-in-capitala-temperaturile-cresc-la-inceputu\/"]}]},{"@type":"ImageObject","inLanguage":"en-GB","@id":"https:\/\/buletin.de\/bucuresti\/vreme-calda-in-weekend-in-capitala-temperaturile-cresc-la-inceputu\/#primaryimage","url":"https:\/\/buletin.de\/bucuresti\/wp-content\/uploads\/2025\/10\/unnamed-scaled.jpg","contentUrl":"https:\/\/buletin.de\/bucuresti\/wp-content\/uploads\/2025\/10\/unnamed-scaled.jpg","width":2560,"height":2560,"caption":"Vreme cald\u0103, \u00een weekend, \u00een Capital\u0103. Temperaturile cresc \u00een prima zi a s\u0103pt\u0103m\u00e2nii viitoare. FOTO: BdB"},{"@type":"BreadcrumbList","@id":"https:\/\/buletin.de\/bucuresti\/vreme-calda-in-weekend-in-capitala-temperaturile-cresc-la-inceputu\/#breadcrumb","itemListElement":[{"@type":"ListItem","position":1,"name":"Acas\u0103","item":"https:\/\/buletin.de\/bucuresti\/"},{"@type":"ListItem","position":2,"name":"Vreme cald\u0103, \u00een weekend, \u00een Capital\u0103. Temperaturile cresc \u00een prima zi a s\u0103pt\u0103m\u00e2nii viitoare"}]},{"@type":"WebSite","@id":"https:\/\/buletin.de\/bucuresti\/#website","url":"https:\/\/buletin.de\/bucuresti\/","name":"Buletin de Bucure\u0219ti","description":"\u0218tiri \u0219i investiga\u021bii esen\u021biale din capital\u0103","publisher":{"@id":"https:\/\/buletin.de\/bucuresti\/#organization"},"potentialAction":[{"@type":"SearchAction","target":{"@type":"EntryPoint","urlTemplate":"https:\/\/buletin.de\/bucuresti\/?s={search_term_string}"},"query-input":{"@type":"PropertyValueSpecification","valueRequired":true,"valueName":"search_term_string"}}],"inLanguage":"en-GB"},{"@type":"Organization","@id":"https:\/\/buletin.de\/bucuresti\/#organization","name":"Buletin de Bucure\u0219ti","url":"https:\/\/buletin.de\/bucuresti\/","logo":{"@type":"ImageObject","inLanguage":"en-GB","@id":"https:\/\/buletin.de\/bucuresti\/#\/schema\/logo\/image\/","url":"https:\/\/buletin.de\/bucuresti\/wp-content\/uploads\/logo-bdb-full-wide-vernil-transparent.png","contentUrl":"https:\/\/buletin.de\/bucuresti\/wp-content\/uploads\/logo-bdb-full-wide-vernil-transparent.png","width":1782,"height":626,"caption":"Buletin de Bucure\u0219ti"},"image":{"@id":"https:\/\/buletin.de\/bucuresti\/#\/schema\/logo\/image\/"},"sameAs":["https:\/\/www.facebook.com\/buletin.de.buc","https:\/\/www.instagram.com\/buletinde.bucuresti\/"]},{"@type":"Person","@id":"https:\/\/buletin.de\/bucuresti\/#\/schema\/person\/7e46040573290777280a0835d81ea4ea","name":"Diana Matei","image":{"@type":"ImageObject","inLanguage":"en-GB","@id":"https:\/\/buletin.de\/bucuresti\/wp-content\/uploads\/9-2-96x96.jpg1e8590b30871d70e62ebcdaf2eff570c","url":"https:\/\/buletin.de\/bucuresti\/wp-content\/uploads\/9-2-96x96.jpg","contentUrl":"https:\/\/buletin.de\/bucuresti\/wp-content\/uploads\/9-2-96x96.jpg","caption":"Diana Matei"},"url":"https:\/\/buletin.de\/bucuresti\/author\/dianamatei\/"}]}},"authors":[{"term_id":22574,"user_id":49,"is_guest":0,"slug":"dianamatei","display_name":"Diana Matei","avatar_url":"https:\/\/buletin.de\/bucuresti\/wp-content\/uploads\/9-2-96x96.jpg","0":null,"1":"","2":"","3":"","4":"","5":"","6":"","7":"","8":""}],"_links":{"self":[{"href":"https:\/\/buletin.de\/bucuresti\/wp-json\/wp\/v2\/posts\/180111","targetHints":{"allow":["GET"]}}],"collection":[{"href":"https:\/\/buletin.de\/bucuresti\/wp-json\/wp\/v2\/posts"}],"about":[{"href":"https:\/\/buletin.de\/bucuresti\/wp-json\/wp\/v2\/types\/post"}],"author":[{"embeddable":true,"href":"https:\/\/buletin.de\/bucuresti\/wp-json\/wp\/v2\/users\/49"}],"replies":[{"embeddable":true,"href":"https:\/\/buletin.de\/bucuresti\/wp-json\/wp\/v2\/comments?post=180111"}],"version-history":[{"count":4,"href":"https:\/\/buletin.de\/bucuresti\/wp-json\/wp\/v2\/posts\/180111\/revisions"}],"predecessor-version":[{"id":180143,"href":"https:\/\/buletin.de\/bucuresti\/wp-json\/wp\/v2\/posts\/180111\/revisions\/180143"}],"wp:featuredmedia":[{"embeddable":true,"href":"https:\/\/buletin.de\/bucuresti\/wp-json\/wp\/v2\/media\/153379"}],"wp:attachment":[{"href":"https:\/\/buletin.de\/bucuresti\/wp-json\/wp\/v2\/media?parent=180111"}],"wp:term":[{"taxonomy":"category","embeddable":true,"href":"https:\/\/buletin.de\/bucuresti\/wp-json\/wp\/v2\/categories?post=180111"},{"taxonomy":"post_tag","embeddable":true,"href":"https:\/\/buletin.de\/bucuresti\/wp-json\/wp\/v2\/tags?post=180111"},{"taxonomy":"author","embeddable":true,"href":"https:\/\/buletin.de\/bucuresti\/wp-json\/wp\/v2\/ppma_author?post=180111"}],"curies":[{"name":"wp","href":"https:\/\/api.w.org\/{rel}","templated":true}]}}