{"id":180108,"date":"2026-03-12T20:01:10","date_gmt":"2026-03-12T17:01:10","guid":{"rendered":"https:\/\/buletin.de\/bucuresti\/?p=180108"},"modified":"2026-03-12T20:01:11","modified_gmt":"2026-03-12T17:01:11","slug":"trustul-hackerilor-filiala-bucuresti-diicot-ancheta-in-comun-cu-procurorii-de-la-paris","status":"publish","type":"post","link":"https:\/\/buletin.de\/bucuresti\/trustul-hackerilor-filiala-bucuresti-diicot-ancheta-in-comun-cu-procurorii-de-la-paris\/","title":{"rendered":"Trustul \u201eHackerilor\u201c, filiala Bucure\u0219ti. DIICOT, anchet\u0103 \u00een comun cu procurorii de la Paris"},"content":{"rendered":"\n<p><strong>Procurorii DIICOT au colaborat cu autorit\u0103\u021bile de la Paris miercuri, la o anchet\u0103 care vizeaz\u0103 trustul \u201eHackerilor\u201d, o re\u021bea global\u0103 suspectat\u0103 c\u0103 furniza servicii de anonimizare pe internet pentru infractori cibernetici din toat\u0103 lumea. <\/strong><\/p>\n\n\n\n<p>La data de 11 martie 2026, procurorii Direc\u021biei de Investigare a Infrac\u021biunilor de Criminalitate Organizat\u0103 \u0219i Terorism \u2013 Structura Central\u0103, \u00eempreun\u0103 cu poli\u021bi\u0219ti ai Direc\u021biei de Combatere a Criminalit\u0103\u021bii Organizate \u2013 Serviciul de Combatere a Criminalit\u0103\u021bii Informatice, au pus \u00een aplicare un Ordin European de Anchet\u0103 emis de autorit\u0103\u021bile judiciare din Fran\u021ba, respectiv Parchetul Tribunalului Judiciar din Paris. <\/p>\n\n\n\n<p><strong>Ancheta vizeaz\u0103 mai multe infrac\u021biuni, precum constituirea unui grup infrac\u021bional organizat, acces ilegal la sisteme informatice, alterarea integrit\u0103\u021bii datelor informatice, perturbarea func\u021bion\u0103rii sistemelor informatice, precum \u0219i utilizarea ilegal\u0103 de programe sau dispozitive informatice, potrivit <a href=\"https:\/\/www.diicot.ro\/mass-media\/6184-comunicat-de-presa-4-12-03-2026\" type=\"link\" id=\"https:\/\/www.diicot.ro\/mass-media\/6184-comunicat-de-presa-4-12-03-2026\" target=\"_blank\" rel=\"noreferrer noopener\"><strong>comunicatului <\/strong>DIICOT<\/a>.<\/strong><\/p>\n\n\n\n<h2 class=\"wp-block-heading\" id=\"h-trustul-hackerilor-la-bucure\u0219ti-servicii-de-ip-proxy-pentru-infractorii-cibernetici\">Trustul \u201eHackerilor\u201d la Bucure\u0219ti: servicii de IP proxy pentru infractorii cibernetici <\/h2>\n\n\n\n<p>Activitatea din Rom\u00e2nia s-a desf\u0103\u0219urat simultan cu ac\u021biuni similare de pe teritoriul altor 7 state, sub coordonarea Eurojust \u0219i Europol. Ancheta a vizat un site care ar fi oferit servicii de IP proxy pentru hackeri \u00een 102 \u021b\u0103ri.<\/p>\n\n\n\n<p><strong>Site-ul oferea un serviciu IP proxy contra cost, folosit pentru a ascunde adresele IP reale prin acces la adrese IP existente \u00een \u00eentreaga lume.<\/strong> Accesul la adrese IP era posibil prin infectarea modemurilor din toat\u0103 lumea, apar\u021bin\u00e2nd unor persoane fizice sau organiza\u021bii, cu programe malware. <\/p>\n\n\n\n<p>Dup\u0103 infectare, proprietarii modemurilor nu \u0219tiau despre faptul c\u0103 adresele lor IP erau utilizate pentru <a href=\"https:\/\/buletin.de\/bucuresti\/atacul-hackerilor-asupra-sectorului-5-piedone-jr-angajeaza-o-firma-pentru-a-afla-impactul-furtului-datelor-personale-contractul-atribuit-dupa-investigatia-buletin-de-bucuresti-si-snoop\/\" type=\"link\" id=\"https:\/\/buletin.de\/bucuresti\/atacul-hackerilor-asupra-sectorului-5-piedone-jr-angajeaza-o-firma-pentru-a-afla-impactul-furtului-datelor-personale-contractul-atribuit-dupa-investigatia-buletin-de-bucuresti-si-snoop\/\" target=\"_blank\" rel=\"noreferrer noopener\">activit\u0103\u021bi ilegale<\/a>. Serviciul a compromis <strong>369.000 de routere <\/strong>\u0219i alte dispozitive din 163 de \u021b\u0103ri \u0219i avea <strong>aproximativ 124.000 de utilizatori.<\/strong><\/p>\n\n\n\n<p>Pentru a avea acces la serviciul proxy, clien\u021bii aveau de efectuat pl\u0103\u021bi prin intermediul unei platforme de plat\u0103. Aceasta permitea plata anonim\u0103 pentru serviciu, utiliz\u00e2nd criptomonede. <\/p>\n\n\n\n<p><strong>Se estimeaz\u0103 c\u0103 platforma a primit peste 5 milioane de euro de la clien\u021bii serviciului proxy, potrivit datelor existente la acest moment. <\/strong><\/p>\n\n\n\n<p>Serverele utilizate pentru r\u0103sp\u00e2ndirea malware-ului erau localizate \u00een Fran\u021ba, Germania, Ungaria, \u021a\u0103rile de Jos, Rom\u00e2nia \u0219i Statele Unite. <\/p>\n\n\n\n<h2 class=\"wp-block-heading\" id=\"h-opera\u021biune-desfa\u0219urata-in-opt-state\">Opera\u021biune desf\u0103\u0219urat\u0103 \u00een opt state <\/h2>\n\n\n\n<p>Cooperarea judiciar\u0103 a fost coordonat\u0103 de Eurojust. \u00cen ziua ac\u021biunii, Europol a g\u0103zduit un Post de Comand\u0103 Virtual la sediul s\u0103u din Haga, pentru a sprijini coordonarea \u00eentre autorit\u0103\u021bile implicate. <\/p>\n\n\n\n<p><strong>\u00cen urma ac\u021biunii, s-a reu\u0219it dezactivarea a 20 de servere \u00een \u0219apte \u021b\u0103ri \u0219i confiscarea a 34 de domenii.<\/strong> Modemurile infectatea pentru furnizarea serviciului proxy au fost deconectate de la serviciu. De asemenea, autorit\u0103\u021bile din SUA au reu\u0219it s\u0103 blocheze aproximativ 3,5 milioane de euro \u00een criptomonede. <\/p>\n\n\n\n<p><strong>\u00cen cadrul ac\u021biunii din Rom\u00e2nia, s-au ob\u021binut informa\u021bii despre utilizatori \u0219i mijloace de plat\u0103 \u0219i au fost luate m\u0103surile tehnice necesare care au contribuit la deconectarea unuia dintre serverele vizate. <\/strong><\/p>\n\n\n\n<p>CITE\u0218TE \u0218I <a href=\"https:\/\/buletin.de\/bucuresti\/inca-6-milioane-de-euro-de-la-cetatenii-sectorului-3-pentru-societatea-de-salubritate-si-dezapezire-controlata-de-robert-negoita\/\" target=\"_blank\" rel=\"noreferrer noopener\">\u00cenc\u0103 6 milioane de euro de la cet\u0103\u021benii Sectorului 3 pentru societatea de salubritate \u0219i desz\u0103pezire controlat\u0103 de Robert Negoi\u021b\u0103<\/a><\/p>\n","protected":false},"excerpt":{"rendered":"<p>Procurorii DIICOT au colaborat cu autorit\u0103\u021bile de la Paris miercuri, la o anchet\u0103 care vizeaz\u0103 trustul \u201eHackerilor\u201d, o re\u021bea global\u0103 suspectat\u0103 c\u0103 furniza servicii de anonimizare pe internet pentru infractori cibernetici din toat\u0103 lumea. La data de 11 martie 2026, procurorii Direc\u021biei de Investigare a Infrac\u021biunilor de Criminalitate Organizat\u0103 \u0219i Terorism \u2013 Structura Central\u0103, \u00eempreun\u0103 [&hellip;]<\/p>\n","protected":false},"author":1,"featured_media":180115,"comment_status":"closed","ping_status":"open","sticky":false,"template":"","format":"standard","meta":{"_acf_changed":false,"inline_featured_image":false,"ngg_post_thumbnail":0,"footnotes":""},"categories":[6994,9026,62],"tags":[612,1367,3048,16679,27036],"ppma_author":[22583],"class_list":["post-180108","post","type-post","status-publish","format-standard","has-post-thumbnail","hentry","category-stiri-2","category-eveniment","category-stiri","tag-ancheta","tag-diicot","tag-europol","tag-hackeri","tag-hackeri-diicot"],"acf":[],"yoast_head":"<!-- This site is optimized with the Yoast SEO Premium plugin v25.3 (Yoast SEO v27.4) - https:\/\/yoast.com\/product\/yoast-seo-premium-wordpress\/ -->\n<title>Trustul \u201eHackerilor\u201c, filiala Bucure\u0219ti. DIICOT, anchet\u0103 \u00een comun cu procurorii de la Paris - Buletin de Bucure\u0219ti<\/title>\n<meta name=\"description\" content=\"Procurorii DIICOT au colaborat cu autorit\u0103\u021bile de la Paris miercuri, la o anchet\u0103 care vizeaz\u0103 trustul \u201eHackerilor\u201d.\" \/>\n<meta name=\"robots\" content=\"index, follow, max-snippet:-1, max-image-preview:large, max-video-preview:-1\" \/>\n<link rel=\"canonical\" href=\"https:\/\/buletin.de\/bucuresti\/trustul-hackerilor-filiala-bucuresti-diicot-ancheta-in-comun-cu-procurorii-de-la-paris\/\" \/>\n<meta property=\"og:locale\" content=\"en_GB\" \/>\n<meta property=\"og:type\" content=\"article\" \/>\n<meta property=\"og:title\" content=\"Trustul \u201eHackerilor\u201c, filiala Bucure\u0219ti. DIICOT, anchet\u0103 \u00een comun cu procurorii de la Paris\" \/>\n<meta property=\"og:description\" content=\"Procurorii DIICOT au colaborat cu autorit\u0103\u021bile de la Paris miercuri, la o anchet\u0103 care vizeaz\u0103 trustul \u201eHackerilor\u201d.\" \/>\n<meta property=\"og:url\" content=\"https:\/\/buletin.de\/bucuresti\/trustul-hackerilor-filiala-bucuresti-diicot-ancheta-in-comun-cu-procurorii-de-la-paris\/\" \/>\n<meta property=\"og:site_name\" content=\"Buletin de Bucure\u0219ti\" \/>\n<meta property=\"article:publisher\" content=\"https:\/\/www.facebook.com\/buletin.de.buc\" \/>\n<meta property=\"article:published_time\" content=\"2026-03-12T17:01:10+00:00\" \/>\n<meta property=\"article:modified_time\" content=\"2026-03-12T17:01:11+00:00\" \/>\n<meta property=\"og:image\" content=\"https:\/\/buletin.de\/bucuresti\/wp-content\/uploads\/2026\/03\/kevin-horvat-Pyjp2zmxuLk-unsplash-e1773334597809.jpg\" \/>\n\t<meta property=\"og:image:width\" content=\"1920\" \/>\n\t<meta property=\"og:image:height\" content=\"1110\" \/>\n\t<meta property=\"og:image:type\" content=\"image\/jpeg\" \/>\n<meta name=\"author\" content=\"Redac\u021bia Buletin de Bucure\u0219ti\" \/>\n<meta name=\"twitter:card\" content=\"summary_large_image\" \/>\n<meta name=\"twitter:label1\" content=\"Written by\" \/>\n\t<meta name=\"twitter:data1\" content=\"Redac\u021bia Buletin de Bucure\u0219ti\" \/>\n\t<meta name=\"twitter:label2\" content=\"Estimated reading time\" \/>\n\t<meta name=\"twitter:data2\" content=\"3 minutes\" \/>\n<script type=\"application\/ld+json\" class=\"yoast-schema-graph\">{\"@context\":\"https:\\\/\\\/schema.org\",\"@graph\":[{\"@type\":\"Article\",\"@id\":\"https:\\\/\\\/buletin.de\\\/bucuresti\\\/trustul-hackerilor-filiala-bucuresti-diicot-ancheta-in-comun-cu-procurorii-de-la-paris\\\/#article\",\"isPartOf\":{\"@id\":\"https:\\\/\\\/buletin.de\\\/bucuresti\\\/trustul-hackerilor-filiala-bucuresti-diicot-ancheta-in-comun-cu-procurorii-de-la-paris\\\/\"},\"author\":{\"name\":\"Redac\u021bia Buletin de Bucure\u0219ti\",\"@id\":\"https:\\\/\\\/buletin.de\\\/bucuresti\\\/#\\\/schema\\\/person\\\/2bbcf854e5f2419a13804af574d06ab1\"},\"headline\":\"Trustul \u201eHackerilor\u201c, filiala Bucure\u0219ti. DIICOT, anchet\u0103 \u00een comun cu procurorii de la Paris\",\"datePublished\":\"2026-03-12T17:01:10+00:00\",\"dateModified\":\"2026-03-12T17:01:11+00:00\",\"mainEntityOfPage\":{\"@id\":\"https:\\\/\\\/buletin.de\\\/bucuresti\\\/trustul-hackerilor-filiala-bucuresti-diicot-ancheta-in-comun-cu-procurorii-de-la-paris\\\/\"},\"wordCount\":507,\"publisher\":{\"@id\":\"https:\\\/\\\/buletin.de\\\/bucuresti\\\/#organization\"},\"image\":{\"@id\":\"https:\\\/\\\/buletin.de\\\/bucuresti\\\/trustul-hackerilor-filiala-bucuresti-diicot-ancheta-in-comun-cu-procurorii-de-la-paris\\\/#primaryimage\"},\"thumbnailUrl\":\"https:\\\/\\\/buletin.de\\\/bucuresti\\\/wp-content\\\/uploads\\\/2026\\\/03\\\/kevin-horvat-Pyjp2zmxuLk-unsplash-e1773334597809.jpg\",\"keywords\":[\"ancheta\",\"diicot\",\"europol\",\"hackeri\",\"hackeri diicot\"],\"articleSection\":[\"Articole\",\"Eveniment\",\"\u0218tiri\"],\"inLanguage\":\"en-GB\",\"copyrightYear\":\"2026\",\"copyrightHolder\":{\"@id\":\"https:\\\/\\\/buletin.de\\\/bucuresti\\\/#organization\"}},{\"@type\":\"WebPage\",\"@id\":\"https:\\\/\\\/buletin.de\\\/bucuresti\\\/trustul-hackerilor-filiala-bucuresti-diicot-ancheta-in-comun-cu-procurorii-de-la-paris\\\/\",\"url\":\"https:\\\/\\\/buletin.de\\\/bucuresti\\\/trustul-hackerilor-filiala-bucuresti-diicot-ancheta-in-comun-cu-procurorii-de-la-paris\\\/\",\"name\":\"Trustul \u201eHackerilor\u201c, filiala Bucure\u0219ti. DIICOT, anchet\u0103 \u00een comun cu procurorii de la Paris - Buletin de Bucure\u0219ti\",\"isPartOf\":{\"@id\":\"https:\\\/\\\/buletin.de\\\/bucuresti\\\/#website\"},\"primaryImageOfPage\":{\"@id\":\"https:\\\/\\\/buletin.de\\\/bucuresti\\\/trustul-hackerilor-filiala-bucuresti-diicot-ancheta-in-comun-cu-procurorii-de-la-paris\\\/#primaryimage\"},\"image\":{\"@id\":\"https:\\\/\\\/buletin.de\\\/bucuresti\\\/trustul-hackerilor-filiala-bucuresti-diicot-ancheta-in-comun-cu-procurorii-de-la-paris\\\/#primaryimage\"},\"thumbnailUrl\":\"https:\\\/\\\/buletin.de\\\/bucuresti\\\/wp-content\\\/uploads\\\/2026\\\/03\\\/kevin-horvat-Pyjp2zmxuLk-unsplash-e1773334597809.jpg\",\"datePublished\":\"2026-03-12T17:01:10+00:00\",\"dateModified\":\"2026-03-12T17:01:11+00:00\",\"description\":\"Procurorii DIICOT au colaborat cu autorit\u0103\u021bile de la Paris miercuri, la o anchet\u0103 care vizeaz\u0103 trustul \u201eHackerilor\u201d.\",\"breadcrumb\":{\"@id\":\"https:\\\/\\\/buletin.de\\\/bucuresti\\\/trustul-hackerilor-filiala-bucuresti-diicot-ancheta-in-comun-cu-procurorii-de-la-paris\\\/#breadcrumb\"},\"inLanguage\":\"en-GB\",\"potentialAction\":[{\"@type\":\"ReadAction\",\"target\":[\"https:\\\/\\\/buletin.de\\\/bucuresti\\\/trustul-hackerilor-filiala-bucuresti-diicot-ancheta-in-comun-cu-procurorii-de-la-paris\\\/\"]}]},{\"@type\":\"ImageObject\",\"inLanguage\":\"en-GB\",\"@id\":\"https:\\\/\\\/buletin.de\\\/bucuresti\\\/trustul-hackerilor-filiala-bucuresti-diicot-ancheta-in-comun-cu-procurorii-de-la-paris\\\/#primaryimage\",\"url\":\"https:\\\/\\\/buletin.de\\\/bucuresti\\\/wp-content\\\/uploads\\\/2026\\\/03\\\/kevin-horvat-Pyjp2zmxuLk-unsplash-e1773334597809.jpg\",\"contentUrl\":\"https:\\\/\\\/buletin.de\\\/bucuresti\\\/wp-content\\\/uploads\\\/2026\\\/03\\\/kevin-horvat-Pyjp2zmxuLk-unsplash-e1773334597809.jpg\",\"width\":1920,\"height\":1110,\"caption\":\"Trustul \u201eHackerilor\u201d \u00een Bucure\u0219ti: DIICOT, anchet\u0103 comun\u0103 cu procurorii de la Paris. Foto: Unsplash\"},{\"@type\":\"BreadcrumbList\",\"@id\":\"https:\\\/\\\/buletin.de\\\/bucuresti\\\/trustul-hackerilor-filiala-bucuresti-diicot-ancheta-in-comun-cu-procurorii-de-la-paris\\\/#breadcrumb\",\"itemListElement\":[{\"@type\":\"ListItem\",\"position\":1,\"name\":\"Acas\u0103\",\"item\":\"https:\\\/\\\/buletin.de\\\/bucuresti\\\/\"},{\"@type\":\"ListItem\",\"position\":2,\"name\":\"Trustul \u201eHackerilor\u201c, filiala Bucure\u0219ti. DIICOT, anchet\u0103 \u00een comun cu procurorii de la Paris\"}]},{\"@type\":\"WebSite\",\"@id\":\"https:\\\/\\\/buletin.de\\\/bucuresti\\\/#website\",\"url\":\"https:\\\/\\\/buletin.de\\\/bucuresti\\\/\",\"name\":\"Buletin de Bucure\u0219ti\",\"description\":\"\u0218tiri \u0219i investiga\u021bii esen\u021biale din capital\u0103\",\"publisher\":{\"@id\":\"https:\\\/\\\/buletin.de\\\/bucuresti\\\/#organization\"},\"potentialAction\":[{\"@type\":\"SearchAction\",\"target\":{\"@type\":\"EntryPoint\",\"urlTemplate\":\"https:\\\/\\\/buletin.de\\\/bucuresti\\\/?s={search_term_string}\"},\"query-input\":{\"@type\":\"PropertyValueSpecification\",\"valueRequired\":true,\"valueName\":\"search_term_string\"}}],\"inLanguage\":\"en-GB\"},{\"@type\":\"Organization\",\"@id\":\"https:\\\/\\\/buletin.de\\\/bucuresti\\\/#organization\",\"name\":\"Buletin de Bucure\u0219ti\",\"url\":\"https:\\\/\\\/buletin.de\\\/bucuresti\\\/\",\"logo\":{\"@type\":\"ImageObject\",\"inLanguage\":\"en-GB\",\"@id\":\"https:\\\/\\\/buletin.de\\\/bucuresti\\\/#\\\/schema\\\/logo\\\/image\\\/\",\"url\":\"https:\\\/\\\/buletin.de\\\/bucuresti\\\/wp-content\\\/uploads\\\/logo-bdb-full-wide-vernil-transparent.png\",\"contentUrl\":\"https:\\\/\\\/buletin.de\\\/bucuresti\\\/wp-content\\\/uploads\\\/logo-bdb-full-wide-vernil-transparent.png\",\"width\":1782,\"height\":626,\"caption\":\"Buletin de Bucure\u0219ti\"},\"image\":{\"@id\":\"https:\\\/\\\/buletin.de\\\/bucuresti\\\/#\\\/schema\\\/logo\\\/image\\\/\"},\"sameAs\":[\"https:\\\/\\\/www.facebook.com\\\/buletin.de.buc\",\"https:\\\/\\\/www.instagram.com\\\/buletinde.bucuresti\\\/\"]},{\"@type\":\"Person\",\"@id\":\"https:\\\/\\\/buletin.de\\\/bucuresti\\\/#\\\/schema\\\/person\\\/2bbcf854e5f2419a13804af574d06ab1\",\"name\":\"Redac\u021bia Buletin de Bucure\u0219ti\",\"image\":{\"@type\":\"ImageObject\",\"inLanguage\":\"en-GB\",\"@id\":\"https:\\\/\\\/secure.gravatar.com\\\/avatar\\\/18c5342381ed1a08620e6280424e3e5efc958618f5d67c522c9e44c1bc6f9226?s=96&d=monsterid&r=g60c7cd0ad92c68c049fcd4bb3504d609\",\"url\":\"https:\\\/\\\/secure.gravatar.com\\\/avatar\\\/18c5342381ed1a08620e6280424e3e5efc958618f5d67c522c9e44c1bc6f9226?s=96&d=monsterid&r=g\",\"contentUrl\":\"https:\\\/\\\/secure.gravatar.com\\\/avatar\\\/18c5342381ed1a08620e6280424e3e5efc958618f5d67c522c9e44c1bc6f9226?s=96&d=monsterid&r=g\",\"caption\":\"Redac\u021bia Buletin de Bucure\u0219ti\"},\"description\":\"Buletin de Bucure\u0219ti exist\u0103 din vara anului 2019.\",\"url\":\"https:\\\/\\\/buletin.de\\\/bucuresti\\\/author\\\/adminbuletin\\\/\"}]}<\/script>\n<!-- \/ Yoast SEO Premium plugin. -->","yoast_head_json":{"title":"Trustul \u201eHackerilor\u201c, filiala Bucure\u0219ti. DIICOT, anchet\u0103 \u00een comun cu procurorii de la Paris - Buletin de Bucure\u0219ti","description":"Procurorii DIICOT au colaborat cu autorit\u0103\u021bile de la Paris miercuri, la o anchet\u0103 care vizeaz\u0103 trustul \u201eHackerilor\u201d.","robots":{"index":"index","follow":"follow","max-snippet":"max-snippet:-1","max-image-preview":"max-image-preview:large","max-video-preview":"max-video-preview:-1"},"canonical":"https:\/\/buletin.de\/bucuresti\/trustul-hackerilor-filiala-bucuresti-diicot-ancheta-in-comun-cu-procurorii-de-la-paris\/","og_locale":"en_GB","og_type":"article","og_title":"Trustul \u201eHackerilor\u201c, filiala Bucure\u0219ti. DIICOT, anchet\u0103 \u00een comun cu procurorii de la Paris","og_description":"Procurorii DIICOT au colaborat cu autorit\u0103\u021bile de la Paris miercuri, la o anchet\u0103 care vizeaz\u0103 trustul \u201eHackerilor\u201d.","og_url":"https:\/\/buletin.de\/bucuresti\/trustul-hackerilor-filiala-bucuresti-diicot-ancheta-in-comun-cu-procurorii-de-la-paris\/","og_site_name":"Buletin de Bucure\u0219ti","article_publisher":"https:\/\/www.facebook.com\/buletin.de.buc","article_published_time":"2026-03-12T17:01:10+00:00","article_modified_time":"2026-03-12T17:01:11+00:00","og_image":[{"width":1920,"height":1110,"url":"https:\/\/buletin.de\/bucuresti\/wp-content\/uploads\/2026\/03\/kevin-horvat-Pyjp2zmxuLk-unsplash-e1773334597809.jpg","type":"image\/jpeg"}],"author":"Redac\u021bia Buletin de Bucure\u0219ti","twitter_card":"summary_large_image","twitter_misc":{"Written by":"Redac\u021bia Buletin de Bucure\u0219ti","Estimated reading time":"3 minutes"},"schema":{"@context":"https:\/\/schema.org","@graph":[{"@type":"Article","@id":"https:\/\/buletin.de\/bucuresti\/trustul-hackerilor-filiala-bucuresti-diicot-ancheta-in-comun-cu-procurorii-de-la-paris\/#article","isPartOf":{"@id":"https:\/\/buletin.de\/bucuresti\/trustul-hackerilor-filiala-bucuresti-diicot-ancheta-in-comun-cu-procurorii-de-la-paris\/"},"author":{"name":"Redac\u021bia Buletin de Bucure\u0219ti","@id":"https:\/\/buletin.de\/bucuresti\/#\/schema\/person\/2bbcf854e5f2419a13804af574d06ab1"},"headline":"Trustul \u201eHackerilor\u201c, filiala Bucure\u0219ti. DIICOT, anchet\u0103 \u00een comun cu procurorii de la Paris","datePublished":"2026-03-12T17:01:10+00:00","dateModified":"2026-03-12T17:01:11+00:00","mainEntityOfPage":{"@id":"https:\/\/buletin.de\/bucuresti\/trustul-hackerilor-filiala-bucuresti-diicot-ancheta-in-comun-cu-procurorii-de-la-paris\/"},"wordCount":507,"publisher":{"@id":"https:\/\/buletin.de\/bucuresti\/#organization"},"image":{"@id":"https:\/\/buletin.de\/bucuresti\/trustul-hackerilor-filiala-bucuresti-diicot-ancheta-in-comun-cu-procurorii-de-la-paris\/#primaryimage"},"thumbnailUrl":"https:\/\/buletin.de\/bucuresti\/wp-content\/uploads\/2026\/03\/kevin-horvat-Pyjp2zmxuLk-unsplash-e1773334597809.jpg","keywords":["ancheta","diicot","europol","hackeri","hackeri diicot"],"articleSection":["Articole","Eveniment","\u0218tiri"],"inLanguage":"en-GB","copyrightYear":"2026","copyrightHolder":{"@id":"https:\/\/buletin.de\/bucuresti\/#organization"}},{"@type":"WebPage","@id":"https:\/\/buletin.de\/bucuresti\/trustul-hackerilor-filiala-bucuresti-diicot-ancheta-in-comun-cu-procurorii-de-la-paris\/","url":"https:\/\/buletin.de\/bucuresti\/trustul-hackerilor-filiala-bucuresti-diicot-ancheta-in-comun-cu-procurorii-de-la-paris\/","name":"Trustul \u201eHackerilor\u201c, filiala Bucure\u0219ti. DIICOT, anchet\u0103 \u00een comun cu procurorii de la Paris - Buletin de Bucure\u0219ti","isPartOf":{"@id":"https:\/\/buletin.de\/bucuresti\/#website"},"primaryImageOfPage":{"@id":"https:\/\/buletin.de\/bucuresti\/trustul-hackerilor-filiala-bucuresti-diicot-ancheta-in-comun-cu-procurorii-de-la-paris\/#primaryimage"},"image":{"@id":"https:\/\/buletin.de\/bucuresti\/trustul-hackerilor-filiala-bucuresti-diicot-ancheta-in-comun-cu-procurorii-de-la-paris\/#primaryimage"},"thumbnailUrl":"https:\/\/buletin.de\/bucuresti\/wp-content\/uploads\/2026\/03\/kevin-horvat-Pyjp2zmxuLk-unsplash-e1773334597809.jpg","datePublished":"2026-03-12T17:01:10+00:00","dateModified":"2026-03-12T17:01:11+00:00","description":"Procurorii DIICOT au colaborat cu autorit\u0103\u021bile de la Paris miercuri, la o anchet\u0103 care vizeaz\u0103 trustul \u201eHackerilor\u201d.","breadcrumb":{"@id":"https:\/\/buletin.de\/bucuresti\/trustul-hackerilor-filiala-bucuresti-diicot-ancheta-in-comun-cu-procurorii-de-la-paris\/#breadcrumb"},"inLanguage":"en-GB","potentialAction":[{"@type":"ReadAction","target":["https:\/\/buletin.de\/bucuresti\/trustul-hackerilor-filiala-bucuresti-diicot-ancheta-in-comun-cu-procurorii-de-la-paris\/"]}]},{"@type":"ImageObject","inLanguage":"en-GB","@id":"https:\/\/buletin.de\/bucuresti\/trustul-hackerilor-filiala-bucuresti-diicot-ancheta-in-comun-cu-procurorii-de-la-paris\/#primaryimage","url":"https:\/\/buletin.de\/bucuresti\/wp-content\/uploads\/2026\/03\/kevin-horvat-Pyjp2zmxuLk-unsplash-e1773334597809.jpg","contentUrl":"https:\/\/buletin.de\/bucuresti\/wp-content\/uploads\/2026\/03\/kevin-horvat-Pyjp2zmxuLk-unsplash-e1773334597809.jpg","width":1920,"height":1110,"caption":"Trustul \u201eHackerilor\u201d \u00een Bucure\u0219ti: DIICOT, anchet\u0103 comun\u0103 cu procurorii de la Paris. Foto: Unsplash"},{"@type":"BreadcrumbList","@id":"https:\/\/buletin.de\/bucuresti\/trustul-hackerilor-filiala-bucuresti-diicot-ancheta-in-comun-cu-procurorii-de-la-paris\/#breadcrumb","itemListElement":[{"@type":"ListItem","position":1,"name":"Acas\u0103","item":"https:\/\/buletin.de\/bucuresti\/"},{"@type":"ListItem","position":2,"name":"Trustul \u201eHackerilor\u201c, filiala Bucure\u0219ti. DIICOT, anchet\u0103 \u00een comun cu procurorii de la Paris"}]},{"@type":"WebSite","@id":"https:\/\/buletin.de\/bucuresti\/#website","url":"https:\/\/buletin.de\/bucuresti\/","name":"Buletin de Bucure\u0219ti","description":"\u0218tiri \u0219i investiga\u021bii esen\u021biale din capital\u0103","publisher":{"@id":"https:\/\/buletin.de\/bucuresti\/#organization"},"potentialAction":[{"@type":"SearchAction","target":{"@type":"EntryPoint","urlTemplate":"https:\/\/buletin.de\/bucuresti\/?s={search_term_string}"},"query-input":{"@type":"PropertyValueSpecification","valueRequired":true,"valueName":"search_term_string"}}],"inLanguage":"en-GB"},{"@type":"Organization","@id":"https:\/\/buletin.de\/bucuresti\/#organization","name":"Buletin de Bucure\u0219ti","url":"https:\/\/buletin.de\/bucuresti\/","logo":{"@type":"ImageObject","inLanguage":"en-GB","@id":"https:\/\/buletin.de\/bucuresti\/#\/schema\/logo\/image\/","url":"https:\/\/buletin.de\/bucuresti\/wp-content\/uploads\/logo-bdb-full-wide-vernil-transparent.png","contentUrl":"https:\/\/buletin.de\/bucuresti\/wp-content\/uploads\/logo-bdb-full-wide-vernil-transparent.png","width":1782,"height":626,"caption":"Buletin de Bucure\u0219ti"},"image":{"@id":"https:\/\/buletin.de\/bucuresti\/#\/schema\/logo\/image\/"},"sameAs":["https:\/\/www.facebook.com\/buletin.de.buc","https:\/\/www.instagram.com\/buletinde.bucuresti\/"]},{"@type":"Person","@id":"https:\/\/buletin.de\/bucuresti\/#\/schema\/person\/2bbcf854e5f2419a13804af574d06ab1","name":"Redac\u021bia Buletin de Bucure\u0219ti","image":{"@type":"ImageObject","inLanguage":"en-GB","@id":"https:\/\/secure.gravatar.com\/avatar\/18c5342381ed1a08620e6280424e3e5efc958618f5d67c522c9e44c1bc6f9226?s=96&d=monsterid&r=g60c7cd0ad92c68c049fcd4bb3504d609","url":"https:\/\/secure.gravatar.com\/avatar\/18c5342381ed1a08620e6280424e3e5efc958618f5d67c522c9e44c1bc6f9226?s=96&d=monsterid&r=g","contentUrl":"https:\/\/secure.gravatar.com\/avatar\/18c5342381ed1a08620e6280424e3e5efc958618f5d67c522c9e44c1bc6f9226?s=96&d=monsterid&r=g","caption":"Redac\u021bia Buletin de Bucure\u0219ti"},"description":"Buletin de Bucure\u0219ti exist\u0103 din vara anului 2019.","url":"https:\/\/buletin.de\/bucuresti\/author\/adminbuletin\/"}]}},"authors":[{"term_id":22583,"user_id":1,"is_guest":0,"slug":"adminbuletin","display_name":"Redac\u021bia Buletin de Bucure\u0219ti","avatar_url":"https:\/\/secure.gravatar.com\/avatar\/18c5342381ed1a08620e6280424e3e5efc958618f5d67c522c9e44c1bc6f9226?s=96&d=monsterid&r=g","0":null,"1":"","2":"","3":"","4":"","5":"","6":"","7":"","8":""}],"_links":{"self":[{"href":"https:\/\/buletin.de\/bucuresti\/wp-json\/wp\/v2\/posts\/180108","targetHints":{"allow":["GET"]}}],"collection":[{"href":"https:\/\/buletin.de\/bucuresti\/wp-json\/wp\/v2\/posts"}],"about":[{"href":"https:\/\/buletin.de\/bucuresti\/wp-json\/wp\/v2\/types\/post"}],"author":[{"embeddable":true,"href":"https:\/\/buletin.de\/bucuresti\/wp-json\/wp\/v2\/users\/1"}],"replies":[{"embeddable":true,"href":"https:\/\/buletin.de\/bucuresti\/wp-json\/wp\/v2\/comments?post=180108"}],"version-history":[{"count":4,"href":"https:\/\/buletin.de\/bucuresti\/wp-json\/wp\/v2\/posts\/180108\/revisions"}],"predecessor-version":[{"id":180119,"href":"https:\/\/buletin.de\/bucuresti\/wp-json\/wp\/v2\/posts\/180108\/revisions\/180119"}],"wp:featuredmedia":[{"embeddable":true,"href":"https:\/\/buletin.de\/bucuresti\/wp-json\/wp\/v2\/media\/180115"}],"wp:attachment":[{"href":"https:\/\/buletin.de\/bucuresti\/wp-json\/wp\/v2\/media?parent=180108"}],"wp:term":[{"taxonomy":"category","embeddable":true,"href":"https:\/\/buletin.de\/bucuresti\/wp-json\/wp\/v2\/categories?post=180108"},{"taxonomy":"post_tag","embeddable":true,"href":"https:\/\/buletin.de\/bucuresti\/wp-json\/wp\/v2\/tags?post=180108"},{"taxonomy":"author","embeddable":true,"href":"https:\/\/buletin.de\/bucuresti\/wp-json\/wp\/v2\/ppma_author?post=180108"}],"curies":[{"name":"wp","href":"https:\/\/api.w.org\/{rel}","templated":true}]}}