{"id":180047,"date":"2026-03-12T17:43:14","date_gmt":"2026-03-12T14:43:14","guid":{"rendered":"https:\/\/buletin.de\/bucuresti\/?p=180047"},"modified":"2026-03-12T18:59:53","modified_gmt":"2026-03-12T15:59:53","slug":"reprezentantii-speciale-ale-musicalului-familia-addams-la-palatul-copiiilor-din-bucuresti","status":"publish","type":"post","link":"https:\/\/buletin.de\/bucuresti\/reprezentantii-speciale-ale-musicalului-familia-addams-la-palatul-copiiilor-din-bucuresti\/","title":{"rendered":"Reprezenta\u021bii speciale ale musicalului \u201eFamilia Addams\u201d la Palatul Copiilor din Bucure\u0219ti"},"content":{"rendered":"\n<p><strong>Celebrul musical \u201eFamilia Addams\u201d, semnat de R\u0103zvan Mazilu la Teatrul Excelsior, va avea dou\u0103 reprezentan\u021bii speciale la Palatul Na\u021bional al Copiilor miercuri, 18 martie \u0219i joi, 19 martie 2026, de la ora 19:00.<\/strong><\/p>\n\n\n\n<p><strong>Biletele sunt deja puse \u00een v\u00e2nzare pe site-ul <a href=\"https:\/\/teatrul-excelsior.ro\/\" type=\"link\" id=\"https:\/\/teatrul-excelsior.ro\/\" target=\"_blank\" rel=\"noreferrer noopener\">www.teatrul-excelsior.ro<\/a>.<\/strong> <\/p>\n\n\n\n<p><a href=\"https:\/\/buletin.de\/bucuresti\/musicalul-cocosatul-de-la-notre-dame-la-teatrul-de-revista-constantin-tanase\/\" type=\"link\" id=\"https:\/\/buletin.de\/bucuresti\/musicalul-cocosatul-de-la-notre-dame-la-teatrul-de-revista-constantin-tanase\/\" target=\"_blank\" rel=\"noreferrer noopener\">Musicalul <\/a>este inspirat de celebra poveste creat\u0103 de Charles Addams \u0219i aduce pe scen\u0103 o reinterpretare contemporan\u0103, cu ritm alert, momente coregrafice \u0219i distribu\u021bie t\u00e2n\u0103r\u0103. <\/p>\n\n\n\n<p><em>\u201eMusicalul \u201eFamilia Addams\u201d, inspirat de celebra poveste creat\u0103 de Charles Addams, aduce pe scen\u0103 umorul gotic, energia debordant\u0103 \u0219i atmosfera inconfundabil\u0103 a uneia dintre cele mai \u00eendr\u0103gite familii din cultura pop. Spectacolul propune o reinterpretare contemporan\u0103, cu ritm alert, momente coregrafice spectaculoase \u0219i o distribu\u021bie t\u00e2n\u0103r\u0103, \u00een perfect acord cu publicul c\u0103ruia i se adreseaz\u0103 teatrul.\u201d<\/em>, se precizeaz\u0103 \u00eentr-un comunicat. <\/p>\n\n\n\n<h2 class=\"wp-block-heading\" id=\"h-musicalul-familia-addams-o-adaptare-de-succes\">Musicalul \u201eFamilia Addams\u201d, o adaptare de succes<\/h2>\n\n\n\n<p><strong>Familia Addams i-a inspirat pe Marshall Brickman, Rick Elice \u0219i Andrew Lippa \u00een crearea unei adapt\u0103ri muzicale originale care reviziteaz\u0103 universul Addams dintr-o nou\u0103 perspectiv\u0103, \u00een care Gomez \u0219i Morticia se confrunt\u0103 cu maturizarea prea rapid\u0103 a copiilor lor. <\/strong><\/p>\n\n\n\n<p>Ajuns\u0103 la v\u00e2rsta adolescen\u021bei, Wednesday, unica lor fiic\u0103, se \u00eendr\u0103goste\u0219te de Lucas Beineke, un b\u0103iat dintr-o familie considerat\u0103 \u201enormal\u0103\u201d, \u0219i decide s\u0103 \u00eei \u00eemp\u0103rt\u0103\u0219easc\u0103 secretul tat\u0103lui ei, nevoit s\u0103 accepte realitatea \u0219i, totodat\u0103, s\u0103 ascund\u0103 acest lucru de so\u021bia sa. <\/p>\n\n\n\n<p>Lucrurile iau o \u00eentors\u0103tur\u0103 nea\u0219teptat\u0103 \u00een noaptea \u00een care cei din familia Beineke ajung s\u0103 ia cina \u00een casa familiei Addams, situa\u021bie care creeaz\u0103 tensiuni \u00eentre cele dou\u0103 familii. <\/p>\n\n\n\n<p>Din distribu\u021bia spectacolului fac parte actorii Lucian Ionescu (Gomez Addams), Oana Predescu \/ Camelia Pintilie (Morticia Addams), Ana Udroiu (Wednesday Addams), Mihai Cheregi (Pugsley Addams), Mihai Mitrea (Unchiul Fester), Oana Pu\u0219catu (Bunica), Mircea Alexandru B\u0103lu\u021b\u0103 (Lurch), Maria Alexievici (Alice Beineke), Doru Bem (Mal Beineke), Dan Pughineanu (Lucas Beineke) \u0219i Andreea Hristu (Marchiza), Iulia Samson (Mireasa), Cristina Danu (Balerina), Alex Popa (Clownul), Dan Clucinschi (Soldatul), Ovidiu U\u0219vat (Gangsterul).<\/p>\n\n\n\n<h4 class=\"wp-block-heading\" id=\"h-echipa-tehnica\">Echipa tehnic\u0103 <\/h4>\n\n\n\n<ul class=\"wp-block-list\">\n<li>Libretul: Marshall Brickman &amp; Rick Elice;<\/li>\n\n\n\n<li>Muzica \u0219i versurile: Andrew Lippa;<\/li>\n\n\n\n<li>Traducerea \u0219i adaptarea textului: Carmen Stanciu;<\/li>\n\n\n\n<li>Traducerea \u0219i adaptarea songurilor: Alex \u0218tef\u0103nescu;<\/li>\n\n\n\n<li>Regia, coregrafia, costumele: R\u0103zvan Mazilu;<\/li>\n\n\n\n<li>Produc\u021bia muzical\u0103: Alexandra \u0219i Alexei Turcan Decoruri: Sabina Spatariu;<\/li>\n\n\n\n<li>Lighting design: Costi Baciu;<\/li>\n\n\n\n<li>Peruci, machiaj: Ioana Roman si Mara R\u0103dulescu;<\/li>\n\n\n\n<li>Preg\u0103tirea muzical\u0103: Maria Alexievici;<\/li>\n\n\n\n<li>Video: Cristian Niculescu;<\/li>\n\n\n\n<li>Asistent coregrafie: Monica Petric\u0103;<\/li>\n\n\n\n<li>Asistent scenografie, recuzit\u0103: Andrei \u0218ova;<\/li>\n\n\n\n<li>Efecte speciale \u0219i machiaj prostetic: \u0218coala de Machiaj Prostetic;<\/li>\n\n\n\n<li>Corepetitori: Anca S\u0103ftulescu, Maria Alexievici;<\/li>\n\n\n\n<li>Consultant tango argentinian: Daniel M\u0103ndi\u021b\u0103.<\/li>\n<\/ul>\n\n\n\n<p><strong>Spectacolul este recomandat celor cu v\u00e2rsta de peste 12 ani. Durata spectacolului este de 2 ore \u0219i 30 de minute, cu pauz\u0103. <\/strong><\/p>\n\n\n\n<p><strong>CITE\u0218TE \u0218I <a href=\"https:\/\/buletin.de\/bucuresti\/interimatele-politice-de-la-teatrele-din-bucuresti-pentru-cele-46-de-milioane-de-euro-se-prelungesc-comisia-pentru-concursuri-se-alege-abia-din-aprilie\/\" target=\"_blank\" rel=\"noreferrer noopener\">Interimatele politice de la teatrele din Bucure\u0219ti pentru cele 46 de milioane de euro se prelungesc. Comisia pentru concursuri se alege abia din aprilie<\/a><\/strong><\/p>\n","protected":false},"excerpt":{"rendered":"<p>Celebrul musical \u201eFamilia Addams\u201d, semnat de R\u0103zvan Mazilu la Teatrul Excelsior, va avea dou\u0103 reprezentan\u021bii speciale la Palatul Na\u021bional al Copiilor miercuri, 18 martie \u0219i joi, 19 martie 2026, de la ora 19:00. Biletele sunt deja puse \u00een v\u00e2nzare pe site-ul www.teatrul-excelsior.ro. Musicalul este inspirat de celebra poveste creat\u0103 de Charles Addams \u0219i aduce pe [&hellip;]<\/p>\n","protected":false},"author":65,"featured_media":180070,"comment_status":"closed","ping_status":"open","sticky":false,"template":"","format":"standard","meta":{"_acf_changed":false,"inline_featured_image":false,"ngg_post_thumbnail":0,"footnotes":""},"categories":[6994,81,62],"tags":[27033,17569,27034,83,6820],"ppma_author":[23912],"class_list":["post-180047","post","type-post","status-publish","format-standard","has-post-thumbnail","hentry","category-stiri-2","category-cultura","category-stiri","tag-familia-addams","tag-musical","tag-palatul-national-al-copiilor","tag-teatru","tag-teatrul-excelsior"],"acf":[],"yoast_head":"<!-- This site is optimized with the Yoast SEO Premium plugin v25.3 (Yoast SEO v27.4) - https:\/\/yoast.com\/product\/yoast-seo-premium-wordpress\/ -->\n<title>Reprezenta\u021bii speciale ale musicalului \u201eFamilia Addams\u201d la Palatul Copiilor din Bucure\u0219ti - Buletin de Bucure\u0219ti<\/title>\n<meta name=\"description\" content=\"Celebrul musical \u201eFamilia Addams\u201d, semnat de R\u0103zvan Mazilu la Teatrul Excelsior din Capital\u0103, va avea dou\u0103 reprezentan\u021bii.\" \/>\n<meta name=\"robots\" content=\"index, follow, max-snippet:-1, max-image-preview:large, max-video-preview:-1\" \/>\n<link rel=\"canonical\" href=\"https:\/\/buletin.de\/bucuresti\/reprezentantii-speciale-ale-musicalului-familia-addams-la-palatul-copiiilor-din-bucuresti\/\" \/>\n<meta property=\"og:locale\" content=\"en_GB\" \/>\n<meta property=\"og:type\" content=\"article\" \/>\n<meta property=\"og:title\" content=\"Reprezenta\u021bii speciale ale musicalului \u201eFamilia Addams\u201d la Palatul Copiilor din Bucure\u0219ti\" \/>\n<meta property=\"og:description\" content=\"Celebrul musical \u201eFamilia Addams\u201d, semnat de R\u0103zvan Mazilu la Teatrul Excelsior din Capital\u0103, va avea dou\u0103 reprezentan\u021bii.\" \/>\n<meta property=\"og:url\" content=\"https:\/\/buletin.de\/bucuresti\/reprezentantii-speciale-ale-musicalului-familia-addams-la-palatul-copiiilor-din-bucuresti\/\" \/>\n<meta property=\"og:site_name\" content=\"Buletin de Bucure\u0219ti\" \/>\n<meta property=\"article:publisher\" content=\"https:\/\/www.facebook.com\/buletin.de.buc\" \/>\n<meta property=\"article:published_time\" content=\"2026-03-12T14:43:14+00:00\" \/>\n<meta property=\"article:modified_time\" content=\"2026-03-12T15:59:53+00:00\" \/>\n<meta property=\"og:image\" content=\"https:\/\/buletin.de\/bucuresti\/wp-content\/uploads\/2026\/03\/Musicalul-Familia-Addams.jpg\" \/>\n\t<meta property=\"og:image:width\" content=\"1200\" \/>\n\t<meta property=\"og:image:height\" content=\"659\" \/>\n\t<meta property=\"og:image:type\" content=\"image\/jpeg\" \/>\n<meta name=\"author\" content=\"Andreea St\u0103n\u0103r\u00eeng\u0103\" \/>\n<meta name=\"twitter:card\" content=\"summary_large_image\" \/>\n<meta name=\"twitter:label1\" content=\"Written by\" \/>\n\t<meta name=\"twitter:data1\" content=\"Andreea St\u0103n\u0103r\u00eeng\u0103\" \/>\n\t<meta name=\"twitter:label2\" content=\"Estimated reading time\" \/>\n\t<meta name=\"twitter:data2\" content=\"3 minutes\" \/>\n<script type=\"application\/ld+json\" class=\"yoast-schema-graph\">{\"@context\":\"https:\\\/\\\/schema.org\",\"@graph\":[{\"@type\":\"Article\",\"@id\":\"https:\\\/\\\/buletin.de\\\/bucuresti\\\/reprezentantii-speciale-ale-musicalului-familia-addams-la-palatul-copiiilor-din-bucuresti\\\/#article\",\"isPartOf\":{\"@id\":\"https:\\\/\\\/buletin.de\\\/bucuresti\\\/reprezentantii-speciale-ale-musicalului-familia-addams-la-palatul-copiiilor-din-bucuresti\\\/\"},\"author\":{\"name\":\"Andreea St\u0103n\u0103r\u00eeng\u0103\",\"@id\":\"https:\\\/\\\/buletin.de\\\/bucuresti\\\/#\\\/schema\\\/person\\\/81421a46fb84a0887cfd2238f5202586\"},\"headline\":\"Reprezenta\u021bii speciale ale musicalului \u201eFamilia Addams\u201d la Palatul Copiilor din Bucure\u0219ti\",\"datePublished\":\"2026-03-12T14:43:14+00:00\",\"dateModified\":\"2026-03-12T15:59:53+00:00\",\"mainEntityOfPage\":{\"@id\":\"https:\\\/\\\/buletin.de\\\/bucuresti\\\/reprezentantii-speciale-ale-musicalului-familia-addams-la-palatul-copiiilor-din-bucuresti\\\/\"},\"wordCount\":487,\"publisher\":{\"@id\":\"https:\\\/\\\/buletin.de\\\/bucuresti\\\/#organization\"},\"image\":{\"@id\":\"https:\\\/\\\/buletin.de\\\/bucuresti\\\/reprezentantii-speciale-ale-musicalului-familia-addams-la-palatul-copiiilor-din-bucuresti\\\/#primaryimage\"},\"thumbnailUrl\":\"https:\\\/\\\/buletin.de\\\/bucuresti\\\/wp-content\\\/uploads\\\/2026\\\/03\\\/Musicalul-Familia-Addams.jpg\",\"keywords\":[\"Familia Addams\",\"musical\",\"palatul national al copiilor\",\"teatru\",\"teatrul excelsior\"],\"articleSection\":[\"Articole\",\"Cultur\u0103\",\"\u0218tiri\"],\"inLanguage\":\"en-GB\",\"copyrightYear\":\"2026\",\"copyrightHolder\":{\"@id\":\"https:\\\/\\\/buletin.de\\\/bucuresti\\\/#organization\"}},{\"@type\":\"WebPage\",\"@id\":\"https:\\\/\\\/buletin.de\\\/bucuresti\\\/reprezentantii-speciale-ale-musicalului-familia-addams-la-palatul-copiiilor-din-bucuresti\\\/\",\"url\":\"https:\\\/\\\/buletin.de\\\/bucuresti\\\/reprezentantii-speciale-ale-musicalului-familia-addams-la-palatul-copiiilor-din-bucuresti\\\/\",\"name\":\"Reprezenta\u021bii speciale ale musicalului \u201eFamilia Addams\u201d la Palatul Copiilor din Bucure\u0219ti - Buletin de Bucure\u0219ti\",\"isPartOf\":{\"@id\":\"https:\\\/\\\/buletin.de\\\/bucuresti\\\/#website\"},\"primaryImageOfPage\":{\"@id\":\"https:\\\/\\\/buletin.de\\\/bucuresti\\\/reprezentantii-speciale-ale-musicalului-familia-addams-la-palatul-copiiilor-din-bucuresti\\\/#primaryimage\"},\"image\":{\"@id\":\"https:\\\/\\\/buletin.de\\\/bucuresti\\\/reprezentantii-speciale-ale-musicalului-familia-addams-la-palatul-copiiilor-din-bucuresti\\\/#primaryimage\"},\"thumbnailUrl\":\"https:\\\/\\\/buletin.de\\\/bucuresti\\\/wp-content\\\/uploads\\\/2026\\\/03\\\/Musicalul-Familia-Addams.jpg\",\"datePublished\":\"2026-03-12T14:43:14+00:00\",\"dateModified\":\"2026-03-12T15:59:53+00:00\",\"description\":\"Celebrul musical \u201eFamilia Addams\u201d, semnat de R\u0103zvan Mazilu la Teatrul Excelsior din Capital\u0103, va avea dou\u0103 reprezentan\u021bii.\",\"breadcrumb\":{\"@id\":\"https:\\\/\\\/buletin.de\\\/bucuresti\\\/reprezentantii-speciale-ale-musicalului-familia-addams-la-palatul-copiiilor-din-bucuresti\\\/#breadcrumb\"},\"inLanguage\":\"en-GB\",\"potentialAction\":[{\"@type\":\"ReadAction\",\"target\":[\"https:\\\/\\\/buletin.de\\\/bucuresti\\\/reprezentantii-speciale-ale-musicalului-familia-addams-la-palatul-copiiilor-din-bucuresti\\\/\"]}]},{\"@type\":\"ImageObject\",\"inLanguage\":\"en-GB\",\"@id\":\"https:\\\/\\\/buletin.de\\\/bucuresti\\\/reprezentantii-speciale-ale-musicalului-familia-addams-la-palatul-copiiilor-din-bucuresti\\\/#primaryimage\",\"url\":\"https:\\\/\\\/buletin.de\\\/bucuresti\\\/wp-content\\\/uploads\\\/2026\\\/03\\\/Musicalul-Familia-Addams.jpg\",\"contentUrl\":\"https:\\\/\\\/buletin.de\\\/bucuresti\\\/wp-content\\\/uploads\\\/2026\\\/03\\\/Musicalul-Familia-Addams.jpg\",\"width\":1200,\"height\":659,\"caption\":\"Musicalul \u201eFamilia Addams\u201d, pe 18 \u0219i 19 martie\"},{\"@type\":\"BreadcrumbList\",\"@id\":\"https:\\\/\\\/buletin.de\\\/bucuresti\\\/reprezentantii-speciale-ale-musicalului-familia-addams-la-palatul-copiiilor-din-bucuresti\\\/#breadcrumb\",\"itemListElement\":[{\"@type\":\"ListItem\",\"position\":1,\"name\":\"Acas\u0103\",\"item\":\"https:\\\/\\\/buletin.de\\\/bucuresti\\\/\"},{\"@type\":\"ListItem\",\"position\":2,\"name\":\"Reprezenta\u021bii speciale ale musicalului \u201eFamilia Addams\u201d la Palatul Copiilor din Bucure\u0219ti\"}]},{\"@type\":\"WebSite\",\"@id\":\"https:\\\/\\\/buletin.de\\\/bucuresti\\\/#website\",\"url\":\"https:\\\/\\\/buletin.de\\\/bucuresti\\\/\",\"name\":\"Buletin de Bucure\u0219ti\",\"description\":\"\u0218tiri \u0219i investiga\u021bii esen\u021biale din capital\u0103\",\"publisher\":{\"@id\":\"https:\\\/\\\/buletin.de\\\/bucuresti\\\/#organization\"},\"potentialAction\":[{\"@type\":\"SearchAction\",\"target\":{\"@type\":\"EntryPoint\",\"urlTemplate\":\"https:\\\/\\\/buletin.de\\\/bucuresti\\\/?s={search_term_string}\"},\"query-input\":{\"@type\":\"PropertyValueSpecification\",\"valueRequired\":true,\"valueName\":\"search_term_string\"}}],\"inLanguage\":\"en-GB\"},{\"@type\":\"Organization\",\"@id\":\"https:\\\/\\\/buletin.de\\\/bucuresti\\\/#organization\",\"name\":\"Buletin de Bucure\u0219ti\",\"url\":\"https:\\\/\\\/buletin.de\\\/bucuresti\\\/\",\"logo\":{\"@type\":\"ImageObject\",\"inLanguage\":\"en-GB\",\"@id\":\"https:\\\/\\\/buletin.de\\\/bucuresti\\\/#\\\/schema\\\/logo\\\/image\\\/\",\"url\":\"https:\\\/\\\/buletin.de\\\/bucuresti\\\/wp-content\\\/uploads\\\/logo-bdb-full-wide-vernil-transparent.png\",\"contentUrl\":\"https:\\\/\\\/buletin.de\\\/bucuresti\\\/wp-content\\\/uploads\\\/logo-bdb-full-wide-vernil-transparent.png\",\"width\":1782,\"height\":626,\"caption\":\"Buletin de Bucure\u0219ti\"},\"image\":{\"@id\":\"https:\\\/\\\/buletin.de\\\/bucuresti\\\/#\\\/schema\\\/logo\\\/image\\\/\"},\"sameAs\":[\"https:\\\/\\\/www.facebook.com\\\/buletin.de.buc\",\"https:\\\/\\\/www.instagram.com\\\/buletinde.bucuresti\\\/\"]},{\"@type\":\"Person\",\"@id\":\"https:\\\/\\\/buletin.de\\\/bucuresti\\\/#\\\/schema\\\/person\\\/81421a46fb84a0887cfd2238f5202586\",\"name\":\"Andreea St\u0103n\u0103r\u00eeng\u0103\",\"image\":{\"@type\":\"ImageObject\",\"inLanguage\":\"en-GB\",\"@id\":\"https:\\\/\\\/secure.gravatar.com\\\/avatar\\\/dfa8d227a4388fad0f0bb03add04b5b176f4da34397dbb2eadc563b3d7162ce0?s=96&d=monsterid&r=g72784372b39ffe5a98a45288fe0d0e8a\",\"url\":\"https:\\\/\\\/secure.gravatar.com\\\/avatar\\\/dfa8d227a4388fad0f0bb03add04b5b176f4da34397dbb2eadc563b3d7162ce0?s=96&d=monsterid&r=g\",\"contentUrl\":\"https:\\\/\\\/secure.gravatar.com\\\/avatar\\\/dfa8d227a4388fad0f0bb03add04b5b176f4da34397dbb2eadc563b3d7162ce0?s=96&d=monsterid&r=g\",\"caption\":\"Andreea St\u0103n\u0103r\u00eeng\u0103\"},\"description\":\"Cu o experien\u021b\u0103 de peste 5 ani \u00een pres\u0103, face parte din echipa Buletin de Bucure\u0219ti din septembrie 2025. A colaborat cu c\u00e2teva publica\u021bii, printre care \u0219i Fanatik.ro, unde s-a ocupat de \u0219tiri de lifestyle \u0219i de actualitate. A f\u0103cut un pas c\u0103tre presa local\u0103 pentru a explora Bucure\u0219tiul \u0219i pove\u0219tile care merit\u0103 spuse.\",\"url\":\"https:\\\/\\\/buletin.de\\\/bucuresti\\\/author\\\/andreea-stanaranga\\\/\"}]}<\/script>\n<!-- \/ Yoast SEO Premium plugin. -->","yoast_head_json":{"title":"Reprezenta\u021bii speciale ale musicalului \u201eFamilia Addams\u201d la Palatul Copiilor din Bucure\u0219ti - Buletin de Bucure\u0219ti","description":"Celebrul musical \u201eFamilia Addams\u201d, semnat de R\u0103zvan Mazilu la Teatrul Excelsior din Capital\u0103, va avea dou\u0103 reprezentan\u021bii.","robots":{"index":"index","follow":"follow","max-snippet":"max-snippet:-1","max-image-preview":"max-image-preview:large","max-video-preview":"max-video-preview:-1"},"canonical":"https:\/\/buletin.de\/bucuresti\/reprezentantii-speciale-ale-musicalului-familia-addams-la-palatul-copiiilor-din-bucuresti\/","og_locale":"en_GB","og_type":"article","og_title":"Reprezenta\u021bii speciale ale musicalului \u201eFamilia Addams\u201d la Palatul Copiilor din Bucure\u0219ti","og_description":"Celebrul musical \u201eFamilia Addams\u201d, semnat de R\u0103zvan Mazilu la Teatrul Excelsior din Capital\u0103, va avea dou\u0103 reprezentan\u021bii.","og_url":"https:\/\/buletin.de\/bucuresti\/reprezentantii-speciale-ale-musicalului-familia-addams-la-palatul-copiiilor-din-bucuresti\/","og_site_name":"Buletin de Bucure\u0219ti","article_publisher":"https:\/\/www.facebook.com\/buletin.de.buc","article_published_time":"2026-03-12T14:43:14+00:00","article_modified_time":"2026-03-12T15:59:53+00:00","og_image":[{"width":1200,"height":659,"url":"https:\/\/buletin.de\/bucuresti\/wp-content\/uploads\/2026\/03\/Musicalul-Familia-Addams.jpg","type":"image\/jpeg"}],"author":"Andreea St\u0103n\u0103r\u00eeng\u0103","twitter_card":"summary_large_image","twitter_misc":{"Written by":"Andreea St\u0103n\u0103r\u00eeng\u0103","Estimated reading time":"3 minutes"},"schema":{"@context":"https:\/\/schema.org","@graph":[{"@type":"Article","@id":"https:\/\/buletin.de\/bucuresti\/reprezentantii-speciale-ale-musicalului-familia-addams-la-palatul-copiiilor-din-bucuresti\/#article","isPartOf":{"@id":"https:\/\/buletin.de\/bucuresti\/reprezentantii-speciale-ale-musicalului-familia-addams-la-palatul-copiiilor-din-bucuresti\/"},"author":{"name":"Andreea St\u0103n\u0103r\u00eeng\u0103","@id":"https:\/\/buletin.de\/bucuresti\/#\/schema\/person\/81421a46fb84a0887cfd2238f5202586"},"headline":"Reprezenta\u021bii speciale ale musicalului \u201eFamilia Addams\u201d la Palatul Copiilor din Bucure\u0219ti","datePublished":"2026-03-12T14:43:14+00:00","dateModified":"2026-03-12T15:59:53+00:00","mainEntityOfPage":{"@id":"https:\/\/buletin.de\/bucuresti\/reprezentantii-speciale-ale-musicalului-familia-addams-la-palatul-copiiilor-din-bucuresti\/"},"wordCount":487,"publisher":{"@id":"https:\/\/buletin.de\/bucuresti\/#organization"},"image":{"@id":"https:\/\/buletin.de\/bucuresti\/reprezentantii-speciale-ale-musicalului-familia-addams-la-palatul-copiiilor-din-bucuresti\/#primaryimage"},"thumbnailUrl":"https:\/\/buletin.de\/bucuresti\/wp-content\/uploads\/2026\/03\/Musicalul-Familia-Addams.jpg","keywords":["Familia Addams","musical","palatul national al copiilor","teatru","teatrul excelsior"],"articleSection":["Articole","Cultur\u0103","\u0218tiri"],"inLanguage":"en-GB","copyrightYear":"2026","copyrightHolder":{"@id":"https:\/\/buletin.de\/bucuresti\/#organization"}},{"@type":"WebPage","@id":"https:\/\/buletin.de\/bucuresti\/reprezentantii-speciale-ale-musicalului-familia-addams-la-palatul-copiiilor-din-bucuresti\/","url":"https:\/\/buletin.de\/bucuresti\/reprezentantii-speciale-ale-musicalului-familia-addams-la-palatul-copiiilor-din-bucuresti\/","name":"Reprezenta\u021bii speciale ale musicalului \u201eFamilia Addams\u201d la Palatul Copiilor din Bucure\u0219ti - Buletin de Bucure\u0219ti","isPartOf":{"@id":"https:\/\/buletin.de\/bucuresti\/#website"},"primaryImageOfPage":{"@id":"https:\/\/buletin.de\/bucuresti\/reprezentantii-speciale-ale-musicalului-familia-addams-la-palatul-copiiilor-din-bucuresti\/#primaryimage"},"image":{"@id":"https:\/\/buletin.de\/bucuresti\/reprezentantii-speciale-ale-musicalului-familia-addams-la-palatul-copiiilor-din-bucuresti\/#primaryimage"},"thumbnailUrl":"https:\/\/buletin.de\/bucuresti\/wp-content\/uploads\/2026\/03\/Musicalul-Familia-Addams.jpg","datePublished":"2026-03-12T14:43:14+00:00","dateModified":"2026-03-12T15:59:53+00:00","description":"Celebrul musical \u201eFamilia Addams\u201d, semnat de R\u0103zvan Mazilu la Teatrul Excelsior din Capital\u0103, va avea dou\u0103 reprezentan\u021bii.","breadcrumb":{"@id":"https:\/\/buletin.de\/bucuresti\/reprezentantii-speciale-ale-musicalului-familia-addams-la-palatul-copiiilor-din-bucuresti\/#breadcrumb"},"inLanguage":"en-GB","potentialAction":[{"@type":"ReadAction","target":["https:\/\/buletin.de\/bucuresti\/reprezentantii-speciale-ale-musicalului-familia-addams-la-palatul-copiiilor-din-bucuresti\/"]}]},{"@type":"ImageObject","inLanguage":"en-GB","@id":"https:\/\/buletin.de\/bucuresti\/reprezentantii-speciale-ale-musicalului-familia-addams-la-palatul-copiiilor-din-bucuresti\/#primaryimage","url":"https:\/\/buletin.de\/bucuresti\/wp-content\/uploads\/2026\/03\/Musicalul-Familia-Addams.jpg","contentUrl":"https:\/\/buletin.de\/bucuresti\/wp-content\/uploads\/2026\/03\/Musicalul-Familia-Addams.jpg","width":1200,"height":659,"caption":"Musicalul \u201eFamilia Addams\u201d, pe 18 \u0219i 19 martie"},{"@type":"BreadcrumbList","@id":"https:\/\/buletin.de\/bucuresti\/reprezentantii-speciale-ale-musicalului-familia-addams-la-palatul-copiiilor-din-bucuresti\/#breadcrumb","itemListElement":[{"@type":"ListItem","position":1,"name":"Acas\u0103","item":"https:\/\/buletin.de\/bucuresti\/"},{"@type":"ListItem","position":2,"name":"Reprezenta\u021bii speciale ale musicalului \u201eFamilia Addams\u201d la Palatul Copiilor din Bucure\u0219ti"}]},{"@type":"WebSite","@id":"https:\/\/buletin.de\/bucuresti\/#website","url":"https:\/\/buletin.de\/bucuresti\/","name":"Buletin de Bucure\u0219ti","description":"\u0218tiri \u0219i investiga\u021bii esen\u021biale din capital\u0103","publisher":{"@id":"https:\/\/buletin.de\/bucuresti\/#organization"},"potentialAction":[{"@type":"SearchAction","target":{"@type":"EntryPoint","urlTemplate":"https:\/\/buletin.de\/bucuresti\/?s={search_term_string}"},"query-input":{"@type":"PropertyValueSpecification","valueRequired":true,"valueName":"search_term_string"}}],"inLanguage":"en-GB"},{"@type":"Organization","@id":"https:\/\/buletin.de\/bucuresti\/#organization","name":"Buletin de Bucure\u0219ti","url":"https:\/\/buletin.de\/bucuresti\/","logo":{"@type":"ImageObject","inLanguage":"en-GB","@id":"https:\/\/buletin.de\/bucuresti\/#\/schema\/logo\/image\/","url":"https:\/\/buletin.de\/bucuresti\/wp-content\/uploads\/logo-bdb-full-wide-vernil-transparent.png","contentUrl":"https:\/\/buletin.de\/bucuresti\/wp-content\/uploads\/logo-bdb-full-wide-vernil-transparent.png","width":1782,"height":626,"caption":"Buletin de Bucure\u0219ti"},"image":{"@id":"https:\/\/buletin.de\/bucuresti\/#\/schema\/logo\/image\/"},"sameAs":["https:\/\/www.facebook.com\/buletin.de.buc","https:\/\/www.instagram.com\/buletinde.bucuresti\/"]},{"@type":"Person","@id":"https:\/\/buletin.de\/bucuresti\/#\/schema\/person\/81421a46fb84a0887cfd2238f5202586","name":"Andreea St\u0103n\u0103r\u00eeng\u0103","image":{"@type":"ImageObject","inLanguage":"en-GB","@id":"https:\/\/secure.gravatar.com\/avatar\/dfa8d227a4388fad0f0bb03add04b5b176f4da34397dbb2eadc563b3d7162ce0?s=96&d=monsterid&r=g72784372b39ffe5a98a45288fe0d0e8a","url":"https:\/\/secure.gravatar.com\/avatar\/dfa8d227a4388fad0f0bb03add04b5b176f4da34397dbb2eadc563b3d7162ce0?s=96&d=monsterid&r=g","contentUrl":"https:\/\/secure.gravatar.com\/avatar\/dfa8d227a4388fad0f0bb03add04b5b176f4da34397dbb2eadc563b3d7162ce0?s=96&d=monsterid&r=g","caption":"Andreea St\u0103n\u0103r\u00eeng\u0103"},"description":"Cu o experien\u021b\u0103 de peste 5 ani \u00een pres\u0103, face parte din echipa Buletin de Bucure\u0219ti din septembrie 2025. A colaborat cu c\u00e2teva publica\u021bii, printre care \u0219i Fanatik.ro, unde s-a ocupat de \u0219tiri de lifestyle \u0219i de actualitate. A f\u0103cut un pas c\u0103tre presa local\u0103 pentru a explora Bucure\u0219tiul \u0219i pove\u0219tile care merit\u0103 spuse.","url":"https:\/\/buletin.de\/bucuresti\/author\/andreea-stanaranga\/"}]}},"authors":[{"term_id":23912,"user_id":65,"is_guest":0,"slug":"andreea-stanaranga","display_name":"Andreea St\u0103n\u0103r\u00eeng\u0103","avatar_url":"https:\/\/secure.gravatar.com\/avatar\/dfa8d227a4388fad0f0bb03add04b5b176f4da34397dbb2eadc563b3d7162ce0?s=96&d=monsterid&r=g","0":null,"1":"","2":"","3":"","4":"","5":"","6":"","7":"","8":""}],"_links":{"self":[{"href":"https:\/\/buletin.de\/bucuresti\/wp-json\/wp\/v2\/posts\/180047","targetHints":{"allow":["GET"]}}],"collection":[{"href":"https:\/\/buletin.de\/bucuresti\/wp-json\/wp\/v2\/posts"}],"about":[{"href":"https:\/\/buletin.de\/bucuresti\/wp-json\/wp\/v2\/types\/post"}],"author":[{"embeddable":true,"href":"https:\/\/buletin.de\/bucuresti\/wp-json\/wp\/v2\/users\/65"}],"replies":[{"embeddable":true,"href":"https:\/\/buletin.de\/bucuresti\/wp-json\/wp\/v2\/comments?post=180047"}],"version-history":[{"count":10,"href":"https:\/\/buletin.de\/bucuresti\/wp-json\/wp\/v2\/posts\/180047\/revisions"}],"predecessor-version":[{"id":180094,"href":"https:\/\/buletin.de\/bucuresti\/wp-json\/wp\/v2\/posts\/180047\/revisions\/180094"}],"wp:featuredmedia":[{"embeddable":true,"href":"https:\/\/buletin.de\/bucuresti\/wp-json\/wp\/v2\/media\/180070"}],"wp:attachment":[{"href":"https:\/\/buletin.de\/bucuresti\/wp-json\/wp\/v2\/media?parent=180047"}],"wp:term":[{"taxonomy":"category","embeddable":true,"href":"https:\/\/buletin.de\/bucuresti\/wp-json\/wp\/v2\/categories?post=180047"},{"taxonomy":"post_tag","embeddable":true,"href":"https:\/\/buletin.de\/bucuresti\/wp-json\/wp\/v2\/tags?post=180047"},{"taxonomy":"author","embeddable":true,"href":"https:\/\/buletin.de\/bucuresti\/wp-json\/wp\/v2\/ppma_author?post=180047"}],"curies":[{"name":"wp","href":"https:\/\/api.w.org\/{rel}","templated":true}]}}