{"id":180001,"date":"2026-03-13T04:31:00","date_gmt":"2026-03-13T01:31:00","guid":{"rendered":"https:\/\/buletin.de\/bucuresti\/?p=180001"},"modified":"2026-03-13T08:08:28","modified_gmt":"2026-03-13T05:08:28","slug":"romania-a-pierdut-fonduri-europene-pentru-impadurirea-a-zeci-de-mii-de-hectare-in-ilfov-nu-s-a-plantat-niciun-copac-digi24","status":"publish","type":"post","link":"https:\/\/buletin.de\/bucuresti\/romania-a-pierdut-fonduri-europene-pentru-impadurirea-a-zeci-de-mii-de-hectare-in-ilfov-nu-s-a-plantat-niciun-copac-digi24\/","title":{"rendered":"\u00cen Ilfov nu s-a plantat niciun copac. Rom\u00e2nia a pierdut deja fonduri europene pentru \u00eemp\u0103durirea a zeci de mii de hectare | Digi24"},"content":{"rendered":"\n<p><strong>Rom\u00e2nia a avut posibilitatea de a \u00eemp\u0103duri 18.000 de hectare folosind bani de la Uniunea European\u0103, prin programul Planul Na\u021bional de Redresare \u0219i Rezilien\u021b\u0103 (PNRR). Cu toate astea, cu pu\u021bin timp \u00eenainte de finalizarea PNRR, au fost \u00eemp\u0103durite pu\u021bin sub 11.00 mii de hectare. \u00cen Ilfov nu au fost folosite fonduri europene pentru \u00eemp\u0103durirea jude\u021bului, scrie <a href=\"https:\/\/www.digi24.ro\/special\/statul-la-stat\/motivele-pentru-care-romania-nu-a-fost-interesata-sa-impadureasca-gratuit-cu-bani-de-la-ue-zeci-de-mii-de-hectare-de-teren-3672255\" target=\"_blank\" rel=\"noreferrer noopener\">Digi24<\/a>. <\/strong><\/p>\n\n\n\n<p>\u00cen acest context, Romania ar trebui s\u0103 planteze pe ultima sut\u0103 de metri 7.000 de hectare, \u00een caz contrar, Comisia European\u0103 va amenda \u021bara.<\/p>\n\n\n\n<h2 class=\"wp-block-heading\" id=\"h-de-ce-nu-au-fost-folosite-fonduri-europene-pentru-impadurirea-din-jude\u021bul-ilfov\">De ce nu au fost folosite fonduri europene pentru \u00eemp\u0103durirea din jude\u021bul Ilfov<\/h2>\n\n\n\n<p>Dac\u0103 situa\u021bia nu este foarte bun\u0103 la nivel na\u021bional \u00een ceea ce prive\u0219te plantarea copacilor, pe raza jude\u021bului Ilfov este cel mai r\u0103u. <strong>Aici nu a fost plantat nici m\u0103car un copac, cu toate doar 16% din suprafa\u021ba jude\u021bului este reprezentat\u0103 de p\u0103duri.<\/strong><\/p>\n\n\n\n<p>\u00cen acest context, \u00eemp\u0103durirea unor suprafe\u021be mari din jurul Capitalei ar fi adus beneficii at\u00e2t pentru locuitorii jude\u021bului Ilfov, c\u00e2t \u0219i pentru cei din Bucure\u0219ti. Unul dintre motivele pentru care UAT-urile nu au accesat fonduri pentru \u00eemp\u0103durire este c\u0103 terenurile din zon\u0103 sunt \u201erezervate\u201d pentru interese imobiliare. <\/p>\n\n\n\n<p><strong>\u201eDin p\u0103cate, odat\u0103 cu terminarea PNRR-ului care este acum \u00een ultimele etape, Rom\u00e2nia ca de prea multe ori pierde o \u0219ans\u0103 istoric\u0103. Numai aici \u00een Ilfov nu au fost accesate niciun fel de fonduri pentru \u00eemp\u0103duriri. UAT-urile nu au f\u0103cut asta \u0219i cred c\u0103 are leg\u0103tur\u0103 \u0219i cu faptul c\u0103 \u00een general aceste terenuri sunt v\u0103zute, sunt privite dintr-un punct de vedere imobiliar\u201d, a declarat Alex G\u0103van, fondator Centura Verde, pentru Digi24.<\/strong><\/p>\n\n\n\n<p><strong>Cite\u0219te \u00eentregul material pe <a href=\"https:\/\/www.digi24.ro\/special\/statul-la-stat\/motivele-pentru-care-romania-nu-a-fost-interesata-sa-impadureasca-gratuit-cu-bani-de-la-ue-zeci-de-mii-de-hectare-de-teren-3672255\" type=\"link\" id=\"https:\/\/www.digi24.ro\/special\/statul-la-stat\/motivele-pentru-care-romania-nu-a-fost-interesata-sa-impadureasca-gratuit-cu-bani-de-la-ue-zeci-de-mii-de-hectare-de-teren-3672255\">Digi24.ro<\/a>.<\/strong><\/p>\n\n\n\n<p><strong>CITE\u0218TE \u0218I <a href=\"https:\/\/buletin.de\/bucuresti\/petitie-pentru-protejarea-padurii-baneasa-peste-3-600-de-persoane-au-semnat-deja\/\" type=\"post\" id=\"163164\">Peti\u021bie pentru protejarea P\u0103durii B\u0103neasa. Peste 3.600 de persoane au semnat deja<\/a><\/strong><\/p>\n\n\n\n<h2 class=\"wp-block-heading\" id=\"h-padurile-din-ilfov-protejate-de-codul-silvic\">P\u0103durile din Ilfov, protejate de Codul Silvic<\/h2>\n\n\n\n<p>Din 11 ianuarie 2025, noul Cod Silvic al Rom\u00e2niei a intrat \u00een vigoare. Astfel, acesta prevede acum \u0219i conservarea p\u0103durile aflate pe raza jude\u021bului Ilfov. Dup\u0103 adoptarea legii, exploatarea acestora cu scop strict comercial al p\u0103durilor ilfovene este interzis\u0103. La acest moment, sunt permise doar t\u0103ieri uzuale, cum ar fi cele \u00een scop de \u00eengrijire a p\u0103durii, regenerare sau reconstruc\u021bie ecologic\u0103. <\/p>\n\n\n\n<p>De asemenea, ini\u021biatorii proiectului Centrul Verde Bucure\u0219ti-Ilfov a ob\u021binut \u0219i reglementarea centurilor verzi la nivel na\u021bional, dup\u0103 cum a ar\u0103tat  Buletin de Bucure\u0219ti <strong><a href=\"https:\/\/buletin.de\/bucuresti\/noul-cod-silvic-publicat-in-monitorul-oficial-care-sunt-principalele-prevederi-referitoare-la-spatiile-verzi-din-capitala-si-ilfov\/\" target=\"_blank\" rel=\"noreferrer noopener\">aici<\/a><\/strong>. Legea prevede la acest moment c\u0103 Ministerul Mediului are obliga\u021bia de a emite metodologia pentru crearea centurilor verzi din jurul ora\u0219elor \u00een termen de doi ani. <\/p>\n\n\n\n<h2 class=\"wp-block-heading\" id=\"h-protocol-intre-pmb-\u0219i-funda\u021bia-centura-verde\">Protocol \u00eentre PMB \u0219i Funda\u021bia Centura Verde<\/h2>\n\n\n\n<p>\u00cen octombrie 2025 a fost semnat un protocol \u00eentre Prim\u0103ria Capitalei \u0219i Funda\u021bia Centura Verde. Aceast\u0103 asociere a marcat \u00eenceputul fazei opera\u021bionale a proiectului \u0219i a presupus elaborarea, adoptarea \u0219i implementarea planului prin care Centura Verde a Capitalei va deveni realizate. <\/p>\n\n\n\n<p>De asemenea, prin acest protocol se prevede \u0219i constituirea unui Comitet de Coordonare format din reprezentan\u021bii celor dou\u0103 organiza\u021bii. Acesta va fi responsabil de: <\/p>\n\n\n\n<ul class=\"wp-block-list\">\n<li>stabilirea direc\u021biilor strategice,<\/li>\n\n\n\n<li> validarea documenta\u021biilor, <\/li>\n\n\n\n<li>urm\u0103rirea implement\u0103rii proiectului.<\/li>\n<\/ul>\n\n\n\n<p>Prin acest protocol urmeaz\u0103 s\u0103 fie identificate \u0219i surselor de finan\u021bare necesare pentru implementarea Centurii Verzi Bucure\u0219ti-Ilfov.<\/p>\n\n\n\n<p><strong>CITE\u0218TE \u0218I <a href=\"https:\/\/buletin.de\/bucuresti\/protocolul-de-colaborare-intre-primaria-capitalei-si-fundatia-centura-verde-semnat-astazi-constituie-o-baza-pentru-atragerea-de-resurse-interne-sau-externe\/\" type=\"post\" id=\"155460\">Protocolul de colaborare \u00eentre Prim\u0103ria Capitalei \u0219i Funda\u021bia Centura Verde, semnat ast\u0103zi: \u201eConstituie o baz\u0103 pentru atragerea de resurse, interne sau externe\u201d<\/a><\/strong><\/p>\n","protected":false},"excerpt":{"rendered":"<p>Rom\u00e2nia a avut posibilitatea de a \u00eemp\u0103duri 18.000 de hectare folosind bani de la Uniunea European\u0103, prin programul Planul Na\u021bional de Redresare \u0219i Rezilien\u021b\u0103 (PNRR). Cu toate astea, cu pu\u021bin timp \u00eenainte de finalizarea PNRR, au fost \u00eemp\u0103durite pu\u021bin sub 11.00 mii de hectare. \u00cen Ilfov nu au fost folosite fonduri europene pentru \u00eemp\u0103durirea jude\u021bului, [&hellip;]<\/p>\n","protected":false},"author":1,"featured_media":180044,"comment_status":"closed","ping_status":"open","sticky":false,"template":"","format":"standard","meta":{"_acf_changed":false,"inline_featured_image":false,"ngg_post_thumbnail":0,"footnotes":""},"categories":[6994,109,62],"tags":[809,820,2343,26886],"ppma_author":[22583],"class_list":["post-180001","post","type-post","status-publish","format-standard","has-post-thumbnail","hentry","category-stiri-2","category-mediu","category-stiri","tag-fonduri-europene","tag-ilfov","tag-pnrr","tag-reimpadurire"],"acf":[],"yoast_head":"<!-- This site is optimized with the Yoast SEO Premium plugin v25.3 (Yoast SEO v27.4) - https:\/\/yoast.com\/product\/yoast-seo-premium-wordpress\/ -->\n<title>\u00cen Ilfov nu s-a plantat niciun copac. Rom\u00e2nia a pierdut deja fonduri europene pentru \u00eemp\u0103durirea a zeci de mii de hectare | Digi24 - Buletin de Bucure\u0219ti<\/title>\n<meta name=\"description\" content=\"\u00cen Ilfov nu au fost folosite fonduri europene pentru \u00eemp\u0103durirea jude\u021bului, de\u0219i Rom\u00e2nia dispune de bani pentru 18.000 de hectare.\" \/>\n<meta name=\"robots\" content=\"index, follow, max-snippet:-1, max-image-preview:large, max-video-preview:-1\" \/>\n<link rel=\"canonical\" href=\"https:\/\/buletin.de\/bucuresti\/romania-a-pierdut-fonduri-europene-pentru-impadurirea-a-zeci-de-mii-de-hectare-in-ilfov-nu-s-a-plantat-niciun-copac-digi24\/\" \/>\n<meta property=\"og:locale\" content=\"en_GB\" \/>\n<meta property=\"og:type\" content=\"article\" \/>\n<meta property=\"og:title\" content=\"\u00cen Ilfov nu s-a plantat niciun copac. Rom\u00e2nia a pierdut deja fonduri europene pentru \u00eemp\u0103durirea a zeci de mii de hectare | Digi24\" \/>\n<meta property=\"og:description\" content=\"\u00cen Ilfov nu au fost folosite fonduri europene pentru \u00eemp\u0103durirea jude\u021bului, de\u0219i Rom\u00e2nia dispune de bani pentru 18.000 de hectare.\" \/>\n<meta property=\"og:url\" content=\"https:\/\/buletin.de\/bucuresti\/romania-a-pierdut-fonduri-europene-pentru-impadurirea-a-zeci-de-mii-de-hectare-in-ilfov-nu-s-a-plantat-niciun-copac-digi24\/\" \/>\n<meta property=\"og:site_name\" content=\"Buletin de Bucure\u0219ti\" \/>\n<meta property=\"article:publisher\" content=\"https:\/\/www.facebook.com\/buletin.de.buc\" \/>\n<meta property=\"article:published_time\" content=\"2026-03-13T01:31:00+00:00\" \/>\n<meta property=\"article:modified_time\" content=\"2026-03-13T05:08:28+00:00\" \/>\n<meta property=\"og:image\" content=\"https:\/\/buletin.de\/bucuresti\/wp-content\/uploads\/2026\/03\/Petitie-protejarea-Padurii-Baneasa.jpg\" \/>\n\t<meta property=\"og:image:width\" content=\"1200\" \/>\n\t<meta property=\"og:image:height\" content=\"665\" \/>\n\t<meta property=\"og:image:type\" content=\"image\/jpeg\" \/>\n<meta name=\"author\" content=\"Redac\u021bia Buletin de Bucure\u0219ti\" \/>\n<meta name=\"twitter:card\" content=\"summary_large_image\" \/>\n<meta name=\"twitter:label1\" content=\"Written by\" \/>\n\t<meta name=\"twitter:data1\" content=\"Redac\u021bia Buletin de Bucure\u0219ti\" \/>\n\t<meta name=\"twitter:label2\" content=\"Estimated reading time\" \/>\n\t<meta name=\"twitter:data2\" content=\"3 minutes\" \/>\n<script type=\"application\/ld+json\" class=\"yoast-schema-graph\">{\"@context\":\"https:\\\/\\\/schema.org\",\"@graph\":[{\"@type\":\"Article\",\"@id\":\"https:\\\/\\\/buletin.de\\\/bucuresti\\\/romania-a-pierdut-fonduri-europene-pentru-impadurirea-a-zeci-de-mii-de-hectare-in-ilfov-nu-s-a-plantat-niciun-copac-digi24\\\/#article\",\"isPartOf\":{\"@id\":\"https:\\\/\\\/buletin.de\\\/bucuresti\\\/romania-a-pierdut-fonduri-europene-pentru-impadurirea-a-zeci-de-mii-de-hectare-in-ilfov-nu-s-a-plantat-niciun-copac-digi24\\\/\"},\"author\":{\"name\":\"Redac\u021bia Buletin de Bucure\u0219ti\",\"@id\":\"https:\\\/\\\/buletin.de\\\/bucuresti\\\/#\\\/schema\\\/person\\\/2bbcf854e5f2419a13804af574d06ab1\"},\"headline\":\"\u00cen Ilfov nu s-a plantat niciun copac. Rom\u00e2nia a pierdut deja fonduri europene pentru \u00eemp\u0103durirea a zeci de mii de hectare | Digi24\",\"datePublished\":\"2026-03-13T01:31:00+00:00\",\"dateModified\":\"2026-03-13T05:08:28+00:00\",\"mainEntityOfPage\":{\"@id\":\"https:\\\/\\\/buletin.de\\\/bucuresti\\\/romania-a-pierdut-fonduri-europene-pentru-impadurirea-a-zeci-de-mii-de-hectare-in-ilfov-nu-s-a-plantat-niciun-copac-digi24\\\/\"},\"wordCount\":601,\"publisher\":{\"@id\":\"https:\\\/\\\/buletin.de\\\/bucuresti\\\/#organization\"},\"image\":{\"@id\":\"https:\\\/\\\/buletin.de\\\/bucuresti\\\/romania-a-pierdut-fonduri-europene-pentru-impadurirea-a-zeci-de-mii-de-hectare-in-ilfov-nu-s-a-plantat-niciun-copac-digi24\\\/#primaryimage\"},\"thumbnailUrl\":\"https:\\\/\\\/buletin.de\\\/bucuresti\\\/wp-content\\\/uploads\\\/2026\\\/03\\\/Petitie-protejarea-Padurii-Baneasa.jpg\",\"keywords\":[\"fonduri europene\",\"Ilfov\",\"pnrr\",\"re\u00eemp\u0103durire\"],\"articleSection\":[\"Articole\",\"Mediu\",\"\u0218tiri\"],\"inLanguage\":\"en-GB\",\"copyrightYear\":\"2026\",\"copyrightHolder\":{\"@id\":\"https:\\\/\\\/buletin.de\\\/bucuresti\\\/#organization\"}},{\"@type\":\"WebPage\",\"@id\":\"https:\\\/\\\/buletin.de\\\/bucuresti\\\/romania-a-pierdut-fonduri-europene-pentru-impadurirea-a-zeci-de-mii-de-hectare-in-ilfov-nu-s-a-plantat-niciun-copac-digi24\\\/\",\"url\":\"https:\\\/\\\/buletin.de\\\/bucuresti\\\/romania-a-pierdut-fonduri-europene-pentru-impadurirea-a-zeci-de-mii-de-hectare-in-ilfov-nu-s-a-plantat-niciun-copac-digi24\\\/\",\"name\":\"\u00cen Ilfov nu s-a plantat niciun copac. Rom\u00e2nia a pierdut deja fonduri europene pentru \u00eemp\u0103durirea a zeci de mii de hectare | Digi24 - Buletin de Bucure\u0219ti\",\"isPartOf\":{\"@id\":\"https:\\\/\\\/buletin.de\\\/bucuresti\\\/#website\"},\"primaryImageOfPage\":{\"@id\":\"https:\\\/\\\/buletin.de\\\/bucuresti\\\/romania-a-pierdut-fonduri-europene-pentru-impadurirea-a-zeci-de-mii-de-hectare-in-ilfov-nu-s-a-plantat-niciun-copac-digi24\\\/#primaryimage\"},\"image\":{\"@id\":\"https:\\\/\\\/buletin.de\\\/bucuresti\\\/romania-a-pierdut-fonduri-europene-pentru-impadurirea-a-zeci-de-mii-de-hectare-in-ilfov-nu-s-a-plantat-niciun-copac-digi24\\\/#primaryimage\"},\"thumbnailUrl\":\"https:\\\/\\\/buletin.de\\\/bucuresti\\\/wp-content\\\/uploads\\\/2026\\\/03\\\/Petitie-protejarea-Padurii-Baneasa.jpg\",\"datePublished\":\"2026-03-13T01:31:00+00:00\",\"dateModified\":\"2026-03-13T05:08:28+00:00\",\"description\":\"\u00cen Ilfov nu au fost folosite fonduri europene pentru \u00eemp\u0103durirea jude\u021bului, de\u0219i Rom\u00e2nia dispune de bani pentru 18.000 de hectare.\",\"breadcrumb\":{\"@id\":\"https:\\\/\\\/buletin.de\\\/bucuresti\\\/romania-a-pierdut-fonduri-europene-pentru-impadurirea-a-zeci-de-mii-de-hectare-in-ilfov-nu-s-a-plantat-niciun-copac-digi24\\\/#breadcrumb\"},\"inLanguage\":\"en-GB\",\"potentialAction\":[{\"@type\":\"ReadAction\",\"target\":[\"https:\\\/\\\/buletin.de\\\/bucuresti\\\/romania-a-pierdut-fonduri-europene-pentru-impadurirea-a-zeci-de-mii-de-hectare-in-ilfov-nu-s-a-plantat-niciun-copac-digi24\\\/\"]}]},{\"@type\":\"ImageObject\",\"inLanguage\":\"en-GB\",\"@id\":\"https:\\\/\\\/buletin.de\\\/bucuresti\\\/romania-a-pierdut-fonduri-europene-pentru-impadurirea-a-zeci-de-mii-de-hectare-in-ilfov-nu-s-a-plantat-niciun-copac-digi24\\\/#primaryimage\",\"url\":\"https:\\\/\\\/buletin.de\\\/bucuresti\\\/wp-content\\\/uploads\\\/2026\\\/03\\\/Petitie-protejarea-Padurii-Baneasa.jpg\",\"contentUrl\":\"https:\\\/\\\/buletin.de\\\/bucuresti\\\/wp-content\\\/uploads\\\/2026\\\/03\\\/Petitie-protejarea-Padurii-Baneasa.jpg\",\"width\":1200,\"height\":665,\"caption\":\"Fonduri\u00a0europene\u00a0pentru\u00a0\u00eemp\u0103durirea\u00a0a\u00a0zeci\u00a0de\u00a0mii\u00a0de\u00a0hectare,\u00a0pierdute.\u00a0\u00cen\u00a0Ilfov\u00a0nu\u00a0s-a\u00a0plantat\u00a0niciun\u00a0copac | Digi24. FOTO: rnu.ro\"},{\"@type\":\"BreadcrumbList\",\"@id\":\"https:\\\/\\\/buletin.de\\\/bucuresti\\\/romania-a-pierdut-fonduri-europene-pentru-impadurirea-a-zeci-de-mii-de-hectare-in-ilfov-nu-s-a-plantat-niciun-copac-digi24\\\/#breadcrumb\",\"itemListElement\":[{\"@type\":\"ListItem\",\"position\":1,\"name\":\"Acas\u0103\",\"item\":\"https:\\\/\\\/buletin.de\\\/bucuresti\\\/\"},{\"@type\":\"ListItem\",\"position\":2,\"name\":\"\u00cen Ilfov nu s-a plantat niciun copac. Rom\u00e2nia a pierdut deja fonduri europene pentru \u00eemp\u0103durirea a zeci de mii de hectare | Digi24\"}]},{\"@type\":\"WebSite\",\"@id\":\"https:\\\/\\\/buletin.de\\\/bucuresti\\\/#website\",\"url\":\"https:\\\/\\\/buletin.de\\\/bucuresti\\\/\",\"name\":\"Buletin de Bucure\u0219ti\",\"description\":\"\u0218tiri \u0219i investiga\u021bii esen\u021biale din capital\u0103\",\"publisher\":{\"@id\":\"https:\\\/\\\/buletin.de\\\/bucuresti\\\/#organization\"},\"potentialAction\":[{\"@type\":\"SearchAction\",\"target\":{\"@type\":\"EntryPoint\",\"urlTemplate\":\"https:\\\/\\\/buletin.de\\\/bucuresti\\\/?s={search_term_string}\"},\"query-input\":{\"@type\":\"PropertyValueSpecification\",\"valueRequired\":true,\"valueName\":\"search_term_string\"}}],\"inLanguage\":\"en-GB\"},{\"@type\":\"Organization\",\"@id\":\"https:\\\/\\\/buletin.de\\\/bucuresti\\\/#organization\",\"name\":\"Buletin de Bucure\u0219ti\",\"url\":\"https:\\\/\\\/buletin.de\\\/bucuresti\\\/\",\"logo\":{\"@type\":\"ImageObject\",\"inLanguage\":\"en-GB\",\"@id\":\"https:\\\/\\\/buletin.de\\\/bucuresti\\\/#\\\/schema\\\/logo\\\/image\\\/\",\"url\":\"https:\\\/\\\/buletin.de\\\/bucuresti\\\/wp-content\\\/uploads\\\/logo-bdb-full-wide-vernil-transparent.png\",\"contentUrl\":\"https:\\\/\\\/buletin.de\\\/bucuresti\\\/wp-content\\\/uploads\\\/logo-bdb-full-wide-vernil-transparent.png\",\"width\":1782,\"height\":626,\"caption\":\"Buletin de Bucure\u0219ti\"},\"image\":{\"@id\":\"https:\\\/\\\/buletin.de\\\/bucuresti\\\/#\\\/schema\\\/logo\\\/image\\\/\"},\"sameAs\":[\"https:\\\/\\\/www.facebook.com\\\/buletin.de.buc\",\"https:\\\/\\\/www.instagram.com\\\/buletinde.bucuresti\\\/\"]},{\"@type\":\"Person\",\"@id\":\"https:\\\/\\\/buletin.de\\\/bucuresti\\\/#\\\/schema\\\/person\\\/2bbcf854e5f2419a13804af574d06ab1\",\"name\":\"Redac\u021bia Buletin de Bucure\u0219ti\",\"image\":{\"@type\":\"ImageObject\",\"inLanguage\":\"en-GB\",\"@id\":\"https:\\\/\\\/secure.gravatar.com\\\/avatar\\\/18c5342381ed1a08620e6280424e3e5efc958618f5d67c522c9e44c1bc6f9226?s=96&d=monsterid&r=g60c7cd0ad92c68c049fcd4bb3504d609\",\"url\":\"https:\\\/\\\/secure.gravatar.com\\\/avatar\\\/18c5342381ed1a08620e6280424e3e5efc958618f5d67c522c9e44c1bc6f9226?s=96&d=monsterid&r=g\",\"contentUrl\":\"https:\\\/\\\/secure.gravatar.com\\\/avatar\\\/18c5342381ed1a08620e6280424e3e5efc958618f5d67c522c9e44c1bc6f9226?s=96&d=monsterid&r=g\",\"caption\":\"Redac\u021bia Buletin de Bucure\u0219ti\"},\"description\":\"Buletin de Bucure\u0219ti exist\u0103 din vara anului 2019.\",\"url\":\"https:\\\/\\\/buletin.de\\\/bucuresti\\\/author\\\/adminbuletin\\\/\"}]}<\/script>\n<!-- \/ Yoast SEO Premium plugin. -->","yoast_head_json":{"title":"\u00cen Ilfov nu s-a plantat niciun copac. Rom\u00e2nia a pierdut deja fonduri europene pentru \u00eemp\u0103durirea a zeci de mii de hectare | Digi24 - Buletin de Bucure\u0219ti","description":"\u00cen Ilfov nu au fost folosite fonduri europene pentru \u00eemp\u0103durirea jude\u021bului, de\u0219i Rom\u00e2nia dispune de bani pentru 18.000 de hectare.","robots":{"index":"index","follow":"follow","max-snippet":"max-snippet:-1","max-image-preview":"max-image-preview:large","max-video-preview":"max-video-preview:-1"},"canonical":"https:\/\/buletin.de\/bucuresti\/romania-a-pierdut-fonduri-europene-pentru-impadurirea-a-zeci-de-mii-de-hectare-in-ilfov-nu-s-a-plantat-niciun-copac-digi24\/","og_locale":"en_GB","og_type":"article","og_title":"\u00cen Ilfov nu s-a plantat niciun copac. Rom\u00e2nia a pierdut deja fonduri europene pentru \u00eemp\u0103durirea a zeci de mii de hectare | Digi24","og_description":"\u00cen Ilfov nu au fost folosite fonduri europene pentru \u00eemp\u0103durirea jude\u021bului, de\u0219i Rom\u00e2nia dispune de bani pentru 18.000 de hectare.","og_url":"https:\/\/buletin.de\/bucuresti\/romania-a-pierdut-fonduri-europene-pentru-impadurirea-a-zeci-de-mii-de-hectare-in-ilfov-nu-s-a-plantat-niciun-copac-digi24\/","og_site_name":"Buletin de Bucure\u0219ti","article_publisher":"https:\/\/www.facebook.com\/buletin.de.buc","article_published_time":"2026-03-13T01:31:00+00:00","article_modified_time":"2026-03-13T05:08:28+00:00","og_image":[{"width":1200,"height":665,"url":"https:\/\/buletin.de\/bucuresti\/wp-content\/uploads\/2026\/03\/Petitie-protejarea-Padurii-Baneasa.jpg","type":"image\/jpeg"}],"author":"Redac\u021bia Buletin de Bucure\u0219ti","twitter_card":"summary_large_image","twitter_misc":{"Written by":"Redac\u021bia Buletin de Bucure\u0219ti","Estimated reading time":"3 minutes"},"schema":{"@context":"https:\/\/schema.org","@graph":[{"@type":"Article","@id":"https:\/\/buletin.de\/bucuresti\/romania-a-pierdut-fonduri-europene-pentru-impadurirea-a-zeci-de-mii-de-hectare-in-ilfov-nu-s-a-plantat-niciun-copac-digi24\/#article","isPartOf":{"@id":"https:\/\/buletin.de\/bucuresti\/romania-a-pierdut-fonduri-europene-pentru-impadurirea-a-zeci-de-mii-de-hectare-in-ilfov-nu-s-a-plantat-niciun-copac-digi24\/"},"author":{"name":"Redac\u021bia Buletin de Bucure\u0219ti","@id":"https:\/\/buletin.de\/bucuresti\/#\/schema\/person\/2bbcf854e5f2419a13804af574d06ab1"},"headline":"\u00cen Ilfov nu s-a plantat niciun copac. Rom\u00e2nia a pierdut deja fonduri europene pentru \u00eemp\u0103durirea a zeci de mii de hectare | Digi24","datePublished":"2026-03-13T01:31:00+00:00","dateModified":"2026-03-13T05:08:28+00:00","mainEntityOfPage":{"@id":"https:\/\/buletin.de\/bucuresti\/romania-a-pierdut-fonduri-europene-pentru-impadurirea-a-zeci-de-mii-de-hectare-in-ilfov-nu-s-a-plantat-niciun-copac-digi24\/"},"wordCount":601,"publisher":{"@id":"https:\/\/buletin.de\/bucuresti\/#organization"},"image":{"@id":"https:\/\/buletin.de\/bucuresti\/romania-a-pierdut-fonduri-europene-pentru-impadurirea-a-zeci-de-mii-de-hectare-in-ilfov-nu-s-a-plantat-niciun-copac-digi24\/#primaryimage"},"thumbnailUrl":"https:\/\/buletin.de\/bucuresti\/wp-content\/uploads\/2026\/03\/Petitie-protejarea-Padurii-Baneasa.jpg","keywords":["fonduri europene","Ilfov","pnrr","re\u00eemp\u0103durire"],"articleSection":["Articole","Mediu","\u0218tiri"],"inLanguage":"en-GB","copyrightYear":"2026","copyrightHolder":{"@id":"https:\/\/buletin.de\/bucuresti\/#organization"}},{"@type":"WebPage","@id":"https:\/\/buletin.de\/bucuresti\/romania-a-pierdut-fonduri-europene-pentru-impadurirea-a-zeci-de-mii-de-hectare-in-ilfov-nu-s-a-plantat-niciun-copac-digi24\/","url":"https:\/\/buletin.de\/bucuresti\/romania-a-pierdut-fonduri-europene-pentru-impadurirea-a-zeci-de-mii-de-hectare-in-ilfov-nu-s-a-plantat-niciun-copac-digi24\/","name":"\u00cen Ilfov nu s-a plantat niciun copac. Rom\u00e2nia a pierdut deja fonduri europene pentru \u00eemp\u0103durirea a zeci de mii de hectare | Digi24 - Buletin de Bucure\u0219ti","isPartOf":{"@id":"https:\/\/buletin.de\/bucuresti\/#website"},"primaryImageOfPage":{"@id":"https:\/\/buletin.de\/bucuresti\/romania-a-pierdut-fonduri-europene-pentru-impadurirea-a-zeci-de-mii-de-hectare-in-ilfov-nu-s-a-plantat-niciun-copac-digi24\/#primaryimage"},"image":{"@id":"https:\/\/buletin.de\/bucuresti\/romania-a-pierdut-fonduri-europene-pentru-impadurirea-a-zeci-de-mii-de-hectare-in-ilfov-nu-s-a-plantat-niciun-copac-digi24\/#primaryimage"},"thumbnailUrl":"https:\/\/buletin.de\/bucuresti\/wp-content\/uploads\/2026\/03\/Petitie-protejarea-Padurii-Baneasa.jpg","datePublished":"2026-03-13T01:31:00+00:00","dateModified":"2026-03-13T05:08:28+00:00","description":"\u00cen Ilfov nu au fost folosite fonduri europene pentru \u00eemp\u0103durirea jude\u021bului, de\u0219i Rom\u00e2nia dispune de bani pentru 18.000 de hectare.","breadcrumb":{"@id":"https:\/\/buletin.de\/bucuresti\/romania-a-pierdut-fonduri-europene-pentru-impadurirea-a-zeci-de-mii-de-hectare-in-ilfov-nu-s-a-plantat-niciun-copac-digi24\/#breadcrumb"},"inLanguage":"en-GB","potentialAction":[{"@type":"ReadAction","target":["https:\/\/buletin.de\/bucuresti\/romania-a-pierdut-fonduri-europene-pentru-impadurirea-a-zeci-de-mii-de-hectare-in-ilfov-nu-s-a-plantat-niciun-copac-digi24\/"]}]},{"@type":"ImageObject","inLanguage":"en-GB","@id":"https:\/\/buletin.de\/bucuresti\/romania-a-pierdut-fonduri-europene-pentru-impadurirea-a-zeci-de-mii-de-hectare-in-ilfov-nu-s-a-plantat-niciun-copac-digi24\/#primaryimage","url":"https:\/\/buletin.de\/bucuresti\/wp-content\/uploads\/2026\/03\/Petitie-protejarea-Padurii-Baneasa.jpg","contentUrl":"https:\/\/buletin.de\/bucuresti\/wp-content\/uploads\/2026\/03\/Petitie-protejarea-Padurii-Baneasa.jpg","width":1200,"height":665,"caption":"Fonduri\u00a0europene\u00a0pentru\u00a0\u00eemp\u0103durirea\u00a0a\u00a0zeci\u00a0de\u00a0mii\u00a0de\u00a0hectare,\u00a0pierdute.\u00a0\u00cen\u00a0Ilfov\u00a0nu\u00a0s-a\u00a0plantat\u00a0niciun\u00a0copac | Digi24. FOTO: rnu.ro"},{"@type":"BreadcrumbList","@id":"https:\/\/buletin.de\/bucuresti\/romania-a-pierdut-fonduri-europene-pentru-impadurirea-a-zeci-de-mii-de-hectare-in-ilfov-nu-s-a-plantat-niciun-copac-digi24\/#breadcrumb","itemListElement":[{"@type":"ListItem","position":1,"name":"Acas\u0103","item":"https:\/\/buletin.de\/bucuresti\/"},{"@type":"ListItem","position":2,"name":"\u00cen Ilfov nu s-a plantat niciun copac. Rom\u00e2nia a pierdut deja fonduri europene pentru \u00eemp\u0103durirea a zeci de mii de hectare | Digi24"}]},{"@type":"WebSite","@id":"https:\/\/buletin.de\/bucuresti\/#website","url":"https:\/\/buletin.de\/bucuresti\/","name":"Buletin de Bucure\u0219ti","description":"\u0218tiri \u0219i investiga\u021bii esen\u021biale din capital\u0103","publisher":{"@id":"https:\/\/buletin.de\/bucuresti\/#organization"},"potentialAction":[{"@type":"SearchAction","target":{"@type":"EntryPoint","urlTemplate":"https:\/\/buletin.de\/bucuresti\/?s={search_term_string}"},"query-input":{"@type":"PropertyValueSpecification","valueRequired":true,"valueName":"search_term_string"}}],"inLanguage":"en-GB"},{"@type":"Organization","@id":"https:\/\/buletin.de\/bucuresti\/#organization","name":"Buletin de Bucure\u0219ti","url":"https:\/\/buletin.de\/bucuresti\/","logo":{"@type":"ImageObject","inLanguage":"en-GB","@id":"https:\/\/buletin.de\/bucuresti\/#\/schema\/logo\/image\/","url":"https:\/\/buletin.de\/bucuresti\/wp-content\/uploads\/logo-bdb-full-wide-vernil-transparent.png","contentUrl":"https:\/\/buletin.de\/bucuresti\/wp-content\/uploads\/logo-bdb-full-wide-vernil-transparent.png","width":1782,"height":626,"caption":"Buletin de Bucure\u0219ti"},"image":{"@id":"https:\/\/buletin.de\/bucuresti\/#\/schema\/logo\/image\/"},"sameAs":["https:\/\/www.facebook.com\/buletin.de.buc","https:\/\/www.instagram.com\/buletinde.bucuresti\/"]},{"@type":"Person","@id":"https:\/\/buletin.de\/bucuresti\/#\/schema\/person\/2bbcf854e5f2419a13804af574d06ab1","name":"Redac\u021bia Buletin de Bucure\u0219ti","image":{"@type":"ImageObject","inLanguage":"en-GB","@id":"https:\/\/secure.gravatar.com\/avatar\/18c5342381ed1a08620e6280424e3e5efc958618f5d67c522c9e44c1bc6f9226?s=96&d=monsterid&r=g60c7cd0ad92c68c049fcd4bb3504d609","url":"https:\/\/secure.gravatar.com\/avatar\/18c5342381ed1a08620e6280424e3e5efc958618f5d67c522c9e44c1bc6f9226?s=96&d=monsterid&r=g","contentUrl":"https:\/\/secure.gravatar.com\/avatar\/18c5342381ed1a08620e6280424e3e5efc958618f5d67c522c9e44c1bc6f9226?s=96&d=monsterid&r=g","caption":"Redac\u021bia Buletin de Bucure\u0219ti"},"description":"Buletin de Bucure\u0219ti exist\u0103 din vara anului 2019.","url":"https:\/\/buletin.de\/bucuresti\/author\/adminbuletin\/"}]}},"authors":[{"term_id":22583,"user_id":1,"is_guest":0,"slug":"adminbuletin","display_name":"Redac\u021bia Buletin de Bucure\u0219ti","avatar_url":"https:\/\/secure.gravatar.com\/avatar\/18c5342381ed1a08620e6280424e3e5efc958618f5d67c522c9e44c1bc6f9226?s=96&d=monsterid&r=g","0":null,"1":"","2":"","3":"","4":"","5":"","6":"","7":"","8":""}],"_links":{"self":[{"href":"https:\/\/buletin.de\/bucuresti\/wp-json\/wp\/v2\/posts\/180001","targetHints":{"allow":["GET"]}}],"collection":[{"href":"https:\/\/buletin.de\/bucuresti\/wp-json\/wp\/v2\/posts"}],"about":[{"href":"https:\/\/buletin.de\/bucuresti\/wp-json\/wp\/v2\/types\/post"}],"author":[{"embeddable":true,"href":"https:\/\/buletin.de\/bucuresti\/wp-json\/wp\/v2\/users\/1"}],"replies":[{"embeddable":true,"href":"https:\/\/buletin.de\/bucuresti\/wp-json\/wp\/v2\/comments?post=180001"}],"version-history":[{"count":5,"href":"https:\/\/buletin.de\/bucuresti\/wp-json\/wp\/v2\/posts\/180001\/revisions"}],"predecessor-version":[{"id":180233,"href":"https:\/\/buletin.de\/bucuresti\/wp-json\/wp\/v2\/posts\/180001\/revisions\/180233"}],"wp:featuredmedia":[{"embeddable":true,"href":"https:\/\/buletin.de\/bucuresti\/wp-json\/wp\/v2\/media\/180044"}],"wp:attachment":[{"href":"https:\/\/buletin.de\/bucuresti\/wp-json\/wp\/v2\/media?parent=180001"}],"wp:term":[{"taxonomy":"category","embeddable":true,"href":"https:\/\/buletin.de\/bucuresti\/wp-json\/wp\/v2\/categories?post=180001"},{"taxonomy":"post_tag","embeddable":true,"href":"https:\/\/buletin.de\/bucuresti\/wp-json\/wp\/v2\/tags?post=180001"},{"taxonomy":"author","embeddable":true,"href":"https:\/\/buletin.de\/bucuresti\/wp-json\/wp\/v2\/ppma_author?post=180001"}],"curies":[{"name":"wp","href":"https:\/\/api.w.org\/{rel}","templated":true}]}}