{"id":179973,"date":"2026-03-13T02:00:00","date_gmt":"2026-03-12T23:00:00","guid":{"rendered":"https:\/\/buletin.de\/bucuresti\/?p=179973"},"modified":"2026-03-13T00:11:43","modified_gmt":"2026-03-12T21:11:43","slug":"ziua-portilor-deschise-la-clubul-cainilor-utilitari-demonstratii-de-cautare-si-salvare-si-picnic-pentru-iubitorii-de-caini","status":"publish","type":"post","link":"https:\/\/buletin.de\/bucuresti\/ziua-portilor-deschise-la-clubul-cainilor-utilitari-demonstratii-de-cautare-si-salvare-si-picnic-pentru-iubitorii-de-caini\/","title":{"rendered":"Ziua por\u021bilor deschise la Clubul C\u00e2inilor Utilitari. Demonstra\u021bii de c\u0103utare \u0219i salvare \u0219i picnic pentru iubitorii de c\u00e2ini"},"content":{"rendered":"\n<p><strong>Clubul C\u00e2inilor Utilitari (CCU) organizeaz\u0103 s\u00e2mb\u0103t\u0103, 21 martie, \u201eZiua Por\u021bilor Deschise\u201d, dedicat\u0103 persoanelor interesate de activit\u0103\u021bile de c\u0103utare \u0219i salvare cu c\u00e2ini, dar \u0219i celor care vor s\u0103 petreac\u0103 timp \u00een natur\u0103 al\u0103turi de al\u021bi iubitori de animale.<\/strong><\/p>\n\n\n\n<p>Evenimentul va avea loc pe Drumul Muntele G\u0103ina, \u00een B\u0103neasa, \u00eentre 10:00 \u0219i 17:00. \u00cen intervalul aproximativ 10:00 \u2013 12:00 \/ 13:00, participan\u021bii vor putea urm\u0103ri demonstra\u021bii de antrenament \u0219i vor avea ocazia s\u0103 discute cu instructorii despre modul \u00een care sunt preg\u0103ti\u021bi c\u00e2inii pentru misiuni de c\u0103utare \u0219i salvare.<\/p>\n\n\n\n<p><em>\u201eClubul caut\u0103 noi echipe om\u2013c\u00e2ine, iar orice c\u00e2ine poate \u00eencerca, indiferent de ras\u0103\u201d<\/em>, au explicat organizatorii, pe pagina lor de <a href=\"https:\/\/www.instagram.com\/p\/DVvyTrhiJRz\/?hl=ro\" target=\"_blank\" rel=\"noreferrer noopener\">Instagram<\/a>.<\/p>\n\n\n\n<p>Dup\u0103 sesiunea de antrenamente, programul continu\u0103 cu \u201ePaws Out Picnic #1\u201d, o \u00eent\u00e2lnire informal\u0103 destinat\u0103 comunit\u0103\u021bii de iubitori de c\u00e2ini. Participan\u021bii pot veni at\u00e2t cu propriul c\u00e2ine, c\u00e2t \u0219i f\u0103r\u0103, pentru a socializa \u0219i a afla mai multe despre activitatea clubului.<\/p>\n\n\n\n<p>\u00cen sec\u021biunea de comentarii a anun\u021bului, organizatorii au oferit \u0219i c\u00e2teva clarific\u0103ri despre criteriile pentru c\u00e2inii care pot participa la astfel de activit\u0103\u021bi.<\/p>\n\n\n\n<p><em>\u201eDe\u0219i anumite rase si varste vin cu anumite limit\u0103ri, noi preferam sa nu stabilim aceste limite f\u0103r\u0103 a lua \u00een calcul caracteristicile individuale ale fiec\u0103rui exemplar raportat la nevoile acestei specializ\u0103ri de dresaj. Candidatul ideal este un c\u00e2ine lacom, juc\u0103u\u0219, sociabil, stabil emo\u021bional, predispus la activit\u0103\u021bi fizice intense \u0219i integru din punct de vedere mental\u201d<\/em>, au transmis ei.<\/p>\n\n\n\n<p>Organizatorii mai precizeaz\u0103 c\u0103 preg\u0103tirea unui c\u00e2ine de salvare dureaz\u0103 aproximativ doi ani.<\/p>\n\n\n\n<p>\u00cen acela\u0219i timp, subliniaz\u0103 c\u0103 un rol esen\u021bial \u00eel are \u0219i st\u0103p\u00e2nul:<em> \u201eC\u00e2inele care \u00eencepe preg\u0103tirea trebuie s\u0103 de\u021bin\u0103 un st\u0103p\u00e2n pasionat, dispus sa \u00eenve\u021be si capabil de activit\u0103\u021bi fizice intense\u201d.<\/em><\/p>\n\n\n\n<p><strong>CITE\u0218TE \u0218I:<\/strong> <strong><a href=\"https:\/\/buletin.de\/bucuresti\/aspa-61-de-caini-abandonati-au-fost-preluati-din-toate-sectoarele-in-doar-zece-zile\/\">ASPA | 61 de c\u00e2ini abandona\u021bi au fost prelua\u021bi din toate sectoarele, \u00een zece zile<\/a><\/strong><\/p>\n\n\n\n<h2 class=\"wp-block-heading\" id=\"h-sterilizari-\u0219i-microcipari-pentru-cainii-din-cur\u021bile-sectorului-5-proprietarii-au-primit-notificari\">Steriliz\u0103ri \u0219i microcipari pentru c\u00e2inii din cur\u021bile Sectorului 5. Proprietarii au primit notific\u0103ri<\/h2>\n\n\n\n<p><strong>O nou\u0103 campanie de steriliz\u0103ri \u0219i microcip\u0103ri gratuite pentru c\u00e2inii locuitorilor sectorului 5 va avea loc \u00een weekendul 14 \u2013 15 martie. \u00cen urma unor controale efectuate de echipe mixte ale ASPA \u0219i ale Poli\u021biei Locale a Municipiului Bucure\u0219ti au fost emise notific\u0103ri privin intrarea \u00een legalitate c\u0103tre de\u021bin\u0103torii de c\u00e2ini de ras\u0103 comun\u0103,&nbsp;<a href=\"https:\/\/www.facebook.com\/MinisterulCulturiiRomania\/posts\/pfbid02sYpZXALqUW5SVjz6AruULSX7jyYiibBr3v52cCrzeT6kzxfsZFTL1UWWQSajwfjdl\" target=\"_blank\" rel=\"noreferrer noopener\">anun\u021b\u0103&nbsp;<\/a>autoritate.<\/strong><\/p>\n\n\n\n<p>Joi, 12 martie, ASPA a anun\u021bat c\u0103 au fost efectuate controale la proprietarii de c\u00e2ini din Sectorul 5 al Capitalei. \u00cen cadrul acestei ac\u021biuni, echipele mixte formate din reprezentan\u021bii ASPA \u0219i ai Poli\u021biei Locale a Municipiului Bucure\u0219ti au discutat cu un total de 141 de locatari.<\/p>\n\n\n\n<p>Dintre ace\u0219tia, 83 aveau un total de 126 de patrupezi:<\/p>\n\n\n\n<ul class=\"wp-block-list\">\n<li>47 c\u00e2ini de ras\u0103,<\/li>\n\n\n\n<li>79 c\u00e2ini de ras\u0103 comun\u0103.<\/li>\n<\/ul>\n\n\n\n<p>\u00cen ceea ce prive\u0219te c\u00e2inii de ras\u0103 comun\u0103 identifica\u021bi, ASPA a informat c\u0103 doar 40 dintre ei erau steriliza\u021bi \u0219i 46 aveau microcip. Sterilizarea \u0219i microciparea c\u00e2inilor de ras\u0103 comun\u0103 este obligatorie prin lege. Aceste practici au scopul de a preveni abandonul animalelor \u0219i \u00eenmul\u021birea necontrolat\u0103 a acestora.<\/p>\n\n\n\n<p><strong>CITE\u0218TE \u0218I:<\/strong> <strong><a href=\"https:\/\/buletin.de\/bucuresti\/sterilizari-si-microcipari-pentru-cainii-din-curtile-sectorului-5-proprietarii-au-primit-notificari\/\">Steriliz\u0103ri \u0219i microcipari pentru c\u00e2inii din cur\u021bile Sectorului 5. Proprietarii au primit notific\u0103ri<\/a><\/strong><\/p>\n","protected":false},"excerpt":{"rendered":"<p>Clubul C\u00e2inilor Utilitari (CCU) organizeaz\u0103 s\u00e2mb\u0103t\u0103, 21 martie, \u201eZiua Por\u021bilor Deschise\u201d, dedicat\u0103 persoanelor interesate de activit\u0103\u021bile de c\u0103utare \u0219i salvare cu c\u00e2ini, dar \u0219i celor care vor s\u0103 petreac\u0103 timp \u00een natur\u0103 al\u0103turi de al\u021bi iubitori de animale. Evenimentul va avea loc pe Drumul Muntele G\u0103ina, \u00een B\u0103neasa, \u00eentre 10:00 \u0219i 17:00. \u00cen intervalul aproximativ [&hellip;]<\/p>\n","protected":false},"author":59,"featured_media":179976,"comment_status":"closed","ping_status":"open","sticky":false,"template":"","format":"standard","meta":{"_acf_changed":false,"inline_featured_image":false,"ngg_post_thumbnail":0,"footnotes":""},"categories":[6994,109,62],"tags":[511,9,307,2054,6729],"ppma_author":[22572],"class_list":["post-179973","post","type-post","status-publish","format-standard","has-post-thumbnail","hentry","category-stiri-2","category-mediu","category-stiri","tag-baneasa","tag-bucuresti","tag-caini","tag-capitala","tag-clubul-cainilor-utilitari"],"acf":[],"yoast_head":"<!-- This site is optimized with the Yoast SEO Premium plugin v25.3 (Yoast SEO v27.4) - https:\/\/yoast.com\/product\/yoast-seo-premium-wordpress\/ -->\n<title>Ziua por\u021bilor deschise la Clubul C\u00e2inilor Utilitari. Demonstra\u021bii de c\u0103utare \u0219i salvare \u0219i picnic pentru iubitorii de c\u00e2ini - Buletin de Bucure\u0219ti<\/title>\n<meta name=\"description\" content=\"Ziua por\u021bilor deschise la Clubul C\u00e2inilor Utilitari. Demonstra\u021bii de c\u0103utare \u0219i salvare \u0219i picnic pentru iubitorii de c\u00e2ini\" \/>\n<meta name=\"robots\" content=\"index, follow, max-snippet:-1, max-image-preview:large, max-video-preview:-1\" \/>\n<link rel=\"canonical\" href=\"https:\/\/buletin.de\/bucuresti\/ziua-portilor-deschise-la-clubul-cainilor-utilitari-demonstratii-de-cautare-si-salvare-si-picnic-pentru-iubitorii-de-caini\/\" \/>\n<meta property=\"og:locale\" content=\"en_GB\" \/>\n<meta property=\"og:type\" content=\"article\" \/>\n<meta property=\"og:title\" content=\"Ziua por\u021bilor deschise la Clubul C\u00e2inilor Utilitari. Demonstra\u021bii de c\u0103utare \u0219i salvare \u0219i picnic pentru iubitorii de c\u00e2ini\" \/>\n<meta property=\"og:description\" content=\"Ziua por\u021bilor deschise la Clubul C\u00e2inilor Utilitari. Demonstra\u021bii de c\u0103utare \u0219i salvare \u0219i picnic pentru iubitorii de c\u00e2ini\" \/>\n<meta property=\"og:url\" content=\"https:\/\/buletin.de\/bucuresti\/ziua-portilor-deschise-la-clubul-cainilor-utilitari-demonstratii-de-cautare-si-salvare-si-picnic-pentru-iubitorii-de-caini\/\" \/>\n<meta property=\"og:site_name\" content=\"Buletin de Bucure\u0219ti\" \/>\n<meta property=\"article:publisher\" content=\"https:\/\/www.facebook.com\/buletin.de.buc\" \/>\n<meta property=\"article:published_time\" content=\"2026-03-12T23:00:00+00:00\" \/>\n<meta property=\"og:image\" content=\"https:\/\/buletin.de\/bucuresti\/wp-content\/uploads\/2026\/03\/\ud83d\udc3e-Ziua-Portilor-Deschise-\u2013-Cautare-Salvare-Paws-Out-1Esti-curios-cum-se-antreneaza-cainii.png\" \/>\n\t<meta property=\"og:image:width\" content=\"1080\" \/>\n\t<meta property=\"og:image:height\" content=\"864\" \/>\n\t<meta property=\"og:image:type\" content=\"image\/png\" \/>\n<meta name=\"author\" content=\"C\u0103t\u0103lin Anghel-Dimache\" \/>\n<meta name=\"twitter:card\" content=\"summary_large_image\" \/>\n<meta name=\"twitter:label1\" content=\"Written by\" \/>\n\t<meta name=\"twitter:data1\" content=\"C\u0103t\u0103lin Anghel-Dimache\" \/>\n\t<meta name=\"twitter:label2\" content=\"Estimated reading time\" \/>\n\t<meta name=\"twitter:data2\" content=\"3 minutes\" \/>\n<script type=\"application\/ld+json\" class=\"yoast-schema-graph\">{\"@context\":\"https:\\\/\\\/schema.org\",\"@graph\":[{\"@type\":\"Article\",\"@id\":\"https:\\\/\\\/buletin.de\\\/bucuresti\\\/ziua-portilor-deschise-la-clubul-cainilor-utilitari-demonstratii-de-cautare-si-salvare-si-picnic-pentru-iubitorii-de-caini\\\/#article\",\"isPartOf\":{\"@id\":\"https:\\\/\\\/buletin.de\\\/bucuresti\\\/ziua-portilor-deschise-la-clubul-cainilor-utilitari-demonstratii-de-cautare-si-salvare-si-picnic-pentru-iubitorii-de-caini\\\/\"},\"author\":{\"name\":\"C\u0103t\u0103lin Anghel-Dimache\",\"@id\":\"https:\\\/\\\/buletin.de\\\/bucuresti\\\/#\\\/schema\\\/person\\\/0ac9db30080482be87c7386a30f98796\"},\"headline\":\"Ziua por\u021bilor deschise la Clubul C\u00e2inilor Utilitari. Demonstra\u021bii de c\u0103utare \u0219i salvare \u0219i picnic pentru iubitorii de c\u00e2ini\",\"datePublished\":\"2026-03-12T23:00:00+00:00\",\"mainEntityOfPage\":{\"@id\":\"https:\\\/\\\/buletin.de\\\/bucuresti\\\/ziua-portilor-deschise-la-clubul-cainilor-utilitari-demonstratii-de-cautare-si-salvare-si-picnic-pentru-iubitorii-de-caini\\\/\"},\"wordCount\":583,\"publisher\":{\"@id\":\"https:\\\/\\\/buletin.de\\\/bucuresti\\\/#organization\"},\"image\":{\"@id\":\"https:\\\/\\\/buletin.de\\\/bucuresti\\\/ziua-portilor-deschise-la-clubul-cainilor-utilitari-demonstratii-de-cautare-si-salvare-si-picnic-pentru-iubitorii-de-caini\\\/#primaryimage\"},\"thumbnailUrl\":\"https:\\\/\\\/buletin.de\\\/bucuresti\\\/wp-content\\\/uploads\\\/2026\\\/03\\\/\ud83d\udc3e-Ziua-Portilor-Deschise-\u2013-Cautare-Salvare-Paws-Out-1Esti-curios-cum-se-antreneaza-cainii.png\",\"keywords\":[\"baneasa\",\"bucuresti\",\"caini\",\"Capitala\",\"clubul cainilor utilitari\"],\"articleSection\":[\"Articole\",\"Mediu\",\"\u0218tiri\"],\"inLanguage\":\"en-GB\",\"copyrightYear\":\"2026\",\"copyrightHolder\":{\"@id\":\"https:\\\/\\\/buletin.de\\\/bucuresti\\\/#organization\"}},{\"@type\":\"WebPage\",\"@id\":\"https:\\\/\\\/buletin.de\\\/bucuresti\\\/ziua-portilor-deschise-la-clubul-cainilor-utilitari-demonstratii-de-cautare-si-salvare-si-picnic-pentru-iubitorii-de-caini\\\/\",\"url\":\"https:\\\/\\\/buletin.de\\\/bucuresti\\\/ziua-portilor-deschise-la-clubul-cainilor-utilitari-demonstratii-de-cautare-si-salvare-si-picnic-pentru-iubitorii-de-caini\\\/\",\"name\":\"Ziua por\u021bilor deschise la Clubul C\u00e2inilor Utilitari. Demonstra\u021bii de c\u0103utare \u0219i salvare \u0219i picnic pentru iubitorii de c\u00e2ini - Buletin de Bucure\u0219ti\",\"isPartOf\":{\"@id\":\"https:\\\/\\\/buletin.de\\\/bucuresti\\\/#website\"},\"primaryImageOfPage\":{\"@id\":\"https:\\\/\\\/buletin.de\\\/bucuresti\\\/ziua-portilor-deschise-la-clubul-cainilor-utilitari-demonstratii-de-cautare-si-salvare-si-picnic-pentru-iubitorii-de-caini\\\/#primaryimage\"},\"image\":{\"@id\":\"https:\\\/\\\/buletin.de\\\/bucuresti\\\/ziua-portilor-deschise-la-clubul-cainilor-utilitari-demonstratii-de-cautare-si-salvare-si-picnic-pentru-iubitorii-de-caini\\\/#primaryimage\"},\"thumbnailUrl\":\"https:\\\/\\\/buletin.de\\\/bucuresti\\\/wp-content\\\/uploads\\\/2026\\\/03\\\/\ud83d\udc3e-Ziua-Portilor-Deschise-\u2013-Cautare-Salvare-Paws-Out-1Esti-curios-cum-se-antreneaza-cainii.png\",\"datePublished\":\"2026-03-12T23:00:00+00:00\",\"description\":\"Ziua por\u021bilor deschise la Clubul C\u00e2inilor Utilitari. Demonstra\u021bii de c\u0103utare \u0219i salvare \u0219i picnic pentru iubitorii de c\u00e2ini\",\"breadcrumb\":{\"@id\":\"https:\\\/\\\/buletin.de\\\/bucuresti\\\/ziua-portilor-deschise-la-clubul-cainilor-utilitari-demonstratii-de-cautare-si-salvare-si-picnic-pentru-iubitorii-de-caini\\\/#breadcrumb\"},\"inLanguage\":\"en-GB\",\"potentialAction\":[{\"@type\":\"ReadAction\",\"target\":[\"https:\\\/\\\/buletin.de\\\/bucuresti\\\/ziua-portilor-deschise-la-clubul-cainilor-utilitari-demonstratii-de-cautare-si-salvare-si-picnic-pentru-iubitorii-de-caini\\\/\"]}]},{\"@type\":\"ImageObject\",\"inLanguage\":\"en-GB\",\"@id\":\"https:\\\/\\\/buletin.de\\\/bucuresti\\\/ziua-portilor-deschise-la-clubul-cainilor-utilitari-demonstratii-de-cautare-si-salvare-si-picnic-pentru-iubitorii-de-caini\\\/#primaryimage\",\"url\":\"https:\\\/\\\/buletin.de\\\/bucuresti\\\/wp-content\\\/uploads\\\/2026\\\/03\\\/\ud83d\udc3e-Ziua-Portilor-Deschise-\u2013-Cautare-Salvare-Paws-Out-1Esti-curios-cum-se-antreneaza-cainii.png\",\"contentUrl\":\"https:\\\/\\\/buletin.de\\\/bucuresti\\\/wp-content\\\/uploads\\\/2026\\\/03\\\/\ud83d\udc3e-Ziua-Portilor-Deschise-\u2013-Cautare-Salvare-Paws-Out-1Esti-curios-cum-se-antreneaza-cainii.png\",\"width\":1080,\"height\":864,\"caption\":\"Ziua por\u021bilor deschise la Clubul C\u00e2inilor Utilitari. Foto: @caini.cautare.salvare \\\/ Instagram\"},{\"@type\":\"BreadcrumbList\",\"@id\":\"https:\\\/\\\/buletin.de\\\/bucuresti\\\/ziua-portilor-deschise-la-clubul-cainilor-utilitari-demonstratii-de-cautare-si-salvare-si-picnic-pentru-iubitorii-de-caini\\\/#breadcrumb\",\"itemListElement\":[{\"@type\":\"ListItem\",\"position\":1,\"name\":\"Acas\u0103\",\"item\":\"https:\\\/\\\/buletin.de\\\/bucuresti\\\/\"},{\"@type\":\"ListItem\",\"position\":2,\"name\":\"Ziua por\u021bilor deschise la Clubul C\u00e2inilor Utilitari. Demonstra\u021bii de c\u0103utare \u0219i salvare \u0219i picnic pentru iubitorii de c\u00e2ini\"}]},{\"@type\":\"WebSite\",\"@id\":\"https:\\\/\\\/buletin.de\\\/bucuresti\\\/#website\",\"url\":\"https:\\\/\\\/buletin.de\\\/bucuresti\\\/\",\"name\":\"Buletin de Bucure\u0219ti\",\"description\":\"\u0218tiri \u0219i investiga\u021bii esen\u021biale din capital\u0103\",\"publisher\":{\"@id\":\"https:\\\/\\\/buletin.de\\\/bucuresti\\\/#organization\"},\"potentialAction\":[{\"@type\":\"SearchAction\",\"target\":{\"@type\":\"EntryPoint\",\"urlTemplate\":\"https:\\\/\\\/buletin.de\\\/bucuresti\\\/?s={search_term_string}\"},\"query-input\":{\"@type\":\"PropertyValueSpecification\",\"valueRequired\":true,\"valueName\":\"search_term_string\"}}],\"inLanguage\":\"en-GB\"},{\"@type\":\"Organization\",\"@id\":\"https:\\\/\\\/buletin.de\\\/bucuresti\\\/#organization\",\"name\":\"Buletin de Bucure\u0219ti\",\"url\":\"https:\\\/\\\/buletin.de\\\/bucuresti\\\/\",\"logo\":{\"@type\":\"ImageObject\",\"inLanguage\":\"en-GB\",\"@id\":\"https:\\\/\\\/buletin.de\\\/bucuresti\\\/#\\\/schema\\\/logo\\\/image\\\/\",\"url\":\"https:\\\/\\\/buletin.de\\\/bucuresti\\\/wp-content\\\/uploads\\\/logo-bdb-full-wide-vernil-transparent.png\",\"contentUrl\":\"https:\\\/\\\/buletin.de\\\/bucuresti\\\/wp-content\\\/uploads\\\/logo-bdb-full-wide-vernil-transparent.png\",\"width\":1782,\"height\":626,\"caption\":\"Buletin de Bucure\u0219ti\"},\"image\":{\"@id\":\"https:\\\/\\\/buletin.de\\\/bucuresti\\\/#\\\/schema\\\/logo\\\/image\\\/\"},\"sameAs\":[\"https:\\\/\\\/www.facebook.com\\\/buletin.de.buc\",\"https:\\\/\\\/www.instagram.com\\\/buletinde.bucuresti\\\/\"]},{\"@type\":\"Person\",\"@id\":\"https:\\\/\\\/buletin.de\\\/bucuresti\\\/#\\\/schema\\\/person\\\/0ac9db30080482be87c7386a30f98796\",\"name\":\"C\u0103t\u0103lin Anghel-Dimache\",\"image\":{\"@type\":\"ImageObject\",\"inLanguage\":\"en-GB\",\"@id\":\"https:\\\/\\\/buletin.de\\\/bucuresti\\\/wp-content\\\/uploads\\\/Catalin-Anghel-Dimache-96x96.jpgbd9e43c5b25186d5b8e917ac61ad86c4\",\"url\":\"https:\\\/\\\/buletin.de\\\/bucuresti\\\/wp-content\\\/uploads\\\/Catalin-Anghel-Dimache-96x96.jpg\",\"contentUrl\":\"https:\\\/\\\/buletin.de\\\/bucuresti\\\/wp-content\\\/uploads\\\/Catalin-Anghel-Dimache-96x96.jpg\",\"caption\":\"C\u0103t\u0103lin Anghel-Dimache\"},\"description\":\"A absolvit Facultatea de Jurnalism \u0219i \u0218tiin\u021bele Comunic\u0103rii a Universit\u0103\u021bii din Bucure\u0219ti \u00een 2024. Scrie despre mediu \u0219i teme sociale, dar \u0219i despre cum se reflect\u0103 ele \u00een via\u021ba cotidian\u0103 a bucure\u0219tenilor, cu un ochi atent la pove\u0219tile personale din spatele titlurilor. N\u0103scut \u0219i crescut \u00een Bucure\u0219ti, a f\u0103cut un pas c\u0103tre presa local\u0103, din pasiune pentru ora\u0219ul s\u0103u \u0219i oamenii din el.\",\"url\":\"https:\\\/\\\/buletin.de\\\/bucuresti\\\/author\\\/catalin-anghel-dimache\\\/\"}]}<\/script>\n<!-- \/ Yoast SEO Premium plugin. -->","yoast_head_json":{"title":"Ziua por\u021bilor deschise la Clubul C\u00e2inilor Utilitari. Demonstra\u021bii de c\u0103utare \u0219i salvare \u0219i picnic pentru iubitorii de c\u00e2ini - Buletin de Bucure\u0219ti","description":"Ziua por\u021bilor deschise la Clubul C\u00e2inilor Utilitari. Demonstra\u021bii de c\u0103utare \u0219i salvare \u0219i picnic pentru iubitorii de c\u00e2ini","robots":{"index":"index","follow":"follow","max-snippet":"max-snippet:-1","max-image-preview":"max-image-preview:large","max-video-preview":"max-video-preview:-1"},"canonical":"https:\/\/buletin.de\/bucuresti\/ziua-portilor-deschise-la-clubul-cainilor-utilitari-demonstratii-de-cautare-si-salvare-si-picnic-pentru-iubitorii-de-caini\/","og_locale":"en_GB","og_type":"article","og_title":"Ziua por\u021bilor deschise la Clubul C\u00e2inilor Utilitari. Demonstra\u021bii de c\u0103utare \u0219i salvare \u0219i picnic pentru iubitorii de c\u00e2ini","og_description":"Ziua por\u021bilor deschise la Clubul C\u00e2inilor Utilitari. Demonstra\u021bii de c\u0103utare \u0219i salvare \u0219i picnic pentru iubitorii de c\u00e2ini","og_url":"https:\/\/buletin.de\/bucuresti\/ziua-portilor-deschise-la-clubul-cainilor-utilitari-demonstratii-de-cautare-si-salvare-si-picnic-pentru-iubitorii-de-caini\/","og_site_name":"Buletin de Bucure\u0219ti","article_publisher":"https:\/\/www.facebook.com\/buletin.de.buc","article_published_time":"2026-03-12T23:00:00+00:00","og_image":[{"width":1080,"height":864,"url":"https:\/\/buletin.de\/bucuresti\/wp-content\/uploads\/2026\/03\/\ud83d\udc3e-Ziua-Portilor-Deschise-\u2013-Cautare-Salvare-Paws-Out-1Esti-curios-cum-se-antreneaza-cainii.png","type":"image\/png"}],"author":"C\u0103t\u0103lin Anghel-Dimache","twitter_card":"summary_large_image","twitter_misc":{"Written by":"C\u0103t\u0103lin Anghel-Dimache","Estimated reading time":"3 minutes"},"schema":{"@context":"https:\/\/schema.org","@graph":[{"@type":"Article","@id":"https:\/\/buletin.de\/bucuresti\/ziua-portilor-deschise-la-clubul-cainilor-utilitari-demonstratii-de-cautare-si-salvare-si-picnic-pentru-iubitorii-de-caini\/#article","isPartOf":{"@id":"https:\/\/buletin.de\/bucuresti\/ziua-portilor-deschise-la-clubul-cainilor-utilitari-demonstratii-de-cautare-si-salvare-si-picnic-pentru-iubitorii-de-caini\/"},"author":{"name":"C\u0103t\u0103lin Anghel-Dimache","@id":"https:\/\/buletin.de\/bucuresti\/#\/schema\/person\/0ac9db30080482be87c7386a30f98796"},"headline":"Ziua por\u021bilor deschise la Clubul C\u00e2inilor Utilitari. Demonstra\u021bii de c\u0103utare \u0219i salvare \u0219i picnic pentru iubitorii de c\u00e2ini","datePublished":"2026-03-12T23:00:00+00:00","mainEntityOfPage":{"@id":"https:\/\/buletin.de\/bucuresti\/ziua-portilor-deschise-la-clubul-cainilor-utilitari-demonstratii-de-cautare-si-salvare-si-picnic-pentru-iubitorii-de-caini\/"},"wordCount":583,"publisher":{"@id":"https:\/\/buletin.de\/bucuresti\/#organization"},"image":{"@id":"https:\/\/buletin.de\/bucuresti\/ziua-portilor-deschise-la-clubul-cainilor-utilitari-demonstratii-de-cautare-si-salvare-si-picnic-pentru-iubitorii-de-caini\/#primaryimage"},"thumbnailUrl":"https:\/\/buletin.de\/bucuresti\/wp-content\/uploads\/2026\/03\/\ud83d\udc3e-Ziua-Portilor-Deschise-\u2013-Cautare-Salvare-Paws-Out-1Esti-curios-cum-se-antreneaza-cainii.png","keywords":["baneasa","bucuresti","caini","Capitala","clubul cainilor utilitari"],"articleSection":["Articole","Mediu","\u0218tiri"],"inLanguage":"en-GB","copyrightYear":"2026","copyrightHolder":{"@id":"https:\/\/buletin.de\/bucuresti\/#organization"}},{"@type":"WebPage","@id":"https:\/\/buletin.de\/bucuresti\/ziua-portilor-deschise-la-clubul-cainilor-utilitari-demonstratii-de-cautare-si-salvare-si-picnic-pentru-iubitorii-de-caini\/","url":"https:\/\/buletin.de\/bucuresti\/ziua-portilor-deschise-la-clubul-cainilor-utilitari-demonstratii-de-cautare-si-salvare-si-picnic-pentru-iubitorii-de-caini\/","name":"Ziua por\u021bilor deschise la Clubul C\u00e2inilor Utilitari. Demonstra\u021bii de c\u0103utare \u0219i salvare \u0219i picnic pentru iubitorii de c\u00e2ini - Buletin de Bucure\u0219ti","isPartOf":{"@id":"https:\/\/buletin.de\/bucuresti\/#website"},"primaryImageOfPage":{"@id":"https:\/\/buletin.de\/bucuresti\/ziua-portilor-deschise-la-clubul-cainilor-utilitari-demonstratii-de-cautare-si-salvare-si-picnic-pentru-iubitorii-de-caini\/#primaryimage"},"image":{"@id":"https:\/\/buletin.de\/bucuresti\/ziua-portilor-deschise-la-clubul-cainilor-utilitari-demonstratii-de-cautare-si-salvare-si-picnic-pentru-iubitorii-de-caini\/#primaryimage"},"thumbnailUrl":"https:\/\/buletin.de\/bucuresti\/wp-content\/uploads\/2026\/03\/\ud83d\udc3e-Ziua-Portilor-Deschise-\u2013-Cautare-Salvare-Paws-Out-1Esti-curios-cum-se-antreneaza-cainii.png","datePublished":"2026-03-12T23:00:00+00:00","description":"Ziua por\u021bilor deschise la Clubul C\u00e2inilor Utilitari. Demonstra\u021bii de c\u0103utare \u0219i salvare \u0219i picnic pentru iubitorii de c\u00e2ini","breadcrumb":{"@id":"https:\/\/buletin.de\/bucuresti\/ziua-portilor-deschise-la-clubul-cainilor-utilitari-demonstratii-de-cautare-si-salvare-si-picnic-pentru-iubitorii-de-caini\/#breadcrumb"},"inLanguage":"en-GB","potentialAction":[{"@type":"ReadAction","target":["https:\/\/buletin.de\/bucuresti\/ziua-portilor-deschise-la-clubul-cainilor-utilitari-demonstratii-de-cautare-si-salvare-si-picnic-pentru-iubitorii-de-caini\/"]}]},{"@type":"ImageObject","inLanguage":"en-GB","@id":"https:\/\/buletin.de\/bucuresti\/ziua-portilor-deschise-la-clubul-cainilor-utilitari-demonstratii-de-cautare-si-salvare-si-picnic-pentru-iubitorii-de-caini\/#primaryimage","url":"https:\/\/buletin.de\/bucuresti\/wp-content\/uploads\/2026\/03\/\ud83d\udc3e-Ziua-Portilor-Deschise-\u2013-Cautare-Salvare-Paws-Out-1Esti-curios-cum-se-antreneaza-cainii.png","contentUrl":"https:\/\/buletin.de\/bucuresti\/wp-content\/uploads\/2026\/03\/\ud83d\udc3e-Ziua-Portilor-Deschise-\u2013-Cautare-Salvare-Paws-Out-1Esti-curios-cum-se-antreneaza-cainii.png","width":1080,"height":864,"caption":"Ziua por\u021bilor deschise la Clubul C\u00e2inilor Utilitari. Foto: @caini.cautare.salvare \/ Instagram"},{"@type":"BreadcrumbList","@id":"https:\/\/buletin.de\/bucuresti\/ziua-portilor-deschise-la-clubul-cainilor-utilitari-demonstratii-de-cautare-si-salvare-si-picnic-pentru-iubitorii-de-caini\/#breadcrumb","itemListElement":[{"@type":"ListItem","position":1,"name":"Acas\u0103","item":"https:\/\/buletin.de\/bucuresti\/"},{"@type":"ListItem","position":2,"name":"Ziua por\u021bilor deschise la Clubul C\u00e2inilor Utilitari. Demonstra\u021bii de c\u0103utare \u0219i salvare \u0219i picnic pentru iubitorii de c\u00e2ini"}]},{"@type":"WebSite","@id":"https:\/\/buletin.de\/bucuresti\/#website","url":"https:\/\/buletin.de\/bucuresti\/","name":"Buletin de Bucure\u0219ti","description":"\u0218tiri \u0219i investiga\u021bii esen\u021biale din capital\u0103","publisher":{"@id":"https:\/\/buletin.de\/bucuresti\/#organization"},"potentialAction":[{"@type":"SearchAction","target":{"@type":"EntryPoint","urlTemplate":"https:\/\/buletin.de\/bucuresti\/?s={search_term_string}"},"query-input":{"@type":"PropertyValueSpecification","valueRequired":true,"valueName":"search_term_string"}}],"inLanguage":"en-GB"},{"@type":"Organization","@id":"https:\/\/buletin.de\/bucuresti\/#organization","name":"Buletin de Bucure\u0219ti","url":"https:\/\/buletin.de\/bucuresti\/","logo":{"@type":"ImageObject","inLanguage":"en-GB","@id":"https:\/\/buletin.de\/bucuresti\/#\/schema\/logo\/image\/","url":"https:\/\/buletin.de\/bucuresti\/wp-content\/uploads\/logo-bdb-full-wide-vernil-transparent.png","contentUrl":"https:\/\/buletin.de\/bucuresti\/wp-content\/uploads\/logo-bdb-full-wide-vernil-transparent.png","width":1782,"height":626,"caption":"Buletin de Bucure\u0219ti"},"image":{"@id":"https:\/\/buletin.de\/bucuresti\/#\/schema\/logo\/image\/"},"sameAs":["https:\/\/www.facebook.com\/buletin.de.buc","https:\/\/www.instagram.com\/buletinde.bucuresti\/"]},{"@type":"Person","@id":"https:\/\/buletin.de\/bucuresti\/#\/schema\/person\/0ac9db30080482be87c7386a30f98796","name":"C\u0103t\u0103lin Anghel-Dimache","image":{"@type":"ImageObject","inLanguage":"en-GB","@id":"https:\/\/buletin.de\/bucuresti\/wp-content\/uploads\/Catalin-Anghel-Dimache-96x96.jpgbd9e43c5b25186d5b8e917ac61ad86c4","url":"https:\/\/buletin.de\/bucuresti\/wp-content\/uploads\/Catalin-Anghel-Dimache-96x96.jpg","contentUrl":"https:\/\/buletin.de\/bucuresti\/wp-content\/uploads\/Catalin-Anghel-Dimache-96x96.jpg","caption":"C\u0103t\u0103lin Anghel-Dimache"},"description":"A absolvit Facultatea de Jurnalism \u0219i \u0218tiin\u021bele Comunic\u0103rii a Universit\u0103\u021bii din Bucure\u0219ti \u00een 2024. Scrie despre mediu \u0219i teme sociale, dar \u0219i despre cum se reflect\u0103 ele \u00een via\u021ba cotidian\u0103 a bucure\u0219tenilor, cu un ochi atent la pove\u0219tile personale din spatele titlurilor. N\u0103scut \u0219i crescut \u00een Bucure\u0219ti, a f\u0103cut un pas c\u0103tre presa local\u0103, din pasiune pentru ora\u0219ul s\u0103u \u0219i oamenii din el.","url":"https:\/\/buletin.de\/bucuresti\/author\/catalin-anghel-dimache\/"}]}},"authors":[{"term_id":22572,"user_id":59,"is_guest":0,"slug":"catalin-anghel-dimache","display_name":"C\u0103t\u0103lin Anghel-Dimache","avatar_url":"https:\/\/buletin.de\/bucuresti\/wp-content\/uploads\/Catalin-Anghel-Dimache-96x96.jpg","0":null,"1":"","2":"","3":"","4":"","5":"","6":"","7":"","8":""}],"_links":{"self":[{"href":"https:\/\/buletin.de\/bucuresti\/wp-json\/wp\/v2\/posts\/179973","targetHints":{"allow":["GET"]}}],"collection":[{"href":"https:\/\/buletin.de\/bucuresti\/wp-json\/wp\/v2\/posts"}],"about":[{"href":"https:\/\/buletin.de\/bucuresti\/wp-json\/wp\/v2\/types\/post"}],"author":[{"embeddable":true,"href":"https:\/\/buletin.de\/bucuresti\/wp-json\/wp\/v2\/users\/59"}],"replies":[{"embeddable":true,"href":"https:\/\/buletin.de\/bucuresti\/wp-json\/wp\/v2\/comments?post=179973"}],"version-history":[{"count":2,"href":"https:\/\/buletin.de\/bucuresti\/wp-json\/wp\/v2\/posts\/179973\/revisions"}],"predecessor-version":[{"id":180215,"href":"https:\/\/buletin.de\/bucuresti\/wp-json\/wp\/v2\/posts\/179973\/revisions\/180215"}],"wp:featuredmedia":[{"embeddable":true,"href":"https:\/\/buletin.de\/bucuresti\/wp-json\/wp\/v2\/media\/179976"}],"wp:attachment":[{"href":"https:\/\/buletin.de\/bucuresti\/wp-json\/wp\/v2\/media?parent=179973"}],"wp:term":[{"taxonomy":"category","embeddable":true,"href":"https:\/\/buletin.de\/bucuresti\/wp-json\/wp\/v2\/categories?post=179973"},{"taxonomy":"post_tag","embeddable":true,"href":"https:\/\/buletin.de\/bucuresti\/wp-json\/wp\/v2\/tags?post=179973"},{"taxonomy":"author","embeddable":true,"href":"https:\/\/buletin.de\/bucuresti\/wp-json\/wp\/v2\/ppma_author?post=179973"}],"curies":[{"name":"wp","href":"https:\/\/api.w.org\/{rel}","templated":true}]}}