{"id":179893,"date":"2026-03-13T08:08:34","date_gmt":"2026-03-13T05:08:34","guid":{"rendered":"https:\/\/buletin.de\/bucuresti\/?p=179893"},"modified":"2026-03-13T15:03:23","modified_gmt":"2026-03-13T12:03:23","slug":"editorial-factura-pentru-mafiile-de-la-periferie-din-bugetul-pe-2026-cum-ajung-banii-bucurestenilor-in-feudele-imobiliare-din-ilfov","status":"publish","type":"post","link":"https:\/\/buletin.de\/bucuresti\/editorial-factura-pentru-mafiile-de-la-periferie-din-bugetul-pe-2026-cum-ajung-banii-bucurestenilor-in-feudele-imobiliare-din-ilfov\/","title":{"rendered":"EDITORIAL | Factura pentru mafiile de la periferie din bugetul pe 2026. Cum ajung banii bucure\u0219tenilor \u00een feudele imobiliare din Ilfov"},"content":{"rendered":"\n<p><strong>Aceast\u0103 aser\u021biune define\u0219te cel mai simplu \u0219i limpede conflictul deschis dintre Ilie Bolojan \u0219i Hubert Thuma, pre\u0219edintele Consiliului Jude\u021bean Ilfov, <u><a href=\"https:\/\/www.dna.ro\/comunicat.xhtml?id=5448\" target=\"_blank\" rel=\"noreferrer noopener\">un lider cu o condamnare penal\u0103 la activ<\/a><\/u> pentru corup\u021bie. Disputa nu vizeaz\u0103 func\u021bii efemere sau o simpl\u0103 influen\u021b\u0103 \u00een filiala PNL Bucure\u0219ti. Miza real\u0103 este strict financiar\u0103, care p\u0103streaz\u0103 ni\u0219te curele de transmisie bine unse, dictat\u0103 \u00eentre altele \u0219i de<u><a href=\"http:\/\/ANALIZ\u0102 | Proiectul bugetului pe 2026 ignor\u0103 rezultatul referendumului fiscal al lui Nicu\u0219or Dan. La mijloc sunt minimum 2,35 de MILIARDE de euro, doar la PMB\" target=\"_blank\" rel=\"noreferrer noopener\"> bugetul de stat pe anul 2026<\/a><\/u>.<\/strong><\/p>\n\n\n\n<p>\u00cen spatele negocierilor pentru <a href=\"http:\/\/Vicepre\u0219edinta PNL Sector 2 \u00ee\u0219i d\u0103 demisia din func\u021bie. Decizia, \u00een mijlocul scandalului privind \u201eepurarea\u201d filialelor de oamenii lui Thuma\">controlul organiza\u021biilor de sector<\/a> stau sumele pe care Consiliul Jude\u021bean Ilfov le pretinde pentru a-\u0219i sus\u021bine re\u021beaua de primari. De la ace\u0219ti bani, prima c\u0103r\u0103mid\u0103 \u00een fapt, deriv\u0103 restul re\u021belelor de influen\u021b\u0103, de la sinecuri din institu\u021bii la interese imobiliare.<\/p>\n\n\n\n<p>Acum, o cot\u0103 semnificativ\u0103 din bugetul pe 2026 trebuie s\u0103 provin\u0103 direct de la Prim\u0103ria General\u0103 a Capitalei, \u00een baza unei legisla\u021bii actuale favorabile jude\u021bului vecin.<\/p>\n\n\n\n<p>Procentul de 1,5% din banii Capitalei pleac\u0103 pentru a garanta \u201eautonomia\u201d jude\u021bului Ilfov asta \u00een timp ce bucure\u0219tenii au cerut p\u0103strarea taxelor \u00een ora\u0219 prin referendum, \u00een ciuda deciden\u021bilor politici care direc\u021bioneaz\u0103 \u00een continuare fondurile c\u0103tre polul administrativ ilfovean.<\/p>\n\n\n\n<p><strong>CITE\u0218TE \u0218I <a href=\"https:\/\/buletin.de\/bucuresti\/vicepresedinta-pnl-sector-2-isi-da-demisia-din-functie-decizia-in-mijlocul-scandalului-privind-epurarea-filialelor-de-oamenii-lui-thuma\/\">Vicepre\u0219edinta PNL Sector 2 \u00ee\u0219i d\u0103 demisia din func\u021bie. Decizia, \u00een mijlocul scandalului privind \u201eepurarea\u201d filialelor de oamenii lui Thuma<\/a><\/strong><\/p>\n\n\n\n<p><strong>Bucure\u0219tiul nu poate func\u021biona f\u0103r\u0103 Ilfov \u0219i viceversa.<\/strong> Totu\u0219i, odat\u0103 trecu\u021bi de Centura Capitalei, banii publici dispar \u00een mecanisme opace. <\/p>\n\n\n\n<p>Exemplul de la Otopeni este elocvent. Acolo g\u0103sim manualul unei scheme rudimentare de corup\u021bie, judecat\u0103 la aceast\u0103 or\u0103 de Tribunalului Bucure\u0219ti, dup\u0103 ani de tergivers\u0103ri. Iar exemplul poate fi replicat oriunde pui degetul \u00een Ilfov \u0219i sunt bani publici la mijloc.<\/p>\n\n\n\n<p><strong>CITE\u0218TE \u0218I <\/strong><strong><a href=\"https:\/\/buletin.de\/bucuresti\/dupa-ani-de-tergiversari-judecata-primarului-de-la-otopeni-incepe-cu-o-amanare-este-a-saptea-oara-dintr-un-lung-sir-care-aduce-mai-aproape-prescriptia-pentru-jaful-de-7-milioane-de-euro\/\">Dup\u0103 ani de tergivers\u0103ri, judecata primarului de la Otopeni \u00eencepe cu o am\u00e2nare. Este a \u0219aptea oar\u0103 dintr-un lung \u0219ir care aduce mai aproape prescrip\u021bia pentru \u201ejaful de 7 milioane de euro\u201d de la canalizarea ora\u0219ului<\/a><\/strong><strong><\/strong><\/p>\n\n\n\n<p>La aceste sume se adaug\u0103 fondurile guvernamentale. <\/p>\n\n\n\n<p>Fostul PNDL, supranumit la un moment dat \u0219i \u201epixul lui Dragnea\u201d, dar \u0219i actualul program \u201eAnghel Saligny\u201d au finan\u021bat \u0219i finan\u021beaz\u0103 \u00een plus, o infrastructur\u0103 politic\u0103 dedicat\u0103.<\/p>\n\n\n\n<p>Spre exemplu, asfaltul turnat din <strong>ace\u0219ti al\u021bi bani na\u021bionali <\/strong>cre\u0219te artificial valoarea terenurilor \u00een zonele de influen\u021b\u0103 ale baronilor locali, exact cum procedeaz\u0103 acum administra\u021bia din Voluntari cu <mark style=\"background-color:rgba(0, 0, 0, 0)\" class=\"has-inline-color has-vivid-red-color\">ne\u0219tiuta \u0219osea de centur\u0103-centur\u0103 autostrad\u0103, faurit\u0103 cu bani din \u201eAnghel Saligny\u201d.<\/mark><\/p>\n\n\n\n<p><strong>CITE\u0218TE \u0218I <a href=\"https:\/\/buletin.de\/bucuresti\/baronii-ilfovului-mufati-la-banii-anghel-saligny-pandelepsd-isi-face-centura-autostrada-in-voluntari-la-otopeni-primarul-gheorghepnl-trimis-in-judecata-de-dna-pentru-ca-a-devalizat\/\">Baronii Ilfovului, \u201emufa\u021bi\u201d la banii Anghel Saligny. Pandele (PSD) \u00ee\u0219i face centur\u0103-autostrad\u0103 \u00een Voluntari, la Otopeni primarul Gheorghe (PNL), trimis \u00een judecat\u0103 de DNA pentru c\u0103 a devalizat canalizarea, prime\u0219te milioane tot pentru<\/a> <a href=\"https:\/\/buletin.de\/bucuresti\/baronii-ilfovului-mufati-la-banii-anghel-saligny-pandelepsd-isi-face-centura-autostrada-in-voluntari-la-otopeni-primarul-gheorghepnl-trimis-in-judecata-de-dna-pentru-ca-a-devalizat\/\">canalizare<\/a><\/strong><\/p>\n\n\n\n<h2 class=\"wp-block-heading\" id=\"h-bugetul-pe-2026-\u0219i-s-curgerea-de-fonduri-spre-administra\u021bia-jude\u021beana\">Bugetul pe 2026 \u0219i s<strong>curgerea de fonduri spre administra\u021bia jude\u021bean\u0103<\/strong><\/h2>\n\n\n\n<p>Mecanismul financiar bugetar actual, sursa principal\u0103 de oxigen politic, avantajeaz\u0103 dispropor\u021bionat jude\u021bul Ilfov. Din cota de 56% din impozitul pe venit, sum\u0103 alocat\u0103 prim\u0103riilor de sector din Bucure\u0219ti, Ministerul Finan\u021belor re\u021bine un procent de 1,5%. <\/p>\n\n\n\n<p>Suma nu pare mare la prima vedere. Ace\u0219ti bani merg direct c\u0103tre Consiliul Jude\u021bean Ilfov iar oficialii jude\u021beni justific\u0103 aceste sume prin no\u021biunea generic\u0103 de \u201echeltuieli de dezvoltare\u201d.<\/p>\n\n\n\n<p>Din nou, \u00een teorie, nu pare mult, dar raportat la baza de impozitare a Capitalei suma atinge paroxismul pentru orice prim\u0103rie de comun\u0103, nu neap\u0103rat din Ilfov. Prim\u0103rie cu \u0219ef \u00een Asocia\u021bia de Transport Metropolitan, de De\u0219euri \u0219i a\u0219a mai departe, care are vot asupra bunului mers al lucrurilor \u00een Bucure\u0219ti. Da, \u00een cazul \u00een care nu \u0219tia\u021bi, primarul de la Nuci poate s\u0103 intervin\u0103 \u00een procesul de func\u021bionare al STB.<\/p>\n\n\n\n<p>Astfel, procentul minoritar se traduce \u00een zeci de milioane de lei \u0219i influen\u021b\u0103. <\/p>\n\n\n\n<p><strong>Estim\u0103rile BdB f\u0103cute pe bugetul anterior sunt de peste 105 milioane de lei anual, echivalentul a peste 16 milioane de euro.<\/strong><\/p>\n\n\n\n<p>Banii pleac\u0103 din taxele bucure\u0219tenilor direct \u00een conturile gestionate de Hubert Thuma. \u00cen acela\u0219i timp, o prim\u0103rie medie de comun\u0103 abia dac\u0103 administreaz\u0103 dou\u0103 milioane de euro, bani necesari \u00een principal pentru salariile neamurilor primarului \u0219i pentru curentul de la st\u00e2lpul de pe strad\u0103.<\/p>\n\n\n\n<p>Pentru liderii locali din Ilfov, p\u0103strarea acestei formule de calcul reprezint\u0103 o linie ro\u0219ie \u00een negocierile cu centrul politic. T\u0103ierea acestei singure surse ar provoca o gaur\u0103 de peste 11% direct \u00een bugetul propriu al jude\u021bului \u0219i efecte devastatoare \u00een cazul un primar de Ilfov iese din cuv\u00e2ntul \u0219efului de la v\u00e2rful jude\u021bului.<\/p>\n\n\n\n<p><strong>Aceast\u0103 realitate contabil\u0103, nediscutat\u0103 spre deloc \u00een spa\u021biul public, a declan\u0219at de fapt r\u0103zboiul recent. <\/strong><a href=\"https:\/\/buletin.de\/bucuresti\/continua-rafuiala-lui-hubert-thuma-cu-premierul-ilie-bolojan-a-userizat-pnl\/\">Thuma l-a acuzat pe Bolojan de \u201eUSRizarea\u201d partidului<\/a>. Citit printre r\u00e2nduri, <mark style=\"background-color:rgba(0, 0, 0, 0)\" class=\"has-inline-color has-vivid-red-color\">acest clenci politic este un atac direct la conceptul de trasabilitate al banilor publici.<\/mark><\/p>\n\n\n\n<h2 class=\"wp-block-heading\" id=\"h-cifrele-din-spatele-puterii-politice-\u0219i-investi\u021biile-inteligente-confiscate-de-analfabe\u021bi\"><strong>Cifrele din spatele puterii politice \u0219i investi\u021biile inteligente confiscate de analfabe\u021bi <\/strong><\/h2>\n\n\n\n<p><strong>E musai ca cifrele reale din teren s\u0103 necesite o explica\u021bie clar\u0103 pentru a explica nervozitatea acestui conflict politic.<\/strong><\/p>\n\n\n\n<p>\u00cen anul 2025, Consiliul Jude\u021bean Ilfov a operat un buget local propriu de 918,3 milioane de lei. <strong>Suma atinge pragul de 180 de milioane de euro, f\u0103r\u0103 alte fonduri europene sau na\u021bionale.<\/strong> Adev\u0103rata miz\u0103 dep\u0103\u0219e\u0219te \u00eens\u0103 conturile stricte ale institu\u021biei jude\u021bene.<\/p>\n\n\n\n<p>Puterea real\u0103 rezid\u0103 \u00een vistieriile celor 40 de ora\u0219e \u0219i comune ilfovene \u00een timp ce conducerea jude\u021bean\u0103 are datoria politic\u0103 s\u0103 le men\u021bin\u0103 dependente de resursele guvernamentale, pentru confort pe toate palierele. <\/p>\n\n\n\n<p>Adic\u0103 mai pu\u021bin\u0103 munc\u0103 adminitrativ\u0103, mai pu\u021bine discu\u021bii cu investitori reali, mai pu\u021bine avize \u0219i fereasc\u0103 Sf\u00e2ntu de program care poate dep\u0103\u0219i cumva ora 14:00.<\/p>\n\n\n\n<p>Asta \u00een timp ce, d<strong>oar investi\u021biile private reale ar aduce localit\u0103\u021bilor din Ilofv o surs\u0103 de venit constant\u0103<\/strong>. &nbsp;\u00cen realitate, capitalul circul\u0103 opac prin cabinete notariale, \u00eentr-o logic\u0103 strict reziden\u021bial\u0103.<\/p>\n\n\n\n<p><strong>Aceast\u0103 specul\u0103 imobiliar\u0103 aduce la final venituri de-a dreptul ru\u0219inoase \u00eencasate ca impozite pe terenuri \u0219i cl\u0103diri, la bugetele locale.<\/strong><\/p>\n\n\n\n<p>Edilii bloca\u021bi \u00een comisioane\/combina\u021bii din tranzac\u021bii cu terenuri \u0219i \u0219p\u0103gi cu PUZ-uri refuz\u0103 s\u0103 \u00een\u021beleag\u0103 avantajele economice pe vertical\u0103 \u0219i orizontal\u0103 pe care le poate aduce un om de afaceri adev\u0103rat care vine s\u0103 investeasc\u0103, nu fier beton \u0219i termopane pe cinci etaje, ci tehnic\u0103 de produc\u021bie pentru valoare ad\u0103ugat\u0103 \u00eentr-un mic atelier de micro-produc\u021bie.<\/p>\n\n\n\n<p>O fabric\u0103 de brelocuri sau de lapte, la marginea unei oarecare localit\u0103\u021bi din Ilfov, ar genera, cu pu\u021bin\u0103 munc\u0103 \u0219i \u00eentr-un scurt timp un circuit economic stabil, for\u021b\u0103 calificat\u0103 \u0219i contribu\u021bii fantastice la vistieria local\u0103. Plus perspective adiacente pentru industrii paralele.<\/p>\n\n\n\n<p><strong>Dar cei care pot face asta sunt oameni care chiar \u0219tiu s\u0103 fac\u0103 afaceri \u0219i au luat cel pu\u021bin un examen de bacalaureat. Dar care au alergie la combina\u021bii cu c\u0103m\u0103tari, terenuri, arhitec\u021bi \u0219i notari corup\u021bi. \u0218i, din autoconservare, stau departe de aceast\u0103 lume feudal\u0103 de l\u00e2ng\u0103 Bucure\u0219ti.<\/strong><\/p>\n\n\n\n<h2 class=\"wp-block-heading\" id=\"h-polul-ilfovean-contra-sectoarelor-din-capitala\"><strong>Polul ilfovean contra sectoarelor din Capital\u0103<\/strong><\/h2>\n\n\n\n<p>Bugetul propriu al CJ Ilfov cumulat cu bugetele celor 40 de prim\u0103rii transform\u0103 polul politico-administrativ din jude\u021b \u00eentr-o for\u021b\u0103 financiar\u0103 major\u0103. <\/p>\n\n\n\n<p><strong>Suma dep\u0103\u0219e\u0219te 3,5 miliarde de lei anual, adic\u0103 peste 687 de milioane de euro, cu tot cu cele mai bogate ora\u0219e precum Voluntari sau Otopeni. Aceast\u0103 cifr\u0103 concureaz\u0103 direct cu bugetele celor mai bogate sectoare din Bucure\u0219ti.<\/strong><\/p>\n\n\n\n<p>A\u0219adar, o paralel\u0103 cu administra\u021bia bucure\u0219tean\u0103 este necesar\u0103. Sectorul 6 a lucrat \u00een 2025 cu un buget de peste 3,41 miliarde de lei, adic\u0103 o cifr\u0103 similara \u00een euro. Aici, administra\u021bia a construit bugetul \u00een mare parte \u0219i din credite \u0219i proiec\u021bii de fonduri europene pentru proiecte \u00een execu\u021bie sau la \u00eenceput de drum.<\/p>\n\n\n\n<p>\u00cen contrast total, administra\u021bia ilfovean\u0103 abia se poate sus\u021bine exclusiv din venituri proprii, din taxe \u0219i impozite locale. De fonduri se discut\u0103 timid sub logica \u201e<em>sunteam prea boga\u021bi \u00een acte ca s\u0103 le putem accesa<\/em>\u201d.<\/p>\n\n\n\n<p><strong><mark style=\"background-color:rgba(0, 0, 0, 0)\" class=\"has-inline-color has-vivid-red-color\">\u00cen Ilfov, sunt prim\u0103rii \u00een care nu exist\u0103 angaja\u021bi care s\u0103 vorbeasc\u0103 limba englez\u0103. De scris proiecte corect \u00een limba rom\u00e2na abia poate fi vorba<\/mark> iar despre cele pentru fonduri europene eligibile \u00eentr-un viitor editorial<\/strong>.<\/p>\n\n\n\n<h2 class=\"wp-block-heading\" id=\"h-interesele-imobiliare-blocheaza-reforma-financiara\"><strong>Interesele imobiliare blocheaz\u0103 reforma financiar\u0103<\/strong><\/h2>\n\n\n\n<p>\u00cen jurul Capitalei func\u021bioneaz\u0103 c\u00e2teva feude care opereaz\u0103 sume considerabile raportate la num\u0103rul microscopic de popula\u021bie, \u00een compara\u021bie cu Bucure\u0219tiul. <\/p>\n\n\n\n<p><strong>A\u0219adar, Voluntari \u0219i Otopeni sunt v\u00e2rfurile de lance \u00een re\u021beaua de prim\u0103rii din Ilfov cu conexiuni directe temiriunde.<\/strong><\/p>\n\n\n\n<p>Asta \u00een timp ce Hubert Thuma respinge public acuza\u021biile unei alian\u021be subterane cu Partidul Social Democrat. <\/p>\n\n\n\n<p><strong>CITE\u0218TE \u0218I <a href=\"https:\/\/buletin.de\/bucuresti\/primarul-din-bragadiru-fost-dezvoltator-imobiliar-anunta-un-puci-politic-alaturi-de-presedintele-cj-ilfov\/\">Primarul din Bragadiru, fost dezvoltator imobiliar, anun\u021b\u0103 un \u201epuci\u201d politic al\u0103turi de pre\u0219edintele CJ Ilfov, condamnat pentru corup\u021bie<\/a><\/strong><\/p>\n\n\n\n<p>Cu toate acestea, ie\u0219irile publice \u0219i noul format \u201esindicat\u201d al lui Hubert Thuma tr\u0103deaz\u0103 o nervozitate \u0219i o raliere for\u021bat\u0103 evident\u0103 \u00een r\u00e2ndul liderilor locali. Semnalele clare exist\u0103 deja, de ceva timp, pe scena administrativ\u0103.<\/p>\n\n\n\n<p>M\u00e2na dreapt\u0103 a lui Florentin Pandele a preluat func\u021bia de prefect de Ilfov \u0219i a trecut imediat \u00een tab\u0103ra liberal\u0103, \u00eenc\u0103 din vara lui 2025, <a href=\"https:\/\/buletin.de\/bucuresti\/tradarea-din-ilfov-prefecta-simona-neculae-omul-lui-pandele-trece-de-la-psd-la-pnl-si-ramane-pe-functie-hubert-thuma-isi-consolideaza-astfel\/\">dup\u0103 cum Buletin de Bucure\u0219ti a ar\u0103tat aici<\/a>.<\/p>\n\n\n\n<h2 class=\"wp-block-heading\" id=\"h-decizia-finala-din-bugetul-pe-2026\"><strong>Decizia final\u0103 din bugetul pe 2026<\/strong><\/h2>\n\n\n\n<p>A\u0219adar, bugetul pe 2026 reprezint\u0103 instrumentul final de decizie.<\/p>\n\n\n\n<p>Liderii din Ilfov au \u00eenceput s\u0103 trag\u0103 rafale preventive pentru p\u0103strarea privilegiilor financiare. Ace\u0219tia folosesc presiuni politice \u0219i negocieri paralele. <\/p>\n\n\n\n<p>Ac\u021biunile expun disperarea unor administratori adu\u0219i \u00een fa\u021ba realit\u0103\u021bii contabile care nu mai poate fi fardat\u0103. <\/p>\n\n\n\n<p>S-a furat \u0219i s-a condus din iner\u021bie, p\u00e2n\u0103 c\u00e2nd s-a rupt cureaua pomenilor. <\/p>\n\n\n\n<p>Ace\u0219ti oameni realizeaz\u0103 abia acum, brusc, presiunea de a supravie\u021bui strict din munc\u0103 de gospodar care aduce propriile \u00eencas\u0103ri. <\/p>\n\n\n\n<p><strong>\u00cen continuare, oamenii sistemului se dovedesc incapabili de o viziune administrativ\u0103 care s\u0103 duc\u0103 la o dezvoltare sustenabil\u0103, adic\u0103 o cre\u0219tere economic\u0103 \u00een cei mai simpli termeni, pentru genera\u021biile viitoare. \u0218i au toate condi\u021biile s\u0103 fac\u0103 asta.<\/strong><\/p>\n\n\n\n<p>Primarii din Ilfov sunt bloca\u021bi mental la scheme cu dezvoltatorii imobiliari care le betoneaz\u0103 c\u00e2mpurile iar o descindere masiv\u0103 a procurorilor anticorup\u021bie la marginea Capitalei ar provoca un blocaj total \u00een administra\u021bia jude\u021bean\u0103, \u00een lipsa combaterii traseismului la vot <a href=\"http:\/\/Anomalia votului de la Tunari: comuna din Nordul Capitalei a \u00eentrecut toate ora\u0219ele din Ilfov la num\u0103rul de vize de flotant. \u201cEste genul de activitate care trebuie anchetat\u0103 serios de Parchet\u201d, sus\u021bine politologul Cristian P\u00e2rvulescu\">\u0219i a rezonabilelor suspiciuni de frauda la alegeri despre care Buletin de Bucure\u0219ti a tot scris \u00een ultimii ani.<\/a><\/p>\n\n\n\n<p>P\u00e2n\u0103 la o cur\u0103\u021benie real\u0103 a sistemului, factura pentru confortul politic al acestor clanuri bugetofage ajunge, lun\u0103 de lun\u0103, tot \u00een cutia po\u0219tal\u0103 a bucure\u0219teanului. Sub diverse forme, \u00eencununate \u00een cele din urma de Bugetul Na\u021bional pe 2026.<\/p>\n\n\n\n<p><strong>CITE\u0218TE \u0218I <a href=\"https:\/\/buletin.de\/bucuresti\/editorial-anomalia-democratica-si-dezastrul-votului-intr-un-singur-tur-bucurestiul-si-ilfovul-sunt-conduse-de-primari-minoritari\/\">EDITORIAL | Anomalia democratic\u0103 \u0219i dezastrul votului \u00eentr-un singur tur: Bucure\u0219tiul \u0219i Ilfovul sunt conduse de primari minoritari<\/a><\/strong><\/p>\n","protected":false},"excerpt":{"rendered":"<p>Aceast\u0103 aser\u021biune define\u0219te cel mai simplu \u0219i limpede conflictul deschis dintre Ilie Bolojan \u0219i Hubert Thuma, pre\u0219edintele Consiliului Jude\u021bean Ilfov, un lider cu o condamnare penal\u0103 la activ pentru corup\u021bie. Disputa nu vizeaz\u0103 func\u021bii efemere sau o simpl\u0103 influen\u021b\u0103 \u00een filiala PNL Bucure\u0219ti. Miza real\u0103 este strict financiar\u0103, care p\u0103streaz\u0103 ni\u0219te curele de transmisie bine [&hellip;]<\/p>\n","protected":false},"author":10,"featured_media":180230,"comment_status":"closed","ping_status":"open","sticky":false,"template":"","format":"standard","meta":{"_acf_changed":false,"inline_featured_image":false,"ngg_post_thumbnail":0,"footnotes":""},"categories":[6994,41,5762,9025,24],"tags":[27042,25996,1990,25062,27039,27041,6276,17747,762,27040],"ppma_author":[22575],"class_list":["post-179893","post","type-post","status-publish","format-standard","has-post-thumbnail","hentry","category-stiri-2","category-editorial","category-main","category-politic","category-primarie","tag-administratie-publica","tag-buget-2026","tag-cj-ilfov","tag-coruptie-ilfov-2","tag-dezvoltare-imobiliara-2","tag-fonduri-guvernamentale","tag-hubert-thuma","tag-ilie-bolojan","tag-pnl","tag-taxe-bucuresti-2"],"acf":[],"yoast_head":"<!-- This site is optimized with the Yoast SEO Premium plugin v25.3 (Yoast SEO v27.4) - https:\/\/yoast.com\/product\/yoast-seo-premium-wordpress\/ -->\n<title>EDITORIAL | Factura pentru mafiile de la periferie din bugetul pe 2026. Cum ajung banii bucure\u0219tenilor \u00een feudele imobiliare din Ilfov - Buletin de Bucure\u0219ti<\/title>\n<meta name=\"description\" content=\"Miza real\u0103 este financiar\u0103, care p\u0103streaz\u0103 ni\u0219te curele de transmisie unse, dictat\u0103 \u00eentre altele \u0219i de bugetul pe anul 2026.\" \/>\n<meta name=\"robots\" content=\"index, follow, max-snippet:-1, max-image-preview:large, max-video-preview:-1\" \/>\n<link rel=\"canonical\" href=\"https:\/\/buletin.de\/bucuresti\/editorial-factura-pentru-mafiile-de-la-periferie-din-bugetul-pe-2026-cum-ajung-banii-bucurestenilor-in-feudele-imobiliare-din-ilfov\/\" \/>\n<meta property=\"og:locale\" content=\"en_GB\" \/>\n<meta property=\"og:type\" content=\"article\" \/>\n<meta property=\"og:title\" content=\"EDITORIAL | Factura pentru mafiile de la periferie din bugetul pe 2026. Cum ajung banii bucure\u0219tenilor \u00een feudele imobiliare din Ilfov\" \/>\n<meta property=\"og:description\" content=\"Miza real\u0103 este financiar\u0103, care p\u0103streaz\u0103 ni\u0219te curele de transmisie unse, dictat\u0103 \u00eentre altele \u0219i de bugetul pe anul 2026.\" \/>\n<meta property=\"og:url\" content=\"https:\/\/buletin.de\/bucuresti\/editorial-factura-pentru-mafiile-de-la-periferie-din-bugetul-pe-2026-cum-ajung-banii-bucurestenilor-in-feudele-imobiliare-din-ilfov\/\" \/>\n<meta property=\"og:site_name\" content=\"Buletin de Bucure\u0219ti\" \/>\n<meta property=\"article:publisher\" content=\"https:\/\/www.facebook.com\/buletin.de.buc\" \/>\n<meta property=\"article:published_time\" content=\"2026-03-13T05:08:34+00:00\" \/>\n<meta property=\"article:modified_time\" content=\"2026-03-13T12:03:23+00:00\" \/>\n<meta property=\"og:image\" content=\"https:\/\/buletin.de\/bucuresti\/wp-content\/uploads\/2026\/03\/thuma-ilfov-scaled.jpg\" \/>\n\t<meta property=\"og:image:width\" content=\"2560\" \/>\n\t<meta property=\"og:image:height\" content=\"1440\" \/>\n\t<meta property=\"og:image:type\" content=\"image\/jpeg\" \/>\n<meta name=\"author\" content=\"C\u0103t\u0103lin Dosca\u0219\" \/>\n<meta name=\"twitter:card\" content=\"summary_large_image\" \/>\n<meta name=\"twitter:label1\" content=\"Written by\" \/>\n\t<meta name=\"twitter:data1\" content=\"C\u0103t\u0103lin Dosca\u0219\" \/>\n\t<meta name=\"twitter:label2\" content=\"Estimated reading time\" \/>\n\t<meta name=\"twitter:data2\" content=\"8 minutes\" \/>\n<script type=\"application\/ld+json\" class=\"yoast-schema-graph\">{\"@context\":\"https:\\\/\\\/schema.org\",\"@graph\":[{\"@type\":\"Article\",\"@id\":\"https:\\\/\\\/buletin.de\\\/bucuresti\\\/editorial-factura-pentru-mafiile-de-la-periferie-din-bugetul-pe-2026-cum-ajung-banii-bucurestenilor-in-feudele-imobiliare-din-ilfov\\\/#article\",\"isPartOf\":{\"@id\":\"https:\\\/\\\/buletin.de\\\/bucuresti\\\/editorial-factura-pentru-mafiile-de-la-periferie-din-bugetul-pe-2026-cum-ajung-banii-bucurestenilor-in-feudele-imobiliare-din-ilfov\\\/\"},\"author\":{\"name\":\"C\u0103t\u0103lin Dosca\u0219\",\"@id\":\"https:\\\/\\\/buletin.de\\\/bucuresti\\\/#\\\/schema\\\/person\\\/31117187ed4d0bdb0a4c7d6acc79d0f8\"},\"headline\":\"EDITORIAL | Factura pentru mafiile de la periferie din bugetul pe 2026. Cum ajung banii bucure\u0219tenilor \u00een feudele imobiliare din Ilfov\",\"datePublished\":\"2026-03-13T05:08:34+00:00\",\"dateModified\":\"2026-03-13T12:03:23+00:00\",\"mainEntityOfPage\":{\"@id\":\"https:\\\/\\\/buletin.de\\\/bucuresti\\\/editorial-factura-pentru-mafiile-de-la-periferie-din-bugetul-pe-2026-cum-ajung-banii-bucurestenilor-in-feudele-imobiliare-din-ilfov\\\/\"},\"wordCount\":1822,\"publisher\":{\"@id\":\"https:\\\/\\\/buletin.de\\\/bucuresti\\\/#organization\"},\"image\":{\"@id\":\"https:\\\/\\\/buletin.de\\\/bucuresti\\\/editorial-factura-pentru-mafiile-de-la-periferie-din-bugetul-pe-2026-cum-ajung-banii-bucurestenilor-in-feudele-imobiliare-din-ilfov\\\/#primaryimage\"},\"thumbnailUrl\":\"https:\\\/\\\/buletin.de\\\/bucuresti\\\/wp-content\\\/uploads\\\/2026\\\/03\\\/thuma-ilfov-scaled.jpg\",\"keywords\":[\"administra\u021bie public\u0103\",\"buget 2026\",\"cj ilfov\",\"corup\u021bie Ilfov\",\"dezvoltare imobiliar\u0103\",\"fonduri guvernamentale\",\"hubert thuma\",\"ilie bolojan\",\"PNL\",\"taxe Bucure\u0219ti\"],\"articleSection\":[\"Articole\",\"Editorial\",\"Main\",\"Politic\",\"Prim\u0103rie\"],\"inLanguage\":\"en-GB\",\"copyrightYear\":\"2026\",\"copyrightHolder\":{\"@id\":\"https:\\\/\\\/buletin.de\\\/bucuresti\\\/#organization\"}},{\"@type\":\"WebPage\",\"@id\":\"https:\\\/\\\/buletin.de\\\/bucuresti\\\/editorial-factura-pentru-mafiile-de-la-periferie-din-bugetul-pe-2026-cum-ajung-banii-bucurestenilor-in-feudele-imobiliare-din-ilfov\\\/\",\"url\":\"https:\\\/\\\/buletin.de\\\/bucuresti\\\/editorial-factura-pentru-mafiile-de-la-periferie-din-bugetul-pe-2026-cum-ajung-banii-bucurestenilor-in-feudele-imobiliare-din-ilfov\\\/\",\"name\":\"EDITORIAL | Factura pentru mafiile de la periferie din bugetul pe 2026. Cum ajung banii bucure\u0219tenilor \u00een feudele imobiliare din Ilfov - Buletin de Bucure\u0219ti\",\"isPartOf\":{\"@id\":\"https:\\\/\\\/buletin.de\\\/bucuresti\\\/#website\"},\"primaryImageOfPage\":{\"@id\":\"https:\\\/\\\/buletin.de\\\/bucuresti\\\/editorial-factura-pentru-mafiile-de-la-periferie-din-bugetul-pe-2026-cum-ajung-banii-bucurestenilor-in-feudele-imobiliare-din-ilfov\\\/#primaryimage\"},\"image\":{\"@id\":\"https:\\\/\\\/buletin.de\\\/bucuresti\\\/editorial-factura-pentru-mafiile-de-la-periferie-din-bugetul-pe-2026-cum-ajung-banii-bucurestenilor-in-feudele-imobiliare-din-ilfov\\\/#primaryimage\"},\"thumbnailUrl\":\"https:\\\/\\\/buletin.de\\\/bucuresti\\\/wp-content\\\/uploads\\\/2026\\\/03\\\/thuma-ilfov-scaled.jpg\",\"datePublished\":\"2026-03-13T05:08:34+00:00\",\"dateModified\":\"2026-03-13T12:03:23+00:00\",\"description\":\"Miza real\u0103 este financiar\u0103, care p\u0103streaz\u0103 ni\u0219te curele de transmisie unse, dictat\u0103 \u00eentre altele \u0219i de bugetul pe anul 2026.\",\"breadcrumb\":{\"@id\":\"https:\\\/\\\/buletin.de\\\/bucuresti\\\/editorial-factura-pentru-mafiile-de-la-periferie-din-bugetul-pe-2026-cum-ajung-banii-bucurestenilor-in-feudele-imobiliare-din-ilfov\\\/#breadcrumb\"},\"inLanguage\":\"en-GB\",\"potentialAction\":[{\"@type\":\"ReadAction\",\"target\":[\"https:\\\/\\\/buletin.de\\\/bucuresti\\\/editorial-factura-pentru-mafiile-de-la-periferie-din-bugetul-pe-2026-cum-ajung-banii-bucurestenilor-in-feudele-imobiliare-din-ilfov\\\/\"]}]},{\"@type\":\"ImageObject\",\"inLanguage\":\"en-GB\",\"@id\":\"https:\\\/\\\/buletin.de\\\/bucuresti\\\/editorial-factura-pentru-mafiile-de-la-periferie-din-bugetul-pe-2026-cum-ajung-banii-bucurestenilor-in-feudele-imobiliare-din-ilfov\\\/#primaryimage\",\"url\":\"https:\\\/\\\/buletin.de\\\/bucuresti\\\/wp-content\\\/uploads\\\/2026\\\/03\\\/thuma-ilfov-scaled.jpg\",\"contentUrl\":\"https:\\\/\\\/buletin.de\\\/bucuresti\\\/wp-content\\\/uploads\\\/2026\\\/03\\\/thuma-ilfov-scaled.jpg\",\"width\":2560,\"height\":1440,\"caption\":\"Factura de la periferie pe Bugetul din 2026: Cum ajung banii bucure\u0219tenilor \u00een feudele imobiliare din Ilfov. FOTO:Gmaps\\\/ Inquam Photos\\\/Bogdan Buda\"},{\"@type\":\"BreadcrumbList\",\"@id\":\"https:\\\/\\\/buletin.de\\\/bucuresti\\\/editorial-factura-pentru-mafiile-de-la-periferie-din-bugetul-pe-2026-cum-ajung-banii-bucurestenilor-in-feudele-imobiliare-din-ilfov\\\/#breadcrumb\",\"itemListElement\":[{\"@type\":\"ListItem\",\"position\":1,\"name\":\"Acas\u0103\",\"item\":\"https:\\\/\\\/buletin.de\\\/bucuresti\\\/\"},{\"@type\":\"ListItem\",\"position\":2,\"name\":\"EDITORIAL | Factura pentru mafiile de la periferie din bugetul pe 2026. Cum ajung banii bucure\u0219tenilor \u00een feudele imobiliare din Ilfov\"}]},{\"@type\":\"WebSite\",\"@id\":\"https:\\\/\\\/buletin.de\\\/bucuresti\\\/#website\",\"url\":\"https:\\\/\\\/buletin.de\\\/bucuresti\\\/\",\"name\":\"Buletin de Bucure\u0219ti\",\"description\":\"\u0218tiri \u0219i investiga\u021bii esen\u021biale din capital\u0103\",\"publisher\":{\"@id\":\"https:\\\/\\\/buletin.de\\\/bucuresti\\\/#organization\"},\"potentialAction\":[{\"@type\":\"SearchAction\",\"target\":{\"@type\":\"EntryPoint\",\"urlTemplate\":\"https:\\\/\\\/buletin.de\\\/bucuresti\\\/?s={search_term_string}\"},\"query-input\":{\"@type\":\"PropertyValueSpecification\",\"valueRequired\":true,\"valueName\":\"search_term_string\"}}],\"inLanguage\":\"en-GB\"},{\"@type\":\"Organization\",\"@id\":\"https:\\\/\\\/buletin.de\\\/bucuresti\\\/#organization\",\"name\":\"Buletin de Bucure\u0219ti\",\"url\":\"https:\\\/\\\/buletin.de\\\/bucuresti\\\/\",\"logo\":{\"@type\":\"ImageObject\",\"inLanguage\":\"en-GB\",\"@id\":\"https:\\\/\\\/buletin.de\\\/bucuresti\\\/#\\\/schema\\\/logo\\\/image\\\/\",\"url\":\"https:\\\/\\\/buletin.de\\\/bucuresti\\\/wp-content\\\/uploads\\\/logo-bdb-full-wide-vernil-transparent.png\",\"contentUrl\":\"https:\\\/\\\/buletin.de\\\/bucuresti\\\/wp-content\\\/uploads\\\/logo-bdb-full-wide-vernil-transparent.png\",\"width\":1782,\"height\":626,\"caption\":\"Buletin de Bucure\u0219ti\"},\"image\":{\"@id\":\"https:\\\/\\\/buletin.de\\\/bucuresti\\\/#\\\/schema\\\/logo\\\/image\\\/\"},\"sameAs\":[\"https:\\\/\\\/www.facebook.com\\\/buletin.de.buc\",\"https:\\\/\\\/www.instagram.com\\\/buletinde.bucuresti\\\/\"]},{\"@type\":\"Person\",\"@id\":\"https:\\\/\\\/buletin.de\\\/bucuresti\\\/#\\\/schema\\\/person\\\/31117187ed4d0bdb0a4c7d6acc79d0f8\",\"name\":\"C\u0103t\u0103lin Dosca\u0219\",\"image\":{\"@type\":\"ImageObject\",\"inLanguage\":\"en-GB\",\"@id\":\"https:\\\/\\\/buletin.de\\\/bucuresti\\\/wp-content\\\/uploads\\\/Catalin-Doscas-e1732731064764-96x96.jpga93e2943bb3b1c1f9ead823df6e6317a\",\"url\":\"https:\\\/\\\/buletin.de\\\/bucuresti\\\/wp-content\\\/uploads\\\/Catalin-Doscas-e1732731064764-96x96.jpg\",\"contentUrl\":\"https:\\\/\\\/buletin.de\\\/bucuresti\\\/wp-content\\\/uploads\\\/Catalin-Doscas-e1732731064764-96x96.jpg\",\"caption\":\"C\u0103t\u0103lin Dosca\u0219\"},\"description\":\"Reporter \u0219i redactor-\u0219ef Buletin de Bucure\u0219ti. Lucreaz\u0103 \u00een mass-media de la v\u00e2rsta de 15 ani, c\u00e2nd a publicat primele articole \u00een presa local\u0103 din Tecuci. \u00cen Bucure\u0219ti a lucrat \u00een redac\u021bii radio ca reporter, redactor \u0219i prezentator (StudentFM, Na\u021bionalFM, Radio Total, Smart FM), unde a acoperit domeniile politic, economic, social \u0219i externe. Ulterior, a fost editor-coordonator al postului Realitatea FM. Experien\u021ba \u00een jurnalismul online a dob\u00e2ndit-o la portalul B365.ro, unde a fost editor. \u00cen 2012 s-a angajat \u00een televiziune. La Realitatea TV a fost, pe r\u00e2nd, reporter la sec\u021bia Social, reporter special la emisiunea de reportaje \u0219i anchete \u201eReporterii Realit\u0103\u021bii\u201d, dar \u0219i editor al jurnalelor de \u0219tiri. Ulterior, a f\u0103cut parte din sec\u021bia de Investiga\u021bii de la Digi24 \u0219i a lucrat la campania \u201eRom\u00e2nia furat\u0103\u201d. A revenit \u00een presa scris\u0103 \u00een 2017, ca reporter special, \u00een cadrul unui proiect de repozi\u021bionare a tabloidului Libertatea \u00een cotidian generalist. Este jurnalist Buletin de Bucure\u0219ti din 2019.\",\"url\":\"https:\\\/\\\/buletin.de\\\/bucuresti\\\/author\\\/catalin\\\/\"}]}<\/script>\n<!-- \/ Yoast SEO Premium plugin. -->","yoast_head_json":{"title":"EDITORIAL | Factura pentru mafiile de la periferie din bugetul pe 2026. Cum ajung banii bucure\u0219tenilor \u00een feudele imobiliare din Ilfov - Buletin de Bucure\u0219ti","description":"Miza real\u0103 este financiar\u0103, care p\u0103streaz\u0103 ni\u0219te curele de transmisie unse, dictat\u0103 \u00eentre altele \u0219i de bugetul pe anul 2026.","robots":{"index":"index","follow":"follow","max-snippet":"max-snippet:-1","max-image-preview":"max-image-preview:large","max-video-preview":"max-video-preview:-1"},"canonical":"https:\/\/buletin.de\/bucuresti\/editorial-factura-pentru-mafiile-de-la-periferie-din-bugetul-pe-2026-cum-ajung-banii-bucurestenilor-in-feudele-imobiliare-din-ilfov\/","og_locale":"en_GB","og_type":"article","og_title":"EDITORIAL | Factura pentru mafiile de la periferie din bugetul pe 2026. Cum ajung banii bucure\u0219tenilor \u00een feudele imobiliare din Ilfov","og_description":"Miza real\u0103 este financiar\u0103, care p\u0103streaz\u0103 ni\u0219te curele de transmisie unse, dictat\u0103 \u00eentre altele \u0219i de bugetul pe anul 2026.","og_url":"https:\/\/buletin.de\/bucuresti\/editorial-factura-pentru-mafiile-de-la-periferie-din-bugetul-pe-2026-cum-ajung-banii-bucurestenilor-in-feudele-imobiliare-din-ilfov\/","og_site_name":"Buletin de Bucure\u0219ti","article_publisher":"https:\/\/www.facebook.com\/buletin.de.buc","article_published_time":"2026-03-13T05:08:34+00:00","article_modified_time":"2026-03-13T12:03:23+00:00","og_image":[{"width":2560,"height":1440,"url":"https:\/\/buletin.de\/bucuresti\/wp-content\/uploads\/2026\/03\/thuma-ilfov-scaled.jpg","type":"image\/jpeg"}],"author":"C\u0103t\u0103lin Dosca\u0219","twitter_card":"summary_large_image","twitter_misc":{"Written by":"C\u0103t\u0103lin Dosca\u0219","Estimated reading time":"8 minutes"},"schema":{"@context":"https:\/\/schema.org","@graph":[{"@type":"Article","@id":"https:\/\/buletin.de\/bucuresti\/editorial-factura-pentru-mafiile-de-la-periferie-din-bugetul-pe-2026-cum-ajung-banii-bucurestenilor-in-feudele-imobiliare-din-ilfov\/#article","isPartOf":{"@id":"https:\/\/buletin.de\/bucuresti\/editorial-factura-pentru-mafiile-de-la-periferie-din-bugetul-pe-2026-cum-ajung-banii-bucurestenilor-in-feudele-imobiliare-din-ilfov\/"},"author":{"name":"C\u0103t\u0103lin Dosca\u0219","@id":"https:\/\/buletin.de\/bucuresti\/#\/schema\/person\/31117187ed4d0bdb0a4c7d6acc79d0f8"},"headline":"EDITORIAL | Factura pentru mafiile de la periferie din bugetul pe 2026. Cum ajung banii bucure\u0219tenilor \u00een feudele imobiliare din Ilfov","datePublished":"2026-03-13T05:08:34+00:00","dateModified":"2026-03-13T12:03:23+00:00","mainEntityOfPage":{"@id":"https:\/\/buletin.de\/bucuresti\/editorial-factura-pentru-mafiile-de-la-periferie-din-bugetul-pe-2026-cum-ajung-banii-bucurestenilor-in-feudele-imobiliare-din-ilfov\/"},"wordCount":1822,"publisher":{"@id":"https:\/\/buletin.de\/bucuresti\/#organization"},"image":{"@id":"https:\/\/buletin.de\/bucuresti\/editorial-factura-pentru-mafiile-de-la-periferie-din-bugetul-pe-2026-cum-ajung-banii-bucurestenilor-in-feudele-imobiliare-din-ilfov\/#primaryimage"},"thumbnailUrl":"https:\/\/buletin.de\/bucuresti\/wp-content\/uploads\/2026\/03\/thuma-ilfov-scaled.jpg","keywords":["administra\u021bie public\u0103","buget 2026","cj ilfov","corup\u021bie Ilfov","dezvoltare imobiliar\u0103","fonduri guvernamentale","hubert thuma","ilie bolojan","PNL","taxe Bucure\u0219ti"],"articleSection":["Articole","Editorial","Main","Politic","Prim\u0103rie"],"inLanguage":"en-GB","copyrightYear":"2026","copyrightHolder":{"@id":"https:\/\/buletin.de\/bucuresti\/#organization"}},{"@type":"WebPage","@id":"https:\/\/buletin.de\/bucuresti\/editorial-factura-pentru-mafiile-de-la-periferie-din-bugetul-pe-2026-cum-ajung-banii-bucurestenilor-in-feudele-imobiliare-din-ilfov\/","url":"https:\/\/buletin.de\/bucuresti\/editorial-factura-pentru-mafiile-de-la-periferie-din-bugetul-pe-2026-cum-ajung-banii-bucurestenilor-in-feudele-imobiliare-din-ilfov\/","name":"EDITORIAL | Factura pentru mafiile de la periferie din bugetul pe 2026. Cum ajung banii bucure\u0219tenilor \u00een feudele imobiliare din Ilfov - Buletin de Bucure\u0219ti","isPartOf":{"@id":"https:\/\/buletin.de\/bucuresti\/#website"},"primaryImageOfPage":{"@id":"https:\/\/buletin.de\/bucuresti\/editorial-factura-pentru-mafiile-de-la-periferie-din-bugetul-pe-2026-cum-ajung-banii-bucurestenilor-in-feudele-imobiliare-din-ilfov\/#primaryimage"},"image":{"@id":"https:\/\/buletin.de\/bucuresti\/editorial-factura-pentru-mafiile-de-la-periferie-din-bugetul-pe-2026-cum-ajung-banii-bucurestenilor-in-feudele-imobiliare-din-ilfov\/#primaryimage"},"thumbnailUrl":"https:\/\/buletin.de\/bucuresti\/wp-content\/uploads\/2026\/03\/thuma-ilfov-scaled.jpg","datePublished":"2026-03-13T05:08:34+00:00","dateModified":"2026-03-13T12:03:23+00:00","description":"Miza real\u0103 este financiar\u0103, care p\u0103streaz\u0103 ni\u0219te curele de transmisie unse, dictat\u0103 \u00eentre altele \u0219i de bugetul pe anul 2026.","breadcrumb":{"@id":"https:\/\/buletin.de\/bucuresti\/editorial-factura-pentru-mafiile-de-la-periferie-din-bugetul-pe-2026-cum-ajung-banii-bucurestenilor-in-feudele-imobiliare-din-ilfov\/#breadcrumb"},"inLanguage":"en-GB","potentialAction":[{"@type":"ReadAction","target":["https:\/\/buletin.de\/bucuresti\/editorial-factura-pentru-mafiile-de-la-periferie-din-bugetul-pe-2026-cum-ajung-banii-bucurestenilor-in-feudele-imobiliare-din-ilfov\/"]}]},{"@type":"ImageObject","inLanguage":"en-GB","@id":"https:\/\/buletin.de\/bucuresti\/editorial-factura-pentru-mafiile-de-la-periferie-din-bugetul-pe-2026-cum-ajung-banii-bucurestenilor-in-feudele-imobiliare-din-ilfov\/#primaryimage","url":"https:\/\/buletin.de\/bucuresti\/wp-content\/uploads\/2026\/03\/thuma-ilfov-scaled.jpg","contentUrl":"https:\/\/buletin.de\/bucuresti\/wp-content\/uploads\/2026\/03\/thuma-ilfov-scaled.jpg","width":2560,"height":1440,"caption":"Factura de la periferie pe Bugetul din 2026: Cum ajung banii bucure\u0219tenilor \u00een feudele imobiliare din Ilfov. FOTO:Gmaps\/ Inquam Photos\/Bogdan Buda"},{"@type":"BreadcrumbList","@id":"https:\/\/buletin.de\/bucuresti\/editorial-factura-pentru-mafiile-de-la-periferie-din-bugetul-pe-2026-cum-ajung-banii-bucurestenilor-in-feudele-imobiliare-din-ilfov\/#breadcrumb","itemListElement":[{"@type":"ListItem","position":1,"name":"Acas\u0103","item":"https:\/\/buletin.de\/bucuresti\/"},{"@type":"ListItem","position":2,"name":"EDITORIAL | Factura pentru mafiile de la periferie din bugetul pe 2026. Cum ajung banii bucure\u0219tenilor \u00een feudele imobiliare din Ilfov"}]},{"@type":"WebSite","@id":"https:\/\/buletin.de\/bucuresti\/#website","url":"https:\/\/buletin.de\/bucuresti\/","name":"Buletin de Bucure\u0219ti","description":"\u0218tiri \u0219i investiga\u021bii esen\u021biale din capital\u0103","publisher":{"@id":"https:\/\/buletin.de\/bucuresti\/#organization"},"potentialAction":[{"@type":"SearchAction","target":{"@type":"EntryPoint","urlTemplate":"https:\/\/buletin.de\/bucuresti\/?s={search_term_string}"},"query-input":{"@type":"PropertyValueSpecification","valueRequired":true,"valueName":"search_term_string"}}],"inLanguage":"en-GB"},{"@type":"Organization","@id":"https:\/\/buletin.de\/bucuresti\/#organization","name":"Buletin de Bucure\u0219ti","url":"https:\/\/buletin.de\/bucuresti\/","logo":{"@type":"ImageObject","inLanguage":"en-GB","@id":"https:\/\/buletin.de\/bucuresti\/#\/schema\/logo\/image\/","url":"https:\/\/buletin.de\/bucuresti\/wp-content\/uploads\/logo-bdb-full-wide-vernil-transparent.png","contentUrl":"https:\/\/buletin.de\/bucuresti\/wp-content\/uploads\/logo-bdb-full-wide-vernil-transparent.png","width":1782,"height":626,"caption":"Buletin de Bucure\u0219ti"},"image":{"@id":"https:\/\/buletin.de\/bucuresti\/#\/schema\/logo\/image\/"},"sameAs":["https:\/\/www.facebook.com\/buletin.de.buc","https:\/\/www.instagram.com\/buletinde.bucuresti\/"]},{"@type":"Person","@id":"https:\/\/buletin.de\/bucuresti\/#\/schema\/person\/31117187ed4d0bdb0a4c7d6acc79d0f8","name":"C\u0103t\u0103lin Dosca\u0219","image":{"@type":"ImageObject","inLanguage":"en-GB","@id":"https:\/\/buletin.de\/bucuresti\/wp-content\/uploads\/Catalin-Doscas-e1732731064764-96x96.jpga93e2943bb3b1c1f9ead823df6e6317a","url":"https:\/\/buletin.de\/bucuresti\/wp-content\/uploads\/Catalin-Doscas-e1732731064764-96x96.jpg","contentUrl":"https:\/\/buletin.de\/bucuresti\/wp-content\/uploads\/Catalin-Doscas-e1732731064764-96x96.jpg","caption":"C\u0103t\u0103lin Dosca\u0219"},"description":"Reporter \u0219i redactor-\u0219ef Buletin de Bucure\u0219ti. Lucreaz\u0103 \u00een mass-media de la v\u00e2rsta de 15 ani, c\u00e2nd a publicat primele articole \u00een presa local\u0103 din Tecuci. \u00cen Bucure\u0219ti a lucrat \u00een redac\u021bii radio ca reporter, redactor \u0219i prezentator (StudentFM, Na\u021bionalFM, Radio Total, Smart FM), unde a acoperit domeniile politic, economic, social \u0219i externe. Ulterior, a fost editor-coordonator al postului Realitatea FM. Experien\u021ba \u00een jurnalismul online a dob\u00e2ndit-o la portalul B365.ro, unde a fost editor. \u00cen 2012 s-a angajat \u00een televiziune. La Realitatea TV a fost, pe r\u00e2nd, reporter la sec\u021bia Social, reporter special la emisiunea de reportaje \u0219i anchete \u201eReporterii Realit\u0103\u021bii\u201d, dar \u0219i editor al jurnalelor de \u0219tiri. Ulterior, a f\u0103cut parte din sec\u021bia de Investiga\u021bii de la Digi24 \u0219i a lucrat la campania \u201eRom\u00e2nia furat\u0103\u201d. A revenit \u00een presa scris\u0103 \u00een 2017, ca reporter special, \u00een cadrul unui proiect de repozi\u021bionare a tabloidului Libertatea \u00een cotidian generalist. Este jurnalist Buletin de Bucure\u0219ti din 2019.","url":"https:\/\/buletin.de\/bucuresti\/author\/catalin\/"}]}},"authors":[{"term_id":22575,"user_id":10,"is_guest":0,"slug":"catalin","display_name":"C\u0103t\u0103lin Dosca\u0219","avatar_url":"https:\/\/buletin.de\/bucuresti\/wp-content\/uploads\/Catalin-Doscas-e1732731064764-96x96.jpg","0":null,"1":"","2":"","3":"","4":"","5":"","6":"","7":"","8":""}],"_links":{"self":[{"href":"https:\/\/buletin.de\/bucuresti\/wp-json\/wp\/v2\/posts\/179893","targetHints":{"allow":["GET"]}}],"collection":[{"href":"https:\/\/buletin.de\/bucuresti\/wp-json\/wp\/v2\/posts"}],"about":[{"href":"https:\/\/buletin.de\/bucuresti\/wp-json\/wp\/v2\/types\/post"}],"author":[{"embeddable":true,"href":"https:\/\/buletin.de\/bucuresti\/wp-json\/wp\/v2\/users\/10"}],"replies":[{"embeddable":true,"href":"https:\/\/buletin.de\/bucuresti\/wp-json\/wp\/v2\/comments?post=179893"}],"version-history":[{"count":14,"href":"https:\/\/buletin.de\/bucuresti\/wp-json\/wp\/v2\/posts\/179893\/revisions"}],"predecessor-version":[{"id":180248,"href":"https:\/\/buletin.de\/bucuresti\/wp-json\/wp\/v2\/posts\/179893\/revisions\/180248"}],"wp:featuredmedia":[{"embeddable":true,"href":"https:\/\/buletin.de\/bucuresti\/wp-json\/wp\/v2\/media\/180230"}],"wp:attachment":[{"href":"https:\/\/buletin.de\/bucuresti\/wp-json\/wp\/v2\/media?parent=179893"}],"wp:term":[{"taxonomy":"category","embeddable":true,"href":"https:\/\/buletin.de\/bucuresti\/wp-json\/wp\/v2\/categories?post=179893"},{"taxonomy":"post_tag","embeddable":true,"href":"https:\/\/buletin.de\/bucuresti\/wp-json\/wp\/v2\/tags?post=179893"},{"taxonomy":"author","embeddable":true,"href":"https:\/\/buletin.de\/bucuresti\/wp-json\/wp\/v2\/ppma_author?post=179893"}],"curies":[{"name":"wp","href":"https:\/\/api.w.org\/{rel}","templated":true}]}}