{"id":178907,"date":"2026-03-08T11:30:40","date_gmt":"2026-03-08T08:30:40","guid":{"rendered":"https:\/\/buletin.de\/bucuresti\/?p=178907"},"modified":"2026-03-08T11:30:41","modified_gmt":"2026-03-08T08:30:41","slug":"foto-au-aparut-primele-tramvaie-la-bucla-terminus-a-fostei-linii-5-noul-traseu-duce-pana-in-pantelimon","status":"publish","type":"post","link":"https:\/\/buletin.de\/bucuresti\/foto-au-aparut-primele-tramvaie-la-bucla-terminus-a-fostei-linii-5-noul-traseu-duce-pana-in-pantelimon\/","title":{"rendered":"FOTO | Au ap\u0103rut primele tramvaie la \u201ebucla-terminus\u201d a fostei linii 5. Noul traseu duce p\u00e2n\u0103 \u00een Pantelimon"},"content":{"rendered":"\n<p><strong>Duminic\u0103 au ap\u0103rut primele tramvaie la \u201ebucla-terminus\u201d a fostei linii 5. Noul traseu se deschide ast\u0103zi, la orele pr\u00e2nzului, \u0219i duce p\u00e2n\u0103 \u00een Pantelimon. <\/strong><\/p>\n\n\n\n<p>\u00cen cursul zilei de s\u00e2mb\u0103t\u0103, 7 martie, STB SA, TPBI \u0219i Prim\u0103ria Capitalei au confirmat redeschiderea liniei 5 de duminic\u0103, 8 martie. Linia a fost suspendat\u0103 timp de mai bine de opt ani. <\/p>\n\n\n\n<h2 class=\"wp-block-heading\" id=\"h-primele-tramvaie-la-bucla-terminus-a-fostei-linii-5\">Primele tramvaie la \u201ebucla-terminus\u201d a fostei linii 5 <\/h2>\n\n\n\n<p>Lucr\u0103rile pentru reabilitarea liniei 5, pe tronsonul dintre \u0218oseaua \u0218tefan cel Mare \u0219i Podul B\u0103neasa, au \u00eenceput \u00een februarie 2024 \u0219i ar fi trebuit \u00eencheiate \u00een februarie 2025. Anul trecut, Prim\u0103ria Municipiului Bucure\u0219ti anun\u021ba c\u0103 linia se redeschide \u00een decembrie 2025, dar acest lucru nu s-a mai \u00eent\u00e2mplat. <\/p>\n\n\n\n<p>\u00cen februarie 2026, <a href=\"https:\/\/buletin.de\/bucuresti\/linia-5-se-deschide-din-martie-totusi-ciprian-ciucu-nu-a-mentionat-o-data-clara-motivul-intarzierilor-copertinele-lipsa-la-statii\/\" type=\"link\" id=\"https:\/\/buletin.de\/bucuresti\/linia-5-se-deschide-din-martie-totusi-ciprian-ciucu-nu-a-mentionat-o-data-clara-motivul-intarzierilor-copertinele-lipsa-la-statii\/\" target=\"_blank\" rel=\"noreferrer noopener\">primarul general a anun\u021bat c\u0103 linia 5 se redeschide \u00een martie<\/a>, \u00eens\u0103 nu a anun\u021bat, atunci, o dat\u0103 exact\u0103. Edilul a invocat lipsa copertinelor din sta\u021bii drept motivul \u00eent\u00e2rzierilor. \u00cen cele din urm\u0103, a transmis c\u0103 linia se va deschide f\u0103r\u0103 copertine. <\/p>\n\n\n\n<p><strong>Linia se redeschide ast\u0103zi, la pr\u00e2nz, iar \u00een acest moment au loc probe pe traseu. Primul tramvai va circula de la ora 12:00. <\/strong><\/p>\n\n\n\n<figure class=\"wp-block-gallery has-nested-images columns-default is-cropped wp-block-gallery-1 is-layout-flex wp-block-gallery-is-layout-flex\">\n<figure class=\"wp-block-image size-large\"><img fetchpriority=\"high\" decoding=\"async\" width=\"1000\" height=\"750\" data-id=\"178929\" src=\"data:image\/gif;base64,R0lGODlhAQABAAAAACH5BAEKAAEALAAAAAABAAEAAAICTAEAOw==\" data-src=\"https:\/\/buletin.de\/bucuresti\/wp-content\/uploads\/2026\/03\/WhatsApp-Image-2026-03-08-at-09.41.23-1000x750.jpeg\" alt=\"\" class=\"wp-image-178929 lazyload\" data-sizes=\"auto\" data-srcset=\"https:\/\/buletin.de\/bucuresti\/wp-content\/uploads\/2026\/03\/WhatsApp-Image-2026-03-08-at-09.41.23-1000x750.jpeg 1000w, https:\/\/buletin.de\/bucuresti\/wp-content\/uploads\/2026\/03\/WhatsApp-Image-2026-03-08-at-09.41.23-300x225.jpeg 300w, https:\/\/buletin.de\/bucuresti\/wp-content\/uploads\/2026\/03\/WhatsApp-Image-2026-03-08-at-09.41.23-768x576.jpeg 768w, https:\/\/buletin.de\/bucuresti\/wp-content\/uploads\/2026\/03\/WhatsApp-Image-2026-03-08-at-09.41.23-1536x1152.jpeg 1536w, https:\/\/buletin.de\/bucuresti\/wp-content\/uploads\/2026\/03\/WhatsApp-Image-2026-03-08-at-09.41.23-1100x825.jpeg 1100w, https:\/\/buletin.de\/bucuresti\/wp-content\/uploads\/2026\/03\/WhatsApp-Image-2026-03-08-at-09.41.23-600x450.jpeg 600w, https:\/\/buletin.de\/bucuresti\/wp-content\/uploads\/2026\/03\/WhatsApp-Image-2026-03-08-at-09.41.23-20x15.jpeg 20w, https:\/\/buletin.de\/bucuresti\/wp-content\/uploads\/2026\/03\/WhatsApp-Image-2026-03-08-at-09.41.23.jpeg 1600w\" sizes=\"(max-width: 1000px) 100vw, 1000px\" \/><\/figure>\n\n\n\n<figure class=\"wp-block-image size-large\"><img decoding=\"async\" width=\"1000\" height=\"750\" data-id=\"178930\" src=\"data:image\/gif;base64,R0lGODlhAQABAAAAACH5BAEKAAEALAAAAAABAAEAAAICTAEAOw==\" data-src=\"https:\/\/buletin.de\/bucuresti\/wp-content\/uploads\/2026\/03\/WhatsApp-Image-2026-03-08-at-09.41.22-1000x750.jpeg\" alt=\"\" class=\"wp-image-178930 lazyload\" data-sizes=\"auto\" data-srcset=\"https:\/\/buletin.de\/bucuresti\/wp-content\/uploads\/2026\/03\/WhatsApp-Image-2026-03-08-at-09.41.22-1000x750.jpeg 1000w, https:\/\/buletin.de\/bucuresti\/wp-content\/uploads\/2026\/03\/WhatsApp-Image-2026-03-08-at-09.41.22-300x225.jpeg 300w, https:\/\/buletin.de\/bucuresti\/wp-content\/uploads\/2026\/03\/WhatsApp-Image-2026-03-08-at-09.41.22-768x576.jpeg 768w, https:\/\/buletin.de\/bucuresti\/wp-content\/uploads\/2026\/03\/WhatsApp-Image-2026-03-08-at-09.41.22-1536x1152.jpeg 1536w, https:\/\/buletin.de\/bucuresti\/wp-content\/uploads\/2026\/03\/WhatsApp-Image-2026-03-08-at-09.41.22-1100x825.jpeg 1100w, https:\/\/buletin.de\/bucuresti\/wp-content\/uploads\/2026\/03\/WhatsApp-Image-2026-03-08-at-09.41.22-600x450.jpeg 600w, https:\/\/buletin.de\/bucuresti\/wp-content\/uploads\/2026\/03\/WhatsApp-Image-2026-03-08-at-09.41.22-20x15.jpeg 20w, https:\/\/buletin.de\/bucuresti\/wp-content\/uploads\/2026\/03\/WhatsApp-Image-2026-03-08-at-09.41.22.jpeg 1600w\" sizes=\"(max-width: 1000px) 100vw, 1000px\" \/><\/figure>\n\n\n\n<figure class=\"wp-block-image size-large\"><img decoding=\"async\" width=\"1000\" height=\"750\" data-id=\"178931\" src=\"data:image\/gif;base64,R0lGODlhAQABAAAAACH5BAEKAAEALAAAAAABAAEAAAICTAEAOw==\" data-src=\"https:\/\/buletin.de\/bucuresti\/wp-content\/uploads\/2026\/03\/WhatsApp-Image-2026-03-08-at-09.40.01-1-1000x750.jpeg\" alt=\"\" class=\"wp-image-178931 lazyload\" data-sizes=\"auto\" data-srcset=\"https:\/\/buletin.de\/bucuresti\/wp-content\/uploads\/2026\/03\/WhatsApp-Image-2026-03-08-at-09.40.01-1-1000x750.jpeg 1000w, https:\/\/buletin.de\/bucuresti\/wp-content\/uploads\/2026\/03\/WhatsApp-Image-2026-03-08-at-09.40.01-1-300x225.jpeg 300w, https:\/\/buletin.de\/bucuresti\/wp-content\/uploads\/2026\/03\/WhatsApp-Image-2026-03-08-at-09.40.01-1-768x576.jpeg 768w, https:\/\/buletin.de\/bucuresti\/wp-content\/uploads\/2026\/03\/WhatsApp-Image-2026-03-08-at-09.40.01-1-1536x1152.jpeg 1536w, https:\/\/buletin.de\/bucuresti\/wp-content\/uploads\/2026\/03\/WhatsApp-Image-2026-03-08-at-09.40.01-1-1100x825.jpeg 1100w, https:\/\/buletin.de\/bucuresti\/wp-content\/uploads\/2026\/03\/WhatsApp-Image-2026-03-08-at-09.40.01-1-600x450.jpeg 600w, https:\/\/buletin.de\/bucuresti\/wp-content\/uploads\/2026\/03\/WhatsApp-Image-2026-03-08-at-09.40.01-1-20x15.jpeg 20w, https:\/\/buletin.de\/bucuresti\/wp-content\/uploads\/2026\/03\/WhatsApp-Image-2026-03-08-at-09.40.01-1.jpeg 1600w\" sizes=\"(max-width: 1000px) 100vw, 1000px\" \/><\/figure>\n\n\n\n<figure class=\"wp-block-image size-large\"><img loading=\"lazy\" decoding=\"async\" width=\"1000\" height=\"750\" data-id=\"178932\" src=\"data:image\/gif;base64,R0lGODlhAQABAAAAACH5BAEKAAEALAAAAAABAAEAAAICTAEAOw==\" data-src=\"https:\/\/buletin.de\/bucuresti\/wp-content\/uploads\/2026\/03\/WhatsApp-Image-2026-03-08-at-09.40.00-1-1000x750.jpeg\" alt=\"\" class=\"wp-image-178932 lazyload\" data-sizes=\"auto\" data-srcset=\"https:\/\/buletin.de\/bucuresti\/wp-content\/uploads\/2026\/03\/WhatsApp-Image-2026-03-08-at-09.40.00-1-1000x750.jpeg 1000w, https:\/\/buletin.de\/bucuresti\/wp-content\/uploads\/2026\/03\/WhatsApp-Image-2026-03-08-at-09.40.00-1-300x225.jpeg 300w, https:\/\/buletin.de\/bucuresti\/wp-content\/uploads\/2026\/03\/WhatsApp-Image-2026-03-08-at-09.40.00-1-768x576.jpeg 768w, https:\/\/buletin.de\/bucuresti\/wp-content\/uploads\/2026\/03\/WhatsApp-Image-2026-03-08-at-09.40.00-1-1536x1152.jpeg 1536w, https:\/\/buletin.de\/bucuresti\/wp-content\/uploads\/2026\/03\/WhatsApp-Image-2026-03-08-at-09.40.00-1-1100x825.jpeg 1100w, https:\/\/buletin.de\/bucuresti\/wp-content\/uploads\/2026\/03\/WhatsApp-Image-2026-03-08-at-09.40.00-1-600x450.jpeg 600w, https:\/\/buletin.de\/bucuresti\/wp-content\/uploads\/2026\/03\/WhatsApp-Image-2026-03-08-at-09.40.00-1-20x15.jpeg 20w, https:\/\/buletin.de\/bucuresti\/wp-content\/uploads\/2026\/03\/WhatsApp-Image-2026-03-08-at-09.40.00-1.jpeg 1600w\" sizes=\"(max-width: 1000px) 100vw, 1000px\" \/><\/figure>\n\n\n\n<figure class=\"wp-block-image size-large\"><img loading=\"lazy\" decoding=\"async\" width=\"1000\" height=\"750\" data-id=\"178933\" src=\"data:image\/gif;base64,R0lGODlhAQABAAAAACH5BAEKAAEALAAAAAABAAEAAAICTAEAOw==\" data-src=\"https:\/\/buletin.de\/bucuresti\/wp-content\/uploads\/2026\/03\/WhatsApp-Image-2026-03-08-at-09.40.00-1000x750.jpeg\" alt=\"\" class=\"wp-image-178933 lazyload\" data-sizes=\"auto\" data-srcset=\"https:\/\/buletin.de\/bucuresti\/wp-content\/uploads\/2026\/03\/WhatsApp-Image-2026-03-08-at-09.40.00-1000x750.jpeg 1000w, https:\/\/buletin.de\/bucuresti\/wp-content\/uploads\/2026\/03\/WhatsApp-Image-2026-03-08-at-09.40.00-300x225.jpeg 300w, https:\/\/buletin.de\/bucuresti\/wp-content\/uploads\/2026\/03\/WhatsApp-Image-2026-03-08-at-09.40.00-768x576.jpeg 768w, https:\/\/buletin.de\/bucuresti\/wp-content\/uploads\/2026\/03\/WhatsApp-Image-2026-03-08-at-09.40.00-1536x1152.jpeg 1536w, https:\/\/buletin.de\/bucuresti\/wp-content\/uploads\/2026\/03\/WhatsApp-Image-2026-03-08-at-09.40.00-1100x825.jpeg 1100w, https:\/\/buletin.de\/bucuresti\/wp-content\/uploads\/2026\/03\/WhatsApp-Image-2026-03-08-at-09.40.00-600x450.jpeg 600w, https:\/\/buletin.de\/bucuresti\/wp-content\/uploads\/2026\/03\/WhatsApp-Image-2026-03-08-at-09.40.00-20x15.jpeg 20w, https:\/\/buletin.de\/bucuresti\/wp-content\/uploads\/2026\/03\/WhatsApp-Image-2026-03-08-at-09.40.00.jpeg 1600w\" sizes=\"(max-width: 1000px) 100vw, 1000px\" \/><\/figure>\n<figcaption class=\"blocks-gallery-caption wp-element-caption\">FOTO: Gabriel Bobon<\/figcaption><\/figure>\n\n\n\n<p>Tramvaiele de pe linia 5 vor circula pe traseul normal \u00eentre Aeroport B\u0103neasa \u0219i \u0218tefan cel Mare. De acolo, vor merge c\u0103tre Bucur Obor \u2013 Pia\u021ba Iancului, pentru a continua s\u0103 circule pe \u0218oseaua Iancului \u0219i Pantelimon, p\u00e2n\u0103 la terminalul Pantelimon.<\/p>\n\n\n\n<h2 class=\"wp-block-heading\" id=\"h-care-va-fi-traseul-liniei-5\">Care va fi traseul liniei 5 <\/h2>\n\n\n\n<p><strong>Asocia\u021bia de Dezvoltare Intercomunitar\u0103 pentru Transport Public Bucure\u0219ti \u2013 Ilfov (<a href=\"https:\/\/tpbi.ro\/linia-de-tramvai-5-revine-de-duminica-asigurand-legatura-intre-aeroportul-baneasa-si-terminalul-pantelimon\/\" type=\"link\" id=\"https:\/\/tpbi.ro\/linia-de-tramvai-5-revine-de-duminica-asigurand-legatura-intre-aeroportul-baneasa-si-terminalul-pantelimon\/\" target=\"_blank\" rel=\"noreferrer noopener\">TPBI<\/a>)\u00a0<\/strong>a anun\u021bat c\u0103, \u00een contextul lucr\u0103rilor de reabilitare a c\u0103ii de rulare a tramvaielor de pe Str. Paleologu, Str. Armand C\u0103linescu \u0219i Str. Vasile Lasc\u0103r, linia 5 nu va mai putea ajunge la Pia\u021ba Sf\u00e2ntul Gheorghe, ci va func\u021biona \u00eentre terminalele \u201eAeroport B\u0103neasa\u201d \u0219i \u201ePantelimon\u201d, pe urm\u0103torul traseu:<\/p>\n\n\n\n<ul class=\"wp-block-list\">\n<li>Pe sensul spre \u201ePantelimon\u201d, tramvaiele vor circula pe traseul: \u201eAeroport B\u0103neasa\u201d, Bd. Aerog\u0103rii, Str. C\u0103pitan Aviator Alexandru \u015eerb\u0103nescu, Str. Barbu V\u0103c\u0103rescu, \u015eos. \u015etefan cel Mare, Bucur Obor, \u015eos. Mihai Bravu, Pia\u021ba Iancului, \u015eos. Iancului, \u015eos. Pantelimon, terminal \u201ePantelimon\u201d.<\/li>\n\n\n\n<li>Pe sensul spre \u201eAeroport B\u0103neasa\u201d, tramvaiele vor pleca de la terminalul \u201ePantelimon\u201d, pe \u015eos. Pantelimon, \u015eos. Iancului, Pia\u021ba Iancului, \u015eos. Mihai Bravu, Bucur Obor, \u015eos. \u015etefan cel Mare, Str. Barbu V\u0103c\u0103rescu, Str. C\u0103pitan Aviator Alexandru \u015eerb\u0103nescu, Bd. Aerog\u0103rii, la \u201eAeroport B\u0103neasa\u201d.<\/li>\n<\/ul>\n\n\n\n<p>Tramvaiele liniei 5 vor avea un interval de succedare de aproximativ 5-7 minute, \u00een zilele lucr\u0103toare. Intervalul va fi de aproximativ 10 minute \u00een weekend \u0219i \u00een zilele cu s\u0103rb\u0103tori legale. <\/p>\n\n\n\n<p>C\u0103l\u0103torii pot afla mai multe informa\u021bii despre programul de circula\u021bie pe platforma <a href=\"http:\/\/maps.mo-bi.ro\/\" target=\"_blank\" rel=\"noreferrer noopener\">maps.mobi.ro<\/a>, pe aplica\u021bia <a href=\"http:\/\/info.stb.ro\/\" target=\"_blank\" rel=\"noreferrer noopener\">info.stb.ro<\/a> sau pe site-ul oficial <a href=\"https:\/\/www.stb.ro\/\" type=\"link\" id=\"https:\/\/www.stb.ro\/\" target=\"_blank\" rel=\"noreferrer noopener\">STB SA<\/a>.<\/p>\n\n\n\n<p>CITE\u0218TE \u0218I <a href=\"https:\/\/buletin.de\/bucuresti\/cum-arata-traseul-viitoarei-linii-5-care-se-redeschide-duminica\/\" target=\"_blank\" rel=\"noreferrer noopener\">Cum arat\u0103 traseul noii linii 5, care se redeschide duminic\u0103<\/a><\/p>\n","protected":false},"excerpt":{"rendered":"<p>Duminic\u0103 au ap\u0103rut primele tramvaie la \u201ebucla-terminus\u201d a fostei linii 5. Noul traseu se deschide ast\u0103zi, la orele pr\u00e2nzului, \u0219i duce p\u00e2n\u0103 \u00een Pantelimon. \u00cen cursul zilei de s\u00e2mb\u0103t\u0103, 7 martie, STB SA, TPBI \u0219i Prim\u0103ria Capitalei au confirmat redeschiderea liniei 5 de duminic\u0103, 8 martie. Linia a fost suspendat\u0103 timp de mai bine de [&hellip;]<\/p>\n","protected":false},"author":65,"featured_media":178934,"comment_status":"closed","ping_status":"open","sticky":false,"template":"","format":"standard","meta":{"_acf_changed":false,"inline_featured_image":false,"ngg_post_thumbnail":0,"footnotes":""},"categories":[6994,5762,650],"tags":[9353,4226,402,399],"ppma_author":[23912],"class_list":["post-178907","post","type-post","status-publish","format-standard","has-post-thumbnail","hentry","category-stiri-2","category-main","category-transport","tag-bucla-tramvai-5","tag-linia-5","tag-stb","tag-tramvaie"],"acf":[],"yoast_head":"<!-- This site is optimized with the Yoast SEO Premium plugin v25.3 (Yoast SEO v27.5) - https:\/\/yoast.com\/product\/yoast-seo-premium-wordpress\/ -->\n<title>FOTO | Au ap\u0103rut primele tramvaie la \u201ebucla-terminus\u201d a fostei linii 5. Noul traseu duce p\u00e2n\u0103 \u00een Pantelimon - Buletin de Bucure\u0219ti<\/title>\n<meta name=\"description\" content=\"Duminic\u0103 au ap\u0103rut primele tramvaie la \u201ebucla-terminus\u201d a fostei linii 5. Noul traseu se deschide ast\u0103zi, la orele pr\u00e2nzului.\" \/>\n<meta name=\"robots\" content=\"index, follow, max-snippet:-1, max-image-preview:large, max-video-preview:-1\" \/>\n<link rel=\"canonical\" href=\"https:\/\/buletin.de\/bucuresti\/foto-au-aparut-primele-tramvaie-la-bucla-terminus-a-fostei-linii-5-noul-traseu-duce-pana-in-pantelimon\/\" \/>\n<meta property=\"og:locale\" content=\"en_GB\" \/>\n<meta property=\"og:type\" content=\"article\" \/>\n<meta property=\"og:title\" content=\"FOTO | Au ap\u0103rut primele tramvaie la \u201ebucla-terminus\u201d a fostei linii 5. Noul traseu duce p\u00e2n\u0103 \u00een Pantelimon\" \/>\n<meta property=\"og:description\" content=\"Duminic\u0103 au ap\u0103rut primele tramvaie la \u201ebucla-terminus\u201d a fostei linii 5. Noul traseu se deschide ast\u0103zi, la orele pr\u00e2nzului.\" \/>\n<meta property=\"og:url\" content=\"https:\/\/buletin.de\/bucuresti\/foto-au-aparut-primele-tramvaie-la-bucla-terminus-a-fostei-linii-5-noul-traseu-duce-pana-in-pantelimon\/\" \/>\n<meta property=\"og:site_name\" content=\"Buletin de Bucure\u0219ti\" \/>\n<meta property=\"article:publisher\" content=\"https:\/\/www.facebook.com\/buletin.de.buc\" \/>\n<meta property=\"article:published_time\" content=\"2026-03-08T08:30:40+00:00\" \/>\n<meta property=\"article:modified_time\" content=\"2026-03-08T08:30:41+00:00\" \/>\n<meta property=\"og:image\" content=\"https:\/\/buletin.de\/bucuresti\/wp-content\/uploads\/2026\/03\/Linia-5-tramvaie-probe.jpg\" \/>\n\t<meta property=\"og:image:width\" content=\"1200\" \/>\n\t<meta property=\"og:image:height\" content=\"659\" \/>\n\t<meta property=\"og:image:type\" content=\"image\/jpeg\" \/>\n<meta name=\"author\" content=\"Andreea St\u0103n\u0103r\u00eeng\u0103\" \/>\n<meta name=\"twitter:card\" content=\"summary_large_image\" \/>\n<meta name=\"twitter:label1\" content=\"Written by\" \/>\n\t<meta name=\"twitter:data1\" content=\"Andreea St\u0103n\u0103r\u00eeng\u0103\" \/>\n\t<meta name=\"twitter:label2\" content=\"Estimated reading time\" \/>\n\t<meta name=\"twitter:data2\" content=\"4 minutes\" \/>\n<script type=\"application\/ld+json\" class=\"yoast-schema-graph\">{\"@context\":\"https:\\\/\\\/schema.org\",\"@graph\":[{\"@type\":\"Article\",\"@id\":\"https:\\\/\\\/buletin.de\\\/bucuresti\\\/foto-au-aparut-primele-tramvaie-la-bucla-terminus-a-fostei-linii-5-noul-traseu-duce-pana-in-pantelimon\\\/#article\",\"isPartOf\":{\"@id\":\"https:\\\/\\\/buletin.de\\\/bucuresti\\\/foto-au-aparut-primele-tramvaie-la-bucla-terminus-a-fostei-linii-5-noul-traseu-duce-pana-in-pantelimon\\\/\"},\"author\":{\"name\":\"Andreea St\u0103n\u0103r\u00eeng\u0103\",\"@id\":\"https:\\\/\\\/buletin.de\\\/bucuresti\\\/#\\\/schema\\\/person\\\/81421a46fb84a0887cfd2238f5202586\"},\"headline\":\"FOTO | Au ap\u0103rut primele tramvaie la \u201ebucla-terminus\u201d a fostei linii 5. Noul traseu duce p\u00e2n\u0103 \u00een Pantelimon\",\"datePublished\":\"2026-03-08T08:30:40+00:00\",\"dateModified\":\"2026-03-08T08:30:41+00:00\",\"mainEntityOfPage\":{\"@id\":\"https:\\\/\\\/buletin.de\\\/bucuresti\\\/foto-au-aparut-primele-tramvaie-la-bucla-terminus-a-fostei-linii-5-noul-traseu-duce-pana-in-pantelimon\\\/\"},\"wordCount\":496,\"publisher\":{\"@id\":\"https:\\\/\\\/buletin.de\\\/bucuresti\\\/#organization\"},\"image\":{\"@id\":\"https:\\\/\\\/buletin.de\\\/bucuresti\\\/foto-au-aparut-primele-tramvaie-la-bucla-terminus-a-fostei-linii-5-noul-traseu-duce-pana-in-pantelimon\\\/#primaryimage\"},\"thumbnailUrl\":\"https:\\\/\\\/buletin.de\\\/bucuresti\\\/wp-content\\\/uploads\\\/2026\\\/03\\\/Linia-5-tramvaie-probe.jpg\",\"keywords\":[\"bucla tramvai 5\",\"linia 5\",\"stb\",\"tramvaie\"],\"articleSection\":[\"Articole\",\"Main\",\"Transport\"],\"inLanguage\":\"en-GB\",\"copyrightYear\":\"2026\",\"copyrightHolder\":{\"@id\":\"https:\\\/\\\/buletin.de\\\/bucuresti\\\/#organization\"}},{\"@type\":\"WebPage\",\"@id\":\"https:\\\/\\\/buletin.de\\\/bucuresti\\\/foto-au-aparut-primele-tramvaie-la-bucla-terminus-a-fostei-linii-5-noul-traseu-duce-pana-in-pantelimon\\\/\",\"url\":\"https:\\\/\\\/buletin.de\\\/bucuresti\\\/foto-au-aparut-primele-tramvaie-la-bucla-terminus-a-fostei-linii-5-noul-traseu-duce-pana-in-pantelimon\\\/\",\"name\":\"FOTO | Au ap\u0103rut primele tramvaie la \u201ebucla-terminus\u201d a fostei linii 5. Noul traseu duce p\u00e2n\u0103 \u00een Pantelimon - Buletin de Bucure\u0219ti\",\"isPartOf\":{\"@id\":\"https:\\\/\\\/buletin.de\\\/bucuresti\\\/#website\"},\"primaryImageOfPage\":{\"@id\":\"https:\\\/\\\/buletin.de\\\/bucuresti\\\/foto-au-aparut-primele-tramvaie-la-bucla-terminus-a-fostei-linii-5-noul-traseu-duce-pana-in-pantelimon\\\/#primaryimage\"},\"image\":{\"@id\":\"https:\\\/\\\/buletin.de\\\/bucuresti\\\/foto-au-aparut-primele-tramvaie-la-bucla-terminus-a-fostei-linii-5-noul-traseu-duce-pana-in-pantelimon\\\/#primaryimage\"},\"thumbnailUrl\":\"https:\\\/\\\/buletin.de\\\/bucuresti\\\/wp-content\\\/uploads\\\/2026\\\/03\\\/Linia-5-tramvaie-probe.jpg\",\"datePublished\":\"2026-03-08T08:30:40+00:00\",\"dateModified\":\"2026-03-08T08:30:41+00:00\",\"description\":\"Duminic\u0103 au ap\u0103rut primele tramvaie la \u201ebucla-terminus\u201d a fostei linii 5. Noul traseu se deschide ast\u0103zi, la orele pr\u00e2nzului.\",\"breadcrumb\":{\"@id\":\"https:\\\/\\\/buletin.de\\\/bucuresti\\\/foto-au-aparut-primele-tramvaie-la-bucla-terminus-a-fostei-linii-5-noul-traseu-duce-pana-in-pantelimon\\\/#breadcrumb\"},\"inLanguage\":\"en-GB\",\"potentialAction\":[{\"@type\":\"ReadAction\",\"target\":[\"https:\\\/\\\/buletin.de\\\/bucuresti\\\/foto-au-aparut-primele-tramvaie-la-bucla-terminus-a-fostei-linii-5-noul-traseu-duce-pana-in-pantelimon\\\/\"]}]},{\"@type\":\"ImageObject\",\"inLanguage\":\"en-GB\",\"@id\":\"https:\\\/\\\/buletin.de\\\/bucuresti\\\/foto-au-aparut-primele-tramvaie-la-bucla-terminus-a-fostei-linii-5-noul-traseu-duce-pana-in-pantelimon\\\/#primaryimage\",\"url\":\"https:\\\/\\\/buletin.de\\\/bucuresti\\\/wp-content\\\/uploads\\\/2026\\\/03\\\/Linia-5-tramvaie-probe.jpg\",\"contentUrl\":\"https:\\\/\\\/buletin.de\\\/bucuresti\\\/wp-content\\\/uploads\\\/2026\\\/03\\\/Linia-5-tramvaie-probe.jpg\",\"width\":1200,\"height\":659,\"caption\":\"Au ap\u0103rut primele tramvaie la bucla-terminus a fostei linii 5. FOTO: Gabriel Bobon\"},{\"@type\":\"BreadcrumbList\",\"@id\":\"https:\\\/\\\/buletin.de\\\/bucuresti\\\/foto-au-aparut-primele-tramvaie-la-bucla-terminus-a-fostei-linii-5-noul-traseu-duce-pana-in-pantelimon\\\/#breadcrumb\",\"itemListElement\":[{\"@type\":\"ListItem\",\"position\":1,\"name\":\"Acas\u0103\",\"item\":\"https:\\\/\\\/buletin.de\\\/bucuresti\\\/\"},{\"@type\":\"ListItem\",\"position\":2,\"name\":\"FOTO | Au ap\u0103rut primele tramvaie la \u201ebucla-terminus\u201d a fostei linii 5. Noul traseu duce p\u00e2n\u0103 \u00een Pantelimon\"}]},{\"@type\":\"WebSite\",\"@id\":\"https:\\\/\\\/buletin.de\\\/bucuresti\\\/#website\",\"url\":\"https:\\\/\\\/buletin.de\\\/bucuresti\\\/\",\"name\":\"Buletin de Bucure\u0219ti\",\"description\":\"\u0218tiri \u0219i investiga\u021bii esen\u021biale din capital\u0103\",\"publisher\":{\"@id\":\"https:\\\/\\\/buletin.de\\\/bucuresti\\\/#organization\"},\"potentialAction\":[{\"@type\":\"SearchAction\",\"target\":{\"@type\":\"EntryPoint\",\"urlTemplate\":\"https:\\\/\\\/buletin.de\\\/bucuresti\\\/?s={search_term_string}\"},\"query-input\":{\"@type\":\"PropertyValueSpecification\",\"valueRequired\":true,\"valueName\":\"search_term_string\"}}],\"inLanguage\":\"en-GB\"},{\"@type\":\"Organization\",\"@id\":\"https:\\\/\\\/buletin.de\\\/bucuresti\\\/#organization\",\"name\":\"Buletin de Bucure\u0219ti\",\"url\":\"https:\\\/\\\/buletin.de\\\/bucuresti\\\/\",\"logo\":{\"@type\":\"ImageObject\",\"inLanguage\":\"en-GB\",\"@id\":\"https:\\\/\\\/buletin.de\\\/bucuresti\\\/#\\\/schema\\\/logo\\\/image\\\/\",\"url\":\"https:\\\/\\\/buletin.de\\\/bucuresti\\\/wp-content\\\/uploads\\\/logo-bdb-full-wide-vernil-transparent.png\",\"contentUrl\":\"https:\\\/\\\/buletin.de\\\/bucuresti\\\/wp-content\\\/uploads\\\/logo-bdb-full-wide-vernil-transparent.png\",\"width\":1782,\"height\":626,\"caption\":\"Buletin de Bucure\u0219ti\"},\"image\":{\"@id\":\"https:\\\/\\\/buletin.de\\\/bucuresti\\\/#\\\/schema\\\/logo\\\/image\\\/\"},\"sameAs\":[\"https:\\\/\\\/www.facebook.com\\\/buletin.de.buc\",\"https:\\\/\\\/www.instagram.com\\\/buletinde.bucuresti\\\/\"]},{\"@type\":\"Person\",\"@id\":\"https:\\\/\\\/buletin.de\\\/bucuresti\\\/#\\\/schema\\\/person\\\/81421a46fb84a0887cfd2238f5202586\",\"name\":\"Andreea St\u0103n\u0103r\u00eeng\u0103\",\"image\":{\"@type\":\"ImageObject\",\"inLanguage\":\"en-GB\",\"@id\":\"https:\\\/\\\/secure.gravatar.com\\\/avatar\\\/dfa8d227a4388fad0f0bb03add04b5b176f4da34397dbb2eadc563b3d7162ce0?s=96&d=monsterid&r=g72784372b39ffe5a98a45288fe0d0e8a\",\"url\":\"https:\\\/\\\/secure.gravatar.com\\\/avatar\\\/dfa8d227a4388fad0f0bb03add04b5b176f4da34397dbb2eadc563b3d7162ce0?s=96&d=monsterid&r=g\",\"contentUrl\":\"https:\\\/\\\/secure.gravatar.com\\\/avatar\\\/dfa8d227a4388fad0f0bb03add04b5b176f4da34397dbb2eadc563b3d7162ce0?s=96&d=monsterid&r=g\",\"caption\":\"Andreea St\u0103n\u0103r\u00eeng\u0103\"},\"description\":\"Cu o experien\u021b\u0103 de peste 5 ani \u00een pres\u0103, face parte din echipa Buletin de Bucure\u0219ti din septembrie 2025. A colaborat cu c\u00e2teva publica\u021bii, printre care \u0219i Fanatik.ro, unde s-a ocupat de \u0219tiri de lifestyle \u0219i de actualitate. A f\u0103cut un pas c\u0103tre presa local\u0103 pentru a explora Bucure\u0219tiul \u0219i pove\u0219tile care merit\u0103 spuse.\",\"url\":\"https:\\\/\\\/buletin.de\\\/bucuresti\\\/author\\\/andreea-stanaranga\\\/\"}]}<\/script>\n<!-- \/ Yoast SEO Premium plugin. -->","yoast_head_json":{"title":"FOTO | Au ap\u0103rut primele tramvaie la \u201ebucla-terminus\u201d a fostei linii 5. Noul traseu duce p\u00e2n\u0103 \u00een Pantelimon - Buletin de Bucure\u0219ti","description":"Duminic\u0103 au ap\u0103rut primele tramvaie la \u201ebucla-terminus\u201d a fostei linii 5. Noul traseu se deschide ast\u0103zi, la orele pr\u00e2nzului.","robots":{"index":"index","follow":"follow","max-snippet":"max-snippet:-1","max-image-preview":"max-image-preview:large","max-video-preview":"max-video-preview:-1"},"canonical":"https:\/\/buletin.de\/bucuresti\/foto-au-aparut-primele-tramvaie-la-bucla-terminus-a-fostei-linii-5-noul-traseu-duce-pana-in-pantelimon\/","og_locale":"en_GB","og_type":"article","og_title":"FOTO | Au ap\u0103rut primele tramvaie la \u201ebucla-terminus\u201d a fostei linii 5. Noul traseu duce p\u00e2n\u0103 \u00een Pantelimon","og_description":"Duminic\u0103 au ap\u0103rut primele tramvaie la \u201ebucla-terminus\u201d a fostei linii 5. Noul traseu se deschide ast\u0103zi, la orele pr\u00e2nzului.","og_url":"https:\/\/buletin.de\/bucuresti\/foto-au-aparut-primele-tramvaie-la-bucla-terminus-a-fostei-linii-5-noul-traseu-duce-pana-in-pantelimon\/","og_site_name":"Buletin de Bucure\u0219ti","article_publisher":"https:\/\/www.facebook.com\/buletin.de.buc","article_published_time":"2026-03-08T08:30:40+00:00","article_modified_time":"2026-03-08T08:30:41+00:00","og_image":[{"width":1200,"height":659,"url":"https:\/\/buletin.de\/bucuresti\/wp-content\/uploads\/2026\/03\/Linia-5-tramvaie-probe.jpg","type":"image\/jpeg"}],"author":"Andreea St\u0103n\u0103r\u00eeng\u0103","twitter_card":"summary_large_image","twitter_misc":{"Written by":"Andreea St\u0103n\u0103r\u00eeng\u0103","Estimated reading time":"4 minutes"},"schema":{"@context":"https:\/\/schema.org","@graph":[{"@type":"Article","@id":"https:\/\/buletin.de\/bucuresti\/foto-au-aparut-primele-tramvaie-la-bucla-terminus-a-fostei-linii-5-noul-traseu-duce-pana-in-pantelimon\/#article","isPartOf":{"@id":"https:\/\/buletin.de\/bucuresti\/foto-au-aparut-primele-tramvaie-la-bucla-terminus-a-fostei-linii-5-noul-traseu-duce-pana-in-pantelimon\/"},"author":{"name":"Andreea St\u0103n\u0103r\u00eeng\u0103","@id":"https:\/\/buletin.de\/bucuresti\/#\/schema\/person\/81421a46fb84a0887cfd2238f5202586"},"headline":"FOTO | Au ap\u0103rut primele tramvaie la \u201ebucla-terminus\u201d a fostei linii 5. Noul traseu duce p\u00e2n\u0103 \u00een Pantelimon","datePublished":"2026-03-08T08:30:40+00:00","dateModified":"2026-03-08T08:30:41+00:00","mainEntityOfPage":{"@id":"https:\/\/buletin.de\/bucuresti\/foto-au-aparut-primele-tramvaie-la-bucla-terminus-a-fostei-linii-5-noul-traseu-duce-pana-in-pantelimon\/"},"wordCount":496,"publisher":{"@id":"https:\/\/buletin.de\/bucuresti\/#organization"},"image":{"@id":"https:\/\/buletin.de\/bucuresti\/foto-au-aparut-primele-tramvaie-la-bucla-terminus-a-fostei-linii-5-noul-traseu-duce-pana-in-pantelimon\/#primaryimage"},"thumbnailUrl":"https:\/\/buletin.de\/bucuresti\/wp-content\/uploads\/2026\/03\/Linia-5-tramvaie-probe.jpg","keywords":["bucla tramvai 5","linia 5","stb","tramvaie"],"articleSection":["Articole","Main","Transport"],"inLanguage":"en-GB","copyrightYear":"2026","copyrightHolder":{"@id":"https:\/\/buletin.de\/bucuresti\/#organization"}},{"@type":"WebPage","@id":"https:\/\/buletin.de\/bucuresti\/foto-au-aparut-primele-tramvaie-la-bucla-terminus-a-fostei-linii-5-noul-traseu-duce-pana-in-pantelimon\/","url":"https:\/\/buletin.de\/bucuresti\/foto-au-aparut-primele-tramvaie-la-bucla-terminus-a-fostei-linii-5-noul-traseu-duce-pana-in-pantelimon\/","name":"FOTO | Au ap\u0103rut primele tramvaie la \u201ebucla-terminus\u201d a fostei linii 5. Noul traseu duce p\u00e2n\u0103 \u00een Pantelimon - Buletin de Bucure\u0219ti","isPartOf":{"@id":"https:\/\/buletin.de\/bucuresti\/#website"},"primaryImageOfPage":{"@id":"https:\/\/buletin.de\/bucuresti\/foto-au-aparut-primele-tramvaie-la-bucla-terminus-a-fostei-linii-5-noul-traseu-duce-pana-in-pantelimon\/#primaryimage"},"image":{"@id":"https:\/\/buletin.de\/bucuresti\/foto-au-aparut-primele-tramvaie-la-bucla-terminus-a-fostei-linii-5-noul-traseu-duce-pana-in-pantelimon\/#primaryimage"},"thumbnailUrl":"https:\/\/buletin.de\/bucuresti\/wp-content\/uploads\/2026\/03\/Linia-5-tramvaie-probe.jpg","datePublished":"2026-03-08T08:30:40+00:00","dateModified":"2026-03-08T08:30:41+00:00","description":"Duminic\u0103 au ap\u0103rut primele tramvaie la \u201ebucla-terminus\u201d a fostei linii 5. Noul traseu se deschide ast\u0103zi, la orele pr\u00e2nzului.","breadcrumb":{"@id":"https:\/\/buletin.de\/bucuresti\/foto-au-aparut-primele-tramvaie-la-bucla-terminus-a-fostei-linii-5-noul-traseu-duce-pana-in-pantelimon\/#breadcrumb"},"inLanguage":"en-GB","potentialAction":[{"@type":"ReadAction","target":["https:\/\/buletin.de\/bucuresti\/foto-au-aparut-primele-tramvaie-la-bucla-terminus-a-fostei-linii-5-noul-traseu-duce-pana-in-pantelimon\/"]}]},{"@type":"ImageObject","inLanguage":"en-GB","@id":"https:\/\/buletin.de\/bucuresti\/foto-au-aparut-primele-tramvaie-la-bucla-terminus-a-fostei-linii-5-noul-traseu-duce-pana-in-pantelimon\/#primaryimage","url":"https:\/\/buletin.de\/bucuresti\/wp-content\/uploads\/2026\/03\/Linia-5-tramvaie-probe.jpg","contentUrl":"https:\/\/buletin.de\/bucuresti\/wp-content\/uploads\/2026\/03\/Linia-5-tramvaie-probe.jpg","width":1200,"height":659,"caption":"Au ap\u0103rut primele tramvaie la bucla-terminus a fostei linii 5. FOTO: Gabriel Bobon"},{"@type":"BreadcrumbList","@id":"https:\/\/buletin.de\/bucuresti\/foto-au-aparut-primele-tramvaie-la-bucla-terminus-a-fostei-linii-5-noul-traseu-duce-pana-in-pantelimon\/#breadcrumb","itemListElement":[{"@type":"ListItem","position":1,"name":"Acas\u0103","item":"https:\/\/buletin.de\/bucuresti\/"},{"@type":"ListItem","position":2,"name":"FOTO | Au ap\u0103rut primele tramvaie la \u201ebucla-terminus\u201d a fostei linii 5. Noul traseu duce p\u00e2n\u0103 \u00een Pantelimon"}]},{"@type":"WebSite","@id":"https:\/\/buletin.de\/bucuresti\/#website","url":"https:\/\/buletin.de\/bucuresti\/","name":"Buletin de Bucure\u0219ti","description":"\u0218tiri \u0219i investiga\u021bii esen\u021biale din capital\u0103","publisher":{"@id":"https:\/\/buletin.de\/bucuresti\/#organization"},"potentialAction":[{"@type":"SearchAction","target":{"@type":"EntryPoint","urlTemplate":"https:\/\/buletin.de\/bucuresti\/?s={search_term_string}"},"query-input":{"@type":"PropertyValueSpecification","valueRequired":true,"valueName":"search_term_string"}}],"inLanguage":"en-GB"},{"@type":"Organization","@id":"https:\/\/buletin.de\/bucuresti\/#organization","name":"Buletin de Bucure\u0219ti","url":"https:\/\/buletin.de\/bucuresti\/","logo":{"@type":"ImageObject","inLanguage":"en-GB","@id":"https:\/\/buletin.de\/bucuresti\/#\/schema\/logo\/image\/","url":"https:\/\/buletin.de\/bucuresti\/wp-content\/uploads\/logo-bdb-full-wide-vernil-transparent.png","contentUrl":"https:\/\/buletin.de\/bucuresti\/wp-content\/uploads\/logo-bdb-full-wide-vernil-transparent.png","width":1782,"height":626,"caption":"Buletin de Bucure\u0219ti"},"image":{"@id":"https:\/\/buletin.de\/bucuresti\/#\/schema\/logo\/image\/"},"sameAs":["https:\/\/www.facebook.com\/buletin.de.buc","https:\/\/www.instagram.com\/buletinde.bucuresti\/"]},{"@type":"Person","@id":"https:\/\/buletin.de\/bucuresti\/#\/schema\/person\/81421a46fb84a0887cfd2238f5202586","name":"Andreea St\u0103n\u0103r\u00eeng\u0103","image":{"@type":"ImageObject","inLanguage":"en-GB","@id":"https:\/\/secure.gravatar.com\/avatar\/dfa8d227a4388fad0f0bb03add04b5b176f4da34397dbb2eadc563b3d7162ce0?s=96&d=monsterid&r=g72784372b39ffe5a98a45288fe0d0e8a","url":"https:\/\/secure.gravatar.com\/avatar\/dfa8d227a4388fad0f0bb03add04b5b176f4da34397dbb2eadc563b3d7162ce0?s=96&d=monsterid&r=g","contentUrl":"https:\/\/secure.gravatar.com\/avatar\/dfa8d227a4388fad0f0bb03add04b5b176f4da34397dbb2eadc563b3d7162ce0?s=96&d=monsterid&r=g","caption":"Andreea St\u0103n\u0103r\u00eeng\u0103"},"description":"Cu o experien\u021b\u0103 de peste 5 ani \u00een pres\u0103, face parte din echipa Buletin de Bucure\u0219ti din septembrie 2025. A colaborat cu c\u00e2teva publica\u021bii, printre care \u0219i Fanatik.ro, unde s-a ocupat de \u0219tiri de lifestyle \u0219i de actualitate. A f\u0103cut un pas c\u0103tre presa local\u0103 pentru a explora Bucure\u0219tiul \u0219i pove\u0219tile care merit\u0103 spuse.","url":"https:\/\/buletin.de\/bucuresti\/author\/andreea-stanaranga\/"}]}},"authors":[{"term_id":23912,"user_id":65,"is_guest":0,"slug":"andreea-stanaranga","display_name":"Andreea St\u0103n\u0103r\u00eeng\u0103","avatar_url":"https:\/\/secure.gravatar.com\/avatar\/dfa8d227a4388fad0f0bb03add04b5b176f4da34397dbb2eadc563b3d7162ce0?s=96&d=monsterid&r=g","0":null,"1":"","2":"","3":"","4":"","5":"","6":"","7":"","8":""}],"_links":{"self":[{"href":"https:\/\/buletin.de\/bucuresti\/wp-json\/wp\/v2\/posts\/178907","targetHints":{"allow":["GET"]}}],"collection":[{"href":"https:\/\/buletin.de\/bucuresti\/wp-json\/wp\/v2\/posts"}],"about":[{"href":"https:\/\/buletin.de\/bucuresti\/wp-json\/wp\/v2\/types\/post"}],"author":[{"embeddable":true,"href":"https:\/\/buletin.de\/bucuresti\/wp-json\/wp\/v2\/users\/65"}],"replies":[{"embeddable":true,"href":"https:\/\/buletin.de\/bucuresti\/wp-json\/wp\/v2\/comments?post=178907"}],"version-history":[{"count":3,"href":"https:\/\/buletin.de\/bucuresti\/wp-json\/wp\/v2\/posts\/178907\/revisions"}],"predecessor-version":[{"id":178936,"href":"https:\/\/buletin.de\/bucuresti\/wp-json\/wp\/v2\/posts\/178907\/revisions\/178936"}],"wp:featuredmedia":[{"embeddable":true,"href":"https:\/\/buletin.de\/bucuresti\/wp-json\/wp\/v2\/media\/178934"}],"wp:attachment":[{"href":"https:\/\/buletin.de\/bucuresti\/wp-json\/wp\/v2\/media?parent=178907"}],"wp:term":[{"taxonomy":"category","embeddable":true,"href":"https:\/\/buletin.de\/bucuresti\/wp-json\/wp\/v2\/categories?post=178907"},{"taxonomy":"post_tag","embeddable":true,"href":"https:\/\/buletin.de\/bucuresti\/wp-json\/wp\/v2\/tags?post=178907"},{"taxonomy":"author","embeddable":true,"href":"https:\/\/buletin.de\/bucuresti\/wp-json\/wp\/v2\/ppma_author?post=178907"}],"curies":[{"name":"wp","href":"https:\/\/api.w.org\/{rel}","templated":true}]}}