{"id":178865,"date":"2026-03-08T08:01:43","date_gmt":"2026-03-08T05:01:43","guid":{"rendered":"https:\/\/buletin.de\/bucuresti\/?p=178865"},"modified":"2026-04-09T19:00:54","modified_gmt":"2026-04-09T16:00:54","slug":"femeile-din-bucuresti-lipsesc-din-nomenclatorul-stradal-si-al-scolilor","status":"publish","type":"post","link":"https:\/\/buletin.de\/bucuresti\/femeile-din-bucuresti-lipsesc-din-nomenclatorul-stradal-si-al-scolilor\/","title":{"rendered":"ANALIZ\u0102 | 8 Martie \u00een Capital\u0103: cum nu a reu\u0219it Monica Lovinescu s\u0103 \u00eenving\u0103 \u201evatra nomenclaturii&#8221; din Prim\u0103verii. Femeile din Bucure\u0219ti, unde cota de gen din consilii este mult sub media european\u0103, lipsesc din nomenclatorul stradal \u0219i al \u0219colilor"},"content":{"rendered":"\n<p><strong>Erat\u0103<\/strong>: \u00een varianta ini\u021bial\u0103 a articolului am scris c\u0103 nu exist\u0103 o strad\u0103 Maria T\u0103nase \u00een Tineretului, ceea ce este, desigur, fals. <\/p>\n\n\n\n<p><strong>Femeile reprezint\u0103 51,5% din popula\u021bia Rom\u00e2niei, \u00een timp ce \u00een forurile decizionale \u0219i spa\u021biul urban bucure\u0219tean reflect\u0103 o domina\u021bie masculin\u0103 cronic\u0103. Sistemul administrativ exclude sistematic femeile din nomenclatorul stradal, din denumirile institu\u021biilor de \u00eenv\u0103\u021b\u0103m\u00e2nt \u0219i din func\u021biile de conducere ale Capitalei. <\/strong><\/p>\n\n\n\n<p><strong>Cel mai recent exemplu este cel al disidentei Monica Lovinescu. \u00cen plus, spa\u021biul public func\u021bioneaz\u0103 ca un muzeu dedicat puterii masculine. B\u0103rba\u021bii au scris istoria administrativ\u0103, iar liderii politici au omagiat, prin deciziile lor, aproape exclusiv al\u021bi b\u0103rba\u021bi, de-a lungul timpului.<\/strong><\/p>\n\n\n\n<p>Din toat\u0103 Capitala, registrul urban indic\u0103 rapid \u00een mintea oricui doar patru artere principale cu nume de femei, respectiv Doamna Ghica, Regina Maria, Elisabeta \u0219i Doina Cornea, mai nou. <\/p>\n\n\n\n<p>Nomenclatorul stradal feminin mai include actri\u021be precum Agatha B\u00e2rsescu, Aura Buzescu, Frosa Sarandy, Anda C\u0103lug\u0103reanu \u0219i Aristizza Romanescu. Alte str\u0103zi amintesc de figuri istorice pe care societatea le re\u021bine adesea strict prin prisma rela\u021biei lor cu b\u0103rba\u021bi celebri.<\/p>\n\n\n\n<h2 class=\"wp-block-heading\" id=\"h-nomenclatorul-stradal-e-xemple-de-strazi-ce-au-denumiri-feminine\">Nomenclatorul stradal: e<strong>xemple de str\u0103zi ce au denumiri feminine<\/strong><\/h2>\n\n\n\n<p>P\u00e2n\u0103 ne imagin\u0103m ce-ar putea fi, hai s\u0103 vedem unde suntem acum. Iat\u0103 c\u00e2teva eviden\u021bieri de nume de femei de pe lista str\u0103zilor (click pe link-uri s\u0103 afla\u021bi mai multe despre ele):<\/p>\n\n\n\n<h5 class=\"wp-block-heading\" id=\"h-actri\u021be\"><strong>Actri\u021be<\/strong><\/h5>\n\n\n\n<ul class=\"wp-block-list\">\n<li>Str. <a href=\"https:\/\/strazicurenume.ro\/agatha-barsescu\/\" target=\"_blank\" rel=\"noreferrer noopener\">Agatha B\u00e2rsescu<\/a><\/li>\n\n\n\n<li>intr. <a href=\"https:\/\/strazicurenume.ro\/anda-calugareanu\/\" target=\"_blank\" rel=\"noreferrer noopener\">Anda C\u0103lug\u0103reanu<\/a><\/li>\n\n\n\n<li>Str. <a href=\"https:\/\/strazicurenume.ro\/aristizza-romanescu\/\" target=\"_blank\" rel=\"noreferrer noopener\">Aristizza Romanescu<\/a><\/li>\n\n\n\n<li>Str. <a href=\"https:\/\/strazicurenume.ro\/aura-buzescu\/\" target=\"_blank\" rel=\"noreferrer noopener\">Aura Buzescu<\/a><\/li>\n\n\n\n<li>Str. <a href=\"https:\/\/strazicurenume.ro\/frosa-sarandy\/\" target=\"_blank\" rel=\"noreferrer noopener\">Frosa Sarandy<\/a><\/li>\n<\/ul>\n\n\n\n<h5 class=\"wp-block-heading\" id=\"h-figuri-istorice-\u0219i-nobiliare\">Figuri Istorice \u0219i Nobiliare<\/h5>\n\n\n\n<ul class=\"wp-block-list\">\n<li>Str. <a href=\"https:\/\/www.bucuresti.ro\/articole\/ana-davila-domnita-cu-sange-albastru-mama-pentru-sute-de-fete-orfane-cum-a-fost-otravita-sotia-medicului-carol-davila-760\" target=\"_blank\" rel=\"noreferrer noopener\">Ana Davila<\/a> (so\u021bia medicului Carol Davila, filantroap\u0103)<\/li>\n\n\n\n<li>Str. Ancu\u021ba B\u0103neasa (figur\u0103 istoric\u0103 legat\u0103 de zona B\u0103neasa)<\/li>\n\n\n\n<li>Str. <a href=\"https:\/\/strazicurenume.ro\/doamna-ghica\/\" target=\"_blank\" rel=\"noreferrer noopener\">Doamna Ghica<\/a><\/li>\n\n\n\n<li>Str. <a href=\"https:\/\/strazicurenume.ro\/doamna-oltea\/\" target=\"_blank\" rel=\"noreferrer noopener\">Doamna Oltea<\/a> (mama lui \u0218tefan cel Mare)<\/li>\n\n\n\n<li>Str. <a href=\"https:\/\/strazicurenume.ro\/doamna-stanca\/\" target=\"_blank\" rel=\"noreferrer noopener\">Doamna Stanca<\/a> (so\u021bia lui Mihai Viteazul)<\/li>\n\n\n\n<li>Str. Doamnei<\/li>\n<\/ul>\n\n\n\n<h5 class=\"wp-block-heading\" id=\"h-eroine-\u0219i-activiste\"><strong>Eroine \u0219i Activiste<\/strong><\/h5>\n\n\n\n<ul class=\"wp-block-list\">\n<li>Str. <a href=\"https:\/\/strazicurenume.ro\/ecaterina-teodoroiu\/\" target=\"_blank\" rel=\"noreferrer noopener\">Ecaterina Teodoroiu<\/a> (eroin\u0103 din Primul R\u0103zboi Mondial, are \u0219i o Intrare)<\/li>\n\n\n\n<li>Str. <a href=\"https:\/\/adevarul.ro\/stiri-interne\/societate\/ecaterina-varga-nobila-maghiara-care-i-a-cucerit-2468144.html\" target=\"_blank\" rel=\"noreferrer noopener\">Ecaterina Varga<\/a> (lupt\u0103toare pentru drepturile \u021b\u0103ranilor)<\/li>\n<\/ul>\n\n\n\n<h5 class=\"wp-block-heading\" id=\"h-alte-denumiri-feminine\"><strong>Alte denumiri feminine<\/strong><\/h5>\n\n\n\n<ul class=\"wp-block-list\">\n<li>Str. Alexandrina<\/li>\n\n\n\n<li>intr. Angelinei<\/li>\n\n\n\n<li>Str. M\u0103riuca<\/li>\n\n\n\n<li>Str. Iordana.<\/li>\n<\/ul>\n\n\n\n<figure class=\"wp-block-image size-full\"><img fetchpriority=\"high\" decoding=\"async\" width=\"936\" height=\"527\" src=\"data:image\/gif;base64,R0lGODlhAQABAAAAACH5BAEKAAEALAAAAAABAAEAAAICTAEAOw==\" data-src=\"https:\/\/buletin.de\/bucuresti\/wp-content\/uploads\/2026\/03\/image-15.png\" alt=\"nomnclatorul stradal\" class=\"wp-image-178872 lazyload\" data-sizes=\"auto\" data-srcset=\"https:\/\/buletin.de\/bucuresti\/wp-content\/uploads\/2026\/03\/image-15.png 936w, https:\/\/buletin.de\/bucuresti\/wp-content\/uploads\/2026\/03\/image-15-300x169.png 300w, https:\/\/buletin.de\/bucuresti\/wp-content\/uploads\/2026\/03\/image-15-768x432.png 768w, https:\/\/buletin.de\/bucuresti\/wp-content\/uploads\/2026\/03\/image-15-600x338.png 600w, https:\/\/buletin.de\/bucuresti\/wp-content\/uploads\/2026\/03\/image-15-20x11.png 20w\" sizes=\"(max-width: 936px) 100vw, 936px\" \/><figcaption class=\"wp-element-caption\"><em>Reprezentarea Ecaterinei Teodoroiu <\/em><a href=\"https:\/\/romania.europalibera.org\/a\/bnr-bancnota-ecaterina-teodoroiu\/31585751.html\"><em>pe bancnota de 20 de lei<\/em><\/a><\/figcaption><\/figure>\n\n\n\n<p><s>N-avem<\/s> Avem o strad\u0103 Maria T\u0103nase \u00een Tineretului, <s>dar <\/s>avem <a href=\"https:\/\/www.radioromaniacultural.ro\/sectiuni-articole\/istorie-filozofie-psihologie\/documentar-smaranda-braescu-prima-para-e1-b9-a3utista-din-romania-id6218.html\" target=\"_blank\" rel=\"noreferrer noopener\">Smaranda Br\u0103escu<\/a> \u00een Avia\u021biei (prima femeie para\u0219utist din Rom\u00e2nia) \u0219i <a href=\"https:\/\/strazicurenume.ro\/aura-buzescu\/\" target=\"_blank\" rel=\"noreferrer noopener\">Aura Buzescu<\/a> \u00een Vatra Luminoas\u0103.<\/p>\n\n\n\n<h2 class=\"wp-block-heading\" id=\"h-ce-alte-femei-ar-merita-un-loc-in-nomenclatorul-stradal-din-bucure\u0219ti\"><strong>Ce alte femei ar merita un loc \u00een nomenclatorul stradal din Bucure\u0219ti<\/strong><\/h2>\n\n\n\n<p>Poate <a href=\"https:\/\/www.radioromaniacultural.ro\/sectiuni-articole\/stiinta\/ana-aslan-unul-dintre-pionierii-gerontologiei-mondiale-id18295.html\" target=\"_blank\" rel=\"noreferrer noopener\">Ana Aslan (unul din pionerii geronotologiei)<\/a> sau <a href=\"https:\/\/bucurestiivechisinoi.ro\/2020\/04\/sofia-ogrezeanu-ionescu-femeia-ce-a-cotrobait-si-a-reparat-creierele-a-mii-si-mii-de-oameni\/\" target=\"_blank\" rel=\"noreferrer noopener\">Sofia Ionescu-Ogrezeanu<\/a>, prima femeie neurochirurg din Rom\u00e2nia? <a href=\"https:\/\/curatorial.ro\/arta\/portret-cecilia-cutescu-stork-prima-femeie-profesor-de-arte-plastice-din-europa-care-a-lasat-in-urma-una-dintre-cele-mai-frumoase-case-din-bucuresti\/\" target=\"_blank\" rel=\"noreferrer noopener\">Cecilia Cu\u021bescu-Storck<\/a>, prima femeie profesor la o universitate din domeniul artelor din Europa (\u0219i prima care a f\u0103cut art\u0103 mural\u0103 \u00een Rom\u00e2nia!), sau <a href=\"https:\/\/www.scena9.ro\/article\/biografie-profil-feminista-sofia-nadejde\" target=\"_blank\" rel=\"noreferrer noopener\">Sofia N\u0103dejde<\/a>, femeia care l-a certat pe Maiorescu pentru c\u0103 sus\u021binea inferioritatea femeilor fa\u021b\u0103 de b\u0103rba\u021bi? <\/p>\n\n\n\n<p><a href=\"https:\/\/ro.wikipedia.org\/wiki\/Sarmiza_Bilcescu-Alim%C4%83ni%C8%99teanu\" target=\"_blank\" rel=\"noreferrer noopener\">Sarmiza Bilcescu<\/a>, prima rom\u00e2nc\u0103 avocat, sau <a href=\"https:\/\/ro.wikipedia.org\/wiki\/Calypso_Botez\" target=\"_blank\" rel=\"noreferrer noopener\">Calypso Botez<\/a> (c\u00e2t de bine sun\u0103 acest nume, activist\u0103 pentru drepturile femeilor?<\/p>\n\n\n<div class=\"wp-block-image\">\n<figure class=\"aligncenter size-full\"><img decoding=\"async\" width=\"630\" height=\"888\" src=\"data:image\/gif;base64,R0lGODlhAQABAAAAACH5BAEKAAEALAAAAAABAAEAAAICTAEAOw==\" data-src=\"https:\/\/buletin.de\/bucuresti\/wp-content\/uploads\/2026\/03\/image.jpeg\" alt=\"\" class=\"wp-image-178869 lazyload\" data-sizes=\"auto\" data-srcset=\"https:\/\/buletin.de\/bucuresti\/wp-content\/uploads\/2026\/03\/image.jpeg 630w, https:\/\/buletin.de\/bucuresti\/wp-content\/uploads\/2026\/03\/image-213x300.jpeg 213w, https:\/\/buletin.de\/bucuresti\/wp-content\/uploads\/2026\/03\/image-600x846.jpeg 600w, https:\/\/buletin.de\/bucuresti\/wp-content\/uploads\/2026\/03\/image-20x28.jpeg 20w\" sizes=\"(max-width: 630px) 100vw, 630px\" \/><figcaption class=\"wp-element-caption\">Foto: Arhiva Funky Citizens<\/figcaption><\/figure>\n<\/div>\n\n\n<p><\/p>\n\n\n\n<p><\/p>\n\n\n<div class=\"wp-block-image\">\n<figure class=\"aligncenter size-full\"><img decoding=\"async\" width=\"331\" height=\"496\" src=\"data:image\/gif;base64,R0lGODlhAQABAAAAACH5BAEKAAEALAAAAAABAAEAAAICTAEAOw==\" data-src=\"https:\/\/buletin.de\/bucuresti\/wp-content\/uploads\/2026\/03\/image-13.png\" alt=\"nomenclatorul stradal\" class=\"wp-image-178870 lazyload\" data-sizes=\"auto\" data-srcset=\"https:\/\/buletin.de\/bucuresti\/wp-content\/uploads\/2026\/03\/image-13.png 331w, https:\/\/buletin.de\/bucuresti\/wp-content\/uploads\/2026\/03\/image-13-200x300.png 200w, https:\/\/buletin.de\/bucuresti\/wp-content\/uploads\/2026\/03\/image-13-20x30.png 20w\" sizes=\"(max-width: 331px) 100vw, 331px\" \/><\/figure>\n<\/div>\n\n\n<h2 class=\"wp-block-heading\" id=\"h-iar-acum-intrebarea-de-100-de-puncte\"><strong>Iar acum \u00eentrebarea de 100 de puncte<\/strong><\/h2>\n\n\n\n<p><strong>Nume\u0219te repede o \u0219coal\u0103 cu nume de femeie din Bucure\u0219ti<\/strong>, c\u0103 universit\u0103\u021bi (fie de stat sau particulare)&nbsp;cu nume de femei avem fix zero \u00een toat\u0103 \u021bara la acest nivel.<\/p>\n\n\n\n<p>\u00cen plus, doar 11 din cele 374 de unit\u0103\u021bi de \u00eenv\u0103\u021b\u0103m\u00e2nt de stat din Bucure\u0219ti au nume de femei, adic\u0103 2.94% din total. Sunt \u0219ase \u0219coli, dou\u0103 colegii \u0219i dou\u0103 gr\u0103dini\u021bie, iat\u0103-le pe toate:<\/p>\n\n\n\n<ul class=\"wp-block-list\">\n<li><strong>\u015ecoala Gimnazial\u0103 \u201e<a href=\"https:\/\/ro.wikipedia.org\/wiki\/Pia_Br%C4%83tianu\" target=\"_blank\" rel=\"noreferrer noopener\">Pia Br\u0103tianu<\/a>\u201d (so\u021bia lui Ion C. Br\u0103tianu \u0219i mama viitorilor prim-mini\u0219tri ai Ion I.C. Br\u0103tianu \u0219i Vintil\u0103 I.C. Br\u0103tianu)<\/strong><\/li>\n\n\n\n<li>\u015ecoala Gimnazial\u0103 <a href=\"https:\/\/www.radioromaniacultural.ro\/sectiuni-articole\/literatura\/portret-elena-vacarescu-prima-femeie-primita-in-academie-poeta-nelinistii-divine-povestea-sfasietoare-de-dragoste-cu-regele-ferdinand-id4064.html\" target=\"_blank\" rel=\"noreferrer noopener\">\u201eElena V\u0103c\u0103rescu<\/a>\u201d (prima poet\u0103 primit\u0103 \u00een Academie)<\/li>\n\n\n\n<li><strong>\u015ecoala Gimnazial\u0103 \u201e<a href=\"https:\/\/www.radioromaniacultural.ro\/sectiuni-articole\/literatura\/portret-maria-rosetti-prima-femeie-gazetar-din-romania-id10699.html\" target=\"_blank\" rel=\"noreferrer noopener\">Maria Rosetti<\/a>\u201d (prima femeie gazetar din Rom\u00e2nia)<\/strong><\/li>\n\n\n\n<li>Liceul Tehnologic Special \u201e<a href=\"https:\/\/stirileprotv.ro\/cultura\/regina-elisabeta-a-romaniei-viata-domnia-si-contributiile-culturale.html\" target=\"_blank\" rel=\"noreferrer noopener\">Regina Elisabeta<\/a>\u201d (cunoscut\u0103 \u0219i pentru c-a fost \u201eMama R\u0103ni\u021bilor\u201d \u00een primul r\u0103zboi mondial dar \u0219i pentru c\u0103 a publicat sub pseudonimele Carmen Sylva \u0219i Dito und Idem)<\/li>\n\n\n\n<li><strong>\u015ecoala Gimnazial\u0103 \u201ePrincipesa Margareta\u201d (cea mai mare dintre cele 5 fete ale Regelui Mihai I)<\/strong><\/li>\n\n\n\n<li>Gr\u0103dini\u0163a \u201eHillary Clinton\u201d<\/li>\n\n\n\n<li><strong>\u015ecoala Gimnazial\u0103 \u201eSfin\u0163ii Constantin \u015ei Elena\u201d<\/strong><\/li>\n\n\n\n<li>\u015ecoala Gimnazial\u0103 \u201eRegina Maria\u201d (mama regelui Carol al II-lea, care a scos-o din via\u021ba politic\u0103 dup\u0103 moartea lui Ferdinand \u0219i a cam exilat-o \u00eentre Balcic \u0219i Bran)<\/li>\n\n\n\n<li><strong>Colegiul Na\u0163ional \u201e<a href=\"https:\/\/ro.wikipedia.org\/wiki\/Elena_Cuza\" target=\"_blank\" rel=\"noreferrer noopener\">Elena Cuza<\/a>\u201d (multe activit\u0103\u021bi caritabile \u0219i socioculturale)<\/strong><\/li>\n\n\n\n<li>Colegiul Na\u021bional \u201e<a href=\"https:\/\/ro.wikipedia.org\/wiki\/Iulia_Hasdeu\" target=\"_blank\" rel=\"noreferrer noopener\">Iulia Ha\u0219deu<\/a>\u201d (fiica lui B. P. Ha\u0219deu)<\/li>\n\n\n\n<li><strong>Liceul Special Pentru Deficien\u0163i De Auz \u201eSf\u00e2nta Maria\u201d<\/strong><\/li>\n<\/ul>\n\n\n\n<p>Asta dac\u0103 nu punem la socoteal\u0103 \u0219i Scufi\u021ba Ro\u0219ie \u0219i Maica Domnului, caz \u00een care ar fi&#8230; 13. De men\u021bionat este c\u0103 au mai fost str\u0103zi care purtau nume de femei \u00een trecut &#8211; <a href=\"https:\/\/historia.ro\/sectiune\/general\/ana-ipatescu-povestea-nestiuta-a-a-femeii-care-a-2453309.html\" target=\"_blank\" rel=\"noreferrer noopener\">Ana Ip\u0103tescu<\/a>, Zoe Grant sau Lidia Bazilescu.<\/p>\n\n\n\n<p>Cercet\u0103torul Mihai Stelian Rusu <a href=\"https:\/\/newsweek.ro\/educatie\/nici-o-universitate-din-romania-nu-poarta-numele-unei-femei-doar-5-din-scoli-au-nume-feminin\" target=\"_blank\" rel=\"noreferrer noopener\">preciza<\/a>, \u00een 2020, c\u0103 \u201e\u00een Bucure\u0219ti, <strong>femeile reprezint\u0103 6% din totalul str\u0103zilor numite dup\u0103 persoane<\/strong>; \u00een Paris, Roma \u0219i Viena avem \u00eentre 7 \u0219i 8%; \u00een Var\u0219ovia procentul urc\u0103 la 11%, iar \u00een Hamburg este 14%\u201d.<\/p>\n\n\n\n<p>Poate c\u0103 ponderea mic\u0103 a femeilor care dau nume de str\u0103zi nu este totu\u0219i cauzat\u0103 \u00een totalitate de discriminarea structural\u0103 \u0219i istoric\u0103 pe care au suferit-o femeile? Hai s\u0103 vedem cum au ap\u0103rut numele de str\u0103zi: afl\u0103m de la Irina St\u0103nculescu (din \u201e<a href=\"https:\/\/bmim.muzeulbucurestiului.ro\/fisiere\/14-Bucuresti-Materiale-de-Istorie-si-Muzeografie-XIV-2000_138.pdf\" target=\"_blank\" rel=\"noreferrer noopener\">Apari\u021bia \u0219i Evolu\u021bia Denumirilor De Str\u0103zi Din Bucure\u0219ti<\/a>\u201d) c\u0103:<\/p>\n\n\n\n<ul class=\"wp-block-list\">\n<li>\u00cen absen\u021ba numelor de str\u0103zi \u0219i a numerelor de cas\u0103, identificarea locului se f\u0103cea prin raportarea la persoane: se spunea c\u0103 cineva locuie\u0219te \u201el\u00e2ng\u0103 Armean aprod\u201d, \u00een casa cuiva sau \u201epeste drum de boierul X\u201d.&nbsp;<\/li>\n\n\n\n<li>Vechile nume de str\u0103zi nu erau \u201enume proprii\u201d \u00een sens modern, ci descrieri ale unor realit\u0103\u021bi vizibile, ce puteau fi <strong>caracteristici fizice <\/strong>(Uli\u021ba Mare, Uli\u021ba Mic\u0103, Podul de P\u0103m\u00e2nt), puncte de convergen\u021b\u0103 (biserici &#8211; Biserica Alb\u0103, f\u00e2nt\u00e2ni &#8211; Pu\u021bul cu tei, hanuri sau foi\u0219oare, <strong>destina\u021bii<\/strong>: Drumul T\u00e2rgovi\u0219tii, Podul Mogo\u0219oaiei (c\u0103tre Bra\u0219ov), <strong>ocupa\u021bii \u0219i bresle<\/strong> &#8211; Uli\u021ba B\u0103rbierilor, C\u0103ld\u0103rarilor, \u0218elarilor sau <strong>proprietari <\/strong>de terenuri: Uli\u021ba M\u00e2ntulesei, Uli\u021ba Sp\u0103tarului.<\/li>\n\n\n\n<li>De\u0219i autorit\u0103\u021bile introduceau nume noi \u00een secolul 19, vechile denumiri au persistat mult timp \u00een memoria colectiv\u0103, locuitorii solicit\u00e2nd uneori schimbarea numelor care nu mai reflectau realitatea etnic\u0103 sau social\u0103 a zonei.<\/li>\n<\/ul>\n\n\n\n<p>Neconcludent: \u00eentr-adev\u0103r, numele erau mai descriptive, mai utilitare, dar tr\u0103s\u0103turile ce \u021bin de ocupa\u021bii sau proprietari erau mo\u0219tenite de la structura patriarhal\u0103.&nbsp;<\/p>\n\n\n<div class=\"wp-block-image\">\n<figure class=\"aligncenter size-full\"><img loading=\"lazy\" decoding=\"async\" width=\"405\" height=\"483\" src=\"data:image\/gif;base64,R0lGODlhAQABAAAAACH5BAEKAAEALAAAAAABAAEAAAICTAEAOw==\" data-src=\"https:\/\/buletin.de\/bucuresti\/wp-content\/uploads\/2026\/03\/image-14.png\" alt=\"\" class=\"wp-image-178871 lazyload\" data-sizes=\"auto\" data-srcset=\"https:\/\/buletin.de\/bucuresti\/wp-content\/uploads\/2026\/03\/image-14.png 405w, https:\/\/buletin.de\/bucuresti\/wp-content\/uploads\/2026\/03\/image-14-252x300.png 252w, https:\/\/buletin.de\/bucuresti\/wp-content\/uploads\/2026\/03\/image-14-20x24.png 20w\" sizes=\"(max-width: 405px) 100vw, 405px\" \/><\/figure>\n<\/div>\n\n\n<h2 class=\"wp-block-heading\" id=\"h-femei-care-au-titlul-de-ceta\u021bean-de-onoare-al-bucure\u0219tiului\"><strong>Femei care au titlul de \u201eCet\u0103\u021bean de Onoare\u201d al Bucure\u0219tiului<\/strong><\/h2>\n\n\n\n<p>Continu\u0103m c\u0103utarea femeilor \u00een spa\u021biul public \u0219i ne aplec\u0103m asupra listei <strong>cet\u0103\u021benilor de onoare <\/strong>ai Capitalei. Din totalul de 339 de cet\u0103\u021beni de onoare ai Bucure\u0219tiului, <strong>109 sunt femei <\/strong>(32%), iar 230 b\u0103rba\u021bi. Iat\u0103 distribu\u021bia celor 109 femei pe categorii:<\/p>\n\n\n\n<ul class=\"wp-block-list\">\n<li>56 (adic\u0103 51%) sunt <strong>sportive <\/strong>(20 de handbaliste, 13 voleibaliste, 10 canotoare, 4 spadasine, 4 gimnaste, 4 care s-au remarcat la atletism , o tenismen\u0103 &#8211; const\u0103n\u021beanca Simona Halep).<\/li>\n\n\n\n<li>41 sunt din <strong>zona cultural\u0103 <\/strong>(15 din teatru, 24 din muzica, o prozatoare \u0219i o pictori\u021b\u0103).<\/li>\n<\/ul>\n\n\n\n<p>Restul de 12 femei din lista sunt din <strong>domeniul medicinei <\/strong>(9), apoi c\u00e2te una din zona politic\u0103, \u0219tiin\u021bific\u0103 (biologie) \u0219i administrativ\u0103 (consilier local \u00een educa\u021bie).<\/p>\n\n\n\n<h2 class=\"wp-block-heading\" id=\"h-cele-mai-multe-titluri-pentru-femei-au-fost-acordate-de-prima-femeie-primar\"><strong>Cele mai multe titluri pentru femei au fost acordate de prima femeie primar<\/strong><\/h2>\n\n\n\n<p>Juc\u0103toarele de handbal au primit titlul de \u201eCet\u0103\u021bean de Onoare\u201d \u00een anul 2016, dup\u0103 ce Bucure\u0219tiul marca o premier\u0103 &#8211; primul primar femeie, \u00een persoana Gabrielei Firea. Consiliul General dominat de majoritate PSD a \u201euns\u201d pe 25 august 2016, dintr-o bucat\u0103, juc\u0103toarele de la <strong>CSM Bucure\u0219ti<\/strong>, echipele de volei \u0219i handbal feminin, plus alte sportive, campioane olimpice la spad\u0103 sau gimnastic\u0103. <\/p>\n\n\n\n<p>Simona Halep a primit titlul abia \u00een 2017, iar prima sportiv\u0103 care l-a primit a fost Nadia Com\u0103neci, urmat\u0103 de Gabi Szabo (\u00een 1997) \u0219i Violeta Beclea Szekely \u00een 1997. Iolanda Bala\u0219 a primit \u0219i ea titlul, \u00een 2011, cu 5 ani \u00eenainte s\u0103 moar\u0103. A mai fost un calup de 12 sportive \u00een 2000, c\u00e2nd <strong>Traian B\u0103sescu <\/strong>era primar, \u00een contextul Jocurilor Olimpice de la Sydney.<\/p>\n\n\n\n<p>Tot Traian B\u0103sescu a mai \u201ep\u0103storit\u201d un calup de 10 interprete de <strong>muzic\u0103 popular\u0103 <\/strong>\u00een 2001, c\u0103rora le-a oferit titlul de Cet\u0103\u021bean de Onoare pentru \u201e<em>au slujit cu talent, credin\u021b\u0103 \u015fi devotament folclorul romanesc si muzica populara rom\u00e2neasc\u0103<\/em>\u201d. Irina Loghin li s-a al\u0103turat \u00een 2019. Avem \u0219i c\u00e2ntere\u021be de muzic\u0103 u\u0219oar\u0103 pe list\u0103, precum Corina Chiriac, Mirabela Dauer, Angela Similea \u0219i Dida Dr\u0103gan, ajunse pe list\u0103 \u00een tot \u00een mandatul doamnei Firea.<\/p>\n\n\n\n<p>Avem \u0219i cet\u0103\u021beni de onoare de sex feminin din <strong>zona teatrului<\/strong>, desigur:<\/p>\n\n\n\n<ul class=\"wp-block-list\">\n<li>Marina Migry Avram Nicolau<\/li>\n\n\n\n<li>Tamara Buciuceanu-Botez<\/li>\n\n\n\n<li>Carmen Eugenia&nbsp; St\u0103nescu<\/li>\n\n\n\n<li>Olga Tudorache<\/li>\n\n\n\n<li>Marcela Rusu<\/li>\n\n\n\n<li>Ileana Berlogean<\/li>\n\n\n\n<li>Margareta-Celia&nbsp; Niculescu<\/li>\n\n\n\n<li>Adela M\u0103rculescu<\/li>\n\n\n\n<li>Draga Olteanu Matei<\/li>\n\n\n\n<li>Stela Popescu<\/li>\n\n\n\n<li>Tamara Bucuiuceanu-Botez<\/li>\n\n\n\n<li>Emilia Maia Ninel Morgenstern<\/li>\n\n\n\n<li>Cezara Dafinescu<\/li>\n\n\n\n<li>Ileana Stana-Ionescu<\/li>\n\n\n\n<li>Rodica Popescu\u2013Bit\u0103nescu<\/li>\n<\/ul>\n\n\n\n<p>Pe finalul c\u0103ut\u0103rii reprezent\u0103rilor femeilor \u00een denumiri de str\u0103zi am putea s\u0103 ne uit\u0103m la statui, \u00eens\u0103, nicio surpriz\u0103 aici, majoritatea sunt cu b\u0103rba\u021bi, iar cele care \u00eenf\u0103\u021bi\u0219eaz\u0103 pe femei o fac \u00eentr-o manier\u0103 de subordonare, cu rare excep\u021bii, precum statuia <a href=\"https:\/\/ro.wikipedia.org\/wiki\/Monumentul_Anei_Davila\" target=\"_blank\" rel=\"noreferrer noopener\">Anei Davila<\/a>, <a href=\"https:\/\/ro.wikipedia.org\/wiki\/F%C3%A2nt%C3%A2na_Modura\" target=\"_blank\" rel=\"noreferrer noopener\">F\u00e2nt\u00e2na Modura<\/a> din Her\u0103str\u0103u, statuia <a href=\"https:\/\/www.romaniaregala.ro\/jurnal\/statuia-ecaterinei-teodoroiu-dezvelita-la-bucuresti\/\" target=\"_blank\" rel=\"noreferrer noopener\">Ecaterinei Teodoroiu<\/a> sau reprezentarea dat\u0103 grupului statuar <a href=\"https:\/\/ro.wikipedia.org\/wiki\/Monumentul_eroilor_din_1916-1918_din_Bucure%C8%99ti\" target=\"_blank\" rel=\"noreferrer noopener\">Monumentul eroilor din 1916-1918<\/a>, unde femeie reprezint\u0103 patria la care se ghemuie\u0219te osta\u0219ul r\u0103nit.<\/p>\n\n\n\n<h2 class=\"wp-block-heading\" id=\"h-cum-sunt-reprezentate-femeile-in-calendarul-ortodox-nbsp\"><strong>Cum sunt reprezentate femeile \u00een calendarul ortodox<\/strong>&nbsp;<\/h2>\n\n\n\n<p>Sunt 138 de sfinte, adic\u0103 <strong>13% din totalul sfin\u021bilor <\/strong>&#8211; cel mai bun procent de p\u00e2n\u0103 acum, dup\u0103 ce ne-am uitat la str\u0103zi \u0219i \u0219coli. <\/p>\n\n\n\n<p>A\u0219 remarca aici c\u00e2teva nume care ast\u0103zi sun\u0103 exotic, precum Sinclitichia, Priscila, Xenia, <a href=\"https:\/\/doxologia.ro\/sfintele-mucenite-minodora-mitrodora-nimfodora\" target=\"_blank\" rel=\"noreferrer noopener\">Sfintele Muceni\u021be Minodora, Mitrodora \u0219i Nimfodora<\/a>, Apfiam, Platonida, Matrona sau Maxima. <\/p>\n\n\n\n<p>Cu siguran\u021b\u0103 ar fi putea fi ni\u0219te nume de str\u0103zi deosebite, care ar putea \u00eenlocui str\u0103zi ce poart\u0103 nume de substantive comune, precum Aluni\u0219ului (de\u0219i sun\u0103 frumos) sau Calcanului (OK, nici \u0103sta nu sun\u0103 r\u0103u). Este loc pentru toat\u0103 lumea \u00een nomenclatorul stradal din Bucure\u0219ti &#8211; voin\u021b\u0103 (politic\u0103) s\u0103 fie.<\/p>\n\n\n\n<h2 class=\"wp-block-heading\" id=\"h-cate-femei-avem-in-consiliile-bucure\u0219tiului\"><strong>C\u00e2te femei avem \u00een consiliile Bucure\u0219tiului?<\/strong><\/h2>\n\n\n\n<p><strong>E clar c\u0103, dup\u0103 ce Clotilde Armand nu a reu\u0219it s\u0103 \u00ee\u0219i re\u00eennoiasc\u0103 mandatul, avem zero femei primar &#8211; b\u0103rba\u021bii conduc sectoarele \u0219i PMB-ul. Dar haide\u021bi s\u0103 ne uit\u0103m \u0219i la ramura legislativ\u0103:&nbsp;<\/strong><\/p>\n\n\n\n<p>La nivel de Bucure\u0219ti, din cei 54 de <strong>consilieri generali<\/strong>, 14 sunt femei, adic\u0103 25,9%, fa\u021b\u0103 de media european\u0103, care e de 34%:<\/p>\n\n\n\n<ul class=\"wp-block-list\">\n<li><strong>PSD<\/strong> &#8211; 5: Ancu\u021ba-Sorina Com\u0103nici, Andreea Ioana Deac, Florentina Gherghiceanu, Elena Petrescu, Ioana Stoica<\/li>\n\n\n\n<li><strong>USR<\/strong> &#8211; 3: Ionela-Gabriela Dinu, Cristina-Simona Munteanu, Anamaria-Naomi Reniu\u021b<\/li>\n\n\n\n<li><strong>REPER<\/strong> &#8211; 2: Ana-Maria Boghean, Andreea-Iuliana Leonte<\/li>\n\n\n\n<li><strong>PNL<\/strong>: Diana Mardarovici<\/li>\n\n\n\n<li><strong>PUSL<\/strong>: Ruxandra Antonela Anaiss Nicolaidis<\/li>\n\n\n\n<li><strong>AUR<\/strong>: Selena-Gabriela Susanu (V\u00eelcu)<\/li>\n\n\n\n<li><strong>PMP<\/strong>: C\u0103t\u0103lina C\u0103\u0219vean<\/li>\n<\/ul>\n\n\n\n<p id=\"h-media-sectoarelor-e-tot-pe-acolo-in-consiliile-locale-de-sector-circa-un-sfert-sunt-femei-nbsp\">Media <strong>sectoarelor<\/strong> variaz\u0103, de la doar 2 consiliere \u00een sectorul  la 12 \u00een sectorul 1 sau 10 \u00een sectorul 4. <\/p>\n\n\n\n<div class=\"flourish-embed flourish-chart\" data-src=\"visualisation\/27945985\"><script src=\"https:\/\/public.flourish.studio\/resources\/embed.js\"><\/script><noscript><img decoding=\"async\" src=\"data:image\/gif;base64,R0lGODlhAQABAAAAACH5BAEKAAEALAAAAAABAAEAAAICTAEAOw==\" data-src=\"https:\/\/public.flourish.studio\/visualisation\/27945985\/thumbnail\" width=\"100%\" alt=\"visualization\" class=\"lazyload\" \/><\/noscript><\/div>\n\n\n\n<div class=\"flourish-embed flourish-chart\" data-src=\"visualisation\/27946010\"><script src=\"https:\/\/public.flourish.studio\/resources\/embed.js\"><\/script><noscript><img decoding=\"async\" src=\"data:image\/gif;base64,R0lGODlhAQABAAAAACH5BAEKAAEALAAAAAABAAEAAAICTAEAOw==\" data-src=\"https:\/\/public.flourish.studio\/visualisation\/27946010\/thumbnail\" width=\"100%\" alt=\"visualization\" class=\"lazyload\" \/><\/noscript><\/div>\n\n\n\n<h5 class=\"wp-block-heading\" id=\"h-sectorul-1-lista-femeilor-consilier-12-din-27-44-nbsp\"><strong><span style=\"text-decoration: underline;\">Sectorul 1: <\/span><\/strong><a href=\"https:\/\/primariasector1.ro\/consiliul-local\/componenta-consiliului-local\/\"><span style=\"text-decoration: underline;\"><strong>Lista Femeilor Consilier<\/strong><\/span><\/a><strong><span style=\"text-decoration: underline;\"> (12 din 27 = 44%)&nbsp;<\/span><\/strong><\/h5>\n\n\n\n<p><strong>PNL &#8211; 5<\/strong>: Florina-Isabela Cican, M\u0103d\u0103lina Gavril\u0103, Raluca-Nicoleta Hali\u021b, Ramona Porumb, Luana-Teodora Vasile<\/p>\n\n\n\n<p><strong>USR &#8211; 3<\/strong>: Alina-Cr\u00e2i\u021ba Cociu, Maria-Ana Ghinea, M\u0103d\u0103lina-Ioana Popa<\/p>\n\n\n\n<p><strong>AUR &#8211; 2:<\/strong> Daniela-Lumini\u021ba R\u0103dulescu, Marinela Adam<\/p>\n\n\n\n<p><strong>PSD &#8211; 1:<\/strong> Maria-Daniela Stanciu (Viceprimar)<\/p>\n\n\n\n<p><strong>REPER &#8211; 1:<\/strong> Dordea &#8211; Leonte Laura-Elena<br><\/p>\n\n\n\n<p><strong>S<span style=\"text-decoration: underline;\">ectorul 2 &#8211; <\/span><\/strong><a href=\"https:\/\/cl.ps2.ro\/index.php\/consiliul-local\/consilieri-locali\"><span style=\"text-decoration: underline;\"><strong>Lista Femeilor Consilieri<\/strong><\/span><\/a><strong><span style=\"text-decoration: underline;\"> &#8211; 6 din 27 sunt femei (22%)<\/span><\/strong><\/p>\n\n\n\n<p><em>Elenei Tudose (USR) i s-a \u00eencheiat mandatul<\/em> 2024-2028<\/p>\n\n\n\n<ul class=\"wp-block-list\">\n<li><strong>PSD<\/strong> &#8211; 3: Mustafa M\u0103d\u0103lina, L\u0103z\u0103roiu Ioana-Gela, Pasciuc Paula<\/li>\n\n\n\n<li><strong>PNL<\/strong> &#8211; Georgescu Gianina<\/li>\n\n\n\n<li><strong>USR<\/strong> &#8211; Badea Anda Simona<\/li>\n\n\n\n<li><strong>REPER<\/strong> &#8211; Dogaru Georgeta<\/li>\n<\/ul>\n\n\n\n<p><strong><span style=\"text-decoration: underline;\">Sectorul 3 &#8211; <\/span><\/strong><a href=\"https:\/\/www.primarie3.ro\/images\/uploads\/formulare\/8._Componenta_CLS3_-12_.06.2025.pdf\"><span style=\"text-decoration: underline;\"><strong>Lista Femeilor Consiliere<\/strong><\/span><\/a><strong><span style=\"text-decoration: underline;\"> &#8211; 5 din 31 (16,1%)<\/span><\/strong><\/p>\n\n\n\n<ul class=\"wp-block-list\">\n<li><strong>PSD<\/strong> <strong>&#8211; 2<\/strong>: Savu Ileana, Anda-Ioana Negoi\u021b\u0103<\/li>\n\n\n\n<li><strong>USR<\/strong>: Weinerich Andreea-Helena<\/li>\n\n\n\n<li><strong>SENS<\/strong>: Tudoroiu Cristina Eugenia<\/li>\n\n\n\n<li><strong>REPER<\/strong>: Brigitte-Alexandra Andone<\/li>\n<\/ul>\n\n\n\n<p><strong><span style=\"text-decoration: underline;\">Sectorul 4 &#8211; <\/span><\/strong><a href=\"https:\/\/ps4.ro\/consiliul-local\/consilieri\/consilieri-in-functie\"><span style=\"text-decoration: underline;\"><strong>Lista Femeilor Consiliere<\/strong><\/span><\/a><strong><span style=\"text-decoration: underline;\"> &#8211; 10 din 27 (37%)<\/span><\/strong><\/p>\n\n\n\n<ul class=\"wp-block-list\">\n<li><strong>PSD &#8211; 5<\/strong>: Lucia Minchevici, Andreea-Alice C\u00e2rlogea, Elena-Daniela Dumitru, Gabriela Postescu, Alexandra Sav<\/li>\n\n\n\n<li><strong>PNL<\/strong> <strong>&#8211; 3<\/strong>: Alina-Claudia P\u0103rdu\u021b, \u0218tefania-Miruna Li\u0219cu, Ecaterina Irina Manolache<\/li>\n\n\n\n<li><strong>USR<\/strong>: Beatrice-Ana-Maria-Simona Marinescu<\/li>\n\n\n\n<li><strong>REPER<\/strong>: Ana-Alina St\u0103nescu<\/li>\n\n\n\n<li><strong>PMP<\/strong>: Marioara Tecuceanu<\/li>\n<\/ul>\n\n\n\n<p><strong><span style=\"text-decoration: underline;\">Sectorul 5 &#8211; <\/span><\/strong><a href=\"https:\/\/sector5.ro\/consiliul-local\/consilieri-locali\/\"><span style=\"text-decoration: underline;\"><strong>Lista Femeilor Consiliere<\/strong><\/span><\/a><strong><span style=\"text-decoration: underline;\"> &#8211; 2 din 27 (7,4%, cea mai sc\u0103zut\u0103 pondere)<\/span><\/strong><\/p>\n\n\n\n<ul class=\"wp-block-list\">\n<li>P<strong>SD<\/strong>: C\u0103t\u0103lina \u0218tefana Domozin\u0103<\/li>\n\n\n\n<li><strong>PUSL<\/strong>: Mihaela Gorneanu<\/li>\n<\/ul>\n\n\n\n<p><strong><span style=\"text-decoration: underline;\">Sectorul 6 &#8211; <\/span><\/strong><a href=\"https:\/\/www.primarie6.ro\/primarie_sector6\/consilieri-locali\"><span style=\"text-decoration: underline;\"><strong>Lista Femeilor Consiliere<\/strong><\/span><\/a><strong><span style=\"text-decoration: underline;\"> &#8211; 9 din 27 (33,3%)<\/span><\/strong><\/p>\n\n\n\n<ul class=\"wp-block-list\">\n<li><strong>PNL &#8211; 2<\/strong>: Adina Nicolescu, Britany Diaconu<\/li>\n\n\n\n<li><strong>PSD &#8211; 2<\/strong>: Aurelia Surulescu, Cristina Alexandra Florea<\/li>\n\n\n\n<li><strong>USR &#8211; 2<\/strong>: Mihaela Ana Maria \u0218tefan, Eliza Crina Mona Vasile <\/li>\n\n\n\n<li><strong>AUR<\/strong>: Laura Ileana Olteanu<\/li>\n\n\n\n<li><strong>REPER<\/strong>: Cristina Anne Marie Bordianu<\/li>\n\n\n\n<li><strong>PMP<\/strong>: Nicoleta Veronica Tr\u0103istaru <\/li>\n<\/ul>\n\n\n\n<h2 class=\"wp-block-heading\" id=\"h-cate-femei-au-func\u021bii-inalte-in-politica-na\u021bionala\"><strong>C\u00e2te femei au func\u021bii \u00eenalte \u00een politica na\u021bional\u0103<\/strong><\/h2>\n\n\n\n<p><strong>Avem circa 20% femei \u00een Parlament, conform <a href=\"https:\/\/anes.gov.ro\/wp-content\/uploads\/2025\/04\/Analiza-alegeri-parlamentare-2024.pdf\" target=\"_blank\" rel=\"noreferrer noopener\">Agen\u021biei Na\u021bionale pentru Egalitate de \u0218anse<\/a>, care sus\u021bine introducerea temporar\u0103 a cotelor de gen \u00een finalul raportului lor, at\u00e2t la locale c\u00e2t \u0219i la parlamentare. <\/strong><\/p>\n\n\n\n<p>36% din candidaturile depuse au venit din partea femeilor pentru un post de parlamentar \u00een 2024. Avem \u0219i legisla\u021bie privind egalitatea de \u0219anse \u0219i de tratament \u00eentre femei \u0219i b\u0103rba\u021bi, conform c\u0103reia trebuie s\u0103 promov\u0103m participarea echilibrat\u0103 a femeilor \u0219i b\u0103rba\u021bilor la conducere \u0219i la decizie.<\/p>\n\n\n\n<p>\u00cen plus, c\u00e2nd tragem linie, suntem cam jumi-juma pe lumea asta, ba chiar \u00een \u201edezechilibru\u201d dac\u0103 ne uit\u0103m la datele INS care ne arat\u0103 c\u0103 femeile sunt 51,5% dintre rom\u00e2ni. A\u0219adar, unii capabili s\u0103 dea via\u021b\u0103, al\u021bii s\u0103 urineze din picioare. \u0218i totu\u0219i, cei din urm\u0103 domin\u0103 spa\u021biul public de secole, inclusiv \u00een felul \u00een care sunt reprezenta\u021bi \u00een spa\u021biul public din Bucure\u0219ti.<\/p>\n\n\n\n<h2 class=\"wp-block-heading\" id=\"h-nomenclatorul-stradal-\u0219i-ciudatul-caz-al-strazii-monica-lovinescu-care-nu-poate-sa-invinga-vatra-nomenclaturii-comuniste\">Nomenclatorul stradal \u0219i ciudatul caz al str\u0103zii Monica Lovinescu, care nu \u201epoate s\u0103 \u00eenving\u0103\u201d vatra nomenclaturii comuniste<\/h2>\n\n\n\n<p>Ast\u0103zi, autorit\u0103\u021bile din Bucure\u0219ti evit\u0103 fondul activist al s\u0103rb\u0103torii. Modificarea nomenclatorului stradal implic\u0103 proceduri birocratice pe care prim\u0103riile le resping. Costurile politice dicteaz\u0103 conservarea stadiului actual, iar ini\u021biativele duse la bun sf\u00e2r\u0219it pentru o reprezentare echitabil\u0103 a femeilor \u00een ora\u0219 lipsesc cu des\u0103v\u00e2r\u0219ire. Cel mai recent \u0219i elocvent exemplu?<\/p>\n\n\n\n<p><strong>Un proiect pentru schimbarea numelui notoriului bulevard Prim\u0103verii, care a dat \u015fi numele cartierului nomenclaturii comuniste, a fost pe ordinea de zi a Consiliului General al Capitalei prin 2023.<\/strong><\/p>\n\n\n\n<p>A fost respins cu candoare \u00een cadrul dezbaterii pentru c\u0103 firmele \u015fi persoanele fizice care figureaz\u0103 \u00een zon\u0103 vor fi nevoite s\u0103 \u00ee\u015fi schimbe actele.<\/p>\n\n\n\n<p><a href=\"https:\/\/buletin.de\/bucuresti\/lupta-surda-pentru-schimbarea-numelui-bulevardului-primaverii-disidenta-monica-lovinescu-nu-isi-face-loc-in-cartierul-nomenclaturii-comuniste\/\" target=\"_blank\" rel=\"noreferrer noopener\">\u00cen plus, locuitorii de ambele sexe au transmis \u0219i o peti\u021bie. Ace\u015ftia \u201e<strong>\u00ee\u015fi exprimau DEZACORDUL VEHEMENT fa\u0163\u0103 de ini\u0163iativa nejustificat\u0103 \u015fi inutil\u0103 a consilierilor generali ai Prim\u0103riei Municipiului Bucure\u015fti<\/strong>\u201d.<\/a><\/p>\n\n\n\n<p><strong><em>Editor: C\u0103t\u0103lin Dosca\u0219<\/em><\/strong><\/p>\n\n\n\n<p><strong>CITE\u0218TE \u0218I <a href=\"https:\/\/buletin.de\/bucuresti\/metrorex-are-restante-de-peste-200-de-milioane-de-lei-la-alstom-directorul-companiei-nu-exista-trenuri-imobilizate\/\">Metrorex are restan\u021be de peste 200 de milioane de lei la Alstom. Directorul companiei: nu exist\u0103 trenuri imobilizate<\/a><\/strong><\/p>\n\n\n\n<p><\/p>\n","protected":false},"excerpt":{"rendered":"<p>Erat\u0103: \u00een varianta ini\u021bial\u0103 a articolului am scris c\u0103 nu exist\u0103 o strad\u0103 Maria T\u0103nase \u00een Tineretului, ceea ce este, desigur, fals. Femeile reprezint\u0103 51,5% din popula\u021bia Rom\u00e2niei, \u00een timp ce \u00een forurile decizionale \u0219i spa\u021biul urban bucure\u0219tean reflect\u0103 o domina\u021bie masculin\u0103 cronic\u0103. Sistemul administrativ exclude sistematic femeile din nomenclatorul stradal, din denumirile institu\u021biilor de [&hellip;]<\/p>\n","protected":false},"author":20,"featured_media":178875,"comment_status":"closed","ping_status":"open","sticky":false,"template":"","format":"standard","meta":{"_acf_changed":false,"inline_featured_image":false,"ngg_post_thumbnail":0,"footnotes":""},"categories":[6215,6994,5762,9025],"tags":[19513,26705,9,26920,5721,12471,26919,26918,26917],"ppma_author":[22608],"class_list":["post-178865","post","type-post","status-publish","format-standard","has-post-thumbnail","hentry","category-analiza","category-stiri-2","category-main","category-politic","tag-8-martie","tag-administratie-locala-2","tag-bucuresti","tag-cetateni-de-onoare-2","tag-consiliul-general","tag-drepturile-femeilor","tag-inegalitate-de-gen","tag-monica-lovinescu","tag-nomenclator-stradal"],"acf":[],"yoast_head":"<!-- This site is optimized with the Yoast SEO Premium plugin v25.3 (Yoast SEO v27.4) - https:\/\/yoast.com\/product\/yoast-seo-premium-wordpress\/ -->\n<title>ANALIZ\u0102 | 8 Martie \u00een Capital\u0103: cum nu a reu\u0219it Monica Lovinescu s\u0103 \u00eenving\u0103 \u201evatra nomenclaturii&quot; din Prim\u0103verii. Femeile din Bucure\u0219ti, unde cota de gen din consilii este mult sub media european\u0103, lipsesc din nomenclatorul stradal \u0219i al \u0219colilor - Buletin de Bucure\u0219ti<\/title>\n<meta name=\"description\" content=\"Femeile din Bucure\u0219ti, unde cota de gen din consilii este mult sub media european\u0103, lipsesc din nomenclatorul stradal \u0219i al \u0219colilor\" \/>\n<meta name=\"robots\" content=\"index, follow, max-snippet:-1, max-image-preview:large, max-video-preview:-1\" \/>\n<link rel=\"canonical\" href=\"https:\/\/buletin.de\/bucuresti\/femeile-din-bucuresti-lipsesc-din-nomenclatorul-stradal-si-al-scolilor\/\" \/>\n<meta property=\"og:locale\" content=\"en_GB\" \/>\n<meta property=\"og:type\" content=\"article\" \/>\n<meta property=\"og:title\" content=\"ANALIZ\u0102 | 8 Martie \u00een Capital\u0103: cum nu a reu\u0219it Monica Lovinescu s\u0103 \u00eenving\u0103 \u201evatra nomenclaturii&quot; din Prim\u0103verii. Femeile din Bucure\u0219ti, unde cota de gen din consilii este mult sub media european\u0103, lipsesc din nomenclatorul stradal \u0219i al \u0219colilor\" \/>\n<meta property=\"og:description\" content=\"Femeile din Bucure\u0219ti, unde cota de gen din consilii este mult sub media european\u0103, lipsesc din nomenclatorul stradal \u0219i al \u0219colilor\" \/>\n<meta property=\"og:url\" content=\"https:\/\/buletin.de\/bucuresti\/femeile-din-bucuresti-lipsesc-din-nomenclatorul-stradal-si-al-scolilor\/\" \/>\n<meta property=\"og:site_name\" content=\"Buletin de Bucure\u0219ti\" \/>\n<meta property=\"article:publisher\" content=\"https:\/\/www.facebook.com\/buletin.de.buc\" \/>\n<meta property=\"article:published_time\" content=\"2026-03-08T05:01:43+00:00\" \/>\n<meta property=\"article:modified_time\" content=\"2026-04-09T16:00:54+00:00\" \/>\n<meta property=\"og:image\" content=\"https:\/\/buletin.de\/bucuresti\/wp-content\/uploads\/2026\/03\/strazi-nume-femei-bucuresti.jpg\" \/>\n\t<meta property=\"og:image:width\" content=\"1065\" \/>\n\t<meta property=\"og:image:height\" content=\"586\" \/>\n\t<meta property=\"og:image:type\" content=\"image\/jpeg\" \/>\n<meta name=\"author\" content=\"Cosmin Pojoranu\" \/>\n<meta name=\"twitter:card\" content=\"summary_large_image\" \/>\n<meta name=\"twitter:label1\" content=\"Written by\" \/>\n\t<meta name=\"twitter:data1\" content=\"Cosmin Pojoranu\" \/>\n\t<meta name=\"twitter:label2\" content=\"Estimated reading time\" \/>\n\t<meta name=\"twitter:data2\" content=\"11 minutes\" \/>\n<script type=\"application\/ld+json\" class=\"yoast-schema-graph\">{\"@context\":\"https:\\\/\\\/schema.org\",\"@graph\":[{\"@type\":\"Article\",\"@id\":\"https:\\\/\\\/buletin.de\\\/bucuresti\\\/femeile-din-bucuresti-lipsesc-din-nomenclatorul-stradal-si-al-scolilor\\\/#article\",\"isPartOf\":{\"@id\":\"https:\\\/\\\/buletin.de\\\/bucuresti\\\/femeile-din-bucuresti-lipsesc-din-nomenclatorul-stradal-si-al-scolilor\\\/\"},\"author\":{\"name\":\"Cosmin Pojoranu\",\"@id\":\"https:\\\/\\\/buletin.de\\\/bucuresti\\\/#\\\/schema\\\/person\\\/c3764529f4c88241f87b488f20cccc13\"},\"headline\":\"ANALIZ\u0102 | 8 Martie \u00een Capital\u0103: cum nu a reu\u0219it Monica Lovinescu s\u0103 \u00eenving\u0103 \u201evatra nomenclaturii&#8221; din Prim\u0103verii. Femeile din Bucure\u0219ti, unde cota de gen din consilii este mult sub media european\u0103, lipsesc din nomenclatorul stradal \u0219i al \u0219colilor\",\"datePublished\":\"2026-03-08T05:01:43+00:00\",\"dateModified\":\"2026-04-09T16:00:54+00:00\",\"mainEntityOfPage\":{\"@id\":\"https:\\\/\\\/buletin.de\\\/bucuresti\\\/femeile-din-bucuresti-lipsesc-din-nomenclatorul-stradal-si-al-scolilor\\\/\"},\"wordCount\":2422,\"publisher\":{\"@id\":\"https:\\\/\\\/buletin.de\\\/bucuresti\\\/#organization\"},\"image\":{\"@id\":\"https:\\\/\\\/buletin.de\\\/bucuresti\\\/femeile-din-bucuresti-lipsesc-din-nomenclatorul-stradal-si-al-scolilor\\\/#primaryimage\"},\"thumbnailUrl\":\"https:\\\/\\\/buletin.de\\\/bucuresti\\\/wp-content\\\/uploads\\\/2026\\\/03\\\/strazi-nume-femei-bucuresti.jpg\",\"keywords\":[\"8 martie\",\"administratie locala\",\"bucuresti\",\"cetateni de onoare\",\"consiliul general\",\"drepturile femeilor\",\"inegalitate de gen\",\"Monica Lovinescu\",\"nomenclator stradal\"],\"articleSection\":[\"Analiz\u0103\",\"Articole\",\"Main\",\"Politic\"],\"inLanguage\":\"en-GB\",\"copyrightYear\":\"2026\",\"copyrightHolder\":{\"@id\":\"https:\\\/\\\/buletin.de\\\/bucuresti\\\/#organization\"}},{\"@type\":\"WebPage\",\"@id\":\"https:\\\/\\\/buletin.de\\\/bucuresti\\\/femeile-din-bucuresti-lipsesc-din-nomenclatorul-stradal-si-al-scolilor\\\/\",\"url\":\"https:\\\/\\\/buletin.de\\\/bucuresti\\\/femeile-din-bucuresti-lipsesc-din-nomenclatorul-stradal-si-al-scolilor\\\/\",\"name\":\"ANALIZ\u0102 | 8 Martie \u00een Capital\u0103: cum nu a reu\u0219it Monica Lovinescu s\u0103 \u00eenving\u0103 \u201evatra nomenclaturii\\\" din Prim\u0103verii. Femeile din Bucure\u0219ti, unde cota de gen din consilii este mult sub media european\u0103, lipsesc din nomenclatorul stradal \u0219i al \u0219colilor - Buletin de Bucure\u0219ti\",\"isPartOf\":{\"@id\":\"https:\\\/\\\/buletin.de\\\/bucuresti\\\/#website\"},\"primaryImageOfPage\":{\"@id\":\"https:\\\/\\\/buletin.de\\\/bucuresti\\\/femeile-din-bucuresti-lipsesc-din-nomenclatorul-stradal-si-al-scolilor\\\/#primaryimage\"},\"image\":{\"@id\":\"https:\\\/\\\/buletin.de\\\/bucuresti\\\/femeile-din-bucuresti-lipsesc-din-nomenclatorul-stradal-si-al-scolilor\\\/#primaryimage\"},\"thumbnailUrl\":\"https:\\\/\\\/buletin.de\\\/bucuresti\\\/wp-content\\\/uploads\\\/2026\\\/03\\\/strazi-nume-femei-bucuresti.jpg\",\"datePublished\":\"2026-03-08T05:01:43+00:00\",\"dateModified\":\"2026-04-09T16:00:54+00:00\",\"description\":\"Femeile din Bucure\u0219ti, unde cota de gen din consilii este mult sub media european\u0103, lipsesc din nomenclatorul stradal \u0219i al \u0219colilor\",\"breadcrumb\":{\"@id\":\"https:\\\/\\\/buletin.de\\\/bucuresti\\\/femeile-din-bucuresti-lipsesc-din-nomenclatorul-stradal-si-al-scolilor\\\/#breadcrumb\"},\"inLanguage\":\"en-GB\",\"potentialAction\":[{\"@type\":\"ReadAction\",\"target\":[\"https:\\\/\\\/buletin.de\\\/bucuresti\\\/femeile-din-bucuresti-lipsesc-din-nomenclatorul-stradal-si-al-scolilor\\\/\"]}]},{\"@type\":\"ImageObject\",\"inLanguage\":\"en-GB\",\"@id\":\"https:\\\/\\\/buletin.de\\\/bucuresti\\\/femeile-din-bucuresti-lipsesc-din-nomenclatorul-stradal-si-al-scolilor\\\/#primaryimage\",\"url\":\"https:\\\/\\\/buletin.de\\\/bucuresti\\\/wp-content\\\/uploads\\\/2026\\\/03\\\/strazi-nume-femei-bucuresti.jpg\",\"contentUrl\":\"https:\\\/\\\/buletin.de\\\/bucuresti\\\/wp-content\\\/uploads\\\/2026\\\/03\\\/strazi-nume-femei-bucuresti.jpg\",\"width\":1065,\"height\":586,\"caption\":\"Femeile din Bucure\u0219ti, unda cota de gen din consilii este mult sub media european\u0103, lipsesc din nomenclatorul stradal \u0219i cel al \u0219colilor\"},{\"@type\":\"BreadcrumbList\",\"@id\":\"https:\\\/\\\/buletin.de\\\/bucuresti\\\/femeile-din-bucuresti-lipsesc-din-nomenclatorul-stradal-si-al-scolilor\\\/#breadcrumb\",\"itemListElement\":[{\"@type\":\"ListItem\",\"position\":1,\"name\":\"Acas\u0103\",\"item\":\"https:\\\/\\\/buletin.de\\\/bucuresti\\\/\"},{\"@type\":\"ListItem\",\"position\":2,\"name\":\"ANALIZ\u0102 | 8 Martie \u00een Capital\u0103: cum nu a reu\u0219it Monica Lovinescu s\u0103 \u00eenving\u0103 \u201evatra nomenclaturii&#8221; din Prim\u0103verii. Femeile din Bucure\u0219ti, unde cota de gen din consilii este mult sub media european\u0103, lipsesc din nomenclatorul stradal \u0219i al \u0219colilor\"}]},{\"@type\":\"WebSite\",\"@id\":\"https:\\\/\\\/buletin.de\\\/bucuresti\\\/#website\",\"url\":\"https:\\\/\\\/buletin.de\\\/bucuresti\\\/\",\"name\":\"Buletin de Bucure\u0219ti\",\"description\":\"\u0218tiri \u0219i investiga\u021bii esen\u021biale din capital\u0103\",\"publisher\":{\"@id\":\"https:\\\/\\\/buletin.de\\\/bucuresti\\\/#organization\"},\"potentialAction\":[{\"@type\":\"SearchAction\",\"target\":{\"@type\":\"EntryPoint\",\"urlTemplate\":\"https:\\\/\\\/buletin.de\\\/bucuresti\\\/?s={search_term_string}\"},\"query-input\":{\"@type\":\"PropertyValueSpecification\",\"valueRequired\":true,\"valueName\":\"search_term_string\"}}],\"inLanguage\":\"en-GB\"},{\"@type\":\"Organization\",\"@id\":\"https:\\\/\\\/buletin.de\\\/bucuresti\\\/#organization\",\"name\":\"Buletin de Bucure\u0219ti\",\"url\":\"https:\\\/\\\/buletin.de\\\/bucuresti\\\/\",\"logo\":{\"@type\":\"ImageObject\",\"inLanguage\":\"en-GB\",\"@id\":\"https:\\\/\\\/buletin.de\\\/bucuresti\\\/#\\\/schema\\\/logo\\\/image\\\/\",\"url\":\"https:\\\/\\\/buletin.de\\\/bucuresti\\\/wp-content\\\/uploads\\\/logo-bdb-full-wide-vernil-transparent.png\",\"contentUrl\":\"https:\\\/\\\/buletin.de\\\/bucuresti\\\/wp-content\\\/uploads\\\/logo-bdb-full-wide-vernil-transparent.png\",\"width\":1782,\"height\":626,\"caption\":\"Buletin de Bucure\u0219ti\"},\"image\":{\"@id\":\"https:\\\/\\\/buletin.de\\\/bucuresti\\\/#\\\/schema\\\/logo\\\/image\\\/\"},\"sameAs\":[\"https:\\\/\\\/www.facebook.com\\\/buletin.de.buc\",\"https:\\\/\\\/www.instagram.com\\\/buletinde.bucuresti\\\/\"]},{\"@type\":\"Person\",\"@id\":\"https:\\\/\\\/buletin.de\\\/bucuresti\\\/#\\\/schema\\\/person\\\/c3764529f4c88241f87b488f20cccc13\",\"name\":\"Cosmin Pojoranu\",\"image\":{\"@type\":\"ImageObject\",\"inLanguage\":\"en-GB\",\"@id\":\"https:\\\/\\\/buletin.de\\\/bucuresti\\\/wp-content\\\/uploads\\\/Cosmin-Pojoranu-1-96x96.jpg9d268accb1c5032c83ab190d62c8c050\",\"url\":\"https:\\\/\\\/buletin.de\\\/bucuresti\\\/wp-content\\\/uploads\\\/Cosmin-Pojoranu-1-96x96.jpg\",\"contentUrl\":\"https:\\\/\\\/buletin.de\\\/bucuresti\\\/wp-content\\\/uploads\\\/Cosmin-Pojoranu-1-96x96.jpg\",\"caption\":\"Cosmin Pojoranu\"},\"description\":\"N\u0103scut \u0219i crescut \u00een Bucure\u0219ti - sud Berceni.\",\"sameAs\":[\"https:\\\/\\\/www.instagram.com\\\/yozness\\\/?hl=en\"],\"url\":\"https:\\\/\\\/buletin.de\\\/bucuresti\\\/author\\\/cosmin-pojoranu\\\/\"}]}<\/script>\n<!-- \/ Yoast SEO Premium plugin. -->","yoast_head_json":{"title":"ANALIZ\u0102 | 8 Martie \u00een Capital\u0103: cum nu a reu\u0219it Monica Lovinescu s\u0103 \u00eenving\u0103 \u201evatra nomenclaturii\" din Prim\u0103verii. Femeile din Bucure\u0219ti, unde cota de gen din consilii este mult sub media european\u0103, lipsesc din nomenclatorul stradal \u0219i al \u0219colilor - Buletin de Bucure\u0219ti","description":"Femeile din Bucure\u0219ti, unde cota de gen din consilii este mult sub media european\u0103, lipsesc din nomenclatorul stradal \u0219i al \u0219colilor","robots":{"index":"index","follow":"follow","max-snippet":"max-snippet:-1","max-image-preview":"max-image-preview:large","max-video-preview":"max-video-preview:-1"},"canonical":"https:\/\/buletin.de\/bucuresti\/femeile-din-bucuresti-lipsesc-din-nomenclatorul-stradal-si-al-scolilor\/","og_locale":"en_GB","og_type":"article","og_title":"ANALIZ\u0102 | 8 Martie \u00een Capital\u0103: cum nu a reu\u0219it Monica Lovinescu s\u0103 \u00eenving\u0103 \u201evatra nomenclaturii\" din Prim\u0103verii. Femeile din Bucure\u0219ti, unde cota de gen din consilii este mult sub media european\u0103, lipsesc din nomenclatorul stradal \u0219i al \u0219colilor","og_description":"Femeile din Bucure\u0219ti, unde cota de gen din consilii este mult sub media european\u0103, lipsesc din nomenclatorul stradal \u0219i al \u0219colilor","og_url":"https:\/\/buletin.de\/bucuresti\/femeile-din-bucuresti-lipsesc-din-nomenclatorul-stradal-si-al-scolilor\/","og_site_name":"Buletin de Bucure\u0219ti","article_publisher":"https:\/\/www.facebook.com\/buletin.de.buc","article_published_time":"2026-03-08T05:01:43+00:00","article_modified_time":"2026-04-09T16:00:54+00:00","og_image":[{"width":1065,"height":586,"url":"https:\/\/buletin.de\/bucuresti\/wp-content\/uploads\/2026\/03\/strazi-nume-femei-bucuresti.jpg","type":"image\/jpeg"}],"author":"Cosmin Pojoranu","twitter_card":"summary_large_image","twitter_misc":{"Written by":"Cosmin Pojoranu","Estimated reading time":"11 minutes"},"schema":{"@context":"https:\/\/schema.org","@graph":[{"@type":"Article","@id":"https:\/\/buletin.de\/bucuresti\/femeile-din-bucuresti-lipsesc-din-nomenclatorul-stradal-si-al-scolilor\/#article","isPartOf":{"@id":"https:\/\/buletin.de\/bucuresti\/femeile-din-bucuresti-lipsesc-din-nomenclatorul-stradal-si-al-scolilor\/"},"author":{"name":"Cosmin Pojoranu","@id":"https:\/\/buletin.de\/bucuresti\/#\/schema\/person\/c3764529f4c88241f87b488f20cccc13"},"headline":"ANALIZ\u0102 | 8 Martie \u00een Capital\u0103: cum nu a reu\u0219it Monica Lovinescu s\u0103 \u00eenving\u0103 \u201evatra nomenclaturii&#8221; din Prim\u0103verii. Femeile din Bucure\u0219ti, unde cota de gen din consilii este mult sub media european\u0103, lipsesc din nomenclatorul stradal \u0219i al \u0219colilor","datePublished":"2026-03-08T05:01:43+00:00","dateModified":"2026-04-09T16:00:54+00:00","mainEntityOfPage":{"@id":"https:\/\/buletin.de\/bucuresti\/femeile-din-bucuresti-lipsesc-din-nomenclatorul-stradal-si-al-scolilor\/"},"wordCount":2422,"publisher":{"@id":"https:\/\/buletin.de\/bucuresti\/#organization"},"image":{"@id":"https:\/\/buletin.de\/bucuresti\/femeile-din-bucuresti-lipsesc-din-nomenclatorul-stradal-si-al-scolilor\/#primaryimage"},"thumbnailUrl":"https:\/\/buletin.de\/bucuresti\/wp-content\/uploads\/2026\/03\/strazi-nume-femei-bucuresti.jpg","keywords":["8 martie","administratie locala","bucuresti","cetateni de onoare","consiliul general","drepturile femeilor","inegalitate de gen","Monica Lovinescu","nomenclator stradal"],"articleSection":["Analiz\u0103","Articole","Main","Politic"],"inLanguage":"en-GB","copyrightYear":"2026","copyrightHolder":{"@id":"https:\/\/buletin.de\/bucuresti\/#organization"}},{"@type":"WebPage","@id":"https:\/\/buletin.de\/bucuresti\/femeile-din-bucuresti-lipsesc-din-nomenclatorul-stradal-si-al-scolilor\/","url":"https:\/\/buletin.de\/bucuresti\/femeile-din-bucuresti-lipsesc-din-nomenclatorul-stradal-si-al-scolilor\/","name":"ANALIZ\u0102 | 8 Martie \u00een Capital\u0103: cum nu a reu\u0219it Monica Lovinescu s\u0103 \u00eenving\u0103 \u201evatra nomenclaturii\" din Prim\u0103verii. Femeile din Bucure\u0219ti, unde cota de gen din consilii este mult sub media european\u0103, lipsesc din nomenclatorul stradal \u0219i al \u0219colilor - Buletin de Bucure\u0219ti","isPartOf":{"@id":"https:\/\/buletin.de\/bucuresti\/#website"},"primaryImageOfPage":{"@id":"https:\/\/buletin.de\/bucuresti\/femeile-din-bucuresti-lipsesc-din-nomenclatorul-stradal-si-al-scolilor\/#primaryimage"},"image":{"@id":"https:\/\/buletin.de\/bucuresti\/femeile-din-bucuresti-lipsesc-din-nomenclatorul-stradal-si-al-scolilor\/#primaryimage"},"thumbnailUrl":"https:\/\/buletin.de\/bucuresti\/wp-content\/uploads\/2026\/03\/strazi-nume-femei-bucuresti.jpg","datePublished":"2026-03-08T05:01:43+00:00","dateModified":"2026-04-09T16:00:54+00:00","description":"Femeile din Bucure\u0219ti, unde cota de gen din consilii este mult sub media european\u0103, lipsesc din nomenclatorul stradal \u0219i al \u0219colilor","breadcrumb":{"@id":"https:\/\/buletin.de\/bucuresti\/femeile-din-bucuresti-lipsesc-din-nomenclatorul-stradal-si-al-scolilor\/#breadcrumb"},"inLanguage":"en-GB","potentialAction":[{"@type":"ReadAction","target":["https:\/\/buletin.de\/bucuresti\/femeile-din-bucuresti-lipsesc-din-nomenclatorul-stradal-si-al-scolilor\/"]}]},{"@type":"ImageObject","inLanguage":"en-GB","@id":"https:\/\/buletin.de\/bucuresti\/femeile-din-bucuresti-lipsesc-din-nomenclatorul-stradal-si-al-scolilor\/#primaryimage","url":"https:\/\/buletin.de\/bucuresti\/wp-content\/uploads\/2026\/03\/strazi-nume-femei-bucuresti.jpg","contentUrl":"https:\/\/buletin.de\/bucuresti\/wp-content\/uploads\/2026\/03\/strazi-nume-femei-bucuresti.jpg","width":1065,"height":586,"caption":"Femeile din Bucure\u0219ti, unda cota de gen din consilii este mult sub media european\u0103, lipsesc din nomenclatorul stradal \u0219i cel al \u0219colilor"},{"@type":"BreadcrumbList","@id":"https:\/\/buletin.de\/bucuresti\/femeile-din-bucuresti-lipsesc-din-nomenclatorul-stradal-si-al-scolilor\/#breadcrumb","itemListElement":[{"@type":"ListItem","position":1,"name":"Acas\u0103","item":"https:\/\/buletin.de\/bucuresti\/"},{"@type":"ListItem","position":2,"name":"ANALIZ\u0102 | 8 Martie \u00een Capital\u0103: cum nu a reu\u0219it Monica Lovinescu s\u0103 \u00eenving\u0103 \u201evatra nomenclaturii&#8221; din Prim\u0103verii. Femeile din Bucure\u0219ti, unde cota de gen din consilii este mult sub media european\u0103, lipsesc din nomenclatorul stradal \u0219i al \u0219colilor"}]},{"@type":"WebSite","@id":"https:\/\/buletin.de\/bucuresti\/#website","url":"https:\/\/buletin.de\/bucuresti\/","name":"Buletin de Bucure\u0219ti","description":"\u0218tiri \u0219i investiga\u021bii esen\u021biale din capital\u0103","publisher":{"@id":"https:\/\/buletin.de\/bucuresti\/#organization"},"potentialAction":[{"@type":"SearchAction","target":{"@type":"EntryPoint","urlTemplate":"https:\/\/buletin.de\/bucuresti\/?s={search_term_string}"},"query-input":{"@type":"PropertyValueSpecification","valueRequired":true,"valueName":"search_term_string"}}],"inLanguage":"en-GB"},{"@type":"Organization","@id":"https:\/\/buletin.de\/bucuresti\/#organization","name":"Buletin de Bucure\u0219ti","url":"https:\/\/buletin.de\/bucuresti\/","logo":{"@type":"ImageObject","inLanguage":"en-GB","@id":"https:\/\/buletin.de\/bucuresti\/#\/schema\/logo\/image\/","url":"https:\/\/buletin.de\/bucuresti\/wp-content\/uploads\/logo-bdb-full-wide-vernil-transparent.png","contentUrl":"https:\/\/buletin.de\/bucuresti\/wp-content\/uploads\/logo-bdb-full-wide-vernil-transparent.png","width":1782,"height":626,"caption":"Buletin de Bucure\u0219ti"},"image":{"@id":"https:\/\/buletin.de\/bucuresti\/#\/schema\/logo\/image\/"},"sameAs":["https:\/\/www.facebook.com\/buletin.de.buc","https:\/\/www.instagram.com\/buletinde.bucuresti\/"]},{"@type":"Person","@id":"https:\/\/buletin.de\/bucuresti\/#\/schema\/person\/c3764529f4c88241f87b488f20cccc13","name":"Cosmin Pojoranu","image":{"@type":"ImageObject","inLanguage":"en-GB","@id":"https:\/\/buletin.de\/bucuresti\/wp-content\/uploads\/Cosmin-Pojoranu-1-96x96.jpg9d268accb1c5032c83ab190d62c8c050","url":"https:\/\/buletin.de\/bucuresti\/wp-content\/uploads\/Cosmin-Pojoranu-1-96x96.jpg","contentUrl":"https:\/\/buletin.de\/bucuresti\/wp-content\/uploads\/Cosmin-Pojoranu-1-96x96.jpg","caption":"Cosmin Pojoranu"},"description":"N\u0103scut \u0219i crescut \u00een Bucure\u0219ti - sud Berceni.","sameAs":["https:\/\/www.instagram.com\/yozness\/?hl=en"],"url":"https:\/\/buletin.de\/bucuresti\/author\/cosmin-pojoranu\/"}]}},"authors":[{"term_id":22608,"user_id":20,"is_guest":0,"slug":"cosmin-pojoranu","display_name":"Cosmin Pojoranu","avatar_url":"https:\/\/buletin.de\/bucuresti\/wp-content\/uploads\/Cosmin-Pojoranu-1-96x96.jpg","0":null,"1":"","2":"","3":"","4":"","5":"","6":"","7":"","8":""}],"_links":{"self":[{"href":"https:\/\/buletin.de\/bucuresti\/wp-json\/wp\/v2\/posts\/178865","targetHints":{"allow":["GET"]}}],"collection":[{"href":"https:\/\/buletin.de\/bucuresti\/wp-json\/wp\/v2\/posts"}],"about":[{"href":"https:\/\/buletin.de\/bucuresti\/wp-json\/wp\/v2\/types\/post"}],"author":[{"embeddable":true,"href":"https:\/\/buletin.de\/bucuresti\/wp-json\/wp\/v2\/users\/20"}],"replies":[{"embeddable":true,"href":"https:\/\/buletin.de\/bucuresti\/wp-json\/wp\/v2\/comments?post=178865"}],"version-history":[{"count":28,"href":"https:\/\/buletin.de\/bucuresti\/wp-json\/wp\/v2\/posts\/178865\/revisions"}],"predecessor-version":[{"id":186183,"href":"https:\/\/buletin.de\/bucuresti\/wp-json\/wp\/v2\/posts\/178865\/revisions\/186183"}],"wp:featuredmedia":[{"embeddable":true,"href":"https:\/\/buletin.de\/bucuresti\/wp-json\/wp\/v2\/media\/178875"}],"wp:attachment":[{"href":"https:\/\/buletin.de\/bucuresti\/wp-json\/wp\/v2\/media?parent=178865"}],"wp:term":[{"taxonomy":"category","embeddable":true,"href":"https:\/\/buletin.de\/bucuresti\/wp-json\/wp\/v2\/categories?post=178865"},{"taxonomy":"post_tag","embeddable":true,"href":"https:\/\/buletin.de\/bucuresti\/wp-json\/wp\/v2\/tags?post=178865"},{"taxonomy":"author","embeddable":true,"href":"https:\/\/buletin.de\/bucuresti\/wp-json\/wp\/v2\/ppma_author?post=178865"}],"curies":[{"name":"wp","href":"https:\/\/api.w.org\/{rel}","templated":true}]}}