{"id":178727,"date":"2026-03-13T06:49:35","date_gmt":"2026-03-13T03:49:35","guid":{"rendered":"https:\/\/buletin.de\/bucuresti\/?p=178727"},"modified":"2026-03-13T07:04:58","modified_gmt":"2026-03-13T04:04:58","slug":"planse-cum-va-arata-negoita-mall-de-la-hala-laminor-gradina-botanica-hotel-si-magazine-peste-150-de-milioane-de-euro-investiti-din-banii-cetatenilor-sectorului-3","status":"publish","type":"post","link":"https:\/\/buletin.de\/bucuresti\/planse-cum-va-arata-negoita-mall-de-la-hala-laminor-gradina-botanica-hotel-si-magazine-peste-150-de-milioane-de-euro-investiti-din-banii-cetatenilor-sectorului-3\/","title":{"rendered":"PLAN\u0218E | Cum va ar\u0103ta \u201eNegoi\u021b\u0103 Mall\u201d de la Hala Laminor: gr\u0103din\u0103 botanic\u0103, hotel \u0219i magazine. Peste 150 de milioane de euro pentru afaceri private, din banii cet\u0103\u021benilor Sectorului 3"},"content":{"rendered":"\n<p><strong>Hala Laminor, sau \u201eNegoi\u021b\u0103 Mall\u201d, una dintre cele mai mari investi\u021bii din bani publici ale Prim\u0103riei Sectorului 3, va g\u0103zdui at\u00e2t afaceri private, c\u00e2t \u0219i <strong>servicii publice, <\/strong>inclusiv o zon\u0103 de mall cu magazine \u0219i restaurante. <\/strong><\/p>\n\n\n\n<p><strong>De-a lungul anilor, Prim\u0103ria Sectorului 3 a cheltuit cel pu\u021bin 172 de milioane de euro pentru reabilitarea \u0219i reamenajarea halei, iar proiectul \u00eenc\u0103 nu a fost finalizat. <\/strong><\/p>\n\n\n\n<p><strong>Prin compara\u021bie, spitalul construit de asocia\u021bia D\u0103ruie\u0219te Via\u021b\u0103 (primul spital de copii pentru oncologie \u0219i chirurgie din Rom\u00e2nia, situat la Marie Curie) a costat aproximativ 53 de milioane de euro. Banii au fost folosi\u021bi at\u00e2t pentru construc\u021bia propriu-zis\u0103 c\u00e2t \u0219i pentru dot\u0103rile medicale de top.<\/strong><\/p>\n\n\n\n<p><strong>La zona de retail a viitorului \u201eMall Negoi\u021b\u0103\u201d se adaug\u0103 o \u0219coal\u0103 \u0219i o clinic\u0103, ambele private, precum \u0219i o gr\u0103din\u0103 botanic\u0103 \u0219i un hotel, potrivit plan\u0219elor de lucru ale Algorithm Construc\u021bii consultate de Buletin de Bucure\u0219ti, compania din subordinea Consiliului Local al Sectorului 3, controlat\u0103 de primar, care de\u021bine amplasamentul.<\/strong><\/p>\n\n\n\n<p>Peste jum\u0103tate din suprafa\u021b\u0103 a fost \u00eenchiriat\u0103 unei firme private, Keb Development SRL, care se va ocupa de administrarea mallului pentru urm\u0103torii 35 de ani \u0219i va sub\u00eenchiria spa\u021biile.<\/p>\n\n\n\n<p>Printre chiria\u0219ii viitorului mall se num\u0103r\u0103 Carrefour, World Class \u0219i Regina Maria, cu care s-a ajuns deja la un acord, conform reprezentan\u021bilor Algorithm Construc\u021bii S3. Negocierile continu\u0103 \u0219i cu alte branduri cunoscute, precum Stradivarius, Bershka, Flanco sau C\u0103rture\u0219ti, potrivit documentelor ob\u021binute de Buletin de Bucure\u0219ti.<\/p>\n\n\n\n<p>\u00cen paralel, cet\u0103\u021benii Sectorului 3 continu\u0103 s\u0103 finan\u021beze Hala Laminor. \u00cen \u0219edin\u021ba de miercuri, 11 martie, Consiliul Local a decis s\u0103 aloce \u00eenc\u0103 30 de milioane de euro din banii contribuabililor pentru continuarea lucr\u0103rilor.<\/p>\n\n\n\n<p>De-a lungul anilor, Prim\u0103ria Sectorului 3 a cheltuit cel pu\u021bin 172 de milioane de euro pentru reabilitarea \u0219i reamenajarea halei, iar proiectul \u00eenc\u0103 nu a fost finalizat. Prin compara\u021bie, spitalul construit de asocia\u021bia D\u0103ruie\u0219te Via\u021b\u0103 (primul spital de copii pentru oncologie \u0219i chirurgie din Rom\u00e2nia, situat la Marie Curie) a costat aproximativ 53 de milioane de euro. Banii au fost folosi\u021bi at\u00e2t pentru construc\u021bia propriu-zis\u0103 c\u00e2t \u0219i pentru dot\u0103rile medicale de top.<\/p>\n\n\n\n<h2 class=\"wp-block-heading\" id=\"h-cum-va-arata-negoi\u021ba-mall-de-la-hala-laminor\">Cum va ar\u0103ta \u201eNegoi\u021b\u0103 Mall\u201d de la Hala Laminor<\/h2>\n\n\n\n<p>Dup\u0103 finalizarea lucr\u0103rilor, Hala Laminor va g\u0103zdui Prim\u0103ria Sectorului 3, Casa C\u0103s\u0103toriilor, o gr\u0103din\u0103 botanic\u0103, precum \u0219i spa\u021bii pentru birouri (denumite Incubatorul de Afaceri). Acestea vor r\u0103m\u00e2ne \u00een administrarea Algorithm Construc\u021bii S3 SRL.<\/p>\n\n\n\n<p>\u00cen restul spa\u021biului, administrat de Keb Development SRL pentru urm\u0103torii 35 de ani, ar urma s\u0103 se amenajeze un hotel, magazine, restaurante, un spa\u021biu de amuzament pentru copii, un centru cultural, o \u0219coal\u0103 \u0219i o clinic\u0103 &#8211; ambele private, se arat\u0103 \u00een plan\u0219ele consultate de Buletin de Bucure\u0219ti.<\/p>\n\n\n\n<figure class=\"wp-block-image size-full\"><a href=\"https:\/\/buletin.de\/bucuresti\/wp-content\/uploads\/2026\/03\/WhatsApp-Image-2026-03-11-at-7.04.48-PM.jpeg\"><img fetchpriority=\"high\" decoding=\"async\" width=\"1200\" height=\"528\" src=\"data:image\/gif;base64,R0lGODlhAQABAAAAACH5BAEKAAEALAAAAAABAAEAAAICTAEAOw==\" data-src=\"https:\/\/buletin.de\/bucuresti\/wp-content\/uploads\/2026\/03\/WhatsApp-Image-2026-03-11-at-7.04.48-PM.jpeg\" alt=\"\" class=\"wp-image-179834 lazyload\" data-sizes=\"auto\" data-srcset=\"https:\/\/buletin.de\/bucuresti\/wp-content\/uploads\/2026\/03\/WhatsApp-Image-2026-03-11-at-7.04.48-PM.jpeg 1200w, https:\/\/buletin.de\/bucuresti\/wp-content\/uploads\/2026\/03\/WhatsApp-Image-2026-03-11-at-7.04.48-PM-300x132.jpeg 300w, https:\/\/buletin.de\/bucuresti\/wp-content\/uploads\/2026\/03\/WhatsApp-Image-2026-03-11-at-7.04.48-PM-1000x440.jpeg 1000w, https:\/\/buletin.de\/bucuresti\/wp-content\/uploads\/2026\/03\/WhatsApp-Image-2026-03-11-at-7.04.48-PM-768x338.jpeg 768w, https:\/\/buletin.de\/bucuresti\/wp-content\/uploads\/2026\/03\/WhatsApp-Image-2026-03-11-at-7.04.48-PM-1100x484.jpeg 1100w, https:\/\/buletin.de\/bucuresti\/wp-content\/uploads\/2026\/03\/WhatsApp-Image-2026-03-11-at-7.04.48-PM-600x264.jpeg 600w, https:\/\/buletin.de\/bucuresti\/wp-content\/uploads\/2026\/03\/WhatsApp-Image-2026-03-11-at-7.04.48-PM-20x9.jpeg 20w\" sizes=\"(max-width: 1200px) 100vw, 1200px\" \/><\/a><figcaption class=\"wp-element-caption\">Cum va ar\u0103ta \u201eNegoi\u021b\u0103 Mall\u201d de la Hala Laminor. Sus, parter<\/figcaption><\/figure>\n\n\n\n<figure class=\"wp-block-image size-full\"><a href=\"https:\/\/buletin.de\/bucuresti\/wp-content\/uploads\/2026\/03\/WhatsApp-Image-2026-03-11-at-6.57.25-PM-1.jpeg\"><img decoding=\"async\" width=\"1200\" height=\"528\" src=\"data:image\/gif;base64,R0lGODlhAQABAAAAACH5BAEKAAEALAAAAAABAAEAAAICTAEAOw==\" data-src=\"https:\/\/buletin.de\/bucuresti\/wp-content\/uploads\/2026\/03\/WhatsApp-Image-2026-03-11-at-6.57.25-PM-1.jpeg\" alt=\"\" class=\"wp-image-179829 lazyload\" data-sizes=\"auto\" data-srcset=\"https:\/\/buletin.de\/bucuresti\/wp-content\/uploads\/2026\/03\/WhatsApp-Image-2026-03-11-at-6.57.25-PM-1.jpeg 1200w, https:\/\/buletin.de\/bucuresti\/wp-content\/uploads\/2026\/03\/WhatsApp-Image-2026-03-11-at-6.57.25-PM-1-300x132.jpeg 300w, https:\/\/buletin.de\/bucuresti\/wp-content\/uploads\/2026\/03\/WhatsApp-Image-2026-03-11-at-6.57.25-PM-1-1000x440.jpeg 1000w, https:\/\/buletin.de\/bucuresti\/wp-content\/uploads\/2026\/03\/WhatsApp-Image-2026-03-11-at-6.57.25-PM-1-768x338.jpeg 768w, https:\/\/buletin.de\/bucuresti\/wp-content\/uploads\/2026\/03\/WhatsApp-Image-2026-03-11-at-6.57.25-PM-1-1100x484.jpeg 1100w, https:\/\/buletin.de\/bucuresti\/wp-content\/uploads\/2026\/03\/WhatsApp-Image-2026-03-11-at-6.57.25-PM-1-600x264.jpeg 600w, https:\/\/buletin.de\/bucuresti\/wp-content\/uploads\/2026\/03\/WhatsApp-Image-2026-03-11-at-6.57.25-PM-1-20x9.jpeg 20w\" sizes=\"(max-width: 1200px) 100vw, 1200px\" \/><\/a><figcaption class=\"wp-element-caption\">Etajul 1<\/figcaption><\/figure>\n\n\n\n<p><strong>Conform planurilor de mai sus, se estimeaz\u0103 c\u0103 zona de mall a Halei Laminor va putea acomoda peste 6.000 de persoane, vizitatori \u0219i angaja\u021bi deopotriv\u0103.<\/strong><\/p>\n\n\n\n<h2 class=\"wp-block-heading\" id=\"h-ce-magazine-va-gazdui-hala-laminor\">Ce magazine va g\u0103zdui Hala Laminor<\/h2>\n\n\n\n<p><strong>\u00cen martie 2026, cinci chiria\u0219i confirmaser\u0103 c\u0103 \u00ee\u0219i vor desf\u0103\u0219ura activitatea \u00een Hala Laminor. Este vorba despre: Carrefour, Regina Maria, Hype Family Entertainment Center, World Class Wellness Center \u0219i o \u0219coal\u0103 privat\u0103.<\/strong><\/p>\n\n\n\n<p>Discu\u021biile continu\u0103 \u0219i cu urm\u0103torii comercian\u021bi:<\/p>\n\n\n\n<ul class=\"wp-block-list\">\n<li>Inditex (Stradivarius, Bershka, Pull&amp;Bear)<\/li>\n\n\n\n<li>LPP (Reserved,Mohito,Sinsay,House, Cropp)<\/li>\n\n\n\n<li>Half Price\/CCC\/E-Pantofi\/WB<\/li>\n\n\n\n<li>LCW<\/li>\n\n\n\n<li>New Yorker<\/li>\n\n\n\n<li>Peek &amp; Cloppenburg<\/li>\n\n\n\n<li>Intersport<\/li>\n\n\n\n<li>JD\/Sportvision<\/li>\n\n\n\n<li>Deichmann<\/li>\n\n\n\n<li>Carturesti<\/li>\n\n\n\n<li>DM\/BIPA<\/li>\n\n\n\n<li>Flanco<\/li>\n\n\n\n<li>Symk<\/li>\n\n\n\n<li>Noriel<\/li>\n<\/ul>\n\n\n\n<h2 class=\"wp-block-heading\" id=\"h-peste-150-de-milioane-de-euro-din-bugetul-sectorului-3\">Peste 150 de milioane de euro din bugetul Sectorului 3<\/h2>\n\n\n\n<p><strong>\u00cen luna mai a anului 2023, <a href=\"https:\/\/www.libertatea.ro\/stiri\/hala-cu-palmieri-a-lui-negoita-costa-in-jur-de-140-milioane-de-euro-mai-mult-decat-toate-cele-trei-spitale-noi-construite-dupa-colectiv-4713639\">jurnali\u0219tii Libertatea<\/a> au dezv\u0103luit cum costurile pentru transformarea Halei Laminor \u00een mall se ridicau la 133 de milioane de euro. Mai mult dec\u00e2t toate cele trei spitale noi construite dup\u0103 Colectiv.<\/strong><\/p>\n\n\n\n<p>De atunci, cheltuielile au continuat s\u0103 creasc\u0103, iar consilierii locali au continuat s\u0103 aprobe noi aloc\u0103ri financiare.<\/p>\n\n\n\n<p>Cel mai recent, Consiliul Local al Sectorului 3 a decis ca Algorithm Construc\u021bii s\u0103 mai primeasc\u0103 \u00eenc\u0103 30 de milioane de euro pentru continuarea lucr\u0103rilor.<\/p>\n\n\n\n<p>Decizia vine la scurt timp dup\u0103 ce, spre finalul anului trecut, compania mai ob\u021binuse nou\u0103 milioane de euro din bugetul Sectorului 3. <\/p>\n\n\n\n<p><em>Editor: C\u0103t\u0103lin Dosca\u0219<\/em><\/p>\n\n\n\n<p><strong>CITE\u0218TE \u0218I:<\/strong> <strong><a href=\"https:\/\/buletin.de\/bucuresti\/inovatie-politica-in-sectorul-3-consiliul-local-a-votat-ca-opozitia-sa-taca-dupa-ce-s-a-opus-finantarii-halei-laminor-cu-inca-30-de-milioane-de-euro\/\">\u201eInova\u021bie politic\u0103\u201d \u00een Sectorul 3. Consiliul Local a votat ca Opozi\u021bia s\u0103 tac\u0103, dup\u0103 ce s-a opus finan\u021b\u0103rii Halei Laminor cu \u00eenc\u0103 30 de milioane de euro<\/a><\/strong><br><\/p>\n","protected":false},"excerpt":{"rendered":"<p>Hala Laminor, sau \u201eNegoi\u021b\u0103 Mall\u201d, una dintre cele mai mari investi\u021bii din bani publici ale Prim\u0103riei Sectorului 3, va g\u0103zdui at\u00e2t afaceri private, c\u00e2t \u0219i servicii publice, inclusiv o zon\u0103 de mall cu magazine \u0219i restaurante. De-a lungul anilor, Prim\u0103ria Sectorului 3 a cheltuit cel pu\u021bin 172 de milioane de euro pentru reabilitarea \u0219i reamenajarea [&hellip;]<\/p>\n","protected":false},"author":55,"featured_media":180224,"comment_status":"closed","ping_status":"open","sticky":false,"template":"","format":"standard","meta":{"_acf_changed":false,"inline_featured_image":false,"ngg_post_thumbnail":0,"footnotes":""},"categories":[6994,3419,9025,24],"tags":[23034,282,3396,5187,2438,440],"ppma_author":[22573],"class_list":["post-178727","post","type-post","status-publish","format-standard","has-post-thumbnail","hentry","category-stiri-2","category-featured","category-politic","category-primarie","tag-algorithm-constructii-2","tag-bani-publici","tag-hala-laminor","tag-mall","tag-primaria-sector-3","tag-sector-3"],"acf":[],"yoast_head":"<!-- This site is optimized with the Yoast SEO Premium plugin v25.3 (Yoast SEO v27.4) - https:\/\/yoast.com\/product\/yoast-seo-premium-wordpress\/ -->\n<title>PLAN\u0218E | Cum va ar\u0103ta \u201eNegoi\u021b\u0103 Mall\u201d de la Hala Laminor: gr\u0103din\u0103 botanic\u0103, hotel \u0219i magazine. Peste 150 de milioane de euro pentru afaceri private, din banii cet\u0103\u021benilor Sectorului 3 - Buletin de Bucure\u0219ti<\/title>\n<meta name=\"description\" content=\"Hala Laminor, sau \u201eNegoi\u021b\u0103 Mall\u201d, una dintre cele mai mari investi\u0163ii ale Prim\u0103riei Sectorului 3, a costat circa 1 miliard de lei.\" \/>\n<meta name=\"robots\" content=\"index, follow, max-snippet:-1, max-image-preview:large, max-video-preview:-1\" \/>\n<link rel=\"canonical\" href=\"https:\/\/buletin.de\/bucuresti\/planse-cum-va-arata-negoita-mall-de-la-hala-laminor-gradina-botanica-hotel-si-magazine-peste-150-de-milioane-de-euro-investiti-din-banii-cetatenilor-sectorului-3\/\" \/>\n<meta property=\"og:locale\" content=\"en_GB\" \/>\n<meta property=\"og:type\" content=\"article\" \/>\n<meta property=\"og:title\" content=\"PLAN\u0218E | Cum va ar\u0103ta \u201eNegoi\u021b\u0103 Mall\u201d de la Hala Laminor: gr\u0103din\u0103 botanic\u0103, hotel \u0219i magazine. Peste 150 de milioane de euro pentru afaceri private, din banii cet\u0103\u021benilor Sectorului 3\" \/>\n<meta property=\"og:description\" content=\"Hala Laminor, sau \u201eNegoi\u021b\u0103 Mall\u201d, una dintre cele mai mari investi\u0163ii ale Prim\u0103riei Sectorului 3, a costat circa 1 miliard de lei.\" \/>\n<meta property=\"og:url\" content=\"https:\/\/buletin.de\/bucuresti\/planse-cum-va-arata-negoita-mall-de-la-hala-laminor-gradina-botanica-hotel-si-magazine-peste-150-de-milioane-de-euro-investiti-din-banii-cetatenilor-sectorului-3\/\" \/>\n<meta property=\"og:site_name\" content=\"Buletin de Bucure\u0219ti\" \/>\n<meta property=\"article:publisher\" content=\"https:\/\/www.facebook.com\/buletin.de.buc\" \/>\n<meta property=\"article:published_time\" content=\"2026-03-13T03:49:35+00:00\" \/>\n<meta property=\"article:modified_time\" content=\"2026-03-13T04:04:58+00:00\" \/>\n<meta property=\"og:image\" content=\"https:\/\/buletin.de\/bucuresti\/wp-content\/uploads\/2026\/03\/ID263594_INQUAM_Photos_George_Calin-scaled.jpg\" \/>\n\t<meta property=\"og:image:width\" content=\"2560\" \/>\n\t<meta property=\"og:image:height\" content=\"1708\" \/>\n\t<meta property=\"og:image:type\" content=\"image\/jpeg\" \/>\n<meta name=\"author\" content=\"Andreea Tudor\" \/>\n<meta name=\"twitter:card\" content=\"summary_large_image\" \/>\n<meta name=\"twitter:label1\" content=\"Written by\" \/>\n\t<meta name=\"twitter:data1\" content=\"Andreea Tudor\" \/>\n\t<meta name=\"twitter:label2\" content=\"Estimated reading time\" \/>\n\t<meta name=\"twitter:data2\" content=\"4 minutes\" \/>\n<script type=\"application\/ld+json\" class=\"yoast-schema-graph\">{\"@context\":\"https:\\\/\\\/schema.org\",\"@graph\":[{\"@type\":\"Article\",\"@id\":\"https:\\\/\\\/buletin.de\\\/bucuresti\\\/planse-cum-va-arata-negoita-mall-de-la-hala-laminor-gradina-botanica-hotel-si-magazine-peste-150-de-milioane-de-euro-investiti-din-banii-cetatenilor-sectorului-3\\\/#article\",\"isPartOf\":{\"@id\":\"https:\\\/\\\/buletin.de\\\/bucuresti\\\/planse-cum-va-arata-negoita-mall-de-la-hala-laminor-gradina-botanica-hotel-si-magazine-peste-150-de-milioane-de-euro-investiti-din-banii-cetatenilor-sectorului-3\\\/\"},\"author\":{\"name\":\"Andreea Tudor\",\"@id\":\"https:\\\/\\\/buletin.de\\\/bucuresti\\\/#\\\/schema\\\/person\\\/150590659efde715459d159da012f501\"},\"headline\":\"PLAN\u0218E | Cum va ar\u0103ta \u201eNegoi\u021b\u0103 Mall\u201d de la Hala Laminor: gr\u0103din\u0103 botanic\u0103, hotel \u0219i magazine. Peste 150 de milioane de euro pentru afaceri private, din banii cet\u0103\u021benilor Sectorului 3\",\"datePublished\":\"2026-03-13T03:49:35+00:00\",\"dateModified\":\"2026-03-13T04:04:58+00:00\",\"mainEntityOfPage\":{\"@id\":\"https:\\\/\\\/buletin.de\\\/bucuresti\\\/planse-cum-va-arata-negoita-mall-de-la-hala-laminor-gradina-botanica-hotel-si-magazine-peste-150-de-milioane-de-euro-investiti-din-banii-cetatenilor-sectorului-3\\\/\"},\"wordCount\":779,\"publisher\":{\"@id\":\"https:\\\/\\\/buletin.de\\\/bucuresti\\\/#organization\"},\"image\":{\"@id\":\"https:\\\/\\\/buletin.de\\\/bucuresti\\\/planse-cum-va-arata-negoita-mall-de-la-hala-laminor-gradina-botanica-hotel-si-magazine-peste-150-de-milioane-de-euro-investiti-din-banii-cetatenilor-sectorului-3\\\/#primaryimage\"},\"thumbnailUrl\":\"https:\\\/\\\/buletin.de\\\/bucuresti\\\/wp-content\\\/uploads\\\/2026\\\/03\\\/ID263594_INQUAM_Photos_George_Calin-scaled.jpg\",\"keywords\":[\"algorithm constructii\",\"bani publici\",\"Hala Laminor\",\"mall\",\"Primaria Sector 3\",\"Sector 3\"],\"articleSection\":[\"Articole\",\"Featured\",\"Politic\",\"Prim\u0103rie\"],\"inLanguage\":\"en-GB\",\"copyrightYear\":\"2026\",\"copyrightHolder\":{\"@id\":\"https:\\\/\\\/buletin.de\\\/bucuresti\\\/#organization\"}},{\"@type\":\"WebPage\",\"@id\":\"https:\\\/\\\/buletin.de\\\/bucuresti\\\/planse-cum-va-arata-negoita-mall-de-la-hala-laminor-gradina-botanica-hotel-si-magazine-peste-150-de-milioane-de-euro-investiti-din-banii-cetatenilor-sectorului-3\\\/\",\"url\":\"https:\\\/\\\/buletin.de\\\/bucuresti\\\/planse-cum-va-arata-negoita-mall-de-la-hala-laminor-gradina-botanica-hotel-si-magazine-peste-150-de-milioane-de-euro-investiti-din-banii-cetatenilor-sectorului-3\\\/\",\"name\":\"PLAN\u0218E | Cum va ar\u0103ta \u201eNegoi\u021b\u0103 Mall\u201d de la Hala Laminor: gr\u0103din\u0103 botanic\u0103, hotel \u0219i magazine. Peste 150 de milioane de euro pentru afaceri private, din banii cet\u0103\u021benilor Sectorului 3 - Buletin de Bucure\u0219ti\",\"isPartOf\":{\"@id\":\"https:\\\/\\\/buletin.de\\\/bucuresti\\\/#website\"},\"primaryImageOfPage\":{\"@id\":\"https:\\\/\\\/buletin.de\\\/bucuresti\\\/planse-cum-va-arata-negoita-mall-de-la-hala-laminor-gradina-botanica-hotel-si-magazine-peste-150-de-milioane-de-euro-investiti-din-banii-cetatenilor-sectorului-3\\\/#primaryimage\"},\"image\":{\"@id\":\"https:\\\/\\\/buletin.de\\\/bucuresti\\\/planse-cum-va-arata-negoita-mall-de-la-hala-laminor-gradina-botanica-hotel-si-magazine-peste-150-de-milioane-de-euro-investiti-din-banii-cetatenilor-sectorului-3\\\/#primaryimage\"},\"thumbnailUrl\":\"https:\\\/\\\/buletin.de\\\/bucuresti\\\/wp-content\\\/uploads\\\/2026\\\/03\\\/ID263594_INQUAM_Photos_George_Calin-scaled.jpg\",\"datePublished\":\"2026-03-13T03:49:35+00:00\",\"dateModified\":\"2026-03-13T04:04:58+00:00\",\"description\":\"Hala Laminor, sau \u201eNegoi\u021b\u0103 Mall\u201d, una dintre cele mai mari investi\u0163ii ale Prim\u0103riei Sectorului 3, a costat circa 1 miliard de lei.\",\"breadcrumb\":{\"@id\":\"https:\\\/\\\/buletin.de\\\/bucuresti\\\/planse-cum-va-arata-negoita-mall-de-la-hala-laminor-gradina-botanica-hotel-si-magazine-peste-150-de-milioane-de-euro-investiti-din-banii-cetatenilor-sectorului-3\\\/#breadcrumb\"},\"inLanguage\":\"en-GB\",\"potentialAction\":[{\"@type\":\"ReadAction\",\"target\":[\"https:\\\/\\\/buletin.de\\\/bucuresti\\\/planse-cum-va-arata-negoita-mall-de-la-hala-laminor-gradina-botanica-hotel-si-magazine-peste-150-de-milioane-de-euro-investiti-din-banii-cetatenilor-sectorului-3\\\/\"]}]},{\"@type\":\"ImageObject\",\"inLanguage\":\"en-GB\",\"@id\":\"https:\\\/\\\/buletin.de\\\/bucuresti\\\/planse-cum-va-arata-negoita-mall-de-la-hala-laminor-gradina-botanica-hotel-si-magazine-peste-150-de-milioane-de-euro-investiti-din-banii-cetatenilor-sectorului-3\\\/#primaryimage\",\"url\":\"https:\\\/\\\/buletin.de\\\/bucuresti\\\/wp-content\\\/uploads\\\/2026\\\/03\\\/ID263594_INQUAM_Photos_George_Calin-scaled.jpg\",\"contentUrl\":\"https:\\\/\\\/buletin.de\\\/bucuresti\\\/wp-content\\\/uploads\\\/2026\\\/03\\\/ID263594_INQUAM_Photos_George_Calin-scaled.jpg\",\"width\":2560,\"height\":1708,\"caption\":\"Cum va ar\u0103ta \u201eNegoi\u021b\u0103 Mall\u201d de la Hala Laminor.\"},{\"@type\":\"BreadcrumbList\",\"@id\":\"https:\\\/\\\/buletin.de\\\/bucuresti\\\/planse-cum-va-arata-negoita-mall-de-la-hala-laminor-gradina-botanica-hotel-si-magazine-peste-150-de-milioane-de-euro-investiti-din-banii-cetatenilor-sectorului-3\\\/#breadcrumb\",\"itemListElement\":[{\"@type\":\"ListItem\",\"position\":1,\"name\":\"Acas\u0103\",\"item\":\"https:\\\/\\\/buletin.de\\\/bucuresti\\\/\"},{\"@type\":\"ListItem\",\"position\":2,\"name\":\"PLAN\u0218E | Cum va ar\u0103ta \u201eNegoi\u021b\u0103 Mall\u201d de la Hala Laminor: gr\u0103din\u0103 botanic\u0103, hotel \u0219i magazine. Peste 150 de milioane de euro pentru afaceri private, din banii cet\u0103\u021benilor Sectorului 3\"}]},{\"@type\":\"WebSite\",\"@id\":\"https:\\\/\\\/buletin.de\\\/bucuresti\\\/#website\",\"url\":\"https:\\\/\\\/buletin.de\\\/bucuresti\\\/\",\"name\":\"Buletin de Bucure\u0219ti\",\"description\":\"\u0218tiri \u0219i investiga\u021bii esen\u021biale din capital\u0103\",\"publisher\":{\"@id\":\"https:\\\/\\\/buletin.de\\\/bucuresti\\\/#organization\"},\"potentialAction\":[{\"@type\":\"SearchAction\",\"target\":{\"@type\":\"EntryPoint\",\"urlTemplate\":\"https:\\\/\\\/buletin.de\\\/bucuresti\\\/?s={search_term_string}\"},\"query-input\":{\"@type\":\"PropertyValueSpecification\",\"valueRequired\":true,\"valueName\":\"search_term_string\"}}],\"inLanguage\":\"en-GB\"},{\"@type\":\"Organization\",\"@id\":\"https:\\\/\\\/buletin.de\\\/bucuresti\\\/#organization\",\"name\":\"Buletin de Bucure\u0219ti\",\"url\":\"https:\\\/\\\/buletin.de\\\/bucuresti\\\/\",\"logo\":{\"@type\":\"ImageObject\",\"inLanguage\":\"en-GB\",\"@id\":\"https:\\\/\\\/buletin.de\\\/bucuresti\\\/#\\\/schema\\\/logo\\\/image\\\/\",\"url\":\"https:\\\/\\\/buletin.de\\\/bucuresti\\\/wp-content\\\/uploads\\\/logo-bdb-full-wide-vernil-transparent.png\",\"contentUrl\":\"https:\\\/\\\/buletin.de\\\/bucuresti\\\/wp-content\\\/uploads\\\/logo-bdb-full-wide-vernil-transparent.png\",\"width\":1782,\"height\":626,\"caption\":\"Buletin de Bucure\u0219ti\"},\"image\":{\"@id\":\"https:\\\/\\\/buletin.de\\\/bucuresti\\\/#\\\/schema\\\/logo\\\/image\\\/\"},\"sameAs\":[\"https:\\\/\\\/www.facebook.com\\\/buletin.de.buc\",\"https:\\\/\\\/www.instagram.com\\\/buletinde.bucuresti\\\/\"]},{\"@type\":\"Person\",\"@id\":\"https:\\\/\\\/buletin.de\\\/bucuresti\\\/#\\\/schema\\\/person\\\/150590659efde715459d159da012f501\",\"name\":\"Andreea Tudor\",\"image\":{\"@type\":\"ImageObject\",\"inLanguage\":\"en-GB\",\"@id\":\"https:\\\/\\\/secure.gravatar.com\\\/avatar\\\/a88705a186ab0b67f3349bcbced506c09e37256fbaad0e7f3bd1a79b4599f589?s=96&d=monsterid&r=g79290610aa1a65c2b86eebc2ca5aee8f\",\"url\":\"https:\\\/\\\/secure.gravatar.com\\\/avatar\\\/a88705a186ab0b67f3349bcbced506c09e37256fbaad0e7f3bd1a79b4599f589?s=96&d=monsterid&r=g\",\"contentUrl\":\"https:\\\/\\\/secure.gravatar.com\\\/avatar\\\/a88705a186ab0b67f3349bcbced506c09e37256fbaad0e7f3bd1a79b4599f589?s=96&d=monsterid&r=g\",\"caption\":\"Andreea Tudor\"},\"description\":\"N\u0103scut\u0103 \u0219i crescut\u0103 \u00een Bucure\u0219ti, sus\u021bin\u0103toare a presei independente. A\u0219a am ajuns redactor la Buletin de Bucure\u0219ti. Fiind eu, \u00eens\u0103mi, parte a sistemului de \u00eenv\u0103\u021b\u0103m\u00e2nt rom\u00e2nesc \u0219i pasionat\u0103 de domeniul social, pun sub lup\u0103 tot ceea ce se \u00eent\u00e2mpl\u0103 \u00een sfera educa\u021biei. Cred cu t\u0103rie c\u0103 presa \u201epentru cet\u0103\u021beni\u201d este presa independent\u0103. Oamenii au nevoie de o informare corect\u0103 pentru a \u00een\u021belege pe deplin ce se \u00eent\u00e2mpl\u0103 \u00een jurul lor \u0219i pentru a lua ac\u021biune \u00eempotriva nedrept\u0103\u021bilor.\",\"url\":\"https:\\\/\\\/buletin.de\\\/bucuresti\\\/author\\\/andreeatudor\\\/\"}]}<\/script>\n<!-- \/ Yoast SEO Premium plugin. -->","yoast_head_json":{"title":"PLAN\u0218E | Cum va ar\u0103ta \u201eNegoi\u021b\u0103 Mall\u201d de la Hala Laminor: gr\u0103din\u0103 botanic\u0103, hotel \u0219i magazine. Peste 150 de milioane de euro pentru afaceri private, din banii cet\u0103\u021benilor Sectorului 3 - Buletin de Bucure\u0219ti","description":"Hala Laminor, sau \u201eNegoi\u021b\u0103 Mall\u201d, una dintre cele mai mari investi\u0163ii ale Prim\u0103riei Sectorului 3, a costat circa 1 miliard de lei.","robots":{"index":"index","follow":"follow","max-snippet":"max-snippet:-1","max-image-preview":"max-image-preview:large","max-video-preview":"max-video-preview:-1"},"canonical":"https:\/\/buletin.de\/bucuresti\/planse-cum-va-arata-negoita-mall-de-la-hala-laminor-gradina-botanica-hotel-si-magazine-peste-150-de-milioane-de-euro-investiti-din-banii-cetatenilor-sectorului-3\/","og_locale":"en_GB","og_type":"article","og_title":"PLAN\u0218E | Cum va ar\u0103ta \u201eNegoi\u021b\u0103 Mall\u201d de la Hala Laminor: gr\u0103din\u0103 botanic\u0103, hotel \u0219i magazine. Peste 150 de milioane de euro pentru afaceri private, din banii cet\u0103\u021benilor Sectorului 3","og_description":"Hala Laminor, sau \u201eNegoi\u021b\u0103 Mall\u201d, una dintre cele mai mari investi\u0163ii ale Prim\u0103riei Sectorului 3, a costat circa 1 miliard de lei.","og_url":"https:\/\/buletin.de\/bucuresti\/planse-cum-va-arata-negoita-mall-de-la-hala-laminor-gradina-botanica-hotel-si-magazine-peste-150-de-milioane-de-euro-investiti-din-banii-cetatenilor-sectorului-3\/","og_site_name":"Buletin de Bucure\u0219ti","article_publisher":"https:\/\/www.facebook.com\/buletin.de.buc","article_published_time":"2026-03-13T03:49:35+00:00","article_modified_time":"2026-03-13T04:04:58+00:00","og_image":[{"width":2560,"height":1708,"url":"https:\/\/buletin.de\/bucuresti\/wp-content\/uploads\/2026\/03\/ID263594_INQUAM_Photos_George_Calin-scaled.jpg","type":"image\/jpeg"}],"author":"Andreea Tudor","twitter_card":"summary_large_image","twitter_misc":{"Written by":"Andreea Tudor","Estimated reading time":"4 minutes"},"schema":{"@context":"https:\/\/schema.org","@graph":[{"@type":"Article","@id":"https:\/\/buletin.de\/bucuresti\/planse-cum-va-arata-negoita-mall-de-la-hala-laminor-gradina-botanica-hotel-si-magazine-peste-150-de-milioane-de-euro-investiti-din-banii-cetatenilor-sectorului-3\/#article","isPartOf":{"@id":"https:\/\/buletin.de\/bucuresti\/planse-cum-va-arata-negoita-mall-de-la-hala-laminor-gradina-botanica-hotel-si-magazine-peste-150-de-milioane-de-euro-investiti-din-banii-cetatenilor-sectorului-3\/"},"author":{"name":"Andreea Tudor","@id":"https:\/\/buletin.de\/bucuresti\/#\/schema\/person\/150590659efde715459d159da012f501"},"headline":"PLAN\u0218E | Cum va ar\u0103ta \u201eNegoi\u021b\u0103 Mall\u201d de la Hala Laminor: gr\u0103din\u0103 botanic\u0103, hotel \u0219i magazine. Peste 150 de milioane de euro pentru afaceri private, din banii cet\u0103\u021benilor Sectorului 3","datePublished":"2026-03-13T03:49:35+00:00","dateModified":"2026-03-13T04:04:58+00:00","mainEntityOfPage":{"@id":"https:\/\/buletin.de\/bucuresti\/planse-cum-va-arata-negoita-mall-de-la-hala-laminor-gradina-botanica-hotel-si-magazine-peste-150-de-milioane-de-euro-investiti-din-banii-cetatenilor-sectorului-3\/"},"wordCount":779,"publisher":{"@id":"https:\/\/buletin.de\/bucuresti\/#organization"},"image":{"@id":"https:\/\/buletin.de\/bucuresti\/planse-cum-va-arata-negoita-mall-de-la-hala-laminor-gradina-botanica-hotel-si-magazine-peste-150-de-milioane-de-euro-investiti-din-banii-cetatenilor-sectorului-3\/#primaryimage"},"thumbnailUrl":"https:\/\/buletin.de\/bucuresti\/wp-content\/uploads\/2026\/03\/ID263594_INQUAM_Photos_George_Calin-scaled.jpg","keywords":["algorithm constructii","bani publici","Hala Laminor","mall","Primaria Sector 3","Sector 3"],"articleSection":["Articole","Featured","Politic","Prim\u0103rie"],"inLanguage":"en-GB","copyrightYear":"2026","copyrightHolder":{"@id":"https:\/\/buletin.de\/bucuresti\/#organization"}},{"@type":"WebPage","@id":"https:\/\/buletin.de\/bucuresti\/planse-cum-va-arata-negoita-mall-de-la-hala-laminor-gradina-botanica-hotel-si-magazine-peste-150-de-milioane-de-euro-investiti-din-banii-cetatenilor-sectorului-3\/","url":"https:\/\/buletin.de\/bucuresti\/planse-cum-va-arata-negoita-mall-de-la-hala-laminor-gradina-botanica-hotel-si-magazine-peste-150-de-milioane-de-euro-investiti-din-banii-cetatenilor-sectorului-3\/","name":"PLAN\u0218E | Cum va ar\u0103ta \u201eNegoi\u021b\u0103 Mall\u201d de la Hala Laminor: gr\u0103din\u0103 botanic\u0103, hotel \u0219i magazine. Peste 150 de milioane de euro pentru afaceri private, din banii cet\u0103\u021benilor Sectorului 3 - Buletin de Bucure\u0219ti","isPartOf":{"@id":"https:\/\/buletin.de\/bucuresti\/#website"},"primaryImageOfPage":{"@id":"https:\/\/buletin.de\/bucuresti\/planse-cum-va-arata-negoita-mall-de-la-hala-laminor-gradina-botanica-hotel-si-magazine-peste-150-de-milioane-de-euro-investiti-din-banii-cetatenilor-sectorului-3\/#primaryimage"},"image":{"@id":"https:\/\/buletin.de\/bucuresti\/planse-cum-va-arata-negoita-mall-de-la-hala-laminor-gradina-botanica-hotel-si-magazine-peste-150-de-milioane-de-euro-investiti-din-banii-cetatenilor-sectorului-3\/#primaryimage"},"thumbnailUrl":"https:\/\/buletin.de\/bucuresti\/wp-content\/uploads\/2026\/03\/ID263594_INQUAM_Photos_George_Calin-scaled.jpg","datePublished":"2026-03-13T03:49:35+00:00","dateModified":"2026-03-13T04:04:58+00:00","description":"Hala Laminor, sau \u201eNegoi\u021b\u0103 Mall\u201d, una dintre cele mai mari investi\u0163ii ale Prim\u0103riei Sectorului 3, a costat circa 1 miliard de lei.","breadcrumb":{"@id":"https:\/\/buletin.de\/bucuresti\/planse-cum-va-arata-negoita-mall-de-la-hala-laminor-gradina-botanica-hotel-si-magazine-peste-150-de-milioane-de-euro-investiti-din-banii-cetatenilor-sectorului-3\/#breadcrumb"},"inLanguage":"en-GB","potentialAction":[{"@type":"ReadAction","target":["https:\/\/buletin.de\/bucuresti\/planse-cum-va-arata-negoita-mall-de-la-hala-laminor-gradina-botanica-hotel-si-magazine-peste-150-de-milioane-de-euro-investiti-din-banii-cetatenilor-sectorului-3\/"]}]},{"@type":"ImageObject","inLanguage":"en-GB","@id":"https:\/\/buletin.de\/bucuresti\/planse-cum-va-arata-negoita-mall-de-la-hala-laminor-gradina-botanica-hotel-si-magazine-peste-150-de-milioane-de-euro-investiti-din-banii-cetatenilor-sectorului-3\/#primaryimage","url":"https:\/\/buletin.de\/bucuresti\/wp-content\/uploads\/2026\/03\/ID263594_INQUAM_Photos_George_Calin-scaled.jpg","contentUrl":"https:\/\/buletin.de\/bucuresti\/wp-content\/uploads\/2026\/03\/ID263594_INQUAM_Photos_George_Calin-scaled.jpg","width":2560,"height":1708,"caption":"Cum va ar\u0103ta \u201eNegoi\u021b\u0103 Mall\u201d de la Hala Laminor."},{"@type":"BreadcrumbList","@id":"https:\/\/buletin.de\/bucuresti\/planse-cum-va-arata-negoita-mall-de-la-hala-laminor-gradina-botanica-hotel-si-magazine-peste-150-de-milioane-de-euro-investiti-din-banii-cetatenilor-sectorului-3\/#breadcrumb","itemListElement":[{"@type":"ListItem","position":1,"name":"Acas\u0103","item":"https:\/\/buletin.de\/bucuresti\/"},{"@type":"ListItem","position":2,"name":"PLAN\u0218E | Cum va ar\u0103ta \u201eNegoi\u021b\u0103 Mall\u201d de la Hala Laminor: gr\u0103din\u0103 botanic\u0103, hotel \u0219i magazine. Peste 150 de milioane de euro pentru afaceri private, din banii cet\u0103\u021benilor Sectorului 3"}]},{"@type":"WebSite","@id":"https:\/\/buletin.de\/bucuresti\/#website","url":"https:\/\/buletin.de\/bucuresti\/","name":"Buletin de Bucure\u0219ti","description":"\u0218tiri \u0219i investiga\u021bii esen\u021biale din capital\u0103","publisher":{"@id":"https:\/\/buletin.de\/bucuresti\/#organization"},"potentialAction":[{"@type":"SearchAction","target":{"@type":"EntryPoint","urlTemplate":"https:\/\/buletin.de\/bucuresti\/?s={search_term_string}"},"query-input":{"@type":"PropertyValueSpecification","valueRequired":true,"valueName":"search_term_string"}}],"inLanguage":"en-GB"},{"@type":"Organization","@id":"https:\/\/buletin.de\/bucuresti\/#organization","name":"Buletin de Bucure\u0219ti","url":"https:\/\/buletin.de\/bucuresti\/","logo":{"@type":"ImageObject","inLanguage":"en-GB","@id":"https:\/\/buletin.de\/bucuresti\/#\/schema\/logo\/image\/","url":"https:\/\/buletin.de\/bucuresti\/wp-content\/uploads\/logo-bdb-full-wide-vernil-transparent.png","contentUrl":"https:\/\/buletin.de\/bucuresti\/wp-content\/uploads\/logo-bdb-full-wide-vernil-transparent.png","width":1782,"height":626,"caption":"Buletin de Bucure\u0219ti"},"image":{"@id":"https:\/\/buletin.de\/bucuresti\/#\/schema\/logo\/image\/"},"sameAs":["https:\/\/www.facebook.com\/buletin.de.buc","https:\/\/www.instagram.com\/buletinde.bucuresti\/"]},{"@type":"Person","@id":"https:\/\/buletin.de\/bucuresti\/#\/schema\/person\/150590659efde715459d159da012f501","name":"Andreea Tudor","image":{"@type":"ImageObject","inLanguage":"en-GB","@id":"https:\/\/secure.gravatar.com\/avatar\/a88705a186ab0b67f3349bcbced506c09e37256fbaad0e7f3bd1a79b4599f589?s=96&d=monsterid&r=g79290610aa1a65c2b86eebc2ca5aee8f","url":"https:\/\/secure.gravatar.com\/avatar\/a88705a186ab0b67f3349bcbced506c09e37256fbaad0e7f3bd1a79b4599f589?s=96&d=monsterid&r=g","contentUrl":"https:\/\/secure.gravatar.com\/avatar\/a88705a186ab0b67f3349bcbced506c09e37256fbaad0e7f3bd1a79b4599f589?s=96&d=monsterid&r=g","caption":"Andreea Tudor"},"description":"N\u0103scut\u0103 \u0219i crescut\u0103 \u00een Bucure\u0219ti, sus\u021bin\u0103toare a presei independente. A\u0219a am ajuns redactor la Buletin de Bucure\u0219ti. Fiind eu, \u00eens\u0103mi, parte a sistemului de \u00eenv\u0103\u021b\u0103m\u00e2nt rom\u00e2nesc \u0219i pasionat\u0103 de domeniul social, pun sub lup\u0103 tot ceea ce se \u00eent\u00e2mpl\u0103 \u00een sfera educa\u021biei. Cred cu t\u0103rie c\u0103 presa \u201epentru cet\u0103\u021beni\u201d este presa independent\u0103. Oamenii au nevoie de o informare corect\u0103 pentru a \u00een\u021belege pe deplin ce se \u00eent\u00e2mpl\u0103 \u00een jurul lor \u0219i pentru a lua ac\u021biune \u00eempotriva nedrept\u0103\u021bilor.","url":"https:\/\/buletin.de\/bucuresti\/author\/andreeatudor\/"}]}},"authors":[{"term_id":22573,"user_id":55,"is_guest":0,"slug":"andreeatudor","display_name":"Andreea Tudor","avatar_url":"https:\/\/secure.gravatar.com\/avatar\/a88705a186ab0b67f3349bcbced506c09e37256fbaad0e7f3bd1a79b4599f589?s=96&d=monsterid&r=g","0":null,"1":"","2":"","3":"","4":"","5":"","6":"","7":"","8":""}],"_links":{"self":[{"href":"https:\/\/buletin.de\/bucuresti\/wp-json\/wp\/v2\/posts\/178727","targetHints":{"allow":["GET"]}}],"collection":[{"href":"https:\/\/buletin.de\/bucuresti\/wp-json\/wp\/v2\/posts"}],"about":[{"href":"https:\/\/buletin.de\/bucuresti\/wp-json\/wp\/v2\/types\/post"}],"author":[{"embeddable":true,"href":"https:\/\/buletin.de\/bucuresti\/wp-json\/wp\/v2\/users\/55"}],"replies":[{"embeddable":true,"href":"https:\/\/buletin.de\/bucuresti\/wp-json\/wp\/v2\/comments?post=178727"}],"version-history":[{"count":16,"href":"https:\/\/buletin.de\/bucuresti\/wp-json\/wp\/v2\/posts\/178727\/revisions"}],"predecessor-version":[{"id":180284,"href":"https:\/\/buletin.de\/bucuresti\/wp-json\/wp\/v2\/posts\/178727\/revisions\/180284"}],"wp:featuredmedia":[{"embeddable":true,"href":"https:\/\/buletin.de\/bucuresti\/wp-json\/wp\/v2\/media\/180224"}],"wp:attachment":[{"href":"https:\/\/buletin.de\/bucuresti\/wp-json\/wp\/v2\/media?parent=178727"}],"wp:term":[{"taxonomy":"category","embeddable":true,"href":"https:\/\/buletin.de\/bucuresti\/wp-json\/wp\/v2\/categories?post=178727"},{"taxonomy":"post_tag","embeddable":true,"href":"https:\/\/buletin.de\/bucuresti\/wp-json\/wp\/v2\/tags?post=178727"},{"taxonomy":"author","embeddable":true,"href":"https:\/\/buletin.de\/bucuresti\/wp-json\/wp\/v2\/ppma_author?post=178727"}],"curies":[{"name":"wp","href":"https:\/\/api.w.org\/{rel}","templated":true}]}}