{"id":17871,"date":"2021-01-11T17:26:02","date_gmt":"2021-01-11T14:26:02","guid":{"rendered":"https:\/\/buletin.de\/bucuresti\/?p=17871"},"modified":"2021-01-11T18:09:26","modified_gmt":"2021-01-11T15:09:26","slug":"a-patra-transa-de-vaccin-anti-covid-a-ajuns-astazi-in-romania","status":"publish","type":"post","link":"https:\/\/buletin.de\/bucuresti\/a-patra-transa-de-vaccin-anti-covid-a-ajuns-astazi-in-romania\/","title":{"rendered":"A patra tran\u0219\u0103 de vaccin anti-Covid a ajuns ast\u0103zi \u00een Rom\u00e2nia"},"content":{"rendered":"\n<p><strong>Comitetul Na\u021bional de Coordonare a Activit\u0103\u021bilor privind Vaccinarea a anun\u021bat ast\u0103zi c\u0103 au ajuns cele 150.150 de doze de vaccin \u00eempotriva Covid-19 produs de Pfizer BioNTech. Dozele din cea de a patra tran\u0219\u0103 au ajuns pe cale aerian\u0103, pe aeroporturile din Bucure\u0219ti, Cluj Napoca \u0219i Timi\u0219oara.&nbsp;<\/strong><\/p>\n\n\n\n<p>Distribuirea dozelor c\u0103tre spitalele din \u021bar\u0103 \u00eencepe, de ast\u0103zi, dup\u0103 cum urmeaz\u0103:<\/p>\n\n\n\n<div class=\"infogram-embed\" data-id=\"2c7976d2-3d52-415e-8b20-573509e2db24\" data-type=\"interactive\" data-title=\"Harta-Vaccin\"><\/div><script>!function(e,i,n,s){var t=\"InfogramEmbeds\",d=e.getElementsByTagName(\"script\")[0];if(window[t]&&window[t].initialized)window[t].process&&window[t].process();else if(!e.getElementById(n)){var o=e.createElement(\"script\");o.async=1,o.id=n,o.src=\"https:\/\/e.infogram.com\/js\/dist\/embed-loader-min.js\",d.parentNode.insertBefore(o,d)}}(document,0,\"infogram-async\");<\/script>\n\n\n\n<p>P\u00e2n\u0103 \u00een acest moment s-au distribuit 131.370 de doze de vaccin anti-Covid din cele 300.300 de doze din tran\u0219ele anterioare. \u00cen centrele de vaccinare vor fi utilizate at\u00e2t doze din a doua tran\u0219\u0103, c\u00e2t \u0219i din cea de a treia, pe baza solicit\u0103rilor trimise la Centru Na\u021bional \u0219i Centrele Regionale de depozitare.<\/p>\n\n\n\n<p>Num\u0103rul total de persoane vaccinate \u00eempotriva Covid-19 cu vaccinul Pfizer BioNTech p\u00e2n\u0103 la data de 10 ianuarie este de 108.294 persoane.&nbsp;<\/p>\n\n\n\n<p><em>Sursa Foto: Arhiva Buletin de Bucure\u0219ti<br>Reporter: Denisa Cotor<\/em><\/p>\n","protected":false},"excerpt":{"rendered":"<p>Comitetul Na\u021bional de Coordonare a Activit\u0103\u021bilor privind Vaccinarea a anun\u021bat ast\u0103zi c\u0103 au ajuns cele 150.150 de doze de vaccin \u00eempotriva Covid-19 produs de Pfizer BioNTech. Dozele din cea de a patra tran\u0219\u0103 au ajuns pe cale aerian\u0103, pe aeroporturile din Bucure\u0219ti, Cluj Napoca \u0219i Timi\u0219oara.&nbsp; Distribuirea dozelor c\u0103tre spitalele din \u021bar\u0103 \u00eencepe, de ast\u0103zi, [&hellip;]<\/p>\n","protected":false},"author":1,"featured_media":3946,"comment_status":"closed","ping_status":"open","sticky":false,"template":"","format":"standard","meta":{"_acf_changed":false,"inline_featured_image":false,"ngg_post_thumbnail":0,"footnotes":""},"categories":[996],"tags":[643,2087,1388],"ppma_author":[22583],"class_list":["post-17871","post","type-post","status-publish","format-standard","has-post-thumbnail","hentry","category-covid-19","tag-covid19","tag-transa-patru","tag-vaccin"],"acf":[],"yoast_head":"<!-- This site is optimized with the Yoast SEO Premium plugin v25.3 (Yoast SEO v27.4) - https:\/\/yoast.com\/product\/yoast-seo-premium-wordpress\/ -->\n<title>A patra tran\u0219\u0103 de vaccin anti-Covid a ajuns ast\u0103zi \u00een Rom\u00e2nia - Buletin de Bucure\u0219ti<\/title>\n<meta name=\"robots\" content=\"index, follow, max-snippet:-1, max-image-preview:large, max-video-preview:-1\" \/>\n<link rel=\"canonical\" href=\"https:\/\/buletin.de\/bucuresti\/a-patra-transa-de-vaccin-anti-covid-a-ajuns-astazi-in-romania\/\" \/>\n<meta property=\"og:locale\" content=\"en_GB\" \/>\n<meta property=\"og:type\" content=\"article\" \/>\n<meta property=\"og:title\" content=\"A patra tran\u0219\u0103 de vaccin anti-Covid a ajuns ast\u0103zi \u00een Rom\u00e2nia\" \/>\n<meta property=\"og:description\" content=\"Comitetul Na\u021bional de Coordonare a Activit\u0103\u021bilor privind Vaccinarea a anun\u021bat ast\u0103zi c\u0103 au ajuns cele 150.150 de doze de vaccin \u00eempotriva Covid-19 produs de Pfizer BioNTech. Dozele din cea de a patra tran\u0219\u0103 au ajuns pe cale aerian\u0103, pe aeroporturile din Bucure\u0219ti, Cluj Napoca \u0219i Timi\u0219oara.&nbsp; Distribuirea dozelor c\u0103tre spitalele din \u021bar\u0103 \u00eencepe, de ast\u0103zi, [&hellip;]\" \/>\n<meta property=\"og:url\" content=\"https:\/\/buletin.de\/bucuresti\/a-patra-transa-de-vaccin-anti-covid-a-ajuns-astazi-in-romania\/\" \/>\n<meta property=\"og:site_name\" content=\"Buletin de Bucure\u0219ti\" \/>\n<meta property=\"article:publisher\" content=\"https:\/\/www.facebook.com\/buletin.de.buc\" \/>\n<meta property=\"article:published_time\" content=\"2021-01-11T14:26:02+00:00\" \/>\n<meta property=\"article:modified_time\" content=\"2021-01-11T15:09:26+00:00\" \/>\n<meta property=\"og:image\" content=\"https:\/\/buletin.de\/bucuresti\/wp-content\/uploads\/coronavirus-respiratory-infections-viruses-35YSU5C.jpg\" \/>\n\t<meta property=\"og:image:width\" content=\"2000\" \/>\n\t<meta property=\"og:image:height\" content=\"1235\" \/>\n\t<meta property=\"og:image:type\" content=\"image\/jpeg\" \/>\n<meta name=\"author\" content=\"Redac\u021bia Buletin de Bucure\u0219ti\" \/>\n<meta name=\"twitter:card\" content=\"summary_large_image\" \/>\n<meta name=\"twitter:label1\" content=\"Written by\" \/>\n\t<meta name=\"twitter:data1\" content=\"Redac\u021bia Buletin de Bucure\u0219ti\" \/>\n\t<meta name=\"twitter:label2\" content=\"Estimated reading time\" \/>\n\t<meta name=\"twitter:data2\" content=\"1 minute\" \/>\n<script type=\"application\/ld+json\" class=\"yoast-schema-graph\">{\"@context\":\"https:\\\/\\\/schema.org\",\"@graph\":[{\"@type\":\"Article\",\"@id\":\"https:\\\/\\\/buletin.de\\\/bucuresti\\\/a-patra-transa-de-vaccin-anti-covid-a-ajuns-astazi-in-romania\\\/#article\",\"isPartOf\":{\"@id\":\"https:\\\/\\\/buletin.de\\\/bucuresti\\\/a-patra-transa-de-vaccin-anti-covid-a-ajuns-astazi-in-romania\\\/\"},\"author\":{\"name\":\"Redac\u021bia Buletin de Bucure\u0219ti\",\"@id\":\"https:\\\/\\\/buletin.de\\\/bucuresti\\\/#\\\/schema\\\/person\\\/2bbcf854e5f2419a13804af574d06ab1\"},\"headline\":\"A patra tran\u0219\u0103 de vaccin anti-Covid a ajuns ast\u0103zi \u00een Rom\u00e2nia\",\"datePublished\":\"2021-01-11T14:26:02+00:00\",\"dateModified\":\"2021-01-11T15:09:26+00:00\",\"mainEntityOfPage\":{\"@id\":\"https:\\\/\\\/buletin.de\\\/bucuresti\\\/a-patra-transa-de-vaccin-anti-covid-a-ajuns-astazi-in-romania\\\/\"},\"wordCount\":166,\"publisher\":{\"@id\":\"https:\\\/\\\/buletin.de\\\/bucuresti\\\/#organization\"},\"image\":{\"@id\":\"https:\\\/\\\/buletin.de\\\/bucuresti\\\/a-patra-transa-de-vaccin-anti-covid-a-ajuns-astazi-in-romania\\\/#primaryimage\"},\"thumbnailUrl\":\"https:\\\/\\\/buletin.de\\\/bucuresti\\\/wp-content\\\/uploads\\\/coronavirus-respiratory-infections-viruses-35YSU5C.jpg\",\"keywords\":[\"covid19\",\"Tran\u0219a patru\",\"vaccin\"],\"articleSection\":[\"Covid-19\"],\"inLanguage\":\"en-GB\",\"copyrightYear\":\"2021\",\"copyrightHolder\":{\"@id\":\"https:\\\/\\\/buletin.de\\\/bucuresti\\\/#organization\"}},{\"@type\":\"WebPage\",\"@id\":\"https:\\\/\\\/buletin.de\\\/bucuresti\\\/a-patra-transa-de-vaccin-anti-covid-a-ajuns-astazi-in-romania\\\/\",\"url\":\"https:\\\/\\\/buletin.de\\\/bucuresti\\\/a-patra-transa-de-vaccin-anti-covid-a-ajuns-astazi-in-romania\\\/\",\"name\":\"A patra tran\u0219\u0103 de vaccin anti-Covid a ajuns ast\u0103zi \u00een Rom\u00e2nia - Buletin de Bucure\u0219ti\",\"isPartOf\":{\"@id\":\"https:\\\/\\\/buletin.de\\\/bucuresti\\\/#website\"},\"primaryImageOfPage\":{\"@id\":\"https:\\\/\\\/buletin.de\\\/bucuresti\\\/a-patra-transa-de-vaccin-anti-covid-a-ajuns-astazi-in-romania\\\/#primaryimage\"},\"image\":{\"@id\":\"https:\\\/\\\/buletin.de\\\/bucuresti\\\/a-patra-transa-de-vaccin-anti-covid-a-ajuns-astazi-in-romania\\\/#primaryimage\"},\"thumbnailUrl\":\"https:\\\/\\\/buletin.de\\\/bucuresti\\\/wp-content\\\/uploads\\\/coronavirus-respiratory-infections-viruses-35YSU5C.jpg\",\"datePublished\":\"2021-01-11T14:26:02+00:00\",\"dateModified\":\"2021-01-11T15:09:26+00:00\",\"breadcrumb\":{\"@id\":\"https:\\\/\\\/buletin.de\\\/bucuresti\\\/a-patra-transa-de-vaccin-anti-covid-a-ajuns-astazi-in-romania\\\/#breadcrumb\"},\"inLanguage\":\"en-GB\",\"potentialAction\":[{\"@type\":\"ReadAction\",\"target\":[\"https:\\\/\\\/buletin.de\\\/bucuresti\\\/a-patra-transa-de-vaccin-anti-covid-a-ajuns-astazi-in-romania\\\/\"]}]},{\"@type\":\"ImageObject\",\"inLanguage\":\"en-GB\",\"@id\":\"https:\\\/\\\/buletin.de\\\/bucuresti\\\/a-patra-transa-de-vaccin-anti-covid-a-ajuns-astazi-in-romania\\\/#primaryimage\",\"url\":\"https:\\\/\\\/buletin.de\\\/bucuresti\\\/wp-content\\\/uploads\\\/coronavirus-respiratory-infections-viruses-35YSU5C.jpg\",\"contentUrl\":\"https:\\\/\\\/buletin.de\\\/bucuresti\\\/wp-content\\\/uploads\\\/coronavirus-respiratory-infections-viruses-35YSU5C.jpg\",\"width\":2000,\"height\":1235,\"caption\":\"Coronavirus, group of viruses that cause diseases in mammals and birds. In humans, the virus causes respiratory infections. 3D illustration.\"},{\"@type\":\"BreadcrumbList\",\"@id\":\"https:\\\/\\\/buletin.de\\\/bucuresti\\\/a-patra-transa-de-vaccin-anti-covid-a-ajuns-astazi-in-romania\\\/#breadcrumb\",\"itemListElement\":[{\"@type\":\"ListItem\",\"position\":1,\"name\":\"Acas\u0103\",\"item\":\"https:\\\/\\\/buletin.de\\\/bucuresti\\\/\"},{\"@type\":\"ListItem\",\"position\":2,\"name\":\"A patra tran\u0219\u0103 de vaccin anti-Covid a ajuns ast\u0103zi \u00een Rom\u00e2nia\"}]},{\"@type\":\"WebSite\",\"@id\":\"https:\\\/\\\/buletin.de\\\/bucuresti\\\/#website\",\"url\":\"https:\\\/\\\/buletin.de\\\/bucuresti\\\/\",\"name\":\"Buletin de Bucure\u0219ti\",\"description\":\"\u0218tiri \u0219i investiga\u021bii esen\u021biale din capital\u0103\",\"publisher\":{\"@id\":\"https:\\\/\\\/buletin.de\\\/bucuresti\\\/#organization\"},\"potentialAction\":[{\"@type\":\"SearchAction\",\"target\":{\"@type\":\"EntryPoint\",\"urlTemplate\":\"https:\\\/\\\/buletin.de\\\/bucuresti\\\/?s={search_term_string}\"},\"query-input\":{\"@type\":\"PropertyValueSpecification\",\"valueRequired\":true,\"valueName\":\"search_term_string\"}}],\"inLanguage\":\"en-GB\"},{\"@type\":\"Organization\",\"@id\":\"https:\\\/\\\/buletin.de\\\/bucuresti\\\/#organization\",\"name\":\"Buletin de Bucure\u0219ti\",\"url\":\"https:\\\/\\\/buletin.de\\\/bucuresti\\\/\",\"logo\":{\"@type\":\"ImageObject\",\"inLanguage\":\"en-GB\",\"@id\":\"https:\\\/\\\/buletin.de\\\/bucuresti\\\/#\\\/schema\\\/logo\\\/image\\\/\",\"url\":\"https:\\\/\\\/buletin.de\\\/bucuresti\\\/wp-content\\\/uploads\\\/logo-bdb-full-wide-vernil-transparent.png\",\"contentUrl\":\"https:\\\/\\\/buletin.de\\\/bucuresti\\\/wp-content\\\/uploads\\\/logo-bdb-full-wide-vernil-transparent.png\",\"width\":1782,\"height\":626,\"caption\":\"Buletin de Bucure\u0219ti\"},\"image\":{\"@id\":\"https:\\\/\\\/buletin.de\\\/bucuresti\\\/#\\\/schema\\\/logo\\\/image\\\/\"},\"sameAs\":[\"https:\\\/\\\/www.facebook.com\\\/buletin.de.buc\",\"https:\\\/\\\/www.instagram.com\\\/buletinde.bucuresti\\\/\"]},{\"@type\":\"Person\",\"@id\":\"https:\\\/\\\/buletin.de\\\/bucuresti\\\/#\\\/schema\\\/person\\\/2bbcf854e5f2419a13804af574d06ab1\",\"name\":\"Redac\u021bia Buletin de Bucure\u0219ti\",\"image\":{\"@type\":\"ImageObject\",\"inLanguage\":\"en-GB\",\"@id\":\"https:\\\/\\\/secure.gravatar.com\\\/avatar\\\/18c5342381ed1a08620e6280424e3e5efc958618f5d67c522c9e44c1bc6f9226?s=96&d=monsterid&r=g60c7cd0ad92c68c049fcd4bb3504d609\",\"url\":\"https:\\\/\\\/secure.gravatar.com\\\/avatar\\\/18c5342381ed1a08620e6280424e3e5efc958618f5d67c522c9e44c1bc6f9226?s=96&d=monsterid&r=g\",\"contentUrl\":\"https:\\\/\\\/secure.gravatar.com\\\/avatar\\\/18c5342381ed1a08620e6280424e3e5efc958618f5d67c522c9e44c1bc6f9226?s=96&d=monsterid&r=g\",\"caption\":\"Redac\u021bia Buletin de Bucure\u0219ti\"},\"description\":\"Buletin de Bucure\u0219ti exist\u0103 din vara anului 2019.\",\"url\":\"https:\\\/\\\/buletin.de\\\/bucuresti\\\/author\\\/adminbuletin\\\/\"}]}<\/script>\n<!-- \/ Yoast SEO Premium plugin. -->","yoast_head_json":{"title":"A patra tran\u0219\u0103 de vaccin anti-Covid a ajuns ast\u0103zi \u00een Rom\u00e2nia - Buletin de Bucure\u0219ti","robots":{"index":"index","follow":"follow","max-snippet":"max-snippet:-1","max-image-preview":"max-image-preview:large","max-video-preview":"max-video-preview:-1"},"canonical":"https:\/\/buletin.de\/bucuresti\/a-patra-transa-de-vaccin-anti-covid-a-ajuns-astazi-in-romania\/","og_locale":"en_GB","og_type":"article","og_title":"A patra tran\u0219\u0103 de vaccin anti-Covid a ajuns ast\u0103zi \u00een Rom\u00e2nia","og_description":"Comitetul Na\u021bional de Coordonare a Activit\u0103\u021bilor privind Vaccinarea a anun\u021bat ast\u0103zi c\u0103 au ajuns cele 150.150 de doze de vaccin \u00eempotriva Covid-19 produs de Pfizer BioNTech. Dozele din cea de a patra tran\u0219\u0103 au ajuns pe cale aerian\u0103, pe aeroporturile din Bucure\u0219ti, Cluj Napoca \u0219i Timi\u0219oara.&nbsp; Distribuirea dozelor c\u0103tre spitalele din \u021bar\u0103 \u00eencepe, de ast\u0103zi, [&hellip;]","og_url":"https:\/\/buletin.de\/bucuresti\/a-patra-transa-de-vaccin-anti-covid-a-ajuns-astazi-in-romania\/","og_site_name":"Buletin de Bucure\u0219ti","article_publisher":"https:\/\/www.facebook.com\/buletin.de.buc","article_published_time":"2021-01-11T14:26:02+00:00","article_modified_time":"2021-01-11T15:09:26+00:00","og_image":[{"width":2000,"height":1235,"url":"https:\/\/buletin.de\/bucuresti\/wp-content\/uploads\/coronavirus-respiratory-infections-viruses-35YSU5C.jpg","type":"image\/jpeg"}],"author":"Redac\u021bia Buletin de Bucure\u0219ti","twitter_card":"summary_large_image","twitter_misc":{"Written by":"Redac\u021bia Buletin de Bucure\u0219ti","Estimated reading time":"1 minute"},"schema":{"@context":"https:\/\/schema.org","@graph":[{"@type":"Article","@id":"https:\/\/buletin.de\/bucuresti\/a-patra-transa-de-vaccin-anti-covid-a-ajuns-astazi-in-romania\/#article","isPartOf":{"@id":"https:\/\/buletin.de\/bucuresti\/a-patra-transa-de-vaccin-anti-covid-a-ajuns-astazi-in-romania\/"},"author":{"name":"Redac\u021bia Buletin de Bucure\u0219ti","@id":"https:\/\/buletin.de\/bucuresti\/#\/schema\/person\/2bbcf854e5f2419a13804af574d06ab1"},"headline":"A patra tran\u0219\u0103 de vaccin anti-Covid a ajuns ast\u0103zi \u00een Rom\u00e2nia","datePublished":"2021-01-11T14:26:02+00:00","dateModified":"2021-01-11T15:09:26+00:00","mainEntityOfPage":{"@id":"https:\/\/buletin.de\/bucuresti\/a-patra-transa-de-vaccin-anti-covid-a-ajuns-astazi-in-romania\/"},"wordCount":166,"publisher":{"@id":"https:\/\/buletin.de\/bucuresti\/#organization"},"image":{"@id":"https:\/\/buletin.de\/bucuresti\/a-patra-transa-de-vaccin-anti-covid-a-ajuns-astazi-in-romania\/#primaryimage"},"thumbnailUrl":"https:\/\/buletin.de\/bucuresti\/wp-content\/uploads\/coronavirus-respiratory-infections-viruses-35YSU5C.jpg","keywords":["covid19","Tran\u0219a patru","vaccin"],"articleSection":["Covid-19"],"inLanguage":"en-GB","copyrightYear":"2021","copyrightHolder":{"@id":"https:\/\/buletin.de\/bucuresti\/#organization"}},{"@type":"WebPage","@id":"https:\/\/buletin.de\/bucuresti\/a-patra-transa-de-vaccin-anti-covid-a-ajuns-astazi-in-romania\/","url":"https:\/\/buletin.de\/bucuresti\/a-patra-transa-de-vaccin-anti-covid-a-ajuns-astazi-in-romania\/","name":"A patra tran\u0219\u0103 de vaccin anti-Covid a ajuns ast\u0103zi \u00een Rom\u00e2nia - Buletin de Bucure\u0219ti","isPartOf":{"@id":"https:\/\/buletin.de\/bucuresti\/#website"},"primaryImageOfPage":{"@id":"https:\/\/buletin.de\/bucuresti\/a-patra-transa-de-vaccin-anti-covid-a-ajuns-astazi-in-romania\/#primaryimage"},"image":{"@id":"https:\/\/buletin.de\/bucuresti\/a-patra-transa-de-vaccin-anti-covid-a-ajuns-astazi-in-romania\/#primaryimage"},"thumbnailUrl":"https:\/\/buletin.de\/bucuresti\/wp-content\/uploads\/coronavirus-respiratory-infections-viruses-35YSU5C.jpg","datePublished":"2021-01-11T14:26:02+00:00","dateModified":"2021-01-11T15:09:26+00:00","breadcrumb":{"@id":"https:\/\/buletin.de\/bucuresti\/a-patra-transa-de-vaccin-anti-covid-a-ajuns-astazi-in-romania\/#breadcrumb"},"inLanguage":"en-GB","potentialAction":[{"@type":"ReadAction","target":["https:\/\/buletin.de\/bucuresti\/a-patra-transa-de-vaccin-anti-covid-a-ajuns-astazi-in-romania\/"]}]},{"@type":"ImageObject","inLanguage":"en-GB","@id":"https:\/\/buletin.de\/bucuresti\/a-patra-transa-de-vaccin-anti-covid-a-ajuns-astazi-in-romania\/#primaryimage","url":"https:\/\/buletin.de\/bucuresti\/wp-content\/uploads\/coronavirus-respiratory-infections-viruses-35YSU5C.jpg","contentUrl":"https:\/\/buletin.de\/bucuresti\/wp-content\/uploads\/coronavirus-respiratory-infections-viruses-35YSU5C.jpg","width":2000,"height":1235,"caption":"Coronavirus, group of viruses that cause diseases in mammals and birds. In humans, the virus causes respiratory infections. 3D illustration."},{"@type":"BreadcrumbList","@id":"https:\/\/buletin.de\/bucuresti\/a-patra-transa-de-vaccin-anti-covid-a-ajuns-astazi-in-romania\/#breadcrumb","itemListElement":[{"@type":"ListItem","position":1,"name":"Acas\u0103","item":"https:\/\/buletin.de\/bucuresti\/"},{"@type":"ListItem","position":2,"name":"A patra tran\u0219\u0103 de vaccin anti-Covid a ajuns ast\u0103zi \u00een Rom\u00e2nia"}]},{"@type":"WebSite","@id":"https:\/\/buletin.de\/bucuresti\/#website","url":"https:\/\/buletin.de\/bucuresti\/","name":"Buletin de Bucure\u0219ti","description":"\u0218tiri \u0219i investiga\u021bii esen\u021biale din capital\u0103","publisher":{"@id":"https:\/\/buletin.de\/bucuresti\/#organization"},"potentialAction":[{"@type":"SearchAction","target":{"@type":"EntryPoint","urlTemplate":"https:\/\/buletin.de\/bucuresti\/?s={search_term_string}"},"query-input":{"@type":"PropertyValueSpecification","valueRequired":true,"valueName":"search_term_string"}}],"inLanguage":"en-GB"},{"@type":"Organization","@id":"https:\/\/buletin.de\/bucuresti\/#organization","name":"Buletin de Bucure\u0219ti","url":"https:\/\/buletin.de\/bucuresti\/","logo":{"@type":"ImageObject","inLanguage":"en-GB","@id":"https:\/\/buletin.de\/bucuresti\/#\/schema\/logo\/image\/","url":"https:\/\/buletin.de\/bucuresti\/wp-content\/uploads\/logo-bdb-full-wide-vernil-transparent.png","contentUrl":"https:\/\/buletin.de\/bucuresti\/wp-content\/uploads\/logo-bdb-full-wide-vernil-transparent.png","width":1782,"height":626,"caption":"Buletin de Bucure\u0219ti"},"image":{"@id":"https:\/\/buletin.de\/bucuresti\/#\/schema\/logo\/image\/"},"sameAs":["https:\/\/www.facebook.com\/buletin.de.buc","https:\/\/www.instagram.com\/buletinde.bucuresti\/"]},{"@type":"Person","@id":"https:\/\/buletin.de\/bucuresti\/#\/schema\/person\/2bbcf854e5f2419a13804af574d06ab1","name":"Redac\u021bia Buletin de Bucure\u0219ti","image":{"@type":"ImageObject","inLanguage":"en-GB","@id":"https:\/\/secure.gravatar.com\/avatar\/18c5342381ed1a08620e6280424e3e5efc958618f5d67c522c9e44c1bc6f9226?s=96&d=monsterid&r=g60c7cd0ad92c68c049fcd4bb3504d609","url":"https:\/\/secure.gravatar.com\/avatar\/18c5342381ed1a08620e6280424e3e5efc958618f5d67c522c9e44c1bc6f9226?s=96&d=monsterid&r=g","contentUrl":"https:\/\/secure.gravatar.com\/avatar\/18c5342381ed1a08620e6280424e3e5efc958618f5d67c522c9e44c1bc6f9226?s=96&d=monsterid&r=g","caption":"Redac\u021bia Buletin de Bucure\u0219ti"},"description":"Buletin de Bucure\u0219ti exist\u0103 din vara anului 2019.","url":"https:\/\/buletin.de\/bucuresti\/author\/adminbuletin\/"}]}},"authors":[{"term_id":22583,"user_id":1,"is_guest":0,"slug":"adminbuletin","display_name":"Redac\u021bia Buletin de Bucure\u0219ti","avatar_url":"https:\/\/secure.gravatar.com\/avatar\/18c5342381ed1a08620e6280424e3e5efc958618f5d67c522c9e44c1bc6f9226?s=96&d=monsterid&r=g","0":null,"1":"","2":"","3":"","4":"","5":"","6":"","7":"","8":""}],"_links":{"self":[{"href":"https:\/\/buletin.de\/bucuresti\/wp-json\/wp\/v2\/posts\/17871","targetHints":{"allow":["GET"]}}],"collection":[{"href":"https:\/\/buletin.de\/bucuresti\/wp-json\/wp\/v2\/posts"}],"about":[{"href":"https:\/\/buletin.de\/bucuresti\/wp-json\/wp\/v2\/types\/post"}],"author":[{"embeddable":true,"href":"https:\/\/buletin.de\/bucuresti\/wp-json\/wp\/v2\/users\/1"}],"replies":[{"embeddable":true,"href":"https:\/\/buletin.de\/bucuresti\/wp-json\/wp\/v2\/comments?post=17871"}],"version-history":[{"count":6,"href":"https:\/\/buletin.de\/bucuresti\/wp-json\/wp\/v2\/posts\/17871\/revisions"}],"predecessor-version":[{"id":17886,"href":"https:\/\/buletin.de\/bucuresti\/wp-json\/wp\/v2\/posts\/17871\/revisions\/17886"}],"wp:featuredmedia":[{"embeddable":true,"href":"https:\/\/buletin.de\/bucuresti\/wp-json\/wp\/v2\/media\/3946"}],"wp:attachment":[{"href":"https:\/\/buletin.de\/bucuresti\/wp-json\/wp\/v2\/media?parent=17871"}],"wp:term":[{"taxonomy":"category","embeddable":true,"href":"https:\/\/buletin.de\/bucuresti\/wp-json\/wp\/v2\/categories?post=17871"},{"taxonomy":"post_tag","embeddable":true,"href":"https:\/\/buletin.de\/bucuresti\/wp-json\/wp\/v2\/tags?post=17871"},{"taxonomy":"author","embeddable":true,"href":"https:\/\/buletin.de\/bucuresti\/wp-json\/wp\/v2\/ppma_author?post=17871"}],"curies":[{"name":"wp","href":"https:\/\/api.w.org\/{rel}","templated":true}]}}