{"id":178380,"date":"2026-03-08T08:02:58","date_gmt":"2026-03-08T05:02:58","guid":{"rendered":"https:\/\/buletin.de\/bucuresti\/?p=178380"},"modified":"2026-03-09T08:42:31","modified_gmt":"2026-03-09T05:42:31","slug":"agenda-urbana-cu-cosmin-buletin-ce-facem-in-week-end-recomandari-culturale-pentru-6-12-martie","status":"publish","type":"post","link":"https:\/\/buletin.de\/bucuresti\/agenda-urbana-cu-cosmin-buletin-ce-facem-in-week-end-recomandari-culturale-pentru-6-12-martie\/","title":{"rendered":"Agenda Urban\u0103 cu Cosmin @ Buletin: Recomand\u0103ri culturale p\u00e2n\u0103 pe 12 martie"},"content":{"rendered":"\n<p class=\"wp-block-paragraph\" id=\"h-slava-cerului-avem-oficial-primavara-ciripesc-pasari-pe-care-nu-le-am-mai-auzit-de-ceva-timp-\u0219i-zapezile-ce-pareau-eterne-aproape-ca-s-au-topit-marcam-ca-\u021bara-o-noua-participare-la-eurovision-romania-va-merge-in-mai-la-viena-cu-piesa-choke-me-cantata-de-alexandra-capitanescu-tot-romania-prin-ministerul-culturii-har\u021buie\u0219te-jurnali\u0219ti-care-au-curajul-sa-spuna-adevarul-despre-condi\u021biilor-improprii-in-care-sta-mo\u0219tenirea-lui-enescu-intre-timp-avem-oferta-la-art-safari-2-bilete-la-100-de-lei-nu-\u0219tim-pana-cand-dar-avem-\u0219i-gipsy-queen-in-cinematografe-recomand-dupa-cum-pute\u021bi-vedea-din-poza-care-deschide-articolul\"><strong>Slav\u0103 cerului, avem oficial prim\u0103var\u0103, ciripesc p\u0103s\u0103ri pe care nu le-am mai auzit de ceva timp \u0219i z\u0103pezile ce p\u0103reau eterne aproape c\u0103 s-au topit. Marc\u0103m, ca \u021bar\u0103, <a href=\"https:\/\/www.libertatea.ro\/entertainment\/alexandra-capitanescu-a-castigat-eurovision-romania-2026-melodia-choke-me-5648177\" target=\"_blank\" rel=\"noreferrer noopener\">o nou\u0103 participare la Eurovision<\/a> &#8211; Rom\u00e2nia va merge \u00een mai, la Viena, cu piesa \u201eChoke Me\u201d (?) c\u00e2ntat\u0103 de Alexandra C\u0103pit\u0103nescu. <\/strong><\/p>\n\n\n\n<p class=\"wp-block-paragraph\" id=\"h-slava-cerului-avem-oficial-primavara-ciripesc-pasari-pe-care-nu-le-am-mai-auzit-de-ceva-timp-\u0219i-zapezile-ce-pareau-eterne-aproape-ca-s-au-topit-marcam-ca-\u021bara-o-noua-participare-la-eurovision-romania-va-merge-in-mai-la-viena-cu-piesa-choke-me-cantata-de-alexandra-capitanescu-tot-romania-prin-ministerul-culturii-har\u021buie\u0219te-jurnali\u0219ti-care-au-curajul-sa-spuna-adevarul-despre-condi\u021biilor-improprii-in-care-sta-mo\u0219tenirea-lui-enescu-intre-timp-avem-oferta-la-art-safari-2-bilete-la-100-de-lei-nu-\u0219tim-pana-cand-dar-avem-\u0219i-gipsy-queen-in-cinematografe-recomand-dupa-cum-pute\u021bi-vedea-din-poza-care-deschide-articolul\"><strong>Tot Rom\u00e2nia, prin Ministerul Culturii, <a href=\"https:\/\/culturaladuba.ro\/audio-sunteti-terorist-ziarist-intimidare-si-hartuire-din-partea-reprezentantului-legal-al-ministerului-culturii-si-a-conducerii-muzeului-enescu-la-adresa-jurnalistei-alexandra-t\/\" target=\"_blank\" rel=\"noreferrer noopener\">h\u0103r\u021buie\u0219te jurnali\u0219ti<\/a> care au curajul s\u0103 spun\u0103 adev\u0103rul despre condi\u021biilor improprii \u00een care st\u0103 mo\u0219tenirea lui Enescu. \u00centre timp, avem ofert\u0103 la <a href=\"https:\/\/www.artsafari.ro\/project\/bilete\/\" target=\"_blank\" rel=\"noreferrer noopener\">Art Safari<\/a>, 2 bilete la 100 de lei, nu \u0219tim p\u00e2n\u0103 c\u00e2nd, dar avem \u0219i <a href=\"https:\/\/www.cinemacity.ro\/films\/gipsy-queen\/8003o2r#\/buy-tickets-by-film?in-cinema=bucuresti&amp;at=2026-03-05&amp;for-movie=8003o2r&amp;view-mode=list\" target=\"_blank\" rel=\"noreferrer noopener\">Gipsy Queen \u00een cinematografe<\/a>, recomand, dup\u0103 cum pute\u021bi vedea din poza care deschide articolul!<\/strong><\/p>\n\n\n\n<h2 class=\"wp-block-heading\" id=\"h-perspective-de-pus-in-calendar\">Perspective (de pus \u00een calendar)<\/h2>\n\n\n\n<ul class=\"wp-block-list\">\n<li><strong>SoundArt Festival 2026 &#8211; <a href=\"https:\/\/www.iabilet.ro\/bilete-soundart-festival-2026-pax-in-natura-116707\/\" target=\"_blank\" rel=\"noreferrer noopener\">Pax in Natura<\/a> &#8211; la Quantic<\/strong>.<\/li>\n\n\n\n<li><a href=\"https:\/\/www.facebook.com\/events\/1415119560065974\/\" target=\"_blank\" rel=\"noreferrer noopener\">CoffeEAST 2026<\/a> adun\u0103 cafegii la Romexpo, \u00eentre 20-22 martie.<\/li>\n\n\n\n<li><strong>Concert <a href=\"https:\/\/eventbook.ro\/music\/bilete-concert-specii-bucuresti-quantic\" target=\"_blank\" rel=\"noreferrer noopener\">Specii<\/a> \u00een Quantic, cu invita\u021bi precum Psihotrop \u0219i Bocaseca<\/strong>.<\/li>\n\n\n\n<li><a href=\"https:\/\/www.eventim.ro\/eventseries\/ennio-morricone-nino-rota-4001258\/\" target=\"_blank\" rel=\"noreferrer noopener\">Ennio Morricone &amp; Nino Rota<\/a> ajung la Sala Palatului, pe 24 martie.<\/li>\n\n\n\n<li><strong>PW x DeDans ni-i aduc pe <a href=\"https:\/\/www.livetickets.ro\/bilete\/pw-x-dedans-gernot-modeselektor-moderat-cosmin-trg-at-platforma-wolff\" target=\"_blank\" rel=\"noreferrer noopener\">Gernot (Modeselektor, Moderat) \u0219i Cosmin TRG<\/a>, pe 28 martie<\/strong>.<\/li>\n\n\n\n<li><a href=\"https:\/\/www.urban.ro\/rad-art-fair-2026\/\" target=\"_blank\" rel=\"noreferrer noopener\">T\u00e2rgul de Art\u0103 RAD<\/a> la Hotel Caro, pe 23-26 aprilie.<\/li>\n\n\n\n<li><strong>Stand-up &#8211; <a href=\"https:\/\/bilete.emagic.ro\/?p=event&amp;e=35432\" target=\"_blank\" rel=\"noreferrer noopener\">Matt Rife<\/a> la Sala Palatului, pe 6 aprilie.<\/strong><\/li>\n\n\n\n<li><a href=\"https:\/\/www.eventim.ro\/eventseries\/anti-aging-festival-2026-4089679\/\" target=\"_blank\" rel=\"noreferrer noopener\">Anti-aging festival<\/a> la Palatul Bragadiru, la final de mai.<\/li>\n\n\n\n<li><strong>Tot atunci (pe 28 mai) avem <a href=\"https:\/\/www.eventim.ro\/artist\/russell-crowes-indoor-garden-party\/\" target=\"_blank\" rel=\"noreferrer noopener\">Russell Crowe&#8217;s Indoor Garden Party<\/a><\/strong>.<\/li>\n\n\n\n<li><a href=\"https:\/\/www.eventim.ro\/eventseries\/orchestronic-4099866\/\" target=\"_blank\" rel=\"noreferrer noopener\">Orchestronic<\/a> (orchestr\u0103 simfonic\u0103 + electronic\u0103), la Arenele Romane, pe 19 iunie.<\/li>\n\n\n\n<li><strong>\u00centre 12-13 iulie se \u021bine <a href=\"https:\/\/www.bilete.ro\/turneul-national-de-table-editia-de-vara\/\" target=\"_blank\" rel=\"noreferrer noopener\">Turneul Na\u021bional de Table &#8211; Edi\u021bia de Var\u0103.<\/a><\/strong><\/li>\n\n\n\n<li>Australienii de la <a href=\"https:\/\/www.bilete.ro\/empire-of-the-sun\/\">Empire of the Sun<\/a> revin \u00een Rom\u00e2nia pe 14 iunie, la Arene.<\/li>\n\n\n\n<li><strong>Tot la Arene descind \u0219i <a href=\"https:\/\/www.eventim.ro\/artist\/pink-martini\/\" target=\"_blank\" rel=\"noreferrer noopener\">Pink Martini<\/a>, pe 16 iulie<\/strong>.<\/li>\n<\/ul>\n\n\n\n<h2 class=\"wp-block-heading\" id=\"h-recomandari-culturale-pentru-6-12-martie-mai-intai-weekendul\">Recomand\u0103ri culturale pentru 6-12 martie. Mai \u00eent\u00e2i weekendul<\/h2>\n\n\n\n<ul class=\"wp-block-list\">\n<li><strong><a href=\"https:\/\/www.facebook.com\/events\/942395714986641\/\" target=\"_blank\" rel=\"noreferrer noopener\">Dichisar de martie<\/a> la Impact Hub, \u00eentre 10.00-19.00.<\/strong><\/li>\n\n\n\n<li><a href=\"https:\/\/www.facebook.com\/iiana.ro\/posts\/pfbid0srcsUJWMgAwLEC8xTdbBPZU34twSn5hwFUB7HoKEhcki5q8w8evvv4J9QW2MGwFZl?__cft__[0]=AZb7y5Md7pz05EBuaQ4yqqj0dXaWO7-EUQPYrZOURI6EL84iYOat4ye8mnQ4oOQFCFbrOri3glyEMvBojdCu_LyYVPf-J6aTioP8N9g4R7-mKVSY3HKCkmOpSozf-cSZAvVsvWXdpk4H0FHf-MnK12kCOyVgucGhdRNcbz1vkQMjnEt0HutLzcSgRAwlKV5hFyM&amp;__tn__=%2CO%2CP-R\" target=\"_blank\" rel=\"noreferrer noopener\">IIANA ne a\u0219teapt\u0103 cu multe ii<\/a> pe Calea C\u0103l\u0103ra\u0219i 103, \u00eentre 10.00-19.00, cu reduceri (100 lei la cump\u0103r\u0103turi de minim 500 lei).<\/li>\n\n\n\n<li><strong><a href=\"https:\/\/www.facebook.com\/events\/1230231851977239\/\" target=\"_blank\" rel=\"noreferrer noopener\">Festivalul Tradi\u021biilor \u0219i al Femeii<\/a>, pe Kiseleff.<\/strong><\/li>\n\n\n\n<li>Expozi\u021bia multimedia Agapi de la M\u021aR &#8211; <a href=\"https:\/\/www.facebook.com\/events\/1638910724007448\/1638910744007446\/?active_tab=about\" target=\"_blank\" rel=\"noreferrer noopener\">O jum\u0103tate de secol de iubire<\/a>.<\/li>\n\n\n\n<li><strong><a href=\"https:\/\/www.facebook.com\/events\/1325770509361354\/\" target=\"_blank\" rel=\"noreferrer noopener\">Mini-burgeri \u0219i sour catifelat<\/a>, la Ginoteca.<\/strong><\/li>\n\n\n\n<li>Ultimul film al Ivanei Mladenovici &#8211; <a href=\"https:\/\/eventbook.ro\/film\/bilete-sorella-di-clausura?hall=cinema-elvire-popesco\" target=\"_blank\" rel=\"noreferrer noopener\">Sorella Di Clausura<\/a> &#8211; intr\u0103 \u00een cinematografe.<\/li>\n<\/ul>\n\n\n\n<h2 class=\"wp-block-heading\" id=\"h-vineri-6-martie\">Vineri, 6 martie<\/h2>\n\n\n\n<figure class=\"wp-block-image size-large\"><img fetchpriority=\"high\" decoding=\"async\" width=\"800\" height=\"1000\" src=\"data:image\/gif;base64,R0lGODlhAQABAAAAACH5BAEKAAEALAAAAAABAAEAAAICTAEAOw==\" data-src=\"https:\/\/buletin.de\/bucuresti\/wp-content\/uploads\/2026\/03\/image-7-800x1000.png\" alt=\"6-12 martie\" class=\"wp-image-178382 lazyload\" data-sizes=\"auto\" data-srcset=\"https:\/\/buletin.de\/bucuresti\/wp-content\/uploads\/2026\/03\/image-7-800x1000.png 800w, https:\/\/buletin.de\/bucuresti\/wp-content\/uploads\/2026\/03\/image-7-240x300.png 240w, https:\/\/buletin.de\/bucuresti\/wp-content\/uploads\/2026\/03\/image-7-768x960.png 768w, https:\/\/buletin.de\/bucuresti\/wp-content\/uploads\/2026\/03\/image-7-600x750.png 600w, https:\/\/buletin.de\/bucuresti\/wp-content\/uploads\/2026\/03\/image-7-20x25.png 20w, https:\/\/buletin.de\/bucuresti\/wp-content\/uploads\/2026\/03\/image-7.png 1080w\" sizes=\"(max-width: 800px) 100vw, 800px\" \/><figcaption class=\"wp-element-caption\">Recomand\u0103ri culturale pentru 6-12 martie<\/figcaption><\/figure>\n\n\n\n<h5 class=\"wp-block-heading\" id=\"h-expozi\u021bii-lansari\"><strong>Expozi\u021bii, lans\u0103ri<\/strong><\/h5>\n\n\n\n<ul class=\"wp-block-list\">\n<li><strong>Expozi\u021bie <a href=\"https:\/\/www.instagram.com\/p\/DVRQchgjdoa\/?hl=en\" target=\"_blank\" rel=\"noreferrer noopener\">Nud de Marius Samoil\u0103<\/a> la Random House.<\/strong><\/li>\n\n\n\n<li>Vernisajul \u201e<a href=\"https:\/\/www.facebook.com\/events\/1838898586818214\/1838899563484783\/?active_tab=about\" target=\"_blank\" rel=\"noreferrer noopener\">La ad\u0103postul g\u00e2ndului<\/a>\u201d, de la ora 17.00, \u00een prezen\u021ba criticului de art\u0103 Mimi Necula, la M\u021aR.<\/li>\n\n\n\n<li><strong>Finisajul expozi\u021biei \u201eRana, Golul \u0219i Angoasa\u201d este \u0219i lansarea publica\u021biei \u201e<a href=\"https:\/\/www.facebook.com\/events\/754335534162548\/\" target=\"_blank\" rel=\"noreferrer noopener\">Ro\u0219u, Galben \u0219i Albastru?<\/a>\u201d, la Calciu Space de la Casa Presei<\/strong>.<\/li>\n\n\n\n<li>De la ora 16.00, La Muzeul Municipiului Bucure\u0219ti (Palatul \u0218u\u021bu) are loc vernisajul expozi\u021biei \u201e<a href=\"https:\/\/buletin.de\/bucuresti\/expozitia-infinitatea-cuvintelor-ileana-si-romulus-vulpescu-la-muzeul-municipiului-bucuresti\/\" target=\"_blank\" rel=\"noreferrer noopener\">Infinitatea cuvintelor. Ileana \u0219i Romulus Vulpescu<\/a>\u201d.<\/li>\n\n\n\n<li><strong>Se lanseaz\u0103 cartea <a href=\"https:\/\/www.facebook.com\/events\/901321319547271\/\">Pict\u00e2nd Apa<\/a>, de la 18:30, la C\u0103rture\u0219ti Modul<\/strong>.<\/li>\n\n\n\n<li>De la ora 16.00 se \u021bine tur ghidat \u00een expozi\u021bia \u201e<a href=\"https:\/\/www.facebook.com\/events\/2388646238263369\/\" target=\"_blank\" rel=\"noreferrer noopener\">Corneliu Baba (1906 \u2013 1997). Chipul feminin. O privire \u00een detaliu<\/a>\u201d, de la Muzeul Colec\u021biilor de Art\u0103.<\/li>\n<\/ul>\n\n\n\n<h5 class=\"wp-block-heading\" id=\"h-altele\">Altele<\/h5>\n\n\n\n<ul class=\"wp-block-list\">\n<li><strong><a href=\"https:\/\/aivalley.ro\/\" target=\"_blank\" rel=\"noreferrer noopener\">Regional AI Valley<\/a> este conferin\u021ba despre AI de la Marriot<\/strong>.<\/li>\n\n\n\n<li><a href=\"https:\/\/www.facebook.com\/events\/995762422785305\/995762426118638\/?active_tab=about\" target=\"_blank\" rel=\"noreferrer noopener\">Workshop de postur\u0103<\/a>, \u00een Pia\u021ba Pache Protopopescu 9.<\/li>\n\n\n\n<li><strong><a href=\"https:\/\/www.iabilet.ro\/bilete-stand-up-comedy-cu-teo-costel-natanticu-vlad-olteanu-la-club-99-124032\/\" target=\"_blank\" rel=\"noreferrer noopener\">Teo, Toma, Natanticu &#8211; Vlad Olteanu<\/a> vin la Club 99 (de la 19.00)<\/strong>.<\/li>\n\n\n\n<li>La Q Center (Str. Arcului 24) se pune de o <a href=\"https:\/\/www.facebook.com\/events\/2347369559077206\/\" target=\"_blank\" rel=\"noreferrer noopener\">sear\u0103 comunitar\u0103 muzical\u0103<\/a> (ora 18.00).<\/li>\n\n\n\n<li><strong>La Opera Comic\u0103 pentru Copii \u00eencepe <a href=\"https:\/\/buletin.de\/bucuresti\/festivalul-cartilor-deschise-la-opera-comica-pentru-copii-2\/\" target=\"_blank\" rel=\"noreferrer noopener\">Festivalul C\u0103r\u021bilor Deschise<\/a> \u0219i \u021bine p\u00e2n\u0103 pe 22.<\/strong><\/li>\n\n\n\n<li>Mai sunt c\u00e2teva bilete la \u201e<a href=\"https:\/\/teatruldramaturgilor.ro\/eveniment\/baby-fever-6mai2026\/\" target=\"_blank\" rel=\"noreferrer noopener\">Baby Fever<\/a>\u201d, de la Teatrul Dramaturgilor rom\u00e2ni.<\/li>\n<\/ul>\n\n\n\n<h5 class=\"wp-block-heading\" id=\"h-muzica-amp-party\"><strong>Muzic\u0103 &amp; party<\/strong><\/h5>\n\n\n\n<ul class=\"wp-block-list\">\n<li><strong>Gypsy Jazz Lautares,  cu <a href=\"https:\/\/www.bilete.ro\/gypsy-jazz-lautaresc-w-django-sound-quartet\/\" target=\"_blank\" rel=\"noreferrer noopener\">Django Sound Quartet<\/a>, la Trattoria Monza<\/strong>.<\/li>\n\n\n\n<li>Corina S\u00eerghi, Toma Dimitriu, Michael Acker \u0219i Gabi Matei concerteaz\u0103 la <a href=\"https:\/\/www.facebook.com\/events\/2011202979809799\/\" target=\"_blank\" rel=\"noreferrer noopener\">Jazzbook<\/a>.<\/li>\n\n\n\n<li><strong><a href=\"https:\/\/www.facebook.com\/events\/777424998745813\/\" target=\"_blank\" rel=\"noreferrer noopener\">Goethe meets Mozart<\/a> &#8211; concert-lectur\u0103 la Goethe Institut, de la 19.00.<\/strong><\/li>\n\n\n\n<li><a href=\"https:\/\/www.facebook.com\/events\/26010541385293122\/\" target=\"_blank\" rel=\"noreferrer noopener\">Ritmos Brasileiros<\/a> pe Mircea Vulc\u0103nescu 40, de la ora 20:30.<\/li>\n\n\n\n<li><strong>Vineri la J\u2019ai cu <a href=\"https:\/\/www.facebook.com\/events\/929622909742980\/\" target=\"_blank\" rel=\"noreferrer noopener\">Roxhannah Montana<\/a>, de la 20.00.<\/strong><\/li>\n\n\n\n<li>Tehno la Control cu <a href=\"https:\/\/www.facebook.com\/events\/2415783288851208\/\" target=\"_blank\" rel=\"noreferrer noopener\">Adiel (Italia), Victoria, Chlorys \u0219i Duro Disco<\/a>.<\/li>\n\n\n\n<li><strong>Vine prim\u0103vara \u0219i la PW, cu <a href=\"https:\/\/www.facebook.com\/events\/1213052541040819\/\" target=\"_blank\" rel=\"noreferrer noopener\">Sugar Free, Maria Antoaneta \u0219i Mihnea Rog<\/a>.<\/strong><\/li>\n\n\n\n<li><a href=\"https:\/\/zilesinopti.ro\/evenimente\/taraful-de-la-varbilau-14thlane-4\/\" target=\"_blank\" rel=\"noreferrer noopener\">Taraful de la V\u0103rbil\u0103u<\/a> vine la 14thLANE, de la 20:30.<\/li>\n\n\n\n<li><strong><a href=\"https:\/\/zilesinopti.ro\/evenimente\/soul-serenade-hanno-hoefer-2\/\" target=\"_blank\" rel=\"noreferrer noopener\">Soul Serenade &amp; Hanno Hoefer<\/a> poposesc la Uzina Coffee, de la 20.00.<\/strong><\/li>\n\n\n\n<li><a href=\"https:\/\/zilesinopti.ro\/evenimente\/candlelight-tribute-pentru-adele\/\" target=\"_blank\" rel=\"noreferrer noopener\">Candlelight: Tribute pentru Adele<\/a> e la Sala Dalles.<\/li>\n\n\n\n<li><strong>Jazz cu <a href=\"https:\/\/zilesinopti.ro\/evenimente\/toma-dimitriu-trio-back-in-play\/\" target=\"_blank\" rel=\"noreferrer noopener\">Toma Dimitriu Trio<\/a> la Green Hours.<\/strong><\/li>\n<\/ul>\n\n\n\n<h2 class=\"wp-block-heading\" id=\"h-sambata-7-martie\">S\u00e2mb\u0103t\u0103, 7 martie<\/h2>\n\n\n\n<figure class=\"wp-block-image size-large\"><img decoding=\"async\" width=\"1000\" height=\"523\" src=\"data:image\/gif;base64,R0lGODlhAQABAAAAACH5BAEKAAEALAAAAAABAAEAAAICTAEAOw==\" data-src=\"https:\/\/buletin.de\/bucuresti\/wp-content\/uploads\/2026\/03\/image-8-1000x523.png\" alt=\"6-12 martie\" class=\"wp-image-178383 lazyload\" data-sizes=\"auto\" data-srcset=\"https:\/\/buletin.de\/bucuresti\/wp-content\/uploads\/2026\/03\/image-8-1000x523.png 1000w, https:\/\/buletin.de\/bucuresti\/wp-content\/uploads\/2026\/03\/image-8-300x157.png 300w, https:\/\/buletin.de\/bucuresti\/wp-content\/uploads\/2026\/03\/image-8-768x402.png 768w, https:\/\/buletin.de\/bucuresti\/wp-content\/uploads\/2026\/03\/image-8-1536x804.png 1536w, https:\/\/buletin.de\/bucuresti\/wp-content\/uploads\/2026\/03\/image-8-1600x838.png 1600w, https:\/\/buletin.de\/bucuresti\/wp-content\/uploads\/2026\/03\/image-8-1100x576.png 1100w, https:\/\/buletin.de\/bucuresti\/wp-content\/uploads\/2026\/03\/image-8-600x314.png 600w, https:\/\/buletin.de\/bucuresti\/wp-content\/uploads\/2026\/03\/image-8-20x10.png 20w, https:\/\/buletin.de\/bucuresti\/wp-content\/uploads\/2026\/03\/image-8.png 1920w\" sizes=\"(max-width: 1000px) 100vw, 1000px\" \/><figcaption class=\"wp-element-caption\">Recomand\u0103ri culturale pentru 6-12 martie<\/figcaption><\/figure>\n\n\n\n<h5 class=\"wp-block-heading\" id=\"h-ateliere\"><strong>Ateliere<\/strong><\/h5>\n\n\n\n<ul class=\"wp-block-list\">\n<li><strong><a href=\"https:\/\/www.facebook.com\/events\/921175393934906\/\" target=\"_blank\" rel=\"noreferrer noopener\">Grij\u0103 de Sine<\/a> &#8211; eveniment dedicat s\u0103n\u0103t\u0103\u021bii mamei, de la 10.00, pe Str. Olari 11<\/strong>.<\/li>\n\n\n\n<li>Workshop de colaje &#8211; \u201e<a href=\"https:\/\/www.facebook.com\/events\/1540598440541505\/\" target=\"_blank\" rel=\"noreferrer noopener\">Parts of Her Were Fictional<\/a>\u201d, la F64.<\/li>\n<\/ul>\n\n\n\n<h5 class=\"wp-block-heading\" id=\"h-muzica-party\"><strong>Muzic\u0103, party<\/strong><\/h5>\n\n\n\n<ul class=\"wp-block-list\">\n<li><strong><a href=\"https:\/\/www.facebook.com\/events\/1296936715677035\/\" target=\"_blank\" rel=\"noreferrer noopener\">Fredfad<\/a><a href=\"https:\/\/www.facebook.com\/events\/1296936715677035\/\">es \u0219i Romansoff<\/a> la PW, de la 22.00 \u00eencolo<\/strong>.<\/li>\n\n\n\n<li>Concert flamenco &#8211; \u201e<a href=\"https:\/\/www.facebook.com\/events\/1884201058878804\/\" target=\"_blank\" rel=\"noreferrer noopener\">Luz y Sombra \u2013 Pove\u0219ti Mediteraneene<\/a>\u201d la Cr\u0103pelni\u021ba Ci\u0219migiu (Mircea Vulc\u0103nescu 40), 50 de lei, cu rezervare de loc \u00een prealabil.<\/li>\n\n\n\n<li><strong>Monica Odagiu n-a ajuns \u00een finala Eurovision, dar ne invit\u0103 la <a href=\"https:\/\/www.bilete.ro\/monica-odagiu-celebratingwomen\/\" target=\"_blank\" rel=\"noreferrer noopener\">#CelebratingWomen<\/a>.<\/strong><\/li>\n\n\n\n<li><a href=\"https:\/\/www.facebook.com\/events\/1269250601778299\/\" target=\"_blank\" rel=\"noreferrer noopener\">Sabina &amp; Denisa<\/a> pun Muzic\u0103 la J&#8217;ai.<\/li>\n\n\n\n<li><strong>Belgienii de la Stavroz vin la <a href=\"https:\/\/www.facebook.com\/events\/897848412904336\/\">ctrl LIVE<\/a>, de la 19.00.<\/strong><\/li>\n\n\n\n<li><a href=\"https:\/\/www.facebook.com\/events\/1490750979076707\/\" target=\"_blank\" rel=\"noreferrer noopener\">Jahmolxes x Avoid Humanity<\/a> \u00een Encore Club, de la 20:00.<\/li>\n\n\n\n<li><strong><a href=\"https:\/\/www.facebook.com\/events\/774648955258447\/\" target=\"_blank\" rel=\"noreferrer noopener\">Sear\u0103 latino<\/a> &#8211; concert acustic cu Rafa Casado si Juan Negretti la Terasa Florilor, de la 20.00.<\/strong><\/li>\n\n\n\n<li><a href=\"https:\/\/www.facebook.com\/events\/1474671500834450\/\" target=\"_blank\" rel=\"noreferrer noopener\">Inappropriate Outfits Party<\/a> la Expirat, prilej bun s\u0103 scoatem la lumin\u0103 piesele vestimentare uitate \u00een col\u021burile \u0219ifonierului.<\/li>\n\n\n\n<li><strong><a href=\"https:\/\/www.facebook.com\/events\/1413105276963356\/\" target=\"_blank\" rel=\"noreferrer noopener\">Rock goes jazz<\/a> cu Andra Covaleov, Puiu Pascu, Virgil Popescu \u0219i Ovi Condrea aduc prim\u0103vara la Pod, \u00een Parcul Carol.<\/strong><\/li>\n\n\n\n<li>Alex Man \u0219i Sorin Romanescu au \u201e<a href=\"https:\/\/www.iabilet.ro\/bilete-l-veing-room-8-double-standards-a-guitar-affair-124048\/?utm_term\" target=\"_blank\" rel=\"noreferrer noopener\">Double Standards (A Guitar Affair)<\/a>\u201d pe Ion Minulescu 9.<\/li>\n\n\n\n<li><strong><a href=\"https:\/\/www.facebook.com\/events\/795781866300885\/\" target=\"_blank\" rel=\"noreferrer noopener\">Dance No Dance There Ain\u2019t No Future<\/a> cu Lorry \u0219i Rekabu la Manasia, de la 21.00.<\/strong><\/li>\n\n\n\n<li><a href=\"https:\/\/www.facebook.com\/events\/1662502551846068\/\" target=\"_blank\" rel=\"noreferrer noopener\">nd_baumecker, Jorkes, Vio PRG \u0219i New Disorder<\/a> la Control.<\/li>\n\n\n\n<li><strong><a href=\"https:\/\/www.facebook.com\/events\/1533842314368223\/\">Arapu, Priku \u0219i Zya<\/a> la Guesthouse.<\/strong><\/li>\n\n\n\n<li><a href=\"https:\/\/www.facebook.com\/events\/938605722155864\/\">Empower Rave<\/a> ne promite ni\u0219te hard techno, dnb \u0219i alte asemenea, cu femei la pupitru, de la 23.00, la Encore<\/li>\n<\/ul>\n\n\n\n<h5 class=\"wp-block-heading\" id=\"h-teatru-film-lectura-stand-up\"><strong>Teatru, film, lectur\u0103, stand-up<\/strong><\/h5>\n\n\n\n<ul class=\"wp-block-list\">\n<li><strong>Stand-up cu <a href=\"https:\/\/www.iabilet.ro\/bilete-stand-up-comedy-cu-teo-costel-mincu-vlad-olteanu-la-club-99-124036\/\" target=\"_blank\" rel=\"noreferrer noopener\">Teo, Costel, Mincu &#8211; Vlad Olteanu<\/a> la Club 99, de la 19:30.<\/strong><\/li>\n\n\n\n<li>Se deschide microstagiunea <a href=\"https:\/\/www.grivita53.ro\/\">Barba 90<\/a>, la Teatrul Grivi\u021ba 53 (p\u00e2n\u0103 pe 22 martie).<\/li>\n\n\n\n<li><strong>De la 19.00, Teatrul Coquette ne propune \u201e<a href=\"https:\/\/www.blt.ro\/pestii-dorm.html\" target=\"_blank\" rel=\"noreferrer noopener\">Pe\u0219tii Dorm<\/a>?\u201d.<\/strong><\/li>\n\n\n\n<li>Calup de filme de Ziua Femeii \u00een cadrul \u201c<a href=\"https:\/\/www.facebook.com\/events\/2083137285811269\/\" target=\"_blank\" rel=\"noreferrer noopener\">Womanhood as Labour<\/a>\u201d la CineClub Film Menu, la UNATC; de la 19.00.<\/li>\n\n\n\n<li><strong>De la ora 18.00, <a href=\"https:\/\/www.facebook.com\/events\/2697964020570686\/\" target=\"_blank\" rel=\"noreferrer noopener\">SAC g\u0103zduie\u0219te o lectur\u0103<\/a> a scriitoarelor Lavinia Brani\u0219te, Simona Popescu, Elena Vl\u0103d\u0103reanu \u0219i Nadine Vl\u0103descu, printre obiectele-text din expozi\u021bia \u201eCum stai?\u201d.<\/strong><\/li>\n\n\n\n<li>Mai sunt c\u00e2teva bilete la <a href=\"https:\/\/m.iabilet.ro\/bilete-monoloagele-vaginului-121109\/\" target=\"_blank\" rel=\"noreferrer noopener\">Monoloagele Vaginului<\/a>, la Teatrul \u00cen Culise.<\/li>\n<\/ul>\n\n\n\n<h2 class=\"wp-block-heading\" id=\"h-duminica-8-martie\">Duminic\u0103, 8 martie<\/h2>\n\n\n\n<p class=\"wp-block-paragraph\"><a href=\"https:\/\/www.facebook.com\/IndiainRomania\/posts\/-celebrate-the-festival-of-colors-with-us-embassy-of-india-warmly-invites-indian\/1235858015365572\/\"><\/a>De la 20.00, ultima etap\u0103 a sezonului regulat pune fa\u021b\u0103-n-fa\u021b\u0103 pe ocupantele primelor dou\u0103 locuri, <a href=\"https:\/\/www.entertix.ro\/bilete\/36022\/fc-rapid-universitatea-craiova-8-martie-2026-stadion-rapid-giulesti-bucuresti.html\" target=\"_blank\" rel=\"noreferrer noopener\">Craiova \u0219i Rapid<\/a>, pe stadionul Giule\u0219ti.<\/p>\n\n\n\n<h5 class=\"wp-block-heading\" id=\"h-muzica-party-0\"><strong>Muzic\u0103, party<\/strong><\/h5>\n\n\n\n<ul class=\"wp-block-list\">\n<li><strong><a href=\"https:\/\/zilesinopti.ro\/evenimente\/maria-raducanu-teatrul-de-arta\/\" target=\"_blank\" rel=\"noreferrer noopener\">Maria R\u0103ducanu<\/a> concerteaz\u0103 la Teatrul de Art\u0103.<\/strong><\/li>\n\n\n\n<li><a href=\"https:\/\/eventbook.ro\/music\/bilete-saraimanic-lautaresele-08-03-expirat\">L\u0103ut\u0103re<\/a><a href=\"https:\/\/eventbook.ro\/music\/bilete-saraimanic-lautaresele-08-03-expirat\" target=\"_blank\" rel=\"noreferrer noopener\">s<\/a><a href=\"https:\/\/eventbook.ro\/music\/bilete-saraimanic-lautaresele-08-03-expirat\">ele<\/a> pun Expiratul pe jar, open doors de la 20.00.<\/li>\n\n\n\n<li><strong>Women in Control, indie-pop live, cu <a href=\"https:\/\/www.facebook.com\/events\/24962376993463409\/\" target=\"_blank\" rel=\"noreferrer noopener\">Andra Andriuc\u0103 &amp; Valeria Stoica<\/a>, de la 19.00.<\/strong><\/li>\n\n\n\n<li>Ana Coman lanseaz\u0103 albumul <a href=\"https:\/\/www.facebook.com\/events\/2731392687203158\/\" target=\"_blank\" rel=\"noreferrer noopener\">Reac\u021bii adverse<\/a>, la Quantic, de la 19.00.<\/li>\n\n\n\n<li><strong>Tribut David Sanborn cu <a href=\"https:\/\/www.facebook.com\/events\/1419806409702747\/\" target=\"_blank\" rel=\"noreferrer noopener\">R\u0103zvan Trifan<\/a>, la Jazzbok, de la 20.00.<\/strong><\/li>\n\n\n\n<li>Concert folk la <a href=\"https:\/\/www.facebook.com\/events\/2277626076095353\/\" target=\"_blank\" rel=\"noreferrer noopener\">Terasa Florilor<\/a> cu Dan Vasilescu (30 de lei biletul).<\/li>\n\n\n\n<li><strong>Concert live <a href=\"https:\/\/www.facebook.com\/events\/1441112924331073\/\" target=\"_blank\" rel=\"noreferrer noopener\">Sofia Zadar \u0219i performance de poezie cu Clara Caradimu \u0219i Cosmina Moro\u0219an<\/a>, de la 16.00, la Reziden\u021ba9.<\/strong><\/li>\n\n\n\n<li><a href=\"https:\/\/www.facebook.com\/events\/1377687977378079\/\">Admina, Chlorys \u0219i von B\u00fclove<\/a>, la Control, de la 19.00.<\/li>\n\n\n\n<li><strong><a href=\"https:\/\/www.facebook.com\/events\/1431927011754694\/\">Trinkets<\/a> &#8211; Trinkova DJ Set &#8211; la Londohome, de la ora 19.00.<\/strong><\/li>\n\n\n\n<li><a href=\"https:\/\/www.facebook.com\/events\/839622285787674\/\" target=\"_blank\" rel=\"noreferrer noopener\">Un omagiu muzical<\/a> de Ziua Femeii la Caru\u2019 cu Bere (ora 14, Salonul Regal).<\/li>\n<\/ul>\n\n\n\n<h5 class=\"wp-block-heading\" id=\"h-brain-bloom-tur-de-street-art-drag-cabaret-\u0219i-dialog-filosofic\">Brain Bloom, tur de street art, drag cabaret \u0219i dialog filosofic<\/h5>\n\n\n\n<ul class=\"wp-block-list\">\n<li><strong>De la 18.00, la \/SAC @ Malmaison (Calea Plevnei 137C, \u00een incinta Iprochim corp B, etaj 2) are loc vernisajul expozi\u021biei de grup \u201c<a href=\"https:\/\/www.facebook.com\/events\/1638036840553615\/\" target=\"_blank\" rel=\"noreferrer noopener\">Brain Bloom<\/a>\u201d.<\/strong><\/li>\n\n\n\n<li>De la 10.00, pornim la pas \u00een c\u0103utarea street art-ului din ora\u0219, \u00een cadrul <a href=\"https:\/\/www.facebook.com\/events\/929809732925231\/\" target=\"_blank\" rel=\"noreferrer noopener\">Alternative Bucharest Tour<\/a>.<\/li>\n\n\n\n<li><strong><a href=\"https:\/\/www.facebook.com\/IndiainRomania\/posts\/-celebrate-the-festival-of-colors-with-us-embassy-of-india-warmly-invites-indian\/1235858015365572\/\" target=\"_blank\" rel=\"noreferrer noopener\">Holi<\/a> &#8211; vibrantul festival indian al culorilor se s\u0103rb\u0103tore\u0219te de la 11.00, la nJOY.<\/strong><\/li>\n\n\n\n<li><a href=\"https:\/\/www.facebook.com\/events\/768937562955218\/\" target=\"_blank\" rel=\"noreferrer noopener\">Prezen\u021be feminine<\/a>, atelier \u0219i tur ghidat cu Liliana Basarab \u0219i M\u0103lina Ionescu la MNAC, de la 14.00.<\/li>\n\n\n\n<li><strong><a href=\"https:\/\/www.facebook.com\/events\/1593941184981336\/\" target=\"_blank\" rel=\"noreferrer noopener\">Drag Cabaret Beni Mihai<\/a> la Lloyd\u2019s, de la 17.00.<\/strong><\/li>\n\n\n\n<li>De la 16:00, Sonia Ivanovici prezint\u0103 un dialog filosofic \u201e<a href=\"https:\/\/www.facebook.com\/events\/4538185743161865\/\" target=\"_blank\" rel=\"noreferrer noopener\">Despre Frumuse\u021be<\/a>\u201d, la&nbsp; Noua Acropol\u0103 Bucure\u0219ti (Str. Bucegi nr. 41)<\/li>\n<\/ul>\n\n\n\n<h2 class=\"wp-block-heading\" id=\"h-film\"><strong>Film<\/strong><\/h2>\n\n\n\n<ul class=\"wp-block-list\">\n<li><strong>De la 12:30, <a href=\"https:\/\/www.facebook.com\/events\/1410756874180913\/\" target=\"_blank\" rel=\"noreferrer noopener\">C\u00e9sar et Rosalie<\/a> ruleaz\u0103 la Elvire Popesco.<\/strong><\/li>\n\n\n\n<li>De la 20.00, la Trei Be\u021bivi are loc proiec\u021bia filmului <a href=\"https:\/\/www.facebook.com\/events\/2501109860379467\/\" target=\"_blank\" rel=\"noreferrer noopener\">Frances Ha<\/a>.<\/li>\n\n\n\n<li><strong><a href=\"https:\/\/www.facebook.com\/events\/26165596173070197\/\">Spaghetti Western Night<\/a> la M\u021aR cu proiec\u021bia a dou\u0103 filme &#8211; Django (1966), de la 18.00, \u0219i <a href=\"https:\/\/eventbook.ro\/film\/bilete-testa-o-croce-visuali-italiane\" target=\"_blank\" rel=\"noreferrer noopener\">Testa o Croce<\/a>, de la 20:30, plus o discu\u021bie cu Drago\u0219 Vasile \u00eentre cele dou\u0103 proiec\u021bii, gra\u021bie <a href=\"https:\/\/www.facebook.com\/events\/26165596173070197\/\" target=\"_blank\" rel=\"noreferrer noopener\">Visuali Italiene 2026<\/a>.<\/strong><\/li>\n<\/ul>\n\n\n\n<h2 class=\"wp-block-heading\" id=\"h-luni-9-martie\">Luni, 9 martie<\/h2>\n\n\n\n<ul class=\"wp-block-list\">\n<li>Expozi\u021bie despre <a href=\"https:\/\/curatorial.ro\/arta\/scris-de-mana-expozitie-elite-art-gallery\/\" target=\"_blank\" rel=\"noreferrer noopener\">scrisul de m\u00e2n\u0103<\/a>, la Elite Art Gallery.<\/li>\n\n\n\n<li><a href=\"https:\/\/www.facebook.com\/events\/807207085046769\/\" target=\"_blank\" rel=\"noreferrer noopener\">Change my Mind<\/a>, la Centrul Ceh, \u00een cadrul Documentary Mondays, de la 19:30.<\/li>\n\n\n\n<li><strong>Serala de la Londohome \u00eel g\u0103zduie\u0219te pe Mircea Toma, care va plonja \u00een \u201e<a href=\"https:\/\/www.facebook.com\/events\/1505206137802701\/1505206164469365\/?active_tab=about\" target=\"_blank\" rel=\"noreferrer noopener\">Istoria universal\u0103 a infamiei<\/a>\u201d<\/strong><\/li>\n\n\n\n<li>Jazz, soul, hip-hop cu <a href=\"https:\/\/www.facebook.com\/events\/1868321203876568\/\" target=\"_blank\" rel=\"noreferrer noopener\">Bel Cobain<\/a>, la Control.<\/li>\n\n\n\n<li><strong>Avanpremier\u0103 <a href=\"https:\/\/www.facebook.com\/events\/1241382834225771\/\" target=\"_blank\" rel=\"noreferrer noopener\">Sound of Falling<\/a> \u2013 Singure sub soare, la Goethe-Institut.<\/strong><\/li>\n\n\n\n<li>\u00cencepe <a href=\"https:\/\/www.facebook.com\/events\/874990665152781\/\" target=\"_blank\" rel=\"noreferrer noopener\">The Sound of Cinema Week<\/a>, la Cinema Europa.<\/li>\n\n\n\n<li><strong><a href=\"https:\/\/www.facebook.com\/events\/1097816272482684\/\" target=\"_blank\" rel=\"noreferrer noopener\">Femei Neru\u0219inate<\/a> &#8211; atelier de dezvoltare personal\u0103 la Art&amp;Hobby Studio, de la 19.00.<\/strong><\/li>\n\n\n\n<li><a href=\"https:\/\/www.facebook.com\/events\/920027370573025\/\" target=\"_blank\" rel=\"noreferrer noopener\">Mare degustare de mucenici<\/a>, la Corks.<\/li>\n\n\n\n<li><strong>\u00cencepe <a href=\"https:\/\/www.facebook.com\/events\/886560374249078\/\" target=\"_blank\" rel=\"noreferrer noopener\">Pyjama Dance<\/a>, workshop-ul de REM Movement la Linotip cu Vlad Furtun\u0103.<\/strong><\/li>\n\n\n\n<li>Orchestra Inginerilor \u201ePetru Ghenghea\u201d marcheaz\u0103 70 de ani de existen\u021b\u0103 cu un <a href=\"https:\/\/www.facebook.com\/events\/844827321915637\/\" target=\"_blank\" rel=\"noreferrer noopener\">concert aniversar<\/a> \u021binut la Ateneul Rom\u00e2n.<\/li>\n\n\n\n<li><strong>Dialoguri cu <a href=\"https:\/\/m.iabilet.ro\/bilete-femei-care-inspira-121525\/\" target=\"_blank\" rel=\"noreferrer noopener\">Femei care ne inspir\u0103<\/a>, la Opera Na\u021bional\u0103 Bucure\u0219ti.<\/strong><\/li>\n<\/ul>\n\n\n\n<h2 class=\"wp-block-heading\" id=\"h-mar\u021bi-10-martie\">Mar\u021bi, 10 martie<\/h2>\n\n\n\n<figure class=\"wp-block-image size-large\"><img decoding=\"async\" width=\"1000\" height=\"309\" src=\"data:image\/gif;base64,R0lGODlhAQABAAAAACH5BAEKAAEALAAAAAABAAEAAAICTAEAOw==\" data-src=\"https:\/\/buletin.de\/bucuresti\/wp-content\/uploads\/2026\/03\/image-9-1000x309.png\" alt=\"\" class=\"wp-image-178385 lazyload\" data-sizes=\"auto\" data-srcset=\"https:\/\/buletin.de\/bucuresti\/wp-content\/uploads\/2026\/03\/image-9-1000x309.png 1000w, https:\/\/buletin.de\/bucuresti\/wp-content\/uploads\/2026\/03\/image-9-300x93.png 300w, https:\/\/buletin.de\/bucuresti\/wp-content\/uploads\/2026\/03\/image-9-768x238.png 768w, https:\/\/buletin.de\/bucuresti\/wp-content\/uploads\/2026\/03\/image-9-1100x340.png 1100w, https:\/\/buletin.de\/bucuresti\/wp-content\/uploads\/2026\/03\/image-9-600x186.png 600w, https:\/\/buletin.de\/bucuresti\/wp-content\/uploads\/2026\/03\/image-9-20x6.png 20w, https:\/\/buletin.de\/bucuresti\/wp-content\/uploads\/2026\/03\/image-9.png 1118w\" sizes=\"(max-width: 1000px) 100vw, 1000px\" \/><figcaption class=\"wp-element-caption\">Recomand\u0103ri culturale pentru 6-12 martie<\/figcaption><\/figure>\n\n\n\n<ul class=\"wp-block-list\">\n<li><strong><a href=\"https:\/\/www.facebook.com\/events\/2158153474940183\/\" target=\"_blank\" rel=\"noreferrer noopener\">Mid Point<\/a> \u00eembin\u0103 funk cu punk, rock cu pop \u0219i ni\u0219te indie la Zadar Bar<\/strong>.<\/li>\n\n\n\n<li>Lansarea <a href=\"https:\/\/www.facebook.com\/events\/1983173955950444\/\" target=\"_blank\" rel=\"noreferrer noopener\">Freedom of Thought Report<\/a>, raportul anual publicat de Humanists International, la Humanitas de pe Lipscani.<\/li>\n\n\n\n<li><strong>Mai sunt c\u00e2teva bilete la <a href=\"https:\/\/teatrul-excelsior.ro\/spectacol\/punk-rock\/\" type=\"link\" id=\"https:\/\/teatrul-excelsior.ro\/spectacol\/punk-rock\/\" target=\"_blank\" rel=\"noreferrer noopener\">Punk Rock<\/a>, la Excelsior, despre adolescen\u021ba care r\u0103m\u00e2ne complicat\u0103 indiferent de deceniu.<\/strong><\/li>\n\n\n\n<li><a href=\"https:\/\/www.facebook.com\/events\/1578243853473497\/\" target=\"_blank\" rel=\"noreferrer noopener\">Bulevardele Bucure\u0219tiului<\/a>, \u00een cadrul \u201eBucure\u0219tii \u00eentre regul\u0103 \u0219i \u00eent\u00e2mplare. O lectur\u0103 critic\u0103 a form\u0103rii \u0219i transform\u0103rii Capitalei\u201d, la Arcub, de la 17.00.<\/li>\n\n\n\n<li><strong><a href=\"https:\/\/events.upb.ro\/teatrul-de-marti\/\">Omul Pern\u0103<\/a> la UPB; adus de UNATC<\/strong>.<\/li>\n\n\n\n<li>\u201e<a href=\"https:\/\/www.facebook.com\/events\/1452729756236846\/1452729759570179\/?active_tab=about\" target=\"_blank\" rel=\"noreferrer noopener\">A\u0219a gr\u0103it-a<\/a>\u201d are premiera la UNATC, de la 19.00.<\/li>\n\n\n\n<li><strong><a href=\"https:\/\/haisasocializam.ro\/produs\/seara-de-socializare-la-board-games-83-fabrica-club\" target=\"_blank\" rel=\"noreferrer noopener\">Seara de socializare<\/a> la Board Games la Fabrica.<\/strong><\/li>\n\n\n\n<li><a href=\"https:\/\/www.yellowtickets.ro\/bilete\/metallica-tribute-2026\" target=\"_blank\" rel=\"noreferrer noopener\">Tribut Metallica<\/a> la Ber\u0103ria H, cu Justice Inc.<\/li>\n\n\n\n<li><strong>C\u0103 tot e Iranul \u00een aten\u021bia planetei, hai la <a href=\"https:\/\/eventbook.ro\/film\/bilete-nowruz-la-persepolis\" target=\"_blank\" rel=\"noreferrer noopener\">Nowruz la Persepolis<\/a>, la M\u021aR, de la 19:30<\/strong><\/li>\n<\/ul>\n\n\n\n<h2 class=\"wp-block-heading\" id=\"h-miercuri-11-martie\">Miercuri, 11 martie<\/h2>\n\n\n\n<figure class=\"wp-block-image size-large\"><img loading=\"lazy\" decoding=\"async\" width=\"1000\" height=\"523\" src=\"data:image\/gif;base64,R0lGODlhAQABAAAAACH5BAEKAAEALAAAAAABAAEAAAICTAEAOw==\" data-src=\"https:\/\/buletin.de\/bucuresti\/wp-content\/uploads\/2026\/03\/image-10-1000x523.png\" alt=\"\" class=\"wp-image-178387 lazyload\" data-sizes=\"auto\" data-srcset=\"https:\/\/buletin.de\/bucuresti\/wp-content\/uploads\/2026\/03\/image-10-1000x523.png 1000w, https:\/\/buletin.de\/bucuresti\/wp-content\/uploads\/2026\/03\/image-10-300x157.png 300w, https:\/\/buletin.de\/bucuresti\/wp-content\/uploads\/2026\/03\/image-10-768x402.png 768w, https:\/\/buletin.de\/bucuresti\/wp-content\/uploads\/2026\/03\/image-10-1536x804.png 1536w, https:\/\/buletin.de\/bucuresti\/wp-content\/uploads\/2026\/03\/image-10-1600x838.png 1600w, https:\/\/buletin.de\/bucuresti\/wp-content\/uploads\/2026\/03\/image-10-1100x576.png 1100w, https:\/\/buletin.de\/bucuresti\/wp-content\/uploads\/2026\/03\/image-10-600x314.png 600w, https:\/\/buletin.de\/bucuresti\/wp-content\/uploads\/2026\/03\/image-10-20x10.png 20w, https:\/\/buletin.de\/bucuresti\/wp-content\/uploads\/2026\/03\/image-10.png 1920w\" sizes=\"(max-width: 1000px) 100vw, 1000px\" \/><figcaption class=\"wp-element-caption\">Recomand\u0103ri culturale pentru 6-12 martie<\/figcaption><\/figure>\n\n\n\n<ul class=\"wp-block-list\">\n<li><strong><a href=\"https:\/\/bilete.emagic.ro\/?p=event&amp;e=35492\" target=\"_blank\" rel=\"noreferrer noopener\">The Mono Jacks<\/a> la Control.<\/strong><\/li>\n\n\n\n<li><a href=\"https:\/\/www.facebook.com\/events\/s\/kadjavsi-expirat-1103\/855548440851636\/?rdid=sKSXFScUexKq2Haj&amp;share_url=https%3A%2F%2Fwww.facebook.com%2Fshare%2F1GpxSfDxra%2F#\" target=\"_blank\" rel=\"noreferrer noopener\">KADJAVSI<\/a> &#8211; live la Expirat, de la 20.00.<\/li>\n\n\n\n<li><strong>Sear\u0103 de folclor pe Calea Victoriei &#8211; <a href=\"https:\/\/www.facebook.com\/events\/2452619171864392\/2452619195197723\/?active_tab=about\" target=\"_blank\" rel=\"noreferrer noopener\">Z\u0103ganu x Centrul Cultural Subcarpa\u021bi<\/a><\/strong>.<\/li>\n\n\n\n<li>Violonistul <a href=\"https:\/\/www.bilete.ro\/andrei-ionita-orchestra-de-camera-radio\/andrei-ionita-orchestra-de-camera-radio-11-mar-2026\/\" target=\"_blank\" rel=\"noreferrer noopener\">Andrei Ioni\u021b\u0103<\/a> revine la Sala Radio.<\/li>\n\n\n\n<li><strong><a href=\"https:\/\/www.facebook.com\/events\/2107039156812600\/\" target=\"_blank\" rel=\"noreferrer noopener\">WEST MEETS EAST \u2013 A Cultural Book Exchange<\/a>, edi\u021bia a 15-a, la MNLR, de la 18.00.<\/strong><\/li>\n\n\n\n<li><a href=\"https:\/\/www.facebook.com\/events\/1553636135747410\/\" target=\"_blank\" rel=\"noreferrer noopener\">Un loc sigur<\/a> la Elvire Popesco &#8211; proiec\u021bie special\u0103 \u00een prezen\u021ba echipei.<\/li>\n\n\n\n<li><strong><a href=\"https:\/\/www.facebook.com\/events\/1592670425375418\/\" target=\"_blank\" rel=\"noreferrer noopener\">Escadrila Alb\u0103<\/a> la Casa Kerim.<\/strong><\/li>\n\n\n\n<li>Dezbatere \u201e<a href=\"https:\/\/www.facebook.com\/events\/1215867166999926\/\" target=\"_blank\" rel=\"noreferrer noopener\">Mai e posibil\u0103 o copil\u0103rie f\u0103r\u0103 telefon<\/a>?\u201d la Reziden\u021ba9, de la 18.00.<\/li>\n\n\n\n<li><strong><a href=\"https:\/\/www.facebook.com\/events\/1424907228966562\/1424907235633228\/?active_tab=about\" target=\"_blank\" rel=\"noreferrer noopener\">International Quiz Night<\/a> la 1UP Gamers Pub, de la 19:30<\/strong>.<\/li>\n\n\n\n<li>O or\u0103 de <a href=\"https:\/\/www.facebook.com\/events\/1572572867327559\/1572572883994224\/?active_tab=about\" target=\"_blank\" rel=\"noreferrer noopener\">Lindy Hop pentru \u00eencep\u0103tori<\/a>, de la 19:30, la Deka Dance Academy.<\/li>\n\n\n\n<li><strong><a href=\"https:\/\/www.facebook.com\/events\/2343801616124364\/\" target=\"_blank\" rel=\"noreferrer noopener\">Curs de prim ajutor<\/a> la Education Point, \u00een Amzei.<\/strong><\/li>\n\n\n\n<li><a href=\"https:\/\/www.facebook.com\/events\/718400997893705\/\" target=\"_blank\" rel=\"noreferrer noopener\">Tiberian Continuum<\/a> la Jazzbook.<\/li>\n\n\n\n<li><strong><a href=\"https:\/\/www.facebook.com\/events\/1978518976881991\/\">Istorie Tr\u0103it\u0103, Via\u021b\u0103 Scris\u0103<\/a> &#8211; un eveniment inspirat din via\u021ba Elsei Morante la Institutul Italian, de la 18.00.<\/strong><\/li>\n\n\n\n<li><a href=\"https:\/\/bilete.spectacoleprestige.ro\/bilete-antiportret-de-familie-121886\/?utm_campaign&amp;utm_term\" target=\"_blank\" rel=\"noreferrer noopener\">Antiportret de Familie<\/a>, la Sala Luceaf\u0103rul.<\/li>\n<\/ul>\n\n\n\n<h2 class=\"wp-block-heading\" id=\"h-joi-12-martie\">Joi, 12 martie<\/h2>\n\n\n\n<ul class=\"wp-block-list\">\n<li><strong>Se lanseaz\u0103 volumul \u201e<a href=\"https:\/\/www.facebook.com\/events\/1476955013853115\/\" target=\"_blank\" rel=\"noreferrer noopener\">Parcuri publice din Rom\u00e2nia. Ipostaze ale moderniz\u0103rii urbane (1831\u20131918)<\/a>\u201d, semnat de Alexandru Mexi.<\/strong><\/li>\n\n\n\n<li>Punk din Vaslui &#8211; Martalogii &amp; Brainwasher lanseaz\u0103 \u201e<a href=\"https:\/\/www.iabilet.ro\/site\/event\/123219\/\" target=\"_blank\" rel=\"noreferrer noopener\">\u0218lag\u0103re de recesiune<\/a>\u201d la Expirat.<\/li>\n\n\n\n<li><strong>Expozi\u021bie de pictur\u0103 \u0219i sculptur\u0103 la M\u021aR, \u201e<a href=\"https:\/\/www.facebook.com\/events\/932829403025577\/932829406358910\/?active_tab=about\" target=\"_blank\" rel=\"noreferrer noopener\">Drumul p\u00e2inii \u2013 de la s\u0103m\u00e2n\u021b\u0103 la ritual<\/a>\u201d.<\/strong><\/li>\n\n\n\n<li>De la 19:00, la Centrul Ceh Bucure\u0219ti <a href=\"https:\/\/www.facebook.com\/events\/1930758907540368\/\" target=\"_blank\" rel=\"noreferrer noopener\">se reunesc arti\u0219ti, curatori \u0219i publicul interesat <\/a>de noile ini\u021biative culturale din sud-estul Europei.<\/li>\n\n\n\n<li><strong>&#8220;<a href=\"https:\/\/www.facebook.com\/events\/1251867940371768\/\" target=\"_blank\" rel=\"noreferrer noopener\">Night and day<\/a>&#8221;&nbsp; pe Mircea Vulc\u0103nescu 23, la Zadar Bar, de la 20.00.<\/strong><\/li>\n\n\n\n<li>Centrul Artelor Vizuale Multimedia (Strada Biserica Enei nr. 16) g\u0103zduie\u0219te finisajul expozi\u021biei de grup \u201e<a href=\"https:\/\/www.facebook.com\/events\/1845075472839014\/\" target=\"_blank\" rel=\"noreferrer noopener\">Dark Entanglements<\/a>\u201d, de la ora 19.00.<\/li>\n\n\n\n<li><strong><a href=\"https:\/\/www.facebook.com\/photo\/?fbid=1403972161775166\" target=\"_blank\" rel=\"noreferrer noopener\">Dirty Disco la Control<\/a>, de la 22.00.<\/strong><\/li>\n\n\n\n<li><a href=\"https:\/\/bilete.quantic.pub\/bilete-conexiuni-viata-de-rocker-121990\/\" target=\"_blank\" rel=\"noreferrer noopener\">Conexiuni &#8211; Via\u021ba de Rocker<\/a>, de la ora 19.00, la Quantic.<\/li>\n\n\n\n<li><strong><a href=\"https:\/\/www.facebook.com\/events\/1255388829841952\/\" target=\"_blank\" rel=\"noreferrer noopener\">Expozi\u021bia personal\u0103 a lui Denis Nanciu<\/a>, la M\u021aR<\/strong><\/li>\n\n\n\n<li>Macanache vine ca invitat special la filmarea \u201e<a href=\"https:\/\/www.facebook.com\/events\/1561631578243834\/\" target=\"_blank\" rel=\"noreferrer noopener\">D\u0103-i Blan\u0103<\/a>\u201d, de pe Nerva Traian.<\/li>\n\n\n\n<li><strong>LeiLei Gallery ne propune un tur ghidat \u00een expozi\u021bia de grup \u201e<a href=\"https:\/\/www.facebook.com\/events\/2358726477962993\/\" target=\"_blank\" rel=\"noreferrer noopener\">Living Flesh<\/a>\u201d.<\/strong><\/li>\n\n\n\n<li>IOMO Gallery aniverseaz\u0103 5 ani cu <a href=\"https:\/\/www.facebook.com\/events\/1395117941927479\/\" target=\"_blank\" rel=\"noreferrer noopener\">Progress is not a straight line<\/a>.<\/li>\n\n\n\n<li><strong><a href=\"https:\/\/teatruldearta.ro\/events\/insomniacii-552-603\/\" target=\"_blank\" rel=\"noreferrer noopener\">Insomniacii<\/a> de Mimi Br\u0103nescu la Teatrul de Art\u0103.<\/strong><\/li>\n\n\n\n<li><a href=\"https:\/\/www.facebook.com\/events\/1451466919868932\/\" target=\"_blank\" rel=\"noreferrer noopener\">Afterglow Collective<\/a> se adun\u0103 la Pamela Cafe Bar.<\/li>\n\n\n\n<li><strong>La MNAC se lanseaz\u0103 <a href=\"https:\/\/www.facebook.com\/events\/1458494562488150\/\" target=\"_blank\" rel=\"noreferrer noopener\">catalogul Puls 22<\/a>.<\/strong><\/li>\n\n\n\n<li><a href=\"https:\/\/www.facebook.com\/events\/903316115782595\/\">ALTcenaclu<\/a> la Londohome, de la 19.00.<\/li>\n\n\n\n<li><strong><a href=\"https:\/\/www.bilet.ro\/eveniment\/anticlimax-16094-51493\" target=\"_blank\" rel=\"noreferrer noopener\">Anticlimax<\/a> \u0219i <a href=\"https:\/\/www.bilet.ro\/eveniment\/compassion-17752-57213\" target=\"_blank\" rel=\"noreferrer noopener\">Compassion<\/a> la Teatrul Dramaturgilor Rom\u00e2ni.<\/strong><\/li>\n<\/ul>\n\n\n\n<p class=\"wp-block-paragraph\"><strong>CITE\u0218TE \u0218I <a href=\"https:\/\/buletin.de\/bucuresti\/sectorul-3-supraliciteaza-in-razboiul-cu-pacanenele-proiect-anuntat-in-consiliul-local-3\/\">Sectorul 3 \u201esupraliciteaz\u0103\u201d \u00een r\u0103zboiul cu p\u0103c\u0103nenele. Proiect anun\u021bat \u00een Consiliul Local 3<\/a><\/strong><\/p>\n\n\n\n<p class=\"wp-block-paragraph\"><\/p>\n","protected":false},"excerpt":{"rendered":"<p>Slav\u0103 cerului, avem oficial prim\u0103var\u0103, ciripesc p\u0103s\u0103ri pe care nu le-am mai auzit de ceva timp \u0219i z\u0103pezile ce p\u0103reau eterne aproape c\u0103 s-au topit. Marc\u0103m, ca \u021bar\u0103, o nou\u0103 participare la Eurovision &#8211; Rom\u00e2nia va merge \u00een mai, la Viena, cu piesa \u201eChoke Me\u201d (?) c\u00e2ntat\u0103 de Alexandra C\u0103pit\u0103nescu. Tot Rom\u00e2nia, prin Ministerul Culturii, [&hellip;]<\/p>\n","protected":false},"author":20,"featured_media":178390,"comment_status":"closed","ping_status":"open","sticky":false,"template":"","format":"standard","meta":{"_acf_changed":false,"inline_featured_image":false,"ngg_post_thumbnail":0,"footnotes":""},"categories":[81,5762,26872],"tags":[4364],"ppma_author":[22608],"class_list":["post-178380","post","type-post","status-publish","format-standard","has-post-thumbnail","hentry","category-cultura","category-main","category-recomandari-culturale","tag-recomandari"],"acf":[],"a3_pvc":{"activated":false,"total_views":0,"today_views":0},"yoast_head":"<!-- This site is optimized with the Yoast SEO Premium plugin v28.0 (Yoast SEO v28.4) - https:\/\/yoast.com\/product\/yoast-seo-premium-wordpress\/ -->\n<title>Agenda Urban\u0103 cu Cosmin @ Buletin: Recomand\u0103ri culturale p\u00e2n\u0103 pe 12 martie - Buletin de Bucure\u0219ti<\/title>\n<meta name=\"description\" content=\"Recomand\u0103ri culturale pentru 6-12 martie. Slav\u0103 cerului, avem oficial prim\u0103var\u0103, ciripesc p\u0103s\u0103ri pe care nu le-am mai auzit de ceva timp.\" \/>\n<meta name=\"robots\" content=\"index, follow, max-snippet:-1, max-image-preview:large, max-video-preview:-1\" \/>\n<link rel=\"canonical\" href=\"https:\/\/buletin.de\/bucuresti\/agenda-urbana-cu-cosmin-buletin-ce-facem-in-week-end-recomandari-culturale-pentru-6-12-martie\/\" \/>\n<meta property=\"og:locale\" content=\"en_GB\" \/>\n<meta property=\"og:type\" content=\"article\" \/>\n<meta property=\"og:title\" content=\"Agenda Urban\u0103 cu Cosmin @ Buletin: Recomand\u0103ri culturale p\u00e2n\u0103 pe 12 martie\" \/>\n<meta property=\"og:description\" content=\"Recomand\u0103ri culturale pentru 6-12 martie. Slav\u0103 cerului, avem oficial prim\u0103var\u0103, ciripesc p\u0103s\u0103ri pe care nu le-am mai auzit de ceva timp.\" \/>\n<meta property=\"og:url\" content=\"https:\/\/buletin.de\/bucuresti\/agenda-urbana-cu-cosmin-buletin-ce-facem-in-week-end-recomandari-culturale-pentru-6-12-martie\/\" \/>\n<meta property=\"og:site_name\" content=\"Buletin de Bucure\u0219ti\" \/>\n<meta property=\"article:publisher\" content=\"https:\/\/www.facebook.com\/buletin.de.buc\" \/>\n<meta property=\"article:published_time\" content=\"2026-03-08T05:02:58+00:00\" \/>\n<meta property=\"article:modified_time\" content=\"2026-03-09T05:42:31+00:00\" \/>\n<meta property=\"og:image\" content=\"https:\/\/buletin.de\/bucuresti\/wp-content\/uploads\/2026\/03\/PXL_20260301_160702868.MP_.jpg\" \/>\n\t<meta property=\"og:image:width\" content=\"1485\" \/>\n\t<meta property=\"og:image:height\" content=\"836\" \/>\n\t<meta property=\"og:image:type\" content=\"image\/jpeg\" \/>\n<meta name=\"author\" content=\"Cosmin Pojoranu\" \/>\n<meta name=\"twitter:card\" content=\"summary_large_image\" \/>\n<meta name=\"twitter:label1\" content=\"Written by\" \/>\n\t<meta name=\"twitter:data1\" content=\"Cosmin Pojoranu\" \/>\n\t<meta name=\"twitter:label2\" content=\"Estimated reading time\" \/>\n\t<meta name=\"twitter:data2\" content=\"10 minutes\" \/>\n<script type=\"application\/ld+json\" class=\"yoast-schema-graph\">{\"@context\":\"https:\\\/\\\/schema.org\",\"@graph\":[{\"@type\":\"Article\",\"@id\":\"https:\\\/\\\/buletin.de\\\/bucuresti\\\/agenda-urbana-cu-cosmin-buletin-ce-facem-in-week-end-recomandari-culturale-pentru-6-12-martie\\\/#article\",\"isPartOf\":{\"@id\":\"https:\\\/\\\/buletin.de\\\/bucuresti\\\/agenda-urbana-cu-cosmin-buletin-ce-facem-in-week-end-recomandari-culturale-pentru-6-12-martie\\\/\"},\"author\":{\"name\":\"Cosmin Pojoranu\",\"@id\":\"https:\\\/\\\/buletin.de\\\/bucuresti\\\/#\\\/schema\\\/person\\\/c3764529f4c88241f87b488f20cccc13\"},\"headline\":\"Agenda Urban\u0103 cu Cosmin @ Buletin: Recomand\u0103ri culturale p\u00e2n\u0103 pe 12 martie\",\"datePublished\":\"2026-03-08T05:02:58+00:00\",\"dateModified\":\"2026-03-09T05:42:31+00:00\",\"mainEntityOfPage\":{\"@id\":\"https:\\\/\\\/buletin.de\\\/bucuresti\\\/agenda-urbana-cu-cosmin-buletin-ce-facem-in-week-end-recomandari-culturale-pentru-6-12-martie\\\/\"},\"wordCount\":1995,\"publisher\":{\"@id\":\"https:\\\/\\\/buletin.de\\\/bucuresti\\\/#organization\"},\"image\":{\"@id\":\"https:\\\/\\\/buletin.de\\\/bucuresti\\\/agenda-urbana-cu-cosmin-buletin-ce-facem-in-week-end-recomandari-culturale-pentru-6-12-martie\\\/#primaryimage\"},\"thumbnailUrl\":\"https:\\\/\\\/buletin.de\\\/bucuresti\\\/wp-content\\\/uploads\\\/2026\\\/03\\\/PXL_20260301_160702868.MP_.jpg\",\"keywords\":[\"recomandari\"],\"articleSection\":[\"Cultur\u0103\",\"Main\",\"Recomand\u0103ri culturale\"],\"inLanguage\":\"en-GB\",\"copyrightYear\":\"2026\",\"copyrightHolder\":{\"@id\":\"https:\\\/\\\/buletin.de\\\/bucuresti\\\/#organization\"}},{\"@type\":\"WebPage\",\"@id\":\"https:\\\/\\\/buletin.de\\\/bucuresti\\\/agenda-urbana-cu-cosmin-buletin-ce-facem-in-week-end-recomandari-culturale-pentru-6-12-martie\\\/\",\"url\":\"https:\\\/\\\/buletin.de\\\/bucuresti\\\/agenda-urbana-cu-cosmin-buletin-ce-facem-in-week-end-recomandari-culturale-pentru-6-12-martie\\\/\",\"name\":\"Agenda Urban\u0103 cu Cosmin @ Buletin: Recomand\u0103ri culturale p\u00e2n\u0103 pe 12 martie - Buletin de Bucure\u0219ti\",\"isPartOf\":{\"@id\":\"https:\\\/\\\/buletin.de\\\/bucuresti\\\/#website\"},\"primaryImageOfPage\":{\"@id\":\"https:\\\/\\\/buletin.de\\\/bucuresti\\\/agenda-urbana-cu-cosmin-buletin-ce-facem-in-week-end-recomandari-culturale-pentru-6-12-martie\\\/#primaryimage\"},\"image\":{\"@id\":\"https:\\\/\\\/buletin.de\\\/bucuresti\\\/agenda-urbana-cu-cosmin-buletin-ce-facem-in-week-end-recomandari-culturale-pentru-6-12-martie\\\/#primaryimage\"},\"thumbnailUrl\":\"https:\\\/\\\/buletin.de\\\/bucuresti\\\/wp-content\\\/uploads\\\/2026\\\/03\\\/PXL_20260301_160702868.MP_.jpg\",\"datePublished\":\"2026-03-08T05:02:58+00:00\",\"dateModified\":\"2026-03-09T05:42:31+00:00\",\"description\":\"Recomand\u0103ri culturale pentru 6-12 martie. Slav\u0103 cerului, avem oficial prim\u0103var\u0103, ciripesc p\u0103s\u0103ri pe care nu le-am mai auzit de ceva timp.\",\"breadcrumb\":{\"@id\":\"https:\\\/\\\/buletin.de\\\/bucuresti\\\/agenda-urbana-cu-cosmin-buletin-ce-facem-in-week-end-recomandari-culturale-pentru-6-12-martie\\\/#breadcrumb\"},\"inLanguage\":\"en-GB\",\"potentialAction\":[{\"@type\":\"ReadAction\",\"target\":[\"https:\\\/\\\/buletin.de\\\/bucuresti\\\/agenda-urbana-cu-cosmin-buletin-ce-facem-in-week-end-recomandari-culturale-pentru-6-12-martie\\\/\"]}]},{\"@type\":\"ImageObject\",\"inLanguage\":\"en-GB\",\"@id\":\"https:\\\/\\\/buletin.de\\\/bucuresti\\\/agenda-urbana-cu-cosmin-buletin-ce-facem-in-week-end-recomandari-culturale-pentru-6-12-martie\\\/#primaryimage\",\"url\":\"https:\\\/\\\/buletin.de\\\/bucuresti\\\/wp-content\\\/uploads\\\/2026\\\/03\\\/PXL_20260301_160702868.MP_.jpg\",\"contentUrl\":\"https:\\\/\\\/buletin.de\\\/bucuresti\\\/wp-content\\\/uploads\\\/2026\\\/03\\\/PXL_20260301_160702868.MP_.jpg\",\"width\":1485,\"height\":836},{\"@type\":\"BreadcrumbList\",\"@id\":\"https:\\\/\\\/buletin.de\\\/bucuresti\\\/agenda-urbana-cu-cosmin-buletin-ce-facem-in-week-end-recomandari-culturale-pentru-6-12-martie\\\/#breadcrumb\",\"itemListElement\":[{\"@type\":\"ListItem\",\"position\":1,\"name\":\"Acas\u0103\",\"item\":\"https:\\\/\\\/buletin.de\\\/bucuresti\\\/\"},{\"@type\":\"ListItem\",\"position\":2,\"name\":\"Agenda Urban\u0103 cu Cosmin @ Buletin: Recomand\u0103ri culturale p\u00e2n\u0103 pe 12 martie\"}]},{\"@type\":\"WebSite\",\"@id\":\"https:\\\/\\\/buletin.de\\\/bucuresti\\\/#website\",\"url\":\"https:\\\/\\\/buletin.de\\\/bucuresti\\\/\",\"name\":\"Buletin de Bucure\u0219ti\",\"description\":\"\u0218tiri \u0219i investiga\u021bii esen\u021biale din capital\u0103\",\"publisher\":{\"@id\":\"https:\\\/\\\/buletin.de\\\/bucuresti\\\/#organization\"},\"potentialAction\":[{\"@type\":\"SearchAction\",\"target\":{\"@type\":\"EntryPoint\",\"urlTemplate\":\"https:\\\/\\\/buletin.de\\\/bucuresti\\\/?s={search_term_string}\"},\"query-input\":{\"@type\":\"PropertyValueSpecification\",\"valueRequired\":true,\"valueName\":\"search_term_string\"}}],\"inLanguage\":\"en-GB\"},{\"@type\":\"Organization\",\"@id\":\"https:\\\/\\\/buletin.de\\\/bucuresti\\\/#organization\",\"name\":\"Buletin de Bucure\u0219ti\",\"url\":\"https:\\\/\\\/buletin.de\\\/bucuresti\\\/\",\"logo\":{\"@type\":\"ImageObject\",\"inLanguage\":\"en-GB\",\"@id\":\"https:\\\/\\\/buletin.de\\\/bucuresti\\\/#\\\/schema\\\/logo\\\/image\\\/\",\"url\":\"https:\\\/\\\/buletin.de\\\/bucuresti\\\/wp-content\\\/uploads\\\/logo-bdb-full-wide-vernil-transparent.png\",\"contentUrl\":\"https:\\\/\\\/buletin.de\\\/bucuresti\\\/wp-content\\\/uploads\\\/logo-bdb-full-wide-vernil-transparent.png\",\"width\":1782,\"height\":626,\"caption\":\"Buletin de Bucure\u0219ti\"},\"image\":{\"@id\":\"https:\\\/\\\/buletin.de\\\/bucuresti\\\/#\\\/schema\\\/logo\\\/image\\\/\"},\"sameAs\":[\"https:\\\/\\\/www.facebook.com\\\/buletin.de.buc\",\"https:\\\/\\\/www.instagram.com\\\/buletinde.bucuresti\\\/\"]},{\"@type\":\"Person\",\"@id\":\"https:\\\/\\\/buletin.de\\\/bucuresti\\\/#\\\/schema\\\/person\\\/c3764529f4c88241f87b488f20cccc13\",\"name\":\"Cosmin Pojoranu\",\"image\":{\"@type\":\"ImageObject\",\"inLanguage\":\"en-GB\",\"@id\":\"https:\\\/\\\/buletin.de\\\/bucuresti\\\/wp-content\\\/uploads\\\/Cosmin-Pojoranu-1-96x96.jpg9d268accb1c5032c83ab190d62c8c050\",\"url\":\"https:\\\/\\\/buletin.de\\\/bucuresti\\\/wp-content\\\/uploads\\\/Cosmin-Pojoranu-1-96x96.jpg\",\"contentUrl\":\"https:\\\/\\\/buletin.de\\\/bucuresti\\\/wp-content\\\/uploads\\\/Cosmin-Pojoranu-1-96x96.jpg\",\"caption\":\"Cosmin Pojoranu\"},\"description\":\"N\u0103scut \u0219i crescut \u00een Bucure\u0219ti - sud Berceni.\",\"sameAs\":[\"https:\\\/\\\/www.instagram.com\\\/yozness\\\/?hl=en\"],\"url\":\"https:\\\/\\\/buletin.de\\\/bucuresti\\\/author\\\/cosmin-pojoranu\\\/\"}]}<\/script>\n<!-- \/ Yoast SEO Premium plugin. -->","yoast_head_json":{"title":"Agenda Urban\u0103 cu Cosmin @ Buletin: Recomand\u0103ri culturale p\u00e2n\u0103 pe 12 martie - Buletin de Bucure\u0219ti","description":"Recomand\u0103ri culturale pentru 6-12 martie. Slav\u0103 cerului, avem oficial prim\u0103var\u0103, ciripesc p\u0103s\u0103ri pe care nu le-am mai auzit de ceva timp.","robots":{"index":"index","follow":"follow","max-snippet":"max-snippet:-1","max-image-preview":"max-image-preview:large","max-video-preview":"max-video-preview:-1"},"canonical":"https:\/\/buletin.de\/bucuresti\/agenda-urbana-cu-cosmin-buletin-ce-facem-in-week-end-recomandari-culturale-pentru-6-12-martie\/","og_locale":"en_GB","og_type":"article","og_title":"Agenda Urban\u0103 cu Cosmin @ Buletin: Recomand\u0103ri culturale p\u00e2n\u0103 pe 12 martie","og_description":"Recomand\u0103ri culturale pentru 6-12 martie. Slav\u0103 cerului, avem oficial prim\u0103var\u0103, ciripesc p\u0103s\u0103ri pe care nu le-am mai auzit de ceva timp.","og_url":"https:\/\/buletin.de\/bucuresti\/agenda-urbana-cu-cosmin-buletin-ce-facem-in-week-end-recomandari-culturale-pentru-6-12-martie\/","og_site_name":"Buletin de Bucure\u0219ti","article_publisher":"https:\/\/www.facebook.com\/buletin.de.buc","article_published_time":"2026-03-08T05:02:58+00:00","article_modified_time":"2026-03-09T05:42:31+00:00","og_image":[{"width":1485,"height":836,"url":"https:\/\/buletin.de\/bucuresti\/wp-content\/uploads\/2026\/03\/PXL_20260301_160702868.MP_.jpg","type":"image\/jpeg"}],"author":"Cosmin Pojoranu","twitter_card":"summary_large_image","twitter_misc":{"Written by":"Cosmin Pojoranu","Estimated reading time":"10 minutes"},"schema":{"@context":"https:\/\/schema.org","@graph":[{"@type":"Article","@id":"https:\/\/buletin.de\/bucuresti\/agenda-urbana-cu-cosmin-buletin-ce-facem-in-week-end-recomandari-culturale-pentru-6-12-martie\/#article","isPartOf":{"@id":"https:\/\/buletin.de\/bucuresti\/agenda-urbana-cu-cosmin-buletin-ce-facem-in-week-end-recomandari-culturale-pentru-6-12-martie\/"},"author":{"name":"Cosmin Pojoranu","@id":"https:\/\/buletin.de\/bucuresti\/#\/schema\/person\/c3764529f4c88241f87b488f20cccc13"},"headline":"Agenda Urban\u0103 cu Cosmin @ Buletin: Recomand\u0103ri culturale p\u00e2n\u0103 pe 12 martie","datePublished":"2026-03-08T05:02:58+00:00","dateModified":"2026-03-09T05:42:31+00:00","mainEntityOfPage":{"@id":"https:\/\/buletin.de\/bucuresti\/agenda-urbana-cu-cosmin-buletin-ce-facem-in-week-end-recomandari-culturale-pentru-6-12-martie\/"},"wordCount":1995,"publisher":{"@id":"https:\/\/buletin.de\/bucuresti\/#organization"},"image":{"@id":"https:\/\/buletin.de\/bucuresti\/agenda-urbana-cu-cosmin-buletin-ce-facem-in-week-end-recomandari-culturale-pentru-6-12-martie\/#primaryimage"},"thumbnailUrl":"https:\/\/buletin.de\/bucuresti\/wp-content\/uploads\/2026\/03\/PXL_20260301_160702868.MP_.jpg","keywords":["recomandari"],"articleSection":["Cultur\u0103","Main","Recomand\u0103ri culturale"],"inLanguage":"en-GB","copyrightYear":"2026","copyrightHolder":{"@id":"https:\/\/buletin.de\/bucuresti\/#organization"}},{"@type":"WebPage","@id":"https:\/\/buletin.de\/bucuresti\/agenda-urbana-cu-cosmin-buletin-ce-facem-in-week-end-recomandari-culturale-pentru-6-12-martie\/","url":"https:\/\/buletin.de\/bucuresti\/agenda-urbana-cu-cosmin-buletin-ce-facem-in-week-end-recomandari-culturale-pentru-6-12-martie\/","name":"Agenda Urban\u0103 cu Cosmin @ Buletin: Recomand\u0103ri culturale p\u00e2n\u0103 pe 12 martie - Buletin de Bucure\u0219ti","isPartOf":{"@id":"https:\/\/buletin.de\/bucuresti\/#website"},"primaryImageOfPage":{"@id":"https:\/\/buletin.de\/bucuresti\/agenda-urbana-cu-cosmin-buletin-ce-facem-in-week-end-recomandari-culturale-pentru-6-12-martie\/#primaryimage"},"image":{"@id":"https:\/\/buletin.de\/bucuresti\/agenda-urbana-cu-cosmin-buletin-ce-facem-in-week-end-recomandari-culturale-pentru-6-12-martie\/#primaryimage"},"thumbnailUrl":"https:\/\/buletin.de\/bucuresti\/wp-content\/uploads\/2026\/03\/PXL_20260301_160702868.MP_.jpg","datePublished":"2026-03-08T05:02:58+00:00","dateModified":"2026-03-09T05:42:31+00:00","description":"Recomand\u0103ri culturale pentru 6-12 martie. Slav\u0103 cerului, avem oficial prim\u0103var\u0103, ciripesc p\u0103s\u0103ri pe care nu le-am mai auzit de ceva timp.","breadcrumb":{"@id":"https:\/\/buletin.de\/bucuresti\/agenda-urbana-cu-cosmin-buletin-ce-facem-in-week-end-recomandari-culturale-pentru-6-12-martie\/#breadcrumb"},"inLanguage":"en-GB","potentialAction":[{"@type":"ReadAction","target":["https:\/\/buletin.de\/bucuresti\/agenda-urbana-cu-cosmin-buletin-ce-facem-in-week-end-recomandari-culturale-pentru-6-12-martie\/"]}]},{"@type":"ImageObject","inLanguage":"en-GB","@id":"https:\/\/buletin.de\/bucuresti\/agenda-urbana-cu-cosmin-buletin-ce-facem-in-week-end-recomandari-culturale-pentru-6-12-martie\/#primaryimage","url":"https:\/\/buletin.de\/bucuresti\/wp-content\/uploads\/2026\/03\/PXL_20260301_160702868.MP_.jpg","contentUrl":"https:\/\/buletin.de\/bucuresti\/wp-content\/uploads\/2026\/03\/PXL_20260301_160702868.MP_.jpg","width":1485,"height":836},{"@type":"BreadcrumbList","@id":"https:\/\/buletin.de\/bucuresti\/agenda-urbana-cu-cosmin-buletin-ce-facem-in-week-end-recomandari-culturale-pentru-6-12-martie\/#breadcrumb","itemListElement":[{"@type":"ListItem","position":1,"name":"Acas\u0103","item":"https:\/\/buletin.de\/bucuresti\/"},{"@type":"ListItem","position":2,"name":"Agenda Urban\u0103 cu Cosmin @ Buletin: Recomand\u0103ri culturale p\u00e2n\u0103 pe 12 martie"}]},{"@type":"WebSite","@id":"https:\/\/buletin.de\/bucuresti\/#website","url":"https:\/\/buletin.de\/bucuresti\/","name":"Buletin de Bucure\u0219ti","description":"\u0218tiri \u0219i investiga\u021bii esen\u021biale din capital\u0103","publisher":{"@id":"https:\/\/buletin.de\/bucuresti\/#organization"},"potentialAction":[{"@type":"SearchAction","target":{"@type":"EntryPoint","urlTemplate":"https:\/\/buletin.de\/bucuresti\/?s={search_term_string}"},"query-input":{"@type":"PropertyValueSpecification","valueRequired":true,"valueName":"search_term_string"}}],"inLanguage":"en-GB"},{"@type":"Organization","@id":"https:\/\/buletin.de\/bucuresti\/#organization","name":"Buletin de Bucure\u0219ti","url":"https:\/\/buletin.de\/bucuresti\/","logo":{"@type":"ImageObject","inLanguage":"en-GB","@id":"https:\/\/buletin.de\/bucuresti\/#\/schema\/logo\/image\/","url":"https:\/\/buletin.de\/bucuresti\/wp-content\/uploads\/logo-bdb-full-wide-vernil-transparent.png","contentUrl":"https:\/\/buletin.de\/bucuresti\/wp-content\/uploads\/logo-bdb-full-wide-vernil-transparent.png","width":1782,"height":626,"caption":"Buletin de Bucure\u0219ti"},"image":{"@id":"https:\/\/buletin.de\/bucuresti\/#\/schema\/logo\/image\/"},"sameAs":["https:\/\/www.facebook.com\/buletin.de.buc","https:\/\/www.instagram.com\/buletinde.bucuresti\/"]},{"@type":"Person","@id":"https:\/\/buletin.de\/bucuresti\/#\/schema\/person\/c3764529f4c88241f87b488f20cccc13","name":"Cosmin Pojoranu","image":{"@type":"ImageObject","inLanguage":"en-GB","@id":"https:\/\/buletin.de\/bucuresti\/wp-content\/uploads\/Cosmin-Pojoranu-1-96x96.jpg9d268accb1c5032c83ab190d62c8c050","url":"https:\/\/buletin.de\/bucuresti\/wp-content\/uploads\/Cosmin-Pojoranu-1-96x96.jpg","contentUrl":"https:\/\/buletin.de\/bucuresti\/wp-content\/uploads\/Cosmin-Pojoranu-1-96x96.jpg","caption":"Cosmin Pojoranu"},"description":"N\u0103scut \u0219i crescut \u00een Bucure\u0219ti - sud Berceni.","sameAs":["https:\/\/www.instagram.com\/yozness\/?hl=en"],"url":"https:\/\/buletin.de\/bucuresti\/author\/cosmin-pojoranu\/"}]}},"authors":[{"term_id":22608,"user_id":20,"is_guest":0,"slug":"cosmin-pojoranu","display_name":"Cosmin Pojoranu","avatar_url":"https:\/\/buletin.de\/bucuresti\/wp-content\/uploads\/Cosmin-Pojoranu-1-96x96.jpg","author_category":"","first_name":"Cosmin","last_name":"Pojoranu","user_url":"","job_title":"","description":"N\u0103scut \u0219i crescut \u00een Bucure\u0219ti - sud Berceni."}],"_links":{"self":[{"href":"https:\/\/buletin.de\/bucuresti\/wp-json\/wp\/v2\/posts\/178380","targetHints":{"allow":["GET"]}}],"collection":[{"href":"https:\/\/buletin.de\/bucuresti\/wp-json\/wp\/v2\/posts"}],"about":[{"href":"https:\/\/buletin.de\/bucuresti\/wp-json\/wp\/v2\/types\/post"}],"author":[{"embeddable":true,"href":"https:\/\/buletin.de\/bucuresti\/wp-json\/wp\/v2\/users\/20"}],"replies":[{"embeddable":true,"href":"https:\/\/buletin.de\/bucuresti\/wp-json\/wp\/v2\/comments?post=178380"}],"version-history":[{"count":18,"href":"https:\/\/buletin.de\/bucuresti\/wp-json\/wp\/v2\/posts\/178380\/revisions"}],"predecessor-version":[{"id":179117,"href":"https:\/\/buletin.de\/bucuresti\/wp-json\/wp\/v2\/posts\/178380\/revisions\/179117"}],"wp:featuredmedia":[{"embeddable":true,"href":"https:\/\/buletin.de\/bucuresti\/wp-json\/wp\/v2\/media\/178390"}],"wp:attachment":[{"href":"https:\/\/buletin.de\/bucuresti\/wp-json\/wp\/v2\/media?parent=178380"}],"wp:term":[{"taxonomy":"category","embeddable":true,"href":"https:\/\/buletin.de\/bucuresti\/wp-json\/wp\/v2\/categories?post=178380"},{"taxonomy":"post_tag","embeddable":true,"href":"https:\/\/buletin.de\/bucuresti\/wp-json\/wp\/v2\/tags?post=178380"},{"taxonomy":"author","embeddable":true,"href":"https:\/\/buletin.de\/bucuresti\/wp-json\/wp\/v2\/ppma_author?post=178380"}],"curies":[{"name":"wp","href":"https:\/\/api.w.org\/{rel}","templated":true}]}}