{"id":178148,"date":"2026-03-04T18:27:48","date_gmt":"2026-03-04T15:27:48","guid":{"rendered":"https:\/\/buletin.de\/bucuresti\/?p=178148"},"modified":"2026-03-04T18:34:33","modified_gmt":"2026-03-04T15:34:33","slug":"caz-socant-de-cruzime-fata-de-animale-un-barbat-din-ilfov-a-fost-arestat-preventiv-dupa-ce-si-a-ucis-cainele-si-si-a-batut-calul-nu-este-la-prima-infractiune","status":"publish","type":"post","link":"https:\/\/buletin.de\/bucuresti\/caz-socant-de-cruzime-fata-de-animale-un-barbat-din-ilfov-a-fost-arestat-preventiv-dupa-ce-si-a-ucis-cainele-si-si-a-batut-calul-nu-este-la-prima-infractiune\/","title":{"rendered":"Caz \u0219ocant de cruzime fa\u021b\u0103 de animale. Un b\u0103rbat din Ilfov a fost arestat preventiv, dup\u0103 ce \u0219i-a ucis c\u00e2inele \u0219i \u0219i-a b\u0103tut calul. Nu este la prima infrac\u021biune"},"content":{"rendered":"\n<p><strong>Un b\u0103rbat din Afuma\u021bi a fost arestat preventiv, dup\u0103 ce \u0219i-a ucis c\u00e2inele \u0219i \u0219i-a b\u0103tut calul. Inculpatul nu este la prima fapt\u0103 de cruzime fa\u021b\u0103 de animale. \u00cen prim\u0103vara anului 2021, ilfoveanul a provocat moartea calului s\u0103u, prin incendiere, fapt\u0103 pentru care a fost \u0219i condamnat la aproape doi ani de \u00eenchisoare.<\/strong><\/p>\n\n\n\n<h2 class=\"wp-block-heading\" id=\"h-arestat-preventiv-pentru-cruzime-fa\u021ba-de-animale\">Arestat preventiv pentru cruzime fa\u021b\u0103 de animale<\/h2>\n\n\n\n<p>Fapta s-a petrecut \u00een urm\u0103 cu dou\u0103 nop\u021bi, iar individul a fost re\u021binut pentru 24 de ore. \u00cen cursul zilei de miercuri, 4 martie, a fost emis mandatul de arestare preventiv\u0103 pentru 30 de zile, anun\u021b\u0103 <a href=\"https:\/\/www.facebook.com\/protectiaanimalelorcji\/posts\/pfbid02jFRCLDSAzEcqm3AAQXoXGkxXqrpFXzK5BtCwZZCjnxGnsSTWvuHoez7L8pJWqFbil?__cft__[0]=AZbFjGhTaedM2_gvkkJJ51UVBX6Cx-rJb0b72hXqPiN_avSfqjcnB_WGsHfSTOMcBiLU_n3kb_Df_l4mOkv8fOs9BtZpETnM8-sJET6db9f0EW3VLlNigjKzl-0N3HWMZsW17dxUYKV1_KhkGjXaCM0JV4vGu-dtYFGSsnnf17rb7w&amp;__tn__=%2CO%2CP-R\">Protec\u021bia Animalelor CJ Ilfov<\/a>. Urmeaz\u0103 ca procurorul s\u0103 propun\u0103 interdic\u021bia de a de\u021bine animale, drept pedeaps\u0103 complementar\u0103.<\/p>\n\n\n\n<p>La fa\u021ba locului, au intervenit autorit\u0103\u021bile ilfovene, al\u0103turi de medicul veterinar Ovidiu Ro\u0219u.<\/p>\n\n\n\n<p>Calul abuzat, al\u0103turi de un alt c\u00e2ine, au fost prelua\u021bi de Protec\u021bia Animalelor \u0219i sunt \u00een afara oric\u0103rui pericol.<\/p>\n\n\n\n<figure class=\"wp-block-gallery has-nested-images columns-default is-cropped wp-block-gallery-1 is-layout-flex wp-block-gallery-is-layout-flex\">\n<figure class=\"wp-block-image size-large\"><a href=\"https:\/\/buletin.de\/bucuresti\/wp-content\/uploads\/2026\/03\/647484989_939216788474947_4031765472020051759_n.jpg\"><img fetchpriority=\"high\" decoding=\"async\" width=\"563\" height=\"1000\" data-id=\"178167\" src=\"data:image\/gif;base64,R0lGODlhAQABAAAAACH5BAEKAAEALAAAAAABAAEAAAICTAEAOw==\" data-src=\"https:\/\/buletin.de\/bucuresti\/wp-content\/uploads\/2026\/03\/647484989_939216788474947_4031765472020051759_n-563x1000.jpg\" alt=\"\" class=\"wp-image-178167 lazyload\" data-sizes=\"auto\" data-srcset=\"https:\/\/buletin.de\/bucuresti\/wp-content\/uploads\/2026\/03\/647484989_939216788474947_4031765472020051759_n-563x1000.jpg 563w, https:\/\/buletin.de\/bucuresti\/wp-content\/uploads\/2026\/03\/647484989_939216788474947_4031765472020051759_n-169x300.jpg 169w, https:\/\/buletin.de\/bucuresti\/wp-content\/uploads\/2026\/03\/647484989_939216788474947_4031765472020051759_n-768x1365.jpg 768w, https:\/\/buletin.de\/bucuresti\/wp-content\/uploads\/2026\/03\/647484989_939216788474947_4031765472020051759_n-864x1536.jpg 864w, https:\/\/buletin.de\/bucuresti\/wp-content\/uploads\/2026\/03\/647484989_939216788474947_4031765472020051759_n-1100x1956.jpg 1100w, https:\/\/buletin.de\/bucuresti\/wp-content\/uploads\/2026\/03\/647484989_939216788474947_4031765472020051759_n-600x1067.jpg 600w, https:\/\/buletin.de\/bucuresti\/wp-content\/uploads\/2026\/03\/647484989_939216788474947_4031765472020051759_n-20x36.jpg 20w, https:\/\/buletin.de\/bucuresti\/wp-content\/uploads\/2026\/03\/647484989_939216788474947_4031765472020051759_n.jpg 1152w\" sizes=\"(max-width: 563px) 100vw, 563px\" \/><\/a><\/figure>\n\n\n\n<figure class=\"wp-block-image size-large\"><a href=\"https:\/\/buletin.de\/bucuresti\/wp-content\/uploads\/2026\/03\/645351302_939216741808285_6063038679748344921_n.jpg\"><img decoding=\"async\" width=\"563\" height=\"1000\" data-id=\"178168\" src=\"data:image\/gif;base64,R0lGODlhAQABAAAAACH5BAEKAAEALAAAAAABAAEAAAICTAEAOw==\" data-src=\"https:\/\/buletin.de\/bucuresti\/wp-content\/uploads\/2026\/03\/645351302_939216741808285_6063038679748344921_n-563x1000.jpg\" alt=\"\" class=\"wp-image-178168 lazyload\" data-sizes=\"auto\" data-srcset=\"https:\/\/buletin.de\/bucuresti\/wp-content\/uploads\/2026\/03\/645351302_939216741808285_6063038679748344921_n-563x1000.jpg 563w, https:\/\/buletin.de\/bucuresti\/wp-content\/uploads\/2026\/03\/645351302_939216741808285_6063038679748344921_n-169x300.jpg 169w, https:\/\/buletin.de\/bucuresti\/wp-content\/uploads\/2026\/03\/645351302_939216741808285_6063038679748344921_n-768x1365.jpg 768w, https:\/\/buletin.de\/bucuresti\/wp-content\/uploads\/2026\/03\/645351302_939216741808285_6063038679748344921_n-864x1536.jpg 864w, https:\/\/buletin.de\/bucuresti\/wp-content\/uploads\/2026\/03\/645351302_939216741808285_6063038679748344921_n-1100x1956.jpg 1100w, https:\/\/buletin.de\/bucuresti\/wp-content\/uploads\/2026\/03\/645351302_939216741808285_6063038679748344921_n-600x1067.jpg 600w, https:\/\/buletin.de\/bucuresti\/wp-content\/uploads\/2026\/03\/645351302_939216741808285_6063038679748344921_n-20x36.jpg 20w, https:\/\/buletin.de\/bucuresti\/wp-content\/uploads\/2026\/03\/645351302_939216741808285_6063038679748344921_n.jpg 1152w\" sizes=\"(max-width: 563px) 100vw, 563px\" \/><\/a><\/figure>\n\n\n\n<figure class=\"wp-block-image size-large\"><a href=\"https:\/\/buletin.de\/bucuresti\/wp-content\/uploads\/2026\/03\/645418831_939216818474944_4297279327396016940_n.jpg\"><img decoding=\"async\" width=\"750\" height=\"1000\" data-id=\"178169\" src=\"data:image\/gif;base64,R0lGODlhAQABAAAAACH5BAEKAAEALAAAAAABAAEAAAICTAEAOw==\" data-src=\"https:\/\/buletin.de\/bucuresti\/wp-content\/uploads\/2026\/03\/645418831_939216818474944_4297279327396016940_n-750x1000.jpg\" alt=\"\" class=\"wp-image-178169 lazyload\" data-sizes=\"auto\" data-srcset=\"https:\/\/buletin.de\/bucuresti\/wp-content\/uploads\/2026\/03\/645418831_939216818474944_4297279327396016940_n-750x1000.jpg 750w, https:\/\/buletin.de\/bucuresti\/wp-content\/uploads\/2026\/03\/645418831_939216818474944_4297279327396016940_n-225x300.jpg 225w, https:\/\/buletin.de\/bucuresti\/wp-content\/uploads\/2026\/03\/645418831_939216818474944_4297279327396016940_n-768x1024.jpg 768w, https:\/\/buletin.de\/bucuresti\/wp-content\/uploads\/2026\/03\/645418831_939216818474944_4297279327396016940_n-1152x1536.jpg 1152w, https:\/\/buletin.de\/bucuresti\/wp-content\/uploads\/2026\/03\/645418831_939216818474944_4297279327396016940_n-1100x1467.jpg 1100w, https:\/\/buletin.de\/bucuresti\/wp-content\/uploads\/2026\/03\/645418831_939216818474944_4297279327396016940_n-600x800.jpg 600w, https:\/\/buletin.de\/bucuresti\/wp-content\/uploads\/2026\/03\/645418831_939216818474944_4297279327396016940_n-20x27.jpg 20w, https:\/\/buletin.de\/bucuresti\/wp-content\/uploads\/2026\/03\/645418831_939216818474944_4297279327396016940_n.jpg 1536w\" sizes=\"(max-width: 750px) 100vw, 750px\" \/><\/a><\/figure>\n<figcaption class=\"blocks-gallery-caption wp-element-caption\">Cruzime fa\u021b\u0103 de animale \u00een Ilfov. Foto: FB: Protectia Animalelor CJ Ilfov<\/figcaption><\/figure>\n\n\n\n<p>\u00cen urma acestui caz tulbur\u0103tor, Protec\u021bia Animalelor \u00eendeamn\u0103 cet\u0103\u021benii s\u0103 sesizeze abuzurile.<\/p>\n\n\n\n<blockquote class=\"wp-block-quote is-layout-flow wp-block-quote-is-layout-flow\">\n<p>Cruzimea fa\u021b\u0103 de animale nu are scuz\u0103.<\/p>\n\n\n\n<p>Cruzimea fa\u021b\u0103 de animale trebuie aspru pedepsit\u0103. Astfel de oameni nu ar trebui s\u0103 mai aib\u0103 vreodat\u0103 dreptul s\u0103 de\u021bin\u0103 animale.<\/p>\n<cite> Protec\u021bia Animalelor CJ Ilfov<\/cite><\/blockquote>\n\n\n\n<h2 class=\"wp-block-heading\" id=\"h-barbatul-este-recidivist-\u0219i-a-incendiat-calul-in-urma-cu-cinci-ani\">B\u0103rbatul este recidivist. \u0218i-a incendiat calul \u00een urm\u0103 cu cinci ani<\/h2>\n\n\n\n<p>Ilfoveanul nu este la prima infrac\u021biune. \u00cen prim\u0103vara lui 2021, inculpatul \u0219i-a incendiat inten\u021bionat calul, fapt\u0103 pentru care a f\u0103cut \u0219i \u00eenchisoare.<\/p>\n\n\n\n<p>Incidentul a fost semnalat prin apel 112, iar calul a fost preluat, cu arsuri grave pe circa 30-40% din suprafa\u021ba corpului, dup\u0103 cum a relatat Digi24 <a href=\"https:\/\/www.digi24.ro\/stiri\/barbatul-care-si-a-incendiat-calul-a-fost-retinut-de-politie-cetatenii-incurajati-sa-sune-la-112-cand-vad-animale-abuzate-1473669\">aici<\/a>. Eforturile depuse de medicii veterinari nu au reu\u0219it s\u0103 salveze animalul.<\/p>\n\n\n\n<p>L\u00e2ng\u0103 c\u0103ru\u021ba incendiat\u0103 la care fusese \u00eenh\u0103mat calul, a fost g\u0103sit un c\u00e2ine de talie mare, metis de ciob\u0103nesc carbatin, care se afla \u00een stare de inani\u021bie, fiind grav \u00eenfometat de c\u0103tre b\u0103rbat.<\/p>\n\n\n\n<p>Ini\u021bial, vinovatul a fost internat la o sec\u021bie de psihiatrie, dar medicii au stabilit c\u0103 acesta avea discern\u0103m\u00e2nt \u00een momentul comiterii faptei. Ulterior, a fost condamnat la \u00eenchisoare, unde a petrecut aproape doi ani, adaug\u0103 Protec\u021bia Animalelor CJ Ilfov.<\/p>\n\n\n\n<h2 class=\"wp-block-heading\" id=\"h-factura-cruzimii-din-ilfov-sute-de-mii-de-euro-pentru-macelarirea-cainilor\">Factura cruzimii din Ilfov: sute de mii de euro, pentru m\u0103cel\u0103rirea c\u00e2inilor<\/h2>\n\n\n\n<p>Cruzimea fa\u021b\u0103 de animale nu se opre\u0219te la cazuri izolate, ci se practic\u0103 inclusiv \u00een r\u00e2ndul autorit\u0103\u021bilor locale. Totul, pe banii contribuabililor. Buletin de Bucure\u0219ti a identificat contracte de peste 600.000 de euro, \u00eencheiate de patru prim\u0103rii ilfovene cu un ad\u0103post privat din Vrancea,  care practic\u0103 metode barbare de eutanasiere a c\u00e2inilor f\u0103r\u0103 st\u0103p\u00e2n.<\/p>\n\n\n\n<p>\u00centr-una dintre imaginile greu de digerat publicate de Kola Kariola \u0219i alte organiza\u021bii pentru protec\u021bia animalelor se poate observa cum un c\u00e2ine este prins \u00een cros\u0103, este tras violent, izbit de un zid \u0219i injectat cu o substan\u021b\u0103. C\u00e2inele, a c\u0103rei provenien\u021b\u0103 este necunoscut\u0103, cel mai probabil eutanasiat sau tranchilizat \u00een acel moment, este apoi aruncat pe partea cealalt\u0103 a zidului, de unde este preluat de o alt\u0103 persoan\u0103 \u0219i t\u00e2r\u00e2t pe jos, de g\u00e2t.<\/p>\n\n\n\n<p>Firma Vetmedan SRL, care opereaz\u0103 ad\u0103postul \u201eArca lui Noe\u201d din comuna Suraia \u00een care au fost surprinse astfel de \u201etratamentele veterinare\u201d, a dezvoltat \u00een ultimii cinci ani o re\u021bea de peste o sut\u0103 de contracte cu prim\u0103rii din \u00eentreaga \u021bar\u0103.<\/p>\n\n\n\n<p>Dintre acestea, Buletin de Bucure\u0219ti a identificat patru \u00een\u021belegeri parafate cu administra\u021bii ilfovene, cu o valoare cumulat\u0103 de aproximativ 650.000 de euro.<\/p>\n\n\n\n<p><strong>CITE\u0218TE \u0218I:<\/strong> <strong><a href=\"https:\/\/buletin.de\/bucuresti\/exclusiv-factura-cruzimii-peste-600-000-de-euro-din-ilfov-pentru-macelarirea-cainilor-fara-stapan-la-peste-200-de-kilometri-distanta-doua-primarii-ascund-contractele\/\">EXCLUSIV | Factura cruzimii: Peste 600.000 de euro din Ilfov pentru \u201em\u0103cel\u0103rirea\u201d c\u00e2inilor f\u0103r\u0103 st\u0103p\u00e2n la peste 200 de kilometri distan\u021b\u0103. Dou\u0103 prim\u0103rii ascund contractele<\/a><\/strong><\/p>\n\n\n\n<p><\/p>\n","protected":false},"excerpt":{"rendered":"<p>Un b\u0103rbat din Afuma\u021bi a fost arestat preventiv, dup\u0103 ce \u0219i-a ucis c\u00e2inele \u0219i \u0219i-a b\u0103tut calul. Inculpatul nu este la prima fapt\u0103 de cruzime fa\u021b\u0103 de animale. \u00cen prim\u0103vara anului 2021, ilfoveanul a provocat moartea calului s\u0103u, prin incendiere, fapt\u0103 pentru care a fost \u0219i condamnat la aproape doi ani de \u00eenchisoare. Arestat preventiv [&hellip;]<\/p>\n","protected":false},"author":55,"featured_media":178166,"comment_status":"closed","ping_status":"open","sticky":false,"template":"","format":"standard","meta":{"_acf_changed":false,"inline_featured_image":false,"ngg_post_thumbnail":0,"footnotes":""},"categories":[6994,9026,5762],"tags":[2623,26841,26840,26839,4438,820,3276],"ppma_author":[22573],"class_list":["post-178148","post","type-post","status-publish","format-standard","has-post-thumbnail","hentry","category-stiri-2","category-eveniment","category-main","tag-afumati-2","tag-animale-abuzate","tag-caini-ucisi","tag-cal-incendiat","tag-cruzime-fata-de-animale","tag-ilfov","tag-protectia-animalelor"],"acf":[],"yoast_head":"<!-- This site is optimized with the Yoast SEO Premium plugin v25.3 (Yoast SEO v27.4) - https:\/\/yoast.com\/product\/yoast-seo-premium-wordpress\/ -->\n<title>Caz \u0219ocant de cruzime fa\u021b\u0103 de animale. Un b\u0103rbat din Ilfov a fost arestat preventiv, dup\u0103 ce \u0219i-a ucis c\u00e2inele \u0219i \u0219i-a b\u0103tut calul. Nu este la prima infrac\u021biune - Buletin de Bucure\u0219ti<\/title>\n<meta name=\"description\" content=\"Un b\u0103rbat a fost arestat, dup\u0103 ce \u0219i-a ucis c\u00e2inele \u0219i \u0219i-a b\u0103tut calul. Inculpatul nu este la prima fapt\u0103 de cruzime fa\u021b\u0103 de animale.\" \/>\n<meta name=\"robots\" content=\"index, follow, max-snippet:-1, max-image-preview:large, max-video-preview:-1\" \/>\n<link rel=\"canonical\" href=\"https:\/\/buletin.de\/bucuresti\/caz-socant-de-cruzime-fata-de-animale-un-barbat-din-ilfov-a-fost-arestat-preventiv-dupa-ce-si-a-ucis-cainele-si-si-a-batut-calul-nu-este-la-prima-infractiune\/\" \/>\n<meta property=\"og:locale\" content=\"en_GB\" \/>\n<meta property=\"og:type\" content=\"article\" \/>\n<meta property=\"og:title\" content=\"Caz \u0219ocant de cruzime fa\u021b\u0103 de animale. Un b\u0103rbat din Ilfov a fost arestat preventiv, dup\u0103 ce \u0219i-a ucis c\u00e2inele \u0219i \u0219i-a b\u0103tut calul. Nu este la prima infrac\u021biune\" \/>\n<meta property=\"og:description\" content=\"Un b\u0103rbat a fost arestat, dup\u0103 ce \u0219i-a ucis c\u00e2inele \u0219i \u0219i-a b\u0103tut calul. Inculpatul nu este la prima fapt\u0103 de cruzime fa\u021b\u0103 de animale.\" \/>\n<meta property=\"og:url\" content=\"https:\/\/buletin.de\/bucuresti\/caz-socant-de-cruzime-fata-de-animale-un-barbat-din-ilfov-a-fost-arestat-preventiv-dupa-ce-si-a-ucis-cainele-si-si-a-batut-calul-nu-este-la-prima-infractiune\/\" \/>\n<meta property=\"og:site_name\" content=\"Buletin de Bucure\u0219ti\" \/>\n<meta property=\"article:publisher\" content=\"https:\/\/www.facebook.com\/buletin.de.buc\" \/>\n<meta property=\"article:published_time\" content=\"2026-03-04T15:27:48+00:00\" \/>\n<meta property=\"article:modified_time\" content=\"2026-03-04T15:34:33+00:00\" \/>\n<meta property=\"og:image\" content=\"https:\/\/buletin.de\/bucuresti\/wp-content\/uploads\/2026\/03\/image_2026-03-04_170303981.png\" \/>\n\t<meta property=\"og:image:width\" content=\"1299\" \/>\n\t<meta property=\"og:image:height\" content=\"593\" \/>\n\t<meta property=\"og:image:type\" content=\"image\/png\" \/>\n<meta name=\"author\" content=\"Andreea Tudor\" \/>\n<meta name=\"twitter:card\" content=\"summary_large_image\" \/>\n<meta name=\"twitter:label1\" content=\"Written by\" \/>\n\t<meta name=\"twitter:data1\" content=\"Andreea Tudor\" \/>\n\t<meta name=\"twitter:label2\" content=\"Estimated reading time\" \/>\n\t<meta name=\"twitter:data2\" content=\"4 minutes\" \/>\n<script type=\"application\/ld+json\" class=\"yoast-schema-graph\">{\"@context\":\"https:\\\/\\\/schema.org\",\"@graph\":[{\"@type\":\"Article\",\"@id\":\"https:\\\/\\\/buletin.de\\\/bucuresti\\\/caz-socant-de-cruzime-fata-de-animale-un-barbat-din-ilfov-a-fost-arestat-preventiv-dupa-ce-si-a-ucis-cainele-si-si-a-batut-calul-nu-este-la-prima-infractiune\\\/#article\",\"isPartOf\":{\"@id\":\"https:\\\/\\\/buletin.de\\\/bucuresti\\\/caz-socant-de-cruzime-fata-de-animale-un-barbat-din-ilfov-a-fost-arestat-preventiv-dupa-ce-si-a-ucis-cainele-si-si-a-batut-calul-nu-este-la-prima-infractiune\\\/\"},\"author\":{\"name\":\"Andreea Tudor\",\"@id\":\"https:\\\/\\\/buletin.de\\\/bucuresti\\\/#\\\/schema\\\/person\\\/150590659efde715459d159da012f501\"},\"headline\":\"Caz \u0219ocant de cruzime fa\u021b\u0103 de animale. Un b\u0103rbat din Ilfov a fost arestat preventiv, dup\u0103 ce \u0219i-a ucis c\u00e2inele \u0219i \u0219i-a b\u0103tut calul. Nu este la prima infrac\u021biune\",\"datePublished\":\"2026-03-04T15:27:48+00:00\",\"dateModified\":\"2026-03-04T15:34:33+00:00\",\"mainEntityOfPage\":{\"@id\":\"https:\\\/\\\/buletin.de\\\/bucuresti\\\/caz-socant-de-cruzime-fata-de-animale-un-barbat-din-ilfov-a-fost-arestat-preventiv-dupa-ce-si-a-ucis-cainele-si-si-a-batut-calul-nu-este-la-prima-infractiune\\\/\"},\"wordCount\":678,\"publisher\":{\"@id\":\"https:\\\/\\\/buletin.de\\\/bucuresti\\\/#organization\"},\"image\":{\"@id\":\"https:\\\/\\\/buletin.de\\\/bucuresti\\\/caz-socant-de-cruzime-fata-de-animale-un-barbat-din-ilfov-a-fost-arestat-preventiv-dupa-ce-si-a-ucis-cainele-si-si-a-batut-calul-nu-este-la-prima-infractiune\\\/#primaryimage\"},\"thumbnailUrl\":\"https:\\\/\\\/buletin.de\\\/bucuresti\\\/wp-content\\\/uploads\\\/2026\\\/03\\\/image_2026-03-04_170303981.png\",\"keywords\":[\"afumati\",\"animale abuzate\",\"caini ucisi\",\"cal incendiat\",\"cruzime fa\u021b\u0103 de animale\",\"Ilfov\",\"protectia animalelor\"],\"articleSection\":[\"Articole\",\"Eveniment\",\"Main\"],\"inLanguage\":\"en-GB\",\"copyrightYear\":\"2026\",\"copyrightHolder\":{\"@id\":\"https:\\\/\\\/buletin.de\\\/bucuresti\\\/#organization\"}},{\"@type\":\"WebPage\",\"@id\":\"https:\\\/\\\/buletin.de\\\/bucuresti\\\/caz-socant-de-cruzime-fata-de-animale-un-barbat-din-ilfov-a-fost-arestat-preventiv-dupa-ce-si-a-ucis-cainele-si-si-a-batut-calul-nu-este-la-prima-infractiune\\\/\",\"url\":\"https:\\\/\\\/buletin.de\\\/bucuresti\\\/caz-socant-de-cruzime-fata-de-animale-un-barbat-din-ilfov-a-fost-arestat-preventiv-dupa-ce-si-a-ucis-cainele-si-si-a-batut-calul-nu-este-la-prima-infractiune\\\/\",\"name\":\"Caz \u0219ocant de cruzime fa\u021b\u0103 de animale. Un b\u0103rbat din Ilfov a fost arestat preventiv, dup\u0103 ce \u0219i-a ucis c\u00e2inele \u0219i \u0219i-a b\u0103tut calul. Nu este la prima infrac\u021biune - Buletin de Bucure\u0219ti\",\"isPartOf\":{\"@id\":\"https:\\\/\\\/buletin.de\\\/bucuresti\\\/#website\"},\"primaryImageOfPage\":{\"@id\":\"https:\\\/\\\/buletin.de\\\/bucuresti\\\/caz-socant-de-cruzime-fata-de-animale-un-barbat-din-ilfov-a-fost-arestat-preventiv-dupa-ce-si-a-ucis-cainele-si-si-a-batut-calul-nu-este-la-prima-infractiune\\\/#primaryimage\"},\"image\":{\"@id\":\"https:\\\/\\\/buletin.de\\\/bucuresti\\\/caz-socant-de-cruzime-fata-de-animale-un-barbat-din-ilfov-a-fost-arestat-preventiv-dupa-ce-si-a-ucis-cainele-si-si-a-batut-calul-nu-este-la-prima-infractiune\\\/#primaryimage\"},\"thumbnailUrl\":\"https:\\\/\\\/buletin.de\\\/bucuresti\\\/wp-content\\\/uploads\\\/2026\\\/03\\\/image_2026-03-04_170303981.png\",\"datePublished\":\"2026-03-04T15:27:48+00:00\",\"dateModified\":\"2026-03-04T15:34:33+00:00\",\"description\":\"Un b\u0103rbat a fost arestat, dup\u0103 ce \u0219i-a ucis c\u00e2inele \u0219i \u0219i-a b\u0103tut calul. Inculpatul nu este la prima fapt\u0103 de cruzime fa\u021b\u0103 de animale.\",\"breadcrumb\":{\"@id\":\"https:\\\/\\\/buletin.de\\\/bucuresti\\\/caz-socant-de-cruzime-fata-de-animale-un-barbat-din-ilfov-a-fost-arestat-preventiv-dupa-ce-si-a-ucis-cainele-si-si-a-batut-calul-nu-este-la-prima-infractiune\\\/#breadcrumb\"},\"inLanguage\":\"en-GB\",\"potentialAction\":[{\"@type\":\"ReadAction\",\"target\":[\"https:\\\/\\\/buletin.de\\\/bucuresti\\\/caz-socant-de-cruzime-fata-de-animale-un-barbat-din-ilfov-a-fost-arestat-preventiv-dupa-ce-si-a-ucis-cainele-si-si-a-batut-calul-nu-este-la-prima-infractiune\\\/\"]}]},{\"@type\":\"ImageObject\",\"inLanguage\":\"en-GB\",\"@id\":\"https:\\\/\\\/buletin.de\\\/bucuresti\\\/caz-socant-de-cruzime-fata-de-animale-un-barbat-din-ilfov-a-fost-arestat-preventiv-dupa-ce-si-a-ucis-cainele-si-si-a-batut-calul-nu-este-la-prima-infractiune\\\/#primaryimage\",\"url\":\"https:\\\/\\\/buletin.de\\\/bucuresti\\\/wp-content\\\/uploads\\\/2026\\\/03\\\/image_2026-03-04_170303981.png\",\"contentUrl\":\"https:\\\/\\\/buletin.de\\\/bucuresti\\\/wp-content\\\/uploads\\\/2026\\\/03\\\/image_2026-03-04_170303981.png\",\"width\":1299,\"height\":593,\"caption\":\"Caz \u0219ocant de cruzime fa\u021b\u0103 de animale. Un b\u0103rbat din Ilfov a fost arestat preventiv, dup\u0103 ce \u0219i-a ucis c\u00e2inele \u0219i \u0219i-a b\u0103tut calul. Nu este la prima infrac\u021biune. Foto: Protec\u0163ia Animalelor CJ Ilfov\"},{\"@type\":\"BreadcrumbList\",\"@id\":\"https:\\\/\\\/buletin.de\\\/bucuresti\\\/caz-socant-de-cruzime-fata-de-animale-un-barbat-din-ilfov-a-fost-arestat-preventiv-dupa-ce-si-a-ucis-cainele-si-si-a-batut-calul-nu-este-la-prima-infractiune\\\/#breadcrumb\",\"itemListElement\":[{\"@type\":\"ListItem\",\"position\":1,\"name\":\"Acas\u0103\",\"item\":\"https:\\\/\\\/buletin.de\\\/bucuresti\\\/\"},{\"@type\":\"ListItem\",\"position\":2,\"name\":\"Caz \u0219ocant de cruzime fa\u021b\u0103 de animale. Un b\u0103rbat din Ilfov a fost arestat preventiv, dup\u0103 ce \u0219i-a ucis c\u00e2inele \u0219i \u0219i-a b\u0103tut calul. Nu este la prima infrac\u021biune\"}]},{\"@type\":\"WebSite\",\"@id\":\"https:\\\/\\\/buletin.de\\\/bucuresti\\\/#website\",\"url\":\"https:\\\/\\\/buletin.de\\\/bucuresti\\\/\",\"name\":\"Buletin de Bucure\u0219ti\",\"description\":\"\u0218tiri \u0219i investiga\u021bii esen\u021biale din capital\u0103\",\"publisher\":{\"@id\":\"https:\\\/\\\/buletin.de\\\/bucuresti\\\/#organization\"},\"potentialAction\":[{\"@type\":\"SearchAction\",\"target\":{\"@type\":\"EntryPoint\",\"urlTemplate\":\"https:\\\/\\\/buletin.de\\\/bucuresti\\\/?s={search_term_string}\"},\"query-input\":{\"@type\":\"PropertyValueSpecification\",\"valueRequired\":true,\"valueName\":\"search_term_string\"}}],\"inLanguage\":\"en-GB\"},{\"@type\":\"Organization\",\"@id\":\"https:\\\/\\\/buletin.de\\\/bucuresti\\\/#organization\",\"name\":\"Buletin de Bucure\u0219ti\",\"url\":\"https:\\\/\\\/buletin.de\\\/bucuresti\\\/\",\"logo\":{\"@type\":\"ImageObject\",\"inLanguage\":\"en-GB\",\"@id\":\"https:\\\/\\\/buletin.de\\\/bucuresti\\\/#\\\/schema\\\/logo\\\/image\\\/\",\"url\":\"https:\\\/\\\/buletin.de\\\/bucuresti\\\/wp-content\\\/uploads\\\/logo-bdb-full-wide-vernil-transparent.png\",\"contentUrl\":\"https:\\\/\\\/buletin.de\\\/bucuresti\\\/wp-content\\\/uploads\\\/logo-bdb-full-wide-vernil-transparent.png\",\"width\":1782,\"height\":626,\"caption\":\"Buletin de Bucure\u0219ti\"},\"image\":{\"@id\":\"https:\\\/\\\/buletin.de\\\/bucuresti\\\/#\\\/schema\\\/logo\\\/image\\\/\"},\"sameAs\":[\"https:\\\/\\\/www.facebook.com\\\/buletin.de.buc\",\"https:\\\/\\\/www.instagram.com\\\/buletinde.bucuresti\\\/\"]},{\"@type\":\"Person\",\"@id\":\"https:\\\/\\\/buletin.de\\\/bucuresti\\\/#\\\/schema\\\/person\\\/150590659efde715459d159da012f501\",\"name\":\"Andreea Tudor\",\"image\":{\"@type\":\"ImageObject\",\"inLanguage\":\"en-GB\",\"@id\":\"https:\\\/\\\/secure.gravatar.com\\\/avatar\\\/a88705a186ab0b67f3349bcbced506c09e37256fbaad0e7f3bd1a79b4599f589?s=96&d=monsterid&r=g79290610aa1a65c2b86eebc2ca5aee8f\",\"url\":\"https:\\\/\\\/secure.gravatar.com\\\/avatar\\\/a88705a186ab0b67f3349bcbced506c09e37256fbaad0e7f3bd1a79b4599f589?s=96&d=monsterid&r=g\",\"contentUrl\":\"https:\\\/\\\/secure.gravatar.com\\\/avatar\\\/a88705a186ab0b67f3349bcbced506c09e37256fbaad0e7f3bd1a79b4599f589?s=96&d=monsterid&r=g\",\"caption\":\"Andreea Tudor\"},\"description\":\"N\u0103scut\u0103 \u0219i crescut\u0103 \u00een Bucure\u0219ti, sus\u021bin\u0103toare a presei independente. A\u0219a am ajuns redactor la Buletin de Bucure\u0219ti. Fiind eu, \u00eens\u0103mi, parte a sistemului de \u00eenv\u0103\u021b\u0103m\u00e2nt rom\u00e2nesc \u0219i pasionat\u0103 de domeniul social, pun sub lup\u0103 tot ceea ce se \u00eent\u00e2mpl\u0103 \u00een sfera educa\u021biei. Cred cu t\u0103rie c\u0103 presa \u201epentru cet\u0103\u021beni\u201d este presa independent\u0103. Oamenii au nevoie de o informare corect\u0103 pentru a \u00een\u021belege pe deplin ce se \u00eent\u00e2mpl\u0103 \u00een jurul lor \u0219i pentru a lua ac\u021biune \u00eempotriva nedrept\u0103\u021bilor.\",\"url\":\"https:\\\/\\\/buletin.de\\\/bucuresti\\\/author\\\/andreeatudor\\\/\"}]}<\/script>\n<!-- \/ Yoast SEO Premium plugin. -->","yoast_head_json":{"title":"Caz \u0219ocant de cruzime fa\u021b\u0103 de animale. Un b\u0103rbat din Ilfov a fost arestat preventiv, dup\u0103 ce \u0219i-a ucis c\u00e2inele \u0219i \u0219i-a b\u0103tut calul. Nu este la prima infrac\u021biune - Buletin de Bucure\u0219ti","description":"Un b\u0103rbat a fost arestat, dup\u0103 ce \u0219i-a ucis c\u00e2inele \u0219i \u0219i-a b\u0103tut calul. Inculpatul nu este la prima fapt\u0103 de cruzime fa\u021b\u0103 de animale.","robots":{"index":"index","follow":"follow","max-snippet":"max-snippet:-1","max-image-preview":"max-image-preview:large","max-video-preview":"max-video-preview:-1"},"canonical":"https:\/\/buletin.de\/bucuresti\/caz-socant-de-cruzime-fata-de-animale-un-barbat-din-ilfov-a-fost-arestat-preventiv-dupa-ce-si-a-ucis-cainele-si-si-a-batut-calul-nu-este-la-prima-infractiune\/","og_locale":"en_GB","og_type":"article","og_title":"Caz \u0219ocant de cruzime fa\u021b\u0103 de animale. Un b\u0103rbat din Ilfov a fost arestat preventiv, dup\u0103 ce \u0219i-a ucis c\u00e2inele \u0219i \u0219i-a b\u0103tut calul. Nu este la prima infrac\u021biune","og_description":"Un b\u0103rbat a fost arestat, dup\u0103 ce \u0219i-a ucis c\u00e2inele \u0219i \u0219i-a b\u0103tut calul. Inculpatul nu este la prima fapt\u0103 de cruzime fa\u021b\u0103 de animale.","og_url":"https:\/\/buletin.de\/bucuresti\/caz-socant-de-cruzime-fata-de-animale-un-barbat-din-ilfov-a-fost-arestat-preventiv-dupa-ce-si-a-ucis-cainele-si-si-a-batut-calul-nu-este-la-prima-infractiune\/","og_site_name":"Buletin de Bucure\u0219ti","article_publisher":"https:\/\/www.facebook.com\/buletin.de.buc","article_published_time":"2026-03-04T15:27:48+00:00","article_modified_time":"2026-03-04T15:34:33+00:00","og_image":[{"width":1299,"height":593,"url":"https:\/\/buletin.de\/bucuresti\/wp-content\/uploads\/2026\/03\/image_2026-03-04_170303981.png","type":"image\/png"}],"author":"Andreea Tudor","twitter_card":"summary_large_image","twitter_misc":{"Written by":"Andreea Tudor","Estimated reading time":"4 minutes"},"schema":{"@context":"https:\/\/schema.org","@graph":[{"@type":"Article","@id":"https:\/\/buletin.de\/bucuresti\/caz-socant-de-cruzime-fata-de-animale-un-barbat-din-ilfov-a-fost-arestat-preventiv-dupa-ce-si-a-ucis-cainele-si-si-a-batut-calul-nu-este-la-prima-infractiune\/#article","isPartOf":{"@id":"https:\/\/buletin.de\/bucuresti\/caz-socant-de-cruzime-fata-de-animale-un-barbat-din-ilfov-a-fost-arestat-preventiv-dupa-ce-si-a-ucis-cainele-si-si-a-batut-calul-nu-este-la-prima-infractiune\/"},"author":{"name":"Andreea Tudor","@id":"https:\/\/buletin.de\/bucuresti\/#\/schema\/person\/150590659efde715459d159da012f501"},"headline":"Caz \u0219ocant de cruzime fa\u021b\u0103 de animale. Un b\u0103rbat din Ilfov a fost arestat preventiv, dup\u0103 ce \u0219i-a ucis c\u00e2inele \u0219i \u0219i-a b\u0103tut calul. Nu este la prima infrac\u021biune","datePublished":"2026-03-04T15:27:48+00:00","dateModified":"2026-03-04T15:34:33+00:00","mainEntityOfPage":{"@id":"https:\/\/buletin.de\/bucuresti\/caz-socant-de-cruzime-fata-de-animale-un-barbat-din-ilfov-a-fost-arestat-preventiv-dupa-ce-si-a-ucis-cainele-si-si-a-batut-calul-nu-este-la-prima-infractiune\/"},"wordCount":678,"publisher":{"@id":"https:\/\/buletin.de\/bucuresti\/#organization"},"image":{"@id":"https:\/\/buletin.de\/bucuresti\/caz-socant-de-cruzime-fata-de-animale-un-barbat-din-ilfov-a-fost-arestat-preventiv-dupa-ce-si-a-ucis-cainele-si-si-a-batut-calul-nu-este-la-prima-infractiune\/#primaryimage"},"thumbnailUrl":"https:\/\/buletin.de\/bucuresti\/wp-content\/uploads\/2026\/03\/image_2026-03-04_170303981.png","keywords":["afumati","animale abuzate","caini ucisi","cal incendiat","cruzime fa\u021b\u0103 de animale","Ilfov","protectia animalelor"],"articleSection":["Articole","Eveniment","Main"],"inLanguage":"en-GB","copyrightYear":"2026","copyrightHolder":{"@id":"https:\/\/buletin.de\/bucuresti\/#organization"}},{"@type":"WebPage","@id":"https:\/\/buletin.de\/bucuresti\/caz-socant-de-cruzime-fata-de-animale-un-barbat-din-ilfov-a-fost-arestat-preventiv-dupa-ce-si-a-ucis-cainele-si-si-a-batut-calul-nu-este-la-prima-infractiune\/","url":"https:\/\/buletin.de\/bucuresti\/caz-socant-de-cruzime-fata-de-animale-un-barbat-din-ilfov-a-fost-arestat-preventiv-dupa-ce-si-a-ucis-cainele-si-si-a-batut-calul-nu-este-la-prima-infractiune\/","name":"Caz \u0219ocant de cruzime fa\u021b\u0103 de animale. Un b\u0103rbat din Ilfov a fost arestat preventiv, dup\u0103 ce \u0219i-a ucis c\u00e2inele \u0219i \u0219i-a b\u0103tut calul. Nu este la prima infrac\u021biune - Buletin de Bucure\u0219ti","isPartOf":{"@id":"https:\/\/buletin.de\/bucuresti\/#website"},"primaryImageOfPage":{"@id":"https:\/\/buletin.de\/bucuresti\/caz-socant-de-cruzime-fata-de-animale-un-barbat-din-ilfov-a-fost-arestat-preventiv-dupa-ce-si-a-ucis-cainele-si-si-a-batut-calul-nu-este-la-prima-infractiune\/#primaryimage"},"image":{"@id":"https:\/\/buletin.de\/bucuresti\/caz-socant-de-cruzime-fata-de-animale-un-barbat-din-ilfov-a-fost-arestat-preventiv-dupa-ce-si-a-ucis-cainele-si-si-a-batut-calul-nu-este-la-prima-infractiune\/#primaryimage"},"thumbnailUrl":"https:\/\/buletin.de\/bucuresti\/wp-content\/uploads\/2026\/03\/image_2026-03-04_170303981.png","datePublished":"2026-03-04T15:27:48+00:00","dateModified":"2026-03-04T15:34:33+00:00","description":"Un b\u0103rbat a fost arestat, dup\u0103 ce \u0219i-a ucis c\u00e2inele \u0219i \u0219i-a b\u0103tut calul. Inculpatul nu este la prima fapt\u0103 de cruzime fa\u021b\u0103 de animale.","breadcrumb":{"@id":"https:\/\/buletin.de\/bucuresti\/caz-socant-de-cruzime-fata-de-animale-un-barbat-din-ilfov-a-fost-arestat-preventiv-dupa-ce-si-a-ucis-cainele-si-si-a-batut-calul-nu-este-la-prima-infractiune\/#breadcrumb"},"inLanguage":"en-GB","potentialAction":[{"@type":"ReadAction","target":["https:\/\/buletin.de\/bucuresti\/caz-socant-de-cruzime-fata-de-animale-un-barbat-din-ilfov-a-fost-arestat-preventiv-dupa-ce-si-a-ucis-cainele-si-si-a-batut-calul-nu-este-la-prima-infractiune\/"]}]},{"@type":"ImageObject","inLanguage":"en-GB","@id":"https:\/\/buletin.de\/bucuresti\/caz-socant-de-cruzime-fata-de-animale-un-barbat-din-ilfov-a-fost-arestat-preventiv-dupa-ce-si-a-ucis-cainele-si-si-a-batut-calul-nu-este-la-prima-infractiune\/#primaryimage","url":"https:\/\/buletin.de\/bucuresti\/wp-content\/uploads\/2026\/03\/image_2026-03-04_170303981.png","contentUrl":"https:\/\/buletin.de\/bucuresti\/wp-content\/uploads\/2026\/03\/image_2026-03-04_170303981.png","width":1299,"height":593,"caption":"Caz \u0219ocant de cruzime fa\u021b\u0103 de animale. Un b\u0103rbat din Ilfov a fost arestat preventiv, dup\u0103 ce \u0219i-a ucis c\u00e2inele \u0219i \u0219i-a b\u0103tut calul. Nu este la prima infrac\u021biune. Foto: Protec\u0163ia Animalelor CJ Ilfov"},{"@type":"BreadcrumbList","@id":"https:\/\/buletin.de\/bucuresti\/caz-socant-de-cruzime-fata-de-animale-un-barbat-din-ilfov-a-fost-arestat-preventiv-dupa-ce-si-a-ucis-cainele-si-si-a-batut-calul-nu-este-la-prima-infractiune\/#breadcrumb","itemListElement":[{"@type":"ListItem","position":1,"name":"Acas\u0103","item":"https:\/\/buletin.de\/bucuresti\/"},{"@type":"ListItem","position":2,"name":"Caz \u0219ocant de cruzime fa\u021b\u0103 de animale. Un b\u0103rbat din Ilfov a fost arestat preventiv, dup\u0103 ce \u0219i-a ucis c\u00e2inele \u0219i \u0219i-a b\u0103tut calul. Nu este la prima infrac\u021biune"}]},{"@type":"WebSite","@id":"https:\/\/buletin.de\/bucuresti\/#website","url":"https:\/\/buletin.de\/bucuresti\/","name":"Buletin de Bucure\u0219ti","description":"\u0218tiri \u0219i investiga\u021bii esen\u021biale din capital\u0103","publisher":{"@id":"https:\/\/buletin.de\/bucuresti\/#organization"},"potentialAction":[{"@type":"SearchAction","target":{"@type":"EntryPoint","urlTemplate":"https:\/\/buletin.de\/bucuresti\/?s={search_term_string}"},"query-input":{"@type":"PropertyValueSpecification","valueRequired":true,"valueName":"search_term_string"}}],"inLanguage":"en-GB"},{"@type":"Organization","@id":"https:\/\/buletin.de\/bucuresti\/#organization","name":"Buletin de Bucure\u0219ti","url":"https:\/\/buletin.de\/bucuresti\/","logo":{"@type":"ImageObject","inLanguage":"en-GB","@id":"https:\/\/buletin.de\/bucuresti\/#\/schema\/logo\/image\/","url":"https:\/\/buletin.de\/bucuresti\/wp-content\/uploads\/logo-bdb-full-wide-vernil-transparent.png","contentUrl":"https:\/\/buletin.de\/bucuresti\/wp-content\/uploads\/logo-bdb-full-wide-vernil-transparent.png","width":1782,"height":626,"caption":"Buletin de Bucure\u0219ti"},"image":{"@id":"https:\/\/buletin.de\/bucuresti\/#\/schema\/logo\/image\/"},"sameAs":["https:\/\/www.facebook.com\/buletin.de.buc","https:\/\/www.instagram.com\/buletinde.bucuresti\/"]},{"@type":"Person","@id":"https:\/\/buletin.de\/bucuresti\/#\/schema\/person\/150590659efde715459d159da012f501","name":"Andreea Tudor","image":{"@type":"ImageObject","inLanguage":"en-GB","@id":"https:\/\/secure.gravatar.com\/avatar\/a88705a186ab0b67f3349bcbced506c09e37256fbaad0e7f3bd1a79b4599f589?s=96&d=monsterid&r=g79290610aa1a65c2b86eebc2ca5aee8f","url":"https:\/\/secure.gravatar.com\/avatar\/a88705a186ab0b67f3349bcbced506c09e37256fbaad0e7f3bd1a79b4599f589?s=96&d=monsterid&r=g","contentUrl":"https:\/\/secure.gravatar.com\/avatar\/a88705a186ab0b67f3349bcbced506c09e37256fbaad0e7f3bd1a79b4599f589?s=96&d=monsterid&r=g","caption":"Andreea Tudor"},"description":"N\u0103scut\u0103 \u0219i crescut\u0103 \u00een Bucure\u0219ti, sus\u021bin\u0103toare a presei independente. A\u0219a am ajuns redactor la Buletin de Bucure\u0219ti. Fiind eu, \u00eens\u0103mi, parte a sistemului de \u00eenv\u0103\u021b\u0103m\u00e2nt rom\u00e2nesc \u0219i pasionat\u0103 de domeniul social, pun sub lup\u0103 tot ceea ce se \u00eent\u00e2mpl\u0103 \u00een sfera educa\u021biei. Cred cu t\u0103rie c\u0103 presa \u201epentru cet\u0103\u021beni\u201d este presa independent\u0103. Oamenii au nevoie de o informare corect\u0103 pentru a \u00een\u021belege pe deplin ce se \u00eent\u00e2mpl\u0103 \u00een jurul lor \u0219i pentru a lua ac\u021biune \u00eempotriva nedrept\u0103\u021bilor.","url":"https:\/\/buletin.de\/bucuresti\/author\/andreeatudor\/"}]}},"authors":[{"term_id":22573,"user_id":55,"is_guest":0,"slug":"andreeatudor","display_name":"Andreea Tudor","avatar_url":"https:\/\/secure.gravatar.com\/avatar\/a88705a186ab0b67f3349bcbced506c09e37256fbaad0e7f3bd1a79b4599f589?s=96&d=monsterid&r=g","0":null,"1":"","2":"","3":"","4":"","5":"","6":"","7":"","8":""}],"_links":{"self":[{"href":"https:\/\/buletin.de\/bucuresti\/wp-json\/wp\/v2\/posts\/178148","targetHints":{"allow":["GET"]}}],"collection":[{"href":"https:\/\/buletin.de\/bucuresti\/wp-json\/wp\/v2\/posts"}],"about":[{"href":"https:\/\/buletin.de\/bucuresti\/wp-json\/wp\/v2\/types\/post"}],"author":[{"embeddable":true,"href":"https:\/\/buletin.de\/bucuresti\/wp-json\/wp\/v2\/users\/55"}],"replies":[{"embeddable":true,"href":"https:\/\/buletin.de\/bucuresti\/wp-json\/wp\/v2\/comments?post=178148"}],"version-history":[{"count":4,"href":"https:\/\/buletin.de\/bucuresti\/wp-json\/wp\/v2\/posts\/178148\/revisions"}],"predecessor-version":[{"id":178173,"href":"https:\/\/buletin.de\/bucuresti\/wp-json\/wp\/v2\/posts\/178148\/revisions\/178173"}],"wp:featuredmedia":[{"embeddable":true,"href":"https:\/\/buletin.de\/bucuresti\/wp-json\/wp\/v2\/media\/178166"}],"wp:attachment":[{"href":"https:\/\/buletin.de\/bucuresti\/wp-json\/wp\/v2\/media?parent=178148"}],"wp:term":[{"taxonomy":"category","embeddable":true,"href":"https:\/\/buletin.de\/bucuresti\/wp-json\/wp\/v2\/categories?post=178148"},{"taxonomy":"post_tag","embeddable":true,"href":"https:\/\/buletin.de\/bucuresti\/wp-json\/wp\/v2\/tags?post=178148"},{"taxonomy":"author","embeddable":true,"href":"https:\/\/buletin.de\/bucuresti\/wp-json\/wp\/v2\/ppma_author?post=178148"}],"curies":[{"name":"wp","href":"https:\/\/api.w.org\/{rel}","templated":true}]}}