{"id":17789,"date":"2021-01-08T18:07:07","date_gmt":"2021-01-08T15:07:07","guid":{"rendered":"https:\/\/buletin.de\/bucuresti\/?p=17789"},"modified":"2021-01-08T18:07:07","modified_gmt":"2021-01-08T15:07:07","slug":"8-gospodarii-din-9-din-regiunea-bucuresti-ilfov-au-acces-la-internet","status":"publish","type":"post","link":"https:\/\/buletin.de\/bucuresti\/8-gospodarii-din-9-din-regiunea-bucuresti-ilfov-au-acces-la-internet\/","title":{"rendered":"8 gospod\u0103rii din 9, din regiunea Bucure\u0219ti-  Ilfov, au acces la internet"},"content":{"rendered":"\n<p><em>Institutul Na\u021bional de Statistic\u0103 a dat <a href=\"https:\/\/insse.ro\/cms\/ro\/content\/accesul-popula%C5%A3iei-la-tehnologia-informa%C5%A3iilor-%C5%9Fi-comunica%C5%A3iilor-%C3%AEn-anul-2020\">publicit\u0103\u021bii<\/a>, datele privind accesul popula\u021biei la tehnologia informa\u021biilor \u0219i comunica\u021biilor, pentru anul 2020. La nivel na\u021bional, cifrele sunt mai bune ca \u00een 2019 &#8211; 78,2% din gospod\u0103riile din \u021bar\u0103 au acces la re\u0163eaua de internet de acas\u0103, \u00een cre\u1e63tere cu 2,5 puncte procentuale fa\u0163\u0103 de anul anterior. <\/em><\/p>\n\n\n\n<p>\u00cen clasamentul pe regiuni, cel mai bine se situeaza Capitala \u0219i jude\u021bul Ilfov, unde peste 8 din 9 gospod\u0103rii au acces la internet de acas\u0103.  Urmeaz\u0103 regiunile Vest (84,9%) \u015fi Nord-Vest (81,9%). Cele mai mici ponderi sunt \u00eenregistrate de regiunile Sud-Est (72,4%), Nord-Est (73,6%) \u1e63i Sud-Muntenia (74,3%).<\/p>\n\n\n\n<p>La nivel na\u021bional, \u00een mediul urban 84,8% dintre gospod\u0103rii sunt conectate la internet, iar \u00een mediul rural doar 69,7% dintre gospod\u0103rii.<\/p>\n\n\n\n<blockquote class=\"wp-block-quote is-layout-flow wp-block-quote-is-layout-flow\"><p><br>Tipurile de conexiune folosite la accesarea internetului de acas\u0103 sunt \u00een propor\u0163ie de 77,5% conexiunile broadband fixe (conexiunile de band\u0103 larg\u0103 fixe), urmate de conexiunile broadband mobile (66,3%) \u015fi de conexiunile narrowband (13,6%).<\/p><cite>Comunicat INSSE<\/cite><\/blockquote>\n\n\n\n<p>\u0218i num\u0103rul celor care au accesat internetul anul trecut este \u00een cre\u0219tere fa\u021b\u0103 de 2019. Cel mai mare procent de utilizatori este al tinerilor, cu v\u0103rste \u00eentre 16-34 de ani &#8211; 96.6%<\/p>\n\n\n\n<figure class=\"wp-block-image size-large is-resized\"><a href=\"https:\/\/buletin.de\/bucuresti\/wp-content\/uploads\/image-424.png\"><img fetchpriority=\"high\" decoding=\"async\" src=\"data:image\/gif;base64,R0lGODlhAQABAAAAACH5BAEKAAEALAAAAAABAAEAAAICTAEAOw==\" data-src=\"https:\/\/buletin.de\/bucuresti\/wp-content\/uploads\/image-424.png\" alt=\"\" class=\"wp-image-17794 lazyload\" width=\"606\" height=\"227\" data-sizes=\"auto\" data-srcset=\"https:\/\/buletin.de\/bucuresti\/wp-content\/uploads\/image-424.png 499w, https:\/\/buletin.de\/bucuresti\/wp-content\/uploads\/image-424-300x112.png 300w\" sizes=\"(max-width: 606px) 100vw, 606px\" \/><\/a><figcaption>Sursa INSSE<\/figcaption><\/figure>\n\n\n\n<p><br>Cei mai mul\u021bi oameni care n-au folosit niciodat\u0103 internetul au v\u0103rstele \u00eentre 55-74 de ani \u0219i sunt din mediul rural. <\/p>\n\n\n\n<blockquote class=\"wp-block-quote is-layout-flow wp-block-quote-is-layout-flow\"><p>Dintre utilizatorii curen\u0163i, 79,1% folosesc internetul cu frecven\u0163\u0103 zilnic\u0103 sau aproape zilnic\u0103, \u00een cre\u1e63tere cu 2,1 puncte procentuale fa\u0163\u0103 de anul anterior (79,1% fa\u0163\u0103 de 77,0%).<\/p><cite>sursa INSSE<\/cite><\/blockquote>\n\n\n\n<p>Din nou, \u00een clasamentul pe regiuni de dezvoltare, ponderea persoanelor care au utilizat vreodat\u0103 internetul a fost de 94,1% \u00een regiunea Bucure\u1e63ti &#8211; Ilfov, mai ridicat procent din \u0163ar\u0103, urmat\u0103 de regiunea Vest cu 93,0% \u1e63i Nord \u2013 Vest (89,6%). La polul opus se afl\u0103 regiunea Sud-Muntenia cu 80,5%.<\/p>\n\n\n\n<blockquote class=\"wp-block-quote is-layout-flow wp-block-quote-is-layout-flow\"><p><br>Propor\u0163ia b\u0103rba\u0163ilor care folosesc sau au folosit vreodat\u0103 internetul este pu\u0163in mai mare dec\u00e2t cea a femeilor: 87,0% fa\u0163\u0103 de 84,9% , diferen\u0163a fiind de 2,1 puncte procentuale, \u00een sc\u0103dere fa\u0163\u0103 de anul anterior c\u00e2nd se \u00eenregistra o diferen\u0163\u0103 de 2,5 puncte procentuale.<\/p><cite>Sursa INSEE<\/cite><\/blockquote>\n\n\n\n<p><em>Cover: unsplash.com<\/em><\/p>\n","protected":false},"excerpt":{"rendered":"<p>Institutul Na\u021bional de Statistic\u0103 a dat publicit\u0103\u021bii, datele privind accesul popula\u021biei la tehnologia informa\u021biilor \u0219i comunica\u021biilor, pentru anul 2020. La nivel na\u021bional, cifrele sunt mai bune ca \u00een 2019 &#8211; 78,2% din gospod\u0103riile din \u021bar\u0103 au acces la re\u0163eaua de internet de acas\u0103, \u00een cre\u1e63tere cu 2,5 puncte procentuale fa\u0163\u0103 de anul anterior. \u00cen clasamentul [&hellip;]<\/p>\n","protected":false},"author":18,"featured_media":17800,"comment_status":"closed","ping_status":"open","sticky":false,"template":"","format":"standard","meta":{"_acf_changed":false,"inline_featured_image":false,"ngg_post_thumbnail":0,"footnotes":""},"categories":[1432,62],"tags":[2081,2078,820,2080,2077,15,2079],"ppma_author":[22579],"class_list":["post-17789","post","type-post","status-publish","format-standard","has-post-thumbnail","hentry","category-buletin-de-ilfov","category-stiri","tag-comunicatii","tag-conexiune","tag-ilfov","tag-ins","tag-internet","tag-statistici","tag-tehnologie"],"acf":[],"yoast_head":"<!-- This site is optimized with the Yoast SEO Premium plugin v25.3 (Yoast SEO v27.4) - https:\/\/yoast.com\/product\/yoast-seo-premium-wordpress\/ -->\n<title>8 gospod\u0103rii din 9, din regiunea Bucure\u0219ti- Ilfov, au acces la internet - Buletin de Bucure\u0219ti<\/title>\n<meta name=\"robots\" content=\"index, follow, max-snippet:-1, max-image-preview:large, max-video-preview:-1\" \/>\n<link rel=\"canonical\" href=\"https:\/\/buletin.de\/bucuresti\/8-gospodarii-din-9-din-regiunea-bucuresti-ilfov-au-acces-la-internet\/\" \/>\n<meta property=\"og:locale\" content=\"en_GB\" \/>\n<meta property=\"og:type\" content=\"article\" \/>\n<meta property=\"og:title\" content=\"8 gospod\u0103rii din 9, din regiunea Bucure\u0219ti- Ilfov, au acces la internet\" \/>\n<meta property=\"og:description\" content=\"Institutul Na\u021bional de Statistic\u0103 a dat publicit\u0103\u021bii, datele privind accesul popula\u021biei la tehnologia informa\u021biilor \u0219i comunica\u021biilor, pentru anul 2020. La nivel na\u021bional, cifrele sunt mai bune ca \u00een 2019 &#8211; 78,2% din gospod\u0103riile din \u021bar\u0103 au acces la re\u0163eaua de internet de acas\u0103, \u00een cre\u1e63tere cu 2,5 puncte procentuale fa\u0163\u0103 de anul anterior. \u00cen clasamentul [&hellip;]\" \/>\n<meta property=\"og:url\" content=\"https:\/\/buletin.de\/bucuresti\/8-gospodarii-din-9-din-regiunea-bucuresti-ilfov-au-acces-la-internet\/\" \/>\n<meta property=\"og:site_name\" content=\"Buletin de Bucure\u0219ti\" \/>\n<meta property=\"article:publisher\" content=\"https:\/\/www.facebook.com\/buletin.de.buc\" \/>\n<meta property=\"article:published_time\" content=\"2021-01-08T15:07:07+00:00\" \/>\n<meta property=\"og:image\" content=\"https:\/\/buletin.de\/bucuresti\/wp-content\/uploads\/thomas-jensen-h3vT1Kp0FxA-unsplash-scaled.jpg\" \/>\n\t<meta property=\"og:image:width\" content=\"2560\" \/>\n\t<meta property=\"og:image:height\" content=\"1702\" \/>\n\t<meta property=\"og:image:type\" content=\"image\/jpeg\" \/>\n<meta name=\"author\" content=\"Teodora Stroe\" \/>\n<meta name=\"twitter:card\" content=\"summary_large_image\" \/>\n<meta name=\"twitter:label1\" content=\"Written by\" \/>\n\t<meta name=\"twitter:data1\" content=\"Teodora Stroe\" \/>\n\t<meta name=\"twitter:label2\" content=\"Estimated reading time\" \/>\n\t<meta name=\"twitter:data2\" content=\"2 minutes\" \/>\n<script type=\"application\/ld+json\" class=\"yoast-schema-graph\">{\"@context\":\"https:\\\/\\\/schema.org\",\"@graph\":[{\"@type\":\"Article\",\"@id\":\"https:\\\/\\\/buletin.de\\\/bucuresti\\\/8-gospodarii-din-9-din-regiunea-bucuresti-ilfov-au-acces-la-internet\\\/#article\",\"isPartOf\":{\"@id\":\"https:\\\/\\\/buletin.de\\\/bucuresti\\\/8-gospodarii-din-9-din-regiunea-bucuresti-ilfov-au-acces-la-internet\\\/\"},\"author\":{\"name\":\"Teodora Stroe\",\"@id\":\"https:\\\/\\\/buletin.de\\\/bucuresti\\\/#\\\/schema\\\/person\\\/d369d7ddc775abece205795e0b804614\"},\"headline\":\"8 gospod\u0103rii din 9, din regiunea Bucure\u0219ti- Ilfov, au acces la internet\",\"datePublished\":\"2021-01-08T15:07:07+00:00\",\"mainEntityOfPage\":{\"@id\":\"https:\\\/\\\/buletin.de\\\/bucuresti\\\/8-gospodarii-din-9-din-regiunea-bucuresti-ilfov-au-acces-la-internet\\\/\"},\"wordCount\":346,\"publisher\":{\"@id\":\"https:\\\/\\\/buletin.de\\\/bucuresti\\\/#organization\"},\"image\":{\"@id\":\"https:\\\/\\\/buletin.de\\\/bucuresti\\\/8-gospodarii-din-9-din-regiunea-bucuresti-ilfov-au-acces-la-internet\\\/#primaryimage\"},\"thumbnailUrl\":\"https:\\\/\\\/buletin.de\\\/bucuresti\\\/wp-content\\\/uploads\\\/thomas-jensen-h3vT1Kp0FxA-unsplash-scaled.jpg\",\"keywords\":[\"comunicatii\",\"conexiune\",\"Ilfov\",\"ins\",\"internet\",\"statistici\",\"tehnologie\"],\"articleSection\":[\"Buletin de Ilfov\",\"\u0218tiri\"],\"inLanguage\":\"en-GB\",\"copyrightYear\":\"2021\",\"copyrightHolder\":{\"@id\":\"https:\\\/\\\/buletin.de\\\/bucuresti\\\/#organization\"}},{\"@type\":\"WebPage\",\"@id\":\"https:\\\/\\\/buletin.de\\\/bucuresti\\\/8-gospodarii-din-9-din-regiunea-bucuresti-ilfov-au-acces-la-internet\\\/\",\"url\":\"https:\\\/\\\/buletin.de\\\/bucuresti\\\/8-gospodarii-din-9-din-regiunea-bucuresti-ilfov-au-acces-la-internet\\\/\",\"name\":\"8 gospod\u0103rii din 9, din regiunea Bucure\u0219ti- Ilfov, au acces la internet - Buletin de Bucure\u0219ti\",\"isPartOf\":{\"@id\":\"https:\\\/\\\/buletin.de\\\/bucuresti\\\/#website\"},\"primaryImageOfPage\":{\"@id\":\"https:\\\/\\\/buletin.de\\\/bucuresti\\\/8-gospodarii-din-9-din-regiunea-bucuresti-ilfov-au-acces-la-internet\\\/#primaryimage\"},\"image\":{\"@id\":\"https:\\\/\\\/buletin.de\\\/bucuresti\\\/8-gospodarii-din-9-din-regiunea-bucuresti-ilfov-au-acces-la-internet\\\/#primaryimage\"},\"thumbnailUrl\":\"https:\\\/\\\/buletin.de\\\/bucuresti\\\/wp-content\\\/uploads\\\/thomas-jensen-h3vT1Kp0FxA-unsplash-scaled.jpg\",\"datePublished\":\"2021-01-08T15:07:07+00:00\",\"breadcrumb\":{\"@id\":\"https:\\\/\\\/buletin.de\\\/bucuresti\\\/8-gospodarii-din-9-din-regiunea-bucuresti-ilfov-au-acces-la-internet\\\/#breadcrumb\"},\"inLanguage\":\"en-GB\",\"potentialAction\":[{\"@type\":\"ReadAction\",\"target\":[\"https:\\\/\\\/buletin.de\\\/bucuresti\\\/8-gospodarii-din-9-din-regiunea-bucuresti-ilfov-au-acces-la-internet\\\/\"]}]},{\"@type\":\"ImageObject\",\"inLanguage\":\"en-GB\",\"@id\":\"https:\\\/\\\/buletin.de\\\/bucuresti\\\/8-gospodarii-din-9-din-regiunea-bucuresti-ilfov-au-acces-la-internet\\\/#primaryimage\",\"url\":\"https:\\\/\\\/buletin.de\\\/bucuresti\\\/wp-content\\\/uploads\\\/thomas-jensen-h3vT1Kp0FxA-unsplash-scaled.jpg\",\"contentUrl\":\"https:\\\/\\\/buletin.de\\\/bucuresti\\\/wp-content\\\/uploads\\\/thomas-jensen-h3vT1Kp0FxA-unsplash-scaled.jpg\",\"width\":2560,\"height\":1702},{\"@type\":\"BreadcrumbList\",\"@id\":\"https:\\\/\\\/buletin.de\\\/bucuresti\\\/8-gospodarii-din-9-din-regiunea-bucuresti-ilfov-au-acces-la-internet\\\/#breadcrumb\",\"itemListElement\":[{\"@type\":\"ListItem\",\"position\":1,\"name\":\"Acas\u0103\",\"item\":\"https:\\\/\\\/buletin.de\\\/bucuresti\\\/\"},{\"@type\":\"ListItem\",\"position\":2,\"name\":\"8 gospod\u0103rii din 9, din regiunea Bucure\u0219ti- Ilfov, au acces la internet\"}]},{\"@type\":\"WebSite\",\"@id\":\"https:\\\/\\\/buletin.de\\\/bucuresti\\\/#website\",\"url\":\"https:\\\/\\\/buletin.de\\\/bucuresti\\\/\",\"name\":\"Buletin de Bucure\u0219ti\",\"description\":\"\u0218tiri \u0219i investiga\u021bii esen\u021biale din capital\u0103\",\"publisher\":{\"@id\":\"https:\\\/\\\/buletin.de\\\/bucuresti\\\/#organization\"},\"potentialAction\":[{\"@type\":\"SearchAction\",\"target\":{\"@type\":\"EntryPoint\",\"urlTemplate\":\"https:\\\/\\\/buletin.de\\\/bucuresti\\\/?s={search_term_string}\"},\"query-input\":{\"@type\":\"PropertyValueSpecification\",\"valueRequired\":true,\"valueName\":\"search_term_string\"}}],\"inLanguage\":\"en-GB\"},{\"@type\":\"Organization\",\"@id\":\"https:\\\/\\\/buletin.de\\\/bucuresti\\\/#organization\",\"name\":\"Buletin de Bucure\u0219ti\",\"url\":\"https:\\\/\\\/buletin.de\\\/bucuresti\\\/\",\"logo\":{\"@type\":\"ImageObject\",\"inLanguage\":\"en-GB\",\"@id\":\"https:\\\/\\\/buletin.de\\\/bucuresti\\\/#\\\/schema\\\/logo\\\/image\\\/\",\"url\":\"https:\\\/\\\/buletin.de\\\/bucuresti\\\/wp-content\\\/uploads\\\/logo-bdb-full-wide-vernil-transparent.png\",\"contentUrl\":\"https:\\\/\\\/buletin.de\\\/bucuresti\\\/wp-content\\\/uploads\\\/logo-bdb-full-wide-vernil-transparent.png\",\"width\":1782,\"height\":626,\"caption\":\"Buletin de Bucure\u0219ti\"},\"image\":{\"@id\":\"https:\\\/\\\/buletin.de\\\/bucuresti\\\/#\\\/schema\\\/logo\\\/image\\\/\"},\"sameAs\":[\"https:\\\/\\\/www.facebook.com\\\/buletin.de.buc\",\"https:\\\/\\\/www.instagram.com\\\/buletinde.bucuresti\\\/\"]},{\"@type\":\"Person\",\"@id\":\"https:\\\/\\\/buletin.de\\\/bucuresti\\\/#\\\/schema\\\/person\\\/d369d7ddc775abece205795e0b804614\",\"name\":\"Teodora Stroe\",\"image\":{\"@type\":\"ImageObject\",\"inLanguage\":\"en-GB\",\"@id\":\"https:\\\/\\\/secure.gravatar.com\\\/avatar\\\/2560b4cd9f5f1bc100b123158e657d75584bd1c3e1d9c69285720b9457c1b78d?s=96&d=monsterid&r=gc104800242ba5f2d78dd5d7dc4df08b6\",\"url\":\"https:\\\/\\\/secure.gravatar.com\\\/avatar\\\/2560b4cd9f5f1bc100b123158e657d75584bd1c3e1d9c69285720b9457c1b78d?s=96&d=monsterid&r=g\",\"contentUrl\":\"https:\\\/\\\/secure.gravatar.com\\\/avatar\\\/2560b4cd9f5f1bc100b123158e657d75584bd1c3e1d9c69285720b9457c1b78d?s=96&d=monsterid&r=g\",\"caption\":\"Teodora Stroe\"},\"url\":\"https:\\\/\\\/buletin.de\\\/bucuresti\\\/author\\\/simonacarlugea\\\/\"}]}<\/script>\n<!-- \/ Yoast SEO Premium plugin. -->","yoast_head_json":{"title":"8 gospod\u0103rii din 9, din regiunea Bucure\u0219ti- Ilfov, au acces la internet - Buletin de Bucure\u0219ti","robots":{"index":"index","follow":"follow","max-snippet":"max-snippet:-1","max-image-preview":"max-image-preview:large","max-video-preview":"max-video-preview:-1"},"canonical":"https:\/\/buletin.de\/bucuresti\/8-gospodarii-din-9-din-regiunea-bucuresti-ilfov-au-acces-la-internet\/","og_locale":"en_GB","og_type":"article","og_title":"8 gospod\u0103rii din 9, din regiunea Bucure\u0219ti- Ilfov, au acces la internet","og_description":"Institutul Na\u021bional de Statistic\u0103 a dat publicit\u0103\u021bii, datele privind accesul popula\u021biei la tehnologia informa\u021biilor \u0219i comunica\u021biilor, pentru anul 2020. La nivel na\u021bional, cifrele sunt mai bune ca \u00een 2019 &#8211; 78,2% din gospod\u0103riile din \u021bar\u0103 au acces la re\u0163eaua de internet de acas\u0103, \u00een cre\u1e63tere cu 2,5 puncte procentuale fa\u0163\u0103 de anul anterior. \u00cen clasamentul [&hellip;]","og_url":"https:\/\/buletin.de\/bucuresti\/8-gospodarii-din-9-din-regiunea-bucuresti-ilfov-au-acces-la-internet\/","og_site_name":"Buletin de Bucure\u0219ti","article_publisher":"https:\/\/www.facebook.com\/buletin.de.buc","article_published_time":"2021-01-08T15:07:07+00:00","og_image":[{"width":2560,"height":1702,"url":"https:\/\/buletin.de\/bucuresti\/wp-content\/uploads\/thomas-jensen-h3vT1Kp0FxA-unsplash-scaled.jpg","type":"image\/jpeg"}],"author":"Teodora Stroe","twitter_card":"summary_large_image","twitter_misc":{"Written by":"Teodora Stroe","Estimated reading time":"2 minutes"},"schema":{"@context":"https:\/\/schema.org","@graph":[{"@type":"Article","@id":"https:\/\/buletin.de\/bucuresti\/8-gospodarii-din-9-din-regiunea-bucuresti-ilfov-au-acces-la-internet\/#article","isPartOf":{"@id":"https:\/\/buletin.de\/bucuresti\/8-gospodarii-din-9-din-regiunea-bucuresti-ilfov-au-acces-la-internet\/"},"author":{"name":"Teodora Stroe","@id":"https:\/\/buletin.de\/bucuresti\/#\/schema\/person\/d369d7ddc775abece205795e0b804614"},"headline":"8 gospod\u0103rii din 9, din regiunea Bucure\u0219ti- Ilfov, au acces la internet","datePublished":"2021-01-08T15:07:07+00:00","mainEntityOfPage":{"@id":"https:\/\/buletin.de\/bucuresti\/8-gospodarii-din-9-din-regiunea-bucuresti-ilfov-au-acces-la-internet\/"},"wordCount":346,"publisher":{"@id":"https:\/\/buletin.de\/bucuresti\/#organization"},"image":{"@id":"https:\/\/buletin.de\/bucuresti\/8-gospodarii-din-9-din-regiunea-bucuresti-ilfov-au-acces-la-internet\/#primaryimage"},"thumbnailUrl":"https:\/\/buletin.de\/bucuresti\/wp-content\/uploads\/thomas-jensen-h3vT1Kp0FxA-unsplash-scaled.jpg","keywords":["comunicatii","conexiune","Ilfov","ins","internet","statistici","tehnologie"],"articleSection":["Buletin de Ilfov","\u0218tiri"],"inLanguage":"en-GB","copyrightYear":"2021","copyrightHolder":{"@id":"https:\/\/buletin.de\/bucuresti\/#organization"}},{"@type":"WebPage","@id":"https:\/\/buletin.de\/bucuresti\/8-gospodarii-din-9-din-regiunea-bucuresti-ilfov-au-acces-la-internet\/","url":"https:\/\/buletin.de\/bucuresti\/8-gospodarii-din-9-din-regiunea-bucuresti-ilfov-au-acces-la-internet\/","name":"8 gospod\u0103rii din 9, din regiunea Bucure\u0219ti- Ilfov, au acces la internet - Buletin de Bucure\u0219ti","isPartOf":{"@id":"https:\/\/buletin.de\/bucuresti\/#website"},"primaryImageOfPage":{"@id":"https:\/\/buletin.de\/bucuresti\/8-gospodarii-din-9-din-regiunea-bucuresti-ilfov-au-acces-la-internet\/#primaryimage"},"image":{"@id":"https:\/\/buletin.de\/bucuresti\/8-gospodarii-din-9-din-regiunea-bucuresti-ilfov-au-acces-la-internet\/#primaryimage"},"thumbnailUrl":"https:\/\/buletin.de\/bucuresti\/wp-content\/uploads\/thomas-jensen-h3vT1Kp0FxA-unsplash-scaled.jpg","datePublished":"2021-01-08T15:07:07+00:00","breadcrumb":{"@id":"https:\/\/buletin.de\/bucuresti\/8-gospodarii-din-9-din-regiunea-bucuresti-ilfov-au-acces-la-internet\/#breadcrumb"},"inLanguage":"en-GB","potentialAction":[{"@type":"ReadAction","target":["https:\/\/buletin.de\/bucuresti\/8-gospodarii-din-9-din-regiunea-bucuresti-ilfov-au-acces-la-internet\/"]}]},{"@type":"ImageObject","inLanguage":"en-GB","@id":"https:\/\/buletin.de\/bucuresti\/8-gospodarii-din-9-din-regiunea-bucuresti-ilfov-au-acces-la-internet\/#primaryimage","url":"https:\/\/buletin.de\/bucuresti\/wp-content\/uploads\/thomas-jensen-h3vT1Kp0FxA-unsplash-scaled.jpg","contentUrl":"https:\/\/buletin.de\/bucuresti\/wp-content\/uploads\/thomas-jensen-h3vT1Kp0FxA-unsplash-scaled.jpg","width":2560,"height":1702},{"@type":"BreadcrumbList","@id":"https:\/\/buletin.de\/bucuresti\/8-gospodarii-din-9-din-regiunea-bucuresti-ilfov-au-acces-la-internet\/#breadcrumb","itemListElement":[{"@type":"ListItem","position":1,"name":"Acas\u0103","item":"https:\/\/buletin.de\/bucuresti\/"},{"@type":"ListItem","position":2,"name":"8 gospod\u0103rii din 9, din regiunea Bucure\u0219ti- Ilfov, au acces la internet"}]},{"@type":"WebSite","@id":"https:\/\/buletin.de\/bucuresti\/#website","url":"https:\/\/buletin.de\/bucuresti\/","name":"Buletin de Bucure\u0219ti","description":"\u0218tiri \u0219i investiga\u021bii esen\u021biale din capital\u0103","publisher":{"@id":"https:\/\/buletin.de\/bucuresti\/#organization"},"potentialAction":[{"@type":"SearchAction","target":{"@type":"EntryPoint","urlTemplate":"https:\/\/buletin.de\/bucuresti\/?s={search_term_string}"},"query-input":{"@type":"PropertyValueSpecification","valueRequired":true,"valueName":"search_term_string"}}],"inLanguage":"en-GB"},{"@type":"Organization","@id":"https:\/\/buletin.de\/bucuresti\/#organization","name":"Buletin de Bucure\u0219ti","url":"https:\/\/buletin.de\/bucuresti\/","logo":{"@type":"ImageObject","inLanguage":"en-GB","@id":"https:\/\/buletin.de\/bucuresti\/#\/schema\/logo\/image\/","url":"https:\/\/buletin.de\/bucuresti\/wp-content\/uploads\/logo-bdb-full-wide-vernil-transparent.png","contentUrl":"https:\/\/buletin.de\/bucuresti\/wp-content\/uploads\/logo-bdb-full-wide-vernil-transparent.png","width":1782,"height":626,"caption":"Buletin de Bucure\u0219ti"},"image":{"@id":"https:\/\/buletin.de\/bucuresti\/#\/schema\/logo\/image\/"},"sameAs":["https:\/\/www.facebook.com\/buletin.de.buc","https:\/\/www.instagram.com\/buletinde.bucuresti\/"]},{"@type":"Person","@id":"https:\/\/buletin.de\/bucuresti\/#\/schema\/person\/d369d7ddc775abece205795e0b804614","name":"Teodora Stroe","image":{"@type":"ImageObject","inLanguage":"en-GB","@id":"https:\/\/secure.gravatar.com\/avatar\/2560b4cd9f5f1bc100b123158e657d75584bd1c3e1d9c69285720b9457c1b78d?s=96&d=monsterid&r=gc104800242ba5f2d78dd5d7dc4df08b6","url":"https:\/\/secure.gravatar.com\/avatar\/2560b4cd9f5f1bc100b123158e657d75584bd1c3e1d9c69285720b9457c1b78d?s=96&d=monsterid&r=g","contentUrl":"https:\/\/secure.gravatar.com\/avatar\/2560b4cd9f5f1bc100b123158e657d75584bd1c3e1d9c69285720b9457c1b78d?s=96&d=monsterid&r=g","caption":"Teodora Stroe"},"url":"https:\/\/buletin.de\/bucuresti\/author\/simonacarlugea\/"}]}},"authors":[{"term_id":22579,"user_id":18,"is_guest":0,"slug":"simonacarlugea","display_name":"Teodora Stroe","avatar_url":"https:\/\/secure.gravatar.com\/avatar\/2560b4cd9f5f1bc100b123158e657d75584bd1c3e1d9c69285720b9457c1b78d?s=96&d=monsterid&r=g","0":null,"1":"","2":"","3":"","4":"","5":"","6":"","7":"","8":""}],"_links":{"self":[{"href":"https:\/\/buletin.de\/bucuresti\/wp-json\/wp\/v2\/posts\/17789","targetHints":{"allow":["GET"]}}],"collection":[{"href":"https:\/\/buletin.de\/bucuresti\/wp-json\/wp\/v2\/posts"}],"about":[{"href":"https:\/\/buletin.de\/bucuresti\/wp-json\/wp\/v2\/types\/post"}],"author":[{"embeddable":true,"href":"https:\/\/buletin.de\/bucuresti\/wp-json\/wp\/v2\/users\/18"}],"replies":[{"embeddable":true,"href":"https:\/\/buletin.de\/bucuresti\/wp-json\/wp\/v2\/comments?post=17789"}],"version-history":[{"count":6,"href":"https:\/\/buletin.de\/bucuresti\/wp-json\/wp\/v2\/posts\/17789\/revisions"}],"predecessor-version":[{"id":17802,"href":"https:\/\/buletin.de\/bucuresti\/wp-json\/wp\/v2\/posts\/17789\/revisions\/17802"}],"wp:featuredmedia":[{"embeddable":true,"href":"https:\/\/buletin.de\/bucuresti\/wp-json\/wp\/v2\/media\/17800"}],"wp:attachment":[{"href":"https:\/\/buletin.de\/bucuresti\/wp-json\/wp\/v2\/media?parent=17789"}],"wp:term":[{"taxonomy":"category","embeddable":true,"href":"https:\/\/buletin.de\/bucuresti\/wp-json\/wp\/v2\/categories?post=17789"},{"taxonomy":"post_tag","embeddable":true,"href":"https:\/\/buletin.de\/bucuresti\/wp-json\/wp\/v2\/tags?post=17789"},{"taxonomy":"author","embeddable":true,"href":"https:\/\/buletin.de\/bucuresti\/wp-json\/wp\/v2\/ppma_author?post=17789"}],"curies":[{"name":"wp","href":"https:\/\/api.w.org\/{rel}","templated":true}]}}