{"id":177412,"date":"2026-03-01T08:00:00","date_gmt":"2026-03-01T05:00:00","guid":{"rendered":"https:\/\/buletin.de\/bucuresti\/?p=177412"},"modified":"2026-02-28T21:07:54","modified_gmt":"2026-02-28T18:07:54","slug":"tranzactii-blocate-cum-se-obtine-certificatul-fiscal-in-sectorul-1","status":"publish","type":"post","link":"https:\/\/buletin.de\/bucuresti\/tranzactii-blocate-cum-se-obtine-certificatul-fiscal-in-sectorul-1\/","title":{"rendered":"Tranzac\u021bii blocate? Cum se ob\u021bine certificatul fiscal, \u00een Sectorul 1"},"content":{"rendered":"\n<p class=\"wp-block-paragraph\"><strong>Certificatul fiscal este obligatoriu, din 27 februarie \u0219i pentru cei care cump\u0103r\u0103 un teren sau o ma\u0219in\u0103. Certificatul atest\u0103 c\u0103 nu exist\u0103 datorii la bugetul local \u0219i este necesar pentru toate tranzac\u021biile imobiliare sau ale mijloacelor de transport.<\/strong> <strong>Documentul este necesar at\u00e2t la v\u00e2nzarea c\u00e2t \u0219i la cump\u0103rarea bunurilor mobile \u0219i imobile.\u00a0<\/strong><\/p>\n\n\n\n<p class=\"wp-block-paragraph\">P\u00e2n\u0103 pe 27 februarie, certificatul fiscal era obligatoriu doar pentru tranzac\u021biile de v\u00e2nzare.<\/p>\n\n\n\n<h2 class=\"wp-block-heading\" id=\"h-cum-se-ob\u021bine-certificatul-fiscal-in-sectorul-1\">Cum se ob\u021bine certificatul fiscal,\u00a0\u00een Sectorul 1<\/h2>\n\n\n\n<p class=\"wp-block-paragraph\"><strong>Locuitorii Sectorului 1 pot ob\u021bine certificatul fiscal, dup\u0103 cum urmeaz\u0103:<\/strong><\/p>\n\n\n\n<p class=\"wp-block-paragraph\">\u2022&nbsp;<strong>Online, prin platforma Avansis<\/strong>&nbsp;\u2013 persoanele care de\u021bin semn\u0103tur\u0103 electronic\u0103 pot solicita certificatul direct de acas\u0103. Cei care nu au semn\u0103tur\u0103 electronic\u0103 trebuie s\u0103 se prezinte o singur\u0103 dat\u0103 la un inspector din cadrul Direc\u021biei Generale de Impozite \u0219i Taxe Locale Sector 1 (DGITL) pentru activarea contului, dup\u0103 care pot folosi platforma pentru toate solicit\u0103rile viitoare.<\/p>\n\n\n\n<p class=\"wp-block-paragraph\">\u2022&nbsp;<strong>Prin e-mail<\/strong>&nbsp;\u2013 cererea poate fi transmis\u0103 la registratura@primarias1.ro, iar r\u0103spunsul va fi primit tot \u00een format electronic.&nbsp;<mark>Formularul<\/mark>&nbsp;poate fi desc\u0103rcat de&nbsp;<strong><a href=\"https:\/\/primariasector1.ro\/wp-content\/uploads\/2026\/02\/7.Cerere_certificat_fiscal_PF2026.pdf\">AICI<\/a><\/strong>, iar cererea trebuie \u00eenso\u021bit\u0103 de o copie a c\u0103r\u021bii de identitate. Aceste documente sunt necesare at\u00e2t pentru solicit\u0103rile transmise prin e-mail, c\u00e2t \u0219i pentru cele depuse fizic.<\/p>\n\n\n\n<p class=\"wp-block-paragraph\">\u2022&nbsp;<strong>Fizic<\/strong>&nbsp;\u2013 cererile pentru eliberarea certificatului de atestare fiscal\u0103 pot fi depuse la sediul Biroului Cet\u0103\u021beanului din Str. Mure\u0219 nr. 18-24 sau la registratura Prim\u0103riei Sectorului 1 din Bd. Banu Manta nr. 9.<\/p>\n\n\n\n<p class=\"wp-block-paragraph\"><strong>CITE\u0218TE \u0218I: <\/strong><a href=\"https:\/\/buletin.de\/bucuresti\/sector-1-screening-pentru-mai-multe-boli-la-complexul-multifunctional-caraiman-care-este-programul-pe-luni\/\"><strong>Sector 1 | Screening pentru mai multe boli, la Complexul Multifunc\u021bional Caraiman.<\/strong><\/a><\/p>\n\n\n\n<h2 class=\"wp-block-heading\" id=\"h-programare-online-pentru-certificatul-online\">Programare online, pentru certificatul online<\/h2>\n\n\n\n<p class=\"wp-block-paragraph\">Locuitorii Sectorului 1 se pot programa Biroul Cet\u0103\u021beanului:\u00a0<a href=\"https:\/\/programare.primariasector1.ro\/\">https:\/\/programare.primariasector1.ro\/<\/a>. Folosind programarea online, se poate alege ora \u0219i serviciul. Se poate merge \u0219i f\u0103ra programare la Biroul Cetateanului \u00eens\u0103 program\u0103rile au \u00eent\u00e2ietate.<\/p>\n\n\n\n<p class=\"wp-block-paragraph\">Pentru eliberarea certificatului nu se percepe nicio tax\u0103.<\/p>\n\n\n\n<p class=\"wp-block-paragraph\"><strong>CITE\u0218TE \u0218I:<\/strong> <a href=\"https:\/\/buletin.de\/bucuresti\/sector-1-primaria-investeste-peste-8-milioane-de-euro-in-ascensoare-si-rampe-la-doua-pasaje-deja-existente\/\"><strong>Sector 1 | Prim\u0103ria investe\u0219te peste 8 milioane de euro \u00een ascensoare \u0219i rampe la dou\u0103 pasaje deja existente<\/strong><\/a><\/p>\n\n\n\n<h2 class=\"wp-block-heading\" id=\"h-dgaspc-sector-1-muta-cateva-servicii-la-noul-sediu-din-strada-mure\u0219-de-luni\">DGASPC Sector 1 mut\u0103 c\u00e2teva servicii la noul sediu din strada Mure\u0219, de luni<\/h2>\n\n\n\n<p class=\"wp-block-paragraph\"><strong>Direc\u021bia General\u0103 de Asisten\u021b\u0103 Social\u0103 \u0219i Protec\u021bia Copilului (DGASPC) Sector 1 a anun\u021bat c\u0103 va muta c\u00e2teva servicii la noul sediu situat pe Strada Mure\u0219 \u00eencep\u00e2nd de luni, 2 martie 2026.<\/strong><\/p>\n\n\n\n<h2 class=\"wp-block-heading\" id=\"h-servicii-din-cadrul-dgaspc-sector-1-mutate-in-noul-sediu\">Servicii din cadrul DGASPC Sector 1, mutate \u00een noul sediu<\/h2>\n\n\n\n<p class=\"wp-block-paragraph\">Potrivit anun\u021bului postat de reprezentan\u021bii DGASPC Sector 1, urm\u0103toarele servicii se vor desf\u0103\u0219ura la noul sediu, dup\u0103 cum urmeaz\u0103:<\/p>\n\n\n\n<ul class=\"wp-block-list\">\n<li><strong>\u00cencep\u00e2nd cu data de 02.03.2025<\/strong><\/li>\n<\/ul>\n\n\n\n<p class=\"wp-block-paragraph\">*&nbsp;<strong>Direc\u021bia Persoan\u0103 \u0219i Familie<\/strong>&nbsp;\u00ee\u0219i va desf\u0103\u0219ura activitatea la noul sediu din&nbsp;<strong>Strada Mure\u0219 nr. 18\u201324, Sector 1, Bucure\u0219ti.<\/strong><\/p>\n\n\n\n<ul class=\"wp-block-list\">\n<li><strong>\u00cencep\u00e2nd cu data de 06.03.2026<\/strong><\/li>\n<\/ul>\n\n\n\n<p class=\"wp-block-paragraph\">*&nbsp;<strong>Direc\u021bia Management Social Comunitar, cu serviciile aferente<\/strong>&nbsp;(ex. Compartiment Aloca\u021bii, Serviciul Prevenire Excluziune Social\u0103, Compartiment Protec\u021bie Social\u0103 Consumatori Vulnerabili, Venitul Minim de Incluziune), \u00ee\u0219i va desf\u0103\u0219ura activitatea la aceea\u0219i adres\u0103: Strada Mure\u0219 nr. 18\u201324, Sector 1, Bucure\u0219ti.<\/p>\n\n\n\n<p class=\"wp-block-paragraph\">Activitatea de rela\u021bii cu publicul pentru aceste dou\u0103 structuri se va desf\u0103\u0219ura la noua loca\u021bie, conform programului afi\u0219at pe site-ul institu\u021biei:&nbsp;<a href=\"https:\/\/www.dgaspc-sectorul1.ro\/contact\/?fbclid=IwY2xjawQOhIhleHRuA2FlbQIxMABicmlkETBLY3E4dUhXYXB1ZVYzeHdEc3J0YwZhcHBfaWQQMjIyMDM5MTc4ODIwMDg5MgABHrt2OU9rELRwFC1vU5MVT3C6sF4BdDX_Plnpp3aYyEOmaa084qlWg8fE6qgo_aem_AhQITW5AdwEtCch7_W2cPg\" target=\"_blank\" rel=\"noreferrer noopener\">https:\/\/www.dgaspc-sectorul1.ro\/contact\/<\/a>.<\/p>\n\n\n\n<p class=\"wp-block-paragraph\"><strong>CITE\u0218TE \u0218I:<\/strong> <a href=\"https:\/\/buletin.de\/bucuresti\/sector-1-primaria-a-inceput-sa-plombeze-gropile-din-carosabil-aparute-dupa-sezonul-rece\/\"><strong>Sector 1 | Prim\u0103ria a \u00eenceput s\u0103 plombeze gropile din carosabil ap\u0103rute dup\u0103 z\u0103pad\u0103<\/strong><\/a><\/p>\n\n\n\n<p class=\"wp-block-paragraph\"><\/p>\n","protected":false},"excerpt":{"rendered":"<p>Certificatul fiscal este obligatoriu, din 27 februarie \u0219i pentru cei care cump\u0103r\u0103 un teren sau o ma\u0219in\u0103. Certificatul atest\u0103 c\u0103 nu exist\u0103 datorii la bugetul local \u0219i este necesar pentru toate tranzac\u021biile imobiliare sau ale mijloacelor de transport. Documentul este necesar at\u00e2t la v\u00e2nzarea c\u00e2t \u0219i la cump\u0103rarea bunurilor mobile \u0219i imobile.\u00a0 P\u00e2n\u0103 pe 27 [&hellip;]<\/p>\n","protected":false},"author":1,"featured_media":177422,"comment_status":"closed","ping_status":"open","sticky":false,"template":"","format":"standard","meta":{"_acf_changed":false,"inline_featured_image":false,"ngg_post_thumbnail":0,"footnotes":""},"categories":[6994,24,62],"tags":[26783,26784,26002,17412],"ppma_author":[22583],"class_list":["post-177412","post","type-post","status-publish","format-standard","has-post-thumbnail","hentry","category-stiri-2","category-primarie","category-stiri","tag-certificat-fiscal","tag-certificat-fiscal-obligatoriu","tag-dgaspc-1","tag-ps1"],"acf":[],"a3_pvc":{"activated":false,"total_views":0,"today_views":0},"yoast_head":"<!-- This site is optimized with the Yoast SEO Premium plugin v28.0 (Yoast SEO v28.3) - https:\/\/yoast.com\/product\/yoast-seo-premium-wordpress\/ -->\n<title>Tranzac\u021bii blocate? Cum se ob\u021bine certificatul fiscal, \u00een Sectorul 1 - Buletin de Bucure\u0219ti<\/title>\n<meta name=\"robots\" content=\"index, follow, max-snippet:-1, max-image-preview:large, max-video-preview:-1\" \/>\n<link rel=\"canonical\" href=\"https:\/\/buletin.de\/bucuresti\/tranzactii-blocate-cum-se-obtine-certificatul-fiscal-in-sectorul-1\/\" \/>\n<meta property=\"og:locale\" content=\"en_GB\" \/>\n<meta property=\"og:type\" content=\"article\" \/>\n<meta property=\"og:title\" content=\"Tranzac\u021bii blocate? Cum se ob\u021bine certificatul fiscal, \u00een Sectorul 1\" \/>\n<meta property=\"og:description\" content=\"Certificatul fiscal este obligatoriu, din 27 februarie \u0219i pentru cei care cump\u0103r\u0103 un teren sau o ma\u0219in\u0103. Certificatul atest\u0103 c\u0103 nu exist\u0103 datorii la bugetul local \u0219i este necesar pentru toate tranzac\u021biile imobiliare sau ale mijloacelor de transport. Documentul este necesar at\u00e2t la v\u00e2nzarea c\u00e2t \u0219i la cump\u0103rarea bunurilor mobile \u0219i imobile.\u00a0 P\u00e2n\u0103 pe 27 [&hellip;]\" \/>\n<meta property=\"og:url\" content=\"https:\/\/buletin.de\/bucuresti\/tranzactii-blocate-cum-se-obtine-certificatul-fiscal-in-sectorul-1\/\" \/>\n<meta property=\"og:site_name\" content=\"Buletin de Bucure\u0219ti\" \/>\n<meta property=\"article:publisher\" content=\"https:\/\/www.facebook.com\/buletin.de.buc\" \/>\n<meta property=\"article:published_time\" content=\"2026-03-01T05:00:00+00:00\" \/>\n<meta property=\"og:image\" content=\"https:\/\/buletin.de\/bucuresti\/wp-content\/uploads\/2026\/02\/foto_certificat-fiscal.jpeg\" \/>\n\t<meta property=\"og:image:width\" content=\"1280\" \/>\n\t<meta property=\"og:image:height\" content=\"645\" \/>\n\t<meta property=\"og:image:type\" content=\"image\/jpeg\" \/>\n<meta name=\"author\" content=\"Redac\u021bia Buletin de Bucure\u0219ti\" \/>\n<meta name=\"twitter:card\" content=\"summary_large_image\" \/>\n<meta name=\"twitter:label1\" content=\"Written by\" \/>\n\t<meta name=\"twitter:data1\" content=\"Redac\u021bia Buletin de Bucure\u0219ti\" \/>\n\t<meta name=\"twitter:label2\" content=\"Estimated reading time\" \/>\n\t<meta name=\"twitter:data2\" content=\"3 minutes\" \/>\n<script type=\"application\/ld+json\" class=\"yoast-schema-graph\">{\"@context\":\"https:\\\/\\\/schema.org\",\"@graph\":[{\"@type\":\"Article\",\"@id\":\"https:\\\/\\\/buletin.de\\\/bucuresti\\\/tranzactii-blocate-cum-se-obtine-certificatul-fiscal-in-sectorul-1\\\/#article\",\"isPartOf\":{\"@id\":\"https:\\\/\\\/buletin.de\\\/bucuresti\\\/tranzactii-blocate-cum-se-obtine-certificatul-fiscal-in-sectorul-1\\\/\"},\"author\":{\"name\":\"Redac\u021bia Buletin de Bucure\u0219ti\",\"@id\":\"https:\\\/\\\/buletin.de\\\/bucuresti\\\/#\\\/schema\\\/person\\\/2bbcf854e5f2419a13804af574d06ab1\"},\"headline\":\"Tranzac\u021bii blocate? Cum se ob\u021bine certificatul fiscal, \u00een Sectorul 1\",\"datePublished\":\"2026-03-01T05:00:00+00:00\",\"mainEntityOfPage\":{\"@id\":\"https:\\\/\\\/buletin.de\\\/bucuresti\\\/tranzactii-blocate-cum-se-obtine-certificatul-fiscal-in-sectorul-1\\\/\"},\"wordCount\":551,\"publisher\":{\"@id\":\"https:\\\/\\\/buletin.de\\\/bucuresti\\\/#organization\"},\"image\":{\"@id\":\"https:\\\/\\\/buletin.de\\\/bucuresti\\\/tranzactii-blocate-cum-se-obtine-certificatul-fiscal-in-sectorul-1\\\/#primaryimage\"},\"thumbnailUrl\":\"https:\\\/\\\/buletin.de\\\/bucuresti\\\/wp-content\\\/uploads\\\/2026\\\/02\\\/foto_certificat-fiscal.jpeg\",\"keywords\":[\"certificat fiscal\",\"certificat fiscal obligatoriu\",\"DGASPC 1\",\"PS1\"],\"articleSection\":[\"Articole\",\"Prim\u0103rie\",\"\u0218tiri\"],\"inLanguage\":\"en-GB\",\"copyrightYear\":\"2026\",\"copyrightHolder\":{\"@id\":\"https:\\\/\\\/buletin.de\\\/bucuresti\\\/#organization\"}},{\"@type\":\"WebPage\",\"@id\":\"https:\\\/\\\/buletin.de\\\/bucuresti\\\/tranzactii-blocate-cum-se-obtine-certificatul-fiscal-in-sectorul-1\\\/\",\"url\":\"https:\\\/\\\/buletin.de\\\/bucuresti\\\/tranzactii-blocate-cum-se-obtine-certificatul-fiscal-in-sectorul-1\\\/\",\"name\":\"Tranzac\u021bii blocate? Cum se ob\u021bine certificatul fiscal, \u00een Sectorul 1 - Buletin de Bucure\u0219ti\",\"isPartOf\":{\"@id\":\"https:\\\/\\\/buletin.de\\\/bucuresti\\\/#website\"},\"primaryImageOfPage\":{\"@id\":\"https:\\\/\\\/buletin.de\\\/bucuresti\\\/tranzactii-blocate-cum-se-obtine-certificatul-fiscal-in-sectorul-1\\\/#primaryimage\"},\"image\":{\"@id\":\"https:\\\/\\\/buletin.de\\\/bucuresti\\\/tranzactii-blocate-cum-se-obtine-certificatul-fiscal-in-sectorul-1\\\/#primaryimage\"},\"thumbnailUrl\":\"https:\\\/\\\/buletin.de\\\/bucuresti\\\/wp-content\\\/uploads\\\/2026\\\/02\\\/foto_certificat-fiscal.jpeg\",\"datePublished\":\"2026-03-01T05:00:00+00:00\",\"breadcrumb\":{\"@id\":\"https:\\\/\\\/buletin.de\\\/bucuresti\\\/tranzactii-blocate-cum-se-obtine-certificatul-fiscal-in-sectorul-1\\\/#breadcrumb\"},\"inLanguage\":\"en-GB\",\"potentialAction\":[{\"@type\":\"ReadAction\",\"target\":[\"https:\\\/\\\/buletin.de\\\/bucuresti\\\/tranzactii-blocate-cum-se-obtine-certificatul-fiscal-in-sectorul-1\\\/\"]}]},{\"@type\":\"ImageObject\",\"inLanguage\":\"en-GB\",\"@id\":\"https:\\\/\\\/buletin.de\\\/bucuresti\\\/tranzactii-blocate-cum-se-obtine-certificatul-fiscal-in-sectorul-1\\\/#primaryimage\",\"url\":\"https:\\\/\\\/buletin.de\\\/bucuresti\\\/wp-content\\\/uploads\\\/2026\\\/02\\\/foto_certificat-fiscal.jpeg\",\"contentUrl\":\"https:\\\/\\\/buletin.de\\\/bucuresti\\\/wp-content\\\/uploads\\\/2026\\\/02\\\/foto_certificat-fiscal.jpeg\",\"width\":1280,\"height\":645,\"caption\":\"Certificatul fiscal, obligatoriu pentru toate tranzac\u021biile. Cum se ob\u021bine, \u00een Sectorul 1. FOTO: PS1\"},{\"@type\":\"BreadcrumbList\",\"@id\":\"https:\\\/\\\/buletin.de\\\/bucuresti\\\/tranzactii-blocate-cum-se-obtine-certificatul-fiscal-in-sectorul-1\\\/#breadcrumb\",\"itemListElement\":[{\"@type\":\"ListItem\",\"position\":1,\"name\":\"Acas\u0103\",\"item\":\"https:\\\/\\\/buletin.de\\\/bucuresti\\\/\"},{\"@type\":\"ListItem\",\"position\":2,\"name\":\"Tranzac\u021bii blocate? Cum se ob\u021bine certificatul fiscal, \u00een Sectorul 1\"}]},{\"@type\":\"WebSite\",\"@id\":\"https:\\\/\\\/buletin.de\\\/bucuresti\\\/#website\",\"url\":\"https:\\\/\\\/buletin.de\\\/bucuresti\\\/\",\"name\":\"Buletin de Bucure\u0219ti\",\"description\":\"\u0218tiri \u0219i investiga\u021bii esen\u021biale din capital\u0103\",\"publisher\":{\"@id\":\"https:\\\/\\\/buletin.de\\\/bucuresti\\\/#organization\"},\"potentialAction\":[{\"@type\":\"SearchAction\",\"target\":{\"@type\":\"EntryPoint\",\"urlTemplate\":\"https:\\\/\\\/buletin.de\\\/bucuresti\\\/?s={search_term_string}\"},\"query-input\":{\"@type\":\"PropertyValueSpecification\",\"valueRequired\":true,\"valueName\":\"search_term_string\"}}],\"inLanguage\":\"en-GB\"},{\"@type\":\"Organization\",\"@id\":\"https:\\\/\\\/buletin.de\\\/bucuresti\\\/#organization\",\"name\":\"Buletin de Bucure\u0219ti\",\"url\":\"https:\\\/\\\/buletin.de\\\/bucuresti\\\/\",\"logo\":{\"@type\":\"ImageObject\",\"inLanguage\":\"en-GB\",\"@id\":\"https:\\\/\\\/buletin.de\\\/bucuresti\\\/#\\\/schema\\\/logo\\\/image\\\/\",\"url\":\"https:\\\/\\\/buletin.de\\\/bucuresti\\\/wp-content\\\/uploads\\\/logo-bdb-full-wide-vernil-transparent.png\",\"contentUrl\":\"https:\\\/\\\/buletin.de\\\/bucuresti\\\/wp-content\\\/uploads\\\/logo-bdb-full-wide-vernil-transparent.png\",\"width\":1782,\"height\":626,\"caption\":\"Buletin de Bucure\u0219ti\"},\"image\":{\"@id\":\"https:\\\/\\\/buletin.de\\\/bucuresti\\\/#\\\/schema\\\/logo\\\/image\\\/\"},\"sameAs\":[\"https:\\\/\\\/www.facebook.com\\\/buletin.de.buc\",\"https:\\\/\\\/www.instagram.com\\\/buletinde.bucuresti\\\/\"]},{\"@type\":\"Person\",\"@id\":\"https:\\\/\\\/buletin.de\\\/bucuresti\\\/#\\\/schema\\\/person\\\/2bbcf854e5f2419a13804af574d06ab1\",\"name\":\"Redac\u021bia Buletin de Bucure\u0219ti\",\"image\":{\"@type\":\"ImageObject\",\"inLanguage\":\"en-GB\",\"@id\":\"https:\\\/\\\/secure.gravatar.com\\\/avatar\\\/18c5342381ed1a08620e6280424e3e5efc958618f5d67c522c9e44c1bc6f9226?s=96&d=monsterid&r=g60c7cd0ad92c68c049fcd4bb3504d609\",\"url\":\"https:\\\/\\\/secure.gravatar.com\\\/avatar\\\/18c5342381ed1a08620e6280424e3e5efc958618f5d67c522c9e44c1bc6f9226?s=96&d=monsterid&r=g\",\"contentUrl\":\"https:\\\/\\\/secure.gravatar.com\\\/avatar\\\/18c5342381ed1a08620e6280424e3e5efc958618f5d67c522c9e44c1bc6f9226?s=96&d=monsterid&r=g\",\"caption\":\"Redac\u021bia Buletin de Bucure\u0219ti\"},\"description\":\"Buletin de Bucure\u0219ti exist\u0103 din vara anului 2019.\",\"url\":\"https:\\\/\\\/buletin.de\\\/bucuresti\\\/author\\\/adminbuletin\\\/\"}]}<\/script>\n<!-- \/ Yoast SEO Premium plugin. -->","yoast_head_json":{"title":"Tranzac\u021bii blocate? Cum se ob\u021bine certificatul fiscal, \u00een Sectorul 1 - Buletin de Bucure\u0219ti","robots":{"index":"index","follow":"follow","max-snippet":"max-snippet:-1","max-image-preview":"max-image-preview:large","max-video-preview":"max-video-preview:-1"},"canonical":"https:\/\/buletin.de\/bucuresti\/tranzactii-blocate-cum-se-obtine-certificatul-fiscal-in-sectorul-1\/","og_locale":"en_GB","og_type":"article","og_title":"Tranzac\u021bii blocate? Cum se ob\u021bine certificatul fiscal, \u00een Sectorul 1","og_description":"Certificatul fiscal este obligatoriu, din 27 februarie \u0219i pentru cei care cump\u0103r\u0103 un teren sau o ma\u0219in\u0103. Certificatul atest\u0103 c\u0103 nu exist\u0103 datorii la bugetul local \u0219i este necesar pentru toate tranzac\u021biile imobiliare sau ale mijloacelor de transport. Documentul este necesar at\u00e2t la v\u00e2nzarea c\u00e2t \u0219i la cump\u0103rarea bunurilor mobile \u0219i imobile.\u00a0 P\u00e2n\u0103 pe 27 [&hellip;]","og_url":"https:\/\/buletin.de\/bucuresti\/tranzactii-blocate-cum-se-obtine-certificatul-fiscal-in-sectorul-1\/","og_site_name":"Buletin de Bucure\u0219ti","article_publisher":"https:\/\/www.facebook.com\/buletin.de.buc","article_published_time":"2026-03-01T05:00:00+00:00","og_image":[{"width":1280,"height":645,"url":"https:\/\/buletin.de\/bucuresti\/wp-content\/uploads\/2026\/02\/foto_certificat-fiscal.jpeg","type":"image\/jpeg"}],"author":"Redac\u021bia Buletin de Bucure\u0219ti","twitter_card":"summary_large_image","twitter_misc":{"Written by":"Redac\u021bia Buletin de Bucure\u0219ti","Estimated reading time":"3 minutes"},"schema":{"@context":"https:\/\/schema.org","@graph":[{"@type":"Article","@id":"https:\/\/buletin.de\/bucuresti\/tranzactii-blocate-cum-se-obtine-certificatul-fiscal-in-sectorul-1\/#article","isPartOf":{"@id":"https:\/\/buletin.de\/bucuresti\/tranzactii-blocate-cum-se-obtine-certificatul-fiscal-in-sectorul-1\/"},"author":{"name":"Redac\u021bia Buletin de Bucure\u0219ti","@id":"https:\/\/buletin.de\/bucuresti\/#\/schema\/person\/2bbcf854e5f2419a13804af574d06ab1"},"headline":"Tranzac\u021bii blocate? Cum se ob\u021bine certificatul fiscal, \u00een Sectorul 1","datePublished":"2026-03-01T05:00:00+00:00","mainEntityOfPage":{"@id":"https:\/\/buletin.de\/bucuresti\/tranzactii-blocate-cum-se-obtine-certificatul-fiscal-in-sectorul-1\/"},"wordCount":551,"publisher":{"@id":"https:\/\/buletin.de\/bucuresti\/#organization"},"image":{"@id":"https:\/\/buletin.de\/bucuresti\/tranzactii-blocate-cum-se-obtine-certificatul-fiscal-in-sectorul-1\/#primaryimage"},"thumbnailUrl":"https:\/\/buletin.de\/bucuresti\/wp-content\/uploads\/2026\/02\/foto_certificat-fiscal.jpeg","keywords":["certificat fiscal","certificat fiscal obligatoriu","DGASPC 1","PS1"],"articleSection":["Articole","Prim\u0103rie","\u0218tiri"],"inLanguage":"en-GB","copyrightYear":"2026","copyrightHolder":{"@id":"https:\/\/buletin.de\/bucuresti\/#organization"}},{"@type":"WebPage","@id":"https:\/\/buletin.de\/bucuresti\/tranzactii-blocate-cum-se-obtine-certificatul-fiscal-in-sectorul-1\/","url":"https:\/\/buletin.de\/bucuresti\/tranzactii-blocate-cum-se-obtine-certificatul-fiscal-in-sectorul-1\/","name":"Tranzac\u021bii blocate? Cum se ob\u021bine certificatul fiscal, \u00een Sectorul 1 - Buletin de Bucure\u0219ti","isPartOf":{"@id":"https:\/\/buletin.de\/bucuresti\/#website"},"primaryImageOfPage":{"@id":"https:\/\/buletin.de\/bucuresti\/tranzactii-blocate-cum-se-obtine-certificatul-fiscal-in-sectorul-1\/#primaryimage"},"image":{"@id":"https:\/\/buletin.de\/bucuresti\/tranzactii-blocate-cum-se-obtine-certificatul-fiscal-in-sectorul-1\/#primaryimage"},"thumbnailUrl":"https:\/\/buletin.de\/bucuresti\/wp-content\/uploads\/2026\/02\/foto_certificat-fiscal.jpeg","datePublished":"2026-03-01T05:00:00+00:00","breadcrumb":{"@id":"https:\/\/buletin.de\/bucuresti\/tranzactii-blocate-cum-se-obtine-certificatul-fiscal-in-sectorul-1\/#breadcrumb"},"inLanguage":"en-GB","potentialAction":[{"@type":"ReadAction","target":["https:\/\/buletin.de\/bucuresti\/tranzactii-blocate-cum-se-obtine-certificatul-fiscal-in-sectorul-1\/"]}]},{"@type":"ImageObject","inLanguage":"en-GB","@id":"https:\/\/buletin.de\/bucuresti\/tranzactii-blocate-cum-se-obtine-certificatul-fiscal-in-sectorul-1\/#primaryimage","url":"https:\/\/buletin.de\/bucuresti\/wp-content\/uploads\/2026\/02\/foto_certificat-fiscal.jpeg","contentUrl":"https:\/\/buletin.de\/bucuresti\/wp-content\/uploads\/2026\/02\/foto_certificat-fiscal.jpeg","width":1280,"height":645,"caption":"Certificatul fiscal, obligatoriu pentru toate tranzac\u021biile. Cum se ob\u021bine, \u00een Sectorul 1. FOTO: PS1"},{"@type":"BreadcrumbList","@id":"https:\/\/buletin.de\/bucuresti\/tranzactii-blocate-cum-se-obtine-certificatul-fiscal-in-sectorul-1\/#breadcrumb","itemListElement":[{"@type":"ListItem","position":1,"name":"Acas\u0103","item":"https:\/\/buletin.de\/bucuresti\/"},{"@type":"ListItem","position":2,"name":"Tranzac\u021bii blocate? Cum se ob\u021bine certificatul fiscal, \u00een Sectorul 1"}]},{"@type":"WebSite","@id":"https:\/\/buletin.de\/bucuresti\/#website","url":"https:\/\/buletin.de\/bucuresti\/","name":"Buletin de Bucure\u0219ti","description":"\u0218tiri \u0219i investiga\u021bii esen\u021biale din capital\u0103","publisher":{"@id":"https:\/\/buletin.de\/bucuresti\/#organization"},"potentialAction":[{"@type":"SearchAction","target":{"@type":"EntryPoint","urlTemplate":"https:\/\/buletin.de\/bucuresti\/?s={search_term_string}"},"query-input":{"@type":"PropertyValueSpecification","valueRequired":true,"valueName":"search_term_string"}}],"inLanguage":"en-GB"},{"@type":"Organization","@id":"https:\/\/buletin.de\/bucuresti\/#organization","name":"Buletin de Bucure\u0219ti","url":"https:\/\/buletin.de\/bucuresti\/","logo":{"@type":"ImageObject","inLanguage":"en-GB","@id":"https:\/\/buletin.de\/bucuresti\/#\/schema\/logo\/image\/","url":"https:\/\/buletin.de\/bucuresti\/wp-content\/uploads\/logo-bdb-full-wide-vernil-transparent.png","contentUrl":"https:\/\/buletin.de\/bucuresti\/wp-content\/uploads\/logo-bdb-full-wide-vernil-transparent.png","width":1782,"height":626,"caption":"Buletin de Bucure\u0219ti"},"image":{"@id":"https:\/\/buletin.de\/bucuresti\/#\/schema\/logo\/image\/"},"sameAs":["https:\/\/www.facebook.com\/buletin.de.buc","https:\/\/www.instagram.com\/buletinde.bucuresti\/"]},{"@type":"Person","@id":"https:\/\/buletin.de\/bucuresti\/#\/schema\/person\/2bbcf854e5f2419a13804af574d06ab1","name":"Redac\u021bia Buletin de Bucure\u0219ti","image":{"@type":"ImageObject","inLanguage":"en-GB","@id":"https:\/\/secure.gravatar.com\/avatar\/18c5342381ed1a08620e6280424e3e5efc958618f5d67c522c9e44c1bc6f9226?s=96&d=monsterid&r=g60c7cd0ad92c68c049fcd4bb3504d609","url":"https:\/\/secure.gravatar.com\/avatar\/18c5342381ed1a08620e6280424e3e5efc958618f5d67c522c9e44c1bc6f9226?s=96&d=monsterid&r=g","contentUrl":"https:\/\/secure.gravatar.com\/avatar\/18c5342381ed1a08620e6280424e3e5efc958618f5d67c522c9e44c1bc6f9226?s=96&d=monsterid&r=g","caption":"Redac\u021bia Buletin de Bucure\u0219ti"},"description":"Buletin de Bucure\u0219ti exist\u0103 din vara anului 2019.","url":"https:\/\/buletin.de\/bucuresti\/author\/adminbuletin\/"}]}},"authors":[{"term_id":22583,"user_id":1,"is_guest":0,"slug":"adminbuletin","display_name":"Redac\u021bia Buletin de Bucure\u0219ti","avatar_url":"https:\/\/secure.gravatar.com\/avatar\/18c5342381ed1a08620e6280424e3e5efc958618f5d67c522c9e44c1bc6f9226?s=96&d=monsterid&r=g","author_category":"","first_name":"Redac\u021bia Buletin de Bucure\u0219ti","last_name":"","user_url":"","job_title":"","description":"Buletin de Bucure\u0219ti exist\u0103 din vara anului 2019."}],"_links":{"self":[{"href":"https:\/\/buletin.de\/bucuresti\/wp-json\/wp\/v2\/posts\/177412","targetHints":{"allow":["GET"]}}],"collection":[{"href":"https:\/\/buletin.de\/bucuresti\/wp-json\/wp\/v2\/posts"}],"about":[{"href":"https:\/\/buletin.de\/bucuresti\/wp-json\/wp\/v2\/types\/post"}],"author":[{"embeddable":true,"href":"https:\/\/buletin.de\/bucuresti\/wp-json\/wp\/v2\/users\/1"}],"replies":[{"embeddable":true,"href":"https:\/\/buletin.de\/bucuresti\/wp-json\/wp\/v2\/comments?post=177412"}],"version-history":[{"count":5,"href":"https:\/\/buletin.de\/bucuresti\/wp-json\/wp\/v2\/posts\/177412\/revisions"}],"predecessor-version":[{"id":177425,"href":"https:\/\/buletin.de\/bucuresti\/wp-json\/wp\/v2\/posts\/177412\/revisions\/177425"}],"wp:featuredmedia":[{"embeddable":true,"href":"https:\/\/buletin.de\/bucuresti\/wp-json\/wp\/v2\/media\/177422"}],"wp:attachment":[{"href":"https:\/\/buletin.de\/bucuresti\/wp-json\/wp\/v2\/media?parent=177412"}],"wp:term":[{"taxonomy":"category","embeddable":true,"href":"https:\/\/buletin.de\/bucuresti\/wp-json\/wp\/v2\/categories?post=177412"},{"taxonomy":"post_tag","embeddable":true,"href":"https:\/\/buletin.de\/bucuresti\/wp-json\/wp\/v2\/tags?post=177412"},{"taxonomy":"author","embeddable":true,"href":"https:\/\/buletin.de\/bucuresti\/wp-json\/wp\/v2\/ppma_author?post=177412"}],"curies":[{"name":"wp","href":"https:\/\/api.w.org\/{rel}","templated":true}]}}