{"id":17694,"date":"2021-01-05T20:51:12","date_gmt":"2021-01-05T17:51:12","guid":{"rendered":"https:\/\/buletin.de\/bucuresti\/?p=17694"},"modified":"2021-01-06T15:38:36","modified_gmt":"2021-01-06T12:38:36","slug":"agresiune-in-centrul-de-plasament-voluntari-corpul-de-control-a-demarat-o-ancheta","status":"publish","type":"post","link":"https:\/\/buletin.de\/bucuresti\/agresiune-in-centrul-de-plasament-voluntari-corpul-de-control-a-demarat-o-ancheta\/","title":{"rendered":"Agresiune \u00een Centrul de Plasament Voluntari. Corpul de Control a demarat o anchet\u0103"},"content":{"rendered":"\n<p><strong>Centrul de Plasament Voluntari este anchetat de Corpul de Control al <strong>Autorit\u0103\u021bii Na\u021bionale pentru Drepturile Persoanelor cu Dizabilit\u0103\u021bi, Copii \u0219i Adop\u021bii<\/strong><\/strong> <strong>(ANDPDCA) din subordinea Ministerului Muncii \u0219i Protec\u021biei Sociale \u00een urma unui video publicat ast\u0103zi pe Facebook \u00een care doi angaja\u021bi agreseaz\u0103 verbal copiii din centru.<\/strong> <strong>M\u0103d\u0103lina Turza, directoarea ANDPDCA, sus\u021bine c\u0103 a f\u0103cut pl\u00e2ngere la Parchet.<\/strong><\/p>\n\n\n\n<p><strong>Directorul Direc\u021biei Generale de Asisten\u021b\u0103 Social\u0103 \u0219i Protec\u021bia Copilului Ilfov (DGASPC), Bogdan Pintea, ne-a spus c\u0103 incidentul a avut loc \u00eenainte de Cr\u0103ciun \u0219i c\u0103, \u00een momentul de fa\u021b\u0103, copiii se afl\u0103 sub consiliere psihologic\u0103.<\/strong><\/p>\n\n\n\n<figure class=\"wp-block-video aligncenter\"><video controls src=\"https:\/\/buletin.de\/bucuresti\/wp-content\/uploads\/0-00-1-11-Laurenti-Barbu8h-\u00b7-Imagini-socante-cum-sunt-luati-copii-in-varsta-de-10.a...-368P.mp4\"><\/video><figcaption>Surs\u0103: <a href=\"https:\/\/www.facebook.com\/laurenti.barbu.9\/videos\/474292460630754\/\">Facebook Lauren\u021biu Barbu<\/a><\/figcaption><\/figure>\n\n\n\n<p><\/p>\n\n\n\n<p>Una dintre angajatele centrului este surprins\u0103 pe video \u00een timp ce \u00eei spune unui b\u0103iat \u201e<em>Doamne fere\u0219te, tu trebuie\u0219ti dus la nebuni b\u0103<\/em>\u201d, \u00een timp ce un alt angajat \u00eel trage pe b\u0103iat \u0219i \u00eei spune \u201e<em>Ce-ai, b\u0103? B\u0103, \u00ee\u021bi bag una\u2026<\/em>\u201d. Totodat\u0103, educatoarea \u00eel amenin\u021b\u0103 pe copil c\u0103 va chema salvarea. Din filmule\u021b nu reiese clar dac\u0103 a avut loc agresiune fizic\u0103 sau nu.<\/p>\n\n\n\n<p>Directorul DGASPC Ilfov ne-a spus c\u0103 nu ne poate confirma dac\u0103 b\u0103iatul a fost agresat fizic de angaja\u021bii centrului sau nu deoarece acest lucru urmeaz\u0103 s\u0103 fie stabilit de anchet\u0103.<\/p>\n\n\n\n<blockquote class=\"wp-block-quote is-layout-flow wp-block-quote-is-layout-flow\"><p>\u201eR\u0103spund oric\u0103ror \u00eentreb\u0103ri, dar asta dup\u0103 ce se termin\u0103 \u0219i ancheta Poli\u021biei, \u0219i ancheta noastr\u0103 intern\u0103 \u0219i ancheta demarat\u0103 de c\u0103tre ANDPDCA. Nu a\u0219 vrea s\u0103 m\u0103 antepronun\u021b nici dac\u0103 rezultatul este unul, nici dac\u0103 e altul. Promit ca institu\u021bie care este supus\u0103 legii 544 cu accesul liber la informa\u021bii de interes public c\u0103 fac public tot rezultatul anchetei, at\u00e2t interne c\u00e2t \u0219i ceea ce am voie.\u201d<\/p><cite>Bogdan Pintea, director DGASPC Ilfov<\/cite><\/blockquote>\n\n\n\n<p>M\u0103d\u0103lina Turza, pre\u0219edintele Autorit\u0103\u021bii Na\u021bionale pentru Drepturile Persoanelor cu Dizabilit\u0103\u021bi, Copii \u0219i Adop\u021bii (ANDPDCA) din subordinea Ministerului Muncii \u0219i Protec\u021biei Sociale, a declarat pentru Buletin de Bucure\u0219ti c\u0103 a sesizat Corpul de Control \u0219i Parchetul \u0219i c\u0103 urmeaz\u0103 s\u0103 se ia m\u0103suri administrativ disciplinare la nivelul direc\u021biei.<\/p>\n\n\n\n<p><\/p>\n\n\n\n<blockquote class=\"wp-block-quote is-layout-flow wp-block-quote-is-layout-flow\"><p>\u201eAm luat m\u0103suri, am trimis Corpul de Control, am f\u0103cut pl\u00e2ngere la Parchet, e avansat\u0103 situa\u021bia. \u0218i la mine a ajuns filmule\u021bul respectiv din mediile de socializare online \u0219i \u00een 20 de minute am trimis echipa de control, am f\u0103cut sesizare la Parchet \u0219i urmeaz\u0103 s\u0103 se ia \u0219i m\u0103surile administrativ disciplinare la nivelul direc\u021biei\u201d<\/p><cite>M\u0103d\u0103lina Turza, pre\u0219edintele ANDPDCA<\/cite><\/blockquote>\n\n\n\n<p><strong>Actualizare. <\/strong>Consiliul Jude\u021bean Ilfov a emis \u00een aceast\u0103 diminea\u021b\u0103 o dispozi\u021bie prin care a fost format\u0103 o comisie care analizeaz\u0103 \u00een regim de urgen\u021b\u0103 faptele \u00eent\u00e2mplate ieri \u00een Centrul de Plasament Num\u0103rul 6 situat \u00een ora\u0219ul Voluntari.<\/p>\n\n\n\n<div class=\"fb-post\" data-href=\"https:\/\/www.facebook.com\/CJIlfov\/posts\/2602094463249073\" data-width=\"500\" data-show-text=\"true\"><blockquote cite=\"https:\/\/www.facebook.com\/CJIlfov\/posts\/2602094463249073\" class=\"fb-xfbml-parse-ignore\"><p>Comunicat  de pres\u0103 \n \n \nConsiliul Jude\u021bean Ilfov a emis \u00een aceast\u0103 diminea\u021b\u0103 o dispozi\u021bie prin care a fost format\u0103 o&#8230;<\/p>Publicat\u0103 de <a href=\"https:\/\/www.facebook.com\/CJIlfov\/\">Consiliul Judetean Ilfov<\/a> pe&nbsp;<a href=\"https:\/\/www.facebook.com\/CJIlfov\/posts\/2602094463249073\">Miercuri, 6 ianuarie 2021<\/a><\/blockquote><\/div>\n\n\n\n<p>Surs\u0103 cover foto: Captur\u0103 filmule\u021b <a href=\"https:\/\/www.facebook.com\/laurenti.barbu.9\/videos\/474292460630754\/\">Facebook Lauren\u021biu Barbu<\/a><\/p>\n","protected":false},"excerpt":{"rendered":"<p>Centrul de Plasament Voluntari este anchetat de Corpul de Control al Autorit\u0103\u021bii Na\u021bionale pentru Drepturile Persoanelor cu Dizabilit\u0103\u021bi, Copii \u0219i Adop\u021bii (ANDPDCA) din subordinea Ministerului Muncii \u0219i Protec\u021biei Sociale \u00een urma unui video publicat ast\u0103zi pe Facebook \u00een care doi angaja\u021bi agreseaz\u0103 verbal copiii din centru. M\u0103d\u0103lina Turza, directoarea ANDPDCA, sus\u021bine c\u0103 a f\u0103cut pl\u00e2ngere [&hellip;]<\/p>\n","protected":false},"author":6,"featured_media":17703,"comment_status":"closed","ping_status":"open","sticky":false,"template":"","format":"standard","meta":{"_acf_changed":false,"inline_featured_image":false,"ngg_post_thumbnail":0,"footnotes":""},"categories":[62],"tags":[2068,2067,2069],"ppma_author":[22588],"class_list":["post-17694","post","type-post","status-publish","format-standard","has-post-thumbnail","hentry","category-stiri","tag-agresiune-verbala","tag-centru-de-plasament-voluntari","tag-protectia-copilului"],"acf":[],"yoast_head":"<!-- This site is optimized with the Yoast SEO Premium plugin v25.3 (Yoast SEO v27.4) - https:\/\/yoast.com\/product\/yoast-seo-premium-wordpress\/ -->\n<title>Agresiune \u00een Centrul de Plasament Voluntari. Corpul de Control a demarat o anchet\u0103 - Buletin de Bucure\u0219ti<\/title>\n<meta name=\"robots\" content=\"index, follow, max-snippet:-1, max-image-preview:large, max-video-preview:-1\" \/>\n<link rel=\"canonical\" href=\"https:\/\/buletin.de\/bucuresti\/agresiune-in-centrul-de-plasament-voluntari-corpul-de-control-a-demarat-o-ancheta\/\" \/>\n<meta property=\"og:locale\" content=\"en_GB\" \/>\n<meta property=\"og:type\" content=\"article\" \/>\n<meta property=\"og:title\" content=\"Agresiune \u00een Centrul de Plasament Voluntari. Corpul de Control a demarat o anchet\u0103\" \/>\n<meta property=\"og:description\" content=\"Centrul de Plasament Voluntari este anchetat de Corpul de Control al Autorit\u0103\u021bii Na\u021bionale pentru Drepturile Persoanelor cu Dizabilit\u0103\u021bi, Copii \u0219i Adop\u021bii (ANDPDCA) din subordinea Ministerului Muncii \u0219i Protec\u021biei Sociale \u00een urma unui video publicat ast\u0103zi pe Facebook \u00een care doi angaja\u021bi agreseaz\u0103 verbal copiii din centru. M\u0103d\u0103lina Turza, directoarea ANDPDCA, sus\u021bine c\u0103 a f\u0103cut pl\u00e2ngere [&hellip;]\" \/>\n<meta property=\"og:url\" content=\"https:\/\/buletin.de\/bucuresti\/agresiune-in-centrul-de-plasament-voluntari-corpul-de-control-a-demarat-o-ancheta\/\" \/>\n<meta property=\"og:site_name\" content=\"Buletin de Bucure\u0219ti\" \/>\n<meta property=\"article:publisher\" content=\"https:\/\/www.facebook.com\/buletin.de.buc\" \/>\n<meta property=\"article:published_time\" content=\"2021-01-05T17:51:12+00:00\" \/>\n<meta property=\"article:modified_time\" content=\"2021-01-06T12:38:36+00:00\" \/>\n<meta property=\"og:image\" content=\"https:\/\/buletin.de\/bucuresti\/wp-content\/uploads\/Screenshot_5-16.png\" \/>\n\t<meta property=\"og:image:width\" content=\"1406\" \/>\n\t<meta property=\"og:image:height\" content=\"768\" \/>\n\t<meta property=\"og:image:type\" content=\"image\/png\" \/>\n<meta name=\"author\" content=\"Bianca Albu\" \/>\n<meta name=\"twitter:card\" content=\"summary_large_image\" \/>\n<meta name=\"twitter:label1\" content=\"Written by\" \/>\n\t<meta name=\"twitter:data1\" content=\"Bianca Albu\" \/>\n\t<meta name=\"twitter:label2\" content=\"Estimated reading time\" \/>\n\t<meta name=\"twitter:data2\" content=\"3 minutes\" \/>\n<script type=\"application\/ld+json\" class=\"yoast-schema-graph\">{\"@context\":\"https:\\\/\\\/schema.org\",\"@graph\":[{\"@type\":\"Article\",\"@id\":\"https:\\\/\\\/buletin.de\\\/bucuresti\\\/agresiune-in-centrul-de-plasament-voluntari-corpul-de-control-a-demarat-o-ancheta\\\/#article\",\"isPartOf\":{\"@id\":\"https:\\\/\\\/buletin.de\\\/bucuresti\\\/agresiune-in-centrul-de-plasament-voluntari-corpul-de-control-a-demarat-o-ancheta\\\/\"},\"author\":{\"name\":\"Bianca Albu\",\"@id\":\"https:\\\/\\\/buletin.de\\\/bucuresti\\\/#\\\/schema\\\/person\\\/295dc2228d2dc79294d636619468dc7f\"},\"headline\":\"Agresiune \u00een Centrul de Plasament Voluntari. Corpul de Control a demarat o anchet\u0103\",\"datePublished\":\"2021-01-05T17:51:12+00:00\",\"dateModified\":\"2021-01-06T12:38:36+00:00\",\"mainEntityOfPage\":{\"@id\":\"https:\\\/\\\/buletin.de\\\/bucuresti\\\/agresiune-in-centrul-de-plasament-voluntari-corpul-de-control-a-demarat-o-ancheta\\\/\"},\"wordCount\":513,\"publisher\":{\"@id\":\"https:\\\/\\\/buletin.de\\\/bucuresti\\\/#organization\"},\"image\":{\"@id\":\"https:\\\/\\\/buletin.de\\\/bucuresti\\\/agresiune-in-centrul-de-plasament-voluntari-corpul-de-control-a-demarat-o-ancheta\\\/#primaryimage\"},\"thumbnailUrl\":\"https:\\\/\\\/buletin.de\\\/bucuresti\\\/wp-content\\\/uploads\\\/Screenshot_5-16.png\",\"keywords\":[\"agresiune verbala\",\"centru de plasament voluntari\",\"protectia copilului\"],\"articleSection\":[\"\u0218tiri\"],\"inLanguage\":\"en-GB\",\"copyrightYear\":\"2021\",\"copyrightHolder\":{\"@id\":\"https:\\\/\\\/buletin.de\\\/bucuresti\\\/#organization\"}},{\"@type\":\"WebPage\",\"@id\":\"https:\\\/\\\/buletin.de\\\/bucuresti\\\/agresiune-in-centrul-de-plasament-voluntari-corpul-de-control-a-demarat-o-ancheta\\\/\",\"url\":\"https:\\\/\\\/buletin.de\\\/bucuresti\\\/agresiune-in-centrul-de-plasament-voluntari-corpul-de-control-a-demarat-o-ancheta\\\/\",\"name\":\"Agresiune \u00een Centrul de Plasament Voluntari. Corpul de Control a demarat o anchet\u0103 - Buletin de Bucure\u0219ti\",\"isPartOf\":{\"@id\":\"https:\\\/\\\/buletin.de\\\/bucuresti\\\/#website\"},\"primaryImageOfPage\":{\"@id\":\"https:\\\/\\\/buletin.de\\\/bucuresti\\\/agresiune-in-centrul-de-plasament-voluntari-corpul-de-control-a-demarat-o-ancheta\\\/#primaryimage\"},\"image\":{\"@id\":\"https:\\\/\\\/buletin.de\\\/bucuresti\\\/agresiune-in-centrul-de-plasament-voluntari-corpul-de-control-a-demarat-o-ancheta\\\/#primaryimage\"},\"thumbnailUrl\":\"https:\\\/\\\/buletin.de\\\/bucuresti\\\/wp-content\\\/uploads\\\/Screenshot_5-16.png\",\"datePublished\":\"2021-01-05T17:51:12+00:00\",\"dateModified\":\"2021-01-06T12:38:36+00:00\",\"breadcrumb\":{\"@id\":\"https:\\\/\\\/buletin.de\\\/bucuresti\\\/agresiune-in-centrul-de-plasament-voluntari-corpul-de-control-a-demarat-o-ancheta\\\/#breadcrumb\"},\"inLanguage\":\"en-GB\",\"potentialAction\":[{\"@type\":\"ReadAction\",\"target\":[\"https:\\\/\\\/buletin.de\\\/bucuresti\\\/agresiune-in-centrul-de-plasament-voluntari-corpul-de-control-a-demarat-o-ancheta\\\/\"]}]},{\"@type\":\"ImageObject\",\"inLanguage\":\"en-GB\",\"@id\":\"https:\\\/\\\/buletin.de\\\/bucuresti\\\/agresiune-in-centrul-de-plasament-voluntari-corpul-de-control-a-demarat-o-ancheta\\\/#primaryimage\",\"url\":\"https:\\\/\\\/buletin.de\\\/bucuresti\\\/wp-content\\\/uploads\\\/Screenshot_5-16.png\",\"contentUrl\":\"https:\\\/\\\/buletin.de\\\/bucuresti\\\/wp-content\\\/uploads\\\/Screenshot_5-16.png\",\"width\":1406,\"height\":768},{\"@type\":\"BreadcrumbList\",\"@id\":\"https:\\\/\\\/buletin.de\\\/bucuresti\\\/agresiune-in-centrul-de-plasament-voluntari-corpul-de-control-a-demarat-o-ancheta\\\/#breadcrumb\",\"itemListElement\":[{\"@type\":\"ListItem\",\"position\":1,\"name\":\"Acas\u0103\",\"item\":\"https:\\\/\\\/buletin.de\\\/bucuresti\\\/\"},{\"@type\":\"ListItem\",\"position\":2,\"name\":\"Agresiune \u00een Centrul de Plasament Voluntari. Corpul de Control a demarat o anchet\u0103\"}]},{\"@type\":\"WebSite\",\"@id\":\"https:\\\/\\\/buletin.de\\\/bucuresti\\\/#website\",\"url\":\"https:\\\/\\\/buletin.de\\\/bucuresti\\\/\",\"name\":\"Buletin de Bucure\u0219ti\",\"description\":\"\u0218tiri \u0219i investiga\u021bii esen\u021biale din capital\u0103\",\"publisher\":{\"@id\":\"https:\\\/\\\/buletin.de\\\/bucuresti\\\/#organization\"},\"potentialAction\":[{\"@type\":\"SearchAction\",\"target\":{\"@type\":\"EntryPoint\",\"urlTemplate\":\"https:\\\/\\\/buletin.de\\\/bucuresti\\\/?s={search_term_string}\"},\"query-input\":{\"@type\":\"PropertyValueSpecification\",\"valueRequired\":true,\"valueName\":\"search_term_string\"}}],\"inLanguage\":\"en-GB\"},{\"@type\":\"Organization\",\"@id\":\"https:\\\/\\\/buletin.de\\\/bucuresti\\\/#organization\",\"name\":\"Buletin de Bucure\u0219ti\",\"url\":\"https:\\\/\\\/buletin.de\\\/bucuresti\\\/\",\"logo\":{\"@type\":\"ImageObject\",\"inLanguage\":\"en-GB\",\"@id\":\"https:\\\/\\\/buletin.de\\\/bucuresti\\\/#\\\/schema\\\/logo\\\/image\\\/\",\"url\":\"https:\\\/\\\/buletin.de\\\/bucuresti\\\/wp-content\\\/uploads\\\/logo-bdb-full-wide-vernil-transparent.png\",\"contentUrl\":\"https:\\\/\\\/buletin.de\\\/bucuresti\\\/wp-content\\\/uploads\\\/logo-bdb-full-wide-vernil-transparent.png\",\"width\":1782,\"height\":626,\"caption\":\"Buletin de Bucure\u0219ti\"},\"image\":{\"@id\":\"https:\\\/\\\/buletin.de\\\/bucuresti\\\/#\\\/schema\\\/logo\\\/image\\\/\"},\"sameAs\":[\"https:\\\/\\\/www.facebook.com\\\/buletin.de.buc\",\"https:\\\/\\\/www.instagram.com\\\/buletinde.bucuresti\\\/\"]},{\"@type\":\"Person\",\"@id\":\"https:\\\/\\\/buletin.de\\\/bucuresti\\\/#\\\/schema\\\/person\\\/295dc2228d2dc79294d636619468dc7f\",\"name\":\"Bianca Albu\",\"image\":{\"@type\":\"ImageObject\",\"inLanguage\":\"en-GB\",\"@id\":\"https:\\\/\\\/secure.gravatar.com\\\/avatar\\\/3df2e34e20f529e6fd7be4311ee1f7c4ec4aa886971590baf6fa214b15743516?s=96&d=monsterid&r=gf541c715eeec409ce8101252a3c0d8a7\",\"url\":\"https:\\\/\\\/secure.gravatar.com\\\/avatar\\\/3df2e34e20f529e6fd7be4311ee1f7c4ec4aa886971590baf6fa214b15743516?s=96&d=monsterid&r=g\",\"contentUrl\":\"https:\\\/\\\/secure.gravatar.com\\\/avatar\\\/3df2e34e20f529e6fd7be4311ee1f7c4ec4aa886971590baf6fa214b15743516?s=96&d=monsterid&r=g\",\"caption\":\"Bianca Albu\"},\"description\":\"Reporter\",\"url\":\"https:\\\/\\\/buletin.de\\\/bucuresti\\\/author\\\/biancaalbu\\\/\"}]}<\/script>\n<!-- \/ Yoast SEO Premium plugin. -->","yoast_head_json":{"title":"Agresiune \u00een Centrul de Plasament Voluntari. Corpul de Control a demarat o anchet\u0103 - Buletin de Bucure\u0219ti","robots":{"index":"index","follow":"follow","max-snippet":"max-snippet:-1","max-image-preview":"max-image-preview:large","max-video-preview":"max-video-preview:-1"},"canonical":"https:\/\/buletin.de\/bucuresti\/agresiune-in-centrul-de-plasament-voluntari-corpul-de-control-a-demarat-o-ancheta\/","og_locale":"en_GB","og_type":"article","og_title":"Agresiune \u00een Centrul de Plasament Voluntari. Corpul de Control a demarat o anchet\u0103","og_description":"Centrul de Plasament Voluntari este anchetat de Corpul de Control al Autorit\u0103\u021bii Na\u021bionale pentru Drepturile Persoanelor cu Dizabilit\u0103\u021bi, Copii \u0219i Adop\u021bii (ANDPDCA) din subordinea Ministerului Muncii \u0219i Protec\u021biei Sociale \u00een urma unui video publicat ast\u0103zi pe Facebook \u00een care doi angaja\u021bi agreseaz\u0103 verbal copiii din centru. M\u0103d\u0103lina Turza, directoarea ANDPDCA, sus\u021bine c\u0103 a f\u0103cut pl\u00e2ngere [&hellip;]","og_url":"https:\/\/buletin.de\/bucuresti\/agresiune-in-centrul-de-plasament-voluntari-corpul-de-control-a-demarat-o-ancheta\/","og_site_name":"Buletin de Bucure\u0219ti","article_publisher":"https:\/\/www.facebook.com\/buletin.de.buc","article_published_time":"2021-01-05T17:51:12+00:00","article_modified_time":"2021-01-06T12:38:36+00:00","og_image":[{"width":1406,"height":768,"url":"https:\/\/buletin.de\/bucuresti\/wp-content\/uploads\/Screenshot_5-16.png","type":"image\/png"}],"author":"Bianca Albu","twitter_card":"summary_large_image","twitter_misc":{"Written by":"Bianca Albu","Estimated reading time":"3 minutes"},"schema":{"@context":"https:\/\/schema.org","@graph":[{"@type":"Article","@id":"https:\/\/buletin.de\/bucuresti\/agresiune-in-centrul-de-plasament-voluntari-corpul-de-control-a-demarat-o-ancheta\/#article","isPartOf":{"@id":"https:\/\/buletin.de\/bucuresti\/agresiune-in-centrul-de-plasament-voluntari-corpul-de-control-a-demarat-o-ancheta\/"},"author":{"name":"Bianca Albu","@id":"https:\/\/buletin.de\/bucuresti\/#\/schema\/person\/295dc2228d2dc79294d636619468dc7f"},"headline":"Agresiune \u00een Centrul de Plasament Voluntari. Corpul de Control a demarat o anchet\u0103","datePublished":"2021-01-05T17:51:12+00:00","dateModified":"2021-01-06T12:38:36+00:00","mainEntityOfPage":{"@id":"https:\/\/buletin.de\/bucuresti\/agresiune-in-centrul-de-plasament-voluntari-corpul-de-control-a-demarat-o-ancheta\/"},"wordCount":513,"publisher":{"@id":"https:\/\/buletin.de\/bucuresti\/#organization"},"image":{"@id":"https:\/\/buletin.de\/bucuresti\/agresiune-in-centrul-de-plasament-voluntari-corpul-de-control-a-demarat-o-ancheta\/#primaryimage"},"thumbnailUrl":"https:\/\/buletin.de\/bucuresti\/wp-content\/uploads\/Screenshot_5-16.png","keywords":["agresiune verbala","centru de plasament voluntari","protectia copilului"],"articleSection":["\u0218tiri"],"inLanguage":"en-GB","copyrightYear":"2021","copyrightHolder":{"@id":"https:\/\/buletin.de\/bucuresti\/#organization"}},{"@type":"WebPage","@id":"https:\/\/buletin.de\/bucuresti\/agresiune-in-centrul-de-plasament-voluntari-corpul-de-control-a-demarat-o-ancheta\/","url":"https:\/\/buletin.de\/bucuresti\/agresiune-in-centrul-de-plasament-voluntari-corpul-de-control-a-demarat-o-ancheta\/","name":"Agresiune \u00een Centrul de Plasament Voluntari. Corpul de Control a demarat o anchet\u0103 - Buletin de Bucure\u0219ti","isPartOf":{"@id":"https:\/\/buletin.de\/bucuresti\/#website"},"primaryImageOfPage":{"@id":"https:\/\/buletin.de\/bucuresti\/agresiune-in-centrul-de-plasament-voluntari-corpul-de-control-a-demarat-o-ancheta\/#primaryimage"},"image":{"@id":"https:\/\/buletin.de\/bucuresti\/agresiune-in-centrul-de-plasament-voluntari-corpul-de-control-a-demarat-o-ancheta\/#primaryimage"},"thumbnailUrl":"https:\/\/buletin.de\/bucuresti\/wp-content\/uploads\/Screenshot_5-16.png","datePublished":"2021-01-05T17:51:12+00:00","dateModified":"2021-01-06T12:38:36+00:00","breadcrumb":{"@id":"https:\/\/buletin.de\/bucuresti\/agresiune-in-centrul-de-plasament-voluntari-corpul-de-control-a-demarat-o-ancheta\/#breadcrumb"},"inLanguage":"en-GB","potentialAction":[{"@type":"ReadAction","target":["https:\/\/buletin.de\/bucuresti\/agresiune-in-centrul-de-plasament-voluntari-corpul-de-control-a-demarat-o-ancheta\/"]}]},{"@type":"ImageObject","inLanguage":"en-GB","@id":"https:\/\/buletin.de\/bucuresti\/agresiune-in-centrul-de-plasament-voluntari-corpul-de-control-a-demarat-o-ancheta\/#primaryimage","url":"https:\/\/buletin.de\/bucuresti\/wp-content\/uploads\/Screenshot_5-16.png","contentUrl":"https:\/\/buletin.de\/bucuresti\/wp-content\/uploads\/Screenshot_5-16.png","width":1406,"height":768},{"@type":"BreadcrumbList","@id":"https:\/\/buletin.de\/bucuresti\/agresiune-in-centrul-de-plasament-voluntari-corpul-de-control-a-demarat-o-ancheta\/#breadcrumb","itemListElement":[{"@type":"ListItem","position":1,"name":"Acas\u0103","item":"https:\/\/buletin.de\/bucuresti\/"},{"@type":"ListItem","position":2,"name":"Agresiune \u00een Centrul de Plasament Voluntari. Corpul de Control a demarat o anchet\u0103"}]},{"@type":"WebSite","@id":"https:\/\/buletin.de\/bucuresti\/#website","url":"https:\/\/buletin.de\/bucuresti\/","name":"Buletin de Bucure\u0219ti","description":"\u0218tiri \u0219i investiga\u021bii esen\u021biale din capital\u0103","publisher":{"@id":"https:\/\/buletin.de\/bucuresti\/#organization"},"potentialAction":[{"@type":"SearchAction","target":{"@type":"EntryPoint","urlTemplate":"https:\/\/buletin.de\/bucuresti\/?s={search_term_string}"},"query-input":{"@type":"PropertyValueSpecification","valueRequired":true,"valueName":"search_term_string"}}],"inLanguage":"en-GB"},{"@type":"Organization","@id":"https:\/\/buletin.de\/bucuresti\/#organization","name":"Buletin de Bucure\u0219ti","url":"https:\/\/buletin.de\/bucuresti\/","logo":{"@type":"ImageObject","inLanguage":"en-GB","@id":"https:\/\/buletin.de\/bucuresti\/#\/schema\/logo\/image\/","url":"https:\/\/buletin.de\/bucuresti\/wp-content\/uploads\/logo-bdb-full-wide-vernil-transparent.png","contentUrl":"https:\/\/buletin.de\/bucuresti\/wp-content\/uploads\/logo-bdb-full-wide-vernil-transparent.png","width":1782,"height":626,"caption":"Buletin de Bucure\u0219ti"},"image":{"@id":"https:\/\/buletin.de\/bucuresti\/#\/schema\/logo\/image\/"},"sameAs":["https:\/\/www.facebook.com\/buletin.de.buc","https:\/\/www.instagram.com\/buletinde.bucuresti\/"]},{"@type":"Person","@id":"https:\/\/buletin.de\/bucuresti\/#\/schema\/person\/295dc2228d2dc79294d636619468dc7f","name":"Bianca Albu","image":{"@type":"ImageObject","inLanguage":"en-GB","@id":"https:\/\/secure.gravatar.com\/avatar\/3df2e34e20f529e6fd7be4311ee1f7c4ec4aa886971590baf6fa214b15743516?s=96&d=monsterid&r=gf541c715eeec409ce8101252a3c0d8a7","url":"https:\/\/secure.gravatar.com\/avatar\/3df2e34e20f529e6fd7be4311ee1f7c4ec4aa886971590baf6fa214b15743516?s=96&d=monsterid&r=g","contentUrl":"https:\/\/secure.gravatar.com\/avatar\/3df2e34e20f529e6fd7be4311ee1f7c4ec4aa886971590baf6fa214b15743516?s=96&d=monsterid&r=g","caption":"Bianca Albu"},"description":"Reporter","url":"https:\/\/buletin.de\/bucuresti\/author\/biancaalbu\/"}]}},"authors":[{"term_id":22588,"user_id":6,"is_guest":0,"slug":"biancaalbu","display_name":"Bianca Albu","avatar_url":"https:\/\/secure.gravatar.com\/avatar\/3df2e34e20f529e6fd7be4311ee1f7c4ec4aa886971590baf6fa214b15743516?s=96&d=monsterid&r=g","0":null,"1":"","2":"","3":"","4":"","5":"","6":"","7":"","8":""}],"_links":{"self":[{"href":"https:\/\/buletin.de\/bucuresti\/wp-json\/wp\/v2\/posts\/17694","targetHints":{"allow":["GET"]}}],"collection":[{"href":"https:\/\/buletin.de\/bucuresti\/wp-json\/wp\/v2\/posts"}],"about":[{"href":"https:\/\/buletin.de\/bucuresti\/wp-json\/wp\/v2\/types\/post"}],"author":[{"embeddable":true,"href":"https:\/\/buletin.de\/bucuresti\/wp-json\/wp\/v2\/users\/6"}],"replies":[{"embeddable":true,"href":"https:\/\/buletin.de\/bucuresti\/wp-json\/wp\/v2\/comments?post=17694"}],"version-history":[{"count":6,"href":"https:\/\/buletin.de\/bucuresti\/wp-json\/wp\/v2\/posts\/17694\/revisions"}],"predecessor-version":[{"id":17727,"href":"https:\/\/buletin.de\/bucuresti\/wp-json\/wp\/v2\/posts\/17694\/revisions\/17727"}],"wp:featuredmedia":[{"embeddable":true,"href":"https:\/\/buletin.de\/bucuresti\/wp-json\/wp\/v2\/media\/17703"}],"wp:attachment":[{"href":"https:\/\/buletin.de\/bucuresti\/wp-json\/wp\/v2\/media?parent=17694"}],"wp:term":[{"taxonomy":"category","embeddable":true,"href":"https:\/\/buletin.de\/bucuresti\/wp-json\/wp\/v2\/categories?post=17694"},{"taxonomy":"post_tag","embeddable":true,"href":"https:\/\/buletin.de\/bucuresti\/wp-json\/wp\/v2\/tags?post=17694"},{"taxonomy":"author","embeddable":true,"href":"https:\/\/buletin.de\/bucuresti\/wp-json\/wp\/v2\/ppma_author?post=17694"}],"curies":[{"name":"wp","href":"https:\/\/api.w.org\/{rel}","templated":true}]}}