{"id":17658,"date":"2021-01-06T15:11:46","date_gmt":"2021-01-06T12:11:46","guid":{"rendered":"https:\/\/buletin.de\/bucuresti\/?p=17658"},"modified":"2021-01-06T15:11:47","modified_gmt":"2021-01-06T12:11:47","slug":"casa-cu-grafitti-de-pe-arthur-verona-in-pericol-de-demolare-firma-beneficiara-are-in-spate-offshore-uri-si-oameni-de-afaceri-influenti","status":"publish","type":"post","link":"https:\/\/buletin.de\/bucuresti\/casa-cu-grafitti-de-pe-arthur-verona-in-pericol-de-demolare-firma-beneficiara-are-in-spate-offshore-uri-si-oameni-de-afaceri-influenti\/","title":{"rendered":"Casa cu grafitti de pe Arthur Verona, \u00een pericol de demolare. Firma beneficiar\u0103 are \u00een spate offshore-uri \u0219i oameni de afaceri influen\u021bi"},"content":{"rendered":"\n<p><strong>Cl\u0103direa de la intersec\u021bia str\u0103zii Arthur Verona cu Dionisie Lupu 41, cunoscut\u0103 \u0219i sub numele de \u201eCasa cu graffiti\u201d, se afl\u0103 \u00een pericol de demolare. Calcanul cu graffiti pe care au pictat unii dintre cei mai cunoscu\u021bi arti\u0219ti stradali din Rom\u00e2nia este considerat un reper cultural \u0219i o emblem\u0103 a Capitalei. Firma care va beneficia de pe urma demol\u0103rii este condus\u0103 de mai multe offshore-uri cipriote \u0219i are \u00een spate oameni de afaceri influen\u021bi din Rom\u00e2nia.<\/strong> <\/p>\n\n\n\n<p>Pe 4 ianuarie 2021 a \u00eenceput demolarea imobilului de pe strada Dionisie Lupu nr. 41 (Casa cu Grafitti) care se va finaliza pe 29 ianuarie. Autoriza\u021bia de demolare a fost aprobat\u0103 \u00een septembrie 2020, cu pu\u021bin timp \u00eenainte de finalizarea mandatului Gabrielei Firea. <\/p>\n\n\n\n<div class=\"wp-block-image\"><figure class=\"aligncenter size-large is-resized\"><img fetchpriority=\"high\" decoding=\"async\" src=\"data:image\/gif;base64,R0lGODlhAQABAAAAACH5BAEKAAEALAAAAAABAAEAAAICTAEAOw==\" data-src=\"https:\/\/buletin.de\/bucuresti\/wp-content\/uploads\/IMG_20210105_130452-900x675.jpg\" alt=\"\" class=\"wp-image-17662 lazyload\" width=\"900\" height=\"675\" data-sizes=\"auto\" data-srcset=\"https:\/\/buletin.de\/bucuresti\/wp-content\/uploads\/IMG_20210105_130452-900x675.jpg 900w, https:\/\/buletin.de\/bucuresti\/wp-content\/uploads\/IMG_20210105_130452-300x225.jpg 300w, https:\/\/buletin.de\/bucuresti\/wp-content\/uploads\/IMG_20210105_130452-768x576.jpg 768w, https:\/\/buletin.de\/bucuresti\/wp-content\/uploads\/IMG_20210105_130452-1536x1152.jpg 1536w, https:\/\/buletin.de\/bucuresti\/wp-content\/uploads\/IMG_20210105_130452-2048x1536.jpg 2048w, https:\/\/buletin.de\/bucuresti\/wp-content\/uploads\/IMG_20210105_130452-1060x795.jpg 1060w, https:\/\/buletin.de\/bucuresti\/wp-content\/uploads\/IMG_20210105_130452-550x413.jpg 550w, https:\/\/buletin.de\/bucuresti\/wp-content\/uploads\/IMG_20210105_130452-667x500.jpg 667w, https:\/\/buletin.de\/bucuresti\/wp-content\/uploads\/IMG_20210105_130452-1920x1440.jpg 1920w, https:\/\/buletin.de\/bucuresti\/wp-content\/uploads\/IMG_20210105_130452-1440x1080.jpg 1440w, https:\/\/buletin.de\/bucuresti\/wp-content\/uploads\/IMG_20210105_130452-600x450.jpg 600w\" sizes=\"(max-width: 900px) 100vw, 900px\" \/><\/figure><\/div>\n\n\n\n<div class=\"wp-block-image\"><figure class=\"aligncenter size-large is-resized\"><img decoding=\"async\" src=\"data:image\/gif;base64,R0lGODlhAQABAAAAACH5BAEKAAEALAAAAAABAAEAAAICTAEAOw==\" data-src=\"https:\/\/buletin.de\/bucuresti\/wp-content\/uploads\/Screenshot_3-34-900x438.png\" alt=\"\" class=\"wp-image-17663 lazyload\" width=\"900\" height=\"438\" data-sizes=\"auto\" data-srcset=\"https:\/\/buletin.de\/bucuresti\/wp-content\/uploads\/Screenshot_3-34-900x438.png 900w, https:\/\/buletin.de\/bucuresti\/wp-content\/uploads\/Screenshot_3-34-300x146.png 300w, https:\/\/buletin.de\/bucuresti\/wp-content\/uploads\/Screenshot_3-34-768x374.png 768w, https:\/\/buletin.de\/bucuresti\/wp-content\/uploads\/Screenshot_3-34-1536x748.png 1536w, https:\/\/buletin.de\/bucuresti\/wp-content\/uploads\/Screenshot_3-34-1060x516.png 1060w, https:\/\/buletin.de\/bucuresti\/wp-content\/uploads\/Screenshot_3-34-550x268.png 550w, https:\/\/buletin.de\/bucuresti\/wp-content\/uploads\/Screenshot_3-34-1027x500.png 1027w, https:\/\/buletin.de\/bucuresti\/wp-content\/uploads\/Screenshot_3-34-600x292.png 600w, https:\/\/buletin.de\/bucuresti\/wp-content\/uploads\/Screenshot_3-34.png 1885w\" sizes=\"(max-width: 900px) 100vw, 900px\" \/><\/figure><\/div>\n\n\n\n<p><\/p>\n\n\n\n<p>Chiar dac\u0103 pe panou scrie c\u0103 vor fi demolate dou\u0103 imobile, unul de la nr. 39 \u0219i cel de la nr. 41, primarul Capitalei a anun\u021bat c\u0103 este posibil\u0103 salvarea unuia dintre ele. Nicu\u0219or Dan, a declarat pe Facebook c\u0103 a discutat cu proprietarii \u0219i ace\u0219tia au fost de acord s\u0103 nu demoleze imobilul de la nr. 39. Despre calcanul cu grafitti de la nr. 41 nu a comentat.<\/p>\n\n\n\n<p><\/p>\n\n\n\n<div class=\"fb-post\" data-href=\"https:\/\/www.facebook.com\/NicusorDan.ro\/posts\/3614619371948983\" data-width=\"500\" data-show-text=\"true\"><blockquote cite=\"https:\/\/www.facebook.com\/NicusorDan.ro\/posts\/3614619371948983\" class=\"fb-xfbml-parse-ignore\"><p>Casele valoroase ale Bucure\u0219tiului trebuie p\u0103strate \u0219i valorificate, nu distruse. Am oprit azi demolarea unei case&#8230;<\/p>Publicat\u0103 de <a href=\"https:\/\/www.facebook.com\/NicusorDan.ro\/\">Nicu\u0219or Dan<\/a> pe&nbsp;<a href=\"https:\/\/www.facebook.com\/NicusorDan.ro\/posts\/3614619371948983\">Mar\u0163i, 5 ianuarie 2021<\/a><\/blockquote><\/div>\n\n\n\n<div class=\"wp-block-image\"><figure class=\"aligncenter size-large is-resized\"><img decoding=\"async\" src=\"data:image\/gif;base64,R0lGODlhAQABAAAAACH5BAEKAAEALAAAAAABAAEAAAICTAEAOw==\" data-src=\"https:\/\/buletin.de\/bucuresti\/wp-content\/uploads\/IMG_20210105_130331-900x675.jpg\" alt=\"\" class=\"wp-image-17667 lazyload\" width=\"900\" height=\"675\" data-sizes=\"auto\" data-srcset=\"https:\/\/buletin.de\/bucuresti\/wp-content\/uploads\/IMG_20210105_130331-900x675.jpg 900w, https:\/\/buletin.de\/bucuresti\/wp-content\/uploads\/IMG_20210105_130331-300x225.jpg 300w, https:\/\/buletin.de\/bucuresti\/wp-content\/uploads\/IMG_20210105_130331-768x576.jpg 768w, https:\/\/buletin.de\/bucuresti\/wp-content\/uploads\/IMG_20210105_130331-1536x1152.jpg 1536w, https:\/\/buletin.de\/bucuresti\/wp-content\/uploads\/IMG_20210105_130331-2048x1536.jpg 2048w, https:\/\/buletin.de\/bucuresti\/wp-content\/uploads\/IMG_20210105_130331-1060x795.jpg 1060w, https:\/\/buletin.de\/bucuresti\/wp-content\/uploads\/IMG_20210105_130331-550x413.jpg 550w, https:\/\/buletin.de\/bucuresti\/wp-content\/uploads\/IMG_20210105_130331-667x500.jpg 667w, https:\/\/buletin.de\/bucuresti\/wp-content\/uploads\/IMG_20210105_130331-1920x1440.jpg 1920w, https:\/\/buletin.de\/bucuresti\/wp-content\/uploads\/IMG_20210105_130331-1440x1080.jpg 1440w, https:\/\/buletin.de\/bucuresti\/wp-content\/uploads\/IMG_20210105_130331-600x450.jpg 600w\" sizes=\"(max-width: 900px) 100vw, 900px\" \/><figcaption>Calcanul cu grafitti pe 5 ianuarie 2021<\/figcaption><\/figure><\/div>\n\n\n\n<p><\/p>\n\n\n\n<p>Pe platforma de urbanism a Prim\u0103riei Capitalei (urbanism.pmb.ro) autoriza\u021bia de demolare vizeaz\u0103 doar terenul de la nr. 39. Am \u00eencercat s\u0103 afl\u0103m de la Prim\u0103ria Bucure\u0219ti mai multe informa\u021bii despre acest lucru \u00eens\u0103 nu am primit niciun r\u0103spuns p\u00e2n\u0103 la momentul public\u0103rii articolului. Nicu\u0219or Dan a declarat, \u00een schimb, pentru <a href=\"https:\/\/m.hotnews.ro\/stire\/24520912&amp;fbclid=IwAR3Fv2jCaXnOh0GP5qukoAwzW6J3Zkps9GTJMui-lzwWCyyj5ndtV3MLe3s?fbclid=IwAR2ldS1YemSzEPdRrMCgbp_ti6h1BpAy2AZwSjtoipIlmplPUsKqssXAor0\">Hotnews<\/a>, c\u0103 ambele imobile au autoriza\u021bia necesar\u0103. <\/p>\n\n\n\n<div class=\"wp-block-image\"><figure class=\"aligncenter size-large is-resized\"><img loading=\"lazy\" decoding=\"async\" src=\"data:image\/gif;base64,R0lGODlhAQABAAAAACH5BAEKAAEALAAAAAABAAEAAAICTAEAOw==\" data-src=\"https:\/\/buletin.de\/bucuresti\/wp-content\/uploads\/Screenshot_4-22-900x540.png\" alt=\"\" class=\"wp-image-17664 lazyload\" width=\"900\" height=\"540\" data-sizes=\"auto\" data-srcset=\"https:\/\/buletin.de\/bucuresti\/wp-content\/uploads\/Screenshot_4-22-900x540.png 900w, https:\/\/buletin.de\/bucuresti\/wp-content\/uploads\/Screenshot_4-22-300x180.png 300w, https:\/\/buletin.de\/bucuresti\/wp-content\/uploads\/Screenshot_4-22-768x461.png 768w, https:\/\/buletin.de\/bucuresti\/wp-content\/uploads\/Screenshot_4-22-1060x636.png 1060w, https:\/\/buletin.de\/bucuresti\/wp-content\/uploads\/Screenshot_4-22-550x330.png 550w, https:\/\/buletin.de\/bucuresti\/wp-content\/uploads\/Screenshot_4-22-833x500.png 833w, https:\/\/buletin.de\/bucuresti\/wp-content\/uploads\/Screenshot_4-22-600x360.png 600w, https:\/\/buletin.de\/bucuresti\/wp-content\/uploads\/Screenshot_4-22.png 1388w\" sizes=\"(max-width: 900px) 100vw, 900px\" \/><\/figure><\/div>\n\n\n\n<p><\/p>\n\n\n\n<p>Firma care urmeaz\u0103 s\u0103 beneficieze de distrugerea peretelui simbol este CDRV Associates. Proprietarii vor s\u0103 construiasc\u0103 acolo un bloc de patru etaje. Societatea a ap\u0103rut \u00een 2014 \u0219i de atunci \u0219i p\u00e2n\u0103 \u00een prezent nu a avut, conform Ministerului Finan\u021belor, niciun angajat. \u00cenc\u0103 de la \u00eenceput \u00een spatele firmei s-au ascuns mai multe offshore-uri cipriote; numele unuia dintre ele, Atlas Alpha Services Limited, <a href=\"https:\/\/offshoreleaks.icij.org\/nodes\/80031640\">apare \u00een Paradise Papers<\/a>.<\/p>\n\n\n\n<p>Cealalt\u0103 companie din conducerea CDRV Associates este Comvex, \u201e<em>lider pe pia\u021b\u0103, specializat \u00een manipularea, depozitarea \u0219i transbordarea materiilor prime solide vrac cum ar fi: minereuri de fier, c\u0103rbuni, cocs, bauxit\u0103, dispun\u00e2nd de facilit\u0103\u021bi complete \u0219i moderne de operare situate \u00een Portul Constan\u021ba<\/em>\u201d, conform comvex.ro. Viorel Panait, directorul Comvex \u0219i, implicit, a CDRV Associates, a f\u0103cut parte din Consiliu de Administra\u021bie a portului Constan\u021ba.<\/p>\n\n\n\n<p>\u00cen momentul de fa\u021b\u0103, \u00een cl\u0103direa de pe Dionisie Lupu nr. 39, cea pe care a \u201esalvat-o\u201d Nicu\u0219or Dan, are sediul o alt\u0103 firm\u0103 condus\u0103 de Viorel Panait &#8211; Quadra Associates \u2013 care are zero angaja\u021bi, zero profit \u0219i 1331 lei datorii. Parteneri \u00een aceast\u0103 afacere sunt Raimondo de Rubeis \u0219i Dan Ion Dr\u0103goi. Fiecare are, la r\u00e2ndul lui, o mul\u021bime de leg\u0103turi cu alte societ\u0103\u021bi \u0219i func\u021bii importante de\u021binute imediat dup\u0103 revolu\u021bia din 1989.<\/p>\n\n\n\n<p>Conform Rise Project, \u00een anii &#8217;90, De Rubeis a fost unul dintre <a href=\"https:\/\/www.riseproject.ro\/persoana\/raymond-de-rubeis\/\">executivii casei de comer\u021b<\/a> reprezentat\u0103 \u00een Rom\u00e2nia de Dan Dr\u0103goi \u0219i Victor Athanasie St\u0103nculescu<a href=\"https:\/\/www.riseproject.ro\/persoana\/dan-dragoi\/\">. Dan Dr\u0103goi a fost<\/a> secretar de stat la Ministerul Economiei, respectiv Industriilor \u00een guvernele Roman \u0219i Stolojan \u0219i director \u00een firmele Sidex International Ltd. (Londra) \u0219i Dundee Ltd (Dublin).<\/p>\n\n\n\n<p>Am luat leg\u0103tura cu administratorul firmei CDRV Associates, M\u0103d\u0103lina Militaru. P\u00e2n\u0103 la momentul public\u0103rii articolului nu ne-a r\u0103spuns la \u00eentreb\u0103ri.<\/p>\n\n\n\n<p>Peretele cunoscut pentru picturile murale \u0219i-a c\u00e2\u0219tigat faima \u00eencep\u00e2nd cu 2005, atunci c\u00e2nd a debutat prima edi\u021bie a festivalulul Street Delivery, un eveniment care propune recuperarea spa\u021biului public de c\u0103tre comunit\u0103\u021bile ora\u0219ului. Calcanul a devenit un simbol al Street Delivery \u0219i un mijloc prin care arti\u0219tii trimiteau un mesaj, deseori cu referin\u021be la contextul social, politic, economic sau ecologic.<\/p>\n\n\n\n<p><\/p>\n\n\n\n<div class=\"fb-post\" data-href=\"https:\/\/www.facebook.com\/StreetDelivery\/posts\/10159119639827074\" data-width=\"500\" data-show-text=\"true\"><blockquote cite=\"https:\/\/www.facebook.com\/StreetDelivery\/posts\/10159119639827074\" class=\"fb-xfbml-parse-ignore\"><p>Demolarea a \u00eenceput! \n.\nDac\u0103 zilele astea ave\u021bi drum pe strada Arthur Verona, s\u0103 v\u0103 opri\u021bi pe la num\u0103rul 21 pentru c\u0103,&#8230;<\/p>Publicat\u0103 de <a href=\"https:\/\/www.facebook.com\/StreetDelivery\/\">Street Delivery Bucure\u0219ti<\/a> pe&nbsp;<a href=\"https:\/\/www.facebook.com\/StreetDelivery\/posts\/10159119639827074\">Luni, 4 ianuarie 2021<\/a><\/blockquote><\/div>\n\n\n\n<p><\/p>\n\n\n\n<p><\/p>\n\n\n\n<p>Problema demol\u0103rii Casei cu graffiti este veche de c\u00e2\u021biva ani. \u00cen 2016, Corina \u0218uteu, ministrul Culturii la vremea respectiv\u0103, a anun\u021bat c\u0103 demolarea va avea loc, \u00eens\u0103 procesul nu a fost finalizat.<\/p>\n","protected":false},"excerpt":{"rendered":"<p>Cl\u0103direa de la intersec\u021bia str\u0103zii Arthur Verona cu Dionisie Lupu 41, cunoscut\u0103 \u0219i sub numele de \u201eCasa cu graffiti\u201d, se afl\u0103 \u00een pericol de demolare. Calcanul cu graffiti pe care au pictat unii dintre cei mai cunoscu\u021bi arti\u0219ti stradali din Rom\u00e2nia este considerat un reper cultural \u0219i o emblem\u0103 a Capitalei. Firma care va beneficia [&hellip;]<\/p>\n","protected":false},"author":6,"featured_media":17667,"comment_status":"closed","ping_status":"open","sticky":false,"template":"","format":"standard","meta":{"_acf_changed":false,"inline_featured_image":false,"ngg_post_thumbnail":0,"footnotes":""},"categories":[81,24,62],"tags":[2065,163,2064,2066],"ppma_author":[22588],"class_list":["post-17658","post","type-post","status-publish","format-standard","has-post-thumbnail","hentry","category-cultura","category-primarie","category-stiri","tag-casa-cu-graffiti","tag-demolare","tag-dionisie-lupu","tag-street-delivery"],"acf":[],"yoast_head":"<!-- This site is optimized with the Yoast SEO Premium plugin v25.3 (Yoast SEO v27.4) - https:\/\/yoast.com\/product\/yoast-seo-premium-wordpress\/ -->\n<title>Casa cu grafitti de pe Arthur Verona, \u00een pericol de demolare. Firma beneficiar\u0103 are \u00een spate offshore-uri \u0219i oameni de afaceri influen\u021bi - Buletin de Bucure\u0219ti<\/title>\n<meta name=\"robots\" content=\"index, follow, max-snippet:-1, max-image-preview:large, max-video-preview:-1\" \/>\n<link rel=\"canonical\" href=\"https:\/\/buletin.de\/bucuresti\/casa-cu-grafitti-de-pe-arthur-verona-in-pericol-de-demolare-firma-beneficiara-are-in-spate-offshore-uri-si-oameni-de-afaceri-influenti\/\" \/>\n<meta property=\"og:locale\" content=\"en_GB\" \/>\n<meta property=\"og:type\" content=\"article\" \/>\n<meta property=\"og:title\" content=\"Casa cu grafitti de pe Arthur Verona, \u00een pericol de demolare. Firma beneficiar\u0103 are \u00een spate offshore-uri \u0219i oameni de afaceri influen\u021bi\" \/>\n<meta property=\"og:description\" content=\"Cl\u0103direa de la intersec\u021bia str\u0103zii Arthur Verona cu Dionisie Lupu 41, cunoscut\u0103 \u0219i sub numele de \u201eCasa cu graffiti\u201d, se afl\u0103 \u00een pericol de demolare. Calcanul cu graffiti pe care au pictat unii dintre cei mai cunoscu\u021bi arti\u0219ti stradali din Rom\u00e2nia este considerat un reper cultural \u0219i o emblem\u0103 a Capitalei. Firma care va beneficia [&hellip;]\" \/>\n<meta property=\"og:url\" content=\"https:\/\/buletin.de\/bucuresti\/casa-cu-grafitti-de-pe-arthur-verona-in-pericol-de-demolare-firma-beneficiara-are-in-spate-offshore-uri-si-oameni-de-afaceri-influenti\/\" \/>\n<meta property=\"og:site_name\" content=\"Buletin de Bucure\u0219ti\" \/>\n<meta property=\"article:publisher\" content=\"https:\/\/www.facebook.com\/buletin.de.buc\" \/>\n<meta property=\"article:published_time\" content=\"2021-01-06T12:11:46+00:00\" \/>\n<meta property=\"article:modified_time\" content=\"2021-01-06T12:11:47+00:00\" \/>\n<meta property=\"og:image\" content=\"https:\/\/buletin.de\/bucuresti\/wp-content\/uploads\/IMG_20210105_130331-scaled.jpg\" \/>\n\t<meta property=\"og:image:width\" content=\"2560\" \/>\n\t<meta property=\"og:image:height\" content=\"1920\" \/>\n\t<meta property=\"og:image:type\" content=\"image\/jpeg\" \/>\n<meta name=\"author\" content=\"Bianca Albu\" \/>\n<meta name=\"twitter:card\" content=\"summary_large_image\" \/>\n<meta name=\"twitter:label1\" content=\"Written by\" \/>\n\t<meta name=\"twitter:data1\" content=\"Bianca Albu\" \/>\n\t<meta name=\"twitter:label2\" content=\"Estimated reading time\" \/>\n\t<meta name=\"twitter:data2\" content=\"4 minutes\" \/>\n<script type=\"application\/ld+json\" class=\"yoast-schema-graph\">{\"@context\":\"https:\\\/\\\/schema.org\",\"@graph\":[{\"@type\":\"Article\",\"@id\":\"https:\\\/\\\/buletin.de\\\/bucuresti\\\/casa-cu-grafitti-de-pe-arthur-verona-in-pericol-de-demolare-firma-beneficiara-are-in-spate-offshore-uri-si-oameni-de-afaceri-influenti\\\/#article\",\"isPartOf\":{\"@id\":\"https:\\\/\\\/buletin.de\\\/bucuresti\\\/casa-cu-grafitti-de-pe-arthur-verona-in-pericol-de-demolare-firma-beneficiara-are-in-spate-offshore-uri-si-oameni-de-afaceri-influenti\\\/\"},\"author\":{\"name\":\"Bianca Albu\",\"@id\":\"https:\\\/\\\/buletin.de\\\/bucuresti\\\/#\\\/schema\\\/person\\\/295dc2228d2dc79294d636619468dc7f\"},\"headline\":\"Casa cu grafitti de pe Arthur Verona, \u00een pericol de demolare. Firma beneficiar\u0103 are \u00een spate offshore-uri \u0219i oameni de afaceri influen\u021bi\",\"datePublished\":\"2021-01-06T12:11:46+00:00\",\"dateModified\":\"2021-01-06T12:11:47+00:00\",\"mainEntityOfPage\":{\"@id\":\"https:\\\/\\\/buletin.de\\\/bucuresti\\\/casa-cu-grafitti-de-pe-arthur-verona-in-pericol-de-demolare-firma-beneficiara-are-in-spate-offshore-uri-si-oameni-de-afaceri-influenti\\\/\"},\"wordCount\":759,\"publisher\":{\"@id\":\"https:\\\/\\\/buletin.de\\\/bucuresti\\\/#organization\"},\"image\":{\"@id\":\"https:\\\/\\\/buletin.de\\\/bucuresti\\\/casa-cu-grafitti-de-pe-arthur-verona-in-pericol-de-demolare-firma-beneficiara-are-in-spate-offshore-uri-si-oameni-de-afaceri-influenti\\\/#primaryimage\"},\"thumbnailUrl\":\"https:\\\/\\\/buletin.de\\\/bucuresti\\\/wp-content\\\/uploads\\\/IMG_20210105_130331-scaled.jpg\",\"keywords\":[\"casa cu graffiti\",\"demolare\",\"dionisie lupu\",\"street delivery\"],\"articleSection\":[\"Cultur\u0103\",\"Prim\u0103rie\",\"\u0218tiri\"],\"inLanguage\":\"en-GB\",\"copyrightYear\":\"2021\",\"copyrightHolder\":{\"@id\":\"https:\\\/\\\/buletin.de\\\/bucuresti\\\/#organization\"}},{\"@type\":\"WebPage\",\"@id\":\"https:\\\/\\\/buletin.de\\\/bucuresti\\\/casa-cu-grafitti-de-pe-arthur-verona-in-pericol-de-demolare-firma-beneficiara-are-in-spate-offshore-uri-si-oameni-de-afaceri-influenti\\\/\",\"url\":\"https:\\\/\\\/buletin.de\\\/bucuresti\\\/casa-cu-grafitti-de-pe-arthur-verona-in-pericol-de-demolare-firma-beneficiara-are-in-spate-offshore-uri-si-oameni-de-afaceri-influenti\\\/\",\"name\":\"Casa cu grafitti de pe Arthur Verona, \u00een pericol de demolare. Firma beneficiar\u0103 are \u00een spate offshore-uri \u0219i oameni de afaceri influen\u021bi - Buletin de Bucure\u0219ti\",\"isPartOf\":{\"@id\":\"https:\\\/\\\/buletin.de\\\/bucuresti\\\/#website\"},\"primaryImageOfPage\":{\"@id\":\"https:\\\/\\\/buletin.de\\\/bucuresti\\\/casa-cu-grafitti-de-pe-arthur-verona-in-pericol-de-demolare-firma-beneficiara-are-in-spate-offshore-uri-si-oameni-de-afaceri-influenti\\\/#primaryimage\"},\"image\":{\"@id\":\"https:\\\/\\\/buletin.de\\\/bucuresti\\\/casa-cu-grafitti-de-pe-arthur-verona-in-pericol-de-demolare-firma-beneficiara-are-in-spate-offshore-uri-si-oameni-de-afaceri-influenti\\\/#primaryimage\"},\"thumbnailUrl\":\"https:\\\/\\\/buletin.de\\\/bucuresti\\\/wp-content\\\/uploads\\\/IMG_20210105_130331-scaled.jpg\",\"datePublished\":\"2021-01-06T12:11:46+00:00\",\"dateModified\":\"2021-01-06T12:11:47+00:00\",\"breadcrumb\":{\"@id\":\"https:\\\/\\\/buletin.de\\\/bucuresti\\\/casa-cu-grafitti-de-pe-arthur-verona-in-pericol-de-demolare-firma-beneficiara-are-in-spate-offshore-uri-si-oameni-de-afaceri-influenti\\\/#breadcrumb\"},\"inLanguage\":\"en-GB\",\"potentialAction\":[{\"@type\":\"ReadAction\",\"target\":[\"https:\\\/\\\/buletin.de\\\/bucuresti\\\/casa-cu-grafitti-de-pe-arthur-verona-in-pericol-de-demolare-firma-beneficiara-are-in-spate-offshore-uri-si-oameni-de-afaceri-influenti\\\/\"]}]},{\"@type\":\"ImageObject\",\"inLanguage\":\"en-GB\",\"@id\":\"https:\\\/\\\/buletin.de\\\/bucuresti\\\/casa-cu-grafitti-de-pe-arthur-verona-in-pericol-de-demolare-firma-beneficiara-are-in-spate-offshore-uri-si-oameni-de-afaceri-influenti\\\/#primaryimage\",\"url\":\"https:\\\/\\\/buletin.de\\\/bucuresti\\\/wp-content\\\/uploads\\\/IMG_20210105_130331-scaled.jpg\",\"contentUrl\":\"https:\\\/\\\/buletin.de\\\/bucuresti\\\/wp-content\\\/uploads\\\/IMG_20210105_130331-scaled.jpg\",\"width\":2560,\"height\":1920},{\"@type\":\"BreadcrumbList\",\"@id\":\"https:\\\/\\\/buletin.de\\\/bucuresti\\\/casa-cu-grafitti-de-pe-arthur-verona-in-pericol-de-demolare-firma-beneficiara-are-in-spate-offshore-uri-si-oameni-de-afaceri-influenti\\\/#breadcrumb\",\"itemListElement\":[{\"@type\":\"ListItem\",\"position\":1,\"name\":\"Acas\u0103\",\"item\":\"https:\\\/\\\/buletin.de\\\/bucuresti\\\/\"},{\"@type\":\"ListItem\",\"position\":2,\"name\":\"Casa cu grafitti de pe Arthur Verona, \u00een pericol de demolare. Firma beneficiar\u0103 are \u00een spate offshore-uri \u0219i oameni de afaceri influen\u021bi\"}]},{\"@type\":\"WebSite\",\"@id\":\"https:\\\/\\\/buletin.de\\\/bucuresti\\\/#website\",\"url\":\"https:\\\/\\\/buletin.de\\\/bucuresti\\\/\",\"name\":\"Buletin de Bucure\u0219ti\",\"description\":\"\u0218tiri \u0219i investiga\u021bii esen\u021biale din capital\u0103\",\"publisher\":{\"@id\":\"https:\\\/\\\/buletin.de\\\/bucuresti\\\/#organization\"},\"potentialAction\":[{\"@type\":\"SearchAction\",\"target\":{\"@type\":\"EntryPoint\",\"urlTemplate\":\"https:\\\/\\\/buletin.de\\\/bucuresti\\\/?s={search_term_string}\"},\"query-input\":{\"@type\":\"PropertyValueSpecification\",\"valueRequired\":true,\"valueName\":\"search_term_string\"}}],\"inLanguage\":\"en-GB\"},{\"@type\":\"Organization\",\"@id\":\"https:\\\/\\\/buletin.de\\\/bucuresti\\\/#organization\",\"name\":\"Buletin de Bucure\u0219ti\",\"url\":\"https:\\\/\\\/buletin.de\\\/bucuresti\\\/\",\"logo\":{\"@type\":\"ImageObject\",\"inLanguage\":\"en-GB\",\"@id\":\"https:\\\/\\\/buletin.de\\\/bucuresti\\\/#\\\/schema\\\/logo\\\/image\\\/\",\"url\":\"https:\\\/\\\/buletin.de\\\/bucuresti\\\/wp-content\\\/uploads\\\/logo-bdb-full-wide-vernil-transparent.png\",\"contentUrl\":\"https:\\\/\\\/buletin.de\\\/bucuresti\\\/wp-content\\\/uploads\\\/logo-bdb-full-wide-vernil-transparent.png\",\"width\":1782,\"height\":626,\"caption\":\"Buletin de Bucure\u0219ti\"},\"image\":{\"@id\":\"https:\\\/\\\/buletin.de\\\/bucuresti\\\/#\\\/schema\\\/logo\\\/image\\\/\"},\"sameAs\":[\"https:\\\/\\\/www.facebook.com\\\/buletin.de.buc\",\"https:\\\/\\\/www.instagram.com\\\/buletinde.bucuresti\\\/\"]},{\"@type\":\"Person\",\"@id\":\"https:\\\/\\\/buletin.de\\\/bucuresti\\\/#\\\/schema\\\/person\\\/295dc2228d2dc79294d636619468dc7f\",\"name\":\"Bianca Albu\",\"image\":{\"@type\":\"ImageObject\",\"inLanguage\":\"en-GB\",\"@id\":\"https:\\\/\\\/secure.gravatar.com\\\/avatar\\\/3df2e34e20f529e6fd7be4311ee1f7c4ec4aa886971590baf6fa214b15743516?s=96&d=monsterid&r=gf541c715eeec409ce8101252a3c0d8a7\",\"url\":\"https:\\\/\\\/secure.gravatar.com\\\/avatar\\\/3df2e34e20f529e6fd7be4311ee1f7c4ec4aa886971590baf6fa214b15743516?s=96&d=monsterid&r=g\",\"contentUrl\":\"https:\\\/\\\/secure.gravatar.com\\\/avatar\\\/3df2e34e20f529e6fd7be4311ee1f7c4ec4aa886971590baf6fa214b15743516?s=96&d=monsterid&r=g\",\"caption\":\"Bianca Albu\"},\"description\":\"Reporter\",\"url\":\"https:\\\/\\\/buletin.de\\\/bucuresti\\\/author\\\/biancaalbu\\\/\"}]}<\/script>\n<!-- \/ Yoast SEO Premium plugin. -->","yoast_head_json":{"title":"Casa cu grafitti de pe Arthur Verona, \u00een pericol de demolare. Firma beneficiar\u0103 are \u00een spate offshore-uri \u0219i oameni de afaceri influen\u021bi - Buletin de Bucure\u0219ti","robots":{"index":"index","follow":"follow","max-snippet":"max-snippet:-1","max-image-preview":"max-image-preview:large","max-video-preview":"max-video-preview:-1"},"canonical":"https:\/\/buletin.de\/bucuresti\/casa-cu-grafitti-de-pe-arthur-verona-in-pericol-de-demolare-firma-beneficiara-are-in-spate-offshore-uri-si-oameni-de-afaceri-influenti\/","og_locale":"en_GB","og_type":"article","og_title":"Casa cu grafitti de pe Arthur Verona, \u00een pericol de demolare. Firma beneficiar\u0103 are \u00een spate offshore-uri \u0219i oameni de afaceri influen\u021bi","og_description":"Cl\u0103direa de la intersec\u021bia str\u0103zii Arthur Verona cu Dionisie Lupu 41, cunoscut\u0103 \u0219i sub numele de \u201eCasa cu graffiti\u201d, se afl\u0103 \u00een pericol de demolare. Calcanul cu graffiti pe care au pictat unii dintre cei mai cunoscu\u021bi arti\u0219ti stradali din Rom\u00e2nia este considerat un reper cultural \u0219i o emblem\u0103 a Capitalei. Firma care va beneficia [&hellip;]","og_url":"https:\/\/buletin.de\/bucuresti\/casa-cu-grafitti-de-pe-arthur-verona-in-pericol-de-demolare-firma-beneficiara-are-in-spate-offshore-uri-si-oameni-de-afaceri-influenti\/","og_site_name":"Buletin de Bucure\u0219ti","article_publisher":"https:\/\/www.facebook.com\/buletin.de.buc","article_published_time":"2021-01-06T12:11:46+00:00","article_modified_time":"2021-01-06T12:11:47+00:00","og_image":[{"width":2560,"height":1920,"url":"https:\/\/buletin.de\/bucuresti\/wp-content\/uploads\/IMG_20210105_130331-scaled.jpg","type":"image\/jpeg"}],"author":"Bianca Albu","twitter_card":"summary_large_image","twitter_misc":{"Written by":"Bianca Albu","Estimated reading time":"4 minutes"},"schema":{"@context":"https:\/\/schema.org","@graph":[{"@type":"Article","@id":"https:\/\/buletin.de\/bucuresti\/casa-cu-grafitti-de-pe-arthur-verona-in-pericol-de-demolare-firma-beneficiara-are-in-spate-offshore-uri-si-oameni-de-afaceri-influenti\/#article","isPartOf":{"@id":"https:\/\/buletin.de\/bucuresti\/casa-cu-grafitti-de-pe-arthur-verona-in-pericol-de-demolare-firma-beneficiara-are-in-spate-offshore-uri-si-oameni-de-afaceri-influenti\/"},"author":{"name":"Bianca Albu","@id":"https:\/\/buletin.de\/bucuresti\/#\/schema\/person\/295dc2228d2dc79294d636619468dc7f"},"headline":"Casa cu grafitti de pe Arthur Verona, \u00een pericol de demolare. Firma beneficiar\u0103 are \u00een spate offshore-uri \u0219i oameni de afaceri influen\u021bi","datePublished":"2021-01-06T12:11:46+00:00","dateModified":"2021-01-06T12:11:47+00:00","mainEntityOfPage":{"@id":"https:\/\/buletin.de\/bucuresti\/casa-cu-grafitti-de-pe-arthur-verona-in-pericol-de-demolare-firma-beneficiara-are-in-spate-offshore-uri-si-oameni-de-afaceri-influenti\/"},"wordCount":759,"publisher":{"@id":"https:\/\/buletin.de\/bucuresti\/#organization"},"image":{"@id":"https:\/\/buletin.de\/bucuresti\/casa-cu-grafitti-de-pe-arthur-verona-in-pericol-de-demolare-firma-beneficiara-are-in-spate-offshore-uri-si-oameni-de-afaceri-influenti\/#primaryimage"},"thumbnailUrl":"https:\/\/buletin.de\/bucuresti\/wp-content\/uploads\/IMG_20210105_130331-scaled.jpg","keywords":["casa cu graffiti","demolare","dionisie lupu","street delivery"],"articleSection":["Cultur\u0103","Prim\u0103rie","\u0218tiri"],"inLanguage":"en-GB","copyrightYear":"2021","copyrightHolder":{"@id":"https:\/\/buletin.de\/bucuresti\/#organization"}},{"@type":"WebPage","@id":"https:\/\/buletin.de\/bucuresti\/casa-cu-grafitti-de-pe-arthur-verona-in-pericol-de-demolare-firma-beneficiara-are-in-spate-offshore-uri-si-oameni-de-afaceri-influenti\/","url":"https:\/\/buletin.de\/bucuresti\/casa-cu-grafitti-de-pe-arthur-verona-in-pericol-de-demolare-firma-beneficiara-are-in-spate-offshore-uri-si-oameni-de-afaceri-influenti\/","name":"Casa cu grafitti de pe Arthur Verona, \u00een pericol de demolare. Firma beneficiar\u0103 are \u00een spate offshore-uri \u0219i oameni de afaceri influen\u021bi - Buletin de Bucure\u0219ti","isPartOf":{"@id":"https:\/\/buletin.de\/bucuresti\/#website"},"primaryImageOfPage":{"@id":"https:\/\/buletin.de\/bucuresti\/casa-cu-grafitti-de-pe-arthur-verona-in-pericol-de-demolare-firma-beneficiara-are-in-spate-offshore-uri-si-oameni-de-afaceri-influenti\/#primaryimage"},"image":{"@id":"https:\/\/buletin.de\/bucuresti\/casa-cu-grafitti-de-pe-arthur-verona-in-pericol-de-demolare-firma-beneficiara-are-in-spate-offshore-uri-si-oameni-de-afaceri-influenti\/#primaryimage"},"thumbnailUrl":"https:\/\/buletin.de\/bucuresti\/wp-content\/uploads\/IMG_20210105_130331-scaled.jpg","datePublished":"2021-01-06T12:11:46+00:00","dateModified":"2021-01-06T12:11:47+00:00","breadcrumb":{"@id":"https:\/\/buletin.de\/bucuresti\/casa-cu-grafitti-de-pe-arthur-verona-in-pericol-de-demolare-firma-beneficiara-are-in-spate-offshore-uri-si-oameni-de-afaceri-influenti\/#breadcrumb"},"inLanguage":"en-GB","potentialAction":[{"@type":"ReadAction","target":["https:\/\/buletin.de\/bucuresti\/casa-cu-grafitti-de-pe-arthur-verona-in-pericol-de-demolare-firma-beneficiara-are-in-spate-offshore-uri-si-oameni-de-afaceri-influenti\/"]}]},{"@type":"ImageObject","inLanguage":"en-GB","@id":"https:\/\/buletin.de\/bucuresti\/casa-cu-grafitti-de-pe-arthur-verona-in-pericol-de-demolare-firma-beneficiara-are-in-spate-offshore-uri-si-oameni-de-afaceri-influenti\/#primaryimage","url":"https:\/\/buletin.de\/bucuresti\/wp-content\/uploads\/IMG_20210105_130331-scaled.jpg","contentUrl":"https:\/\/buletin.de\/bucuresti\/wp-content\/uploads\/IMG_20210105_130331-scaled.jpg","width":2560,"height":1920},{"@type":"BreadcrumbList","@id":"https:\/\/buletin.de\/bucuresti\/casa-cu-grafitti-de-pe-arthur-verona-in-pericol-de-demolare-firma-beneficiara-are-in-spate-offshore-uri-si-oameni-de-afaceri-influenti\/#breadcrumb","itemListElement":[{"@type":"ListItem","position":1,"name":"Acas\u0103","item":"https:\/\/buletin.de\/bucuresti\/"},{"@type":"ListItem","position":2,"name":"Casa cu grafitti de pe Arthur Verona, \u00een pericol de demolare. Firma beneficiar\u0103 are \u00een spate offshore-uri \u0219i oameni de afaceri influen\u021bi"}]},{"@type":"WebSite","@id":"https:\/\/buletin.de\/bucuresti\/#website","url":"https:\/\/buletin.de\/bucuresti\/","name":"Buletin de Bucure\u0219ti","description":"\u0218tiri \u0219i investiga\u021bii esen\u021biale din capital\u0103","publisher":{"@id":"https:\/\/buletin.de\/bucuresti\/#organization"},"potentialAction":[{"@type":"SearchAction","target":{"@type":"EntryPoint","urlTemplate":"https:\/\/buletin.de\/bucuresti\/?s={search_term_string}"},"query-input":{"@type":"PropertyValueSpecification","valueRequired":true,"valueName":"search_term_string"}}],"inLanguage":"en-GB"},{"@type":"Organization","@id":"https:\/\/buletin.de\/bucuresti\/#organization","name":"Buletin de Bucure\u0219ti","url":"https:\/\/buletin.de\/bucuresti\/","logo":{"@type":"ImageObject","inLanguage":"en-GB","@id":"https:\/\/buletin.de\/bucuresti\/#\/schema\/logo\/image\/","url":"https:\/\/buletin.de\/bucuresti\/wp-content\/uploads\/logo-bdb-full-wide-vernil-transparent.png","contentUrl":"https:\/\/buletin.de\/bucuresti\/wp-content\/uploads\/logo-bdb-full-wide-vernil-transparent.png","width":1782,"height":626,"caption":"Buletin de Bucure\u0219ti"},"image":{"@id":"https:\/\/buletin.de\/bucuresti\/#\/schema\/logo\/image\/"},"sameAs":["https:\/\/www.facebook.com\/buletin.de.buc","https:\/\/www.instagram.com\/buletinde.bucuresti\/"]},{"@type":"Person","@id":"https:\/\/buletin.de\/bucuresti\/#\/schema\/person\/295dc2228d2dc79294d636619468dc7f","name":"Bianca Albu","image":{"@type":"ImageObject","inLanguage":"en-GB","@id":"https:\/\/secure.gravatar.com\/avatar\/3df2e34e20f529e6fd7be4311ee1f7c4ec4aa886971590baf6fa214b15743516?s=96&d=monsterid&r=gf541c715eeec409ce8101252a3c0d8a7","url":"https:\/\/secure.gravatar.com\/avatar\/3df2e34e20f529e6fd7be4311ee1f7c4ec4aa886971590baf6fa214b15743516?s=96&d=monsterid&r=g","contentUrl":"https:\/\/secure.gravatar.com\/avatar\/3df2e34e20f529e6fd7be4311ee1f7c4ec4aa886971590baf6fa214b15743516?s=96&d=monsterid&r=g","caption":"Bianca Albu"},"description":"Reporter","url":"https:\/\/buletin.de\/bucuresti\/author\/biancaalbu\/"}]}},"authors":[{"term_id":22588,"user_id":6,"is_guest":0,"slug":"biancaalbu","display_name":"Bianca Albu","avatar_url":"https:\/\/secure.gravatar.com\/avatar\/3df2e34e20f529e6fd7be4311ee1f7c4ec4aa886971590baf6fa214b15743516?s=96&d=monsterid&r=g","0":null,"1":"","2":"","3":"","4":"","5":"","6":"","7":"","8":""}],"_links":{"self":[{"href":"https:\/\/buletin.de\/bucuresti\/wp-json\/wp\/v2\/posts\/17658","targetHints":{"allow":["GET"]}}],"collection":[{"href":"https:\/\/buletin.de\/bucuresti\/wp-json\/wp\/v2\/posts"}],"about":[{"href":"https:\/\/buletin.de\/bucuresti\/wp-json\/wp\/v2\/types\/post"}],"author":[{"embeddable":true,"href":"https:\/\/buletin.de\/bucuresti\/wp-json\/wp\/v2\/users\/6"}],"replies":[{"embeddable":true,"href":"https:\/\/buletin.de\/bucuresti\/wp-json\/wp\/v2\/comments?post=17658"}],"version-history":[{"count":8,"href":"https:\/\/buletin.de\/bucuresti\/wp-json\/wp\/v2\/posts\/17658\/revisions"}],"predecessor-version":[{"id":17725,"href":"https:\/\/buletin.de\/bucuresti\/wp-json\/wp\/v2\/posts\/17658\/revisions\/17725"}],"wp:featuredmedia":[{"embeddable":true,"href":"https:\/\/buletin.de\/bucuresti\/wp-json\/wp\/v2\/media\/17667"}],"wp:attachment":[{"href":"https:\/\/buletin.de\/bucuresti\/wp-json\/wp\/v2\/media?parent=17658"}],"wp:term":[{"taxonomy":"category","embeddable":true,"href":"https:\/\/buletin.de\/bucuresti\/wp-json\/wp\/v2\/categories?post=17658"},{"taxonomy":"post_tag","embeddable":true,"href":"https:\/\/buletin.de\/bucuresti\/wp-json\/wp\/v2\/tags?post=17658"},{"taxonomy":"author","embeddable":true,"href":"https:\/\/buletin.de\/bucuresti\/wp-json\/wp\/v2\/ppma_author?post=17658"}],"curies":[{"name":"wp","href":"https:\/\/api.w.org\/{rel}","templated":true}]}}