{"id":17616,"date":"2021-01-05T18:58:10","date_gmt":"2021-01-05T15:58:10","guid":{"rendered":"https:\/\/buletin.de\/bucuresti\/?p=17616"},"modified":"2021-01-12T15:04:53","modified_gmt":"2021-01-12T12:04:53","slug":"averile-fostilor-primari-dupa-mandat-gabriela-firea-datoare-580-000-de-lei","status":"publish","type":"post","link":"https:\/\/buletin.de\/bucuresti\/averile-fostilor-primari-dupa-mandat-gabriela-firea-datoare-580-000-de-lei\/","title":{"rendered":"Averile fo\u0219tilor primari, dup\u0103 mandat | Gabriela Firea, datoare 580.000 de lei"},"content":{"rendered":"\n<p><strong>Au petrecut cel pu\u021bin 4 ani \u00een fotoliile de edil, fie general, fie de sector, dar nu au mai reu\u0219it s\u0103-\u0219i conving\u0103 electoratul c\u0103 mai merit\u0103 un mandat. Dintre cei 6 primari de sector plus edilul general, doar Robert Negoi\u021b\u0103 \u0219i Daniel B\u0103lu\u021b\u0103 \u0219i-au p\u0103strat posturile. Ce au realizat financiar \u00een cei 4 ani de mandat, ce au c\u00e2\u0219tigat \u0219i ce au pierdut cei care au plecat din prim\u0103rii, am \u00eencercat s\u0103 afl\u0103m din declara\u021biile de avere depuse la \u00eenceputul \u0219i sf\u00e2r\u0219itul mandatului.<\/strong><\/p>\n\n\n\n<h2 class=\"wp-block-heading\">Daniel Tudorache, fost primar Sectorul 1 | S\u0103rac a fost, s\u0103rac a r\u0103mas <\/h2>\n\n\n\n<figure class=\"wp-block-image size-large\"><img fetchpriority=\"high\" decoding=\"async\" width=\"800\" height=\"450\" src=\"data:image\/gif;base64,R0lGODlhAQABAAAAACH5BAEKAAEALAAAAAABAAEAAAICTAEAOw==\" data-src=\"https:\/\/buletin.de\/bucuresti\/wp-content\/uploads\/Dan-Tudorache.jpg\" alt=\"\" class=\"wp-image-8616 lazyload\" data-sizes=\"auto\" data-srcset=\"https:\/\/buletin.de\/bucuresti\/wp-content\/uploads\/Dan-Tudorache.jpg 800w, https:\/\/buletin.de\/bucuresti\/wp-content\/uploads\/Dan-Tudorache-600x338.jpg 600w, https:\/\/buletin.de\/bucuresti\/wp-content\/uploads\/Dan-Tudorache-300x169.jpg 300w, https:\/\/buletin.de\/bucuresti\/wp-content\/uploads\/Dan-Tudorache-768x432.jpg 768w, https:\/\/buletin.de\/bucuresti\/wp-content\/uploads\/Dan-Tudorache-550x309.jpg 550w\" sizes=\"(max-width: 800px) 100vw, 800px\" \/><figcaption>Facebook Daniel Tudorache<\/figcaption><\/figure>\n\n\n\n<p>Imediat dup\u0103 alegeri, Daniel Tudorache a ajuns la DNA, fiind cercetat \u00een dou\u0103 dosare. Primul vizeaz\u0103 achizi\u021bia de tablete pentru elevii din Sectorul 1, iar cel de-al doilea \u00eel acuz\u0103 pe fostul edil de complicitate la trafic de influen\u021b\u0103 \u0219i sp\u0103lare de bani. Conform unui comunicat al DNA, \u00een 10 ani, Tudorache ar fi ob\u021binut venituri ilicite pe care \u00eens\u0103 le-a ascuns pe numele fostei so\u021bii \u0219i al menajerei.<\/p>\n\n\n\n<blockquote class=\"wp-block-quote is-layout-flow wp-block-quote-is-layout-flow\"><p>* <em>depunerea de sume de bani \u00een numerar prin intermediul fostei so\u021bii \u0219i al menajerei, \u00een conturi bancare deschise pe numele acestora \u2013 \u00een total 2.990.000 lei \u0219i 235.000 euro;<\/em><\/p><p>* <em>achizi\u021bionarea de bunuri imobile pe numele fostei so\u021bii \u00een sum\u0103 total\u0103 de 305.000 euro \u0219i 470.000 lei, sume pl\u0103tite de asemenea \u00een numerar;<\/em><\/p><p>* <em>acordarea unui \u00eemprumut unei persoane, tot \u00een numerar, \u00een cuantum de 920.000 de euro, prin intermediul fostei so\u021bii,;<\/em><\/p><p>* <em>achizi\u021bionarea de bijuterii, inclusiv diamante, a c\u0103ror valoare urmeaz\u0103 a fi stabilit\u0103 (au fost identificate facturi fiscale pentru o serie de bijuterii, printre care: un inel \u00een valoare de 58.500 de euro, un set de bijuterii \u00een valoare de 64.225 USD, un inel cu diamant \u00een valoare de 80.000 euro \u0219i un diamant de 190.000 de euro (avans 35.000 de euro), un inel de 65.000 euro, un set cercei \u0219i l\u0103n\u021bi\u0219or cu pandantiv \u00een valoare de 11.200 de euro, etc.),<\/em><\/p><p>* <em>achizi\u021bionarea de ac\u021biuni la un club de fotbal, prin intermediul fostei so\u021bii,<\/em><\/p><p>* <em>asocierea \u00een participa\u021biune cu o societate privat\u0103 cu suma de 640.000 de euro, tot prin intermediul fostei so\u021bii<\/em><\/p><cite>Comunicat DNA<\/cite><\/blockquote>\n\n\n\n<p>Dac\u0103 ne uit\u0103m \u00eens\u0103 pe declara\u021biile de avere depuse de Daniel Tudorache, de-a lungul anilor, nu reg\u0103sim nimic din cele enumerate de procurori mai sus. Dimpotriv\u0103, Daniel Tudorache nu are aproape nimic. Tot la m\u00e2na fostei so\u021bii a fost \u0219i pentru plata cau\u021biunii de 1 milion de euro, stabilite de procurori. <\/p>\n\n\n\n<figure class=\"wp-block-image size-large is-resized\"><img decoding=\"async\" src=\"data:image\/gif;base64,R0lGODlhAQABAAAAACH5BAEKAAEALAAAAAABAAEAAAICTAEAOw==\" data-src=\"https:\/\/buletin.de\/bucuresti\/wp-content\/uploads\/tudorache-edited.png\" alt=\"\" class=\"wp-image-17629 lazyload\" width=\"557\" height=\"313.15777777777777\" data-sizes=\"auto\" data-srcset=\"https:\/\/buletin.de\/bucuresti\/wp-content\/uploads\/tudorache-edited.png 546w, https:\/\/buletin.de\/bucuresti\/wp-content\/uploads\/tudorache-edited-300x169.png 300w\" sizes=\"(max-width: 546px) 100vw, 546px\" \/><\/figure>\n\n\n\n<p><img decoding=\"async\" width=\"255\" height=\"361\" src=\"data:image\/gif;base64,R0lGODlhAQABAAAAACH5BAEKAAEALAAAAAABAAEAAAICTAEAOw==\" class=\"lazyload\" data-src=\"\"><img decoding=\"async\" width=\"255\" height=\"361\" src=\"data:image\/gif;base64,R0lGODlhAQABAAAAACH5BAEKAAEALAAAAAABAAEAAAICTAEAOw==\" class=\"lazyload\" data-src=\"\">Daniel Tudorache este acum deputat \u00een Parlamentul Rom\u00e2niei, mandatul s\u0103u a fost validat de comisia de specialitate. \u00cen calitate de parlamentar,&nbsp;se bucur\u0103 acum de imunitate&nbsp;\u0219i nu poate fi perchezi\u0163ionat, re\u0163inut sau arestat f\u0103r\u0103 \u00eencuviin\u0163area Camerei din care face parte. Mai mult, urm\u0103rirea \u015fi trimiterea \u00een judecat\u0103 penal\u0103 se pot face numai de c\u0103tre Parchetul de pe l\u00e2ng\u0103 \u00cenalta Curte de Casa\u0163ie \u015fi Justi\u0163ie. Competen\u0163a de judecat\u0103 apar\u0163ine \u00cenaltei Cur\u0163i de Casa\u0163ie \u015fi Justi\u0163ie.<\/p>\n\n\n\n<h2 class=\"wp-block-heading\">Mihai Mugur Toader, fost primar Sectorul 2 | \u0218i-a cump\u0103rat 2 ma\u0219ini \u0219i are mai mul\u021bi bani \u00een conturi<\/h2>\n\n\n\n<figure class=\"wp-block-image size-large\"><img decoding=\"async\" width=\"600\" height=\"400\" src=\"data:image\/gif;base64,R0lGODlhAQABAAAAACH5BAEKAAEALAAAAAABAAEAAAICTAEAOw==\" data-src=\"https:\/\/buletin.de\/bucuresti\/wp-content\/uploads\/Dan-Mugurel-Toader-600x400-1.jpg\" alt=\"\" class=\"wp-image-17622 lazyload\" data-sizes=\"auto\" data-srcset=\"https:\/\/buletin.de\/bucuresti\/wp-content\/uploads\/Dan-Mugurel-Toader-600x400-1.jpg 600w, https:\/\/buletin.de\/bucuresti\/wp-content\/uploads\/Dan-Mugurel-Toader-600x400-1-300x200.jpg 300w, https:\/\/buletin.de\/bucuresti\/wp-content\/uploads\/Dan-Mugurel-Toader-600x400-1-550x367.jpg 550w\" sizes=\"(max-width: 600px) 100vw, 600px\" \/><figcaption>Facebook Mihai Toader<\/figcaption><\/figure>\n\n\n\n<p>Mihai Mugur Toader a fost cel mai discret edil din Capital\u0103. Rarele sale declara\u021bii au ap\u0103rut, \u00een majoritate, pe pagina sa de Facebook. \u00cen luna iunie a anun\u021bat c\u0103 nu mai vrea un alt mandat \u0219i s-a retras dup\u0103 alegeri,<\/p>\n\n\n\n<p>\u00cen cei 4 ani de mandat, a reu\u0219it s\u0103-\u0219i cumpere un autoturism \u0219i un ATV \u0219i s\u0103 depun\u0103 \u00een b\u0103nci 210.000 de lei. <\/p>\n\n\n\n<figure class=\"wp-block-image size-large\"><img loading=\"lazy\" decoding=\"async\" width=\"900\" height=\"506\" src=\"data:image\/gif;base64,R0lGODlhAQABAAAAACH5BAEKAAEALAAAAAABAAEAAAICTAEAOw==\" data-src=\"https:\/\/buletin.de\/bucuresti\/wp-content\/uploads\/image-414-900x506.png\" alt=\"\" class=\"wp-image-17627 lazyload\" data-sizes=\"auto\" data-srcset=\"https:\/\/buletin.de\/bucuresti\/wp-content\/uploads\/image-414-900x506.png 900w, https:\/\/buletin.de\/bucuresti\/wp-content\/uploads\/image-414-300x169.png 300w, https:\/\/buletin.de\/bucuresti\/wp-content\/uploads\/image-414-768x432.png 768w, https:\/\/buletin.de\/bucuresti\/wp-content\/uploads\/image-414-1060x596.png 1060w, https:\/\/buletin.de\/bucuresti\/wp-content\/uploads\/image-414-550x309.png 550w, https:\/\/buletin.de\/bucuresti\/wp-content\/uploads\/image-414-889x500.png 889w, https:\/\/buletin.de\/bucuresti\/wp-content\/uploads\/image-414-600x337.png 600w, https:\/\/buletin.de\/bucuresti\/wp-content\/uploads\/image-414.png 1366w\" sizes=\"(max-width: 900px) 100vw, 900px\" \/><\/figure>\n\n\n\n<p>Nu a reu\u0219it \u00eens\u0103, s\u0103 achite niciun euro dintr-un \u00eemprumut de 30.000 de euro, luat de la o persoan\u0103 fizic\u0103, \u0219i care apare \u0219i in declara\u021bia de \u00eenceput de mandat \u0219i \u00een cea de final.<\/p>\n\n\n\n<h2 class=\"wp-block-heading\">Daniel Florea, fost primar Sector 5 | Audi Q7 nou, dar mai pu\u021bini bani \u00een conturi<\/h2>\n\n\n\n<figure class=\"wp-block-image size-large\"><img loading=\"lazy\" decoding=\"async\" width=\"900\" height=\"504\" src=\"data:image\/gif;base64,R0lGODlhAQABAAAAACH5BAEKAAEALAAAAAABAAEAAAICTAEAOw==\" data-src=\"https:\/\/buletin.de\/bucuresti\/wp-content\/uploads\/WhatsApp-Image-2021-01-05-at-17.46.36-900x504.jpeg\" alt=\"\" class=\"wp-image-17685 lazyload\" data-sizes=\"auto\" data-srcset=\"https:\/\/buletin.de\/bucuresti\/wp-content\/uploads\/WhatsApp-Image-2021-01-05-at-17.46.36-900x504.jpeg 900w, https:\/\/buletin.de\/bucuresti\/wp-content\/uploads\/WhatsApp-Image-2021-01-05-at-17.46.36-300x168.jpeg 300w, https:\/\/buletin.de\/bucuresti\/wp-content\/uploads\/WhatsApp-Image-2021-01-05-at-17.46.36-768x431.jpeg 768w, https:\/\/buletin.de\/bucuresti\/wp-content\/uploads\/WhatsApp-Image-2021-01-05-at-17.46.36-550x308.jpeg 550w, https:\/\/buletin.de\/bucuresti\/wp-content\/uploads\/WhatsApp-Image-2021-01-05-at-17.46.36-892x500.jpeg 892w, https:\/\/buletin.de\/bucuresti\/wp-content\/uploads\/WhatsApp-Image-2021-01-05-at-17.46.36-600x336.jpeg 600w, https:\/\/buletin.de\/bucuresti\/wp-content\/uploads\/WhatsApp-Image-2021-01-05-at-17.46.36.jpeg 1024w\" sizes=\"(max-width: 900px) 100vw, 900px\" \/><\/figure>\n\n\n\n<p>Cel mai spilcuit din fo\u0219tii primari de sector, Daniel Florea a ar\u0103tat tot timpul ca un \u00eemp\u0103timit al luxului. Ma\u0219ini scumpe, haine de firm\u0103, excursii \u00een str\u0103in\u0103tate. De altfel, cel care i-a luat locul, Cristian Popescu Piedone a dat publicit\u0103\u021bii un raport al Cur\u021bii de Conturi, la Prim\u0103ria Sector 5, din care reie\u0219ea c\u0103 Daniel Florea ar fi folosit banii publici pentru a se plimba cu o ga\u0219c\u0103 de apropia\u021bi \u00een Israel, Fran\u021ba, Germania sau Belgia.<\/p>\n\n\n\n<p>Revenind la averea sa personal\u0103, fa\u021b\u0103 de 2016, Daniel Florea este mai s\u0103rac. Chiar dac\u0103 \u00een zestrea sa imobiliar\u0103 a ap\u0103rut o garsonier\u0103, achizi\u021bionat\u0103 \u00een 2019, din conturi au disp\u0103rut \u00een 2020 68.000 de lei \u0219i, cel mai important, cele 1,7 milioane pe care le \u00eencasa de la firma de avocatur\u0103 unde era asociat.  Florea a cesionat asocia\u021bilor o parte din ac\u021biunile sale contra a 6000\/euro lunar.<\/p>\n\n\n\n<figure class=\"wp-block-image size-large\"><img loading=\"lazy\" decoding=\"async\" width=\"900\" height=\"506\" src=\"data:image\/gif;base64,R0lGODlhAQABAAAAACH5BAEKAAEALAAAAAABAAEAAAICTAEAOw==\" data-src=\"https:\/\/buletin.de\/bucuresti\/wp-content\/uploads\/image-418-900x506.png\" alt=\"\" class=\"wp-image-17681 lazyload\" data-sizes=\"auto\" data-srcset=\"https:\/\/buletin.de\/bucuresti\/wp-content\/uploads\/image-418-900x506.png 900w, https:\/\/buletin.de\/bucuresti\/wp-content\/uploads\/image-418-300x169.png 300w, https:\/\/buletin.de\/bucuresti\/wp-content\/uploads\/image-418-768x432.png 768w, https:\/\/buletin.de\/bucuresti\/wp-content\/uploads\/image-418-1060x596.png 1060w, https:\/\/buletin.de\/bucuresti\/wp-content\/uploads\/image-418-550x309.png 550w, https:\/\/buletin.de\/bucuresti\/wp-content\/uploads\/image-418-889x500.png 889w, https:\/\/buletin.de\/bucuresti\/wp-content\/uploads\/image-418-600x337.png 600w, https:\/\/buletin.de\/bucuresti\/wp-content\/uploads\/image-418.png 1366w\" sizes=\"(max-width: 900px) 100vw, 900px\" \/><\/figure>\n\n\n\n<p>La c\u0103\u0219tiguri putem men\u021biona \u0219i achizi\u021bia unui nou autoturism, AUDI Q7 \u00een 2018. <\/p>\n\n\n\n<p>Situa\u021bia familiei Florea este \u00eens\u0103 echilibrat\u0103 de veniturile so\u021biei, membru in Directoratul Transelectrica, de unde prime\u0219te anual 209.000 de lei.<\/p>\n\n\n\n<h2 class=\"wp-block-heading\">Gabriel Mutu, fost primar Sector 6 | Mai bogat dec\u00e2t la \u00eenceputul mandatului<\/h2>\n\n\n\n<figure class=\"wp-block-image size-large\"><img loading=\"lazy\" decoding=\"async\" width=\"497\" height=\"497\" src=\"data:image\/gif;base64,R0lGODlhAQABAAAAACH5BAEKAAEALAAAAAABAAEAAAICTAEAOw==\" data-src=\"https:\/\/buletin.de\/bucuresti\/wp-content\/uploads\/WhatsApp-Image-2021-01-05-at-15.59.10.jpeg\" alt=\"\" class=\"wp-image-17651 lazyload\" data-sizes=\"auto\" data-srcset=\"https:\/\/buletin.de\/bucuresti\/wp-content\/uploads\/WhatsApp-Image-2021-01-05-at-15.59.10.jpeg 497w, https:\/\/buletin.de\/bucuresti\/wp-content\/uploads\/WhatsApp-Image-2021-01-05-at-15.59.10-300x300.jpeg 300w, https:\/\/buletin.de\/bucuresti\/wp-content\/uploads\/WhatsApp-Image-2021-01-05-at-15.59.10-150x150.jpeg 150w, https:\/\/buletin.de\/bucuresti\/wp-content\/uploads\/WhatsApp-Image-2021-01-05-at-15.59.10-250x250.jpeg 250w, https:\/\/buletin.de\/bucuresti\/wp-content\/uploads\/WhatsApp-Image-2021-01-05-at-15.59.10-100x100.jpeg 100w\" sizes=\"(max-width: 497px) 100vw, 497px\" \/><figcaption>Facebook Gabriel Mutu<\/figcaption><\/figure>\n\n\n\n<p>Gabriel Mutu este cel mai bogat dintre fo\u0219tii edilii ai sectoarelor Capitalei. Ac\u021bionar la mai multe firme private, Mutu are \u00een conturi sute de mii de euro, bijuterii si tablouri la fel de valoroase \u0219i mai multe propriet\u0103\u021bi. Pe l\u00e2ng\u0103 salariul de primar, \u00een fiecare an a ob\u021binut dividende consistente de la firmele unde este ac\u021bionar.<\/p>\n\n\n\n<p>\u00centre declara\u021bia de \u00eenceput \u0219i cea de sf\u00e2r\u0219it de mandat apar \u00eens\u0103 c\u00e2teva diferen\u021be. \u00cen 2020, au disp\u0103rut din lista de propriet\u0103\u021bi 2 cl\u0103diri \u0219i o box\u0103,  dar a crescut valoarea bijuteriilor, ceasurilor \u0219i a sumelor aflate \u00een b\u0103nci.<\/p>\n\n\n\n<figure class=\"wp-block-image size-large is-resized\"><img loading=\"lazy\" decoding=\"async\" src=\"data:image\/gif;base64,R0lGODlhAQABAAAAACH5BAEKAAEALAAAAAABAAEAAAICTAEAOw==\" data-src=\"https:\/\/buletin.de\/bucuresti\/wp-content\/uploads\/image-415.png\" alt=\"\" class=\"wp-image-17643 lazyload\" width=\"554\" height=\"258\" data-sizes=\"auto\" data-srcset=\"https:\/\/buletin.de\/bucuresti\/wp-content\/uploads\/image-415.png 455w, https:\/\/buletin.de\/bucuresti\/wp-content\/uploads\/image-415-300x140.png 300w\" sizes=\"(max-width: 554px) 100vw, 554px\" \/><\/figure>\n\n\n\n<p>Dac\u0103 \u00een 2016, \u00een total \u00een conturi, Gabriel Mutu avea 81.800 de euro \u0219i 260.000 de lei, \u00een 2020 conturile \u00een euro \u00eensumau 92.500 de euro \u0219i 712.684 de lei.<\/p>\n\n\n\n<p>\u0218i tot \u00een ultimii 5 ani, \u00eentre 2016 \u0219i 2020, Gabriel Mutu a devenit asociat la \u00eenc\u0103 o firm\u0103, a 8-a din portofoliul s\u0103u \u0219i a \u00eemprumutat \u00een nume personal societ\u0103\u021bile sale cu \u00eenc\u0103 400.000 de lei.<\/p>\n\n\n\n<p>Gabriel Mutu este cercetat de DIICOT, \u00eentr-un dosar deschis in 2014, \u0219i \u00een care este acuzat de evaziune fiscal\u0103 \u0219i sp\u0103lare de bani.<\/p>\n\n\n\n<h2 class=\"wp-block-heading\">Gabriela Firea, fost primar general | \u0218i datoare, \u0219i f\u0103r\u0103 un nou mandat<\/h2>\n\n\n\n<figure class=\"wp-block-image size-large\"><img loading=\"lazy\" decoding=\"async\" width=\"900\" height=\"599\" src=\"data:image\/gif;base64,R0lGODlhAQABAAAAACH5BAEKAAEALAAAAAABAAEAAAICTAEAOw==\" data-src=\"https:\/\/buletin.de\/bucuresti\/wp-content\/uploads\/firea-4-900x599.jpg\" alt=\"\" class=\"wp-image-11588 lazyload\" data-sizes=\"auto\" data-srcset=\"https:\/\/buletin.de\/bucuresti\/wp-content\/uploads\/firea-4-900x599.jpg 900w, https:\/\/buletin.de\/bucuresti\/wp-content\/uploads\/firea-4-300x200.jpg 300w, https:\/\/buletin.de\/bucuresti\/wp-content\/uploads\/firea-4-768x511.jpg 768w, https:\/\/buletin.de\/bucuresti\/wp-content\/uploads\/firea-4-1060x705.jpg 1060w, https:\/\/buletin.de\/bucuresti\/wp-content\/uploads\/firea-4-550x366.jpg 550w, https:\/\/buletin.de\/bucuresti\/wp-content\/uploads\/firea-4-752x500.jpg 752w, https:\/\/buletin.de\/bucuresti\/wp-content\/uploads\/firea-4-600x399.jpg 600w, https:\/\/buletin.de\/bucuresti\/wp-content\/uploads\/firea-4.jpg 1440w\" sizes=\"(max-width: 900px) 100vw, 900px\" \/><\/figure>\n\n\n\n<p>Nici Gabriela Firea nu este un om s\u0103rac, concureaz\u0103 la avu\u021bie cu Gabriel Mutu sau Robert Negoi\u021b\u0103. Cu toate acestea, cei 4 ani de mandat nu i-au fost prielnici din punct de vedere financiar. Analiza declara\u021biilor de avere de \u00eenceput \u0219i sf\u00e2r\u0219it de mandat demonstreaz\u0103 c\u0103 a pierdut bani, \u0219i a r\u0103mas \u0219i cu datorii.<\/p>\n\n\n\n<p>Familia Pandele avea, \u00een 2016, o cas\u0103 de 240 mp, 2300 mp de p\u0103dure, 3 terenuri intravilane \u0219i 6 hectare de teren extravilan. \u00cen conturi de\u021bineau 2000 de Euro, 2000 de USD \u0219i 8000 de lei. Aveau de recuperat din \u00eemprumuturi date unor ter\u021bi 86.000 de euro, \u0219i de pl\u0103tit un rest de credit de 44.000 euro.<\/p>\n\n\n\n<p>La \u00eencheierea mandatului, \u00een 2020, din averea familiei Pandele au disp\u0103rut terenurile forestiere, v\u0103ndute chiar anul trecut pentru 26.500 de euro \u0219i 70.900 de lei. Valuta din conturi a r\u0103mas acee\u0219i, \u00een schimb contul \u00een lei a crescut cu 40.000 de lei. Din banii da\u021bi \u00eemprumut c\u0103tre ter\u021bi mai au de recuperat \u00eenc\u0103 41.000 de euro.<\/p>\n\n\n\n<p>Ce a ap\u0103rut \u00een plus? O list\u0103 lung\u0103 de datorii, pe care Gabriela Firea le-a f\u0103cut pentru a pl\u0103ti contribu\u021bia electoral\u0103. \u00cen total &#8211; 584.700 de lei.<\/p>\n\n\n\n<figure class=\"wp-block-image size-large\"><img loading=\"lazy\" decoding=\"async\" width=\"900\" height=\"506\" src=\"data:image\/gif;base64,R0lGODlhAQABAAAAACH5BAEKAAEALAAAAAABAAEAAAICTAEAOw==\" data-src=\"https:\/\/buletin.de\/bucuresti\/wp-content\/uploads\/image-416-900x506.png\" alt=\"\" class=\"wp-image-17656 lazyload\" data-sizes=\"auto\" data-srcset=\"https:\/\/buletin.de\/bucuresti\/wp-content\/uploads\/image-416-900x506.png 900w, https:\/\/buletin.de\/bucuresti\/wp-content\/uploads\/image-416-300x169.png 300w, https:\/\/buletin.de\/bucuresti\/wp-content\/uploads\/image-416-768x432.png 768w, https:\/\/buletin.de\/bucuresti\/wp-content\/uploads\/image-416-1060x596.png 1060w, https:\/\/buletin.de\/bucuresti\/wp-content\/uploads\/image-416-550x309.png 550w, https:\/\/buletin.de\/bucuresti\/wp-content\/uploads\/image-416-889x500.png 889w, https:\/\/buletin.de\/bucuresti\/wp-content\/uploads\/image-416-600x337.png 600w, https:\/\/buletin.de\/bucuresti\/wp-content\/uploads\/image-416.png 1366w\" sizes=\"(max-width: 900px) 100vw, 900px\" \/><\/figure>\n\n\n\n<p><img loading=\"lazy\" decoding=\"async\" width=\"447\" height=\"116\" src=\"data:image\/gif;base64,R0lGODlhAQABAAAAACH5BAEKAAEALAAAAAABAAEAAAICTAEAOw==\" class=\"lazyload\" data-src=\"\">Interesant este c\u0103 Gabriela Firea a luat bani \u00eemprumut de la una dintre persoanele care, \u00een 2016, avea ea \u00eens\u0103\u0219i bani \u00eemprumuta\u021bi de la fostul edil. Este vorba de Ligia Gheorghe, fosta sa consilier\u0103, \u0219i fosta coleg\u0103 de trust la Antena 3. <\/p>\n\n\n\n<p><img loading=\"lazy\" decoding=\"async\" width=\"447\" height=\"116\" src=\"data:image\/gif;base64,R0lGODlhAQABAAAAACH5BAEKAAEALAAAAAABAAEAAAICTAEAOw==\" class=\"lazyload\" data-src=\"\">\u0218i nu numai. Mai exist\u0103 o leg\u0103tur\u0103 \u00eentre Gabriela Firea, Ligia Gheorghe \u0219i Lucia Salem, cea de la care fostul primar general a luat cea mai mare sum\u0103 \u00eemprumut. Toate trei au fost la un moment dat ac\u021bionare \u00een firma Tudor Imob Media SRL. Ligia Gheorghe si Lucia Salem au cedat \u00eens\u0103 toate p\u0103r\u021bile sociale, fiului Gabrielei Firea, din prima c\u0103s\u0103torie, Firea Tudor \u0218tefan, pe 2 decembrie 2020.<\/p>\n\n\n\n<p>\u0218i ar mai fi un singur lucru de remarcat. \u00cen ultimii 4 ani, Gabriela Firea nu a mai primit cadou \u0219i nici nu a mai achizi\u021bionat bijuterii, ceasuri sau alte obiecte de art\u0103. \u00cen declara\u021bia sa de final de mandat apar exact acelea\u0219i valori ca \u00een 2016.<\/p>\n\n\n\n<figure class=\"wp-block-image size-large\"><img loading=\"lazy\" decoding=\"async\" width=\"900\" height=\"506\" src=\"data:image\/gif;base64,R0lGODlhAQABAAAAACH5BAEKAAEALAAAAAABAAEAAAICTAEAOw==\" data-src=\"https:\/\/buletin.de\/bucuresti\/wp-content\/uploads\/image-417-900x506.png\" alt=\"\" class=\"wp-image-17660 lazyload\" data-sizes=\"auto\" data-srcset=\"https:\/\/buletin.de\/bucuresti\/wp-content\/uploads\/image-417-900x506.png 900w, https:\/\/buletin.de\/bucuresti\/wp-content\/uploads\/image-417-300x169.png 300w, https:\/\/buletin.de\/bucuresti\/wp-content\/uploads\/image-417-768x432.png 768w, https:\/\/buletin.de\/bucuresti\/wp-content\/uploads\/image-417-1060x596.png 1060w, https:\/\/buletin.de\/bucuresti\/wp-content\/uploads\/image-417-550x309.png 550w, https:\/\/buletin.de\/bucuresti\/wp-content\/uploads\/image-417-889x500.png 889w, https:\/\/buletin.de\/bucuresti\/wp-content\/uploads\/image-417-600x337.png 600w, https:\/\/buletin.de\/bucuresti\/wp-content\/uploads\/image-417.png 1366w\" sizes=\"(max-width: 900px) 100vw, 900px\" \/><\/figure>\n\n\n\n<p><\/p>\n\n\n\n<p>Sursa FOTO Facebook Gabriel Mutu<\/p>\n\n\n\n<p><\/p>\n\n\n\n<p><\/p>\n\n\n\n<p><\/p>\n\n\n\n<p><\/p>\n\n\n\n<p><\/p>\n\n\n\n<p><\/p>\n\n\n\n<p><\/p>\n","protected":false},"excerpt":{"rendered":"<p>Au petrecut cel pu\u021bin 4 ani \u00een fotoliile de edil, fie general, fie de sector, dar nu au mai reu\u0219it s\u0103-\u0219i conving\u0103 electoratul c\u0103 mai merit\u0103 un mandat. Dintre cei 6 primari de sector plus edilul general, doar Robert Negoi\u021b\u0103 \u0219i Daniel B\u0103lu\u021b\u0103 \u0219i-au p\u0103strat posturile. Ce au realizat financiar \u00een cei 4 ani de [&hellip;]<\/p>\n","protected":false},"author":18,"featured_media":17672,"comment_status":"closed","ping_status":"open","sticky":false,"template":"","format":"standard","meta":{"_acf_changed":false,"inline_featured_image":false,"ngg_post_thumbnail":0,"footnotes":""},"categories":[1],"tags":[],"ppma_author":[22579],"class_list":["post-17616","post","type-post","status-publish","format-standard","has-post-thumbnail","hentry","category-diverse"],"acf":[],"yoast_head":"<!-- This site is optimized with the Yoast SEO Premium plugin v25.3 (Yoast SEO v27.4) - https:\/\/yoast.com\/product\/yoast-seo-premium-wordpress\/ -->\n<title>Averile fo\u0219tilor primari, dup\u0103 mandat | Gabriela Firea, datoare 580.000 de lei - Buletin de Bucure\u0219ti<\/title>\n<meta name=\"robots\" content=\"index, follow, max-snippet:-1, max-image-preview:large, max-video-preview:-1\" \/>\n<link rel=\"canonical\" href=\"https:\/\/buletin.de\/bucuresti\/averile-fostilor-primari-dupa-mandat-gabriela-firea-datoare-580-000-de-lei\/\" \/>\n<meta property=\"og:locale\" content=\"en_GB\" \/>\n<meta property=\"og:type\" content=\"article\" \/>\n<meta property=\"og:title\" content=\"Averile fo\u0219tilor primari, dup\u0103 mandat | Gabriela Firea, datoare 580.000 de lei\" \/>\n<meta property=\"og:description\" content=\"Au petrecut cel pu\u021bin 4 ani \u00een fotoliile de edil, fie general, fie de sector, dar nu au mai reu\u0219it s\u0103-\u0219i conving\u0103 electoratul c\u0103 mai merit\u0103 un mandat. Dintre cei 6 primari de sector plus edilul general, doar Robert Negoi\u021b\u0103 \u0219i Daniel B\u0103lu\u021b\u0103 \u0219i-au p\u0103strat posturile. Ce au realizat financiar \u00een cei 4 ani de [&hellip;]\" \/>\n<meta property=\"og:url\" content=\"https:\/\/buletin.de\/bucuresti\/averile-fostilor-primari-dupa-mandat-gabriela-firea-datoare-580-000-de-lei\/\" \/>\n<meta property=\"og:site_name\" content=\"Buletin de Bucure\u0219ti\" \/>\n<meta property=\"article:publisher\" content=\"https:\/\/www.facebook.com\/buletin.de.buc\" \/>\n<meta property=\"article:published_time\" content=\"2021-01-05T15:58:10+00:00\" \/>\n<meta property=\"article:modified_time\" content=\"2021-01-12T12:04:53+00:00\" \/>\n<meta property=\"og:image\" content=\"https:\/\/buletin.de\/bucuresti\/wp-content\/uploads\/WhatsApp-Image-2021-01-05-at-17.02.35.jpeg\" \/>\n\t<meta property=\"og:image:width\" content=\"960\" \/>\n\t<meta property=\"og:image:height\" content=\"720\" \/>\n\t<meta property=\"og:image:type\" content=\"image\/jpeg\" \/>\n<meta name=\"author\" content=\"Teodora Stroe\" \/>\n<meta name=\"twitter:card\" content=\"summary_large_image\" \/>\n<meta name=\"twitter:label1\" content=\"Written by\" \/>\n\t<meta name=\"twitter:data1\" content=\"Teodora Stroe\" \/>\n\t<meta name=\"twitter:label2\" content=\"Estimated reading time\" \/>\n\t<meta name=\"twitter:data2\" content=\"7 minutes\" \/>\n<script type=\"application\/ld+json\" class=\"yoast-schema-graph\">{\"@context\":\"https:\\\/\\\/schema.org\",\"@graph\":[{\"@type\":\"Article\",\"@id\":\"https:\\\/\\\/buletin.de\\\/bucuresti\\\/averile-fostilor-primari-dupa-mandat-gabriela-firea-datoare-580-000-de-lei\\\/#article\",\"isPartOf\":{\"@id\":\"https:\\\/\\\/buletin.de\\\/bucuresti\\\/averile-fostilor-primari-dupa-mandat-gabriela-firea-datoare-580-000-de-lei\\\/\"},\"author\":{\"name\":\"Teodora Stroe\",\"@id\":\"https:\\\/\\\/buletin.de\\\/bucuresti\\\/#\\\/schema\\\/person\\\/d369d7ddc775abece205795e0b804614\"},\"headline\":\"Averile fo\u0219tilor primari, dup\u0103 mandat | Gabriela Firea, datoare 580.000 de lei\",\"datePublished\":\"2021-01-05T15:58:10+00:00\",\"dateModified\":\"2021-01-12T12:04:53+00:00\",\"mainEntityOfPage\":{\"@id\":\"https:\\\/\\\/buletin.de\\\/bucuresti\\\/averile-fostilor-primari-dupa-mandat-gabriela-firea-datoare-580-000-de-lei\\\/\"},\"wordCount\":1441,\"publisher\":{\"@id\":\"https:\\\/\\\/buletin.de\\\/bucuresti\\\/#organization\"},\"image\":{\"@id\":\"https:\\\/\\\/buletin.de\\\/bucuresti\\\/averile-fostilor-primari-dupa-mandat-gabriela-firea-datoare-580-000-de-lei\\\/#primaryimage\"},\"thumbnailUrl\":\"https:\\\/\\\/buletin.de\\\/bucuresti\\\/wp-content\\\/uploads\\\/WhatsApp-Image-2021-01-05-at-17.02.35.jpeg\",\"articleSection\":[\"Diverse\"],\"inLanguage\":\"en-GB\",\"copyrightYear\":\"2021\",\"copyrightHolder\":{\"@id\":\"https:\\\/\\\/buletin.de\\\/bucuresti\\\/#organization\"}},{\"@type\":\"WebPage\",\"@id\":\"https:\\\/\\\/buletin.de\\\/bucuresti\\\/averile-fostilor-primari-dupa-mandat-gabriela-firea-datoare-580-000-de-lei\\\/\",\"url\":\"https:\\\/\\\/buletin.de\\\/bucuresti\\\/averile-fostilor-primari-dupa-mandat-gabriela-firea-datoare-580-000-de-lei\\\/\",\"name\":\"Averile fo\u0219tilor primari, dup\u0103 mandat | Gabriela Firea, datoare 580.000 de lei - Buletin de Bucure\u0219ti\",\"isPartOf\":{\"@id\":\"https:\\\/\\\/buletin.de\\\/bucuresti\\\/#website\"},\"primaryImageOfPage\":{\"@id\":\"https:\\\/\\\/buletin.de\\\/bucuresti\\\/averile-fostilor-primari-dupa-mandat-gabriela-firea-datoare-580-000-de-lei\\\/#primaryimage\"},\"image\":{\"@id\":\"https:\\\/\\\/buletin.de\\\/bucuresti\\\/averile-fostilor-primari-dupa-mandat-gabriela-firea-datoare-580-000-de-lei\\\/#primaryimage\"},\"thumbnailUrl\":\"https:\\\/\\\/buletin.de\\\/bucuresti\\\/wp-content\\\/uploads\\\/WhatsApp-Image-2021-01-05-at-17.02.35.jpeg\",\"datePublished\":\"2021-01-05T15:58:10+00:00\",\"dateModified\":\"2021-01-12T12:04:53+00:00\",\"breadcrumb\":{\"@id\":\"https:\\\/\\\/buletin.de\\\/bucuresti\\\/averile-fostilor-primari-dupa-mandat-gabriela-firea-datoare-580-000-de-lei\\\/#breadcrumb\"},\"inLanguage\":\"en-GB\",\"potentialAction\":[{\"@type\":\"ReadAction\",\"target\":[\"https:\\\/\\\/buletin.de\\\/bucuresti\\\/averile-fostilor-primari-dupa-mandat-gabriela-firea-datoare-580-000-de-lei\\\/\"]}]},{\"@type\":\"ImageObject\",\"inLanguage\":\"en-GB\",\"@id\":\"https:\\\/\\\/buletin.de\\\/bucuresti\\\/averile-fostilor-primari-dupa-mandat-gabriela-firea-datoare-580-000-de-lei\\\/#primaryimage\",\"url\":\"https:\\\/\\\/buletin.de\\\/bucuresti\\\/wp-content\\\/uploads\\\/WhatsApp-Image-2021-01-05-at-17.02.35.jpeg\",\"contentUrl\":\"https:\\\/\\\/buletin.de\\\/bucuresti\\\/wp-content\\\/uploads\\\/WhatsApp-Image-2021-01-05-at-17.02.35.jpeg\",\"width\":960,\"height\":720},{\"@type\":\"BreadcrumbList\",\"@id\":\"https:\\\/\\\/buletin.de\\\/bucuresti\\\/averile-fostilor-primari-dupa-mandat-gabriela-firea-datoare-580-000-de-lei\\\/#breadcrumb\",\"itemListElement\":[{\"@type\":\"ListItem\",\"position\":1,\"name\":\"Acas\u0103\",\"item\":\"https:\\\/\\\/buletin.de\\\/bucuresti\\\/\"},{\"@type\":\"ListItem\",\"position\":2,\"name\":\"Averile fo\u0219tilor primari, dup\u0103 mandat | Gabriela Firea, datoare 580.000 de lei\"}]},{\"@type\":\"WebSite\",\"@id\":\"https:\\\/\\\/buletin.de\\\/bucuresti\\\/#website\",\"url\":\"https:\\\/\\\/buletin.de\\\/bucuresti\\\/\",\"name\":\"Buletin de Bucure\u0219ti\",\"description\":\"\u0218tiri \u0219i investiga\u021bii esen\u021biale din capital\u0103\",\"publisher\":{\"@id\":\"https:\\\/\\\/buletin.de\\\/bucuresti\\\/#organization\"},\"potentialAction\":[{\"@type\":\"SearchAction\",\"target\":{\"@type\":\"EntryPoint\",\"urlTemplate\":\"https:\\\/\\\/buletin.de\\\/bucuresti\\\/?s={search_term_string}\"},\"query-input\":{\"@type\":\"PropertyValueSpecification\",\"valueRequired\":true,\"valueName\":\"search_term_string\"}}],\"inLanguage\":\"en-GB\"},{\"@type\":\"Organization\",\"@id\":\"https:\\\/\\\/buletin.de\\\/bucuresti\\\/#organization\",\"name\":\"Buletin de Bucure\u0219ti\",\"url\":\"https:\\\/\\\/buletin.de\\\/bucuresti\\\/\",\"logo\":{\"@type\":\"ImageObject\",\"inLanguage\":\"en-GB\",\"@id\":\"https:\\\/\\\/buletin.de\\\/bucuresti\\\/#\\\/schema\\\/logo\\\/image\\\/\",\"url\":\"https:\\\/\\\/buletin.de\\\/bucuresti\\\/wp-content\\\/uploads\\\/logo-bdb-full-wide-vernil-transparent.png\",\"contentUrl\":\"https:\\\/\\\/buletin.de\\\/bucuresti\\\/wp-content\\\/uploads\\\/logo-bdb-full-wide-vernil-transparent.png\",\"width\":1782,\"height\":626,\"caption\":\"Buletin de Bucure\u0219ti\"},\"image\":{\"@id\":\"https:\\\/\\\/buletin.de\\\/bucuresti\\\/#\\\/schema\\\/logo\\\/image\\\/\"},\"sameAs\":[\"https:\\\/\\\/www.facebook.com\\\/buletin.de.buc\",\"https:\\\/\\\/www.instagram.com\\\/buletinde.bucuresti\\\/\"]},{\"@type\":\"Person\",\"@id\":\"https:\\\/\\\/buletin.de\\\/bucuresti\\\/#\\\/schema\\\/person\\\/d369d7ddc775abece205795e0b804614\",\"name\":\"Teodora Stroe\",\"image\":{\"@type\":\"ImageObject\",\"inLanguage\":\"en-GB\",\"@id\":\"https:\\\/\\\/secure.gravatar.com\\\/avatar\\\/2560b4cd9f5f1bc100b123158e657d75584bd1c3e1d9c69285720b9457c1b78d?s=96&d=monsterid&r=gc104800242ba5f2d78dd5d7dc4df08b6\",\"url\":\"https:\\\/\\\/secure.gravatar.com\\\/avatar\\\/2560b4cd9f5f1bc100b123158e657d75584bd1c3e1d9c69285720b9457c1b78d?s=96&d=monsterid&r=g\",\"contentUrl\":\"https:\\\/\\\/secure.gravatar.com\\\/avatar\\\/2560b4cd9f5f1bc100b123158e657d75584bd1c3e1d9c69285720b9457c1b78d?s=96&d=monsterid&r=g\",\"caption\":\"Teodora Stroe\"},\"url\":\"https:\\\/\\\/buletin.de\\\/bucuresti\\\/author\\\/simonacarlugea\\\/\"}]}<\/script>\n<!-- \/ Yoast SEO Premium plugin. -->","yoast_head_json":{"title":"Averile fo\u0219tilor primari, dup\u0103 mandat | Gabriela Firea, datoare 580.000 de lei - Buletin de Bucure\u0219ti","robots":{"index":"index","follow":"follow","max-snippet":"max-snippet:-1","max-image-preview":"max-image-preview:large","max-video-preview":"max-video-preview:-1"},"canonical":"https:\/\/buletin.de\/bucuresti\/averile-fostilor-primari-dupa-mandat-gabriela-firea-datoare-580-000-de-lei\/","og_locale":"en_GB","og_type":"article","og_title":"Averile fo\u0219tilor primari, dup\u0103 mandat | Gabriela Firea, datoare 580.000 de lei","og_description":"Au petrecut cel pu\u021bin 4 ani \u00een fotoliile de edil, fie general, fie de sector, dar nu au mai reu\u0219it s\u0103-\u0219i conving\u0103 electoratul c\u0103 mai merit\u0103 un mandat. Dintre cei 6 primari de sector plus edilul general, doar Robert Negoi\u021b\u0103 \u0219i Daniel B\u0103lu\u021b\u0103 \u0219i-au p\u0103strat posturile. Ce au realizat financiar \u00een cei 4 ani de [&hellip;]","og_url":"https:\/\/buletin.de\/bucuresti\/averile-fostilor-primari-dupa-mandat-gabriela-firea-datoare-580-000-de-lei\/","og_site_name":"Buletin de Bucure\u0219ti","article_publisher":"https:\/\/www.facebook.com\/buletin.de.buc","article_published_time":"2021-01-05T15:58:10+00:00","article_modified_time":"2021-01-12T12:04:53+00:00","og_image":[{"width":960,"height":720,"url":"https:\/\/buletin.de\/bucuresti\/wp-content\/uploads\/WhatsApp-Image-2021-01-05-at-17.02.35.jpeg","type":"image\/jpeg"}],"author":"Teodora Stroe","twitter_card":"summary_large_image","twitter_misc":{"Written by":"Teodora Stroe","Estimated reading time":"7 minutes"},"schema":{"@context":"https:\/\/schema.org","@graph":[{"@type":"Article","@id":"https:\/\/buletin.de\/bucuresti\/averile-fostilor-primari-dupa-mandat-gabriela-firea-datoare-580-000-de-lei\/#article","isPartOf":{"@id":"https:\/\/buletin.de\/bucuresti\/averile-fostilor-primari-dupa-mandat-gabriela-firea-datoare-580-000-de-lei\/"},"author":{"name":"Teodora Stroe","@id":"https:\/\/buletin.de\/bucuresti\/#\/schema\/person\/d369d7ddc775abece205795e0b804614"},"headline":"Averile fo\u0219tilor primari, dup\u0103 mandat | Gabriela Firea, datoare 580.000 de lei","datePublished":"2021-01-05T15:58:10+00:00","dateModified":"2021-01-12T12:04:53+00:00","mainEntityOfPage":{"@id":"https:\/\/buletin.de\/bucuresti\/averile-fostilor-primari-dupa-mandat-gabriela-firea-datoare-580-000-de-lei\/"},"wordCount":1441,"publisher":{"@id":"https:\/\/buletin.de\/bucuresti\/#organization"},"image":{"@id":"https:\/\/buletin.de\/bucuresti\/averile-fostilor-primari-dupa-mandat-gabriela-firea-datoare-580-000-de-lei\/#primaryimage"},"thumbnailUrl":"https:\/\/buletin.de\/bucuresti\/wp-content\/uploads\/WhatsApp-Image-2021-01-05-at-17.02.35.jpeg","articleSection":["Diverse"],"inLanguage":"en-GB","copyrightYear":"2021","copyrightHolder":{"@id":"https:\/\/buletin.de\/bucuresti\/#organization"}},{"@type":"WebPage","@id":"https:\/\/buletin.de\/bucuresti\/averile-fostilor-primari-dupa-mandat-gabriela-firea-datoare-580-000-de-lei\/","url":"https:\/\/buletin.de\/bucuresti\/averile-fostilor-primari-dupa-mandat-gabriela-firea-datoare-580-000-de-lei\/","name":"Averile fo\u0219tilor primari, dup\u0103 mandat | Gabriela Firea, datoare 580.000 de lei - Buletin de Bucure\u0219ti","isPartOf":{"@id":"https:\/\/buletin.de\/bucuresti\/#website"},"primaryImageOfPage":{"@id":"https:\/\/buletin.de\/bucuresti\/averile-fostilor-primari-dupa-mandat-gabriela-firea-datoare-580-000-de-lei\/#primaryimage"},"image":{"@id":"https:\/\/buletin.de\/bucuresti\/averile-fostilor-primari-dupa-mandat-gabriela-firea-datoare-580-000-de-lei\/#primaryimage"},"thumbnailUrl":"https:\/\/buletin.de\/bucuresti\/wp-content\/uploads\/WhatsApp-Image-2021-01-05-at-17.02.35.jpeg","datePublished":"2021-01-05T15:58:10+00:00","dateModified":"2021-01-12T12:04:53+00:00","breadcrumb":{"@id":"https:\/\/buletin.de\/bucuresti\/averile-fostilor-primari-dupa-mandat-gabriela-firea-datoare-580-000-de-lei\/#breadcrumb"},"inLanguage":"en-GB","potentialAction":[{"@type":"ReadAction","target":["https:\/\/buletin.de\/bucuresti\/averile-fostilor-primari-dupa-mandat-gabriela-firea-datoare-580-000-de-lei\/"]}]},{"@type":"ImageObject","inLanguage":"en-GB","@id":"https:\/\/buletin.de\/bucuresti\/averile-fostilor-primari-dupa-mandat-gabriela-firea-datoare-580-000-de-lei\/#primaryimage","url":"https:\/\/buletin.de\/bucuresti\/wp-content\/uploads\/WhatsApp-Image-2021-01-05-at-17.02.35.jpeg","contentUrl":"https:\/\/buletin.de\/bucuresti\/wp-content\/uploads\/WhatsApp-Image-2021-01-05-at-17.02.35.jpeg","width":960,"height":720},{"@type":"BreadcrumbList","@id":"https:\/\/buletin.de\/bucuresti\/averile-fostilor-primari-dupa-mandat-gabriela-firea-datoare-580-000-de-lei\/#breadcrumb","itemListElement":[{"@type":"ListItem","position":1,"name":"Acas\u0103","item":"https:\/\/buletin.de\/bucuresti\/"},{"@type":"ListItem","position":2,"name":"Averile fo\u0219tilor primari, dup\u0103 mandat | Gabriela Firea, datoare 580.000 de lei"}]},{"@type":"WebSite","@id":"https:\/\/buletin.de\/bucuresti\/#website","url":"https:\/\/buletin.de\/bucuresti\/","name":"Buletin de Bucure\u0219ti","description":"\u0218tiri \u0219i investiga\u021bii esen\u021biale din capital\u0103","publisher":{"@id":"https:\/\/buletin.de\/bucuresti\/#organization"},"potentialAction":[{"@type":"SearchAction","target":{"@type":"EntryPoint","urlTemplate":"https:\/\/buletin.de\/bucuresti\/?s={search_term_string}"},"query-input":{"@type":"PropertyValueSpecification","valueRequired":true,"valueName":"search_term_string"}}],"inLanguage":"en-GB"},{"@type":"Organization","@id":"https:\/\/buletin.de\/bucuresti\/#organization","name":"Buletin de Bucure\u0219ti","url":"https:\/\/buletin.de\/bucuresti\/","logo":{"@type":"ImageObject","inLanguage":"en-GB","@id":"https:\/\/buletin.de\/bucuresti\/#\/schema\/logo\/image\/","url":"https:\/\/buletin.de\/bucuresti\/wp-content\/uploads\/logo-bdb-full-wide-vernil-transparent.png","contentUrl":"https:\/\/buletin.de\/bucuresti\/wp-content\/uploads\/logo-bdb-full-wide-vernil-transparent.png","width":1782,"height":626,"caption":"Buletin de Bucure\u0219ti"},"image":{"@id":"https:\/\/buletin.de\/bucuresti\/#\/schema\/logo\/image\/"},"sameAs":["https:\/\/www.facebook.com\/buletin.de.buc","https:\/\/www.instagram.com\/buletinde.bucuresti\/"]},{"@type":"Person","@id":"https:\/\/buletin.de\/bucuresti\/#\/schema\/person\/d369d7ddc775abece205795e0b804614","name":"Teodora Stroe","image":{"@type":"ImageObject","inLanguage":"en-GB","@id":"https:\/\/secure.gravatar.com\/avatar\/2560b4cd9f5f1bc100b123158e657d75584bd1c3e1d9c69285720b9457c1b78d?s=96&d=monsterid&r=gc104800242ba5f2d78dd5d7dc4df08b6","url":"https:\/\/secure.gravatar.com\/avatar\/2560b4cd9f5f1bc100b123158e657d75584bd1c3e1d9c69285720b9457c1b78d?s=96&d=monsterid&r=g","contentUrl":"https:\/\/secure.gravatar.com\/avatar\/2560b4cd9f5f1bc100b123158e657d75584bd1c3e1d9c69285720b9457c1b78d?s=96&d=monsterid&r=g","caption":"Teodora Stroe"},"url":"https:\/\/buletin.de\/bucuresti\/author\/simonacarlugea\/"}]}},"authors":[{"term_id":22579,"user_id":18,"is_guest":0,"slug":"simonacarlugea","display_name":"Teodora Stroe","avatar_url":"https:\/\/secure.gravatar.com\/avatar\/2560b4cd9f5f1bc100b123158e657d75584bd1c3e1d9c69285720b9457c1b78d?s=96&d=monsterid&r=g","0":null,"1":"","2":"","3":"","4":"","5":"","6":"","7":"","8":""}],"_links":{"self":[{"href":"https:\/\/buletin.de\/bucuresti\/wp-json\/wp\/v2\/posts\/17616","targetHints":{"allow":["GET"]}}],"collection":[{"href":"https:\/\/buletin.de\/bucuresti\/wp-json\/wp\/v2\/posts"}],"about":[{"href":"https:\/\/buletin.de\/bucuresti\/wp-json\/wp\/v2\/types\/post"}],"author":[{"embeddable":true,"href":"https:\/\/buletin.de\/bucuresti\/wp-json\/wp\/v2\/users\/18"}],"replies":[{"embeddable":true,"href":"https:\/\/buletin.de\/bucuresti\/wp-json\/wp\/v2\/comments?post=17616"}],"version-history":[{"count":35,"href":"https:\/\/buletin.de\/bucuresti\/wp-json\/wp\/v2\/posts\/17616\/revisions"}],"predecessor-version":[{"id":17693,"href":"https:\/\/buletin.de\/bucuresti\/wp-json\/wp\/v2\/posts\/17616\/revisions\/17693"}],"wp:featuredmedia":[{"embeddable":true,"href":"https:\/\/buletin.de\/bucuresti\/wp-json\/wp\/v2\/media\/17672"}],"wp:attachment":[{"href":"https:\/\/buletin.de\/bucuresti\/wp-json\/wp\/v2\/media?parent=17616"}],"wp:term":[{"taxonomy":"category","embeddable":true,"href":"https:\/\/buletin.de\/bucuresti\/wp-json\/wp\/v2\/categories?post=17616"},{"taxonomy":"post_tag","embeddable":true,"href":"https:\/\/buletin.de\/bucuresti\/wp-json\/wp\/v2\/tags?post=17616"},{"taxonomy":"author","embeddable":true,"href":"https:\/\/buletin.de\/bucuresti\/wp-json\/wp\/v2\/ppma_author?post=17616"}],"curies":[{"name":"wp","href":"https:\/\/api.w.org\/{rel}","templated":true}]}}