{"id":17605,"date":"2021-01-04T19:09:44","date_gmt":"2021-01-04T17:09:44","guid":{"rendered":"https:\/\/buletin.de\/bucuresti\/?p=17605"},"modified":"2023-09-19T14:57:44","modified_gmt":"2023-09-19T12:57:44","slug":"institutiile-publice-din-sectorul-1-peste-3-milioane-de-lei-pe-avocati-in-ultimii-doi-ani-toate-au-departamente-juridice-interne","status":"publish","type":"post","link":"https:\/\/buletin.de\/bucuresti\/institutiile-publice-din-sectorul-1-peste-3-milioane-de-lei-pe-avocati-in-ultimii-doi-ani-toate-au-departamente-juridice-interne\/","title":{"rendered":"Institu\u021biile publice din sectorul 1, peste 3 milioane de lei pe avoca\u021bi \u00een ultimii doi ani. Toate au departamente juridice interne"},"content":{"rendered":"\n<p><\/p>\n\n\n\n<p><strong>250 lei\/or\u0103 a fost, \u00een medie, onorariul pl\u0103tit de institu\u021biile subordonate Prim\u0103riei Sectorului 1 pentru servicii juridice, \u00een ultimii doi ani. Dintr-un total de zece institu\u021bii, \u0219ase au apelat la avoca\u021bi din exterior \u0219i au cheltuit, \u00een ultimii doi ani, trei milioane de lei. Toate au angaja\u021bi \u00een departamentul juridic intern care primesc, la r\u00e2ndul lor, salarii. Cei mai mul\u021bi bani au fost cheltui\u021bi de Poli\u021bia Sectorului 1 &#8211; aproximativ 2.2 milioane de lei.<\/strong><\/p>\n\n\n\n<p><\/p>\n\n\n\n<h2 class=\"wp-block-heading\">Administra\u021bia Domeniului Public Sector 1 (ADP)<\/h2>\n\n\n\n<p>\u00cen 2019, ADP a \u00eencheiat 24 de contracte pentru servicii juridice externalizate. Peste jum\u0103tate dintre ele au fost semnate cu Mihai Dr\u0103gan, avocatul care a fost al\u0103turi de fostul primar Dan Tudorache \u00een timpul <a href=\"https:\/\/buletin.de\/bucuresti\/avocatul-care-l-a-declarat-ieri-castigator-pe-dan-tudorache-are-un-contract-incheiat-cu-politia-locala-sector-1-pe-4-ani\/\">scandalului proceselor verbale \u00eencheiate dup\u0103 num\u0103r\u0103toarea voturilor<\/a> de la alegerile locale din septembrie. Nu am reu\u0219it s\u0103 afl\u0103m c\u00e2\u021bi bani a primit \u00een total din bugetul Sectorului 1. \u0218tim, \u00eens\u0103, c\u0103 onorariul solicitat a fost de 250 lei\/or\u0103. &nbsp;<\/p>\n\n\n\n<p>Tot 250 lei pe or\u0103 a cerut \u0219i B\u0103dr\u0103gan \u0219i Asocia\u021bii, cu care ADP a \u00eencheiat \u0219ase contracte. Dumitru B\u0103dr\u0103gan a candidat \u00een 2019 la Parlamentul European. Conform declara\u021biei de interese, el era pre\u0219edintele Demos Constan\u021ba \u0219i a de\u021binut \u0219i func\u021bia de vicepre\u0219edinte al Partidului Rom\u00e2nia Unit\u0103, un partid politic de dreapta \u00eenfiin\u021bat de fo\u0219ti membri ai Partidului Rom\u00e2nia Mare \u0219i PSD.<\/p>\n\n\n\n<p>Administra\u021bia Domeniului Public Sector 1 are, \u00een departamentul juridic, \u0219apte angaja\u021bi \u0219i un \u0219ef de serviciu, conform organigramei. Acest lucru nu a \u00eempiedicat conducerea ADP s\u0103 \u00eei pl\u0103teasc\u0103 avocatei Ramona Aldea 150.000 lei pentru o perioad\u0103 de cinci luni. Cabinetul a instrumentat un num\u0103r de 30 de dosare, \u00een diferite stadii procesuale, \u00eens\u0103 nu a reu\u0219it s\u0103 le duc\u0103 la cap\u0103t deoarece contractul a ajuns la termen. Prin urmare, aceste dosare au fost finalizate de c\u0103tre consilierii juridici ai ADP Sector 1.<\/p>\n\n\n\n<p>Pentru cei 150.000 lei, avocata a prestat servicii de consultan\u021b\u0103 \u00een materie civil\u0103, penal\u0103, execut\u0103ri silite, contencios administrativ, dreptul muncii, dreptul comercial, opinii legale raportate la spe\u021ba achizitorului (ADP), precum \u0219i asisten\u021b\u0103 \u0219i reprezentare juridic\u0103 \u00een fa\u021ba instan\u021belor judec\u0103tore\u0219ti, organelor penale \u0219i oric\u0103ror institu\u021bii de stat. Am \u00eencercat s\u0103 afl\u0103m dac\u0103 au fost recuperate sumele reprezent\u00e2nd cheltuieli de judecat\u0103, \u00eens\u0103 nu am reu\u0219it.<\/p>\n\n\n\n<blockquote class=\"wp-block-quote is-layout-flow wp-block-quote-is-layout-flow\"><p>\u201e\u00cen ceea ce prive\u0219te recuperarea sumelor, \u00een conformitate cu legisla\u021bia \u00een vigoare, \u00een cazul contractului de asisten\u021b\u0103 juridic\u0103, prestatorul nu este \u021binut de rezultat, ci doar de a presta \u0219i \u00eendeplini cu profesionalism, corectitudine \u0219i a depune toat\u0103 diligen\u021ba pentru a ap\u0103ra interesele achizitorului.\u201d<\/p><cite>Prim\u0103ria Sector 1<\/cite><\/blockquote>\n\n\n\n<h2 class=\"wp-block-heading\">Administra\u021bia Pie\u021belor Sector 1<\/h2>\n\n\n\n<p>Pe l\u00e2ng\u0103 cei 150 mii lei pe care i-a primit de la ADP, Cabinetul de Avocatur\u0103 Ramona Aldea a \u00eencheiat cu Administra\u021bia Pie\u021belor Sector 1 (APS1) contracte de aproape 270 mii de lei, \u00een ultimii doi ani. \u00cen 2019, a c\u00e2\u0219tigat lunar 14 mii de lei, de\u0219i APS1 are propriul serviciu juridic.<\/p>\n\n\n\n<p>\u00cen plin\u0103 pandemie, \u00een aprilie, Ramona Aldea a decis s\u0103-\u0219i creasc\u0103 onorariul cu 800 de lei, ajung\u00e2nd astfel la 14.800 lei\/lun\u0103. Pre\u021bul care apare pe SEAP, \u00een schimb, este diferit de cel care ne-a fost comunicat de Prim\u0103ria Sectorului 1 \u2013 15 mii de lei\/lun\u0103. Conform platformei de licita\u021bii publice, responsabilit\u0103\u021bile Ramonei Aldea au fost:<\/p>\n\n\n\n<ul class=\"wp-block-list\"><li> reprezentare juridic\u0103 \u00een fata instan\u021belor de judecat\u0103;<\/li><\/ul>\n\n\n\n<ul class=\"wp-block-list\"><li> redactare acte\/ cereri\/ adrese\/ acte procedurale;<\/li><\/ul>\n\n\n\n<ul class=\"wp-block-list\"><li> redactarea \u015fi\/sau adaptarea diverselor contracte specifice domeniului de activitate;<\/li><\/ul>\n\n\n\n<ul class=\"wp-block-list\"><li> negociere \u015fi redactare de contracte ori diverse tranzac\u0163ii.<\/li><\/ul>\n\n\n\n<p>Cabinetul de avocatur\u0103 nu este la prima colaborare cu institu\u021biile publice. \u00cen 2018, a c\u00e2\u0219tigat, de la Prim\u0103ria Comunei Afuma\u021bi, aproape o sut\u0103 de mii de lei pentru servicii de consultan\u021b\u0103 \u00een dezvoltarea, aplicarea \u0219i implementarea noului cadru aplicabil datelor personale GDPR. Anul urm\u0103tor, a mai luat \u00eenc\u0103 84 de mii de lei pentru acela\u0219i lucru.<\/p>\n\n\n\n<p>Totodat\u0103, Ramona Aldea a reprezentat \u0219i un func\u021bionar public afla\u021bi \u00een func\u021bie de conducere \u00een sectorul 4. Acesta este Marian Goleac, fostul \u0219ef al Administra\u021biei Domeniului Public Sector 4, <a href=\"https:\/\/buletin.de\/bucuresti\/dna-seful-adp-sector-4-marian-goleac-a-primit-ilegal-salarii-de-17-milioane-de-lei-cu-o-diploma-falsa\/\">acuzat de DNA c\u0103 a ob\u021binut, \u00een mod fraudulos,<\/a> venituri \u00een valoare de peste 1,7 milioane de lei de la societatea de\u021binut\u0103 de Consiliul Local al Sectorului 4. Este suma salariilor \u0219i sporurilor primite de-a lungul celor zece ani \u00een care a ocupat func\u021bii de conducere \u00een cadrul companiei, \u00een baza diplomei false de bacalaureat.<\/p>\n\n\n\n<h2 class=\"wp-block-heading\">Administra\u021bia Unit\u0103\u021bilor de \u00cenv\u0103\u021b\u0103m\u00e2nt \u0219i a Unit\u0103\u021bilor Sanitare Publice Sector 1 (AUIPUSP)<\/h2>\n\n\n\n<p>\u00cen ultimii doi ani, AUIPUSP a \u00eencheiat opt contracte pentru servicii juridice care, adunate, dep\u0103\u0219esc 250 mii de lei. \u0218ase dintre acestea au fost semnate \u00eentr-o singur\u0103 zi, 29 iulie 2019, toate cu Societatea Civil\u0103 de Avocatur\u0103 Nicolescu, Zorin \u0219i Asocia\u021bii. Onorariul orar difer\u0103 de la contract la contract: 235 lei, 240 lei sau 300 de lei.<\/p>\n\n\n\n<p>Conform unei <a href=\"https:\/\/www.gsp.ro\/fotbal\/liga-4\/avocatul-si-partenerul-lui-sebastian-ghita-conduce-rapidul-nu-apare-in-acte-dar-trage-sforile-la-club-impreuna-cu-primarul-un-general-de-securitate-printre-fondatori-520695.html\">anchete publicat\u0103 de Gazeta Sporturilor<\/a> \u00een 2017, Andrei Nicolescu a fost avocatul fostului deputat Sebastian Ghi\u021b\u0103, cercetat penal \u00een mai multe dosare, \u0219i partener cu fratele acestuia \u00eentr-un off-shore din Panama. Acea\u0219i investiga\u021bie sus\u021bine c\u0103 Andrei Nicolescu avea o rela\u021bie str\u00e2ns\u0103 cu Dan Tudorache, primarul sectorului 1 de la vremea respectiv\u0103.<\/p>\n\n\n\n<p>Pe l\u00e2ng\u0103 cele \u0219ase contracte, Administra\u021bia Unit\u0103\u021bilor de \u00cenv\u0103\u021b\u0103m\u00e2nt a fost reprezentat\u0103 \u0219i de Societatea Profesional\u0103 cu R\u0103spundere Limitat\u0103 Mocanu \u0219i Asocia\u021bii, pentru suma de 27.500 lei, 275 lei\/or\u0103 \u0219i de Cabinetul de Avocatur\u0103 Hamunga Cristina Elena, pentru 26.400 lei, 240 lei\/or\u0103. \u00cen 2016, <a href=\"https:\/\/www.romaniacurata.ro\/top-25-mari-firme-de-avocatura-indestulate-din-bani-publici-si-cum-a-incercat-primaria-lui-oprescu-sa-ascunda-cui-a-dat-zeci-de-milioane-pentru-consultanta-juridica\/\">romaniacurata.ro<\/a> clasa Mocanu \u0219i Asocia\u021bii pe locul 1 \u00een topul firmelor de avoca\u021bi abonate la contracte publice. La vremea respectiv\u0103 c\u00e2\u0219tigase deja peste 16 milioane de lei din banii statului.<\/p>\n\n\n\n<h2 class=\"wp-block-heading\">Compania de Investi\u021bii \u0219i Dezvoltare \u00een S\u0103n\u0103tate \u0219i Domenii de Interes Public \u2013 Privat Sector 1 S.A<\/h2>\n\n\n\n<p>Nicolescu, Zorin \u0219i Asocia\u021bii au ob\u021binut contracte \u0219i cu Compania de Investi\u021bii \u0219i Dezvoltare \u00een S\u0103n\u0103tate Sector 1, \u00eens\u0103 la sume considerabil mai mici fa\u021b\u0103 de AUIPUSP: 10.500 RON. Unul dintre contracte a fost \u00eencheiat pentru asisten\u021b\u0103 juridic\u0103 \u0219i reprezentare \u00een instan\u021b\u0103, altul pentru depunerea documentelor privitoare la \u00eenregistrarea major\u0103rii capitalului social, modificarea structurii Consiliului de Administra\u021bie \u0219i constituirea unui sediu secundar, iar al treilea pentru \u00eenregistrarea \u00een Registrul Comer\u021bului a unui nou obiect de activitate.<\/p>\n\n\n\n<p>\u00cen plus, \u00een septembrie Cabinetul Individual de Avocat Gheorghi\u021b\u0103 Claudia a primit 4.500 de lei de la Compania de Investi\u021bii pentru \u201e<em>consultan\u021b\u0103 juridic\u0103, \u00eentocmire acte, \u00eenregistrare majorare capital, reprezentare \u00een fa\u021ba Oficiului Registrului Comer\u021bului Bucure\u0219ti<\/em>\u201d.<\/p>\n\n\n\n<h2 class=\"wp-block-heading\">Poli\u021bia Local\u0103 Sector 1<\/h2>\n\n\n\n<p>\u00cen ultimii doi ani, Poli\u021bia Local\u0103 Sector 1 a \u00eencheiat un singur acord cadru pentru servicii juridice cu Cabinetul Mihai Dr\u0103gan \u0219i Nicolescu, Zorin \u0219i Asocia\u021bii, valabil patru ani. De\u0219i are departament juridic, PLS1 a pl\u0103tit aproape 2.2 milioane de lei pe avoca\u021bi, cel mai mult dintre toate institu\u021biile subordonate Prim\u0103riei Sectorului 1.<\/p>\n\n\n\n<p>Buletin de Bucure\u0219ti a ar\u0103tat \u00een decembrie cum <a href=\"https:\/\/buletin.de\/bucuresti\/politia-locala-sector-1-a-dat-peste-2-milioane-de-lei-pe-avocati-in-ultimii-doi-ani-si-850-de-mii-de-lei-pe-salariile-angajatilor-din-departamentul-juridic\/\">procedurile de achizi\u021bie au avut loc \u00een privat<\/a>, f\u0103r\u0103 transparen\u021b\u0103. \u00cen ciuda cererilor noastre repetate, Poli\u021bia Local\u0103 se ascunde \u00een spatele clauzei de confiden\u021bialitate \u0219i refuz\u0103 s\u0103 ne pun\u0103 la dispozi\u021bie mai multe informa\u021bii pe motiv c\u0103 avoca\u021bii \u0219i-au exprimat dezacordul.<\/p>\n\n\n\n<blockquote class=\"wp-block-quote is-layout-flow wp-block-quote-is-layout-flow\"><p>\u201eContractele de prest\u0103ri servicii juridice se afl\u0103 sub clauz\u0103 de confiden\u021bialitate, ceea ce \u00eenseamn\u0103 c\u0103 nicio parte nu poate face cunoscut con\u021binutul contractului f\u0103r\u0103 acordul celeilalte p\u0103r\u021bi.\u201d <\/p><cite>Poli\u021bia Local\u0103 Sector 1<\/cite><\/blockquote>\n\n\n\n<h2 class=\"wp-block-heading\">Centrul Cultural Sector 1<\/h2>\n\n\n\n<p>Centrul Cultural Sector 1 ne-a transmis c\u0103 \u00een ultimii doi ani a \u00eencheiat dou\u0103 contracte de asisten\u021b\u0103 juridic\u0103. Unul dintre ele \u00eensumeaz\u0103 11.550 lei \u0219i a fost semnat cu avocatul Gune Valentin Alexandru, iar cel\u0103lalt, \u00een valoare de aproape 35 mii de lei, cu Moise \u0219i Iacob.<\/p>\n\n\n\n<p><\/p>\n\n\n\n<p>Complexul Multifunc\u021bional Caraiman, Direc\u021bia de Utilit\u0103\u021bi Publice Salubrizare \u0219i Protec\u021bia Mediului Sector 1, Direc\u021bia General\u0103 de Impozite \u0219i Taxe Locale \u0219i Direc\u021bia General\u0103 de Asisten\u021b\u0103 Social\u0103 \u0219i Protec\u021bia Copilului ne-au comunicat c\u0103 \u00een ultimii doi ani nu au externalizat niciun serviciu juridic. La fel este \u0219i cazul Prim\u0103riei Sectorului 1.<\/p>\n\n\n\n<p><\/p>\n\n\n\n<p>Surs\u0103 cover: <a href=\"https:\/\/unsplash.com\/@sctgrhm?utm_source=unsplash&amp;utm_medium=referral&amp;utm_content=creditCopyText\">Scott Graham<\/a> on <a href=\"https:\/\/unsplash.com\/?utm_source=unsplash&amp;utm_medium=referral&amp;utm_content=creditCopyText\">Unsplash<\/a><\/p>\n","protected":false},"excerpt":{"rendered":"<p>250 lei\/or\u0103 a fost, \u00een medie, onorariul pl\u0103tit de institu\u021biile subordonate Prim\u0103riei Sectorului 1 pentru servicii juridice, \u00een ultimii doi ani. Dintr-un total de zece institu\u021bii, \u0219ase au apelat la avoca\u021bi din exterior \u0219i au cheltuit, \u00een ultimii doi ani, trei milioane de lei. Toate au angaja\u021bi \u00een departamentul juridic intern care primesc, la r\u00e2ndul [&hellip;]<\/p>\n","protected":false},"author":6,"featured_media":17607,"comment_status":"closed","ping_status":"open","sticky":false,"template":"","format":"standard","meta":{"_acf_changed":false,"inline_featured_image":false,"ngg_post_thumbnail":0,"footnotes":""},"categories":[6213,24,62],"tags":[1929,309,308,1930],"ppma_author":[22588],"class_list":["post-17605","post","type-post","status-publish","format-standard","has-post-thumbnail","hentry","category-investigatii","category-primarie","category-stiri","tag-avocati","tag-primaria-sector-1","tag-sector-1","tag-servicii-juridice"],"acf":[],"yoast_head":"<!-- This site is optimized with the Yoast SEO Premium plugin v25.3 (Yoast SEO v27.5) - https:\/\/yoast.com\/product\/yoast-seo-premium-wordpress\/ -->\n<title>Institu\u021biile publice din sectorul 1, peste 3 milioane de lei pe avoca\u021bi \u00een ultimii doi ani. Toate au departamente juridice interne - Buletin de Bucure\u0219ti<\/title>\n<meta name=\"robots\" content=\"index, follow, max-snippet:-1, max-image-preview:large, max-video-preview:-1\" \/>\n<link rel=\"canonical\" href=\"https:\/\/buletin.de\/bucuresti\/institutiile-publice-din-sectorul-1-peste-3-milioane-de-lei-pe-avocati-in-ultimii-doi-ani-toate-au-departamente-juridice-interne\/\" \/>\n<meta property=\"og:locale\" content=\"en_GB\" \/>\n<meta property=\"og:type\" content=\"article\" \/>\n<meta property=\"og:title\" content=\"Institu\u021biile publice din sectorul 1, peste 3 milioane de lei pe avoca\u021bi \u00een ultimii doi ani. Toate au departamente juridice interne\" \/>\n<meta property=\"og:description\" content=\"250 lei\/or\u0103 a fost, \u00een medie, onorariul pl\u0103tit de institu\u021biile subordonate Prim\u0103riei Sectorului 1 pentru servicii juridice, \u00een ultimii doi ani. Dintr-un total de zece institu\u021bii, \u0219ase au apelat la avoca\u021bi din exterior \u0219i au cheltuit, \u00een ultimii doi ani, trei milioane de lei. Toate au angaja\u021bi \u00een departamentul juridic intern care primesc, la r\u00e2ndul [&hellip;]\" \/>\n<meta property=\"og:url\" content=\"https:\/\/buletin.de\/bucuresti\/institutiile-publice-din-sectorul-1-peste-3-milioane-de-lei-pe-avocati-in-ultimii-doi-ani-toate-au-departamente-juridice-interne\/\" \/>\n<meta property=\"og:site_name\" content=\"Buletin de Bucure\u0219ti\" \/>\n<meta property=\"article:publisher\" content=\"https:\/\/www.facebook.com\/buletin.de.buc\" \/>\n<meta property=\"article:published_time\" content=\"2021-01-04T17:09:44+00:00\" \/>\n<meta property=\"article:modified_time\" content=\"2023-09-19T12:57:44+00:00\" \/>\n<meta property=\"og:image\" content=\"https:\/\/buletin.de\/bucuresti\/wp-content\/uploads\/scott-graham-5fNmWej4tAA-unsplash-2-scaled.jpg\" \/>\n\t<meta property=\"og:image:width\" content=\"2560\" \/>\n\t<meta property=\"og:image:height\" content=\"1709\" \/>\n\t<meta property=\"og:image:type\" content=\"image\/jpeg\" \/>\n<meta name=\"author\" content=\"Bianca Albu\" \/>\n<meta name=\"twitter:card\" content=\"summary_large_image\" \/>\n<meta name=\"twitter:label1\" content=\"Written by\" \/>\n\t<meta name=\"twitter:data1\" content=\"Bianca Albu\" \/>\n\t<meta name=\"twitter:label2\" content=\"Estimated reading time\" \/>\n\t<meta name=\"twitter:data2\" content=\"7 minutes\" \/>\n<script type=\"application\/ld+json\" class=\"yoast-schema-graph\">{\"@context\":\"https:\\\/\\\/schema.org\",\"@graph\":[{\"@type\":\"Article\",\"@id\":\"https:\\\/\\\/buletin.de\\\/bucuresti\\\/institutiile-publice-din-sectorul-1-peste-3-milioane-de-lei-pe-avocati-in-ultimii-doi-ani-toate-au-departamente-juridice-interne\\\/#article\",\"isPartOf\":{\"@id\":\"https:\\\/\\\/buletin.de\\\/bucuresti\\\/institutiile-publice-din-sectorul-1-peste-3-milioane-de-lei-pe-avocati-in-ultimii-doi-ani-toate-au-departamente-juridice-interne\\\/\"},\"author\":{\"name\":\"Bianca Albu\",\"@id\":\"https:\\\/\\\/buletin.de\\\/bucuresti\\\/#\\\/schema\\\/person\\\/295dc2228d2dc79294d636619468dc7f\"},\"headline\":\"Institu\u021biile publice din sectorul 1, peste 3 milioane de lei pe avoca\u021bi \u00een ultimii doi ani. Toate au departamente juridice interne\",\"datePublished\":\"2021-01-04T17:09:44+00:00\",\"dateModified\":\"2023-09-19T12:57:44+00:00\",\"mainEntityOfPage\":{\"@id\":\"https:\\\/\\\/buletin.de\\\/bucuresti\\\/institutiile-publice-din-sectorul-1-peste-3-milioane-de-lei-pe-avocati-in-ultimii-doi-ani-toate-au-departamente-juridice-interne\\\/\"},\"wordCount\":1377,\"publisher\":{\"@id\":\"https:\\\/\\\/buletin.de\\\/bucuresti\\\/#organization\"},\"image\":{\"@id\":\"https:\\\/\\\/buletin.de\\\/bucuresti\\\/institutiile-publice-din-sectorul-1-peste-3-milioane-de-lei-pe-avocati-in-ultimii-doi-ani-toate-au-departamente-juridice-interne\\\/#primaryimage\"},\"thumbnailUrl\":\"https:\\\/\\\/buletin.de\\\/bucuresti\\\/wp-content\\\/uploads\\\/scott-graham-5fNmWej4tAA-unsplash-2-scaled.jpg\",\"keywords\":[\"avocati\",\"primaria sector 1\",\"Sector 1\",\"servicii juridice\"],\"articleSection\":[\"Investiga\u021bii\",\"Prim\u0103rie\",\"\u0218tiri\"],\"inLanguage\":\"en-GB\",\"copyrightYear\":\"2021\",\"copyrightHolder\":{\"@id\":\"https:\\\/\\\/buletin.de\\\/bucuresti\\\/#organization\"}},{\"@type\":\"WebPage\",\"@id\":\"https:\\\/\\\/buletin.de\\\/bucuresti\\\/institutiile-publice-din-sectorul-1-peste-3-milioane-de-lei-pe-avocati-in-ultimii-doi-ani-toate-au-departamente-juridice-interne\\\/\",\"url\":\"https:\\\/\\\/buletin.de\\\/bucuresti\\\/institutiile-publice-din-sectorul-1-peste-3-milioane-de-lei-pe-avocati-in-ultimii-doi-ani-toate-au-departamente-juridice-interne\\\/\",\"name\":\"Institu\u021biile publice din sectorul 1, peste 3 milioane de lei pe avoca\u021bi \u00een ultimii doi ani. Toate au departamente juridice interne - Buletin de Bucure\u0219ti\",\"isPartOf\":{\"@id\":\"https:\\\/\\\/buletin.de\\\/bucuresti\\\/#website\"},\"primaryImageOfPage\":{\"@id\":\"https:\\\/\\\/buletin.de\\\/bucuresti\\\/institutiile-publice-din-sectorul-1-peste-3-milioane-de-lei-pe-avocati-in-ultimii-doi-ani-toate-au-departamente-juridice-interne\\\/#primaryimage\"},\"image\":{\"@id\":\"https:\\\/\\\/buletin.de\\\/bucuresti\\\/institutiile-publice-din-sectorul-1-peste-3-milioane-de-lei-pe-avocati-in-ultimii-doi-ani-toate-au-departamente-juridice-interne\\\/#primaryimage\"},\"thumbnailUrl\":\"https:\\\/\\\/buletin.de\\\/bucuresti\\\/wp-content\\\/uploads\\\/scott-graham-5fNmWej4tAA-unsplash-2-scaled.jpg\",\"datePublished\":\"2021-01-04T17:09:44+00:00\",\"dateModified\":\"2023-09-19T12:57:44+00:00\",\"breadcrumb\":{\"@id\":\"https:\\\/\\\/buletin.de\\\/bucuresti\\\/institutiile-publice-din-sectorul-1-peste-3-milioane-de-lei-pe-avocati-in-ultimii-doi-ani-toate-au-departamente-juridice-interne\\\/#breadcrumb\"},\"inLanguage\":\"en-GB\",\"potentialAction\":[{\"@type\":\"ReadAction\",\"target\":[\"https:\\\/\\\/buletin.de\\\/bucuresti\\\/institutiile-publice-din-sectorul-1-peste-3-milioane-de-lei-pe-avocati-in-ultimii-doi-ani-toate-au-departamente-juridice-interne\\\/\"]}]},{\"@type\":\"ImageObject\",\"inLanguage\":\"en-GB\",\"@id\":\"https:\\\/\\\/buletin.de\\\/bucuresti\\\/institutiile-publice-din-sectorul-1-peste-3-milioane-de-lei-pe-avocati-in-ultimii-doi-ani-toate-au-departamente-juridice-interne\\\/#primaryimage\",\"url\":\"https:\\\/\\\/buletin.de\\\/bucuresti\\\/wp-content\\\/uploads\\\/scott-graham-5fNmWej4tAA-unsplash-2-scaled.jpg\",\"contentUrl\":\"https:\\\/\\\/buletin.de\\\/bucuresti\\\/wp-content\\\/uploads\\\/scott-graham-5fNmWej4tAA-unsplash-2-scaled.jpg\",\"width\":2560,\"height\":1709},{\"@type\":\"BreadcrumbList\",\"@id\":\"https:\\\/\\\/buletin.de\\\/bucuresti\\\/institutiile-publice-din-sectorul-1-peste-3-milioane-de-lei-pe-avocati-in-ultimii-doi-ani-toate-au-departamente-juridice-interne\\\/#breadcrumb\",\"itemListElement\":[{\"@type\":\"ListItem\",\"position\":1,\"name\":\"Acas\u0103\",\"item\":\"https:\\\/\\\/buletin.de\\\/bucuresti\\\/\"},{\"@type\":\"ListItem\",\"position\":2,\"name\":\"Institu\u021biile publice din sectorul 1, peste 3 milioane de lei pe avoca\u021bi \u00een ultimii doi ani. Toate au departamente juridice interne\"}]},{\"@type\":\"WebSite\",\"@id\":\"https:\\\/\\\/buletin.de\\\/bucuresti\\\/#website\",\"url\":\"https:\\\/\\\/buletin.de\\\/bucuresti\\\/\",\"name\":\"Buletin de Bucure\u0219ti\",\"description\":\"\u0218tiri \u0219i investiga\u021bii esen\u021biale din capital\u0103\",\"publisher\":{\"@id\":\"https:\\\/\\\/buletin.de\\\/bucuresti\\\/#organization\"},\"potentialAction\":[{\"@type\":\"SearchAction\",\"target\":{\"@type\":\"EntryPoint\",\"urlTemplate\":\"https:\\\/\\\/buletin.de\\\/bucuresti\\\/?s={search_term_string}\"},\"query-input\":{\"@type\":\"PropertyValueSpecification\",\"valueRequired\":true,\"valueName\":\"search_term_string\"}}],\"inLanguage\":\"en-GB\"},{\"@type\":\"Organization\",\"@id\":\"https:\\\/\\\/buletin.de\\\/bucuresti\\\/#organization\",\"name\":\"Buletin de Bucure\u0219ti\",\"url\":\"https:\\\/\\\/buletin.de\\\/bucuresti\\\/\",\"logo\":{\"@type\":\"ImageObject\",\"inLanguage\":\"en-GB\",\"@id\":\"https:\\\/\\\/buletin.de\\\/bucuresti\\\/#\\\/schema\\\/logo\\\/image\\\/\",\"url\":\"https:\\\/\\\/buletin.de\\\/bucuresti\\\/wp-content\\\/uploads\\\/logo-bdb-full-wide-vernil-transparent.png\",\"contentUrl\":\"https:\\\/\\\/buletin.de\\\/bucuresti\\\/wp-content\\\/uploads\\\/logo-bdb-full-wide-vernil-transparent.png\",\"width\":1782,\"height\":626,\"caption\":\"Buletin de Bucure\u0219ti\"},\"image\":{\"@id\":\"https:\\\/\\\/buletin.de\\\/bucuresti\\\/#\\\/schema\\\/logo\\\/image\\\/\"},\"sameAs\":[\"https:\\\/\\\/www.facebook.com\\\/buletin.de.buc\",\"https:\\\/\\\/www.instagram.com\\\/buletinde.bucuresti\\\/\"]},{\"@type\":\"Person\",\"@id\":\"https:\\\/\\\/buletin.de\\\/bucuresti\\\/#\\\/schema\\\/person\\\/295dc2228d2dc79294d636619468dc7f\",\"name\":\"Bianca Albu\",\"image\":{\"@type\":\"ImageObject\",\"inLanguage\":\"en-GB\",\"@id\":\"https:\\\/\\\/secure.gravatar.com\\\/avatar\\\/3df2e34e20f529e6fd7be4311ee1f7c4ec4aa886971590baf6fa214b15743516?s=96&d=monsterid&r=gf541c715eeec409ce8101252a3c0d8a7\",\"url\":\"https:\\\/\\\/secure.gravatar.com\\\/avatar\\\/3df2e34e20f529e6fd7be4311ee1f7c4ec4aa886971590baf6fa214b15743516?s=96&d=monsterid&r=g\",\"contentUrl\":\"https:\\\/\\\/secure.gravatar.com\\\/avatar\\\/3df2e34e20f529e6fd7be4311ee1f7c4ec4aa886971590baf6fa214b15743516?s=96&d=monsterid&r=g\",\"caption\":\"Bianca Albu\"},\"description\":\"Reporter\",\"url\":\"https:\\\/\\\/buletin.de\\\/bucuresti\\\/author\\\/biancaalbu\\\/\"}]}<\/script>\n<!-- \/ Yoast SEO Premium plugin. -->","yoast_head_json":{"title":"Institu\u021biile publice din sectorul 1, peste 3 milioane de lei pe avoca\u021bi \u00een ultimii doi ani. Toate au departamente juridice interne - Buletin de Bucure\u0219ti","robots":{"index":"index","follow":"follow","max-snippet":"max-snippet:-1","max-image-preview":"max-image-preview:large","max-video-preview":"max-video-preview:-1"},"canonical":"https:\/\/buletin.de\/bucuresti\/institutiile-publice-din-sectorul-1-peste-3-milioane-de-lei-pe-avocati-in-ultimii-doi-ani-toate-au-departamente-juridice-interne\/","og_locale":"en_GB","og_type":"article","og_title":"Institu\u021biile publice din sectorul 1, peste 3 milioane de lei pe avoca\u021bi \u00een ultimii doi ani. Toate au departamente juridice interne","og_description":"250 lei\/or\u0103 a fost, \u00een medie, onorariul pl\u0103tit de institu\u021biile subordonate Prim\u0103riei Sectorului 1 pentru servicii juridice, \u00een ultimii doi ani. Dintr-un total de zece institu\u021bii, \u0219ase au apelat la avoca\u021bi din exterior \u0219i au cheltuit, \u00een ultimii doi ani, trei milioane de lei. Toate au angaja\u021bi \u00een departamentul juridic intern care primesc, la r\u00e2ndul [&hellip;]","og_url":"https:\/\/buletin.de\/bucuresti\/institutiile-publice-din-sectorul-1-peste-3-milioane-de-lei-pe-avocati-in-ultimii-doi-ani-toate-au-departamente-juridice-interne\/","og_site_name":"Buletin de Bucure\u0219ti","article_publisher":"https:\/\/www.facebook.com\/buletin.de.buc","article_published_time":"2021-01-04T17:09:44+00:00","article_modified_time":"2023-09-19T12:57:44+00:00","og_image":[{"width":2560,"height":1709,"url":"https:\/\/buletin.de\/bucuresti\/wp-content\/uploads\/scott-graham-5fNmWej4tAA-unsplash-2-scaled.jpg","type":"image\/jpeg"}],"author":"Bianca Albu","twitter_card":"summary_large_image","twitter_misc":{"Written by":"Bianca Albu","Estimated reading time":"7 minutes"},"schema":{"@context":"https:\/\/schema.org","@graph":[{"@type":"Article","@id":"https:\/\/buletin.de\/bucuresti\/institutiile-publice-din-sectorul-1-peste-3-milioane-de-lei-pe-avocati-in-ultimii-doi-ani-toate-au-departamente-juridice-interne\/#article","isPartOf":{"@id":"https:\/\/buletin.de\/bucuresti\/institutiile-publice-din-sectorul-1-peste-3-milioane-de-lei-pe-avocati-in-ultimii-doi-ani-toate-au-departamente-juridice-interne\/"},"author":{"name":"Bianca Albu","@id":"https:\/\/buletin.de\/bucuresti\/#\/schema\/person\/295dc2228d2dc79294d636619468dc7f"},"headline":"Institu\u021biile publice din sectorul 1, peste 3 milioane de lei pe avoca\u021bi \u00een ultimii doi ani. Toate au departamente juridice interne","datePublished":"2021-01-04T17:09:44+00:00","dateModified":"2023-09-19T12:57:44+00:00","mainEntityOfPage":{"@id":"https:\/\/buletin.de\/bucuresti\/institutiile-publice-din-sectorul-1-peste-3-milioane-de-lei-pe-avocati-in-ultimii-doi-ani-toate-au-departamente-juridice-interne\/"},"wordCount":1377,"publisher":{"@id":"https:\/\/buletin.de\/bucuresti\/#organization"},"image":{"@id":"https:\/\/buletin.de\/bucuresti\/institutiile-publice-din-sectorul-1-peste-3-milioane-de-lei-pe-avocati-in-ultimii-doi-ani-toate-au-departamente-juridice-interne\/#primaryimage"},"thumbnailUrl":"https:\/\/buletin.de\/bucuresti\/wp-content\/uploads\/scott-graham-5fNmWej4tAA-unsplash-2-scaled.jpg","keywords":["avocati","primaria sector 1","Sector 1","servicii juridice"],"articleSection":["Investiga\u021bii","Prim\u0103rie","\u0218tiri"],"inLanguage":"en-GB","copyrightYear":"2021","copyrightHolder":{"@id":"https:\/\/buletin.de\/bucuresti\/#organization"}},{"@type":"WebPage","@id":"https:\/\/buletin.de\/bucuresti\/institutiile-publice-din-sectorul-1-peste-3-milioane-de-lei-pe-avocati-in-ultimii-doi-ani-toate-au-departamente-juridice-interne\/","url":"https:\/\/buletin.de\/bucuresti\/institutiile-publice-din-sectorul-1-peste-3-milioane-de-lei-pe-avocati-in-ultimii-doi-ani-toate-au-departamente-juridice-interne\/","name":"Institu\u021biile publice din sectorul 1, peste 3 milioane de lei pe avoca\u021bi \u00een ultimii doi ani. Toate au departamente juridice interne - Buletin de Bucure\u0219ti","isPartOf":{"@id":"https:\/\/buletin.de\/bucuresti\/#website"},"primaryImageOfPage":{"@id":"https:\/\/buletin.de\/bucuresti\/institutiile-publice-din-sectorul-1-peste-3-milioane-de-lei-pe-avocati-in-ultimii-doi-ani-toate-au-departamente-juridice-interne\/#primaryimage"},"image":{"@id":"https:\/\/buletin.de\/bucuresti\/institutiile-publice-din-sectorul-1-peste-3-milioane-de-lei-pe-avocati-in-ultimii-doi-ani-toate-au-departamente-juridice-interne\/#primaryimage"},"thumbnailUrl":"https:\/\/buletin.de\/bucuresti\/wp-content\/uploads\/scott-graham-5fNmWej4tAA-unsplash-2-scaled.jpg","datePublished":"2021-01-04T17:09:44+00:00","dateModified":"2023-09-19T12:57:44+00:00","breadcrumb":{"@id":"https:\/\/buletin.de\/bucuresti\/institutiile-publice-din-sectorul-1-peste-3-milioane-de-lei-pe-avocati-in-ultimii-doi-ani-toate-au-departamente-juridice-interne\/#breadcrumb"},"inLanguage":"en-GB","potentialAction":[{"@type":"ReadAction","target":["https:\/\/buletin.de\/bucuresti\/institutiile-publice-din-sectorul-1-peste-3-milioane-de-lei-pe-avocati-in-ultimii-doi-ani-toate-au-departamente-juridice-interne\/"]}]},{"@type":"ImageObject","inLanguage":"en-GB","@id":"https:\/\/buletin.de\/bucuresti\/institutiile-publice-din-sectorul-1-peste-3-milioane-de-lei-pe-avocati-in-ultimii-doi-ani-toate-au-departamente-juridice-interne\/#primaryimage","url":"https:\/\/buletin.de\/bucuresti\/wp-content\/uploads\/scott-graham-5fNmWej4tAA-unsplash-2-scaled.jpg","contentUrl":"https:\/\/buletin.de\/bucuresti\/wp-content\/uploads\/scott-graham-5fNmWej4tAA-unsplash-2-scaled.jpg","width":2560,"height":1709},{"@type":"BreadcrumbList","@id":"https:\/\/buletin.de\/bucuresti\/institutiile-publice-din-sectorul-1-peste-3-milioane-de-lei-pe-avocati-in-ultimii-doi-ani-toate-au-departamente-juridice-interne\/#breadcrumb","itemListElement":[{"@type":"ListItem","position":1,"name":"Acas\u0103","item":"https:\/\/buletin.de\/bucuresti\/"},{"@type":"ListItem","position":2,"name":"Institu\u021biile publice din sectorul 1, peste 3 milioane de lei pe avoca\u021bi \u00een ultimii doi ani. Toate au departamente juridice interne"}]},{"@type":"WebSite","@id":"https:\/\/buletin.de\/bucuresti\/#website","url":"https:\/\/buletin.de\/bucuresti\/","name":"Buletin de Bucure\u0219ti","description":"\u0218tiri \u0219i investiga\u021bii esen\u021biale din capital\u0103","publisher":{"@id":"https:\/\/buletin.de\/bucuresti\/#organization"},"potentialAction":[{"@type":"SearchAction","target":{"@type":"EntryPoint","urlTemplate":"https:\/\/buletin.de\/bucuresti\/?s={search_term_string}"},"query-input":{"@type":"PropertyValueSpecification","valueRequired":true,"valueName":"search_term_string"}}],"inLanguage":"en-GB"},{"@type":"Organization","@id":"https:\/\/buletin.de\/bucuresti\/#organization","name":"Buletin de Bucure\u0219ti","url":"https:\/\/buletin.de\/bucuresti\/","logo":{"@type":"ImageObject","inLanguage":"en-GB","@id":"https:\/\/buletin.de\/bucuresti\/#\/schema\/logo\/image\/","url":"https:\/\/buletin.de\/bucuresti\/wp-content\/uploads\/logo-bdb-full-wide-vernil-transparent.png","contentUrl":"https:\/\/buletin.de\/bucuresti\/wp-content\/uploads\/logo-bdb-full-wide-vernil-transparent.png","width":1782,"height":626,"caption":"Buletin de Bucure\u0219ti"},"image":{"@id":"https:\/\/buletin.de\/bucuresti\/#\/schema\/logo\/image\/"},"sameAs":["https:\/\/www.facebook.com\/buletin.de.buc","https:\/\/www.instagram.com\/buletinde.bucuresti\/"]},{"@type":"Person","@id":"https:\/\/buletin.de\/bucuresti\/#\/schema\/person\/295dc2228d2dc79294d636619468dc7f","name":"Bianca Albu","image":{"@type":"ImageObject","inLanguage":"en-GB","@id":"https:\/\/secure.gravatar.com\/avatar\/3df2e34e20f529e6fd7be4311ee1f7c4ec4aa886971590baf6fa214b15743516?s=96&d=monsterid&r=gf541c715eeec409ce8101252a3c0d8a7","url":"https:\/\/secure.gravatar.com\/avatar\/3df2e34e20f529e6fd7be4311ee1f7c4ec4aa886971590baf6fa214b15743516?s=96&d=monsterid&r=g","contentUrl":"https:\/\/secure.gravatar.com\/avatar\/3df2e34e20f529e6fd7be4311ee1f7c4ec4aa886971590baf6fa214b15743516?s=96&d=monsterid&r=g","caption":"Bianca Albu"},"description":"Reporter","url":"https:\/\/buletin.de\/bucuresti\/author\/biancaalbu\/"}]}},"authors":[{"term_id":22588,"user_id":6,"is_guest":0,"slug":"biancaalbu","display_name":"Bianca Albu","avatar_url":"https:\/\/secure.gravatar.com\/avatar\/3df2e34e20f529e6fd7be4311ee1f7c4ec4aa886971590baf6fa214b15743516?s=96&d=monsterid&r=g","0":null,"1":"","2":"","3":"","4":"","5":"","6":"","7":"","8":""}],"_links":{"self":[{"href":"https:\/\/buletin.de\/bucuresti\/wp-json\/wp\/v2\/posts\/17605","targetHints":{"allow":["GET"]}}],"collection":[{"href":"https:\/\/buletin.de\/bucuresti\/wp-json\/wp\/v2\/posts"}],"about":[{"href":"https:\/\/buletin.de\/bucuresti\/wp-json\/wp\/v2\/types\/post"}],"author":[{"embeddable":true,"href":"https:\/\/buletin.de\/bucuresti\/wp-json\/wp\/v2\/users\/6"}],"replies":[{"embeddable":true,"href":"https:\/\/buletin.de\/bucuresti\/wp-json\/wp\/v2\/comments?post=17605"}],"version-history":[{"count":6,"href":"https:\/\/buletin.de\/bucuresti\/wp-json\/wp\/v2\/posts\/17605\/revisions"}],"predecessor-version":[{"id":17615,"href":"https:\/\/buletin.de\/bucuresti\/wp-json\/wp\/v2\/posts\/17605\/revisions\/17615"}],"wp:featuredmedia":[{"embeddable":true,"href":"https:\/\/buletin.de\/bucuresti\/wp-json\/wp\/v2\/media\/17607"}],"wp:attachment":[{"href":"https:\/\/buletin.de\/bucuresti\/wp-json\/wp\/v2\/media?parent=17605"}],"wp:term":[{"taxonomy":"category","embeddable":true,"href":"https:\/\/buletin.de\/bucuresti\/wp-json\/wp\/v2\/categories?post=17605"},{"taxonomy":"post_tag","embeddable":true,"href":"https:\/\/buletin.de\/bucuresti\/wp-json\/wp\/v2\/tags?post=17605"},{"taxonomy":"author","embeddable":true,"href":"https:\/\/buletin.de\/bucuresti\/wp-json\/wp\/v2\/ppma_author?post=17605"}],"curies":[{"name":"wp","href":"https:\/\/api.w.org\/{rel}","templated":true}]}}