{"id":175683,"date":"2026-02-21T00:02:03","date_gmt":"2026-02-20T21:02:03","guid":{"rendered":"https:\/\/buletin.de\/bucuresti\/?p=175683"},"modified":"2026-02-21T10:28:10","modified_gmt":"2026-02-21T07:28:10","slug":"o-fata-de-12-ani-a-fugit-de-acasa-in-sectorul-6-a-fost-emis-mesaj-ro-alert","status":"publish","type":"post","link":"https:\/\/buletin.de\/bucuresti\/o-fata-de-12-ani-a-fugit-de-acasa-in-sectorul-6-a-fost-emis-mesaj-ro-alert\/","title":{"rendered":"O fat\u0103 de 12 ani a fugit de acas\u0103, \u00een Sectorul 6. A fost emis mesaj RO-ALERT. UPDATE: Minora a fost g\u0103sit\u0103"},"content":{"rendered":"\n<p><strong>Poli\u021bia Capitalei a fost sesizat\u0103 vineri cu privire la faptul c\u0103 o minor\u0103 de 12 ani a fugit de acas\u0103, din Sectorul 6. A fost emis mesaj RO-ALERT.<\/strong><\/p>\n\n\n\n<p><strong>UPDATE 21.02.2026: Minora a fost g\u0103sit\u0103<\/strong>, transmit poli\u021bi\u0219tii din cadrul Direc\u021biei Generale de Poli\u021bie a Municipiului Bucure\u0219ti (DGPMB).<\/p>\n\n\n\n<p><em>\u201ePoli\u021bia Capitalei informeaz\u0103 c\u0103 minora, \u00een v\u00e2rst\u0103 de 12 ani, a c\u0103rei plecare a fost semnalat\u0103 public \u00een cursul zilei de ieri, a fost depistat\u0103 de poli\u021bi\u0219ti \u0219i se afl\u0103 \u00een afara oric\u0103rui pericol.\u201d<\/em> este mesajul transmis de reprezentan\u021bii institu\u021biei.<\/p>\n\n\n\n<figure class=\"wp-block-image size-full is-resized\"><img fetchpriority=\"high\" decoding=\"async\" width=\"324\" height=\"240\" src=\"data:image\/gif;base64,R0lGODlhAQABAAAAACH5BAEKAAEALAAAAAABAAEAAAICTAEAOw==\" data-src=\"https:\/\/buletin.de\/bucuresti\/wp-content\/uploads\/2026\/02\/image-30.png\" alt=\"\" class=\"wp-image-175702 lazyload\" style=\"width:628px;height:auto\" data-sizes=\"auto\" data-srcset=\"https:\/\/buletin.de\/bucuresti\/wp-content\/uploads\/2026\/02\/image-30.png 324w, https:\/\/buletin.de\/bucuresti\/wp-content\/uploads\/2026\/02\/image-30-300x222.png 300w, https:\/\/buletin.de\/bucuresti\/wp-content\/uploads\/2026\/02\/image-30-20x15.png 20w\" sizes=\"(max-width: 324px) 100vw, 324px\" \/><\/figure>\n\n\n\n<p>Fata se nume\u0219te NICOLAE ELENA-MARIA \u0219i are urm\u0103toarele semnalmente:<\/p>\n\n\n\n<ul class=\"wp-block-list\">\n<li>\u00cen\u0103l\u021bime: 1,46 m, greutate 35 kg, p\u0103r blond \u0219i lung, ochi alba\u0219trii<\/li>\n\n\n\n<li>La momentul p\u0103r\u0103sirii locuin\u021bei minora era \u00eembr\u0103cat\u0103 \u00eentr-un hanorac negru, cu blugi de culoare gri \u0219i o geac\u0103 din blan\u0103 de culoare roz. Pe cap purta un fes de culoare gri, iar asupra sa avea un ghiozdan mic, ro\u0219u.<\/li>\n<\/ul>\n\n\n\n<p>Cei care au v\u0103zut-o sau pot oferi detalii sunt ruga\u0163i s\u0103 anun\u0163e Poli\u0163ia Capitalei, la num\u0103rul unic de urgen\u0163\u0103 112.<\/p>\n\n\n\n<p><em>\u0218TIRE \u00ceN CURS DE ACTUALIZARE<\/em>.<\/p>\n\n\n\n<p><strong>CITE\u0218TE \u0218I: <a href=\"https:\/\/buletin.de\/bucuresti\/a-reinceput-sa-ninga-dar-momentan-nici-o-autostrada-nu-este-inchisa\/\" type=\"link\" id=\"https:\/\/buletin.de\/bucuresti\/a-reinceput-sa-ninga-dar-momentan-nici-o-autostrada-nu-este-inchisa\/\" target=\"_blank\" rel=\"noreferrer noopener\">A re\u00eenceput s\u0103 ning\u0103, dar momentan nici o autostrad\u0103 nu este \u00eenchis\u0103. Drumuri na\u021bionale blocate de vehicule derapate. Calea ferat\u0103 func\u021bioneaz\u0103 \u00een condi\u021bii normale<\/a><\/strong><\/p>\n","protected":false},"excerpt":{"rendered":"<p>Poli\u021bia Capitalei a fost sesizat\u0103 vineri cu privire la faptul c\u0103 o minor\u0103 de 12 ani a fugit de acas\u0103, din Sectorul 6. A fost emis mesaj RO-ALERT. UPDATE 21.02.2026: Minora a fost g\u0103sit\u0103, transmit poli\u021bi\u0219tii din cadrul Direc\u021biei Generale de Poli\u021bie a Municipiului Bucure\u0219ti (DGPMB). \u201ePoli\u021bia Capitalei informeaz\u0103 c\u0103 minora, \u00een v\u00e2rst\u0103 de 12 [&hellip;]<\/p>\n","protected":false},"author":1,"featured_media":175698,"comment_status":"closed","ping_status":"open","sticky":false,"template":"","format":"standard","meta":{"_acf_changed":false,"inline_featured_image":false,"ngg_post_thumbnail":0,"footnotes":""},"categories":[6994,5762],"tags":[24315,7164,6047,523],"ppma_author":[22583],"class_list":["post-175683","post","type-post","status-publish","format-standard","has-post-thumbnail","hentry","category-stiri-2","category-main","tag-copil-disparut","tag-minor-disparut","tag-ro-alert","tag-sector-6"],"acf":[],"yoast_head":"<!-- This site is optimized with the Yoast SEO Premium plugin v25.3 (Yoast SEO v27.4) - https:\/\/yoast.com\/product\/yoast-seo-premium-wordpress\/ -->\n<title>O fat\u0103 de 12 ani a fugit de acas\u0103, \u00een Sectorul 6. A fost emis mesaj RO-ALERT. UPDATE: Minora a fost g\u0103sit\u0103 - Buletin de Bucure\u0219ti<\/title>\n<meta name=\"description\" content=\"Poli\u021bia Capitalei a fost sesizat\u0103 vineri cu privire la faptul c\u0103 o minor\u0103 de 12 ani a fugit de acas\u0103, din Sectorul 6.\" \/>\n<meta name=\"robots\" content=\"index, follow, max-snippet:-1, max-image-preview:large, max-video-preview:-1\" \/>\n<link rel=\"canonical\" href=\"https:\/\/buletin.de\/bucuresti\/o-fata-de-12-ani-a-fugit-de-acasa-in-sectorul-6-a-fost-emis-mesaj-ro-alert\/\" \/>\n<meta property=\"og:locale\" content=\"en_GB\" \/>\n<meta property=\"og:type\" content=\"article\" \/>\n<meta property=\"og:title\" content=\"O fat\u0103 de 12 ani a fugit de acas\u0103, \u00een Sectorul 6. A fost emis mesaj RO-ALERT. UPDATE: Minora a fost g\u0103sit\u0103\" \/>\n<meta property=\"og:description\" content=\"Poli\u021bia Capitalei a fost sesizat\u0103 vineri cu privire la faptul c\u0103 o minor\u0103 de 12 ani a fugit de acas\u0103, din Sectorul 6.\" \/>\n<meta property=\"og:url\" content=\"https:\/\/buletin.de\/bucuresti\/o-fata-de-12-ani-a-fugit-de-acasa-in-sectorul-6-a-fost-emis-mesaj-ro-alert\/\" \/>\n<meta property=\"og:site_name\" content=\"Buletin de Bucure\u0219ti\" \/>\n<meta property=\"article:publisher\" content=\"https:\/\/www.facebook.com\/buletin.de.buc\" \/>\n<meta property=\"article:published_time\" content=\"2026-02-20T21:02:03+00:00\" \/>\n<meta property=\"article:modified_time\" content=\"2026-02-21T07:28:10+00:00\" \/>\n<meta property=\"og:image\" content=\"https:\/\/buletin.de\/bucuresti\/wp-content\/uploads\/2026\/02\/D_203260.jpg\" \/>\n\t<meta property=\"og:image:width\" content=\"1153\" \/>\n\t<meta property=\"og:image:height\" content=\"1537\" \/>\n\t<meta property=\"og:image:type\" content=\"image\/jpeg\" \/>\n<meta name=\"author\" content=\"Redac\u021bia Buletin de Bucure\u0219ti\" \/>\n<meta name=\"twitter:card\" content=\"summary_large_image\" \/>\n<meta name=\"twitter:label1\" content=\"Written by\" \/>\n\t<meta name=\"twitter:data1\" content=\"Redac\u021bia Buletin de Bucure\u0219ti\" \/>\n\t<meta name=\"twitter:label2\" content=\"Estimated reading time\" \/>\n\t<meta name=\"twitter:data2\" content=\"2 minutes\" \/>\n<script type=\"application\/ld+json\" class=\"yoast-schema-graph\">{\"@context\":\"https:\\\/\\\/schema.org\",\"@graph\":[{\"@type\":\"Article\",\"@id\":\"https:\\\/\\\/buletin.de\\\/bucuresti\\\/o-fata-de-12-ani-a-fugit-de-acasa-in-sectorul-6-a-fost-emis-mesaj-ro-alert\\\/#article\",\"isPartOf\":{\"@id\":\"https:\\\/\\\/buletin.de\\\/bucuresti\\\/o-fata-de-12-ani-a-fugit-de-acasa-in-sectorul-6-a-fost-emis-mesaj-ro-alert\\\/\"},\"author\":{\"name\":\"Redac\u021bia Buletin de Bucure\u0219ti\",\"@id\":\"https:\\\/\\\/buletin.de\\\/bucuresti\\\/#\\\/schema\\\/person\\\/2bbcf854e5f2419a13804af574d06ab1\"},\"headline\":\"O fat\u0103 de 12 ani a fugit de acas\u0103, \u00een Sectorul 6. A fost emis mesaj RO-ALERT. UPDATE: Minora a fost g\u0103sit\u0103\",\"datePublished\":\"2026-02-20T21:02:03+00:00\",\"dateModified\":\"2026-02-21T07:28:10+00:00\",\"mainEntityOfPage\":{\"@id\":\"https:\\\/\\\/buletin.de\\\/bucuresti\\\/o-fata-de-12-ani-a-fugit-de-acasa-in-sectorul-6-a-fost-emis-mesaj-ro-alert\\\/\"},\"wordCount\":247,\"publisher\":{\"@id\":\"https:\\\/\\\/buletin.de\\\/bucuresti\\\/#organization\"},\"image\":{\"@id\":\"https:\\\/\\\/buletin.de\\\/bucuresti\\\/o-fata-de-12-ani-a-fugit-de-acasa-in-sectorul-6-a-fost-emis-mesaj-ro-alert\\\/#primaryimage\"},\"thumbnailUrl\":\"https:\\\/\\\/buletin.de\\\/bucuresti\\\/wp-content\\\/uploads\\\/2026\\\/02\\\/D_203260.jpg\",\"keywords\":[\"copil disparut\",\"minor disparut\",\"Ro alert\",\"Sector 6\"],\"articleSection\":[\"Articole\",\"Main\"],\"inLanguage\":\"en-GB\",\"copyrightYear\":\"2026\",\"copyrightHolder\":{\"@id\":\"https:\\\/\\\/buletin.de\\\/bucuresti\\\/#organization\"}},{\"@type\":\"WebPage\",\"@id\":\"https:\\\/\\\/buletin.de\\\/bucuresti\\\/o-fata-de-12-ani-a-fugit-de-acasa-in-sectorul-6-a-fost-emis-mesaj-ro-alert\\\/\",\"url\":\"https:\\\/\\\/buletin.de\\\/bucuresti\\\/o-fata-de-12-ani-a-fugit-de-acasa-in-sectorul-6-a-fost-emis-mesaj-ro-alert\\\/\",\"name\":\"O fat\u0103 de 12 ani a fugit de acas\u0103, \u00een Sectorul 6. A fost emis mesaj RO-ALERT. UPDATE: Minora a fost g\u0103sit\u0103 - Buletin de Bucure\u0219ti\",\"isPartOf\":{\"@id\":\"https:\\\/\\\/buletin.de\\\/bucuresti\\\/#website\"},\"primaryImageOfPage\":{\"@id\":\"https:\\\/\\\/buletin.de\\\/bucuresti\\\/o-fata-de-12-ani-a-fugit-de-acasa-in-sectorul-6-a-fost-emis-mesaj-ro-alert\\\/#primaryimage\"},\"image\":{\"@id\":\"https:\\\/\\\/buletin.de\\\/bucuresti\\\/o-fata-de-12-ani-a-fugit-de-acasa-in-sectorul-6-a-fost-emis-mesaj-ro-alert\\\/#primaryimage\"},\"thumbnailUrl\":\"https:\\\/\\\/buletin.de\\\/bucuresti\\\/wp-content\\\/uploads\\\/2026\\\/02\\\/D_203260.jpg\",\"datePublished\":\"2026-02-20T21:02:03+00:00\",\"dateModified\":\"2026-02-21T07:28:10+00:00\",\"description\":\"Poli\u021bia Capitalei a fost sesizat\u0103 vineri cu privire la faptul c\u0103 o minor\u0103 de 12 ani a fugit de acas\u0103, din Sectorul 6.\",\"breadcrumb\":{\"@id\":\"https:\\\/\\\/buletin.de\\\/bucuresti\\\/o-fata-de-12-ani-a-fugit-de-acasa-in-sectorul-6-a-fost-emis-mesaj-ro-alert\\\/#breadcrumb\"},\"inLanguage\":\"en-GB\",\"potentialAction\":[{\"@type\":\"ReadAction\",\"target\":[\"https:\\\/\\\/buletin.de\\\/bucuresti\\\/o-fata-de-12-ani-a-fugit-de-acasa-in-sectorul-6-a-fost-emis-mesaj-ro-alert\\\/\"]}]},{\"@type\":\"ImageObject\",\"inLanguage\":\"en-GB\",\"@id\":\"https:\\\/\\\/buletin.de\\\/bucuresti\\\/o-fata-de-12-ani-a-fugit-de-acasa-in-sectorul-6-a-fost-emis-mesaj-ro-alert\\\/#primaryimage\",\"url\":\"https:\\\/\\\/buletin.de\\\/bucuresti\\\/wp-content\\\/uploads\\\/2026\\\/02\\\/D_203260.jpg\",\"contentUrl\":\"https:\\\/\\\/buletin.de\\\/bucuresti\\\/wp-content\\\/uploads\\\/2026\\\/02\\\/D_203260.jpg\",\"width\":1153,\"height\":1537,\"caption\":\"NICOLAE ELENA MARIA | FOTO: Politia Capitalei\"},{\"@type\":\"BreadcrumbList\",\"@id\":\"https:\\\/\\\/buletin.de\\\/bucuresti\\\/o-fata-de-12-ani-a-fugit-de-acasa-in-sectorul-6-a-fost-emis-mesaj-ro-alert\\\/#breadcrumb\",\"itemListElement\":[{\"@type\":\"ListItem\",\"position\":1,\"name\":\"Acas\u0103\",\"item\":\"https:\\\/\\\/buletin.de\\\/bucuresti\\\/\"},{\"@type\":\"ListItem\",\"position\":2,\"name\":\"O fat\u0103 de 12 ani a fugit de acas\u0103, \u00een Sectorul 6. A fost emis mesaj RO-ALERT. UPDATE: Minora a fost g\u0103sit\u0103\"}]},{\"@type\":\"WebSite\",\"@id\":\"https:\\\/\\\/buletin.de\\\/bucuresti\\\/#website\",\"url\":\"https:\\\/\\\/buletin.de\\\/bucuresti\\\/\",\"name\":\"Buletin de Bucure\u0219ti\",\"description\":\"\u0218tiri \u0219i investiga\u021bii esen\u021biale din capital\u0103\",\"publisher\":{\"@id\":\"https:\\\/\\\/buletin.de\\\/bucuresti\\\/#organization\"},\"potentialAction\":[{\"@type\":\"SearchAction\",\"target\":{\"@type\":\"EntryPoint\",\"urlTemplate\":\"https:\\\/\\\/buletin.de\\\/bucuresti\\\/?s={search_term_string}\"},\"query-input\":{\"@type\":\"PropertyValueSpecification\",\"valueRequired\":true,\"valueName\":\"search_term_string\"}}],\"inLanguage\":\"en-GB\"},{\"@type\":\"Organization\",\"@id\":\"https:\\\/\\\/buletin.de\\\/bucuresti\\\/#organization\",\"name\":\"Buletin de Bucure\u0219ti\",\"url\":\"https:\\\/\\\/buletin.de\\\/bucuresti\\\/\",\"logo\":{\"@type\":\"ImageObject\",\"inLanguage\":\"en-GB\",\"@id\":\"https:\\\/\\\/buletin.de\\\/bucuresti\\\/#\\\/schema\\\/logo\\\/image\\\/\",\"url\":\"https:\\\/\\\/buletin.de\\\/bucuresti\\\/wp-content\\\/uploads\\\/logo-bdb-full-wide-vernil-transparent.png\",\"contentUrl\":\"https:\\\/\\\/buletin.de\\\/bucuresti\\\/wp-content\\\/uploads\\\/logo-bdb-full-wide-vernil-transparent.png\",\"width\":1782,\"height\":626,\"caption\":\"Buletin de Bucure\u0219ti\"},\"image\":{\"@id\":\"https:\\\/\\\/buletin.de\\\/bucuresti\\\/#\\\/schema\\\/logo\\\/image\\\/\"},\"sameAs\":[\"https:\\\/\\\/www.facebook.com\\\/buletin.de.buc\",\"https:\\\/\\\/www.instagram.com\\\/buletinde.bucuresti\\\/\"]},{\"@type\":\"Person\",\"@id\":\"https:\\\/\\\/buletin.de\\\/bucuresti\\\/#\\\/schema\\\/person\\\/2bbcf854e5f2419a13804af574d06ab1\",\"name\":\"Redac\u021bia Buletin de Bucure\u0219ti\",\"image\":{\"@type\":\"ImageObject\",\"inLanguage\":\"en-GB\",\"@id\":\"https:\\\/\\\/secure.gravatar.com\\\/avatar\\\/18c5342381ed1a08620e6280424e3e5efc958618f5d67c522c9e44c1bc6f9226?s=96&d=monsterid&r=g60c7cd0ad92c68c049fcd4bb3504d609\",\"url\":\"https:\\\/\\\/secure.gravatar.com\\\/avatar\\\/18c5342381ed1a08620e6280424e3e5efc958618f5d67c522c9e44c1bc6f9226?s=96&d=monsterid&r=g\",\"contentUrl\":\"https:\\\/\\\/secure.gravatar.com\\\/avatar\\\/18c5342381ed1a08620e6280424e3e5efc958618f5d67c522c9e44c1bc6f9226?s=96&d=monsterid&r=g\",\"caption\":\"Redac\u021bia Buletin de Bucure\u0219ti\"},\"description\":\"Buletin de Bucure\u0219ti exist\u0103 din vara anului 2019.\",\"url\":\"https:\\\/\\\/buletin.de\\\/bucuresti\\\/author\\\/adminbuletin\\\/\"}]}<\/script>\n<!-- \/ Yoast SEO Premium plugin. -->","yoast_head_json":{"title":"O fat\u0103 de 12 ani a fugit de acas\u0103, \u00een Sectorul 6. A fost emis mesaj RO-ALERT. UPDATE: Minora a fost g\u0103sit\u0103 - Buletin de Bucure\u0219ti","description":"Poli\u021bia Capitalei a fost sesizat\u0103 vineri cu privire la faptul c\u0103 o minor\u0103 de 12 ani a fugit de acas\u0103, din Sectorul 6.","robots":{"index":"index","follow":"follow","max-snippet":"max-snippet:-1","max-image-preview":"max-image-preview:large","max-video-preview":"max-video-preview:-1"},"canonical":"https:\/\/buletin.de\/bucuresti\/o-fata-de-12-ani-a-fugit-de-acasa-in-sectorul-6-a-fost-emis-mesaj-ro-alert\/","og_locale":"en_GB","og_type":"article","og_title":"O fat\u0103 de 12 ani a fugit de acas\u0103, \u00een Sectorul 6. A fost emis mesaj RO-ALERT. UPDATE: Minora a fost g\u0103sit\u0103","og_description":"Poli\u021bia Capitalei a fost sesizat\u0103 vineri cu privire la faptul c\u0103 o minor\u0103 de 12 ani a fugit de acas\u0103, din Sectorul 6.","og_url":"https:\/\/buletin.de\/bucuresti\/o-fata-de-12-ani-a-fugit-de-acasa-in-sectorul-6-a-fost-emis-mesaj-ro-alert\/","og_site_name":"Buletin de Bucure\u0219ti","article_publisher":"https:\/\/www.facebook.com\/buletin.de.buc","article_published_time":"2026-02-20T21:02:03+00:00","article_modified_time":"2026-02-21T07:28:10+00:00","og_image":[{"width":1153,"height":1537,"url":"https:\/\/buletin.de\/bucuresti\/wp-content\/uploads\/2026\/02\/D_203260.jpg","type":"image\/jpeg"}],"author":"Redac\u021bia Buletin de Bucure\u0219ti","twitter_card":"summary_large_image","twitter_misc":{"Written by":"Redac\u021bia Buletin de Bucure\u0219ti","Estimated reading time":"2 minutes"},"schema":{"@context":"https:\/\/schema.org","@graph":[{"@type":"Article","@id":"https:\/\/buletin.de\/bucuresti\/o-fata-de-12-ani-a-fugit-de-acasa-in-sectorul-6-a-fost-emis-mesaj-ro-alert\/#article","isPartOf":{"@id":"https:\/\/buletin.de\/bucuresti\/o-fata-de-12-ani-a-fugit-de-acasa-in-sectorul-6-a-fost-emis-mesaj-ro-alert\/"},"author":{"name":"Redac\u021bia Buletin de Bucure\u0219ti","@id":"https:\/\/buletin.de\/bucuresti\/#\/schema\/person\/2bbcf854e5f2419a13804af574d06ab1"},"headline":"O fat\u0103 de 12 ani a fugit de acas\u0103, \u00een Sectorul 6. A fost emis mesaj RO-ALERT. UPDATE: Minora a fost g\u0103sit\u0103","datePublished":"2026-02-20T21:02:03+00:00","dateModified":"2026-02-21T07:28:10+00:00","mainEntityOfPage":{"@id":"https:\/\/buletin.de\/bucuresti\/o-fata-de-12-ani-a-fugit-de-acasa-in-sectorul-6-a-fost-emis-mesaj-ro-alert\/"},"wordCount":247,"publisher":{"@id":"https:\/\/buletin.de\/bucuresti\/#organization"},"image":{"@id":"https:\/\/buletin.de\/bucuresti\/o-fata-de-12-ani-a-fugit-de-acasa-in-sectorul-6-a-fost-emis-mesaj-ro-alert\/#primaryimage"},"thumbnailUrl":"https:\/\/buletin.de\/bucuresti\/wp-content\/uploads\/2026\/02\/D_203260.jpg","keywords":["copil disparut","minor disparut","Ro alert","Sector 6"],"articleSection":["Articole","Main"],"inLanguage":"en-GB","copyrightYear":"2026","copyrightHolder":{"@id":"https:\/\/buletin.de\/bucuresti\/#organization"}},{"@type":"WebPage","@id":"https:\/\/buletin.de\/bucuresti\/o-fata-de-12-ani-a-fugit-de-acasa-in-sectorul-6-a-fost-emis-mesaj-ro-alert\/","url":"https:\/\/buletin.de\/bucuresti\/o-fata-de-12-ani-a-fugit-de-acasa-in-sectorul-6-a-fost-emis-mesaj-ro-alert\/","name":"O fat\u0103 de 12 ani a fugit de acas\u0103, \u00een Sectorul 6. A fost emis mesaj RO-ALERT. UPDATE: Minora a fost g\u0103sit\u0103 - Buletin de Bucure\u0219ti","isPartOf":{"@id":"https:\/\/buletin.de\/bucuresti\/#website"},"primaryImageOfPage":{"@id":"https:\/\/buletin.de\/bucuresti\/o-fata-de-12-ani-a-fugit-de-acasa-in-sectorul-6-a-fost-emis-mesaj-ro-alert\/#primaryimage"},"image":{"@id":"https:\/\/buletin.de\/bucuresti\/o-fata-de-12-ani-a-fugit-de-acasa-in-sectorul-6-a-fost-emis-mesaj-ro-alert\/#primaryimage"},"thumbnailUrl":"https:\/\/buletin.de\/bucuresti\/wp-content\/uploads\/2026\/02\/D_203260.jpg","datePublished":"2026-02-20T21:02:03+00:00","dateModified":"2026-02-21T07:28:10+00:00","description":"Poli\u021bia Capitalei a fost sesizat\u0103 vineri cu privire la faptul c\u0103 o minor\u0103 de 12 ani a fugit de acas\u0103, din Sectorul 6.","breadcrumb":{"@id":"https:\/\/buletin.de\/bucuresti\/o-fata-de-12-ani-a-fugit-de-acasa-in-sectorul-6-a-fost-emis-mesaj-ro-alert\/#breadcrumb"},"inLanguage":"en-GB","potentialAction":[{"@type":"ReadAction","target":["https:\/\/buletin.de\/bucuresti\/o-fata-de-12-ani-a-fugit-de-acasa-in-sectorul-6-a-fost-emis-mesaj-ro-alert\/"]}]},{"@type":"ImageObject","inLanguage":"en-GB","@id":"https:\/\/buletin.de\/bucuresti\/o-fata-de-12-ani-a-fugit-de-acasa-in-sectorul-6-a-fost-emis-mesaj-ro-alert\/#primaryimage","url":"https:\/\/buletin.de\/bucuresti\/wp-content\/uploads\/2026\/02\/D_203260.jpg","contentUrl":"https:\/\/buletin.de\/bucuresti\/wp-content\/uploads\/2026\/02\/D_203260.jpg","width":1153,"height":1537,"caption":"NICOLAE ELENA MARIA | FOTO: Politia Capitalei"},{"@type":"BreadcrumbList","@id":"https:\/\/buletin.de\/bucuresti\/o-fata-de-12-ani-a-fugit-de-acasa-in-sectorul-6-a-fost-emis-mesaj-ro-alert\/#breadcrumb","itemListElement":[{"@type":"ListItem","position":1,"name":"Acas\u0103","item":"https:\/\/buletin.de\/bucuresti\/"},{"@type":"ListItem","position":2,"name":"O fat\u0103 de 12 ani a fugit de acas\u0103, \u00een Sectorul 6. A fost emis mesaj RO-ALERT. UPDATE: Minora a fost g\u0103sit\u0103"}]},{"@type":"WebSite","@id":"https:\/\/buletin.de\/bucuresti\/#website","url":"https:\/\/buletin.de\/bucuresti\/","name":"Buletin de Bucure\u0219ti","description":"\u0218tiri \u0219i investiga\u021bii esen\u021biale din capital\u0103","publisher":{"@id":"https:\/\/buletin.de\/bucuresti\/#organization"},"potentialAction":[{"@type":"SearchAction","target":{"@type":"EntryPoint","urlTemplate":"https:\/\/buletin.de\/bucuresti\/?s={search_term_string}"},"query-input":{"@type":"PropertyValueSpecification","valueRequired":true,"valueName":"search_term_string"}}],"inLanguage":"en-GB"},{"@type":"Organization","@id":"https:\/\/buletin.de\/bucuresti\/#organization","name":"Buletin de Bucure\u0219ti","url":"https:\/\/buletin.de\/bucuresti\/","logo":{"@type":"ImageObject","inLanguage":"en-GB","@id":"https:\/\/buletin.de\/bucuresti\/#\/schema\/logo\/image\/","url":"https:\/\/buletin.de\/bucuresti\/wp-content\/uploads\/logo-bdb-full-wide-vernil-transparent.png","contentUrl":"https:\/\/buletin.de\/bucuresti\/wp-content\/uploads\/logo-bdb-full-wide-vernil-transparent.png","width":1782,"height":626,"caption":"Buletin de Bucure\u0219ti"},"image":{"@id":"https:\/\/buletin.de\/bucuresti\/#\/schema\/logo\/image\/"},"sameAs":["https:\/\/www.facebook.com\/buletin.de.buc","https:\/\/www.instagram.com\/buletinde.bucuresti\/"]},{"@type":"Person","@id":"https:\/\/buletin.de\/bucuresti\/#\/schema\/person\/2bbcf854e5f2419a13804af574d06ab1","name":"Redac\u021bia Buletin de Bucure\u0219ti","image":{"@type":"ImageObject","inLanguage":"en-GB","@id":"https:\/\/secure.gravatar.com\/avatar\/18c5342381ed1a08620e6280424e3e5efc958618f5d67c522c9e44c1bc6f9226?s=96&d=monsterid&r=g60c7cd0ad92c68c049fcd4bb3504d609","url":"https:\/\/secure.gravatar.com\/avatar\/18c5342381ed1a08620e6280424e3e5efc958618f5d67c522c9e44c1bc6f9226?s=96&d=monsterid&r=g","contentUrl":"https:\/\/secure.gravatar.com\/avatar\/18c5342381ed1a08620e6280424e3e5efc958618f5d67c522c9e44c1bc6f9226?s=96&d=monsterid&r=g","caption":"Redac\u021bia Buletin de Bucure\u0219ti"},"description":"Buletin de Bucure\u0219ti exist\u0103 din vara anului 2019.","url":"https:\/\/buletin.de\/bucuresti\/author\/adminbuletin\/"}]}},"authors":[{"term_id":22583,"user_id":1,"is_guest":0,"slug":"adminbuletin","display_name":"Redac\u021bia Buletin de Bucure\u0219ti","avatar_url":"https:\/\/secure.gravatar.com\/avatar\/18c5342381ed1a08620e6280424e3e5efc958618f5d67c522c9e44c1bc6f9226?s=96&d=monsterid&r=g","0":null,"1":"","2":"","3":"","4":"","5":"","6":"","7":"","8":""}],"_links":{"self":[{"href":"https:\/\/buletin.de\/bucuresti\/wp-json\/wp\/v2\/posts\/175683","targetHints":{"allow":["GET"]}}],"collection":[{"href":"https:\/\/buletin.de\/bucuresti\/wp-json\/wp\/v2\/posts"}],"about":[{"href":"https:\/\/buletin.de\/bucuresti\/wp-json\/wp\/v2\/types\/post"}],"author":[{"embeddable":true,"href":"https:\/\/buletin.de\/bucuresti\/wp-json\/wp\/v2\/users\/1"}],"replies":[{"embeddable":true,"href":"https:\/\/buletin.de\/bucuresti\/wp-json\/wp\/v2\/comments?post=175683"}],"version-history":[{"count":7,"href":"https:\/\/buletin.de\/bucuresti\/wp-json\/wp\/v2\/posts\/175683\/revisions"}],"predecessor-version":[{"id":175761,"href":"https:\/\/buletin.de\/bucuresti\/wp-json\/wp\/v2\/posts\/175683\/revisions\/175761"}],"wp:featuredmedia":[{"embeddable":true,"href":"https:\/\/buletin.de\/bucuresti\/wp-json\/wp\/v2\/media\/175698"}],"wp:attachment":[{"href":"https:\/\/buletin.de\/bucuresti\/wp-json\/wp\/v2\/media?parent=175683"}],"wp:term":[{"taxonomy":"category","embeddable":true,"href":"https:\/\/buletin.de\/bucuresti\/wp-json\/wp\/v2\/categories?post=175683"},{"taxonomy":"post_tag","embeddable":true,"href":"https:\/\/buletin.de\/bucuresti\/wp-json\/wp\/v2\/tags?post=175683"},{"taxonomy":"author","embeddable":true,"href":"https:\/\/buletin.de\/bucuresti\/wp-json\/wp\/v2\/ppma_author?post=175683"}],"curies":[{"name":"wp","href":"https:\/\/api.w.org\/{rel}","templated":true}]}}