{"id":175533,"date":"2026-02-21T02:56:00","date_gmt":"2026-02-20T23:56:00","guid":{"rendered":"https:\/\/buletin.de\/bucuresti\/?p=175533"},"modified":"2026-02-25T12:45:17","modified_gmt":"2026-02-25T09:45:17","slug":"sector-3-tarifele-pentru-colectarea-deseurilor-reciclabile-cresc-cu-6675-apar-taxe-noi","status":"publish","type":"post","link":"https:\/\/buletin.de\/bucuresti\/sector-3-tarifele-pentru-colectarea-deseurilor-reciclabile-cresc-cu-6675-apar-taxe-noi\/","title":{"rendered":"Sector 3 | Tarifele pentru colectarea de\u0219eurilor reciclabile cresc cu 66,75%. Apar \u0219i taxe noi. UPDATE: Consiliul a aprobat retransmiterea proiectului"},"content":{"rendered":"\n<p><strong>Tarifele pentru colectarea \u0219i transportul de\u0219eurilor reciclabile va cre\u0219te \u00een Sectorul 3 cu 66,75%, dac\u0103 un <a href=\"https:\/\/www.primarie3.ro\/images\/uploads\/consiliu_local\/Punctul_14_din_25.02.2026.pdf\" target=\"_blank\" rel=\"noreferrer noopener\">proiect de hot\u0103r\u00e2re<\/a> propus de Prim\u0103rie va fi aprobat de Consiliul Local. Actul normativ introduce \u0219i taxe noi pentru biode\u0219euri, de\u0219euri biodegradabile \u0219i de\u0219euri electrornice. <\/strong><\/p>\n\n\n\n<p>\u0218edin\u021ba Consiliului Local Sector 3 \u00een cadrul c\u0103reia urmeaz\u0103 s\u0103 fie pus \u00een dezbatere public\u0103 acest proiect urmeaz\u0103 s\u0103 aib\u0103 loc miercuri, 25 februarie, la ora 10:00. <\/p>\n\n\n\n<p><strong><mark style=\"background-color:#8ed1fc\" class=\"has-inline-color has-black-color\">UPDATE 25 februarie: Av\u00e2nd \u00een vedere absen\u021ba unui reprezentant din cadrul Direc\u021biei Generale de Salubritate Sector 3, proiectul de hot\u0103r\u00e2re nu a fost votat \u00een cadrul \u0219edin\u021bei de miercuri. Consiliul Local a aprobat retransmiterea acestuia cu 20 de voturi pentru, 4 \u00eempotriv\u0103 \u0219i 4 ab\u021bineri. <\/mark><\/strong><\/p>\n\n\n\n<h2 class=\"wp-block-heading\" id=\"h-cat-va-costa-colectarea-de\u0219eurilor-reciclabile\">C\u00e2t va costa colectarea de\u0219eurilor reciclabile<\/h2>\n\n\n\n<p>Proiectul de hot\u0103r\u00e2re ce urmeaz\u0103 s\u0103 fie supus votului CL Sector 3 vizeaz\u0103 at\u00e2t modific\u0103ri de tarife, c\u00e2t \u0219i stabilirea unor tarife. Mai precis, este vorba despre:  <\/p>\n\n\n\n<ul class=\"wp-block-list\">\n<li><strong>Modificarea tarifului pentru colectarea separat\u0103 \u0219i transportul separat al de\u0219eurilor reciclabile de h\u00e2rtie, metal, plastic \u0219i sticl\u0103 din de\u0219eurile municipale<\/strong>\n<ul class=\"wp-block-list\">\n<li>Vechiul tarif: 448,94 lei\/ ton\u0103<\/li>\n\n\n\n<li>Noul tarif propus: 748,60 lei\/ ton\u0103 (cu TVA)<\/li>\n<\/ul>\n<\/li>\n\n\n\n<li><strong>Modificarea tarifului pentru colectarea separat\u0103 \u0219i transportul separat al de\u0219eurilor reziduale, inclusiv al reziduurilor menajere \u0219i similare<\/strong>\n<ul class=\"wp-block-list\">\n<li>Vechiul tarif: 281,04 lei\/ ton\u0103, <\/li>\n\n\n\n<li>Noul tarif propus: 441,95 Lei\/ ton\u0103; pentru agen\u021bii economici: 154,69 Lei\/ mc (cu TVA); pentru utilizatorii casnici: 3,59 Lei\/persoan\u0103\/lun\u0103 (cu TVA).<\/li>\n<\/ul>\n<\/li>\n\n\n\n<li><strong>Stabilirea tarifului pentru colectarea separat\u0103 \u0219i transportul separat al biode\u0219eurilor<\/strong>\n<ul class=\"wp-block-list\">\n<li>Tarif propus: 239,98 Lei\/ ton\u0103; pentru agen\u021bii economici: 84,00 Lei\/ mc; pentru utilizatorii casnici: 2,09 Lei\/persoan\u0103\/lun\u0103 (cu TVA)<\/li>\n<\/ul>\n<\/li>\n\n\n\n<li><strong>Stabilirea tarifului pentru colectarea separat\u0103 \u0219i transportul separat al de\u0219euri biodegradabile (de\u0219euri vegetale) provenite din parcuri \u0219i gr\u0103dini<\/strong>\n<ul class=\"wp-block-list\">\n<li>Tarif propus: 139,08 Lei\/ ton\u0103; pentru agen\u021bii economici: 15,46 Lei\/ mc (cu TVA)<\/li>\n<\/ul>\n<\/li>\n\n\n\n<li><strong>Modificarea tarifului pentru colectarea \u0219i transportul de\u0219eurilor provenite din activit\u0103\u021bi de construc\u021bie \u0219i desfiin\u021b\u0103ri construc\u021bii, precum \u0219i a de\u0219eurilor din locuin\u021be, generate de activit\u0103\u021bi de reamenajare \u0219i reabilitare interioar\u0103 \u0219i \/sau exterioar\u0103 a acestora<\/strong>\n<ul class=\"wp-block-list\">\n<li>Vechiul tarif: 172,82 lei\/ ton\u0103,<\/li>\n\n\n\n<li>Noul tarif propus: 274,36 Lei\/ ton\u0103 (cu TVA), 301,79 Lei\/ mc (cu TVA)<\/li>\n<\/ul>\n<\/li>\n\n\n\n<li><strong>Modificarea tarifului pentru colectarea \u0219i transportul de\u0219eurilor voluminoase<\/strong>\n<ul class=\"wp-block-list\">\n<li>Vechiul tarif: 159,17 lei\/ton\u0103,<\/li>\n\n\n\n<li>Noul tarif propus: 246,93 Lei\/ ton\u0103 (cu TVA); 35,89 Lei\/ MC (cu TVA)<\/li>\n<\/ul>\n<\/li>\n\n\n\n<li><strong>Stabilirea tarifului pentru colectarea \u0219i transportul de\u0219eurilor de echipamente electrice \u0219i electronice<\/strong>\n<ul class=\"wp-block-list\">\n<li>Tariful propus: 1.215,72 Lei\/ ton\u0103 (cu TVA). <\/li>\n<\/ul>\n<\/li>\n<\/ul>\n\n\n\n<p><strong>CITE\u0218TE \u0218I <a href=\"https:\/\/buletin.de\/bucuresti\/cei-12-pasi-din-planul-de-redresare-financiara-a-stb\/\" type=\"post\" id=\"175353\">STB propune mai pu\u021bini \u0219efi \u0219i bilete mai scumpe. Care sunt cei \u201e12 pa\u0219i\u201d din planul de redresare financiar\u0103 a companiei<\/a><\/strong><\/p>\n\n\n\n<h2 class=\"wp-block-heading\" id=\"h-cum-s-au-stabilit-pre\u021burile\">Cum s-au stabilit pre\u021burile<\/h2>\n\n\n\n<p><strong>Pentru a determina tarifele au fost luate \u00een calcul cheltuielile \u00eenregistrate \u0219i rapoartele de activitate aferente unui an calendaristic. \u00cen calculul acestora au fost incluse costurile directe, costurile par\u021biale \u0219i costurile indirecte.<\/strong><\/p>\n\n\n\n<p>Costurile directe sunt reprezentate de acele cheltuieli ce se aloc\u0103 integral unei singure activit\u0103\u021bi. Spre exemplu, cheltuielile aferente vehiculelor \u0219i salariilor ce se ocup\u0103 doar de de\u0219eurile reciclabile au fost alocate integral tarifului pentru colectarea \u0219i transportul acestora. <\/p>\n\n\n\n<p>Costurile par\u021biale sunt cele care sunt \u00eemp\u0103r\u021bite \u00eentre mai multe activit\u0103\u021bi. Astfel c\u0103, dac\u0103 un abroll a efectuate curse at\u00e2t pentru de\u0219euri de construc\u021bii, c\u00e2t \u0219i pentru de\u0219euri voluminoase, cheltuielile aferente autoutilitarei au fost repartizate propor\u021bional. <\/p>\n\n\n\n<p><strong><em>\u201eAceast\u0103 metod\u0103 a fost aplicat\u0103 tuturor cheltuielilor care pot fi alocate activit\u0103\u021bilor pentru care au fost \u00eentocmite tarife\u201d, se arat\u0103 \u00een proiectul de hot\u0103r\u00e2re. <\/em><\/strong><\/p>\n\n\n\n<p>Costurile indirecte sunt cele ce nu pot fi atribuite direct unei dintre activit\u0103\u021bile tarifate, dar pe care Direc\u021bia de Salubritate le are. Un exemplu sunt salariile  din cadrul Serviciului Economic \u0219i Gestiune, Serviciului Resurse Umane, Serviciului Achizi\u021bii, etc. \u0218i acestea au fost luate \u00een calcul pentru stabilirea tarifelor. <\/p>\n\n\n\n<p><strong>CITE\u0218TE \u0218I <a href=\"https:\/\/buletin.de\/bucuresti\/se-pregateste-divortul-cu-supercom-la-sectorul-2-rares-hopinca-anunta-dezbatere-publica-pe-noul-contract-de-salubrizare-apelez-la-toti-cetatenii-implicati-si-la-ong-urile\/\" type=\"post\" id=\"175373\">Se preg\u0103te\u0219te \u201edivor\u021bul\u201d cu Supercom la Sectorul 2 | Rare\u0219 Hopinc\u0103 anun\u021b\u0103 dezbatere public\u0103 pe noul contract de salubrizare: \u201eApelez la to\u021bi cet\u0103\u021benii implica\u021bi \u0219i la ONG-urile din domeniu\u201d<\/a><\/strong><\/p>\n\n\n\n<h2 class=\"wp-block-heading\" id=\"h-motivarea-majorarii\">Motivarea major\u0103rii <\/h2>\n\n\n\n<p>\u00cen referatul de aprobare al proiectului de hot\u0103r\u00e2re se men\u021bioneaz\u0103 c\u0103 majorarea tarifelor Direc\u021biei Generale de Salubritate Sector 3 este necesar\u0103 pentru a asigura func\u021bionarea continu\u0103 \u0219i eficient\u0103 a serviciului. Conform documentului, actualele tarife nu sunt aliniate la pia\u021b\u0103 \u0219i nu reflect\u0103 cheltuielile pe care operatorul de salubritate le are. <\/p>\n\n\n\n<p><strong>\u201e\u021ain\u00e2nd cont de necesitatea asigur\u0103rii func\u021bion\u0103rii continue, eficiente \u0219i conforme din punct de vedere legal a serviciului public de salubrizare \u0219i a sustenabilit\u0103\u021bii financiare a acestuia, a alinierii tarifelor la realitatea pie\u021bei \u0219i la cerin\u021bele metodologiei ANRSC, \u00eentruc\u00e2t, la momentul actual acestea nu mai reflect\u0103 structura real\u0103 a cheltuielilor de operare ale serviciului public de salubrizare, a introducerii unor categorii distincte de tarife pentru biode\u0219euri, de\u0219euri vegetale, DEEE, voluminoase \u0219i de\u0219euri din construc\u021bii, precum \u0219i a respect\u0103rii principiilor de eficien\u021b\u0103, legalitate \u0219i transparen\u021b\u0103 \u00een gestionarea fondurilor publice, se impune adoptarea unei hot\u0103r\u00e2ri de Consiliu Local de aprobare a tarifelor\u201d, se precizeaz\u0103 \u00een referatul de aprobare.<\/strong><\/p>\n\n\n\n<p>\u00cen ceea ce prive\u0219te tarifele pentru cur\u0103\u021benia stradal\u0103 \u0219i pentru desz\u0103pezire, pre\u021burile nu vor fi schimbate, conform informa\u021biilor oferite \u00een raportul de specialitate. <\/p>\n\n\n\n<p><strong>\u00centregul proiect de hot\u0103r\u00e2re poate fi consultat <a href=\"https:\/\/www.primarie3.ro\/images\/uploads\/consiliu_local\/Punctul_14_din_25.02.2026.pdf\" target=\"_blank\" rel=\"noreferrer noopener\">AICI<\/a>.<\/strong><\/p>\n\n\n\n<p><strong>CITE\u0218TE \u0218I <a href=\"https:\/\/buletin.de\/bucuresti\/razboiul-sectorului-1-cu-romprest-continua-16-milioane-lei-pe-zi-penalitati-pentru-compania-de-salubrizare-societatea-insista-ca-mai-are-contract-pana-in-2033\/\" type=\"post\" id=\"175463\">R\u0103zboiul Sectorului 1 cu Romprest continu\u0103: 1,6 milioane lei pe zi penalit\u0103\u021bi pentru compania de salubrizare. Societatea insist\u0103 c\u0103 mai are contract p\u00e2n\u0103 \u00een 2033<\/a><\/strong><\/p>\n","protected":false},"excerpt":{"rendered":"<p>Tarifele pentru colectarea \u0219i transportul de\u0219eurilor reciclabile va cre\u0219te \u00een Sectorul 3 cu 66,75%, dac\u0103 un proiect de hot\u0103r\u00e2re propus de Prim\u0103rie va fi aprobat de Consiliul Local. Actul normativ introduce \u0219i taxe noi pentru biode\u0219euri, de\u0219euri biodegradabile \u0219i de\u0219euri electrornice. \u0218edin\u021ba Consiliului Local Sector 3 \u00een cadrul c\u0103reia urmeaz\u0103 s\u0103 fie pus \u00een dezbatere [&hellip;]<\/p>\n","protected":false},"author":66,"featured_media":175567,"comment_status":"closed","ping_status":"open","sticky":false,"template":"","format":"standard","meta":{"_acf_changed":false,"inline_featured_image":false,"ngg_post_thumbnail":0,"footnotes":""},"categories":[6994,5762,24],"tags":[19745,179,3174,4381,105,2565],"ppma_author":[26103],"class_list":["post-175533","post","type-post","status-publish","format-standard","has-post-thumbnail","hentry","category-stiri-2","category-main","category-primarie","tag-consiliul-local-3","tag-deseuri","tag-primaria-sectorului-3","tag-proiect-de-hotarare","tag-sedinta","tag-tarife"],"acf":[],"yoast_head":"<!-- This site is optimized with the Yoast SEO Premium plugin v25.3 (Yoast SEO v27.4) - https:\/\/yoast.com\/product\/yoast-seo-premium-wordpress\/ -->\n<title>Sector 3 | Tarifele pentru colectarea de\u0219eurilor reciclabile cresc cu 66,75%. Apar \u0219i taxe noi. UPDATE: Consiliul a aprobat retransmiterea proiectului - Buletin de Bucure\u0219ti<\/title>\n<meta name=\"description\" content=\"Tarifele pentru colectarea \u0219i transportul de\u0219eurilor reciclabile va cre\u0219te \u00een Sectorul 3 cu 66,75%, arat\u0103 un proiect propus de Prim\u0103rie.\" \/>\n<meta name=\"robots\" content=\"index, follow, max-snippet:-1, max-image-preview:large, max-video-preview:-1\" \/>\n<link rel=\"canonical\" href=\"https:\/\/buletin.de\/bucuresti\/sector-3-tarifele-pentru-colectarea-deseurilor-reciclabile-cresc-cu-6675-apar-taxe-noi\/\" \/>\n<meta property=\"og:locale\" content=\"en_GB\" \/>\n<meta property=\"og:type\" content=\"article\" \/>\n<meta property=\"og:title\" content=\"Sector 3 | Tarifele pentru colectarea de\u0219eurilor reciclabile cresc cu 66,75%. Apar \u0219i taxe noi. UPDATE: Consiliul a aprobat retransmiterea proiectului\" \/>\n<meta property=\"og:description\" content=\"Tarifele pentru colectarea \u0219i transportul de\u0219eurilor reciclabile va cre\u0219te \u00een Sectorul 3 cu 66,75%, arat\u0103 un proiect propus de Prim\u0103rie.\" \/>\n<meta property=\"og:url\" content=\"https:\/\/buletin.de\/bucuresti\/sector-3-tarifele-pentru-colectarea-deseurilor-reciclabile-cresc-cu-6675-apar-taxe-noi\/\" \/>\n<meta property=\"og:site_name\" content=\"Buletin de Bucure\u0219ti\" \/>\n<meta property=\"article:publisher\" content=\"https:\/\/www.facebook.com\/buletin.de.buc\" \/>\n<meta property=\"article:published_time\" content=\"2026-02-20T23:56:00+00:00\" \/>\n<meta property=\"article:modified_time\" content=\"2026-02-25T09:45:17+00:00\" \/>\n<meta property=\"og:image\" content=\"https:\/\/buletin.de\/bucuresti\/wp-content\/uploads\/2026\/02\/ID156149_INQUAM_Photos_George_Calin-scaled.jpg\" \/>\n\t<meta property=\"og:image:width\" content=\"2560\" \/>\n\t<meta property=\"og:image:height\" content=\"1440\" \/>\n\t<meta property=\"og:image:type\" content=\"image\/jpeg\" \/>\n<meta name=\"author\" content=\"Deniz Garguli\" \/>\n<meta name=\"twitter:card\" content=\"summary_large_image\" \/>\n<meta name=\"twitter:label1\" content=\"Written by\" \/>\n\t<meta name=\"twitter:data1\" content=\"Deniz Garguli\" \/>\n\t<meta name=\"twitter:label2\" content=\"Estimated reading time\" \/>\n\t<meta name=\"twitter:data2\" content=\"4 minutes\" \/>\n<script type=\"application\/ld+json\" class=\"yoast-schema-graph\">{\"@context\":\"https:\\\/\\\/schema.org\",\"@graph\":[{\"@type\":\"Article\",\"@id\":\"https:\\\/\\\/buletin.de\\\/bucuresti\\\/sector-3-tarifele-pentru-colectarea-deseurilor-reciclabile-cresc-cu-6675-apar-taxe-noi\\\/#article\",\"isPartOf\":{\"@id\":\"https:\\\/\\\/buletin.de\\\/bucuresti\\\/sector-3-tarifele-pentru-colectarea-deseurilor-reciclabile-cresc-cu-6675-apar-taxe-noi\\\/\"},\"author\":{\"name\":\"Deniz Garguli\",\"@id\":\"https:\\\/\\\/buletin.de\\\/bucuresti\\\/#\\\/schema\\\/person\\\/8badd0805392c02e16b744e0d5cd3625\"},\"headline\":\"Sector 3 | Tarifele pentru colectarea de\u0219eurilor reciclabile cresc cu 66,75%. Apar \u0219i taxe noi. UPDATE: Consiliul a aprobat retransmiterea proiectului\",\"datePublished\":\"2026-02-20T23:56:00+00:00\",\"dateModified\":\"2026-02-25T09:45:17+00:00\",\"mainEntityOfPage\":{\"@id\":\"https:\\\/\\\/buletin.de\\\/bucuresti\\\/sector-3-tarifele-pentru-colectarea-deseurilor-reciclabile-cresc-cu-6675-apar-taxe-noi\\\/\"},\"wordCount\":923,\"publisher\":{\"@id\":\"https:\\\/\\\/buletin.de\\\/bucuresti\\\/#organization\"},\"image\":{\"@id\":\"https:\\\/\\\/buletin.de\\\/bucuresti\\\/sector-3-tarifele-pentru-colectarea-deseurilor-reciclabile-cresc-cu-6675-apar-taxe-noi\\\/#primaryimage\"},\"thumbnailUrl\":\"https:\\\/\\\/buletin.de\\\/bucuresti\\\/wp-content\\\/uploads\\\/2026\\\/02\\\/ID156149_INQUAM_Photos_George_Calin-scaled.jpg\",\"keywords\":[\"Consiliul Local 3\",\"deseuri\",\"primaria sectorului 3\",\"proiect de hot\u0103r\u00e2re\",\"sedinta\",\"tarife\"],\"articleSection\":[\"Articole\",\"Main\",\"Prim\u0103rie\"],\"inLanguage\":\"en-GB\",\"copyrightYear\":\"2026\",\"copyrightHolder\":{\"@id\":\"https:\\\/\\\/buletin.de\\\/bucuresti\\\/#organization\"}},{\"@type\":\"WebPage\",\"@id\":\"https:\\\/\\\/buletin.de\\\/bucuresti\\\/sector-3-tarifele-pentru-colectarea-deseurilor-reciclabile-cresc-cu-6675-apar-taxe-noi\\\/\",\"url\":\"https:\\\/\\\/buletin.de\\\/bucuresti\\\/sector-3-tarifele-pentru-colectarea-deseurilor-reciclabile-cresc-cu-6675-apar-taxe-noi\\\/\",\"name\":\"Sector 3 | Tarifele pentru colectarea de\u0219eurilor reciclabile cresc cu 66,75%. Apar \u0219i taxe noi. UPDATE: Consiliul a aprobat retransmiterea proiectului - Buletin de Bucure\u0219ti\",\"isPartOf\":{\"@id\":\"https:\\\/\\\/buletin.de\\\/bucuresti\\\/#website\"},\"primaryImageOfPage\":{\"@id\":\"https:\\\/\\\/buletin.de\\\/bucuresti\\\/sector-3-tarifele-pentru-colectarea-deseurilor-reciclabile-cresc-cu-6675-apar-taxe-noi\\\/#primaryimage\"},\"image\":{\"@id\":\"https:\\\/\\\/buletin.de\\\/bucuresti\\\/sector-3-tarifele-pentru-colectarea-deseurilor-reciclabile-cresc-cu-6675-apar-taxe-noi\\\/#primaryimage\"},\"thumbnailUrl\":\"https:\\\/\\\/buletin.de\\\/bucuresti\\\/wp-content\\\/uploads\\\/2026\\\/02\\\/ID156149_INQUAM_Photos_George_Calin-scaled.jpg\",\"datePublished\":\"2026-02-20T23:56:00+00:00\",\"dateModified\":\"2026-02-25T09:45:17+00:00\",\"description\":\"Tarifele pentru colectarea \u0219i transportul de\u0219eurilor reciclabile va cre\u0219te \u00een Sectorul 3 cu 66,75%, arat\u0103 un proiect propus de Prim\u0103rie.\",\"breadcrumb\":{\"@id\":\"https:\\\/\\\/buletin.de\\\/bucuresti\\\/sector-3-tarifele-pentru-colectarea-deseurilor-reciclabile-cresc-cu-6675-apar-taxe-noi\\\/#breadcrumb\"},\"inLanguage\":\"en-GB\",\"potentialAction\":[{\"@type\":\"ReadAction\",\"target\":[\"https:\\\/\\\/buletin.de\\\/bucuresti\\\/sector-3-tarifele-pentru-colectarea-deseurilor-reciclabile-cresc-cu-6675-apar-taxe-noi\\\/\"]}]},{\"@type\":\"ImageObject\",\"inLanguage\":\"en-GB\",\"@id\":\"https:\\\/\\\/buletin.de\\\/bucuresti\\\/sector-3-tarifele-pentru-colectarea-deseurilor-reciclabile-cresc-cu-6675-apar-taxe-noi\\\/#primaryimage\",\"url\":\"https:\\\/\\\/buletin.de\\\/bucuresti\\\/wp-content\\\/uploads\\\/2026\\\/02\\\/ID156149_INQUAM_Photos_George_Calin-scaled.jpg\",\"contentUrl\":\"https:\\\/\\\/buletin.de\\\/bucuresti\\\/wp-content\\\/uploads\\\/2026\\\/02\\\/ID156149_INQUAM_Photos_George_Calin-scaled.jpg\",\"width\":2560,\"height\":1440,\"caption\":\"Sector 3 | Noi tarife pentru colectarea gunoiului. Proiectul, discutat miercuri de Consiliul Local. FOTO: Inquam Photos \\\/ George C\u0103lin\"},{\"@type\":\"BreadcrumbList\",\"@id\":\"https:\\\/\\\/buletin.de\\\/bucuresti\\\/sector-3-tarifele-pentru-colectarea-deseurilor-reciclabile-cresc-cu-6675-apar-taxe-noi\\\/#breadcrumb\",\"itemListElement\":[{\"@type\":\"ListItem\",\"position\":1,\"name\":\"Acas\u0103\",\"item\":\"https:\\\/\\\/buletin.de\\\/bucuresti\\\/\"},{\"@type\":\"ListItem\",\"position\":2,\"name\":\"Sector 3 | Tarifele pentru colectarea de\u0219eurilor reciclabile cresc cu 66,75%. Apar \u0219i taxe noi. UPDATE: Consiliul a aprobat retransmiterea proiectului\"}]},{\"@type\":\"WebSite\",\"@id\":\"https:\\\/\\\/buletin.de\\\/bucuresti\\\/#website\",\"url\":\"https:\\\/\\\/buletin.de\\\/bucuresti\\\/\",\"name\":\"Buletin de Bucure\u0219ti\",\"description\":\"\u0218tiri \u0219i investiga\u021bii esen\u021biale din capital\u0103\",\"publisher\":{\"@id\":\"https:\\\/\\\/buletin.de\\\/bucuresti\\\/#organization\"},\"potentialAction\":[{\"@type\":\"SearchAction\",\"target\":{\"@type\":\"EntryPoint\",\"urlTemplate\":\"https:\\\/\\\/buletin.de\\\/bucuresti\\\/?s={search_term_string}\"},\"query-input\":{\"@type\":\"PropertyValueSpecification\",\"valueRequired\":true,\"valueName\":\"search_term_string\"}}],\"inLanguage\":\"en-GB\"},{\"@type\":\"Organization\",\"@id\":\"https:\\\/\\\/buletin.de\\\/bucuresti\\\/#organization\",\"name\":\"Buletin de Bucure\u0219ti\",\"url\":\"https:\\\/\\\/buletin.de\\\/bucuresti\\\/\",\"logo\":{\"@type\":\"ImageObject\",\"inLanguage\":\"en-GB\",\"@id\":\"https:\\\/\\\/buletin.de\\\/bucuresti\\\/#\\\/schema\\\/logo\\\/image\\\/\",\"url\":\"https:\\\/\\\/buletin.de\\\/bucuresti\\\/wp-content\\\/uploads\\\/logo-bdb-full-wide-vernil-transparent.png\",\"contentUrl\":\"https:\\\/\\\/buletin.de\\\/bucuresti\\\/wp-content\\\/uploads\\\/logo-bdb-full-wide-vernil-transparent.png\",\"width\":1782,\"height\":626,\"caption\":\"Buletin de Bucure\u0219ti\"},\"image\":{\"@id\":\"https:\\\/\\\/buletin.de\\\/bucuresti\\\/#\\\/schema\\\/logo\\\/image\\\/\"},\"sameAs\":[\"https:\\\/\\\/www.facebook.com\\\/buletin.de.buc\",\"https:\\\/\\\/www.instagram.com\\\/buletinde.bucuresti\\\/\"]},{\"@type\":\"Person\",\"@id\":\"https:\\\/\\\/buletin.de\\\/bucuresti\\\/#\\\/schema\\\/person\\\/8badd0805392c02e16b744e0d5cd3625\",\"name\":\"Deniz Garguli\",\"image\":{\"@type\":\"ImageObject\",\"inLanguage\":\"en-GB\",\"@id\":\"https:\\\/\\\/buletin.de\\\/bucuresti\\\/wp-content\\\/uploads\\\/2026\\\/01\\\/79b44b20-a270-4ee6-afb3-fdf3c7ef7782-96x96.jpege2491ce6d396dbf7c1362e9ef046c803\",\"url\":\"https:\\\/\\\/buletin.de\\\/bucuresti\\\/wp-content\\\/uploads\\\/2026\\\/01\\\/79b44b20-a270-4ee6-afb3-fdf3c7ef7782-96x96.jpeg\",\"contentUrl\":\"https:\\\/\\\/buletin.de\\\/bucuresti\\\/wp-content\\\/uploads\\\/2026\\\/01\\\/79b44b20-a270-4ee6-afb3-fdf3c7ef7782-96x96.jpeg\",\"caption\":\"Deniz Garguli\"},\"description\":\"N\u0103scut\u0103 \u0219i crescut\u0103 \u00een Capital\u0103, dorin\u021ba de a fi la curent cu tot ce se \u00eent\u00e2mpl\u0103 \u00een Bucure\u0219ti a \u00eempins-o c\u0103tre pres\u0103, mai cu seam\u0103 c\u0103tre cea local\u0103. A lucrat vreme de patru ani la B365, unde s-a ocupat de \u0219tiri despre ora\u0219 \u0219i oamenii care locuiesc \u00een el. Din 2026 s-a al\u0103turat echipei Buletin de Bucure\u0219ti.\",\"url\":\"https:\\\/\\\/buletin.de\\\/bucuresti\\\/author\\\/deniz-garguli\\\/\"}]}<\/script>\n<!-- \/ Yoast SEO Premium plugin. -->","yoast_head_json":{"title":"Sector 3 | Tarifele pentru colectarea de\u0219eurilor reciclabile cresc cu 66,75%. Apar \u0219i taxe noi. UPDATE: Consiliul a aprobat retransmiterea proiectului - Buletin de Bucure\u0219ti","description":"Tarifele pentru colectarea \u0219i transportul de\u0219eurilor reciclabile va cre\u0219te \u00een Sectorul 3 cu 66,75%, arat\u0103 un proiect propus de Prim\u0103rie.","robots":{"index":"index","follow":"follow","max-snippet":"max-snippet:-1","max-image-preview":"max-image-preview:large","max-video-preview":"max-video-preview:-1"},"canonical":"https:\/\/buletin.de\/bucuresti\/sector-3-tarifele-pentru-colectarea-deseurilor-reciclabile-cresc-cu-6675-apar-taxe-noi\/","og_locale":"en_GB","og_type":"article","og_title":"Sector 3 | Tarifele pentru colectarea de\u0219eurilor reciclabile cresc cu 66,75%. Apar \u0219i taxe noi. UPDATE: Consiliul a aprobat retransmiterea proiectului","og_description":"Tarifele pentru colectarea \u0219i transportul de\u0219eurilor reciclabile va cre\u0219te \u00een Sectorul 3 cu 66,75%, arat\u0103 un proiect propus de Prim\u0103rie.","og_url":"https:\/\/buletin.de\/bucuresti\/sector-3-tarifele-pentru-colectarea-deseurilor-reciclabile-cresc-cu-6675-apar-taxe-noi\/","og_site_name":"Buletin de Bucure\u0219ti","article_publisher":"https:\/\/www.facebook.com\/buletin.de.buc","article_published_time":"2026-02-20T23:56:00+00:00","article_modified_time":"2026-02-25T09:45:17+00:00","og_image":[{"width":2560,"height":1440,"url":"https:\/\/buletin.de\/bucuresti\/wp-content\/uploads\/2026\/02\/ID156149_INQUAM_Photos_George_Calin-scaled.jpg","type":"image\/jpeg"}],"author":"Deniz Garguli","twitter_card":"summary_large_image","twitter_misc":{"Written by":"Deniz Garguli","Estimated reading time":"4 minutes"},"schema":{"@context":"https:\/\/schema.org","@graph":[{"@type":"Article","@id":"https:\/\/buletin.de\/bucuresti\/sector-3-tarifele-pentru-colectarea-deseurilor-reciclabile-cresc-cu-6675-apar-taxe-noi\/#article","isPartOf":{"@id":"https:\/\/buletin.de\/bucuresti\/sector-3-tarifele-pentru-colectarea-deseurilor-reciclabile-cresc-cu-6675-apar-taxe-noi\/"},"author":{"name":"Deniz Garguli","@id":"https:\/\/buletin.de\/bucuresti\/#\/schema\/person\/8badd0805392c02e16b744e0d5cd3625"},"headline":"Sector 3 | Tarifele pentru colectarea de\u0219eurilor reciclabile cresc cu 66,75%. Apar \u0219i taxe noi. UPDATE: Consiliul a aprobat retransmiterea proiectului","datePublished":"2026-02-20T23:56:00+00:00","dateModified":"2026-02-25T09:45:17+00:00","mainEntityOfPage":{"@id":"https:\/\/buletin.de\/bucuresti\/sector-3-tarifele-pentru-colectarea-deseurilor-reciclabile-cresc-cu-6675-apar-taxe-noi\/"},"wordCount":923,"publisher":{"@id":"https:\/\/buletin.de\/bucuresti\/#organization"},"image":{"@id":"https:\/\/buletin.de\/bucuresti\/sector-3-tarifele-pentru-colectarea-deseurilor-reciclabile-cresc-cu-6675-apar-taxe-noi\/#primaryimage"},"thumbnailUrl":"https:\/\/buletin.de\/bucuresti\/wp-content\/uploads\/2026\/02\/ID156149_INQUAM_Photos_George_Calin-scaled.jpg","keywords":["Consiliul Local 3","deseuri","primaria sectorului 3","proiect de hot\u0103r\u00e2re","sedinta","tarife"],"articleSection":["Articole","Main","Prim\u0103rie"],"inLanguage":"en-GB","copyrightYear":"2026","copyrightHolder":{"@id":"https:\/\/buletin.de\/bucuresti\/#organization"}},{"@type":"WebPage","@id":"https:\/\/buletin.de\/bucuresti\/sector-3-tarifele-pentru-colectarea-deseurilor-reciclabile-cresc-cu-6675-apar-taxe-noi\/","url":"https:\/\/buletin.de\/bucuresti\/sector-3-tarifele-pentru-colectarea-deseurilor-reciclabile-cresc-cu-6675-apar-taxe-noi\/","name":"Sector 3 | Tarifele pentru colectarea de\u0219eurilor reciclabile cresc cu 66,75%. Apar \u0219i taxe noi. UPDATE: Consiliul a aprobat retransmiterea proiectului - Buletin de Bucure\u0219ti","isPartOf":{"@id":"https:\/\/buletin.de\/bucuresti\/#website"},"primaryImageOfPage":{"@id":"https:\/\/buletin.de\/bucuresti\/sector-3-tarifele-pentru-colectarea-deseurilor-reciclabile-cresc-cu-6675-apar-taxe-noi\/#primaryimage"},"image":{"@id":"https:\/\/buletin.de\/bucuresti\/sector-3-tarifele-pentru-colectarea-deseurilor-reciclabile-cresc-cu-6675-apar-taxe-noi\/#primaryimage"},"thumbnailUrl":"https:\/\/buletin.de\/bucuresti\/wp-content\/uploads\/2026\/02\/ID156149_INQUAM_Photos_George_Calin-scaled.jpg","datePublished":"2026-02-20T23:56:00+00:00","dateModified":"2026-02-25T09:45:17+00:00","description":"Tarifele pentru colectarea \u0219i transportul de\u0219eurilor reciclabile va cre\u0219te \u00een Sectorul 3 cu 66,75%, arat\u0103 un proiect propus de Prim\u0103rie.","breadcrumb":{"@id":"https:\/\/buletin.de\/bucuresti\/sector-3-tarifele-pentru-colectarea-deseurilor-reciclabile-cresc-cu-6675-apar-taxe-noi\/#breadcrumb"},"inLanguage":"en-GB","potentialAction":[{"@type":"ReadAction","target":["https:\/\/buletin.de\/bucuresti\/sector-3-tarifele-pentru-colectarea-deseurilor-reciclabile-cresc-cu-6675-apar-taxe-noi\/"]}]},{"@type":"ImageObject","inLanguage":"en-GB","@id":"https:\/\/buletin.de\/bucuresti\/sector-3-tarifele-pentru-colectarea-deseurilor-reciclabile-cresc-cu-6675-apar-taxe-noi\/#primaryimage","url":"https:\/\/buletin.de\/bucuresti\/wp-content\/uploads\/2026\/02\/ID156149_INQUAM_Photos_George_Calin-scaled.jpg","contentUrl":"https:\/\/buletin.de\/bucuresti\/wp-content\/uploads\/2026\/02\/ID156149_INQUAM_Photos_George_Calin-scaled.jpg","width":2560,"height":1440,"caption":"Sector 3 | Noi tarife pentru colectarea gunoiului. Proiectul, discutat miercuri de Consiliul Local. FOTO: Inquam Photos \/ George C\u0103lin"},{"@type":"BreadcrumbList","@id":"https:\/\/buletin.de\/bucuresti\/sector-3-tarifele-pentru-colectarea-deseurilor-reciclabile-cresc-cu-6675-apar-taxe-noi\/#breadcrumb","itemListElement":[{"@type":"ListItem","position":1,"name":"Acas\u0103","item":"https:\/\/buletin.de\/bucuresti\/"},{"@type":"ListItem","position":2,"name":"Sector 3 | Tarifele pentru colectarea de\u0219eurilor reciclabile cresc cu 66,75%. Apar \u0219i taxe noi. UPDATE: Consiliul a aprobat retransmiterea proiectului"}]},{"@type":"WebSite","@id":"https:\/\/buletin.de\/bucuresti\/#website","url":"https:\/\/buletin.de\/bucuresti\/","name":"Buletin de Bucure\u0219ti","description":"\u0218tiri \u0219i investiga\u021bii esen\u021biale din capital\u0103","publisher":{"@id":"https:\/\/buletin.de\/bucuresti\/#organization"},"potentialAction":[{"@type":"SearchAction","target":{"@type":"EntryPoint","urlTemplate":"https:\/\/buletin.de\/bucuresti\/?s={search_term_string}"},"query-input":{"@type":"PropertyValueSpecification","valueRequired":true,"valueName":"search_term_string"}}],"inLanguage":"en-GB"},{"@type":"Organization","@id":"https:\/\/buletin.de\/bucuresti\/#organization","name":"Buletin de Bucure\u0219ti","url":"https:\/\/buletin.de\/bucuresti\/","logo":{"@type":"ImageObject","inLanguage":"en-GB","@id":"https:\/\/buletin.de\/bucuresti\/#\/schema\/logo\/image\/","url":"https:\/\/buletin.de\/bucuresti\/wp-content\/uploads\/logo-bdb-full-wide-vernil-transparent.png","contentUrl":"https:\/\/buletin.de\/bucuresti\/wp-content\/uploads\/logo-bdb-full-wide-vernil-transparent.png","width":1782,"height":626,"caption":"Buletin de Bucure\u0219ti"},"image":{"@id":"https:\/\/buletin.de\/bucuresti\/#\/schema\/logo\/image\/"},"sameAs":["https:\/\/www.facebook.com\/buletin.de.buc","https:\/\/www.instagram.com\/buletinde.bucuresti\/"]},{"@type":"Person","@id":"https:\/\/buletin.de\/bucuresti\/#\/schema\/person\/8badd0805392c02e16b744e0d5cd3625","name":"Deniz Garguli","image":{"@type":"ImageObject","inLanguage":"en-GB","@id":"https:\/\/buletin.de\/bucuresti\/wp-content\/uploads\/2026\/01\/79b44b20-a270-4ee6-afb3-fdf3c7ef7782-96x96.jpege2491ce6d396dbf7c1362e9ef046c803","url":"https:\/\/buletin.de\/bucuresti\/wp-content\/uploads\/2026\/01\/79b44b20-a270-4ee6-afb3-fdf3c7ef7782-96x96.jpeg","contentUrl":"https:\/\/buletin.de\/bucuresti\/wp-content\/uploads\/2026\/01\/79b44b20-a270-4ee6-afb3-fdf3c7ef7782-96x96.jpeg","caption":"Deniz Garguli"},"description":"N\u0103scut\u0103 \u0219i crescut\u0103 \u00een Capital\u0103, dorin\u021ba de a fi la curent cu tot ce se \u00eent\u00e2mpl\u0103 \u00een Bucure\u0219ti a \u00eempins-o c\u0103tre pres\u0103, mai cu seam\u0103 c\u0103tre cea local\u0103. A lucrat vreme de patru ani la B365, unde s-a ocupat de \u0219tiri despre ora\u0219 \u0219i oamenii care locuiesc \u00een el. Din 2026 s-a al\u0103turat echipei Buletin de Bucure\u0219ti.","url":"https:\/\/buletin.de\/bucuresti\/author\/deniz-garguli\/"}]}},"authors":[{"term_id":26103,"user_id":66,"is_guest":0,"slug":"deniz-garguli","display_name":"Deniz Garguli","avatar_url":"https:\/\/buletin.de\/bucuresti\/wp-content\/uploads\/2026\/01\/79b44b20-a270-4ee6-afb3-fdf3c7ef7782-96x96.jpeg","0":null,"1":"","2":"","3":"","4":"","5":"","6":"","7":"","8":""}],"_links":{"self":[{"href":"https:\/\/buletin.de\/bucuresti\/wp-json\/wp\/v2\/posts\/175533","targetHints":{"allow":["GET"]}}],"collection":[{"href":"https:\/\/buletin.de\/bucuresti\/wp-json\/wp\/v2\/posts"}],"about":[{"href":"https:\/\/buletin.de\/bucuresti\/wp-json\/wp\/v2\/types\/post"}],"author":[{"embeddable":true,"href":"https:\/\/buletin.de\/bucuresti\/wp-json\/wp\/v2\/users\/66"}],"replies":[{"embeddable":true,"href":"https:\/\/buletin.de\/bucuresti\/wp-json\/wp\/v2\/comments?post=175533"}],"version-history":[{"count":7,"href":"https:\/\/buletin.de\/bucuresti\/wp-json\/wp\/v2\/posts\/175533\/revisions"}],"predecessor-version":[{"id":176639,"href":"https:\/\/buletin.de\/bucuresti\/wp-json\/wp\/v2\/posts\/175533\/revisions\/176639"}],"wp:featuredmedia":[{"embeddable":true,"href":"https:\/\/buletin.de\/bucuresti\/wp-json\/wp\/v2\/media\/175567"}],"wp:attachment":[{"href":"https:\/\/buletin.de\/bucuresti\/wp-json\/wp\/v2\/media?parent=175533"}],"wp:term":[{"taxonomy":"category","embeddable":true,"href":"https:\/\/buletin.de\/bucuresti\/wp-json\/wp\/v2\/categories?post=175533"},{"taxonomy":"post_tag","embeddable":true,"href":"https:\/\/buletin.de\/bucuresti\/wp-json\/wp\/v2\/tags?post=175533"},{"taxonomy":"author","embeddable":true,"href":"https:\/\/buletin.de\/bucuresti\/wp-json\/wp\/v2\/ppma_author?post=175533"}],"curies":[{"name":"wp","href":"https:\/\/api.w.org\/{rel}","templated":true}]}}