{"id":17436,"date":"2020-12-30T21:06:45","date_gmt":"2020-12-30T18:06:45","guid":{"rendered":"https:\/\/buletin.de\/bucuresti\/?p=17436"},"modified":"2020-12-30T21:31:45","modified_gmt":"2020-12-30T18:31:45","slug":"achizitii-de-pandemie-dgaspc-sector-3-cea-mai-mare-achizitie-de-servicii-de-asistenta-sociala-din-istoria-seap-450-000-de-euro","status":"publish","type":"post","link":"https:\/\/buletin.de\/bucuresti\/achizitii-de-pandemie-dgaspc-sector-3-cea-mai-mare-achizitie-de-servicii-de-asistenta-sociala-din-istoria-seap-450-000-de-euro\/","title":{"rendered":"Achizi\u021bii de pandemie | DGASPC Sector 3, cea mai mare achizi\u021bie de servicii de asisten\u021b\u0103 social\u0103 din istoria SEAP &#8211; 450.000 de euro"},"content":{"rendered":"\n<div class=\"wp-block-group\"><div class=\"wp-block-group__inner-container is-layout-flow wp-block-group-is-layout-flow\">\n<div class=\"wp-block-image\"><figure class=\"aligncenter size-large is-resized\"><a href=\"https:\/\/activecitizensfund.ro\" target=\"_blank\" rel=\"noopener noreferrer\"><img fetchpriority=\"high\" decoding=\"async\" src=\"data:image\/gif;base64,R0lGODlhAQABAAAAACH5BAEKAAEALAAAAAABAAEAAAICTAEAOw==\" data-src=\"https:\/\/buletin.de\/bucuresti\/wp-content\/uploads\/Active-citizens-fund@4x-1-900x316.png\" alt=\"\" class=\"wp-image-11980 lazyload\" width=\"450\" height=\"158\" data-sizes=\"auto\" data-srcset=\"https:\/\/buletin.de\/bucuresti\/wp-content\/uploads\/Active-citizens-fund@4x-1-900x316.png 900w, https:\/\/buletin.de\/bucuresti\/wp-content\/uploads\/Active-citizens-fund@4x-1-300x105.png 300w, https:\/\/buletin.de\/bucuresti\/wp-content\/uploads\/Active-citizens-fund@4x-1-768x270.png 768w, https:\/\/buletin.de\/bucuresti\/wp-content\/uploads\/Active-citizens-fund@4x-1-1536x539.png 1536w, https:\/\/buletin.de\/bucuresti\/wp-content\/uploads\/Active-citizens-fund@4x-1-2048x719.png 2048w, https:\/\/buletin.de\/bucuresti\/wp-content\/uploads\/Active-citizens-fund@4x-1-1060x372.png 1060w, https:\/\/buletin.de\/bucuresti\/wp-content\/uploads\/Active-citizens-fund@4x-1-550x193.png 550w, https:\/\/buletin.de\/bucuresti\/wp-content\/uploads\/Active-citizens-fund@4x-1-1425x500.png 1425w, https:\/\/buletin.de\/bucuresti\/wp-content\/uploads\/Active-citizens-fund@4x-1-1920x674.png 1920w, https:\/\/buletin.de\/bucuresti\/wp-content\/uploads\/Active-citizens-fund@4x-1-600x211.png 600w\" sizes=\"(max-width: 450px) 100vw, 450px\" \/><\/a><\/figure><\/div>\n\n\n\n<div style=\"height:20px\" aria-hidden=\"true\" class=\"wp-block-spacer\"><\/div>\n<\/div><\/div>\n\n\n\n<p>\u00cen plin\u0103 stare de urgen\u021b\u0103, Direc\u021bia General\u0103 de Asisten\u021b\u0103 Social\u0103 \u0219i Protec\u021bia Copilului, Sector 3 se decide s\u0103 plaseze 100 de persoane aflate \u00een grija statului, \u00een \u00eengrijirea unor ter\u021bi, servicii sociale cu plat\u0103. Cei 100 de oameni au fost \u00eemp\u0103r\u021bi\u021bi \u00een loturi, dup\u0103 gradul de handicap, sau nevoile pe care le au, \u0219i sco\u0219i la licita\u021bie. Doar dou\u0103 din cele 5 loturi, scoase la mezat pe SEAP au fost \u00eens\u0103 adjudecate, a\u0219a c\u0103 DGSAPC a cump\u0103rat prin achizi\u021bie direct\u0103 restul de servicii. \u0218i a\u0219a au ajuns 65 de oameni, la un c\u0103min al Funda\u021biei Alexandru Ioan Cuza din Buz\u0103u, pentru care direc\u021bia va pl\u0103ti, p\u00e2n\u0103 la sf\u00e2r\u0219itul anului, o sum\u0103 fabuloas\u0103 &#8211; 450.000 de euro. C\u0103minul cu pricina a fost \u00eenchis temporar \u00een 2014, \u00een urma unor nereguli grave descoperite acolo &#8211; bolnavii psihic erau tortura\u021bi, b\u0103tu\u021bi, \u00eenfometa\u021bi \u0219i droga\u021bi.<\/p>\n\n\n\n<h2 class=\"wp-block-heading\">Prima licita\u021bie &#8211; 19.03.2020<\/h2>\n\n\n\n<p>Prioritatea \u00eenceputului de an a fost pentru DGSAPC Sector 3, externalizarea unor servicii de asisten\u021b\u0103 social\u0103 pentru aproximativ 100 de persoane, aflate p\u00e2n\u0103 atunci \u00een \u00eengrijirea direc\u021biei. <\/p>\n\n\n\n<p>\u00centr-un r\u0103spuns pentru Buletin de Bucure\u0219ti, DGASPC Sector 3 \u00ee\u0219i justific\u0103 decizia prin lipsa locurilor pentru ace\u0219ti oameni, \u00een centrele proprii.<\/p>\n\n\n\n<figure class=\"wp-block-image size-large is-resized\"><a href=\"https:\/\/buletin.de\/bucuresti\/wp-content\/uploads\/image-386.png\"><img decoding=\"async\" src=\"data:image\/gif;base64,R0lGODlhAQABAAAAACH5BAEKAAEALAAAAAABAAEAAAICTAEAOw==\" data-src=\"https:\/\/buletin.de\/bucuresti\/wp-content\/uploads\/image-386.png\" alt=\"\" class=\"wp-image-17454 lazyload\" width=\"649\" height=\"206\" data-sizes=\"auto\" data-srcset=\"https:\/\/buletin.de\/bucuresti\/wp-content\/uploads\/image-386.png 585w, https:\/\/buletin.de\/bucuresti\/wp-content\/uploads\/image-386-300x95.png 300w, https:\/\/buletin.de\/bucuresti\/wp-content\/uploads\/image-386-550x175.png 550w\" sizes=\"(max-width: 649px) 100vw, 649px\" \/><\/a><\/figure>\n\n\n\n<p>A\u0219a c\u0103, oamenii afla\u021bi \u00een dificultate au fost lotiza\u021bi, \u0219i \u00eengrijirea lor scoas\u0103 la licita\u021bie. Cele 5 loturi erau alc\u0103tuite \u00een func\u021bie de probleme medicale. <\/p>\n\n\n\n<p>Lotul 1 &#8211; Persoane adulte cu handicap seropozitive &#8211; 8<\/p>\n\n\n\n<p>Lotul 2 &#8211; Persoane adulte cu handicap autonome &#8211; 2<\/p>\n\n\n\n<p>Lotul 3 &#8211; Persoane adulte cu handicap care au un grad de autonomie ridicat &#8211; 10<\/p>\n\n\n\n<p>Lotul 4 &#8211; Tineri cu handicap proveni\u021bi din sistemul de protec\u021bie a copilului &#8211; 14<\/p>\n\n\n\n<p>Lotul 5 &#8211; Persoane adulte cu handicap dependente par\u021bial\/integral cu dizabilit\u0103\u021bi psihice, mentale asociate &#8211; min 62- max 96<\/p>\n\n\n\n<p>\u0218i contractul cadru este publicat \u00een SEAP.<\/p>\n\n\n\n<figure class=\"wp-block-image size-large\"><a href=\"https:\/\/buletin.de\/bucuresti\/wp-content\/uploads\/image-385.png\"><img decoding=\"async\" width=\"465\" height=\"291\" src=\"data:image\/gif;base64,R0lGODlhAQABAAAAACH5BAEKAAEALAAAAAABAAEAAAICTAEAOw==\" data-src=\"https:\/\/buletin.de\/bucuresti\/wp-content\/uploads\/image-385.png\" alt=\"\" class=\"wp-image-17453 lazyload\" data-sizes=\"auto\" data-srcset=\"https:\/\/buletin.de\/bucuresti\/wp-content\/uploads\/image-385.png 465w, https:\/\/buletin.de\/bucuresti\/wp-content\/uploads\/image-385-300x188.png 300w\" sizes=\"(max-width: 465px) 100vw, 465px\" \/><\/a><\/figure>\n\n\n\n<p>Valoarea totala a contractului 5,2 milioane de lei. Din cele 5 loturi, sunt atribuite dup\u0103 licita\u021bie 2, Lotul 1 \u0219i 3. Valoarea total\u0103 a contractului cadru, pentru cele 2 loturi, este de 720.000 de lei.  <\/p>\n\n\n\n<p>DGASPC Sector 3, scoate la licita\u021bie, pentru a doua oar\u0103, pe 30.04.2020 cele 3 loturi r\u0103mase, dar f\u0103r\u0103 succes. Nu este depus\u0103 nicio ofert\u0103.<\/p>\n\n\n\n<h2 class=\"wp-block-heading\">V\u00e2nzarea direct\u0103 a loturilor de oameni<\/h2>\n\n\n\n<p>Pe 15 mai, conducerea DGSAPC decide c\u0103 e momentul s\u0103 treac\u0103 la achizi\u021bii directe, pentru cele 3 loturi r\u0103mase, \u00een urma licita\u021biei. <\/p>\n\n\n\n<figure class=\"wp-block-image size-large\"><a href=\"https:\/\/buletin.de\/bucuresti\/wp-content\/uploads\/image-387.png\"><img loading=\"lazy\" decoding=\"async\" width=\"900\" height=\"506\" src=\"data:image\/gif;base64,R0lGODlhAQABAAAAACH5BAEKAAEALAAAAAABAAEAAAICTAEAOw==\" data-src=\"https:\/\/buletin.de\/bucuresti\/wp-content\/uploads\/image-387-900x506.png\" alt=\"\" class=\"wp-image-17455 lazyload\" data-sizes=\"auto\" data-srcset=\"https:\/\/buletin.de\/bucuresti\/wp-content\/uploads\/image-387-900x506.png 900w, https:\/\/buletin.de\/bucuresti\/wp-content\/uploads\/image-387-300x169.png 300w, https:\/\/buletin.de\/bucuresti\/wp-content\/uploads\/image-387-768x432.png 768w, https:\/\/buletin.de\/bucuresti\/wp-content\/uploads\/image-387-1060x596.png 1060w, https:\/\/buletin.de\/bucuresti\/wp-content\/uploads\/image-387-550x309.png 550w, https:\/\/buletin.de\/bucuresti\/wp-content\/uploads\/image-387-889x500.png 889w, https:\/\/buletin.de\/bucuresti\/wp-content\/uploads\/image-387-600x337.png 600w, https:\/\/buletin.de\/bucuresti\/wp-content\/uploads\/image-387.png 1366w\" sizes=\"(max-width: 900px) 100vw, 900px\" \/><\/a><\/figure>\n\n\n\n<p>\u0218i se g\u0103sesc ofertan\u021bi pentru toate cele 3 loturi. <\/p>\n\n\n\n<p>Interesant este c\u0103, doi dintre cei ale\u0219i din catalogul electronic participaser\u0103 \u0219i la licita\u021bia desf\u0103\u0219urat\u0103 \u00een aprilie, Asocia\u021bia Don Orione \u0219i Funda\u021bia Alexandru Ioan Cuza, dar nu se calificaser\u0103.<\/p>\n\n\n\n<p>De data aceasta, au ob\u021binut contractele f\u0103r\u0103 probleme.<\/p>\n\n\n\n<div class=\"wp-block-group\"><div class=\"wp-block-group__inner-container is-layout-flow wp-block-group-is-layout-flow\">\n<p>Asocia\u021bia Don Orione a c\u00e2\u0219tigat lotul 4 \u0219i urma s\u0103 aib\u0103 \u00een \u00eengrijire 14 persoane, la pre\u021bul de 3900 de lei pe lun\u0103, de beneficiar.<\/p>\n<\/div><\/div>\n\n\n\n<p>Funda\u021bia Fara s-a angajat s\u0103 aib\u0103 grij\u0103 de 2 persoane, cele din Lotul 2, \u00een schimbul a 1980 de lei\/lun\u0103, de persoan\u0103.<\/p>\n\n\n\n<p>Lotul 5, cel mai mare a revenit Funda\u021biei Alexandru Ioan Cuza, din Buz\u0103u.<\/p>\n\n\n\n<h2 class=\"wp-block-heading\">Cea mai mare achizi\u021bie direct\u0103 de servicii sociale, din istoria SEAP<\/h2>\n\n\n\n<p>65 de oameni, cu probleme medicale grave au plecat din Bucure\u0219ti, la c\u0103minul din comuna Cern\u0103te\u0219ti, sat Aldeni, jude\u021bul Buz\u0103u. Pentru \u00eengrijirea lor, \u00een urm\u0103toarele 7 luni, Funda\u021bia va primi o sum\u0103 fabuloas\u0103 &#8211; aproape 450.000 de euro, 1000 de euro pe lun\u0103, pentru fiecare om.<\/p>\n\n\n\n<figure class=\"wp-block-image size-large is-resized\"><a href=\"https:\/\/buletin.de\/bucuresti\/wp-content\/uploads\/image-388.png\"><img loading=\"lazy\" decoding=\"async\" src=\"data:image\/gif;base64,R0lGODlhAQABAAAAACH5BAEKAAEALAAAAAABAAEAAAICTAEAOw==\" data-src=\"https:\/\/buletin.de\/bucuresti\/wp-content\/uploads\/image-388-900x506.png\" alt=\"\" class=\"wp-image-17457 lazyload\" width=\"651\" height=\"366\" data-sizes=\"auto\" data-srcset=\"https:\/\/buletin.de\/bucuresti\/wp-content\/uploads\/image-388-900x506.png 900w, https:\/\/buletin.de\/bucuresti\/wp-content\/uploads\/image-388-300x169.png 300w, https:\/\/buletin.de\/bucuresti\/wp-content\/uploads\/image-388-768x432.png 768w, https:\/\/buletin.de\/bucuresti\/wp-content\/uploads\/image-388-1060x596.png 1060w, https:\/\/buletin.de\/bucuresti\/wp-content\/uploads\/image-388-550x309.png 550w, https:\/\/buletin.de\/bucuresti\/wp-content\/uploads\/image-388-889x500.png 889w, https:\/\/buletin.de\/bucuresti\/wp-content\/uploads\/image-388-600x337.png 600w, https:\/\/buletin.de\/bucuresti\/wp-content\/uploads\/image-388.png 1366w\" sizes=\"(max-width: 651px) 100vw, 651px\" \/><\/a><\/figure>\n\n\n\n<p> \u00cen fiecare lun\u0103, din conturile DGASPC Sector 3 ajung \u00een cele ale funda\u021biei \u00een jur de 250.000 de lei.<\/p>\n\n\n\n<figure class=\"wp-block-image size-large\"><a href=\"https:\/\/buletin.de\/bucuresti\/wp-content\/uploads\/image-389.png\"><img loading=\"lazy\" decoding=\"async\" width=\"900\" height=\"506\" src=\"data:image\/gif;base64,R0lGODlhAQABAAAAACH5BAEKAAEALAAAAAABAAEAAAICTAEAOw==\" data-src=\"https:\/\/buletin.de\/bucuresti\/wp-content\/uploads\/image-389-900x506.png\" alt=\"\" class=\"wp-image-17460 lazyload\" data-sizes=\"auto\" data-srcset=\"https:\/\/buletin.de\/bucuresti\/wp-content\/uploads\/image-389-900x506.png 900w, https:\/\/buletin.de\/bucuresti\/wp-content\/uploads\/image-389-300x169.png 300w, https:\/\/buletin.de\/bucuresti\/wp-content\/uploads\/image-389-768x432.png 768w, https:\/\/buletin.de\/bucuresti\/wp-content\/uploads\/image-389-1060x596.png 1060w, https:\/\/buletin.de\/bucuresti\/wp-content\/uploads\/image-389-550x309.png 550w, https:\/\/buletin.de\/bucuresti\/wp-content\/uploads\/image-389-889x500.png 889w, https:\/\/buletin.de\/bucuresti\/wp-content\/uploads\/image-389-600x337.png 600w, https:\/\/buletin.de\/bucuresti\/wp-content\/uploads\/image-389.png 1366w\" sizes=\"(max-width: 900px) 100vw, 900px\" \/><\/a><\/figure>\n\n\n\n<p><\/p>\n\n\n\n<h2 class=\"wp-block-heading\">C\u0103minul ororilor de la Aldeni &#8211; &#8220;<em>Ne distrug aici, ne omoar\u0103<\/em>&#8220;<\/h2>\n\n\n\n<p>Despre c\u0103minul unde au ajuns cei 65 de oameni, cu domiciliu \u00een sectorul 3 din Bucure\u0219ti, dar care au nevoie de \u00eengrijire, s-a scris mult de-a lungul timpului. <\/p>\n\n\n\n<p>Primele informa\u021bii despre neregulile de acolo au ap\u0103rut \u00eentr-un raport al Centrului pentru Resurse Juridice, \u00een urma unei vizite inopinate, \u00een noiembrie 2013. Atunci, \u00een c\u0103minul privat destinat \u00eengrijirii persoanelor cu probleme psihice se aflau 11 oameni din Bucure\u0219ti, Sectorul 6, afla\u021bi aici printr-o decizie a CL Sector 6.<\/p>\n\n\n\n<figure class=\"wp-block-image size-large is-resized\"><a href=\"https:\/\/buletin.de\/bucuresti\/wp-content\/uploads\/image-390.png\"><img loading=\"lazy\" decoding=\"async\" src=\"data:image\/gif;base64,R0lGODlhAQABAAAAACH5BAEKAAEALAAAAAABAAEAAAICTAEAOw==\" data-src=\"https:\/\/buletin.de\/bucuresti\/wp-content\/uploads\/image-390.png\" alt=\"\" class=\"wp-image-17465 lazyload\" width=\"572\" height=\"261\" data-sizes=\"auto\" data-srcset=\"https:\/\/buletin.de\/bucuresti\/wp-content\/uploads\/image-390.png 506w, https:\/\/buletin.de\/bucuresti\/wp-content\/uploads\/image-390-300x137.png 300w\" sizes=\"(max-width: 572px) 100vw, 572px\" \/><\/a><figcaption>Raport CRJ &#8211; Camin Aldeni<\/figcaption><\/figure>\n\n\n\n<p>Iar lista ororilor g\u0103site de reprezenta\u021bii CRJ pare f\u0103r\u0103 sf\u00e2r\u0219it &#8211; oameni b\u0103tu\u021bi, \u00eenfometa\u021bi, droga\u021bi p\u00e2n\u0103 la incon\u0219tien\u021b\u0103, lipsa oric\u0103ror mijloace de petrecere a timpului.<\/p>\n\n\n\n<p>\u00cen februarie 2014, reprezentan\u021bii CRJ au mers din nou la C\u0103minul de la Aldeni, iar concluziile au fost \u0219i mai crunte &#8211;&nbsp;<em>\u201econdi\u021bii materiale precare, agresiuni asupra beneficiarilor, neacordarea tratamentelor medicale, avorturi for\u021bate, \u00eenc\u0103lc\u0103ri ale vie\u021bii private \u0219i decese cauzate de lipsa de \u00eengrijire<\/em>\u201d &#8211; <a href=\"http:\/\/www.crj.ro\/pledoarie-pentru-demnitate\/sprijin-in-implementarea-articolului-19-viata-independenta-si-integrare-in-comunitate\/harta-dezinstitutionalizarii\/?fbclid=IwAR1tLJwyjBl08QLYOzViWr0FRgH1bOA8oUzWgDrUsu9WYVV37WDRCIvtavg\">raport CRJ<\/a><\/p>\n\n\n\n<figure class=\"wp-block-image size-large is-resized\"><a href=\"https:\/\/buletin.de\/bucuresti\/wp-content\/uploads\/image-391.png\"><img loading=\"lazy\" decoding=\"async\" src=\"data:image\/gif;base64,R0lGODlhAQABAAAAACH5BAEKAAEALAAAAAABAAEAAAICTAEAOw==\" data-src=\"https:\/\/buletin.de\/bucuresti\/wp-content\/uploads\/image-391-900x506.png\" alt=\"\" class=\"wp-image-17467 lazyload\" width=\"633\" height=\"356\" data-sizes=\"auto\" data-srcset=\"https:\/\/buletin.de\/bucuresti\/wp-content\/uploads\/image-391-900x506.png 900w, https:\/\/buletin.de\/bucuresti\/wp-content\/uploads\/image-391-300x169.png 300w, https:\/\/buletin.de\/bucuresti\/wp-content\/uploads\/image-391-768x432.png 768w, https:\/\/buletin.de\/bucuresti\/wp-content\/uploads\/image-391-1060x596.png 1060w, https:\/\/buletin.de\/bucuresti\/wp-content\/uploads\/image-391-550x309.png 550w, https:\/\/buletin.de\/bucuresti\/wp-content\/uploads\/image-391-889x500.png 889w, https:\/\/buletin.de\/bucuresti\/wp-content\/uploads\/image-391-600x337.png 600w, https:\/\/buletin.de\/bucuresti\/wp-content\/uploads\/image-391.png 1366w\" sizes=\"(max-width: 633px) 100vw, 633px\" \/><\/a><figcaption>Raport CRJ &#8211; februarie 2014<\/figcaption><\/figure>\n\n\n\n<p>Patronul C\u0103minului, Vasile Alexandru se alege cu o pl\u00e2ngere penal\u0103 dar scap\u0103 doar cu o amend\u0103 de &#8230; 5000 de lei.<\/p>\n\n\n\n<p>\u00cen iulie 2014, dup\u0103 o serie de tentative de suicid ale unor persoane \u00eenternate acolo, C\u0103minul de la Aldeni, ajunge din nou \u00een aten\u021bia public\u0103. Presa local\u0103 din Buz\u0103u vorbea, din nou, despre abuzuri inimaginabile, mizerie \u0219i dezumanizare.<\/p>\n\n\n\n<blockquote class=\"wp-block-quote is-layout-flow wp-block-quote-is-layout-flow\"><p><em>Copii maltrata\u021bi, b\u0103tu\u021bi, mor\u021bi de foame. Au \u00eenceput, de o s\u0103pt\u0103m\u00e2n\u0103, cei care sunt mai zdraveni s\u0103 plece, s\u0103 fug\u0103, s\u0103 se duc\u0103 dup\u0103 ei. Angaja\u021bi prea pu\u021bini, mult\u0103 munc\u0103. Dac\u0103 ar avea angaja\u021bi suficien\u021bi, ar fi bine \u00eengriji\u021bi. Dar pe d\u00e2nsul nu-l intereseaz\u0103 dec\u00e2t s\u0103 amenin\u021be \u0219i distrac\u021biile. Pe pacien\u021bi \u00eei bate, \u00eei amenin\u021b\u0103 cu un electro\u0219oc<\/em><\/p><cite>Otilia Serban, fosta infirmiera la Caminul Aldeni, pentru Stiri de Buzau &#8211; iulie 2014<\/cite><\/blockquote>\n\n\n\n<figure class=\"wp-block-embed is-type-video is-provider-youtube wp-block-embed-youtube wp-embed-aspect-4-3 wp-has-aspect-ratio\"><div class=\"wp-block-embed__wrapper\">\n<div class=\"jlvid_container\"><iframe title=\"Buzau, sincron Otilia Serban infirmiera camin Aldeni\" width=\"1200\" height=\"900\" src=\"https:\/\/www.youtube.com\/embed\/JUo-JxDT0oM?feature=oembed\" frameborder=\"0\" allow=\"accelerometer; autoplay; clipboard-write; encrypted-media; gyroscope; picture-in-picture; web-share\" allowfullscreen><\/iframe><\/div>\n<\/div><\/figure>\n\n\n\n<p>C\u0103minul a fost \u00eenchis apoi, pentru o reamenajare, \u0219i din 2017 a func\u021bionat permanent.<\/p>\n\n\n\n<p>\u00cen r\u0103spunsul dat de DGASPC Sector 3, solicit\u0103rii Buletin de Bucure\u0219ti se men\u021bioneaz\u0103 c\u0103 pl\u00e2ngerea penal\u0103 pentru rele tratamente, pe numele pre\u0219edintelui funda\u021biei nu e un criteriu de selec\u021bie.<\/p>\n\n\n\n<figure class=\"wp-block-image size-large is-resized\"><a href=\"https:\/\/buletin.de\/bucuresti\/wp-content\/uploads\/image-392.png\"><img loading=\"lazy\" decoding=\"async\" src=\"data:image\/gif;base64,R0lGODlhAQABAAAAACH5BAEKAAEALAAAAAABAAEAAAICTAEAOw==\" data-src=\"https:\/\/buletin.de\/bucuresti\/wp-content\/uploads\/image-392.png\" alt=\"\" class=\"wp-image-17471 lazyload\" width=\"587\" height=\"151\" data-sizes=\"auto\" data-srcset=\"https:\/\/buletin.de\/bucuresti\/wp-content\/uploads\/image-392.png 439w, https:\/\/buletin.de\/bucuresti\/wp-content\/uploads\/image-392-300x77.png 300w\" sizes=\"(max-width: 587px) 100vw, 587px\" \/><\/a><\/figure>\n\n\n\n<h2 class=\"wp-block-heading\">Fo\u0219tii reziden\u021bi de la Aldeni au fost reloca\u021bi pentru a face loc &#8220;bucure\u0219tenilor&#8221;<\/h2>\n\n\n\n<p>\u00cen luna noiembrie, reprezentan\u021bii CRJ au mers, din nou, la Aldeni. Au g\u0103sit acolo 65 de oameni, to\u021bi trimi\u0219i aici \u00een baza contractului cu DGASPC Sector 3. Fo\u0219tii reziden\u021bi ai c\u0103minului au fost transfera\u021bi, la alte centre de acest tip din \u021bar\u0103.<\/p>\n\n\n\n<blockquote class=\"wp-block-quote is-layout-flow wp-block-quote-is-layout-flow\"><p>Din date furnizate de conducerea centrului a reie\u0219it c\u0103, din acest centru, au fost transfera\u021bi \u00een luna septembrie a.c. 35 de oameni, pentru a se conforma cerin\u021belor de restructurare a centrului conform legii nr 448\/2006. Dintre reziden\u021bi, 33 provin de la DGASPC Sector 6, 1 reintegrat \u00een familie \u00een Bucure\u0219ti \u0219i o persoan\u0103 decedat\u0103 (un v\u00e2rstnic de aproximativ 80 de ani). Cei 33 au fost transfera\u021bi \u00eentr-un alt centru privat din Giurgiu, &#8220;Romantic Club&#8221;, fost centru pentru persoane v\u00e2rstnice. (&#8230;) Managerii de caz pentru reziden\u021bii apar\u021bin\u00e2nd DGASPC sector 3 vin trimestrial \u00een centru, ultima dat\u0103 efectu\u00e2nd vizit\u0103 \u00een august. Cei 65 de oameni r\u0103ma\u0219i \u00een centru apar\u021bin to\u021bi DGASPC S3 care au men\u021bionat c\u0103 nu au unde s\u0103-i duc\u0103 pe reziden\u021bii r\u0103ma\u0219i.<\/p><cite>Georgiana Pascu &#8211; manager de proiect CRJ<\/cite><\/blockquote>\n\n\n\n<p>Echipa de la CRJ nu a reu\u0219it s\u0103 \u0219i intre \u00een centru, pentru a sta de vorb\u0103 cu oamenii. Conducerea a motivat c\u0103 sunt dup\u0103 masa de pr\u00e2nz \u0219i dorm.<\/p>\n\n\n\n<blockquote class=\"wp-block-quote is-layout-flow wp-block-quote-is-layout-flow\"><p>Acesta un indicator elementar al institu\u021bionalizarii si lipsei de activit\u0103\u021bi individualizate \u00eentr-un centru: &#8220;adormirea&#8221; tuturor \u00een acela\u0219i interval orar. Este pu\u021bin probabil ca 60 de oameni sa aib\u0103 nevoi identice si prin &#8220;adormirea&#8221; tuturor persoanelor in timpul vizitei CRJ, conducerea funda\u021biei a dat de \u00een\u021beles ca nu i\u0219i dorea ca CRJ s\u0103 stea de vorb\u0103 cu persoanele institu\u021bionalizate acolo. <\/p><cite>Georgiana Pascu &#8211; manager de proiect CRJ<\/cite><\/blockquote>\n\n\n\n<p>Concluzia vizitei &#8211; &#8220;<em>starea de fapt nu difer\u0103 cu mult de cea observat\u0103 acum c\u00e2\u021biva ani c\u00e2nd am denun\u021bat abuzurile \u0219i procurorii au clasat cauza.<\/em>&#8220;<\/p>\n\n\n\n<p>\u00cen noiembrie, unul dintre cei 65 de oameni trimi\u0219i s\u0103 tr\u0103iasc\u0103 la Aldeni a murit. Costurile \u00eenhum\u0103rii sale au costat 2400 de lei, achita\u021bi de DGSAPC Sector 3.<\/p>\n\n\n\n<figure class=\"wp-block-image size-large\"><img loading=\"lazy\" decoding=\"async\" width=\"459\" height=\"351\" src=\"data:image\/gif;base64,R0lGODlhAQABAAAAACH5BAEKAAEALAAAAAABAAEAAAICTAEAOw==\" data-src=\"https:\/\/buletin.de\/bucuresti\/wp-content\/uploads\/image-393.png\" alt=\"\" class=\"wp-image-17479 lazyload\" data-sizes=\"auto\" data-srcset=\"https:\/\/buletin.de\/bucuresti\/wp-content\/uploads\/image-393.png 459w, https:\/\/buletin.de\/bucuresti\/wp-content\/uploads\/image-393-300x229.png 300w\" sizes=\"(max-width: 459px) 100vw, 459px\" \/><\/figure>\n\n\n\n<h2 class=\"wp-block-heading\">Despre dezinstitu\u021bionalizare \u00een Rom\u00e2nia &#8211; opinia speciali\u0219tilor<\/h2>\n\n\n\n<blockquote class=\"wp-block-quote is-layout-flow wp-block-quote-is-layout-flow\"><p>Dreptul persoanelor cu dizabilit\u0103\u021bi de a trai in comunitate este statuat prin articolul 19 din Legea nr. 221\/2010 de ratificare a Conven\u021biei privind drepturile persoanelor cu dizabilit\u0103\u021bi coroborat cu Legea privind persoanele cu handicap, prin care s-a stabilit c\u0103 centrele cu mai mult de 50 de persoane sa nu mai primeasc\u0103 finan\u021bare de la bugetul de stat (\u00een anumite condi\u021bii si gradual \u00eentr-o perioada de trei ani care a \u00eenceput acum doi ani). Deoarece dreptul la via\u021b\u0103 demn\u0103 \u0219i independent\u0103 \u00een comunitate presupune ca persoana cu dizabilit\u0103\u021bi s\u0103 aleag\u0103 locul, unde \u0219i cu cine s\u0103 tr\u0103iasc\u0103, ar fi imposibil de imaginat cum un proces de licita\u021bie si externalizare prin crearea de loturi de persoane, ar putea sa respecte chiar si minimal aceasta cerin\u021b\u0103. Persoanele care ar avea dificult\u0103\u021bi \u00een a decide ar trebui sa beneficieze de sprijin \u00een luarea deciziilor, \u0219i care, evident, ar trebui sa fie independent \u0219i nu furnizat for\u021bat. Acordarea consim\u021b\u0103m\u00e2ntului informat este elementar in tot acest proces: pentru ca o persoana sa i\u0219i dea acordul pentru a se muta de la Bucure\u0219ti la Aldeni \u0219i apoi la Giurgiu \u0219i \u00eenapoi la Aldeni \u0219i tot a\u0219a, ar fi nevoie ca persoana s\u0103 viziteze mai multe locuri, s\u0103 \u00eei cunoasc\u0103 pe oamenii care deja locuiesc acolo, pe speciali\u0219tii care lucreaz\u0103 \u00een aceste centre \u0219i s\u0103 decid\u0103 dac\u0103 i\u0219i las\u0103 la o distan\u021b\u0103 de sute de km familia si apropia\u021bii. Cu at\u00e2t mai mult in perioada unei pandemii \u00een care comunicarea se realizeaz\u0103 cu mare dificultate. Loturi de persoane cu dizabilit\u0103\u021bi nu ar trebui sa existe \u00een procesul de externalizare a serviciilor sociale de tip reziden\u021bial acordate persoanelor cu dizabilit\u0103\u021bi. Ar trebui &#8220;cump\u0103rate&#8221; serviciile care r\u0103spund cel mai bine fiec\u0103rei persoane \u0219i astea ar trebui sa constea nu \u00een centre cu zeci si sute de oameni pe care statul roman s-a angajat sa le \u00eenchid\u0103, ci in servicii de locuire in comunitate, acces la formare voca\u021bional\u0103, angajare si sprijin in luarea deciziilor. Furnizorii priva\u021bi de servicii sociale au acelea\u0219i obliga\u021bii ca si cei publici: s\u0103 asigure integrarea \u00een comunitate \u0219i s\u0103 nu mai izoleze oamenii cu dizabilit\u0103\u021bi \u00een centre depersonalizate \u021bi ascunse departe de ochii lumii. Statul roman poate fi g\u0103sit vinovat de Comisia European\u0103 pentru \u00eenc\u0103lcarea angajamentelor asumate.<\/p><cite>Georgiana Pascu &#8211; manager de proiect CRJ<\/cite><\/blockquote>\n\n\n\n<div style=\"height:40px\" aria-hidden=\"true\" class=\"wp-block-spacer\"><\/div>\n\n\n\n<style>\n.disclaimerACF {\ndisplay: block;\nmax-width: 550px;\nmargin-top:-10px;\nmargin-left:auto;\nmargin-right:auto;\n}\n<\/style>\n\n\n\n<p class=\"disclaimerACF has-small-font-size\">Acest articol face parte din <strong><a href=\"https:\/\/buletin.de\/bucuresti\/buletin-de-bucuresti-in-pandemie\/\" data-type=\"URL\" data-id=\"https:\/\/buletin.de\/bucuresti\/buletin-de-bucuresti-in-pandemie\/\" target=\"_blank\" rel=\"noreferrer noopener\">\u201eBuletin de Bucure\u0219ti \u00een pandemie&#8221;<\/a>, <\/strong>o serie \u00een care investig\u0103m achizi\u021biile publice din jude\u021bul Ilfov \u0219i Bucure\u0219ti, \u00een contextul pandemiei Covid-19<\/p>\n\n\n\n<p class=\"has-text-align-left disclaimerACF\" style=\"font-size:12px\"><em>Proiect derulat de Asocia\u021bia Funky Citizens cu sprijinul financiar <a rel=\"noreferrer noopener\" aria-label=\"Active Citizens Fund Rom\u00e2nia (opens in a new tab)\" href=\"https:\/\/activecitizensfund.ro\" target=\"_blank\">Active Citizens Fund Rom\u00e2nia<\/a>, program finan\u021bat de Islanda, Liechtenstein \u0219i Norvegia prin Granturile SEE 2014-2021. Con\u021binutul acestui material nu reprezint\u0103 \u00een mod necesar pozi\u021bia oficial\u0103 a Granturilor SEE \u0219i Norvegiene 2014-2021; pentru mai multe informa\u021bii accesa\u021bi <a href=\"http:\/\/www.eeagrants.org\">www.eeagrants.org<\/a>. Informa\u021bii suplimentare pot fi g\u0103site pe paginile web&nbsp;<a href=\"http:\/\/www.activecitizensfund.ro\/\">www.activecitizensfund.ro<\/a>&nbsp;\u0219i&nbsp;<a href=\"http:\/\/www.eeagrants.org\/\">www.eeagrants.org<\/a>.<\/em><\/p>\n\n\n\n<p class=\"has-text-align-center\"><strong>Lucr\u0103m \u00eempreun\u0103 pentru o Europ\u0103&nbsp;<span style=\"color:#009b75\" class=\"has-inline-color\">verde<\/span>,&nbsp;<span style=\"color:#df4d3e\">competitiv\u0103<\/span>&nbsp;\u0219i&nbsp;<span style=\"color:#006ca7\">incluziv\u0103<\/span><\/strong>.<\/p>\n\n\n\n<p class=\"has-text-align-center\">Proiect derulat de<\/p>\n\n\n\n<div style=\"margin-top: -30px;\" class=\"wp-block-image\"><figure class=\"aligncenter size-large is-resized\"><img decoding=\"async\" src=\"data:image\/gif;base64,R0lGODlhAQABAAAAACH5BAEKAAEALAAAAAABAAEAAAICTAEAOw==\" data-src=\"https:\/\/buletin.de\/bucuresti\/wp-content\/uploads\/logo-funky-citizens-2016-1.png\" alt=\"\" class=\"wp-image-10395 lazyload\" width=\"200\" height=\"NaN\" data-sizes=\"auto\" data-srcset=\"https:\/\/buletin.de\/bucuresti\/wp-content\/uploads\/logo-funky-citizens-2016-1.png 650w, https:\/\/buletin.de\/bucuresti\/wp-content\/uploads\/logo-funky-citizens-2016-1-600x277.png 600w, https:\/\/buletin.de\/bucuresti\/wp-content\/uploads\/logo-funky-citizens-2016-1-300x138.png 300w, https:\/\/buletin.de\/bucuresti\/wp-content\/uploads\/logo-funky-citizens-2016-1-550x254.png 550w\" sizes=\"(max-width: 650px) 100vw, 650px\" \/><\/figure><\/div>\n\n\n\n<p>Sursa FOTO Facebook Vadim Chiriac<\/p>\n","protected":false},"excerpt":{"rendered":"<p>\u00cen plin\u0103 stare de urgen\u021b\u0103, Direc\u021bia General\u0103 de Asisten\u021b\u0103 Social\u0103 \u0219i Protec\u021bia Copilului, Sector 3 se decide s\u0103 plaseze 100 de persoane aflate \u00een grija statului, \u00een \u00eengrijirea unor ter\u021bi, servicii sociale cu plat\u0103. Cei 100 de oameni au fost \u00eemp\u0103r\u021bi\u021bi \u00een loturi, dup\u0103 gradul de handicap, sau nevoile pe care le au, \u0219i sco\u0219i [&hellip;]<\/p>\n","protected":false},"author":18,"featured_media":17486,"comment_status":"closed","ping_status":"open","sticky":false,"template":"","format":"standard","meta":{"_acf_changed":false,"inline_featured_image":false,"ngg_post_thumbnail":0,"footnotes":""},"categories":[1585],"tags":[],"ppma_author":[22579],"class_list":["post-17436","post","type-post","status-publish","format-standard","has-post-thumbnail","hentry","category-buletin-de-bucuresti-in-pandemie"],"acf":[],"yoast_head":"<!-- This site is optimized with the Yoast SEO Premium plugin v25.3 (Yoast SEO v27.4) - https:\/\/yoast.com\/product\/yoast-seo-premium-wordpress\/ -->\n<title>Achizi\u021bii de pandemie | DGASPC Sector 3, cea mai mare achizi\u021bie de servicii de asisten\u021b\u0103 social\u0103 din istoria SEAP - 450.000 de euro - Buletin de Bucure\u0219ti<\/title>\n<meta name=\"robots\" content=\"index, follow, max-snippet:-1, max-image-preview:large, max-video-preview:-1\" \/>\n<link rel=\"canonical\" href=\"https:\/\/buletin.de\/bucuresti\/achizitii-de-pandemie-dgaspc-sector-3-cea-mai-mare-achizitie-de-servicii-de-asistenta-sociala-din-istoria-seap-450-000-de-euro\/\" \/>\n<meta property=\"og:locale\" content=\"en_GB\" \/>\n<meta property=\"og:type\" content=\"article\" \/>\n<meta property=\"og:title\" content=\"Achizi\u021bii de pandemie | DGASPC Sector 3, cea mai mare achizi\u021bie de servicii de asisten\u021b\u0103 social\u0103 din istoria SEAP - 450.000 de euro\" \/>\n<meta property=\"og:description\" content=\"\u00cen plin\u0103 stare de urgen\u021b\u0103, Direc\u021bia General\u0103 de Asisten\u021b\u0103 Social\u0103 \u0219i Protec\u021bia Copilului, Sector 3 se decide s\u0103 plaseze 100 de persoane aflate \u00een grija statului, \u00een \u00eengrijirea unor ter\u021bi, servicii sociale cu plat\u0103. Cei 100 de oameni au fost \u00eemp\u0103r\u021bi\u021bi \u00een loturi, dup\u0103 gradul de handicap, sau nevoile pe care le au, \u0219i sco\u0219i [&hellip;]\" \/>\n<meta property=\"og:url\" content=\"https:\/\/buletin.de\/bucuresti\/achizitii-de-pandemie-dgaspc-sector-3-cea-mai-mare-achizitie-de-servicii-de-asistenta-sociala-din-istoria-seap-450-000-de-euro\/\" \/>\n<meta property=\"og:site_name\" content=\"Buletin de Bucure\u0219ti\" \/>\n<meta property=\"article:publisher\" content=\"https:\/\/www.facebook.com\/buletin.de.buc\" \/>\n<meta property=\"article:published_time\" content=\"2020-12-30T18:06:45+00:00\" \/>\n<meta property=\"article:modified_time\" content=\"2020-12-30T18:31:45+00:00\" \/>\n<meta property=\"og:image\" content=\"https:\/\/buletin.de\/bucuresti\/wp-content\/uploads\/aldeni.jpg\" \/>\n\t<meta property=\"og:image:width\" content=\"2048\" \/>\n\t<meta property=\"og:image:height\" content=\"1365\" \/>\n\t<meta property=\"og:image:type\" content=\"image\/jpeg\" \/>\n<meta name=\"author\" content=\"Teodora Stroe\" \/>\n<meta name=\"twitter:card\" content=\"summary_large_image\" \/>\n<meta name=\"twitter:label1\" content=\"Written by\" \/>\n\t<meta name=\"twitter:data1\" content=\"Teodora Stroe\" \/>\n\t<meta name=\"twitter:label2\" content=\"Estimated reading time\" \/>\n\t<meta name=\"twitter:data2\" content=\"9 minutes\" \/>\n<script type=\"application\/ld+json\" class=\"yoast-schema-graph\">{\"@context\":\"https:\\\/\\\/schema.org\",\"@graph\":[{\"@type\":\"Article\",\"@id\":\"https:\\\/\\\/buletin.de\\\/bucuresti\\\/achizitii-de-pandemie-dgaspc-sector-3-cea-mai-mare-achizitie-de-servicii-de-asistenta-sociala-din-istoria-seap-450-000-de-euro\\\/#article\",\"isPartOf\":{\"@id\":\"https:\\\/\\\/buletin.de\\\/bucuresti\\\/achizitii-de-pandemie-dgaspc-sector-3-cea-mai-mare-achizitie-de-servicii-de-asistenta-sociala-din-istoria-seap-450-000-de-euro\\\/\"},\"author\":{\"name\":\"Teodora Stroe\",\"@id\":\"https:\\\/\\\/buletin.de\\\/bucuresti\\\/#\\\/schema\\\/person\\\/d369d7ddc775abece205795e0b804614\"},\"headline\":\"Achizi\u021bii de pandemie | DGASPC Sector 3, cea mai mare achizi\u021bie de servicii de asisten\u021b\u0103 social\u0103 din istoria SEAP &#8211; 450.000 de euro\",\"datePublished\":\"2020-12-30T18:06:45+00:00\",\"dateModified\":\"2020-12-30T18:31:45+00:00\",\"mainEntityOfPage\":{\"@id\":\"https:\\\/\\\/buletin.de\\\/bucuresti\\\/achizitii-de-pandemie-dgaspc-sector-3-cea-mai-mare-achizitie-de-servicii-de-asistenta-sociala-din-istoria-seap-450-000-de-euro\\\/\"},\"wordCount\":1807,\"publisher\":{\"@id\":\"https:\\\/\\\/buletin.de\\\/bucuresti\\\/#organization\"},\"image\":{\"@id\":\"https:\\\/\\\/buletin.de\\\/bucuresti\\\/achizitii-de-pandemie-dgaspc-sector-3-cea-mai-mare-achizitie-de-servicii-de-asistenta-sociala-din-istoria-seap-450-000-de-euro\\\/#primaryimage\"},\"thumbnailUrl\":\"https:\\\/\\\/buletin.de\\\/bucuresti\\\/wp-content\\\/uploads\\\/aldeni.jpg\",\"articleSection\":[\"Buletin de Bucure\u0219ti \u00een pandemie\"],\"inLanguage\":\"en-GB\",\"copyrightYear\":\"2020\",\"copyrightHolder\":{\"@id\":\"https:\\\/\\\/buletin.de\\\/bucuresti\\\/#organization\"}},{\"@type\":\"WebPage\",\"@id\":\"https:\\\/\\\/buletin.de\\\/bucuresti\\\/achizitii-de-pandemie-dgaspc-sector-3-cea-mai-mare-achizitie-de-servicii-de-asistenta-sociala-din-istoria-seap-450-000-de-euro\\\/\",\"url\":\"https:\\\/\\\/buletin.de\\\/bucuresti\\\/achizitii-de-pandemie-dgaspc-sector-3-cea-mai-mare-achizitie-de-servicii-de-asistenta-sociala-din-istoria-seap-450-000-de-euro\\\/\",\"name\":\"Achizi\u021bii de pandemie | DGASPC Sector 3, cea mai mare achizi\u021bie de servicii de asisten\u021b\u0103 social\u0103 din istoria SEAP - 450.000 de euro - Buletin de Bucure\u0219ti\",\"isPartOf\":{\"@id\":\"https:\\\/\\\/buletin.de\\\/bucuresti\\\/#website\"},\"primaryImageOfPage\":{\"@id\":\"https:\\\/\\\/buletin.de\\\/bucuresti\\\/achizitii-de-pandemie-dgaspc-sector-3-cea-mai-mare-achizitie-de-servicii-de-asistenta-sociala-din-istoria-seap-450-000-de-euro\\\/#primaryimage\"},\"image\":{\"@id\":\"https:\\\/\\\/buletin.de\\\/bucuresti\\\/achizitii-de-pandemie-dgaspc-sector-3-cea-mai-mare-achizitie-de-servicii-de-asistenta-sociala-din-istoria-seap-450-000-de-euro\\\/#primaryimage\"},\"thumbnailUrl\":\"https:\\\/\\\/buletin.de\\\/bucuresti\\\/wp-content\\\/uploads\\\/aldeni.jpg\",\"datePublished\":\"2020-12-30T18:06:45+00:00\",\"dateModified\":\"2020-12-30T18:31:45+00:00\",\"breadcrumb\":{\"@id\":\"https:\\\/\\\/buletin.de\\\/bucuresti\\\/achizitii-de-pandemie-dgaspc-sector-3-cea-mai-mare-achizitie-de-servicii-de-asistenta-sociala-din-istoria-seap-450-000-de-euro\\\/#breadcrumb\"},\"inLanguage\":\"en-GB\",\"potentialAction\":[{\"@type\":\"ReadAction\",\"target\":[\"https:\\\/\\\/buletin.de\\\/bucuresti\\\/achizitii-de-pandemie-dgaspc-sector-3-cea-mai-mare-achizitie-de-servicii-de-asistenta-sociala-din-istoria-seap-450-000-de-euro\\\/\"]}]},{\"@type\":\"ImageObject\",\"inLanguage\":\"en-GB\",\"@id\":\"https:\\\/\\\/buletin.de\\\/bucuresti\\\/achizitii-de-pandemie-dgaspc-sector-3-cea-mai-mare-achizitie-de-servicii-de-asistenta-sociala-din-istoria-seap-450-000-de-euro\\\/#primaryimage\",\"url\":\"https:\\\/\\\/buletin.de\\\/bucuresti\\\/wp-content\\\/uploads\\\/aldeni.jpg\",\"contentUrl\":\"https:\\\/\\\/buletin.de\\\/bucuresti\\\/wp-content\\\/uploads\\\/aldeni.jpg\",\"width\":2048,\"height\":1365},{\"@type\":\"BreadcrumbList\",\"@id\":\"https:\\\/\\\/buletin.de\\\/bucuresti\\\/achizitii-de-pandemie-dgaspc-sector-3-cea-mai-mare-achizitie-de-servicii-de-asistenta-sociala-din-istoria-seap-450-000-de-euro\\\/#breadcrumb\",\"itemListElement\":[{\"@type\":\"ListItem\",\"position\":1,\"name\":\"Acas\u0103\",\"item\":\"https:\\\/\\\/buletin.de\\\/bucuresti\\\/\"},{\"@type\":\"ListItem\",\"position\":2,\"name\":\"Achizi\u021bii de pandemie | DGASPC Sector 3, cea mai mare achizi\u021bie de servicii de asisten\u021b\u0103 social\u0103 din istoria SEAP &#8211; 450.000 de euro\"}]},{\"@type\":\"WebSite\",\"@id\":\"https:\\\/\\\/buletin.de\\\/bucuresti\\\/#website\",\"url\":\"https:\\\/\\\/buletin.de\\\/bucuresti\\\/\",\"name\":\"Buletin de Bucure\u0219ti\",\"description\":\"\u0218tiri \u0219i investiga\u021bii esen\u021biale din capital\u0103\",\"publisher\":{\"@id\":\"https:\\\/\\\/buletin.de\\\/bucuresti\\\/#organization\"},\"potentialAction\":[{\"@type\":\"SearchAction\",\"target\":{\"@type\":\"EntryPoint\",\"urlTemplate\":\"https:\\\/\\\/buletin.de\\\/bucuresti\\\/?s={search_term_string}\"},\"query-input\":{\"@type\":\"PropertyValueSpecification\",\"valueRequired\":true,\"valueName\":\"search_term_string\"}}],\"inLanguage\":\"en-GB\"},{\"@type\":\"Organization\",\"@id\":\"https:\\\/\\\/buletin.de\\\/bucuresti\\\/#organization\",\"name\":\"Buletin de Bucure\u0219ti\",\"url\":\"https:\\\/\\\/buletin.de\\\/bucuresti\\\/\",\"logo\":{\"@type\":\"ImageObject\",\"inLanguage\":\"en-GB\",\"@id\":\"https:\\\/\\\/buletin.de\\\/bucuresti\\\/#\\\/schema\\\/logo\\\/image\\\/\",\"url\":\"https:\\\/\\\/buletin.de\\\/bucuresti\\\/wp-content\\\/uploads\\\/logo-bdb-full-wide-vernil-transparent.png\",\"contentUrl\":\"https:\\\/\\\/buletin.de\\\/bucuresti\\\/wp-content\\\/uploads\\\/logo-bdb-full-wide-vernil-transparent.png\",\"width\":1782,\"height\":626,\"caption\":\"Buletin de Bucure\u0219ti\"},\"image\":{\"@id\":\"https:\\\/\\\/buletin.de\\\/bucuresti\\\/#\\\/schema\\\/logo\\\/image\\\/\"},\"sameAs\":[\"https:\\\/\\\/www.facebook.com\\\/buletin.de.buc\",\"https:\\\/\\\/www.instagram.com\\\/buletinde.bucuresti\\\/\"]},{\"@type\":\"Person\",\"@id\":\"https:\\\/\\\/buletin.de\\\/bucuresti\\\/#\\\/schema\\\/person\\\/d369d7ddc775abece205795e0b804614\",\"name\":\"Teodora Stroe\",\"image\":{\"@type\":\"ImageObject\",\"inLanguage\":\"en-GB\",\"@id\":\"https:\\\/\\\/secure.gravatar.com\\\/avatar\\\/2560b4cd9f5f1bc100b123158e657d75584bd1c3e1d9c69285720b9457c1b78d?s=96&d=monsterid&r=gc104800242ba5f2d78dd5d7dc4df08b6\",\"url\":\"https:\\\/\\\/secure.gravatar.com\\\/avatar\\\/2560b4cd9f5f1bc100b123158e657d75584bd1c3e1d9c69285720b9457c1b78d?s=96&d=monsterid&r=g\",\"contentUrl\":\"https:\\\/\\\/secure.gravatar.com\\\/avatar\\\/2560b4cd9f5f1bc100b123158e657d75584bd1c3e1d9c69285720b9457c1b78d?s=96&d=monsterid&r=g\",\"caption\":\"Teodora Stroe\"},\"url\":\"https:\\\/\\\/buletin.de\\\/bucuresti\\\/author\\\/simonacarlugea\\\/\"}]}<\/script>\n<!-- \/ Yoast SEO Premium plugin. -->","yoast_head_json":{"title":"Achizi\u021bii de pandemie | DGASPC Sector 3, cea mai mare achizi\u021bie de servicii de asisten\u021b\u0103 social\u0103 din istoria SEAP - 450.000 de euro - Buletin de Bucure\u0219ti","robots":{"index":"index","follow":"follow","max-snippet":"max-snippet:-1","max-image-preview":"max-image-preview:large","max-video-preview":"max-video-preview:-1"},"canonical":"https:\/\/buletin.de\/bucuresti\/achizitii-de-pandemie-dgaspc-sector-3-cea-mai-mare-achizitie-de-servicii-de-asistenta-sociala-din-istoria-seap-450-000-de-euro\/","og_locale":"en_GB","og_type":"article","og_title":"Achizi\u021bii de pandemie | DGASPC Sector 3, cea mai mare achizi\u021bie de servicii de asisten\u021b\u0103 social\u0103 din istoria SEAP - 450.000 de euro","og_description":"\u00cen plin\u0103 stare de urgen\u021b\u0103, Direc\u021bia General\u0103 de Asisten\u021b\u0103 Social\u0103 \u0219i Protec\u021bia Copilului, Sector 3 se decide s\u0103 plaseze 100 de persoane aflate \u00een grija statului, \u00een \u00eengrijirea unor ter\u021bi, servicii sociale cu plat\u0103. Cei 100 de oameni au fost \u00eemp\u0103r\u021bi\u021bi \u00een loturi, dup\u0103 gradul de handicap, sau nevoile pe care le au, \u0219i sco\u0219i [&hellip;]","og_url":"https:\/\/buletin.de\/bucuresti\/achizitii-de-pandemie-dgaspc-sector-3-cea-mai-mare-achizitie-de-servicii-de-asistenta-sociala-din-istoria-seap-450-000-de-euro\/","og_site_name":"Buletin de Bucure\u0219ti","article_publisher":"https:\/\/www.facebook.com\/buletin.de.buc","article_published_time":"2020-12-30T18:06:45+00:00","article_modified_time":"2020-12-30T18:31:45+00:00","og_image":[{"width":2048,"height":1365,"url":"https:\/\/buletin.de\/bucuresti\/wp-content\/uploads\/aldeni.jpg","type":"image\/jpeg"}],"author":"Teodora Stroe","twitter_card":"summary_large_image","twitter_misc":{"Written by":"Teodora Stroe","Estimated reading time":"9 minutes"},"schema":{"@context":"https:\/\/schema.org","@graph":[{"@type":"Article","@id":"https:\/\/buletin.de\/bucuresti\/achizitii-de-pandemie-dgaspc-sector-3-cea-mai-mare-achizitie-de-servicii-de-asistenta-sociala-din-istoria-seap-450-000-de-euro\/#article","isPartOf":{"@id":"https:\/\/buletin.de\/bucuresti\/achizitii-de-pandemie-dgaspc-sector-3-cea-mai-mare-achizitie-de-servicii-de-asistenta-sociala-din-istoria-seap-450-000-de-euro\/"},"author":{"name":"Teodora Stroe","@id":"https:\/\/buletin.de\/bucuresti\/#\/schema\/person\/d369d7ddc775abece205795e0b804614"},"headline":"Achizi\u021bii de pandemie | DGASPC Sector 3, cea mai mare achizi\u021bie de servicii de asisten\u021b\u0103 social\u0103 din istoria SEAP &#8211; 450.000 de euro","datePublished":"2020-12-30T18:06:45+00:00","dateModified":"2020-12-30T18:31:45+00:00","mainEntityOfPage":{"@id":"https:\/\/buletin.de\/bucuresti\/achizitii-de-pandemie-dgaspc-sector-3-cea-mai-mare-achizitie-de-servicii-de-asistenta-sociala-din-istoria-seap-450-000-de-euro\/"},"wordCount":1807,"publisher":{"@id":"https:\/\/buletin.de\/bucuresti\/#organization"},"image":{"@id":"https:\/\/buletin.de\/bucuresti\/achizitii-de-pandemie-dgaspc-sector-3-cea-mai-mare-achizitie-de-servicii-de-asistenta-sociala-din-istoria-seap-450-000-de-euro\/#primaryimage"},"thumbnailUrl":"https:\/\/buletin.de\/bucuresti\/wp-content\/uploads\/aldeni.jpg","articleSection":["Buletin de Bucure\u0219ti \u00een pandemie"],"inLanguage":"en-GB","copyrightYear":"2020","copyrightHolder":{"@id":"https:\/\/buletin.de\/bucuresti\/#organization"}},{"@type":"WebPage","@id":"https:\/\/buletin.de\/bucuresti\/achizitii-de-pandemie-dgaspc-sector-3-cea-mai-mare-achizitie-de-servicii-de-asistenta-sociala-din-istoria-seap-450-000-de-euro\/","url":"https:\/\/buletin.de\/bucuresti\/achizitii-de-pandemie-dgaspc-sector-3-cea-mai-mare-achizitie-de-servicii-de-asistenta-sociala-din-istoria-seap-450-000-de-euro\/","name":"Achizi\u021bii de pandemie | DGASPC Sector 3, cea mai mare achizi\u021bie de servicii de asisten\u021b\u0103 social\u0103 din istoria SEAP - 450.000 de euro - Buletin de Bucure\u0219ti","isPartOf":{"@id":"https:\/\/buletin.de\/bucuresti\/#website"},"primaryImageOfPage":{"@id":"https:\/\/buletin.de\/bucuresti\/achizitii-de-pandemie-dgaspc-sector-3-cea-mai-mare-achizitie-de-servicii-de-asistenta-sociala-din-istoria-seap-450-000-de-euro\/#primaryimage"},"image":{"@id":"https:\/\/buletin.de\/bucuresti\/achizitii-de-pandemie-dgaspc-sector-3-cea-mai-mare-achizitie-de-servicii-de-asistenta-sociala-din-istoria-seap-450-000-de-euro\/#primaryimage"},"thumbnailUrl":"https:\/\/buletin.de\/bucuresti\/wp-content\/uploads\/aldeni.jpg","datePublished":"2020-12-30T18:06:45+00:00","dateModified":"2020-12-30T18:31:45+00:00","breadcrumb":{"@id":"https:\/\/buletin.de\/bucuresti\/achizitii-de-pandemie-dgaspc-sector-3-cea-mai-mare-achizitie-de-servicii-de-asistenta-sociala-din-istoria-seap-450-000-de-euro\/#breadcrumb"},"inLanguage":"en-GB","potentialAction":[{"@type":"ReadAction","target":["https:\/\/buletin.de\/bucuresti\/achizitii-de-pandemie-dgaspc-sector-3-cea-mai-mare-achizitie-de-servicii-de-asistenta-sociala-din-istoria-seap-450-000-de-euro\/"]}]},{"@type":"ImageObject","inLanguage":"en-GB","@id":"https:\/\/buletin.de\/bucuresti\/achizitii-de-pandemie-dgaspc-sector-3-cea-mai-mare-achizitie-de-servicii-de-asistenta-sociala-din-istoria-seap-450-000-de-euro\/#primaryimage","url":"https:\/\/buletin.de\/bucuresti\/wp-content\/uploads\/aldeni.jpg","contentUrl":"https:\/\/buletin.de\/bucuresti\/wp-content\/uploads\/aldeni.jpg","width":2048,"height":1365},{"@type":"BreadcrumbList","@id":"https:\/\/buletin.de\/bucuresti\/achizitii-de-pandemie-dgaspc-sector-3-cea-mai-mare-achizitie-de-servicii-de-asistenta-sociala-din-istoria-seap-450-000-de-euro\/#breadcrumb","itemListElement":[{"@type":"ListItem","position":1,"name":"Acas\u0103","item":"https:\/\/buletin.de\/bucuresti\/"},{"@type":"ListItem","position":2,"name":"Achizi\u021bii de pandemie | DGASPC Sector 3, cea mai mare achizi\u021bie de servicii de asisten\u021b\u0103 social\u0103 din istoria SEAP &#8211; 450.000 de euro"}]},{"@type":"WebSite","@id":"https:\/\/buletin.de\/bucuresti\/#website","url":"https:\/\/buletin.de\/bucuresti\/","name":"Buletin de Bucure\u0219ti","description":"\u0218tiri \u0219i investiga\u021bii esen\u021biale din capital\u0103","publisher":{"@id":"https:\/\/buletin.de\/bucuresti\/#organization"},"potentialAction":[{"@type":"SearchAction","target":{"@type":"EntryPoint","urlTemplate":"https:\/\/buletin.de\/bucuresti\/?s={search_term_string}"},"query-input":{"@type":"PropertyValueSpecification","valueRequired":true,"valueName":"search_term_string"}}],"inLanguage":"en-GB"},{"@type":"Organization","@id":"https:\/\/buletin.de\/bucuresti\/#organization","name":"Buletin de Bucure\u0219ti","url":"https:\/\/buletin.de\/bucuresti\/","logo":{"@type":"ImageObject","inLanguage":"en-GB","@id":"https:\/\/buletin.de\/bucuresti\/#\/schema\/logo\/image\/","url":"https:\/\/buletin.de\/bucuresti\/wp-content\/uploads\/logo-bdb-full-wide-vernil-transparent.png","contentUrl":"https:\/\/buletin.de\/bucuresti\/wp-content\/uploads\/logo-bdb-full-wide-vernil-transparent.png","width":1782,"height":626,"caption":"Buletin de Bucure\u0219ti"},"image":{"@id":"https:\/\/buletin.de\/bucuresti\/#\/schema\/logo\/image\/"},"sameAs":["https:\/\/www.facebook.com\/buletin.de.buc","https:\/\/www.instagram.com\/buletinde.bucuresti\/"]},{"@type":"Person","@id":"https:\/\/buletin.de\/bucuresti\/#\/schema\/person\/d369d7ddc775abece205795e0b804614","name":"Teodora Stroe","image":{"@type":"ImageObject","inLanguage":"en-GB","@id":"https:\/\/secure.gravatar.com\/avatar\/2560b4cd9f5f1bc100b123158e657d75584bd1c3e1d9c69285720b9457c1b78d?s=96&d=monsterid&r=gc104800242ba5f2d78dd5d7dc4df08b6","url":"https:\/\/secure.gravatar.com\/avatar\/2560b4cd9f5f1bc100b123158e657d75584bd1c3e1d9c69285720b9457c1b78d?s=96&d=monsterid&r=g","contentUrl":"https:\/\/secure.gravatar.com\/avatar\/2560b4cd9f5f1bc100b123158e657d75584bd1c3e1d9c69285720b9457c1b78d?s=96&d=monsterid&r=g","caption":"Teodora Stroe"},"url":"https:\/\/buletin.de\/bucuresti\/author\/simonacarlugea\/"}]}},"authors":[{"term_id":22579,"user_id":18,"is_guest":0,"slug":"simonacarlugea","display_name":"Teodora Stroe","avatar_url":"https:\/\/secure.gravatar.com\/avatar\/2560b4cd9f5f1bc100b123158e657d75584bd1c3e1d9c69285720b9457c1b78d?s=96&d=monsterid&r=g","0":null,"1":"","2":"","3":"","4":"","5":"","6":"","7":"","8":""}],"_links":{"self":[{"href":"https:\/\/buletin.de\/bucuresti\/wp-json\/wp\/v2\/posts\/17436","targetHints":{"allow":["GET"]}}],"collection":[{"href":"https:\/\/buletin.de\/bucuresti\/wp-json\/wp\/v2\/posts"}],"about":[{"href":"https:\/\/buletin.de\/bucuresti\/wp-json\/wp\/v2\/types\/post"}],"author":[{"embeddable":true,"href":"https:\/\/buletin.de\/bucuresti\/wp-json\/wp\/v2\/users\/18"}],"replies":[{"embeddable":true,"href":"https:\/\/buletin.de\/bucuresti\/wp-json\/wp\/v2\/comments?post=17436"}],"version-history":[{"count":35,"href":"https:\/\/buletin.de\/bucuresti\/wp-json\/wp\/v2\/posts\/17436\/revisions"}],"predecessor-version":[{"id":17499,"href":"https:\/\/buletin.de\/bucuresti\/wp-json\/wp\/v2\/posts\/17436\/revisions\/17499"}],"wp:featuredmedia":[{"embeddable":true,"href":"https:\/\/buletin.de\/bucuresti\/wp-json\/wp\/v2\/media\/17486"}],"wp:attachment":[{"href":"https:\/\/buletin.de\/bucuresti\/wp-json\/wp\/v2\/media?parent=17436"}],"wp:term":[{"taxonomy":"category","embeddable":true,"href":"https:\/\/buletin.de\/bucuresti\/wp-json\/wp\/v2\/categories?post=17436"},{"taxonomy":"post_tag","embeddable":true,"href":"https:\/\/buletin.de\/bucuresti\/wp-json\/wp\/v2\/tags?post=17436"},{"taxonomy":"author","embeddable":true,"href":"https:\/\/buletin.de\/bucuresti\/wp-json\/wp\/v2\/ppma_author?post=17436"}],"curies":[{"name":"wp","href":"https:\/\/api.w.org\/{rel}","templated":true}]}}