{"id":174352,"date":"2026-02-17T12:25:20","date_gmt":"2026-02-17T09:25:20","guid":{"rendered":"https:\/\/buletin.de\/bucuresti\/?p=174352"},"modified":"2026-02-17T15:30:50","modified_gmt":"2026-02-17T12:30:50","slug":"cel-mai-mare-abator-de-caini-din-tara-langa-bucuresti-ritm-industrial-de-executie-a-animalelor-platit-din-bani-publici-snoop","status":"publish","type":"post","link":"https:\/\/buletin.de\/bucuresti\/cel-mai-mare-abator-de-caini-din-tara-langa-bucuresti-ritm-industrial-de-executie-a-animalelor-platit-din-bani-publici-snoop\/","title":{"rendered":"Cel mai mare \u201eabator de c\u00e2ini\u201d din \u021bar\u0103 este l\u00e2ng\u0103 Bucure\u0219ti. Ritm industrial de execu\u021bie a animalelor, pl\u0103tit din bani publici | Snoop"},"content":{"rendered":"\n<ul class=\"wp-block-list\">\n<li><strong>Aproape 16.000 de animale au fost eutanasiate \u00een ultimii trei ani \u00eentr-un ad\u0103post privat aflat la 40 de kilometri de Bucure\u0219ti, \u00een jude\u021bul Giurgiu, un adev\u0103rat \u201eabator de c\u00e2ini\u201d.<\/strong><\/li>\n<\/ul>\n\n\n\n<ul class=\"wp-block-list\">\n<li><strong>Asocia\u021bia Aspa Ivets, fondat\u0103 de medicii veterinari Florentina \u0219i Valentin Istrate, opereaz\u0103 ceea ce documentele oficiale descriu drept cel mai mare centru de ucidere a animalelor f\u0103r\u0103 st\u0103p\u00e2n din Rom\u00e2nia, scriu jurnali\u0219tii de la <a href=\"https:\/\/snoop.ro\/eutanasia-ca-afacere-zeci-de-mii-de-caini-ucisi-pe-milioane-de-euro-bani-publici-sub-ochii-autoritatilor\/?fbclid=IwY2xjawQBCfVleHRuA2FlbQIxMABicmlkETBHVlY3WTFwSWI3bTIwR3VJc3J0YwZhcHBfaWQQMjIyMDM5MTc4ODIwMDg5MgABHin5sr-oei0rrSVn-DY3yBqtL6dItlqbtAQ3FwBAB7HxD-zywrOkv9d4bubQ_aem_50kD7DDEScGBfwUnsE9Oyg\">Snoop.ro<\/a><\/strong><\/li>\n<\/ul>\n\n\n\n<ul class=\"wp-block-list\">\n<li><strong>Activitatea de acolo se desf\u0103\u0219oar\u0103 pe fondul a zece dosare penale deschise de autorit\u0103\u021bi, \u00een timp ce zeci de prim\u0103rii din \u021bar\u0103 pompeaz\u0103 milioane de lei \u00een conturile asocia\u021biei prin mecanisme care ocolesc licita\u021biile publice clasice.<\/strong><\/li>\n<\/ul>\n\n\n\n<ul class=\"wp-block-list\">\n<li><strong>Cazul de la Uzunu completeaz\u0103 tabloul sumbru al gestion\u0103rii c\u00e2inilor f\u0103r\u0103 st\u0103p\u00e2n din jurul Capitalei, subiect documentat recent \u0219i de Buletin de Bucure\u0219ti \u00een anchetele privind \u201eexportul\u201d maidanezilor din Ilfov.<\/strong><\/li>\n<\/ul>\n\n\n\n<h2 class=\"wp-block-heading\" id=\"h-abator-de-caini-de-la-uzunu\">\u201eAbator de c\u00e2ini\u201d de la Uzunu<\/h2>\n\n\n\n<p><strong>Ad\u0103postul din satul Uzunu, jude\u021bul Giurgiu, func\u021bioneaz\u0103 sub sloganul unui \u201eanimal resort\u201d care promite tratamente la standarde europene, f\u0103r\u0103 cruzime.<\/strong><\/p>\n\n\n\n<p>Potrivit <a href=\"https:\/\/snoop.ro\/eutanasia-ca-afacere-zeci-de-mii-de-caini-ucisi-pe-milioane-de-euro-bani-publici-sub-ochii-autoritatilor\/?fbclid=IwY2xjawQBCfVleHRuA2FlbQIxMABicmlkETBHVlY3WTFwSWI3bTIwR3VJc3J0YwZhcHBfaWQQMjIyMDM5MTc4ODIwMDg5MgABHin5sr-oei0rrSVn-DY3yBqtL6dItlqbtAQ3FwBAB7HxD-zywrOkv9d4bubQ_aem_50kD7DDEScGBfwUnsE9Oyg\" target=\"_blank\" rel=\"noreferrer noopener\">Snoop.ro<\/a>, realitatea din actele Direc\u021biei Sanitar Veterinare Giurgiu contrazice imaginea de fa\u021bad\u0103. Datele arat\u0103 o rat\u0103 a mortalit\u0103\u021bii cov\u00e2r\u0219itoare. Din totalul animalelor intrate \u00een gestiunea Aspa Ivets, <strong>70 la sut\u0103 au fost ucise prin eutanasie.<\/strong> <\/p>\n\n\n\n<p>Alte opt procente dintre patrupede au murit din cauza bolilor sau a altor condi\u021bii medicale precare. Doar o cincime dintre c\u00e2inii captura\u021bi au p\u0103r\u0103sit incinta vii, prin adop\u021bie, mai noteaz\u0103 <a href=\"https:\/\/snoop.ro\/eutanasia-ca-afacere-zeci-de-mii-de-caini-ucisi-pe-milioane-de-euro-bani-publici-sub-ochii-autoritatilor\/?fbclid=IwY2xjawQBCfVleHRuA2FlbQIxMABicmlkETBHVlY3WTFwSWI3bTIwR3VJc3J0YwZhcHBfaWQQMjIyMDM5MTc4ODIwMDg5MgABHin5sr-oei0rrSVn-DY3yBqtL6dItlqbtAQ3FwBAB7HxD-zywrOkv9d4bubQ_aem_50kD7DDEScGBfwUnsE9Oyg\">jurnali\u0219tii Snoop<\/a>.<\/p>\n\n\n\n<p>Ritmul execu\u021biilor este unul industrial. Statistic, <strong>la Uzunu mor zilnic 14 c\u00e2ini.<\/strong> De\u0219i legisla\u021bia oblig\u0103 ad\u0103posturile s\u0103 sterilizeze animalele pentru a preveni \u00eenmul\u021birea necontrolat\u0103, Aspa Ivets a sterilizat sub 20 la sut\u0103 dintre c\u00e2inii da\u021bi spre adop\u021bie. Aceast\u0103 practic\u0103 perpetueaz\u0103 problema animalelor f\u0103r\u0103 st\u0103p\u00e2n \u0219i asigur\u0103, implicit, continuitatea contractelor cu statul.<\/p>\n\n\n\n<h2 class=\"wp-block-heading\" id=\"h-ingineria-financiara-prin-taxa-de-aderare\"><strong>Ingineria financiar\u0103 prin taxa de aderare<\/strong><\/h2>\n\n\n\n<p>Banii publici ajung \u00een conturile asocia\u021biei printr-o metod\u0103 care evit\u0103 transparen\u021ba Sistemului Electronic de Achizi\u021bii Publice (SEAP). Jurnali\u0219tii de la Snoop au identificat contracte directe \u00een valoare de doar 10.000 de euro, o sum\u0103 infim\u0103 raportat\u0103 la cifra de afaceri real\u0103. Grosul veniturilor provine dintr-o inova\u021bie administrativ\u0103. Asocia\u021bia a convins consiliile locale s\u0103 devin\u0103 \u201emembre\u201d sau \u201eafiliate\u201d \u00een structura sa.<\/p>\n\n\n\n<p><strong>Peste 49 de localit\u0103\u021bi au acceptat s\u0103 pl\u0103teasc\u0103 o \u201etax\u0103 de aderare\u201d calculat\u0103 la 10 lei pe cap de locuitor. Aceast\u0103 metod\u0103 a generat \u00eencas\u0103ri de aproximativ 650.000 de euro, echivalentul a peste trei milioane de lei.<\/strong><\/p>\n\n\n\n<p>Activitatea Aspa Ivets se desf\u0103\u0219oar\u0103 sub spectrul unor grave acuza\u021bii penale. Poli\u021bia din Giurgiu are \u00een lucru zece dosare deschise \u00eentre 2020 \u0219i 2025. Procurorii cerceteaz\u0103 infrac\u021biuni precum uciderea animalelor cu inten\u021bie, rele tratamente, abuz \u00een serviciu, fals material \u00een \u00eenscrisuri oficiale \u0219i uz de fals. Exist\u0103 suspiciuni privind exercitarea f\u0103r\u0103 drept a profesiei \u0219i \u00een\u0219el\u0103ciune.<\/p>\n\n\n\n<p>\u00cen plus, m\u0103rturiile voluntarilor indic\u0103 \u0219i o practic\u0103 de descurajare a adop\u021biilor. Diana \u021aurcanu, o persoan\u0103 implicat\u0103 \u00een salvarea animalelor, <a href=\"https:\/\/snoop.ro\/eutanasia-ca-afacere-zeci-de-mii-de-caini-ucisi-pe-milioane-de-euro-bani-publici-sub-ochii-autoritatilor\/?fbclid=IwY2xjawQBCfVleHRuA2FlbQIxMABicmlkETBHVlY3WTFwSWI3bTIwR3VJc3J0YwZhcHBfaWQQMjIyMDM5MTc4ODIwMDg5MgABHin5sr-oei0rrSVn-DY3yBqtL6dItlqbtAQ3FwBAB7HxD-zywrOkv9d4bubQ_aem_50kD7DDEScGBfwUnsE9Oyg\" target=\"_blank\" rel=\"noreferrer noopener\">a relatat pentru Snoop<\/a> experien\u021ba tentativei de a scoate o c\u0103\u021belu\u0219\u0103 din ad\u0103postul Uzunu. <\/p>\n\n\n\n<p><strong>Intermedierea adop\u021biei s-a lovit de refuzul comunic\u0103rii din partea reprezentan\u021bilor ad\u0103postului. Potrivit acesteia, c\u00e2inele a fost declarat subit bolnav chiar \u00eenainte de preluare, iar ulterior personalul nu a mai r\u0103spuns la telefon.<\/strong><\/p>\n\n\n\n<h2 class=\"wp-block-heading\" id=\"h-maidanezii-din-ilfov-marfa-de-export\">Maidanezii din Ilfov, \u201emarf\u0103 de export\u201d<\/h2>\n\n\n\n<p>Situa\u021bia de la Uzunu se suprapune cu cea de la Suraia din Jude\u021bul Vrancea. Buletin de Bucure\u0219ti a dezv\u0103luit recent c\u0103 <a href=\"https:\/\/buletin.de\/bucuresti\/exclusiv-factura-cruzimii-peste-600-000-de-euro-din-ilfov-pentru-macelarirea-cainilor-fara-stapan-la-peste-200-de-kilometri-distanta-doua-primarii-ascund-contractele\/\" target=\"_blank\" rel=\"noreferrer noopener\">peste 600.000 de euro din banii locuitorilor din Ilfov au ajuns acolo pentru \u201em\u0103cel\u0103rirea\u201d c\u00e2inilor f\u0103r\u0103 st\u0103p\u00e2n captura\u021bi de pe raza a \u0219ase localit\u0103\u021bi din jude\u021b.<\/a><\/p>\n\n\n\n<p>\u00cen plus, prim\u0103ria comunei Gr\u0103di\u0219tea a validat indirect, <a href=\"https:\/\/buletin.de\/bucuresti\/exclusiv-primaria-gradistea-confirma-iadul-cainilor-de-la-vrancea-firmele-private-incalca-grav-legea-cj-ilfov-promite-adapost-propriu-dupa-scandal\/\">\u00eentr-un r\u0103spuns pentru Buletin de Bucure\u0219ti<\/a>, c\u0103 animale f\u0103r\u0103 st\u0103p\u00e2n din Ilfov ar fi fost supuse la tratamentele barbare aplicate la ad\u0103postul \u00een \u201eiadul c\u00e2inilor\u201d, \u201eArca lui Noe\u201d din Vrancea.<\/p>\n\n\n\n<p><strong>CITE\u0218TE \u0218I <a href=\"https:\/\/buletin.de\/bucuresti\/ciprian-ciucu-anunta-audit-personal-la-stb-am-suficienta-experienta-personala-pentru-a-analiza-datele\/\">Ciprian Ciucu anun\u021b\u0103 \u201eaudit personal\u201d la STB: \u201eAm suficient\u0103 experien\u021b\u0103 personal\u0103 pentru a analiza datele\u201d<\/a><\/strong><\/p>\n","protected":false},"excerpt":{"rendered":"<p>\u201eAbator de c\u00e2ini\u201d de la Uzunu Ad\u0103postul din satul Uzunu, jude\u021bul Giurgiu, func\u021bioneaz\u0103 sub sloganul unui \u201eanimal resort\u201d care promite tratamente la standarde europene, f\u0103r\u0103 cruzime. Potrivit Snoop.ro, realitatea din actele Direc\u021biei Sanitar Veterinare Giurgiu contrazice imaginea de fa\u021bad\u0103. Datele arat\u0103 o rat\u0103 a mortalit\u0103\u021bii cov\u00e2r\u0219itoare. Din totalul animalelor intrate \u00een gestiunea Aspa Ivets, 70 [&hellip;]<\/p>\n","protected":false},"author":1,"featured_media":174357,"comment_status":"closed","ping_status":"open","sticky":false,"template":"","format":"standard","meta":{"_acf_changed":false,"inline_featured_image":false,"ngg_post_thumbnail":0,"footnotes":""},"categories":[6994,5762,109],"tags":[25066,26498,26495,282,1729,26496,26497,26501,26502,26494],"ppma_author":[22583],"class_list":["post-174352","post","type-post","status-publish","format-standard","has-post-thumbnail","hentry","category-stiri-2","category-main","category-mediu","tag-abuz-in-serviciu-2","tag-adapost-caini-giurgiu","tag-aspa-ivets","tag-bani-publici","tag-dosare-penale","tag-eutanasie-caini","tag-gestionare-maidanezi","tag-taxa-aderare","tag-uzunu","tag-valentin-istrate"],"acf":[],"yoast_head":"<!-- This site is optimized with the Yoast SEO Premium plugin v25.3 (Yoast SEO v27.5) - https:\/\/yoast.com\/product\/yoast-seo-premium-wordpress\/ -->\n<title>Cel mai mare \u201eabator de c\u00e2ini\u201d din \u021bar\u0103 este l\u00e2ng\u0103 Bucure\u0219ti. Ritm industrial de execu\u021bie a animalelor, pl\u0103tit din bani publici | Snoop - Buletin de Bucure\u0219ti<\/title>\n<meta name=\"description\" content=\"Aproape 16.000 de animale au fost eutanasiate \u00een ultimii trei ani \u00eentr-un \u201eabator de c\u00e2ini\u201d din jude\u021bul Giurgiu, aproape de Bucure\u0219ti.\" \/>\n<meta name=\"robots\" content=\"index, follow, max-snippet:-1, max-image-preview:large, max-video-preview:-1\" \/>\n<link rel=\"canonical\" href=\"https:\/\/buletin.de\/bucuresti\/cel-mai-mare-abator-de-caini-din-tara-langa-bucuresti-ritm-industrial-de-executie-a-animalelor-platit-din-bani-publici-snoop\/\" \/>\n<meta property=\"og:locale\" content=\"en_GB\" \/>\n<meta property=\"og:type\" content=\"article\" \/>\n<meta property=\"og:title\" content=\"Cel mai mare \u201eabator de c\u00e2ini\u201d din \u021bar\u0103 este l\u00e2ng\u0103 Bucure\u0219ti. Ritm industrial de execu\u021bie a animalelor, pl\u0103tit din bani publici | Snoop\" \/>\n<meta property=\"og:description\" content=\"Aproape 16.000 de animale au fost eutanasiate \u00een ultimii trei ani \u00eentr-un \u201eabator de c\u00e2ini\u201d din jude\u021bul Giurgiu, aproape de Bucure\u0219ti.\" \/>\n<meta property=\"og:url\" content=\"https:\/\/buletin.de\/bucuresti\/cel-mai-mare-abator-de-caini-din-tara-langa-bucuresti-ritm-industrial-de-executie-a-animalelor-platit-din-bani-publici-snoop\/\" \/>\n<meta property=\"og:site_name\" content=\"Buletin de Bucure\u0219ti\" \/>\n<meta property=\"article:publisher\" content=\"https:\/\/www.facebook.com\/buletin.de.buc\" \/>\n<meta property=\"article:published_time\" content=\"2026-02-17T09:25:20+00:00\" \/>\n<meta property=\"article:modified_time\" content=\"2026-02-17T12:30:50+00:00\" \/>\n<meta name=\"author\" content=\"Redac\u021bia Buletin de Bucure\u0219ti\" \/>\n<meta name=\"twitter:card\" content=\"summary_large_image\" \/>\n<meta name=\"twitter:label1\" content=\"Written by\" \/>\n\t<meta name=\"twitter:data1\" content=\"Redac\u021bia Buletin de Bucure\u0219ti\" \/>\n\t<meta name=\"twitter:label2\" content=\"Estimated reading time\" \/>\n\t<meta name=\"twitter:data2\" content=\"3 minutes\" \/>\n<script type=\"application\/ld+json\" class=\"yoast-schema-graph\">{\"@context\":\"https:\\\/\\\/schema.org\",\"@graph\":[{\"@type\":\"Article\",\"@id\":\"https:\\\/\\\/buletin.de\\\/bucuresti\\\/cel-mai-mare-abator-de-caini-din-tara-langa-bucuresti-ritm-industrial-de-executie-a-animalelor-platit-din-bani-publici-snoop\\\/#article\",\"isPartOf\":{\"@id\":\"https:\\\/\\\/buletin.de\\\/bucuresti\\\/cel-mai-mare-abator-de-caini-din-tara-langa-bucuresti-ritm-industrial-de-executie-a-animalelor-platit-din-bani-publici-snoop\\\/\"},\"author\":{\"name\":\"Redac\u021bia Buletin de Bucure\u0219ti\",\"@id\":\"https:\\\/\\\/buletin.de\\\/bucuresti\\\/#\\\/schema\\\/person\\\/2bbcf854e5f2419a13804af574d06ab1\"},\"headline\":\"Cel mai mare \u201eabator de c\u00e2ini\u201d din \u021bar\u0103 este l\u00e2ng\u0103 Bucure\u0219ti. Ritm industrial de execu\u021bie a animalelor, pl\u0103tit din bani publici | Snoop\",\"datePublished\":\"2026-02-17T09:25:20+00:00\",\"dateModified\":\"2026-02-17T12:30:50+00:00\",\"mainEntityOfPage\":{\"@id\":\"https:\\\/\\\/buletin.de\\\/bucuresti\\\/cel-mai-mare-abator-de-caini-din-tara-langa-bucuresti-ritm-industrial-de-executie-a-animalelor-platit-din-bani-publici-snoop\\\/\"},\"wordCount\":727,\"publisher\":{\"@id\":\"https:\\\/\\\/buletin.de\\\/bucuresti\\\/#organization\"},\"image\":{\"@id\":\"https:\\\/\\\/buletin.de\\\/bucuresti\\\/cel-mai-mare-abator-de-caini-din-tara-langa-bucuresti-ritm-industrial-de-executie-a-animalelor-platit-din-bani-publici-snoop\\\/#primaryimage\"},\"thumbnailUrl\":\"https:\\\/\\\/buletin.de\\\/bucuresti\\\/wp-content\\\/uploads\\\/2026\\\/02\\\/6-Valetin-Istrate-cu-arma-de-tranchilizare-Foto-Federatia-pentru-Protectia-Animalelor-si-Mediului-2048x1366-1.avif\",\"keywords\":[\"abuz \u00een serviciu\",\"ad\u0103post c\u00e2ini Giurgiu\",\"Aspa Ivets\",\"bani publici\",\"dosare penale\",\"eutanasie c\u00e2ini\",\"gestionare maidanezi\",\"taxa aderare\",\"Uzunu\",\"Valentin Istrate\"],\"articleSection\":[\"Articole\",\"Main\",\"Mediu\"],\"inLanguage\":\"en-GB\",\"copyrightYear\":\"2026\",\"copyrightHolder\":{\"@id\":\"https:\\\/\\\/buletin.de\\\/bucuresti\\\/#organization\"}},{\"@type\":\"WebPage\",\"@id\":\"https:\\\/\\\/buletin.de\\\/bucuresti\\\/cel-mai-mare-abator-de-caini-din-tara-langa-bucuresti-ritm-industrial-de-executie-a-animalelor-platit-din-bani-publici-snoop\\\/\",\"url\":\"https:\\\/\\\/buletin.de\\\/bucuresti\\\/cel-mai-mare-abator-de-caini-din-tara-langa-bucuresti-ritm-industrial-de-executie-a-animalelor-platit-din-bani-publici-snoop\\\/\",\"name\":\"Cel mai mare \u201eabator de c\u00e2ini\u201d din \u021bar\u0103 este l\u00e2ng\u0103 Bucure\u0219ti. Ritm industrial de execu\u021bie a animalelor, pl\u0103tit din bani publici | Snoop - Buletin de Bucure\u0219ti\",\"isPartOf\":{\"@id\":\"https:\\\/\\\/buletin.de\\\/bucuresti\\\/#website\"},\"primaryImageOfPage\":{\"@id\":\"https:\\\/\\\/buletin.de\\\/bucuresti\\\/cel-mai-mare-abator-de-caini-din-tara-langa-bucuresti-ritm-industrial-de-executie-a-animalelor-platit-din-bani-publici-snoop\\\/#primaryimage\"},\"image\":{\"@id\":\"https:\\\/\\\/buletin.de\\\/bucuresti\\\/cel-mai-mare-abator-de-caini-din-tara-langa-bucuresti-ritm-industrial-de-executie-a-animalelor-platit-din-bani-publici-snoop\\\/#primaryimage\"},\"thumbnailUrl\":\"https:\\\/\\\/buletin.de\\\/bucuresti\\\/wp-content\\\/uploads\\\/2026\\\/02\\\/6-Valetin-Istrate-cu-arma-de-tranchilizare-Foto-Federatia-pentru-Protectia-Animalelor-si-Mediului-2048x1366-1.avif\",\"datePublished\":\"2026-02-17T09:25:20+00:00\",\"dateModified\":\"2026-02-17T12:30:50+00:00\",\"description\":\"Aproape 16.000 de animale au fost eutanasiate \u00een ultimii trei ani \u00eentr-un \u201eabator de c\u00e2ini\u201d din jude\u021bul Giurgiu, aproape de Bucure\u0219ti.\",\"breadcrumb\":{\"@id\":\"https:\\\/\\\/buletin.de\\\/bucuresti\\\/cel-mai-mare-abator-de-caini-din-tara-langa-bucuresti-ritm-industrial-de-executie-a-animalelor-platit-din-bani-publici-snoop\\\/#breadcrumb\"},\"inLanguage\":\"en-GB\",\"potentialAction\":[{\"@type\":\"ReadAction\",\"target\":[\"https:\\\/\\\/buletin.de\\\/bucuresti\\\/cel-mai-mare-abator-de-caini-din-tara-langa-bucuresti-ritm-industrial-de-executie-a-animalelor-platit-din-bani-publici-snoop\\\/\"]}]},{\"@type\":\"ImageObject\",\"inLanguage\":\"en-GB\",\"@id\":\"https:\\\/\\\/buletin.de\\\/bucuresti\\\/cel-mai-mare-abator-de-caini-din-tara-langa-bucuresti-ritm-industrial-de-executie-a-animalelor-platit-din-bani-publici-snoop\\\/#primaryimage\",\"url\":\"https:\\\/\\\/buletin.de\\\/bucuresti\\\/wp-content\\\/uploads\\\/2026\\\/02\\\/6-Valetin-Istrate-cu-arma-de-tranchilizare-Foto-Federatia-pentru-Protectia-Animalelor-si-Mediului-2048x1366-1.avif\",\"contentUrl\":\"https:\\\/\\\/buletin.de\\\/bucuresti\\\/wp-content\\\/uploads\\\/2026\\\/02\\\/6-Valetin-Istrate-cu-arma-de-tranchilizare-Foto-Federatia-pentru-Protectia-Animalelor-si-Mediului-2048x1366-1.avif\",\"width\":2048,\"height\":1366,\"caption\":\"Valetin Istrate, unul dintre patronii \u201efacilit\u0103\u021bii\u201d de la Uzunu. FOTO. FPAM via snoop.ro\"},{\"@type\":\"BreadcrumbList\",\"@id\":\"https:\\\/\\\/buletin.de\\\/bucuresti\\\/cel-mai-mare-abator-de-caini-din-tara-langa-bucuresti-ritm-industrial-de-executie-a-animalelor-platit-din-bani-publici-snoop\\\/#breadcrumb\",\"itemListElement\":[{\"@type\":\"ListItem\",\"position\":1,\"name\":\"Acas\u0103\",\"item\":\"https:\\\/\\\/buletin.de\\\/bucuresti\\\/\"},{\"@type\":\"ListItem\",\"position\":2,\"name\":\"Cel mai mare \u201eabator de c\u00e2ini\u201d din \u021bar\u0103 este l\u00e2ng\u0103 Bucure\u0219ti. Ritm industrial de execu\u021bie a animalelor, pl\u0103tit din bani publici | Snoop\"}]},{\"@type\":\"WebSite\",\"@id\":\"https:\\\/\\\/buletin.de\\\/bucuresti\\\/#website\",\"url\":\"https:\\\/\\\/buletin.de\\\/bucuresti\\\/\",\"name\":\"Buletin de Bucure\u0219ti\",\"description\":\"\u0218tiri \u0219i investiga\u021bii esen\u021biale din capital\u0103\",\"publisher\":{\"@id\":\"https:\\\/\\\/buletin.de\\\/bucuresti\\\/#organization\"},\"potentialAction\":[{\"@type\":\"SearchAction\",\"target\":{\"@type\":\"EntryPoint\",\"urlTemplate\":\"https:\\\/\\\/buletin.de\\\/bucuresti\\\/?s={search_term_string}\"},\"query-input\":{\"@type\":\"PropertyValueSpecification\",\"valueRequired\":true,\"valueName\":\"search_term_string\"}}],\"inLanguage\":\"en-GB\"},{\"@type\":\"Organization\",\"@id\":\"https:\\\/\\\/buletin.de\\\/bucuresti\\\/#organization\",\"name\":\"Buletin de Bucure\u0219ti\",\"url\":\"https:\\\/\\\/buletin.de\\\/bucuresti\\\/\",\"logo\":{\"@type\":\"ImageObject\",\"inLanguage\":\"en-GB\",\"@id\":\"https:\\\/\\\/buletin.de\\\/bucuresti\\\/#\\\/schema\\\/logo\\\/image\\\/\",\"url\":\"https:\\\/\\\/buletin.de\\\/bucuresti\\\/wp-content\\\/uploads\\\/logo-bdb-full-wide-vernil-transparent.png\",\"contentUrl\":\"https:\\\/\\\/buletin.de\\\/bucuresti\\\/wp-content\\\/uploads\\\/logo-bdb-full-wide-vernil-transparent.png\",\"width\":1782,\"height\":626,\"caption\":\"Buletin de Bucure\u0219ti\"},\"image\":{\"@id\":\"https:\\\/\\\/buletin.de\\\/bucuresti\\\/#\\\/schema\\\/logo\\\/image\\\/\"},\"sameAs\":[\"https:\\\/\\\/www.facebook.com\\\/buletin.de.buc\",\"https:\\\/\\\/www.instagram.com\\\/buletinde.bucuresti\\\/\"]},{\"@type\":\"Person\",\"@id\":\"https:\\\/\\\/buletin.de\\\/bucuresti\\\/#\\\/schema\\\/person\\\/2bbcf854e5f2419a13804af574d06ab1\",\"name\":\"Redac\u021bia Buletin de Bucure\u0219ti\",\"image\":{\"@type\":\"ImageObject\",\"inLanguage\":\"en-GB\",\"@id\":\"https:\\\/\\\/secure.gravatar.com\\\/avatar\\\/18c5342381ed1a08620e6280424e3e5efc958618f5d67c522c9e44c1bc6f9226?s=96&d=monsterid&r=g60c7cd0ad92c68c049fcd4bb3504d609\",\"url\":\"https:\\\/\\\/secure.gravatar.com\\\/avatar\\\/18c5342381ed1a08620e6280424e3e5efc958618f5d67c522c9e44c1bc6f9226?s=96&d=monsterid&r=g\",\"contentUrl\":\"https:\\\/\\\/secure.gravatar.com\\\/avatar\\\/18c5342381ed1a08620e6280424e3e5efc958618f5d67c522c9e44c1bc6f9226?s=96&d=monsterid&r=g\",\"caption\":\"Redac\u021bia Buletin de Bucure\u0219ti\"},\"description\":\"Buletin de Bucure\u0219ti exist\u0103 din vara anului 2019.\",\"url\":\"https:\\\/\\\/buletin.de\\\/bucuresti\\\/author\\\/adminbuletin\\\/\"}]}<\/script>\n<!-- \/ Yoast SEO Premium plugin. -->","yoast_head_json":{"title":"Cel mai mare \u201eabator de c\u00e2ini\u201d din \u021bar\u0103 este l\u00e2ng\u0103 Bucure\u0219ti. Ritm industrial de execu\u021bie a animalelor, pl\u0103tit din bani publici | Snoop - Buletin de Bucure\u0219ti","description":"Aproape 16.000 de animale au fost eutanasiate \u00een ultimii trei ani \u00eentr-un \u201eabator de c\u00e2ini\u201d din jude\u021bul Giurgiu, aproape de Bucure\u0219ti.","robots":{"index":"index","follow":"follow","max-snippet":"max-snippet:-1","max-image-preview":"max-image-preview:large","max-video-preview":"max-video-preview:-1"},"canonical":"https:\/\/buletin.de\/bucuresti\/cel-mai-mare-abator-de-caini-din-tara-langa-bucuresti-ritm-industrial-de-executie-a-animalelor-platit-din-bani-publici-snoop\/","og_locale":"en_GB","og_type":"article","og_title":"Cel mai mare \u201eabator de c\u00e2ini\u201d din \u021bar\u0103 este l\u00e2ng\u0103 Bucure\u0219ti. Ritm industrial de execu\u021bie a animalelor, pl\u0103tit din bani publici | Snoop","og_description":"Aproape 16.000 de animale au fost eutanasiate \u00een ultimii trei ani \u00eentr-un \u201eabator de c\u00e2ini\u201d din jude\u021bul Giurgiu, aproape de Bucure\u0219ti.","og_url":"https:\/\/buletin.de\/bucuresti\/cel-mai-mare-abator-de-caini-din-tara-langa-bucuresti-ritm-industrial-de-executie-a-animalelor-platit-din-bani-publici-snoop\/","og_site_name":"Buletin de Bucure\u0219ti","article_publisher":"https:\/\/www.facebook.com\/buletin.de.buc","article_published_time":"2026-02-17T09:25:20+00:00","article_modified_time":"2026-02-17T12:30:50+00:00","author":"Redac\u021bia Buletin de Bucure\u0219ti","twitter_card":"summary_large_image","twitter_misc":{"Written by":"Redac\u021bia Buletin de Bucure\u0219ti","Estimated reading time":"3 minutes"},"schema":{"@context":"https:\/\/schema.org","@graph":[{"@type":"Article","@id":"https:\/\/buletin.de\/bucuresti\/cel-mai-mare-abator-de-caini-din-tara-langa-bucuresti-ritm-industrial-de-executie-a-animalelor-platit-din-bani-publici-snoop\/#article","isPartOf":{"@id":"https:\/\/buletin.de\/bucuresti\/cel-mai-mare-abator-de-caini-din-tara-langa-bucuresti-ritm-industrial-de-executie-a-animalelor-platit-din-bani-publici-snoop\/"},"author":{"name":"Redac\u021bia Buletin de Bucure\u0219ti","@id":"https:\/\/buletin.de\/bucuresti\/#\/schema\/person\/2bbcf854e5f2419a13804af574d06ab1"},"headline":"Cel mai mare \u201eabator de c\u00e2ini\u201d din \u021bar\u0103 este l\u00e2ng\u0103 Bucure\u0219ti. Ritm industrial de execu\u021bie a animalelor, pl\u0103tit din bani publici | Snoop","datePublished":"2026-02-17T09:25:20+00:00","dateModified":"2026-02-17T12:30:50+00:00","mainEntityOfPage":{"@id":"https:\/\/buletin.de\/bucuresti\/cel-mai-mare-abator-de-caini-din-tara-langa-bucuresti-ritm-industrial-de-executie-a-animalelor-platit-din-bani-publici-snoop\/"},"wordCount":727,"publisher":{"@id":"https:\/\/buletin.de\/bucuresti\/#organization"},"image":{"@id":"https:\/\/buletin.de\/bucuresti\/cel-mai-mare-abator-de-caini-din-tara-langa-bucuresti-ritm-industrial-de-executie-a-animalelor-platit-din-bani-publici-snoop\/#primaryimage"},"thumbnailUrl":"https:\/\/buletin.de\/bucuresti\/wp-content\/uploads\/2026\/02\/6-Valetin-Istrate-cu-arma-de-tranchilizare-Foto-Federatia-pentru-Protectia-Animalelor-si-Mediului-2048x1366-1.avif","keywords":["abuz \u00een serviciu","ad\u0103post c\u00e2ini Giurgiu","Aspa Ivets","bani publici","dosare penale","eutanasie c\u00e2ini","gestionare maidanezi","taxa aderare","Uzunu","Valentin Istrate"],"articleSection":["Articole","Main","Mediu"],"inLanguage":"en-GB","copyrightYear":"2026","copyrightHolder":{"@id":"https:\/\/buletin.de\/bucuresti\/#organization"}},{"@type":"WebPage","@id":"https:\/\/buletin.de\/bucuresti\/cel-mai-mare-abator-de-caini-din-tara-langa-bucuresti-ritm-industrial-de-executie-a-animalelor-platit-din-bani-publici-snoop\/","url":"https:\/\/buletin.de\/bucuresti\/cel-mai-mare-abator-de-caini-din-tara-langa-bucuresti-ritm-industrial-de-executie-a-animalelor-platit-din-bani-publici-snoop\/","name":"Cel mai mare \u201eabator de c\u00e2ini\u201d din \u021bar\u0103 este l\u00e2ng\u0103 Bucure\u0219ti. Ritm industrial de execu\u021bie a animalelor, pl\u0103tit din bani publici | Snoop - Buletin de Bucure\u0219ti","isPartOf":{"@id":"https:\/\/buletin.de\/bucuresti\/#website"},"primaryImageOfPage":{"@id":"https:\/\/buletin.de\/bucuresti\/cel-mai-mare-abator-de-caini-din-tara-langa-bucuresti-ritm-industrial-de-executie-a-animalelor-platit-din-bani-publici-snoop\/#primaryimage"},"image":{"@id":"https:\/\/buletin.de\/bucuresti\/cel-mai-mare-abator-de-caini-din-tara-langa-bucuresti-ritm-industrial-de-executie-a-animalelor-platit-din-bani-publici-snoop\/#primaryimage"},"thumbnailUrl":"https:\/\/buletin.de\/bucuresti\/wp-content\/uploads\/2026\/02\/6-Valetin-Istrate-cu-arma-de-tranchilizare-Foto-Federatia-pentru-Protectia-Animalelor-si-Mediului-2048x1366-1.avif","datePublished":"2026-02-17T09:25:20+00:00","dateModified":"2026-02-17T12:30:50+00:00","description":"Aproape 16.000 de animale au fost eutanasiate \u00een ultimii trei ani \u00eentr-un \u201eabator de c\u00e2ini\u201d din jude\u021bul Giurgiu, aproape de Bucure\u0219ti.","breadcrumb":{"@id":"https:\/\/buletin.de\/bucuresti\/cel-mai-mare-abator-de-caini-din-tara-langa-bucuresti-ritm-industrial-de-executie-a-animalelor-platit-din-bani-publici-snoop\/#breadcrumb"},"inLanguage":"en-GB","potentialAction":[{"@type":"ReadAction","target":["https:\/\/buletin.de\/bucuresti\/cel-mai-mare-abator-de-caini-din-tara-langa-bucuresti-ritm-industrial-de-executie-a-animalelor-platit-din-bani-publici-snoop\/"]}]},{"@type":"ImageObject","inLanguage":"en-GB","@id":"https:\/\/buletin.de\/bucuresti\/cel-mai-mare-abator-de-caini-din-tara-langa-bucuresti-ritm-industrial-de-executie-a-animalelor-platit-din-bani-publici-snoop\/#primaryimage","url":"https:\/\/buletin.de\/bucuresti\/wp-content\/uploads\/2026\/02\/6-Valetin-Istrate-cu-arma-de-tranchilizare-Foto-Federatia-pentru-Protectia-Animalelor-si-Mediului-2048x1366-1.avif","contentUrl":"https:\/\/buletin.de\/bucuresti\/wp-content\/uploads\/2026\/02\/6-Valetin-Istrate-cu-arma-de-tranchilizare-Foto-Federatia-pentru-Protectia-Animalelor-si-Mediului-2048x1366-1.avif","width":2048,"height":1366,"caption":"Valetin Istrate, unul dintre patronii \u201efacilit\u0103\u021bii\u201d de la Uzunu. FOTO. FPAM via snoop.ro"},{"@type":"BreadcrumbList","@id":"https:\/\/buletin.de\/bucuresti\/cel-mai-mare-abator-de-caini-din-tara-langa-bucuresti-ritm-industrial-de-executie-a-animalelor-platit-din-bani-publici-snoop\/#breadcrumb","itemListElement":[{"@type":"ListItem","position":1,"name":"Acas\u0103","item":"https:\/\/buletin.de\/bucuresti\/"},{"@type":"ListItem","position":2,"name":"Cel mai mare \u201eabator de c\u00e2ini\u201d din \u021bar\u0103 este l\u00e2ng\u0103 Bucure\u0219ti. Ritm industrial de execu\u021bie a animalelor, pl\u0103tit din bani publici | Snoop"}]},{"@type":"WebSite","@id":"https:\/\/buletin.de\/bucuresti\/#website","url":"https:\/\/buletin.de\/bucuresti\/","name":"Buletin de Bucure\u0219ti","description":"\u0218tiri \u0219i investiga\u021bii esen\u021biale din capital\u0103","publisher":{"@id":"https:\/\/buletin.de\/bucuresti\/#organization"},"potentialAction":[{"@type":"SearchAction","target":{"@type":"EntryPoint","urlTemplate":"https:\/\/buletin.de\/bucuresti\/?s={search_term_string}"},"query-input":{"@type":"PropertyValueSpecification","valueRequired":true,"valueName":"search_term_string"}}],"inLanguage":"en-GB"},{"@type":"Organization","@id":"https:\/\/buletin.de\/bucuresti\/#organization","name":"Buletin de Bucure\u0219ti","url":"https:\/\/buletin.de\/bucuresti\/","logo":{"@type":"ImageObject","inLanguage":"en-GB","@id":"https:\/\/buletin.de\/bucuresti\/#\/schema\/logo\/image\/","url":"https:\/\/buletin.de\/bucuresti\/wp-content\/uploads\/logo-bdb-full-wide-vernil-transparent.png","contentUrl":"https:\/\/buletin.de\/bucuresti\/wp-content\/uploads\/logo-bdb-full-wide-vernil-transparent.png","width":1782,"height":626,"caption":"Buletin de Bucure\u0219ti"},"image":{"@id":"https:\/\/buletin.de\/bucuresti\/#\/schema\/logo\/image\/"},"sameAs":["https:\/\/www.facebook.com\/buletin.de.buc","https:\/\/www.instagram.com\/buletinde.bucuresti\/"]},{"@type":"Person","@id":"https:\/\/buletin.de\/bucuresti\/#\/schema\/person\/2bbcf854e5f2419a13804af574d06ab1","name":"Redac\u021bia Buletin de Bucure\u0219ti","image":{"@type":"ImageObject","inLanguage":"en-GB","@id":"https:\/\/secure.gravatar.com\/avatar\/18c5342381ed1a08620e6280424e3e5efc958618f5d67c522c9e44c1bc6f9226?s=96&d=monsterid&r=g60c7cd0ad92c68c049fcd4bb3504d609","url":"https:\/\/secure.gravatar.com\/avatar\/18c5342381ed1a08620e6280424e3e5efc958618f5d67c522c9e44c1bc6f9226?s=96&d=monsterid&r=g","contentUrl":"https:\/\/secure.gravatar.com\/avatar\/18c5342381ed1a08620e6280424e3e5efc958618f5d67c522c9e44c1bc6f9226?s=96&d=monsterid&r=g","caption":"Redac\u021bia Buletin de Bucure\u0219ti"},"description":"Buletin de Bucure\u0219ti exist\u0103 din vara anului 2019.","url":"https:\/\/buletin.de\/bucuresti\/author\/adminbuletin\/"}]}},"authors":[{"term_id":22583,"user_id":1,"is_guest":0,"slug":"adminbuletin","display_name":"Redac\u021bia Buletin de Bucure\u0219ti","avatar_url":"https:\/\/secure.gravatar.com\/avatar\/18c5342381ed1a08620e6280424e3e5efc958618f5d67c522c9e44c1bc6f9226?s=96&d=monsterid&r=g","0":null,"1":"","2":"","3":"","4":"","5":"","6":"","7":"","8":""}],"_links":{"self":[{"href":"https:\/\/buletin.de\/bucuresti\/wp-json\/wp\/v2\/posts\/174352","targetHints":{"allow":["GET"]}}],"collection":[{"href":"https:\/\/buletin.de\/bucuresti\/wp-json\/wp\/v2\/posts"}],"about":[{"href":"https:\/\/buletin.de\/bucuresti\/wp-json\/wp\/v2\/types\/post"}],"author":[{"embeddable":true,"href":"https:\/\/buletin.de\/bucuresti\/wp-json\/wp\/v2\/users\/1"}],"replies":[{"embeddable":true,"href":"https:\/\/buletin.de\/bucuresti\/wp-json\/wp\/v2\/comments?post=174352"}],"version-history":[{"count":5,"href":"https:\/\/buletin.de\/bucuresti\/wp-json\/wp\/v2\/posts\/174352\/revisions"}],"predecessor-version":[{"id":174451,"href":"https:\/\/buletin.de\/bucuresti\/wp-json\/wp\/v2\/posts\/174352\/revisions\/174451"}],"wp:featuredmedia":[{"embeddable":true,"href":"https:\/\/buletin.de\/bucuresti\/wp-json\/wp\/v2\/media\/174357"}],"wp:attachment":[{"href":"https:\/\/buletin.de\/bucuresti\/wp-json\/wp\/v2\/media?parent=174352"}],"wp:term":[{"taxonomy":"category","embeddable":true,"href":"https:\/\/buletin.de\/bucuresti\/wp-json\/wp\/v2\/categories?post=174352"},{"taxonomy":"post_tag","embeddable":true,"href":"https:\/\/buletin.de\/bucuresti\/wp-json\/wp\/v2\/tags?post=174352"},{"taxonomy":"author","embeddable":true,"href":"https:\/\/buletin.de\/bucuresti\/wp-json\/wp\/v2\/ppma_author?post=174352"}],"curies":[{"name":"wp","href":"https:\/\/api.w.org\/{rel}","templated":true}]}}