{"id":17398,"date":"2020-12-28T21:12:52","date_gmt":"2020-12-28T18:12:52","guid":{"rendered":"https:\/\/buletin.de\/bucuresti\/?p=17398"},"modified":"2021-07-27T15:00:55","modified_gmt":"2021-07-27T12:00:55","slug":"paradox-de-pandemie-la-centrul-european-cultural","status":"publish","type":"post","link":"https:\/\/buletin.de\/bucuresti\/paradox-de-pandemie-la-centrul-european-cultural\/","title":{"rendered":"Paradox de pandemie la Centrul European Cultural \u0219i de Tineret pentru UNESCO Nicolae B\u0103lcescu | 63% din banii cheltui\u021bi pe achizi\u021bii directe \u00een 2020 da\u021bi pentru&#8230;.  consultan\u021b\u0103 \u00een achizi\u021bii"},"content":{"rendered":"\n<div class=\"wp-block-group\"><div class=\"wp-block-group__inner-container is-layout-flow wp-block-group-is-layout-flow\">\n<div class=\"wp-block-image\"><figure class=\"aligncenter size-large is-resized\"><a href=\"https:\/\/activecitizensfund.ro\" target=\"_blank\" rel=\"noopener noreferrer\"><img fetchpriority=\"high\" decoding=\"async\" src=\"data:image\/gif;base64,R0lGODlhAQABAAAAACH5BAEKAAEALAAAAAABAAEAAAICTAEAOw==\" data-src=\"https:\/\/buletin.de\/bucuresti\/wp-content\/uploads\/Active-citizens-fund@4x-1-900x316.png\" alt=\"\" class=\"wp-image-11980 lazyload\" width=\"450\" height=\"158\" data-sizes=\"auto\" data-srcset=\"https:\/\/buletin.de\/bucuresti\/wp-content\/uploads\/Active-citizens-fund@4x-1-900x316.png 900w, https:\/\/buletin.de\/bucuresti\/wp-content\/uploads\/Active-citizens-fund@4x-1-300x105.png 300w, https:\/\/buletin.de\/bucuresti\/wp-content\/uploads\/Active-citizens-fund@4x-1-768x270.png 768w, https:\/\/buletin.de\/bucuresti\/wp-content\/uploads\/Active-citizens-fund@4x-1-1536x539.png 1536w, https:\/\/buletin.de\/bucuresti\/wp-content\/uploads\/Active-citizens-fund@4x-1-2048x719.png 2048w, https:\/\/buletin.de\/bucuresti\/wp-content\/uploads\/Active-citizens-fund@4x-1-1060x372.png 1060w, https:\/\/buletin.de\/bucuresti\/wp-content\/uploads\/Active-citizens-fund@4x-1-550x193.png 550w, https:\/\/buletin.de\/bucuresti\/wp-content\/uploads\/Active-citizens-fund@4x-1-1425x500.png 1425w, https:\/\/buletin.de\/bucuresti\/wp-content\/uploads\/Active-citizens-fund@4x-1-1920x674.png 1920w, https:\/\/buletin.de\/bucuresti\/wp-content\/uploads\/Active-citizens-fund@4x-1-600x211.png 600w\" sizes=\"(max-width: 450px) 100vw, 450px\" \/><\/a><\/figure><\/div>\n\n\n\n<div style=\"height:20px\" aria-hidden=\"true\" class=\"wp-block-spacer\"><\/div>\n<\/div><\/div>\n\n\n\n<p><strong>Urm\u0103rind lista achizi\u021biilor directe f\u0103cute anul acesta de Centrul European Cultural \u0219i de Tineret pentru UNESCO Nicolae B\u0103lcescu , ne-a atras aten\u021bia suma uria\u0219\u0103 cheltuit\u0103 pe <em>consultan\u021b\u0103 \u00een achizi\u021biile publice<\/em>. Din cele 1,7 milioane de lei, cheltuite \u00een 2020 pe toate achizi\u021bii directe, 1 milion au mers la SCA Marina \u0219i Asocia\u021bii, pentru consultan\u021b\u0103<\/strong> <strong>Colaborarea dintre institu\u021bia public\u0103 \u0219i casa de avocatur\u0103 nu e nou\u0103. <\/strong><\/p>\n\n\n\n<h2 class=\"wp-block-heading\">Preg\u0103tirea pentru achizi\u021bii mai scump\u0103 dec\u00e2t orice alt\u0103 achizi\u021bie<\/h2>\n\n\n\n<p>Sumele cheltuite de <strong>Centrul European Cultural \u0219i de Tineret pentru UNESCO Nicolae B\u0103lcescu<\/strong>, institu\u021bie aflat\u0103 \u00een administra\u021bia Prim\u0103riei Sector 4, pe consultan\u021b\u0103 \u00een achizi\u021bii, au crescut exploziv \u00een ultimii 3 ani. De la 3% din totalul sumelor cheltuite pe achizi\u021bii directe \u00een 2018, la 26% \u00een 2019 \u0219i p\u0103n\u0103 la 63%, anul acesta.<\/p>\n\n\n\n<figure class=\"wp-block-table is-style-stripes\"><table><thead><tr><th scope=\"col\">An&nbsp;<\/th><th scope=\"col\">Contracte&nbsp;<\/th><th scope=\"col\">RON&nbsp;<\/th><th>% din<br> total achizitii<\/th><\/tr><\/thead><tbody><tr><td>2020<\/td><td>2<\/td><td>1,080,000<\/td><td>63% <\/td><\/tr><tr><td>2019<\/td><td>2<\/td><td>540,000<\/td><td>26%<\/td><\/tr><tr><td>2018<\/td><td>3<\/td><td>28,350<\/td><td>3%<\/td><\/tr><\/tbody><\/table><\/figure>\n\n\n\n<p>Ce a cump\u0103rat Centrul cu 1 milion de lei?<\/p>\n\n\n\n<blockquote class=\"wp-block-quote is-layout-flow wp-block-quote-is-layout-flow\"><p><em>Servicii de consultan\u021b\u0103 privind planificarea, preg\u0103tirea \u0219i organizarea procesului de achizi\u021bie public\u0103, organizarea \u0219i aplicarea achizi\u021biei directe. Servicii de consultan\u021b\u0103 \u00een leg\u0103tur\u0103 cu elaborarea documenta\u021biei premerg\u0103toare organiz\u0103rii procedurii de achizi\u021bie: programul anual de achizi\u021bii publice (PAAP), referate de necesitate, documenta\u021bia de atribuire \u0219i documente suport, strategie de contractare.<\/em><\/p><cite>SEAP<\/cite><\/blockquote>\n\n\n\n<p><\/p>\n\n\n\n<figure class=\"wp-block-image size-large\"><img decoding=\"async\" width=\"900\" height=\"506\" src=\"data:image\/gif;base64,R0lGODlhAQABAAAAACH5BAEKAAEALAAAAAABAAEAAAICTAEAOw==\" data-src=\"https:\/\/buletin.de\/bucuresti\/wp-content\/uploads\/image-383-900x506.png\" alt=\"\" class=\"wp-image-17412 lazyload\" data-sizes=\"auto\" data-srcset=\"https:\/\/buletin.de\/bucuresti\/wp-content\/uploads\/image-383-900x506.png 900w, https:\/\/buletin.de\/bucuresti\/wp-content\/uploads\/image-383-300x169.png 300w, https:\/\/buletin.de\/bucuresti\/wp-content\/uploads\/image-383-768x432.png 768w, https:\/\/buletin.de\/bucuresti\/wp-content\/uploads\/image-383-1060x596.png 1060w, https:\/\/buletin.de\/bucuresti\/wp-content\/uploads\/image-383-550x309.png 550w, https:\/\/buletin.de\/bucuresti\/wp-content\/uploads\/image-383-889x500.png 889w, https:\/\/buletin.de\/bucuresti\/wp-content\/uploads\/image-383-600x337.png 600w, https:\/\/buletin.de\/bucuresti\/wp-content\/uploads\/image-383.png 1366w\" sizes=\"(max-width: 900px) 100vw, 900px\" \/><\/figure>\n\n\n\n<figure class=\"wp-block-image size-large\"><img decoding=\"async\" width=\"900\" height=\"506\" src=\"data:image\/gif;base64,R0lGODlhAQABAAAAACH5BAEKAAEALAAAAAABAAEAAAICTAEAOw==\" data-src=\"https:\/\/buletin.de\/bucuresti\/wp-content\/uploads\/image-384-900x506.png\" alt=\"\" class=\"wp-image-17413 lazyload\" data-sizes=\"auto\" data-srcset=\"https:\/\/buletin.de\/bucuresti\/wp-content\/uploads\/image-384-900x506.png 900w, https:\/\/buletin.de\/bucuresti\/wp-content\/uploads\/image-384-300x169.png 300w, https:\/\/buletin.de\/bucuresti\/wp-content\/uploads\/image-384-768x432.png 768w, https:\/\/buletin.de\/bucuresti\/wp-content\/uploads\/image-384-1060x596.png 1060w, https:\/\/buletin.de\/bucuresti\/wp-content\/uploads\/image-384-550x309.png 550w, https:\/\/buletin.de\/bucuresti\/wp-content\/uploads\/image-384-889x500.png 889w, https:\/\/buletin.de\/bucuresti\/wp-content\/uploads\/image-384-600x337.png 600w, https:\/\/buletin.de\/bucuresti\/wp-content\/uploads\/image-384.png 1366w\" sizes=\"(max-width: 900px) 100vw, 900px\" \/><\/figure>\n\n\n\n<p>Rela\u021bia centrului cu firma SCA Marina si Asocia\u021bii e una mai veche. \u0218i contractul de anul trecut, a fost c\u0103\u0219tigat de aceea\u0219i cas\u0103 de avocatur\u0103. Avoca\u021bii firmei au oferit consultan\u021b\u0103 \u00een valoare de 540.000 de lei.<\/p>\n\n\n\n<p>Pentru firma de avocatura Marina \u0219i Asocia\u021bii, contractele cu Centrul European pentru Unesco sunt singurele \u00eencheiate prin SEAP.<\/p>\n\n\n\n<h2 class=\"wp-block-heading\">Centrul European Cultural \u0219i de Tineret pentru UNESCO Nicolae B\u0103lcescu se preg\u0103te\u0219te \u0219i pentru ie\u0219irea din pandemie<\/h2>\n\n\n\n<p>23 decembrie a fost o zi bun\u0103 pentru Ancore Media, firma ce de\u021bine postul B1 TV. \u00cen c\u00e2teva ore, a reu\u0219it s\u0103 ob\u021bin\u0103 250.000 de lei, pentru servicii de informare \u0219i produc\u021bie TV, prin v\u00e2nzare direct\u0103 \u00een SEAP, scrie <a href=\"https:\/\/www.facebook.com\/252039355272540\/posts\/1036120686864399\/?d=n\">Banii No\u0219tri<\/a>. Ambele tranzac\u021bii au fost \u00eencheiate cu aceea\u0219i entitate public\u0103, Centrul European Cultural \u0219i de Tineret pentru UNESCO Nicolae B\u0103lcescu, centru aflat \u00een administrarea Prim\u0103riei Sector 4, condus\u0103 de social-democratul Daniel B\u0103lu\u021b\u0103, \u0219i sunt singurele din \u00eentreg anul 2020. Ce presupun cele dou\u0103 achizi\u021bii?<\/p>\n\n\n\n<blockquote class=\"wp-block-quote is-layout-flow wp-block-quote-is-layout-flow\"><p><em>Pachet de productii FILME INFORMARE, format pentru tv si online: Productie video Transmisie live a evenimentelor in platforme online (inclusiv facebook si youtube) Editare video Editare grafica Servicii Voice over Editare sunet Editare imagine Redactare info text Productiile post editate vor avea o durata cuprinsa intre 60 secunde ( minima) &#8211; 300 secunde ( maxima)<\/em><\/p><cite>SEAP<\/cite><\/blockquote>\n\n\n\n<figure class=\"wp-block-image size-large\"><img loading=\"lazy\" decoding=\"async\" width=\"900\" height=\"506\" src=\"data:image\/gif;base64,R0lGODlhAQABAAAAACH5BAEKAAEALAAAAAABAAEAAAICTAEAOw==\" data-src=\"https:\/\/buletin.de\/bucuresti\/wp-content\/uploads\/image-381-900x506.png\" alt=\"\" class=\"wp-image-17400 lazyload\" data-sizes=\"auto\" data-srcset=\"https:\/\/buletin.de\/bucuresti\/wp-content\/uploads\/image-381-900x506.png 900w, https:\/\/buletin.de\/bucuresti\/wp-content\/uploads\/image-381-300x169.png 300w, https:\/\/buletin.de\/bucuresti\/wp-content\/uploads\/image-381-768x432.png 768w, https:\/\/buletin.de\/bucuresti\/wp-content\/uploads\/image-381-1060x596.png 1060w, https:\/\/buletin.de\/bucuresti\/wp-content\/uploads\/image-381-550x309.png 550w, https:\/\/buletin.de\/bucuresti\/wp-content\/uploads\/image-381-889x500.png 889w, https:\/\/buletin.de\/bucuresti\/wp-content\/uploads\/image-381-600x337.png 600w, https:\/\/buletin.de\/bucuresti\/wp-content\/uploads\/image-381.png 1366w\" sizes=\"(max-width: 900px) 100vw, 900px\" \/><\/figure>\n\n\n\n<blockquote class=\"wp-block-quote is-layout-flow wp-block-quote-is-layout-flow\"><p><em>Pachet de productii de televiziune, care vor include, in functie de nivelul de complexitate: Productie video Editare video Editare grafica Servicii Voice over Editare sunet Editare imagine Redactare stiri Productiile vor avea o durata de 30 secunde ( minima) &#8211; 4 minute ( maxima)<\/em><\/p><cite>SEAP<\/cite><\/blockquote>\n\n\n\n<figure class=\"wp-block-image size-large\"><a href=\"https:\/\/buletin.de\/bucuresti\/wp-content\/uploads\/image-380.png\"><img loading=\"lazy\" decoding=\"async\" width=\"900\" height=\"506\" src=\"data:image\/gif;base64,R0lGODlhAQABAAAAACH5BAEKAAEALAAAAAABAAEAAAICTAEAOw==\" data-src=\"https:\/\/buletin.de\/bucuresti\/wp-content\/uploads\/image-380-900x506.png\" alt=\"\" class=\"wp-image-17399 lazyload\" data-sizes=\"auto\" data-srcset=\"https:\/\/buletin.de\/bucuresti\/wp-content\/uploads\/image-380-900x506.png 900w, https:\/\/buletin.de\/bucuresti\/wp-content\/uploads\/image-380-300x169.png 300w, https:\/\/buletin.de\/bucuresti\/wp-content\/uploads\/image-380-768x432.png 768w, https:\/\/buletin.de\/bucuresti\/wp-content\/uploads\/image-380-1060x596.png 1060w, https:\/\/buletin.de\/bucuresti\/wp-content\/uploads\/image-380-550x309.png 550w, https:\/\/buletin.de\/bucuresti\/wp-content\/uploads\/image-380-889x500.png 889w, https:\/\/buletin.de\/bucuresti\/wp-content\/uploads\/image-380-600x337.png 600w, https:\/\/buletin.de\/bucuresti\/wp-content\/uploads\/image-380.png 1366w\" sizes=\"(max-width: 900px) 100vw, 900px\" \/><\/a><\/figure>\n\n\n\n<p>Adic\u0103 \u00een principiu acela\u0219i lucru, \u00eens\u0103 sub dou\u0103 coduri diferite pentru a nu dep\u0103\u0219i valoarea maxim\u0103 legal\u0103 impus\u0103 pentru achizi\u021biile directe. <\/p>\n\n\n\n<h2 class=\"wp-block-heading\">O prietenie mai veche<\/h2>\n\n\n\n<p>\u00centre Centrul European Cultural \u0219i de Tineret pentru UNESCO Nicolae B\u0103lcescu \u0219i B1Tv exist\u0103 o mai veche \u0219i b\u0103noas\u0103 rela\u021bie.  \u00centre 2018-2020, cele dou\u0103 au f\u0103cut afaceri de 559.600 de lei, totul prin achizi\u021bii directe.<\/p>\n\n\n\n<figure class=\"wp-block-table is-style-stripes\"><table><thead><tr><th scope=\"col\">An&nbsp;<\/th><th scope=\"col\">Contracte&nbsp;<\/th><th scope=\"col\">RON&nbsp;<\/th><\/tr><\/thead><tbody><tr><td>2020<\/td><td>2<\/td><td>250,000<\/td><\/tr><tr><td>2019<\/td><td>1<\/td><td>129,600<\/td><\/tr><tr><td>2018<\/td><td>2<\/td><td>180,000<\/td><\/tr><\/tbody><tfoot><tr><th scope=\"col\"><\/th><th scope=\"col\"><\/th><th scope=\"col\">559,600<\/th><\/tr><\/tfoot><\/table><\/figure>\n\n\n\n<p>Serviciile oferite centrului de Ancore Media au fost acelea\u0219i &#8211; produc\u021bie de televiziune. \u0218i, evident, manifest\u0103rile centrului au devenit <em>remarcabile<\/em> \u00een \u0219tirile prezentate de televizunea B1.<\/p>\n\n\n\n<p><a href=\"https:\/\/www.b1.ro\/stiri\/eveniment\/centrul-cultural-pentru-unesco-primaria-sectorului-4-spectacol-cvartet-308464.html\">https:\/\/www.b1.ro\/stiri\/eveniment\/centrul-cultural-pentru-unesco-primaria-sectorului-4-spectacol-cvartet-308464.html<\/a><\/p>\n\n\n\n<p>De altfel, \u00een acee\u0219i perioad\u0103, 2018-2020, \u00een afara de contractele cu centrul p\u0103storit de Prim\u0103ria Sector 4, Ancore Media a mai avut DOAR un singur contract ob\u021binut prin SEAP, cu Centrul Cultural \u0219i de Tineret &#8221; Stefan Iordache&#8221;, aflat \u00een administra\u021bia Prim\u0103riei Sector 5, \u00een 2019, \u00een valoare de 129.600 de lei. <\/p>\n\n\n\n<blockquote class=\"wp-block-quote is-layout-flow wp-block-quote-is-layout-flow\"><p><em>Centrul European Cultural si de Tineret pentru UNESCO \u201eNicolae B\u0103lcescu\u201d \u2013 este un serviciu public aflat \u00een subordinea Consiliului Local \u0219i Prim\u0103riei Sectorului 4 din Bucure\u0219ti, ce are ca principal obiect de activitate derularea de proiecte culturale locale, na\u021bionale \u0219i interna\u021bionale.<\/em><\/p><cite>www.ccunb.ro<\/cite><\/blockquote>\n\n\n\n<div style=\"height:40px\" aria-hidden=\"true\" class=\"wp-block-spacer\"><\/div>\n\n\n\n<style>\n.disclaimerACF {\ndisplay: block;\nmax-width: 550px;\nmargin-top:-10px;\nmargin-left:auto;\nmargin-right:auto;\n}\n<\/style>\n\n\n\n<p class=\"disclaimerACF has-small-font-size\">Acest articol face parte din <strong><a href=\"https:\/\/buletin.de\/bucuresti\/buletin-de-bucuresti-in-pandemie\/\" data-type=\"URL\" data-id=\"https:\/\/buletin.de\/bucuresti\/buletin-de-bucuresti-in-pandemie\/\" target=\"_blank\" rel=\"noreferrer noopener\">\u201eBuletin de Bucure\u0219ti \u00een pandemie&#8221;<\/a>, <\/strong>o serie \u00een care investig\u0103m achizi\u021biile publice din jude\u021bul Ilfov \u0219i Bucure\u0219ti, \u00een contextul pandemiei Covid-19<\/p>\n\n\n\n<p class=\"has-text-align-left disclaimerACF\" style=\"font-size:12px\"><em>Proiect derulat de Asocia\u021bia Funky Citizens cu sprijinul financiar <a rel=\"noreferrer noopener\" aria-label=\"Active Citizens Fund Rom\u00e2nia (opens in a new tab)\" href=\"https:\/\/activecitizensfund.ro\" target=\"_blank\">Active Citizens Fund Rom\u00e2nia<\/a>, program finan\u021bat de Islanda, Liechtenstein \u0219i Norvegia prin Granturile SEE 2014-2021. Con\u021binutul acestui material nu reprezint\u0103 \u00een mod necesar pozi\u021bia oficial\u0103 a Granturilor SEE \u0219i Norvegiene 2014-2021; pentru mai multe informa\u021bii accesa\u021bi <a href=\"http:\/\/www.eeagrants.org\">www.eeagrants.org<\/a>. Informa\u021bii suplimentare pot fi g\u0103site pe paginile web&nbsp;<a href=\"http:\/\/www.activecitizensfund.ro\/\">www.activecitizensfund.ro<\/a>&nbsp;\u0219i&nbsp;<a href=\"http:\/\/www.eeagrants.org\/\">www.eeagrants.org<\/a>.<\/em><\/p>\n\n\n\n<p class=\"has-text-align-center\"><strong>Lucr\u0103m \u00eempreun\u0103 pentru o Europ\u0103&nbsp;<span style=\"color:#009b75\" class=\"has-inline-color\">verde<\/span>,&nbsp;<span style=\"color:#df4d3e\">competitiv\u0103<\/span>&nbsp;\u0219i&nbsp;<span style=\"color:#006ca7\">incluziv\u0103<\/span><\/strong>.<\/p>\n\n\n\n<p class=\"has-text-align-center\">Proiect derulat de<\/p>\n\n\n\n<div style=\"margin-top: -30px;\" class=\"wp-block-image\"><figure class=\"aligncenter size-large is-resized\"><img decoding=\"async\" src=\"data:image\/gif;base64,R0lGODlhAQABAAAAACH5BAEKAAEALAAAAAABAAEAAAICTAEAOw==\" data-src=\"https:\/\/buletin.de\/bucuresti\/wp-content\/uploads\/logo-funky-citizens-2016-1.png\" alt=\"\" class=\"wp-image-10395 lazyload\" width=\"200\" height=\"NaN\" data-sizes=\"auto\" data-srcset=\"https:\/\/buletin.de\/bucuresti\/wp-content\/uploads\/logo-funky-citizens-2016-1.png 650w, https:\/\/buletin.de\/bucuresti\/wp-content\/uploads\/logo-funky-citizens-2016-1-600x277.png 600w, https:\/\/buletin.de\/bucuresti\/wp-content\/uploads\/logo-funky-citizens-2016-1-300x138.png 300w, https:\/\/buletin.de\/bucuresti\/wp-content\/uploads\/logo-funky-citizens-2016-1-550x254.png 550w\" sizes=\"(max-width: 650px) 100vw, 650px\" \/><\/figure><\/div>\n","protected":false},"excerpt":{"rendered":"<p>Urm\u0103rind lista achizi\u021biilor directe f\u0103cute anul acesta de Centrul European Cultural \u0219i de Tineret pentru UNESCO Nicolae B\u0103lcescu , ne-a atras aten\u021bia suma uria\u0219\u0103 cheltuit\u0103 pe consultan\u021b\u0103 \u00een achizi\u021biile publice. Din cele 1,7 milioane de lei, cheltuite \u00een 2020 pe toate achizi\u021bii directe, 1 milion au mers la SCA Marina \u0219i Asocia\u021bii, pentru consultan\u021b\u0103 Colaborarea [&hellip;]<\/p>\n","protected":false},"author":18,"featured_media":17417,"comment_status":"closed","ping_status":"open","sticky":false,"template":"","format":"standard","meta":{"_acf_changed":false,"inline_featured_image":false,"ngg_post_thumbnail":0,"footnotes":""},"categories":[1585],"tags":[],"ppma_author":[22579],"class_list":["post-17398","post","type-post","status-publish","format-standard","has-post-thumbnail","hentry","category-buletin-de-bucuresti-in-pandemie"],"acf":[],"yoast_head":"<!-- This site is optimized with the Yoast SEO Premium plugin v25.3 (Yoast SEO v27.4) - https:\/\/yoast.com\/product\/yoast-seo-premium-wordpress\/ -->\n<title>Paradox de pandemie la Centrul European Cultural \u0219i de Tineret pentru UNESCO Nicolae B\u0103lcescu | 63% din banii cheltui\u021bi pe achizi\u021bii directe \u00een 2020 da\u021bi pentru.... consultan\u021b\u0103 \u00een achizi\u021bii - Buletin de Bucure\u0219ti<\/title>\n<meta name=\"robots\" content=\"index, follow, max-snippet:-1, max-image-preview:large, max-video-preview:-1\" \/>\n<link rel=\"canonical\" href=\"https:\/\/buletin.de\/bucuresti\/paradox-de-pandemie-la-centrul-european-cultural\/\" \/>\n<meta property=\"og:locale\" content=\"en_GB\" \/>\n<meta property=\"og:type\" content=\"article\" \/>\n<meta property=\"og:title\" content=\"Paradox de pandemie la Centrul European Cultural \u0219i de Tineret pentru UNESCO Nicolae B\u0103lcescu | 63% din banii cheltui\u021bi pe achizi\u021bii directe \u00een 2020 da\u021bi pentru.... consultan\u021b\u0103 \u00een achizi\u021bii\" \/>\n<meta property=\"og:description\" content=\"Urm\u0103rind lista achizi\u021biilor directe f\u0103cute anul acesta de Centrul European Cultural \u0219i de Tineret pentru UNESCO Nicolae B\u0103lcescu , ne-a atras aten\u021bia suma uria\u0219\u0103 cheltuit\u0103 pe consultan\u021b\u0103 \u00een achizi\u021biile publice. Din cele 1,7 milioane de lei, cheltuite \u00een 2020 pe toate achizi\u021bii directe, 1 milion au mers la SCA Marina \u0219i Asocia\u021bii, pentru consultan\u021b\u0103 Colaborarea [&hellip;]\" \/>\n<meta property=\"og:url\" content=\"https:\/\/buletin.de\/bucuresti\/paradox-de-pandemie-la-centrul-european-cultural\/\" \/>\n<meta property=\"og:site_name\" content=\"Buletin de Bucure\u0219ti\" \/>\n<meta property=\"article:publisher\" content=\"https:\/\/www.facebook.com\/buletin.de.buc\" \/>\n<meta property=\"article:published_time\" content=\"2020-12-28T18:12:52+00:00\" \/>\n<meta property=\"article:modified_time\" content=\"2021-07-27T12:00:55+00:00\" \/>\n<meta property=\"og:image\" content=\"https:\/\/buletin.de\/bucuresti\/wp-content\/uploads\/unesco.png\" \/>\n\t<meta property=\"og:image:width\" content=\"1366\" \/>\n\t<meta property=\"og:image:height\" content=\"768\" \/>\n\t<meta property=\"og:image:type\" content=\"image\/png\" \/>\n<meta name=\"author\" content=\"Teodora Stroe\" \/>\n<meta name=\"twitter:card\" content=\"summary_large_image\" \/>\n<meta name=\"twitter:label1\" content=\"Written by\" \/>\n\t<meta name=\"twitter:data1\" content=\"Teodora Stroe\" \/>\n\t<meta name=\"twitter:label2\" content=\"Estimated reading time\" \/>\n\t<meta name=\"twitter:data2\" content=\"4 minutes\" \/>\n<script type=\"application\/ld+json\" class=\"yoast-schema-graph\">{\"@context\":\"https:\\\/\\\/schema.org\",\"@graph\":[{\"@type\":\"Article\",\"@id\":\"https:\\\/\\\/buletin.de\\\/bucuresti\\\/paradox-de-pandemie-la-centrul-european-cultural\\\/#article\",\"isPartOf\":{\"@id\":\"https:\\\/\\\/buletin.de\\\/bucuresti\\\/paradox-de-pandemie-la-centrul-european-cultural\\\/\"},\"author\":{\"name\":\"Teodora Stroe\",\"@id\":\"https:\\\/\\\/buletin.de\\\/bucuresti\\\/#\\\/schema\\\/person\\\/d369d7ddc775abece205795e0b804614\"},\"headline\":\"Paradox de pandemie la Centrul European Cultural \u0219i de Tineret pentru UNESCO Nicolae B\u0103lcescu | 63% din banii cheltui\u021bi pe achizi\u021bii directe \u00een 2020 da\u021bi pentru&#8230;. consultan\u021b\u0103 \u00een achizi\u021bii\",\"datePublished\":\"2020-12-28T18:12:52+00:00\",\"dateModified\":\"2021-07-27T12:00:55+00:00\",\"mainEntityOfPage\":{\"@id\":\"https:\\\/\\\/buletin.de\\\/bucuresti\\\/paradox-de-pandemie-la-centrul-european-cultural\\\/\"},\"wordCount\":722,\"publisher\":{\"@id\":\"https:\\\/\\\/buletin.de\\\/bucuresti\\\/#organization\"},\"image\":{\"@id\":\"https:\\\/\\\/buletin.de\\\/bucuresti\\\/paradox-de-pandemie-la-centrul-european-cultural\\\/#primaryimage\"},\"thumbnailUrl\":\"https:\\\/\\\/buletin.de\\\/bucuresti\\\/wp-content\\\/uploads\\\/unesco.png\",\"articleSection\":[\"Buletin de Bucure\u0219ti \u00een pandemie\"],\"inLanguage\":\"en-GB\",\"copyrightYear\":\"2020\",\"copyrightHolder\":{\"@id\":\"https:\\\/\\\/buletin.de\\\/bucuresti\\\/#organization\"}},{\"@type\":\"WebPage\",\"@id\":\"https:\\\/\\\/buletin.de\\\/bucuresti\\\/paradox-de-pandemie-la-centrul-european-cultural\\\/\",\"url\":\"https:\\\/\\\/buletin.de\\\/bucuresti\\\/paradox-de-pandemie-la-centrul-european-cultural\\\/\",\"name\":\"Paradox de pandemie la Centrul European Cultural \u0219i de Tineret pentru UNESCO Nicolae B\u0103lcescu | 63% din banii cheltui\u021bi pe achizi\u021bii directe \u00een 2020 da\u021bi pentru.... consultan\u021b\u0103 \u00een achizi\u021bii - Buletin de Bucure\u0219ti\",\"isPartOf\":{\"@id\":\"https:\\\/\\\/buletin.de\\\/bucuresti\\\/#website\"},\"primaryImageOfPage\":{\"@id\":\"https:\\\/\\\/buletin.de\\\/bucuresti\\\/paradox-de-pandemie-la-centrul-european-cultural\\\/#primaryimage\"},\"image\":{\"@id\":\"https:\\\/\\\/buletin.de\\\/bucuresti\\\/paradox-de-pandemie-la-centrul-european-cultural\\\/#primaryimage\"},\"thumbnailUrl\":\"https:\\\/\\\/buletin.de\\\/bucuresti\\\/wp-content\\\/uploads\\\/unesco.png\",\"datePublished\":\"2020-12-28T18:12:52+00:00\",\"dateModified\":\"2021-07-27T12:00:55+00:00\",\"breadcrumb\":{\"@id\":\"https:\\\/\\\/buletin.de\\\/bucuresti\\\/paradox-de-pandemie-la-centrul-european-cultural\\\/#breadcrumb\"},\"inLanguage\":\"en-GB\",\"potentialAction\":[{\"@type\":\"ReadAction\",\"target\":[\"https:\\\/\\\/buletin.de\\\/bucuresti\\\/paradox-de-pandemie-la-centrul-european-cultural\\\/\"]}]},{\"@type\":\"ImageObject\",\"inLanguage\":\"en-GB\",\"@id\":\"https:\\\/\\\/buletin.de\\\/bucuresti\\\/paradox-de-pandemie-la-centrul-european-cultural\\\/#primaryimage\",\"url\":\"https:\\\/\\\/buletin.de\\\/bucuresti\\\/wp-content\\\/uploads\\\/unesco.png\",\"contentUrl\":\"https:\\\/\\\/buletin.de\\\/bucuresti\\\/wp-content\\\/uploads\\\/unesco.png\",\"width\":1366,\"height\":768},{\"@type\":\"BreadcrumbList\",\"@id\":\"https:\\\/\\\/buletin.de\\\/bucuresti\\\/paradox-de-pandemie-la-centrul-european-cultural\\\/#breadcrumb\",\"itemListElement\":[{\"@type\":\"ListItem\",\"position\":1,\"name\":\"Acas\u0103\",\"item\":\"https:\\\/\\\/buletin.de\\\/bucuresti\\\/\"},{\"@type\":\"ListItem\",\"position\":2,\"name\":\"Paradox de pandemie la Centrul European Cultural \u0219i de Tineret pentru UNESCO Nicolae B\u0103lcescu | 63% din banii cheltui\u021bi pe achizi\u021bii directe \u00een 2020 da\u021bi pentru&#8230;. consultan\u021b\u0103 \u00een achizi\u021bii\"}]},{\"@type\":\"WebSite\",\"@id\":\"https:\\\/\\\/buletin.de\\\/bucuresti\\\/#website\",\"url\":\"https:\\\/\\\/buletin.de\\\/bucuresti\\\/\",\"name\":\"Buletin de Bucure\u0219ti\",\"description\":\"\u0218tiri \u0219i investiga\u021bii esen\u021biale din capital\u0103\",\"publisher\":{\"@id\":\"https:\\\/\\\/buletin.de\\\/bucuresti\\\/#organization\"},\"potentialAction\":[{\"@type\":\"SearchAction\",\"target\":{\"@type\":\"EntryPoint\",\"urlTemplate\":\"https:\\\/\\\/buletin.de\\\/bucuresti\\\/?s={search_term_string}\"},\"query-input\":{\"@type\":\"PropertyValueSpecification\",\"valueRequired\":true,\"valueName\":\"search_term_string\"}}],\"inLanguage\":\"en-GB\"},{\"@type\":\"Organization\",\"@id\":\"https:\\\/\\\/buletin.de\\\/bucuresti\\\/#organization\",\"name\":\"Buletin de Bucure\u0219ti\",\"url\":\"https:\\\/\\\/buletin.de\\\/bucuresti\\\/\",\"logo\":{\"@type\":\"ImageObject\",\"inLanguage\":\"en-GB\",\"@id\":\"https:\\\/\\\/buletin.de\\\/bucuresti\\\/#\\\/schema\\\/logo\\\/image\\\/\",\"url\":\"https:\\\/\\\/buletin.de\\\/bucuresti\\\/wp-content\\\/uploads\\\/logo-bdb-full-wide-vernil-transparent.png\",\"contentUrl\":\"https:\\\/\\\/buletin.de\\\/bucuresti\\\/wp-content\\\/uploads\\\/logo-bdb-full-wide-vernil-transparent.png\",\"width\":1782,\"height\":626,\"caption\":\"Buletin de Bucure\u0219ti\"},\"image\":{\"@id\":\"https:\\\/\\\/buletin.de\\\/bucuresti\\\/#\\\/schema\\\/logo\\\/image\\\/\"},\"sameAs\":[\"https:\\\/\\\/www.facebook.com\\\/buletin.de.buc\",\"https:\\\/\\\/www.instagram.com\\\/buletinde.bucuresti\\\/\"]},{\"@type\":\"Person\",\"@id\":\"https:\\\/\\\/buletin.de\\\/bucuresti\\\/#\\\/schema\\\/person\\\/d369d7ddc775abece205795e0b804614\",\"name\":\"Teodora Stroe\",\"image\":{\"@type\":\"ImageObject\",\"inLanguage\":\"en-GB\",\"@id\":\"https:\\\/\\\/secure.gravatar.com\\\/avatar\\\/2560b4cd9f5f1bc100b123158e657d75584bd1c3e1d9c69285720b9457c1b78d?s=96&d=monsterid&r=gc104800242ba5f2d78dd5d7dc4df08b6\",\"url\":\"https:\\\/\\\/secure.gravatar.com\\\/avatar\\\/2560b4cd9f5f1bc100b123158e657d75584bd1c3e1d9c69285720b9457c1b78d?s=96&d=monsterid&r=g\",\"contentUrl\":\"https:\\\/\\\/secure.gravatar.com\\\/avatar\\\/2560b4cd9f5f1bc100b123158e657d75584bd1c3e1d9c69285720b9457c1b78d?s=96&d=monsterid&r=g\",\"caption\":\"Teodora Stroe\"},\"url\":\"https:\\\/\\\/buletin.de\\\/bucuresti\\\/author\\\/simonacarlugea\\\/\"}]}<\/script>\n<!-- \/ Yoast SEO Premium plugin. -->","yoast_head_json":{"title":"Paradox de pandemie la Centrul European Cultural \u0219i de Tineret pentru UNESCO Nicolae B\u0103lcescu | 63% din banii cheltui\u021bi pe achizi\u021bii directe \u00een 2020 da\u021bi pentru.... consultan\u021b\u0103 \u00een achizi\u021bii - Buletin de Bucure\u0219ti","robots":{"index":"index","follow":"follow","max-snippet":"max-snippet:-1","max-image-preview":"max-image-preview:large","max-video-preview":"max-video-preview:-1"},"canonical":"https:\/\/buletin.de\/bucuresti\/paradox-de-pandemie-la-centrul-european-cultural\/","og_locale":"en_GB","og_type":"article","og_title":"Paradox de pandemie la Centrul European Cultural \u0219i de Tineret pentru UNESCO Nicolae B\u0103lcescu | 63% din banii cheltui\u021bi pe achizi\u021bii directe \u00een 2020 da\u021bi pentru.... consultan\u021b\u0103 \u00een achizi\u021bii","og_description":"Urm\u0103rind lista achizi\u021biilor directe f\u0103cute anul acesta de Centrul European Cultural \u0219i de Tineret pentru UNESCO Nicolae B\u0103lcescu , ne-a atras aten\u021bia suma uria\u0219\u0103 cheltuit\u0103 pe consultan\u021b\u0103 \u00een achizi\u021biile publice. Din cele 1,7 milioane de lei, cheltuite \u00een 2020 pe toate achizi\u021bii directe, 1 milion au mers la SCA Marina \u0219i Asocia\u021bii, pentru consultan\u021b\u0103 Colaborarea [&hellip;]","og_url":"https:\/\/buletin.de\/bucuresti\/paradox-de-pandemie-la-centrul-european-cultural\/","og_site_name":"Buletin de Bucure\u0219ti","article_publisher":"https:\/\/www.facebook.com\/buletin.de.buc","article_published_time":"2020-12-28T18:12:52+00:00","article_modified_time":"2021-07-27T12:00:55+00:00","og_image":[{"width":1366,"height":768,"url":"https:\/\/buletin.de\/bucuresti\/wp-content\/uploads\/unesco.png","type":"image\/png"}],"author":"Teodora Stroe","twitter_card":"summary_large_image","twitter_misc":{"Written by":"Teodora Stroe","Estimated reading time":"4 minutes"},"schema":{"@context":"https:\/\/schema.org","@graph":[{"@type":"Article","@id":"https:\/\/buletin.de\/bucuresti\/paradox-de-pandemie-la-centrul-european-cultural\/#article","isPartOf":{"@id":"https:\/\/buletin.de\/bucuresti\/paradox-de-pandemie-la-centrul-european-cultural\/"},"author":{"name":"Teodora Stroe","@id":"https:\/\/buletin.de\/bucuresti\/#\/schema\/person\/d369d7ddc775abece205795e0b804614"},"headline":"Paradox de pandemie la Centrul European Cultural \u0219i de Tineret pentru UNESCO Nicolae B\u0103lcescu | 63% din banii cheltui\u021bi pe achizi\u021bii directe \u00een 2020 da\u021bi pentru&#8230;. consultan\u021b\u0103 \u00een achizi\u021bii","datePublished":"2020-12-28T18:12:52+00:00","dateModified":"2021-07-27T12:00:55+00:00","mainEntityOfPage":{"@id":"https:\/\/buletin.de\/bucuresti\/paradox-de-pandemie-la-centrul-european-cultural\/"},"wordCount":722,"publisher":{"@id":"https:\/\/buletin.de\/bucuresti\/#organization"},"image":{"@id":"https:\/\/buletin.de\/bucuresti\/paradox-de-pandemie-la-centrul-european-cultural\/#primaryimage"},"thumbnailUrl":"https:\/\/buletin.de\/bucuresti\/wp-content\/uploads\/unesco.png","articleSection":["Buletin de Bucure\u0219ti \u00een pandemie"],"inLanguage":"en-GB","copyrightYear":"2020","copyrightHolder":{"@id":"https:\/\/buletin.de\/bucuresti\/#organization"}},{"@type":"WebPage","@id":"https:\/\/buletin.de\/bucuresti\/paradox-de-pandemie-la-centrul-european-cultural\/","url":"https:\/\/buletin.de\/bucuresti\/paradox-de-pandemie-la-centrul-european-cultural\/","name":"Paradox de pandemie la Centrul European Cultural \u0219i de Tineret pentru UNESCO Nicolae B\u0103lcescu | 63% din banii cheltui\u021bi pe achizi\u021bii directe \u00een 2020 da\u021bi pentru.... consultan\u021b\u0103 \u00een achizi\u021bii - Buletin de Bucure\u0219ti","isPartOf":{"@id":"https:\/\/buletin.de\/bucuresti\/#website"},"primaryImageOfPage":{"@id":"https:\/\/buletin.de\/bucuresti\/paradox-de-pandemie-la-centrul-european-cultural\/#primaryimage"},"image":{"@id":"https:\/\/buletin.de\/bucuresti\/paradox-de-pandemie-la-centrul-european-cultural\/#primaryimage"},"thumbnailUrl":"https:\/\/buletin.de\/bucuresti\/wp-content\/uploads\/unesco.png","datePublished":"2020-12-28T18:12:52+00:00","dateModified":"2021-07-27T12:00:55+00:00","breadcrumb":{"@id":"https:\/\/buletin.de\/bucuresti\/paradox-de-pandemie-la-centrul-european-cultural\/#breadcrumb"},"inLanguage":"en-GB","potentialAction":[{"@type":"ReadAction","target":["https:\/\/buletin.de\/bucuresti\/paradox-de-pandemie-la-centrul-european-cultural\/"]}]},{"@type":"ImageObject","inLanguage":"en-GB","@id":"https:\/\/buletin.de\/bucuresti\/paradox-de-pandemie-la-centrul-european-cultural\/#primaryimage","url":"https:\/\/buletin.de\/bucuresti\/wp-content\/uploads\/unesco.png","contentUrl":"https:\/\/buletin.de\/bucuresti\/wp-content\/uploads\/unesco.png","width":1366,"height":768},{"@type":"BreadcrumbList","@id":"https:\/\/buletin.de\/bucuresti\/paradox-de-pandemie-la-centrul-european-cultural\/#breadcrumb","itemListElement":[{"@type":"ListItem","position":1,"name":"Acas\u0103","item":"https:\/\/buletin.de\/bucuresti\/"},{"@type":"ListItem","position":2,"name":"Paradox de pandemie la Centrul European Cultural \u0219i de Tineret pentru UNESCO Nicolae B\u0103lcescu | 63% din banii cheltui\u021bi pe achizi\u021bii directe \u00een 2020 da\u021bi pentru&#8230;. consultan\u021b\u0103 \u00een achizi\u021bii"}]},{"@type":"WebSite","@id":"https:\/\/buletin.de\/bucuresti\/#website","url":"https:\/\/buletin.de\/bucuresti\/","name":"Buletin de Bucure\u0219ti","description":"\u0218tiri \u0219i investiga\u021bii esen\u021biale din capital\u0103","publisher":{"@id":"https:\/\/buletin.de\/bucuresti\/#organization"},"potentialAction":[{"@type":"SearchAction","target":{"@type":"EntryPoint","urlTemplate":"https:\/\/buletin.de\/bucuresti\/?s={search_term_string}"},"query-input":{"@type":"PropertyValueSpecification","valueRequired":true,"valueName":"search_term_string"}}],"inLanguage":"en-GB"},{"@type":"Organization","@id":"https:\/\/buletin.de\/bucuresti\/#organization","name":"Buletin de Bucure\u0219ti","url":"https:\/\/buletin.de\/bucuresti\/","logo":{"@type":"ImageObject","inLanguage":"en-GB","@id":"https:\/\/buletin.de\/bucuresti\/#\/schema\/logo\/image\/","url":"https:\/\/buletin.de\/bucuresti\/wp-content\/uploads\/logo-bdb-full-wide-vernil-transparent.png","contentUrl":"https:\/\/buletin.de\/bucuresti\/wp-content\/uploads\/logo-bdb-full-wide-vernil-transparent.png","width":1782,"height":626,"caption":"Buletin de Bucure\u0219ti"},"image":{"@id":"https:\/\/buletin.de\/bucuresti\/#\/schema\/logo\/image\/"},"sameAs":["https:\/\/www.facebook.com\/buletin.de.buc","https:\/\/www.instagram.com\/buletinde.bucuresti\/"]},{"@type":"Person","@id":"https:\/\/buletin.de\/bucuresti\/#\/schema\/person\/d369d7ddc775abece205795e0b804614","name":"Teodora Stroe","image":{"@type":"ImageObject","inLanguage":"en-GB","@id":"https:\/\/secure.gravatar.com\/avatar\/2560b4cd9f5f1bc100b123158e657d75584bd1c3e1d9c69285720b9457c1b78d?s=96&d=monsterid&r=gc104800242ba5f2d78dd5d7dc4df08b6","url":"https:\/\/secure.gravatar.com\/avatar\/2560b4cd9f5f1bc100b123158e657d75584bd1c3e1d9c69285720b9457c1b78d?s=96&d=monsterid&r=g","contentUrl":"https:\/\/secure.gravatar.com\/avatar\/2560b4cd9f5f1bc100b123158e657d75584bd1c3e1d9c69285720b9457c1b78d?s=96&d=monsterid&r=g","caption":"Teodora Stroe"},"url":"https:\/\/buletin.de\/bucuresti\/author\/simonacarlugea\/"}]}},"authors":[{"term_id":22579,"user_id":18,"is_guest":0,"slug":"simonacarlugea","display_name":"Teodora Stroe","avatar_url":"https:\/\/secure.gravatar.com\/avatar\/2560b4cd9f5f1bc100b123158e657d75584bd1c3e1d9c69285720b9457c1b78d?s=96&d=monsterid&r=g","0":null,"1":"","2":"","3":"","4":"","5":"","6":"","7":"","8":""}],"_links":{"self":[{"href":"https:\/\/buletin.de\/bucuresti\/wp-json\/wp\/v2\/posts\/17398","targetHints":{"allow":["GET"]}}],"collection":[{"href":"https:\/\/buletin.de\/bucuresti\/wp-json\/wp\/v2\/posts"}],"about":[{"href":"https:\/\/buletin.de\/bucuresti\/wp-json\/wp\/v2\/types\/post"}],"author":[{"embeddable":true,"href":"https:\/\/buletin.de\/bucuresti\/wp-json\/wp\/v2\/users\/18"}],"replies":[{"embeddable":true,"href":"https:\/\/buletin.de\/bucuresti\/wp-json\/wp\/v2\/comments?post=17398"}],"version-history":[{"count":20,"href":"https:\/\/buletin.de\/bucuresti\/wp-json\/wp\/v2\/posts\/17398\/revisions"}],"predecessor-version":[{"id":28565,"href":"https:\/\/buletin.de\/bucuresti\/wp-json\/wp\/v2\/posts\/17398\/revisions\/28565"}],"wp:featuredmedia":[{"embeddable":true,"href":"https:\/\/buletin.de\/bucuresti\/wp-json\/wp\/v2\/media\/17417"}],"wp:attachment":[{"href":"https:\/\/buletin.de\/bucuresti\/wp-json\/wp\/v2\/media?parent=17398"}],"wp:term":[{"taxonomy":"category","embeddable":true,"href":"https:\/\/buletin.de\/bucuresti\/wp-json\/wp\/v2\/categories?post=17398"},{"taxonomy":"post_tag","embeddable":true,"href":"https:\/\/buletin.de\/bucuresti\/wp-json\/wp\/v2\/tags?post=17398"},{"taxonomy":"author","embeddable":true,"href":"https:\/\/buletin.de\/bucuresti\/wp-json\/wp\/v2\/ppma_author?post=17398"}],"curies":[{"name":"wp","href":"https:\/\/api.w.org\/{rel}","templated":true}]}}