{"id":173056,"date":"2026-02-11T07:13:56","date_gmt":"2026-02-11T04:13:56","guid":{"rendered":"https:\/\/buletin.de\/bucuresti\/?p=173056"},"modified":"2026-02-12T22:49:28","modified_gmt":"2026-02-12T19:49:28","slug":"padurea-baneasa-drumul-super-locuitorilor-din-greenfield-ar-urma-sa-fie-reimpadurit-ministerul-mediului-a-constatat-nereguli-grave-si-cere-inclusiv-recuperarea-unui-prejudiciu","status":"publish","type":"post","link":"https:\/\/buletin.de\/bucuresti\/padurea-baneasa-drumul-super-locuitorilor-din-greenfield-ar-urma-sa-fie-reimpadurit-ministerul-mediului-a-constatat-nereguli-grave-si-cere-inclusiv-recuperarea-unui-prejudiciu\/","title":{"rendered":"P\u0103durea B\u0103neasa | Drumul \u201esuper-locuitorilor\u201c din Greenfield ar urma s\u0103 fie re\u00eemp\u0103durit. Ministerul Mediului a constatat nereguli grave \u0219i cere inclusiv recuperarea unui prejudiciu"},"content":{"rendered":"\n<p><strong>Ministerul Mediului a publicat concluziile raportului Corpului de Control cu privire la accesul auto prin P\u0103durea B\u0103neasa. Documentul demoleaz\u0103 baza legal\u0103 a facilit\u0103\u021bilor de acces ob\u021binute de dezvoltatorii \u0219i reziden\u021bii din cartierul Greenfield. <\/strong><\/p>\n\n\n\n<p><strong>Verific\u0103rile au scos la iveal\u0103 c\u0103 Direc\u021bia Silvic\u0103 Ilfov a decontat lucr\u0103ri \u0219i a permis accesul pe un tronson de drum care nu exist\u0103 din punct de vedere juridic. Ministerul solicit\u0103 acum demolarea lucr\u0103rilor neconforme, recuperarea banilor publici, anularea contractului de acces \u0219i readucerea terenului la starea ini\u021bial\u0103, adic\u0103 re\u00eemp\u0103durit.<\/strong><\/p>\n\n\n\n<p><a href=\"http:\/\/mmediu.ro\/\">Raportul oficial<\/a> demonteaz\u0103 construc\u021bia administrativ\u0103 prin care s-a \u00eencercat legalizarea tranzitului auto prin p\u0103dure. De\u0219i reprezentan\u021bii cartierului au invocat \u00een ultimele luni decizii ale instan\u021belor care le-ar fi fost favorabile, documentul ministerului arat\u0103 c\u0103 infrastructura rutier\u0103 se bazeaz\u0103 pe o \u201einven\u021bie\u201d \u00een acte.<\/p>\n\n\n\n<h2 class=\"wp-block-heading\" id=\"h-update-ministerul-mediului-sfidat-in-padurea-baneasa-modernizeaza-drumul-pentru-cartierul-greenfield-care-ar-trebui-reimpadurit\">UPDATE: Ministerul Mediului, sfidat \u00een P\u0103durea B\u0103neasa: modernizeaz\u0103 drumul pentru cartierul Greenfield care ar trebui re\u00eemp\u0103durit<\/h2>\n\n\n\n<p><strong>\u00cen ciuda acestui raport, joi, mai multe utilaje au ap\u0103rut \u00een p\u0103durea B\u0103neasa \u0219i au nivelat cu p\u0103m\u00e2nt compactat drumul pentru cartierul Greenfield, conform unor fotografii ce ne-au fost trimise de un cititor Buletin de Bucure\u0219ti. (<a href=\"https:\/\/buletin.de\/bucuresti\/ministerul-mediului-sfidat-in-padurea-baneasa-modernizeaza-drumul-pentru-cartierul-greenfield-care-ar-trebui-reimpadurit\/\" target=\"_blank\" rel=\"noreferrer noopener\">Mai multe detalii aici<\/a>).<\/strong><\/p>\n\n\n\n<p><strong>Romsilva reac\u021bioneaz\u0103 la raportul Corpului de Control al Ministerului Mediului care a demolat baza legal\u0103 a accesului auto prin P\u0103durea B\u0103neasa. Institu\u021bia contrazice inspectorii ministeriali \u0219i sus\u021bine c\u0103 drumul forestier vizat nu este o construc\u021bie nou\u0103, ci o infrastructur\u0103 mo\u0219tenit\u0103 din perioada comunist\u0103 care a fost omis\u0103 din documente dintr-o eroare birocratic\u0103.<\/strong><\/p>\n\n\n\n<p><strong>CITE\u0218TE \u0218I: <a href=\"https:\/\/buletin.de\/bucuresti\/romsilva-invoca-decrete-comuniste-pentru-a-justifica-drumul-din-greenfield-figureaza-ca-alee-modernizata-pentru-vehicule-si-drum-forestier-si-de-agrement\/\" target=\"_blank\" rel=\"noreferrer noopener\">Romsilva invoc\u0103 decrete comuniste pentru a justifica drumul din Greenfield: Figureaz\u0103 ca \u201ealee modernizat\u0103 pentru vehicule\u201d \u0219i \u201edrum forestier \u0219i de agrement\u201d<\/a><\/strong><\/p>\n\n\n\n<hr class=\"wp-block-separator has-alpha-channel-opacity\"\/>\n\n\n\n<h2 class=\"wp-block-heading\" id=\"h-un-drum-din-greenfield-desenat-din-pix-in-amenajamentul-silvic\"><strong>Un drum din Greenfield, desenat din pix \u00een amenajamentul silvic<\/strong><\/h2>\n\n\n\n<p>Inspectorii au identificat o modificare suspect\u0103 operat\u0103 \u00een documentele de planificare silvic\u0103 aferente perioadei 2020\u20132029. \u00cen h\u00e2rtiile oficiale, lungimea drumului forestier FE002 a fost extins\u0103 artificial cu un tronson de 0,72 kilometri, situat \u00eentre borna silvic\u0103 22 \u0219i borna 23, se arat\u0103 \u00een sinteza raportului consultat\u0103 de Buletin de Bucure\u0219ti. Aceast\u0103 ad\u0103ugire s-a f\u0103cut \u00een absen\u021ba total\u0103 a documenta\u021biei obligatorii.<\/p>\n\n\n\n<p><strong>CITE\u0218TE \u0218I <a href=\"https:\/\/buletin.de\/bucuresti\/45-de-ong-cer-stoparea-urgenta-a-deschiderii-drumurilor-forestiere-pentru-circulatia-auto-prin-padurea-baneasa\/\">45 de ONG cer stoparea urgent\u0103 a deschiderii drumurilor forestiere pentru circula\u021bia auto prin P\u0103durea B\u0103neasa<\/a><\/strong><\/p>\n\n\n\n<p>Func\u021bionarii Romsilva au omis etapele legale esen\u021biale pentru o astfel de interven\u021bie \u00een fondul forestier. <strong><mark style=\"background-color:rgba(0, 0, 0, 0)\" class=\"has-inline-color has-vivid-red-color\">Nu exist\u0103 un dosar aprobat pentru schimbarea categoriei de folosin\u021b\u0103 a terenului, nu a fost elaborat un proiect tehnic \u0219i lipsesc avizele necesare construirii de drumuri forestiere.<\/mark><\/strong> Segmentul de aproape un kilometru care face leg\u0103tura cu zona reziden\u021bial\u0103 nu este un drum forestier legal, ci o simpl\u0103 linie parcelar\u0103 peste care s-a intervenit abuziv, au constat reprezenta\u021bii Ministerului Mediului. \u00cen lipsa acestor elemente, tronsonul nu poate fi considerat legal drum forestier.<\/p>\n\n\n\n<h2 class=\"wp-block-heading\" id=\"h-decontari-ilegale-\u0219i-prejudiciu-la-bugetul-romsilva\"><strong>Decont\u0103ri ilegale \u0219i prejudiciu la bugetul Romsilva<\/strong><\/h2>\n\n\n\n<p>Neregulile administrative au generat consecin\u021be financiare directe. Direc\u021bia Silvic\u0103 Ilfov a contractat \u0219i a achitat lucr\u0103ri de repara\u021bii \u0219i \u00eentre\u021binere pentru o lungime total\u0103 de drum care a inclus \u0219i acest segment ilegal. Verific\u0103rile financiar-contabile au stabilit c\u0103 bugetul public a fost prejudiciat prin includerea \u00een decont a tronsonului realizat f\u0103r\u0103 baz\u0103 legal\u0103.<\/p>\n\n\n\n<p><strong>CITE\u0218TE \u0218I <a href=\"https:\/\/buletin.de\/bucuresti\/federatia-greenfield-circulatia-auto-pe-drumul-prin-padurea-baneasa-este-legala-contractul-cu-romsilva-validat-de-tribunalul-bucuresti\/\">Federa\u021bia Greenfield: Circula\u021bia auto pe drumul prin P\u0103durea B\u0103neasa este legal\u0103. Contractul cu Romsilva, validat de Tribunalul Bucure\u0219ti<\/a><\/strong><\/p>\n\n\n\n<p>Raportul eviden\u021biaz\u0103 o ruptur\u0103 grav\u0103 \u00eentre conducerea central\u0103 \u0219i cea local\u0103 a regiei p\u0103durilor. Tema de proiectare pentru obiectivul \u201eReabilitare drum forestier FE002\u201d nu a fost aprobat\u0103 de conducerea Regiei Na\u021bionale a P\u0103durilor Romsilva. Cu toate acestea, la nivelul Direc\u021biei Silvice Ilfov, lucr\u0103rile s-au executat, iar pl\u0103\u021bile s-au efectuat.<\/p>\n\n\n\n<h2 class=\"wp-block-heading\" id=\"h-realitatea-din-teren-contrazice-codul-silvic\"><strong>Realitatea din teren contrazice Codul Silvic<\/strong><\/h2>\n\n\n\n<p>Echipa de control a constatat la fa\u021ba locului c\u0103 tronsonul reclamat se suprapune peste o linie parcelar\u0103, iar la capetele acestuia au fost montate bariere de acces auto. Zona prezint\u0103 \u0219i alte construc\u021bii \u0219i amenaj\u0103ri realizate f\u0103r\u0103 aprob\u0103ri legale \u00een unit\u0103\u021bile amenajistice adiacente. De\u0219i Codul Silvic define\u0219te drumurile forestiere strict ca \u0219i c\u0103i de transport tehnologic, de utilitate privat\u0103 \u0219i \u00eenchise circula\u021biei publice, inspectorii au g\u0103sit un drum tranzitat periodic de autovehicule civile.<\/p>\n\n\n\n<p>\u00cen plus, regimul juridic al drumurilor auto forestiere interzice explicit transformarea acestora \u00een drumuri publice sau private de acces pentru zone reziden\u021biale, cu excep\u021bii strict reglementate care nu au fost \u00eentrunite \u00een acest caz.<\/p>\n\n\n\n<h2 class=\"wp-block-heading\" id=\"h-masuri-drastice-cu-drumul-din-greenfield-demolare-\u0219i-procese\"><strong>M\u0103suri drastice cu drumul din Greenfield: demolare \u0219i procese<\/strong><\/h2>\n\n\n\n<p>Ministerul Mediului propune astfel corectarea amenajamentului silvic \u0219i a h\u0103r\u021bilor aferente, ceea ce \u00eenseamn\u0103 \u0219tergerea drumului din documentele \u201eoficiale\u201d. Mai mult, se solicit\u0103 readucerea terenului forestier la starea ini\u021bial\u0103 pe segmentul realizat f\u0103r\u0103 baz\u0103 legal\u0103. Tehnic, aceast\u0103 m\u0103sur\u0103 ar implica desfiin\u021barea lucr\u0103rilor de infrastructur\u0103 dar \u0219i re\u00eemp\u0103durirea zonei.<\/p>\n\n\n\n<p><strong>CITE\u0218TE \u0218I <a href=\"https:\/\/buletin.de\/bucuresti\/drumul-prin-padurea-baneasa-este-deja-folosit-de-masinile-unor-privilegiati-din-greenfield-acuza-fostul-ministru-al-mediului\/\">\u201eDrumul prin P\u0103durea B\u0103neasa este deja folosit de ma\u0219inile unor privilegia\u021bi din Greenfield\u201d, acuz\u0103 fostul ministru al Mediului<\/a><\/strong><\/p>\n\n\n\n<p>Ministerul cere recuperarea integral\u0103 a prejudiciului constatat \u0219i sesizarea instan\u021belor pentru anularea contractului de peaj. Aceast\u0103 solicitare vine s\u0103 clarifice statutul juridic al taxei de trecere \u00eencasate de Romsilva, care se dovede\u0219te a fi fundamentat\u0103 pe o infrastructur\u0103 ilegal\u0103.<\/p>\n\n\n\n<h2 class=\"wp-block-heading\" id=\"h-contextul-juridic-\u0219i-iluzia-victoriei-din-2025\"><strong>Contextul juridic \u0219i iluzia victoriei din 2025<\/strong><\/h2>\n\n\n\n<p>Aceste constat\u0103ri oficiale schimb\u0103 fundamental datele problemei \u00een litigiile dintre Federa\u021bia Greenfield \u0219i organiza\u021biile de mediu. \u00cen septembrie 2025, reprezentan\u021bii cartierului clamau o victorie \u00een instan\u021b\u0103 dup\u0103 ce Tribunalul Bucure\u0219ti a respins cererea de suspendare a contractului formulat\u0103 de Eco-Civica \u0219i Agent Green. &nbsp;Locuitorii au interpretat acea decizie procedural\u0103 ca pe o validare a legalit\u0103\u021bii drumului. De altfel, raportul actual ofer\u0103 probele necesare \u00een procesul de anulare a contractului, care se judec\u0103 \u00een continuare.<\/p>\n\n\n\n<p><strong>CITE\u0218TE \u0218I <a href=\"https:\/\/buletin.de\/bucuresti\/diana-buzoianu-padurea-baneasa-trebuie-sa-fie-arie-naturala-protejata-federatia-locuitorilor-din-cartierul-greenfield-ii-scrisese-ministrei-sa-faca-lobby-pentru-drumul-prin-padure\/\">Diana Buzoianu: \u201eP\u0103durea B\u0103neasa trebuie s\u0103 fie arie natural\u0103 protejat\u0103\u201d. Federa\u021bia Greenfield \u00eei scrisese ministrei, s\u0103 fac\u0103 lobby pentru drumul prin p\u0103dure<\/a><\/strong><\/p>\n\n\n\n<p><\/p>\n","protected":false},"excerpt":{"rendered":"<p>Ministerul Mediului a publicat concluziile raportului Corpului de Control cu privire la accesul auto prin P\u0103durea B\u0103neasa. Documentul demoleaz\u0103 baza legal\u0103 a facilit\u0103\u021bilor de acces ob\u021binute de dezvoltatorii \u0219i reziden\u021bii din cartierul Greenfield. Verific\u0103rile au scos la iveal\u0103 c\u0103 Direc\u021bia Silvic\u0103 Ilfov a decontat lucr\u0103ri \u0219i a permis accesul pe un tronson de drum care [&hellip;]<\/p>\n","protected":false},"author":10,"featured_media":173059,"comment_status":"closed","ping_status":"open","sticky":false,"template":"","format":"standard","meta":{"_acf_changed":false,"inline_featured_image":false,"ngg_post_thumbnail":0,"footnotes":""},"categories":[6994,3419,109],"tags":[26358,3292,3523,23707,12555,4361,18883,26359,509,512],"ppma_author":[22575],"class_list":["post-173056","post","type-post","status-publish","format-standard","has-post-thumbnail","hentry","category-stiri-2","category-featured","category-mediu","tag-agent-green","tag-corpul-de-control","tag-directia-silvica-ilfov","tag-drum-forestier","tag-eco-civica-2","tag-greenfield","tag-mircea-fechet","tag-nereguli-mediu","tag-padurea-baneasa","tag-romsilva"],"acf":[],"yoast_head":"<!-- This site is optimized with the Yoast SEO Premium plugin v25.3 (Yoast SEO v27.5) - https:\/\/yoast.com\/product\/yoast-seo-premium-wordpress\/ -->\n<title>P\u0103durea B\u0103neasa | Drumul \u201esuper-locuitorilor\u201c din Greenfield ar urma s\u0103 fie re\u00eemp\u0103durit. Ministerul Mediului a constatat nereguli grave \u0219i cere inclusiv recuperarea unui prejudiciu - Buletin de Bucure\u0219ti<\/title>\n<meta name=\"description\" content=\"Raportul Corpului de Control cu privire la accesul auto prin P\u0103durea B\u0103neasa demoleaz\u0103 accesul reziden\u021bilor din cartierul Greenfield.\" \/>\n<meta name=\"robots\" content=\"index, follow, max-snippet:-1, max-image-preview:large, max-video-preview:-1\" \/>\n<link rel=\"canonical\" href=\"https:\/\/buletin.de\/bucuresti\/padurea-baneasa-drumul-super-locuitorilor-din-greenfield-ar-urma-sa-fie-reimpadurit-ministerul-mediului-a-constatat-nereguli-grave-si-cere-inclusiv-recuperarea-unui-prejudiciu\/\" \/>\n<meta property=\"og:locale\" content=\"en_GB\" \/>\n<meta property=\"og:type\" content=\"article\" \/>\n<meta property=\"og:title\" content=\"P\u0103durea B\u0103neasa | Drumul \u201esuper-locuitorilor\u201c din Greenfield ar urma s\u0103 fie re\u00eemp\u0103durit. Ministerul Mediului a constatat nereguli grave \u0219i cere inclusiv recuperarea unui prejudiciu\" \/>\n<meta property=\"og:description\" content=\"Raportul Corpului de Control cu privire la accesul auto prin P\u0103durea B\u0103neasa demoleaz\u0103 accesul reziden\u021bilor din cartierul Greenfield.\" \/>\n<meta property=\"og:url\" content=\"https:\/\/buletin.de\/bucuresti\/padurea-baneasa-drumul-super-locuitorilor-din-greenfield-ar-urma-sa-fie-reimpadurit-ministerul-mediului-a-constatat-nereguli-grave-si-cere-inclusiv-recuperarea-unui-prejudiciu\/\" \/>\n<meta property=\"og:site_name\" content=\"Buletin de Bucure\u0219ti\" \/>\n<meta property=\"article:publisher\" content=\"https:\/\/www.facebook.com\/buletin.de.buc\" \/>\n<meta property=\"article:published_time\" content=\"2026-02-11T04:13:56+00:00\" \/>\n<meta property=\"article:modified_time\" content=\"2026-02-12T19:49:28+00:00\" \/>\n<meta property=\"og:image\" content=\"https:\/\/buletin.de\/bucuresti\/wp-content\/uploads\/2026\/02\/ID317768_INQUAM_Photos_Ovidiu_Micsik-scaled.jpg\" \/>\n\t<meta property=\"og:image:width\" content=\"2560\" \/>\n\t<meta property=\"og:image:height\" content=\"1707\" \/>\n\t<meta property=\"og:image:type\" content=\"image\/jpeg\" \/>\n<meta name=\"author\" content=\"C\u0103t\u0103lin Dosca\u0219\" \/>\n<meta name=\"twitter:card\" content=\"summary_large_image\" \/>\n<meta name=\"twitter:label1\" content=\"Written by\" \/>\n\t<meta name=\"twitter:data1\" content=\"C\u0103t\u0103lin Dosca\u0219\" \/>\n\t<meta name=\"twitter:label2\" content=\"Estimated reading time\" \/>\n\t<meta name=\"twitter:data2\" content=\"5 minutes\" \/>\n<script type=\"application\/ld+json\" class=\"yoast-schema-graph\">{\"@context\":\"https:\\\/\\\/schema.org\",\"@graph\":[{\"@type\":\"Article\",\"@id\":\"https:\\\/\\\/buletin.de\\\/bucuresti\\\/padurea-baneasa-drumul-super-locuitorilor-din-greenfield-ar-urma-sa-fie-reimpadurit-ministerul-mediului-a-constatat-nereguli-grave-si-cere-inclusiv-recuperarea-unui-prejudiciu\\\/#article\",\"isPartOf\":{\"@id\":\"https:\\\/\\\/buletin.de\\\/bucuresti\\\/padurea-baneasa-drumul-super-locuitorilor-din-greenfield-ar-urma-sa-fie-reimpadurit-ministerul-mediului-a-constatat-nereguli-grave-si-cere-inclusiv-recuperarea-unui-prejudiciu\\\/\"},\"author\":{\"name\":\"C\u0103t\u0103lin Dosca\u0219\",\"@id\":\"https:\\\/\\\/buletin.de\\\/bucuresti\\\/#\\\/schema\\\/person\\\/31117187ed4d0bdb0a4c7d6acc79d0f8\"},\"headline\":\"P\u0103durea B\u0103neasa | Drumul \u201esuper-locuitorilor\u201c din Greenfield ar urma s\u0103 fie re\u00eemp\u0103durit. Ministerul Mediului a constatat nereguli grave \u0219i cere inclusiv recuperarea unui prejudiciu\",\"datePublished\":\"2026-02-11T04:13:56+00:00\",\"dateModified\":\"2026-02-12T19:49:28+00:00\",\"mainEntityOfPage\":{\"@id\":\"https:\\\/\\\/buletin.de\\\/bucuresti\\\/padurea-baneasa-drumul-super-locuitorilor-din-greenfield-ar-urma-sa-fie-reimpadurit-ministerul-mediului-a-constatat-nereguli-grave-si-cere-inclusiv-recuperarea-unui-prejudiciu\\\/\"},\"wordCount\":1030,\"publisher\":{\"@id\":\"https:\\\/\\\/buletin.de\\\/bucuresti\\\/#organization\"},\"image\":{\"@id\":\"https:\\\/\\\/buletin.de\\\/bucuresti\\\/padurea-baneasa-drumul-super-locuitorilor-din-greenfield-ar-urma-sa-fie-reimpadurit-ministerul-mediului-a-constatat-nereguli-grave-si-cere-inclusiv-recuperarea-unui-prejudiciu\\\/#primaryimage\"},\"thumbnailUrl\":\"https:\\\/\\\/buletin.de\\\/bucuresti\\\/wp-content\\\/uploads\\\/2026\\\/02\\\/ID317768_INQUAM_Photos_Ovidiu_Micsik-scaled.jpg\",\"keywords\":[\"Agent Green\",\"corpul de control\",\"directia silvica ilfov\",\"drum forestier\",\"Eco-Civica\",\"Greenfield\",\"mircea fechet\",\"nereguli mediu\",\"padurea baneasa\",\"romsilva\"],\"articleSection\":[\"Articole\",\"Featured\",\"Mediu\"],\"inLanguage\":\"en-GB\",\"copyrightYear\":\"2026\",\"copyrightHolder\":{\"@id\":\"https:\\\/\\\/buletin.de\\\/bucuresti\\\/#organization\"}},{\"@type\":\"WebPage\",\"@id\":\"https:\\\/\\\/buletin.de\\\/bucuresti\\\/padurea-baneasa-drumul-super-locuitorilor-din-greenfield-ar-urma-sa-fie-reimpadurit-ministerul-mediului-a-constatat-nereguli-grave-si-cere-inclusiv-recuperarea-unui-prejudiciu\\\/\",\"url\":\"https:\\\/\\\/buletin.de\\\/bucuresti\\\/padurea-baneasa-drumul-super-locuitorilor-din-greenfield-ar-urma-sa-fie-reimpadurit-ministerul-mediului-a-constatat-nereguli-grave-si-cere-inclusiv-recuperarea-unui-prejudiciu\\\/\",\"name\":\"P\u0103durea B\u0103neasa | Drumul \u201esuper-locuitorilor\u201c din Greenfield ar urma s\u0103 fie re\u00eemp\u0103durit. Ministerul Mediului a constatat nereguli grave \u0219i cere inclusiv recuperarea unui prejudiciu - Buletin de Bucure\u0219ti\",\"isPartOf\":{\"@id\":\"https:\\\/\\\/buletin.de\\\/bucuresti\\\/#website\"},\"primaryImageOfPage\":{\"@id\":\"https:\\\/\\\/buletin.de\\\/bucuresti\\\/padurea-baneasa-drumul-super-locuitorilor-din-greenfield-ar-urma-sa-fie-reimpadurit-ministerul-mediului-a-constatat-nereguli-grave-si-cere-inclusiv-recuperarea-unui-prejudiciu\\\/#primaryimage\"},\"image\":{\"@id\":\"https:\\\/\\\/buletin.de\\\/bucuresti\\\/padurea-baneasa-drumul-super-locuitorilor-din-greenfield-ar-urma-sa-fie-reimpadurit-ministerul-mediului-a-constatat-nereguli-grave-si-cere-inclusiv-recuperarea-unui-prejudiciu\\\/#primaryimage\"},\"thumbnailUrl\":\"https:\\\/\\\/buletin.de\\\/bucuresti\\\/wp-content\\\/uploads\\\/2026\\\/02\\\/ID317768_INQUAM_Photos_Ovidiu_Micsik-scaled.jpg\",\"datePublished\":\"2026-02-11T04:13:56+00:00\",\"dateModified\":\"2026-02-12T19:49:28+00:00\",\"description\":\"Raportul Corpului de Control cu privire la accesul auto prin P\u0103durea B\u0103neasa demoleaz\u0103 accesul reziden\u021bilor din cartierul Greenfield.\",\"breadcrumb\":{\"@id\":\"https:\\\/\\\/buletin.de\\\/bucuresti\\\/padurea-baneasa-drumul-super-locuitorilor-din-greenfield-ar-urma-sa-fie-reimpadurit-ministerul-mediului-a-constatat-nereguli-grave-si-cere-inclusiv-recuperarea-unui-prejudiciu\\\/#breadcrumb\"},\"inLanguage\":\"en-GB\",\"potentialAction\":[{\"@type\":\"ReadAction\",\"target\":[\"https:\\\/\\\/buletin.de\\\/bucuresti\\\/padurea-baneasa-drumul-super-locuitorilor-din-greenfield-ar-urma-sa-fie-reimpadurit-ministerul-mediului-a-constatat-nereguli-grave-si-cere-inclusiv-recuperarea-unui-prejudiciu\\\/\"]}]},{\"@type\":\"ImageObject\",\"inLanguage\":\"en-GB\",\"@id\":\"https:\\\/\\\/buletin.de\\\/bucuresti\\\/padurea-baneasa-drumul-super-locuitorilor-din-greenfield-ar-urma-sa-fie-reimpadurit-ministerul-mediului-a-constatat-nereguli-grave-si-cere-inclusiv-recuperarea-unui-prejudiciu\\\/#primaryimage\",\"url\":\"https:\\\/\\\/buletin.de\\\/bucuresti\\\/wp-content\\\/uploads\\\/2026\\\/02\\\/ID317768_INQUAM_Photos_Ovidiu_Micsik-scaled.jpg\",\"contentUrl\":\"https:\\\/\\\/buletin.de\\\/bucuresti\\\/wp-content\\\/uploads\\\/2026\\\/02\\\/ID317768_INQUAM_Photos_Ovidiu_Micsik-scaled.jpg\",\"width\":2560,\"height\":1707,\"caption\":\"Inquam Photos \\\/ Ovidiu Micsik\"},{\"@type\":\"BreadcrumbList\",\"@id\":\"https:\\\/\\\/buletin.de\\\/bucuresti\\\/padurea-baneasa-drumul-super-locuitorilor-din-greenfield-ar-urma-sa-fie-reimpadurit-ministerul-mediului-a-constatat-nereguli-grave-si-cere-inclusiv-recuperarea-unui-prejudiciu\\\/#breadcrumb\",\"itemListElement\":[{\"@type\":\"ListItem\",\"position\":1,\"name\":\"Acas\u0103\",\"item\":\"https:\\\/\\\/buletin.de\\\/bucuresti\\\/\"},{\"@type\":\"ListItem\",\"position\":2,\"name\":\"P\u0103durea B\u0103neasa | Drumul \u201esuper-locuitorilor\u201c din Greenfield ar urma s\u0103 fie re\u00eemp\u0103durit. Ministerul Mediului a constatat nereguli grave \u0219i cere inclusiv recuperarea unui prejudiciu\"}]},{\"@type\":\"WebSite\",\"@id\":\"https:\\\/\\\/buletin.de\\\/bucuresti\\\/#website\",\"url\":\"https:\\\/\\\/buletin.de\\\/bucuresti\\\/\",\"name\":\"Buletin de Bucure\u0219ti\",\"description\":\"\u0218tiri \u0219i investiga\u021bii esen\u021biale din capital\u0103\",\"publisher\":{\"@id\":\"https:\\\/\\\/buletin.de\\\/bucuresti\\\/#organization\"},\"potentialAction\":[{\"@type\":\"SearchAction\",\"target\":{\"@type\":\"EntryPoint\",\"urlTemplate\":\"https:\\\/\\\/buletin.de\\\/bucuresti\\\/?s={search_term_string}\"},\"query-input\":{\"@type\":\"PropertyValueSpecification\",\"valueRequired\":true,\"valueName\":\"search_term_string\"}}],\"inLanguage\":\"en-GB\"},{\"@type\":\"Organization\",\"@id\":\"https:\\\/\\\/buletin.de\\\/bucuresti\\\/#organization\",\"name\":\"Buletin de Bucure\u0219ti\",\"url\":\"https:\\\/\\\/buletin.de\\\/bucuresti\\\/\",\"logo\":{\"@type\":\"ImageObject\",\"inLanguage\":\"en-GB\",\"@id\":\"https:\\\/\\\/buletin.de\\\/bucuresti\\\/#\\\/schema\\\/logo\\\/image\\\/\",\"url\":\"https:\\\/\\\/buletin.de\\\/bucuresti\\\/wp-content\\\/uploads\\\/logo-bdb-full-wide-vernil-transparent.png\",\"contentUrl\":\"https:\\\/\\\/buletin.de\\\/bucuresti\\\/wp-content\\\/uploads\\\/logo-bdb-full-wide-vernil-transparent.png\",\"width\":1782,\"height\":626,\"caption\":\"Buletin de Bucure\u0219ti\"},\"image\":{\"@id\":\"https:\\\/\\\/buletin.de\\\/bucuresti\\\/#\\\/schema\\\/logo\\\/image\\\/\"},\"sameAs\":[\"https:\\\/\\\/www.facebook.com\\\/buletin.de.buc\",\"https:\\\/\\\/www.instagram.com\\\/buletinde.bucuresti\\\/\"]},{\"@type\":\"Person\",\"@id\":\"https:\\\/\\\/buletin.de\\\/bucuresti\\\/#\\\/schema\\\/person\\\/31117187ed4d0bdb0a4c7d6acc79d0f8\",\"name\":\"C\u0103t\u0103lin Dosca\u0219\",\"image\":{\"@type\":\"ImageObject\",\"inLanguage\":\"en-GB\",\"@id\":\"https:\\\/\\\/buletin.de\\\/bucuresti\\\/wp-content\\\/uploads\\\/Catalin-Doscas-e1732731064764-96x96.jpga93e2943bb3b1c1f9ead823df6e6317a\",\"url\":\"https:\\\/\\\/buletin.de\\\/bucuresti\\\/wp-content\\\/uploads\\\/Catalin-Doscas-e1732731064764-96x96.jpg\",\"contentUrl\":\"https:\\\/\\\/buletin.de\\\/bucuresti\\\/wp-content\\\/uploads\\\/Catalin-Doscas-e1732731064764-96x96.jpg\",\"caption\":\"C\u0103t\u0103lin Dosca\u0219\"},\"description\":\"Reporter \u0219i redactor-\u0219ef Buletin de Bucure\u0219ti. Lucreaz\u0103 \u00een mass-media de la v\u00e2rsta de 15 ani, c\u00e2nd a publicat primele articole \u00een presa local\u0103 din Tecuci. \u00cen Bucure\u0219ti a lucrat \u00een redac\u021bii radio ca reporter, redactor \u0219i prezentator (StudentFM, Na\u021bionalFM, Radio Total, Smart FM), unde a acoperit domeniile politic, economic, social \u0219i externe. Ulterior, a fost editor-coordonator al postului Realitatea FM. Experien\u021ba \u00een jurnalismul online a dob\u00e2ndit-o la portalul B365.ro, unde a fost editor. \u00cen 2012 s-a angajat \u00een televiziune. La Realitatea TV a fost, pe r\u00e2nd, reporter la sec\u021bia Social, reporter special la emisiunea de reportaje \u0219i anchete \u201eReporterii Realit\u0103\u021bii\u201d, dar \u0219i editor al jurnalelor de \u0219tiri. Ulterior, a f\u0103cut parte din sec\u021bia de Investiga\u021bii de la Digi24 \u0219i a lucrat la campania \u201eRom\u00e2nia furat\u0103\u201d. A revenit \u00een presa scris\u0103 \u00een 2017, ca reporter special, \u00een cadrul unui proiect de repozi\u021bionare a tabloidului Libertatea \u00een cotidian generalist. Este jurnalist Buletin de Bucure\u0219ti din 2019.\",\"url\":\"https:\\\/\\\/buletin.de\\\/bucuresti\\\/author\\\/catalin\\\/\"}]}<\/script>\n<!-- \/ Yoast SEO Premium plugin. -->","yoast_head_json":{"title":"P\u0103durea B\u0103neasa | Drumul \u201esuper-locuitorilor\u201c din Greenfield ar urma s\u0103 fie re\u00eemp\u0103durit. Ministerul Mediului a constatat nereguli grave \u0219i cere inclusiv recuperarea unui prejudiciu - Buletin de Bucure\u0219ti","description":"Raportul Corpului de Control cu privire la accesul auto prin P\u0103durea B\u0103neasa demoleaz\u0103 accesul reziden\u021bilor din cartierul Greenfield.","robots":{"index":"index","follow":"follow","max-snippet":"max-snippet:-1","max-image-preview":"max-image-preview:large","max-video-preview":"max-video-preview:-1"},"canonical":"https:\/\/buletin.de\/bucuresti\/padurea-baneasa-drumul-super-locuitorilor-din-greenfield-ar-urma-sa-fie-reimpadurit-ministerul-mediului-a-constatat-nereguli-grave-si-cere-inclusiv-recuperarea-unui-prejudiciu\/","og_locale":"en_GB","og_type":"article","og_title":"P\u0103durea B\u0103neasa | Drumul \u201esuper-locuitorilor\u201c din Greenfield ar urma s\u0103 fie re\u00eemp\u0103durit. Ministerul Mediului a constatat nereguli grave \u0219i cere inclusiv recuperarea unui prejudiciu","og_description":"Raportul Corpului de Control cu privire la accesul auto prin P\u0103durea B\u0103neasa demoleaz\u0103 accesul reziden\u021bilor din cartierul Greenfield.","og_url":"https:\/\/buletin.de\/bucuresti\/padurea-baneasa-drumul-super-locuitorilor-din-greenfield-ar-urma-sa-fie-reimpadurit-ministerul-mediului-a-constatat-nereguli-grave-si-cere-inclusiv-recuperarea-unui-prejudiciu\/","og_site_name":"Buletin de Bucure\u0219ti","article_publisher":"https:\/\/www.facebook.com\/buletin.de.buc","article_published_time":"2026-02-11T04:13:56+00:00","article_modified_time":"2026-02-12T19:49:28+00:00","og_image":[{"width":2560,"height":1707,"url":"https:\/\/buletin.de\/bucuresti\/wp-content\/uploads\/2026\/02\/ID317768_INQUAM_Photos_Ovidiu_Micsik-scaled.jpg","type":"image\/jpeg"}],"author":"C\u0103t\u0103lin Dosca\u0219","twitter_card":"summary_large_image","twitter_misc":{"Written by":"C\u0103t\u0103lin Dosca\u0219","Estimated reading time":"5 minutes"},"schema":{"@context":"https:\/\/schema.org","@graph":[{"@type":"Article","@id":"https:\/\/buletin.de\/bucuresti\/padurea-baneasa-drumul-super-locuitorilor-din-greenfield-ar-urma-sa-fie-reimpadurit-ministerul-mediului-a-constatat-nereguli-grave-si-cere-inclusiv-recuperarea-unui-prejudiciu\/#article","isPartOf":{"@id":"https:\/\/buletin.de\/bucuresti\/padurea-baneasa-drumul-super-locuitorilor-din-greenfield-ar-urma-sa-fie-reimpadurit-ministerul-mediului-a-constatat-nereguli-grave-si-cere-inclusiv-recuperarea-unui-prejudiciu\/"},"author":{"name":"C\u0103t\u0103lin Dosca\u0219","@id":"https:\/\/buletin.de\/bucuresti\/#\/schema\/person\/31117187ed4d0bdb0a4c7d6acc79d0f8"},"headline":"P\u0103durea B\u0103neasa | Drumul \u201esuper-locuitorilor\u201c din Greenfield ar urma s\u0103 fie re\u00eemp\u0103durit. Ministerul Mediului a constatat nereguli grave \u0219i cere inclusiv recuperarea unui prejudiciu","datePublished":"2026-02-11T04:13:56+00:00","dateModified":"2026-02-12T19:49:28+00:00","mainEntityOfPage":{"@id":"https:\/\/buletin.de\/bucuresti\/padurea-baneasa-drumul-super-locuitorilor-din-greenfield-ar-urma-sa-fie-reimpadurit-ministerul-mediului-a-constatat-nereguli-grave-si-cere-inclusiv-recuperarea-unui-prejudiciu\/"},"wordCount":1030,"publisher":{"@id":"https:\/\/buletin.de\/bucuresti\/#organization"},"image":{"@id":"https:\/\/buletin.de\/bucuresti\/padurea-baneasa-drumul-super-locuitorilor-din-greenfield-ar-urma-sa-fie-reimpadurit-ministerul-mediului-a-constatat-nereguli-grave-si-cere-inclusiv-recuperarea-unui-prejudiciu\/#primaryimage"},"thumbnailUrl":"https:\/\/buletin.de\/bucuresti\/wp-content\/uploads\/2026\/02\/ID317768_INQUAM_Photos_Ovidiu_Micsik-scaled.jpg","keywords":["Agent Green","corpul de control","directia silvica ilfov","drum forestier","Eco-Civica","Greenfield","mircea fechet","nereguli mediu","padurea baneasa","romsilva"],"articleSection":["Articole","Featured","Mediu"],"inLanguage":"en-GB","copyrightYear":"2026","copyrightHolder":{"@id":"https:\/\/buletin.de\/bucuresti\/#organization"}},{"@type":"WebPage","@id":"https:\/\/buletin.de\/bucuresti\/padurea-baneasa-drumul-super-locuitorilor-din-greenfield-ar-urma-sa-fie-reimpadurit-ministerul-mediului-a-constatat-nereguli-grave-si-cere-inclusiv-recuperarea-unui-prejudiciu\/","url":"https:\/\/buletin.de\/bucuresti\/padurea-baneasa-drumul-super-locuitorilor-din-greenfield-ar-urma-sa-fie-reimpadurit-ministerul-mediului-a-constatat-nereguli-grave-si-cere-inclusiv-recuperarea-unui-prejudiciu\/","name":"P\u0103durea B\u0103neasa | Drumul \u201esuper-locuitorilor\u201c din Greenfield ar urma s\u0103 fie re\u00eemp\u0103durit. Ministerul Mediului a constatat nereguli grave \u0219i cere inclusiv recuperarea unui prejudiciu - Buletin de Bucure\u0219ti","isPartOf":{"@id":"https:\/\/buletin.de\/bucuresti\/#website"},"primaryImageOfPage":{"@id":"https:\/\/buletin.de\/bucuresti\/padurea-baneasa-drumul-super-locuitorilor-din-greenfield-ar-urma-sa-fie-reimpadurit-ministerul-mediului-a-constatat-nereguli-grave-si-cere-inclusiv-recuperarea-unui-prejudiciu\/#primaryimage"},"image":{"@id":"https:\/\/buletin.de\/bucuresti\/padurea-baneasa-drumul-super-locuitorilor-din-greenfield-ar-urma-sa-fie-reimpadurit-ministerul-mediului-a-constatat-nereguli-grave-si-cere-inclusiv-recuperarea-unui-prejudiciu\/#primaryimage"},"thumbnailUrl":"https:\/\/buletin.de\/bucuresti\/wp-content\/uploads\/2026\/02\/ID317768_INQUAM_Photos_Ovidiu_Micsik-scaled.jpg","datePublished":"2026-02-11T04:13:56+00:00","dateModified":"2026-02-12T19:49:28+00:00","description":"Raportul Corpului de Control cu privire la accesul auto prin P\u0103durea B\u0103neasa demoleaz\u0103 accesul reziden\u021bilor din cartierul Greenfield.","breadcrumb":{"@id":"https:\/\/buletin.de\/bucuresti\/padurea-baneasa-drumul-super-locuitorilor-din-greenfield-ar-urma-sa-fie-reimpadurit-ministerul-mediului-a-constatat-nereguli-grave-si-cere-inclusiv-recuperarea-unui-prejudiciu\/#breadcrumb"},"inLanguage":"en-GB","potentialAction":[{"@type":"ReadAction","target":["https:\/\/buletin.de\/bucuresti\/padurea-baneasa-drumul-super-locuitorilor-din-greenfield-ar-urma-sa-fie-reimpadurit-ministerul-mediului-a-constatat-nereguli-grave-si-cere-inclusiv-recuperarea-unui-prejudiciu\/"]}]},{"@type":"ImageObject","inLanguage":"en-GB","@id":"https:\/\/buletin.de\/bucuresti\/padurea-baneasa-drumul-super-locuitorilor-din-greenfield-ar-urma-sa-fie-reimpadurit-ministerul-mediului-a-constatat-nereguli-grave-si-cere-inclusiv-recuperarea-unui-prejudiciu\/#primaryimage","url":"https:\/\/buletin.de\/bucuresti\/wp-content\/uploads\/2026\/02\/ID317768_INQUAM_Photos_Ovidiu_Micsik-scaled.jpg","contentUrl":"https:\/\/buletin.de\/bucuresti\/wp-content\/uploads\/2026\/02\/ID317768_INQUAM_Photos_Ovidiu_Micsik-scaled.jpg","width":2560,"height":1707,"caption":"Inquam Photos \/ Ovidiu Micsik"},{"@type":"BreadcrumbList","@id":"https:\/\/buletin.de\/bucuresti\/padurea-baneasa-drumul-super-locuitorilor-din-greenfield-ar-urma-sa-fie-reimpadurit-ministerul-mediului-a-constatat-nereguli-grave-si-cere-inclusiv-recuperarea-unui-prejudiciu\/#breadcrumb","itemListElement":[{"@type":"ListItem","position":1,"name":"Acas\u0103","item":"https:\/\/buletin.de\/bucuresti\/"},{"@type":"ListItem","position":2,"name":"P\u0103durea B\u0103neasa | Drumul \u201esuper-locuitorilor\u201c din Greenfield ar urma s\u0103 fie re\u00eemp\u0103durit. Ministerul Mediului a constatat nereguli grave \u0219i cere inclusiv recuperarea unui prejudiciu"}]},{"@type":"WebSite","@id":"https:\/\/buletin.de\/bucuresti\/#website","url":"https:\/\/buletin.de\/bucuresti\/","name":"Buletin de Bucure\u0219ti","description":"\u0218tiri \u0219i investiga\u021bii esen\u021biale din capital\u0103","publisher":{"@id":"https:\/\/buletin.de\/bucuresti\/#organization"},"potentialAction":[{"@type":"SearchAction","target":{"@type":"EntryPoint","urlTemplate":"https:\/\/buletin.de\/bucuresti\/?s={search_term_string}"},"query-input":{"@type":"PropertyValueSpecification","valueRequired":true,"valueName":"search_term_string"}}],"inLanguage":"en-GB"},{"@type":"Organization","@id":"https:\/\/buletin.de\/bucuresti\/#organization","name":"Buletin de Bucure\u0219ti","url":"https:\/\/buletin.de\/bucuresti\/","logo":{"@type":"ImageObject","inLanguage":"en-GB","@id":"https:\/\/buletin.de\/bucuresti\/#\/schema\/logo\/image\/","url":"https:\/\/buletin.de\/bucuresti\/wp-content\/uploads\/logo-bdb-full-wide-vernil-transparent.png","contentUrl":"https:\/\/buletin.de\/bucuresti\/wp-content\/uploads\/logo-bdb-full-wide-vernil-transparent.png","width":1782,"height":626,"caption":"Buletin de Bucure\u0219ti"},"image":{"@id":"https:\/\/buletin.de\/bucuresti\/#\/schema\/logo\/image\/"},"sameAs":["https:\/\/www.facebook.com\/buletin.de.buc","https:\/\/www.instagram.com\/buletinde.bucuresti\/"]},{"@type":"Person","@id":"https:\/\/buletin.de\/bucuresti\/#\/schema\/person\/31117187ed4d0bdb0a4c7d6acc79d0f8","name":"C\u0103t\u0103lin Dosca\u0219","image":{"@type":"ImageObject","inLanguage":"en-GB","@id":"https:\/\/buletin.de\/bucuresti\/wp-content\/uploads\/Catalin-Doscas-e1732731064764-96x96.jpga93e2943bb3b1c1f9ead823df6e6317a","url":"https:\/\/buletin.de\/bucuresti\/wp-content\/uploads\/Catalin-Doscas-e1732731064764-96x96.jpg","contentUrl":"https:\/\/buletin.de\/bucuresti\/wp-content\/uploads\/Catalin-Doscas-e1732731064764-96x96.jpg","caption":"C\u0103t\u0103lin Dosca\u0219"},"description":"Reporter \u0219i redactor-\u0219ef Buletin de Bucure\u0219ti. Lucreaz\u0103 \u00een mass-media de la v\u00e2rsta de 15 ani, c\u00e2nd a publicat primele articole \u00een presa local\u0103 din Tecuci. \u00cen Bucure\u0219ti a lucrat \u00een redac\u021bii radio ca reporter, redactor \u0219i prezentator (StudentFM, Na\u021bionalFM, Radio Total, Smart FM), unde a acoperit domeniile politic, economic, social \u0219i externe. Ulterior, a fost editor-coordonator al postului Realitatea FM. Experien\u021ba \u00een jurnalismul online a dob\u00e2ndit-o la portalul B365.ro, unde a fost editor. \u00cen 2012 s-a angajat \u00een televiziune. La Realitatea TV a fost, pe r\u00e2nd, reporter la sec\u021bia Social, reporter special la emisiunea de reportaje \u0219i anchete \u201eReporterii Realit\u0103\u021bii\u201d, dar \u0219i editor al jurnalelor de \u0219tiri. Ulterior, a f\u0103cut parte din sec\u021bia de Investiga\u021bii de la Digi24 \u0219i a lucrat la campania \u201eRom\u00e2nia furat\u0103\u201d. A revenit \u00een presa scris\u0103 \u00een 2017, ca reporter special, \u00een cadrul unui proiect de repozi\u021bionare a tabloidului Libertatea \u00een cotidian generalist. Este jurnalist Buletin de Bucure\u0219ti din 2019.","url":"https:\/\/buletin.de\/bucuresti\/author\/catalin\/"}]}},"authors":[{"term_id":22575,"user_id":10,"is_guest":0,"slug":"catalin","display_name":"C\u0103t\u0103lin Dosca\u0219","avatar_url":"https:\/\/buletin.de\/bucuresti\/wp-content\/uploads\/Catalin-Doscas-e1732731064764-96x96.jpg","0":null,"1":"","2":"","3":"","4":"","5":"","6":"","7":"","8":""}],"_links":{"self":[{"href":"https:\/\/buletin.de\/bucuresti\/wp-json\/wp\/v2\/posts\/173056","targetHints":{"allow":["GET"]}}],"collection":[{"href":"https:\/\/buletin.de\/bucuresti\/wp-json\/wp\/v2\/posts"}],"about":[{"href":"https:\/\/buletin.de\/bucuresti\/wp-json\/wp\/v2\/types\/post"}],"author":[{"embeddable":true,"href":"https:\/\/buletin.de\/bucuresti\/wp-json\/wp\/v2\/users\/10"}],"replies":[{"embeddable":true,"href":"https:\/\/buletin.de\/bucuresti\/wp-json\/wp\/v2\/comments?post=173056"}],"version-history":[{"count":4,"href":"https:\/\/buletin.de\/bucuresti\/wp-json\/wp\/v2\/posts\/173056\/revisions"}],"predecessor-version":[{"id":173494,"href":"https:\/\/buletin.de\/bucuresti\/wp-json\/wp\/v2\/posts\/173056\/revisions\/173494"}],"wp:featuredmedia":[{"embeddable":true,"href":"https:\/\/buletin.de\/bucuresti\/wp-json\/wp\/v2\/media\/173059"}],"wp:attachment":[{"href":"https:\/\/buletin.de\/bucuresti\/wp-json\/wp\/v2\/media?parent=173056"}],"wp:term":[{"taxonomy":"category","embeddable":true,"href":"https:\/\/buletin.de\/bucuresti\/wp-json\/wp\/v2\/categories?post=173056"},{"taxonomy":"post_tag","embeddable":true,"href":"https:\/\/buletin.de\/bucuresti\/wp-json\/wp\/v2\/tags?post=173056"},{"taxonomy":"author","embeddable":true,"href":"https:\/\/buletin.de\/bucuresti\/wp-json\/wp\/v2\/ppma_author?post=173056"}],"curies":[{"name":"wp","href":"https:\/\/api.w.org\/{rel}","templated":true}]}}