{"id":17210,"date":"2020-12-21T12:37:23","date_gmt":"2020-12-21T09:37:23","guid":{"rendered":"https:\/\/buletin.de\/bucuresti\/?p=17210"},"modified":"2020-12-21T12:37:58","modified_gmt":"2020-12-21T09:37:58","slug":"sedinta-de-consiliu-general-suspendata-din-cauza-consilierilor-psd-ati-venit-aici-pentru-a-demonstra-ca-puteti-manipula-microfoanele-din-sala","status":"publish","type":"post","link":"https:\/\/buletin.de\/bucuresti\/sedinta-de-consiliu-general-suspendata-din-cauza-consilierilor-psd-ati-venit-aici-pentru-a-demonstra-ca-puteti-manipula-microfoanele-din-sala\/","title":{"rendered":"\u0218edin\u021ba de Consiliu General, suspendat\u0103 din cauza consilierilor PSD.  \u201cA\u021bi venit aici pentru a demonstra c\u0103 pute\u021bi manipula microfoanele din sal\u0103\u201d"},"content":{"rendered":"\n<p><strong>\u0218edin\u021ba de Consiliul General a fost suspendat\u0103 din cauza consilierilor locali ale\u0219i pe listele PSD care s-au prezentat \u00een sala mare de \u0219edin\u021b\u0103 \u0219i nu \u00een s\u0103lile dedicate grupurilor politice din CGMB ca urmare a deciziei lui Nicu\u0219or Dan de a limita num\u0103rul celor care participa fizic la sedinta, pe fondul restric\u021biilor sanitare.&nbsp;<\/strong><\/p>\n\n\n\n<p>\u201c<em>Nu voi ezita s\u0103 introducem Poli\u021bia Local\u0103 s\u0103 eliber\u0103m sala. Dumneavoastr\u0103 insista\u021bi s\u0103 ar\u0103ta\u021bi c\u0103 nu respecta\u021bi regulile sanitare. Ave\u021bi o convocare de a participa la sedin\u021b\u0103 \u00een sala consilierilor PSD. Dup\u0103 cum vede\u021bi celelalte grupuri se afl\u0103 \u00een s\u0103lile destinate numai dvs. a\u021bi venit aici pentru a demonstra c\u0103 pute\u021bi manipula microfoanele din sal\u0103 \u0219i vorbi peste colegii care nu au acest drept prin sistemul informatic<\/em>\u201d, a spus pre\u0219edintele de \u0219edin\u021b\u0103 Cosmin \u0218migheschi.<\/p>\n\n\n\n<p>Ca o m\u0103sur\u0103 \u00een plus pentru a limita efectele pandemiei de COVID-19, Nicu\u0219or Dan a dispus ca \u0219edin\u021ba de ast\u0103zi s\u0103 se \u021bina \u00een s\u0103li separate, organizate pe grupuri politice, \u00een cazul \u00een care ar exista consilieri locali care nu doresc sa participe on-line \u0219i doresc sa vina personal la Prim\u0103rie.<\/p>\n\n\n\n<p>Grupul PSD din CGMB s-a prezentat \u00eens\u0103 \u00een sal\u0103 mare de \u0219edin\u021be motiv\u0103nd c\u0103 m\u0103sura impus\u0103 este ilegal\u0103.&nbsp;<\/p>\n\n\n\n<p>\u201c<em>Va atrag aten\u021bia cu tot respectul c\u0103 dumneavoastr\u0103 execede\u021bi cadrului legal. Faptul c\u0103 se emite o decizie de convocare este un instrument de chemare a consilierilor locali pentru a r\u0103spunde problemelor urbei. Asta nu \u00eenseamn\u0103 ca dvs. pute\u021bi s\u0103 evacua\u021bi sala f\u0103r\u0103 motiv. V\u0103 rug\u0103m s\u0103 ne indica\u021bi care este articolul care sa impun\u0103 o astfel de m\u0103sur\u0103<\/em>\u201d, a spus Aurelian Badulescu, liderul de grup al PSD.<\/p>\n\n\n\n<p>La r\u00e2ndul s\u0103u Nicu\u0219or Dan a precizat c\u0103 \u0219edin\u021ba de Consiliul General a fost convocat\u0103 \u00een condi\u021biile stabilite de Codul Administrativ.&nbsp;<\/p>\n\n\n\n<p>\u201e<em>Domnilor consilieri, haide\u021bi sa ne purtam responsabil. Am f\u0103cut \u00een temeiul codului administrativ o convocare \u00een care am prev\u0103zut \u00een mod expres ca fiecare dintre grupurile politice va participa la aceasta sedinta \u00een sala grupului care este rezervat\u0103. Aceasta este convocarea pe care dvs. trebuie sa o respecta\u021bi<\/em>\u201d, a explicat primarul general.\u00a0<\/p>\n\n\n\n<p>Din cauza grupului PSD care a refuzat sa p\u0103r\u0103seasca sala, sedinta de Consiliu General a fost suspendata o ora.&nbsp;<\/p>\n","protected":false},"excerpt":{"rendered":"<p>\u0218edin\u021ba de Consiliul General a fost suspendat\u0103 din cauza consilierilor locali ale\u0219i pe listele PSD care s-au prezentat \u00een sala mare de \u0219edin\u021b\u0103 \u0219i nu \u00een s\u0103lile dedicate grupurilor politice din CGMB ca urmare a deciziei lui Nicu\u0219or Dan de a limita num\u0103rul celor care participa fizic la sedinta, pe fondul restric\u021biilor sanitare.&nbsp; \u201cNu voi [&hellip;]<\/p>\n","protected":false},"author":10,"featured_media":17212,"comment_status":"closed","ping_status":"open","sticky":false,"template":"","format":"standard","meta":{"_acf_changed":false,"inline_featured_image":false,"ngg_post_thumbnail":0,"footnotes":""},"categories":[1,24],"tags":[104],"ppma_author":[22575],"class_list":["post-17210","post","type-post","status-publish","format-standard","has-post-thumbnail","hentry","category-diverse","category-primarie","tag-pmb"],"acf":[],"yoast_head":"<!-- This site is optimized with the Yoast SEO Premium plugin v25.3 (Yoast SEO v27.4) - https:\/\/yoast.com\/product\/yoast-seo-premium-wordpress\/ -->\n<title>\u0218edin\u021ba de Consiliu General, suspendat\u0103 din cauza consilierilor PSD. \u201cA\u021bi venit aici pentru a demonstra c\u0103 pute\u021bi manipula microfoanele din sal\u0103\u201d - Buletin de Bucure\u0219ti<\/title>\n<meta name=\"robots\" content=\"index, follow, max-snippet:-1, max-image-preview:large, max-video-preview:-1\" \/>\n<link rel=\"canonical\" href=\"https:\/\/buletin.de\/bucuresti\/sedinta-de-consiliu-general-suspendata-din-cauza-consilierilor-psd-ati-venit-aici-pentru-a-demonstra-ca-puteti-manipula-microfoanele-din-sala\/\" \/>\n<meta property=\"og:locale\" content=\"en_GB\" \/>\n<meta property=\"og:type\" content=\"article\" \/>\n<meta property=\"og:title\" content=\"\u0218edin\u021ba de Consiliu General, suspendat\u0103 din cauza consilierilor PSD. \u201cA\u021bi venit aici pentru a demonstra c\u0103 pute\u021bi manipula microfoanele din sal\u0103\u201d\" \/>\n<meta property=\"og:description\" content=\"\u0218edin\u021ba de Consiliul General a fost suspendat\u0103 din cauza consilierilor locali ale\u0219i pe listele PSD care s-au prezentat \u00een sala mare de \u0219edin\u021b\u0103 \u0219i nu \u00een s\u0103lile dedicate grupurilor politice din CGMB ca urmare a deciziei lui Nicu\u0219or Dan de a limita num\u0103rul celor care participa fizic la sedinta, pe fondul restric\u021biilor sanitare.&nbsp; \u201cNu voi [&hellip;]\" \/>\n<meta property=\"og:url\" content=\"https:\/\/buletin.de\/bucuresti\/sedinta-de-consiliu-general-suspendata-din-cauza-consilierilor-psd-ati-venit-aici-pentru-a-demonstra-ca-puteti-manipula-microfoanele-din-sala\/\" \/>\n<meta property=\"og:site_name\" content=\"Buletin de Bucure\u0219ti\" \/>\n<meta property=\"article:publisher\" content=\"https:\/\/www.facebook.com\/buletin.de.buc\" \/>\n<meta property=\"article:published_time\" content=\"2020-12-21T09:37:23+00:00\" \/>\n<meta property=\"article:modified_time\" content=\"2020-12-21T09:37:58+00:00\" \/>\n<meta property=\"og:image\" content=\"https:\/\/buletin.de\/bucuresti\/wp-content\/uploads\/cover-sedinta.jpg\" \/>\n\t<meta property=\"og:image:width\" content=\"1647\" \/>\n\t<meta property=\"og:image:height\" content=\"897\" \/>\n\t<meta property=\"og:image:type\" content=\"image\/jpeg\" \/>\n<meta name=\"author\" content=\"C\u0103t\u0103lin Dosca\u0219\" \/>\n<meta name=\"twitter:card\" content=\"summary_large_image\" \/>\n<meta name=\"twitter:label1\" content=\"Written by\" \/>\n\t<meta name=\"twitter:data1\" content=\"C\u0103t\u0103lin Dosca\u0219\" \/>\n\t<meta name=\"twitter:label2\" content=\"Estimated reading time\" \/>\n\t<meta name=\"twitter:data2\" content=\"2 minutes\" \/>\n<script type=\"application\/ld+json\" class=\"yoast-schema-graph\">{\"@context\":\"https:\\\/\\\/schema.org\",\"@graph\":[{\"@type\":\"Article\",\"@id\":\"https:\\\/\\\/buletin.de\\\/bucuresti\\\/sedinta-de-consiliu-general-suspendata-din-cauza-consilierilor-psd-ati-venit-aici-pentru-a-demonstra-ca-puteti-manipula-microfoanele-din-sala\\\/#article\",\"isPartOf\":{\"@id\":\"https:\\\/\\\/buletin.de\\\/bucuresti\\\/sedinta-de-consiliu-general-suspendata-din-cauza-consilierilor-psd-ati-venit-aici-pentru-a-demonstra-ca-puteti-manipula-microfoanele-din-sala\\\/\"},\"author\":{\"name\":\"C\u0103t\u0103lin Dosca\u0219\",\"@id\":\"https:\\\/\\\/buletin.de\\\/bucuresti\\\/#\\\/schema\\\/person\\\/31117187ed4d0bdb0a4c7d6acc79d0f8\"},\"headline\":\"\u0218edin\u021ba de Consiliu General, suspendat\u0103 din cauza consilierilor PSD. \u201cA\u021bi venit aici pentru a demonstra c\u0103 pute\u021bi manipula microfoanele din sal\u0103\u201d\",\"datePublished\":\"2020-12-21T09:37:23+00:00\",\"dateModified\":\"2020-12-21T09:37:58+00:00\",\"mainEntityOfPage\":{\"@id\":\"https:\\\/\\\/buletin.de\\\/bucuresti\\\/sedinta-de-consiliu-general-suspendata-din-cauza-consilierilor-psd-ati-venit-aici-pentru-a-demonstra-ca-puteti-manipula-microfoanele-din-sala\\\/\"},\"wordCount\":430,\"publisher\":{\"@id\":\"https:\\\/\\\/buletin.de\\\/bucuresti\\\/#organization\"},\"image\":{\"@id\":\"https:\\\/\\\/buletin.de\\\/bucuresti\\\/sedinta-de-consiliu-general-suspendata-din-cauza-consilierilor-psd-ati-venit-aici-pentru-a-demonstra-ca-puteti-manipula-microfoanele-din-sala\\\/#primaryimage\"},\"thumbnailUrl\":\"https:\\\/\\\/buletin.de\\\/bucuresti\\\/wp-content\\\/uploads\\\/cover-sedinta.jpg\",\"keywords\":[\"pmb\"],\"articleSection\":[\"Diverse\",\"Prim\u0103rie\"],\"inLanguage\":\"en-GB\",\"copyrightYear\":\"2020\",\"copyrightHolder\":{\"@id\":\"https:\\\/\\\/buletin.de\\\/bucuresti\\\/#organization\"}},{\"@type\":\"WebPage\",\"@id\":\"https:\\\/\\\/buletin.de\\\/bucuresti\\\/sedinta-de-consiliu-general-suspendata-din-cauza-consilierilor-psd-ati-venit-aici-pentru-a-demonstra-ca-puteti-manipula-microfoanele-din-sala\\\/\",\"url\":\"https:\\\/\\\/buletin.de\\\/bucuresti\\\/sedinta-de-consiliu-general-suspendata-din-cauza-consilierilor-psd-ati-venit-aici-pentru-a-demonstra-ca-puteti-manipula-microfoanele-din-sala\\\/\",\"name\":\"\u0218edin\u021ba de Consiliu General, suspendat\u0103 din cauza consilierilor PSD. \u201cA\u021bi venit aici pentru a demonstra c\u0103 pute\u021bi manipula microfoanele din sal\u0103\u201d - Buletin de Bucure\u0219ti\",\"isPartOf\":{\"@id\":\"https:\\\/\\\/buletin.de\\\/bucuresti\\\/#website\"},\"primaryImageOfPage\":{\"@id\":\"https:\\\/\\\/buletin.de\\\/bucuresti\\\/sedinta-de-consiliu-general-suspendata-din-cauza-consilierilor-psd-ati-venit-aici-pentru-a-demonstra-ca-puteti-manipula-microfoanele-din-sala\\\/#primaryimage\"},\"image\":{\"@id\":\"https:\\\/\\\/buletin.de\\\/bucuresti\\\/sedinta-de-consiliu-general-suspendata-din-cauza-consilierilor-psd-ati-venit-aici-pentru-a-demonstra-ca-puteti-manipula-microfoanele-din-sala\\\/#primaryimage\"},\"thumbnailUrl\":\"https:\\\/\\\/buletin.de\\\/bucuresti\\\/wp-content\\\/uploads\\\/cover-sedinta.jpg\",\"datePublished\":\"2020-12-21T09:37:23+00:00\",\"dateModified\":\"2020-12-21T09:37:58+00:00\",\"breadcrumb\":{\"@id\":\"https:\\\/\\\/buletin.de\\\/bucuresti\\\/sedinta-de-consiliu-general-suspendata-din-cauza-consilierilor-psd-ati-venit-aici-pentru-a-demonstra-ca-puteti-manipula-microfoanele-din-sala\\\/#breadcrumb\"},\"inLanguage\":\"en-GB\",\"potentialAction\":[{\"@type\":\"ReadAction\",\"target\":[\"https:\\\/\\\/buletin.de\\\/bucuresti\\\/sedinta-de-consiliu-general-suspendata-din-cauza-consilierilor-psd-ati-venit-aici-pentru-a-demonstra-ca-puteti-manipula-microfoanele-din-sala\\\/\"]}]},{\"@type\":\"ImageObject\",\"inLanguage\":\"en-GB\",\"@id\":\"https:\\\/\\\/buletin.de\\\/bucuresti\\\/sedinta-de-consiliu-general-suspendata-din-cauza-consilierilor-psd-ati-venit-aici-pentru-a-demonstra-ca-puteti-manipula-microfoanele-din-sala\\\/#primaryimage\",\"url\":\"https:\\\/\\\/buletin.de\\\/bucuresti\\\/wp-content\\\/uploads\\\/cover-sedinta.jpg\",\"contentUrl\":\"https:\\\/\\\/buletin.de\\\/bucuresti\\\/wp-content\\\/uploads\\\/cover-sedinta.jpg\",\"width\":1647,\"height\":897},{\"@type\":\"BreadcrumbList\",\"@id\":\"https:\\\/\\\/buletin.de\\\/bucuresti\\\/sedinta-de-consiliu-general-suspendata-din-cauza-consilierilor-psd-ati-venit-aici-pentru-a-demonstra-ca-puteti-manipula-microfoanele-din-sala\\\/#breadcrumb\",\"itemListElement\":[{\"@type\":\"ListItem\",\"position\":1,\"name\":\"Acas\u0103\",\"item\":\"https:\\\/\\\/buletin.de\\\/bucuresti\\\/\"},{\"@type\":\"ListItem\",\"position\":2,\"name\":\"\u0218edin\u021ba de Consiliu General, suspendat\u0103 din cauza consilierilor PSD. \u201cA\u021bi venit aici pentru a demonstra c\u0103 pute\u021bi manipula microfoanele din sal\u0103\u201d\"}]},{\"@type\":\"WebSite\",\"@id\":\"https:\\\/\\\/buletin.de\\\/bucuresti\\\/#website\",\"url\":\"https:\\\/\\\/buletin.de\\\/bucuresti\\\/\",\"name\":\"Buletin de Bucure\u0219ti\",\"description\":\"\u0218tiri \u0219i investiga\u021bii esen\u021biale din capital\u0103\",\"publisher\":{\"@id\":\"https:\\\/\\\/buletin.de\\\/bucuresti\\\/#organization\"},\"potentialAction\":[{\"@type\":\"SearchAction\",\"target\":{\"@type\":\"EntryPoint\",\"urlTemplate\":\"https:\\\/\\\/buletin.de\\\/bucuresti\\\/?s={search_term_string}\"},\"query-input\":{\"@type\":\"PropertyValueSpecification\",\"valueRequired\":true,\"valueName\":\"search_term_string\"}}],\"inLanguage\":\"en-GB\"},{\"@type\":\"Organization\",\"@id\":\"https:\\\/\\\/buletin.de\\\/bucuresti\\\/#organization\",\"name\":\"Buletin de Bucure\u0219ti\",\"url\":\"https:\\\/\\\/buletin.de\\\/bucuresti\\\/\",\"logo\":{\"@type\":\"ImageObject\",\"inLanguage\":\"en-GB\",\"@id\":\"https:\\\/\\\/buletin.de\\\/bucuresti\\\/#\\\/schema\\\/logo\\\/image\\\/\",\"url\":\"https:\\\/\\\/buletin.de\\\/bucuresti\\\/wp-content\\\/uploads\\\/logo-bdb-full-wide-vernil-transparent.png\",\"contentUrl\":\"https:\\\/\\\/buletin.de\\\/bucuresti\\\/wp-content\\\/uploads\\\/logo-bdb-full-wide-vernil-transparent.png\",\"width\":1782,\"height\":626,\"caption\":\"Buletin de Bucure\u0219ti\"},\"image\":{\"@id\":\"https:\\\/\\\/buletin.de\\\/bucuresti\\\/#\\\/schema\\\/logo\\\/image\\\/\"},\"sameAs\":[\"https:\\\/\\\/www.facebook.com\\\/buletin.de.buc\",\"https:\\\/\\\/www.instagram.com\\\/buletinde.bucuresti\\\/\"]},{\"@type\":\"Person\",\"@id\":\"https:\\\/\\\/buletin.de\\\/bucuresti\\\/#\\\/schema\\\/person\\\/31117187ed4d0bdb0a4c7d6acc79d0f8\",\"name\":\"C\u0103t\u0103lin Dosca\u0219\",\"image\":{\"@type\":\"ImageObject\",\"inLanguage\":\"en-GB\",\"@id\":\"https:\\\/\\\/buletin.de\\\/bucuresti\\\/wp-content\\\/uploads\\\/Catalin-Doscas-e1732731064764-96x96.jpga93e2943bb3b1c1f9ead823df6e6317a\",\"url\":\"https:\\\/\\\/buletin.de\\\/bucuresti\\\/wp-content\\\/uploads\\\/Catalin-Doscas-e1732731064764-96x96.jpg\",\"contentUrl\":\"https:\\\/\\\/buletin.de\\\/bucuresti\\\/wp-content\\\/uploads\\\/Catalin-Doscas-e1732731064764-96x96.jpg\",\"caption\":\"C\u0103t\u0103lin Dosca\u0219\"},\"description\":\"Reporter \u0219i redactor-\u0219ef Buletin de Bucure\u0219ti. Lucreaz\u0103 \u00een mass-media de la v\u00e2rsta de 15 ani, c\u00e2nd a publicat primele articole \u00een presa local\u0103 din Tecuci. \u00cen Bucure\u0219ti a lucrat \u00een redac\u021bii radio ca reporter, redactor \u0219i prezentator (StudentFM, Na\u021bionalFM, Radio Total, Smart FM), unde a acoperit domeniile politic, economic, social \u0219i externe. Ulterior, a fost editor-coordonator al postului Realitatea FM. Experien\u021ba \u00een jurnalismul online a dob\u00e2ndit-o la portalul B365.ro, unde a fost editor. \u00cen 2012 s-a angajat \u00een televiziune. La Realitatea TV a fost, pe r\u00e2nd, reporter la sec\u021bia Social, reporter special la emisiunea de reportaje \u0219i anchete \u201eReporterii Realit\u0103\u021bii\u201d, dar \u0219i editor al jurnalelor de \u0219tiri. Ulterior, a f\u0103cut parte din sec\u021bia de Investiga\u021bii de la Digi24 \u0219i a lucrat la campania \u201eRom\u00e2nia furat\u0103\u201d. A revenit \u00een presa scris\u0103 \u00een 2017, ca reporter special, \u00een cadrul unui proiect de repozi\u021bionare a tabloidului Libertatea \u00een cotidian generalist. Este jurnalist Buletin de Bucure\u0219ti din 2019.\",\"url\":\"https:\\\/\\\/buletin.de\\\/bucuresti\\\/author\\\/catalin\\\/\"}]}<\/script>\n<!-- \/ Yoast SEO Premium plugin. -->","yoast_head_json":{"title":"\u0218edin\u021ba de Consiliu General, suspendat\u0103 din cauza consilierilor PSD. \u201cA\u021bi venit aici pentru a demonstra c\u0103 pute\u021bi manipula microfoanele din sal\u0103\u201d - Buletin de Bucure\u0219ti","robots":{"index":"index","follow":"follow","max-snippet":"max-snippet:-1","max-image-preview":"max-image-preview:large","max-video-preview":"max-video-preview:-1"},"canonical":"https:\/\/buletin.de\/bucuresti\/sedinta-de-consiliu-general-suspendata-din-cauza-consilierilor-psd-ati-venit-aici-pentru-a-demonstra-ca-puteti-manipula-microfoanele-din-sala\/","og_locale":"en_GB","og_type":"article","og_title":"\u0218edin\u021ba de Consiliu General, suspendat\u0103 din cauza consilierilor PSD. \u201cA\u021bi venit aici pentru a demonstra c\u0103 pute\u021bi manipula microfoanele din sal\u0103\u201d","og_description":"\u0218edin\u021ba de Consiliul General a fost suspendat\u0103 din cauza consilierilor locali ale\u0219i pe listele PSD care s-au prezentat \u00een sala mare de \u0219edin\u021b\u0103 \u0219i nu \u00een s\u0103lile dedicate grupurilor politice din CGMB ca urmare a deciziei lui Nicu\u0219or Dan de a limita num\u0103rul celor care participa fizic la sedinta, pe fondul restric\u021biilor sanitare.&nbsp; \u201cNu voi [&hellip;]","og_url":"https:\/\/buletin.de\/bucuresti\/sedinta-de-consiliu-general-suspendata-din-cauza-consilierilor-psd-ati-venit-aici-pentru-a-demonstra-ca-puteti-manipula-microfoanele-din-sala\/","og_site_name":"Buletin de Bucure\u0219ti","article_publisher":"https:\/\/www.facebook.com\/buletin.de.buc","article_published_time":"2020-12-21T09:37:23+00:00","article_modified_time":"2020-12-21T09:37:58+00:00","og_image":[{"width":1647,"height":897,"url":"https:\/\/buletin.de\/bucuresti\/wp-content\/uploads\/cover-sedinta.jpg","type":"image\/jpeg"}],"author":"C\u0103t\u0103lin Dosca\u0219","twitter_card":"summary_large_image","twitter_misc":{"Written by":"C\u0103t\u0103lin Dosca\u0219","Estimated reading time":"2 minutes"},"schema":{"@context":"https:\/\/schema.org","@graph":[{"@type":"Article","@id":"https:\/\/buletin.de\/bucuresti\/sedinta-de-consiliu-general-suspendata-din-cauza-consilierilor-psd-ati-venit-aici-pentru-a-demonstra-ca-puteti-manipula-microfoanele-din-sala\/#article","isPartOf":{"@id":"https:\/\/buletin.de\/bucuresti\/sedinta-de-consiliu-general-suspendata-din-cauza-consilierilor-psd-ati-venit-aici-pentru-a-demonstra-ca-puteti-manipula-microfoanele-din-sala\/"},"author":{"name":"C\u0103t\u0103lin Dosca\u0219","@id":"https:\/\/buletin.de\/bucuresti\/#\/schema\/person\/31117187ed4d0bdb0a4c7d6acc79d0f8"},"headline":"\u0218edin\u021ba de Consiliu General, suspendat\u0103 din cauza consilierilor PSD. \u201cA\u021bi venit aici pentru a demonstra c\u0103 pute\u021bi manipula microfoanele din sal\u0103\u201d","datePublished":"2020-12-21T09:37:23+00:00","dateModified":"2020-12-21T09:37:58+00:00","mainEntityOfPage":{"@id":"https:\/\/buletin.de\/bucuresti\/sedinta-de-consiliu-general-suspendata-din-cauza-consilierilor-psd-ati-venit-aici-pentru-a-demonstra-ca-puteti-manipula-microfoanele-din-sala\/"},"wordCount":430,"publisher":{"@id":"https:\/\/buletin.de\/bucuresti\/#organization"},"image":{"@id":"https:\/\/buletin.de\/bucuresti\/sedinta-de-consiliu-general-suspendata-din-cauza-consilierilor-psd-ati-venit-aici-pentru-a-demonstra-ca-puteti-manipula-microfoanele-din-sala\/#primaryimage"},"thumbnailUrl":"https:\/\/buletin.de\/bucuresti\/wp-content\/uploads\/cover-sedinta.jpg","keywords":["pmb"],"articleSection":["Diverse","Prim\u0103rie"],"inLanguage":"en-GB","copyrightYear":"2020","copyrightHolder":{"@id":"https:\/\/buletin.de\/bucuresti\/#organization"}},{"@type":"WebPage","@id":"https:\/\/buletin.de\/bucuresti\/sedinta-de-consiliu-general-suspendata-din-cauza-consilierilor-psd-ati-venit-aici-pentru-a-demonstra-ca-puteti-manipula-microfoanele-din-sala\/","url":"https:\/\/buletin.de\/bucuresti\/sedinta-de-consiliu-general-suspendata-din-cauza-consilierilor-psd-ati-venit-aici-pentru-a-demonstra-ca-puteti-manipula-microfoanele-din-sala\/","name":"\u0218edin\u021ba de Consiliu General, suspendat\u0103 din cauza consilierilor PSD. \u201cA\u021bi venit aici pentru a demonstra c\u0103 pute\u021bi manipula microfoanele din sal\u0103\u201d - Buletin de Bucure\u0219ti","isPartOf":{"@id":"https:\/\/buletin.de\/bucuresti\/#website"},"primaryImageOfPage":{"@id":"https:\/\/buletin.de\/bucuresti\/sedinta-de-consiliu-general-suspendata-din-cauza-consilierilor-psd-ati-venit-aici-pentru-a-demonstra-ca-puteti-manipula-microfoanele-din-sala\/#primaryimage"},"image":{"@id":"https:\/\/buletin.de\/bucuresti\/sedinta-de-consiliu-general-suspendata-din-cauza-consilierilor-psd-ati-venit-aici-pentru-a-demonstra-ca-puteti-manipula-microfoanele-din-sala\/#primaryimage"},"thumbnailUrl":"https:\/\/buletin.de\/bucuresti\/wp-content\/uploads\/cover-sedinta.jpg","datePublished":"2020-12-21T09:37:23+00:00","dateModified":"2020-12-21T09:37:58+00:00","breadcrumb":{"@id":"https:\/\/buletin.de\/bucuresti\/sedinta-de-consiliu-general-suspendata-din-cauza-consilierilor-psd-ati-venit-aici-pentru-a-demonstra-ca-puteti-manipula-microfoanele-din-sala\/#breadcrumb"},"inLanguage":"en-GB","potentialAction":[{"@type":"ReadAction","target":["https:\/\/buletin.de\/bucuresti\/sedinta-de-consiliu-general-suspendata-din-cauza-consilierilor-psd-ati-venit-aici-pentru-a-demonstra-ca-puteti-manipula-microfoanele-din-sala\/"]}]},{"@type":"ImageObject","inLanguage":"en-GB","@id":"https:\/\/buletin.de\/bucuresti\/sedinta-de-consiliu-general-suspendata-din-cauza-consilierilor-psd-ati-venit-aici-pentru-a-demonstra-ca-puteti-manipula-microfoanele-din-sala\/#primaryimage","url":"https:\/\/buletin.de\/bucuresti\/wp-content\/uploads\/cover-sedinta.jpg","contentUrl":"https:\/\/buletin.de\/bucuresti\/wp-content\/uploads\/cover-sedinta.jpg","width":1647,"height":897},{"@type":"BreadcrumbList","@id":"https:\/\/buletin.de\/bucuresti\/sedinta-de-consiliu-general-suspendata-din-cauza-consilierilor-psd-ati-venit-aici-pentru-a-demonstra-ca-puteti-manipula-microfoanele-din-sala\/#breadcrumb","itemListElement":[{"@type":"ListItem","position":1,"name":"Acas\u0103","item":"https:\/\/buletin.de\/bucuresti\/"},{"@type":"ListItem","position":2,"name":"\u0218edin\u021ba de Consiliu General, suspendat\u0103 din cauza consilierilor PSD. \u201cA\u021bi venit aici pentru a demonstra c\u0103 pute\u021bi manipula microfoanele din sal\u0103\u201d"}]},{"@type":"WebSite","@id":"https:\/\/buletin.de\/bucuresti\/#website","url":"https:\/\/buletin.de\/bucuresti\/","name":"Buletin de Bucure\u0219ti","description":"\u0218tiri \u0219i investiga\u021bii esen\u021biale din capital\u0103","publisher":{"@id":"https:\/\/buletin.de\/bucuresti\/#organization"},"potentialAction":[{"@type":"SearchAction","target":{"@type":"EntryPoint","urlTemplate":"https:\/\/buletin.de\/bucuresti\/?s={search_term_string}"},"query-input":{"@type":"PropertyValueSpecification","valueRequired":true,"valueName":"search_term_string"}}],"inLanguage":"en-GB"},{"@type":"Organization","@id":"https:\/\/buletin.de\/bucuresti\/#organization","name":"Buletin de Bucure\u0219ti","url":"https:\/\/buletin.de\/bucuresti\/","logo":{"@type":"ImageObject","inLanguage":"en-GB","@id":"https:\/\/buletin.de\/bucuresti\/#\/schema\/logo\/image\/","url":"https:\/\/buletin.de\/bucuresti\/wp-content\/uploads\/logo-bdb-full-wide-vernil-transparent.png","contentUrl":"https:\/\/buletin.de\/bucuresti\/wp-content\/uploads\/logo-bdb-full-wide-vernil-transparent.png","width":1782,"height":626,"caption":"Buletin de Bucure\u0219ti"},"image":{"@id":"https:\/\/buletin.de\/bucuresti\/#\/schema\/logo\/image\/"},"sameAs":["https:\/\/www.facebook.com\/buletin.de.buc","https:\/\/www.instagram.com\/buletinde.bucuresti\/"]},{"@type":"Person","@id":"https:\/\/buletin.de\/bucuresti\/#\/schema\/person\/31117187ed4d0bdb0a4c7d6acc79d0f8","name":"C\u0103t\u0103lin Dosca\u0219","image":{"@type":"ImageObject","inLanguage":"en-GB","@id":"https:\/\/buletin.de\/bucuresti\/wp-content\/uploads\/Catalin-Doscas-e1732731064764-96x96.jpga93e2943bb3b1c1f9ead823df6e6317a","url":"https:\/\/buletin.de\/bucuresti\/wp-content\/uploads\/Catalin-Doscas-e1732731064764-96x96.jpg","contentUrl":"https:\/\/buletin.de\/bucuresti\/wp-content\/uploads\/Catalin-Doscas-e1732731064764-96x96.jpg","caption":"C\u0103t\u0103lin Dosca\u0219"},"description":"Reporter \u0219i redactor-\u0219ef Buletin de Bucure\u0219ti. Lucreaz\u0103 \u00een mass-media de la v\u00e2rsta de 15 ani, c\u00e2nd a publicat primele articole \u00een presa local\u0103 din Tecuci. \u00cen Bucure\u0219ti a lucrat \u00een redac\u021bii radio ca reporter, redactor \u0219i prezentator (StudentFM, Na\u021bionalFM, Radio Total, Smart FM), unde a acoperit domeniile politic, economic, social \u0219i externe. Ulterior, a fost editor-coordonator al postului Realitatea FM. Experien\u021ba \u00een jurnalismul online a dob\u00e2ndit-o la portalul B365.ro, unde a fost editor. \u00cen 2012 s-a angajat \u00een televiziune. La Realitatea TV a fost, pe r\u00e2nd, reporter la sec\u021bia Social, reporter special la emisiunea de reportaje \u0219i anchete \u201eReporterii Realit\u0103\u021bii\u201d, dar \u0219i editor al jurnalelor de \u0219tiri. Ulterior, a f\u0103cut parte din sec\u021bia de Investiga\u021bii de la Digi24 \u0219i a lucrat la campania \u201eRom\u00e2nia furat\u0103\u201d. A revenit \u00een presa scris\u0103 \u00een 2017, ca reporter special, \u00een cadrul unui proiect de repozi\u021bionare a tabloidului Libertatea \u00een cotidian generalist. Este jurnalist Buletin de Bucure\u0219ti din 2019.","url":"https:\/\/buletin.de\/bucuresti\/author\/catalin\/"}]}},"authors":[{"term_id":22575,"user_id":10,"is_guest":0,"slug":"catalin","display_name":"C\u0103t\u0103lin Dosca\u0219","avatar_url":"https:\/\/buletin.de\/bucuresti\/wp-content\/uploads\/Catalin-Doscas-e1732731064764-96x96.jpg","0":null,"1":"","2":"","3":"","4":"","5":"","6":"","7":"","8":""}],"_links":{"self":[{"href":"https:\/\/buletin.de\/bucuresti\/wp-json\/wp\/v2\/posts\/17210","targetHints":{"allow":["GET"]}}],"collection":[{"href":"https:\/\/buletin.de\/bucuresti\/wp-json\/wp\/v2\/posts"}],"about":[{"href":"https:\/\/buletin.de\/bucuresti\/wp-json\/wp\/v2\/types\/post"}],"author":[{"embeddable":true,"href":"https:\/\/buletin.de\/bucuresti\/wp-json\/wp\/v2\/users\/10"}],"replies":[{"embeddable":true,"href":"https:\/\/buletin.de\/bucuresti\/wp-json\/wp\/v2\/comments?post=17210"}],"version-history":[{"count":5,"href":"https:\/\/buletin.de\/bucuresti\/wp-json\/wp\/v2\/posts\/17210\/revisions"}],"predecessor-version":[{"id":17219,"href":"https:\/\/buletin.de\/bucuresti\/wp-json\/wp\/v2\/posts\/17210\/revisions\/17219"}],"wp:featuredmedia":[{"embeddable":true,"href":"https:\/\/buletin.de\/bucuresti\/wp-json\/wp\/v2\/media\/17212"}],"wp:attachment":[{"href":"https:\/\/buletin.de\/bucuresti\/wp-json\/wp\/v2\/media?parent=17210"}],"wp:term":[{"taxonomy":"category","embeddable":true,"href":"https:\/\/buletin.de\/bucuresti\/wp-json\/wp\/v2\/categories?post=17210"},{"taxonomy":"post_tag","embeddable":true,"href":"https:\/\/buletin.de\/bucuresti\/wp-json\/wp\/v2\/tags?post=17210"},{"taxonomy":"author","embeddable":true,"href":"https:\/\/buletin.de\/bucuresti\/wp-json\/wp\/v2\/ppma_author?post=17210"}],"curies":[{"name":"wp","href":"https:\/\/api.w.org\/{rel}","templated":true}]}}