{"id":170625,"date":"2026-01-31T07:27:54","date_gmt":"2026-01-31T04:27:54","guid":{"rendered":"https:\/\/buletin.de\/bucuresti\/?p=170625"},"modified":"2026-01-31T12:02:07","modified_gmt":"2026-01-31T09:02:07","slug":"taxa-temu-ingroapa-traficul-cargo-de-pe-otopeni-bucurestiul-pierde-bani-si-statutul-de-nod-logistic-regional-in-favoarea-budapestei","status":"publish","type":"post","link":"https:\/\/buletin.de\/bucuresti\/taxa-temu-ingroapa-traficul-cargo-de-pe-otopeni-bucurestiul-pierde-bani-si-statutul-de-nod-logistic-regional-in-favoarea-budapestei\/","title":{"rendered":"Taxa \u201eTemu\u201d \u00eengroap\u0103 traficul cargo de pe Otopeni. Bucure\u0219tiul pierde bani \u0219i statutul de \u201enod logistic regional\u201d \u00een favoarea Budapestei"},"content":{"rendered":"\n<p><strong>Taxa \u201eTemu\u201d, de 25 de lei, pe coletele extracomunitare, aplicat\u0103 de la 1 ianuarie, a generat un recul imediat asupra transporturilor aeriene de marf\u0103. Marii retaileri interna\u021bionali au redirec\u021bionat fluxurile logistice c\u0103tre Budapesta, iar statul rom\u00e2n \u0219i Compania de Aeroporturi Bucure\u0219ti pierd \u00eencas\u0103ri poten\u021biale de zeci de milioane de euro. <\/strong><\/p>\n\n\n\n<p><strong>\u00cen plus, datele oficiale indic\u0103 o pr\u0103bu\u0219ire a traficului cargo pe Otopeni \u00eenc\u0103 de la finalul anului trecut, cu aproape dou\u0103 luni \u00eenainte de intrarea \u00een vigoare a noii taxe, anun\u021bat\u0103 \u00eenc\u0103 din var\u0103, care vizeaz\u0103 importurile din Asia.<\/strong><\/p>\n\n\n\n<p>Decizia autorit\u0103\u021bilor de a impozita coletele venite din afara Uniunii Europene, cunoscut\u0103 drept \u201etaxa Temu\u201d, a produs efecte contrare celor scontate. <\/p>\n\n\n\n<p>\u00cen loc s\u0103 aduc\u0103 venituri suplimentare la buget, m\u0103sura a determinat companiile de logistic\u0103 s\u0103 ocoleasc\u0103 Rom\u00e2nia. Asocia\u021bia Comisionarilor \u00een Vam\u0103 &#8211; PRO CUSTOMS, <a href=\"https:\/\/adevarul.ro\/economie\/taxa-temu-alunga-avioanele-cu-marfuri-de-pe-2504779.html\">citat\u0103 de Adev\u0103rul.ro<\/a>, avertizeaz\u0103 c\u0103 fluxurile logistice \u0219i vamale s-au mutat masiv \u00een \u021b\u0103rile vecine, cu prec\u0103dere \u00een Ungaria.<\/p>\n\n\n\n<p>M\u0103sura fiscal\u0103 a \u0219ters rapid progresele \u00eenregistrate de Aeroportul Interna\u021bional Henri Coand\u0103 Otopeni \u00een a doua jum\u0103tate a anului trecut, c\u00e2nd procesase peste 7,3 milioane de colete e-commerce. Volumul de marf\u0103 ajunsese la peste 20.000 de tone \u00een semestrul II din 2025, un nivel care demonstra c\u0103 Aeroportului Otopeni este un nod logistic regional, mai arat\u0103 sursa citat\u0103.<\/p>\n\n\n\n<h2 class=\"wp-block-heading\" id=\"h-taxa-temu-anun\u021bata-in-vara-a-dus-la-prabu\u0219irea-traficului-la-final-de-an\"><strong>Taxa \u201eTemu\u201d, anun\u021bat\u0103 \u00een var\u0103, a dus la pr\u0103bu\u0219irea traficului la final de an<\/strong><\/h2>\n\n\n\n<p><strong>Datelor oficiale ale Companiei Na\u021bionale Aeroporturi Bucure\u0219ti (CNAB) analizate de Buletin de Bucure\u0219ti arat\u0103 o sc\u0103dere a traficului de m\u0103rfuri care preced\u0103 aplicarea taxei de la 1 ianuarie 2026. De\u0219i lunile noiembrie \u0219i decembrie reprezint\u0103, \u00een mod tradi\u021bional, v\u00e2rful activit\u0103\u021bii de comer\u021b online \u0219i transport cargo, datorit\u0103 Black Friday \u0219i a s\u0103rb\u0103torilor de iarn\u0103, finalul anului trecut a marcat o sc\u0103dere abrupt\u0103 exact \u00een aceast\u0103 perioad\u0103.<\/strong><\/p>\n\n\n\n<p>\u00cen noiembrie 2025, traficul cargo a sc\u0103zut cu aproape 20% fa\u021b\u0103 de aceea\u0219i lun\u0103 a anului precedent.<\/p>\n\n\n\n<p>Aeroportul a procesat doar 3.461 de tone de marf\u0103, comparativ cu 4.309 tone \u00een noiembrie 2024. Trendul descendent a continuat \u0219i \u00een luna decembrie, cu o sc\u0103dere de 5,5%, cu un volum de 3.556 de tone, fa\u021b\u0103 de 3.765 de tone \u00een 2024.<\/p>\n\n\n<div class=\"wp-block-image\">\n<figure class=\"aligncenter size-full\"><img fetchpriority=\"high\" decoding=\"async\" width=\"749\" height=\"342\" src=\"data:image\/gif;base64,R0lGODlhAQABAAAAACH5BAEKAAEALAAAAAABAAEAAAICTAEAOw==\" data-src=\"https:\/\/buletin.de\/bucuresti\/wp-content\/uploads\/2026\/01\/Captura-de-ecran-2026-01-31-053452.png\" alt=\"\" class=\"wp-image-170627 lazyload\" data-sizes=\"auto\" data-srcset=\"https:\/\/buletin.de\/bucuresti\/wp-content\/uploads\/2026\/01\/Captura-de-ecran-2026-01-31-053452.png 749w, https:\/\/buletin.de\/bucuresti\/wp-content\/uploads\/2026\/01\/Captura-de-ecran-2026-01-31-053452-300x137.png 300w, https:\/\/buletin.de\/bucuresti\/wp-content\/uploads\/2026\/01\/Captura-de-ecran-2026-01-31-053452-600x274.png 600w, https:\/\/buletin.de\/bucuresti\/wp-content\/uploads\/2026\/01\/Captura-de-ecran-2026-01-31-053452-20x9.png 20w\" sizes=\"(max-width: 749px) 100vw, 749px\" \/><\/figure>\n<\/div>\n\n\n<p>Aceast\u0103 scadere arat\u0103 c\u0103 marii operatori logistici au anticipat m\u0103surile fiscale \u0219i au \u00eenceput reorganizarea rutelor de transport \u00eenainte de intrarea \u00een vigoare a legii. <\/p>\n\n\n\n<h2 class=\"wp-block-heading\" id=\"h-mecanismul-prin-care-bucure\u0219tiul-pierde-banii\"><strong>Mecanismul prin care Bucure\u0219tiul pierde banii<\/strong><\/h2>\n\n\n\n<p><strong>Platformele globale precum Temu, Shein sau Alibaba pare c\u0103 au reac\u021bionat rapid \u00een urma anun\u021bului Ministerului de Finan\u021be, din august 2025. Taxa a fost adoptat\u0103 de Parlament abia \u00een noiembrie \u00eens\u0103, \u00eentre timp, acestea au \u00eenfiin\u021bat entit\u0103\u021bi juridice \u00een alte state UE, preponderent \u00een Ungaria. <\/strong><\/p>\n\n\n\n<p>Bunurile sunt importate acum prin Budapesta, acolo unde se achit\u0103 taxele vamale \u0219i TVA-ul. Ulterior, m\u0103rfurile intr\u0103 \u00een Rom\u00e2nia ca livr\u0103ri intracomunitare, scutite de taxa logistic\u0103 de 25 de lei.<\/p>\n\n\n\n<p>Efectele au recul \u0219i \u00een bugetul Companiei Na\u021bionale Aeroporturi Bucure\u0219ti. Relocarea rutelor cargo \u00eenseamn\u0103 pierderi directe din taxele de aterizare, parcare \u0219i utilizare a infrastructurii.<\/p>\n\n\n\n<p>A\u0219adar, prin direc\u021bionarea m\u0103rfurilor prin Budapesta, Bucure\u0219tiul r\u0103m\u00e2ne doar cu pia\u021ba de consum \u0219i cu infrastructura ocolit\u0103.<\/p>\n\n\n\n<p>Rom\u00e2nia nu este singura \u021bar\u0103 care a adoptat o astfel de m\u0103sur\u0103, dar efectele sunt similare. <\/p>\n\n\n\n<p>Italia a introdus o tax\u0103 de 2 euro pe colete, iar rezultatul a fost o sc\u0103dere cu 36% a volumelor \u00een primele 20 de zile ale anului. Operatorii italieni raporteaz\u0103 c\u0103 zborurile au fost redirec\u021bionate c\u0103tre Li\u00e8ge (Belgia), Amsterdam \u0219i Budapesta.<\/p>\n\n\n\n<h2 class=\"wp-block-heading\" id=\"h-statul-preia-controlul-total-transparen\u021ba-scade\"><strong>Statul preia controlul total, transparen\u021ba scade<\/strong><\/h2>\n\n\n\n<p>\u00cen timp ce traficul comercial se pr\u0103bu\u0219e\u0219te, structura de ac\u021bionariat a aeroportului sufer\u0103 modific\u0103ri importante. Statul rom\u00e2n, prin Ministerul Transporturilor, a decis s\u0103 r\u0103scumpere pachetul de 20% de\u021binut de Fondul Proprietatea la CNAB. <a href=\"https:\/\/buletin.de\/bucuresti\/mai-putina-transparenta-pe-aeroporturile-otopeni-si-baneasa-statul-rascumpara-un-pachet-minoritar-de-actiuni\/\">Decizia, luat\u0103 pe 9 ianuarie 2026, transform\u0103 statul \u00een unic ac\u021bionar.<\/a><\/p>\n\n\n\n<p>Fondul Proprietatea a \u00eencercat anterior listarea la burs\u0103 a companiei \u0219i a estimat c\u0103 aceasta ar fi putut genera 500 de milioane de euro, \u00eens\u0103 propunerea a fost respins\u0103.<\/p>\n\n\n\n<p>Acest lucru ar fi pus presiune asupra managemetului numit politic pentru performan\u021b\u0103 economic\u0103 \u0219i transparen\u021b\u0103 \u00een administrarea fondurilor publici.<\/p>\n\n\n\n<p><strong>CITE\u0218TE \u0218I <a href=\"https:\/\/buletin.de\/bucuresti\/george-tuta-va-avea-mai-mult-control-asupra-locuintelor-sociale-din-sectorul-1-61-de-apartamente-libere-dupa-ce-1-900-de-oameni-au-cerut-o-locuinta\/\">George Tu\u021b\u0103 va avea mai mult control asupra locuin\u021belor sociale din Sectorul 1. 61 de apartamente libere, dup\u0103 ce 1.900 de oameni au cerut o locuin\u021b\u0103<\/a><\/strong><\/p>\n","protected":false},"excerpt":{"rendered":"<p>Taxa \u201eTemu\u201d, de 25 de lei, pe coletele extracomunitare, aplicat\u0103 de la 1 ianuarie, a generat un recul imediat asupra transporturilor aeriene de marf\u0103. Marii retaileri interna\u021bionali au redirec\u021bionat fluxurile logistice c\u0103tre Budapesta, iar statul rom\u00e2n \u0219i Compania de Aeroporturi Bucure\u0219ti pierd \u00eencas\u0103ri poten\u021biale de zeci de milioane de euro. \u00cen plus, datele oficiale indic\u0103 [&hellip;]<\/p>\n","protected":false},"author":10,"featured_media":170628,"comment_status":"closed","ping_status":"open","sticky":false,"template":"","format":"standard","meta":{"_acf_changed":false,"inline_featured_image":false,"ngg_post_thumbnail":0,"footnotes":""},"categories":[6994,24496,5762,650],"tags":[26145,6697,26150,26149,2964,26143,26140,26142,13937,26146,26152,26144,1481,26147,26151,26141,26148,26139],"ppma_author":[22575],"class_list":["post-170625","post","type-post","status-publish","format-standard","has-post-thumbnail","hentry","category-stiri-2","category-economic","category-main","category-transport","tag-aeroportul-budapesta","tag-aeroportul-otopeni","tag-alibaba","tag-bugetul-de-stat","tag-cnab","tag-colete-extracomunitare","tag-compania-nationala-aeroporturi-bucuresti-2","tag-e-commerce","tag-economie","tag-fondul-proprietatea","tag-importuri-non-ue","tag-logistica","tag-ministerul-transporturilor","tag-pro-customs","tag-shein","tag-taxa-temu","tag-taxe-vamale","tag-transport-cargo"],"acf":[],"yoast_head":"<!-- This site is optimized with the Yoast SEO Premium plugin v25.3 (Yoast SEO v27.5) - https:\/\/yoast.com\/product\/yoast-seo-premium-wordpress\/ -->\n<title>Taxa \u201eTemu\u201d \u00eengroap\u0103 traficul cargo de pe Otopeni. Bucure\u0219tiul pierde bani \u0219i statutul de \u201enod logistic regional\u201d \u00een favoarea Budapestei - Buletin de Bucure\u0219ti<\/title>\n<meta name=\"description\" content=\"Taxa \u201eTemu\u201d, de 25 de lei, pe coletele extracomunitare, a generat un recul imediat asupra transporturilor aeriene de marf\u0103.\" \/>\n<meta name=\"robots\" content=\"index, follow, max-snippet:-1, max-image-preview:large, max-video-preview:-1\" \/>\n<link rel=\"canonical\" href=\"https:\/\/buletin.de\/bucuresti\/taxa-temu-ingroapa-traficul-cargo-de-pe-otopeni-bucurestiul-pierde-bani-si-statutul-de-nod-logistic-regional-in-favoarea-budapestei\/\" \/>\n<meta property=\"og:locale\" content=\"en_GB\" \/>\n<meta property=\"og:type\" content=\"article\" \/>\n<meta property=\"og:title\" content=\"Taxa \u201eTemu\u201d \u00eengroap\u0103 traficul cargo de pe Otopeni. Bucure\u0219tiul pierde bani \u0219i statutul de \u201enod logistic regional\u201d \u00een favoarea Budapestei\" \/>\n<meta property=\"og:description\" content=\"Taxa \u201eTemu\u201d, de 25 de lei, pe coletele extracomunitare, a generat un recul imediat asupra transporturilor aeriene de marf\u0103.\" \/>\n<meta property=\"og:url\" content=\"https:\/\/buletin.de\/bucuresti\/taxa-temu-ingroapa-traficul-cargo-de-pe-otopeni-bucurestiul-pierde-bani-si-statutul-de-nod-logistic-regional-in-favoarea-budapestei\/\" \/>\n<meta property=\"og:site_name\" content=\"Buletin de Bucure\u0219ti\" \/>\n<meta property=\"article:publisher\" content=\"https:\/\/www.facebook.com\/buletin.de.buc\" \/>\n<meta property=\"article:published_time\" content=\"2026-01-31T04:27:54+00:00\" \/>\n<meta property=\"article:modified_time\" content=\"2026-01-31T09:02:07+00:00\" \/>\n<meta property=\"og:image\" content=\"https:\/\/buletin.de\/bucuresti\/wp-content\/uploads\/2026\/01\/Captura-de-ecran-2026-01-31-061618.jpg\" \/>\n\t<meta property=\"og:image:width\" content=\"1818\" \/>\n\t<meta property=\"og:image:height\" content=\"841\" \/>\n\t<meta property=\"og:image:type\" content=\"image\/jpeg\" \/>\n<meta name=\"author\" content=\"C\u0103t\u0103lin Dosca\u0219\" \/>\n<meta name=\"twitter:card\" content=\"summary_large_image\" \/>\n<meta name=\"twitter:label1\" content=\"Written by\" \/>\n\t<meta name=\"twitter:data1\" content=\"C\u0103t\u0103lin Dosca\u0219\" \/>\n\t<meta name=\"twitter:label2\" content=\"Estimated reading time\" \/>\n\t<meta name=\"twitter:data2\" content=\"4 minutes\" \/>\n<script type=\"application\/ld+json\" class=\"yoast-schema-graph\">{\"@context\":\"https:\\\/\\\/schema.org\",\"@graph\":[{\"@type\":\"Article\",\"@id\":\"https:\\\/\\\/buletin.de\\\/bucuresti\\\/taxa-temu-ingroapa-traficul-cargo-de-pe-otopeni-bucurestiul-pierde-bani-si-statutul-de-nod-logistic-regional-in-favoarea-budapestei\\\/#article\",\"isPartOf\":{\"@id\":\"https:\\\/\\\/buletin.de\\\/bucuresti\\\/taxa-temu-ingroapa-traficul-cargo-de-pe-otopeni-bucurestiul-pierde-bani-si-statutul-de-nod-logistic-regional-in-favoarea-budapestei\\\/\"},\"author\":{\"name\":\"C\u0103t\u0103lin Dosca\u0219\",\"@id\":\"https:\\\/\\\/buletin.de\\\/bucuresti\\\/#\\\/schema\\\/person\\\/31117187ed4d0bdb0a4c7d6acc79d0f8\"},\"headline\":\"Taxa \u201eTemu\u201d \u00eengroap\u0103 traficul cargo de pe Otopeni. Bucure\u0219tiul pierde bani \u0219i statutul de \u201enod logistic regional\u201d \u00een favoarea Budapestei\",\"datePublished\":\"2026-01-31T04:27:54+00:00\",\"dateModified\":\"2026-01-31T09:02:07+00:00\",\"mainEntityOfPage\":{\"@id\":\"https:\\\/\\\/buletin.de\\\/bucuresti\\\/taxa-temu-ingroapa-traficul-cargo-de-pe-otopeni-bucurestiul-pierde-bani-si-statutul-de-nod-logistic-regional-in-favoarea-budapestei\\\/\"},\"wordCount\":751,\"publisher\":{\"@id\":\"https:\\\/\\\/buletin.de\\\/bucuresti\\\/#organization\"},\"image\":{\"@id\":\"https:\\\/\\\/buletin.de\\\/bucuresti\\\/taxa-temu-ingroapa-traficul-cargo-de-pe-otopeni-bucurestiul-pierde-bani-si-statutul-de-nod-logistic-regional-in-favoarea-budapestei\\\/#primaryimage\"},\"thumbnailUrl\":\"https:\\\/\\\/buletin.de\\\/bucuresti\\\/wp-content\\\/uploads\\\/2026\\\/01\\\/Captura-de-ecran-2026-01-31-061618.jpg\",\"keywords\":[\"Aeroportul Budapesta\",\"Aeroportul Otopeni\",\"Alibaba\",\"bugetul de stat\",\"cnab\",\"colete extracomunitare\",\"Compania Na\u021bional\u0103 Aeroporturi Bucure\u0219ti\",\"e-commerce\",\"economie\",\"Fondul Proprietatea\",\"importuri non-UE\",\"logistica\",\"ministerul transporturilor\",\"PRO CUSTOMS\",\"Shein\",\"taxa Temu\",\"taxe vamale\",\"transport cargo\"],\"articleSection\":[\"Articole\",\"Economic\",\"Main\",\"Transport\"],\"inLanguage\":\"en-GB\",\"copyrightYear\":\"2026\",\"copyrightHolder\":{\"@id\":\"https:\\\/\\\/buletin.de\\\/bucuresti\\\/#organization\"}},{\"@type\":\"WebPage\",\"@id\":\"https:\\\/\\\/buletin.de\\\/bucuresti\\\/taxa-temu-ingroapa-traficul-cargo-de-pe-otopeni-bucurestiul-pierde-bani-si-statutul-de-nod-logistic-regional-in-favoarea-budapestei\\\/\",\"url\":\"https:\\\/\\\/buletin.de\\\/bucuresti\\\/taxa-temu-ingroapa-traficul-cargo-de-pe-otopeni-bucurestiul-pierde-bani-si-statutul-de-nod-logistic-regional-in-favoarea-budapestei\\\/\",\"name\":\"Taxa \u201eTemu\u201d \u00eengroap\u0103 traficul cargo de pe Otopeni. Bucure\u0219tiul pierde bani \u0219i statutul de \u201enod logistic regional\u201d \u00een favoarea Budapestei - Buletin de Bucure\u0219ti\",\"isPartOf\":{\"@id\":\"https:\\\/\\\/buletin.de\\\/bucuresti\\\/#website\"},\"primaryImageOfPage\":{\"@id\":\"https:\\\/\\\/buletin.de\\\/bucuresti\\\/taxa-temu-ingroapa-traficul-cargo-de-pe-otopeni-bucurestiul-pierde-bani-si-statutul-de-nod-logistic-regional-in-favoarea-budapestei\\\/#primaryimage\"},\"image\":{\"@id\":\"https:\\\/\\\/buletin.de\\\/bucuresti\\\/taxa-temu-ingroapa-traficul-cargo-de-pe-otopeni-bucurestiul-pierde-bani-si-statutul-de-nod-logistic-regional-in-favoarea-budapestei\\\/#primaryimage\"},\"thumbnailUrl\":\"https:\\\/\\\/buletin.de\\\/bucuresti\\\/wp-content\\\/uploads\\\/2026\\\/01\\\/Captura-de-ecran-2026-01-31-061618.jpg\",\"datePublished\":\"2026-01-31T04:27:54+00:00\",\"dateModified\":\"2026-01-31T09:02:07+00:00\",\"description\":\"Taxa \u201eTemu\u201d, de 25 de lei, pe coletele extracomunitare, a generat un recul imediat asupra transporturilor aeriene de marf\u0103.\",\"breadcrumb\":{\"@id\":\"https:\\\/\\\/buletin.de\\\/bucuresti\\\/taxa-temu-ingroapa-traficul-cargo-de-pe-otopeni-bucurestiul-pierde-bani-si-statutul-de-nod-logistic-regional-in-favoarea-budapestei\\\/#breadcrumb\"},\"inLanguage\":\"en-GB\",\"potentialAction\":[{\"@type\":\"ReadAction\",\"target\":[\"https:\\\/\\\/buletin.de\\\/bucuresti\\\/taxa-temu-ingroapa-traficul-cargo-de-pe-otopeni-bucurestiul-pierde-bani-si-statutul-de-nod-logistic-regional-in-favoarea-budapestei\\\/\"]}]},{\"@type\":\"ImageObject\",\"inLanguage\":\"en-GB\",\"@id\":\"https:\\\/\\\/buletin.de\\\/bucuresti\\\/taxa-temu-ingroapa-traficul-cargo-de-pe-otopeni-bucurestiul-pierde-bani-si-statutul-de-nod-logistic-regional-in-favoarea-budapestei\\\/#primaryimage\",\"url\":\"https:\\\/\\\/buletin.de\\\/bucuresti\\\/wp-content\\\/uploads\\\/2026\\\/01\\\/Captura-de-ecran-2026-01-31-061618.jpg\",\"contentUrl\":\"https:\\\/\\\/buletin.de\\\/bucuresti\\\/wp-content\\\/uploads\\\/2026\\\/01\\\/Captura-de-ecran-2026-01-31-061618.jpg\",\"width\":1818,\"height\":841,\"caption\":\"Taxa \u201eTemu\u201d \u00eengroap\u0103 traficul cargo de pe Otopeni. FOTO: globeground-romania.eu\"},{\"@type\":\"BreadcrumbList\",\"@id\":\"https:\\\/\\\/buletin.de\\\/bucuresti\\\/taxa-temu-ingroapa-traficul-cargo-de-pe-otopeni-bucurestiul-pierde-bani-si-statutul-de-nod-logistic-regional-in-favoarea-budapestei\\\/#breadcrumb\",\"itemListElement\":[{\"@type\":\"ListItem\",\"position\":1,\"name\":\"Acas\u0103\",\"item\":\"https:\\\/\\\/buletin.de\\\/bucuresti\\\/\"},{\"@type\":\"ListItem\",\"position\":2,\"name\":\"Taxa \u201eTemu\u201d \u00eengroap\u0103 traficul cargo de pe Otopeni. Bucure\u0219tiul pierde bani \u0219i statutul de \u201enod logistic regional\u201d \u00een favoarea Budapestei\"}]},{\"@type\":\"WebSite\",\"@id\":\"https:\\\/\\\/buletin.de\\\/bucuresti\\\/#website\",\"url\":\"https:\\\/\\\/buletin.de\\\/bucuresti\\\/\",\"name\":\"Buletin de Bucure\u0219ti\",\"description\":\"\u0218tiri \u0219i investiga\u021bii esen\u021biale din capital\u0103\",\"publisher\":{\"@id\":\"https:\\\/\\\/buletin.de\\\/bucuresti\\\/#organization\"},\"potentialAction\":[{\"@type\":\"SearchAction\",\"target\":{\"@type\":\"EntryPoint\",\"urlTemplate\":\"https:\\\/\\\/buletin.de\\\/bucuresti\\\/?s={search_term_string}\"},\"query-input\":{\"@type\":\"PropertyValueSpecification\",\"valueRequired\":true,\"valueName\":\"search_term_string\"}}],\"inLanguage\":\"en-GB\"},{\"@type\":\"Organization\",\"@id\":\"https:\\\/\\\/buletin.de\\\/bucuresti\\\/#organization\",\"name\":\"Buletin de Bucure\u0219ti\",\"url\":\"https:\\\/\\\/buletin.de\\\/bucuresti\\\/\",\"logo\":{\"@type\":\"ImageObject\",\"inLanguage\":\"en-GB\",\"@id\":\"https:\\\/\\\/buletin.de\\\/bucuresti\\\/#\\\/schema\\\/logo\\\/image\\\/\",\"url\":\"https:\\\/\\\/buletin.de\\\/bucuresti\\\/wp-content\\\/uploads\\\/logo-bdb-full-wide-vernil-transparent.png\",\"contentUrl\":\"https:\\\/\\\/buletin.de\\\/bucuresti\\\/wp-content\\\/uploads\\\/logo-bdb-full-wide-vernil-transparent.png\",\"width\":1782,\"height\":626,\"caption\":\"Buletin de Bucure\u0219ti\"},\"image\":{\"@id\":\"https:\\\/\\\/buletin.de\\\/bucuresti\\\/#\\\/schema\\\/logo\\\/image\\\/\"},\"sameAs\":[\"https:\\\/\\\/www.facebook.com\\\/buletin.de.buc\",\"https:\\\/\\\/www.instagram.com\\\/buletinde.bucuresti\\\/\"]},{\"@type\":\"Person\",\"@id\":\"https:\\\/\\\/buletin.de\\\/bucuresti\\\/#\\\/schema\\\/person\\\/31117187ed4d0bdb0a4c7d6acc79d0f8\",\"name\":\"C\u0103t\u0103lin Dosca\u0219\",\"image\":{\"@type\":\"ImageObject\",\"inLanguage\":\"en-GB\",\"@id\":\"https:\\\/\\\/buletin.de\\\/bucuresti\\\/wp-content\\\/uploads\\\/Catalin-Doscas-e1732731064764-96x96.jpga93e2943bb3b1c1f9ead823df6e6317a\",\"url\":\"https:\\\/\\\/buletin.de\\\/bucuresti\\\/wp-content\\\/uploads\\\/Catalin-Doscas-e1732731064764-96x96.jpg\",\"contentUrl\":\"https:\\\/\\\/buletin.de\\\/bucuresti\\\/wp-content\\\/uploads\\\/Catalin-Doscas-e1732731064764-96x96.jpg\",\"caption\":\"C\u0103t\u0103lin Dosca\u0219\"},\"description\":\"Reporter \u0219i redactor-\u0219ef Buletin de Bucure\u0219ti. Lucreaz\u0103 \u00een mass-media de la v\u00e2rsta de 15 ani, c\u00e2nd a publicat primele articole \u00een presa local\u0103 din Tecuci. \u00cen Bucure\u0219ti a lucrat \u00een redac\u021bii radio ca reporter, redactor \u0219i prezentator (StudentFM, Na\u021bionalFM, Radio Total, Smart FM), unde a acoperit domeniile politic, economic, social \u0219i externe. Ulterior, a fost editor-coordonator al postului Realitatea FM. Experien\u021ba \u00een jurnalismul online a dob\u00e2ndit-o la portalul B365.ro, unde a fost editor. \u00cen 2012 s-a angajat \u00een televiziune. La Realitatea TV a fost, pe r\u00e2nd, reporter la sec\u021bia Social, reporter special la emisiunea de reportaje \u0219i anchete \u201eReporterii Realit\u0103\u021bii\u201d, dar \u0219i editor al jurnalelor de \u0219tiri. Ulterior, a f\u0103cut parte din sec\u021bia de Investiga\u021bii de la Digi24 \u0219i a lucrat la campania \u201eRom\u00e2nia furat\u0103\u201d. A revenit \u00een presa scris\u0103 \u00een 2017, ca reporter special, \u00een cadrul unui proiect de repozi\u021bionare a tabloidului Libertatea \u00een cotidian generalist. Este jurnalist Buletin de Bucure\u0219ti din 2019.\",\"url\":\"https:\\\/\\\/buletin.de\\\/bucuresti\\\/author\\\/catalin\\\/\"}]}<\/script>\n<!-- \/ Yoast SEO Premium plugin. -->","yoast_head_json":{"title":"Taxa \u201eTemu\u201d \u00eengroap\u0103 traficul cargo de pe Otopeni. Bucure\u0219tiul pierde bani \u0219i statutul de \u201enod logistic regional\u201d \u00een favoarea Budapestei - Buletin de Bucure\u0219ti","description":"Taxa \u201eTemu\u201d, de 25 de lei, pe coletele extracomunitare, a generat un recul imediat asupra transporturilor aeriene de marf\u0103.","robots":{"index":"index","follow":"follow","max-snippet":"max-snippet:-1","max-image-preview":"max-image-preview:large","max-video-preview":"max-video-preview:-1"},"canonical":"https:\/\/buletin.de\/bucuresti\/taxa-temu-ingroapa-traficul-cargo-de-pe-otopeni-bucurestiul-pierde-bani-si-statutul-de-nod-logistic-regional-in-favoarea-budapestei\/","og_locale":"en_GB","og_type":"article","og_title":"Taxa \u201eTemu\u201d \u00eengroap\u0103 traficul cargo de pe Otopeni. Bucure\u0219tiul pierde bani \u0219i statutul de \u201enod logistic regional\u201d \u00een favoarea Budapestei","og_description":"Taxa \u201eTemu\u201d, de 25 de lei, pe coletele extracomunitare, a generat un recul imediat asupra transporturilor aeriene de marf\u0103.","og_url":"https:\/\/buletin.de\/bucuresti\/taxa-temu-ingroapa-traficul-cargo-de-pe-otopeni-bucurestiul-pierde-bani-si-statutul-de-nod-logistic-regional-in-favoarea-budapestei\/","og_site_name":"Buletin de Bucure\u0219ti","article_publisher":"https:\/\/www.facebook.com\/buletin.de.buc","article_published_time":"2026-01-31T04:27:54+00:00","article_modified_time":"2026-01-31T09:02:07+00:00","og_image":[{"width":1818,"height":841,"url":"https:\/\/buletin.de\/bucuresti\/wp-content\/uploads\/2026\/01\/Captura-de-ecran-2026-01-31-061618.jpg","type":"image\/jpeg"}],"author":"C\u0103t\u0103lin Dosca\u0219","twitter_card":"summary_large_image","twitter_misc":{"Written by":"C\u0103t\u0103lin Dosca\u0219","Estimated reading time":"4 minutes"},"schema":{"@context":"https:\/\/schema.org","@graph":[{"@type":"Article","@id":"https:\/\/buletin.de\/bucuresti\/taxa-temu-ingroapa-traficul-cargo-de-pe-otopeni-bucurestiul-pierde-bani-si-statutul-de-nod-logistic-regional-in-favoarea-budapestei\/#article","isPartOf":{"@id":"https:\/\/buletin.de\/bucuresti\/taxa-temu-ingroapa-traficul-cargo-de-pe-otopeni-bucurestiul-pierde-bani-si-statutul-de-nod-logistic-regional-in-favoarea-budapestei\/"},"author":{"name":"C\u0103t\u0103lin Dosca\u0219","@id":"https:\/\/buletin.de\/bucuresti\/#\/schema\/person\/31117187ed4d0bdb0a4c7d6acc79d0f8"},"headline":"Taxa \u201eTemu\u201d \u00eengroap\u0103 traficul cargo de pe Otopeni. Bucure\u0219tiul pierde bani \u0219i statutul de \u201enod logistic regional\u201d \u00een favoarea Budapestei","datePublished":"2026-01-31T04:27:54+00:00","dateModified":"2026-01-31T09:02:07+00:00","mainEntityOfPage":{"@id":"https:\/\/buletin.de\/bucuresti\/taxa-temu-ingroapa-traficul-cargo-de-pe-otopeni-bucurestiul-pierde-bani-si-statutul-de-nod-logistic-regional-in-favoarea-budapestei\/"},"wordCount":751,"publisher":{"@id":"https:\/\/buletin.de\/bucuresti\/#organization"},"image":{"@id":"https:\/\/buletin.de\/bucuresti\/taxa-temu-ingroapa-traficul-cargo-de-pe-otopeni-bucurestiul-pierde-bani-si-statutul-de-nod-logistic-regional-in-favoarea-budapestei\/#primaryimage"},"thumbnailUrl":"https:\/\/buletin.de\/bucuresti\/wp-content\/uploads\/2026\/01\/Captura-de-ecran-2026-01-31-061618.jpg","keywords":["Aeroportul Budapesta","Aeroportul Otopeni","Alibaba","bugetul de stat","cnab","colete extracomunitare","Compania Na\u021bional\u0103 Aeroporturi Bucure\u0219ti","e-commerce","economie","Fondul Proprietatea","importuri non-UE","logistica","ministerul transporturilor","PRO CUSTOMS","Shein","taxa Temu","taxe vamale","transport cargo"],"articleSection":["Articole","Economic","Main","Transport"],"inLanguage":"en-GB","copyrightYear":"2026","copyrightHolder":{"@id":"https:\/\/buletin.de\/bucuresti\/#organization"}},{"@type":"WebPage","@id":"https:\/\/buletin.de\/bucuresti\/taxa-temu-ingroapa-traficul-cargo-de-pe-otopeni-bucurestiul-pierde-bani-si-statutul-de-nod-logistic-regional-in-favoarea-budapestei\/","url":"https:\/\/buletin.de\/bucuresti\/taxa-temu-ingroapa-traficul-cargo-de-pe-otopeni-bucurestiul-pierde-bani-si-statutul-de-nod-logistic-regional-in-favoarea-budapestei\/","name":"Taxa \u201eTemu\u201d \u00eengroap\u0103 traficul cargo de pe Otopeni. Bucure\u0219tiul pierde bani \u0219i statutul de \u201enod logistic regional\u201d \u00een favoarea Budapestei - Buletin de Bucure\u0219ti","isPartOf":{"@id":"https:\/\/buletin.de\/bucuresti\/#website"},"primaryImageOfPage":{"@id":"https:\/\/buletin.de\/bucuresti\/taxa-temu-ingroapa-traficul-cargo-de-pe-otopeni-bucurestiul-pierde-bani-si-statutul-de-nod-logistic-regional-in-favoarea-budapestei\/#primaryimage"},"image":{"@id":"https:\/\/buletin.de\/bucuresti\/taxa-temu-ingroapa-traficul-cargo-de-pe-otopeni-bucurestiul-pierde-bani-si-statutul-de-nod-logistic-regional-in-favoarea-budapestei\/#primaryimage"},"thumbnailUrl":"https:\/\/buletin.de\/bucuresti\/wp-content\/uploads\/2026\/01\/Captura-de-ecran-2026-01-31-061618.jpg","datePublished":"2026-01-31T04:27:54+00:00","dateModified":"2026-01-31T09:02:07+00:00","description":"Taxa \u201eTemu\u201d, de 25 de lei, pe coletele extracomunitare, a generat un recul imediat asupra transporturilor aeriene de marf\u0103.","breadcrumb":{"@id":"https:\/\/buletin.de\/bucuresti\/taxa-temu-ingroapa-traficul-cargo-de-pe-otopeni-bucurestiul-pierde-bani-si-statutul-de-nod-logistic-regional-in-favoarea-budapestei\/#breadcrumb"},"inLanguage":"en-GB","potentialAction":[{"@type":"ReadAction","target":["https:\/\/buletin.de\/bucuresti\/taxa-temu-ingroapa-traficul-cargo-de-pe-otopeni-bucurestiul-pierde-bani-si-statutul-de-nod-logistic-regional-in-favoarea-budapestei\/"]}]},{"@type":"ImageObject","inLanguage":"en-GB","@id":"https:\/\/buletin.de\/bucuresti\/taxa-temu-ingroapa-traficul-cargo-de-pe-otopeni-bucurestiul-pierde-bani-si-statutul-de-nod-logistic-regional-in-favoarea-budapestei\/#primaryimage","url":"https:\/\/buletin.de\/bucuresti\/wp-content\/uploads\/2026\/01\/Captura-de-ecran-2026-01-31-061618.jpg","contentUrl":"https:\/\/buletin.de\/bucuresti\/wp-content\/uploads\/2026\/01\/Captura-de-ecran-2026-01-31-061618.jpg","width":1818,"height":841,"caption":"Taxa \u201eTemu\u201d \u00eengroap\u0103 traficul cargo de pe Otopeni. FOTO: globeground-romania.eu"},{"@type":"BreadcrumbList","@id":"https:\/\/buletin.de\/bucuresti\/taxa-temu-ingroapa-traficul-cargo-de-pe-otopeni-bucurestiul-pierde-bani-si-statutul-de-nod-logistic-regional-in-favoarea-budapestei\/#breadcrumb","itemListElement":[{"@type":"ListItem","position":1,"name":"Acas\u0103","item":"https:\/\/buletin.de\/bucuresti\/"},{"@type":"ListItem","position":2,"name":"Taxa \u201eTemu\u201d \u00eengroap\u0103 traficul cargo de pe Otopeni. Bucure\u0219tiul pierde bani \u0219i statutul de \u201enod logistic regional\u201d \u00een favoarea Budapestei"}]},{"@type":"WebSite","@id":"https:\/\/buletin.de\/bucuresti\/#website","url":"https:\/\/buletin.de\/bucuresti\/","name":"Buletin de Bucure\u0219ti","description":"\u0218tiri \u0219i investiga\u021bii esen\u021biale din capital\u0103","publisher":{"@id":"https:\/\/buletin.de\/bucuresti\/#organization"},"potentialAction":[{"@type":"SearchAction","target":{"@type":"EntryPoint","urlTemplate":"https:\/\/buletin.de\/bucuresti\/?s={search_term_string}"},"query-input":{"@type":"PropertyValueSpecification","valueRequired":true,"valueName":"search_term_string"}}],"inLanguage":"en-GB"},{"@type":"Organization","@id":"https:\/\/buletin.de\/bucuresti\/#organization","name":"Buletin de Bucure\u0219ti","url":"https:\/\/buletin.de\/bucuresti\/","logo":{"@type":"ImageObject","inLanguage":"en-GB","@id":"https:\/\/buletin.de\/bucuresti\/#\/schema\/logo\/image\/","url":"https:\/\/buletin.de\/bucuresti\/wp-content\/uploads\/logo-bdb-full-wide-vernil-transparent.png","contentUrl":"https:\/\/buletin.de\/bucuresti\/wp-content\/uploads\/logo-bdb-full-wide-vernil-transparent.png","width":1782,"height":626,"caption":"Buletin de Bucure\u0219ti"},"image":{"@id":"https:\/\/buletin.de\/bucuresti\/#\/schema\/logo\/image\/"},"sameAs":["https:\/\/www.facebook.com\/buletin.de.buc","https:\/\/www.instagram.com\/buletinde.bucuresti\/"]},{"@type":"Person","@id":"https:\/\/buletin.de\/bucuresti\/#\/schema\/person\/31117187ed4d0bdb0a4c7d6acc79d0f8","name":"C\u0103t\u0103lin Dosca\u0219","image":{"@type":"ImageObject","inLanguage":"en-GB","@id":"https:\/\/buletin.de\/bucuresti\/wp-content\/uploads\/Catalin-Doscas-e1732731064764-96x96.jpga93e2943bb3b1c1f9ead823df6e6317a","url":"https:\/\/buletin.de\/bucuresti\/wp-content\/uploads\/Catalin-Doscas-e1732731064764-96x96.jpg","contentUrl":"https:\/\/buletin.de\/bucuresti\/wp-content\/uploads\/Catalin-Doscas-e1732731064764-96x96.jpg","caption":"C\u0103t\u0103lin Dosca\u0219"},"description":"Reporter \u0219i redactor-\u0219ef Buletin de Bucure\u0219ti. Lucreaz\u0103 \u00een mass-media de la v\u00e2rsta de 15 ani, c\u00e2nd a publicat primele articole \u00een presa local\u0103 din Tecuci. \u00cen Bucure\u0219ti a lucrat \u00een redac\u021bii radio ca reporter, redactor \u0219i prezentator (StudentFM, Na\u021bionalFM, Radio Total, Smart FM), unde a acoperit domeniile politic, economic, social \u0219i externe. Ulterior, a fost editor-coordonator al postului Realitatea FM. Experien\u021ba \u00een jurnalismul online a dob\u00e2ndit-o la portalul B365.ro, unde a fost editor. \u00cen 2012 s-a angajat \u00een televiziune. La Realitatea TV a fost, pe r\u00e2nd, reporter la sec\u021bia Social, reporter special la emisiunea de reportaje \u0219i anchete \u201eReporterii Realit\u0103\u021bii\u201d, dar \u0219i editor al jurnalelor de \u0219tiri. Ulterior, a f\u0103cut parte din sec\u021bia de Investiga\u021bii de la Digi24 \u0219i a lucrat la campania \u201eRom\u00e2nia furat\u0103\u201d. A revenit \u00een presa scris\u0103 \u00een 2017, ca reporter special, \u00een cadrul unui proiect de repozi\u021bionare a tabloidului Libertatea \u00een cotidian generalist. Este jurnalist Buletin de Bucure\u0219ti din 2019.","url":"https:\/\/buletin.de\/bucuresti\/author\/catalin\/"}]}},"authors":[{"term_id":22575,"user_id":10,"is_guest":0,"slug":"catalin","display_name":"C\u0103t\u0103lin Dosca\u0219","avatar_url":"https:\/\/buletin.de\/bucuresti\/wp-content\/uploads\/Catalin-Doscas-e1732731064764-96x96.jpg","0":null,"1":"","2":"","3":"","4":"","5":"","6":"","7":"","8":""}],"_links":{"self":[{"href":"https:\/\/buletin.de\/bucuresti\/wp-json\/wp\/v2\/posts\/170625","targetHints":{"allow":["GET"]}}],"collection":[{"href":"https:\/\/buletin.de\/bucuresti\/wp-json\/wp\/v2\/posts"}],"about":[{"href":"https:\/\/buletin.de\/bucuresti\/wp-json\/wp\/v2\/types\/post"}],"author":[{"embeddable":true,"href":"https:\/\/buletin.de\/bucuresti\/wp-json\/wp\/v2\/users\/10"}],"replies":[{"embeddable":true,"href":"https:\/\/buletin.de\/bucuresti\/wp-json\/wp\/v2\/comments?post=170625"}],"version-history":[{"count":3,"href":"https:\/\/buletin.de\/bucuresti\/wp-json\/wp\/v2\/posts\/170625\/revisions"}],"predecessor-version":[{"id":170634,"href":"https:\/\/buletin.de\/bucuresti\/wp-json\/wp\/v2\/posts\/170625\/revisions\/170634"}],"wp:featuredmedia":[{"embeddable":true,"href":"https:\/\/buletin.de\/bucuresti\/wp-json\/wp\/v2\/media\/170628"}],"wp:attachment":[{"href":"https:\/\/buletin.de\/bucuresti\/wp-json\/wp\/v2\/media?parent=170625"}],"wp:term":[{"taxonomy":"category","embeddable":true,"href":"https:\/\/buletin.de\/bucuresti\/wp-json\/wp\/v2\/categories?post=170625"},{"taxonomy":"post_tag","embeddable":true,"href":"https:\/\/buletin.de\/bucuresti\/wp-json\/wp\/v2\/tags?post=170625"},{"taxonomy":"author","embeddable":true,"href":"https:\/\/buletin.de\/bucuresti\/wp-json\/wp\/v2\/ppma_author?post=170625"}],"curies":[{"name":"wp","href":"https:\/\/api.w.org\/{rel}","templated":true}]}}