{"id":170614,"date":"2026-01-31T01:07:11","date_gmt":"2026-01-30T22:07:11","guid":{"rendered":"https:\/\/buletin.de\/bucuresti\/?p=170614"},"modified":"2026-01-31T01:07:48","modified_gmt":"2026-01-30T22:07:48","slug":"catalin-tenita-consilier-general-reper-despre-respingerea-proiectelor-propuse-de-ciprian-ciucu-pmp-este-problema","status":"publish","type":"post","link":"https:\/\/buletin.de\/bucuresti\/catalin-tenita-consilier-general-reper-despre-respingerea-proiectelor-propuse-de-ciprian-ciucu-pmp-este-problema\/","title":{"rendered":"C\u0103t\u0103lin Teni\u021b\u0103, consilier general REPER, despre respingerea proiectelor propuse de Ciprian Ciucu: \u201ePMP este problema\u201d"},"content":{"rendered":"\n<p><strong>C\u0103t\u0103lin Teni\u021b\u0103, consilier general REPER, partid care a sus\u021binut candidatura lui Ciprian Ciucu la func\u021bia de primar general, acuz\u0103 PMP pentru \u00eenfr\u00e2ngerea politic\u0103 pe care a suferit-o noul edil \u00een prima \u0219edin\u021b\u0103 a Consiliului General de la preluarea mandatului. <\/strong><\/p>\n\n\n\n<p>CGMB a respins joi toate proiectele relevante propuse de Ciprian Ciucu: <a href=\"https:\/\/buletin.de\/bucuresti\/cgmb-a-respins-anchetele-fiscale-pentru-stb-si-termoenergetica-ciucu-cui-ii-e-frica-de-transparenta\/\" target=\"_blank\" rel=\"noreferrer noopener\">angajarea unui audit extern <\/a>la STB \u0219i Termoenergetica, <a href=\"https:\/\/buletin.de\/bucuresti\/biletele-stb-nu-se-mai-scumpesc-prima-infrangere-politica-a-lui-ciprian-ciucu-in-relatie-cu-consiliul-general\/\" target=\"_blank\" rel=\"noreferrer noopener\">scumpirea biletelor<\/a> pentru transportul \u00een comun, <a href=\"https:\/\/buletin.de\/bucuresti\/psd-cere-retragerea-comasarii-unor-institutii-din-subordinea-primariei-generale-ciucu-se-testeaza-o-majoritate\/\" target=\"_blank\" rel=\"noreferrer noopener\">comasarea a patru institu\u021bii de cultur\u0103<\/a> \u0219i p\u00e2n\u0103 \u0219i depunerea candidaturii Bucure\u0219tiului \u00een competi\u021bia pentru a deveni gazd\u0103 a <a href=\"https:\/\/buletin.de\/bucuresti\/consiliul-general-a-refuzat-ca-bucurestiul-sa-fie-gazda-a-evenimentului-forumul-oraselor-2027-organizat-de-comisia-europeana\/\" target=\"_blank\" rel=\"noreferrer noopener\">evenimentului Forumul Ora\u0219elor 2027<\/a>.<\/p>\n\n\n\n<h2 class=\"wp-block-heading\" id=\"h-teni\u021ba-pmp-joaca-la-doua-capete\">Teni\u021b\u0103: PMP joac\u0103 la dou\u0103 capete<\/h2>\n\n\n\n<p><strong>C\u0103t\u0103lin Teni\u021b\u0103, consilier general din partea REPER, acuz\u0103 PMP, partid care a intrat \u00een Consiliul General \u00een alian\u021b\u0103 cu USR \u0219i For\u021ba Dreptei, c\u0103 joac\u0103 de multe ori \u00eempreun\u0103 cu PSD. <\/strong><\/p>\n\n\n\n<p>\u201eHai s\u0103 o zic eu, c\u0103 ceilal\u021bi sunt &#8216;p\u0103 interes&#8217;. <strong>PMP este problema \u00een CGMB.<\/strong><\/p>\n\n\n\n<p>Nu PSD, PUSL sau AUR, c\u0103 ei o joac\u0103 pe fa\u021b\u0103, previzibil \u0219i legitimat de vot.<\/p>\n\n\n\n<p>PMP \u00eens\u0103 a intrat pe dreapta, Tomac pozeaz\u0103 \u00een omul lui Nicu\u0219or Dan, dar ei sunt parte din votul PSD-PUSL-AUR-PMP \u00een majorit\u0103\u021bile de blocaj (f\u0103r\u0103 audituri externe sau desfiin\u021b\u0103ri de companii) sau \u00een alea \u00een care se d\u0103 os\u00e2nz\u0103 la Ciclop sau la alte companii.<\/p>\n\n\n\n<p>PMP a intrat pe Dreapta Unit\u0103, cu USR \u0219l For\u021ba Dreptei. Au 3 locuri dup\u0103 ce USR a renun\u021bat la locul lui \u0218tefan Judele, ca s\u0103 fie City Manager.<\/p>\n\n\n\n<p>Insumat USR (12 consilieri) + PNL (7) + REPER (4) + FD (2) + PMP (3), ar da 28, c\u00e2t s\u0103 fie majoritate (din 55 de consilieri generali)\u201d, <a href=\"https:\/\/www.facebook.com\/catalintenita\/posts\/pfbid0EAYNj9qDZbmQmGAhBhpKA2dbGZ2ac17v4CdxgrB6WvJLFecsHGRgqUdJF6Pb2zDul\" target=\"_blank\" rel=\"noreferrer noopener\">a scris C\u0103t\u0103lin Teni\u021b\u0103<\/a>. <\/p>\n\n\n\n<p>Politicianul REPER a acuzat PMP c\u0103 prefer\u0103 de cele mai multe ori s\u0103 blocheze ini\u021biative, dec\u00e2t s\u0103 fie constructiv. \u0218i afirm\u0103 c\u0103, deocamdat\u0103, Ciprian Ciucu nu a vrut s\u0103 intre \u00een conflict cu acest partid, de\u0219i \u00een \u0219edin\u021ba din 29 ianuarie Partidul Mi\u0219carea Popular\u0103 a jucat \u00eempotriva primarului general.<\/p>\n\n\n\n<p>\u201e<strong>Doar c\u0103 PMP este fix ca PUSL. Dac\u0103 estr s\u0103 ias\u0103 ceva, atunci mai bine dec\u00e2t s\u0103 nu ias\u0103.<\/strong><\/p>\n\n\n\n<p>Ciucu si PNL n-au zis ieri PMP, c\u0103 sper\u0103 c\u0103 \u00eei va combina cu ceva, poate \u00eei va absobi. (Magician domnul Tomac, cum joac\u0103 at\u00e2t de bine cu c\u0103r\u021bi at\u00e2t de mici.)<\/p>\n\n\n\n<p>USR nu a zis PMP, c\u0103 ar fi \u00eentrebat lumea de Alian\u021ba Dreptei Pe\u0219telui Pr\u0103jit.<\/p>\n\n\n\n<p>PSD nu au zis, c\u0103 prefer\u0103 s\u0103 aib\u0103 jollyjocker PMP.<\/p>\n\n\n\n<p>Zona preziden\u021bial\u0103 nu a zis de PMP pentru c\u0103 Tomac este consilier preziden\u021bial \u0219i cineva pe acolo probabil se g\u00e2nde\u0219te la PMP ca la o baz\u0103 pentru un eventual partid preziden\u021bial.<\/p>\n\n\n\n<p><strong>Dar s\u0103 fie clar, problema \u00een CGMB nu e nici PSD, nici PUSL sau AUR, c\u0103 de \u0103\u0219tia \u0219tim bine unde sunt. Veriga slab\u0103 e PMP, ales pe voturile dreptei reformiste, dar juc\u00e2nd jocul securisto-corupt al PSD-PUSL-AUR<\/strong>\u201d, a sus\u021binut C\u0103t\u0103lin Teni\u021b\u0103.<\/p>\n\n\n\n<p><strong>CITE\u0218TE \u0218I: <a href=\"https:\/\/buletin.de\/bucuresti\/reportaj-negativul-unei-sedinte-cu-scantei-ciucu-globus-jelea-opozitiei-si-consilierul-chatcgmb-au-regizat-comasarile-biletul-stb-si-gramatica-de-partid\/\" target=\"_blank\" rel=\"noreferrer noopener\">REPORTAJ | \u201eNegativul\u201d unei \u0219edinte cu sc\u00e2ntei: \u201eCiucu Globus\u201d, \u201eJelea Opozi\u021biei\u201d \u0219i consilierul ChatCGMB au \u201eregizat\u201d comas\u0103rile, biletul STB \u0219i gramatica de partid<\/a><\/strong><\/p>\n\n\n\n<h2 class=\"wp-block-heading\" id=\"h-cum-s-a-votat-cand-a-fost-respinsa-scumpirea-biletelor-stb\">Cum s-a votat c\u00e2nd a fost respins\u0103 scumpirea biletelor STB<\/h2>\n\n\n\n<p><strong>Pentru scumpirea biletelor la transport \u00een comun, propus\u0103 de Ciprian Ciucu, au votat consilierii generali ai PNL, USR \u0219i REPER.<\/strong><\/p>\n\n\n\n<p>Liderul de grup al consilierilor generali AUR a anun\u021bat c\u0103 acest partid voteaz\u0103 \u00eempotriva cre\u0219terii tarifelor la biletele STB. <strong>Totu\u0219i, la final, \u00eempotriva proiectului de hot\u0103r\u00e2re au fost 5 voturi, de\u0219i AUR are 8 consilieri generali.<\/strong><\/p>\n\n\n\n<p><strong>Consilierii generali ai PSD, PUSL \u0219i PMP s-au ab\u021binut, nu s-au pronun\u021bat nici pentru scumpire, nici \u00eempotriva sa. Dar a fost suficient ca proiectul s\u0103 pice.<\/strong><\/p>\n","protected":false},"excerpt":{"rendered":"<p>C\u0103t\u0103lin Teni\u021b\u0103, consilier general REPER, partid care a sus\u021binut candidatura lui Ciprian Ciucu la func\u021bia de primar general, acuz\u0103 PMP pentru \u00eenfr\u00e2ngerea politic\u0103 pe care a suferit-o noul edil \u00een prima \u0219edin\u021b\u0103 a Consiliului General de la preluarea mandatului. CGMB a respins joi toate proiectele relevante propuse de Ciprian Ciucu: angajarea unui audit extern la [&hellip;]<\/p>\n","protected":false},"author":60,"featured_media":170619,"comment_status":"closed","ping_status":"open","sticky":false,"template":"","format":"standard","meta":{"_acf_changed":false,"inline_featured_image":false,"ngg_post_thumbnail":0,"footnotes":""},"categories":[6994,5762,9025],"tags":[148,1114,1138,26138],"ppma_author":[22582],"class_list":["post-170614","post","type-post","status-publish","format-standard","has-post-thumbnail","hentry","category-stiri-2","category-main","category-politic","tag-cgmb","tag-ciucu","tag-pmp","tag-tenita"],"acf":[],"yoast_head":"<!-- This site is optimized with the Yoast SEO Premium plugin v25.3 (Yoast SEO v27.5) - https:\/\/yoast.com\/product\/yoast-seo-premium-wordpress\/ -->\n<title>C\u0103t\u0103lin Teni\u021b\u0103, consilier general REPER, despre respingerea proiectelor propuse de Ciprian Ciucu: \u201ePMP este problema\u201d - Buletin de Bucure\u0219ti<\/title>\n<meta name=\"description\" content=\"C\u0103t\u0103lin Teni\u021b\u0103, consilier general REPER, acuz\u0103 PMP pentru \u00eenfr\u00e2ngerea politic\u0103 pe care a suferit-o Ciprian Ciucu \u00een CGMB.\" \/>\n<meta name=\"robots\" content=\"index, follow, max-snippet:-1, max-image-preview:large, max-video-preview:-1\" \/>\n<link rel=\"canonical\" href=\"https:\/\/buletin.de\/bucuresti\/catalin-tenita-consilier-general-reper-despre-respingerea-proiectelor-propuse-de-ciprian-ciucu-pmp-este-problema\/\" \/>\n<meta property=\"og:locale\" content=\"en_GB\" \/>\n<meta property=\"og:type\" content=\"article\" \/>\n<meta property=\"og:title\" content=\"C\u0103t\u0103lin Teni\u021b\u0103, consilier general REPER, despre respingerea proiectelor propuse de Ciprian Ciucu: \u201ePMP este problema\u201d\" \/>\n<meta property=\"og:description\" content=\"C\u0103t\u0103lin Teni\u021b\u0103, consilier general REPER, acuz\u0103 PMP pentru \u00eenfr\u00e2ngerea politic\u0103 pe care a suferit-o Ciprian Ciucu \u00een CGMB.\" \/>\n<meta property=\"og:url\" content=\"https:\/\/buletin.de\/bucuresti\/catalin-tenita-consilier-general-reper-despre-respingerea-proiectelor-propuse-de-ciprian-ciucu-pmp-este-problema\/\" \/>\n<meta property=\"og:site_name\" content=\"Buletin de Bucure\u0219ti\" \/>\n<meta property=\"article:publisher\" content=\"https:\/\/www.facebook.com\/buletin.de.buc\" \/>\n<meta property=\"article:published_time\" content=\"2026-01-30T22:07:11+00:00\" \/>\n<meta property=\"article:modified_time\" content=\"2026-01-30T22:07:48+00:00\" \/>\n<meta property=\"og:image\" content=\"https:\/\/buletin.de\/bucuresti\/wp-content\/uploads\/2026\/01\/consiliul-general.png\" \/>\n\t<meta property=\"og:image:width\" content=\"1200\" \/>\n\t<meta property=\"og:image:height\" content=\"670\" \/>\n\t<meta property=\"og:image:type\" content=\"image\/png\" \/>\n<meta name=\"author\" content=\"R\u0103zvan Chiru\u021b\u0103\" \/>\n<meta name=\"twitter:card\" content=\"summary_large_image\" \/>\n<meta name=\"twitter:label1\" content=\"Written by\" \/>\n\t<meta name=\"twitter:data1\" content=\"R\u0103zvan Chiru\u021b\u0103\" \/>\n\t<meta name=\"twitter:label2\" content=\"Estimated reading time\" \/>\n\t<meta name=\"twitter:data2\" content=\"3 minutes\" \/>\n<script type=\"application\/ld+json\" class=\"yoast-schema-graph\">{\"@context\":\"https:\\\/\\\/schema.org\",\"@graph\":[{\"@type\":\"Article\",\"@id\":\"https:\\\/\\\/buletin.de\\\/bucuresti\\\/catalin-tenita-consilier-general-reper-despre-respingerea-proiectelor-propuse-de-ciprian-ciucu-pmp-este-problema\\\/#article\",\"isPartOf\":{\"@id\":\"https:\\\/\\\/buletin.de\\\/bucuresti\\\/catalin-tenita-consilier-general-reper-despre-respingerea-proiectelor-propuse-de-ciprian-ciucu-pmp-este-problema\\\/\"},\"author\":{\"name\":\"R\u0103zvan Chiru\u021b\u0103\",\"@id\":\"https:\\\/\\\/buletin.de\\\/bucuresti\\\/#\\\/schema\\\/person\\\/a76df728dfc913795a9d90e346b253bb\"},\"headline\":\"C\u0103t\u0103lin Teni\u021b\u0103, consilier general REPER, despre respingerea proiectelor propuse de Ciprian Ciucu: \u201ePMP este problema\u201d\",\"datePublished\":\"2026-01-30T22:07:11+00:00\",\"dateModified\":\"2026-01-30T22:07:48+00:00\",\"mainEntityOfPage\":{\"@id\":\"https:\\\/\\\/buletin.de\\\/bucuresti\\\/catalin-tenita-consilier-general-reper-despre-respingerea-proiectelor-propuse-de-ciprian-ciucu-pmp-este-problema\\\/\"},\"wordCount\":634,\"publisher\":{\"@id\":\"https:\\\/\\\/buletin.de\\\/bucuresti\\\/#organization\"},\"image\":{\"@id\":\"https:\\\/\\\/buletin.de\\\/bucuresti\\\/catalin-tenita-consilier-general-reper-despre-respingerea-proiectelor-propuse-de-ciprian-ciucu-pmp-este-problema\\\/#primaryimage\"},\"thumbnailUrl\":\"https:\\\/\\\/buletin.de\\\/bucuresti\\\/wp-content\\\/uploads\\\/2026\\\/01\\\/consiliul-general.png\",\"keywords\":[\"cgmb\",\"ciucu\",\"pmp\",\"tenita\"],\"articleSection\":[\"Articole\",\"Main\",\"Politic\"],\"inLanguage\":\"en-GB\",\"copyrightYear\":\"2026\",\"copyrightHolder\":{\"@id\":\"https:\\\/\\\/buletin.de\\\/bucuresti\\\/#organization\"}},{\"@type\":\"WebPage\",\"@id\":\"https:\\\/\\\/buletin.de\\\/bucuresti\\\/catalin-tenita-consilier-general-reper-despre-respingerea-proiectelor-propuse-de-ciprian-ciucu-pmp-este-problema\\\/\",\"url\":\"https:\\\/\\\/buletin.de\\\/bucuresti\\\/catalin-tenita-consilier-general-reper-despre-respingerea-proiectelor-propuse-de-ciprian-ciucu-pmp-este-problema\\\/\",\"name\":\"C\u0103t\u0103lin Teni\u021b\u0103, consilier general REPER, despre respingerea proiectelor propuse de Ciprian Ciucu: \u201ePMP este problema\u201d - Buletin de Bucure\u0219ti\",\"isPartOf\":{\"@id\":\"https:\\\/\\\/buletin.de\\\/bucuresti\\\/#website\"},\"primaryImageOfPage\":{\"@id\":\"https:\\\/\\\/buletin.de\\\/bucuresti\\\/catalin-tenita-consilier-general-reper-despre-respingerea-proiectelor-propuse-de-ciprian-ciucu-pmp-este-problema\\\/#primaryimage\"},\"image\":{\"@id\":\"https:\\\/\\\/buletin.de\\\/bucuresti\\\/catalin-tenita-consilier-general-reper-despre-respingerea-proiectelor-propuse-de-ciprian-ciucu-pmp-este-problema\\\/#primaryimage\"},\"thumbnailUrl\":\"https:\\\/\\\/buletin.de\\\/bucuresti\\\/wp-content\\\/uploads\\\/2026\\\/01\\\/consiliul-general.png\",\"datePublished\":\"2026-01-30T22:07:11+00:00\",\"dateModified\":\"2026-01-30T22:07:48+00:00\",\"description\":\"C\u0103t\u0103lin Teni\u021b\u0103, consilier general REPER, acuz\u0103 PMP pentru \u00eenfr\u00e2ngerea politic\u0103 pe care a suferit-o Ciprian Ciucu \u00een CGMB.\",\"breadcrumb\":{\"@id\":\"https:\\\/\\\/buletin.de\\\/bucuresti\\\/catalin-tenita-consilier-general-reper-despre-respingerea-proiectelor-propuse-de-ciprian-ciucu-pmp-este-problema\\\/#breadcrumb\"},\"inLanguage\":\"en-GB\",\"potentialAction\":[{\"@type\":\"ReadAction\",\"target\":[\"https:\\\/\\\/buletin.de\\\/bucuresti\\\/catalin-tenita-consilier-general-reper-despre-respingerea-proiectelor-propuse-de-ciprian-ciucu-pmp-este-problema\\\/\"]}]},{\"@type\":\"ImageObject\",\"inLanguage\":\"en-GB\",\"@id\":\"https:\\\/\\\/buletin.de\\\/bucuresti\\\/catalin-tenita-consilier-general-reper-despre-respingerea-proiectelor-propuse-de-ciprian-ciucu-pmp-este-problema\\\/#primaryimage\",\"url\":\"https:\\\/\\\/buletin.de\\\/bucuresti\\\/wp-content\\\/uploads\\\/2026\\\/01\\\/consiliul-general.png\",\"contentUrl\":\"https:\\\/\\\/buletin.de\\\/bucuresti\\\/wp-content\\\/uploads\\\/2026\\\/01\\\/consiliul-general.png\",\"width\":1200,\"height\":670,\"caption\":\"Consiliul General\"},{\"@type\":\"BreadcrumbList\",\"@id\":\"https:\\\/\\\/buletin.de\\\/bucuresti\\\/catalin-tenita-consilier-general-reper-despre-respingerea-proiectelor-propuse-de-ciprian-ciucu-pmp-este-problema\\\/#breadcrumb\",\"itemListElement\":[{\"@type\":\"ListItem\",\"position\":1,\"name\":\"Acas\u0103\",\"item\":\"https:\\\/\\\/buletin.de\\\/bucuresti\\\/\"},{\"@type\":\"ListItem\",\"position\":2,\"name\":\"C\u0103t\u0103lin Teni\u021b\u0103, consilier general REPER, despre respingerea proiectelor propuse de Ciprian Ciucu: \u201ePMP este problema\u201d\"}]},{\"@type\":\"WebSite\",\"@id\":\"https:\\\/\\\/buletin.de\\\/bucuresti\\\/#website\",\"url\":\"https:\\\/\\\/buletin.de\\\/bucuresti\\\/\",\"name\":\"Buletin de Bucure\u0219ti\",\"description\":\"\u0218tiri \u0219i investiga\u021bii esen\u021biale din capital\u0103\",\"publisher\":{\"@id\":\"https:\\\/\\\/buletin.de\\\/bucuresti\\\/#organization\"},\"potentialAction\":[{\"@type\":\"SearchAction\",\"target\":{\"@type\":\"EntryPoint\",\"urlTemplate\":\"https:\\\/\\\/buletin.de\\\/bucuresti\\\/?s={search_term_string}\"},\"query-input\":{\"@type\":\"PropertyValueSpecification\",\"valueRequired\":true,\"valueName\":\"search_term_string\"}}],\"inLanguage\":\"en-GB\"},{\"@type\":\"Organization\",\"@id\":\"https:\\\/\\\/buletin.de\\\/bucuresti\\\/#organization\",\"name\":\"Buletin de Bucure\u0219ti\",\"url\":\"https:\\\/\\\/buletin.de\\\/bucuresti\\\/\",\"logo\":{\"@type\":\"ImageObject\",\"inLanguage\":\"en-GB\",\"@id\":\"https:\\\/\\\/buletin.de\\\/bucuresti\\\/#\\\/schema\\\/logo\\\/image\\\/\",\"url\":\"https:\\\/\\\/buletin.de\\\/bucuresti\\\/wp-content\\\/uploads\\\/logo-bdb-full-wide-vernil-transparent.png\",\"contentUrl\":\"https:\\\/\\\/buletin.de\\\/bucuresti\\\/wp-content\\\/uploads\\\/logo-bdb-full-wide-vernil-transparent.png\",\"width\":1782,\"height\":626,\"caption\":\"Buletin de Bucure\u0219ti\"},\"image\":{\"@id\":\"https:\\\/\\\/buletin.de\\\/bucuresti\\\/#\\\/schema\\\/logo\\\/image\\\/\"},\"sameAs\":[\"https:\\\/\\\/www.facebook.com\\\/buletin.de.buc\",\"https:\\\/\\\/www.instagram.com\\\/buletinde.bucuresti\\\/\"]},{\"@type\":\"Person\",\"@id\":\"https:\\\/\\\/buletin.de\\\/bucuresti\\\/#\\\/schema\\\/person\\\/a76df728dfc913795a9d90e346b253bb\",\"name\":\"R\u0103zvan Chiru\u021b\u0103\",\"image\":{\"@type\":\"ImageObject\",\"inLanguage\":\"en-GB\",\"@id\":\"https:\\\/\\\/buletin.de\\\/bucuresti\\\/wp-content\\\/uploads\\\/Razvan-Chiruta-96x96.jpge7143b996fd4241fbd6ee1f6b6b7b267\",\"url\":\"https:\\\/\\\/buletin.de\\\/bucuresti\\\/wp-content\\\/uploads\\\/Razvan-Chiruta-96x96.jpg\",\"contentUrl\":\"https:\\\/\\\/buletin.de\\\/bucuresti\\\/wp-content\\\/uploads\\\/Razvan-Chiruta-96x96.jpg\",\"caption\":\"R\u0103zvan Chiru\u021b\u0103\"},\"description\":\"R\u0103zvan Chiru\u021b\u0103 este redactor-\u0219ef adjunct din iulie 2024. A fost redactor-\u0219ef al PRESShub \u00eentre 2022 \u0219i iunie 2024. Anterior, a fost redactor-\u0219ef al Newsweek Rom\u00e2nia, din 2018 p\u00e2n\u0103 \u00een 2021, \u0219i al cotidianului Rom\u00e2nia liber\u0103, \u00eentre 2015 \u0219i 2017. Este absolvent de Jurnalism, \u00een cadrul Universit\u0103\u021bii \u201eAl.I.Cuza\u201d din Ia\u0219i, \u0219i a urmat un master \u00een Managementul institu\u021biilor mass-media (f\u0103r\u0103 diserta\u021bie) la Facultatea de Jurnalism \u0219i \u0218tiin\u021bele Comunic\u0103rii din cadrul Universit\u0103\u021bii din Bucure\u0219ti. \u0218i-a \u00eenceput cariera la Opinia studen\u021beasc\u0103, cunoscuta \u0219coal\u0103 de pres\u0103 din Ia\u0219i. A lucrat \u00een presa local\u0103, apoi a devenit corespondent pentru Ia\u0219i al cotidianului Evenimentul Zilei. Din 2004, a coordonat pentru \u0219ase luni sec\u021bia de coresponden\u021bi a Evenimentului Zilei. A mai lucrat la s\u0103pt\u0103m\u00e2nalul Prezent \u0219i a colaborat cu revistele Dilema Veche \u0219i Suplimentul de Cultur\u0103. Este co-autor \u00een volumele \u201eMass-media \u0219i democra\u021bia \u00een Rom\u00e2nia post-comunist\u0103\u201d (ed. a II-a), Ed. Institutul European, Ia\u0219i, 2013, \u0219i \u201eCOVID - 19. Dimensiuni ale gestionarii pandemiei\u201d, Editura Junimea, Ia\u0219i, 2020.\",\"url\":\"https:\\\/\\\/buletin.de\\\/bucuresti\\\/author\\\/razvan-chiruta\\\/\"}]}<\/script>\n<!-- \/ Yoast SEO Premium plugin. -->","yoast_head_json":{"title":"C\u0103t\u0103lin Teni\u021b\u0103, consilier general REPER, despre respingerea proiectelor propuse de Ciprian Ciucu: \u201ePMP este problema\u201d - Buletin de Bucure\u0219ti","description":"C\u0103t\u0103lin Teni\u021b\u0103, consilier general REPER, acuz\u0103 PMP pentru \u00eenfr\u00e2ngerea politic\u0103 pe care a suferit-o Ciprian Ciucu \u00een CGMB.","robots":{"index":"index","follow":"follow","max-snippet":"max-snippet:-1","max-image-preview":"max-image-preview:large","max-video-preview":"max-video-preview:-1"},"canonical":"https:\/\/buletin.de\/bucuresti\/catalin-tenita-consilier-general-reper-despre-respingerea-proiectelor-propuse-de-ciprian-ciucu-pmp-este-problema\/","og_locale":"en_GB","og_type":"article","og_title":"C\u0103t\u0103lin Teni\u021b\u0103, consilier general REPER, despre respingerea proiectelor propuse de Ciprian Ciucu: \u201ePMP este problema\u201d","og_description":"C\u0103t\u0103lin Teni\u021b\u0103, consilier general REPER, acuz\u0103 PMP pentru \u00eenfr\u00e2ngerea politic\u0103 pe care a suferit-o Ciprian Ciucu \u00een CGMB.","og_url":"https:\/\/buletin.de\/bucuresti\/catalin-tenita-consilier-general-reper-despre-respingerea-proiectelor-propuse-de-ciprian-ciucu-pmp-este-problema\/","og_site_name":"Buletin de Bucure\u0219ti","article_publisher":"https:\/\/www.facebook.com\/buletin.de.buc","article_published_time":"2026-01-30T22:07:11+00:00","article_modified_time":"2026-01-30T22:07:48+00:00","og_image":[{"width":1200,"height":670,"url":"https:\/\/buletin.de\/bucuresti\/wp-content\/uploads\/2026\/01\/consiliul-general.png","type":"image\/png"}],"author":"R\u0103zvan Chiru\u021b\u0103","twitter_card":"summary_large_image","twitter_misc":{"Written by":"R\u0103zvan Chiru\u021b\u0103","Estimated reading time":"3 minutes"},"schema":{"@context":"https:\/\/schema.org","@graph":[{"@type":"Article","@id":"https:\/\/buletin.de\/bucuresti\/catalin-tenita-consilier-general-reper-despre-respingerea-proiectelor-propuse-de-ciprian-ciucu-pmp-este-problema\/#article","isPartOf":{"@id":"https:\/\/buletin.de\/bucuresti\/catalin-tenita-consilier-general-reper-despre-respingerea-proiectelor-propuse-de-ciprian-ciucu-pmp-este-problema\/"},"author":{"name":"R\u0103zvan Chiru\u021b\u0103","@id":"https:\/\/buletin.de\/bucuresti\/#\/schema\/person\/a76df728dfc913795a9d90e346b253bb"},"headline":"C\u0103t\u0103lin Teni\u021b\u0103, consilier general REPER, despre respingerea proiectelor propuse de Ciprian Ciucu: \u201ePMP este problema\u201d","datePublished":"2026-01-30T22:07:11+00:00","dateModified":"2026-01-30T22:07:48+00:00","mainEntityOfPage":{"@id":"https:\/\/buletin.de\/bucuresti\/catalin-tenita-consilier-general-reper-despre-respingerea-proiectelor-propuse-de-ciprian-ciucu-pmp-este-problema\/"},"wordCount":634,"publisher":{"@id":"https:\/\/buletin.de\/bucuresti\/#organization"},"image":{"@id":"https:\/\/buletin.de\/bucuresti\/catalin-tenita-consilier-general-reper-despre-respingerea-proiectelor-propuse-de-ciprian-ciucu-pmp-este-problema\/#primaryimage"},"thumbnailUrl":"https:\/\/buletin.de\/bucuresti\/wp-content\/uploads\/2026\/01\/consiliul-general.png","keywords":["cgmb","ciucu","pmp","tenita"],"articleSection":["Articole","Main","Politic"],"inLanguage":"en-GB","copyrightYear":"2026","copyrightHolder":{"@id":"https:\/\/buletin.de\/bucuresti\/#organization"}},{"@type":"WebPage","@id":"https:\/\/buletin.de\/bucuresti\/catalin-tenita-consilier-general-reper-despre-respingerea-proiectelor-propuse-de-ciprian-ciucu-pmp-este-problema\/","url":"https:\/\/buletin.de\/bucuresti\/catalin-tenita-consilier-general-reper-despre-respingerea-proiectelor-propuse-de-ciprian-ciucu-pmp-este-problema\/","name":"C\u0103t\u0103lin Teni\u021b\u0103, consilier general REPER, despre respingerea proiectelor propuse de Ciprian Ciucu: \u201ePMP este problema\u201d - Buletin de Bucure\u0219ti","isPartOf":{"@id":"https:\/\/buletin.de\/bucuresti\/#website"},"primaryImageOfPage":{"@id":"https:\/\/buletin.de\/bucuresti\/catalin-tenita-consilier-general-reper-despre-respingerea-proiectelor-propuse-de-ciprian-ciucu-pmp-este-problema\/#primaryimage"},"image":{"@id":"https:\/\/buletin.de\/bucuresti\/catalin-tenita-consilier-general-reper-despre-respingerea-proiectelor-propuse-de-ciprian-ciucu-pmp-este-problema\/#primaryimage"},"thumbnailUrl":"https:\/\/buletin.de\/bucuresti\/wp-content\/uploads\/2026\/01\/consiliul-general.png","datePublished":"2026-01-30T22:07:11+00:00","dateModified":"2026-01-30T22:07:48+00:00","description":"C\u0103t\u0103lin Teni\u021b\u0103, consilier general REPER, acuz\u0103 PMP pentru \u00eenfr\u00e2ngerea politic\u0103 pe care a suferit-o Ciprian Ciucu \u00een CGMB.","breadcrumb":{"@id":"https:\/\/buletin.de\/bucuresti\/catalin-tenita-consilier-general-reper-despre-respingerea-proiectelor-propuse-de-ciprian-ciucu-pmp-este-problema\/#breadcrumb"},"inLanguage":"en-GB","potentialAction":[{"@type":"ReadAction","target":["https:\/\/buletin.de\/bucuresti\/catalin-tenita-consilier-general-reper-despre-respingerea-proiectelor-propuse-de-ciprian-ciucu-pmp-este-problema\/"]}]},{"@type":"ImageObject","inLanguage":"en-GB","@id":"https:\/\/buletin.de\/bucuresti\/catalin-tenita-consilier-general-reper-despre-respingerea-proiectelor-propuse-de-ciprian-ciucu-pmp-este-problema\/#primaryimage","url":"https:\/\/buletin.de\/bucuresti\/wp-content\/uploads\/2026\/01\/consiliul-general.png","contentUrl":"https:\/\/buletin.de\/bucuresti\/wp-content\/uploads\/2026\/01\/consiliul-general.png","width":1200,"height":670,"caption":"Consiliul General"},{"@type":"BreadcrumbList","@id":"https:\/\/buletin.de\/bucuresti\/catalin-tenita-consilier-general-reper-despre-respingerea-proiectelor-propuse-de-ciprian-ciucu-pmp-este-problema\/#breadcrumb","itemListElement":[{"@type":"ListItem","position":1,"name":"Acas\u0103","item":"https:\/\/buletin.de\/bucuresti\/"},{"@type":"ListItem","position":2,"name":"C\u0103t\u0103lin Teni\u021b\u0103, consilier general REPER, despre respingerea proiectelor propuse de Ciprian Ciucu: \u201ePMP este problema\u201d"}]},{"@type":"WebSite","@id":"https:\/\/buletin.de\/bucuresti\/#website","url":"https:\/\/buletin.de\/bucuresti\/","name":"Buletin de Bucure\u0219ti","description":"\u0218tiri \u0219i investiga\u021bii esen\u021biale din capital\u0103","publisher":{"@id":"https:\/\/buletin.de\/bucuresti\/#organization"},"potentialAction":[{"@type":"SearchAction","target":{"@type":"EntryPoint","urlTemplate":"https:\/\/buletin.de\/bucuresti\/?s={search_term_string}"},"query-input":{"@type":"PropertyValueSpecification","valueRequired":true,"valueName":"search_term_string"}}],"inLanguage":"en-GB"},{"@type":"Organization","@id":"https:\/\/buletin.de\/bucuresti\/#organization","name":"Buletin de Bucure\u0219ti","url":"https:\/\/buletin.de\/bucuresti\/","logo":{"@type":"ImageObject","inLanguage":"en-GB","@id":"https:\/\/buletin.de\/bucuresti\/#\/schema\/logo\/image\/","url":"https:\/\/buletin.de\/bucuresti\/wp-content\/uploads\/logo-bdb-full-wide-vernil-transparent.png","contentUrl":"https:\/\/buletin.de\/bucuresti\/wp-content\/uploads\/logo-bdb-full-wide-vernil-transparent.png","width":1782,"height":626,"caption":"Buletin de Bucure\u0219ti"},"image":{"@id":"https:\/\/buletin.de\/bucuresti\/#\/schema\/logo\/image\/"},"sameAs":["https:\/\/www.facebook.com\/buletin.de.buc","https:\/\/www.instagram.com\/buletinde.bucuresti\/"]},{"@type":"Person","@id":"https:\/\/buletin.de\/bucuresti\/#\/schema\/person\/a76df728dfc913795a9d90e346b253bb","name":"R\u0103zvan Chiru\u021b\u0103","image":{"@type":"ImageObject","inLanguage":"en-GB","@id":"https:\/\/buletin.de\/bucuresti\/wp-content\/uploads\/Razvan-Chiruta-96x96.jpge7143b996fd4241fbd6ee1f6b6b7b267","url":"https:\/\/buletin.de\/bucuresti\/wp-content\/uploads\/Razvan-Chiruta-96x96.jpg","contentUrl":"https:\/\/buletin.de\/bucuresti\/wp-content\/uploads\/Razvan-Chiruta-96x96.jpg","caption":"R\u0103zvan Chiru\u021b\u0103"},"description":"R\u0103zvan Chiru\u021b\u0103 este redactor-\u0219ef adjunct din iulie 2024. A fost redactor-\u0219ef al PRESShub \u00eentre 2022 \u0219i iunie 2024. Anterior, a fost redactor-\u0219ef al Newsweek Rom\u00e2nia, din 2018 p\u00e2n\u0103 \u00een 2021, \u0219i al cotidianului Rom\u00e2nia liber\u0103, \u00eentre 2015 \u0219i 2017. Este absolvent de Jurnalism, \u00een cadrul Universit\u0103\u021bii \u201eAl.I.Cuza\u201d din Ia\u0219i, \u0219i a urmat un master \u00een Managementul institu\u021biilor mass-media (f\u0103r\u0103 diserta\u021bie) la Facultatea de Jurnalism \u0219i \u0218tiin\u021bele Comunic\u0103rii din cadrul Universit\u0103\u021bii din Bucure\u0219ti. \u0218i-a \u00eenceput cariera la Opinia studen\u021beasc\u0103, cunoscuta \u0219coal\u0103 de pres\u0103 din Ia\u0219i. A lucrat \u00een presa local\u0103, apoi a devenit corespondent pentru Ia\u0219i al cotidianului Evenimentul Zilei. Din 2004, a coordonat pentru \u0219ase luni sec\u021bia de coresponden\u021bi a Evenimentului Zilei. A mai lucrat la s\u0103pt\u0103m\u00e2nalul Prezent \u0219i a colaborat cu revistele Dilema Veche \u0219i Suplimentul de Cultur\u0103. Este co-autor \u00een volumele \u201eMass-media \u0219i democra\u021bia \u00een Rom\u00e2nia post-comunist\u0103\u201d (ed. a II-a), Ed. Institutul European, Ia\u0219i, 2013, \u0219i \u201eCOVID - 19. Dimensiuni ale gestionarii pandemiei\u201d, Editura Junimea, Ia\u0219i, 2020.","url":"https:\/\/buletin.de\/bucuresti\/author\/razvan-chiruta\/"}]}},"authors":[{"term_id":22582,"user_id":60,"is_guest":0,"slug":"razvan-chiruta","display_name":"R\u0103zvan Chiru\u021b\u0103","avatar_url":"https:\/\/buletin.de\/bucuresti\/wp-content\/uploads\/Razvan-Chiruta-96x96.jpg","0":null,"1":"","2":"","3":"","4":"","5":"","6":"","7":"","8":""}],"_links":{"self":[{"href":"https:\/\/buletin.de\/bucuresti\/wp-json\/wp\/v2\/posts\/170614","targetHints":{"allow":["GET"]}}],"collection":[{"href":"https:\/\/buletin.de\/bucuresti\/wp-json\/wp\/v2\/posts"}],"about":[{"href":"https:\/\/buletin.de\/bucuresti\/wp-json\/wp\/v2\/types\/post"}],"author":[{"embeddable":true,"href":"https:\/\/buletin.de\/bucuresti\/wp-json\/wp\/v2\/users\/60"}],"replies":[{"embeddable":true,"href":"https:\/\/buletin.de\/bucuresti\/wp-json\/wp\/v2\/comments?post=170614"}],"version-history":[{"count":3,"href":"https:\/\/buletin.de\/bucuresti\/wp-json\/wp\/v2\/posts\/170614\/revisions"}],"predecessor-version":[{"id":170621,"href":"https:\/\/buletin.de\/bucuresti\/wp-json\/wp\/v2\/posts\/170614\/revisions\/170621"}],"wp:featuredmedia":[{"embeddable":true,"href":"https:\/\/buletin.de\/bucuresti\/wp-json\/wp\/v2\/media\/170619"}],"wp:attachment":[{"href":"https:\/\/buletin.de\/bucuresti\/wp-json\/wp\/v2\/media?parent=170614"}],"wp:term":[{"taxonomy":"category","embeddable":true,"href":"https:\/\/buletin.de\/bucuresti\/wp-json\/wp\/v2\/categories?post=170614"},{"taxonomy":"post_tag","embeddable":true,"href":"https:\/\/buletin.de\/bucuresti\/wp-json\/wp\/v2\/tags?post=170614"},{"taxonomy":"author","embeddable":true,"href":"https:\/\/buletin.de\/bucuresti\/wp-json\/wp\/v2\/ppma_author?post=170614"}],"curies":[{"name":"wp","href":"https:\/\/api.w.org\/{rel}","templated":true}]}}