{"id":170524,"date":"2026-01-31T07:00:00","date_gmt":"2026-01-31T04:00:00","guid":{"rendered":"https:\/\/buletin.de\/bucuresti\/?p=170524"},"modified":"2026-01-30T16:29:43","modified_gmt":"2026-01-30T13:29:43","slug":"peste-opt-mii-de-cazuri-de-gripa-saptamana-trecuta-mai-mult-de-o-mie-raportate-in-capitala","status":"publish","type":"post","link":"https:\/\/buletin.de\/bucuresti\/peste-opt-mii-de-cazuri-de-gripa-saptamana-trecuta-mai-mult-de-o-mie-raportate-in-capitala\/","title":{"rendered":"Peste opt mii de cazuri de grip\u0103, s\u0103pt\u0103m\u00e2na trecut\u0103. Mai mult de o mie raportate, \u00een Capital\u0103"},"content":{"rendered":"\n<p><strong>Infec\u021biile respiratorii au crescut alarmant, \u00een perioada 19.01.2026 \u2013 25.01.2026. Au fost raportate 104.973 cazuri de infec\u021bii respiratorii (grip\u0103 clinic\u0103, IACRS \u0219i pneumonii), cu peste opt mii de cazuri de grip\u0103.<\/strong><\/p>\n\n\n\n<p><a href=\"https:\/\/insp.gov.ro\/centrul-national-de-supraveghere-si-control-al-bolilor-transmisibile-cnscbt\/informari-saptamanale\/\">INSP <\/a>a raportat 8.499 cazuri de grip\u0103 clinic\u0103 la nivel na\u021bional, comparativ cu 6.287 \u00eenregistrate \u00een s\u0103pt\u0103m\u00e2na precedent\u0103 \u0219i cu 10.950 \u00een aceea\u0219i s\u0103pt\u0103m\u00e2n\u0103 a sezonului precedent \u0219i de 1,6 ori mai multe fa\u021b\u0103 de media ultimelor  cinci sezoane (5.436).<\/p>\n\n\n\n<figure class=\"wp-block-image size-full is-resized\"><img fetchpriority=\"high\" decoding=\"async\" width=\"567\" height=\"248\" src=\"data:image\/gif;base64,R0lGODlhAQABAAAAACH5BAEKAAEALAAAAAABAAEAAAICTAEAOw==\" data-src=\"https:\/\/buletin.de\/bucuresti\/wp-content\/uploads\/2026\/01\/Screenshot-2026-01-30-at-15.04.19.png\" alt=\"\" class=\"wp-image-170527 lazyload\" style=\"width:828px;height:auto\" data-sizes=\"auto\" data-srcset=\"https:\/\/buletin.de\/bucuresti\/wp-content\/uploads\/2026\/01\/Screenshot-2026-01-30-at-15.04.19.png 567w, https:\/\/buletin.de\/bucuresti\/wp-content\/uploads\/2026\/01\/Screenshot-2026-01-30-at-15.04.19-300x131.png 300w, https:\/\/buletin.de\/bucuresti\/wp-content\/uploads\/2026\/01\/Screenshot-2026-01-30-at-15.04.19-20x9.png 20w\" sizes=\"(max-width: 567px) 100vw, 567px\" \/><figcaption class=\"wp-element-caption\">FOTO: INSP<\/figcaption><\/figure>\n\n\n\n<p><strong>\u00a0CITE\u0218TE \u0218I:<\/strong> <a href=\"https:\/\/buletin.de\/bucuresti\/primaria-sectorului-6-amenajeaza-spatii-pentru-comerciantii-care-vor-sa-vanda-martisoare\/\"><strong>Prim\u0103ria Sectorului 6 amenajeaz\u0103 spa\u021bii pentru comercian\u021bii care vor s\u0103 v\u00e2nd\u0103 m\u0103r\u021bi\u0219oare<\/strong><\/a><\/p>\n\n\n\n<h2 class=\"wp-block-heading\" id=\"h-capitala-pe-primul-loc-la-infectarile-cu-gripa-trei-persoane-au-decedat-la-bucuresti\">Capitala, pe primul loc la infect\u0103rile cu grip\u0103. Trei persoane au decedat, la Bucuresti<\/h2>\n\n\n\n<p id=\"h-capitala-pe-primul-loc-la-infectarile-cu-gripa\">Cazurile de grip\u0103 clinic\u0103 au fost raportate de toate jude\u021be, cele mai multe fiind \u00een: <\/p>\n\n\n\n<ul class=\"wp-block-list\">\n<li>Bucure\u0219ti 1.204;<\/li>\n\n\n\n<li>Constan\u021ba 837;<\/li>\n\n\n\n<li>Prahova  753.<\/li>\n<\/ul>\n\n\n\n<p>P\u00e2n\u0103 \u00een prezent, au fost comunicate 57 decese confirmate cu virus gripal:<\/p>\n\n\n\n<ul class=\"wp-block-list\">\n<li>7 tip A, subtip H1;<\/li>\n\n\n\n<li>20 tip A, subtip H3;<\/li>\n\n\n\n<li>29 tip A<\/li>\n\n\n\n<li>1 co-infec\u021bie tip A, subtip H3+B.<\/li>\n<\/ul>\n\n\n\n<p>Cele 57 decese au fost \u00eenregistrate la urm\u0103toarele grupe de v\u00e2rst\u0103:<\/p>\n\n\n\n<ul class=\"wp-block-list\">\n<li>1 la 5-14 ani;<\/li>\n\n\n\n<li>3 la 15-49 ani;<\/li>\n\n\n\n<li>6 la 50-64 ani;<\/li>\n\n\n\n<li>47 la \u226565 ani.<\/li>\n<\/ul>\n\n\n\n<p>Tot p\u00e2n\u0103 pe data de 25 ianuarie, au fost \u00eenregistrate, \u00een Registrul Electronic Na\u021bional de Vaccin\u0103ri (RENV), un num\u0103r de 1.293.815 de vaccin\u0103ri antigripale.<\/p>\n\n\n\n<p><strong>\u00a0CITE\u0218TE \u0218I:<\/strong> <a href=\"https:\/\/buletin.de\/bucuresti\/strangere-de-donatii-pentru-familiile-palestiniene-refugiate-in-bucuresti-e-mare-nevoie-de-alimente\/\"><strong>Str\u00e2ngere de dona\u021bii pentru familiile palestiniene refugiate \u00een Bucure\u0219ti. \u201eE mare nevoie de alimente\u201d<\/strong><\/a><\/p>\n\n\n\n<h2 class=\"wp-block-heading\" id=\"h-masuri-pentru-protec\u021bie-in-cazuri-de-gripa-\u0219i-viroze-respiratorii\">M\u0103suri pentru protec\u021bie \u00een cazuri de grip\u0103 \u0219i viroze respiratorii<\/h2>\n\n\n\n<p><strong>La nivelul unit\u0103\u021bilor sanitare<\/strong>:<\/p>\n\n\n\n<ul class=\"wp-block-list\">\n<li>limitarea programului de vizit\u0103 pentru apar\u021bin\u0103torii pacien\u021bilor interna\u021bi;<\/li>\n\n\n\n<li>realizarea triajului epidemiologic zilnic pentru personalul medico-sanitar \u0219i auxiliar, cu recomandarea de izolare voluntar\u0103 la domiciliu a celor depista\u021bi cu simptomatologie respiratorie sau efectuarea de activit\u0103\u021bi ce nu implic\u0103 interac\u021biunea cu pacien\u021bii;<\/li>\n\n\n\n<li>purtarea echipamentului de protec\u021bie adecvat, respectiv m\u0103\u0219ti, m\u0103nu\u0219i, halate, de c\u0103tre personalul medical \u0219i alte persoane care intr\u0103 \u00een contact cu pacien\u021bii;<\/li>\n\n\n\n<li>asigurarea stocurilor de antivirale, \u00een special de c\u0103tre unit\u0103\u021bile sanitare cu paturi care interneaz\u0103 cazuri de infec\u021bii respiratorii acute;<\/li>\n\n\n\n<li>asigurarea instituirii terapiei antivirale specifice la pacien\u021bii care prezint\u0103 tablou clinic compatibil cu gripa cu\/f\u0103r\u0103 diagnostic de laborator, dup\u0103 caz;<\/li>\n\n\n\n<li>fasigurarea condi\u021biilor necesare pentru vaccinarea antigripal\u0103 a personalului medico-sanitar \u0219i auxiliar nevaccinat;<\/li>\n\n\n\n<li>gasigurarea sau refacerea, dup\u0103 caz, a stocurilor de echipamente de protec\u021bie \u0219i utilizarea corespunz\u0103toare a acestora de c\u0103tre personalul medico-sanitar \u0219i auxiliar;<\/li>\n\n\n\n<li>asigurarea sau refacerea, dup\u0103 caz, a stocurilor de antiseptice \u0219i dezinfectante, pentru o igien\u0103 riguroas\u0103 a m\u00e2inilor \u0219i a suprafe\u021belor.<\/li>\n<\/ul>\n\n\n\n<p><strong>Pentru personalul unit\u0103\u021bilor\/institu\u021biilor de \u00eenv\u0103\u021b\u0103m\u00e2nt<\/strong>:<\/p>\n\n\n\n<ul class=\"wp-block-list\">\n<li>evitarea aglomer\u0103rilor \u00een spa\u021biile de lucru, acolo unde este posibil \u0219i aerisirea periodic\u0103 a acestora;<\/li>\n\n\n\n<li>izolarea voluntar\u0103 la domiciliu a personalului cu simptomatologie respiratorie;<\/li>\n\n\n\n<li>\u00eencurajarea vaccin\u0103rii antigripale a personalului.<\/li>\n<\/ul>\n\n\n\n<p><strong>Pentru colectivele de pre\u0219colari \u0219i \u0219colari<\/strong>:<\/p>\n\n\n\n<ul class=\"wp-block-list\">\n<li>informarea p\u0103rin\u021bilor sau apar\u021bin\u0103torilor legali privind semnele \u0219i simptomele infec\u021biilor respiratorii \u0219i recomandarea de izolare la domiciliu a pre\u0219colarilor, \u0219colarilor \u0219i elevilor cu simptomatologie respiratorie;<\/li>\n\n\n\n<li>realizarea unui triaj observa\u021bional zilnic pentru identificarea prezen\u021bei simptomelor de viroz\u0103 respiratorie \u00een colectivit\u0103\u021bile \u0219colare;<\/li>\n\n\n\n<li>asigurarea materialelor necesare pentru dezinfec\u021bia periodic\u0103 a m\u00e2inilor \u0219i suprafe\u021belor;<\/li>\n\n\n\n<li>sp\u0103larea m\u00e2inilor dup\u0103 fiecare pauz\u0103, \u00eenainte de intrarea \u00een clas\u0103;<\/li>\n\n\n\n<li>aerisirea periodic\u0103 a \u00eenc\u0103perilor;<\/li>\n\n\n\n<li>utilizarea batistelor de unic\u0103 folosin\u021b\u0103 pentru acoperirea gurii \u0219i nasului \u0219i sp\u0103larea corect\u0103 a m\u00e2inilor dup\u0103 tuse sau str\u0103nut;<\/li>\n\n\n\n<li>\u00eencurajarea vaccin\u0103rii antigripale a pre\u0219colarilor \u0219i elevilor, mai ales a celor care prezint\u0103 afec\u021biuni cronice care pot fi agravate de grip\u0103.<\/li>\n<\/ul>\n\n\n\n<p><strong>CITE\u0218TE \u0218I:<\/strong> <strong><a href=\"https:\/\/buletin.de\/bucuresti\/usr-vrea-sa-oblige-consiliul-local-sa-transmita-sedintele-live-pe-internet-administratia-condusa-de-daniel-baluta-cea-mai-putin-transparenta-dintre-primariile-de-sector\/\">USR vrea s\u0103 oblige Consiliul Local s\u0103 transmit\u0103 \u0219edin\u021bele live pe internet. Administra\u021bia condus\u0103 de Daniel B\u0103lu\u021b\u0103, cea mai pu\u021bin transparent\u0103 dintre prim\u0103riile de sector<\/a><\/strong><\/p>\n\n\n\n<p id=\"h-capitala-pe-primul-loc-la-infectarile-cu-gripa\"><br><\/p>\n","protected":false},"excerpt":{"rendered":"<p>Infec\u021biile respiratorii au crescut alarmant, \u00een perioada 19.01.2026 \u2013 25.01.2026. Au fost raportate 104.973 cazuri de infec\u021bii respiratorii (grip\u0103 clinic\u0103, IACRS \u0219i pneumonii), cu peste opt mii de cazuri de grip\u0103. INSP a raportat 8.499 cazuri de grip\u0103 clinic\u0103 la nivel na\u021bional, comparativ cu 6.287 \u00eenregistrate \u00een s\u0103pt\u0103m\u00e2na precedent\u0103 \u0219i cu 10.950 \u00een aceea\u0219i s\u0103pt\u0103m\u00e2n\u0103 [&hellip;]<\/p>\n","protected":false},"author":49,"featured_media":170540,"comment_status":"closed","ping_status":"open","sticky":false,"template":"","format":"standard","meta":{"_acf_changed":false,"inline_featured_image":false,"ngg_post_thumbnail":0,"footnotes":""},"categories":[6994,5762,4],"tags":[19655,19657,9066],"ppma_author":[22574],"class_list":["post-170524","post","type-post","status-publish","format-standard","has-post-thumbnail","hentry","category-stiri-2","category-main","category-sanatate","tag-cazuri-de-gripa","tag-cazuri-de-gripa-bucuresti","tag-infectii-respiratorii-2"],"acf":[],"yoast_head":"<!-- This site is optimized with the Yoast SEO Premium plugin v25.3 (Yoast SEO v27.5) - https:\/\/yoast.com\/product\/yoast-seo-premium-wordpress\/ -->\n<title>Peste opt mii de cazuri de grip\u0103, s\u0103pt\u0103m\u00e2na trecut\u0103. Mai mult de o mie raportate, \u00een Capital\u0103 - Buletin de Bucure\u0219ti<\/title>\n<meta name=\"description\" content=\"Peste opt mii de cazuri de grip\u0103, s\u0103pt\u0103m\u00e2na trecut\u0103. Mai mult de o mie de cazuri raportate, \u00een Capital\u0103. 57 de morti.\" \/>\n<meta name=\"robots\" content=\"index, follow, max-snippet:-1, max-image-preview:large, max-video-preview:-1\" \/>\n<link rel=\"canonical\" href=\"https:\/\/buletin.de\/bucuresti\/peste-opt-mii-de-cazuri-de-gripa-saptamana-trecuta-mai-mult-de-o-mie-raportate-in-capitala\/\" \/>\n<meta property=\"og:locale\" content=\"en_GB\" \/>\n<meta property=\"og:type\" content=\"article\" \/>\n<meta property=\"og:title\" content=\"Peste opt mii de cazuri de grip\u0103, s\u0103pt\u0103m\u00e2na trecut\u0103. Mai mult de o mie raportate, \u00een Capital\u0103\" \/>\n<meta property=\"og:description\" content=\"Peste opt mii de cazuri de grip\u0103, s\u0103pt\u0103m\u00e2na trecut\u0103. Mai mult de o mie de cazuri raportate, \u00een Capital\u0103. 57 de morti.\" \/>\n<meta property=\"og:url\" content=\"https:\/\/buletin.de\/bucuresti\/peste-opt-mii-de-cazuri-de-gripa-saptamana-trecuta-mai-mult-de-o-mie-raportate-in-capitala\/\" \/>\n<meta property=\"og:site_name\" content=\"Buletin de Bucure\u0219ti\" \/>\n<meta property=\"article:publisher\" content=\"https:\/\/www.facebook.com\/buletin.de.buc\" \/>\n<meta property=\"article:published_time\" content=\"2026-01-31T04:00:00+00:00\" \/>\n<meta property=\"og:image\" content=\"https:\/\/buletin.de\/bucuresti\/wp-content\/uploads\/2026\/01\/img-1-1.jpg\" \/>\n\t<meta property=\"og:image:width\" content=\"960\" \/>\n\t<meta property=\"og:image:height\" content=\"540\" \/>\n\t<meta property=\"og:image:type\" content=\"image\/jpeg\" \/>\n<meta name=\"author\" content=\"Diana Matei\" \/>\n<meta name=\"twitter:card\" content=\"summary_large_image\" \/>\n<meta name=\"twitter:label1\" content=\"Written by\" \/>\n\t<meta name=\"twitter:data1\" content=\"Diana Matei\" \/>\n\t<meta name=\"twitter:label2\" content=\"Estimated reading time\" \/>\n\t<meta name=\"twitter:data2\" content=\"3 minutes\" \/>\n<script type=\"application\/ld+json\" class=\"yoast-schema-graph\">{\"@context\":\"https:\\\/\\\/schema.org\",\"@graph\":[{\"@type\":\"Article\",\"@id\":\"https:\\\/\\\/buletin.de\\\/bucuresti\\\/peste-opt-mii-de-cazuri-de-gripa-saptamana-trecuta-mai-mult-de-o-mie-raportate-in-capitala\\\/#article\",\"isPartOf\":{\"@id\":\"https:\\\/\\\/buletin.de\\\/bucuresti\\\/peste-opt-mii-de-cazuri-de-gripa-saptamana-trecuta-mai-mult-de-o-mie-raportate-in-capitala\\\/\"},\"author\":{\"name\":\"Diana Matei\",\"@id\":\"https:\\\/\\\/buletin.de\\\/bucuresti\\\/#\\\/schema\\\/person\\\/7e46040573290777280a0835d81ea4ea\"},\"headline\":\"Peste opt mii de cazuri de grip\u0103, s\u0103pt\u0103m\u00e2na trecut\u0103. Mai mult de o mie raportate, \u00een Capital\u0103\",\"datePublished\":\"2026-01-31T04:00:00+00:00\",\"mainEntityOfPage\":{\"@id\":\"https:\\\/\\\/buletin.de\\\/bucuresti\\\/peste-opt-mii-de-cazuri-de-gripa-saptamana-trecuta-mai-mult-de-o-mie-raportate-in-capitala\\\/\"},\"wordCount\":655,\"publisher\":{\"@id\":\"https:\\\/\\\/buletin.de\\\/bucuresti\\\/#organization\"},\"image\":{\"@id\":\"https:\\\/\\\/buletin.de\\\/bucuresti\\\/peste-opt-mii-de-cazuri-de-gripa-saptamana-trecuta-mai-mult-de-o-mie-raportate-in-capitala\\\/#primaryimage\"},\"thumbnailUrl\":\"https:\\\/\\\/buletin.de\\\/bucuresti\\\/wp-content\\\/uploads\\\/2026\\\/01\\\/img-1-1.jpg\",\"keywords\":[\"cazuri de gripa\",\"cazuri de gripa Bucuresti\",\"infectii respiratorii\"],\"articleSection\":[\"Articole\",\"Main\",\"S\u0103n\u0103tate\"],\"inLanguage\":\"en-GB\",\"copyrightYear\":\"2026\",\"copyrightHolder\":{\"@id\":\"https:\\\/\\\/buletin.de\\\/bucuresti\\\/#organization\"}},{\"@type\":\"WebPage\",\"@id\":\"https:\\\/\\\/buletin.de\\\/bucuresti\\\/peste-opt-mii-de-cazuri-de-gripa-saptamana-trecuta-mai-mult-de-o-mie-raportate-in-capitala\\\/\",\"url\":\"https:\\\/\\\/buletin.de\\\/bucuresti\\\/peste-opt-mii-de-cazuri-de-gripa-saptamana-trecuta-mai-mult-de-o-mie-raportate-in-capitala\\\/\",\"name\":\"Peste opt mii de cazuri de grip\u0103, s\u0103pt\u0103m\u00e2na trecut\u0103. Mai mult de o mie raportate, \u00een Capital\u0103 - Buletin de Bucure\u0219ti\",\"isPartOf\":{\"@id\":\"https:\\\/\\\/buletin.de\\\/bucuresti\\\/#website\"},\"primaryImageOfPage\":{\"@id\":\"https:\\\/\\\/buletin.de\\\/bucuresti\\\/peste-opt-mii-de-cazuri-de-gripa-saptamana-trecuta-mai-mult-de-o-mie-raportate-in-capitala\\\/#primaryimage\"},\"image\":{\"@id\":\"https:\\\/\\\/buletin.de\\\/bucuresti\\\/peste-opt-mii-de-cazuri-de-gripa-saptamana-trecuta-mai-mult-de-o-mie-raportate-in-capitala\\\/#primaryimage\"},\"thumbnailUrl\":\"https:\\\/\\\/buletin.de\\\/bucuresti\\\/wp-content\\\/uploads\\\/2026\\\/01\\\/img-1-1.jpg\",\"datePublished\":\"2026-01-31T04:00:00+00:00\",\"description\":\"Peste opt mii de cazuri de grip\u0103, s\u0103pt\u0103m\u00e2na trecut\u0103. Mai mult de o mie de cazuri raportate, \u00een Capital\u0103. 57 de morti.\",\"breadcrumb\":{\"@id\":\"https:\\\/\\\/buletin.de\\\/bucuresti\\\/peste-opt-mii-de-cazuri-de-gripa-saptamana-trecuta-mai-mult-de-o-mie-raportate-in-capitala\\\/#breadcrumb\"},\"inLanguage\":\"en-GB\",\"potentialAction\":[{\"@type\":\"ReadAction\",\"target\":[\"https:\\\/\\\/buletin.de\\\/bucuresti\\\/peste-opt-mii-de-cazuri-de-gripa-saptamana-trecuta-mai-mult-de-o-mie-raportate-in-capitala\\\/\"]}]},{\"@type\":\"ImageObject\",\"inLanguage\":\"en-GB\",\"@id\":\"https:\\\/\\\/buletin.de\\\/bucuresti\\\/peste-opt-mii-de-cazuri-de-gripa-saptamana-trecuta-mai-mult-de-o-mie-raportate-in-capitala\\\/#primaryimage\",\"url\":\"https:\\\/\\\/buletin.de\\\/bucuresti\\\/wp-content\\\/uploads\\\/2026\\\/01\\\/img-1-1.jpg\",\"contentUrl\":\"https:\\\/\\\/buletin.de\\\/bucuresti\\\/wp-content\\\/uploads\\\/2026\\\/01\\\/img-1-1.jpg\",\"width\":960,\"height\":540,\"caption\":\"Mai pu\u021bine cazuri de grip\u0103, la Bucure\u0219ti. Cre\u0219tere u\u0219oar\u0103, la nivel na\u021bional. FOTO: RRA\"},{\"@type\":\"BreadcrumbList\",\"@id\":\"https:\\\/\\\/buletin.de\\\/bucuresti\\\/peste-opt-mii-de-cazuri-de-gripa-saptamana-trecuta-mai-mult-de-o-mie-raportate-in-capitala\\\/#breadcrumb\",\"itemListElement\":[{\"@type\":\"ListItem\",\"position\":1,\"name\":\"Acas\u0103\",\"item\":\"https:\\\/\\\/buletin.de\\\/bucuresti\\\/\"},{\"@type\":\"ListItem\",\"position\":2,\"name\":\"Peste opt mii de cazuri de grip\u0103, s\u0103pt\u0103m\u00e2na trecut\u0103. Mai mult de o mie raportate, \u00een Capital\u0103\"}]},{\"@type\":\"WebSite\",\"@id\":\"https:\\\/\\\/buletin.de\\\/bucuresti\\\/#website\",\"url\":\"https:\\\/\\\/buletin.de\\\/bucuresti\\\/\",\"name\":\"Buletin de Bucure\u0219ti\",\"description\":\"\u0218tiri \u0219i investiga\u021bii esen\u021biale din capital\u0103\",\"publisher\":{\"@id\":\"https:\\\/\\\/buletin.de\\\/bucuresti\\\/#organization\"},\"potentialAction\":[{\"@type\":\"SearchAction\",\"target\":{\"@type\":\"EntryPoint\",\"urlTemplate\":\"https:\\\/\\\/buletin.de\\\/bucuresti\\\/?s={search_term_string}\"},\"query-input\":{\"@type\":\"PropertyValueSpecification\",\"valueRequired\":true,\"valueName\":\"search_term_string\"}}],\"inLanguage\":\"en-GB\"},{\"@type\":\"Organization\",\"@id\":\"https:\\\/\\\/buletin.de\\\/bucuresti\\\/#organization\",\"name\":\"Buletin de Bucure\u0219ti\",\"url\":\"https:\\\/\\\/buletin.de\\\/bucuresti\\\/\",\"logo\":{\"@type\":\"ImageObject\",\"inLanguage\":\"en-GB\",\"@id\":\"https:\\\/\\\/buletin.de\\\/bucuresti\\\/#\\\/schema\\\/logo\\\/image\\\/\",\"url\":\"https:\\\/\\\/buletin.de\\\/bucuresti\\\/wp-content\\\/uploads\\\/logo-bdb-full-wide-vernil-transparent.png\",\"contentUrl\":\"https:\\\/\\\/buletin.de\\\/bucuresti\\\/wp-content\\\/uploads\\\/logo-bdb-full-wide-vernil-transparent.png\",\"width\":1782,\"height\":626,\"caption\":\"Buletin de Bucure\u0219ti\"},\"image\":{\"@id\":\"https:\\\/\\\/buletin.de\\\/bucuresti\\\/#\\\/schema\\\/logo\\\/image\\\/\"},\"sameAs\":[\"https:\\\/\\\/www.facebook.com\\\/buletin.de.buc\",\"https:\\\/\\\/www.instagram.com\\\/buletinde.bucuresti\\\/\"]},{\"@type\":\"Person\",\"@id\":\"https:\\\/\\\/buletin.de\\\/bucuresti\\\/#\\\/schema\\\/person\\\/7e46040573290777280a0835d81ea4ea\",\"name\":\"Diana Matei\",\"image\":{\"@type\":\"ImageObject\",\"inLanguage\":\"en-GB\",\"@id\":\"https:\\\/\\\/buletin.de\\\/bucuresti\\\/wp-content\\\/uploads\\\/9-2-96x96.jpg1e8590b30871d70e62ebcdaf2eff570c\",\"url\":\"https:\\\/\\\/buletin.de\\\/bucuresti\\\/wp-content\\\/uploads\\\/9-2-96x96.jpg\",\"contentUrl\":\"https:\\\/\\\/buletin.de\\\/bucuresti\\\/wp-content\\\/uploads\\\/9-2-96x96.jpg\",\"caption\":\"Diana Matei\"},\"url\":\"https:\\\/\\\/buletin.de\\\/bucuresti\\\/author\\\/dianamatei\\\/\"}]}<\/script>\n<!-- \/ Yoast SEO Premium plugin. -->","yoast_head_json":{"title":"Peste opt mii de cazuri de grip\u0103, s\u0103pt\u0103m\u00e2na trecut\u0103. Mai mult de o mie raportate, \u00een Capital\u0103 - Buletin de Bucure\u0219ti","description":"Peste opt mii de cazuri de grip\u0103, s\u0103pt\u0103m\u00e2na trecut\u0103. Mai mult de o mie de cazuri raportate, \u00een Capital\u0103. 57 de morti.","robots":{"index":"index","follow":"follow","max-snippet":"max-snippet:-1","max-image-preview":"max-image-preview:large","max-video-preview":"max-video-preview:-1"},"canonical":"https:\/\/buletin.de\/bucuresti\/peste-opt-mii-de-cazuri-de-gripa-saptamana-trecuta-mai-mult-de-o-mie-raportate-in-capitala\/","og_locale":"en_GB","og_type":"article","og_title":"Peste opt mii de cazuri de grip\u0103, s\u0103pt\u0103m\u00e2na trecut\u0103. Mai mult de o mie raportate, \u00een Capital\u0103","og_description":"Peste opt mii de cazuri de grip\u0103, s\u0103pt\u0103m\u00e2na trecut\u0103. Mai mult de o mie de cazuri raportate, \u00een Capital\u0103. 57 de morti.","og_url":"https:\/\/buletin.de\/bucuresti\/peste-opt-mii-de-cazuri-de-gripa-saptamana-trecuta-mai-mult-de-o-mie-raportate-in-capitala\/","og_site_name":"Buletin de Bucure\u0219ti","article_publisher":"https:\/\/www.facebook.com\/buletin.de.buc","article_published_time":"2026-01-31T04:00:00+00:00","og_image":[{"width":960,"height":540,"url":"https:\/\/buletin.de\/bucuresti\/wp-content\/uploads\/2026\/01\/img-1-1.jpg","type":"image\/jpeg"}],"author":"Diana Matei","twitter_card":"summary_large_image","twitter_misc":{"Written by":"Diana Matei","Estimated reading time":"3 minutes"},"schema":{"@context":"https:\/\/schema.org","@graph":[{"@type":"Article","@id":"https:\/\/buletin.de\/bucuresti\/peste-opt-mii-de-cazuri-de-gripa-saptamana-trecuta-mai-mult-de-o-mie-raportate-in-capitala\/#article","isPartOf":{"@id":"https:\/\/buletin.de\/bucuresti\/peste-opt-mii-de-cazuri-de-gripa-saptamana-trecuta-mai-mult-de-o-mie-raportate-in-capitala\/"},"author":{"name":"Diana Matei","@id":"https:\/\/buletin.de\/bucuresti\/#\/schema\/person\/7e46040573290777280a0835d81ea4ea"},"headline":"Peste opt mii de cazuri de grip\u0103, s\u0103pt\u0103m\u00e2na trecut\u0103. Mai mult de o mie raportate, \u00een Capital\u0103","datePublished":"2026-01-31T04:00:00+00:00","mainEntityOfPage":{"@id":"https:\/\/buletin.de\/bucuresti\/peste-opt-mii-de-cazuri-de-gripa-saptamana-trecuta-mai-mult-de-o-mie-raportate-in-capitala\/"},"wordCount":655,"publisher":{"@id":"https:\/\/buletin.de\/bucuresti\/#organization"},"image":{"@id":"https:\/\/buletin.de\/bucuresti\/peste-opt-mii-de-cazuri-de-gripa-saptamana-trecuta-mai-mult-de-o-mie-raportate-in-capitala\/#primaryimage"},"thumbnailUrl":"https:\/\/buletin.de\/bucuresti\/wp-content\/uploads\/2026\/01\/img-1-1.jpg","keywords":["cazuri de gripa","cazuri de gripa Bucuresti","infectii respiratorii"],"articleSection":["Articole","Main","S\u0103n\u0103tate"],"inLanguage":"en-GB","copyrightYear":"2026","copyrightHolder":{"@id":"https:\/\/buletin.de\/bucuresti\/#organization"}},{"@type":"WebPage","@id":"https:\/\/buletin.de\/bucuresti\/peste-opt-mii-de-cazuri-de-gripa-saptamana-trecuta-mai-mult-de-o-mie-raportate-in-capitala\/","url":"https:\/\/buletin.de\/bucuresti\/peste-opt-mii-de-cazuri-de-gripa-saptamana-trecuta-mai-mult-de-o-mie-raportate-in-capitala\/","name":"Peste opt mii de cazuri de grip\u0103, s\u0103pt\u0103m\u00e2na trecut\u0103. Mai mult de o mie raportate, \u00een Capital\u0103 - Buletin de Bucure\u0219ti","isPartOf":{"@id":"https:\/\/buletin.de\/bucuresti\/#website"},"primaryImageOfPage":{"@id":"https:\/\/buletin.de\/bucuresti\/peste-opt-mii-de-cazuri-de-gripa-saptamana-trecuta-mai-mult-de-o-mie-raportate-in-capitala\/#primaryimage"},"image":{"@id":"https:\/\/buletin.de\/bucuresti\/peste-opt-mii-de-cazuri-de-gripa-saptamana-trecuta-mai-mult-de-o-mie-raportate-in-capitala\/#primaryimage"},"thumbnailUrl":"https:\/\/buletin.de\/bucuresti\/wp-content\/uploads\/2026\/01\/img-1-1.jpg","datePublished":"2026-01-31T04:00:00+00:00","description":"Peste opt mii de cazuri de grip\u0103, s\u0103pt\u0103m\u00e2na trecut\u0103. Mai mult de o mie de cazuri raportate, \u00een Capital\u0103. 57 de morti.","breadcrumb":{"@id":"https:\/\/buletin.de\/bucuresti\/peste-opt-mii-de-cazuri-de-gripa-saptamana-trecuta-mai-mult-de-o-mie-raportate-in-capitala\/#breadcrumb"},"inLanguage":"en-GB","potentialAction":[{"@type":"ReadAction","target":["https:\/\/buletin.de\/bucuresti\/peste-opt-mii-de-cazuri-de-gripa-saptamana-trecuta-mai-mult-de-o-mie-raportate-in-capitala\/"]}]},{"@type":"ImageObject","inLanguage":"en-GB","@id":"https:\/\/buletin.de\/bucuresti\/peste-opt-mii-de-cazuri-de-gripa-saptamana-trecuta-mai-mult-de-o-mie-raportate-in-capitala\/#primaryimage","url":"https:\/\/buletin.de\/bucuresti\/wp-content\/uploads\/2026\/01\/img-1-1.jpg","contentUrl":"https:\/\/buletin.de\/bucuresti\/wp-content\/uploads\/2026\/01\/img-1-1.jpg","width":960,"height":540,"caption":"Mai pu\u021bine cazuri de grip\u0103, la Bucure\u0219ti. Cre\u0219tere u\u0219oar\u0103, la nivel na\u021bional. FOTO: RRA"},{"@type":"BreadcrumbList","@id":"https:\/\/buletin.de\/bucuresti\/peste-opt-mii-de-cazuri-de-gripa-saptamana-trecuta-mai-mult-de-o-mie-raportate-in-capitala\/#breadcrumb","itemListElement":[{"@type":"ListItem","position":1,"name":"Acas\u0103","item":"https:\/\/buletin.de\/bucuresti\/"},{"@type":"ListItem","position":2,"name":"Peste opt mii de cazuri de grip\u0103, s\u0103pt\u0103m\u00e2na trecut\u0103. Mai mult de o mie raportate, \u00een Capital\u0103"}]},{"@type":"WebSite","@id":"https:\/\/buletin.de\/bucuresti\/#website","url":"https:\/\/buletin.de\/bucuresti\/","name":"Buletin de Bucure\u0219ti","description":"\u0218tiri \u0219i investiga\u021bii esen\u021biale din capital\u0103","publisher":{"@id":"https:\/\/buletin.de\/bucuresti\/#organization"},"potentialAction":[{"@type":"SearchAction","target":{"@type":"EntryPoint","urlTemplate":"https:\/\/buletin.de\/bucuresti\/?s={search_term_string}"},"query-input":{"@type":"PropertyValueSpecification","valueRequired":true,"valueName":"search_term_string"}}],"inLanguage":"en-GB"},{"@type":"Organization","@id":"https:\/\/buletin.de\/bucuresti\/#organization","name":"Buletin de Bucure\u0219ti","url":"https:\/\/buletin.de\/bucuresti\/","logo":{"@type":"ImageObject","inLanguage":"en-GB","@id":"https:\/\/buletin.de\/bucuresti\/#\/schema\/logo\/image\/","url":"https:\/\/buletin.de\/bucuresti\/wp-content\/uploads\/logo-bdb-full-wide-vernil-transparent.png","contentUrl":"https:\/\/buletin.de\/bucuresti\/wp-content\/uploads\/logo-bdb-full-wide-vernil-transparent.png","width":1782,"height":626,"caption":"Buletin de Bucure\u0219ti"},"image":{"@id":"https:\/\/buletin.de\/bucuresti\/#\/schema\/logo\/image\/"},"sameAs":["https:\/\/www.facebook.com\/buletin.de.buc","https:\/\/www.instagram.com\/buletinde.bucuresti\/"]},{"@type":"Person","@id":"https:\/\/buletin.de\/bucuresti\/#\/schema\/person\/7e46040573290777280a0835d81ea4ea","name":"Diana Matei","image":{"@type":"ImageObject","inLanguage":"en-GB","@id":"https:\/\/buletin.de\/bucuresti\/wp-content\/uploads\/9-2-96x96.jpg1e8590b30871d70e62ebcdaf2eff570c","url":"https:\/\/buletin.de\/bucuresti\/wp-content\/uploads\/9-2-96x96.jpg","contentUrl":"https:\/\/buletin.de\/bucuresti\/wp-content\/uploads\/9-2-96x96.jpg","caption":"Diana Matei"},"url":"https:\/\/buletin.de\/bucuresti\/author\/dianamatei\/"}]}},"authors":[{"term_id":22574,"user_id":49,"is_guest":0,"slug":"dianamatei","display_name":"Diana Matei","avatar_url":"https:\/\/buletin.de\/bucuresti\/wp-content\/uploads\/9-2-96x96.jpg","0":null,"1":"","2":"","3":"","4":"","5":"","6":"","7":"","8":""}],"_links":{"self":[{"href":"https:\/\/buletin.de\/bucuresti\/wp-json\/wp\/v2\/posts\/170524","targetHints":{"allow":["GET"]}}],"collection":[{"href":"https:\/\/buletin.de\/bucuresti\/wp-json\/wp\/v2\/posts"}],"about":[{"href":"https:\/\/buletin.de\/bucuresti\/wp-json\/wp\/v2\/types\/post"}],"author":[{"embeddable":true,"href":"https:\/\/buletin.de\/bucuresti\/wp-json\/wp\/v2\/users\/49"}],"replies":[{"embeddable":true,"href":"https:\/\/buletin.de\/bucuresti\/wp-json\/wp\/v2\/comments?post=170524"}],"version-history":[{"count":1,"href":"https:\/\/buletin.de\/bucuresti\/wp-json\/wp\/v2\/posts\/170524\/revisions"}],"predecessor-version":[{"id":170544,"href":"https:\/\/buletin.de\/bucuresti\/wp-json\/wp\/v2\/posts\/170524\/revisions\/170544"}],"wp:featuredmedia":[{"embeddable":true,"href":"https:\/\/buletin.de\/bucuresti\/wp-json\/wp\/v2\/media\/170540"}],"wp:attachment":[{"href":"https:\/\/buletin.de\/bucuresti\/wp-json\/wp\/v2\/media?parent=170524"}],"wp:term":[{"taxonomy":"category","embeddable":true,"href":"https:\/\/buletin.de\/bucuresti\/wp-json\/wp\/v2\/categories?post=170524"},{"taxonomy":"post_tag","embeddable":true,"href":"https:\/\/buletin.de\/bucuresti\/wp-json\/wp\/v2\/tags?post=170524"},{"taxonomy":"author","embeddable":true,"href":"https:\/\/buletin.de\/bucuresti\/wp-json\/wp\/v2\/ppma_author?post=170524"}],"curies":[{"name":"wp","href":"https:\/\/api.w.org\/{rel}","templated":true}]}}