{"id":170499,"date":"2026-01-31T06:45:00","date_gmt":"2026-01-31T03:45:00","guid":{"rendered":"https:\/\/buletin.de\/bucuresti\/?p=170499"},"modified":"2026-01-30T15:42:55","modified_gmt":"2026-01-30T12:42:55","slug":"retele-electrice-muntenia-intrerupe-curentul-electric-in-bucuresti-ilfov-si-giurgiu-care-sunt-zonele-afectate-6","status":"publish","type":"post","link":"https:\/\/buletin.de\/bucuresti\/retele-electrice-muntenia-intrerupe-curentul-electric-in-bucuresti-ilfov-si-giurgiu-care-sunt-zonele-afectate-6\/","title":{"rendered":"Re\u021bele Electrice Muntenia \u00eentrerupe curentul electric \u00een Bucure\u0219ti, Ilfov \u0219i Giurgiu. Care sunt zonele afectate"},"content":{"rendered":"\n<p><strong>Unde \u00eentrerupe curentul electric\u00a0<a href=\"https:\/\/www.reteleelectrice.ro\/\">Re\u021bele Electrice Muntenia\u00a0<\/a>\u00een Bucure\u0219ti, Ilfov \u0219i Giurgiu, \u00een perioada 2-8 februarie 2026. \u00centreruperile sunt necesare pentru lucr\u0103ri de repara\u021bii, moderni\u200bzare \u200bsau de mentenan\u021b\u0103, la re\u021beaua electric\u0103.<\/strong><\/p>\n\n\n\n<p>Sist\u0103rile programate se vor face pentru a asigura capacitatea re\u021belei de a func\u021biona \u0219i alimenta clien\u021bii, \u00een condi\u021bii bune.<\/p>\n\n\n\n<h2 class=\"wp-block-heading\" id=\"h-unde-se-intrerupe-curentul-electric-in-bucure\u0219ti\">Unde se \u00eentrerupe curentul electric \u00een Bucure\u0219ti<\/h2>\n\n\n\n<p><strong>Luni, 02.02.2026<\/strong><\/p>\n\n\n\n<ul class=\"wp-block-list\">\n<li>\u0218oseaua Colentina, nr 2 bl 9B sc. 2 09:00 &#8211; 16:00;<\/li>\n\n\n\n<li>Bulevardul Ficusului, perimetrul cuprins \u00eentre b-dul Aerogarii, strada Horia M\u0103celariu, Bilciure\u0219ti, Promoroaca 09:00 &#8211; 17:00.<\/li>\n<\/ul>\n\n\n\n<p><strong>Mar\u021bi, 03.02.2026<\/strong><\/p>\n\n\n\n<ul class=\"wp-block-list\">\n<li>Calea Plevnei, nr 143, Calea Plevnei perimetrul cuprins \u00eentre str\u0103zile Witing \u0219i str. Fluviului cu str\u0103zi adiacente 09:00 &#8211; 17:00;<\/li>\n\n\n\n<li>\u0218oseaua Colentina, nr 2 bl. 9B SC. 3 \u0219i 4 09:00 &#8211; 16:00;<\/li>\n\n\n\n<li>Strada Valea Jiului 09:00 &#8211; 17:00.<\/li>\n<\/ul>\n\n\n\n<p><strong>Miercuri, 04.02.2026<\/strong><\/p>\n\n\n\n<ul class=\"wp-block-list\">\n<li>Sector 3, Strada Stelea Sp\u0103tarul, nr 15, str. SF VINERI \u0219i str. STELEA SP\u0102TARU 09:00 &#8211; 17:00.<\/li>\n<\/ul>\n\n\n\n<p><strong>\u00a0CITE\u0218TE \u0218I:<\/strong> <a href=\"https:\/\/buletin.de\/bucuresti\/consiliul-general-a-refuzat-ca-bucurestiul-sa-fie-gazda-a-evenimentului-forumul-oraselor-2027-organizat-de-comisia-europeana\/\"><strong>Consiliul General a refuzat ca Bucure\u0219tiul s\u0103 fie gazd\u0103 a evenimentului Forumul Ora\u0219elor 2027, organizat de Comisia European\u0103<\/strong><\/a><\/p>\n\n\n\n<h2 class=\"wp-block-heading\" id=\"h-zonele-din-ilfov-unde-se-intrerupe-curentul-electric-in-ilfov\"><strong>Zonele<\/strong>\u00a0din Ilfov unde se\u00a0<strong>\u00eentrerupe curentul electric \u00een Ilfov<\/strong><\/h2>\n\n\n\n<p><strong>Luni, 02.02.2026<\/strong><\/p>\n\n\n\n<ul class=\"wp-block-list\">\n<li>Dasc\u0103lu, str. Vorone\u021b, Putna, Cozia, Sucevi\u021ba, Suzana, Moldovi\u021ba, Cernica \u0219i str\u0103zi adiacente 09:00 &#8211; 17:00;<\/li>\n\n\n\n<li>Ciolpani, str. M\u0103n\u0103stirea \u021aig\u0103ne\u0219ti, Lacului \u0219i str\u0103zi adiacente 09:00 &#8211; 17:00;<\/li>\n\n\n\n<li>Balote\u0219ti, str. R\u0103ului, IC Br\u0103tianu, Liliacului, Rozelor, Cantonului \u0219i str\u0103zi adiacente 10:00 &#8211; 18:00;<\/li>\n\n\n\n<li>Dudu, Strada P\u0103durii, Policlinic\u0103 str. Rezervelor, Stejarului, Toamnei, Teiului, Florilor, Magnoliei, Simion Ghinea, I.L.Caragiale, str. adiacente 10:00 &#8211; 17:00.<\/li>\n<\/ul>\n\n\n\n<p><strong>Mar\u021bi, 03.02.2026<\/strong><\/p>\n\n\n\n<ul class=\"wp-block-list\">\n<li>Dasc\u0103lu, str. Calea Bucure\u0219ti, Carpa\u021bi, Oituz, Ha\u021beg, Intrarea Retezat, Par\u00e2ng \u0219i str\u0103zi adiacente 09:00 &#8211; 17:00.<\/li>\n<\/ul>\n\n\n\n<p><strong>Mar\u021bi, 03.02.2026<\/strong><\/p>\n\n\n\n<ul class=\"wp-block-list\">\n<li>Bragadiru, Strada Cri\u0219ul Repede, 09:00 &#8211; 17:00;<\/li>\n\n\n\n<li>Domne\u0219ti, Drumul T\u00e2rgului, Topora\u0219i, Triumf, Stelelor, Privighetori, Norilor, George Co\u0219buc, Sl\u0103nic, Coloana Infinitului, str. adiacente 09:00 &#8211; 17:00.<\/li>\n<\/ul>\n\n\n\n<p><strong>Mar\u021bi, 03.02.2026<\/strong><\/p>\n\n\n\n<ul class=\"wp-block-list\">\n<li>Afuma\u021bi, \u0218oseaua Bucure\u0219ti Urziceni \u00eentre strada Caisului \u0219i Pinului zona benzin\u0103ria LUK OIL 09:00 &#8211; 17:00.<\/li>\n<\/ul>\n\n\n\n<p><strong>Miercuri, 04.02.2026<\/strong><\/p>\n\n\n\n<ul class=\"wp-block-list\">\n<li>Pantelimon, Strada Plantelor, Gara Pas\u0103rea, Bulevardul Biruin\u021bei \u00eentre strada Plantelor \u0219i strada Gr\u0103dinarilor 09:00 &#8211; 17:00.<\/li>\n<\/ul>\n\n\n\n<p><strong>Joi, 05.02.2026<\/strong><\/p>\n\n\n\n<ul class=\"wp-block-list\">\n<li>Afuma\u021bi, Strada Caisului, Pinului, Salc\u00e2mului, Fagului, \u0218oseaua Bucure\u0219ti Urziceni \u00eentre strada Frasinului \u0219i strada Pinului, Sf\u00e2ntul Gheorghe, Plopului 09:00 &#8211; 17:00;<\/li>\n\n\n\n<li>Petr\u0103chioaia Alte detalii: str. I. L. Caragiale, Petre Ispirescu, Gagu-V\u00e2n\u0103tori, BM Real Interna\u021bional, Lucian Blaga, Ion Creang\u0103 \u0219i str\u0103zi adiacente.<\/li>\n<\/ul>\n\n\n\n<p><strong>Vineri, 06.02.2026<\/strong><\/p>\n\n\n\n<ul class=\"wp-block-list\">\n<li>Petr\u0103chioaia, str. Gagu-V\u00e2n\u0103tori, Mihail Sadoveanu, Tudor Arghezi, Mihai Eminescu, Stejarului, Dezmembr\u0103ri Gagu \u0219i str\u0103zi adiacente 09:00 &#8211; 17:00.<\/li>\n<\/ul>\n\n\n\n<p><strong>\u00a0CITE\u0218TE \u0218I:<\/strong> <a href=\"https:\/\/buletin.de\/bucuresti\/agenda-urbana-cu-cosmin-buletin-ce-facem-in-weekend-recomandari-culturale-pentru-30-ianuarie-5-februarie\/\"><strong>Agenda Urban\u0103 cu Cosmin @ Buletin: Ce facem \u00een weekend? Recomand\u0103ri culturale pentru 30 ianuarie \u2013 5 februarie<\/strong><\/a><\/p>\n\n\n\n<h2 class=\"wp-block-heading\" id=\"h-re\u021bele-electrice-muntenia-intrerupe-curentul-electric-in-giurgiu\"><strong>Re\u021bele Electrice Muntenia\u00a0\u00eentrerupe\u00a0curentul electric<\/strong>\u00a0\u00een Giurgiu<\/h2>\n\n\n\n<p><strong>Luni, 02.02.2026<\/strong><\/p>\n\n\n\n<p>G\u0103iseanca, DN61, nr. 141, \u0218oseaua principal\u0103 \u0219i adiacente, p\u00e2n\u0103 la ie\u0219ire spre G\u0103iseanca 09:00 &#8211; 13:00.<\/p>\n\n\n\n<p><strong>Miercuri, 04.02.2026<\/strong><\/p>\n\n\n\n<ul class=\"wp-block-list\">\n<li>Corbeanca Str. Trifoiului, Alte detalii: Str. principal\u0103 la intrarea dinspre V\u00e2n\u0103torii Mici 09:00 &#8211; 17:00;<\/li>\n\n\n\n<li>Dealu, Strada Linia Frumoas\u0103, toat\u0103 localitatea Dealu \u0219i Satu Nou 09:00 &#8211; 17:00.<\/li>\n<\/ul>\n\n\n\n<p><strong> Joi, 05.02.2026<\/strong><\/p>\n\n\n\n<ul class=\"wp-block-list\">\n<li>Corbeanca DC81, \u0218oseaua principal\u0103 \u0219i adiacente, p\u00e2n\u0103 la ie\u0219ire spre localitatea V\u00e2lcele 09:00 &#8211; 17:00;<\/li>\n\n\n\n<li>Crevedia Mare DN61, Nr 169, \u0218oseaua principal\u0103 \u0219i adiacente de la intersec\u021bia cu str. C\u0103lug\u0103reasc\u0103 p\u00e2n\u0103 la ie\u0219irea spre Crevedia Mic\u0103 09:00 &#8211; 17:00;<\/li>\n\n\n\n<li>Dealu, Strada Linia Frumoas\u0103 09:00 &#8211; 17:00.<\/li>\n<\/ul>\n\n\n\n<p><strong>\u00a0CITE\u0218TE \u0218I:<\/strong> <a href=\"https:\/\/buletin.de\/bucuresti\/reabilitare-pentru-inca-patru-cladiri-cu-risc-seismic-din-capitala-imobilele-au-o-vechime-de-peste-100-de-ani\/\"><strong>Reabilitare pentru \u00eenc\u0103 patru cl\u0103diri cu risc seismic, din Capital\u0103. Imobilele au o vechime de peste 100 de ani<\/strong><\/a><\/p>\n\n\n\n<p><\/p>\n","protected":false},"excerpt":{"rendered":"<p>Unde \u00eentrerupe curentul electric\u00a0Re\u021bele Electrice Muntenia\u00a0\u00een Bucure\u0219ti, Ilfov \u0219i Giurgiu, \u00een perioada 2-8 februarie 2026. \u00centreruperile sunt necesare pentru lucr\u0103ri de repara\u021bii, moderni\u200bzare \u200bsau de mentenan\u021b\u0103, la re\u021beaua electric\u0103. Sist\u0103rile programate se vor face pentru a asigura capacitatea re\u021belei de a func\u021biona \u0219i alimenta clien\u021bii, \u00een condi\u021bii bune. Unde se \u00eentrerupe curentul electric \u00een Bucure\u0219ti [&hellip;]<\/p>\n","protected":false},"author":49,"featured_media":142602,"comment_status":"closed","ping_status":"open","sticky":false,"template":"","format":"standard","meta":{"_acf_changed":false,"inline_featured_image":false,"ngg_post_thumbnail":0,"footnotes":""},"categories":[6994,62],"tags":[22275,22277,22276,8443,23192],"ppma_author":[22574],"class_list":["post-170499","post","type-post","status-publish","format-standard","has-post-thumbnail","hentry","category-stiri-2","category-stiri","tag-intrerupere-curent-bucuresti","tag-intrerupere-curent-giurgiu","tag-intrerupere-curent-ilfov","tag-retele-electrice","tag-se-intrerupe-curentul-electric"],"acf":[],"yoast_head":"<!-- This site is optimized with the Yoast SEO Premium plugin v25.3 (Yoast SEO v27.5) - https:\/\/yoast.com\/product\/yoast-seo-premium-wordpress\/ -->\n<title>Re\u021bele Electrice Muntenia \u00eentrerupe curentul electric \u00een Bucure\u0219ti, Ilfov \u0219i Giurgiu. Care sunt zonele afectate - Buletin de Bucure\u0219ti<\/title>\n<meta name=\"description\" content=\"Unde \u00eentrerupe curentul electric\u00a0Re\u021bele Electrice Muntenia\u00a0\u00een Bucure\u0219ti, Ilfov \u0219i Giurgiu, \u00een perioada 2-8 februarie 2026.\" \/>\n<meta name=\"robots\" content=\"index, follow, max-snippet:-1, max-image-preview:large, max-video-preview:-1\" \/>\n<link rel=\"canonical\" href=\"https:\/\/buletin.de\/bucuresti\/retele-electrice-muntenia-intrerupe-curentul-electric-in-bucuresti-ilfov-si-giurgiu-care-sunt-zonele-afectate-6\/\" \/>\n<meta property=\"og:locale\" content=\"en_GB\" \/>\n<meta property=\"og:type\" content=\"article\" \/>\n<meta property=\"og:title\" content=\"Re\u021bele Electrice Muntenia \u00eentrerupe curentul electric \u00een Bucure\u0219ti, Ilfov \u0219i Giurgiu. Care sunt zonele afectate\" \/>\n<meta property=\"og:description\" content=\"Unde \u00eentrerupe curentul electric\u00a0Re\u021bele Electrice Muntenia\u00a0\u00een Bucure\u0219ti, Ilfov \u0219i Giurgiu, \u00een perioada 2-8 februarie 2026.\" \/>\n<meta property=\"og:url\" content=\"https:\/\/buletin.de\/bucuresti\/retele-electrice-muntenia-intrerupe-curentul-electric-in-bucuresti-ilfov-si-giurgiu-care-sunt-zonele-afectate-6\/\" \/>\n<meta property=\"og:site_name\" content=\"Buletin de Bucure\u0219ti\" \/>\n<meta property=\"article:publisher\" content=\"https:\/\/www.facebook.com\/buletin.de.buc\" \/>\n<meta property=\"article:published_time\" content=\"2026-01-31T03:45:00+00:00\" \/>\n<meta property=\"og:image\" content=\"https:\/\/buletin.de\/bucuresti\/wp-content\/uploads\/2025\/08\/intreruperi-curent-1-1.webp\" \/>\n\t<meta property=\"og:image:width\" content=\"1000\" \/>\n\t<meta property=\"og:image:height\" content=\"600\" \/>\n\t<meta property=\"og:image:type\" content=\"image\/webp\" \/>\n<meta name=\"author\" content=\"Diana Matei\" \/>\n<meta name=\"twitter:card\" content=\"summary_large_image\" \/>\n<meta name=\"twitter:label1\" content=\"Written by\" \/>\n\t<meta name=\"twitter:data1\" content=\"Diana Matei\" \/>\n\t<meta name=\"twitter:label2\" content=\"Estimated reading time\" \/>\n\t<meta name=\"twitter:data2\" content=\"3 minutes\" \/>\n<script type=\"application\/ld+json\" class=\"yoast-schema-graph\">{\"@context\":\"https:\\\/\\\/schema.org\",\"@graph\":[{\"@type\":\"Article\",\"@id\":\"https:\\\/\\\/buletin.de\\\/bucuresti\\\/retele-electrice-muntenia-intrerupe-curentul-electric-in-bucuresti-ilfov-si-giurgiu-care-sunt-zonele-afectate-6\\\/#article\",\"isPartOf\":{\"@id\":\"https:\\\/\\\/buletin.de\\\/bucuresti\\\/retele-electrice-muntenia-intrerupe-curentul-electric-in-bucuresti-ilfov-si-giurgiu-care-sunt-zonele-afectate-6\\\/\"},\"author\":{\"name\":\"Diana Matei\",\"@id\":\"https:\\\/\\\/buletin.de\\\/bucuresti\\\/#\\\/schema\\\/person\\\/7e46040573290777280a0835d81ea4ea\"},\"headline\":\"Re\u021bele Electrice Muntenia \u00eentrerupe curentul electric \u00een Bucure\u0219ti, Ilfov \u0219i Giurgiu. Care sunt zonele afectate\",\"datePublished\":\"2026-01-31T03:45:00+00:00\",\"mainEntityOfPage\":{\"@id\":\"https:\\\/\\\/buletin.de\\\/bucuresti\\\/retele-electrice-muntenia-intrerupe-curentul-electric-in-bucuresti-ilfov-si-giurgiu-care-sunt-zonele-afectate-6\\\/\"},\"wordCount\":558,\"publisher\":{\"@id\":\"https:\\\/\\\/buletin.de\\\/bucuresti\\\/#organization\"},\"image\":{\"@id\":\"https:\\\/\\\/buletin.de\\\/bucuresti\\\/retele-electrice-muntenia-intrerupe-curentul-electric-in-bucuresti-ilfov-si-giurgiu-care-sunt-zonele-afectate-6\\\/#primaryimage\"},\"thumbnailUrl\":\"https:\\\/\\\/buletin.de\\\/bucuresti\\\/wp-content\\\/uploads\\\/2025\\\/08\\\/intreruperi-curent-1-1.webp\",\"keywords\":[\"intrerupere curent Bucuresti\",\"Intrerupere curent Giurgiu\",\"intrerupere curent Ilfov\",\"retele electrice\",\"se intrerupe curentul electric\"],\"articleSection\":[\"Articole\",\"\u0218tiri\"],\"inLanguage\":\"en-GB\",\"copyrightYear\":\"2026\",\"copyrightHolder\":{\"@id\":\"https:\\\/\\\/buletin.de\\\/bucuresti\\\/#organization\"}},{\"@type\":\"WebPage\",\"@id\":\"https:\\\/\\\/buletin.de\\\/bucuresti\\\/retele-electrice-muntenia-intrerupe-curentul-electric-in-bucuresti-ilfov-si-giurgiu-care-sunt-zonele-afectate-6\\\/\",\"url\":\"https:\\\/\\\/buletin.de\\\/bucuresti\\\/retele-electrice-muntenia-intrerupe-curentul-electric-in-bucuresti-ilfov-si-giurgiu-care-sunt-zonele-afectate-6\\\/\",\"name\":\"Re\u021bele Electrice Muntenia \u00eentrerupe curentul electric \u00een Bucure\u0219ti, Ilfov \u0219i Giurgiu. Care sunt zonele afectate - Buletin de Bucure\u0219ti\",\"isPartOf\":{\"@id\":\"https:\\\/\\\/buletin.de\\\/bucuresti\\\/#website\"},\"primaryImageOfPage\":{\"@id\":\"https:\\\/\\\/buletin.de\\\/bucuresti\\\/retele-electrice-muntenia-intrerupe-curentul-electric-in-bucuresti-ilfov-si-giurgiu-care-sunt-zonele-afectate-6\\\/#primaryimage\"},\"image\":{\"@id\":\"https:\\\/\\\/buletin.de\\\/bucuresti\\\/retele-electrice-muntenia-intrerupe-curentul-electric-in-bucuresti-ilfov-si-giurgiu-care-sunt-zonele-afectate-6\\\/#primaryimage\"},\"thumbnailUrl\":\"https:\\\/\\\/buletin.de\\\/bucuresti\\\/wp-content\\\/uploads\\\/2025\\\/08\\\/intreruperi-curent-1-1.webp\",\"datePublished\":\"2026-01-31T03:45:00+00:00\",\"description\":\"Unde \u00eentrerupe curentul electric\u00a0Re\u021bele Electrice Muntenia\u00a0\u00een Bucure\u0219ti, Ilfov \u0219i Giurgiu, \u00een perioada 2-8 februarie 2026.\",\"breadcrumb\":{\"@id\":\"https:\\\/\\\/buletin.de\\\/bucuresti\\\/retele-electrice-muntenia-intrerupe-curentul-electric-in-bucuresti-ilfov-si-giurgiu-care-sunt-zonele-afectate-6\\\/#breadcrumb\"},\"inLanguage\":\"en-GB\",\"potentialAction\":[{\"@type\":\"ReadAction\",\"target\":[\"https:\\\/\\\/buletin.de\\\/bucuresti\\\/retele-electrice-muntenia-intrerupe-curentul-electric-in-bucuresti-ilfov-si-giurgiu-care-sunt-zonele-afectate-6\\\/\"]}]},{\"@type\":\"ImageObject\",\"inLanguage\":\"en-GB\",\"@id\":\"https:\\\/\\\/buletin.de\\\/bucuresti\\\/retele-electrice-muntenia-intrerupe-curentul-electric-in-bucuresti-ilfov-si-giurgiu-care-sunt-zonele-afectate-6\\\/#primaryimage\",\"url\":\"https:\\\/\\\/buletin.de\\\/bucuresti\\\/wp-content\\\/uploads\\\/2025\\\/08\\\/intreruperi-curent-1-1.webp\",\"contentUrl\":\"https:\\\/\\\/buletin.de\\\/bucuresti\\\/wp-content\\\/uploads\\\/2025\\\/08\\\/intreruperi-curent-1-1.webp\",\"width\":1000,\"height\":600,\"caption\":\"Se \u00eentrerupe curentul electric \u00een Bucure\u0219ti \u0219i Ilfov. Re\u021bele Electrice Muntenia anun\u021b\u0103 care sunt zonele afectate. FOTO: Retele Electrice\"},{\"@type\":\"BreadcrumbList\",\"@id\":\"https:\\\/\\\/buletin.de\\\/bucuresti\\\/retele-electrice-muntenia-intrerupe-curentul-electric-in-bucuresti-ilfov-si-giurgiu-care-sunt-zonele-afectate-6\\\/#breadcrumb\",\"itemListElement\":[{\"@type\":\"ListItem\",\"position\":1,\"name\":\"Acas\u0103\",\"item\":\"https:\\\/\\\/buletin.de\\\/bucuresti\\\/\"},{\"@type\":\"ListItem\",\"position\":2,\"name\":\"Re\u021bele Electrice Muntenia \u00eentrerupe curentul electric \u00een Bucure\u0219ti, Ilfov \u0219i Giurgiu. Care sunt zonele afectate\"}]},{\"@type\":\"WebSite\",\"@id\":\"https:\\\/\\\/buletin.de\\\/bucuresti\\\/#website\",\"url\":\"https:\\\/\\\/buletin.de\\\/bucuresti\\\/\",\"name\":\"Buletin de Bucure\u0219ti\",\"description\":\"\u0218tiri \u0219i investiga\u021bii esen\u021biale din capital\u0103\",\"publisher\":{\"@id\":\"https:\\\/\\\/buletin.de\\\/bucuresti\\\/#organization\"},\"potentialAction\":[{\"@type\":\"SearchAction\",\"target\":{\"@type\":\"EntryPoint\",\"urlTemplate\":\"https:\\\/\\\/buletin.de\\\/bucuresti\\\/?s={search_term_string}\"},\"query-input\":{\"@type\":\"PropertyValueSpecification\",\"valueRequired\":true,\"valueName\":\"search_term_string\"}}],\"inLanguage\":\"en-GB\"},{\"@type\":\"Organization\",\"@id\":\"https:\\\/\\\/buletin.de\\\/bucuresti\\\/#organization\",\"name\":\"Buletin de Bucure\u0219ti\",\"url\":\"https:\\\/\\\/buletin.de\\\/bucuresti\\\/\",\"logo\":{\"@type\":\"ImageObject\",\"inLanguage\":\"en-GB\",\"@id\":\"https:\\\/\\\/buletin.de\\\/bucuresti\\\/#\\\/schema\\\/logo\\\/image\\\/\",\"url\":\"https:\\\/\\\/buletin.de\\\/bucuresti\\\/wp-content\\\/uploads\\\/logo-bdb-full-wide-vernil-transparent.png\",\"contentUrl\":\"https:\\\/\\\/buletin.de\\\/bucuresti\\\/wp-content\\\/uploads\\\/logo-bdb-full-wide-vernil-transparent.png\",\"width\":1782,\"height\":626,\"caption\":\"Buletin de Bucure\u0219ti\"},\"image\":{\"@id\":\"https:\\\/\\\/buletin.de\\\/bucuresti\\\/#\\\/schema\\\/logo\\\/image\\\/\"},\"sameAs\":[\"https:\\\/\\\/www.facebook.com\\\/buletin.de.buc\",\"https:\\\/\\\/www.instagram.com\\\/buletinde.bucuresti\\\/\"]},{\"@type\":\"Person\",\"@id\":\"https:\\\/\\\/buletin.de\\\/bucuresti\\\/#\\\/schema\\\/person\\\/7e46040573290777280a0835d81ea4ea\",\"name\":\"Diana Matei\",\"image\":{\"@type\":\"ImageObject\",\"inLanguage\":\"en-GB\",\"@id\":\"https:\\\/\\\/buletin.de\\\/bucuresti\\\/wp-content\\\/uploads\\\/9-2-96x96.jpg1e8590b30871d70e62ebcdaf2eff570c\",\"url\":\"https:\\\/\\\/buletin.de\\\/bucuresti\\\/wp-content\\\/uploads\\\/9-2-96x96.jpg\",\"contentUrl\":\"https:\\\/\\\/buletin.de\\\/bucuresti\\\/wp-content\\\/uploads\\\/9-2-96x96.jpg\",\"caption\":\"Diana Matei\"},\"url\":\"https:\\\/\\\/buletin.de\\\/bucuresti\\\/author\\\/dianamatei\\\/\"}]}<\/script>\n<!-- \/ Yoast SEO Premium plugin. -->","yoast_head_json":{"title":"Re\u021bele Electrice Muntenia \u00eentrerupe curentul electric \u00een Bucure\u0219ti, Ilfov \u0219i Giurgiu. Care sunt zonele afectate - Buletin de Bucure\u0219ti","description":"Unde \u00eentrerupe curentul electric\u00a0Re\u021bele Electrice Muntenia\u00a0\u00een Bucure\u0219ti, Ilfov \u0219i Giurgiu, \u00een perioada 2-8 februarie 2026.","robots":{"index":"index","follow":"follow","max-snippet":"max-snippet:-1","max-image-preview":"max-image-preview:large","max-video-preview":"max-video-preview:-1"},"canonical":"https:\/\/buletin.de\/bucuresti\/retele-electrice-muntenia-intrerupe-curentul-electric-in-bucuresti-ilfov-si-giurgiu-care-sunt-zonele-afectate-6\/","og_locale":"en_GB","og_type":"article","og_title":"Re\u021bele Electrice Muntenia \u00eentrerupe curentul electric \u00een Bucure\u0219ti, Ilfov \u0219i Giurgiu. Care sunt zonele afectate","og_description":"Unde \u00eentrerupe curentul electric\u00a0Re\u021bele Electrice Muntenia\u00a0\u00een Bucure\u0219ti, Ilfov \u0219i Giurgiu, \u00een perioada 2-8 februarie 2026.","og_url":"https:\/\/buletin.de\/bucuresti\/retele-electrice-muntenia-intrerupe-curentul-electric-in-bucuresti-ilfov-si-giurgiu-care-sunt-zonele-afectate-6\/","og_site_name":"Buletin de Bucure\u0219ti","article_publisher":"https:\/\/www.facebook.com\/buletin.de.buc","article_published_time":"2026-01-31T03:45:00+00:00","og_image":[{"width":1000,"height":600,"url":"https:\/\/buletin.de\/bucuresti\/wp-content\/uploads\/2025\/08\/intreruperi-curent-1-1.webp","type":"image\/webp"}],"author":"Diana Matei","twitter_card":"summary_large_image","twitter_misc":{"Written by":"Diana Matei","Estimated reading time":"3 minutes"},"schema":{"@context":"https:\/\/schema.org","@graph":[{"@type":"Article","@id":"https:\/\/buletin.de\/bucuresti\/retele-electrice-muntenia-intrerupe-curentul-electric-in-bucuresti-ilfov-si-giurgiu-care-sunt-zonele-afectate-6\/#article","isPartOf":{"@id":"https:\/\/buletin.de\/bucuresti\/retele-electrice-muntenia-intrerupe-curentul-electric-in-bucuresti-ilfov-si-giurgiu-care-sunt-zonele-afectate-6\/"},"author":{"name":"Diana Matei","@id":"https:\/\/buletin.de\/bucuresti\/#\/schema\/person\/7e46040573290777280a0835d81ea4ea"},"headline":"Re\u021bele Electrice Muntenia \u00eentrerupe curentul electric \u00een Bucure\u0219ti, Ilfov \u0219i Giurgiu. Care sunt zonele afectate","datePublished":"2026-01-31T03:45:00+00:00","mainEntityOfPage":{"@id":"https:\/\/buletin.de\/bucuresti\/retele-electrice-muntenia-intrerupe-curentul-electric-in-bucuresti-ilfov-si-giurgiu-care-sunt-zonele-afectate-6\/"},"wordCount":558,"publisher":{"@id":"https:\/\/buletin.de\/bucuresti\/#organization"},"image":{"@id":"https:\/\/buletin.de\/bucuresti\/retele-electrice-muntenia-intrerupe-curentul-electric-in-bucuresti-ilfov-si-giurgiu-care-sunt-zonele-afectate-6\/#primaryimage"},"thumbnailUrl":"https:\/\/buletin.de\/bucuresti\/wp-content\/uploads\/2025\/08\/intreruperi-curent-1-1.webp","keywords":["intrerupere curent Bucuresti","Intrerupere curent Giurgiu","intrerupere curent Ilfov","retele electrice","se intrerupe curentul electric"],"articleSection":["Articole","\u0218tiri"],"inLanguage":"en-GB","copyrightYear":"2026","copyrightHolder":{"@id":"https:\/\/buletin.de\/bucuresti\/#organization"}},{"@type":"WebPage","@id":"https:\/\/buletin.de\/bucuresti\/retele-electrice-muntenia-intrerupe-curentul-electric-in-bucuresti-ilfov-si-giurgiu-care-sunt-zonele-afectate-6\/","url":"https:\/\/buletin.de\/bucuresti\/retele-electrice-muntenia-intrerupe-curentul-electric-in-bucuresti-ilfov-si-giurgiu-care-sunt-zonele-afectate-6\/","name":"Re\u021bele Electrice Muntenia \u00eentrerupe curentul electric \u00een Bucure\u0219ti, Ilfov \u0219i Giurgiu. Care sunt zonele afectate - Buletin de Bucure\u0219ti","isPartOf":{"@id":"https:\/\/buletin.de\/bucuresti\/#website"},"primaryImageOfPage":{"@id":"https:\/\/buletin.de\/bucuresti\/retele-electrice-muntenia-intrerupe-curentul-electric-in-bucuresti-ilfov-si-giurgiu-care-sunt-zonele-afectate-6\/#primaryimage"},"image":{"@id":"https:\/\/buletin.de\/bucuresti\/retele-electrice-muntenia-intrerupe-curentul-electric-in-bucuresti-ilfov-si-giurgiu-care-sunt-zonele-afectate-6\/#primaryimage"},"thumbnailUrl":"https:\/\/buletin.de\/bucuresti\/wp-content\/uploads\/2025\/08\/intreruperi-curent-1-1.webp","datePublished":"2026-01-31T03:45:00+00:00","description":"Unde \u00eentrerupe curentul electric\u00a0Re\u021bele Electrice Muntenia\u00a0\u00een Bucure\u0219ti, Ilfov \u0219i Giurgiu, \u00een perioada 2-8 februarie 2026.","breadcrumb":{"@id":"https:\/\/buletin.de\/bucuresti\/retele-electrice-muntenia-intrerupe-curentul-electric-in-bucuresti-ilfov-si-giurgiu-care-sunt-zonele-afectate-6\/#breadcrumb"},"inLanguage":"en-GB","potentialAction":[{"@type":"ReadAction","target":["https:\/\/buletin.de\/bucuresti\/retele-electrice-muntenia-intrerupe-curentul-electric-in-bucuresti-ilfov-si-giurgiu-care-sunt-zonele-afectate-6\/"]}]},{"@type":"ImageObject","inLanguage":"en-GB","@id":"https:\/\/buletin.de\/bucuresti\/retele-electrice-muntenia-intrerupe-curentul-electric-in-bucuresti-ilfov-si-giurgiu-care-sunt-zonele-afectate-6\/#primaryimage","url":"https:\/\/buletin.de\/bucuresti\/wp-content\/uploads\/2025\/08\/intreruperi-curent-1-1.webp","contentUrl":"https:\/\/buletin.de\/bucuresti\/wp-content\/uploads\/2025\/08\/intreruperi-curent-1-1.webp","width":1000,"height":600,"caption":"Se \u00eentrerupe curentul electric \u00een Bucure\u0219ti \u0219i Ilfov. Re\u021bele Electrice Muntenia anun\u021b\u0103 care sunt zonele afectate. FOTO: Retele Electrice"},{"@type":"BreadcrumbList","@id":"https:\/\/buletin.de\/bucuresti\/retele-electrice-muntenia-intrerupe-curentul-electric-in-bucuresti-ilfov-si-giurgiu-care-sunt-zonele-afectate-6\/#breadcrumb","itemListElement":[{"@type":"ListItem","position":1,"name":"Acas\u0103","item":"https:\/\/buletin.de\/bucuresti\/"},{"@type":"ListItem","position":2,"name":"Re\u021bele Electrice Muntenia \u00eentrerupe curentul electric \u00een Bucure\u0219ti, Ilfov \u0219i Giurgiu. Care sunt zonele afectate"}]},{"@type":"WebSite","@id":"https:\/\/buletin.de\/bucuresti\/#website","url":"https:\/\/buletin.de\/bucuresti\/","name":"Buletin de Bucure\u0219ti","description":"\u0218tiri \u0219i investiga\u021bii esen\u021biale din capital\u0103","publisher":{"@id":"https:\/\/buletin.de\/bucuresti\/#organization"},"potentialAction":[{"@type":"SearchAction","target":{"@type":"EntryPoint","urlTemplate":"https:\/\/buletin.de\/bucuresti\/?s={search_term_string}"},"query-input":{"@type":"PropertyValueSpecification","valueRequired":true,"valueName":"search_term_string"}}],"inLanguage":"en-GB"},{"@type":"Organization","@id":"https:\/\/buletin.de\/bucuresti\/#organization","name":"Buletin de Bucure\u0219ti","url":"https:\/\/buletin.de\/bucuresti\/","logo":{"@type":"ImageObject","inLanguage":"en-GB","@id":"https:\/\/buletin.de\/bucuresti\/#\/schema\/logo\/image\/","url":"https:\/\/buletin.de\/bucuresti\/wp-content\/uploads\/logo-bdb-full-wide-vernil-transparent.png","contentUrl":"https:\/\/buletin.de\/bucuresti\/wp-content\/uploads\/logo-bdb-full-wide-vernil-transparent.png","width":1782,"height":626,"caption":"Buletin de Bucure\u0219ti"},"image":{"@id":"https:\/\/buletin.de\/bucuresti\/#\/schema\/logo\/image\/"},"sameAs":["https:\/\/www.facebook.com\/buletin.de.buc","https:\/\/www.instagram.com\/buletinde.bucuresti\/"]},{"@type":"Person","@id":"https:\/\/buletin.de\/bucuresti\/#\/schema\/person\/7e46040573290777280a0835d81ea4ea","name":"Diana Matei","image":{"@type":"ImageObject","inLanguage":"en-GB","@id":"https:\/\/buletin.de\/bucuresti\/wp-content\/uploads\/9-2-96x96.jpg1e8590b30871d70e62ebcdaf2eff570c","url":"https:\/\/buletin.de\/bucuresti\/wp-content\/uploads\/9-2-96x96.jpg","contentUrl":"https:\/\/buletin.de\/bucuresti\/wp-content\/uploads\/9-2-96x96.jpg","caption":"Diana Matei"},"url":"https:\/\/buletin.de\/bucuresti\/author\/dianamatei\/"}]}},"authors":[{"term_id":22574,"user_id":49,"is_guest":0,"slug":"dianamatei","display_name":"Diana Matei","avatar_url":"https:\/\/buletin.de\/bucuresti\/wp-content\/uploads\/9-2-96x96.jpg","0":null,"1":"","2":"","3":"","4":"","5":"","6":"","7":"","8":""}],"_links":{"self":[{"href":"https:\/\/buletin.de\/bucuresti\/wp-json\/wp\/v2\/posts\/170499","targetHints":{"allow":["GET"]}}],"collection":[{"href":"https:\/\/buletin.de\/bucuresti\/wp-json\/wp\/v2\/posts"}],"about":[{"href":"https:\/\/buletin.de\/bucuresti\/wp-json\/wp\/v2\/types\/post"}],"author":[{"embeddable":true,"href":"https:\/\/buletin.de\/bucuresti\/wp-json\/wp\/v2\/users\/49"}],"replies":[{"embeddable":true,"href":"https:\/\/buletin.de\/bucuresti\/wp-json\/wp\/v2\/comments?post=170499"}],"version-history":[{"count":2,"href":"https:\/\/buletin.de\/bucuresti\/wp-json\/wp\/v2\/posts\/170499\/revisions"}],"predecessor-version":[{"id":170515,"href":"https:\/\/buletin.de\/bucuresti\/wp-json\/wp\/v2\/posts\/170499\/revisions\/170515"}],"wp:featuredmedia":[{"embeddable":true,"href":"https:\/\/buletin.de\/bucuresti\/wp-json\/wp\/v2\/media\/142602"}],"wp:attachment":[{"href":"https:\/\/buletin.de\/bucuresti\/wp-json\/wp\/v2\/media?parent=170499"}],"wp:term":[{"taxonomy":"category","embeddable":true,"href":"https:\/\/buletin.de\/bucuresti\/wp-json\/wp\/v2\/categories?post=170499"},{"taxonomy":"post_tag","embeddable":true,"href":"https:\/\/buletin.de\/bucuresti\/wp-json\/wp\/v2\/tags?post=170499"},{"taxonomy":"author","embeddable":true,"href":"https:\/\/buletin.de\/bucuresti\/wp-json\/wp\/v2\/ppma_author?post=170499"}],"curies":[{"name":"wp","href":"https:\/\/api.w.org\/{rel}","templated":true}]}}