{"id":170486,"date":"2026-01-30T15:13:21","date_gmt":"2026-01-30T12:13:21","guid":{"rendered":"https:\/\/buletin.de\/bucuresti\/?p=170486"},"modified":"2026-01-30T15:37:54","modified_gmt":"2026-01-30T12:37:54","slug":"consiliul-general-a-refuzat-ca-bucurestiul-sa-fie-gazda-a-evenimentului-forumul-oraselor-2027-organizat-de-comisia-europeana","status":"publish","type":"post","link":"https:\/\/buletin.de\/bucuresti\/consiliul-general-a-refuzat-ca-bucurestiul-sa-fie-gazda-a-evenimentului-forumul-oraselor-2027-organizat-de-comisia-europeana\/","title":{"rendered":"Consiliul General a refuzat ca Bucure\u0219tiul s\u0103 fie gazd\u0103 a evenimentului Forumul Ora\u0219elor 2027, organizat de Comisia European\u0103"},"content":{"rendered":"\n<p><strong>Consilerii generali au respins, \u00een \u0219edin\u021ba de joi, proiectul de hot\u0103r\u00e2re prin care Bucure\u0219tiul ar fi urmat s\u0103-\u0219i depun\u0103 candidatura pentru a g\u0103zdui evenimentul Forumul Ora\u0219elor 2027 (Cities Forum), organizat de Comisia European\u0103. <\/strong><\/p>\n\n\n\n<p>Institu\u021bia european\u0103 a anun\u021bat c\u0103 este \u00een c\u0103utarea unui ora\u0219 gazd\u0103 pentrua \u0219aptea edi\u021bie a acestui eveniment. <\/p>\n\n\n\n<p>\u201eAceasta este o ocazie unic\u0103 pentru ora\u0219e de a contribui la discu\u021bii importante privind dimensiunea urban\u0103 a politicii de coeziune \u0219i de a-\u0219i demonstra angajamentul fa\u021b\u0103 de dezvoltarea urban\u0103 durabil\u0103. Toate ora\u0219ele din UE interesate sunt invitate s\u0103 \u00ee\u0219i depun\u0103 candidatura. (&#8230;) <\/p>\n\n\n\n<p>Forumul ora\u0219elor este evenimentul cheie al Comisiei Europene axat pe dimensiunea urban\u0103 a politicii de coeziune a UE \u0219i pe ini\u021biativele la nivel european care sprijin\u0103 dezvoltarea urban\u0103 durabil\u0103. Este coorganizat de EUI \u0219i Direc\u021bia General\u0103 Politic\u0103 Regional\u0103 \u0219i Urban\u0103 a Comisiei Europene (DG REGIO)\u201d, se arat\u0103 \u00een<a href=\"https:\/\/ec.europa.eu\/regional_policy\/whats-new\/newsroom\/12-01-2026-are-you-the-next-cities-forum-host_en\" target=\"_blank\" rel=\"noreferrer noopener\"> apelul f\u0103cut de Comisia European\u0103<\/a>. <\/p>\n\n\n\n<p><strong>CITE\u0218TE \u0218I: <a href=\"https:\/\/buletin.de\/bucuresti\/reportaj-negativul-unei-sedinte-cu-scantei-ciucu-globus-jelea-opozitiei-si-consilierul-chatcgmb-au-regizat-comasarile-biletul-stb-si-gramatica-de-partid\/\" target=\"_blank\" rel=\"noreferrer noopener\">REPORTAJ | \u201eNegativul\u201d unei \u0219edinte cu sc\u00e2ntei: \u201eCiucu Globus\u201d, \u201eJelea Opozi\u021biei\u201d \u0219i consilierul ChatCGMB au \u201eregizat\u201d comas\u0103rile, biletul STB \u0219i gramatica de partid<\/a><\/strong><\/p>\n\n\n\n<h2 class=\"wp-block-heading\" id=\"h-ce-presupunea-pentru-bucure\u0219ti-sa-fie-gazda-a-forumului-ora\u0219elor-2027\">Ce presupunea pentru Bucure\u0219ti s\u0103 fie gazd\u0103 a Forumului Ora\u0219elor 2027<\/h2>\n\n\n\n<p><strong>Forumul Ora\u0219elor este organizat de c\u0103tre Comisia European\u0103 o dat\u0103 la noi ani. Institu\u021bia de la Bruxelles pune la dispozi\u021bie o parte din banii pentru g\u0103zduirea evenimentul, iar ora\u0219ul gazd\u0103 trebuie s\u0103 vin\u0103 cu contribu\u021bia sa financiar\u0103. <\/strong><\/p>\n\n\n\n<p>\u201eOra\u0219ul gazd\u0103 trebuie s\u0103 contribuie par{ial, oferind un Ioc capabil de a g\u0103zdui evenimentele, organiz\u00e2nd vizite Ia fa\u021ba locului, ajut\u00e2nd la comunicare, activit\u0103\u021bi \u0219i asigurarea particip\u0103rii politice a \u021b\u0103rii.<\/p>\n\n\n\n<p>Locul de desf\u0103\u0219urare trebuie s\u0103 fie potrlvit pentru un public numeros (aproximativ 800 de participanji). Num\u0103rul de participan\u021bi poate varia p\u00e2n\u0103 la sf\u00e2r\u0219itul procesului de \u00eenregistrare cu aproximativ 2 s\u0103pt\u0103m\u00e2ni \u00eenainte de eveniment, ceea ce necesit\u0103 spa\u021bii flexibile \u0219i capacitate de adaptare rapid\u0103\u201d, se arat\u0103 \u00een <a href=\"https:\/\/doc.pmb.ro\/consiliu\/sedinte\/567\/oz\/13147.pdf\" target=\"_blank\" rel=\"noreferrer noopener\">raportul de specialitate ata\u0219at proiectului de hot\u0103r\u00e2re <\/a>prin care se propunea candidatura Bucure\u0219tiului pentru a deveni gazd\u0103. <\/p>\n\n\n\n<p>Spa\u021biul respectiv trebuia s\u0103 fie u\u0219or accesibil cu mijloacele de transport \u00een comun, \u00een zona central\u0103 a ora\u0219ului \u0219i flexibil pentru diferite formate de evenimente, inclusiv hibrid. <\/p>\n\n\n\n<p>Comisia European\u0103 <a href=\"https:\/\/ec.europa.eu\/regional_policy\/whats-new\/newsroom\/12-01-2026-are-you-the-next-cities-forum-host_en\" target=\"_blank\" rel=\"noreferrer noopener\">sus\u021bine<\/a> c\u0103 ora\u0219ul care g\u0103zduie\u0219te Forumul Ora\u0219elor 2027 are ca beneficii oportunitatea de a \u201eeviden\u021bia caracteristicile speciale ale localit\u0103\u021bii \u0219i contribu\u021biile sale la dezvoltarea urban\u0103 durabil\u0103 \u00een cadrul evenimentului, juca un rol activ \u00een discu\u021biile esen\u021biale privind dimensiunea urban\u0103 a politicii de coeziune a UE, cre\u0219te vizibilitatea ora\u0219ului dumneavoastr\u0103 pe scena european\u0103 \u0219i atrage\u021bi aten\u021bia asupra realiz\u0103rilor \u0219i aspira\u021biilor sale \u00een materie de dezvoltare urban\u0103, construi rela\u021bii valoroase cu factorii de decizie, practicienii \u0219i p\u0103r\u021bile interesate din domeniul urban din \u00eentreaga Europ\u0103, consolid\u00e2nd re\u021beaua \u0219i baza de cuno\u0219tin\u021be a ora\u0219ului dumneavoastr\u0103\u201d.<\/p>\n\n\n\n<p><strong>CITE\u0218TE \u0218I:\u00a0<a href=\"https:\/\/buletin.de\/bucuresti\/cgmb-a-respins-anchetele-fiscale-pentru-stb-si-termoenergetica-ciucu-cui-ii-e-frica-de-transparenta\/\" target=\"_blank\" rel=\"noreferrer noopener\">Anchetele fiscale de la STB \u0219i Termoenergetica cerute de Ciprian Ciucu, blocate de Consiliul General. Primarul general: \u201eCui \u00eei e fric\u0103 de transparen\u021b\u0103?\u201d<\/a><\/strong><\/p>\n\n\n\n<h2 class=\"wp-block-heading\" id=\"h-de-ce-nu-au-vrut-consilierii-generali-ca-bucure\u0219tiul-sa-participe-la-competi\u021bie\">De ce nu au vrut consilierii generali ca Bucure\u0219tiul s\u0103 participe la competi\u021bie<\/h2>\n\n\n\n<p><strong>Totu\u0219i, \u00een \u0219edin\u021ba de joi, 28 de consileri generali au fost \u00eempotriva depunerii unei candidaturi a Bucure\u0219tiului pentru a g\u0103zdui Forumul Ora\u0219elor 2027. Doar 26 au fost de acord, insuficient pentru ca proiectul s\u0103 fie aprobat.<\/strong><\/p>\n\n\n\n<p>\u201ePrim\u0103ria Bucure\u0219ti a mai candidat \u0219i \u00een urm\u0103 cu doi ani \u0219i a fost aproape s\u0103 c\u00e2\u0219tige. Ce ave\u021bi cu bucure\u0219tenii? Am fi avut ocazia s\u0103 ar\u0103t\u0103m proiectele bune care s-au f\u0103cut \u00een ora\u0219ul nostru. P\u0103cat\u201d, a declarat primarul general Ciprian Ciucu, dup\u0103 vot. <\/p>\n\n\n\n<p>\u00cen replic\u0103, viceprimarul Adrian Vigheciu, reprezentant al consilierilor generali PSD, a sus\u021binut c\u0103, din moment ce acest forum \u201ese axa \u00een special pe zona de proiectare urban\u0103, regenerare urban\u0103, politici publice pe aceast\u0103 zon\u0103 \u0219i bune practici. Mie mi-ar fi ru\u0219ine s\u0103 particip\u0103m la acest forum, \u00een condi\u021biile \u00een care noi efectiv, de 15 ani, ne t\u00e2r\u00e2m \u00een a face pa\u0219i \u00een elaborarea unui Plan Urbanistic General. Nu suntem un model de bune practici\u201d.<\/p>\n\n\n\n<p><strong>CITE\u0218TE \u0218I:\u00a0<a href=\"https:\/\/buletin.de\/bucuresti\/biletele-stb-nu-se-mai-scumpesc-prima-infrangere-politica-a-lui-ciprian-ciucu-in-relatie-cu-consiliul-general\/\" target=\"_blank\" rel=\"noreferrer noopener\">Biletele STB nu se mai scumpesc. Prima \u00eenfr\u00e2ngere politic\u0103 a lui Ciprian Ciucu \u00een rela\u021bie cu Consiliul General<\/a><\/strong><\/p>\n","protected":false},"excerpt":{"rendered":"<p>Consilerii generali au respins, \u00een \u0219edin\u021ba de joi, proiectul de hot\u0103r\u00e2re prin care Bucure\u0219tiul ar fi urmat s\u0103-\u0219i depun\u0103 candidatura pentru a g\u0103zdui evenimentul Forumul Ora\u0219elor 2027 (Cities Forum), organizat de Comisia European\u0103. Institu\u021bia european\u0103 a anun\u021bat c\u0103 este \u00een c\u0103utarea unui ora\u0219 gazd\u0103 pentrua \u0219aptea edi\u021bie a acestui eveniment. \u201eAceasta este o ocazie unic\u0103 [&hellip;]<\/p>\n","protected":false},"author":60,"featured_media":170505,"comment_status":"closed","ping_status":"open","sticky":false,"template":"","format":"standard","meta":{"_acf_changed":false,"inline_featured_image":false,"ngg_post_thumbnail":0,"footnotes":""},"categories":[6994,5762,24],"tags":[2089,577,26131,104],"ppma_author":[22582],"class_list":["post-170486","post","type-post","status-publish","format-standard","has-post-thumbnail","hentry","category-stiri-2","category-main","category-primarie","tag-ciprian-ciucu","tag-comisia-europeana","tag-forumul-oraselor","tag-pmb"],"acf":[],"yoast_head":"<!-- This site is optimized with the Yoast SEO Premium plugin v25.3 (Yoast SEO v27.5) - https:\/\/yoast.com\/product\/yoast-seo-premium-wordpress\/ -->\n<title>Consiliul General a refuzat ca Bucure\u0219tiul s\u0103 fie gazd\u0103 a evenimentului Forumul Ora\u0219elor 2027, organizat de Comisia European\u0103 - Buletin de Bucure\u0219ti<\/title>\n<meta name=\"description\" content=\"Consilerii generali au respins candidatura pentru a g\u0103zdui evenimentul Forumul Ora\u0219elor 2027 (Cities Forum), organizat de Comisia European\u0103.\" \/>\n<meta name=\"robots\" content=\"index, follow, max-snippet:-1, max-image-preview:large, max-video-preview:-1\" \/>\n<link rel=\"canonical\" href=\"https:\/\/buletin.de\/bucuresti\/consiliul-general-a-refuzat-ca-bucurestiul-sa-fie-gazda-a-evenimentului-forumul-oraselor-2027-organizat-de-comisia-europeana\/\" \/>\n<meta property=\"og:locale\" content=\"en_GB\" \/>\n<meta property=\"og:type\" content=\"article\" \/>\n<meta property=\"og:title\" content=\"Consiliul General a refuzat ca Bucure\u0219tiul s\u0103 fie gazd\u0103 a evenimentului Forumul Ora\u0219elor 2027, organizat de Comisia European\u0103\" \/>\n<meta property=\"og:description\" content=\"Consilerii generali au respins candidatura pentru a g\u0103zdui evenimentul Forumul Ora\u0219elor 2027 (Cities Forum), organizat de Comisia European\u0103.\" \/>\n<meta property=\"og:url\" content=\"https:\/\/buletin.de\/bucuresti\/consiliul-general-a-refuzat-ca-bucurestiul-sa-fie-gazda-a-evenimentului-forumul-oraselor-2027-organizat-de-comisia-europeana\/\" \/>\n<meta property=\"og:site_name\" content=\"Buletin de Bucure\u0219ti\" \/>\n<meta property=\"article:publisher\" content=\"https:\/\/www.facebook.com\/buletin.de.buc\" \/>\n<meta property=\"article:published_time\" content=\"2026-01-30T12:13:21+00:00\" \/>\n<meta property=\"article:modified_time\" content=\"2026-01-30T12:37:54+00:00\" \/>\n<meta property=\"og:image\" content=\"https:\/\/buletin.de\/bucuresti\/wp-content\/uploads\/2026\/01\/forumuloraselor.jpeg\" \/>\n\t<meta property=\"og:image:width\" content=\"630\" \/>\n\t<meta property=\"og:image:height\" content=\"397\" \/>\n\t<meta property=\"og:image:type\" content=\"image\/jpeg\" \/>\n<meta name=\"author\" content=\"R\u0103zvan Chiru\u021b\u0103\" \/>\n<meta name=\"twitter:card\" content=\"summary_large_image\" \/>\n<meta name=\"twitter:label1\" content=\"Written by\" \/>\n\t<meta name=\"twitter:data1\" content=\"R\u0103zvan Chiru\u021b\u0103\" \/>\n\t<meta name=\"twitter:label2\" content=\"Estimated reading time\" \/>\n\t<meta name=\"twitter:data2\" content=\"4 minutes\" \/>\n<script type=\"application\/ld+json\" class=\"yoast-schema-graph\">{\"@context\":\"https:\\\/\\\/schema.org\",\"@graph\":[{\"@type\":\"Article\",\"@id\":\"https:\\\/\\\/buletin.de\\\/bucuresti\\\/consiliul-general-a-refuzat-ca-bucurestiul-sa-fie-gazda-a-evenimentului-forumul-oraselor-2027-organizat-de-comisia-europeana\\\/#article\",\"isPartOf\":{\"@id\":\"https:\\\/\\\/buletin.de\\\/bucuresti\\\/consiliul-general-a-refuzat-ca-bucurestiul-sa-fie-gazda-a-evenimentului-forumul-oraselor-2027-organizat-de-comisia-europeana\\\/\"},\"author\":{\"name\":\"R\u0103zvan Chiru\u021b\u0103\",\"@id\":\"https:\\\/\\\/buletin.de\\\/bucuresti\\\/#\\\/schema\\\/person\\\/a76df728dfc913795a9d90e346b253bb\"},\"headline\":\"Consiliul General a refuzat ca Bucure\u0219tiul s\u0103 fie gazd\u0103 a evenimentului Forumul Ora\u0219elor 2027, organizat de Comisia European\u0103\",\"datePublished\":\"2026-01-30T12:13:21+00:00\",\"dateModified\":\"2026-01-30T12:37:54+00:00\",\"mainEntityOfPage\":{\"@id\":\"https:\\\/\\\/buletin.de\\\/bucuresti\\\/consiliul-general-a-refuzat-ca-bucurestiul-sa-fie-gazda-a-evenimentului-forumul-oraselor-2027-organizat-de-comisia-europeana\\\/\"},\"wordCount\":760,\"publisher\":{\"@id\":\"https:\\\/\\\/buletin.de\\\/bucuresti\\\/#organization\"},\"image\":{\"@id\":\"https:\\\/\\\/buletin.de\\\/bucuresti\\\/consiliul-general-a-refuzat-ca-bucurestiul-sa-fie-gazda-a-evenimentului-forumul-oraselor-2027-organizat-de-comisia-europeana\\\/#primaryimage\"},\"thumbnailUrl\":\"https:\\\/\\\/buletin.de\\\/bucuresti\\\/wp-content\\\/uploads\\\/2026\\\/01\\\/forumuloraselor.jpeg\",\"keywords\":[\"ciprian ciucu\",\"Comisia Europeana\",\"forumul oraselor\",\"pmb\"],\"articleSection\":[\"Articole\",\"Main\",\"Prim\u0103rie\"],\"inLanguage\":\"en-GB\",\"copyrightYear\":\"2026\",\"copyrightHolder\":{\"@id\":\"https:\\\/\\\/buletin.de\\\/bucuresti\\\/#organization\"}},{\"@type\":\"WebPage\",\"@id\":\"https:\\\/\\\/buletin.de\\\/bucuresti\\\/consiliul-general-a-refuzat-ca-bucurestiul-sa-fie-gazda-a-evenimentului-forumul-oraselor-2027-organizat-de-comisia-europeana\\\/\",\"url\":\"https:\\\/\\\/buletin.de\\\/bucuresti\\\/consiliul-general-a-refuzat-ca-bucurestiul-sa-fie-gazda-a-evenimentului-forumul-oraselor-2027-organizat-de-comisia-europeana\\\/\",\"name\":\"Consiliul General a refuzat ca Bucure\u0219tiul s\u0103 fie gazd\u0103 a evenimentului Forumul Ora\u0219elor 2027, organizat de Comisia European\u0103 - Buletin de Bucure\u0219ti\",\"isPartOf\":{\"@id\":\"https:\\\/\\\/buletin.de\\\/bucuresti\\\/#website\"},\"primaryImageOfPage\":{\"@id\":\"https:\\\/\\\/buletin.de\\\/bucuresti\\\/consiliul-general-a-refuzat-ca-bucurestiul-sa-fie-gazda-a-evenimentului-forumul-oraselor-2027-organizat-de-comisia-europeana\\\/#primaryimage\"},\"image\":{\"@id\":\"https:\\\/\\\/buletin.de\\\/bucuresti\\\/consiliul-general-a-refuzat-ca-bucurestiul-sa-fie-gazda-a-evenimentului-forumul-oraselor-2027-organizat-de-comisia-europeana\\\/#primaryimage\"},\"thumbnailUrl\":\"https:\\\/\\\/buletin.de\\\/bucuresti\\\/wp-content\\\/uploads\\\/2026\\\/01\\\/forumuloraselor.jpeg\",\"datePublished\":\"2026-01-30T12:13:21+00:00\",\"dateModified\":\"2026-01-30T12:37:54+00:00\",\"description\":\"Consilerii generali au respins candidatura pentru a g\u0103zdui evenimentul Forumul Ora\u0219elor 2027 (Cities Forum), organizat de Comisia European\u0103.\",\"breadcrumb\":{\"@id\":\"https:\\\/\\\/buletin.de\\\/bucuresti\\\/consiliul-general-a-refuzat-ca-bucurestiul-sa-fie-gazda-a-evenimentului-forumul-oraselor-2027-organizat-de-comisia-europeana\\\/#breadcrumb\"},\"inLanguage\":\"en-GB\",\"potentialAction\":[{\"@type\":\"ReadAction\",\"target\":[\"https:\\\/\\\/buletin.de\\\/bucuresti\\\/consiliul-general-a-refuzat-ca-bucurestiul-sa-fie-gazda-a-evenimentului-forumul-oraselor-2027-organizat-de-comisia-europeana\\\/\"]}]},{\"@type\":\"ImageObject\",\"inLanguage\":\"en-GB\",\"@id\":\"https:\\\/\\\/buletin.de\\\/bucuresti\\\/consiliul-general-a-refuzat-ca-bucurestiul-sa-fie-gazda-a-evenimentului-forumul-oraselor-2027-organizat-de-comisia-europeana\\\/#primaryimage\",\"url\":\"https:\\\/\\\/buletin.de\\\/bucuresti\\\/wp-content\\\/uploads\\\/2026\\\/01\\\/forumuloraselor.jpeg\",\"contentUrl\":\"https:\\\/\\\/buletin.de\\\/bucuresti\\\/wp-content\\\/uploads\\\/2026\\\/01\\\/forumuloraselor.jpeg\",\"width\":630,\"height\":397,\"caption\":\"Afi\u0219 pentru un eveniment anterior din cadrul Forumul Ora\u0219elor\"},{\"@type\":\"BreadcrumbList\",\"@id\":\"https:\\\/\\\/buletin.de\\\/bucuresti\\\/consiliul-general-a-refuzat-ca-bucurestiul-sa-fie-gazda-a-evenimentului-forumul-oraselor-2027-organizat-de-comisia-europeana\\\/#breadcrumb\",\"itemListElement\":[{\"@type\":\"ListItem\",\"position\":1,\"name\":\"Acas\u0103\",\"item\":\"https:\\\/\\\/buletin.de\\\/bucuresti\\\/\"},{\"@type\":\"ListItem\",\"position\":2,\"name\":\"Consiliul General a refuzat ca Bucure\u0219tiul s\u0103 fie gazd\u0103 a evenimentului Forumul Ora\u0219elor 2027, organizat de Comisia European\u0103\"}]},{\"@type\":\"WebSite\",\"@id\":\"https:\\\/\\\/buletin.de\\\/bucuresti\\\/#website\",\"url\":\"https:\\\/\\\/buletin.de\\\/bucuresti\\\/\",\"name\":\"Buletin de Bucure\u0219ti\",\"description\":\"\u0218tiri \u0219i investiga\u021bii esen\u021biale din capital\u0103\",\"publisher\":{\"@id\":\"https:\\\/\\\/buletin.de\\\/bucuresti\\\/#organization\"},\"potentialAction\":[{\"@type\":\"SearchAction\",\"target\":{\"@type\":\"EntryPoint\",\"urlTemplate\":\"https:\\\/\\\/buletin.de\\\/bucuresti\\\/?s={search_term_string}\"},\"query-input\":{\"@type\":\"PropertyValueSpecification\",\"valueRequired\":true,\"valueName\":\"search_term_string\"}}],\"inLanguage\":\"en-GB\"},{\"@type\":\"Organization\",\"@id\":\"https:\\\/\\\/buletin.de\\\/bucuresti\\\/#organization\",\"name\":\"Buletin de Bucure\u0219ti\",\"url\":\"https:\\\/\\\/buletin.de\\\/bucuresti\\\/\",\"logo\":{\"@type\":\"ImageObject\",\"inLanguage\":\"en-GB\",\"@id\":\"https:\\\/\\\/buletin.de\\\/bucuresti\\\/#\\\/schema\\\/logo\\\/image\\\/\",\"url\":\"https:\\\/\\\/buletin.de\\\/bucuresti\\\/wp-content\\\/uploads\\\/logo-bdb-full-wide-vernil-transparent.png\",\"contentUrl\":\"https:\\\/\\\/buletin.de\\\/bucuresti\\\/wp-content\\\/uploads\\\/logo-bdb-full-wide-vernil-transparent.png\",\"width\":1782,\"height\":626,\"caption\":\"Buletin de Bucure\u0219ti\"},\"image\":{\"@id\":\"https:\\\/\\\/buletin.de\\\/bucuresti\\\/#\\\/schema\\\/logo\\\/image\\\/\"},\"sameAs\":[\"https:\\\/\\\/www.facebook.com\\\/buletin.de.buc\",\"https:\\\/\\\/www.instagram.com\\\/buletinde.bucuresti\\\/\"]},{\"@type\":\"Person\",\"@id\":\"https:\\\/\\\/buletin.de\\\/bucuresti\\\/#\\\/schema\\\/person\\\/a76df728dfc913795a9d90e346b253bb\",\"name\":\"R\u0103zvan Chiru\u021b\u0103\",\"image\":{\"@type\":\"ImageObject\",\"inLanguage\":\"en-GB\",\"@id\":\"https:\\\/\\\/buletin.de\\\/bucuresti\\\/wp-content\\\/uploads\\\/Razvan-Chiruta-96x96.jpge7143b996fd4241fbd6ee1f6b6b7b267\",\"url\":\"https:\\\/\\\/buletin.de\\\/bucuresti\\\/wp-content\\\/uploads\\\/Razvan-Chiruta-96x96.jpg\",\"contentUrl\":\"https:\\\/\\\/buletin.de\\\/bucuresti\\\/wp-content\\\/uploads\\\/Razvan-Chiruta-96x96.jpg\",\"caption\":\"R\u0103zvan Chiru\u021b\u0103\"},\"description\":\"R\u0103zvan Chiru\u021b\u0103 este redactor-\u0219ef adjunct din iulie 2024. A fost redactor-\u0219ef al PRESShub \u00eentre 2022 \u0219i iunie 2024. Anterior, a fost redactor-\u0219ef al Newsweek Rom\u00e2nia, din 2018 p\u00e2n\u0103 \u00een 2021, \u0219i al cotidianului Rom\u00e2nia liber\u0103, \u00eentre 2015 \u0219i 2017. Este absolvent de Jurnalism, \u00een cadrul Universit\u0103\u021bii \u201eAl.I.Cuza\u201d din Ia\u0219i, \u0219i a urmat un master \u00een Managementul institu\u021biilor mass-media (f\u0103r\u0103 diserta\u021bie) la Facultatea de Jurnalism \u0219i \u0218tiin\u021bele Comunic\u0103rii din cadrul Universit\u0103\u021bii din Bucure\u0219ti. \u0218i-a \u00eenceput cariera la Opinia studen\u021beasc\u0103, cunoscuta \u0219coal\u0103 de pres\u0103 din Ia\u0219i. A lucrat \u00een presa local\u0103, apoi a devenit corespondent pentru Ia\u0219i al cotidianului Evenimentul Zilei. Din 2004, a coordonat pentru \u0219ase luni sec\u021bia de coresponden\u021bi a Evenimentului Zilei. A mai lucrat la s\u0103pt\u0103m\u00e2nalul Prezent \u0219i a colaborat cu revistele Dilema Veche \u0219i Suplimentul de Cultur\u0103. Este co-autor \u00een volumele \u201eMass-media \u0219i democra\u021bia \u00een Rom\u00e2nia post-comunist\u0103\u201d (ed. a II-a), Ed. Institutul European, Ia\u0219i, 2013, \u0219i \u201eCOVID - 19. Dimensiuni ale gestionarii pandemiei\u201d, Editura Junimea, Ia\u0219i, 2020.\",\"url\":\"https:\\\/\\\/buletin.de\\\/bucuresti\\\/author\\\/razvan-chiruta\\\/\"}]}<\/script>\n<!-- \/ Yoast SEO Premium plugin. -->","yoast_head_json":{"title":"Consiliul General a refuzat ca Bucure\u0219tiul s\u0103 fie gazd\u0103 a evenimentului Forumul Ora\u0219elor 2027, organizat de Comisia European\u0103 - Buletin de Bucure\u0219ti","description":"Consilerii generali au respins candidatura pentru a g\u0103zdui evenimentul Forumul Ora\u0219elor 2027 (Cities Forum), organizat de Comisia European\u0103.","robots":{"index":"index","follow":"follow","max-snippet":"max-snippet:-1","max-image-preview":"max-image-preview:large","max-video-preview":"max-video-preview:-1"},"canonical":"https:\/\/buletin.de\/bucuresti\/consiliul-general-a-refuzat-ca-bucurestiul-sa-fie-gazda-a-evenimentului-forumul-oraselor-2027-organizat-de-comisia-europeana\/","og_locale":"en_GB","og_type":"article","og_title":"Consiliul General a refuzat ca Bucure\u0219tiul s\u0103 fie gazd\u0103 a evenimentului Forumul Ora\u0219elor 2027, organizat de Comisia European\u0103","og_description":"Consilerii generali au respins candidatura pentru a g\u0103zdui evenimentul Forumul Ora\u0219elor 2027 (Cities Forum), organizat de Comisia European\u0103.","og_url":"https:\/\/buletin.de\/bucuresti\/consiliul-general-a-refuzat-ca-bucurestiul-sa-fie-gazda-a-evenimentului-forumul-oraselor-2027-organizat-de-comisia-europeana\/","og_site_name":"Buletin de Bucure\u0219ti","article_publisher":"https:\/\/www.facebook.com\/buletin.de.buc","article_published_time":"2026-01-30T12:13:21+00:00","article_modified_time":"2026-01-30T12:37:54+00:00","og_image":[{"width":630,"height":397,"url":"https:\/\/buletin.de\/bucuresti\/wp-content\/uploads\/2026\/01\/forumuloraselor.jpeg","type":"image\/jpeg"}],"author":"R\u0103zvan Chiru\u021b\u0103","twitter_card":"summary_large_image","twitter_misc":{"Written by":"R\u0103zvan Chiru\u021b\u0103","Estimated reading time":"4 minutes"},"schema":{"@context":"https:\/\/schema.org","@graph":[{"@type":"Article","@id":"https:\/\/buletin.de\/bucuresti\/consiliul-general-a-refuzat-ca-bucurestiul-sa-fie-gazda-a-evenimentului-forumul-oraselor-2027-organizat-de-comisia-europeana\/#article","isPartOf":{"@id":"https:\/\/buletin.de\/bucuresti\/consiliul-general-a-refuzat-ca-bucurestiul-sa-fie-gazda-a-evenimentului-forumul-oraselor-2027-organizat-de-comisia-europeana\/"},"author":{"name":"R\u0103zvan Chiru\u021b\u0103","@id":"https:\/\/buletin.de\/bucuresti\/#\/schema\/person\/a76df728dfc913795a9d90e346b253bb"},"headline":"Consiliul General a refuzat ca Bucure\u0219tiul s\u0103 fie gazd\u0103 a evenimentului Forumul Ora\u0219elor 2027, organizat de Comisia European\u0103","datePublished":"2026-01-30T12:13:21+00:00","dateModified":"2026-01-30T12:37:54+00:00","mainEntityOfPage":{"@id":"https:\/\/buletin.de\/bucuresti\/consiliul-general-a-refuzat-ca-bucurestiul-sa-fie-gazda-a-evenimentului-forumul-oraselor-2027-organizat-de-comisia-europeana\/"},"wordCount":760,"publisher":{"@id":"https:\/\/buletin.de\/bucuresti\/#organization"},"image":{"@id":"https:\/\/buletin.de\/bucuresti\/consiliul-general-a-refuzat-ca-bucurestiul-sa-fie-gazda-a-evenimentului-forumul-oraselor-2027-organizat-de-comisia-europeana\/#primaryimage"},"thumbnailUrl":"https:\/\/buletin.de\/bucuresti\/wp-content\/uploads\/2026\/01\/forumuloraselor.jpeg","keywords":["ciprian ciucu","Comisia Europeana","forumul oraselor","pmb"],"articleSection":["Articole","Main","Prim\u0103rie"],"inLanguage":"en-GB","copyrightYear":"2026","copyrightHolder":{"@id":"https:\/\/buletin.de\/bucuresti\/#organization"}},{"@type":"WebPage","@id":"https:\/\/buletin.de\/bucuresti\/consiliul-general-a-refuzat-ca-bucurestiul-sa-fie-gazda-a-evenimentului-forumul-oraselor-2027-organizat-de-comisia-europeana\/","url":"https:\/\/buletin.de\/bucuresti\/consiliul-general-a-refuzat-ca-bucurestiul-sa-fie-gazda-a-evenimentului-forumul-oraselor-2027-organizat-de-comisia-europeana\/","name":"Consiliul General a refuzat ca Bucure\u0219tiul s\u0103 fie gazd\u0103 a evenimentului Forumul Ora\u0219elor 2027, organizat de Comisia European\u0103 - Buletin de Bucure\u0219ti","isPartOf":{"@id":"https:\/\/buletin.de\/bucuresti\/#website"},"primaryImageOfPage":{"@id":"https:\/\/buletin.de\/bucuresti\/consiliul-general-a-refuzat-ca-bucurestiul-sa-fie-gazda-a-evenimentului-forumul-oraselor-2027-organizat-de-comisia-europeana\/#primaryimage"},"image":{"@id":"https:\/\/buletin.de\/bucuresti\/consiliul-general-a-refuzat-ca-bucurestiul-sa-fie-gazda-a-evenimentului-forumul-oraselor-2027-organizat-de-comisia-europeana\/#primaryimage"},"thumbnailUrl":"https:\/\/buletin.de\/bucuresti\/wp-content\/uploads\/2026\/01\/forumuloraselor.jpeg","datePublished":"2026-01-30T12:13:21+00:00","dateModified":"2026-01-30T12:37:54+00:00","description":"Consilerii generali au respins candidatura pentru a g\u0103zdui evenimentul Forumul Ora\u0219elor 2027 (Cities Forum), organizat de Comisia European\u0103.","breadcrumb":{"@id":"https:\/\/buletin.de\/bucuresti\/consiliul-general-a-refuzat-ca-bucurestiul-sa-fie-gazda-a-evenimentului-forumul-oraselor-2027-organizat-de-comisia-europeana\/#breadcrumb"},"inLanguage":"en-GB","potentialAction":[{"@type":"ReadAction","target":["https:\/\/buletin.de\/bucuresti\/consiliul-general-a-refuzat-ca-bucurestiul-sa-fie-gazda-a-evenimentului-forumul-oraselor-2027-organizat-de-comisia-europeana\/"]}]},{"@type":"ImageObject","inLanguage":"en-GB","@id":"https:\/\/buletin.de\/bucuresti\/consiliul-general-a-refuzat-ca-bucurestiul-sa-fie-gazda-a-evenimentului-forumul-oraselor-2027-organizat-de-comisia-europeana\/#primaryimage","url":"https:\/\/buletin.de\/bucuresti\/wp-content\/uploads\/2026\/01\/forumuloraselor.jpeg","contentUrl":"https:\/\/buletin.de\/bucuresti\/wp-content\/uploads\/2026\/01\/forumuloraselor.jpeg","width":630,"height":397,"caption":"Afi\u0219 pentru un eveniment anterior din cadrul Forumul Ora\u0219elor"},{"@type":"BreadcrumbList","@id":"https:\/\/buletin.de\/bucuresti\/consiliul-general-a-refuzat-ca-bucurestiul-sa-fie-gazda-a-evenimentului-forumul-oraselor-2027-organizat-de-comisia-europeana\/#breadcrumb","itemListElement":[{"@type":"ListItem","position":1,"name":"Acas\u0103","item":"https:\/\/buletin.de\/bucuresti\/"},{"@type":"ListItem","position":2,"name":"Consiliul General a refuzat ca Bucure\u0219tiul s\u0103 fie gazd\u0103 a evenimentului Forumul Ora\u0219elor 2027, organizat de Comisia European\u0103"}]},{"@type":"WebSite","@id":"https:\/\/buletin.de\/bucuresti\/#website","url":"https:\/\/buletin.de\/bucuresti\/","name":"Buletin de Bucure\u0219ti","description":"\u0218tiri \u0219i investiga\u021bii esen\u021biale din capital\u0103","publisher":{"@id":"https:\/\/buletin.de\/bucuresti\/#organization"},"potentialAction":[{"@type":"SearchAction","target":{"@type":"EntryPoint","urlTemplate":"https:\/\/buletin.de\/bucuresti\/?s={search_term_string}"},"query-input":{"@type":"PropertyValueSpecification","valueRequired":true,"valueName":"search_term_string"}}],"inLanguage":"en-GB"},{"@type":"Organization","@id":"https:\/\/buletin.de\/bucuresti\/#organization","name":"Buletin de Bucure\u0219ti","url":"https:\/\/buletin.de\/bucuresti\/","logo":{"@type":"ImageObject","inLanguage":"en-GB","@id":"https:\/\/buletin.de\/bucuresti\/#\/schema\/logo\/image\/","url":"https:\/\/buletin.de\/bucuresti\/wp-content\/uploads\/logo-bdb-full-wide-vernil-transparent.png","contentUrl":"https:\/\/buletin.de\/bucuresti\/wp-content\/uploads\/logo-bdb-full-wide-vernil-transparent.png","width":1782,"height":626,"caption":"Buletin de Bucure\u0219ti"},"image":{"@id":"https:\/\/buletin.de\/bucuresti\/#\/schema\/logo\/image\/"},"sameAs":["https:\/\/www.facebook.com\/buletin.de.buc","https:\/\/www.instagram.com\/buletinde.bucuresti\/"]},{"@type":"Person","@id":"https:\/\/buletin.de\/bucuresti\/#\/schema\/person\/a76df728dfc913795a9d90e346b253bb","name":"R\u0103zvan Chiru\u021b\u0103","image":{"@type":"ImageObject","inLanguage":"en-GB","@id":"https:\/\/buletin.de\/bucuresti\/wp-content\/uploads\/Razvan-Chiruta-96x96.jpge7143b996fd4241fbd6ee1f6b6b7b267","url":"https:\/\/buletin.de\/bucuresti\/wp-content\/uploads\/Razvan-Chiruta-96x96.jpg","contentUrl":"https:\/\/buletin.de\/bucuresti\/wp-content\/uploads\/Razvan-Chiruta-96x96.jpg","caption":"R\u0103zvan Chiru\u021b\u0103"},"description":"R\u0103zvan Chiru\u021b\u0103 este redactor-\u0219ef adjunct din iulie 2024. A fost redactor-\u0219ef al PRESShub \u00eentre 2022 \u0219i iunie 2024. Anterior, a fost redactor-\u0219ef al Newsweek Rom\u00e2nia, din 2018 p\u00e2n\u0103 \u00een 2021, \u0219i al cotidianului Rom\u00e2nia liber\u0103, \u00eentre 2015 \u0219i 2017. Este absolvent de Jurnalism, \u00een cadrul Universit\u0103\u021bii \u201eAl.I.Cuza\u201d din Ia\u0219i, \u0219i a urmat un master \u00een Managementul institu\u021biilor mass-media (f\u0103r\u0103 diserta\u021bie) la Facultatea de Jurnalism \u0219i \u0218tiin\u021bele Comunic\u0103rii din cadrul Universit\u0103\u021bii din Bucure\u0219ti. \u0218i-a \u00eenceput cariera la Opinia studen\u021beasc\u0103, cunoscuta \u0219coal\u0103 de pres\u0103 din Ia\u0219i. A lucrat \u00een presa local\u0103, apoi a devenit corespondent pentru Ia\u0219i al cotidianului Evenimentul Zilei. Din 2004, a coordonat pentru \u0219ase luni sec\u021bia de coresponden\u021bi a Evenimentului Zilei. A mai lucrat la s\u0103pt\u0103m\u00e2nalul Prezent \u0219i a colaborat cu revistele Dilema Veche \u0219i Suplimentul de Cultur\u0103. Este co-autor \u00een volumele \u201eMass-media \u0219i democra\u021bia \u00een Rom\u00e2nia post-comunist\u0103\u201d (ed. a II-a), Ed. Institutul European, Ia\u0219i, 2013, \u0219i \u201eCOVID - 19. Dimensiuni ale gestionarii pandemiei\u201d, Editura Junimea, Ia\u0219i, 2020.","url":"https:\/\/buletin.de\/bucuresti\/author\/razvan-chiruta\/"}]}},"authors":[{"term_id":22582,"user_id":60,"is_guest":0,"slug":"razvan-chiruta","display_name":"R\u0103zvan Chiru\u021b\u0103","avatar_url":"https:\/\/buletin.de\/bucuresti\/wp-content\/uploads\/Razvan-Chiruta-96x96.jpg","0":null,"1":"","2":"","3":"","4":"","5":"","6":"","7":"","8":""}],"_links":{"self":[{"href":"https:\/\/buletin.de\/bucuresti\/wp-json\/wp\/v2\/posts\/170486","targetHints":{"allow":["GET"]}}],"collection":[{"href":"https:\/\/buletin.de\/bucuresti\/wp-json\/wp\/v2\/posts"}],"about":[{"href":"https:\/\/buletin.de\/bucuresti\/wp-json\/wp\/v2\/types\/post"}],"author":[{"embeddable":true,"href":"https:\/\/buletin.de\/bucuresti\/wp-json\/wp\/v2\/users\/60"}],"replies":[{"embeddable":true,"href":"https:\/\/buletin.de\/bucuresti\/wp-json\/wp\/v2\/comments?post=170486"}],"version-history":[{"count":4,"href":"https:\/\/buletin.de\/bucuresti\/wp-json\/wp\/v2\/posts\/170486\/revisions"}],"predecessor-version":[{"id":170514,"href":"https:\/\/buletin.de\/bucuresti\/wp-json\/wp\/v2\/posts\/170486\/revisions\/170514"}],"wp:featuredmedia":[{"embeddable":true,"href":"https:\/\/buletin.de\/bucuresti\/wp-json\/wp\/v2\/media\/170505"}],"wp:attachment":[{"href":"https:\/\/buletin.de\/bucuresti\/wp-json\/wp\/v2\/media?parent=170486"}],"wp:term":[{"taxonomy":"category","embeddable":true,"href":"https:\/\/buletin.de\/bucuresti\/wp-json\/wp\/v2\/categories?post=170486"},{"taxonomy":"post_tag","embeddable":true,"href":"https:\/\/buletin.de\/bucuresti\/wp-json\/wp\/v2\/tags?post=170486"},{"taxonomy":"author","embeddable":true,"href":"https:\/\/buletin.de\/bucuresti\/wp-json\/wp\/v2\/ppma_author?post=170486"}],"curies":[{"name":"wp","href":"https:\/\/api.w.org\/{rel}","templated":true}]}}