{"id":170457,"date":"2026-01-31T06:00:00","date_gmt":"2026-01-31T03:00:00","guid":{"rendered":"https:\/\/buletin.de\/bucuresti\/?p=170457"},"modified":"2026-01-30T15:08:23","modified_gmt":"2026-01-30T12:08:23","slug":"sector-1-serviciile-locale-esentiale-reunite-in-biroul-cetateanului","status":"publish","type":"post","link":"https:\/\/buletin.de\/bucuresti\/sector-1-serviciile-locale-esentiale-reunite-in-biroul-cetateanului\/","title":{"rendered":"Sector 1 | Serviciile locale esen\u021biale, reunite \u00een Biroul Cet\u0103\u021beanului"},"content":{"rendered":"\n<p><strong>Prim\u0103ria Sectorului 1 a \u00eenfiin\u021bat, recent, Biroul Cet\u0103\u021beanului. Este situat pe strada Mure\u0219 nr. 18\u201324, la parter \u0219i reune\u0219te ghi\u0219ee pentru Taxe \u0219i Impozite, Urbanism, Poli\u021bia Local\u0103, Eviden\u021ba Persoanelor, Utilit\u0103\u021bi Publice, Salubrizare \u0219i Protec\u021bia Mediului, precum \u0219i pentru Asisten\u021b\u0103 Social\u0103.<\/strong><\/p>\n\n\n\n<h2 class=\"wp-block-heading\" id=\"h-biroul-ceta\u021beanului-lanseaza-programarile-online\"><strong>Biroul Cet\u0103\u021beanului lanseaz\u0103 program\u0103rile online<\/strong><\/h2>\n\n\n\n<p>\u00cencep\u00e2nd cu&nbsp;<strong>1 februarie 2026<\/strong>, accesul la serviciile Biroului Cet\u0103\u021beanului se va face, cu prioritate, pe baz\u0103 de programare online, prin platforma&nbsp;<a href=\"http:\/\/programare.primariasector1.ro\/\">programare.primariasector1.ro<\/a>.<\/p>\n\n\n\n<p>Programarea online permite s\u0103 alegerea serviciul dorit, ziua \u0219i intervalul orar. De asemenea, sistemul confirm\u0103 automat data \u0219i ora \u00eent\u00e2lnirii prin SMS. Persoanele care se programeaz\u0103 online vor avea prioritate la ghi\u0219ee, contribuind la reducerea timpilor de a\u0219teptare.<\/p>\n\n\n\n<p>Cei care merg \u00een strada Mure\u0219 nr. 18\u201324 f\u0103r\u0103 programare, primesc un bon de ordine, \u00eens\u0103 prioritate vor avea cei \u00eenscri\u0219i online. Sistemul de emitere a bonurilor aloc\u0103 automat primul interval disponibil, \u00een func\u021bie de tipul solicit\u0103rii.<\/p>\n\n\n\n<p>Lista serviciilor disponibile la Biroul Cet\u0103\u021beanului, pentru fiecare structur\u0103, poate fi consultat\u0103 acces\u00e2nd urm\u0103torul link:\u00a0<a href=\"https:\/\/primariasector1.ro\/biroul-cetateanului\/\">https:\/\/primariasector1.ro\/biroul-cetateanului\/<\/a><\/p>\n\n\n\n<p><strong>\u00a0CITE\u0218TE \u0218I:<\/strong> <a href=\"https:\/\/buletin.de\/bucuresti\/patinoarul-berceni-arena\/\"><strong>Competi\u021bie interna\u021bional\u0103 la patinoarul Berceni Arena, \u00een acest weekend<\/strong><\/a><\/p>\n\n\n\n<h2 class=\"wp-block-heading\" id=\"h-serviciile-de-stare-civila-raman-deocamdata-in-bd-mare\u0219al-averescu\">Serviciile de stare civil\u0103 r\u0103m\u00e2n, deocamdat\u0103, \u00een Bd. Mare\u0219al Averescu<\/h2>\n\n\n\n<p>Serviciile de stare civil\u0103 se desf\u0103\u0219oar\u0103, \u00een aceast\u0103 perioad\u0103, la sediul administrativ din Bd. Mare\u0219al Averescu nr. 17 (corpul A \u0219i corpul G). Acestea sunt:<\/p>\n\n\n\n<ul class=\"wp-block-list\">\n<li>\u00eenregistrarea na\u0219terii, c\u0103s\u0103toriei sau decesului;<\/li>\n\n\n\n<li>divor\u021bul pe cale administrativ\u0103;<\/li>\n\n\n\n<li>eliberarea certificatelor \u0219i a extraselor de stare civil\u0103;<\/li>\n\n\n\n<li>emiterea livretului de familie;<\/li>\n\n\n\n<li>schimbarea numelui de familie sau transcrierea actelor de stare civil\u0103 din str\u0103in\u0103tate.<\/li>\n<\/ul>\n\n\n\n<p>Program\u0103rile pentru emiterea actelor de identitate se realizeaz\u0103 exclusiv prin platforma Ministerului Afacerilor Interne, la adresa\u00a0<a href=\"https:\/\/hub.mai.gov.ro\/cei\/programari\/harta\" target=\"_blank\" rel=\"noreferrer noopener\">https:\/\/hub.mai.gov.ro\/cei\/programari\/harta<\/a>.<\/p>\n\n\n\n<p><strong>\u00a0CITE\u0218TE \u0218I:<\/strong> <a href=\"https:\/\/buletin.de\/bucuresti\/meciul-dintre-fcsb-si-csikszereda-ar-putea-devia-patru-linii-stb-duminica\/\"><strong>Meciul dintre FCSB \u0219i Csikszereda ar putea devia patru linii STB, duminic\u0103<\/strong><\/a><\/p>\n\n\n\n<h2 class=\"wp-block-heading\" id=\"h-program-biroul-ceta\u021beanului\">Program Biroul Cet\u0103\u021beanului<\/h2>\n\n\n\n<p>Biroul Cet\u0103\u021beanului func\u021bioneaz\u0103 de luni p\u00e2n\u0103 vineri, dup\u0103 urm\u0103torul program: <\/p>\n\n\n\n<ul class=\"wp-block-list\">\n<li>luni, mar\u021bi, miercuri \u0219i vineri \u00eentre orele 8:30\u201316:30;<\/li>\n\n\n\n<li>joi \u00eentre 8:30\u201318:30. <\/li>\n<\/ul>\n\n\n\n<p>Pentru informa\u021bii suplimentare, se poate contacta Biroul Cet\u0103\u021beanului la num\u0103rul de telefon<strong> 021\/319.10.01<\/strong> sau prin e-mail, la adresa\u00a0<a href=\"mailto:biroul.cetateanului@primarias1.ro\">biroul.cetateanului@primarias1.ro<\/a>.<\/p>\n\n\n\n<p>La sediul se poate ajunge cu urm\u0103toarele mijloacele de transport \u00een comun:<\/p>\n\n\n\n<ul class=\"wp-block-list\">\n<li>autobuzele 381, 686 \u0219i 642;<\/li>\n\n\n\n<li>troleibuzele 86, 93 \u0219i 97;<\/li>\n\n\n\n<li>metroul, linia M4, sta\u021bia 1 Mai.<\/li>\n<\/ul>\n\n\n\n<p><strong>\u00a0CITE\u0218TE \u0218I:<\/strong> <a href=\"https:\/\/buletin.de\/bucuresti\/cand-vor-circula-prin-bucuresti-noile-troleibuze-yutong-sunt-primele-aduse-din-europa\/\"><strong>C\u00e2nd vor circula prin Bucure\u0219ti noile troleibuze Yutong. Sunt primele aduse din Europa<\/strong><\/a><\/p>\n\n\n\n<p><\/p>\n","protected":false},"excerpt":{"rendered":"<p>Prim\u0103ria Sectorului 1 a \u00eenfiin\u021bat, recent, Biroul Cet\u0103\u021beanului. Este situat pe strada Mure\u0219 nr. 18\u201324, la parter \u0219i reune\u0219te ghi\u0219ee pentru Taxe \u0219i Impozite, Urbanism, Poli\u021bia Local\u0103, Eviden\u021ba Persoanelor, Utilit\u0103\u021bi Publice, Salubrizare \u0219i Protec\u021bia Mediului, precum \u0219i pentru Asisten\u021b\u0103 Social\u0103. Biroul Cet\u0103\u021beanului lanseaz\u0103 program\u0103rile online \u00cencep\u00e2nd cu&nbsp;1 februarie 2026, accesul la serviciile Biroului Cet\u0103\u021beanului se [&hellip;]<\/p>\n","protected":false},"author":49,"featured_media":170489,"comment_status":"closed","ping_status":"open","sticky":false,"template":"","format":"standard","meta":{"_acf_changed":false,"inline_featured_image":false,"ngg_post_thumbnail":0,"footnotes":""},"categories":[6994,24,62],"tags":[26128,26127,25545,26130,1987],"ppma_author":[22574],"class_list":["post-170457","post","type-post","status-publish","format-standard","has-post-thumbnail","hentry","category-stiri-2","category-primarie","category-stiri","tag-asistenta-sociala-sector-1","tag-biroul-cetateanului","tag-politia-locala-sector-1-2","tag-strada-mures-nr-18-24","tag-urbanism"],"acf":[],"yoast_head":"<!-- This site is optimized with the Yoast SEO Premium plugin v25.3 (Yoast SEO v27.5) - https:\/\/yoast.com\/product\/yoast-seo-premium-wordpress\/ -->\n<title>Sector 1 | Serviciile locale esen\u021biale, reunite \u00een Biroul Cet\u0103\u021beanului - Buletin de Bucure\u0219ti<\/title>\n<meta name=\"description\" content=\"Prim\u0103ria Sectorului 1 a \u00eenfiin\u021bat, recent, Biroul Cet\u0103\u021beanului. Este situat pe strad\u0103 Mure\u0219 nr. 18\u201324, la parter.\" \/>\n<meta name=\"robots\" content=\"index, follow, max-snippet:-1, max-image-preview:large, max-video-preview:-1\" \/>\n<link rel=\"canonical\" href=\"https:\/\/buletin.de\/bucuresti\/sector-1-serviciile-locale-esentiale-reunite-in-biroul-cetateanului\/\" \/>\n<meta property=\"og:locale\" content=\"en_GB\" \/>\n<meta property=\"og:type\" content=\"article\" \/>\n<meta property=\"og:title\" content=\"Sector 1 | Serviciile locale esen\u021biale, reunite \u00een Biroul Cet\u0103\u021beanului\" \/>\n<meta property=\"og:description\" content=\"Prim\u0103ria Sectorului 1 a \u00eenfiin\u021bat, recent, Biroul Cet\u0103\u021beanului. Este situat pe strad\u0103 Mure\u0219 nr. 18\u201324, la parter.\" \/>\n<meta property=\"og:url\" content=\"https:\/\/buletin.de\/bucuresti\/sector-1-serviciile-locale-esentiale-reunite-in-biroul-cetateanului\/\" \/>\n<meta property=\"og:site_name\" content=\"Buletin de Bucure\u0219ti\" \/>\n<meta property=\"article:publisher\" content=\"https:\/\/www.facebook.com\/buletin.de.buc\" \/>\n<meta property=\"article:published_time\" content=\"2026-01-31T03:00:00+00:00\" \/>\n<meta property=\"og:image\" content=\"https:\/\/buletin.de\/bucuresti\/wp-content\/uploads\/2026\/01\/foto_2-1024x768-1.jpeg\" \/>\n\t<meta property=\"og:image:width\" content=\"1024\" \/>\n\t<meta property=\"og:image:height\" content=\"768\" \/>\n\t<meta property=\"og:image:type\" content=\"image\/jpeg\" \/>\n<meta name=\"author\" content=\"Diana Matei\" \/>\n<meta name=\"twitter:card\" content=\"summary_large_image\" \/>\n<meta name=\"twitter:label1\" content=\"Written by\" \/>\n\t<meta name=\"twitter:data1\" content=\"Diana Matei\" \/>\n\t<meta name=\"twitter:label2\" content=\"Estimated reading time\" \/>\n\t<meta name=\"twitter:data2\" content=\"2 minutes\" \/>\n<script type=\"application\/ld+json\" class=\"yoast-schema-graph\">{\"@context\":\"https:\\\/\\\/schema.org\",\"@graph\":[{\"@type\":\"Article\",\"@id\":\"https:\\\/\\\/buletin.de\\\/bucuresti\\\/sector-1-serviciile-locale-esentiale-reunite-in-biroul-cetateanului\\\/#article\",\"isPartOf\":{\"@id\":\"https:\\\/\\\/buletin.de\\\/bucuresti\\\/sector-1-serviciile-locale-esentiale-reunite-in-biroul-cetateanului\\\/\"},\"author\":{\"name\":\"Diana Matei\",\"@id\":\"https:\\\/\\\/buletin.de\\\/bucuresti\\\/#\\\/schema\\\/person\\\/7e46040573290777280a0835d81ea4ea\"},\"headline\":\"Sector 1 | Serviciile locale esen\u021biale, reunite \u00een Biroul Cet\u0103\u021beanului\",\"datePublished\":\"2026-01-31T03:00:00+00:00\",\"mainEntityOfPage\":{\"@id\":\"https:\\\/\\\/buletin.de\\\/bucuresti\\\/sector-1-serviciile-locale-esentiale-reunite-in-biroul-cetateanului\\\/\"},\"wordCount\":419,\"publisher\":{\"@id\":\"https:\\\/\\\/buletin.de\\\/bucuresti\\\/#organization\"},\"image\":{\"@id\":\"https:\\\/\\\/buletin.de\\\/bucuresti\\\/sector-1-serviciile-locale-esentiale-reunite-in-biroul-cetateanului\\\/#primaryimage\"},\"thumbnailUrl\":\"https:\\\/\\\/buletin.de\\\/bucuresti\\\/wp-content\\\/uploads\\\/2026\\\/01\\\/foto_2-1024x768-1.jpeg\",\"keywords\":[\"Asistenta Sociala sector 1\",\"Biroul Cet\u0103\u021beanului\",\"Poli\u021bia Local\u0103 Sector 1\",\"strada Mure\u0219 nr. 18\u201324\",\"urbanism\"],\"articleSection\":[\"Articole\",\"Prim\u0103rie\",\"\u0218tiri\"],\"inLanguage\":\"en-GB\",\"copyrightYear\":\"2026\",\"copyrightHolder\":{\"@id\":\"https:\\\/\\\/buletin.de\\\/bucuresti\\\/#organization\"}},{\"@type\":\"WebPage\",\"@id\":\"https:\\\/\\\/buletin.de\\\/bucuresti\\\/sector-1-serviciile-locale-esentiale-reunite-in-biroul-cetateanului\\\/\",\"url\":\"https:\\\/\\\/buletin.de\\\/bucuresti\\\/sector-1-serviciile-locale-esentiale-reunite-in-biroul-cetateanului\\\/\",\"name\":\"Sector 1 | Serviciile locale esen\u021biale, reunite \u00een Biroul Cet\u0103\u021beanului - Buletin de Bucure\u0219ti\",\"isPartOf\":{\"@id\":\"https:\\\/\\\/buletin.de\\\/bucuresti\\\/#website\"},\"primaryImageOfPage\":{\"@id\":\"https:\\\/\\\/buletin.de\\\/bucuresti\\\/sector-1-serviciile-locale-esentiale-reunite-in-biroul-cetateanului\\\/#primaryimage\"},\"image\":{\"@id\":\"https:\\\/\\\/buletin.de\\\/bucuresti\\\/sector-1-serviciile-locale-esentiale-reunite-in-biroul-cetateanului\\\/#primaryimage\"},\"thumbnailUrl\":\"https:\\\/\\\/buletin.de\\\/bucuresti\\\/wp-content\\\/uploads\\\/2026\\\/01\\\/foto_2-1024x768-1.jpeg\",\"datePublished\":\"2026-01-31T03:00:00+00:00\",\"description\":\"Prim\u0103ria Sectorului 1 a \u00eenfiin\u021bat, recent, Biroul Cet\u0103\u021beanului. Este situat pe strad\u0103 Mure\u0219 nr. 18\u201324, la parter.\",\"breadcrumb\":{\"@id\":\"https:\\\/\\\/buletin.de\\\/bucuresti\\\/sector-1-serviciile-locale-esentiale-reunite-in-biroul-cetateanului\\\/#breadcrumb\"},\"inLanguage\":\"en-GB\",\"potentialAction\":[{\"@type\":\"ReadAction\",\"target\":[\"https:\\\/\\\/buletin.de\\\/bucuresti\\\/sector-1-serviciile-locale-esentiale-reunite-in-biroul-cetateanului\\\/\"]}]},{\"@type\":\"ImageObject\",\"inLanguage\":\"en-GB\",\"@id\":\"https:\\\/\\\/buletin.de\\\/bucuresti\\\/sector-1-serviciile-locale-esentiale-reunite-in-biroul-cetateanului\\\/#primaryimage\",\"url\":\"https:\\\/\\\/buletin.de\\\/bucuresti\\\/wp-content\\\/uploads\\\/2026\\\/01\\\/foto_2-1024x768-1.jpeg\",\"contentUrl\":\"https:\\\/\\\/buletin.de\\\/bucuresti\\\/wp-content\\\/uploads\\\/2026\\\/01\\\/foto_2-1024x768-1.jpeg\",\"width\":1024,\"height\":768,\"caption\":\"Sector 1 | Serviciile locale esen\u021biale, reunite \u00een Biroul Cet\u0103\u021beanului. FOTO: PS1\"},{\"@type\":\"BreadcrumbList\",\"@id\":\"https:\\\/\\\/buletin.de\\\/bucuresti\\\/sector-1-serviciile-locale-esentiale-reunite-in-biroul-cetateanului\\\/#breadcrumb\",\"itemListElement\":[{\"@type\":\"ListItem\",\"position\":1,\"name\":\"Acas\u0103\",\"item\":\"https:\\\/\\\/buletin.de\\\/bucuresti\\\/\"},{\"@type\":\"ListItem\",\"position\":2,\"name\":\"Sector 1 | Serviciile locale esen\u021biale, reunite \u00een Biroul Cet\u0103\u021beanului\"}]},{\"@type\":\"WebSite\",\"@id\":\"https:\\\/\\\/buletin.de\\\/bucuresti\\\/#website\",\"url\":\"https:\\\/\\\/buletin.de\\\/bucuresti\\\/\",\"name\":\"Buletin de Bucure\u0219ti\",\"description\":\"\u0218tiri \u0219i investiga\u021bii esen\u021biale din capital\u0103\",\"publisher\":{\"@id\":\"https:\\\/\\\/buletin.de\\\/bucuresti\\\/#organization\"},\"potentialAction\":[{\"@type\":\"SearchAction\",\"target\":{\"@type\":\"EntryPoint\",\"urlTemplate\":\"https:\\\/\\\/buletin.de\\\/bucuresti\\\/?s={search_term_string}\"},\"query-input\":{\"@type\":\"PropertyValueSpecification\",\"valueRequired\":true,\"valueName\":\"search_term_string\"}}],\"inLanguage\":\"en-GB\"},{\"@type\":\"Organization\",\"@id\":\"https:\\\/\\\/buletin.de\\\/bucuresti\\\/#organization\",\"name\":\"Buletin de Bucure\u0219ti\",\"url\":\"https:\\\/\\\/buletin.de\\\/bucuresti\\\/\",\"logo\":{\"@type\":\"ImageObject\",\"inLanguage\":\"en-GB\",\"@id\":\"https:\\\/\\\/buletin.de\\\/bucuresti\\\/#\\\/schema\\\/logo\\\/image\\\/\",\"url\":\"https:\\\/\\\/buletin.de\\\/bucuresti\\\/wp-content\\\/uploads\\\/logo-bdb-full-wide-vernil-transparent.png\",\"contentUrl\":\"https:\\\/\\\/buletin.de\\\/bucuresti\\\/wp-content\\\/uploads\\\/logo-bdb-full-wide-vernil-transparent.png\",\"width\":1782,\"height\":626,\"caption\":\"Buletin de Bucure\u0219ti\"},\"image\":{\"@id\":\"https:\\\/\\\/buletin.de\\\/bucuresti\\\/#\\\/schema\\\/logo\\\/image\\\/\"},\"sameAs\":[\"https:\\\/\\\/www.facebook.com\\\/buletin.de.buc\",\"https:\\\/\\\/www.instagram.com\\\/buletinde.bucuresti\\\/\"]},{\"@type\":\"Person\",\"@id\":\"https:\\\/\\\/buletin.de\\\/bucuresti\\\/#\\\/schema\\\/person\\\/7e46040573290777280a0835d81ea4ea\",\"name\":\"Diana Matei\",\"image\":{\"@type\":\"ImageObject\",\"inLanguage\":\"en-GB\",\"@id\":\"https:\\\/\\\/buletin.de\\\/bucuresti\\\/wp-content\\\/uploads\\\/9-2-96x96.jpg1e8590b30871d70e62ebcdaf2eff570c\",\"url\":\"https:\\\/\\\/buletin.de\\\/bucuresti\\\/wp-content\\\/uploads\\\/9-2-96x96.jpg\",\"contentUrl\":\"https:\\\/\\\/buletin.de\\\/bucuresti\\\/wp-content\\\/uploads\\\/9-2-96x96.jpg\",\"caption\":\"Diana Matei\"},\"url\":\"https:\\\/\\\/buletin.de\\\/bucuresti\\\/author\\\/dianamatei\\\/\"}]}<\/script>\n<!-- \/ Yoast SEO Premium plugin. -->","yoast_head_json":{"title":"Sector 1 | Serviciile locale esen\u021biale, reunite \u00een Biroul Cet\u0103\u021beanului - Buletin de Bucure\u0219ti","description":"Prim\u0103ria Sectorului 1 a \u00eenfiin\u021bat, recent, Biroul Cet\u0103\u021beanului. Este situat pe strad\u0103 Mure\u0219 nr. 18\u201324, la parter.","robots":{"index":"index","follow":"follow","max-snippet":"max-snippet:-1","max-image-preview":"max-image-preview:large","max-video-preview":"max-video-preview:-1"},"canonical":"https:\/\/buletin.de\/bucuresti\/sector-1-serviciile-locale-esentiale-reunite-in-biroul-cetateanului\/","og_locale":"en_GB","og_type":"article","og_title":"Sector 1 | Serviciile locale esen\u021biale, reunite \u00een Biroul Cet\u0103\u021beanului","og_description":"Prim\u0103ria Sectorului 1 a \u00eenfiin\u021bat, recent, Biroul Cet\u0103\u021beanului. Este situat pe strad\u0103 Mure\u0219 nr. 18\u201324, la parter.","og_url":"https:\/\/buletin.de\/bucuresti\/sector-1-serviciile-locale-esentiale-reunite-in-biroul-cetateanului\/","og_site_name":"Buletin de Bucure\u0219ti","article_publisher":"https:\/\/www.facebook.com\/buletin.de.buc","article_published_time":"2026-01-31T03:00:00+00:00","og_image":[{"width":1024,"height":768,"url":"https:\/\/buletin.de\/bucuresti\/wp-content\/uploads\/2026\/01\/foto_2-1024x768-1.jpeg","type":"image\/jpeg"}],"author":"Diana Matei","twitter_card":"summary_large_image","twitter_misc":{"Written by":"Diana Matei","Estimated reading time":"2 minutes"},"schema":{"@context":"https:\/\/schema.org","@graph":[{"@type":"Article","@id":"https:\/\/buletin.de\/bucuresti\/sector-1-serviciile-locale-esentiale-reunite-in-biroul-cetateanului\/#article","isPartOf":{"@id":"https:\/\/buletin.de\/bucuresti\/sector-1-serviciile-locale-esentiale-reunite-in-biroul-cetateanului\/"},"author":{"name":"Diana Matei","@id":"https:\/\/buletin.de\/bucuresti\/#\/schema\/person\/7e46040573290777280a0835d81ea4ea"},"headline":"Sector 1 | Serviciile locale esen\u021biale, reunite \u00een Biroul Cet\u0103\u021beanului","datePublished":"2026-01-31T03:00:00+00:00","mainEntityOfPage":{"@id":"https:\/\/buletin.de\/bucuresti\/sector-1-serviciile-locale-esentiale-reunite-in-biroul-cetateanului\/"},"wordCount":419,"publisher":{"@id":"https:\/\/buletin.de\/bucuresti\/#organization"},"image":{"@id":"https:\/\/buletin.de\/bucuresti\/sector-1-serviciile-locale-esentiale-reunite-in-biroul-cetateanului\/#primaryimage"},"thumbnailUrl":"https:\/\/buletin.de\/bucuresti\/wp-content\/uploads\/2026\/01\/foto_2-1024x768-1.jpeg","keywords":["Asistenta Sociala sector 1","Biroul Cet\u0103\u021beanului","Poli\u021bia Local\u0103 Sector 1","strada Mure\u0219 nr. 18\u201324","urbanism"],"articleSection":["Articole","Prim\u0103rie","\u0218tiri"],"inLanguage":"en-GB","copyrightYear":"2026","copyrightHolder":{"@id":"https:\/\/buletin.de\/bucuresti\/#organization"}},{"@type":"WebPage","@id":"https:\/\/buletin.de\/bucuresti\/sector-1-serviciile-locale-esentiale-reunite-in-biroul-cetateanului\/","url":"https:\/\/buletin.de\/bucuresti\/sector-1-serviciile-locale-esentiale-reunite-in-biroul-cetateanului\/","name":"Sector 1 | Serviciile locale esen\u021biale, reunite \u00een Biroul Cet\u0103\u021beanului - Buletin de Bucure\u0219ti","isPartOf":{"@id":"https:\/\/buletin.de\/bucuresti\/#website"},"primaryImageOfPage":{"@id":"https:\/\/buletin.de\/bucuresti\/sector-1-serviciile-locale-esentiale-reunite-in-biroul-cetateanului\/#primaryimage"},"image":{"@id":"https:\/\/buletin.de\/bucuresti\/sector-1-serviciile-locale-esentiale-reunite-in-biroul-cetateanului\/#primaryimage"},"thumbnailUrl":"https:\/\/buletin.de\/bucuresti\/wp-content\/uploads\/2026\/01\/foto_2-1024x768-1.jpeg","datePublished":"2026-01-31T03:00:00+00:00","description":"Prim\u0103ria Sectorului 1 a \u00eenfiin\u021bat, recent, Biroul Cet\u0103\u021beanului. Este situat pe strad\u0103 Mure\u0219 nr. 18\u201324, la parter.","breadcrumb":{"@id":"https:\/\/buletin.de\/bucuresti\/sector-1-serviciile-locale-esentiale-reunite-in-biroul-cetateanului\/#breadcrumb"},"inLanguage":"en-GB","potentialAction":[{"@type":"ReadAction","target":["https:\/\/buletin.de\/bucuresti\/sector-1-serviciile-locale-esentiale-reunite-in-biroul-cetateanului\/"]}]},{"@type":"ImageObject","inLanguage":"en-GB","@id":"https:\/\/buletin.de\/bucuresti\/sector-1-serviciile-locale-esentiale-reunite-in-biroul-cetateanului\/#primaryimage","url":"https:\/\/buletin.de\/bucuresti\/wp-content\/uploads\/2026\/01\/foto_2-1024x768-1.jpeg","contentUrl":"https:\/\/buletin.de\/bucuresti\/wp-content\/uploads\/2026\/01\/foto_2-1024x768-1.jpeg","width":1024,"height":768,"caption":"Sector 1 | Serviciile locale esen\u021biale, reunite \u00een Biroul Cet\u0103\u021beanului. FOTO: PS1"},{"@type":"BreadcrumbList","@id":"https:\/\/buletin.de\/bucuresti\/sector-1-serviciile-locale-esentiale-reunite-in-biroul-cetateanului\/#breadcrumb","itemListElement":[{"@type":"ListItem","position":1,"name":"Acas\u0103","item":"https:\/\/buletin.de\/bucuresti\/"},{"@type":"ListItem","position":2,"name":"Sector 1 | Serviciile locale esen\u021biale, reunite \u00een Biroul Cet\u0103\u021beanului"}]},{"@type":"WebSite","@id":"https:\/\/buletin.de\/bucuresti\/#website","url":"https:\/\/buletin.de\/bucuresti\/","name":"Buletin de Bucure\u0219ti","description":"\u0218tiri \u0219i investiga\u021bii esen\u021biale din capital\u0103","publisher":{"@id":"https:\/\/buletin.de\/bucuresti\/#organization"},"potentialAction":[{"@type":"SearchAction","target":{"@type":"EntryPoint","urlTemplate":"https:\/\/buletin.de\/bucuresti\/?s={search_term_string}"},"query-input":{"@type":"PropertyValueSpecification","valueRequired":true,"valueName":"search_term_string"}}],"inLanguage":"en-GB"},{"@type":"Organization","@id":"https:\/\/buletin.de\/bucuresti\/#organization","name":"Buletin de Bucure\u0219ti","url":"https:\/\/buletin.de\/bucuresti\/","logo":{"@type":"ImageObject","inLanguage":"en-GB","@id":"https:\/\/buletin.de\/bucuresti\/#\/schema\/logo\/image\/","url":"https:\/\/buletin.de\/bucuresti\/wp-content\/uploads\/logo-bdb-full-wide-vernil-transparent.png","contentUrl":"https:\/\/buletin.de\/bucuresti\/wp-content\/uploads\/logo-bdb-full-wide-vernil-transparent.png","width":1782,"height":626,"caption":"Buletin de Bucure\u0219ti"},"image":{"@id":"https:\/\/buletin.de\/bucuresti\/#\/schema\/logo\/image\/"},"sameAs":["https:\/\/www.facebook.com\/buletin.de.buc","https:\/\/www.instagram.com\/buletinde.bucuresti\/"]},{"@type":"Person","@id":"https:\/\/buletin.de\/bucuresti\/#\/schema\/person\/7e46040573290777280a0835d81ea4ea","name":"Diana Matei","image":{"@type":"ImageObject","inLanguage":"en-GB","@id":"https:\/\/buletin.de\/bucuresti\/wp-content\/uploads\/9-2-96x96.jpg1e8590b30871d70e62ebcdaf2eff570c","url":"https:\/\/buletin.de\/bucuresti\/wp-content\/uploads\/9-2-96x96.jpg","contentUrl":"https:\/\/buletin.de\/bucuresti\/wp-content\/uploads\/9-2-96x96.jpg","caption":"Diana Matei"},"url":"https:\/\/buletin.de\/bucuresti\/author\/dianamatei\/"}]}},"authors":[{"term_id":22574,"user_id":49,"is_guest":0,"slug":"dianamatei","display_name":"Diana Matei","avatar_url":"https:\/\/buletin.de\/bucuresti\/wp-content\/uploads\/9-2-96x96.jpg","0":null,"1":"","2":"","3":"","4":"","5":"","6":"","7":"","8":""}],"_links":{"self":[{"href":"https:\/\/buletin.de\/bucuresti\/wp-json\/wp\/v2\/posts\/170457","targetHints":{"allow":["GET"]}}],"collection":[{"href":"https:\/\/buletin.de\/bucuresti\/wp-json\/wp\/v2\/posts"}],"about":[{"href":"https:\/\/buletin.de\/bucuresti\/wp-json\/wp\/v2\/types\/post"}],"author":[{"embeddable":true,"href":"https:\/\/buletin.de\/bucuresti\/wp-json\/wp\/v2\/users\/49"}],"replies":[{"embeddable":true,"href":"https:\/\/buletin.de\/bucuresti\/wp-json\/wp\/v2\/comments?post=170457"}],"version-history":[{"count":1,"href":"https:\/\/buletin.de\/bucuresti\/wp-json\/wp\/v2\/posts\/170457\/revisions"}],"predecessor-version":[{"id":170496,"href":"https:\/\/buletin.de\/bucuresti\/wp-json\/wp\/v2\/posts\/170457\/revisions\/170496"}],"wp:featuredmedia":[{"embeddable":true,"href":"https:\/\/buletin.de\/bucuresti\/wp-json\/wp\/v2\/media\/170489"}],"wp:attachment":[{"href":"https:\/\/buletin.de\/bucuresti\/wp-json\/wp\/v2\/media?parent=170457"}],"wp:term":[{"taxonomy":"category","embeddable":true,"href":"https:\/\/buletin.de\/bucuresti\/wp-json\/wp\/v2\/categories?post=170457"},{"taxonomy":"post_tag","embeddable":true,"href":"https:\/\/buletin.de\/bucuresti\/wp-json\/wp\/v2\/tags?post=170457"},{"taxonomy":"author","embeddable":true,"href":"https:\/\/buletin.de\/bucuresti\/wp-json\/wp\/v2\/ppma_author?post=170457"}],"curies":[{"name":"wp","href":"https:\/\/api.w.org\/{rel}","templated":true}]}}